{"id":127772,"date":"2021-03-02T16:05:56","date_gmt":"2021-03-02T19:05:56","guid":{"rendered":"https:\/\/www.suno.com.br\/noticias\/?p=127772"},"modified":"2021-03-03T09:23:33","modified_gmt":"2021-03-03T12:23:33","slug":"smiles-minoritarios-assembleia","status":"publish","type":"post","link":"https:\/\/www.suno.com.br\/noticias\/smiles-minoritarios-assembleia\/","title":{"rendered":"Smiles (SMLS3): minorit\u00e1rios buscam unidade em assembleia contra a Gol"},"content":{"rendered":"<p>Em uma tentativa de resistir a possibilidade de incorpora\u00e7\u00e3o da <a href=\"https:\/\/www.suno.com.br\/acoes\/smls3\/\"><strong>Smiles<\/strong> (SMLS3)<\/a> pela <a href=\"https:\/\/www.suno.com.br\/acoes\/goll4\/\">Gol (GOLL4)<\/a>, os acionistas minorit\u00e1rios da companhia de milhagem buscam uma unidade para enfrentar a companhia a\u00e9rea na assembleia que deve decidir o caso e impedir que a incorpora\u00e7\u00e3o seja feita pelos termos atuais.<\/p>\t<div class=\"wrapper-featured-image\">\n\t\t<figure class=\"spotlightImg\">\n\n\t\t\t<picture>\n\t\t\t\t<source media=\"(max-width: 768px)\" srcset=\"https:\/\/files.sunoresearch.com.br\/n\/uploads\/2021\/01\/138eab3c-gol-400x200.webp\">\n\t\t\t\t<img loading=\"lazy\" decoding=\"async\" class=\"newsContent__article__imgCapa lazyloadDisabled \" src=\"https:\/\/files.sunoresearch.com.br\/n\/uploads\/2021\/01\/138eab3c-gol-800x450.webp\" width=\"800\" height=\"450\" alt=\"Smiles (SMLS3): minorit\u00e1rios buscam unidade em assembleia contra a Gol\" fetchpriority=high \/>\n\t\t\t<\/picture>\n\n\t\t\t<figcaption class=\"wp-caption-text wp-caption-text--show\">Smiles (SMLS3)<\/figcaption>\n\t\t<\/figure>\n\t<\/div>\n\n\n\t<p>\n\t\t<a href=\"https:\/\/lp.suno.com.br\/planilha-controle-gastos\/\" target=\"_blank\" data-element=\"shortcode-suno-banner\" title=\"Banner SUNO, clique e saiba mais\">\n\t\t\t<picture>\n\t\t\t\t<source media=\"(max-width: 500px)\" srcset=\"https:\/\/files.sunoresearch.com.br\/n\/uploads\/2023\/03\/400x300-Planilha-controle-de-gastos.png\">\n\t\t\t\t<img class=\"newsContent__article__imgCapa newsContent__article__imgCapa--banner\"\n\t\t\t\t\tsrc=\"https:\/\/files.sunoresearch.com.br\/n\/uploads\/2023\/03\/1420x240-Planilha-controle-de-gastos.png\"\n\t\t\t\t\tdata-promo-id=\"101751\"\t\t\t\t\t\t\t\t\t\twidth='1420' height='240'\t\t\t\t\talt=\"https:\/\/files.sunoresearch.com.br\/n\/uploads\/2023\/03\/1420x240-Planilha-controle-de-gastos.png\"\n\t\t\t\t>\n\t\t\t<\/picture>\n\t\t<\/a>\n\t<\/p>\n\n\n<p>Se a uni\u00e3o faz a for\u00e7a, o primeiro passo dessa estrat\u00e9gia \u00e9 reunir todos os interessados. Alguns minorit\u00e1rios da Smiles afirmam que a Gol comete irregularidades e ilegalidades no processo de incorpora\u00e7\u00e3o que v\u00e3o desde a falta de negocia\u00e7\u00e3o at\u00e9 erros de avalia\u00e7\u00e3o na proposta.<\/p>\n<p>Por isso, a Esh Capital protocolou um pedido p\u00fablico de procura\u00e7\u00f5es para que possa representar os pequenos acionistas da empresa na <strong><a href=\"https:\/\/www.suno.com.br\/artigos\/assembleia-geral-extraordinaria\/\">Assembleia Geral Extraordin\u00e1ria (AGE)<\/a> <\/strong>da empresa, marcada para o<a href=\"https:\/\/www.suno.com.br\/noticias\/gol-goll4-smiles-smls3-incorporacao\/\"> pr\u00f3ximo dia 15<\/a> -dando um corpo maior \u00e0s reinvindica\u00e7\u00f5es.<\/p>\n<p><a href=\"https:\/\/lp.suno.com.br\/suno-one\/\">Suno One: acesse gratuitamente eBooks, Minicursos, Artigos e V\u00eddeo Aulas sobre investimentos com um \u00fanico cadastro. Clique para saber mais!<\/a><\/p>\n<p>&#8220;A ideia do pedido p\u00fablico de procura\u00e7\u00e3o \u00e9 defender o interesse dos minorit\u00e1rios. A gente vem nessa batalha h\u00e1 cerca de um ano, desde que entramos na posi\u00e7\u00e3o, tomamos diversas medidas, desde notificar conselheiro, at\u00e9 medidas mais contundentes e acreditamos piamente de que o pre\u00e7o que est\u00e1 sendo ofertado \u00e9 muito aqu\u00e9m do valor da empresa por diversos par\u00e2metros e motivos&#8221;, disse Vladimir Timerman, gestor da Esh Capital.<\/p>\n<p>De acordo com o documento, a Gol comete irregularidades quanto a &#8221; disponibiliza\u00e7\u00e3o da documenta\u00e7\u00e3o referente \u00e0 Proposta de Reorganiza\u00e7\u00e3o \u201ccom um dia \u00fatil de anteced\u00eancia \u00e0 reuni\u00e3o (do Conselho Fiscal) que as analisou\u201d; n\u00e3o convoca\u00e7\u00e3o do Conselho Fiscal para acompanhamento da reuni\u00e3o do Conselho de Administra\u00e7\u00e3o que analisou a Proposta de Reorganiza\u00e7\u00e3o; e inconsist\u00eancias verificadas no laudo de avalia\u00e7\u00e3o, entre as quais, a ado\u00e7\u00e3o de \u201cpremissas oficiosas e n\u00e3o aquelas adotadas como oficiais pelos \u00f3rg\u00e3os de governan\u00e7a\u201d da Companhia&#8221;.<\/p>\n<p>Segundo Timerman, com as irregularidades, a Gol busca influenciar e acelerar a negocia\u00e7\u00e3o para que a incorpora\u00e7\u00e3o seja aprovada enquanto que a busca dos minorit\u00e1rios \u00e9 por uma melhor remunera\u00e7\u00e3o dentro do neg\u00f3cio, considerado injusto.<\/p>\n<p>&#8220;Queremos que os acionistas da Smiles sejam remunerados devidamente em uma eventual incorpora\u00e7\u00e3o pela Gol&#8221;, disse. A Esh Capital, por meio do fundo Samba Theta, possui cerca\u00a0 1,54% das a\u00e7\u00f5es ordin\u00e1rias da Smiles.<\/p>\n<p>A Gol se comprometeu a pagar R$ 22,32 por a\u00e7\u00e3o da Smiles. Como a companhia a\u00e9rea j\u00e1 possui cerca de 52% das a\u00e7\u00f5es, o montante aos minorit\u00e1rios seria de cerca de R$ 1,33 bilh\u00e3o -aqu\u00e9m do esperado. Pr\u00f3ximo das 13h20 (de Bras\u00edlia), o papel era cotado a R$ 19,74, queda de 4,22%.<\/p>\n<p>Mesmo com a diferen\u00e7a nos pre\u00e7os, Timerman acredita que o valor da empresa de milhagem possa alcan\u00e7ar \u00e9 muito superior ao patamar oferecido.<\/p>\n<p>&#8220;A incorpora\u00e7\u00e3o \u00e9 uma maneira de se apropriar do valor futuro da Smiles, que \u00e9 uma joia bruta, mas os controladores querem que os minorit\u00e1rios acreditem que \u00e9 um pedregulho&#8221;, afirmou.<\/p>\n<p>Para uma fonte com conhecimento do setor ouvida pelo <strong>SUNO Not\u00edcias<\/strong>, a incorpora\u00e7\u00e3o da Smiles pela Gol tende a beneficiar a companhia a\u00e9rea, business que, para muitos, n\u00e3o tem a mesma atratividade.<\/p>\n<p>&#8220;A incorpora\u00e7\u00e3o deve ajudar a Gol a trazer uma empresa rent\u00e1vel para dentro da companhia em um momento de dificuldades, dado a crise causada pelo coronav\u00edrus. Mas, para quem \u00e9 acionista da Smiles, n\u00e3o deve fazer tanto sentido sair agora ou se tornar acionista da Gol&#8221;, disse.<\/p>\n<p>A companhia a\u00e9rea, por\u00e9m, busca na assembleia dispensar a necessidade de uma <a href=\"https:\/\/www.suno.com.br\/artigos\/oferta-publica-aquisicao\/\">Oferta p\u00fablica de Aquisi\u00e7\u00e3o (Opa)<\/a>, o que daria mais celeridade ao processo. Mas, para isso, precisa que os acionistas que representem 2\/3 das a\u00e7\u00f5es em circula\u00e7\u00e3o no mercado estejam presentes. Esse \u00e9 a primeira coisa que os minorit\u00e1rios querem impedir.<\/p>\n<h2>Disputa come\u00e7ou com antecipa\u00e7\u00e3o de passagens feita pela Smiles<\/h2>\n<p>A disputa entre minorit\u00e1rios da Smiles e os controladores da empresa, representados pela Gol, teve in\u00edcio ap\u00f3s a companhia a\u00e9rea fazer um adiantamento \u00e0 companhia <a href=\"https:\/\/www.suno.com.br\/noticias\/gol-goll4-anuncia-adiantamento-de-r-12-bi-na-compra-de-passagens-pela-smiles\/\">no valor de R$ 1,2 bilh\u00e3o como venda<\/a> antecipada de passagens a\u00e9reas, em julho do ano passado.<\/p>\n\t<div data-element=\"shortcode-read-more\" class=\"knowMore\">\n\t\t\t\t<span class=\"knowMore__title\">Saiba Mais<\/span>\n\t\t\t\t<a class=\"knowMore__link\" href=\"https:\/\/www.suno.com.br\/noticias\/gol-goll4-smiles-smls3-incorporacao\/\">\n\t\t\tGol (GOLL4) convoca assembleia para incorpora\u00e7\u00e3o da Smiles em 15 de mar\u00e7o\t\t<\/a>\n\t<\/div>\n\n\n<p>O acordo tem dura\u00e7\u00e3o de tr\u00eas anos e at\u00e9 30 de junho de 2023 a companhia vai garantir a venda percentual m\u00ednimo de passagens em tarifa promocional.<\/p>\n<p>A empresa de milhas previu, com os descontos, uma economia nos pr\u00f3ximos tr\u00eas anos de R$ 85 milh\u00f5es. O saldo dos cr\u00e9ditos que n\u00e3o forem usados na compra de passagens ser\u00e3o remunerados a uma taxa correspondente a 115% do <a href=\"https:\/\/www.suno.com.br\/artigos\/cdi\/\">CDI, <\/a>&#8220;que incidir\u00e1 sobre o montante do desembolso desde a data em que for transferido \u00e0 Gol at\u00e9 a sua efetiva amortiza\u00e7\u00e3o&#8221;.<\/p>\n<p>Para os minorit\u00e1rios da Smiles, por\u00e9m, a opera\u00e7\u00e3o trouxe benef\u00edcios apenas para a Gol, que engordou o caixa em meio a pandemia causada pelo novo <strong>coronav\u00edrus (covid-19)<\/strong> e, mesmo com o retorno financeiro, demonstrou ao mercado o descompromisso da controladora com a companhia controlada.<\/p>\n<p>&#8220;O nosso trabalho sempre foi de enforce governance na companhia. A gente come\u00e7ou a agir de maneira mais contundente depois da opera\u00e7\u00e3o de R$ 1,2 bilh\u00e3o que tivemos a prerrogativa de abrir a\u00e7\u00e3o de responsabilidade contra um monte de gente, mas a dificuldade que a Gol vem tendo em fazer novas antecipa\u00e7\u00f5es mostram que esse trabalho est\u00e1 sendo bem feito&#8221;, disse Timerman.<\/p>\n<p>&#8220;A incorpora\u00e7\u00e3o \u00e9 uma maneira de se apropriar do valor futuro da Smiles, que \u00e9 uma joia bruta, mas os controladores querem que os minorit\u00e1rios acreditem que \u00e9 um pedregulho&#8221;, completou.<\/p>\n<p>S\u00f3 em janeiro, a Gol anunciou que o <a href=\"https:\/\/www.suno.com.br\/artigos\/fluxo-de-caixa\/\">consumo l\u00edquido de caixa<\/a>, excluindo o servi\u00e7o financeiro da d\u00edvida e o pagamento de passivos operacionais, na opera\u00e7\u00e3o totalizou R$ 1 milh\u00e3o por dia em janeiro e estima elevar ainda mais a queima de caixa no acumulado do primeiro trimestre de 2021.<\/p>\n<p>&#8220;Ap\u00f3s meses de recupera\u00e7\u00e3o no tr\u00e1fego dom\u00e9stico&#8221;, diz o diretor-presidente da companhia a\u00e9rea, <a href=\"https:\/\/www.suno.com.br\/tudo-sobre\/paulo-kakinoff\/\">Paulo Kakinoff<\/a>, &#8220;estamos vendo uma contra\u00e7\u00e3o na demanda de viagens devido ao crescimento do n\u00famero de casos de <strong>covid-19 no Brasil<\/strong>, combinado como aumento de restri\u00e7\u00f5es para voos internacionais.&#8221;<\/p>\n<p>J\u00e1 a Smiles <a href=\"https:\/\/www.suno.com.br\/noticias\/smiles-smls3-faturamento-total-4t20\/\">vem apresentando bons resultados<\/a>.\u00a0O <a href=\"https:\/\/www.suno.com.br\/artigos\/receita-total\/#:~:text=A%20receita%20total%20de%20uma,pela%20empresa%20em%20sua%20atividade.\"><strong>faturamento total<\/strong> <\/a>da companhia, entre outubro e dezembro do ano passado, agintiu 84% do auferido no mesmo per\u00edodo de 2019. O melhor m\u00eas da Smiles nessa base comparativa foi novembro, quando o faturamento atingiu 92%.<\/p>\n<p>O <strong>n\u00famero de sess\u00f5es<\/strong>, seja pelo site ou aplicativo, atingiram 86% do registrado no mesmo per\u00edodo de 2019. Vale ressaltar que em novembro o alcance foi de 100%. No que se refere a <strong>novos cadastros<\/strong>, um n\u00famero um pouco menor: entre outubro e dezembro, o n\u00famero de novos clientes foi 57% do mesmo per\u00edodo do ano anterior para a <strong>Smiles<\/strong>.<\/p>\n<p><span style=\"font-weight: 400;\">\t<p>\n\t\t<a href=\"https:\/\/lp.suno.com.br\/planilha-de-controle-de-investimentos\/\" target=\"_blank\" data-element=\"shortcode-suno-banner\" title=\"Banner SUNO, clique e saiba mais\">\n\t\t\t<picture>\n\t\t\t\t<source media=\"(max-width: 500px)\" srcset=\"https:\/\/files.sunoresearch.com.br\/n\/uploads\/2023\/03\/400x300-Controle-de-Investimentos.png\">\n\t\t\t\t<img class=\"newsContent__article__imgCapa newsContent__article__imgCapa--banner\"\n\t\t\t\t\tsrc=\"https:\/\/files.sunoresearch.com.br\/n\/uploads\/2023\/03\/1420x240-Controle-de-Investimentos.png\"\n\t\t\t\t\tdata-promo-id=\"75934\"\t\t\t\t\t\t\t\t\t\twidth='1420' height='240'\t\t\t\t\talt=\"https:\/\/files.sunoresearch.com.br\/n\/uploads\/2023\/03\/1420x240-Controle-de-Investimentos.png\"\n\t\t\t\t>\n\t\t\t<\/picture>\n\t\t<\/a>\n\t<\/p>\n\n<\/span><\/p>\n","protected":false},"excerpt":{"rendered":"<p>Em uma tentativa de resistir a possibilidade de incorpora\u00e7\u00e3o da Smiles (SMLS3) pela Gol (GOLL4), os acionistas minorit\u00e1rios da companhia de milhagem buscam uma unidade para enfrentar a companhia a\u00e9rea na assembleia que deve decidir o caso e impedir que a incorpora\u00e7\u00e3o seja feita pelos termos atuais. Smiles (SMLS3) Se a uni\u00e3o faz a for\u00e7a, [&hellip;]<\/p>\n","protected":false},"author":27,"featured_media":114026,"comment_status":"closed","ping_status":"closed","sticky":false,"template":"","format":"standard","meta":[],"categories":[64],"tags":[105916,105815,489,637],"suno_strategy":[],"class_list":["post-127772","post","type-post","status-publish","format-standard","has-post-thumbnail","hentry","category-negocios","tag-acionistas-minoritarios","tag-especial","tag-gol-linhas-aereas-goll11-goll4","tag-smiles-smls3"],"yoast_head":"<!-- This site is optimized with the Yoast SEO plugin v24.4 - https:\/\/yoast.com\/wordpress\/plugins\/seo\/ -->\n<title>Smiles (SMLS3): minorit\u00e1rios buscam unidade em assembleia contra a Gol<\/title>\n<meta name=\"description\" content=\"Para os minorit\u00e1rios da Smiles, o valor proposto pela Gol para incorpora\u00e7\u00e3o da empresa est\u00e1 longe do ideal. Clique aqui para ler mais sobre.\" \/>\n<meta name=\"robots\" content=\"index, follow, max-snippet:-1, max-image-preview:large, max-video-preview:-1\" \/>\n<link rel=\"canonical\" href=\"https:\/\/www.suno.com.br\/noticias\/smiles-minoritarios-assembleia\/\" \/>\n<meta property=\"og:locale\" content=\"pt_BR\" \/>\n<meta property=\"og:type\" content=\"article\" \/>\n<meta property=\"og:title\" content=\"Smiles (SMLS3): minorit\u00e1rios buscam unidade em assembleia contra a Gol\" \/>\n<meta property=\"og:description\" content=\"Para os minorit\u00e1rios da Smiles, o valor proposto pela Gol para incorpora\u00e7\u00e3o da empresa est\u00e1 longe do ideal. Clique aqui para ler mais sobre.\" \/>\n<meta property=\"og:url\" content=\"https:\/\/www.suno.com.br\/noticias\/smiles-minoritarios-assembleia\/\" \/>\n<meta property=\"og:site_name\" content=\"Suno Not\u00edcias\" \/>\n<meta property=\"article:publisher\" content=\"https:\/\/facebook.com\/sunoresearch\" \/>\n<meta property=\"og:image\" content=\"https:\/\/files.sunoresearch.com.br\/n\/uploads\/2021\/01\/138eab3c-gol.jpg\" \/>\n\t<meta property=\"og:image:width\" content=\"1024\" \/>\n\t<meta property=\"og:image:height\" content=\"682\" \/>\n\t<meta property=\"og:image:type\" content=\"image\/jpeg\" \/>\n<meta name=\"author\" content=\"Vinicius Pereira\" \/>\n<meta name=\"twitter:card\" content=\"summary_large_image\" \/>\n<meta name=\"twitter:creator\" content=\"@https:\/\/twitter.com\/viniciuspjornal\" \/>\n<meta name=\"twitter:site\" content=\"@sunoresearch\" \/>\n<meta name=\"twitter:label1\" content=\"Escrito por\" \/>\n\t<meta name=\"twitter:data1\" content=\"Vinicius Pereira\" \/>\n\t<meta name=\"twitter:label2\" content=\"Est. tempo de leitura\" \/>\n\t<meta name=\"twitter:data2\" content=\"6 minutos\" \/>\n<script type=\"application\/ld+json\" class=\"yoast-schema-graph\">{\"@context\":\"https:\/\/schema.org\",\"@graph\":[{\"@type\":\"NewsArticle\",\"@id\":\"https:\/\/www.suno.com.br\/noticias\/smiles-minoritarios-assembleia\/#article\",\"isPartOf\":{\"@id\":\"https:\/\/www.suno.com.br\/noticias\/smiles-minoritarios-assembleia\/\"},\"author\":{\"name\":\"Vinicius Pereira\",\"@id\":\"https:\/\/www.suno.com.br\/noticias\/#\/schema\/person\/a20761b96e4df7eb57f1f9e41be1dbf3\"},\"headline\":\"Smiles (SMLS3): minorit\u00e1rios buscam unidade em assembleia contra a Gol\",\"datePublished\":\"2021-03-02T19:05:56+00:00\",\"dateModified\":\"2021-03-03T12:23:33+00:00\",\"mainEntityOfPage\":{\"@id\":\"https:\/\/www.suno.com.br\/noticias\/smiles-minoritarios-assembleia\/\"},\"wordCount\":1186,\"publisher\":{\"@id\":\"https:\/\/www.suno.com.br\/noticias\/#organization\"},\"image\":{\"@id\":\"https:\/\/www.suno.com.br\/noticias\/smiles-minoritarios-assembleia\/#primaryimage\"},\"thumbnailUrl\":\"https:\/\/files.sunoresearch.com.br\/n\/uploads\/2021\/01\/138eab3c-gol-jpg.webp\",\"keywords\":[\"acionistas minorit\u00e1rios\",\"Especiais\",\"Gol Linhas A\u00e9reas (GOLL11\/GOLL4)\",\"Smiles (SMLS3)\"],\"articleSection\":[\"Neg\u00f3cios\"],\"inLanguage\":\"pt-BR\"},{\"@type\":\"WebPage\",\"@id\":\"https:\/\/www.suno.com.br\/noticias\/smiles-minoritarios-assembleia\/\",\"url\":\"https:\/\/www.suno.com.br\/noticias\/smiles-minoritarios-assembleia\/\",\"name\":\"Smiles (SMLS3): minorit\u00e1rios buscam unidade em assembleia contra a Gol\",\"isPartOf\":{\"@id\":\"https:\/\/www.suno.com.br\/noticias\/#website\"},\"primaryImageOfPage\":{\"@id\":\"https:\/\/www.suno.com.br\/noticias\/smiles-minoritarios-assembleia\/#primaryimage\"},\"image\":{\"@id\":\"https:\/\/www.suno.com.br\/noticias\/smiles-minoritarios-assembleia\/#primaryimage\"},\"thumbnailUrl\":\"https:\/\/files.sunoresearch.com.br\/n\/uploads\/2021\/01\/138eab3c-gol-jpg.webp\",\"datePublished\":\"2021-03-02T19:05:56+00:00\",\"dateModified\":\"2021-03-03T12:23:33+00:00\",\"description\":\"Para os minorit\u00e1rios da Smiles, o valor proposto pela Gol para incorpora\u00e7\u00e3o da empresa est\u00e1 longe do ideal. Clique aqui para ler mais sobre.\",\"breadcrumb\":{\"@id\":\"https:\/\/www.suno.com.br\/noticias\/smiles-minoritarios-assembleia\/#breadcrumb\"},\"inLanguage\":\"pt-BR\",\"potentialAction\":[{\"@type\":\"ReadAction\",\"target\":[\"https:\/\/www.suno.com.br\/noticias\/smiles-minoritarios-assembleia\/\"]}]},{\"@type\":\"ImageObject\",\"inLanguage\":\"pt-BR\",\"@id\":\"https:\/\/www.suno.com.br\/noticias\/smiles-minoritarios-assembleia\/#primaryimage\",\"url\":\"https:\/\/files.sunoresearch.com.br\/n\/uploads\/2021\/01\/138eab3c-gol-jpg.webp\",\"contentUrl\":\"https:\/\/files.sunoresearch.com.br\/n\/uploads\/2021\/01\/138eab3c-gol-jpg.webp\",\"width\":1024,\"height\":682,\"caption\":\"Smiles (SMLS3)\"},{\"@type\":\"BreadcrumbList\",\"@id\":\"https:\/\/www.suno.com.br\/noticias\/smiles-minoritarios-assembleia\/#breadcrumb\",\"itemListElement\":[{\"@type\":\"ListItem\",\"position\":1,\"name\":\"Not\u00edcias\",\"item\":\"https:\/\/www.suno.com.br\/noticias\/\"},{\"@type\":\"ListItem\",\"position\":2,\"name\":\"Neg\u00f3cios\",\"item\":\"https:\/\/www.suno.com.br\/noticias\/negocios\/\"},{\"@type\":\"ListItem\",\"position\":3,\"name\":\"Smiles (SMLS3): minorit\u00e1rios buscam unidade em assembleia contra a Gol\"}]},{\"@type\":\"WebSite\",\"@id\":\"https:\/\/www.suno.com.br\/noticias\/#website\",\"url\":\"https:\/\/www.suno.com.br\/noticias\/\",\"name\":\"Suno Not\u00edcias\",\"description\":\"Seu portal de informa\u00e7\u00e3o sobre o mundo dos investimentos\",\"publisher\":{\"@id\":\"https:\/\/www.suno.com.br\/noticias\/#organization\"},\"potentialAction\":[{\"@type\":\"SearchAction\",\"target\":{\"@type\":\"EntryPoint\",\"urlTemplate\":\"https:\/\/www.suno.com.br\/noticias\/?s={search_term_string}\"},\"query-input\":{\"@type\":\"PropertyValueSpecification\",\"valueRequired\":true,\"valueName\":\"search_term_string\"}}],\"inLanguage\":\"pt-BR\"},{\"@type\":\"Organization\",\"@id\":\"https:\/\/www.suno.com.br\/noticias\/#organization\",\"name\":\"Suno Not\u00edcias\",\"url\":\"https:\/\/www.suno.com.br\/noticias\/\",\"logo\":{\"@type\":\"ImageObject\",\"inLanguage\":\"pt-BR\",\"@id\":\"https:\/\/www.suno.com.br\/noticias\/#\/schema\/logo\/image\/\",\"url\":\"https:\/\/files.sunoresearch.com.br\/n\/uploads\/2021\/09\/suno-logo.png\",\"contentUrl\":\"https:\/\/files.sunoresearch.com.br\/n\/uploads\/2021\/09\/suno-logo.png\",\"width\":180,\"height\":180,\"caption\":\"Suno Not\u00edcias\"},\"image\":{\"@id\":\"https:\/\/www.suno.com.br\/noticias\/#\/schema\/logo\/image\/\"},\"sameAs\":[\"https:\/\/facebook.com\/sunoresearch\",\"https:\/\/x.com\/sunoresearch\",\"https:\/\/www.instagram.com\/suno\",\"https:\/\/www.linkedin.com\/company\/suno-research\/\",\"https:\/\/www.youtube.com\/c\/sunoresearch\"]},{\"@type\":\"Person\",\"@id\":\"https:\/\/www.suno.com.br\/noticias\/#\/schema\/person\/a20761b96e4df7eb57f1f9e41be1dbf3\",\"name\":\"Vinicius Pereira\",\"image\":{\"@type\":\"ImageObject\",\"inLanguage\":\"pt-BR\",\"@id\":\"https:\/\/www.suno.com.br\/noticias\/#\/schema\/person\/image\/\",\"url\":\"https:\/\/secure.gravatar.com\/avatar\/783866b933198f5cc4c5d03fcc8b1301?s=96&r=g\",\"contentUrl\":\"https:\/\/secure.gravatar.com\/avatar\/783866b933198f5cc4c5d03fcc8b1301?s=96&r=g\",\"caption\":\"Vinicius Pereira\"},\"description\":\"Vinicius Pereira foi rep\u00f3rter de economia da Folha de S.Paulo, stringer do jornal no Canad\u00e1 e colaborador de VEJA. J\u00e1 escreveu tamb\u00e9m para BBC Brasil, The Intercept Brasil e UOL. Tem MBA em Informa\u00e7\u00f5es Econ\u00f4mico-Financeiras e Mercado de Capitais pela FIA\/B3.\",\"sameAs\":[\"https:\/\/x.com\/https:\/\/twitter.com\/viniciuspjornal\"],\"url\":\"https:\/\/www.suno.com.br\/noticias\/author\/vinicius-pereira\/\"}]}<\/script>\n<!-- \/ Yoast SEO plugin. -->","yoast_head_json":{"title":"Smiles (SMLS3): minorit\u00e1rios buscam unidade em assembleia contra a Gol","description":"Para os minorit\u00e1rios da Smiles, o valor proposto pela Gol para incorpora\u00e7\u00e3o da empresa est\u00e1 longe do ideal. Clique aqui para ler mais sobre.","robots":{"index":"index","follow":"follow","max-snippet":"max-snippet:-1","max-image-preview":"max-image-preview:large","max-video-preview":"max-video-preview:-1"},"canonical":"https:\/\/www.suno.com.br\/noticias\/smiles-minoritarios-assembleia\/","og_locale":"pt_BR","og_type":"article","og_title":"Smiles (SMLS3): minorit\u00e1rios buscam unidade em assembleia contra a Gol","og_description":"Para os minorit\u00e1rios da Smiles, o valor proposto pela Gol para incorpora\u00e7\u00e3o da empresa est\u00e1 longe do ideal. Clique aqui para ler mais sobre.","og_url":"https:\/\/www.suno.com.br\/noticias\/smiles-minoritarios-assembleia\/","og_site_name":"Suno Not\u00edcias","article_publisher":"https:\/\/facebook.com\/sunoresearch","og_image":[{"width":1024,"height":682,"url":"https:\/\/files.sunoresearch.com.br\/n\/uploads\/2021\/01\/138eab3c-gol.jpg","type":"image\/jpeg"}],"author":"Vinicius Pereira","twitter_card":"summary_large_image","twitter_creator":"@https:\/\/twitter.com\/viniciuspjornal","twitter_site":"@sunoresearch","twitter_misc":{"Escrito por":"Vinicius Pereira","Est. tempo de leitura":"6 minutos"},"schema":{"@context":"https:\/\/schema.org","@graph":[{"@type":"NewsArticle","@id":"https:\/\/www.suno.com.br\/noticias\/smiles-minoritarios-assembleia\/#article","isPartOf":{"@id":"https:\/\/www.suno.com.br\/noticias\/smiles-minoritarios-assembleia\/"},"author":{"name":"Vinicius Pereira","@id":"https:\/\/www.suno.com.br\/noticias\/#\/schema\/person\/a20761b96e4df7eb57f1f9e41be1dbf3"},"headline":"Smiles (SMLS3): minorit\u00e1rios buscam unidade em assembleia contra a Gol","datePublished":"2021-03-02T19:05:56+00:00","dateModified":"2021-03-03T12:23:33+00:00","mainEntityOfPage":{"@id":"https:\/\/www.suno.com.br\/noticias\/smiles-minoritarios-assembleia\/"},"wordCount":1186,"publisher":{"@id":"https:\/\/www.suno.com.br\/noticias\/#organization"},"image":{"@id":"https:\/\/www.suno.com.br\/noticias\/smiles-minoritarios-assembleia\/#primaryimage"},"thumbnailUrl":"https:\/\/files.sunoresearch.com.br\/n\/uploads\/2021\/01\/138eab3c-gol-jpg.webp","keywords":["acionistas minorit\u00e1rios","Especiais","Gol Linhas A\u00e9reas (GOLL11\/GOLL4)","Smiles (SMLS3)"],"articleSection":["Neg\u00f3cios"],"inLanguage":"pt-BR"},{"@type":"WebPage","@id":"https:\/\/www.suno.com.br\/noticias\/smiles-minoritarios-assembleia\/","url":"https:\/\/www.suno.com.br\/noticias\/smiles-minoritarios-assembleia\/","name":"Smiles (SMLS3): minorit\u00e1rios buscam unidade em assembleia contra a Gol","isPartOf":{"@id":"https:\/\/www.suno.com.br\/noticias\/#website"},"primaryImageOfPage":{"@id":"https:\/\/www.suno.com.br\/noticias\/smiles-minoritarios-assembleia\/#primaryimage"},"image":{"@id":"https:\/\/www.suno.com.br\/noticias\/smiles-minoritarios-assembleia\/#primaryimage"},"thumbnailUrl":"https:\/\/files.sunoresearch.com.br\/n\/uploads\/2021\/01\/138eab3c-gol-jpg.webp","datePublished":"2021-03-02T19:05:56+00:00","dateModified":"2021-03-03T12:23:33+00:00","description":"Para os minorit\u00e1rios da Smiles, o valor proposto pela Gol para incorpora\u00e7\u00e3o da empresa est\u00e1 longe do ideal. Clique aqui para ler mais sobre.","breadcrumb":{"@id":"https:\/\/www.suno.com.br\/noticias\/smiles-minoritarios-assembleia\/#breadcrumb"},"inLanguage":"pt-BR","potentialAction":[{"@type":"ReadAction","target":["https:\/\/www.suno.com.br\/noticias\/smiles-minoritarios-assembleia\/"]}]},{"@type":"ImageObject","inLanguage":"pt-BR","@id":"https:\/\/www.suno.com.br\/noticias\/smiles-minoritarios-assembleia\/#primaryimage","url":"https:\/\/files.sunoresearch.com.br\/n\/uploads\/2021\/01\/138eab3c-gol-jpg.webp","contentUrl":"https:\/\/files.sunoresearch.com.br\/n\/uploads\/2021\/01\/138eab3c-gol-jpg.webp","width":1024,"height":682,"caption":"Smiles (SMLS3)"},{"@type":"BreadcrumbList","@id":"https:\/\/www.suno.com.br\/noticias\/smiles-minoritarios-assembleia\/#breadcrumb","itemListElement":[{"@type":"ListItem","position":1,"name":"Not\u00edcias","item":"https:\/\/www.suno.com.br\/noticias\/"},{"@type":"ListItem","position":2,"name":"Neg\u00f3cios","item":"https:\/\/www.suno.com.br\/noticias\/negocios\/"},{"@type":"ListItem","position":3,"name":"Smiles (SMLS3): minorit\u00e1rios buscam unidade em assembleia contra a Gol"}]},{"@type":"WebSite","@id":"https:\/\/www.suno.com.br\/noticias\/#website","url":"https:\/\/www.suno.com.br\/noticias\/","name":"Suno Not\u00edcias","description":"Seu portal de informa\u00e7\u00e3o sobre o mundo dos investimentos","publisher":{"@id":"https:\/\/www.suno.com.br\/noticias\/#organization"},"potentialAction":[{"@type":"SearchAction","target":{"@type":"EntryPoint","urlTemplate":"https:\/\/www.suno.com.br\/noticias\/?s={search_term_string}"},"query-input":{"@type":"PropertyValueSpecification","valueRequired":true,"valueName":"search_term_string"}}],"inLanguage":"pt-BR"},{"@type":"Organization","@id":"https:\/\/www.suno.com.br\/noticias\/#organization","name":"Suno Not\u00edcias","url":"https:\/\/www.suno.com.br\/noticias\/","logo":{"@type":"ImageObject","inLanguage":"pt-BR","@id":"https:\/\/www.suno.com.br\/noticias\/#\/schema\/logo\/image\/","url":"https:\/\/files.sunoresearch.com.br\/n\/uploads\/2021\/09\/suno-logo.png","contentUrl":"https:\/\/files.sunoresearch.com.br\/n\/uploads\/2021\/09\/suno-logo.png","width":180,"height":180,"caption":"Suno Not\u00edcias"},"image":{"@id":"https:\/\/www.suno.com.br\/noticias\/#\/schema\/logo\/image\/"},"sameAs":["https:\/\/facebook.com\/sunoresearch","https:\/\/x.com\/sunoresearch","https:\/\/www.instagram.com\/suno","https:\/\/www.linkedin.com\/company\/suno-research\/","https:\/\/www.youtube.com\/c\/sunoresearch"]},{"@type":"Person","@id":"https:\/\/www.suno.com.br\/noticias\/#\/schema\/person\/a20761b96e4df7eb57f1f9e41be1dbf3","name":"Vinicius Pereira","image":{"@type":"ImageObject","inLanguage":"pt-BR","@id":"https:\/\/www.suno.com.br\/noticias\/#\/schema\/person\/image\/","url":"https:\/\/secure.gravatar.com\/avatar\/783866b933198f5cc4c5d03fcc8b1301?s=96&r=g","contentUrl":"https:\/\/secure.gravatar.com\/avatar\/783866b933198f5cc4c5d03fcc8b1301?s=96&r=g","caption":"Vinicius Pereira"},"description":"Vinicius Pereira foi rep\u00f3rter de economia da Folha de S.Paulo, stringer do jornal no Canad\u00e1 e colaborador de VEJA. J\u00e1 escreveu tamb\u00e9m para BBC Brasil, The Intercept Brasil e UOL. Tem MBA em Informa\u00e7\u00f5es Econ\u00f4mico-Financeiras e Mercado de Capitais pela FIA\/B3.","sameAs":["https:\/\/x.com\/https:\/\/twitter.com\/viniciuspjornal"],"url":"https:\/\/www.suno.com.br\/noticias\/author\/vinicius-pereira\/"}]}},"default_loop_html":"<div class=\"cardsPage__listCard__boxs\"><div class=\"cardsPage__listCard__boxs__img\"><a href=\"https:\/\/www.suno.com.br\/noticias\/smiles-minoritarios-assembleia\/\"><img class=\"mask\" src=\"https:\/\/www.suno.com.br\/noticias\/wp-content\/themes\/suno\/resources\/images\/spotlight\/spotlight1img\/bg-mask.png\" alt=\"Image Mask\"\/><img src=\"https:\/\/files.sunoresearch.com.br\/n\/uploads\/2021\/01\/138eab3c-gol-400x200.webp\" alt=\"Smiles (SMLS3): minorit\u00e1rios buscam unidade em assembleia contra a Gol\"\/><\/a><span class=\"spotlightCategory\"><a href=\"https:\/\/www.suno.com.br\/noticias\/negocios\/\">Neg\u00f3cios<\/a><\/span><\/div><div class=\"cardsPage__listCard__boxs__content\"><a href=\"https:\/\/www.suno.com.br\/noticias\/smiles-minoritarios-assembleia\/\"><h2 class=\"content__title\">Smiles (SMLS3): minorit\u00e1rios buscam unidade em assembleia contra a Gol<\/h2><\/a><div class=\"newsContent__article__meta\"><div class=\"newsContent__article__meta__authorBox\"><a href=\"https:\/\/www.suno.com.br\/noticias\/author\/vinicius-pereira\/\" class=\"authorBox__avatar noMobi\"><img src=\"https:\/\/files.sunoresearch.com.br\/n\/uploads\/2020\/08\/77510613-whatsapp-image-2020-08-03-at-13.40.40-150x150.webp\" alt=\"Vinicius Pereira\"><\/a><div class=\"authorBox__name\"><span>por\n\t\t\t<a href=\"https:\/\/www.suno.com.br\/noticias\/author\/vinicius-pereira\/\"><span itemprop=\"author\">Vinicius Pereira<\/span><\/a><\/span><time datetime=\"2021-03-02T16:05:56-03:00\" itemprop=\"datePublished\">02\/03\/2021 16:05<\/time><\/div><\/div><\/div><\/div><\/div>","single_layout":"posts","amp_enabled":true,"_links":{"self":[{"href":"https:\/\/www.suno.com.br\/noticias\/wp-json\/wp\/v2\/posts\/127772"}],"collection":[{"href":"https:\/\/www.suno.com.br\/noticias\/wp-json\/wp\/v2\/posts"}],"about":[{"href":"https:\/\/www.suno.com.br\/noticias\/wp-json\/wp\/v2\/types\/post"}],"author":[{"embeddable":true,"href":"https:\/\/www.suno.com.br\/noticias\/wp-json\/wp\/v2\/users\/27"}],"replies":[{"embeddable":true,"href":"https:\/\/www.suno.com.br\/noticias\/wp-json\/wp\/v2\/comments?post=127772"}],"version-history":[{"count":8,"href":"https:\/\/www.suno.com.br\/noticias\/wp-json\/wp\/v2\/posts\/127772\/revisions"}],"predecessor-version":[{"id":128175,"href":"https:\/\/www.suno.com.br\/noticias\/wp-json\/wp\/v2\/posts\/127772\/revisions\/128175"}],"wp:featuredmedia":[{"embeddable":true,"href":"https:\/\/www.suno.com.br\/noticias\/wp-json\/wp\/v2\/media\/114026"}],"wp:attachment":[{"href":"https:\/\/www.suno.com.br\/noticias\/wp-json\/wp\/v2\/media?parent=127772"}],"wp:term":[{"taxonomy":"category","embeddable":true,"href":"https:\/\/www.suno.com.br\/noticias\/wp-json\/wp\/v2\/categories?post=127772"},{"taxonomy":"post_tag","embeddable":true,"href":"https:\/\/www.suno.com.br\/noticias\/wp-json\/wp\/v2\/tags?post=127772"},{"taxonomy":"suno_strategy","embeddable":true,"href":"https:\/\/www.suno.com.br\/noticias\/wp-json\/wp\/v2\/suno_strategy?post=127772"}],"curies":[{"name":"wp","href":"https:\/\/api.w.org\/{rel}","templated":true}]}}