{"id":12766,"date":"2019-01-23T13:09:27","date_gmt":"2019-01-23T15:09:27","guid":{"rendered":"https:\/\/www.suno.com.br\/noticias\/?p=12766"},"modified":"2019-01-23T13:54:58","modified_gmt":"2019-01-23T15:54:58","slug":"bolsonaro-cancela-coletiva-atitude-imprensa","status":"publish","type":"post","link":"https:\/\/www.suno.com.br\/noticias\/bolsonaro-cancela-coletiva-atitude-imprensa\/","title":{"rendered":"Bolsonaro cancela coletiva por &#8216;atitude anti-profissional da imprensa&#8217;"},"content":{"rendered":"<p>O presidente Jair Bolsonaro cancelou repentinamente uma entrevista coletiva que daria a jornalistas nesta quarta (23) no F\u00f3rum Econ\u00f4mico Mundial, em Davos, na Su\u00ed\u00e7a. Sua assessoria alegou que o cancelamento se deu em raz\u00e3o de\u00a0&#8220;comportamento anti-profissional da imprensa&#8221; no evento.<\/p>\t<div class=\"wrapper-featured-image\">\n\t\t<figure class=\"spotlightImg\">\n\n\t\t\t<picture>\n\t\t\t\t<source media=\"(max-width: 768px)\" srcset=\"https:\/\/files.sunoresearch.com.br\/n\/uploads\/2019\/01\/4fe20758-bolsonaro-davos-400x200.webp\">\n\t\t\t\t<img loading=\"lazy\" decoding=\"async\" class=\"newsContent__article__imgCapa lazyloadDisabled newsContent__article__imgCapa--noCaption\" src=\"https:\/\/files.sunoresearch.com.br\/n\/uploads\/2019\/01\/4fe20758-bolsonaro-davos-800x450.webp\" width=\"800\" height=\"450\" alt=\"Bolsonaro cancela coletiva por &#8216;atitude anti-profissional da imprensa&#8217;\" fetchpriority=high \/>\n\t\t\t<\/picture>\n\n\t\t\t<figcaption class=\"wp-caption-text wp-caption-text--hide\">O presidente Jair Bolsonaro discursando em Davos<\/figcaption>\n\t\t<\/figure>\n\t<\/div>\n\n\n<p>A equipe do <strong>F\u00f3rum Econ\u00f4mico Mundial<\/strong> foi pega de surpresa e ainda tentava entender o ocorrido.\u00a0Jornalistas brasileiros e estrangeiros j\u00e1 estavam \u00e0 espera de <strong>Bolsonaro<\/strong> no local preparado para a coletiva.<\/p>\n<p>Momentos antes, <strong>Jair Bolsonaro<\/strong> havia se reunido com o presidente da Su\u00ed\u00e7a, <strong>Ueli Mauer<\/strong>, e com o ex-premi\u00ea brit\u00e2nico <strong>Tony Blair<\/strong> ap\u00f3s o almo\u00e7o. Em vez de ir \u00e0 coletiva, ele tomou o caminho de volta para o hotel sem avisar a organiza\u00e7\u00e3o do encontro.<\/p>\n<p><a href=\"https:\/\/www.suno.com.br\/noticias\/bolsonaro-forum-economico-mundial-davos\/\">Saiba mais: F\u00f3rum Econ\u00f4mico Mundial: Confira na \u00edntegra discurso de Bolsonaro<\/a><\/p>\n<p>O presidente falaria com jornalistas junto do ministro da Economia, <strong>Paulo Guedes<\/strong>, e do ministro da Justi\u00e7a e Seguran\u00e7a P\u00fablica, <strong>Sergio Moro<\/strong>. Nenhum deles compareceu, pela mesma justificativa.<\/p>\n<p>A assessoria de imprensa do Pal\u00e1cio do Planalto, no entanto, deu outra explica\u00e7\u00e3o para o cancelamento de \u00faltima hora de Bolsonaro. Ela disse que &#8220;a\u00a0agenda intensa o obrigou a voltar para o hotel e descansar um pouco\u201d. O Planalto negou que a coletiva tenha sido cancelada por causa de comportamentos inapropriados da imprensa.<\/p>\n<p>\u00c9 incomum que um chefe de Estado n\u00e3o d\u00ea entrevista coletiva no <strong>F\u00f3rum Econ\u00f4mico Mundial<\/strong>. O evento \u00e9 considerado uma vitrine para investidores de todo o mundo.<\/p>\n<h2>Questionamentos envolvendo Fl\u00e1vio Bolsonaro<\/h2>\n<p>Na manh\u00e3 desta quarta (23), <strong>Bolsonaro<\/strong> afirmou \u00e0 ag\u00eancia Bloomberg que caso seu filho <strong>Fl\u00e1vio Bolsonaro<\/strong> fosse culpado no caso envolvendo movimenta\u00e7\u00f5es suspeitas em sua conta, ele pagaria por isso. A imprensa brasileira tem, desde ent\u00e3o, tentado falar com o presidente sobre o caso.<\/p>\n","protected":false},"excerpt":{"rendered":"<p>O presidente Jair Bolsonaro cancelou repentinamente uma entrevista coletiva que daria a jornalistas nesta quarta (23) no F\u00f3rum Econ\u00f4mico Mundial, em Davos, na Su\u00ed\u00e7a. Sua assessoria alegou que o cancelamento se deu em raz\u00e3o de\u00a0&#8220;comportamento anti-profissional da imprensa&#8221; no evento. O presidente Jair Bolsonaro discursando em Davos A equipe do F\u00f3rum Econ\u00f4mico Mundial foi pega [&hellip;]<\/p>\n","protected":false},"author":13,"featured_media":12687,"comment_status":"closed","ping_status":"closed","sticky":false,"template":"","format":"standard","meta":[],"categories":[63],"tags":[972,961,719],"suno_strategy":[],"class_list":["post-12766","post","type-post","status-publish","format-standard","has-post-thumbnail","hentry","category-internacional","tag-davos","tag-forum-economico-mundial","tag-jair-bolsonaro"],"yoast_head":"<!-- This site is optimized with the Yoast SEO plugin v24.4 - https:\/\/yoast.com\/wordpress\/plugins\/seo\/ -->\n<title>Bolsonaro cancela coletiva por &#039;atitude anti-profissional da imprensa&#039;<\/title>\n<meta name=\"description\" content=\"Alegando &quot;comportamento anti-profissional da imprensa&quot;, Bolsonaro cancelou coletiva que daria a jornalistas em Davos. Clique e saiba+\" \/>\n<meta name=\"robots\" content=\"index, follow, max-snippet:-1, max-image-preview:large, max-video-preview:-1\" \/>\n<link rel=\"canonical\" href=\"https:\/\/www.suno.com.br\/noticias\/bolsonaro-cancela-coletiva-atitude-imprensa\/\" \/>\n<meta property=\"og:locale\" content=\"pt_BR\" \/>\n<meta property=\"og:type\" content=\"article\" \/>\n<meta property=\"og:title\" content=\"Bolsonaro cancela coletiva por &#039;atitude anti-profissional da imprensa&#039;\" \/>\n<meta property=\"og:description\" content=\"Alegando &quot;comportamento anti-profissional da imprensa&quot;, Bolsonaro cancelou coletiva que daria a jornalistas em Davos. Clique e saiba+\" \/>\n<meta property=\"og:url\" content=\"https:\/\/www.suno.com.br\/noticias\/bolsonaro-cancela-coletiva-atitude-imprensa\/\" \/>\n<meta property=\"og:site_name\" content=\"Suno Not\u00edcias\" \/>\n<meta property=\"article:publisher\" content=\"https:\/\/facebook.com\/sunoresearch\" \/>\n<meta property=\"og:image\" content=\"https:\/\/files.sunoresearch.com.br\/n\/uploads\/2019\/01\/4fe20758-bolsonaro-davos.jpg\" \/>\n\t<meta property=\"og:image:width\" content=\"1280\" \/>\n\t<meta property=\"og:image:height\" content=\"720\" \/>\n\t<meta property=\"og:image:type\" content=\"image\/jpeg\" \/>\n<meta name=\"author\" content=\"Guilherme Caetano\" \/>\n<meta name=\"twitter:card\" content=\"summary_large_image\" \/>\n<meta name=\"twitter:creator\" content=\"@sunoresearch\" \/>\n<meta name=\"twitter:site\" content=\"@sunoresearch\" \/>\n<meta name=\"twitter:label1\" content=\"Escrito por\" \/>\n\t<meta name=\"twitter:data1\" content=\"Guilherme Caetano\" \/>\n\t<meta name=\"twitter:label2\" content=\"Est. tempo de leitura\" \/>\n\t<meta name=\"twitter:data2\" content=\"2 minutos\" \/>\n<script type=\"application\/ld+json\" class=\"yoast-schema-graph\">{\"@context\":\"https:\/\/schema.org\",\"@graph\":[{\"@type\":\"NewsArticle\",\"@id\":\"https:\/\/www.suno.com.br\/noticias\/bolsonaro-cancela-coletiva-atitude-imprensa\/#article\",\"isPartOf\":{\"@id\":\"https:\/\/www.suno.com.br\/noticias\/bolsonaro-cancela-coletiva-atitude-imprensa\/\"},\"author\":{\"name\":\"Guilherme Caetano\",\"@id\":\"https:\/\/www.suno.com.br\/noticias\/#\/schema\/person\/0d0c9687cd2f600c564f25980c140de9\"},\"headline\":\"Bolsonaro cancela coletiva por &#8216;atitude anti-profissional da imprensa&#8217;\",\"datePublished\":\"2019-01-23T15:09:27+00:00\",\"dateModified\":\"2019-01-23T15:54:58+00:00\",\"mainEntityOfPage\":{\"@id\":\"https:\/\/www.suno.com.br\/noticias\/bolsonaro-cancela-coletiva-atitude-imprensa\/\"},\"wordCount\":313,\"publisher\":{\"@id\":\"https:\/\/www.suno.com.br\/noticias\/#organization\"},\"image\":{\"@id\":\"https:\/\/www.suno.com.br\/noticias\/bolsonaro-cancela-coletiva-atitude-imprensa\/#primaryimage\"},\"thumbnailUrl\":\"https:\/\/files.sunoresearch.com.br\/n\/uploads\/2019\/01\/4fe20758-bolsonaro-davos-jpg.webp\",\"keywords\":[\"Davos\",\"F\u00f3rum Econ\u00f4mico Mundial\",\"Jair Bolsonaro\"],\"articleSection\":[\"Internacional\"],\"inLanguage\":\"pt-BR\"},{\"@type\":\"WebPage\",\"@id\":\"https:\/\/www.suno.com.br\/noticias\/bolsonaro-cancela-coletiva-atitude-imprensa\/\",\"url\":\"https:\/\/www.suno.com.br\/noticias\/bolsonaro-cancela-coletiva-atitude-imprensa\/\",\"name\":\"Bolsonaro cancela coletiva por 'atitude anti-profissional da imprensa'\",\"isPartOf\":{\"@id\":\"https:\/\/www.suno.com.br\/noticias\/#website\"},\"primaryImageOfPage\":{\"@id\":\"https:\/\/www.suno.com.br\/noticias\/bolsonaro-cancela-coletiva-atitude-imprensa\/#primaryimage\"},\"image\":{\"@id\":\"https:\/\/www.suno.com.br\/noticias\/bolsonaro-cancela-coletiva-atitude-imprensa\/#primaryimage\"},\"thumbnailUrl\":\"https:\/\/files.sunoresearch.com.br\/n\/uploads\/2019\/01\/4fe20758-bolsonaro-davos-jpg.webp\",\"datePublished\":\"2019-01-23T15:09:27+00:00\",\"dateModified\":\"2019-01-23T15:54:58+00:00\",\"description\":\"Alegando \\\"comportamento anti-profissional da imprensa\\\", Bolsonaro cancelou coletiva que daria a jornalistas em Davos. Clique e saiba+\",\"breadcrumb\":{\"@id\":\"https:\/\/www.suno.com.br\/noticias\/bolsonaro-cancela-coletiva-atitude-imprensa\/#breadcrumb\"},\"inLanguage\":\"pt-BR\",\"potentialAction\":[{\"@type\":\"ReadAction\",\"target\":[\"https:\/\/www.suno.com.br\/noticias\/bolsonaro-cancela-coletiva-atitude-imprensa\/\"]}]},{\"@type\":\"ImageObject\",\"inLanguage\":\"pt-BR\",\"@id\":\"https:\/\/www.suno.com.br\/noticias\/bolsonaro-cancela-coletiva-atitude-imprensa\/#primaryimage\",\"url\":\"https:\/\/files.sunoresearch.com.br\/n\/uploads\/2019\/01\/4fe20758-bolsonaro-davos-jpg.webp\",\"contentUrl\":\"https:\/\/files.sunoresearch.com.br\/n\/uploads\/2019\/01\/4fe20758-bolsonaro-davos-jpg.webp\",\"width\":1280,\"height\":720,\"caption\":\"O presidente Jair Bolsonaro discursando em Davos\"},{\"@type\":\"BreadcrumbList\",\"@id\":\"https:\/\/www.suno.com.br\/noticias\/bolsonaro-cancela-coletiva-atitude-imprensa\/#breadcrumb\",\"itemListElement\":[{\"@type\":\"ListItem\",\"position\":1,\"name\":\"Not\u00edcias\",\"item\":\"https:\/\/www.suno.com.br\/noticias\/\"},{\"@type\":\"ListItem\",\"position\":2,\"name\":\"Internacional\",\"item\":\"https:\/\/www.suno.com.br\/noticias\/internacional\/\"},{\"@type\":\"ListItem\",\"position\":3,\"name\":\"Bolsonaro cancela coletiva por &#8216;atitude anti-profissional da imprensa&#8217;\"}]},{\"@type\":\"WebSite\",\"@id\":\"https:\/\/www.suno.com.br\/noticias\/#website\",\"url\":\"https:\/\/www.suno.com.br\/noticias\/\",\"name\":\"Suno Not\u00edcias\",\"description\":\"Seu portal de informa\u00e7\u00e3o sobre o mundo dos investimentos\",\"publisher\":{\"@id\":\"https:\/\/www.suno.com.br\/noticias\/#organization\"},\"potentialAction\":[{\"@type\":\"SearchAction\",\"target\":{\"@type\":\"EntryPoint\",\"urlTemplate\":\"https:\/\/www.suno.com.br\/noticias\/?s={search_term_string}\"},\"query-input\":{\"@type\":\"PropertyValueSpecification\",\"valueRequired\":true,\"valueName\":\"search_term_string\"}}],\"inLanguage\":\"pt-BR\"},{\"@type\":\"Organization\",\"@id\":\"https:\/\/www.suno.com.br\/noticias\/#organization\",\"name\":\"Suno Not\u00edcias\",\"url\":\"https:\/\/www.suno.com.br\/noticias\/\",\"logo\":{\"@type\":\"ImageObject\",\"inLanguage\":\"pt-BR\",\"@id\":\"https:\/\/www.suno.com.br\/noticias\/#\/schema\/logo\/image\/\",\"url\":\"https:\/\/files.sunoresearch.com.br\/n\/uploads\/2021\/09\/suno-logo.png\",\"contentUrl\":\"https:\/\/files.sunoresearch.com.br\/n\/uploads\/2021\/09\/suno-logo.png\",\"width\":180,\"height\":180,\"caption\":\"Suno Not\u00edcias\"},\"image\":{\"@id\":\"https:\/\/www.suno.com.br\/noticias\/#\/schema\/logo\/image\/\"},\"sameAs\":[\"https:\/\/facebook.com\/sunoresearch\",\"https:\/\/x.com\/sunoresearch\",\"https:\/\/www.instagram.com\/suno\",\"https:\/\/www.linkedin.com\/company\/suno-research\/\",\"https:\/\/www.youtube.com\/c\/sunoresearch\"]},{\"@type\":\"Person\",\"@id\":\"https:\/\/www.suno.com.br\/noticias\/#\/schema\/person\/0d0c9687cd2f600c564f25980c140de9\",\"name\":\"Guilherme Caetano\",\"image\":{\"@type\":\"ImageObject\",\"inLanguage\":\"pt-BR\",\"@id\":\"https:\/\/www.suno.com.br\/noticias\/#\/schema\/person\/image\/\",\"url\":\"https:\/\/secure.gravatar.com\/avatar\/e48357351a01702a0d19307070e081bf?s=96&r=g\",\"contentUrl\":\"https:\/\/secure.gravatar.com\/avatar\/e48357351a01702a0d19307070e081bf?s=96&r=g\",\"caption\":\"Guilherme Caetano\"},\"description\":\"Formado em jornalismo pela Escola de Comunica\u00e7\u00f5es e Artes da USP, Guilherme Caetano escreve para o portal de not\u00edcias da Suno Research. Passou pelas reda\u00e7\u00f5es da Folha de S.Paulo e da revista \u00c9poca.\",\"url\":\"https:\/\/www.suno.com.br\/noticias\/author\/guilherme-caetano\/\"}]}<\/script>\n<!-- \/ Yoast SEO plugin. -->","yoast_head_json":{"title":"Bolsonaro cancela coletiva por 'atitude anti-profissional da imprensa'","description":"Alegando \"comportamento anti-profissional da imprensa\", Bolsonaro cancelou coletiva que daria a jornalistas em Davos. Clique e saiba+","robots":{"index":"index","follow":"follow","max-snippet":"max-snippet:-1","max-image-preview":"max-image-preview:large","max-video-preview":"max-video-preview:-1"},"canonical":"https:\/\/www.suno.com.br\/noticias\/bolsonaro-cancela-coletiva-atitude-imprensa\/","og_locale":"pt_BR","og_type":"article","og_title":"Bolsonaro cancela coletiva por 'atitude anti-profissional da imprensa'","og_description":"Alegando \"comportamento anti-profissional da imprensa\", Bolsonaro cancelou coletiva que daria a jornalistas em Davos. Clique e saiba+","og_url":"https:\/\/www.suno.com.br\/noticias\/bolsonaro-cancela-coletiva-atitude-imprensa\/","og_site_name":"Suno Not\u00edcias","article_publisher":"https:\/\/facebook.com\/sunoresearch","og_image":[{"width":1280,"height":720,"url":"https:\/\/files.sunoresearch.com.br\/n\/uploads\/2019\/01\/4fe20758-bolsonaro-davos.jpg","type":"image\/jpeg"}],"author":"Guilherme Caetano","twitter_card":"summary_large_image","twitter_creator":"@sunoresearch","twitter_site":"@sunoresearch","twitter_misc":{"Escrito por":"Guilherme Caetano","Est. tempo de leitura":"2 minutos"},"schema":{"@context":"https:\/\/schema.org","@graph":[{"@type":"NewsArticle","@id":"https:\/\/www.suno.com.br\/noticias\/bolsonaro-cancela-coletiva-atitude-imprensa\/#article","isPartOf":{"@id":"https:\/\/www.suno.com.br\/noticias\/bolsonaro-cancela-coletiva-atitude-imprensa\/"},"author":{"name":"Guilherme Caetano","@id":"https:\/\/www.suno.com.br\/noticias\/#\/schema\/person\/0d0c9687cd2f600c564f25980c140de9"},"headline":"Bolsonaro cancela coletiva por &#8216;atitude anti-profissional da imprensa&#8217;","datePublished":"2019-01-23T15:09:27+00:00","dateModified":"2019-01-23T15:54:58+00:00","mainEntityOfPage":{"@id":"https:\/\/www.suno.com.br\/noticias\/bolsonaro-cancela-coletiva-atitude-imprensa\/"},"wordCount":313,"publisher":{"@id":"https:\/\/www.suno.com.br\/noticias\/#organization"},"image":{"@id":"https:\/\/www.suno.com.br\/noticias\/bolsonaro-cancela-coletiva-atitude-imprensa\/#primaryimage"},"thumbnailUrl":"https:\/\/files.sunoresearch.com.br\/n\/uploads\/2019\/01\/4fe20758-bolsonaro-davos-jpg.webp","keywords":["Davos","F\u00f3rum Econ\u00f4mico Mundial","Jair Bolsonaro"],"articleSection":["Internacional"],"inLanguage":"pt-BR"},{"@type":"WebPage","@id":"https:\/\/www.suno.com.br\/noticias\/bolsonaro-cancela-coletiva-atitude-imprensa\/","url":"https:\/\/www.suno.com.br\/noticias\/bolsonaro-cancela-coletiva-atitude-imprensa\/","name":"Bolsonaro cancela coletiva por 'atitude anti-profissional da imprensa'","isPartOf":{"@id":"https:\/\/www.suno.com.br\/noticias\/#website"},"primaryImageOfPage":{"@id":"https:\/\/www.suno.com.br\/noticias\/bolsonaro-cancela-coletiva-atitude-imprensa\/#primaryimage"},"image":{"@id":"https:\/\/www.suno.com.br\/noticias\/bolsonaro-cancela-coletiva-atitude-imprensa\/#primaryimage"},"thumbnailUrl":"https:\/\/files.sunoresearch.com.br\/n\/uploads\/2019\/01\/4fe20758-bolsonaro-davos-jpg.webp","datePublished":"2019-01-23T15:09:27+00:00","dateModified":"2019-01-23T15:54:58+00:00","description":"Alegando \"comportamento anti-profissional da imprensa\", Bolsonaro cancelou coletiva que daria a jornalistas em Davos. Clique e saiba+","breadcrumb":{"@id":"https:\/\/www.suno.com.br\/noticias\/bolsonaro-cancela-coletiva-atitude-imprensa\/#breadcrumb"},"inLanguage":"pt-BR","potentialAction":[{"@type":"ReadAction","target":["https:\/\/www.suno.com.br\/noticias\/bolsonaro-cancela-coletiva-atitude-imprensa\/"]}]},{"@type":"ImageObject","inLanguage":"pt-BR","@id":"https:\/\/www.suno.com.br\/noticias\/bolsonaro-cancela-coletiva-atitude-imprensa\/#primaryimage","url":"https:\/\/files.sunoresearch.com.br\/n\/uploads\/2019\/01\/4fe20758-bolsonaro-davos-jpg.webp","contentUrl":"https:\/\/files.sunoresearch.com.br\/n\/uploads\/2019\/01\/4fe20758-bolsonaro-davos-jpg.webp","width":1280,"height":720,"caption":"O presidente Jair Bolsonaro discursando em Davos"},{"@type":"BreadcrumbList","@id":"https:\/\/www.suno.com.br\/noticias\/bolsonaro-cancela-coletiva-atitude-imprensa\/#breadcrumb","itemListElement":[{"@type":"ListItem","position":1,"name":"Not\u00edcias","item":"https:\/\/www.suno.com.br\/noticias\/"},{"@type":"ListItem","position":2,"name":"Internacional","item":"https:\/\/www.suno.com.br\/noticias\/internacional\/"},{"@type":"ListItem","position":3,"name":"Bolsonaro cancela coletiva por &#8216;atitude anti-profissional da imprensa&#8217;"}]},{"@type":"WebSite","@id":"https:\/\/www.suno.com.br\/noticias\/#website","url":"https:\/\/www.suno.com.br\/noticias\/","name":"Suno Not\u00edcias","description":"Seu portal de informa\u00e7\u00e3o sobre o mundo dos investimentos","publisher":{"@id":"https:\/\/www.suno.com.br\/noticias\/#organization"},"potentialAction":[{"@type":"SearchAction","target":{"@type":"EntryPoint","urlTemplate":"https:\/\/www.suno.com.br\/noticias\/?s={search_term_string}"},"query-input":{"@type":"PropertyValueSpecification","valueRequired":true,"valueName":"search_term_string"}}],"inLanguage":"pt-BR"},{"@type":"Organization","@id":"https:\/\/www.suno.com.br\/noticias\/#organization","name":"Suno Not\u00edcias","url":"https:\/\/www.suno.com.br\/noticias\/","logo":{"@type":"ImageObject","inLanguage":"pt-BR","@id":"https:\/\/www.suno.com.br\/noticias\/#\/schema\/logo\/image\/","url":"https:\/\/files.sunoresearch.com.br\/n\/uploads\/2021\/09\/suno-logo.png","contentUrl":"https:\/\/files.sunoresearch.com.br\/n\/uploads\/2021\/09\/suno-logo.png","width":180,"height":180,"caption":"Suno Not\u00edcias"},"image":{"@id":"https:\/\/www.suno.com.br\/noticias\/#\/schema\/logo\/image\/"},"sameAs":["https:\/\/facebook.com\/sunoresearch","https:\/\/x.com\/sunoresearch","https:\/\/www.instagram.com\/suno","https:\/\/www.linkedin.com\/company\/suno-research\/","https:\/\/www.youtube.com\/c\/sunoresearch"]},{"@type":"Person","@id":"https:\/\/www.suno.com.br\/noticias\/#\/schema\/person\/0d0c9687cd2f600c564f25980c140de9","name":"Guilherme Caetano","image":{"@type":"ImageObject","inLanguage":"pt-BR","@id":"https:\/\/www.suno.com.br\/noticias\/#\/schema\/person\/image\/","url":"https:\/\/secure.gravatar.com\/avatar\/e48357351a01702a0d19307070e081bf?s=96&r=g","contentUrl":"https:\/\/secure.gravatar.com\/avatar\/e48357351a01702a0d19307070e081bf?s=96&r=g","caption":"Guilherme Caetano"},"description":"Formado em jornalismo pela Escola de Comunica\u00e7\u00f5es e Artes da USP, Guilherme Caetano escreve para o portal de not\u00edcias da Suno Research. Passou pelas reda\u00e7\u00f5es da Folha de S.Paulo e da revista \u00c9poca.","url":"https:\/\/www.suno.com.br\/noticias\/author\/guilherme-caetano\/"}]}},"default_loop_html":"<div class=\"cardsPage__listCard__boxs\"><div class=\"cardsPage__listCard__boxs__img\"><a href=\"https:\/\/www.suno.com.br\/noticias\/bolsonaro-cancela-coletiva-atitude-imprensa\/\"><img class=\"mask\" src=\"https:\/\/www.suno.com.br\/noticias\/wp-content\/themes\/suno\/resources\/images\/spotlight\/spotlight1img\/bg-mask.png\" alt=\"Image Mask\"\/><img src=\"https:\/\/files.sunoresearch.com.br\/n\/uploads\/2019\/01\/4fe20758-bolsonaro-davos-400x200.webp\" alt=\"Bolsonaro cancela coletiva por &#8216;atitude anti-profissional da imprensa&#8217;\"\/><\/a><span class=\"spotlightCategory\"><a href=\"https:\/\/www.suno.com.br\/noticias\/internacional\/\">Internacional<\/a><\/span><\/div><div class=\"cardsPage__listCard__boxs__content\"><a href=\"https:\/\/www.suno.com.br\/noticias\/bolsonaro-cancela-coletiva-atitude-imprensa\/\"><h2 class=\"content__title\">Bolsonaro cancela coletiva por &#8216;atitude anti-profissional da imprensa&#8217;<\/h2><\/a><div class=\"newsContent__article__meta\"><div class=\"newsContent__article__meta__authorBox\"><a href=\"https:\/\/www.suno.com.br\/noticias\/author\/guilherme-caetano\/\" class=\"authorBox__avatar noMobi\"><img src=\"https:\/\/secure.gravatar.com\/avatar\/e48357351a01702a0d19307070e081bf?s=96&#038;r=g\" alt=\"Guilherme Caetano\"><\/a><div class=\"authorBox__name\"><span>por\n\t\t\t<a href=\"https:\/\/www.suno.com.br\/noticias\/author\/guilherme-caetano\/\"><span itemprop=\"author\">Guilherme Caetano<\/span><\/a><\/span><time datetime=\"2019-01-23T13:09:27-02:00\" itemprop=\"datePublished\">23\/01\/2019 13:09<\/time><\/div><\/div><\/div><\/div><\/div>","single_layout":"posts","amp_enabled":true,"_links":{"self":[{"href":"https:\/\/www.suno.com.br\/noticias\/wp-json\/wp\/v2\/posts\/12766"}],"collection":[{"href":"https:\/\/www.suno.com.br\/noticias\/wp-json\/wp\/v2\/posts"}],"about":[{"href":"https:\/\/www.suno.com.br\/noticias\/wp-json\/wp\/v2\/types\/post"}],"author":[{"embeddable":true,"href":"https:\/\/www.suno.com.br\/noticias\/wp-json\/wp\/v2\/users\/13"}],"replies":[{"embeddable":true,"href":"https:\/\/www.suno.com.br\/noticias\/wp-json\/wp\/v2\/comments?post=12766"}],"version-history":[{"count":0,"href":"https:\/\/www.suno.com.br\/noticias\/wp-json\/wp\/v2\/posts\/12766\/revisions"}],"wp:featuredmedia":[{"embeddable":true,"href":"https:\/\/www.suno.com.br\/noticias\/wp-json\/wp\/v2\/media\/12687"}],"wp:attachment":[{"href":"https:\/\/www.suno.com.br\/noticias\/wp-json\/wp\/v2\/media?parent=12766"}],"wp:term":[{"taxonomy":"category","embeddable":true,"href":"https:\/\/www.suno.com.br\/noticias\/wp-json\/wp\/v2\/categories?post=12766"},{"taxonomy":"post_tag","embeddable":true,"href":"https:\/\/www.suno.com.br\/noticias\/wp-json\/wp\/v2\/tags?post=12766"},{"taxonomy":"suno_strategy","embeddable":true,"href":"https:\/\/www.suno.com.br\/noticias\/wp-json\/wp\/v2\/suno_strategy?post=12766"}],"curies":[{"name":"wp","href":"https:\/\/api.w.org\/{rel}","templated":true}]}}