{"id":12754,"date":"2019-01-23T12:17:16","date_gmt":"2019-01-23T14:17:16","guid":{"rendered":"https:\/\/www.suno.com.br\/noticias\/?p=12754"},"modified":"2019-01-24T18:53:20","modified_gmt":"2019-01-24T20:53:20","slug":"guedes-imposto-dividendo","status":"publish","type":"post","link":"https:\/\/www.suno.com.br\/noticias\/guedes-imposto-dividendo\/","title":{"rendered":"Paulo Guedes planeja cobran\u00e7a de impostos sobre dividendos e JCPs"},"content":{"rendered":"<p>O ministro da Economia <strong>Paulo Guedes<\/strong> afirmou em <strong>Davos<\/strong>\u00a0que o governo tem a inten\u00e7\u00e3o de simplificar a cobran\u00e7a de tributos. Contudo, a gest\u00e3o dever\u00e1 retomar a cobran\u00e7a de impostos sobre os <a href=\"https:\/\/www.suno.com.br\/dividendos\/\">dividendos<\/a> que as empresas distribuem aos s\u00f3cios.\u00a0 E tamb\u00e9m passar\u00e1 a taxar os <a href=\"https:\/\/www.suno.com.br\/artigos\/jcp\/\">juros sobre capital pr\u00f3prio<\/a> (JCPs), uma forma alternativa de distribui\u00e7\u00e3o de lucros entre acionistas.<\/p>\t<div class=\"wrapper-featured-image\">\n\t\t<figure class=\"spotlightImg\">\n\n\t\t\t<picture>\n\t\t\t\t<source media=\"(max-width: 768px)\" srcset=\"https:\/\/files.sunoresearch.com.br\/n\/uploads\/2019\/01\/80f1998a-paulo-guedes-400x200.webp\">\n\t\t\t\t<img loading=\"lazy\" decoding=\"async\" class=\"newsContent__article__imgCapa lazyloadDisabled newsContent__article__imgCapa--noCaption\" src=\"https:\/\/files.sunoresearch.com.br\/n\/uploads\/2019\/01\/80f1998a-paulo-guedes-800x450.webp\" width=\"800\" height=\"450\" alt=\"Paulo Guedes planeja cobran\u00e7a de impostos sobre dividendos e JCPs\" fetchpriority=high \/>\n\t\t\t<\/picture>\n\n\t\t\t<figcaption class=\"wp-caption-text wp-caption-text--hide\">Paulo Guedes: BC pode emitir moeda em caso de depress\u00e3o econ\u00f4mica<\/figcaption>\n\t\t<\/figure>\n\t<\/div>\n\n\n<p>Enquanto a tributa\u00e7\u00e3o de lucros e dividendos j\u00e1 havia sido sinalizada durante a campanha, a taxa\u00e7\u00e3o dos juros sobre capital pr\u00f3prio (JCPs) \u00e9 novidade no discurso de <strong>Paulo Guedes<\/strong>.<\/p>\n<p>Essas mudan\u00e7as provavelmente dever\u00e3o ocorrer paralelamente a um <strong>corte<\/strong> no Imposto de Renda da Pessoa Jur\u00eddica (<strong>IRPJ<\/strong>). Atualmente, a al\u00edquota pode atingir at\u00e9 34%, e deve ser reduzida a 20%.<\/p>\n<p><a href=\"https:\/\/www.suno.com.br\/noticias\/terceiro-dia-davos-agenda\/\">Saiba mais &#8211;\u00a0Confira a agenda do terceiro dia do F\u00f3rum Econ\u00f4mico Mundial<\/a><\/p>\n<p>Conforme o presidente do Bradesco, <a href=\"https:\/\/www.suno.com.br\/tudo-sobre\/octavio-de-lazari\/\">Oct\u00e1vio de Lazari<\/a>, explicou ao &#8220;Valor Econ\u00f4mico&#8221;, isso significa que\u00a0o governo vai reduzir a <strong>carga tribut\u00e1ria<\/strong> sobre a produ\u00e7\u00e3o e aumentar seu peso sobre os ganhos de capital.<\/p>\n<p>As afirma\u00e7\u00f5es de Paulo Guedes foram feitas em evento fechado organizado pelo Ita\u00fa Unibanco na ter\u00e7a-feira (22) em <strong>Davos<\/strong>.<\/p>\n<p>Em Davos, na Su\u00ed\u00e7a, ocorre durante essa semana o <strong>F\u00f3rum Econ\u00f4mico Mundial<\/strong> de 2019. O f\u00f3rum iniciou na segunda-feira (21) e encerrar\u00e1 na sexta-feira (25).<\/p>\n<p>Ainda no evento fechado do Ita\u00fa Unibanco, Guedes certificou aos investidores que a<strong> reforma da Previd\u00eancia<\/strong> ser\u00e1 aprovada, com a mudan\u00e7a para a capitaliza\u00e7\u00e3o.<\/p>\n<p>Todavia, se a nova proposta por um &#8220;desastre&#8221; n\u00e3o passar, a equipe econ\u00f4mica j\u00e1 possui um plano B.<\/p>\n<p><a href=\"https:\/\/www.suno.com.br\/noticias\/reforma-previdencia-congresso-guedes\/\">Saiba mais &#8211;\u00a0Guedes: Reforma da Previd\u00eancia deve ir ao Congresso semana que vem<\/a><\/p>\n<p><a href=\"https:\/\/www.suno.com.br\/noticias\/davos-discurso-bolsonaro-nao-entusiasma\/\">Saiba mais &#8211;\u00a0Davos: discurso de Bolsonaro n\u00e3o entusiasma na abertura do F\u00f3rum<\/a><\/p>\n<h2>Tributa\u00e7\u00e3o de dividendos e JCPs<\/h2>\n<p>A taxa\u00e7\u00e3o de lucros e dividendos foi implantada pela maioria dos pa\u00edses desenvolvidos e adeptos do <a href=\"https:\/\/www.suno.com.br\/artigos\/livre-mercado\/\">livre mercado<\/a>, filiados \u00e0 Organiza\u00e7\u00e3o para a Coopera\u00e7\u00e3o e Desenvolvimento Econ\u00f4mico (OCDE).<\/p>\n<p>Todavia, os <strong>dividendos<\/strong> distribu\u00eddos aos acionistas s\u00e3o isentos de imposto no Brasil. Isso desde a reforma do Imposto de Renda realizada em 1995 durante o governo de Fernando Henrique Cardoso (FHC).<\/p>\n<p>Ainda durante tal governo,\u00a0foi criado o mecanismo dos juros sobre capital pr\u00f3prio. Assim, os <strong>JCPs<\/strong> s\u00e3o tratados como despesas nos registros cont\u00e1beis da empresa.<\/p>\n<p>Portanto, JCPs s\u00e3o deduzidos da base de c\u00e1lculo do IR, de modo que a empresa n\u00e3o paga <strong>impostos<\/strong> sobre eles. Mas os acionistas, sim.<\/p>\n<p>A retomada da <strong>taxa\u00e7\u00e3o<\/strong> sobre dividendos e o fim da dedu\u00e7\u00e3o dos JCPs no IR n\u00e3o \u00e9 novidade, ou ideia exclusiva de Paulo Guedes.<\/p>\n<p>O governo Temer, por exemplo, menciona os conceitos no &#8220;Panorama Fiscal Brasileiro\u201d, que foi\u00a0produzido pelo Minist\u00e9rio da Fazenda. O documento foi encaminhado em dezembro\u00a0\u00e0 equipe de transi\u00e7\u00e3o do novo governo.<\/p>\n<p>Segundo os c\u00e1lculos da equipe de Temer, uma <strong>al\u00edquota<\/strong> de 15% sobre lucros e dividendos originaria a arrecada\u00e7\u00e3o de:<\/p>\n<ul>\n<li>R$ 21,4 bilh\u00f5es no primeiro ano de implanta\u00e7\u00e3o;<\/li>\n<li>R$\u200995,1 bilh\u00f5es no acumulado de quatro anos.<\/li>\n<\/ul>\n<p>A redu\u00e7\u00e3o gradativa (at\u00e9 a extin\u00e7\u00e3o) da dedu\u00e7\u00e3o dos juros sobre capital pr\u00f3prio poderia gerar receita extra de:<\/p>\n<ul>\n<li>R$ 3,6 bilh\u00f5es no primeiro ano;<\/li>\n<li>R$ 15,8 bilh\u00f5es em quatro anos.<\/li>\n<\/ul>\n<p><strong>Paulo Guedes<\/strong> deve permanecer em Davos at\u00e9 o fim da semana. Em entrevista exclusiva ao SUNO Not\u00edcias, Paulo Guedes confirmou que a reforma da Previd\u00eancia ir\u00e1 ao Congresso Nacional na pr\u00f3xima semana.<\/p>\n","protected":false},"excerpt":{"rendered":"<p>O ministro da Economia Paulo Guedes afirmou em Davos\u00a0que o governo tem a inten\u00e7\u00e3o de simplificar a cobran\u00e7a de tributos. Contudo, a gest\u00e3o dever\u00e1 retomar a cobran\u00e7a de impostos sobre os dividendos que as empresas distribuem aos s\u00f3cios.\u00a0 E tamb\u00e9m passar\u00e1 a taxar os juros sobre capital pr\u00f3prio (JCPs), uma forma alternativa de distribui\u00e7\u00e3o de [&hellip;]<\/p>\n","protected":false},"author":12,"featured_media":10204,"comment_status":"closed","ping_status":"closed","sticky":false,"template":"","format":"standard","meta":[],"categories":[63],"tags":[961,719,796],"suno_strategy":[],"class_list":["post-12754","post","type-post","status-publish","format-standard","has-post-thumbnail","hentry","category-internacional","tag-forum-economico-mundial","tag-jair-bolsonaro","tag-paulo-guedes"],"yoast_head":"<!-- This site is optimized with the Yoast SEO plugin v24.4 - https:\/\/yoast.com\/wordpress\/plugins\/seo\/ -->\n<title>Paulo Guedes planeja cobran\u00e7a de impostos sobre dividendos e JCPs<\/title>\n<meta name=\"description\" content=\"Em Davos, Paulo Guedes afirmou que o governo planeja cobrar impostos sobre dividendos e JCPs. Clique para saber mais.\" \/>\n<meta name=\"robots\" content=\"index, follow, max-snippet:-1, max-image-preview:large, max-video-preview:-1\" \/>\n<link rel=\"canonical\" href=\"https:\/\/www.suno.com.br\/noticias\/guedes-imposto-dividendo\/\" \/>\n<meta property=\"og:locale\" content=\"pt_BR\" \/>\n<meta property=\"og:type\" content=\"article\" \/>\n<meta property=\"og:title\" content=\"Paulo Guedes planeja cobran\u00e7a de impostos sobre dividendos e JCPs\" \/>\n<meta property=\"og:description\" content=\"Em Davos, Paulo Guedes afirmou que o governo planeja cobrar impostos sobre dividendos e JCPs. Clique para saber mais.\" \/>\n<meta property=\"og:url\" content=\"https:\/\/www.suno.com.br\/noticias\/guedes-imposto-dividendo\/\" \/>\n<meta property=\"og:site_name\" content=\"Suno Not\u00edcias\" \/>\n<meta property=\"article:publisher\" content=\"https:\/\/facebook.com\/sunoresearch\" \/>\n<meta property=\"og:image\" content=\"https:\/\/files.sunoresearch.com.br\/n\/uploads\/2019\/01\/80f1998a-paulo-guedes.jpg\" \/>\n\t<meta property=\"og:image:width\" content=\"1140\" \/>\n\t<meta property=\"og:image:height\" content=\"760\" \/>\n\t<meta property=\"og:image:type\" content=\"image\/jpeg\" \/>\n<meta name=\"author\" content=\"Amanda Gushiken\" \/>\n<meta name=\"twitter:card\" content=\"summary_large_image\" \/>\n<meta name=\"twitter:creator\" content=\"@sunoresearch\" \/>\n<meta name=\"twitter:site\" content=\"@sunoresearch\" \/>\n<meta name=\"twitter:label1\" content=\"Escrito por\" \/>\n\t<meta name=\"twitter:data1\" content=\"Amanda Gushiken\" \/>\n\t<meta name=\"twitter:label2\" content=\"Est. tempo de leitura\" \/>\n\t<meta name=\"twitter:data2\" content=\"3 minutos\" \/>\n<script type=\"application\/ld+json\" class=\"yoast-schema-graph\">{\"@context\":\"https:\/\/schema.org\",\"@graph\":[{\"@type\":\"NewsArticle\",\"@id\":\"https:\/\/www.suno.com.br\/noticias\/guedes-imposto-dividendo\/#article\",\"isPartOf\":{\"@id\":\"https:\/\/www.suno.com.br\/noticias\/guedes-imposto-dividendo\/\"},\"author\":{\"name\":\"Amanda Gushiken\",\"@id\":\"https:\/\/www.suno.com.br\/noticias\/#\/schema\/person\/a5b06fa4e879d8e8e119c6ed3cd630d1\"},\"headline\":\"Paulo Guedes planeja cobran\u00e7a de impostos sobre dividendos e JCPs\",\"datePublished\":\"2019-01-23T14:17:16+00:00\",\"dateModified\":\"2019-01-24T20:53:20+00:00\",\"mainEntityOfPage\":{\"@id\":\"https:\/\/www.suno.com.br\/noticias\/guedes-imposto-dividendo\/\"},\"wordCount\":608,\"publisher\":{\"@id\":\"https:\/\/www.suno.com.br\/noticias\/#organization\"},\"image\":{\"@id\":\"https:\/\/www.suno.com.br\/noticias\/guedes-imposto-dividendo\/#primaryimage\"},\"thumbnailUrl\":\"https:\/\/files.sunoresearch.com.br\/n\/uploads\/2019\/01\/80f1998a-paulo-guedes-jpg.webp\",\"keywords\":[\"F\u00f3rum Econ\u00f4mico Mundial\",\"Jair Bolsonaro\",\"Paulo Guedes\"],\"articleSection\":[\"Internacional\"],\"inLanguage\":\"pt-BR\"},{\"@type\":\"WebPage\",\"@id\":\"https:\/\/www.suno.com.br\/noticias\/guedes-imposto-dividendo\/\",\"url\":\"https:\/\/www.suno.com.br\/noticias\/guedes-imposto-dividendo\/\",\"name\":\"Paulo Guedes planeja cobran\u00e7a de impostos sobre dividendos e JCPs\",\"isPartOf\":{\"@id\":\"https:\/\/www.suno.com.br\/noticias\/#website\"},\"primaryImageOfPage\":{\"@id\":\"https:\/\/www.suno.com.br\/noticias\/guedes-imposto-dividendo\/#primaryimage\"},\"image\":{\"@id\":\"https:\/\/www.suno.com.br\/noticias\/guedes-imposto-dividendo\/#primaryimage\"},\"thumbnailUrl\":\"https:\/\/files.sunoresearch.com.br\/n\/uploads\/2019\/01\/80f1998a-paulo-guedes-jpg.webp\",\"datePublished\":\"2019-01-23T14:17:16+00:00\",\"dateModified\":\"2019-01-24T20:53:20+00:00\",\"description\":\"Em Davos, Paulo Guedes afirmou que o governo planeja cobrar impostos sobre dividendos e JCPs. Clique para saber mais.\",\"breadcrumb\":{\"@id\":\"https:\/\/www.suno.com.br\/noticias\/guedes-imposto-dividendo\/#breadcrumb\"},\"inLanguage\":\"pt-BR\",\"potentialAction\":[{\"@type\":\"ReadAction\",\"target\":[\"https:\/\/www.suno.com.br\/noticias\/guedes-imposto-dividendo\/\"]}]},{\"@type\":\"ImageObject\",\"inLanguage\":\"pt-BR\",\"@id\":\"https:\/\/www.suno.com.br\/noticias\/guedes-imposto-dividendo\/#primaryimage\",\"url\":\"https:\/\/files.sunoresearch.com.br\/n\/uploads\/2019\/01\/80f1998a-paulo-guedes-jpg.webp\",\"contentUrl\":\"https:\/\/files.sunoresearch.com.br\/n\/uploads\/2019\/01\/80f1998a-paulo-guedes-jpg.webp\",\"width\":1140,\"height\":760,\"caption\":\"Paulo Guedes: BC pode emitir moeda em caso de depress\u00e3o econ\u00f4mica\"},{\"@type\":\"BreadcrumbList\",\"@id\":\"https:\/\/www.suno.com.br\/noticias\/guedes-imposto-dividendo\/#breadcrumb\",\"itemListElement\":[{\"@type\":\"ListItem\",\"position\":1,\"name\":\"Not\u00edcias\",\"item\":\"https:\/\/www.suno.com.br\/noticias\/\"},{\"@type\":\"ListItem\",\"position\":2,\"name\":\"Internacional\",\"item\":\"https:\/\/www.suno.com.br\/noticias\/internacional\/\"},{\"@type\":\"ListItem\",\"position\":3,\"name\":\"Paulo Guedes planeja cobran\u00e7a de impostos sobre dividendos e JCPs\"}]},{\"@type\":\"WebSite\",\"@id\":\"https:\/\/www.suno.com.br\/noticias\/#website\",\"url\":\"https:\/\/www.suno.com.br\/noticias\/\",\"name\":\"Suno Not\u00edcias\",\"description\":\"Seu portal de informa\u00e7\u00e3o sobre o mundo dos investimentos\",\"publisher\":{\"@id\":\"https:\/\/www.suno.com.br\/noticias\/#organization\"},\"potentialAction\":[{\"@type\":\"SearchAction\",\"target\":{\"@type\":\"EntryPoint\",\"urlTemplate\":\"https:\/\/www.suno.com.br\/noticias\/?s={search_term_string}\"},\"query-input\":{\"@type\":\"PropertyValueSpecification\",\"valueRequired\":true,\"valueName\":\"search_term_string\"}}],\"inLanguage\":\"pt-BR\"},{\"@type\":\"Organization\",\"@id\":\"https:\/\/www.suno.com.br\/noticias\/#organization\",\"name\":\"Suno Not\u00edcias\",\"url\":\"https:\/\/www.suno.com.br\/noticias\/\",\"logo\":{\"@type\":\"ImageObject\",\"inLanguage\":\"pt-BR\",\"@id\":\"https:\/\/www.suno.com.br\/noticias\/#\/schema\/logo\/image\/\",\"url\":\"https:\/\/files.sunoresearch.com.br\/n\/uploads\/2021\/09\/suno-logo.png\",\"contentUrl\":\"https:\/\/files.sunoresearch.com.br\/n\/uploads\/2021\/09\/suno-logo.png\",\"width\":180,\"height\":180,\"caption\":\"Suno Not\u00edcias\"},\"image\":{\"@id\":\"https:\/\/www.suno.com.br\/noticias\/#\/schema\/logo\/image\/\"},\"sameAs\":[\"https:\/\/facebook.com\/sunoresearch\",\"https:\/\/x.com\/sunoresearch\",\"https:\/\/www.instagram.com\/suno\",\"https:\/\/www.linkedin.com\/company\/suno-research\/\",\"https:\/\/www.youtube.com\/c\/sunoresearch\"]},{\"@type\":\"Person\",\"@id\":\"https:\/\/www.suno.com.br\/noticias\/#\/schema\/person\/a5b06fa4e879d8e8e119c6ed3cd630d1\",\"name\":\"Amanda Gushiken\",\"image\":{\"@type\":\"ImageObject\",\"inLanguage\":\"pt-BR\",\"@id\":\"https:\/\/www.suno.com.br\/noticias\/#\/schema\/person\/image\/\",\"url\":\"https:\/\/secure.gravatar.com\/avatar\/ecd84705e6b65e3685ae80d725501fbe?s=96&r=g\",\"contentUrl\":\"https:\/\/secure.gravatar.com\/avatar\/ecd84705e6b65e3685ae80d725501fbe?s=96&r=g\",\"caption\":\"Amanda Gushiken\"},\"description\":\"Amanda Sayuri Gushiken escreve sobre finan\u00e7as e neg\u00f3cios para o portal Suno Not\u00edcias. Antes, trabalhou selecionando not\u00edcias da imprensa para clientes do mercado financeiro. Tamb\u00e9m desenvolveu pesquisa acad\u00eamica pela Universidade Anhembi Morumbi na \u00e1rea de Teorias da Comunica\u00e7\u00e3o e \u00e9 fot\u00f3grafa nas horas vagas.\",\"url\":\"https:\/\/www.suno.com.br\/noticias\/author\/amanda\/\"}]}<\/script>\n<!-- \/ Yoast SEO plugin. -->","yoast_head_json":{"title":"Paulo Guedes planeja cobran\u00e7a de impostos sobre dividendos e JCPs","description":"Em Davos, Paulo Guedes afirmou que o governo planeja cobrar impostos sobre dividendos e JCPs. Clique para saber mais.","robots":{"index":"index","follow":"follow","max-snippet":"max-snippet:-1","max-image-preview":"max-image-preview:large","max-video-preview":"max-video-preview:-1"},"canonical":"https:\/\/www.suno.com.br\/noticias\/guedes-imposto-dividendo\/","og_locale":"pt_BR","og_type":"article","og_title":"Paulo Guedes planeja cobran\u00e7a de impostos sobre dividendos e JCPs","og_description":"Em Davos, Paulo Guedes afirmou que o governo planeja cobrar impostos sobre dividendos e JCPs. Clique para saber mais.","og_url":"https:\/\/www.suno.com.br\/noticias\/guedes-imposto-dividendo\/","og_site_name":"Suno Not\u00edcias","article_publisher":"https:\/\/facebook.com\/sunoresearch","og_image":[{"width":1140,"height":760,"url":"https:\/\/files.sunoresearch.com.br\/n\/uploads\/2019\/01\/80f1998a-paulo-guedes.jpg","type":"image\/jpeg"}],"author":"Amanda Gushiken","twitter_card":"summary_large_image","twitter_creator":"@sunoresearch","twitter_site":"@sunoresearch","twitter_misc":{"Escrito por":"Amanda Gushiken","Est. tempo de leitura":"3 minutos"},"schema":{"@context":"https:\/\/schema.org","@graph":[{"@type":"NewsArticle","@id":"https:\/\/www.suno.com.br\/noticias\/guedes-imposto-dividendo\/#article","isPartOf":{"@id":"https:\/\/www.suno.com.br\/noticias\/guedes-imposto-dividendo\/"},"author":{"name":"Amanda Gushiken","@id":"https:\/\/www.suno.com.br\/noticias\/#\/schema\/person\/a5b06fa4e879d8e8e119c6ed3cd630d1"},"headline":"Paulo Guedes planeja cobran\u00e7a de impostos sobre dividendos e JCPs","datePublished":"2019-01-23T14:17:16+00:00","dateModified":"2019-01-24T20:53:20+00:00","mainEntityOfPage":{"@id":"https:\/\/www.suno.com.br\/noticias\/guedes-imposto-dividendo\/"},"wordCount":608,"publisher":{"@id":"https:\/\/www.suno.com.br\/noticias\/#organization"},"image":{"@id":"https:\/\/www.suno.com.br\/noticias\/guedes-imposto-dividendo\/#primaryimage"},"thumbnailUrl":"https:\/\/files.sunoresearch.com.br\/n\/uploads\/2019\/01\/80f1998a-paulo-guedes-jpg.webp","keywords":["F\u00f3rum Econ\u00f4mico Mundial","Jair Bolsonaro","Paulo Guedes"],"articleSection":["Internacional"],"inLanguage":"pt-BR"},{"@type":"WebPage","@id":"https:\/\/www.suno.com.br\/noticias\/guedes-imposto-dividendo\/","url":"https:\/\/www.suno.com.br\/noticias\/guedes-imposto-dividendo\/","name":"Paulo Guedes planeja cobran\u00e7a de impostos sobre dividendos e JCPs","isPartOf":{"@id":"https:\/\/www.suno.com.br\/noticias\/#website"},"primaryImageOfPage":{"@id":"https:\/\/www.suno.com.br\/noticias\/guedes-imposto-dividendo\/#primaryimage"},"image":{"@id":"https:\/\/www.suno.com.br\/noticias\/guedes-imposto-dividendo\/#primaryimage"},"thumbnailUrl":"https:\/\/files.sunoresearch.com.br\/n\/uploads\/2019\/01\/80f1998a-paulo-guedes-jpg.webp","datePublished":"2019-01-23T14:17:16+00:00","dateModified":"2019-01-24T20:53:20+00:00","description":"Em Davos, Paulo Guedes afirmou que o governo planeja cobrar impostos sobre dividendos e JCPs. Clique para saber mais.","breadcrumb":{"@id":"https:\/\/www.suno.com.br\/noticias\/guedes-imposto-dividendo\/#breadcrumb"},"inLanguage":"pt-BR","potentialAction":[{"@type":"ReadAction","target":["https:\/\/www.suno.com.br\/noticias\/guedes-imposto-dividendo\/"]}]},{"@type":"ImageObject","inLanguage":"pt-BR","@id":"https:\/\/www.suno.com.br\/noticias\/guedes-imposto-dividendo\/#primaryimage","url":"https:\/\/files.sunoresearch.com.br\/n\/uploads\/2019\/01\/80f1998a-paulo-guedes-jpg.webp","contentUrl":"https:\/\/files.sunoresearch.com.br\/n\/uploads\/2019\/01\/80f1998a-paulo-guedes-jpg.webp","width":1140,"height":760,"caption":"Paulo Guedes: BC pode emitir moeda em caso de depress\u00e3o econ\u00f4mica"},{"@type":"BreadcrumbList","@id":"https:\/\/www.suno.com.br\/noticias\/guedes-imposto-dividendo\/#breadcrumb","itemListElement":[{"@type":"ListItem","position":1,"name":"Not\u00edcias","item":"https:\/\/www.suno.com.br\/noticias\/"},{"@type":"ListItem","position":2,"name":"Internacional","item":"https:\/\/www.suno.com.br\/noticias\/internacional\/"},{"@type":"ListItem","position":3,"name":"Paulo Guedes planeja cobran\u00e7a de impostos sobre dividendos e JCPs"}]},{"@type":"WebSite","@id":"https:\/\/www.suno.com.br\/noticias\/#website","url":"https:\/\/www.suno.com.br\/noticias\/","name":"Suno Not\u00edcias","description":"Seu portal de informa\u00e7\u00e3o sobre o mundo dos investimentos","publisher":{"@id":"https:\/\/www.suno.com.br\/noticias\/#organization"},"potentialAction":[{"@type":"SearchAction","target":{"@type":"EntryPoint","urlTemplate":"https:\/\/www.suno.com.br\/noticias\/?s={search_term_string}"},"query-input":{"@type":"PropertyValueSpecification","valueRequired":true,"valueName":"search_term_string"}}],"inLanguage":"pt-BR"},{"@type":"Organization","@id":"https:\/\/www.suno.com.br\/noticias\/#organization","name":"Suno Not\u00edcias","url":"https:\/\/www.suno.com.br\/noticias\/","logo":{"@type":"ImageObject","inLanguage":"pt-BR","@id":"https:\/\/www.suno.com.br\/noticias\/#\/schema\/logo\/image\/","url":"https:\/\/files.sunoresearch.com.br\/n\/uploads\/2021\/09\/suno-logo.png","contentUrl":"https:\/\/files.sunoresearch.com.br\/n\/uploads\/2021\/09\/suno-logo.png","width":180,"height":180,"caption":"Suno Not\u00edcias"},"image":{"@id":"https:\/\/www.suno.com.br\/noticias\/#\/schema\/logo\/image\/"},"sameAs":["https:\/\/facebook.com\/sunoresearch","https:\/\/x.com\/sunoresearch","https:\/\/www.instagram.com\/suno","https:\/\/www.linkedin.com\/company\/suno-research\/","https:\/\/www.youtube.com\/c\/sunoresearch"]},{"@type":"Person","@id":"https:\/\/www.suno.com.br\/noticias\/#\/schema\/person\/a5b06fa4e879d8e8e119c6ed3cd630d1","name":"Amanda Gushiken","image":{"@type":"ImageObject","inLanguage":"pt-BR","@id":"https:\/\/www.suno.com.br\/noticias\/#\/schema\/person\/image\/","url":"https:\/\/secure.gravatar.com\/avatar\/ecd84705e6b65e3685ae80d725501fbe?s=96&r=g","contentUrl":"https:\/\/secure.gravatar.com\/avatar\/ecd84705e6b65e3685ae80d725501fbe?s=96&r=g","caption":"Amanda Gushiken"},"description":"Amanda Sayuri Gushiken escreve sobre finan\u00e7as e neg\u00f3cios para o portal Suno Not\u00edcias. Antes, trabalhou selecionando not\u00edcias da imprensa para clientes do mercado financeiro. Tamb\u00e9m desenvolveu pesquisa acad\u00eamica pela Universidade Anhembi Morumbi na \u00e1rea de Teorias da Comunica\u00e7\u00e3o e \u00e9 fot\u00f3grafa nas horas vagas.","url":"https:\/\/www.suno.com.br\/noticias\/author\/amanda\/"}]}},"default_loop_html":"<div class=\"cardsPage__listCard__boxs\"><div class=\"cardsPage__listCard__boxs__img\"><a href=\"https:\/\/www.suno.com.br\/noticias\/guedes-imposto-dividendo\/\"><img class=\"mask\" src=\"https:\/\/www.suno.com.br\/noticias\/wp-content\/themes\/suno\/resources\/images\/spotlight\/spotlight1img\/bg-mask.png\" alt=\"Image Mask\"\/><img src=\"https:\/\/files.sunoresearch.com.br\/n\/uploads\/2019\/01\/80f1998a-paulo-guedes-400x200.webp\" alt=\"Paulo Guedes planeja cobran\u00e7a de impostos sobre dividendos e JCPs\"\/><\/a><span class=\"spotlightCategory\"><a href=\"https:\/\/www.suno.com.br\/noticias\/internacional\/\">Internacional<\/a><\/span><\/div><div class=\"cardsPage__listCard__boxs__content\"><a href=\"https:\/\/www.suno.com.br\/noticias\/guedes-imposto-dividendo\/\"><h2 class=\"content__title\">Paulo Guedes planeja cobran\u00e7a de impostos sobre dividendos e JCPs<\/h2><\/a><div class=\"newsContent__article__meta\"><div class=\"newsContent__article__meta__authorBox\"><a href=\"https:\/\/www.suno.com.br\/noticias\/author\/amanda\/\" class=\"authorBox__avatar noMobi\"><img src=\"https:\/\/files.sunoresearch.com.br\/n\/uploads\/2018\/11\/c6ad30be-amanda-150x150.webp\" alt=\"Amanda Gushiken\"><\/a><div class=\"authorBox__name\"><span>por\n\t\t\t<a href=\"https:\/\/www.suno.com.br\/noticias\/author\/amanda\/\"><span itemprop=\"author\">Amanda Gushiken<\/span><\/a><\/span><time datetime=\"2019-01-23T12:17:16-02:00\" itemprop=\"datePublished\">23\/01\/2019 12:17<\/time><\/div><\/div><\/div><\/div><\/div>","single_layout":"posts","amp_enabled":true,"_links":{"self":[{"href":"https:\/\/www.suno.com.br\/noticias\/wp-json\/wp\/v2\/posts\/12754"}],"collection":[{"href":"https:\/\/www.suno.com.br\/noticias\/wp-json\/wp\/v2\/posts"}],"about":[{"href":"https:\/\/www.suno.com.br\/noticias\/wp-json\/wp\/v2\/types\/post"}],"author":[{"embeddable":true,"href":"https:\/\/www.suno.com.br\/noticias\/wp-json\/wp\/v2\/users\/12"}],"replies":[{"embeddable":true,"href":"https:\/\/www.suno.com.br\/noticias\/wp-json\/wp\/v2\/comments?post=12754"}],"version-history":[{"count":0,"href":"https:\/\/www.suno.com.br\/noticias\/wp-json\/wp\/v2\/posts\/12754\/revisions"}],"wp:featuredmedia":[{"embeddable":true,"href":"https:\/\/www.suno.com.br\/noticias\/wp-json\/wp\/v2\/media\/10204"}],"wp:attachment":[{"href":"https:\/\/www.suno.com.br\/noticias\/wp-json\/wp\/v2\/media?parent=12754"}],"wp:term":[{"taxonomy":"category","embeddable":true,"href":"https:\/\/www.suno.com.br\/noticias\/wp-json\/wp\/v2\/categories?post=12754"},{"taxonomy":"post_tag","embeddable":true,"href":"https:\/\/www.suno.com.br\/noticias\/wp-json\/wp\/v2\/tags?post=12754"},{"taxonomy":"suno_strategy","embeddable":true,"href":"https:\/\/www.suno.com.br\/noticias\/wp-json\/wp\/v2\/suno_strategy?post=12754"}],"curies":[{"name":"wp","href":"https:\/\/api.w.org\/{rel}","templated":true}]}}