{"id":127166,"date":"2021-02-26T17:03:41","date_gmt":"2021-02-26T20:03:41","guid":{"rendered":"https:\/\/www.suno.com.br\/noticias\/?p=127166"},"modified":"2021-02-26T17:03:41","modified_gmt":"2021-02-26T20:03:41","slug":"bce-lagarde-politicas-acomodaticias","status":"publish","type":"post","link":"https:\/\/www.suno.com.br\/noticias\/bce-lagarde-politicas-acomodaticias\/","title":{"rendered":"BCE: Lagarde refor\u00e7a defesa de pol\u00edticas acomodat\u00edcias"},"content":{"rendered":"<p>A presidente do <a href=\"https:\/\/www.suno.com.br\/artigos\/bce\/\">Banco Central Europeu<strong> (BCE)<\/strong><\/a>, <a href=\"https:\/\/www.suno.com.br\/tudo-sobre\/christine-lagarde\/#:~:text=Christine%20Lagarde%20%C3%A9%20a%20atual,de%20investimento%20de%20uma%20na%C3%A7%C3%A3o.\"><strong>Christine Lagarde<\/strong><\/a>, afirmou que a reuni\u00e3o do G-20 nesta sexta-feira (26) foi &#8220;muito produtiva&#8221;. O grupo re\u00fane as 20 maiores economias do mundo.<\/p>\t<div class=\"wrapper-featured-image\">\n\t\t<figure class=\"spotlightImg\">\n\n\t\t\t<picture>\n\t\t\t\t<source media=\"(max-width: 768px)\" srcset=\"https:\/\/files.sunoresearch.com.br\/n\/uploads\/2021\/02\/81b4718b-lagarde-800x450-1-400x200.webp\">\n\t\t\t\t<img loading=\"lazy\" decoding=\"async\" class=\"newsContent__article__imgCapa lazyloadDisabled \" src=\"https:\/\/files.sunoresearch.com.br\/n\/uploads\/2021\/02\/81b4718b-lagarde-800x450-1-jpg.webp\" width=\"800\" height=\"450\" alt=\"BCE: Lagarde refor\u00e7a defesa de pol\u00edticas acomodat\u00edcias\" fetchpriority=high \/>\n\t\t\t<\/picture>\n\n\t\t\t<figcaption class=\"wp-caption-text wp-caption-text--show\">BCE: Lagarde refor\u00e7a defesa de pol\u00edticas acomodat\u00edcias<\/figcaption>\n\t\t<\/figure>\n\t<\/div>\n\n\n\t<p>\n\t\t<a href=\"https:\/\/lp.suno.com.br\/planilha-controle-gastos\/\" target=\"_blank\" data-element=\"shortcode-suno-banner\" title=\"Banner SUNO, clique e saiba mais\">\n\t\t\t<picture>\n\t\t\t\t<source media=\"(max-width: 500px)\" srcset=\"https:\/\/files.sunoresearch.com.br\/n\/uploads\/2023\/03\/400x300-Planilha-controle-de-gastos.png\">\n\t\t\t\t<img class=\"newsContent__article__imgCapa newsContent__article__imgCapa--banner\"\n\t\t\t\t\tsrc=\"https:\/\/files.sunoresearch.com.br\/n\/uploads\/2023\/03\/1420x240-Planilha-controle-de-gastos.png\"\n\t\t\t\t\tdata-promo-id=\"101751\"\t\t\t\t\t\t\t\t\t\twidth='1420' height='240'\t\t\t\t\talt=\"https:\/\/files.sunoresearch.com.br\/n\/uploads\/2023\/03\/1420x240-Planilha-controle-de-gastos.png\"\n\t\t\t\t>\n\t\t\t<\/picture>\n\t\t<\/a>\n\t<\/p>\n\n\n<p>Em sua conta oficial no Twitter, ao comentar a reuni\u00e3o, Lagarde disse que as <a href=\"https:\/\/www.suno.com.br\/artigos\/politica-monetaria\/#:~:text=Ou%20seja%2C%20o%20dep%C3%B3sito%20compuls%C3%B3rio,de%20uma%20pol%C3%ADtica%20monet%C3%A1ria%20expansionista.\">pol\u00edticas monet\u00e1ria e fiscal<\/a> devem continuar acomodat\u00edcias e a &#8220;trabalhar lado a lado&#8221;.<\/p>\n<p>A dirigente tamb\u00e9m defendeu o foco em garantir uma recupera\u00e7\u00e3o econ\u00f4mica &#8220;verde, digital e inclusiva&#8221; ap\u00f3s a crise gerada pela pandemia do <strong>coronav\u00edrus\u00a0 (covid-19).<\/strong><\/p>\n<p><a href=\"https:\/\/lp.suno.com.br\/suno-one\/\">Suno One: acesse gratuitamente eBooks, Minicursos, Artigos e Video Aulas sobre investimentos com um \u00fanico cadastro. Clique para saber mais!<\/a><\/p>\n<p>O encontro virtual de ministros das finan\u00e7as e presidentes de bancos centrais foi organizado pela It\u00e1lia, que est\u00e1 na presid\u00eancia rotativa do G-20. O ministro da Economia, Paulo Guedes, participou das discuss\u00f5es.<\/p>\n<h2>Infla\u00e7\u00e3o deve aumentar nos pr\u00f3ximos meses na zona do euro, diz BCE<\/h2>\n<p>A presidente do Banco Central Europeu<strong> (BCE)<\/strong>, Christine Lagarde, anunciou em janeiro deste ano que a <a href=\"https:\/\/www.suno.com.br\/artigos\/inflacao\/\">infla\u00e7\u00e3o<\/a> da <a href=\"https:\/\/www.suno.com.br\/artigos\/zona-do-euro\/\">zona do euro<\/a> deve aumentar nos pr\u00f3ximos meses, \u00e0 medida em que o impacto da pandemia do coronav\u00edrus (covid-19) diminui, com apoio de pol\u00edticas fiscais e monet\u00e1rias acomodat\u00edcias.<\/p>\n<p>Durante coletiva de imprensa, ap\u00f3s decis\u00e3o de <strong>pol\u00edtica monet\u00e1ria<\/strong> do BCE, a mandat\u00e1ria informou tamb\u00e9m que para o curto prazo, o n\u00edvel de pre\u00e7os ainda seguir\u00e1 baixo em fun\u00e7\u00e3o da &#8220;fraca demanda nos setores de turismo&#8221;, al\u00e9m da press\u00e3o causada pela aprecia\u00e7\u00e3o do euro.<\/p>\n<p>De acordo com Lagarde: &#8220;Continuaremos monitorando a evolu\u00e7\u00e3o da taxa de c\u00e2mbio no que diz respeito \u00e0s suas poss\u00edveis implica\u00e7\u00f5es para as perspectivas de infla\u00e7\u00e3o no m\u00e9dio prazo&#8221;.<\/p>\n<p>Al\u00e9m disso, para a presidente da entidade os sinais da economia da zona do euro s\u00e3o &#8220;mistos&#8221;, ressaltando a import\u00e2ncia &#8220;cr\u00edtica&#8221; de se manter uma <a href=\"https:\/\/www.suno.com.br\/artigos\/politica-fiscal\/\"><strong>pol\u00edtica fiscal<\/strong><\/a> direcionada e tempor\u00e1ria.<\/p>\n<p>&#8220;\u00c9 necess\u00e1rio seguir acomodat\u00edcio tanto do ponto de vista fiscal quanto monet\u00e1rio&#8221;, pontuou.<\/p>\n<p><a href=\"https:\/\/www.suno.com.br\/noticias\/bce-retomada-economia-encorajadora-pandemia-desafio\/\">Veja Tamb\u00e9m: BCE: &#8220;retomada na economia foi encorajadora, mas pandemia segue como desafio&#8221;<\/a><\/p>\n<p>A dirigente destacou tamb\u00e9m as variantes do novo v\u00edrus e os atrasos no processo de vacina\u00e7\u00e3o, al\u00e9m da intensifica\u00e7\u00e3o da pandemia.<\/p>\n<p>&#8220;Consideramos proje\u00e7\u00f5es econ\u00f4micas de dezembro como ainda v\u00e1lidas&#8221;, disse <strong>Lagarde<\/strong>, acrescentando que os riscos apontam para negativo, embora de forma menos pronunciada.<\/p>\n<p><em>Com informa\u00e7\u00f5es do Estad\u00e3o Conte\u00fado<\/em><\/p>\n\t<p>\n\t\t<a href=\"https:\/\/lp.suno.com.br\/planilha-de-controle-de-investimentos\/\" target=\"_blank\" data-element=\"shortcode-suno-banner\" title=\"Banner SUNO, clique e saiba mais\">\n\t\t\t<picture>\n\t\t\t\t<source media=\"(max-width: 500px)\" srcset=\"https:\/\/files.sunoresearch.com.br\/n\/uploads\/2023\/03\/400x300-Controle-de-Investimentos.png\">\n\t\t\t\t<img class=\"newsContent__article__imgCapa newsContent__article__imgCapa--banner\"\n\t\t\t\t\tsrc=\"https:\/\/files.sunoresearch.com.br\/n\/uploads\/2023\/03\/1420x240-Controle-de-Investimentos.png\"\n\t\t\t\t\tdata-promo-id=\"75934\"\t\t\t\t\t\t\t\t\t\twidth='1420' height='240'\t\t\t\t\talt=\"https:\/\/files.sunoresearch.com.br\/n\/uploads\/2023\/03\/1420x240-Controle-de-Investimentos.png\"\n\t\t\t\t>\n\t\t\t<\/picture>\n\t\t<\/a>\n\t<\/p>\n\n\n","protected":false},"excerpt":{"rendered":"<p>A presidente do Banco Central Europeu (BCE), Christine Lagarde, afirmou que a reuni\u00e3o do G-20 nesta sexta-feira (26) foi &#8220;muito produtiva&#8221;. O grupo re\u00fane as 20 maiores economias do mundo. BCE: Lagarde refor\u00e7a defesa de pol\u00edticas acomodat\u00edcias Em sua conta oficial no Twitter, ao comentar a reuni\u00e3o, Lagarde disse que as pol\u00edticas monet\u00e1ria e fiscal [&hellip;]<\/p>\n","protected":false},"author":56,"featured_media":127227,"comment_status":"closed","ping_status":"closed","sticky":false,"template":"","format":"standard","meta":[],"categories":[63],"tags":[863,1528,2448],"suno_strategy":[],"class_list":["post-127166","post","type-post","status-publish","format-standard","has-post-thumbnail","hentry","category-internacional","tag-banco-central-europeu-bce","tag-christine-lagarde","tag-politica-monetaria"],"yoast_head":"<!-- This site is optimized with the Yoast SEO plugin v24.4 - https:\/\/yoast.com\/wordpress\/plugins\/seo\/ -->\n<title>BCE: Lagarde refor\u00e7a defesa de pol\u00edticas acomodat\u00edcias<\/title>\n<meta name=\"description\" content=\"Ap\u00f3s reuni\u00e3o do G-20, Lagarde disse que as pol\u00edticas monet\u00e1ria e fiscal devem continuar acomodat\u00edcias. Clique aqui para saber mais.\" \/>\n<meta name=\"robots\" content=\"index, follow, max-snippet:-1, max-image-preview:large, max-video-preview:-1\" \/>\n<link rel=\"canonical\" href=\"https:\/\/www.suno.com.br\/noticias\/bce-lagarde-politicas-acomodaticias\/\" \/>\n<meta property=\"og:locale\" content=\"pt_BR\" \/>\n<meta property=\"og:type\" content=\"article\" \/>\n<meta property=\"og:title\" content=\"BCE: Lagarde refor\u00e7a defesa de pol\u00edticas acomodat\u00edcias\" \/>\n<meta property=\"og:description\" content=\"Ap\u00f3s reuni\u00e3o do G-20, Lagarde disse que as pol\u00edticas monet\u00e1ria e fiscal devem continuar acomodat\u00edcias. Clique aqui para saber mais.\" \/>\n<meta property=\"og:url\" content=\"https:\/\/www.suno.com.br\/noticias\/bce-lagarde-politicas-acomodaticias\/\" \/>\n<meta property=\"og:site_name\" content=\"Suno Not\u00edcias\" \/>\n<meta property=\"article:publisher\" content=\"https:\/\/facebook.com\/sunoresearch\" \/>\n<meta property=\"og:image\" content=\"https:\/\/files.sunoresearch.com.br\/n\/uploads\/2021\/02\/81b4718b-lagarde-800x450-1.jpg\" \/>\n\t<meta property=\"og:image:width\" content=\"800\" \/>\n\t<meta property=\"og:image:height\" content=\"450\" \/>\n\t<meta property=\"og:image:type\" content=\"image\/jpeg\" \/>\n<meta name=\"author\" content=\"Rafaela La Regina\" \/>\n<meta name=\"twitter:card\" content=\"summary_large_image\" \/>\n<meta name=\"twitter:creator\" content=\"@sunoresearch\" \/>\n<meta name=\"twitter:site\" content=\"@sunoresearch\" \/>\n<meta name=\"twitter:label1\" content=\"Escrito por\" \/>\n\t<meta name=\"twitter:data1\" content=\"Rafaela La Regina\" \/>\n\t<meta name=\"twitter:label2\" content=\"Est. tempo de leitura\" \/>\n\t<meta name=\"twitter:data2\" content=\"2 minutos\" \/>\n<script type=\"application\/ld+json\" class=\"yoast-schema-graph\">{\"@context\":\"https:\/\/schema.org\",\"@graph\":[{\"@type\":\"NewsArticle\",\"@id\":\"https:\/\/www.suno.com.br\/noticias\/bce-lagarde-politicas-acomodaticias\/#article\",\"isPartOf\":{\"@id\":\"https:\/\/www.suno.com.br\/noticias\/bce-lagarde-politicas-acomodaticias\/\"},\"author\":{\"name\":\"Rafaela La Regina\",\"@id\":\"https:\/\/www.suno.com.br\/noticias\/#\/schema\/person\/e672ca8cea627fe715fa29bca7da95e0\"},\"headline\":\"BCE: Lagarde refor\u00e7a defesa de pol\u00edticas acomodat\u00edcias\",\"datePublished\":\"2021-02-26T20:03:41+00:00\",\"mainEntityOfPage\":{\"@id\":\"https:\/\/www.suno.com.br\/noticias\/bce-lagarde-politicas-acomodaticias\/\"},\"wordCount\":441,\"publisher\":{\"@id\":\"https:\/\/www.suno.com.br\/noticias\/#organization\"},\"image\":{\"@id\":\"https:\/\/www.suno.com.br\/noticias\/bce-lagarde-politicas-acomodaticias\/#primaryimage\"},\"thumbnailUrl\":\"https:\/\/files.sunoresearch.com.br\/n\/uploads\/2021\/02\/81b4718b-lagarde-800x450-1-jpg.webp\",\"keywords\":[\"Banco Central Europeu (BCE)\",\"Christine Lagarde\",\"pol\u00edtica monet\u00e1ria\"],\"articleSection\":[\"Internacional\"],\"inLanguage\":\"pt-BR\"},{\"@type\":\"WebPage\",\"@id\":\"https:\/\/www.suno.com.br\/noticias\/bce-lagarde-politicas-acomodaticias\/\",\"url\":\"https:\/\/www.suno.com.br\/noticias\/bce-lagarde-politicas-acomodaticias\/\",\"name\":\"BCE: Lagarde refor\u00e7a defesa de pol\u00edticas acomodat\u00edcias\",\"isPartOf\":{\"@id\":\"https:\/\/www.suno.com.br\/noticias\/#website\"},\"primaryImageOfPage\":{\"@id\":\"https:\/\/www.suno.com.br\/noticias\/bce-lagarde-politicas-acomodaticias\/#primaryimage\"},\"image\":{\"@id\":\"https:\/\/www.suno.com.br\/noticias\/bce-lagarde-politicas-acomodaticias\/#primaryimage\"},\"thumbnailUrl\":\"https:\/\/files.sunoresearch.com.br\/n\/uploads\/2021\/02\/81b4718b-lagarde-800x450-1-jpg.webp\",\"datePublished\":\"2021-02-26T20:03:41+00:00\",\"description\":\"Ap\u00f3s reuni\u00e3o do G-20, Lagarde disse que as pol\u00edticas monet\u00e1ria e fiscal devem continuar acomodat\u00edcias. Clique aqui para saber mais.\",\"breadcrumb\":{\"@id\":\"https:\/\/www.suno.com.br\/noticias\/bce-lagarde-politicas-acomodaticias\/#breadcrumb\"},\"inLanguage\":\"pt-BR\",\"potentialAction\":[{\"@type\":\"ReadAction\",\"target\":[\"https:\/\/www.suno.com.br\/noticias\/bce-lagarde-politicas-acomodaticias\/\"]}]},{\"@type\":\"ImageObject\",\"inLanguage\":\"pt-BR\",\"@id\":\"https:\/\/www.suno.com.br\/noticias\/bce-lagarde-politicas-acomodaticias\/#primaryimage\",\"url\":\"https:\/\/files.sunoresearch.com.br\/n\/uploads\/2021\/02\/81b4718b-lagarde-800x450-1-jpg.webp\",\"contentUrl\":\"https:\/\/files.sunoresearch.com.br\/n\/uploads\/2021\/02\/81b4718b-lagarde-800x450-1-jpg.webp\",\"width\":800,\"height\":450,\"caption\":\"BCE: Lagarde refor\u00e7a defesa de pol\u00edticas acomodat\u00edcias\"},{\"@type\":\"BreadcrumbList\",\"@id\":\"https:\/\/www.suno.com.br\/noticias\/bce-lagarde-politicas-acomodaticias\/#breadcrumb\",\"itemListElement\":[{\"@type\":\"ListItem\",\"position\":1,\"name\":\"Not\u00edcias\",\"item\":\"https:\/\/www.suno.com.br\/noticias\/\"},{\"@type\":\"ListItem\",\"position\":2,\"name\":\"Internacional\",\"item\":\"https:\/\/www.suno.com.br\/noticias\/internacional\/\"},{\"@type\":\"ListItem\",\"position\":3,\"name\":\"BCE: Lagarde refor\u00e7a defesa de pol\u00edticas acomodat\u00edcias\"}]},{\"@type\":\"WebSite\",\"@id\":\"https:\/\/www.suno.com.br\/noticias\/#website\",\"url\":\"https:\/\/www.suno.com.br\/noticias\/\",\"name\":\"Suno Not\u00edcias\",\"description\":\"Seu portal de informa\u00e7\u00e3o sobre o mundo dos investimentos\",\"publisher\":{\"@id\":\"https:\/\/www.suno.com.br\/noticias\/#organization\"},\"potentialAction\":[{\"@type\":\"SearchAction\",\"target\":{\"@type\":\"EntryPoint\",\"urlTemplate\":\"https:\/\/www.suno.com.br\/noticias\/?s={search_term_string}\"},\"query-input\":{\"@type\":\"PropertyValueSpecification\",\"valueRequired\":true,\"valueName\":\"search_term_string\"}}],\"inLanguage\":\"pt-BR\"},{\"@type\":\"Organization\",\"@id\":\"https:\/\/www.suno.com.br\/noticias\/#organization\",\"name\":\"Suno Not\u00edcias\",\"url\":\"https:\/\/www.suno.com.br\/noticias\/\",\"logo\":{\"@type\":\"ImageObject\",\"inLanguage\":\"pt-BR\",\"@id\":\"https:\/\/www.suno.com.br\/noticias\/#\/schema\/logo\/image\/\",\"url\":\"https:\/\/files.sunoresearch.com.br\/n\/uploads\/2021\/09\/suno-logo.png\",\"contentUrl\":\"https:\/\/files.sunoresearch.com.br\/n\/uploads\/2021\/09\/suno-logo.png\",\"width\":180,\"height\":180,\"caption\":\"Suno Not\u00edcias\"},\"image\":{\"@id\":\"https:\/\/www.suno.com.br\/noticias\/#\/schema\/logo\/image\/\"},\"sameAs\":[\"https:\/\/facebook.com\/sunoresearch\",\"https:\/\/x.com\/sunoresearch\",\"https:\/\/www.instagram.com\/suno\",\"https:\/\/www.linkedin.com\/company\/suno-research\/\",\"https:\/\/www.youtube.com\/c\/sunoresearch\"]},{\"@type\":\"Person\",\"@id\":\"https:\/\/www.suno.com.br\/noticias\/#\/schema\/person\/e672ca8cea627fe715fa29bca7da95e0\",\"name\":\"Rafaela La Regina\",\"image\":{\"@type\":\"ImageObject\",\"inLanguage\":\"pt-BR\",\"@id\":\"https:\/\/www.suno.com.br\/noticias\/#\/schema\/person\/image\/\",\"url\":\"https:\/\/secure.gravatar.com\/avatar\/d2c75a52d243deb93d0465fdcb21bd37?s=96&r=g\",\"contentUrl\":\"https:\/\/secure.gravatar.com\/avatar\/d2c75a52d243deb93d0465fdcb21bd37?s=96&r=g\",\"caption\":\"Rafaela La Regina\"},\"description\":\"Estagi\u00e1ria no Suno Not\u00edcias. Escreve sobre economia, pol\u00edtica e neg\u00f3cios. Estuda Rela\u00e7\u00f5es Internacionais no IBMEC-SP.\",\"url\":\"https:\/\/www.suno.com.br\/noticias\/author\/rafaela-la-regina\/\"}]}<\/script>\n<!-- \/ Yoast SEO plugin. -->","yoast_head_json":{"title":"BCE: Lagarde refor\u00e7a defesa de pol\u00edticas acomodat\u00edcias","description":"Ap\u00f3s reuni\u00e3o do G-20, Lagarde disse que as pol\u00edticas monet\u00e1ria e fiscal devem continuar acomodat\u00edcias. Clique aqui para saber mais.","robots":{"index":"index","follow":"follow","max-snippet":"max-snippet:-1","max-image-preview":"max-image-preview:large","max-video-preview":"max-video-preview:-1"},"canonical":"https:\/\/www.suno.com.br\/noticias\/bce-lagarde-politicas-acomodaticias\/","og_locale":"pt_BR","og_type":"article","og_title":"BCE: Lagarde refor\u00e7a defesa de pol\u00edticas acomodat\u00edcias","og_description":"Ap\u00f3s reuni\u00e3o do G-20, Lagarde disse que as pol\u00edticas monet\u00e1ria e fiscal devem continuar acomodat\u00edcias. Clique aqui para saber mais.","og_url":"https:\/\/www.suno.com.br\/noticias\/bce-lagarde-politicas-acomodaticias\/","og_site_name":"Suno Not\u00edcias","article_publisher":"https:\/\/facebook.com\/sunoresearch","og_image":[{"width":800,"height":450,"url":"https:\/\/files.sunoresearch.com.br\/n\/uploads\/2021\/02\/81b4718b-lagarde-800x450-1.jpg","type":"image\/jpeg"}],"author":"Rafaela La Regina","twitter_card":"summary_large_image","twitter_creator":"@sunoresearch","twitter_site":"@sunoresearch","twitter_misc":{"Escrito por":"Rafaela La Regina","Est. tempo de leitura":"2 minutos"},"schema":{"@context":"https:\/\/schema.org","@graph":[{"@type":"NewsArticle","@id":"https:\/\/www.suno.com.br\/noticias\/bce-lagarde-politicas-acomodaticias\/#article","isPartOf":{"@id":"https:\/\/www.suno.com.br\/noticias\/bce-lagarde-politicas-acomodaticias\/"},"author":{"name":"Rafaela La Regina","@id":"https:\/\/www.suno.com.br\/noticias\/#\/schema\/person\/e672ca8cea627fe715fa29bca7da95e0"},"headline":"BCE: Lagarde refor\u00e7a defesa de pol\u00edticas acomodat\u00edcias","datePublished":"2021-02-26T20:03:41+00:00","mainEntityOfPage":{"@id":"https:\/\/www.suno.com.br\/noticias\/bce-lagarde-politicas-acomodaticias\/"},"wordCount":441,"publisher":{"@id":"https:\/\/www.suno.com.br\/noticias\/#organization"},"image":{"@id":"https:\/\/www.suno.com.br\/noticias\/bce-lagarde-politicas-acomodaticias\/#primaryimage"},"thumbnailUrl":"https:\/\/files.sunoresearch.com.br\/n\/uploads\/2021\/02\/81b4718b-lagarde-800x450-1-jpg.webp","keywords":["Banco Central Europeu (BCE)","Christine Lagarde","pol\u00edtica monet\u00e1ria"],"articleSection":["Internacional"],"inLanguage":"pt-BR"},{"@type":"WebPage","@id":"https:\/\/www.suno.com.br\/noticias\/bce-lagarde-politicas-acomodaticias\/","url":"https:\/\/www.suno.com.br\/noticias\/bce-lagarde-politicas-acomodaticias\/","name":"BCE: Lagarde refor\u00e7a defesa de pol\u00edticas acomodat\u00edcias","isPartOf":{"@id":"https:\/\/www.suno.com.br\/noticias\/#website"},"primaryImageOfPage":{"@id":"https:\/\/www.suno.com.br\/noticias\/bce-lagarde-politicas-acomodaticias\/#primaryimage"},"image":{"@id":"https:\/\/www.suno.com.br\/noticias\/bce-lagarde-politicas-acomodaticias\/#primaryimage"},"thumbnailUrl":"https:\/\/files.sunoresearch.com.br\/n\/uploads\/2021\/02\/81b4718b-lagarde-800x450-1-jpg.webp","datePublished":"2021-02-26T20:03:41+00:00","description":"Ap\u00f3s reuni\u00e3o do G-20, Lagarde disse que as pol\u00edticas monet\u00e1ria e fiscal devem continuar acomodat\u00edcias. Clique aqui para saber mais.","breadcrumb":{"@id":"https:\/\/www.suno.com.br\/noticias\/bce-lagarde-politicas-acomodaticias\/#breadcrumb"},"inLanguage":"pt-BR","potentialAction":[{"@type":"ReadAction","target":["https:\/\/www.suno.com.br\/noticias\/bce-lagarde-politicas-acomodaticias\/"]}]},{"@type":"ImageObject","inLanguage":"pt-BR","@id":"https:\/\/www.suno.com.br\/noticias\/bce-lagarde-politicas-acomodaticias\/#primaryimage","url":"https:\/\/files.sunoresearch.com.br\/n\/uploads\/2021\/02\/81b4718b-lagarde-800x450-1-jpg.webp","contentUrl":"https:\/\/files.sunoresearch.com.br\/n\/uploads\/2021\/02\/81b4718b-lagarde-800x450-1-jpg.webp","width":800,"height":450,"caption":"BCE: Lagarde refor\u00e7a defesa de pol\u00edticas acomodat\u00edcias"},{"@type":"BreadcrumbList","@id":"https:\/\/www.suno.com.br\/noticias\/bce-lagarde-politicas-acomodaticias\/#breadcrumb","itemListElement":[{"@type":"ListItem","position":1,"name":"Not\u00edcias","item":"https:\/\/www.suno.com.br\/noticias\/"},{"@type":"ListItem","position":2,"name":"Internacional","item":"https:\/\/www.suno.com.br\/noticias\/internacional\/"},{"@type":"ListItem","position":3,"name":"BCE: Lagarde refor\u00e7a defesa de pol\u00edticas acomodat\u00edcias"}]},{"@type":"WebSite","@id":"https:\/\/www.suno.com.br\/noticias\/#website","url":"https:\/\/www.suno.com.br\/noticias\/","name":"Suno Not\u00edcias","description":"Seu portal de informa\u00e7\u00e3o sobre o mundo dos investimentos","publisher":{"@id":"https:\/\/www.suno.com.br\/noticias\/#organization"},"potentialAction":[{"@type":"SearchAction","target":{"@type":"EntryPoint","urlTemplate":"https:\/\/www.suno.com.br\/noticias\/?s={search_term_string}"},"query-input":{"@type":"PropertyValueSpecification","valueRequired":true,"valueName":"search_term_string"}}],"inLanguage":"pt-BR"},{"@type":"Organization","@id":"https:\/\/www.suno.com.br\/noticias\/#organization","name":"Suno Not\u00edcias","url":"https:\/\/www.suno.com.br\/noticias\/","logo":{"@type":"ImageObject","inLanguage":"pt-BR","@id":"https:\/\/www.suno.com.br\/noticias\/#\/schema\/logo\/image\/","url":"https:\/\/files.sunoresearch.com.br\/n\/uploads\/2021\/09\/suno-logo.png","contentUrl":"https:\/\/files.sunoresearch.com.br\/n\/uploads\/2021\/09\/suno-logo.png","width":180,"height":180,"caption":"Suno Not\u00edcias"},"image":{"@id":"https:\/\/www.suno.com.br\/noticias\/#\/schema\/logo\/image\/"},"sameAs":["https:\/\/facebook.com\/sunoresearch","https:\/\/x.com\/sunoresearch","https:\/\/www.instagram.com\/suno","https:\/\/www.linkedin.com\/company\/suno-research\/","https:\/\/www.youtube.com\/c\/sunoresearch"]},{"@type":"Person","@id":"https:\/\/www.suno.com.br\/noticias\/#\/schema\/person\/e672ca8cea627fe715fa29bca7da95e0","name":"Rafaela La Regina","image":{"@type":"ImageObject","inLanguage":"pt-BR","@id":"https:\/\/www.suno.com.br\/noticias\/#\/schema\/person\/image\/","url":"https:\/\/secure.gravatar.com\/avatar\/d2c75a52d243deb93d0465fdcb21bd37?s=96&r=g","contentUrl":"https:\/\/secure.gravatar.com\/avatar\/d2c75a52d243deb93d0465fdcb21bd37?s=96&r=g","caption":"Rafaela La Regina"},"description":"Estagi\u00e1ria no Suno Not\u00edcias. Escreve sobre economia, pol\u00edtica e neg\u00f3cios. Estuda Rela\u00e7\u00f5es Internacionais no IBMEC-SP.","url":"https:\/\/www.suno.com.br\/noticias\/author\/rafaela-la-regina\/"}]}},"default_loop_html":"<div class=\"cardsPage__listCard__boxs\"><div class=\"cardsPage__listCard__boxs__img\"><a href=\"https:\/\/www.suno.com.br\/noticias\/bce-lagarde-politicas-acomodaticias\/\"><img class=\"mask\" src=\"https:\/\/www.suno.com.br\/noticias\/wp-content\/themes\/suno\/resources\/images\/spotlight\/spotlight1img\/bg-mask.png\" alt=\"Image Mask\"\/><img src=\"https:\/\/files.sunoresearch.com.br\/n\/uploads\/2021\/02\/81b4718b-lagarde-800x450-1-400x200.webp\" alt=\"BCE: Lagarde refor\u00e7a defesa de pol\u00edticas acomodat\u00edcias\"\/><\/a><span class=\"spotlightCategory\"><a href=\"https:\/\/www.suno.com.br\/noticias\/internacional\/\">Internacional<\/a><\/span><\/div><div class=\"cardsPage__listCard__boxs__content\"><a href=\"https:\/\/www.suno.com.br\/noticias\/bce-lagarde-politicas-acomodaticias\/\"><h2 class=\"content__title\">BCE: Lagarde refor\u00e7a defesa de pol\u00edticas acomodat\u00edcias<\/h2><\/a><div class=\"newsContent__article__meta\"><div class=\"newsContent__article__meta__authorBox\"><a href=\"https:\/\/www.suno.com.br\/noticias\/author\/rafaela-la-regina\/\" class=\"authorBox__avatar noMobi\"><img src=\"https:\/\/secure.gravatar.com\/avatar\/d2c75a52d243deb93d0465fdcb21bd37?s=96&#038;r=g\" alt=\"Rafaela La Regina\"><\/a><div class=\"authorBox__name\"><span>por\n\t\t\t<a href=\"https:\/\/www.suno.com.br\/noticias\/author\/rafaela-la-regina\/\"><span itemprop=\"author\">Rafaela La Regina<\/span><\/a><\/span><time datetime=\"2021-02-26T17:03:41-03:00\" itemprop=\"datePublished\">26\/02\/2021 17:03<\/time><\/div><\/div><\/div><\/div><\/div>","single_layout":"posts","amp_enabled":true,"_links":{"self":[{"href":"https:\/\/www.suno.com.br\/noticias\/wp-json\/wp\/v2\/posts\/127166"}],"collection":[{"href":"https:\/\/www.suno.com.br\/noticias\/wp-json\/wp\/v2\/posts"}],"about":[{"href":"https:\/\/www.suno.com.br\/noticias\/wp-json\/wp\/v2\/types\/post"}],"author":[{"embeddable":true,"href":"https:\/\/www.suno.com.br\/noticias\/wp-json\/wp\/v2\/users\/56"}],"replies":[{"embeddable":true,"href":"https:\/\/www.suno.com.br\/noticias\/wp-json\/wp\/v2\/comments?post=127166"}],"version-history":[{"count":2,"href":"https:\/\/www.suno.com.br\/noticias\/wp-json\/wp\/v2\/posts\/127166\/revisions"}],"predecessor-version":[{"id":127223,"href":"https:\/\/www.suno.com.br\/noticias\/wp-json\/wp\/v2\/posts\/127166\/revisions\/127223"}],"wp:featuredmedia":[{"embeddable":true,"href":"https:\/\/www.suno.com.br\/noticias\/wp-json\/wp\/v2\/media\/127227"}],"wp:attachment":[{"href":"https:\/\/www.suno.com.br\/noticias\/wp-json\/wp\/v2\/media?parent=127166"}],"wp:term":[{"taxonomy":"category","embeddable":true,"href":"https:\/\/www.suno.com.br\/noticias\/wp-json\/wp\/v2\/categories?post=127166"},{"taxonomy":"post_tag","embeddable":true,"href":"https:\/\/www.suno.com.br\/noticias\/wp-json\/wp\/v2\/tags?post=127166"},{"taxonomy":"suno_strategy","embeddable":true,"href":"https:\/\/www.suno.com.br\/noticias\/wp-json\/wp\/v2\/suno_strategy?post=127166"}],"curies":[{"name":"wp","href":"https:\/\/api.w.org\/{rel}","templated":true}]}}