{"id":127101,"date":"2021-02-28T14:34:13","date_gmt":"2021-02-28T17:34:13","guid":{"rendered":"https:\/\/www.suno.com.br\/noticias\/?p=127101"},"modified":"2021-05-31T00:13:53","modified_gmt":"2021-05-31T03:13:53","slug":"small-caps-maiores-altas-fevereiro-2021","status":"publish","type":"post","link":"https:\/\/www.suno.com.br\/noticias\/small-caps-maiores-altas-fevereiro-2021\/","title":{"rendered":"Veja as 5 small caps que mais valorizaram em fevereiro"},"content":{"rendered":"<p>O mercado acion\u00e1rio brasileiro, seguindo a onda das bolsas mundiais, abriu o m\u00eas de fevereiro de forma otimista, mas foi contamidada por temores pol\u00edticos e aspectos macroecon\u00f4micos. Embora o <a href=\"https:\/\/www.suno.com.br\/artigos\/ibovespa\/\">Ibovespa tenha ampliado o campo negativo<\/a> no ano, algumas <strong>small caps<\/strong> se destacaram no m\u00eas.<\/p>\t<div class=\"wrapper-featured-image\">\n\t\t<figure class=\"spotlightImg\">\n\n\t\t\t<picture>\n\t\t\t\t<source media=\"(max-width: 768px)\" srcset=\"https:\/\/files.sunoresearch.com.br\/n\/uploads\/2021\/02\/e3218913-space-grey-ipad-air-with-graph-on-brown-wooden-table-187041-scaled-1-400x200.webp\">\n\t\t\t\t<img loading=\"lazy\" decoding=\"async\" class=\"newsContent__article__imgCapa lazyloadDisabled \" src=\"https:\/\/files.sunoresearch.com.br\/n\/uploads\/2021\/02\/e3218913-space-grey-ipad-air-with-graph-on-brown-wooden-table-187041-scaled-1-800x450.webp\" width=\"800\" height=\"450\" alt=\"Veja as 5 small caps que mais valorizaram em fevereiro\" fetchpriority=high \/>\n\t\t\t<\/picture>\n\n\t\t\t<figcaption class=\"wp-caption-text wp-caption-text--show\">O Ibovespa fechou fevereiro em queda, mas algumas small caps se destacaram positivamente no m\u00eas.<\/figcaption>\n\t\t<\/figure>\n\t<\/div>\n\n\n\t<p>\n\t\t<a href=\"https:\/\/lp.suno.com.br\/planilha-controle-gastos\/\" target=\"_blank\" data-element=\"shortcode-suno-banner\" title=\"Banner SUNO, clique e saiba mais\">\n\t\t\t<picture>\n\t\t\t\t<source media=\"(max-width: 500px)\" srcset=\"https:\/\/files.sunoresearch.com.br\/n\/uploads\/2023\/03\/400x300-Planilha-controle-de-gastos.png\">\n\t\t\t\t<img class=\"newsContent__article__imgCapa newsContent__article__imgCapa--banner\"\n\t\t\t\t\tsrc=\"https:\/\/files.sunoresearch.com.br\/n\/uploads\/2023\/03\/1420x240-Planilha-controle-de-gastos.png\"\n\t\t\t\t\tdata-promo-id=\"101751\"\t\t\t\t\t\t\t\t\t\twidth='1420' height='240'\t\t\t\t\talt=\"https:\/\/files.sunoresearch.com.br\/n\/uploads\/2023\/03\/1420x240-Planilha-controle-de-gastos.png\"\n\t\t\t\t>\n\t\t\t<\/picture>\n\t\t<\/a>\n\t<\/p>\n\n\n<p>Empresas de baixa capitaliza\u00e7\u00e3o de mercado normalmente apresentam maior volatilidade em momentos de estresse, como por exemplo o avan\u00e7o da pandemia do <a href=\"https:\/\/www.suno.com.br\/noticias\/search\/coronav%C3%ADrus\">novo <strong>coronav\u00edrus<\/strong> (Covid-19)<\/a> que vem sento observado no Pa\u00eds. Entretanto, por conta de alguns fatores n\u00e3o sistem\u00e1ticos, algumas <a href=\"https:\/\/www.suno.com.br\/artigos\/small-caps\/\">small caps<\/a> n\u00e3o sofreram com as incertezas e encerraram fevereiro em alta.<\/p>\n<p>De acordo com o <a href=\"https:\/\/www.suno.com.br\/artigos\/smal11\/\"><strong>SMAL11<\/strong>, ETF que replica a carteira te\u00f3rica de small caps<\/a> do mercado, seguindo seus crit\u00e9rios metodol\u00f3gicos, veja quais foram os cinco pap\u00e9is que mais valorizaram neste m\u00eas. Vale ressaltar que esta mat\u00e9ria <strong>n\u00e3o \u00e9 uma recomenda\u00e7\u00e3o de investimento<\/strong>.<\/p>\n<p><a href=\"https:\/\/lp.suno.com.br\/suno-one\/\">Suno One: acesse gratuitamente eBooks, Minicursos, Artigos e V\u00eddeo Aulas sobre investimentos com um \u00fanico cadastro. Clique para saber mais!<\/a><\/p>\n<h2>As small caps que mais valorizaram em fevereiro<\/h2>\n<h3>Ind\u00fastrias Romi<\/h3>\n<p>Segundo <strong>Rodrigo Weinberg<\/strong>, analista de small caps da <strong>SUNO Research<\/strong>, &#8220;a <a href=\"https:\/\/www.suno.com.br\/acoes\/romi3\/\"><strong>Ind\u00fastrias Romi<\/strong> (ROMI3)<\/a> apresentou resultados robustos no quarto trimestre de 2020, com crescimento de receita na ordem de 56,5% contra o mesmo per\u00edodo de 2019&#8243;.<\/p>\n<p>De acordo com o analista, a carteira de pedidos permanece pujante, tendo terminado ano passado com um n\u00famero 67,2% superior a 2019. Ele destaca <strong>Burkhardt+Weber<\/strong>, que teve eleva\u00e7\u00e3o na entrada de pedidos de 264,6% na compara\u00e7\u00e3o anualizada.<\/p>\n<p>A cota\u00e7\u00e3o das a\u00e7\u00f5es da empresa tem acompanhado o crescimento do pagamento dos <strong>dividendos<\/strong>, conforme o gr\u00e1fico abaixo.<\/p>\n<p><img loading=\"lazy\" decoding=\"async\" class=\"aligncenter wp-image-127174 size-full\" src=\"https:\/\/storage.googleapis.com\/wp-noticias\/2021\/02\/87431896-romo.jpg\" alt=\"\" width=\"797\" height=\"349\" \/><\/p>\n<p>A empresa encerrou fevereiro com uma valoriza\u00e7\u00e3o de 59,62% em suas a\u00e7\u00f5es, atualmente negociadas a R$ 26,80. O<strong> valor de mercado<\/strong> da companhia \u00e9 de R$ 1,99 bilh\u00e3o.<\/p>\n<h3>Banco Pan<\/h3>\n<p>O <a href=\"https:\/\/www.suno.com.br\/acoes\/bpan4\/\"><strong>Banco Pan<\/strong> (BPAN4)<\/a> tamb\u00e9m apresentou ao mercado seus resultados do quarto trimestre em fevereiro. &#8220;Observamos um bom desempenho da margem financeira, com maiores spreads e expans\u00e3o da carteira de cr\u00e9dito&#8221;, afirmou o analista.<\/p>\n<p>O <strong>\u00cdndice de Basileia<\/strong> continua confort\u00e1vel, mesmo com a retra\u00e7\u00e3o de 0,6 pontos percentuais, fechando o ano em 15,9%, muito acima do m\u00ednimo regulat\u00f3rio. A inadimpl\u00eancia de90 dias do varejo encerrou em 5,5%, abaixo dos 6,7% no trimestre anterior.<\/p>\n\t<div data-element=\"shortcode-read-more\" class=\"knowMore\">\n\t\t\t\t<span class=\"knowMore__title\">Saiba mais<\/span>\n\t\t\t\t<a class=\"knowMore__link\" href=\"https:\/\/www.suno.com.br\/noticias\/tegra-incorporadora-protocola-registro-de-ipo-na-cvm\/\">\n\t\t\tTegra Incorporadora, antiga Brookfield, protocola registro de IPO na CVM\t\t<\/a>\n\t<\/div>\n\n\n<p>A institui\u00e7\u00e3o tamb\u00e9m confirmou, na \u00faltima semana, que a <strong>Caixapar<\/strong>, bra\u00e7o de participa\u00e7\u00f5es da Caixa Econ\u00f4mica Federal, estuda vender as a\u00e7\u00f5es ordin\u00e1rias do banco. Atualmente, o instrumento estatal possui 49,2% dos pap\u00e9is \u2014 fatia que \u00e9 avaliada em cerca de R$ 4 bilh\u00f5es.<\/p>\n<p>Ap\u00f3s uma alta de 48,40%, as a\u00e7\u00f5es do Banco Pan encerraram fevereiro cotadas a R$ 13,89. Nos \u00faltimos 12 meses, o avan\u00e7o \u00e9 de aproximadamente 57%.<\/p>\n<h3>Embraer<\/h3>\n<p>No \u00faltimo trimestre de 2020, a <a href=\"https:\/\/www.suno.com.br\/acoes\/embr3\/\"><strong>Embraer<\/strong> (EMBR3)<\/a> apresentou recupera\u00e7\u00e3o nas entregas, disse Weinberg. As vendas t\u00eam sido limitadas pela pandemia e seu subsequente impacto no mercado de avia\u00e7\u00e3o comercial \u00e9 claro ao mercado.<\/p>\n<p>A companhia encerrou o ano com US$ 14,4 bilh\u00f5es em pedidos. &#8220;Observamos forte recupera\u00e7\u00e3o na demanda por jatos grandes, com 20 entregas somente no entre outubro e dezembro do ano passado, totalizando 30 jatos grandes em 2020.&#8221;<\/p>\n\t<p>\n\t\t<a href=\"https:\/\/lp.suno.com.br\/planilha-da-vida-financeira\/\" target=\"_blank\" data-element=\"shortcode-suno-banner\" title=\"Banner SUNO, clique e saiba mais\">\n\t\t\t<picture>\n\t\t\t\t<source media=\"(max-width: 500px)\" srcset=\"https:\/\/files.sunoresearch.com.br\/n\/uploads\/2023\/04\/400x300-Planilha-vida-financeira-true.png\">\n\t\t\t\t<img class=\"newsContent__article__imgCapa newsContent__article__imgCapa--banner\"\n\t\t\t\t\tsrc=\"https:\/\/files.sunoresearch.com.br\/n\/uploads\/2023\/04\/1420x240-Planilha-vida-financeira-true.png\"\n\t\t\t\t\tdata-promo-id=\"106682\"\t\t\t\t\t\t\t\t\t\twidth='1420' height='240'\t\t\t\t\talt=\"https:\/\/files.sunoresearch.com.br\/n\/uploads\/2023\/04\/1420x240-Planilha-vida-financeira-true.png\"\n\t\t\t\t>\n\t\t\t<\/picture>\n\t\t<\/a>\n\t<\/p>\n\n\n<p>Neste m\u00eas, o mercado foi positivamente surpreendidos com a not\u00edcia de que a companhia est\u00e1 negociando com a <strong>Lufthansa<\/strong>, embora analistas do mercado <a href=\"https:\/\/www.suno.com.br\/noticias\/embraer-embr3-queda-lufthansa\/\">entendam que o movimento pode ser especulativo<\/a>.<\/p>\n<p>Os investidores, que n\u00e3o t\u00eam culpa disso, viram as a\u00e7\u00f5es da Embraer decolarem 41,22% no m\u00eas, encerrando o \u00faltimo preg\u00e3o negociadas a R$ 12,23.<\/p>\n<h3>SLC \u00e9 destaque entre as small caps<\/h3>\n<p>A <a href=\"https:\/\/www.suno.com.br\/acoes\/slce3\/\"><strong>SLC Agr\u00edcola<\/strong> (SLCE3)<\/a>, fundada em 1977 pelo Grupo SLC, \u00e9 uma das maiores produtoras mundiais de <strong>commodities<\/strong>, como gr\u00e3os,\u00a0fibras, algod\u00e3o, soja e milho.<\/p>\n<p>Neste m\u00eas, o <a href=\"https:\/\/www.suno.com.br\/acoes\/bpac11\/\"><strong>BTG Pactual<\/strong> (BPAC11)<\/a> revisou para cima as estimativas para a companhia. Os analistas do banco de investimento refor\u00e7aram a recomenda\u00e7\u00e3o de compra do papel, com novo pre\u00e7o-alvo para os pr\u00f3ximos 12 meses de R$ 51.<\/p>\n<p>Para eles, a SLC \u00e9 uma das poucas maneiras de aproveitar o boom das <strong>commodities<\/strong> agr\u00edcolas, observado nos \u00faltimos meses e que deve ser prolongado, de acordo com especialistas. O banco acredita que os produtores de gr\u00e3os e algod\u00e3o est\u00e3o pr\u00f3ximos de ver as margens chegando a novos n\u00edveis.<\/p>\n\t<div data-element=\"shortcode-read-more\" class=\"knowMore\">\n\t\t\t\t<span class=\"knowMore__title\">Leia tamb\u00e9m<\/span>\n\t\t\t\t<a class=\"knowMore__link\" href=\"https:\/\/www.suno.com.br\/noticias\/itau-itub4-alta-selic-final-2021\/\">\n\t\t\tIta\u00fa (ITUB4) prev\u00ea eleva\u00e7\u00e3o da Selic para 5% no final de 2021\t\t<\/a>\n\t<\/div>\n\n\n<p>As a\u00e7\u00f5es da companhia encerraram fevereiro cotadas a R$ 40,98, ap\u00f3s um avan\u00e7o de 19,23%.<\/p>\n<h3>Portobello<\/h3>\n<p>O bom momento do setor de constru\u00e7\u00e3o, impulsionado pelas baixas taxas de financiamento imobili\u00e1rio, tem beneficiado a opera\u00e7\u00e3o da <a href=\"https:\/\/www.suno.com.br\/acoes\/ptbl3\/\"><strong>Portobello<\/strong> (PTBL3)<\/a>, segundo Weinberg.<\/p>\n<p>Nos primeiros nove meses de 2020, a empresa reduziu consideravelmente seu<a href=\"https:\/\/www.suno.com.br\/artigos\/ciclo-de-caixa\/\"> ciclo de convers\u00e3o de caixa<\/a> (63 dias contra 96 o mesmo per\u00edodo de 2019), o que denota uma melhor gest\u00e3o do estoque e negocia\u00e7\u00f5es com clientes e fornecedores.<\/p>\n<p>No gr\u00e1fico abaixo, \u00e9 retratado o cronograma de vencimento da d\u00edvida frente ao caixa. Chama aten\u00e7\u00e3o parte relevante da d\u00edvida ter vencimento neste ano. &#8220;\u00c9 importante aguardar os resultados do quarto trimestre para avaliar o desempenho da gera\u00e7\u00e3o de caixa, que deve continuar robusta&#8221;, afirmou o analista da SUNO Research.<\/p>\n<p><img loading=\"lazy\" decoding=\"async\" class=\"aligncenter wp-image-127199 size-full\" src=\"https:\/\/storage.googleapis.com\/wp-noticias\/2021\/02\/f66e8073-capturar.jpg\" alt=\"\" width=\"644\" height=\"376\" \/><\/p>\n<p>Os pap\u00e9is da Portobello, que \u00e9 uma das mais relevantes<strong> small caps<\/strong> do mercado, encerraram este m\u00eas negociadas a R$ 17,72, ap\u00f3s um avan\u00e7o de 8,69%.<\/p>\n\t<p>\n\t\t<a href=\"https:\/\/lp.suno.com.br\/planilha-de-controle-de-investimentos\/\" target=\"_blank\" data-element=\"shortcode-suno-banner\" title=\"Banner SUNO, clique e saiba mais\">\n\t\t\t<picture>\n\t\t\t\t<source media=\"(max-width: 500px)\" srcset=\"https:\/\/files.sunoresearch.com.br\/n\/uploads\/2023\/03\/400x300-Controle-de-Investimentos.png\">\n\t\t\t\t<img class=\"newsContent__article__imgCapa newsContent__article__imgCapa--banner\"\n\t\t\t\t\tsrc=\"https:\/\/files.sunoresearch.com.br\/n\/uploads\/2023\/03\/1420x240-Controle-de-Investimentos.png\"\n\t\t\t\t\tdata-promo-id=\"75934\"\t\t\t\t\t\t\t\t\t\twidth='1420' height='240'\t\t\t\t\talt=\"https:\/\/files.sunoresearch.com.br\/n\/uploads\/2023\/03\/1420x240-Controle-de-Investimentos.png\"\n\t\t\t\t>\n\t\t\t<\/picture>\n\t\t<\/a>\n\t<\/p>\n\n\n","protected":false},"excerpt":{"rendered":"<p>O mercado acion\u00e1rio brasileiro, seguindo a onda das bolsas mundiais, abriu o m\u00eas de fevereiro de forma otimista, mas foi contamidada por temores pol\u00edticos e aspectos macroecon\u00f4micos. Embora o Ibovespa tenha ampliado o campo negativo no ano, algumas small caps se destacaram no m\u00eas. O Ibovespa fechou fevereiro em queda, mas algumas small caps se [&hellip;]<\/p>\n","protected":false},"author":24,"featured_media":127151,"comment_status":"closed","ping_status":"closed","sticky":false,"template":"","format":"standard","meta":[],"categories":[60],"tags":[370,1937,460,105815,509,604,635,304],"suno_strategy":[],"class_list":["post-127101","post","type-post","status-publish","format-standard","has-post-thumbnail","hentry","category-mercado","tag-banco-pan-bpan4","tag-bolsa-de-valores-de-sao-paulo-b3","tag-embraer-embr3","tag-especial","tag-industrias-romi-romi3","tag-portobello-ptbl3","tag-slc-agricola-slce3","tag-small-caps"],"yoast_head":"<!-- This site is optimized with the Yoast SEO plugin v24.4 - https:\/\/yoast.com\/wordpress\/plugins\/seo\/ -->\n<title>Small caps: confira as 5 que mais valorizaram em janeiro<\/title>\n<meta name=\"description\" content=\"O Ibovespa fechou fevereiro em queda, mas algumas small caps se destacaram positivamente no m\u00eas. Clique aqui e saiba mais.\" \/>\n<meta name=\"robots\" content=\"index, follow, max-snippet:-1, max-image-preview:large, max-video-preview:-1\" \/>\n<link rel=\"canonical\" href=\"https:\/\/www.suno.com.br\/noticias\/small-caps-maiores-altas-fevereiro-2021\/\" \/>\n<meta property=\"og:locale\" content=\"pt_BR\" \/>\n<meta property=\"og:type\" content=\"article\" \/>\n<meta property=\"og:title\" content=\"Small caps: confira as 5 que mais valorizaram em janeiro\" \/>\n<meta property=\"og:description\" content=\"O Ibovespa fechou fevereiro em queda, mas algumas small caps se destacaram positivamente no m\u00eas. Clique aqui e saiba mais.\" \/>\n<meta property=\"og:url\" content=\"https:\/\/www.suno.com.br\/noticias\/small-caps-maiores-altas-fevereiro-2021\/\" \/>\n<meta property=\"og:site_name\" content=\"Suno Not\u00edcias\" \/>\n<meta property=\"article:publisher\" content=\"https:\/\/facebook.com\/sunoresearch\" \/>\n<meta property=\"og:image\" content=\"https:\/\/files.sunoresearch.com.br\/n\/uploads\/2021\/02\/e3218913-space-grey-ipad-air-with-graph-on-brown-wooden-table-187041-scaled-1.jpg\" \/>\n\t<meta property=\"og:image:width\" content=\"2560\" \/>\n\t<meta property=\"og:image:height\" content=\"1920\" \/>\n\t<meta property=\"og:image:type\" content=\"image\/jpeg\" \/>\n<meta name=\"author\" content=\"Jader Lazarini\" \/>\n<meta name=\"twitter:card\" content=\"summary_large_image\" \/>\n<meta name=\"twitter:creator\" content=\"@sunoresearch\" \/>\n<meta name=\"twitter:site\" content=\"@sunoresearch\" \/>\n<meta name=\"twitter:label1\" content=\"Escrito por\" \/>\n\t<meta name=\"twitter:data1\" content=\"Jader Lazarini\" \/>\n\t<meta name=\"twitter:label2\" content=\"Est. tempo de leitura\" \/>\n\t<meta name=\"twitter:data2\" content=\"5 minutos\" \/>\n<script type=\"application\/ld+json\" class=\"yoast-schema-graph\">{\"@context\":\"https:\/\/schema.org\",\"@graph\":[{\"@type\":\"NewsArticle\",\"@id\":\"https:\/\/www.suno.com.br\/noticias\/small-caps-maiores-altas-fevereiro-2021\/#article\",\"isPartOf\":{\"@id\":\"https:\/\/www.suno.com.br\/noticias\/small-caps-maiores-altas-fevereiro-2021\/\"},\"author\":{\"name\":\"Jader Lazarini\",\"@id\":\"https:\/\/www.suno.com.br\/noticias\/#\/schema\/person\/918d79de1f0281f01599b93f9ea6e23f\"},\"headline\":\"Veja as 5 small caps que mais valorizaram em fevereiro\",\"datePublished\":\"2021-02-28T17:34:13+00:00\",\"dateModified\":\"2021-05-31T03:13:53+00:00\",\"mainEntityOfPage\":{\"@id\":\"https:\/\/www.suno.com.br\/noticias\/small-caps-maiores-altas-fevereiro-2021\/\"},\"wordCount\":913,\"publisher\":{\"@id\":\"https:\/\/www.suno.com.br\/noticias\/#organization\"},\"image\":{\"@id\":\"https:\/\/www.suno.com.br\/noticias\/small-caps-maiores-altas-fevereiro-2021\/#primaryimage\"},\"thumbnailUrl\":\"https:\/\/files.sunoresearch.com.br\/n\/uploads\/2021\/02\/e3218913-space-grey-ipad-air-with-graph-on-brown-wooden-table-187041-scaled-1-jpg.webp\",\"keywords\":[\"Banco Pan (BPAN4)\",\"Bolsa de Valores de S\u00e3o Paulo (B3)\",\"Embraer (EMBR3)\",\"Especiais\",\"Ind\u00fastrias Romi (ROMI3)\",\"Portobello (PTBL3)\",\"SLC Agr\u00edcola (SLCE3)\",\"Small Caps\"],\"articleSection\":[\"Mercado\"],\"inLanguage\":\"pt-BR\"},{\"@type\":\"WebPage\",\"@id\":\"https:\/\/www.suno.com.br\/noticias\/small-caps-maiores-altas-fevereiro-2021\/\",\"url\":\"https:\/\/www.suno.com.br\/noticias\/small-caps-maiores-altas-fevereiro-2021\/\",\"name\":\"Small caps: confira as 5 que mais valorizaram em janeiro\",\"isPartOf\":{\"@id\":\"https:\/\/www.suno.com.br\/noticias\/#website\"},\"primaryImageOfPage\":{\"@id\":\"https:\/\/www.suno.com.br\/noticias\/small-caps-maiores-altas-fevereiro-2021\/#primaryimage\"},\"image\":{\"@id\":\"https:\/\/www.suno.com.br\/noticias\/small-caps-maiores-altas-fevereiro-2021\/#primaryimage\"},\"thumbnailUrl\":\"https:\/\/files.sunoresearch.com.br\/n\/uploads\/2021\/02\/e3218913-space-grey-ipad-air-with-graph-on-brown-wooden-table-187041-scaled-1-jpg.webp\",\"datePublished\":\"2021-02-28T17:34:13+00:00\",\"dateModified\":\"2021-05-31T03:13:53+00:00\",\"description\":\"O Ibovespa fechou fevereiro em queda, mas algumas small caps se destacaram positivamente no m\u00eas. Clique aqui e saiba mais.\",\"breadcrumb\":{\"@id\":\"https:\/\/www.suno.com.br\/noticias\/small-caps-maiores-altas-fevereiro-2021\/#breadcrumb\"},\"inLanguage\":\"pt-BR\",\"potentialAction\":[{\"@type\":\"ReadAction\",\"target\":[\"https:\/\/www.suno.com.br\/noticias\/small-caps-maiores-altas-fevereiro-2021\/\"]}]},{\"@type\":\"ImageObject\",\"inLanguage\":\"pt-BR\",\"@id\":\"https:\/\/www.suno.com.br\/noticias\/small-caps-maiores-altas-fevereiro-2021\/#primaryimage\",\"url\":\"https:\/\/files.sunoresearch.com.br\/n\/uploads\/2021\/02\/e3218913-space-grey-ipad-air-with-graph-on-brown-wooden-table-187041-scaled-1-jpg.webp\",\"contentUrl\":\"https:\/\/files.sunoresearch.com.br\/n\/uploads\/2021\/02\/e3218913-space-grey-ipad-air-with-graph-on-brown-wooden-table-187041-scaled-1-jpg.webp\",\"width\":2560,\"height\":1920,\"caption\":\"O Ibovespa fechou fevereiro em queda, mas algumas small caps se destacaram positivamente no m\u00eas.\"},{\"@type\":\"BreadcrumbList\",\"@id\":\"https:\/\/www.suno.com.br\/noticias\/small-caps-maiores-altas-fevereiro-2021\/#breadcrumb\",\"itemListElement\":[{\"@type\":\"ListItem\",\"position\":1,\"name\":\"Not\u00edcias\",\"item\":\"https:\/\/www.suno.com.br\/noticias\/\"},{\"@type\":\"ListItem\",\"position\":2,\"name\":\"Mercado\",\"item\":\"https:\/\/www.suno.com.br\/noticias\/mercado\/\"},{\"@type\":\"ListItem\",\"position\":3,\"name\":\"Veja as 5 small caps que mais valorizaram em fevereiro\"}]},{\"@type\":\"WebSite\",\"@id\":\"https:\/\/www.suno.com.br\/noticias\/#website\",\"url\":\"https:\/\/www.suno.com.br\/noticias\/\",\"name\":\"Suno Not\u00edcias\",\"description\":\"Seu portal de informa\u00e7\u00e3o sobre o mundo dos investimentos\",\"publisher\":{\"@id\":\"https:\/\/www.suno.com.br\/noticias\/#organization\"},\"potentialAction\":[{\"@type\":\"SearchAction\",\"target\":{\"@type\":\"EntryPoint\",\"urlTemplate\":\"https:\/\/www.suno.com.br\/noticias\/?s={search_term_string}\"},\"query-input\":{\"@type\":\"PropertyValueSpecification\",\"valueRequired\":true,\"valueName\":\"search_term_string\"}}],\"inLanguage\":\"pt-BR\"},{\"@type\":\"Organization\",\"@id\":\"https:\/\/www.suno.com.br\/noticias\/#organization\",\"name\":\"Suno Not\u00edcias\",\"url\":\"https:\/\/www.suno.com.br\/noticias\/\",\"logo\":{\"@type\":\"ImageObject\",\"inLanguage\":\"pt-BR\",\"@id\":\"https:\/\/www.suno.com.br\/noticias\/#\/schema\/logo\/image\/\",\"url\":\"https:\/\/files.sunoresearch.com.br\/n\/uploads\/2021\/09\/suno-logo.png\",\"contentUrl\":\"https:\/\/files.sunoresearch.com.br\/n\/uploads\/2021\/09\/suno-logo.png\",\"width\":180,\"height\":180,\"caption\":\"Suno Not\u00edcias\"},\"image\":{\"@id\":\"https:\/\/www.suno.com.br\/noticias\/#\/schema\/logo\/image\/\"},\"sameAs\":[\"https:\/\/facebook.com\/sunoresearch\",\"https:\/\/x.com\/sunoresearch\",\"https:\/\/www.instagram.com\/suno\",\"https:\/\/www.linkedin.com\/company\/suno-research\/\",\"https:\/\/www.youtube.com\/c\/sunoresearch\"]},{\"@type\":\"Person\",\"@id\":\"https:\/\/www.suno.com.br\/noticias\/#\/schema\/person\/918d79de1f0281f01599b93f9ea6e23f\",\"name\":\"Jader Lazarini\",\"image\":{\"@type\":\"ImageObject\",\"inLanguage\":\"pt-BR\",\"@id\":\"https:\/\/www.suno.com.br\/noticias\/#\/schema\/person\/image\/\",\"url\":\"https:\/\/secure.gravatar.com\/avatar\/3c1ad8caa51589841baeb923fcddea97?s=96&r=g\",\"contentUrl\":\"https:\/\/secure.gravatar.com\/avatar\/3c1ad8caa51589841baeb923fcddea97?s=96&r=g\",\"caption\":\"Jader Lazarini\"},\"description\":\"Jader Lazarini escreve sobre investimentos, finan\u00e7as, economia e neg\u00f3cios. \u00c9 bacharel em Rela\u00e7\u00f5es Internacionais e analista CNPI (2619).\",\"url\":\"https:\/\/www.suno.com.br\/noticias\/author\/jader-lazarini\/\"}]}<\/script>\n<!-- \/ Yoast SEO plugin. -->","yoast_head_json":{"title":"Small caps: confira as 5 que mais valorizaram em janeiro","description":"O Ibovespa fechou fevereiro em queda, mas algumas small caps se destacaram positivamente no m\u00eas. Clique aqui e saiba mais.","robots":{"index":"index","follow":"follow","max-snippet":"max-snippet:-1","max-image-preview":"max-image-preview:large","max-video-preview":"max-video-preview:-1"},"canonical":"https:\/\/www.suno.com.br\/noticias\/small-caps-maiores-altas-fevereiro-2021\/","og_locale":"pt_BR","og_type":"article","og_title":"Small caps: confira as 5 que mais valorizaram em janeiro","og_description":"O Ibovespa fechou fevereiro em queda, mas algumas small caps se destacaram positivamente no m\u00eas. Clique aqui e saiba mais.","og_url":"https:\/\/www.suno.com.br\/noticias\/small-caps-maiores-altas-fevereiro-2021\/","og_site_name":"Suno Not\u00edcias","article_publisher":"https:\/\/facebook.com\/sunoresearch","og_image":[{"width":2560,"height":1920,"url":"https:\/\/files.sunoresearch.com.br\/n\/uploads\/2021\/02\/e3218913-space-grey-ipad-air-with-graph-on-brown-wooden-table-187041-scaled-1.jpg","type":"image\/jpeg"}],"author":"Jader Lazarini","twitter_card":"summary_large_image","twitter_creator":"@sunoresearch","twitter_site":"@sunoresearch","twitter_misc":{"Escrito por":"Jader Lazarini","Est. tempo de leitura":"5 minutos"},"schema":{"@context":"https:\/\/schema.org","@graph":[{"@type":"NewsArticle","@id":"https:\/\/www.suno.com.br\/noticias\/small-caps-maiores-altas-fevereiro-2021\/#article","isPartOf":{"@id":"https:\/\/www.suno.com.br\/noticias\/small-caps-maiores-altas-fevereiro-2021\/"},"author":{"name":"Jader Lazarini","@id":"https:\/\/www.suno.com.br\/noticias\/#\/schema\/person\/918d79de1f0281f01599b93f9ea6e23f"},"headline":"Veja as 5 small caps que mais valorizaram em fevereiro","datePublished":"2021-02-28T17:34:13+00:00","dateModified":"2021-05-31T03:13:53+00:00","mainEntityOfPage":{"@id":"https:\/\/www.suno.com.br\/noticias\/small-caps-maiores-altas-fevereiro-2021\/"},"wordCount":913,"publisher":{"@id":"https:\/\/www.suno.com.br\/noticias\/#organization"},"image":{"@id":"https:\/\/www.suno.com.br\/noticias\/small-caps-maiores-altas-fevereiro-2021\/#primaryimage"},"thumbnailUrl":"https:\/\/files.sunoresearch.com.br\/n\/uploads\/2021\/02\/e3218913-space-grey-ipad-air-with-graph-on-brown-wooden-table-187041-scaled-1-jpg.webp","keywords":["Banco Pan (BPAN4)","Bolsa de Valores de S\u00e3o Paulo (B3)","Embraer (EMBR3)","Especiais","Ind\u00fastrias Romi (ROMI3)","Portobello (PTBL3)","SLC Agr\u00edcola (SLCE3)","Small Caps"],"articleSection":["Mercado"],"inLanguage":"pt-BR"},{"@type":"WebPage","@id":"https:\/\/www.suno.com.br\/noticias\/small-caps-maiores-altas-fevereiro-2021\/","url":"https:\/\/www.suno.com.br\/noticias\/small-caps-maiores-altas-fevereiro-2021\/","name":"Small caps: confira as 5 que mais valorizaram em janeiro","isPartOf":{"@id":"https:\/\/www.suno.com.br\/noticias\/#website"},"primaryImageOfPage":{"@id":"https:\/\/www.suno.com.br\/noticias\/small-caps-maiores-altas-fevereiro-2021\/#primaryimage"},"image":{"@id":"https:\/\/www.suno.com.br\/noticias\/small-caps-maiores-altas-fevereiro-2021\/#primaryimage"},"thumbnailUrl":"https:\/\/files.sunoresearch.com.br\/n\/uploads\/2021\/02\/e3218913-space-grey-ipad-air-with-graph-on-brown-wooden-table-187041-scaled-1-jpg.webp","datePublished":"2021-02-28T17:34:13+00:00","dateModified":"2021-05-31T03:13:53+00:00","description":"O Ibovespa fechou fevereiro em queda, mas algumas small caps se destacaram positivamente no m\u00eas. Clique aqui e saiba mais.","breadcrumb":{"@id":"https:\/\/www.suno.com.br\/noticias\/small-caps-maiores-altas-fevereiro-2021\/#breadcrumb"},"inLanguage":"pt-BR","potentialAction":[{"@type":"ReadAction","target":["https:\/\/www.suno.com.br\/noticias\/small-caps-maiores-altas-fevereiro-2021\/"]}]},{"@type":"ImageObject","inLanguage":"pt-BR","@id":"https:\/\/www.suno.com.br\/noticias\/small-caps-maiores-altas-fevereiro-2021\/#primaryimage","url":"https:\/\/files.sunoresearch.com.br\/n\/uploads\/2021\/02\/e3218913-space-grey-ipad-air-with-graph-on-brown-wooden-table-187041-scaled-1-jpg.webp","contentUrl":"https:\/\/files.sunoresearch.com.br\/n\/uploads\/2021\/02\/e3218913-space-grey-ipad-air-with-graph-on-brown-wooden-table-187041-scaled-1-jpg.webp","width":2560,"height":1920,"caption":"O Ibovespa fechou fevereiro em queda, mas algumas small caps se destacaram positivamente no m\u00eas."},{"@type":"BreadcrumbList","@id":"https:\/\/www.suno.com.br\/noticias\/small-caps-maiores-altas-fevereiro-2021\/#breadcrumb","itemListElement":[{"@type":"ListItem","position":1,"name":"Not\u00edcias","item":"https:\/\/www.suno.com.br\/noticias\/"},{"@type":"ListItem","position":2,"name":"Mercado","item":"https:\/\/www.suno.com.br\/noticias\/mercado\/"},{"@type":"ListItem","position":3,"name":"Veja as 5 small caps que mais valorizaram em fevereiro"}]},{"@type":"WebSite","@id":"https:\/\/www.suno.com.br\/noticias\/#website","url":"https:\/\/www.suno.com.br\/noticias\/","name":"Suno Not\u00edcias","description":"Seu portal de informa\u00e7\u00e3o sobre o mundo dos investimentos","publisher":{"@id":"https:\/\/www.suno.com.br\/noticias\/#organization"},"potentialAction":[{"@type":"SearchAction","target":{"@type":"EntryPoint","urlTemplate":"https:\/\/www.suno.com.br\/noticias\/?s={search_term_string}"},"query-input":{"@type":"PropertyValueSpecification","valueRequired":true,"valueName":"search_term_string"}}],"inLanguage":"pt-BR"},{"@type":"Organization","@id":"https:\/\/www.suno.com.br\/noticias\/#organization","name":"Suno Not\u00edcias","url":"https:\/\/www.suno.com.br\/noticias\/","logo":{"@type":"ImageObject","inLanguage":"pt-BR","@id":"https:\/\/www.suno.com.br\/noticias\/#\/schema\/logo\/image\/","url":"https:\/\/files.sunoresearch.com.br\/n\/uploads\/2021\/09\/suno-logo.png","contentUrl":"https:\/\/files.sunoresearch.com.br\/n\/uploads\/2021\/09\/suno-logo.png","width":180,"height":180,"caption":"Suno Not\u00edcias"},"image":{"@id":"https:\/\/www.suno.com.br\/noticias\/#\/schema\/logo\/image\/"},"sameAs":["https:\/\/facebook.com\/sunoresearch","https:\/\/x.com\/sunoresearch","https:\/\/www.instagram.com\/suno","https:\/\/www.linkedin.com\/company\/suno-research\/","https:\/\/www.youtube.com\/c\/sunoresearch"]},{"@type":"Person","@id":"https:\/\/www.suno.com.br\/noticias\/#\/schema\/person\/918d79de1f0281f01599b93f9ea6e23f","name":"Jader Lazarini","image":{"@type":"ImageObject","inLanguage":"pt-BR","@id":"https:\/\/www.suno.com.br\/noticias\/#\/schema\/person\/image\/","url":"https:\/\/secure.gravatar.com\/avatar\/3c1ad8caa51589841baeb923fcddea97?s=96&r=g","contentUrl":"https:\/\/secure.gravatar.com\/avatar\/3c1ad8caa51589841baeb923fcddea97?s=96&r=g","caption":"Jader Lazarini"},"description":"Jader Lazarini escreve sobre investimentos, finan\u00e7as, economia e neg\u00f3cios. \u00c9 bacharel em Rela\u00e7\u00f5es Internacionais e analista CNPI (2619).","url":"https:\/\/www.suno.com.br\/noticias\/author\/jader-lazarini\/"}]}},"default_loop_html":"<div class=\"cardsPage__listCard__boxs\"><div class=\"cardsPage__listCard__boxs__img\"><a href=\"https:\/\/www.suno.com.br\/noticias\/small-caps-maiores-altas-fevereiro-2021\/\"><img class=\"mask\" src=\"https:\/\/www.suno.com.br\/noticias\/wp-content\/themes\/suno\/resources\/images\/spotlight\/spotlight1img\/bg-mask.png\" alt=\"Image Mask\"\/><img src=\"https:\/\/files.sunoresearch.com.br\/n\/uploads\/2021\/02\/e3218913-space-grey-ipad-air-with-graph-on-brown-wooden-table-187041-scaled-1-400x200.webp\" alt=\"Veja as 5 small caps que mais valorizaram em fevereiro\"\/><\/a><span class=\"spotlightCategory\"><a href=\"https:\/\/www.suno.com.br\/noticias\/mercado\/\">Mercado<\/a><\/span><\/div><div class=\"cardsPage__listCard__boxs__content\"><a href=\"https:\/\/www.suno.com.br\/noticias\/small-caps-maiores-altas-fevereiro-2021\/\"><h2 class=\"content__title\">Veja as 5 small caps que mais valorizaram em fevereiro<\/h2><\/a><div class=\"newsContent__article__meta\"><div class=\"newsContent__article__meta__authorBox\"><a href=\"https:\/\/www.suno.com.br\/noticias\/author\/jader-lazarini\/\" class=\"authorBox__avatar noMobi\"><img src=\"https:\/\/files.sunoresearch.com.br\/n\/uploads\/2021\/01\/178e6598-foto-perfil-2-150x150.jpg\" alt=\"Jader Lazarini\"><\/a><div class=\"authorBox__name\"><span>por\n\t\t\t<a href=\"https:\/\/www.suno.com.br\/noticias\/author\/jader-lazarini\/\"><span itemprop=\"author\">Jader Lazarini<\/span><\/a><\/span><time datetime=\"2021-02-28T14:34:13-03:00\" itemprop=\"datePublished\">28\/02\/2021 14:34<\/time><\/div><\/div><\/div><\/div><\/div>","single_layout":"posts","amp_enabled":true,"_links":{"self":[{"href":"https:\/\/www.suno.com.br\/noticias\/wp-json\/wp\/v2\/posts\/127101"}],"collection":[{"href":"https:\/\/www.suno.com.br\/noticias\/wp-json\/wp\/v2\/posts"}],"about":[{"href":"https:\/\/www.suno.com.br\/noticias\/wp-json\/wp\/v2\/types\/post"}],"author":[{"embeddable":true,"href":"https:\/\/www.suno.com.br\/noticias\/wp-json\/wp\/v2\/users\/24"}],"replies":[{"embeddable":true,"href":"https:\/\/www.suno.com.br\/noticias\/wp-json\/wp\/v2\/comments?post=127101"}],"version-history":[{"count":3,"href":"https:\/\/www.suno.com.br\/noticias\/wp-json\/wp\/v2\/posts\/127101\/revisions"}],"predecessor-version":[{"id":136085,"href":"https:\/\/www.suno.com.br\/noticias\/wp-json\/wp\/v2\/posts\/127101\/revisions\/136085"}],"wp:featuredmedia":[{"embeddable":true,"href":"https:\/\/www.suno.com.br\/noticias\/wp-json\/wp\/v2\/media\/127151"}],"wp:attachment":[{"href":"https:\/\/www.suno.com.br\/noticias\/wp-json\/wp\/v2\/media?parent=127101"}],"wp:term":[{"taxonomy":"category","embeddable":true,"href":"https:\/\/www.suno.com.br\/noticias\/wp-json\/wp\/v2\/categories?post=127101"},{"taxonomy":"post_tag","embeddable":true,"href":"https:\/\/www.suno.com.br\/noticias\/wp-json\/wp\/v2\/tags?post=127101"},{"taxonomy":"suno_strategy","embeddable":true,"href":"https:\/\/www.suno.com.br\/noticias\/wp-json\/wp\/v2\/suno_strategy?post=127101"}],"curies":[{"name":"wp","href":"https:\/\/api.w.org\/{rel}","templated":true}]}}