{"id":12707,"date":"2019-01-23T09:38:10","date_gmt":"2019-01-23T11:38:10","guid":{"rendered":"https:\/\/www.suno.com.br\/noticias\/?p=12707"},"modified":"2019-01-23T09:57:59","modified_gmt":"2019-01-23T11:57:59","slug":"terceiro-dia-davos-agenda","status":"publish","type":"post","link":"https:\/\/www.suno.com.br\/noticias\/terceiro-dia-davos-agenda\/","title":{"rendered":"Confira a agenda do terceiro dia do F\u00f3rum Econ\u00f4mico Mundial"},"content":{"rendered":"<p>Come\u00e7a nesta quarta-feira (23) o terceiro dia do<strong> F\u00f3rum Econ\u00f4mico Mundial <\/strong>de <strong>Davos<\/strong>.<\/p>\t<div class=\"wrapper-featured-image\">\n\t\t<figure class=\"spotlightImg\">\n\n\t\t\t<picture>\n\t\t\t\t<source media=\"(max-width: 768px)\" srcset=\"https:\/\/files.sunoresearch.com.br\/n\/uploads\/2019\/01\/41840dcd-f\u00f3rum-econ\u00f4mico-mundial-400x200.webp\">\n\t\t\t\t<img loading=\"lazy\" decoding=\"async\" class=\"newsContent__article__imgCapa lazyloadDisabled newsContent__article__imgCapa--noCaption\" src=\"https:\/\/files.sunoresearch.com.br\/n\/uploads\/2019\/01\/41840dcd-f\u00f3rum-econ\u00f4mico-mundial-800x450.webp\" width=\"800\" height=\"450\" alt=\"Confira a agenda do terceiro dia do F\u00f3rum Econ\u00f4mico Mundial\" fetchpriority=high \/>\n\t\t\t<\/picture>\n\n\t\t\t<figcaption class=\"wp-caption-text wp-caption-text--hide\">O presidente Jair Bolsonaro na Su\u00ed\u00e7a. (Ag\u00eancia Brasil)<\/figcaption>\n\t\t<\/figure>\n\t<\/div>\n\n\n<p>Este ser\u00e1 o dia do<strong> F\u00f3rum Econ\u00f4mico Mundial<\/strong> que contar\u00e1 com os discursos:<\/p>\n<ul>\n<li>do primeiro-ministro japon\u00eas, Shinzo Abe;<\/li>\n<li>do premi\u00ea italiano, Giuseppe Conte;<\/li>\n<li>e da chanceler da Alemanha, Angela Merkel.<\/li>\n<\/ul>\n<p>Tamb\u00e9m a agenda do <strong>Brasil<\/strong>, com a presen\u00e7a do presidente da Rep\u00fablica\u00a0<strong>Jair Bolsonaro<\/strong>, ser\u00e1 intensa. Haver\u00e3o tamb\u00e9m v\u00e1rias reuni\u00f5es bilaterais entre membros do governo brasileiro e l\u00edderes internacionais e executivos.<\/p>\n<h2>Reuni\u00e3o entre Guedes e Azev\u00eado<\/h2>\n<p>O ministro da Economia, <strong>Paulo Guedes<\/strong>, se encontrou em uma reuni\u00e3o bilateral com o diretor-geral da <a href=\"https:\/\/www.suno.com.br\/artigos\/omc-organizacao-mundial-do-comercio\/\">Organiza\u00e7\u00e3o Mundial do Com\u00e9rcio<\/a> (OMC), <strong>Roberto Azev\u00eado<\/strong>. Os dois falaram por cerca de 20 minutos a portas fechadas.<\/p>\n<p>Na sa\u00edda do evento, Guedes n\u00e3o falou com a imprensa. Mas antes de entrar na sala ele disse \u00e0 <em>SUNO Not\u00edcias<\/em> que encontrou investidores internacionais e que todos est\u00e3o animados com o Brasil.<\/p>\n<p>&#8220;Todos est\u00e3o esperando a <strong>reforma da Previd\u00eancia<\/strong> para investir no Brasil. N\u00e3o sussegar\u00e3o at\u00e9 que a reforma n\u00e3o seja aprovada&#8221;, afirmou Guedes.<\/p>\n<p>O ministro salientou como vai enviar a reforma para o Congresso Nacional na pr\u00f3xima semana, e espera &#8220;uma r\u00e1pida aprova\u00e7\u00e3o&#8221;.<\/p>\n<p>Guedes tamb\u00e9m desmentiu a not\u00edcia que teria fugido de uma reuni\u00e3o com a diretora-executiva do <a href=\"https:\/\/www.suno.com.br\/artigos\/fmi\/\">Fundo Monet\u00e1rio Internacional<\/a> (<strong>FMI<\/strong>), Christine Lagarde.<\/p>\n<p>&#8220;Eu n\u00e3o fugi de coisa nenhuma. Foi um problema de agendas. Aqui temos muitas reuni\u00f5es e temos que escolher algumas. Agora, o <strong>FMI<\/strong> n\u00e3o \u00e9 mais um problema para o <strong>Brasil.\u00a0<\/strong>O problema agora s\u00e3o as infraestruturas e os investimentos. Por isso tive que escolher encontrar os investidores&#8221;, afirmou <strong>Paulo Guedes<\/strong>.<\/p>\n<p>Na sa\u00edda do encontro, Azev\u00eado declarou que o Brasil est\u00e1 pronto para contribuir com a melhoria do com\u00e9rcio internacional.<\/p>\n<p>O diretor-geral afirmou que Bras\u00edlia vai colaborar para uma reforma geral da OMC. Entretanto, segundo <strong>Roberto Azev\u00eado<\/strong>, essa \u00e9 uma quest\u00e3o de tempo, de &#8220;m\u00e9dio ou longo prazo&#8221;.<\/p>\n<p><a href=\"https:\/\/www.suno.com.br\/noticias\/forum-economico-mundial-discurso-bolsonaro\/\">Saiba mais &#8211;\u00a0F\u00f3rum Econ\u00f4mico Mundial: discurso de Bolsonaro n\u00e3o repercute bem\u00a0<\/a><\/p>\n<p><a href=\"https:\/\/www.suno.com.br\/noticias\/davos-governo-ponto-flexao-bolsonaro\/\">Saiba mais &#8211;\u00a0Davos: Nosso governo \u00e9 um ponto de flex\u00e3o para o Brasil, diz Bolsonaro<\/a><\/p>\n<h2>Agenda do presidente<\/h2>\n<p>O presidente Bolsonaro ter\u00e1 uma agenda intensa hoje.<\/p>\n<p>\u00c0s 13:00 ter\u00e1 um almo\u00e7o de trabalho com investidores cujo t\u00edtulo ser\u00e1 \u201cO Futuro do <strong>Brasil<\/strong>\u201d. O governo brasileiro est\u00e1 investindo muito na promo\u00e7\u00e3o da economia do Pa\u00eds em <strong>Davos<\/strong>. O objetivo \u00e9 atrair <strong>investidores estrangeiros<\/strong> e demostrar que o Brasil mudou de rumo econ\u00f4mico.<\/p>\n<p>Depois do almo\u00e7o, Jair Bolsonaro ser re\u00fane com o primeiro-ministro da <strong>It\u00e1lia<\/strong>, Giuseppe Conte. Esse ser\u00e1 o primeiro encontro de Bolsonaro com um l\u00edder pol\u00edtico europeu desde sua posse, no dia 1\u00ba de janeiro.<\/p>\n<p>Bolsonaro escolheu o premi\u00ea italiano n\u00e3o somente por causa de sua ascend\u00eancia italiana, mas tamb\u00e9m pelo caso do terrorista <strong>Cesare Battisti<\/strong>. A extradi\u00e7\u00e3o de Battisti resolveu uma quest\u00e3o complicada, que tinha congelado as rela\u00e7\u00f5es bilaterais entre Roma e Bras\u00edlia. E que agora os dois l\u00edderes pol\u00edticos querem retomar.<\/p>\n<p><a href=\"https:\/\/www.suno.com.br\/noticias\/cesare-battisti-italia\/\">Saiba mais &#8211;\u00a0Cesare Battisti chega \u00e0 It\u00e1lia ap\u00f3s 37 anos foragido\u00a0<\/a><\/p>\n<p>Em seguida, Bolsonaro ter\u00e1 uma reuni\u00e3o Bilateral com o Presidente da <strong>Su\u00ed\u00e7a<\/strong>, Ueli Mauer.<\/p>\n<p>E, somente \u00e0s 16h o presidente falar\u00e1 com a imprensa. Essa coletiva foi acrescentada somente hoje no programa oficial.<\/p>\n<p>Provavelmente uma medida em resposta \u00e0 repercuss\u00e3o negativa do discurso que<strong> Jair Bolsonaro<\/strong> fez na \u00faltima ter\u00e7a-feira (22). O discurso foi considerado &#8220;curto demais&#8221; e &#8220;pouco detalhado&#8221; sobre seu programa de governo.<\/p>\n<p>Pela tarde, o presidente ter\u00e1 uma reunia\u0303o Bilateral com o Primeiro-Ministro do <strong>Japa\u0303o<\/strong>, Shinzo Abe.<\/p>\n<p><a href=\"https:\/\/www.suno.com.br\/noticias\/davos-bolsonaro-brasil-acordo-paris\/\">Saiba mais &#8211;\u00a0Em Davos, Bolsonaro diz a executivos que Brasil ficar\u00e1 no Acordo de Paris\u00a0<\/a><\/p>\n<p><a href=\"https:\/\/www.suno.com.br\/noticias\/bolsonaro-protagonista-forum-economico-mundial\/\">Saiba mais &#8211;\u00a0Bolsonaro ser\u00e1 protagonista do primeiro dia do F\u00f3rum Econ\u00f4mico Mundial\u00a0<\/a><\/p>\n<p>E, depois disso, participar\u00e1 de um painel sobre &#8220;A\u00a0resposta global \u00e0 crise humanit\u00e1ria na <strong>Venezuela<\/strong>&#8220;.<\/p>\n<p>Durante a noite, Jair Bolsonaro estar\u00e1 em um jantar com Chefes de Estado de pa\u00edses latino-americanos que tamb\u00e9m est\u00e3o presentes no <strong>F\u00f3rum Econ\u00f4mico Mundial<\/strong>.<\/p>\n<h2>F\u00f3rum Econ\u00f4mico Mundial<\/h2>\n<p>Esta edi\u00e7\u00e3o do principal evento econ\u00f4mico do mundo foca na <strong>quarta revolu\u00e7\u00e3o industrial<\/strong>.<\/p>\n<p>Os avan\u00e7os na <strong>automa\u00e7\u00e3o<\/strong> das cadeias de produ\u00e7\u00e3o, a evolu\u00e7\u00e3o da<strong> intelig\u00eancia artificial<\/strong> (AI) e as <strong>criptomoedas<\/strong> como o <a href=\"https:\/\/www.suno.com.br\/artigos\/bitcoin\/\">bitcoin<\/a> s\u00e3o temas de discuss\u00e3o.<\/p>\n<p>A aus\u00eancia do presidente dos Estados Unidos da Am\u00e9rica (EUA), Donald Trump, tamb\u00e9m marca a edi\u00e7\u00e3o. N\u00e3o h\u00e1 representantes do governo norte-americano por conta do shutdown, a paralisa\u00e7\u00e3o parcial do governo que j\u00e1 completou 1 m\u00eas.<\/p>\n<p><a href=\"https:\/\/www.suno.com.br\/noticias\/previsao-paralisacao-governo-eua-completa\/\">Saiba mais &#8211;\u00a0Sem previs\u00e3o de acabar, paralisa\u00e7\u00e3o do governo dos EUA completa 1 m\u00eas\u00a0<\/a><\/p>\n<p>Os principais t\u00f3picos acor<\/p>\n<ol>\n<li>O di\u00e1logo \u00e9 fundamental e deve basear-se em uma pluralidade de temas envolvidos;<\/li>\n<li>A <strong>globaliza\u00e7\u00e3o<\/strong> deve ser respons\u00e1vel e sens\u00edvel \u00e0s preocupa\u00e7\u00f5es regionais e nacionais;<\/li>\n<li>A coordena\u00e7\u00e3o internacional deve ser melhorada na aus\u00eancia de coopera\u00e7\u00e3o multilateral;<\/li>\n<li>Abordar os principais desafios globais exige esfor\u00e7os de colabora\u00e7\u00e3o das empresas, dos governos e da sociedade civil;<\/li>\n<li>O <strong>crescimento global<\/strong> deve ser inclusivo e sustent\u00e1vel.<\/li>\n<\/ol>\n<p>O presidente brasileiro foi homenageado de honra na v\u00e9spera, e discursou ao lado do presidente do evento,\u00a0Klaus Schwab. Todavia, o discurso foi considerado breve pelos participantes do <strong>F\u00f3rum Econ\u00f4mico Mundial<\/strong>.<\/p>\n","protected":false},"excerpt":{"rendered":"<p>Come\u00e7a nesta quarta-feira (23) o terceiro dia do F\u00f3rum Econ\u00f4mico Mundial de Davos. O presidente Jair Bolsonaro na Su\u00ed\u00e7a. (Ag\u00eancia Brasil) Este ser\u00e1 o dia do F\u00f3rum Econ\u00f4mico Mundial que contar\u00e1 com os discursos: do primeiro-ministro japon\u00eas, Shinzo Abe; do premi\u00ea italiano, Giuseppe Conte; e da chanceler da Alemanha, Angela Merkel. Tamb\u00e9m a agenda do [&hellip;]<\/p>\n","protected":false},"author":9,"featured_media":12715,"comment_status":"closed","ping_status":"closed","sticky":false,"template":"","format":"standard","meta":[],"categories":[63],"tags":[972,961,806,882,719,889,813,796,1022,804],"suno_strategy":[],"class_list":["post-12707","post","type-post","status-publish","format-standard","has-post-thumbnail","hentry","category-internacional","tag-davos","tag-forum-economico-mundial","tag-fundo-monetario-internacional-fmi","tag-italia","tag-jair-bolsonaro","tag-japao","tag-omc","tag-paulo-guedes","tag-suica","tag-venezuela"],"yoast_head":"<!-- This site is optimized with the Yoast SEO plugin v24.4 - https:\/\/yoast.com\/wordpress\/plugins\/seo\/ -->\n<title>Confira a agenda do terceiro dia do F\u00f3rum Econ\u00f4mico Mundial<\/title>\n<meta name=\"description\" content=\"Confira a agenda do terceiro dia do F\u00f3rum Econ\u00f4mico Mundial. A Suno Not\u00edcias tem cobertura exclusiva do evento. Clique para saber mais.\" \/>\n<meta name=\"robots\" content=\"index, follow, max-snippet:-1, max-image-preview:large, max-video-preview:-1\" \/>\n<link rel=\"canonical\" href=\"https:\/\/www.suno.com.br\/noticias\/terceiro-dia-davos-agenda\/\" \/>\n<meta property=\"og:locale\" content=\"pt_BR\" \/>\n<meta property=\"og:type\" content=\"article\" \/>\n<meta property=\"og:title\" content=\"Confira a agenda do terceiro dia do F\u00f3rum Econ\u00f4mico Mundial\" \/>\n<meta property=\"og:description\" content=\"Confira a agenda do terceiro dia do F\u00f3rum Econ\u00f4mico Mundial. A Suno Not\u00edcias tem cobertura exclusiva do evento. Clique para saber mais.\" \/>\n<meta property=\"og:url\" content=\"https:\/\/www.suno.com.br\/noticias\/terceiro-dia-davos-agenda\/\" \/>\n<meta property=\"og:site_name\" content=\"Suno Not\u00edcias\" \/>\n<meta property=\"article:publisher\" content=\"https:\/\/facebook.com\/sunoresearch\" \/>\n<meta property=\"og:image\" content=\"https:\/\/files.sunoresearch.com.br\/n\/uploads\/2019\/01\/41840dcd-f\u00f3rum-econ\u00f4mico-mundial.jpg\" \/>\n\t<meta property=\"og:image:width\" content=\"1140\" \/>\n\t<meta property=\"og:image:height\" content=\"760\" \/>\n\t<meta property=\"og:image:type\" content=\"image\/jpeg\" \/>\n<meta name=\"author\" content=\"Carlo Cauti\" \/>\n<meta name=\"twitter:card\" content=\"summary_large_image\" \/>\n<meta name=\"twitter:creator\" content=\"@sunoresearch\" \/>\n<meta name=\"twitter:site\" content=\"@sunoresearch\" \/>\n<meta name=\"twitter:label1\" content=\"Escrito por\" \/>\n\t<meta name=\"twitter:data1\" content=\"Carlo Cauti\" \/>\n\t<meta name=\"twitter:label2\" content=\"Est. tempo de leitura\" \/>\n\t<meta name=\"twitter:data2\" content=\"5 minutos\" \/>\n<script type=\"application\/ld+json\" class=\"yoast-schema-graph\">{\"@context\":\"https:\/\/schema.org\",\"@graph\":[{\"@type\":\"NewsArticle\",\"@id\":\"https:\/\/www.suno.com.br\/noticias\/terceiro-dia-davos-agenda\/#article\",\"isPartOf\":{\"@id\":\"https:\/\/www.suno.com.br\/noticias\/terceiro-dia-davos-agenda\/\"},\"author\":{\"name\":\"Carlo Cauti\",\"@id\":\"https:\/\/www.suno.com.br\/noticias\/#\/schema\/person\/e6e0f723cc177805027f4566c1d5e0c8\"},\"headline\":\"Confira a agenda do terceiro dia do F\u00f3rum Econ\u00f4mico Mundial\",\"datePublished\":\"2019-01-23T11:38:10+00:00\",\"dateModified\":\"2019-01-23T11:57:59+00:00\",\"mainEntityOfPage\":{\"@id\":\"https:\/\/www.suno.com.br\/noticias\/terceiro-dia-davos-agenda\/\"},\"wordCount\":939,\"publisher\":{\"@id\":\"https:\/\/www.suno.com.br\/noticias\/#organization\"},\"image\":{\"@id\":\"https:\/\/www.suno.com.br\/noticias\/terceiro-dia-davos-agenda\/#primaryimage\"},\"thumbnailUrl\":\"https:\/\/files.sunoresearch.com.br\/n\/uploads\/2019\/01\/41840dcd-f\u00f3rum-econ\u00f4mico-mundial-jpg.webp\",\"keywords\":[\"Davos\",\"F\u00f3rum Econ\u00f4mico Mundial\",\"Fundo Monet\u00e1rio Internacional (FMI)\",\"It\u00e1lia\",\"Jair Bolsonaro\",\"Jap\u00e3o\",\"OMC\",\"Paulo Guedes\",\"Su\u00ed\u00e7a\",\"Venezuela\"],\"articleSection\":[\"Internacional\"],\"inLanguage\":\"pt-BR\"},{\"@type\":\"WebPage\",\"@id\":\"https:\/\/www.suno.com.br\/noticias\/terceiro-dia-davos-agenda\/\",\"url\":\"https:\/\/www.suno.com.br\/noticias\/terceiro-dia-davos-agenda\/\",\"name\":\"Confira a agenda do terceiro dia do F\u00f3rum Econ\u00f4mico Mundial\",\"isPartOf\":{\"@id\":\"https:\/\/www.suno.com.br\/noticias\/#website\"},\"primaryImageOfPage\":{\"@id\":\"https:\/\/www.suno.com.br\/noticias\/terceiro-dia-davos-agenda\/#primaryimage\"},\"image\":{\"@id\":\"https:\/\/www.suno.com.br\/noticias\/terceiro-dia-davos-agenda\/#primaryimage\"},\"thumbnailUrl\":\"https:\/\/files.sunoresearch.com.br\/n\/uploads\/2019\/01\/41840dcd-f\u00f3rum-econ\u00f4mico-mundial-jpg.webp\",\"datePublished\":\"2019-01-23T11:38:10+00:00\",\"dateModified\":\"2019-01-23T11:57:59+00:00\",\"description\":\"Confira a agenda do terceiro dia do F\u00f3rum Econ\u00f4mico Mundial. A Suno Not\u00edcias tem cobertura exclusiva do evento. Clique para saber mais.\",\"breadcrumb\":{\"@id\":\"https:\/\/www.suno.com.br\/noticias\/terceiro-dia-davos-agenda\/#breadcrumb\"},\"inLanguage\":\"pt-BR\",\"potentialAction\":[{\"@type\":\"ReadAction\",\"target\":[\"https:\/\/www.suno.com.br\/noticias\/terceiro-dia-davos-agenda\/\"]}]},{\"@type\":\"ImageObject\",\"inLanguage\":\"pt-BR\",\"@id\":\"https:\/\/www.suno.com.br\/noticias\/terceiro-dia-davos-agenda\/#primaryimage\",\"url\":\"https:\/\/files.sunoresearch.com.br\/n\/uploads\/2019\/01\/41840dcd-f\u00f3rum-econ\u00f4mico-mundial-jpg.webp\",\"contentUrl\":\"https:\/\/files.sunoresearch.com.br\/n\/uploads\/2019\/01\/41840dcd-f\u00f3rum-econ\u00f4mico-mundial-jpg.webp\",\"width\":1140,\"height\":760,\"caption\":\"O presidente Jair Bolsonaro na Su\u00ed\u00e7a. (Ag\u00eancia Brasil)\"},{\"@type\":\"BreadcrumbList\",\"@id\":\"https:\/\/www.suno.com.br\/noticias\/terceiro-dia-davos-agenda\/#breadcrumb\",\"itemListElement\":[{\"@type\":\"ListItem\",\"position\":1,\"name\":\"Not\u00edcias\",\"item\":\"https:\/\/www.suno.com.br\/noticias\/\"},{\"@type\":\"ListItem\",\"position\":2,\"name\":\"Internacional\",\"item\":\"https:\/\/www.suno.com.br\/noticias\/internacional\/\"},{\"@type\":\"ListItem\",\"position\":3,\"name\":\"Confira a agenda do terceiro dia do F\u00f3rum Econ\u00f4mico Mundial\"}]},{\"@type\":\"WebSite\",\"@id\":\"https:\/\/www.suno.com.br\/noticias\/#website\",\"url\":\"https:\/\/www.suno.com.br\/noticias\/\",\"name\":\"Suno Not\u00edcias\",\"description\":\"Seu portal de informa\u00e7\u00e3o sobre o mundo dos investimentos\",\"publisher\":{\"@id\":\"https:\/\/www.suno.com.br\/noticias\/#organization\"},\"potentialAction\":[{\"@type\":\"SearchAction\",\"target\":{\"@type\":\"EntryPoint\",\"urlTemplate\":\"https:\/\/www.suno.com.br\/noticias\/?s={search_term_string}\"},\"query-input\":{\"@type\":\"PropertyValueSpecification\",\"valueRequired\":true,\"valueName\":\"search_term_string\"}}],\"inLanguage\":\"pt-BR\"},{\"@type\":\"Organization\",\"@id\":\"https:\/\/www.suno.com.br\/noticias\/#organization\",\"name\":\"Suno Not\u00edcias\",\"url\":\"https:\/\/www.suno.com.br\/noticias\/\",\"logo\":{\"@type\":\"ImageObject\",\"inLanguage\":\"pt-BR\",\"@id\":\"https:\/\/www.suno.com.br\/noticias\/#\/schema\/logo\/image\/\",\"url\":\"https:\/\/files.sunoresearch.com.br\/n\/uploads\/2021\/09\/suno-logo.png\",\"contentUrl\":\"https:\/\/files.sunoresearch.com.br\/n\/uploads\/2021\/09\/suno-logo.png\",\"width\":180,\"height\":180,\"caption\":\"Suno Not\u00edcias\"},\"image\":{\"@id\":\"https:\/\/www.suno.com.br\/noticias\/#\/schema\/logo\/image\/\"},\"sameAs\":[\"https:\/\/facebook.com\/sunoresearch\",\"https:\/\/x.com\/sunoresearch\",\"https:\/\/www.instagram.com\/suno\",\"https:\/\/www.linkedin.com\/company\/suno-research\/\",\"https:\/\/www.youtube.com\/c\/sunoresearch\"]},{\"@type\":\"Person\",\"@id\":\"https:\/\/www.suno.com.br\/noticias\/#\/schema\/person\/e6e0f723cc177805027f4566c1d5e0c8\",\"name\":\"Carlo Cauti\",\"image\":{\"@type\":\"ImageObject\",\"inLanguage\":\"pt-BR\",\"@id\":\"https:\/\/www.suno.com.br\/noticias\/#\/schema\/person\/image\/\",\"url\":\"https:\/\/secure.gravatar.com\/avatar\/3ada9e0bd164c23abd4792a9606d583c?s=96&r=g\",\"contentUrl\":\"https:\/\/secure.gravatar.com\/avatar\/3ada9e0bd164c23abd4792a9606d583c?s=96&r=g\",\"caption\":\"Carlo Cauti\"},\"description\":\"Editor multim\u00eddia do SUNO Not\u00edcias. Italiano, formado em Ci\u00eancias Pol\u00edticas pela universidade LUISS G. Carli de Roma e mestre cum laude em Rela\u00e7\u00f5es Internacionais, Jornalismo Internacional e de Guerra e em Economia Internacional. Concluiu tamb\u00e9m um MBA em Finan\u00e7as na B3. No Brasil, teve passagem por ve\u00edculos como Estad\u00e3o, Globo, Veja e EXAME. e nas ag\u00eancias de not\u00edcias italianas ANSA e NOVA.\",\"url\":\"https:\/\/www.suno.com.br\/noticias\/author\/carlo-cauti\/\"}]}<\/script>\n<!-- \/ Yoast SEO plugin. -->","yoast_head_json":{"title":"Confira a agenda do terceiro dia do F\u00f3rum Econ\u00f4mico Mundial","description":"Confira a agenda do terceiro dia do F\u00f3rum Econ\u00f4mico Mundial. A Suno Not\u00edcias tem cobertura exclusiva do evento. Clique para saber mais.","robots":{"index":"index","follow":"follow","max-snippet":"max-snippet:-1","max-image-preview":"max-image-preview:large","max-video-preview":"max-video-preview:-1"},"canonical":"https:\/\/www.suno.com.br\/noticias\/terceiro-dia-davos-agenda\/","og_locale":"pt_BR","og_type":"article","og_title":"Confira a agenda do terceiro dia do F\u00f3rum Econ\u00f4mico Mundial","og_description":"Confira a agenda do terceiro dia do F\u00f3rum Econ\u00f4mico Mundial. A Suno Not\u00edcias tem cobertura exclusiva do evento. Clique para saber mais.","og_url":"https:\/\/www.suno.com.br\/noticias\/terceiro-dia-davos-agenda\/","og_site_name":"Suno Not\u00edcias","article_publisher":"https:\/\/facebook.com\/sunoresearch","og_image":[{"width":1140,"height":760,"url":"https:\/\/files.sunoresearch.com.br\/n\/uploads\/2019\/01\/41840dcd-f\u00f3rum-econ\u00f4mico-mundial.jpg","type":"image\/jpeg"}],"author":"Carlo Cauti","twitter_card":"summary_large_image","twitter_creator":"@sunoresearch","twitter_site":"@sunoresearch","twitter_misc":{"Escrito por":"Carlo Cauti","Est. tempo de leitura":"5 minutos"},"schema":{"@context":"https:\/\/schema.org","@graph":[{"@type":"NewsArticle","@id":"https:\/\/www.suno.com.br\/noticias\/terceiro-dia-davos-agenda\/#article","isPartOf":{"@id":"https:\/\/www.suno.com.br\/noticias\/terceiro-dia-davos-agenda\/"},"author":{"name":"Carlo Cauti","@id":"https:\/\/www.suno.com.br\/noticias\/#\/schema\/person\/e6e0f723cc177805027f4566c1d5e0c8"},"headline":"Confira a agenda do terceiro dia do F\u00f3rum Econ\u00f4mico Mundial","datePublished":"2019-01-23T11:38:10+00:00","dateModified":"2019-01-23T11:57:59+00:00","mainEntityOfPage":{"@id":"https:\/\/www.suno.com.br\/noticias\/terceiro-dia-davos-agenda\/"},"wordCount":939,"publisher":{"@id":"https:\/\/www.suno.com.br\/noticias\/#organization"},"image":{"@id":"https:\/\/www.suno.com.br\/noticias\/terceiro-dia-davos-agenda\/#primaryimage"},"thumbnailUrl":"https:\/\/files.sunoresearch.com.br\/n\/uploads\/2019\/01\/41840dcd-f\u00f3rum-econ\u00f4mico-mundial-jpg.webp","keywords":["Davos","F\u00f3rum Econ\u00f4mico Mundial","Fundo Monet\u00e1rio Internacional (FMI)","It\u00e1lia","Jair Bolsonaro","Jap\u00e3o","OMC","Paulo Guedes","Su\u00ed\u00e7a","Venezuela"],"articleSection":["Internacional"],"inLanguage":"pt-BR"},{"@type":"WebPage","@id":"https:\/\/www.suno.com.br\/noticias\/terceiro-dia-davos-agenda\/","url":"https:\/\/www.suno.com.br\/noticias\/terceiro-dia-davos-agenda\/","name":"Confira a agenda do terceiro dia do F\u00f3rum Econ\u00f4mico Mundial","isPartOf":{"@id":"https:\/\/www.suno.com.br\/noticias\/#website"},"primaryImageOfPage":{"@id":"https:\/\/www.suno.com.br\/noticias\/terceiro-dia-davos-agenda\/#primaryimage"},"image":{"@id":"https:\/\/www.suno.com.br\/noticias\/terceiro-dia-davos-agenda\/#primaryimage"},"thumbnailUrl":"https:\/\/files.sunoresearch.com.br\/n\/uploads\/2019\/01\/41840dcd-f\u00f3rum-econ\u00f4mico-mundial-jpg.webp","datePublished":"2019-01-23T11:38:10+00:00","dateModified":"2019-01-23T11:57:59+00:00","description":"Confira a agenda do terceiro dia do F\u00f3rum Econ\u00f4mico Mundial. A Suno Not\u00edcias tem cobertura exclusiva do evento. Clique para saber mais.","breadcrumb":{"@id":"https:\/\/www.suno.com.br\/noticias\/terceiro-dia-davos-agenda\/#breadcrumb"},"inLanguage":"pt-BR","potentialAction":[{"@type":"ReadAction","target":["https:\/\/www.suno.com.br\/noticias\/terceiro-dia-davos-agenda\/"]}]},{"@type":"ImageObject","inLanguage":"pt-BR","@id":"https:\/\/www.suno.com.br\/noticias\/terceiro-dia-davos-agenda\/#primaryimage","url":"https:\/\/files.sunoresearch.com.br\/n\/uploads\/2019\/01\/41840dcd-f\u00f3rum-econ\u00f4mico-mundial-jpg.webp","contentUrl":"https:\/\/files.sunoresearch.com.br\/n\/uploads\/2019\/01\/41840dcd-f\u00f3rum-econ\u00f4mico-mundial-jpg.webp","width":1140,"height":760,"caption":"O presidente Jair Bolsonaro na Su\u00ed\u00e7a. (Ag\u00eancia Brasil)"},{"@type":"BreadcrumbList","@id":"https:\/\/www.suno.com.br\/noticias\/terceiro-dia-davos-agenda\/#breadcrumb","itemListElement":[{"@type":"ListItem","position":1,"name":"Not\u00edcias","item":"https:\/\/www.suno.com.br\/noticias\/"},{"@type":"ListItem","position":2,"name":"Internacional","item":"https:\/\/www.suno.com.br\/noticias\/internacional\/"},{"@type":"ListItem","position":3,"name":"Confira a agenda do terceiro dia do F\u00f3rum Econ\u00f4mico Mundial"}]},{"@type":"WebSite","@id":"https:\/\/www.suno.com.br\/noticias\/#website","url":"https:\/\/www.suno.com.br\/noticias\/","name":"Suno Not\u00edcias","description":"Seu portal de informa\u00e7\u00e3o sobre o mundo dos investimentos","publisher":{"@id":"https:\/\/www.suno.com.br\/noticias\/#organization"},"potentialAction":[{"@type":"SearchAction","target":{"@type":"EntryPoint","urlTemplate":"https:\/\/www.suno.com.br\/noticias\/?s={search_term_string}"},"query-input":{"@type":"PropertyValueSpecification","valueRequired":true,"valueName":"search_term_string"}}],"inLanguage":"pt-BR"},{"@type":"Organization","@id":"https:\/\/www.suno.com.br\/noticias\/#organization","name":"Suno Not\u00edcias","url":"https:\/\/www.suno.com.br\/noticias\/","logo":{"@type":"ImageObject","inLanguage":"pt-BR","@id":"https:\/\/www.suno.com.br\/noticias\/#\/schema\/logo\/image\/","url":"https:\/\/files.sunoresearch.com.br\/n\/uploads\/2021\/09\/suno-logo.png","contentUrl":"https:\/\/files.sunoresearch.com.br\/n\/uploads\/2021\/09\/suno-logo.png","width":180,"height":180,"caption":"Suno Not\u00edcias"},"image":{"@id":"https:\/\/www.suno.com.br\/noticias\/#\/schema\/logo\/image\/"},"sameAs":["https:\/\/facebook.com\/sunoresearch","https:\/\/x.com\/sunoresearch","https:\/\/www.instagram.com\/suno","https:\/\/www.linkedin.com\/company\/suno-research\/","https:\/\/www.youtube.com\/c\/sunoresearch"]},{"@type":"Person","@id":"https:\/\/www.suno.com.br\/noticias\/#\/schema\/person\/e6e0f723cc177805027f4566c1d5e0c8","name":"Carlo Cauti","image":{"@type":"ImageObject","inLanguage":"pt-BR","@id":"https:\/\/www.suno.com.br\/noticias\/#\/schema\/person\/image\/","url":"https:\/\/secure.gravatar.com\/avatar\/3ada9e0bd164c23abd4792a9606d583c?s=96&r=g","contentUrl":"https:\/\/secure.gravatar.com\/avatar\/3ada9e0bd164c23abd4792a9606d583c?s=96&r=g","caption":"Carlo Cauti"},"description":"Editor multim\u00eddia do SUNO Not\u00edcias. Italiano, formado em Ci\u00eancias Pol\u00edticas pela universidade LUISS G. Carli de Roma e mestre cum laude em Rela\u00e7\u00f5es Internacionais, Jornalismo Internacional e de Guerra e em Economia Internacional. Concluiu tamb\u00e9m um MBA em Finan\u00e7as na B3. No Brasil, teve passagem por ve\u00edculos como Estad\u00e3o, Globo, Veja e EXAME. e nas ag\u00eancias de not\u00edcias italianas ANSA e NOVA.","url":"https:\/\/www.suno.com.br\/noticias\/author\/carlo-cauti\/"}]}},"default_loop_html":"<div class=\"cardsPage__listCard__boxs\"><div class=\"cardsPage__listCard__boxs__img\"><a href=\"https:\/\/www.suno.com.br\/noticias\/terceiro-dia-davos-agenda\/\"><img class=\"mask\" src=\"https:\/\/www.suno.com.br\/noticias\/wp-content\/themes\/suno\/resources\/images\/spotlight\/spotlight1img\/bg-mask.png\" alt=\"Image Mask\"\/><img src=\"https:\/\/files.sunoresearch.com.br\/n\/uploads\/2019\/01\/41840dcd-f\u00f3rum-econ\u00f4mico-mundial-400x200.webp\" alt=\"Confira a agenda do terceiro dia do F\u00f3rum Econ\u00f4mico Mundial\"\/><\/a><span class=\"spotlightCategory\"><a href=\"https:\/\/www.suno.com.br\/noticias\/internacional\/\">Internacional<\/a><\/span><\/div><div class=\"cardsPage__listCard__boxs__content\"><a href=\"https:\/\/www.suno.com.br\/noticias\/terceiro-dia-davos-agenda\/\"><h2 class=\"content__title\">Confira a agenda do terceiro dia do F\u00f3rum Econ\u00f4mico Mundial<\/h2><\/a><div class=\"newsContent__article__meta\"><div class=\"newsContent__article__meta__authorBox\"><a href=\"https:\/\/www.suno.com.br\/noticias\/author\/carlo-cauti\/\" class=\"authorBox__avatar noMobi\"><img src=\"https:\/\/files.sunoresearch.com.br\/n\/uploads\/2020\/08\/e3745f9a-perfil-carlo-cauti-150x150.webp\" alt=\"Carlo Cauti\"><\/a><div class=\"authorBox__name\"><span>por\n\t\t\t<a href=\"https:\/\/www.suno.com.br\/noticias\/author\/carlo-cauti\/\"><span itemprop=\"author\">Carlo Cauti<\/span><\/a><\/span><time datetime=\"2019-01-23T09:38:10-02:00\" itemprop=\"datePublished\">23\/01\/2019 09:38<\/time><\/div><\/div><\/div><\/div><\/div>","single_layout":"posts","amp_enabled":true,"_links":{"self":[{"href":"https:\/\/www.suno.com.br\/noticias\/wp-json\/wp\/v2\/posts\/12707"}],"collection":[{"href":"https:\/\/www.suno.com.br\/noticias\/wp-json\/wp\/v2\/posts"}],"about":[{"href":"https:\/\/www.suno.com.br\/noticias\/wp-json\/wp\/v2\/types\/post"}],"author":[{"embeddable":true,"href":"https:\/\/www.suno.com.br\/noticias\/wp-json\/wp\/v2\/users\/9"}],"replies":[{"embeddable":true,"href":"https:\/\/www.suno.com.br\/noticias\/wp-json\/wp\/v2\/comments?post=12707"}],"version-history":[{"count":0,"href":"https:\/\/www.suno.com.br\/noticias\/wp-json\/wp\/v2\/posts\/12707\/revisions"}],"wp:featuredmedia":[{"embeddable":true,"href":"https:\/\/www.suno.com.br\/noticias\/wp-json\/wp\/v2\/media\/12715"}],"wp:attachment":[{"href":"https:\/\/www.suno.com.br\/noticias\/wp-json\/wp\/v2\/media?parent=12707"}],"wp:term":[{"taxonomy":"category","embeddable":true,"href":"https:\/\/www.suno.com.br\/noticias\/wp-json\/wp\/v2\/categories?post=12707"},{"taxonomy":"post_tag","embeddable":true,"href":"https:\/\/www.suno.com.br\/noticias\/wp-json\/wp\/v2\/tags?post=12707"},{"taxonomy":"suno_strategy","embeddable":true,"href":"https:\/\/www.suno.com.br\/noticias\/wp-json\/wp\/v2\/suno_strategy?post=12707"}],"curies":[{"name":"wp","href":"https:\/\/api.w.org\/{rel}","templated":true}]}}