{"id":127057,"date":"2021-02-26T13:17:56","date_gmt":"2021-02-26T16:17:56","guid":{"rendered":"https:\/\/www.suno.com.br\/noticias\/?p=127057"},"modified":"2021-02-26T13:17:56","modified_gmt":"2021-02-26T16:17:56","slug":"ibovespa-politica-petrobras-petr4-bolsas-mundiais-26022021","status":"publish","type":"post","link":"https:\/\/www.suno.com.br\/noticias\/ibovespa-politica-petrobras-petr4-bolsas-mundiais-26022021\/","title":{"rendered":"Em meio a rumores pol\u00edticos, Ibovespa inverte para queda; Petrobras (PETR4) cai 3%"},"content":{"rendered":"<p>O <strong>Ibovespa<\/strong> inverteu para queda e acelerou as perdas na manh\u00e3 desta sexta-feira (26). Ap\u00f3s abrir em leve alta, ensaiando uma recupera\u00e7\u00e3o pelo tombo de ontem, o mercado brasileiro \u00e9 movido para baixo por conta de atritos pol\u00edticos, que assombram a <a href=\"https:\/\/www.suno.com.br\/acoes\/petr4\/\">Petrobras (PETR4)<\/a> mais uma vez, al\u00e9m de uma onda de <a href=\"https:\/\/www.suno.com.br\/noticias\/bolsas-mundiais-ny-europa-asia-26022021\/\">pessimismo das bolsas mundiais<\/a>.<\/p>\t<div class=\"wrapper-featured-image\">\n\t\t<figure class=\"spotlightImg\">\n\n\t\t\t<picture>\n\t\t\t\t<source media=\"(max-width: 768px)\" srcset=\"https:\/\/files.sunoresearch.com.br\/n\/uploads\/2021\/02\/1c0a2043-bolsa-valores2-1-400x200.webp\">\n\t\t\t\t<img loading=\"lazy\" decoding=\"async\" class=\"newsContent__article__imgCapa lazyloadDisabled \" src=\"https:\/\/files.sunoresearch.com.br\/n\/uploads\/2021\/02\/1c0a2043-bolsa-valores2-1-800x450.webp\" width=\"800\" height=\"450\" alt=\"Em meio a rumores pol\u00edticos, Ibovespa inverte para queda; Petrobras (PETR4) cai 3%\" fetchpriority=high \/>\n\t\t\t<\/picture>\n\n\t\t\t<figcaption class=\"wp-caption-text wp-caption-text--show\">Ibovespa<\/figcaption>\n\t\t<\/figure>\n\t<\/div>\n\n\n\t<p>\n\t\t<a href=\"https:\/\/lp.suno.com.br\/planilha-controle-gastos\/\" target=\"_blank\" data-element=\"shortcode-suno-banner\" title=\"Banner SUNO, clique e saiba mais\">\n\t\t\t<picture>\n\t\t\t\t<source media=\"(max-width: 500px)\" srcset=\"https:\/\/files.sunoresearch.com.br\/n\/uploads\/2023\/03\/400x300-Planilha-controle-de-gastos.png\">\n\t\t\t\t<img class=\"newsContent__article__imgCapa newsContent__article__imgCapa--banner\"\n\t\t\t\t\tsrc=\"https:\/\/files.sunoresearch.com.br\/n\/uploads\/2023\/03\/1420x240-Planilha-controle-de-gastos.png\"\n\t\t\t\t\tdata-promo-id=\"101751\"\t\t\t\t\t\t\t\t\t\twidth='1420' height='240'\t\t\t\t\talt=\"https:\/\/files.sunoresearch.com.br\/n\/uploads\/2023\/03\/1420x240-Planilha-controle-de-gastos.png\"\n\t\t\t\t>\n\t\t\t<\/picture>\n\t\t<\/a>\n\t<\/p>\n\n\n<p>Por volta das 13h14, o Ibovespa ca\u00eda 0,90%, para 111.148 pontos. A interfer\u00eancia pol\u00edtica do presidente <strong>Jair Bolsonaro<\/strong> na Petrobras, demitindo o CEO da estatal, <strong>Roberto Castello Branco<\/strong>, na \u00faltima semana, ainda traz seus reflexos ao cen\u00e1rio da empresa.<\/p>\n<p>A revista <em>Veja<\/em> publicou h\u00e1 pouco trechos de conversas entre o ministro da Economia, <a href=\"https:\/\/www.suno.com.br\/tudo-sobre\/paulo-guedes\/\"><strong>Paulo Guedes<\/strong><\/a>, e Bolsonaro sobre a demiss\u00e3o do executivo. A rela\u00e7\u00e3o entre os dois teria ficado estremecida com a interfer\u00eancia na petroleira.<\/p>\n<p><a href=\"https:\/\/lp.suno.com.br\/suno-one\/\">Suno One: acesse gratuitamente eBooks, Minicursos, Artigos e V\u00eddeo Aulas sobre investimentos com um \u00fanico cadastro. Clique para saber mais!<\/a><\/p>\n<p>Segundo a reportagem, Guedes teria falado ao presidente que ele estaria dando um tiro em seu general. &#8220;Na hora em que estou ganhando a batalha, o senhor me d\u00e1 um tiro&#8221;, teria falado o ministro. &#8220;O senhor est\u00e1 entrando na pol\u00edtica e falou que n\u00e3o iria entrar.&#8221;<\/p>\n<p>Bolsonaro, por outro lado, se mostrou reticente com paridade dos pre\u00e7os internacionais &#8212; embora Castello Branco j\u00e1 tenha relembrado que o <a href=\"https:\/\/www.suno.com.br\/noticias\/petrobras-petr4-paridade-precos-castello-branco\/\">caminho contr\u00e1rio trouxe grandes consequ\u00eancias ao Pa\u00eds<\/a>. O mandat\u00e1rio classificou a rea\u00e7\u00e3o do mercado como &#8220;hist\u00e9rica&#8221;. Os pap\u00e9is da <strong>Petrobras<\/strong> chegaram a cair cerca de 3% com a not\u00edcia.<\/p>\n\t<div data-element=\"shortcode-read-more\" class=\"knowMore\">\n\t\t\t\t<span class=\"knowMore__title\">Saiba mais<\/span>\n\t\t\t\t<a class=\"knowMore__link\" href=\"https:\/\/www.suno.com.br\/noticias\/tegra-incorporadora-protocola-registro-de-ipo-na-cvm\/\">\n\t\t\tTegra Incorporadora, antiga Brookfield, protocola registro de IPO na CVM\t\t<\/a>\n\t<\/div>\n\n\n<p>Por outro lado, o mercado ainda repercute o forte resultado da <a href=\"https:\/\/www.suno.com.br\/acoes\/vale3\/\"><strong>Vale<\/strong> (VALE3)<\/a>, revertendo preju\u00edzo e registrando um lucro de US$ 739 milh\u00f5es. A companhia afirma que, embora a distribui\u00e7\u00e3o de dividendos ainda esteja aqu\u00e9m de seu hist\u00f3rico, o futuro <a href=\"https:\/\/www.suno.com.br\/noticias\/vale-vale3-aumento-dividendos-caixa\/\">excedente de caixa ser\u00e1 repassado aos investidores<\/a>.<\/p>\n<p>No exterior, a onda pessimista continua a ser conduzida pela alta do rendimento dos <strong>Treasuries<\/strong>, t\u00edtulos p\u00fablicos norte-americanos.<\/p>\n<p>Al\u00e9m de ofertar uma maior rentabilidade em d\u00f3lar, moeda mais forte do planeta a qual os <strong>Estados Unidos<\/strong> t\u00eam o monop\u00f3lio da cria\u00e7\u00e3o, a disparada do rendimento das notas pode representar uma eleva\u00e7\u00e3o no custo de capital das empresas.<\/p>\n\t<p>\n\t\t<a href=\"https:\/\/lp.suno.com.br\/planilha-da-vida-financeira\/\" target=\"_blank\" data-element=\"shortcode-suno-banner\" title=\"Banner SUNO, clique e saiba mais\">\n\t\t\t<picture>\n\t\t\t\t<source media=\"(max-width: 500px)\" srcset=\"https:\/\/files.sunoresearch.com.br\/n\/uploads\/2023\/04\/400x300-Planilha-vida-financeira-true.png\">\n\t\t\t\t<img class=\"newsContent__article__imgCapa newsContent__article__imgCapa--banner\"\n\t\t\t\t\tsrc=\"https:\/\/files.sunoresearch.com.br\/n\/uploads\/2023\/04\/1420x240-Planilha-vida-financeira-true.png\"\n\t\t\t\t\tdata-promo-id=\"106682\"\t\t\t\t\t\t\t\t\t\twidth='1420' height='240'\t\t\t\t\talt=\"https:\/\/files.sunoresearch.com.br\/n\/uploads\/2023\/04\/1420x240-Planilha-vida-financeira-true.png\"\n\t\t\t\t>\n\t\t\t<\/picture>\n\t\t<\/a>\n\t<\/p>\n\n\n<p>As integrantes do segmento de <strong>tecnologia<\/strong>, como tem seus lucros majoritariamente no futuro, sofrem mais. As empresas do setor j\u00e1 perderam cerca de US$ 900 bilh\u00f5es em valor de mercado em uma semana.<\/p>\n<h2>O que sobe e o que cai no Ibovespa<\/h2>\n<ul>\n<li><a href=\"https:\/\/www.suno.com.br\/acoes\/beef3\/\"><strong>Minerva<\/strong> (BEEF3)<\/a> sobe 4,58% ap\u00f3s a divulga\u00e7\u00e3o dos resultados e da distribui\u00e7\u00e3o de R$ 384,3 milh\u00f5es em dividendos complementares.<\/li>\n<li><a href=\"https:\/\/www.suno.com.br\/acoes\/enev3\/\"><strong>Eneva<\/strong> (ENEV3)<\/a> avan\u00e7a 2,59%. Empresa solicita comercialidade da acumula\u00e7\u00e3o Fortuna, na Bacia do Parna\u00edba, no Maranh\u00e3o.<\/li>\n<li><a href=\"https:\/\/www.suno.com.br\/acoes\/klbn11\/\"><strong>Klabin<\/strong> (KLBN11)<\/a> sobe 1,88%, ampliando os ganhos dessa semana. BNDES vendeu participa\u00e7\u00e3o na empresa.<\/li>\n<li><a href=\"https:\/\/www.suno.com.br\/acoes\/brfs3\/\"><strong>BRF<\/strong> (BRFS3)<\/a> afunda 5,06% ap\u00f3s divulga\u00e7\u00e3o de resultados.<\/li>\n<li><a href=\"https:\/\/www.suno.com.br\/acoes\/brml3\/\"><strong>BR Malls<\/strong> (BRML3)<\/a> cai 3,22% ap\u00f3s novas restri\u00e7\u00f5es impostas pelo governo de S\u00e3o Paulo para conten\u00e7\u00e3o da pandemia.<\/li>\n<li><a href=\"https:\/\/www.suno.com.br\/acoes\/vale3\/\"><strong>Vale<\/strong> (VALE3)<\/a> opera est\u00e1vel, com uma leve baixa de 0,02%.<\/li>\n<\/ul>\n<p>A <strong>Ativa Investimentos<\/strong> mant\u00e9m uma vis\u00e3o positiva sobre a Vale, ap\u00f3s a supera\u00e7\u00e3o das expectativas nos resultados do quarto trimestre do ano passado. Apesar do evento de <strong>Brumadinho<\/strong> j\u00e1 impactar o balan\u00e7o da empresa, o lucro operacional foi positivo em fun\u00e7\u00e3o da demanda aquecida na China, pontuou a corretora.<\/p>\n<p>Entretanto, o cen\u00e1rio atual traz algumas incertezas sobre o <strong>min\u00e9rio de ferro<\/strong> para este ano. &#8220;Dentre elas a disposi\u00e7\u00e3o do governo chin\u00eas em diminuir a produ\u00e7\u00e3o de a\u00e7o facilitando a importa\u00e7\u00e3o de sucata de a\u00e7o e produtos prim\u00e1rios de a\u00e7o e a queda na margem das sider\u00fargicas chinesas&#8221;, afirmam os especialistas em relat\u00f3rio.<\/p>\n<h2>\u00daltima cota\u00e7\u00e3o<\/h2>\n<p>Da mesma forma que o <strong>Ibovespa hoje<\/strong>, o \u00edndice acion\u00e1rio encerrou as negocia\u00e7\u00f5es na \u00faltima quinta-feira com uma queda de 0,38%, a 115.667,78 pontos.<\/p>\n\t<p>\n\t\t<a href=\"https:\/\/lp.suno.com.br\/planilha-de-controle-de-investimentos\/\" target=\"_blank\" data-element=\"shortcode-suno-banner\" title=\"Banner SUNO, clique e saiba mais\">\n\t\t\t<picture>\n\t\t\t\t<source media=\"(max-width: 500px)\" srcset=\"https:\/\/files.sunoresearch.com.br\/n\/uploads\/2023\/03\/400x300-Controle-de-Investimentos.png\">\n\t\t\t\t<img class=\"newsContent__article__imgCapa newsContent__article__imgCapa--banner\"\n\t\t\t\t\tsrc=\"https:\/\/files.sunoresearch.com.br\/n\/uploads\/2023\/03\/1420x240-Controle-de-Investimentos.png\"\n\t\t\t\t\tdata-promo-id=\"75934\"\t\t\t\t\t\t\t\t\t\twidth='1420' height='240'\t\t\t\t\talt=\"https:\/\/files.sunoresearch.com.br\/n\/uploads\/2023\/03\/1420x240-Controle-de-Investimentos.png\"\n\t\t\t\t>\n\t\t\t<\/picture>\n\t\t<\/a>\n\t<\/p>\n\n\n","protected":false},"excerpt":{"rendered":"<p>O Ibovespa inverteu para queda e acelerou as perdas na manh\u00e3 desta sexta-feira (26). Ap\u00f3s abrir em leve alta, ensaiando uma recupera\u00e7\u00e3o pelo tombo de ontem, o mercado brasileiro \u00e9 movido para baixo por conta de atritos pol\u00edticos, que assombram a Petrobras (PETR4) mais uma vez, al\u00e9m de uma onda de pessimismo das bolsas mundiais. [&hellip;]<\/p>\n","protected":false},"author":24,"featured_media":127065,"comment_status":"closed","ping_status":"closed","sticky":false,"template":"","format":"standard","meta":[],"categories":[60],"tags":[104703,105816,721,719,796,2426,595],"suno_strategy":[],"class_list":["post-127057","post","type-post","status-publish","format-standard","has-post-thumbnail","hentry","category-mercado","tag-bolsas-mundiais","tag-especialistas","tag-ibovespa","tag-jair-bolsonaro","tag-paulo-guedes","tag-petr3","tag-petrobras-petr4"],"yoast_head":"<!-- This site is optimized with the Yoast SEO plugin v24.4 - https:\/\/yoast.com\/wordpress\/plugins\/seo\/ -->\n<title>Em meio a rumores pol\u00edticos, Ibovespa inverte para queda<\/title>\n<meta name=\"description\" content=\"O Ibovespa inverteu para queda e acelerou as perdas na manh\u00e3 desta sexta-feira (26), ap\u00f3s ensaiar recupera\u00e7\u00e3o na abertura. Saiba mais.\" \/>\n<meta name=\"robots\" content=\"index, follow, max-snippet:-1, max-image-preview:large, max-video-preview:-1\" \/>\n<link rel=\"canonical\" href=\"https:\/\/www.suno.com.br\/noticias\/ibovespa-politica-petrobras-petr4-bolsas-mundiais-26022021\/\" \/>\n<meta property=\"og:locale\" content=\"pt_BR\" \/>\n<meta property=\"og:type\" content=\"article\" \/>\n<meta property=\"og:title\" content=\"Em meio a rumores pol\u00edticos, Ibovespa inverte para queda\" \/>\n<meta property=\"og:description\" content=\"O Ibovespa inverteu para queda e acelerou as perdas na manh\u00e3 desta sexta-feira (26), ap\u00f3s ensaiar recupera\u00e7\u00e3o na abertura. Saiba mais.\" \/>\n<meta property=\"og:url\" content=\"https:\/\/www.suno.com.br\/noticias\/ibovespa-politica-petrobras-petr4-bolsas-mundiais-26022021\/\" \/>\n<meta property=\"og:site_name\" content=\"Suno Not\u00edcias\" \/>\n<meta property=\"article:publisher\" content=\"https:\/\/facebook.com\/sunoresearch\" \/>\n<meta property=\"og:image\" content=\"https:\/\/files.sunoresearch.com.br\/n\/uploads\/2021\/02\/1c0a2043-bolsa-valores2-1.jpg\" \/>\n\t<meta property=\"og:image:width\" content=\"1360\" \/>\n\t<meta property=\"og:image:height\" content=\"765\" \/>\n\t<meta property=\"og:image:type\" content=\"image\/jpeg\" \/>\n<meta name=\"author\" content=\"Jader Lazarini\" \/>\n<meta name=\"twitter:card\" content=\"summary_large_image\" \/>\n<meta name=\"twitter:creator\" content=\"@sunoresearch\" \/>\n<meta name=\"twitter:site\" content=\"@sunoresearch\" \/>\n<meta name=\"twitter:label1\" content=\"Escrito por\" \/>\n\t<meta name=\"twitter:data1\" content=\"Jader Lazarini\" \/>\n\t<meta name=\"twitter:label2\" content=\"Est. tempo de leitura\" \/>\n\t<meta name=\"twitter:data2\" content=\"3 minutos\" \/>\n<script type=\"application\/ld+json\" class=\"yoast-schema-graph\">{\"@context\":\"https:\/\/schema.org\",\"@graph\":[{\"@type\":\"NewsArticle\",\"@id\":\"https:\/\/www.suno.com.br\/noticias\/ibovespa-politica-petrobras-petr4-bolsas-mundiais-26022021\/#article\",\"isPartOf\":{\"@id\":\"https:\/\/www.suno.com.br\/noticias\/ibovespa-politica-petrobras-petr4-bolsas-mundiais-26022021\/\"},\"author\":{\"name\":\"Jader Lazarini\",\"@id\":\"https:\/\/www.suno.com.br\/noticias\/#\/schema\/person\/918d79de1f0281f01599b93f9ea6e23f\"},\"headline\":\"Em meio a rumores pol\u00edticos, Ibovespa inverte para queda; Petrobras (PETR4) cai 3%\",\"datePublished\":\"2021-02-26T16:17:56+00:00\",\"mainEntityOfPage\":{\"@id\":\"https:\/\/www.suno.com.br\/noticias\/ibovespa-politica-petrobras-petr4-bolsas-mundiais-26022021\/\"},\"wordCount\":693,\"publisher\":{\"@id\":\"https:\/\/www.suno.com.br\/noticias\/#organization\"},\"image\":{\"@id\":\"https:\/\/www.suno.com.br\/noticias\/ibovespa-politica-petrobras-petr4-bolsas-mundiais-26022021\/#primaryimage\"},\"thumbnailUrl\":\"https:\/\/files.sunoresearch.com.br\/n\/uploads\/2021\/02\/1c0a2043-bolsa-valores2-1-jpg.webp\",\"keywords\":[\"Bolsas mundiais\",\"Especialistas\",\"Ibovespa\",\"Jair Bolsonaro\",\"Paulo Guedes\",\"PETR3\",\"Petrobras (PETR4)\"],\"articleSection\":[\"Mercado\"],\"inLanguage\":\"pt-BR\"},{\"@type\":\"WebPage\",\"@id\":\"https:\/\/www.suno.com.br\/noticias\/ibovespa-politica-petrobras-petr4-bolsas-mundiais-26022021\/\",\"url\":\"https:\/\/www.suno.com.br\/noticias\/ibovespa-politica-petrobras-petr4-bolsas-mundiais-26022021\/\",\"name\":\"Em meio a rumores pol\u00edticos, Ibovespa inverte para queda\",\"isPartOf\":{\"@id\":\"https:\/\/www.suno.com.br\/noticias\/#website\"},\"primaryImageOfPage\":{\"@id\":\"https:\/\/www.suno.com.br\/noticias\/ibovespa-politica-petrobras-petr4-bolsas-mundiais-26022021\/#primaryimage\"},\"image\":{\"@id\":\"https:\/\/www.suno.com.br\/noticias\/ibovespa-politica-petrobras-petr4-bolsas-mundiais-26022021\/#primaryimage\"},\"thumbnailUrl\":\"https:\/\/files.sunoresearch.com.br\/n\/uploads\/2021\/02\/1c0a2043-bolsa-valores2-1-jpg.webp\",\"datePublished\":\"2021-02-26T16:17:56+00:00\",\"description\":\"O Ibovespa inverteu para queda e acelerou as perdas na manh\u00e3 desta sexta-feira (26), ap\u00f3s ensaiar recupera\u00e7\u00e3o na abertura. Saiba mais.\",\"breadcrumb\":{\"@id\":\"https:\/\/www.suno.com.br\/noticias\/ibovespa-politica-petrobras-petr4-bolsas-mundiais-26022021\/#breadcrumb\"},\"inLanguage\":\"pt-BR\",\"potentialAction\":[{\"@type\":\"ReadAction\",\"target\":[\"https:\/\/www.suno.com.br\/noticias\/ibovespa-politica-petrobras-petr4-bolsas-mundiais-26022021\/\"]}]},{\"@type\":\"ImageObject\",\"inLanguage\":\"pt-BR\",\"@id\":\"https:\/\/www.suno.com.br\/noticias\/ibovespa-politica-petrobras-petr4-bolsas-mundiais-26022021\/#primaryimage\",\"url\":\"https:\/\/files.sunoresearch.com.br\/n\/uploads\/2021\/02\/1c0a2043-bolsa-valores2-1-jpg.webp\",\"contentUrl\":\"https:\/\/files.sunoresearch.com.br\/n\/uploads\/2021\/02\/1c0a2043-bolsa-valores2-1-jpg.webp\",\"width\":1360,\"height\":765,\"caption\":\"Ibovespa\"},{\"@type\":\"BreadcrumbList\",\"@id\":\"https:\/\/www.suno.com.br\/noticias\/ibovespa-politica-petrobras-petr4-bolsas-mundiais-26022021\/#breadcrumb\",\"itemListElement\":[{\"@type\":\"ListItem\",\"position\":1,\"name\":\"Not\u00edcias\",\"item\":\"https:\/\/www.suno.com.br\/noticias\/\"},{\"@type\":\"ListItem\",\"position\":2,\"name\":\"Mercado\",\"item\":\"https:\/\/www.suno.com.br\/noticias\/mercado\/\"},{\"@type\":\"ListItem\",\"position\":3,\"name\":\"Em meio a rumores pol\u00edticos, Ibovespa inverte para queda; Petrobras (PETR4) cai 3%\"}]},{\"@type\":\"WebSite\",\"@id\":\"https:\/\/www.suno.com.br\/noticias\/#website\",\"url\":\"https:\/\/www.suno.com.br\/noticias\/\",\"name\":\"Suno Not\u00edcias\",\"description\":\"Seu portal de informa\u00e7\u00e3o sobre o mundo dos investimentos\",\"publisher\":{\"@id\":\"https:\/\/www.suno.com.br\/noticias\/#organization\"},\"potentialAction\":[{\"@type\":\"SearchAction\",\"target\":{\"@type\":\"EntryPoint\",\"urlTemplate\":\"https:\/\/www.suno.com.br\/noticias\/?s={search_term_string}\"},\"query-input\":{\"@type\":\"PropertyValueSpecification\",\"valueRequired\":true,\"valueName\":\"search_term_string\"}}],\"inLanguage\":\"pt-BR\"},{\"@type\":\"Organization\",\"@id\":\"https:\/\/www.suno.com.br\/noticias\/#organization\",\"name\":\"Suno Not\u00edcias\",\"url\":\"https:\/\/www.suno.com.br\/noticias\/\",\"logo\":{\"@type\":\"ImageObject\",\"inLanguage\":\"pt-BR\",\"@id\":\"https:\/\/www.suno.com.br\/noticias\/#\/schema\/logo\/image\/\",\"url\":\"https:\/\/files.sunoresearch.com.br\/n\/uploads\/2021\/09\/suno-logo.png\",\"contentUrl\":\"https:\/\/files.sunoresearch.com.br\/n\/uploads\/2021\/09\/suno-logo.png\",\"width\":180,\"height\":180,\"caption\":\"Suno Not\u00edcias\"},\"image\":{\"@id\":\"https:\/\/www.suno.com.br\/noticias\/#\/schema\/logo\/image\/\"},\"sameAs\":[\"https:\/\/facebook.com\/sunoresearch\",\"https:\/\/x.com\/sunoresearch\",\"https:\/\/www.instagram.com\/suno\",\"https:\/\/www.linkedin.com\/company\/suno-research\/\",\"https:\/\/www.youtube.com\/c\/sunoresearch\"]},{\"@type\":\"Person\",\"@id\":\"https:\/\/www.suno.com.br\/noticias\/#\/schema\/person\/918d79de1f0281f01599b93f9ea6e23f\",\"name\":\"Jader Lazarini\",\"image\":{\"@type\":\"ImageObject\",\"inLanguage\":\"pt-BR\",\"@id\":\"https:\/\/www.suno.com.br\/noticias\/#\/schema\/person\/image\/\",\"url\":\"https:\/\/secure.gravatar.com\/avatar\/3c1ad8caa51589841baeb923fcddea97?s=96&r=g\",\"contentUrl\":\"https:\/\/secure.gravatar.com\/avatar\/3c1ad8caa51589841baeb923fcddea97?s=96&r=g\",\"caption\":\"Jader Lazarini\"},\"description\":\"Jader Lazarini escreve sobre investimentos, finan\u00e7as, economia e neg\u00f3cios. \u00c9 bacharel em Rela\u00e7\u00f5es Internacionais e analista CNPI (2619).\",\"url\":\"https:\/\/www.suno.com.br\/noticias\/author\/jader-lazarini\/\"}]}<\/script>\n<!-- \/ Yoast SEO plugin. -->","yoast_head_json":{"title":"Em meio a rumores pol\u00edticos, Ibovespa inverte para queda","description":"O Ibovespa inverteu para queda e acelerou as perdas na manh\u00e3 desta sexta-feira (26), ap\u00f3s ensaiar recupera\u00e7\u00e3o na abertura. Saiba mais.","robots":{"index":"index","follow":"follow","max-snippet":"max-snippet:-1","max-image-preview":"max-image-preview:large","max-video-preview":"max-video-preview:-1"},"canonical":"https:\/\/www.suno.com.br\/noticias\/ibovespa-politica-petrobras-petr4-bolsas-mundiais-26022021\/","og_locale":"pt_BR","og_type":"article","og_title":"Em meio a rumores pol\u00edticos, Ibovespa inverte para queda","og_description":"O Ibovespa inverteu para queda e acelerou as perdas na manh\u00e3 desta sexta-feira (26), ap\u00f3s ensaiar recupera\u00e7\u00e3o na abertura. Saiba mais.","og_url":"https:\/\/www.suno.com.br\/noticias\/ibovespa-politica-petrobras-petr4-bolsas-mundiais-26022021\/","og_site_name":"Suno Not\u00edcias","article_publisher":"https:\/\/facebook.com\/sunoresearch","og_image":[{"width":1360,"height":765,"url":"https:\/\/files.sunoresearch.com.br\/n\/uploads\/2021\/02\/1c0a2043-bolsa-valores2-1.jpg","type":"image\/jpeg"}],"author":"Jader Lazarini","twitter_card":"summary_large_image","twitter_creator":"@sunoresearch","twitter_site":"@sunoresearch","twitter_misc":{"Escrito por":"Jader Lazarini","Est. tempo de leitura":"3 minutos"},"schema":{"@context":"https:\/\/schema.org","@graph":[{"@type":"NewsArticle","@id":"https:\/\/www.suno.com.br\/noticias\/ibovespa-politica-petrobras-petr4-bolsas-mundiais-26022021\/#article","isPartOf":{"@id":"https:\/\/www.suno.com.br\/noticias\/ibovespa-politica-petrobras-petr4-bolsas-mundiais-26022021\/"},"author":{"name":"Jader Lazarini","@id":"https:\/\/www.suno.com.br\/noticias\/#\/schema\/person\/918d79de1f0281f01599b93f9ea6e23f"},"headline":"Em meio a rumores pol\u00edticos, Ibovespa inverte para queda; Petrobras (PETR4) cai 3%","datePublished":"2021-02-26T16:17:56+00:00","mainEntityOfPage":{"@id":"https:\/\/www.suno.com.br\/noticias\/ibovespa-politica-petrobras-petr4-bolsas-mundiais-26022021\/"},"wordCount":693,"publisher":{"@id":"https:\/\/www.suno.com.br\/noticias\/#organization"},"image":{"@id":"https:\/\/www.suno.com.br\/noticias\/ibovespa-politica-petrobras-petr4-bolsas-mundiais-26022021\/#primaryimage"},"thumbnailUrl":"https:\/\/files.sunoresearch.com.br\/n\/uploads\/2021\/02\/1c0a2043-bolsa-valores2-1-jpg.webp","keywords":["Bolsas mundiais","Especialistas","Ibovespa","Jair Bolsonaro","Paulo Guedes","PETR3","Petrobras (PETR4)"],"articleSection":["Mercado"],"inLanguage":"pt-BR"},{"@type":"WebPage","@id":"https:\/\/www.suno.com.br\/noticias\/ibovespa-politica-petrobras-petr4-bolsas-mundiais-26022021\/","url":"https:\/\/www.suno.com.br\/noticias\/ibovespa-politica-petrobras-petr4-bolsas-mundiais-26022021\/","name":"Em meio a rumores pol\u00edticos, Ibovespa inverte para queda","isPartOf":{"@id":"https:\/\/www.suno.com.br\/noticias\/#website"},"primaryImageOfPage":{"@id":"https:\/\/www.suno.com.br\/noticias\/ibovespa-politica-petrobras-petr4-bolsas-mundiais-26022021\/#primaryimage"},"image":{"@id":"https:\/\/www.suno.com.br\/noticias\/ibovespa-politica-petrobras-petr4-bolsas-mundiais-26022021\/#primaryimage"},"thumbnailUrl":"https:\/\/files.sunoresearch.com.br\/n\/uploads\/2021\/02\/1c0a2043-bolsa-valores2-1-jpg.webp","datePublished":"2021-02-26T16:17:56+00:00","description":"O Ibovespa inverteu para queda e acelerou as perdas na manh\u00e3 desta sexta-feira (26), ap\u00f3s ensaiar recupera\u00e7\u00e3o na abertura. Saiba mais.","breadcrumb":{"@id":"https:\/\/www.suno.com.br\/noticias\/ibovespa-politica-petrobras-petr4-bolsas-mundiais-26022021\/#breadcrumb"},"inLanguage":"pt-BR","potentialAction":[{"@type":"ReadAction","target":["https:\/\/www.suno.com.br\/noticias\/ibovespa-politica-petrobras-petr4-bolsas-mundiais-26022021\/"]}]},{"@type":"ImageObject","inLanguage":"pt-BR","@id":"https:\/\/www.suno.com.br\/noticias\/ibovespa-politica-petrobras-petr4-bolsas-mundiais-26022021\/#primaryimage","url":"https:\/\/files.sunoresearch.com.br\/n\/uploads\/2021\/02\/1c0a2043-bolsa-valores2-1-jpg.webp","contentUrl":"https:\/\/files.sunoresearch.com.br\/n\/uploads\/2021\/02\/1c0a2043-bolsa-valores2-1-jpg.webp","width":1360,"height":765,"caption":"Ibovespa"},{"@type":"BreadcrumbList","@id":"https:\/\/www.suno.com.br\/noticias\/ibovespa-politica-petrobras-petr4-bolsas-mundiais-26022021\/#breadcrumb","itemListElement":[{"@type":"ListItem","position":1,"name":"Not\u00edcias","item":"https:\/\/www.suno.com.br\/noticias\/"},{"@type":"ListItem","position":2,"name":"Mercado","item":"https:\/\/www.suno.com.br\/noticias\/mercado\/"},{"@type":"ListItem","position":3,"name":"Em meio a rumores pol\u00edticos, Ibovespa inverte para queda; Petrobras (PETR4) cai 3%"}]},{"@type":"WebSite","@id":"https:\/\/www.suno.com.br\/noticias\/#website","url":"https:\/\/www.suno.com.br\/noticias\/","name":"Suno Not\u00edcias","description":"Seu portal de informa\u00e7\u00e3o sobre o mundo dos investimentos","publisher":{"@id":"https:\/\/www.suno.com.br\/noticias\/#organization"},"potentialAction":[{"@type":"SearchAction","target":{"@type":"EntryPoint","urlTemplate":"https:\/\/www.suno.com.br\/noticias\/?s={search_term_string}"},"query-input":{"@type":"PropertyValueSpecification","valueRequired":true,"valueName":"search_term_string"}}],"inLanguage":"pt-BR"},{"@type":"Organization","@id":"https:\/\/www.suno.com.br\/noticias\/#organization","name":"Suno Not\u00edcias","url":"https:\/\/www.suno.com.br\/noticias\/","logo":{"@type":"ImageObject","inLanguage":"pt-BR","@id":"https:\/\/www.suno.com.br\/noticias\/#\/schema\/logo\/image\/","url":"https:\/\/files.sunoresearch.com.br\/n\/uploads\/2021\/09\/suno-logo.png","contentUrl":"https:\/\/files.sunoresearch.com.br\/n\/uploads\/2021\/09\/suno-logo.png","width":180,"height":180,"caption":"Suno Not\u00edcias"},"image":{"@id":"https:\/\/www.suno.com.br\/noticias\/#\/schema\/logo\/image\/"},"sameAs":["https:\/\/facebook.com\/sunoresearch","https:\/\/x.com\/sunoresearch","https:\/\/www.instagram.com\/suno","https:\/\/www.linkedin.com\/company\/suno-research\/","https:\/\/www.youtube.com\/c\/sunoresearch"]},{"@type":"Person","@id":"https:\/\/www.suno.com.br\/noticias\/#\/schema\/person\/918d79de1f0281f01599b93f9ea6e23f","name":"Jader Lazarini","image":{"@type":"ImageObject","inLanguage":"pt-BR","@id":"https:\/\/www.suno.com.br\/noticias\/#\/schema\/person\/image\/","url":"https:\/\/secure.gravatar.com\/avatar\/3c1ad8caa51589841baeb923fcddea97?s=96&r=g","contentUrl":"https:\/\/secure.gravatar.com\/avatar\/3c1ad8caa51589841baeb923fcddea97?s=96&r=g","caption":"Jader Lazarini"},"description":"Jader Lazarini escreve sobre investimentos, finan\u00e7as, economia e neg\u00f3cios. \u00c9 bacharel em Rela\u00e7\u00f5es Internacionais e analista CNPI (2619).","url":"https:\/\/www.suno.com.br\/noticias\/author\/jader-lazarini\/"}]}},"default_loop_html":"<div class=\"cardsPage__listCard__boxs\"><div class=\"cardsPage__listCard__boxs__img\"><a href=\"https:\/\/www.suno.com.br\/noticias\/ibovespa-politica-petrobras-petr4-bolsas-mundiais-26022021\/\"><img class=\"mask\" src=\"https:\/\/www.suno.com.br\/noticias\/wp-content\/themes\/suno\/resources\/images\/spotlight\/spotlight1img\/bg-mask.png\" alt=\"Image Mask\"\/><img src=\"https:\/\/files.sunoresearch.com.br\/n\/uploads\/2021\/02\/1c0a2043-bolsa-valores2-1-400x200.webp\" alt=\"Em meio a rumores pol\u00edticos, Ibovespa inverte para queda; Petrobras (PETR4) cai 3%\"\/><\/a><span class=\"spotlightCategory\"><a href=\"https:\/\/www.suno.com.br\/noticias\/mercado\/\">Mercado<\/a><\/span><\/div><div class=\"cardsPage__listCard__boxs__content\"><a href=\"https:\/\/www.suno.com.br\/noticias\/ibovespa-politica-petrobras-petr4-bolsas-mundiais-26022021\/\"><h2 class=\"content__title\">Em meio a rumores pol\u00edticos, Ibovespa inverte para queda; Petrobras (PETR4) cai 3%<\/h2><\/a><div class=\"newsContent__article__meta\"><div class=\"newsContent__article__meta__authorBox\"><a href=\"https:\/\/www.suno.com.br\/noticias\/author\/jader-lazarini\/\" class=\"authorBox__avatar noMobi\"><img src=\"https:\/\/files.sunoresearch.com.br\/n\/uploads\/2021\/01\/178e6598-foto-perfil-2-150x150.jpg\" alt=\"Jader Lazarini\"><\/a><div class=\"authorBox__name\"><span>por\n\t\t\t<a href=\"https:\/\/www.suno.com.br\/noticias\/author\/jader-lazarini\/\"><span itemprop=\"author\">Jader Lazarini<\/span><\/a><\/span><time datetime=\"2021-02-26T13:17:56-03:00\" itemprop=\"datePublished\">26\/02\/2021 13:17<\/time><\/div><\/div><\/div><\/div><\/div>","single_layout":"posts","amp_enabled":true,"_links":{"self":[{"href":"https:\/\/www.suno.com.br\/noticias\/wp-json\/wp\/v2\/posts\/127057"}],"collection":[{"href":"https:\/\/www.suno.com.br\/noticias\/wp-json\/wp\/v2\/posts"}],"about":[{"href":"https:\/\/www.suno.com.br\/noticias\/wp-json\/wp\/v2\/types\/post"}],"author":[{"embeddable":true,"href":"https:\/\/www.suno.com.br\/noticias\/wp-json\/wp\/v2\/users\/24"}],"replies":[{"embeddable":true,"href":"https:\/\/www.suno.com.br\/noticias\/wp-json\/wp\/v2\/comments?post=127057"}],"version-history":[{"count":2,"href":"https:\/\/www.suno.com.br\/noticias\/wp-json\/wp\/v2\/posts\/127057\/revisions"}],"predecessor-version":[{"id":127098,"href":"https:\/\/www.suno.com.br\/noticias\/wp-json\/wp\/v2\/posts\/127057\/revisions\/127098"}],"wp:featuredmedia":[{"embeddable":true,"href":"https:\/\/www.suno.com.br\/noticias\/wp-json\/wp\/v2\/media\/127065"}],"wp:attachment":[{"href":"https:\/\/www.suno.com.br\/noticias\/wp-json\/wp\/v2\/media?parent=127057"}],"wp:term":[{"taxonomy":"category","embeddable":true,"href":"https:\/\/www.suno.com.br\/noticias\/wp-json\/wp\/v2\/categories?post=127057"},{"taxonomy":"post_tag","embeddable":true,"href":"https:\/\/www.suno.com.br\/noticias\/wp-json\/wp\/v2\/tags?post=127057"},{"taxonomy":"suno_strategy","embeddable":true,"href":"https:\/\/www.suno.com.br\/noticias\/wp-json\/wp\/v2\/suno_strategy?post=127057"}],"curies":[{"name":"wp","href":"https:\/\/api.w.org\/{rel}","templated":true}]}}