{"id":127032,"date":"2021-02-26T11:32:37","date_gmt":"2021-02-26T14:32:37","guid":{"rendered":"https:\/\/www.suno.com.br\/noticias\/?p=127032"},"modified":"2021-02-26T18:57:06","modified_gmt":"2021-02-26T21:57:06","slug":"tegra-incorporadora-protocola-registro-de-ipo-na-cvm","status":"publish","type":"post","link":"https:\/\/www.suno.com.br\/noticias\/tegra-incorporadora-protocola-registro-de-ipo-na-cvm\/","title":{"rendered":"Tegra Incorporadora, antiga Brookfield, protocola registro de IPO na CVM"},"content":{"rendered":"<p>A <strong>Tegra<\/strong> Incorporadora, antiga Brookfield, quinta maior empresa brasileira de constru\u00e7\u00e3o de im\u00f3veis no Brasil, protocolou um pedido para realizar uma <a href=\"https:\/\/www.suno.com.br\/artigos\/ipo\/\">abertura inicial de capital (IPO)<\/a> na <a href=\"https:\/\/www.suno.com.br\/artigos\/cvm\/\">Comiss\u00e3o de Valores Mobili\u00e1rios (CVM)<\/a> nesta sexta-feira (26). As a\u00e7\u00f5es da Tegra ser\u00e3o listadas no <a href=\"https:\/\/www.suno.com.br\/artigos\/novo-mercado\/\">Novo Mercado<\/a> da <a href=\"https:\/\/www.suno.com.br\/acoes\/b3sa3\/\">B3 (B3SA3)<\/a>.<\/p>\t<div class=\"wrapper-featured-image\">\n\t\t<figure class=\"spotlightImg\">\n\n\t\t\t<picture>\n\t\t\t\t<source media=\"(max-width: 768px)\" srcset=\"https:\/\/files.sunoresearch.com.br\/n\/uploads\/2021\/02\/7a3a37e6-tegra-incorporadora-400x200.webp\">\n\t\t\t\t<img loading=\"lazy\" decoding=\"async\" class=\"newsContent__article__imgCapa lazyloadDisabled \" src=\"https:\/\/files.sunoresearch.com.br\/n\/uploads\/2021\/02\/7a3a37e6-tegra-incorporadora-jpg.webp\" width=\"800\" height=\"450\" alt=\"Tegra Incorporadora, antiga Brookfield, protocola registro de IPO na CVM\" fetchpriority=high \/>\n\t\t\t<\/picture>\n\n\t\t\t<figcaption class=\"wp-caption-text wp-caption-text--show\">Tegra Incorporadora registra pedido de IPO na CVM<\/figcaption>\n\t\t<\/figure>\n\t<\/div>\n\n\n<p><span style=\"font-weight: 400;\">\t<p>\n\t\t<a href=\"https:\/\/lp.suno.com.br\/planilha-controle-gastos\/\" target=\"_blank\" data-element=\"shortcode-suno-banner\" title=\"Banner SUNO, clique e saiba mais\">\n\t\t\t<picture>\n\t\t\t\t<source media=\"(max-width: 500px)\" srcset=\"https:\/\/files.sunoresearch.com.br\/n\/uploads\/2023\/03\/400x300-Planilha-controle-de-gastos.png\">\n\t\t\t\t<img class=\"newsContent__article__imgCapa newsContent__article__imgCapa--banner\"\n\t\t\t\t\tsrc=\"https:\/\/files.sunoresearch.com.br\/n\/uploads\/2023\/03\/1420x240-Planilha-controle-de-gastos.png\"\n\t\t\t\t\tdata-promo-id=\"101751\"\t\t\t\t\t\t\t\t\t\twidth='1420' height='240'\t\t\t\t\talt=\"https:\/\/files.sunoresearch.com.br\/n\/uploads\/2023\/03\/1420x240-Planilha-controle-de-gastos.png\"\n\t\t\t\t>\n\t\t\t<\/picture>\n\t\t<\/a>\n\t<\/p>\n\n<\/span><\/p>\n<p>A oferta da Tegra ser\u00e1 liderada pelo Ita\u00fa BBA, com aux\u00edlio do <a href=\"https:\/\/www.suno.com.br\/acoes\/bpac11\/\">BTG Pactual (BPAC11)<\/a>, Merryl Lynch, Bradesco BBI, <a href=\"https:\/\/www.suno.com.br\/acoes\/sanb11\/\">Santander Brasil (SANB11)<\/a> e <a href=\"https:\/\/www.suno.com.br\/acoes\/abcb4\/\">Banco ABC (ABCB4)<\/a>. O sindicato de bancos realizar\u00e1 esfor\u00e7os para oferecer os pap\u00e9is tanto para investidores do varejo quanto para investidores institucionais. Para os investidores n\u00e3o institucionais, haver\u00e1 uma clausula <em>lock-up<\/em> de 45 dias.<\/p>\n<p><iframe loading=\"lazy\" title=\"\ud83d\udd34Vale (VALE3) aumenta dividendos, Ita\u00fa (ITUB4) prev\u00ea alta da Selic, IPO da Tegra\" width=\"1080\" height=\"608\" src=\"https:\/\/www.youtube.com\/embed\/CbZlLdlgsdw?feature=oembed&#038;enablejsapi=1&#038;origin=https:\/\/www.suno.com.br\" frameborder=\"0\" allow=\"accelerometer; autoplay; clipboard-write; encrypted-media; gyroscope; picture-in-picture\" allowfullscreen><\/iframe><\/p>\n<p>O IPO contar\u00e1 com a uma oferta prim\u00e1ria, com emiss\u00e3o de novas a\u00e7\u00f5es e aumento de capital, e <a href=\"https:\/\/www.suno.com.br\/artigos\/oferta-secundaria\/\">secund\u00e1ria<\/a>, com o Fundo Brookfield, que possui 99,73% da empresa, vendendo parte de sua fatia. Antigamente, a companhia levava o nome do fundo que tem a maior parte do seu capital e j\u00e1 foi <strong>listada em bolsa,\u00a0<\/strong>tendo tido seu capital fechado em 2014 em meio \u00e0 crise econ\u00f4mica e a problemas internos.<\/p>\n<p><a href=\"https:\/\/lp.suno.com.br\/suno-one\/?ppp=noticias\/hospital-care-pedido-ipo-cvm\/\"><b>Suno One: acesse gratuitamente eBooks, Minicursos, Artigos e V\u00eddeo Aulas sobre investimentos com um \u00fanico cadastro. Clique para saber mais!<\/b><\/a><\/p>\n<p>Segundo o prospecto preliminar, a Tegra utilizar\u00e1 83% dos recursos levantados atrav\u00e9s da oferta prim\u00e1ria para adquirir novos terrenos. Os 17% restantes ser\u00e3o destinados a refor\u00e7ar o caixa da companhia.<\/p>\n<p>N\u00e3o h\u00e1 informa\u00e7\u00f5es, at\u00e9 ent\u00e3o, do total de pap\u00e9is da Tegra que ser\u00e3o vendidos. O documento deixa em aberto a possibilidade de um lote suplementar, de 15% do total de a\u00e7\u00f5es ofertadas inicialmente, ser adicionado, e tamb\u00e9m de um lote adicional com at\u00e9 20% do total inicial de a\u00e7\u00f5es.<\/p>\n<p><span style=\"font-weight: 400;\">\t<p>\n\t\t<a href=\"https:\/\/lp.suno.com.br\/planilha-da-vida-financeira\/\" target=\"_blank\" data-element=\"shortcode-suno-banner\" title=\"Banner SUNO, clique e saiba mais\">\n\t\t\t<picture>\n\t\t\t\t<source media=\"(max-width: 500px)\" srcset=\"https:\/\/files.sunoresearch.com.br\/n\/uploads\/2023\/04\/400x300-Planilha-vida-financeira-true.png\">\n\t\t\t\t<img class=\"newsContent__article__imgCapa newsContent__article__imgCapa--banner\"\n\t\t\t\t\tsrc=\"https:\/\/files.sunoresearch.com.br\/n\/uploads\/2023\/04\/1420x240-Planilha-vida-financeira-true.png\"\n\t\t\t\t\tdata-promo-id=\"106682\"\t\t\t\t\t\t\t\t\t\twidth='1420' height='240'\t\t\t\t\talt=\"https:\/\/files.sunoresearch.com.br\/n\/uploads\/2023\/04\/1420x240-Planilha-vida-financeira-true.png\"\n\t\t\t\t>\n\t\t\t<\/picture>\n\t\t<\/a>\n\t<\/p>\n\n<\/span><\/p>\n<h2>Sobre a Tegra Incorporadora<\/h2>\n<p>Fundada em 1978, a Tegra \u00e9 focada na constru\u00e7\u00e3o de apartamentos de m\u00e9dio e alto padr\u00e3o e atua, principalmente, nas cidades de S\u00e3o Paulo, Rio de Janeiro e Campinas. Segundo a companhia, ela possui atualmente um estoque de terrenos avaliado em R$ 11,5 bilh\u00f5es.<\/p>\n<p>Em 2020, a empresa teve uma receita l\u00edquida de R$ 1,3 bilh\u00e3o, crescendo cerca de 29% na base anual. O lucro l\u00edquido da companhia foi de R$ 86 milh\u00f5es, crescendo quase 80%. A <strong>Tegra<\/strong> vem tamb\u00e9m apresentando melhoras em suas margens, que cresceu 200 pontos base na compara\u00e7\u00e3o com 2019.<\/p>\n<p><span style=\"font-weight: 400;\">\t<p>\n\t\t<a href=\"https:\/\/lp.suno.com.br\/planilha-de-controle-de-investimentos\/\" target=\"_blank\" data-element=\"shortcode-suno-banner\" title=\"Banner SUNO, clique e saiba mais\">\n\t\t\t<picture>\n\t\t\t\t<source media=\"(max-width: 500px)\" srcset=\"https:\/\/files.sunoresearch.com.br\/n\/uploads\/2023\/03\/400x300-Controle-de-Investimentos.png\">\n\t\t\t\t<img class=\"newsContent__article__imgCapa newsContent__article__imgCapa--banner\"\n\t\t\t\t\tsrc=\"https:\/\/files.sunoresearch.com.br\/n\/uploads\/2023\/03\/1420x240-Controle-de-Investimentos.png\"\n\t\t\t\t\tdata-promo-id=\"75934\"\t\t\t\t\t\t\t\t\t\twidth='1420' height='240'\t\t\t\t\talt=\"https:\/\/files.sunoresearch.com.br\/n\/uploads\/2023\/03\/1420x240-Controle-de-Investimentos.png\"\n\t\t\t\t>\n\t\t\t<\/picture>\n\t\t<\/a>\n\t<\/p>\n\n<\/span><\/p>\n<p>&nbsp;<\/p>\n","protected":false},"excerpt":{"rendered":"<p>A Tegra Incorporadora, antiga Brookfield, quinta maior empresa brasileira de constru\u00e7\u00e3o de im\u00f3veis no Brasil, protocolou um pedido para realizar uma abertura inicial de capital (IPO) na Comiss\u00e3o de Valores Mobili\u00e1rios (CVM) nesta sexta-feira (26). As a\u00e7\u00f5es da Tegra ser\u00e3o listadas no Novo Mercado da B3 (B3SA3). Tegra Incorporadora registra pedido de IPO na CVM [&hellip;]<\/p>\n","protected":false},"author":59,"featured_media":127043,"comment_status":"closed","ping_status":"closed","sticky":false,"template":"","format":"standard","meta":[],"categories":[64],"tags":[1156,319,105862],"suno_strategy":[],"class_list":["post-127032","post","type-post","status-publish","format-standard","has-post-thumbnail","hentry","category-negocios","tag-construcao-civil","tag-ipo-oferta-inicial-de-acoes","tag-tegra"],"yoast_head":"<!-- This site is optimized with the Yoast SEO plugin v24.4 - https:\/\/yoast.com\/wordpress\/plugins\/seo\/ -->\n<title>Tegra Incorporadora, antiga Brookfield, protocola registro de IPO na CVM<\/title>\n<meta name=\"description\" content=\"A Tegra protocolou nesta sexta um pedido para realizar sua abertura inicial de capital na CVM. Clique aqui para saber mais.\" \/>\n<meta name=\"robots\" content=\"index, follow, max-snippet:-1, max-image-preview:large, max-video-preview:-1\" \/>\n<link rel=\"canonical\" href=\"https:\/\/www.suno.com.br\/noticias\/tegra-incorporadora-protocola-registro-de-ipo-na-cvm\/\" \/>\n<meta property=\"og:locale\" content=\"pt_BR\" \/>\n<meta property=\"og:type\" content=\"article\" \/>\n<meta property=\"og:title\" content=\"Tegra Incorporadora, antiga Brookfield, protocola registro de IPO na CVM\" \/>\n<meta property=\"og:description\" content=\"A Tegra protocolou nesta sexta um pedido para realizar sua abertura inicial de capital na CVM. Clique aqui para saber mais.\" \/>\n<meta property=\"og:url\" content=\"https:\/\/www.suno.com.br\/noticias\/tegra-incorporadora-protocola-registro-de-ipo-na-cvm\/\" \/>\n<meta property=\"og:site_name\" content=\"Suno Not\u00edcias\" \/>\n<meta property=\"article:publisher\" content=\"https:\/\/facebook.com\/sunoresearch\" \/>\n<meta property=\"og:image\" content=\"https:\/\/files.sunoresearch.com.br\/n\/uploads\/2021\/02\/7a3a37e6-tegra-incorporadora.jpg\" \/>\n\t<meta property=\"og:image:width\" content=\"597\" \/>\n\t<meta property=\"og:image:height\" content=\"430\" \/>\n\t<meta property=\"og:image:type\" content=\"image\/jpeg\" \/>\n<meta name=\"author\" content=\"Vitor Azevedo\" \/>\n<meta name=\"twitter:card\" content=\"summary_large_image\" \/>\n<meta name=\"twitter:creator\" content=\"@sunoresearch\" \/>\n<meta name=\"twitter:site\" content=\"@sunoresearch\" \/>\n<meta name=\"twitter:label1\" content=\"Escrito por\" \/>\n\t<meta name=\"twitter:data1\" content=\"Vitor Azevedo\" \/>\n\t<meta name=\"twitter:label2\" content=\"Est. tempo de leitura\" \/>\n\t<meta name=\"twitter:data2\" content=\"2 minutos\" \/>\n<script type=\"application\/ld+json\" class=\"yoast-schema-graph\">{\"@context\":\"https:\/\/schema.org\",\"@graph\":[{\"@type\":\"NewsArticle\",\"@id\":\"https:\/\/www.suno.com.br\/noticias\/tegra-incorporadora-protocola-registro-de-ipo-na-cvm\/#article\",\"isPartOf\":{\"@id\":\"https:\/\/www.suno.com.br\/noticias\/tegra-incorporadora-protocola-registro-de-ipo-na-cvm\/\"},\"author\":{\"name\":\"Vitor Azevedo\",\"@id\":\"https:\/\/www.suno.com.br\/noticias\/#\/schema\/person\/658d5fbc74d81f265f5df3562d0038ab\"},\"headline\":\"Tegra Incorporadora, antiga Brookfield, protocola registro de IPO na CVM\",\"datePublished\":\"2021-02-26T14:32:37+00:00\",\"dateModified\":\"2021-02-26T21:57:06+00:00\",\"mainEntityOfPage\":{\"@id\":\"https:\/\/www.suno.com.br\/noticias\/tegra-incorporadora-protocola-registro-de-ipo-na-cvm\/\"},\"wordCount\":420,\"publisher\":{\"@id\":\"https:\/\/www.suno.com.br\/noticias\/#organization\"},\"image\":{\"@id\":\"https:\/\/www.suno.com.br\/noticias\/tegra-incorporadora-protocola-registro-de-ipo-na-cvm\/#primaryimage\"},\"thumbnailUrl\":\"https:\/\/files.sunoresearch.com.br\/n\/uploads\/2021\/02\/7a3a37e6-tegra-incorporadora-jpg.webp\",\"keywords\":[\"constru\u00e7\u00e3o civil\",\"IPO (Oferta Inicial de A\u00e7\u00f5es)\",\"Tegra\"],\"articleSection\":[\"Neg\u00f3cios\"],\"inLanguage\":\"pt-BR\"},{\"@type\":\"WebPage\",\"@id\":\"https:\/\/www.suno.com.br\/noticias\/tegra-incorporadora-protocola-registro-de-ipo-na-cvm\/\",\"url\":\"https:\/\/www.suno.com.br\/noticias\/tegra-incorporadora-protocola-registro-de-ipo-na-cvm\/\",\"name\":\"Tegra Incorporadora, antiga Brookfield, protocola registro de IPO na CVM\",\"isPartOf\":{\"@id\":\"https:\/\/www.suno.com.br\/noticias\/#website\"},\"primaryImageOfPage\":{\"@id\":\"https:\/\/www.suno.com.br\/noticias\/tegra-incorporadora-protocola-registro-de-ipo-na-cvm\/#primaryimage\"},\"image\":{\"@id\":\"https:\/\/www.suno.com.br\/noticias\/tegra-incorporadora-protocola-registro-de-ipo-na-cvm\/#primaryimage\"},\"thumbnailUrl\":\"https:\/\/files.sunoresearch.com.br\/n\/uploads\/2021\/02\/7a3a37e6-tegra-incorporadora-jpg.webp\",\"datePublished\":\"2021-02-26T14:32:37+00:00\",\"dateModified\":\"2021-02-26T21:57:06+00:00\",\"description\":\"A Tegra protocolou nesta sexta um pedido para realizar sua abertura inicial de capital na CVM. Clique aqui para saber mais.\",\"breadcrumb\":{\"@id\":\"https:\/\/www.suno.com.br\/noticias\/tegra-incorporadora-protocola-registro-de-ipo-na-cvm\/#breadcrumb\"},\"inLanguage\":\"pt-BR\",\"potentialAction\":[{\"@type\":\"ReadAction\",\"target\":[\"https:\/\/www.suno.com.br\/noticias\/tegra-incorporadora-protocola-registro-de-ipo-na-cvm\/\"]}]},{\"@type\":\"ImageObject\",\"inLanguage\":\"pt-BR\",\"@id\":\"https:\/\/www.suno.com.br\/noticias\/tegra-incorporadora-protocola-registro-de-ipo-na-cvm\/#primaryimage\",\"url\":\"https:\/\/files.sunoresearch.com.br\/n\/uploads\/2021\/02\/7a3a37e6-tegra-incorporadora-jpg.webp\",\"contentUrl\":\"https:\/\/files.sunoresearch.com.br\/n\/uploads\/2021\/02\/7a3a37e6-tegra-incorporadora-jpg.webp\",\"width\":597,\"height\":430,\"caption\":\"Tegra Incorporadora registra pedido de IPO na CVM\"},{\"@type\":\"BreadcrumbList\",\"@id\":\"https:\/\/www.suno.com.br\/noticias\/tegra-incorporadora-protocola-registro-de-ipo-na-cvm\/#breadcrumb\",\"itemListElement\":[{\"@type\":\"ListItem\",\"position\":1,\"name\":\"Not\u00edcias\",\"item\":\"https:\/\/www.suno.com.br\/noticias\/\"},{\"@type\":\"ListItem\",\"position\":2,\"name\":\"Neg\u00f3cios\",\"item\":\"https:\/\/www.suno.com.br\/noticias\/negocios\/\"},{\"@type\":\"ListItem\",\"position\":3,\"name\":\"Tegra Incorporadora, antiga Brookfield, protocola registro de IPO na CVM\"}]},{\"@type\":\"WebSite\",\"@id\":\"https:\/\/www.suno.com.br\/noticias\/#website\",\"url\":\"https:\/\/www.suno.com.br\/noticias\/\",\"name\":\"Suno Not\u00edcias\",\"description\":\"Seu portal de informa\u00e7\u00e3o sobre o mundo dos investimentos\",\"publisher\":{\"@id\":\"https:\/\/www.suno.com.br\/noticias\/#organization\"},\"potentialAction\":[{\"@type\":\"SearchAction\",\"target\":{\"@type\":\"EntryPoint\",\"urlTemplate\":\"https:\/\/www.suno.com.br\/noticias\/?s={search_term_string}\"},\"query-input\":{\"@type\":\"PropertyValueSpecification\",\"valueRequired\":true,\"valueName\":\"search_term_string\"}}],\"inLanguage\":\"pt-BR\"},{\"@type\":\"Organization\",\"@id\":\"https:\/\/www.suno.com.br\/noticias\/#organization\",\"name\":\"Suno Not\u00edcias\",\"url\":\"https:\/\/www.suno.com.br\/noticias\/\",\"logo\":{\"@type\":\"ImageObject\",\"inLanguage\":\"pt-BR\",\"@id\":\"https:\/\/www.suno.com.br\/noticias\/#\/schema\/logo\/image\/\",\"url\":\"https:\/\/files.sunoresearch.com.br\/n\/uploads\/2021\/09\/suno-logo.png\",\"contentUrl\":\"https:\/\/files.sunoresearch.com.br\/n\/uploads\/2021\/09\/suno-logo.png\",\"width\":180,\"height\":180,\"caption\":\"Suno Not\u00edcias\"},\"image\":{\"@id\":\"https:\/\/www.suno.com.br\/noticias\/#\/schema\/logo\/image\/\"},\"sameAs\":[\"https:\/\/facebook.com\/sunoresearch\",\"https:\/\/x.com\/sunoresearch\",\"https:\/\/www.instagram.com\/suno\",\"https:\/\/www.linkedin.com\/company\/suno-research\/\",\"https:\/\/www.youtube.com\/c\/sunoresearch\"]},{\"@type\":\"Person\",\"@id\":\"https:\/\/www.suno.com.br\/noticias\/#\/schema\/person\/658d5fbc74d81f265f5df3562d0038ab\",\"name\":\"Vitor Azevedo\",\"image\":{\"@type\":\"ImageObject\",\"inLanguage\":\"pt-BR\",\"@id\":\"https:\/\/www.suno.com.br\/noticias\/#\/schema\/person\/image\/\",\"url\":\"https:\/\/secure.gravatar.com\/avatar\/62b86195291b446fe380824eb28b99a5?s=96&r=g\",\"contentUrl\":\"https:\/\/secure.gravatar.com\/avatar\/62b86195291b446fe380824eb28b99a5?s=96&r=g\",\"caption\":\"Vitor Azevedo\"},\"description\":\"Formado em jornalismo pela Unesp, escreve sobre economia e neg\u00f3cios para a Suno Not\u00edcias.\",\"url\":\"https:\/\/www.suno.com.br\/noticias\/author\/vitor-azevedo\/\"}]}<\/script>\n<!-- \/ Yoast SEO plugin. -->","yoast_head_json":{"title":"Tegra Incorporadora, antiga Brookfield, protocola registro de IPO na CVM","description":"A Tegra protocolou nesta sexta um pedido para realizar sua abertura inicial de capital na CVM. Clique aqui para saber mais.","robots":{"index":"index","follow":"follow","max-snippet":"max-snippet:-1","max-image-preview":"max-image-preview:large","max-video-preview":"max-video-preview:-1"},"canonical":"https:\/\/www.suno.com.br\/noticias\/tegra-incorporadora-protocola-registro-de-ipo-na-cvm\/","og_locale":"pt_BR","og_type":"article","og_title":"Tegra Incorporadora, antiga Brookfield, protocola registro de IPO na CVM","og_description":"A Tegra protocolou nesta sexta um pedido para realizar sua abertura inicial de capital na CVM. Clique aqui para saber mais.","og_url":"https:\/\/www.suno.com.br\/noticias\/tegra-incorporadora-protocola-registro-de-ipo-na-cvm\/","og_site_name":"Suno Not\u00edcias","article_publisher":"https:\/\/facebook.com\/sunoresearch","og_image":[{"width":597,"height":430,"url":"https:\/\/files.sunoresearch.com.br\/n\/uploads\/2021\/02\/7a3a37e6-tegra-incorporadora.jpg","type":"image\/jpeg"}],"author":"Vitor Azevedo","twitter_card":"summary_large_image","twitter_creator":"@sunoresearch","twitter_site":"@sunoresearch","twitter_misc":{"Escrito por":"Vitor Azevedo","Est. tempo de leitura":"2 minutos"},"schema":{"@context":"https:\/\/schema.org","@graph":[{"@type":"NewsArticle","@id":"https:\/\/www.suno.com.br\/noticias\/tegra-incorporadora-protocola-registro-de-ipo-na-cvm\/#article","isPartOf":{"@id":"https:\/\/www.suno.com.br\/noticias\/tegra-incorporadora-protocola-registro-de-ipo-na-cvm\/"},"author":{"name":"Vitor Azevedo","@id":"https:\/\/www.suno.com.br\/noticias\/#\/schema\/person\/658d5fbc74d81f265f5df3562d0038ab"},"headline":"Tegra Incorporadora, antiga Brookfield, protocola registro de IPO na CVM","datePublished":"2021-02-26T14:32:37+00:00","dateModified":"2021-02-26T21:57:06+00:00","mainEntityOfPage":{"@id":"https:\/\/www.suno.com.br\/noticias\/tegra-incorporadora-protocola-registro-de-ipo-na-cvm\/"},"wordCount":420,"publisher":{"@id":"https:\/\/www.suno.com.br\/noticias\/#organization"},"image":{"@id":"https:\/\/www.suno.com.br\/noticias\/tegra-incorporadora-protocola-registro-de-ipo-na-cvm\/#primaryimage"},"thumbnailUrl":"https:\/\/files.sunoresearch.com.br\/n\/uploads\/2021\/02\/7a3a37e6-tegra-incorporadora-jpg.webp","keywords":["constru\u00e7\u00e3o civil","IPO (Oferta Inicial de A\u00e7\u00f5es)","Tegra"],"articleSection":["Neg\u00f3cios"],"inLanguage":"pt-BR"},{"@type":"WebPage","@id":"https:\/\/www.suno.com.br\/noticias\/tegra-incorporadora-protocola-registro-de-ipo-na-cvm\/","url":"https:\/\/www.suno.com.br\/noticias\/tegra-incorporadora-protocola-registro-de-ipo-na-cvm\/","name":"Tegra Incorporadora, antiga Brookfield, protocola registro de IPO na CVM","isPartOf":{"@id":"https:\/\/www.suno.com.br\/noticias\/#website"},"primaryImageOfPage":{"@id":"https:\/\/www.suno.com.br\/noticias\/tegra-incorporadora-protocola-registro-de-ipo-na-cvm\/#primaryimage"},"image":{"@id":"https:\/\/www.suno.com.br\/noticias\/tegra-incorporadora-protocola-registro-de-ipo-na-cvm\/#primaryimage"},"thumbnailUrl":"https:\/\/files.sunoresearch.com.br\/n\/uploads\/2021\/02\/7a3a37e6-tegra-incorporadora-jpg.webp","datePublished":"2021-02-26T14:32:37+00:00","dateModified":"2021-02-26T21:57:06+00:00","description":"A Tegra protocolou nesta sexta um pedido para realizar sua abertura inicial de capital na CVM. Clique aqui para saber mais.","breadcrumb":{"@id":"https:\/\/www.suno.com.br\/noticias\/tegra-incorporadora-protocola-registro-de-ipo-na-cvm\/#breadcrumb"},"inLanguage":"pt-BR","potentialAction":[{"@type":"ReadAction","target":["https:\/\/www.suno.com.br\/noticias\/tegra-incorporadora-protocola-registro-de-ipo-na-cvm\/"]}]},{"@type":"ImageObject","inLanguage":"pt-BR","@id":"https:\/\/www.suno.com.br\/noticias\/tegra-incorporadora-protocola-registro-de-ipo-na-cvm\/#primaryimage","url":"https:\/\/files.sunoresearch.com.br\/n\/uploads\/2021\/02\/7a3a37e6-tegra-incorporadora-jpg.webp","contentUrl":"https:\/\/files.sunoresearch.com.br\/n\/uploads\/2021\/02\/7a3a37e6-tegra-incorporadora-jpg.webp","width":597,"height":430,"caption":"Tegra Incorporadora registra pedido de IPO na CVM"},{"@type":"BreadcrumbList","@id":"https:\/\/www.suno.com.br\/noticias\/tegra-incorporadora-protocola-registro-de-ipo-na-cvm\/#breadcrumb","itemListElement":[{"@type":"ListItem","position":1,"name":"Not\u00edcias","item":"https:\/\/www.suno.com.br\/noticias\/"},{"@type":"ListItem","position":2,"name":"Neg\u00f3cios","item":"https:\/\/www.suno.com.br\/noticias\/negocios\/"},{"@type":"ListItem","position":3,"name":"Tegra Incorporadora, antiga Brookfield, protocola registro de IPO na CVM"}]},{"@type":"WebSite","@id":"https:\/\/www.suno.com.br\/noticias\/#website","url":"https:\/\/www.suno.com.br\/noticias\/","name":"Suno Not\u00edcias","description":"Seu portal de informa\u00e7\u00e3o sobre o mundo dos investimentos","publisher":{"@id":"https:\/\/www.suno.com.br\/noticias\/#organization"},"potentialAction":[{"@type":"SearchAction","target":{"@type":"EntryPoint","urlTemplate":"https:\/\/www.suno.com.br\/noticias\/?s={search_term_string}"},"query-input":{"@type":"PropertyValueSpecification","valueRequired":true,"valueName":"search_term_string"}}],"inLanguage":"pt-BR"},{"@type":"Organization","@id":"https:\/\/www.suno.com.br\/noticias\/#organization","name":"Suno Not\u00edcias","url":"https:\/\/www.suno.com.br\/noticias\/","logo":{"@type":"ImageObject","inLanguage":"pt-BR","@id":"https:\/\/www.suno.com.br\/noticias\/#\/schema\/logo\/image\/","url":"https:\/\/files.sunoresearch.com.br\/n\/uploads\/2021\/09\/suno-logo.png","contentUrl":"https:\/\/files.sunoresearch.com.br\/n\/uploads\/2021\/09\/suno-logo.png","width":180,"height":180,"caption":"Suno Not\u00edcias"},"image":{"@id":"https:\/\/www.suno.com.br\/noticias\/#\/schema\/logo\/image\/"},"sameAs":["https:\/\/facebook.com\/sunoresearch","https:\/\/x.com\/sunoresearch","https:\/\/www.instagram.com\/suno","https:\/\/www.linkedin.com\/company\/suno-research\/","https:\/\/www.youtube.com\/c\/sunoresearch"]},{"@type":"Person","@id":"https:\/\/www.suno.com.br\/noticias\/#\/schema\/person\/658d5fbc74d81f265f5df3562d0038ab","name":"Vitor Azevedo","image":{"@type":"ImageObject","inLanguage":"pt-BR","@id":"https:\/\/www.suno.com.br\/noticias\/#\/schema\/person\/image\/","url":"https:\/\/secure.gravatar.com\/avatar\/62b86195291b446fe380824eb28b99a5?s=96&r=g","contentUrl":"https:\/\/secure.gravatar.com\/avatar\/62b86195291b446fe380824eb28b99a5?s=96&r=g","caption":"Vitor Azevedo"},"description":"Formado em jornalismo pela Unesp, escreve sobre economia e neg\u00f3cios para a Suno Not\u00edcias.","url":"https:\/\/www.suno.com.br\/noticias\/author\/vitor-azevedo\/"}]}},"default_loop_html":"<div class=\"cardsPage__listCard__boxs\"><div class=\"cardsPage__listCard__boxs__img\"><a href=\"https:\/\/www.suno.com.br\/noticias\/tegra-incorporadora-protocola-registro-de-ipo-na-cvm\/\"><img class=\"mask\" src=\"https:\/\/www.suno.com.br\/noticias\/wp-content\/themes\/suno\/resources\/images\/spotlight\/spotlight1img\/bg-mask.png\" alt=\"Image Mask\"\/><img src=\"https:\/\/files.sunoresearch.com.br\/n\/uploads\/2021\/02\/7a3a37e6-tegra-incorporadora-400x200.webp\" alt=\"Tegra Incorporadora, antiga Brookfield, protocola registro de IPO na CVM\"\/><\/a><span class=\"spotlightCategory\"><a href=\"https:\/\/www.suno.com.br\/noticias\/negocios\/\">Neg\u00f3cios<\/a><\/span><\/div><div class=\"cardsPage__listCard__boxs__content\"><a href=\"https:\/\/www.suno.com.br\/noticias\/tegra-incorporadora-protocola-registro-de-ipo-na-cvm\/\"><h2 class=\"content__title\">Tegra Incorporadora, antiga Brookfield, protocola registro de IPO na CVM<\/h2><\/a><div class=\"newsContent__article__meta\"><div class=\"newsContent__article__meta__authorBox\"><a href=\"https:\/\/www.suno.com.br\/noticias\/author\/vitor-azevedo\/\" class=\"authorBox__avatar noMobi\"><img src=\"https:\/\/secure.gravatar.com\/avatar\/62b86195291b446fe380824eb28b99a5?s=96&#038;r=g\" alt=\"Vitor Azevedo\"><\/a><div class=\"authorBox__name\"><span>por\n\t\t\t<a href=\"https:\/\/www.suno.com.br\/noticias\/author\/vitor-azevedo\/\"><span itemprop=\"author\">Vitor Azevedo<\/span><\/a><\/span><time datetime=\"2021-02-26T11:32:37-03:00\" itemprop=\"datePublished\">26\/02\/2021 11:32<\/time><\/div><\/div><\/div><\/div><\/div>","single_layout":"posts","amp_enabled":true,"_links":{"self":[{"href":"https:\/\/www.suno.com.br\/noticias\/wp-json\/wp\/v2\/posts\/127032"}],"collection":[{"href":"https:\/\/www.suno.com.br\/noticias\/wp-json\/wp\/v2\/posts"}],"about":[{"href":"https:\/\/www.suno.com.br\/noticias\/wp-json\/wp\/v2\/types\/post"}],"author":[{"embeddable":true,"href":"https:\/\/www.suno.com.br\/noticias\/wp-json\/wp\/v2\/users\/59"}],"replies":[{"embeddable":true,"href":"https:\/\/www.suno.com.br\/noticias\/wp-json\/wp\/v2\/comments?post=127032"}],"version-history":[{"count":5,"href":"https:\/\/www.suno.com.br\/noticias\/wp-json\/wp\/v2\/posts\/127032\/revisions"}],"predecessor-version":[{"id":127283,"href":"https:\/\/www.suno.com.br\/noticias\/wp-json\/wp\/v2\/posts\/127032\/revisions\/127283"}],"wp:featuredmedia":[{"embeddable":true,"href":"https:\/\/www.suno.com.br\/noticias\/wp-json\/wp\/v2\/media\/127043"}],"wp:attachment":[{"href":"https:\/\/www.suno.com.br\/noticias\/wp-json\/wp\/v2\/media?parent=127032"}],"wp:term":[{"taxonomy":"category","embeddable":true,"href":"https:\/\/www.suno.com.br\/noticias\/wp-json\/wp\/v2\/categories?post=127032"},{"taxonomy":"post_tag","embeddable":true,"href":"https:\/\/www.suno.com.br\/noticias\/wp-json\/wp\/v2\/tags?post=127032"},{"taxonomy":"suno_strategy","embeddable":true,"href":"https:\/\/www.suno.com.br\/noticias\/wp-json\/wp\/v2\/suno_strategy?post=127032"}],"curies":[{"name":"wp","href":"https:\/\/api.w.org\/{rel}","templated":true}]}}