{"id":12703,"date":"2019-01-24T16:06:36","date_gmt":"2019-01-24T18:06:36","guid":{"rendered":"https:\/\/www.suno.com.br\/noticias\/?p=12703"},"modified":"2019-01-24T16:15:01","modified_gmt":"2019-01-24T18:15:01","slug":"quarto-dia-davos-agenda-bolsonaro","status":"publish","type":"post","link":"https:\/\/www.suno.com.br\/noticias\/quarto-dia-davos-agenda-bolsonaro\/","title":{"rendered":"Quarto dia de Davos termina com agenda cheia de Bolsonaro"},"content":{"rendered":"<p>Terminou nesta quinta-feira (24) o quarto dia de trabalho do F\u00f3rum Econ\u00f4mico Mundial de Davos.<\/p>\t<div class=\"wrapper-featured-image\">\n\t\t<figure class=\"spotlightImg\">\n\n\t\t\t<picture>\n\t\t\t\t<source media=\"(max-width: 768px)\" srcset=\"https:\/\/files.sunoresearch.com.br\/n\/uploads\/2019\/01\/6a3ac36b-jair-bolsonaro-400x200.webp\">\n\t\t\t\t<img loading=\"lazy\" decoding=\"async\" class=\"newsContent__article__imgCapa lazyloadDisabled newsContent__article__imgCapa--noCaption\" src=\"https:\/\/files.sunoresearch.com.br\/n\/uploads\/2019\/01\/6a3ac36b-jair-bolsonaro-800x450.webp\" width=\"800\" height=\"450\" alt=\"Quarto dia de Davos termina com agenda cheia de Bolsonaro\" fetchpriority=high \/>\n\t\t\t<\/picture>\n\n\t\t\t<figcaption class=\"wp-caption-text wp-caption-text--hide\">O Presidente da Rep\u00fablica, Jair Bolsonaro,durante reuni\u00e3o do Conselho Internacional de Neg\u00f3cios no  F\u00f3rum Econ\u00f4mico Mundial em Davos. (Ag\u00eancia Brasil)<\/figcaption>\n\t\t<\/figure>\n\t<\/div>\n\n\n<p>O evento contou com a presen\u00e7a de l\u00edderes internacionais, como o secret\u00e1rio-geral da Organiza\u00e7\u00e3o das Na\u00e7\u00f5es Unidas (<strong>ONU<\/strong>), o portugu\u00eas <strong>Ant\u00f3nio Guterres<\/strong>, o primeiro-ministro espanhol, <strong>Pedro S\u00e1nchez<\/strong>, e o presidente da Africa do Sul,\u00a0<strong>Cyril Ramaphosa<\/strong>, entre outros. O Brasil, por sua vez, continuou protagonizando o <strong>F\u00f3rum Econ\u00f4mico Mundial<\/strong>. O presidente <strong>Jair Bolsonaro<\/strong> levou adiante uma s\u00e9rie de reuni\u00f5es bilaterais e multilaterais. E os ministros que acompanham a comitiva presidencial, como o ministro da Justi\u00e7a e Seguran\u00e7a P\u00fablica, <strong>Sergio Moro<\/strong>, e o ministro da Economia, <strong>Paulo Guedes<\/strong>, realizaram pain\u00e9is de discuss\u00e3o e encontros bilaterais.<\/p>\n<p><a href=\"https:\/\/www.suno.com.br\/noticias\/bolsonaro-lideres-mundiais-davos\/\">Saiba mais: Jair Bolsonaro tem agenda de encontros com l\u00edderes mundiais em Davos<\/a><\/p>\n<h2>Dia de reuni\u00f5es sobre grandes temas<\/h2>\n<p>O dia foi marcado por trabalhos em pain\u00e9is tem\u00e1ticos. Entre eles, pain\u00e9is sobre o suposto fim do globalismo, outro sobre os processos de constru\u00e7\u00e3o de paz na \u00c1frica e outro sobre a situa\u00e7\u00e3o na Venezuela.<\/p>\n<p>Na \u00faltima quarta-feira (23) os presidentes do Brasil, <strong>Jair Bolsonaro<\/strong>, da Col\u00f4mbia, <strong>Iv\u00e1n Duque<\/strong>, e do Equador, <strong>Len\u00edn Moreno<\/strong>, al\u00e9m de representantes do Peru e do Canad\u00e1, se reuniram em uma sala do F\u00f3rum.\u00a0Em conjunto, os mandat\u00e1rios reconheceram <strong>Juan Guaid\u00f3<\/strong> como presidente interino da Venezuela. Guaid\u00f3 tinha se autoproclamado presidente poucas horas antes. Os l\u00edderes pol\u00edticos americanos declararam apoiar o processo de transi\u00e7\u00e3o na Venezuela.<\/p>\n<p>O painel de discuss\u00e3o ocorrido nesta quinta tratou exatamente dessa crise pol\u00edtica no pa\u00eds vizinho. Entretanto, os jornalistas n\u00e3o foram admitidos e os participantes n\u00e3o quiseram dar maiores informa\u00e7\u00f5es sobre o que foi discutido no evento.<\/p>\n<p>Por sua vez, o secret\u00e1rio-geral da <strong>ONU<\/strong> afirmou que espera que o di\u00e1logo \u201cseja poss\u00edvel\u201d na Venezuela. Para Guterres, essa seria a \u00fanica forma a evitar um conflito, que seria \u201cum desastre\u201d.<\/p>\n<p><a href=\"https:\/\/www.suno.com.br\/noticias\/brasil-reconhece-juan-guaido-como-presidente-interino-da-venezuela\/\">Saiba mais: Brasil reconhece Juan Guaid\u00f3 como presidente interino da Venezuela<\/a><\/p>\n<p>&#8220;Esperamos que o di\u00e1logo seja poss\u00edvel para evitar uma escalada que conduza a um conflito que ser\u00e1 um desastre para a popula\u00e7\u00e3o do pa\u00eds e para a regi\u00e3o&#8221;, afirmou <strong>Guterres<\/strong>.<\/p>\n<p>O secret\u00e1rio-geral da <strong>ONU<\/strong>, todavia, realizou um painel sobre mudan\u00e7as clim\u00e1ticas. Ele alertou como o mundo est\u00e1 &#8220;perdendo a corrida&#8221; contra a mudan\u00e7a clim\u00e1tica pela falta de &#8220;vontade pol\u00edtica&#8221;;<\/p>\n<p>&#8220;A evolu\u00e7\u00e3o \u00e9 pior que o previsto&#8221;, portanto \u00e9 &#8220;absolutamente indispens\u00e1vel inverter a tend\u00eancia&#8221;, afirmou <strong>Guterres<\/strong> durante o <strong>F\u00f3rum Econ\u00f4mico Mundial<\/strong> de <strong>Davos<\/strong>.<\/p>\n<h2>OMC pronta para reformas do com\u00e9rcio internacional<\/h2>\n<p>O diretor-geral da Organiza\u00e7\u00e3o Mundial do Com\u00e9rcio (<strong>OMC<\/strong>), o brasileiro <strong>Roberto Azev\u00eado<\/strong>, tamb\u00e9m participou dos trabalhos desta quinta-feira. Azev\u00eado conversou com o presidente-executivo da Deutsche Bank, <strong>Christian Sewing<\/strong>, a comiss\u00e1ria europeia ao Com\u00e9rcio, <strong>Cecilia Malmstrom<\/strong>, e o presidente-executivo da UPS, <strong>David Abney<\/strong>. Ele reiterou que o sistema comercial internacional precisa de melhorias.<\/p>\n<p>Na quarta, Azev\u00eado tinha declarado que o presidente dos Estados Unidos, <strong>Donald Trump<\/strong>, e o primeiro-ministro japon\u00eas, <strong>Shinzo Abe<\/strong>, &#8220;est\u00e3o completamente certos&#8221; em seus pedidos de mudan\u00e7as do com\u00e9rcio internacional.<\/p>\n<p>&#8220;Isso \u00e9 exatamente o que queremos, id\u00e9ias sobre como a OMC pode se reformar e modernizar&#8221;, afirmou Azev\u00eado. O diretor-geral da OMC admitiu que queria ver o sistema mais eficiente. Al\u00e9m disso, salientou como os Estados Unidos &#8220;s\u00e3o muito favor\u00e1veis \u00e0 reforma&#8221;.<\/p>\n<h2>Agenda cheia de Bolsonaro<\/h2>\n<p>O presidente <strong>Bolsonaro<\/strong> tamb\u00e9m teve uma agenda cheia, confirmando o protagonismo do Brasil nessa edi\u00e7\u00e3o do <strong>F\u00f3rum Econ\u00f4mico Mundial<\/strong> de <strong>Davos<\/strong>.<\/p>\n<p>Entre as reuni\u00f5es bilaterais realizadas pelo presidente, houve aquela como o primeiro-ministro dos Pa\u00edses Baixos, <strong>Mark Rutte<\/strong>. Em entrevista para a <strong>Suno Not\u00edcias<\/strong>, Rutte declarou que &#8220;o encontro com <strong>Bolsonaro<\/strong> foi muito positivo&#8221;. O premi\u00ea holand\u00eas explicou que conversou com o presidente de aumento do com\u00e9rcio bilateral, a simplifica\u00e7\u00e3o do com\u00e9rcio entre Brasil e Uni\u00e3o Europeia, e tamb\u00e9m de quest\u00f5es ambientais, entre outras.<\/p>\n<p>Al\u00e9m disso, <strong>Bolsonaro<\/strong> se reuniu com primeiro-ministro da Rep\u00fablica Tcheca, <strong>Andrej Babis<\/strong>. Os dois falaram principalmente de quest\u00f5es migrat\u00f3rias. Um tema enfrentado tamb\u00e9m na reuni\u00e3o bilateral com o Presidente da Pol\u00f4nia, <strong>Andrzej Duda<\/strong>, com o qual foi analisada a quest\u00e3o comercial. E Bolsonaro encontrou tamb\u00e9m o Presidente da Ucr\u00e2nia, <strong>Petro Poroshenko<\/strong>, o Presidente da \u00c1frica do Sul, <strong>Cyril Ramaphosa<\/strong>, e o Presidente da Col\u00f4mbia, <strong>Iv\u00e1n Duque<\/strong>.<\/p>\n<p><strong>Bolsonaro<\/strong> saiu de <strong>Davos<\/strong> sem falar com a imprensa. Assim como fizeram todos seus ministros. Nenhum quis conceder entrevistas para a m\u00eddia brasileira presente ao <strong>F\u00f3rum Econ\u00f4mico Mundial<\/strong>.<\/p>\n","protected":false},"excerpt":{"rendered":"<p>Terminou nesta quinta-feira (24) o quarto dia de trabalho do F\u00f3rum Econ\u00f4mico Mundial de Davos. O Presidente da Rep\u00fablica, Jair Bolsonaro,durante reuni\u00e3o do Conselho Internacional de Neg\u00f3cios no F\u00f3rum Econ\u00f4mico Mundial em Davos. (Ag\u00eancia Brasil) O evento contou com a presen\u00e7a de l\u00edderes internacionais, como o secret\u00e1rio-geral da Organiza\u00e7\u00e3o das Na\u00e7\u00f5es Unidas (ONU), o portugu\u00eas [&hellip;]<\/p>\n","protected":false},"author":9,"featured_media":12868,"comment_status":"closed","ping_status":"closed","sticky":false,"template":"","format":"standard","meta":[],"categories":[63],"tags":[972,961,719],"suno_strategy":[],"class_list":["post-12703","post","type-post","status-publish","format-standard","has-post-thumbnail","hentry","category-internacional","tag-davos","tag-forum-economico-mundial","tag-jair-bolsonaro"],"yoast_head":"<!-- This site is optimized with the Yoast SEO plugin v24.4 - https:\/\/yoast.com\/wordpress\/plugins\/seo\/ -->\n<title>Quarto dia de Davos termina com agenda cheia de Bolsonaro<\/title>\n<meta name=\"description\" content=\"Terminou nesta quinta-feira (24) o quarto dia de trabalho do F\u00f3rum Econ\u00f4mico Mundial de Davos. Clique para saber mais.\" \/>\n<meta name=\"robots\" content=\"index, follow, max-snippet:-1, max-image-preview:large, max-video-preview:-1\" \/>\n<link rel=\"canonical\" href=\"https:\/\/www.suno.com.br\/noticias\/quarto-dia-davos-agenda-bolsonaro\/\" \/>\n<meta property=\"og:locale\" content=\"pt_BR\" \/>\n<meta property=\"og:type\" content=\"article\" \/>\n<meta property=\"og:title\" content=\"Quarto dia de Davos termina com agenda cheia de Bolsonaro\" \/>\n<meta property=\"og:description\" content=\"Terminou nesta quinta-feira (24) o quarto dia de trabalho do F\u00f3rum Econ\u00f4mico Mundial de Davos. Clique para saber mais.\" \/>\n<meta property=\"og:url\" content=\"https:\/\/www.suno.com.br\/noticias\/quarto-dia-davos-agenda-bolsonaro\/\" \/>\n<meta property=\"og:site_name\" content=\"Suno Not\u00edcias\" \/>\n<meta property=\"article:publisher\" content=\"https:\/\/facebook.com\/sunoresearch\" \/>\n<meta property=\"og:image\" content=\"https:\/\/files.sunoresearch.com.br\/n\/uploads\/2019\/01\/6a3ac36b-jair-bolsonaro.jpg\" \/>\n\t<meta property=\"og:image:width\" content=\"1140\" \/>\n\t<meta property=\"og:image:height\" content=\"760\" \/>\n\t<meta property=\"og:image:type\" content=\"image\/jpeg\" \/>\n<meta name=\"author\" content=\"Carlo Cauti\" \/>\n<meta name=\"twitter:card\" content=\"summary_large_image\" \/>\n<meta name=\"twitter:creator\" content=\"@sunoresearch\" \/>\n<meta name=\"twitter:site\" content=\"@sunoresearch\" \/>\n<meta name=\"twitter:label1\" content=\"Escrito por\" \/>\n\t<meta name=\"twitter:data1\" content=\"Carlo Cauti\" \/>\n\t<meta name=\"twitter:label2\" content=\"Est. tempo de leitura\" \/>\n\t<meta name=\"twitter:data2\" content=\"4 minutos\" \/>\n<script type=\"application\/ld+json\" class=\"yoast-schema-graph\">{\"@context\":\"https:\/\/schema.org\",\"@graph\":[{\"@type\":\"NewsArticle\",\"@id\":\"https:\/\/www.suno.com.br\/noticias\/quarto-dia-davos-agenda-bolsonaro\/#article\",\"isPartOf\":{\"@id\":\"https:\/\/www.suno.com.br\/noticias\/quarto-dia-davos-agenda-bolsonaro\/\"},\"author\":{\"name\":\"Carlo Cauti\",\"@id\":\"https:\/\/www.suno.com.br\/noticias\/#\/schema\/person\/e6e0f723cc177805027f4566c1d5e0c8\"},\"headline\":\"Quarto dia de Davos termina com agenda cheia de Bolsonaro\",\"datePublished\":\"2019-01-24T18:06:36+00:00\",\"dateModified\":\"2019-01-24T18:15:01+00:00\",\"mainEntityOfPage\":{\"@id\":\"https:\/\/www.suno.com.br\/noticias\/quarto-dia-davos-agenda-bolsonaro\/\"},\"wordCount\":814,\"publisher\":{\"@id\":\"https:\/\/www.suno.com.br\/noticias\/#organization\"},\"image\":{\"@id\":\"https:\/\/www.suno.com.br\/noticias\/quarto-dia-davos-agenda-bolsonaro\/#primaryimage\"},\"thumbnailUrl\":\"https:\/\/files.sunoresearch.com.br\/n\/uploads\/2019\/01\/6a3ac36b-jair-bolsonaro-jpg.webp\",\"keywords\":[\"Davos\",\"F\u00f3rum Econ\u00f4mico Mundial\",\"Jair Bolsonaro\"],\"articleSection\":[\"Internacional\"],\"inLanguage\":\"pt-BR\"},{\"@type\":\"WebPage\",\"@id\":\"https:\/\/www.suno.com.br\/noticias\/quarto-dia-davos-agenda-bolsonaro\/\",\"url\":\"https:\/\/www.suno.com.br\/noticias\/quarto-dia-davos-agenda-bolsonaro\/\",\"name\":\"Quarto dia de Davos termina com agenda cheia de Bolsonaro\",\"isPartOf\":{\"@id\":\"https:\/\/www.suno.com.br\/noticias\/#website\"},\"primaryImageOfPage\":{\"@id\":\"https:\/\/www.suno.com.br\/noticias\/quarto-dia-davos-agenda-bolsonaro\/#primaryimage\"},\"image\":{\"@id\":\"https:\/\/www.suno.com.br\/noticias\/quarto-dia-davos-agenda-bolsonaro\/#primaryimage\"},\"thumbnailUrl\":\"https:\/\/files.sunoresearch.com.br\/n\/uploads\/2019\/01\/6a3ac36b-jair-bolsonaro-jpg.webp\",\"datePublished\":\"2019-01-24T18:06:36+00:00\",\"dateModified\":\"2019-01-24T18:15:01+00:00\",\"description\":\"Terminou nesta quinta-feira (24) o quarto dia de trabalho do F\u00f3rum Econ\u00f4mico Mundial de Davos. Clique para saber mais.\",\"breadcrumb\":{\"@id\":\"https:\/\/www.suno.com.br\/noticias\/quarto-dia-davos-agenda-bolsonaro\/#breadcrumb\"},\"inLanguage\":\"pt-BR\",\"potentialAction\":[{\"@type\":\"ReadAction\",\"target\":[\"https:\/\/www.suno.com.br\/noticias\/quarto-dia-davos-agenda-bolsonaro\/\"]}]},{\"@type\":\"ImageObject\",\"inLanguage\":\"pt-BR\",\"@id\":\"https:\/\/www.suno.com.br\/noticias\/quarto-dia-davos-agenda-bolsonaro\/#primaryimage\",\"url\":\"https:\/\/files.sunoresearch.com.br\/n\/uploads\/2019\/01\/6a3ac36b-jair-bolsonaro-jpg.webp\",\"contentUrl\":\"https:\/\/files.sunoresearch.com.br\/n\/uploads\/2019\/01\/6a3ac36b-jair-bolsonaro-jpg.webp\",\"width\":1140,\"height\":760,\"caption\":\"O Presidente da Rep\u00fablica, Jair Bolsonaro,durante reuni\u00e3o do Conselho Internacional de Neg\u00f3cios no F\u00f3rum Econ\u00f4mico Mundial em Davos. (Ag\u00eancia Brasil)\"},{\"@type\":\"BreadcrumbList\",\"@id\":\"https:\/\/www.suno.com.br\/noticias\/quarto-dia-davos-agenda-bolsonaro\/#breadcrumb\",\"itemListElement\":[{\"@type\":\"ListItem\",\"position\":1,\"name\":\"Not\u00edcias\",\"item\":\"https:\/\/www.suno.com.br\/noticias\/\"},{\"@type\":\"ListItem\",\"position\":2,\"name\":\"Internacional\",\"item\":\"https:\/\/www.suno.com.br\/noticias\/internacional\/\"},{\"@type\":\"ListItem\",\"position\":3,\"name\":\"Quarto dia de Davos termina com agenda cheia de Bolsonaro\"}]},{\"@type\":\"WebSite\",\"@id\":\"https:\/\/www.suno.com.br\/noticias\/#website\",\"url\":\"https:\/\/www.suno.com.br\/noticias\/\",\"name\":\"Suno Not\u00edcias\",\"description\":\"Seu portal de informa\u00e7\u00e3o sobre o mundo dos investimentos\",\"publisher\":{\"@id\":\"https:\/\/www.suno.com.br\/noticias\/#organization\"},\"potentialAction\":[{\"@type\":\"SearchAction\",\"target\":{\"@type\":\"EntryPoint\",\"urlTemplate\":\"https:\/\/www.suno.com.br\/noticias\/?s={search_term_string}\"},\"query-input\":{\"@type\":\"PropertyValueSpecification\",\"valueRequired\":true,\"valueName\":\"search_term_string\"}}],\"inLanguage\":\"pt-BR\"},{\"@type\":\"Organization\",\"@id\":\"https:\/\/www.suno.com.br\/noticias\/#organization\",\"name\":\"Suno Not\u00edcias\",\"url\":\"https:\/\/www.suno.com.br\/noticias\/\",\"logo\":{\"@type\":\"ImageObject\",\"inLanguage\":\"pt-BR\",\"@id\":\"https:\/\/www.suno.com.br\/noticias\/#\/schema\/logo\/image\/\",\"url\":\"https:\/\/files.sunoresearch.com.br\/n\/uploads\/2021\/09\/suno-logo.png\",\"contentUrl\":\"https:\/\/files.sunoresearch.com.br\/n\/uploads\/2021\/09\/suno-logo.png\",\"width\":180,\"height\":180,\"caption\":\"Suno Not\u00edcias\"},\"image\":{\"@id\":\"https:\/\/www.suno.com.br\/noticias\/#\/schema\/logo\/image\/\"},\"sameAs\":[\"https:\/\/facebook.com\/sunoresearch\",\"https:\/\/x.com\/sunoresearch\",\"https:\/\/www.instagram.com\/suno\",\"https:\/\/www.linkedin.com\/company\/suno-research\/\",\"https:\/\/www.youtube.com\/c\/sunoresearch\"]},{\"@type\":\"Person\",\"@id\":\"https:\/\/www.suno.com.br\/noticias\/#\/schema\/person\/e6e0f723cc177805027f4566c1d5e0c8\",\"name\":\"Carlo Cauti\",\"image\":{\"@type\":\"ImageObject\",\"inLanguage\":\"pt-BR\",\"@id\":\"https:\/\/www.suno.com.br\/noticias\/#\/schema\/person\/image\/\",\"url\":\"https:\/\/secure.gravatar.com\/avatar\/3ada9e0bd164c23abd4792a9606d583c?s=96&r=g\",\"contentUrl\":\"https:\/\/secure.gravatar.com\/avatar\/3ada9e0bd164c23abd4792a9606d583c?s=96&r=g\",\"caption\":\"Carlo Cauti\"},\"description\":\"Editor multim\u00eddia do SUNO Not\u00edcias. Italiano, formado em Ci\u00eancias Pol\u00edticas pela universidade LUISS G. Carli de Roma e mestre cum laude em Rela\u00e7\u00f5es Internacionais, Jornalismo Internacional e de Guerra e em Economia Internacional. Concluiu tamb\u00e9m um MBA em Finan\u00e7as na B3. No Brasil, teve passagem por ve\u00edculos como Estad\u00e3o, Globo, Veja e EXAME. e nas ag\u00eancias de not\u00edcias italianas ANSA e NOVA.\",\"url\":\"https:\/\/www.suno.com.br\/noticias\/author\/carlo-cauti\/\"}]}<\/script>\n<!-- \/ Yoast SEO plugin. -->","yoast_head_json":{"title":"Quarto dia de Davos termina com agenda cheia de Bolsonaro","description":"Terminou nesta quinta-feira (24) o quarto dia de trabalho do F\u00f3rum Econ\u00f4mico Mundial de Davos. Clique para saber mais.","robots":{"index":"index","follow":"follow","max-snippet":"max-snippet:-1","max-image-preview":"max-image-preview:large","max-video-preview":"max-video-preview:-1"},"canonical":"https:\/\/www.suno.com.br\/noticias\/quarto-dia-davos-agenda-bolsonaro\/","og_locale":"pt_BR","og_type":"article","og_title":"Quarto dia de Davos termina com agenda cheia de Bolsonaro","og_description":"Terminou nesta quinta-feira (24) o quarto dia de trabalho do F\u00f3rum Econ\u00f4mico Mundial de Davos. Clique para saber mais.","og_url":"https:\/\/www.suno.com.br\/noticias\/quarto-dia-davos-agenda-bolsonaro\/","og_site_name":"Suno Not\u00edcias","article_publisher":"https:\/\/facebook.com\/sunoresearch","og_image":[{"width":1140,"height":760,"url":"https:\/\/files.sunoresearch.com.br\/n\/uploads\/2019\/01\/6a3ac36b-jair-bolsonaro.jpg","type":"image\/jpeg"}],"author":"Carlo Cauti","twitter_card":"summary_large_image","twitter_creator":"@sunoresearch","twitter_site":"@sunoresearch","twitter_misc":{"Escrito por":"Carlo Cauti","Est. tempo de leitura":"4 minutos"},"schema":{"@context":"https:\/\/schema.org","@graph":[{"@type":"NewsArticle","@id":"https:\/\/www.suno.com.br\/noticias\/quarto-dia-davos-agenda-bolsonaro\/#article","isPartOf":{"@id":"https:\/\/www.suno.com.br\/noticias\/quarto-dia-davos-agenda-bolsonaro\/"},"author":{"name":"Carlo Cauti","@id":"https:\/\/www.suno.com.br\/noticias\/#\/schema\/person\/e6e0f723cc177805027f4566c1d5e0c8"},"headline":"Quarto dia de Davos termina com agenda cheia de Bolsonaro","datePublished":"2019-01-24T18:06:36+00:00","dateModified":"2019-01-24T18:15:01+00:00","mainEntityOfPage":{"@id":"https:\/\/www.suno.com.br\/noticias\/quarto-dia-davos-agenda-bolsonaro\/"},"wordCount":814,"publisher":{"@id":"https:\/\/www.suno.com.br\/noticias\/#organization"},"image":{"@id":"https:\/\/www.suno.com.br\/noticias\/quarto-dia-davos-agenda-bolsonaro\/#primaryimage"},"thumbnailUrl":"https:\/\/files.sunoresearch.com.br\/n\/uploads\/2019\/01\/6a3ac36b-jair-bolsonaro-jpg.webp","keywords":["Davos","F\u00f3rum Econ\u00f4mico Mundial","Jair Bolsonaro"],"articleSection":["Internacional"],"inLanguage":"pt-BR"},{"@type":"WebPage","@id":"https:\/\/www.suno.com.br\/noticias\/quarto-dia-davos-agenda-bolsonaro\/","url":"https:\/\/www.suno.com.br\/noticias\/quarto-dia-davos-agenda-bolsonaro\/","name":"Quarto dia de Davos termina com agenda cheia de Bolsonaro","isPartOf":{"@id":"https:\/\/www.suno.com.br\/noticias\/#website"},"primaryImageOfPage":{"@id":"https:\/\/www.suno.com.br\/noticias\/quarto-dia-davos-agenda-bolsonaro\/#primaryimage"},"image":{"@id":"https:\/\/www.suno.com.br\/noticias\/quarto-dia-davos-agenda-bolsonaro\/#primaryimage"},"thumbnailUrl":"https:\/\/files.sunoresearch.com.br\/n\/uploads\/2019\/01\/6a3ac36b-jair-bolsonaro-jpg.webp","datePublished":"2019-01-24T18:06:36+00:00","dateModified":"2019-01-24T18:15:01+00:00","description":"Terminou nesta quinta-feira (24) o quarto dia de trabalho do F\u00f3rum Econ\u00f4mico Mundial de Davos. Clique para saber mais.","breadcrumb":{"@id":"https:\/\/www.suno.com.br\/noticias\/quarto-dia-davos-agenda-bolsonaro\/#breadcrumb"},"inLanguage":"pt-BR","potentialAction":[{"@type":"ReadAction","target":["https:\/\/www.suno.com.br\/noticias\/quarto-dia-davos-agenda-bolsonaro\/"]}]},{"@type":"ImageObject","inLanguage":"pt-BR","@id":"https:\/\/www.suno.com.br\/noticias\/quarto-dia-davos-agenda-bolsonaro\/#primaryimage","url":"https:\/\/files.sunoresearch.com.br\/n\/uploads\/2019\/01\/6a3ac36b-jair-bolsonaro-jpg.webp","contentUrl":"https:\/\/files.sunoresearch.com.br\/n\/uploads\/2019\/01\/6a3ac36b-jair-bolsonaro-jpg.webp","width":1140,"height":760,"caption":"O Presidente da Rep\u00fablica, Jair Bolsonaro,durante reuni\u00e3o do Conselho Internacional de Neg\u00f3cios no F\u00f3rum Econ\u00f4mico Mundial em Davos. (Ag\u00eancia Brasil)"},{"@type":"BreadcrumbList","@id":"https:\/\/www.suno.com.br\/noticias\/quarto-dia-davos-agenda-bolsonaro\/#breadcrumb","itemListElement":[{"@type":"ListItem","position":1,"name":"Not\u00edcias","item":"https:\/\/www.suno.com.br\/noticias\/"},{"@type":"ListItem","position":2,"name":"Internacional","item":"https:\/\/www.suno.com.br\/noticias\/internacional\/"},{"@type":"ListItem","position":3,"name":"Quarto dia de Davos termina com agenda cheia de Bolsonaro"}]},{"@type":"WebSite","@id":"https:\/\/www.suno.com.br\/noticias\/#website","url":"https:\/\/www.suno.com.br\/noticias\/","name":"Suno Not\u00edcias","description":"Seu portal de informa\u00e7\u00e3o sobre o mundo dos investimentos","publisher":{"@id":"https:\/\/www.suno.com.br\/noticias\/#organization"},"potentialAction":[{"@type":"SearchAction","target":{"@type":"EntryPoint","urlTemplate":"https:\/\/www.suno.com.br\/noticias\/?s={search_term_string}"},"query-input":{"@type":"PropertyValueSpecification","valueRequired":true,"valueName":"search_term_string"}}],"inLanguage":"pt-BR"},{"@type":"Organization","@id":"https:\/\/www.suno.com.br\/noticias\/#organization","name":"Suno Not\u00edcias","url":"https:\/\/www.suno.com.br\/noticias\/","logo":{"@type":"ImageObject","inLanguage":"pt-BR","@id":"https:\/\/www.suno.com.br\/noticias\/#\/schema\/logo\/image\/","url":"https:\/\/files.sunoresearch.com.br\/n\/uploads\/2021\/09\/suno-logo.png","contentUrl":"https:\/\/files.sunoresearch.com.br\/n\/uploads\/2021\/09\/suno-logo.png","width":180,"height":180,"caption":"Suno Not\u00edcias"},"image":{"@id":"https:\/\/www.suno.com.br\/noticias\/#\/schema\/logo\/image\/"},"sameAs":["https:\/\/facebook.com\/sunoresearch","https:\/\/x.com\/sunoresearch","https:\/\/www.instagram.com\/suno","https:\/\/www.linkedin.com\/company\/suno-research\/","https:\/\/www.youtube.com\/c\/sunoresearch"]},{"@type":"Person","@id":"https:\/\/www.suno.com.br\/noticias\/#\/schema\/person\/e6e0f723cc177805027f4566c1d5e0c8","name":"Carlo Cauti","image":{"@type":"ImageObject","inLanguage":"pt-BR","@id":"https:\/\/www.suno.com.br\/noticias\/#\/schema\/person\/image\/","url":"https:\/\/secure.gravatar.com\/avatar\/3ada9e0bd164c23abd4792a9606d583c?s=96&r=g","contentUrl":"https:\/\/secure.gravatar.com\/avatar\/3ada9e0bd164c23abd4792a9606d583c?s=96&r=g","caption":"Carlo Cauti"},"description":"Editor multim\u00eddia do SUNO Not\u00edcias. Italiano, formado em Ci\u00eancias Pol\u00edticas pela universidade LUISS G. Carli de Roma e mestre cum laude em Rela\u00e7\u00f5es Internacionais, Jornalismo Internacional e de Guerra e em Economia Internacional. Concluiu tamb\u00e9m um MBA em Finan\u00e7as na B3. No Brasil, teve passagem por ve\u00edculos como Estad\u00e3o, Globo, Veja e EXAME. e nas ag\u00eancias de not\u00edcias italianas ANSA e NOVA.","url":"https:\/\/www.suno.com.br\/noticias\/author\/carlo-cauti\/"}]}},"default_loop_html":"<div class=\"cardsPage__listCard__boxs\"><div class=\"cardsPage__listCard__boxs__img\"><a href=\"https:\/\/www.suno.com.br\/noticias\/quarto-dia-davos-agenda-bolsonaro\/\"><img class=\"mask\" src=\"https:\/\/www.suno.com.br\/noticias\/wp-content\/themes\/suno\/resources\/images\/spotlight\/spotlight1img\/bg-mask.png\" alt=\"Image Mask\"\/><img src=\"https:\/\/files.sunoresearch.com.br\/n\/uploads\/2019\/01\/6a3ac36b-jair-bolsonaro-400x200.webp\" alt=\"Quarto dia de Davos termina com agenda cheia de Bolsonaro\"\/><\/a><span class=\"spotlightCategory\"><a href=\"https:\/\/www.suno.com.br\/noticias\/internacional\/\">Internacional<\/a><\/span><\/div><div class=\"cardsPage__listCard__boxs__content\"><a href=\"https:\/\/www.suno.com.br\/noticias\/quarto-dia-davos-agenda-bolsonaro\/\"><h2 class=\"content__title\">Quarto dia de Davos termina com agenda cheia de Bolsonaro<\/h2><\/a><div class=\"newsContent__article__meta\"><div class=\"newsContent__article__meta__authorBox\"><a href=\"https:\/\/www.suno.com.br\/noticias\/author\/carlo-cauti\/\" class=\"authorBox__avatar noMobi\"><img src=\"https:\/\/files.sunoresearch.com.br\/n\/uploads\/2020\/08\/e3745f9a-perfil-carlo-cauti-150x150.webp\" alt=\"Carlo Cauti\"><\/a><div class=\"authorBox__name\"><span>por\n\t\t\t<a href=\"https:\/\/www.suno.com.br\/noticias\/author\/carlo-cauti\/\"><span itemprop=\"author\">Carlo Cauti<\/span><\/a><\/span><time datetime=\"2019-01-24T16:06:36-02:00\" itemprop=\"datePublished\">24\/01\/2019 16:06<\/time><\/div><\/div><\/div><\/div><\/div>","single_layout":"posts","amp_enabled":true,"_links":{"self":[{"href":"https:\/\/www.suno.com.br\/noticias\/wp-json\/wp\/v2\/posts\/12703"}],"collection":[{"href":"https:\/\/www.suno.com.br\/noticias\/wp-json\/wp\/v2\/posts"}],"about":[{"href":"https:\/\/www.suno.com.br\/noticias\/wp-json\/wp\/v2\/types\/post"}],"author":[{"embeddable":true,"href":"https:\/\/www.suno.com.br\/noticias\/wp-json\/wp\/v2\/users\/9"}],"replies":[{"embeddable":true,"href":"https:\/\/www.suno.com.br\/noticias\/wp-json\/wp\/v2\/comments?post=12703"}],"version-history":[{"count":0,"href":"https:\/\/www.suno.com.br\/noticias\/wp-json\/wp\/v2\/posts\/12703\/revisions"}],"wp:featuredmedia":[{"embeddable":true,"href":"https:\/\/www.suno.com.br\/noticias\/wp-json\/wp\/v2\/media\/12868"}],"wp:attachment":[{"href":"https:\/\/www.suno.com.br\/noticias\/wp-json\/wp\/v2\/media?parent=12703"}],"wp:term":[{"taxonomy":"category","embeddable":true,"href":"https:\/\/www.suno.com.br\/noticias\/wp-json\/wp\/v2\/categories?post=12703"},{"taxonomy":"post_tag","embeddable":true,"href":"https:\/\/www.suno.com.br\/noticias\/wp-json\/wp\/v2\/tags?post=12703"},{"taxonomy":"suno_strategy","embeddable":true,"href":"https:\/\/www.suno.com.br\/noticias\/wp-json\/wp\/v2\/suno_strategy?post=12703"}],"curies":[{"name":"wp","href":"https:\/\/api.w.org\/{rel}","templated":true}]}}