{"id":12685,"date":"2019-01-22T21:48:43","date_gmt":"2019-01-22T23:48:43","guid":{"rendered":"https:\/\/www.suno.com.br\/noticias\/?p=12685"},"modified":"2019-01-23T10:24:26","modified_gmt":"2019-01-23T12:24:26","slug":"davos-discurso-bolsonaro-nao-entusiasma","status":"publish","type":"post","link":"https:\/\/www.suno.com.br\/noticias\/davos-discurso-bolsonaro-nao-entusiasma\/","title":{"rendered":"Davos: discurso de Bolsonaro n\u00e3o entusiasma na abertura do F\u00f3rum"},"content":{"rendered":"<p>Terminou nesta ter\u00e7a-feira (21) o primeiro dia dos trabalhos do <a href=\"https:\/\/www.suno.com.br\/artigos\/direto-de-davos\/\">F\u00f3rum Econ\u00f4mico Mundial de Davos<\/a>.<\/p>\t<div class=\"wrapper-featured-image\">\n\t\t<figure class=\"spotlightImg\">\n\n\t\t\t<picture>\n\t\t\t\t<source media=\"(max-width: 768px)\" srcset=\"https:\/\/files.sunoresearch.com.br\/n\/uploads\/2019\/01\/4fe20758-bolsonaro-davos-400x200.webp\">\n\t\t\t\t<img loading=\"lazy\" decoding=\"async\" class=\"newsContent__article__imgCapa lazyloadDisabled newsContent__article__imgCapa--noCaption\" src=\"https:\/\/files.sunoresearch.com.br\/n\/uploads\/2019\/01\/4fe20758-bolsonaro-davos-800x450.webp\" width=\"800\" height=\"450\" alt=\"Davos: discurso de Bolsonaro n\u00e3o entusiasma na abertura do F\u00f3rum\" fetchpriority=high \/>\n\t\t\t<\/picture>\n\n\t\t\t<figcaption class=\"wp-caption-text wp-caption-text--hide\">O presidente Jair Bolsonaro discursando em Davos<\/figcaption>\n\t\t<\/figure>\n\t<\/div>\n\n\n<p>O dia foi marcado pela presen\u00e7a do Brasil no\u00a0<strong>F\u00f3rum Econ\u00f4mico Mundial<\/strong>. O primeiro painel foi realizado pelo ministro da Justi\u00e7a e da Seguran\u00e7a P\u00fablica, S\u00e9rgio Moro. Al\u00e9m disso, o presidente <a href=\"https:\/\/www.suno.com.br\/noticias\/bolsonaro-protagonista-forum-economico-mundial\/\"><strong>Jair Bolsonaro\u00a0<\/strong><\/a>protagonizou o discurso de honra ao lado do fundador do evento de <strong>Davos<\/strong>, <strong>Klaus Schwab<\/strong>.<\/p>\n<h2>Moro no painel sobre Judici\u00e1rio<\/h2>\n<p>No painel, <strong>Moro<\/strong> discursou no painel sobre o <strong>Judici\u00e1rio<\/strong> e a <strong>corrup\u00e7\u00e3o,<\/strong> que tinha o t\u00edtulo &#8220;Restaurando a Confian\u00e7a e Integridade&#8221;. Analisando as causas jur\u00eddicas, o\u00a0ex-juiz titular da <strong>Lava Jato<\/strong> falou sobre os\u00a0 n\u00edveis historicamente baixos de confian\u00e7a entre investidores como causa de muitos desafios econ\u00f4micos e pol\u00edticos do mundo.<\/p>\n<p><a href=\"https:\/\/www.suno.com.br\/noticias\/moro-abre-trabalhos-do-forum-economico-mundial-de-davos\/\">Saiba mais: Moro abre trabalhos do F\u00f3rum Econ\u00f4mico Mundial de Davos\u00a0<\/a><\/p>\n<p>O objetivo da discuss\u00e3o foi tentar entender como empres\u00e1rios, governo e sociedade civil possam trabalhar juntos para\u00a0restaurar a integridade e confian\u00e7a na pol\u00edtica.<\/p>\n<h2>Discurso do presidente Jair Bolsonaro<\/h2>\n<p>O ministro Moro antecipou a chegada no F\u00f3rum do presidente <strong>Jair Bolsonaro<\/strong>.<\/p>\n<p>O n\u00edvel de expectativas para a fala de <strong>Bolsonaro<\/strong> foi muito alto, especialmente entre os jornalistas credenciados para cobrir o evento. Mas a grande sala onde o mandat\u00e1rio discursou tamb\u00e9m estava lotada de empres\u00e1rio, executivos, professores e l\u00edderes pol\u00edticos internacionais. Entre eles, a diretora-executiva do <strong>Fundo Monet\u00e1rio Internacional (FMI)<\/strong>, C<strong>hristine Lagarde<\/strong>.<\/p>\n<p>Todavia, a fala de <strong>Bolsonaro<\/strong> n\u00e3o convenceu em cheio os participantes. O clima no evento se demonstrou frio, com poucos aplausos. E o discurso do presidente brasileiro, muito curto e sem detalhes, n\u00e3o suscitou entusiasmo.<\/p>\n<p><a href=\"https:\/\/www.suno.com.br\/noticias\/forum-economico-mundial-discurso-bolsonaro\">Saiba mais: F\u00f3rum Econ\u00f4mico Mundial: discurso de Bolsonaro n\u00e3o repercute bem\u00a0<\/a><\/p>\n<p>Os participantes esperavam obter informa\u00e7\u00f5es sobre as reformas que o <strong>governo<\/strong> pretende levar adiante para contribuir a retomada econ\u00f4mica. Mas o discurso de <strong>Bolsonaro<\/strong> foi muito gen\u00e9rico e sem entrar no m\u00e9rito das quest\u00f5es mais urgentes, como a reforma da Previd\u00eancia social.<\/p>\n<h2>Encontro com empres\u00e1rios<\/h2>\n<p>Depois do evento, <strong>Bolsonaro<\/strong> se reuniu em uma sala reservada com empres\u00e1rios internacionais. Ele estava acompanhado pelo ministro <strong>Moro,<\/strong> pelo ministro da Economia, <strong>Paulo Guedes<\/strong>, e pelo ministro das Rela\u00e7\u00f5es Exteriores, <strong>Ernesto Ara\u00fajo<\/strong>. Tamb\u00e9m estavam presente o filho do presidente, o deputado federal <strong>Eduardo Bolsonaro<\/strong> e alguns t\u00e9cnicos do governo, como o\u00a0secret\u00e1rio Especial do Com\u00e9rcio Exterior e Assuntos Internacionais do Minist\u00e9rio da Economia, <strong>Marcos Troyjo<\/strong>.<\/p>\n<p><a href=\"https:\/\/www.suno.com.br\/noticias\/bolsonaro-forum-economico-mundial-davos\/\">Saiba mais: F\u00f3rum Econ\u00f4mico Mundial: Confira na \u00edntegra o discurso de Bolsonaro\u00a0<\/a><\/p>\n<p>Na sa\u00edda, <strong>Bolsonaro<\/strong> n\u00e3o quis falar com jornalistas brasileiros e s\u00f3 concedeu entrevista para jornalistas italianos. Ele falou sobre o caso do terrorista italiano Cesare <strong>Battisti,<\/strong> extraditado para a <strong>It\u00e1lia.<\/strong> E tamb\u00e9m prometeu extraditar outros terroristas italianos que permanecem ainda hoje no Brasil.<\/p>\n<h2>Mike Pompeo no v\u00eddeo<\/h2>\n<p>Logo depois de <strong>Bolsonaro,<\/strong> foi a vez do secret\u00e1rio de Estado americano, <strong>Mike Pompeo.<\/strong> O chanceler dos <strong>EUA<\/strong> salientou a import\u00e2ncia das fronteiras e das na\u00e7\u00f5es e fortes. Pompeo falou em discurso por videoconfer\u00eancia devido \u00e0 paralisa\u00e7\u00e3o do governo americano. Nenhum representante dos <strong>EUA<\/strong> veio para <strong>Davos<\/strong> esse ano, por causa do bloqueio das atividades da administra\u00e7\u00e3o federal. Isso deixou o <strong>F\u00f3rum Econ\u00f4mico Mundial<\/strong> muito esvaziado de participantes e de p\u00fablico, sendo que a delega\u00e7\u00e3o dos EUA sempre foi muito numerosa.<\/p>\n<p>\u201cAs na\u00e7\u00f5es s\u00e3o importantes. Nenhum \u00f3rg\u00e3o internacional pode defender as pessoas como um l\u00edder forte\u201d, afirmou <strong>Pompeo<\/strong> \u201cFronteiras s\u00f3lidas s\u00e3o fundamentais para uma na\u00e7\u00e3o forte e para proteger os cidad\u00e3os\u201d.<\/p>\n<p>O secret\u00e1rio de Estado tamb\u00e9m falou de amea\u00e7as aos Estados Unidos. Entre elas, o programa nuclear da <strong>Coreia do Norte<\/strong>, o terrorismo, as pol\u00edticas desestabilizantes do Ir\u00e3 e a \u201cbeliger\u00e2ncia\u201d e o modelo econ\u00f4mico da <strong>China.<\/strong><\/p>\n<p>Al\u00e9m disso, Pompeo declarou que as rela\u00e7\u00f5es entre R\u00fassia e <strong>Estados Unidos<\/strong> n\u00e3o devem voltar a \u00e9poca da <strong>Guerra Fria<\/strong>. Entretanto, criticou as atitudes de Moscou no cen\u00e1rio internacional e afirmou esperar que a <strong>R\u00fassia<\/strong> respeite o Estado de Direito. Essa foi o primeiro v\u00eddeo discurso de um secret\u00e1rio de Estado no <strong>F\u00f3rum Econ\u00f4mico Mundial<\/strong> de <strong>Davos<\/strong> em videoconfer\u00eancia.<\/p>\n<p>&nbsp;<\/p>\n","protected":false},"excerpt":{"rendered":"<p>Terminou nesta ter\u00e7a-feira (21) o primeiro dia dos trabalhos do F\u00f3rum Econ\u00f4mico Mundial de Davos. O presidente Jair Bolsonaro discursando em Davos O dia foi marcado pela presen\u00e7a do Brasil no\u00a0F\u00f3rum Econ\u00f4mico Mundial. O primeiro painel foi realizado pelo ministro da Justi\u00e7a e da Seguran\u00e7a P\u00fablica, S\u00e9rgio Moro. Al\u00e9m disso, o presidente Jair Bolsonaro\u00a0protagonizou o [&hellip;]<\/p>\n","protected":false},"author":9,"featured_media":12687,"comment_status":"closed","ping_status":"closed","sticky":false,"template":"","format":"standard","meta":[],"categories":[63],"tags":[972,961,719],"suno_strategy":[],"class_list":["post-12685","post","type-post","status-publish","format-standard","has-post-thumbnail","hentry","category-internacional","tag-davos","tag-forum-economico-mundial","tag-jair-bolsonaro"],"yoast_head":"<!-- This site is optimized with the Yoast SEO plugin v24.4 - https:\/\/yoast.com\/wordpress\/plugins\/seo\/ -->\n<title>Davos: discurso de Bolsonaro n\u00e3o entusiasma na abertura do F\u00f3rum<\/title>\n<meta name=\"description\" content=\"Discurso de Bolsonaro n\u00e3o entusiasmou os participantes do F\u00f3rum Econ\u00f4mico Mundial de Davos. Clique aqui para saber mais.\" \/>\n<meta name=\"robots\" content=\"index, follow, max-snippet:-1, max-image-preview:large, max-video-preview:-1\" \/>\n<link rel=\"canonical\" href=\"https:\/\/www.suno.com.br\/noticias\/davos-discurso-bolsonaro-nao-entusiasma\/\" \/>\n<meta property=\"og:locale\" content=\"pt_BR\" \/>\n<meta property=\"og:type\" content=\"article\" \/>\n<meta property=\"og:title\" content=\"Davos: discurso de Bolsonaro n\u00e3o entusiasma na abertura do F\u00f3rum\" \/>\n<meta property=\"og:description\" content=\"Discurso de Bolsonaro n\u00e3o entusiasmou os participantes do F\u00f3rum Econ\u00f4mico Mundial de Davos. Clique aqui para saber mais.\" \/>\n<meta property=\"og:url\" content=\"https:\/\/www.suno.com.br\/noticias\/davos-discurso-bolsonaro-nao-entusiasma\/\" \/>\n<meta property=\"og:site_name\" content=\"Suno Not\u00edcias\" \/>\n<meta property=\"article:publisher\" content=\"https:\/\/facebook.com\/sunoresearch\" \/>\n<meta property=\"og:image\" content=\"https:\/\/files.sunoresearch.com.br\/n\/uploads\/2019\/01\/4fe20758-bolsonaro-davos.jpg\" \/>\n\t<meta property=\"og:image:width\" content=\"1280\" \/>\n\t<meta property=\"og:image:height\" content=\"720\" \/>\n\t<meta property=\"og:image:type\" content=\"image\/jpeg\" \/>\n<meta name=\"author\" content=\"Carlo Cauti\" \/>\n<meta name=\"twitter:card\" content=\"summary_large_image\" \/>\n<meta name=\"twitter:creator\" content=\"@sunoresearch\" \/>\n<meta name=\"twitter:site\" content=\"@sunoresearch\" \/>\n<meta name=\"twitter:label1\" content=\"Escrito por\" \/>\n\t<meta name=\"twitter:data1\" content=\"Carlo Cauti\" \/>\n\t<meta name=\"twitter:label2\" content=\"Est. tempo de leitura\" \/>\n\t<meta name=\"twitter:data2\" content=\"4 minutos\" \/>\n<script type=\"application\/ld+json\" class=\"yoast-schema-graph\">{\"@context\":\"https:\/\/schema.org\",\"@graph\":[{\"@type\":\"NewsArticle\",\"@id\":\"https:\/\/www.suno.com.br\/noticias\/davos-discurso-bolsonaro-nao-entusiasma\/#article\",\"isPartOf\":{\"@id\":\"https:\/\/www.suno.com.br\/noticias\/davos-discurso-bolsonaro-nao-entusiasma\/\"},\"author\":{\"name\":\"Carlo Cauti\",\"@id\":\"https:\/\/www.suno.com.br\/noticias\/#\/schema\/person\/e6e0f723cc177805027f4566c1d5e0c8\"},\"headline\":\"Davos: discurso de Bolsonaro n\u00e3o entusiasma na abertura do F\u00f3rum\",\"datePublished\":\"2019-01-22T23:48:43+00:00\",\"dateModified\":\"2019-01-23T12:24:26+00:00\",\"mainEntityOfPage\":{\"@id\":\"https:\/\/www.suno.com.br\/noticias\/davos-discurso-bolsonaro-nao-entusiasma\/\"},\"wordCount\":752,\"publisher\":{\"@id\":\"https:\/\/www.suno.com.br\/noticias\/#organization\"},\"image\":{\"@id\":\"https:\/\/www.suno.com.br\/noticias\/davos-discurso-bolsonaro-nao-entusiasma\/#primaryimage\"},\"thumbnailUrl\":\"https:\/\/files.sunoresearch.com.br\/n\/uploads\/2019\/01\/4fe20758-bolsonaro-davos-jpg.webp\",\"keywords\":[\"Davos\",\"F\u00f3rum Econ\u00f4mico Mundial\",\"Jair Bolsonaro\"],\"articleSection\":[\"Internacional\"],\"inLanguage\":\"pt-BR\"},{\"@type\":\"WebPage\",\"@id\":\"https:\/\/www.suno.com.br\/noticias\/davos-discurso-bolsonaro-nao-entusiasma\/\",\"url\":\"https:\/\/www.suno.com.br\/noticias\/davos-discurso-bolsonaro-nao-entusiasma\/\",\"name\":\"Davos: discurso de Bolsonaro n\u00e3o entusiasma na abertura do F\u00f3rum\",\"isPartOf\":{\"@id\":\"https:\/\/www.suno.com.br\/noticias\/#website\"},\"primaryImageOfPage\":{\"@id\":\"https:\/\/www.suno.com.br\/noticias\/davos-discurso-bolsonaro-nao-entusiasma\/#primaryimage\"},\"image\":{\"@id\":\"https:\/\/www.suno.com.br\/noticias\/davos-discurso-bolsonaro-nao-entusiasma\/#primaryimage\"},\"thumbnailUrl\":\"https:\/\/files.sunoresearch.com.br\/n\/uploads\/2019\/01\/4fe20758-bolsonaro-davos-jpg.webp\",\"datePublished\":\"2019-01-22T23:48:43+00:00\",\"dateModified\":\"2019-01-23T12:24:26+00:00\",\"description\":\"Discurso de Bolsonaro n\u00e3o entusiasmou os participantes do F\u00f3rum Econ\u00f4mico Mundial de Davos. Clique aqui para saber mais.\",\"breadcrumb\":{\"@id\":\"https:\/\/www.suno.com.br\/noticias\/davos-discurso-bolsonaro-nao-entusiasma\/#breadcrumb\"},\"inLanguage\":\"pt-BR\",\"potentialAction\":[{\"@type\":\"ReadAction\",\"target\":[\"https:\/\/www.suno.com.br\/noticias\/davos-discurso-bolsonaro-nao-entusiasma\/\"]}]},{\"@type\":\"ImageObject\",\"inLanguage\":\"pt-BR\",\"@id\":\"https:\/\/www.suno.com.br\/noticias\/davos-discurso-bolsonaro-nao-entusiasma\/#primaryimage\",\"url\":\"https:\/\/files.sunoresearch.com.br\/n\/uploads\/2019\/01\/4fe20758-bolsonaro-davos-jpg.webp\",\"contentUrl\":\"https:\/\/files.sunoresearch.com.br\/n\/uploads\/2019\/01\/4fe20758-bolsonaro-davos-jpg.webp\",\"width\":1280,\"height\":720,\"caption\":\"O presidente Jair Bolsonaro discursando em Davos\"},{\"@type\":\"BreadcrumbList\",\"@id\":\"https:\/\/www.suno.com.br\/noticias\/davos-discurso-bolsonaro-nao-entusiasma\/#breadcrumb\",\"itemListElement\":[{\"@type\":\"ListItem\",\"position\":1,\"name\":\"Not\u00edcias\",\"item\":\"https:\/\/www.suno.com.br\/noticias\/\"},{\"@type\":\"ListItem\",\"position\":2,\"name\":\"Internacional\",\"item\":\"https:\/\/www.suno.com.br\/noticias\/internacional\/\"},{\"@type\":\"ListItem\",\"position\":3,\"name\":\"Davos: discurso de Bolsonaro n\u00e3o entusiasma na abertura do F\u00f3rum\"}]},{\"@type\":\"WebSite\",\"@id\":\"https:\/\/www.suno.com.br\/noticias\/#website\",\"url\":\"https:\/\/www.suno.com.br\/noticias\/\",\"name\":\"Suno Not\u00edcias\",\"description\":\"Seu portal de informa\u00e7\u00e3o sobre o mundo dos investimentos\",\"publisher\":{\"@id\":\"https:\/\/www.suno.com.br\/noticias\/#organization\"},\"potentialAction\":[{\"@type\":\"SearchAction\",\"target\":{\"@type\":\"EntryPoint\",\"urlTemplate\":\"https:\/\/www.suno.com.br\/noticias\/?s={search_term_string}\"},\"query-input\":{\"@type\":\"PropertyValueSpecification\",\"valueRequired\":true,\"valueName\":\"search_term_string\"}}],\"inLanguage\":\"pt-BR\"},{\"@type\":\"Organization\",\"@id\":\"https:\/\/www.suno.com.br\/noticias\/#organization\",\"name\":\"Suno Not\u00edcias\",\"url\":\"https:\/\/www.suno.com.br\/noticias\/\",\"logo\":{\"@type\":\"ImageObject\",\"inLanguage\":\"pt-BR\",\"@id\":\"https:\/\/www.suno.com.br\/noticias\/#\/schema\/logo\/image\/\",\"url\":\"https:\/\/files.sunoresearch.com.br\/n\/uploads\/2021\/09\/suno-logo.png\",\"contentUrl\":\"https:\/\/files.sunoresearch.com.br\/n\/uploads\/2021\/09\/suno-logo.png\",\"width\":180,\"height\":180,\"caption\":\"Suno Not\u00edcias\"},\"image\":{\"@id\":\"https:\/\/www.suno.com.br\/noticias\/#\/schema\/logo\/image\/\"},\"sameAs\":[\"https:\/\/facebook.com\/sunoresearch\",\"https:\/\/x.com\/sunoresearch\",\"https:\/\/www.instagram.com\/suno\",\"https:\/\/www.linkedin.com\/company\/suno-research\/\",\"https:\/\/www.youtube.com\/c\/sunoresearch\"]},{\"@type\":\"Person\",\"@id\":\"https:\/\/www.suno.com.br\/noticias\/#\/schema\/person\/e6e0f723cc177805027f4566c1d5e0c8\",\"name\":\"Carlo Cauti\",\"image\":{\"@type\":\"ImageObject\",\"inLanguage\":\"pt-BR\",\"@id\":\"https:\/\/www.suno.com.br\/noticias\/#\/schema\/person\/image\/\",\"url\":\"https:\/\/secure.gravatar.com\/avatar\/3ada9e0bd164c23abd4792a9606d583c?s=96&r=g\",\"contentUrl\":\"https:\/\/secure.gravatar.com\/avatar\/3ada9e0bd164c23abd4792a9606d583c?s=96&r=g\",\"caption\":\"Carlo Cauti\"},\"description\":\"Editor multim\u00eddia do SUNO Not\u00edcias. Italiano, formado em Ci\u00eancias Pol\u00edticas pela universidade LUISS G. Carli de Roma e mestre cum laude em Rela\u00e7\u00f5es Internacionais, Jornalismo Internacional e de Guerra e em Economia Internacional. Concluiu tamb\u00e9m um MBA em Finan\u00e7as na B3. No Brasil, teve passagem por ve\u00edculos como Estad\u00e3o, Globo, Veja e EXAME. e nas ag\u00eancias de not\u00edcias italianas ANSA e NOVA.\",\"url\":\"https:\/\/www.suno.com.br\/noticias\/author\/carlo-cauti\/\"}]}<\/script>\n<!-- \/ Yoast SEO plugin. -->","yoast_head_json":{"title":"Davos: discurso de Bolsonaro n\u00e3o entusiasma na abertura do F\u00f3rum","description":"Discurso de Bolsonaro n\u00e3o entusiasmou os participantes do F\u00f3rum Econ\u00f4mico Mundial de Davos. Clique aqui para saber mais.","robots":{"index":"index","follow":"follow","max-snippet":"max-snippet:-1","max-image-preview":"max-image-preview:large","max-video-preview":"max-video-preview:-1"},"canonical":"https:\/\/www.suno.com.br\/noticias\/davos-discurso-bolsonaro-nao-entusiasma\/","og_locale":"pt_BR","og_type":"article","og_title":"Davos: discurso de Bolsonaro n\u00e3o entusiasma na abertura do F\u00f3rum","og_description":"Discurso de Bolsonaro n\u00e3o entusiasmou os participantes do F\u00f3rum Econ\u00f4mico Mundial de Davos. Clique aqui para saber mais.","og_url":"https:\/\/www.suno.com.br\/noticias\/davos-discurso-bolsonaro-nao-entusiasma\/","og_site_name":"Suno Not\u00edcias","article_publisher":"https:\/\/facebook.com\/sunoresearch","og_image":[{"width":1280,"height":720,"url":"https:\/\/files.sunoresearch.com.br\/n\/uploads\/2019\/01\/4fe20758-bolsonaro-davos.jpg","type":"image\/jpeg"}],"author":"Carlo Cauti","twitter_card":"summary_large_image","twitter_creator":"@sunoresearch","twitter_site":"@sunoresearch","twitter_misc":{"Escrito por":"Carlo Cauti","Est. tempo de leitura":"4 minutos"},"schema":{"@context":"https:\/\/schema.org","@graph":[{"@type":"NewsArticle","@id":"https:\/\/www.suno.com.br\/noticias\/davos-discurso-bolsonaro-nao-entusiasma\/#article","isPartOf":{"@id":"https:\/\/www.suno.com.br\/noticias\/davos-discurso-bolsonaro-nao-entusiasma\/"},"author":{"name":"Carlo Cauti","@id":"https:\/\/www.suno.com.br\/noticias\/#\/schema\/person\/e6e0f723cc177805027f4566c1d5e0c8"},"headline":"Davos: discurso de Bolsonaro n\u00e3o entusiasma na abertura do F\u00f3rum","datePublished":"2019-01-22T23:48:43+00:00","dateModified":"2019-01-23T12:24:26+00:00","mainEntityOfPage":{"@id":"https:\/\/www.suno.com.br\/noticias\/davos-discurso-bolsonaro-nao-entusiasma\/"},"wordCount":752,"publisher":{"@id":"https:\/\/www.suno.com.br\/noticias\/#organization"},"image":{"@id":"https:\/\/www.suno.com.br\/noticias\/davos-discurso-bolsonaro-nao-entusiasma\/#primaryimage"},"thumbnailUrl":"https:\/\/files.sunoresearch.com.br\/n\/uploads\/2019\/01\/4fe20758-bolsonaro-davos-jpg.webp","keywords":["Davos","F\u00f3rum Econ\u00f4mico Mundial","Jair Bolsonaro"],"articleSection":["Internacional"],"inLanguage":"pt-BR"},{"@type":"WebPage","@id":"https:\/\/www.suno.com.br\/noticias\/davos-discurso-bolsonaro-nao-entusiasma\/","url":"https:\/\/www.suno.com.br\/noticias\/davos-discurso-bolsonaro-nao-entusiasma\/","name":"Davos: discurso de Bolsonaro n\u00e3o entusiasma na abertura do F\u00f3rum","isPartOf":{"@id":"https:\/\/www.suno.com.br\/noticias\/#website"},"primaryImageOfPage":{"@id":"https:\/\/www.suno.com.br\/noticias\/davos-discurso-bolsonaro-nao-entusiasma\/#primaryimage"},"image":{"@id":"https:\/\/www.suno.com.br\/noticias\/davos-discurso-bolsonaro-nao-entusiasma\/#primaryimage"},"thumbnailUrl":"https:\/\/files.sunoresearch.com.br\/n\/uploads\/2019\/01\/4fe20758-bolsonaro-davos-jpg.webp","datePublished":"2019-01-22T23:48:43+00:00","dateModified":"2019-01-23T12:24:26+00:00","description":"Discurso de Bolsonaro n\u00e3o entusiasmou os participantes do F\u00f3rum Econ\u00f4mico Mundial de Davos. Clique aqui para saber mais.","breadcrumb":{"@id":"https:\/\/www.suno.com.br\/noticias\/davos-discurso-bolsonaro-nao-entusiasma\/#breadcrumb"},"inLanguage":"pt-BR","potentialAction":[{"@type":"ReadAction","target":["https:\/\/www.suno.com.br\/noticias\/davos-discurso-bolsonaro-nao-entusiasma\/"]}]},{"@type":"ImageObject","inLanguage":"pt-BR","@id":"https:\/\/www.suno.com.br\/noticias\/davos-discurso-bolsonaro-nao-entusiasma\/#primaryimage","url":"https:\/\/files.sunoresearch.com.br\/n\/uploads\/2019\/01\/4fe20758-bolsonaro-davos-jpg.webp","contentUrl":"https:\/\/files.sunoresearch.com.br\/n\/uploads\/2019\/01\/4fe20758-bolsonaro-davos-jpg.webp","width":1280,"height":720,"caption":"O presidente Jair Bolsonaro discursando em Davos"},{"@type":"BreadcrumbList","@id":"https:\/\/www.suno.com.br\/noticias\/davos-discurso-bolsonaro-nao-entusiasma\/#breadcrumb","itemListElement":[{"@type":"ListItem","position":1,"name":"Not\u00edcias","item":"https:\/\/www.suno.com.br\/noticias\/"},{"@type":"ListItem","position":2,"name":"Internacional","item":"https:\/\/www.suno.com.br\/noticias\/internacional\/"},{"@type":"ListItem","position":3,"name":"Davos: discurso de Bolsonaro n\u00e3o entusiasma na abertura do F\u00f3rum"}]},{"@type":"WebSite","@id":"https:\/\/www.suno.com.br\/noticias\/#website","url":"https:\/\/www.suno.com.br\/noticias\/","name":"Suno Not\u00edcias","description":"Seu portal de informa\u00e7\u00e3o sobre o mundo dos investimentos","publisher":{"@id":"https:\/\/www.suno.com.br\/noticias\/#organization"},"potentialAction":[{"@type":"SearchAction","target":{"@type":"EntryPoint","urlTemplate":"https:\/\/www.suno.com.br\/noticias\/?s={search_term_string}"},"query-input":{"@type":"PropertyValueSpecification","valueRequired":true,"valueName":"search_term_string"}}],"inLanguage":"pt-BR"},{"@type":"Organization","@id":"https:\/\/www.suno.com.br\/noticias\/#organization","name":"Suno Not\u00edcias","url":"https:\/\/www.suno.com.br\/noticias\/","logo":{"@type":"ImageObject","inLanguage":"pt-BR","@id":"https:\/\/www.suno.com.br\/noticias\/#\/schema\/logo\/image\/","url":"https:\/\/files.sunoresearch.com.br\/n\/uploads\/2021\/09\/suno-logo.png","contentUrl":"https:\/\/files.sunoresearch.com.br\/n\/uploads\/2021\/09\/suno-logo.png","width":180,"height":180,"caption":"Suno Not\u00edcias"},"image":{"@id":"https:\/\/www.suno.com.br\/noticias\/#\/schema\/logo\/image\/"},"sameAs":["https:\/\/facebook.com\/sunoresearch","https:\/\/x.com\/sunoresearch","https:\/\/www.instagram.com\/suno","https:\/\/www.linkedin.com\/company\/suno-research\/","https:\/\/www.youtube.com\/c\/sunoresearch"]},{"@type":"Person","@id":"https:\/\/www.suno.com.br\/noticias\/#\/schema\/person\/e6e0f723cc177805027f4566c1d5e0c8","name":"Carlo Cauti","image":{"@type":"ImageObject","inLanguage":"pt-BR","@id":"https:\/\/www.suno.com.br\/noticias\/#\/schema\/person\/image\/","url":"https:\/\/secure.gravatar.com\/avatar\/3ada9e0bd164c23abd4792a9606d583c?s=96&r=g","contentUrl":"https:\/\/secure.gravatar.com\/avatar\/3ada9e0bd164c23abd4792a9606d583c?s=96&r=g","caption":"Carlo Cauti"},"description":"Editor multim\u00eddia do SUNO Not\u00edcias. Italiano, formado em Ci\u00eancias Pol\u00edticas pela universidade LUISS G. Carli de Roma e mestre cum laude em Rela\u00e7\u00f5es Internacionais, Jornalismo Internacional e de Guerra e em Economia Internacional. Concluiu tamb\u00e9m um MBA em Finan\u00e7as na B3. No Brasil, teve passagem por ve\u00edculos como Estad\u00e3o, Globo, Veja e EXAME. e nas ag\u00eancias de not\u00edcias italianas ANSA e NOVA.","url":"https:\/\/www.suno.com.br\/noticias\/author\/carlo-cauti\/"}]}},"default_loop_html":"<div class=\"cardsPage__listCard__boxs\"><div class=\"cardsPage__listCard__boxs__img\"><a href=\"https:\/\/www.suno.com.br\/noticias\/davos-discurso-bolsonaro-nao-entusiasma\/\"><img class=\"mask\" src=\"https:\/\/www.suno.com.br\/noticias\/wp-content\/themes\/suno\/resources\/images\/spotlight\/spotlight1img\/bg-mask.png\" alt=\"Image Mask\"\/><img src=\"https:\/\/files.sunoresearch.com.br\/n\/uploads\/2019\/01\/4fe20758-bolsonaro-davos-400x200.webp\" alt=\"Davos: discurso de Bolsonaro n\u00e3o entusiasma na abertura do F\u00f3rum\"\/><\/a><span class=\"spotlightCategory\"><a href=\"https:\/\/www.suno.com.br\/noticias\/internacional\/\">Internacional<\/a><\/span><\/div><div class=\"cardsPage__listCard__boxs__content\"><a href=\"https:\/\/www.suno.com.br\/noticias\/davos-discurso-bolsonaro-nao-entusiasma\/\"><h2 class=\"content__title\">Davos: discurso de Bolsonaro n\u00e3o entusiasma na abertura do F\u00f3rum<\/h2><\/a><div class=\"newsContent__article__meta\"><div class=\"newsContent__article__meta__authorBox\"><a href=\"https:\/\/www.suno.com.br\/noticias\/author\/carlo-cauti\/\" class=\"authorBox__avatar noMobi\"><img src=\"https:\/\/files.sunoresearch.com.br\/n\/uploads\/2020\/08\/e3745f9a-perfil-carlo-cauti-150x150.webp\" alt=\"Carlo Cauti\"><\/a><div class=\"authorBox__name\"><span>por\n\t\t\t<a href=\"https:\/\/www.suno.com.br\/noticias\/author\/carlo-cauti\/\"><span itemprop=\"author\">Carlo Cauti<\/span><\/a><\/span><time datetime=\"2019-01-22T21:48:43-02:00\" itemprop=\"datePublished\">22\/01\/2019 21:48<\/time><\/div><\/div><\/div><\/div><\/div>","single_layout":"posts","amp_enabled":true,"_links":{"self":[{"href":"https:\/\/www.suno.com.br\/noticias\/wp-json\/wp\/v2\/posts\/12685"}],"collection":[{"href":"https:\/\/www.suno.com.br\/noticias\/wp-json\/wp\/v2\/posts"}],"about":[{"href":"https:\/\/www.suno.com.br\/noticias\/wp-json\/wp\/v2\/types\/post"}],"author":[{"embeddable":true,"href":"https:\/\/www.suno.com.br\/noticias\/wp-json\/wp\/v2\/users\/9"}],"replies":[{"embeddable":true,"href":"https:\/\/www.suno.com.br\/noticias\/wp-json\/wp\/v2\/comments?post=12685"}],"version-history":[{"count":0,"href":"https:\/\/www.suno.com.br\/noticias\/wp-json\/wp\/v2\/posts\/12685\/revisions"}],"wp:featuredmedia":[{"embeddable":true,"href":"https:\/\/www.suno.com.br\/noticias\/wp-json\/wp\/v2\/media\/12687"}],"wp:attachment":[{"href":"https:\/\/www.suno.com.br\/noticias\/wp-json\/wp\/v2\/media?parent=12685"}],"wp:term":[{"taxonomy":"category","embeddable":true,"href":"https:\/\/www.suno.com.br\/noticias\/wp-json\/wp\/v2\/categories?post=12685"},{"taxonomy":"post_tag","embeddable":true,"href":"https:\/\/www.suno.com.br\/noticias\/wp-json\/wp\/v2\/tags?post=12685"},{"taxonomy":"suno_strategy","embeddable":true,"href":"https:\/\/www.suno.com.br\/noticias\/wp-json\/wp\/v2\/suno_strategy?post=12685"}],"curies":[{"name":"wp","href":"https:\/\/api.w.org\/{rel}","templated":true}]}}