{"id":12678,"date":"2019-01-22T21:02:50","date_gmt":"2019-01-22T23:02:50","guid":{"rendered":"https:\/\/www.suno.com.br\/noticias\/?p=12678"},"modified":"2021-06-01T22:07:15","modified_gmt":"2021-06-02T01:07:15","slug":"governo-facilitar-acesso-empresas-curriculos","status":"publish","type":"post","link":"https:\/\/www.suno.com.br\/noticias\/governo-facilitar-acesso-empresas-curriculos\/","title":{"rendered":"Governo quer facilitar acesso de empresas a curr\u00edculos de desempregados"},"content":{"rendered":"<p>O governo de Jair Bolsonaro quer aumentar o acesso de empresas aos curr\u00edculos de desempregados que est\u00e3o cadastrados no Sistema Nacional de Emprego (Sine).<\/p>\t<div class=\"wrapper-featured-image\">\n\t\t<figure class=\"spotlightImg\">\n\n\t\t\t<picture>\n\t\t\t\t<source media=\"(max-width: 768px)\" srcset=\"https:\/\/files.sunoresearch.com.br\/n\/uploads\/2018\/11\/dca00798-vagasdeemprego-400x200.webp\">\n\t\t\t\t<img loading=\"lazy\" decoding=\"async\" class=\"newsContent__article__imgCapa lazyloadDisabled newsContent__article__imgCapa--noCaption\" src=\"https:\/\/files.sunoresearch.com.br\/n\/uploads\/2018\/11\/dca00798-vagasdeemprego-800x450.webp\" width=\"800\" height=\"450\" alt=\"Governo quer facilitar acesso de empresas a curr\u00edculos de desempregados\" fetchpriority=high \/>\n\t\t\t<\/picture>\n\n\t\t\t<figcaption class=\"wp-caption-text wp-caption-text--hide\">processos trabalhistas<\/figcaption>\n\t\t<\/figure>\n\t<\/div>\n\n\n<p>A ideia \u00e9 abrir os dados desses trabalhadores, voluntariamente, para aumentar a chance de <strong>vagas<\/strong> e potenciais <strong>empregados<\/strong> se &#8220;encontrarem&#8221; mais facilmente. O plano foi batizado de &#8220;<strong>Open Sine<\/strong>&#8220;.<\/p>\n<p><a href=\"https:\/\/www.suno.com.br\/noticias\/cni-medo-do-desemprego-cai-entre-brasileiros\/\">Saiba mais: CNI: Medo do desemprego cai entre os brasileiros<\/a><\/p>\n<p>Economistas especializados em mercado de trabalho, segundo a Folha de S.Paulo, dizem que o descasamento \u00e9 um dos fatores que <a href=\"https:\/\/www.suno.com.br\/artigos\/indice-de-desemprego\/\">contribuem para o <strong>desemprego<\/strong><\/a>. Isto \u00e9, mesmo que haja oferta e demanda, empregadores n\u00e3o conseguem encontrar o candidato certo, e pessoas desempregadas tamb\u00e9m n\u00e3o encontram vagas para seu perfil.<\/p>\n<p>Embora tenha uma rede que alcan\u00e7a todo o Brasil, o <strong>Sine<\/strong> n\u00e3o \u00e9 usado por muitas empresas. Elas preferem desenvolver sistemas pr\u00f3prios de recrutamento ou contratar ag\u00eancias especializadas.<\/p>\n<p>O plano do governo \u00e9 dar acesso aos dados que s\u00e3o coletados pelo <strong>Sine<\/strong> a essas ag\u00eancias e empresas que procurem por candidatos. Os dados de uma pessoa ficam no <strong>Sine<\/strong> quando, por exemplo, ela faz o registro de <strong>seguro-desemprego<\/strong>. H\u00e1 nesse banco tamb\u00e9m os curr\u00edculos de quem vai \u00e0s ag\u00eancias estaduais em busca de <strong>emprego<\/strong>.<\/p>\n<p>Assim, espera-se fomentar um mercado de empresas interessadas em fazer o pareamento, um &#8220;match&#8221; de vagas e candidatos. Isso seria feito por meio de aplicativos e novas tecnologias.<\/p>\n<h2>A secretaria encarregada<\/h2>\n<p>Os estudos para esse tipo de tecnologia come\u00e7aram na nova secretaria especial de Produtividade, <strong>Emprego<\/strong> e Competitividade, do Minist\u00e9rio da Economia. Quem comanda a secretaria \u00e9 Carlos Costa. Com ele foi parar parte das atribui\u00e7\u00f5es que estavam no antigo Minist\u00e9rio do Trabalho, <a href=\"https:\/\/www.suno.com.br\/noticias\/governo-bolsonaro-fim-ministerio-trabalho\/\">extinto pelo presidente <strong>Jair Bolsonaro<\/strong><\/a>.<\/p>\n<p>&#8220;Precisamos entender quais s\u00e3o os dados [dos trabalhadores] que facilitam o &#8216;match&#8217;. Mas n\u00e3o seremos n\u00f3s, o Estado, que vamos ter estrutura para captar as vagas de empresas e fazer esse &#8216;match&#8217;. Deixa startups fazerem isso, deixa o mercado se encarregar&#8221;, diz Costa.<\/p>\n","protected":false},"excerpt":{"rendered":"<p>O governo de Jair Bolsonaro quer aumentar o acesso de empresas aos curr\u00edculos de desempregados que est\u00e3o cadastrados no Sistema Nacional de Emprego (Sine). processos trabalhistas A ideia \u00e9 abrir os dados desses trabalhadores, voluntariamente, para aumentar a chance de vagas e potenciais empregados se &#8220;encontrarem&#8221; mais facilmente. O plano foi batizado de &#8220;Open Sine&#8220;. [&hellip;]<\/p>\n","protected":false},"author":13,"featured_media":6639,"comment_status":"closed","ping_status":"closed","sticky":false,"template":"","format":"standard","meta":[],"categories":[60],"tags":[1296,719],"suno_strategy":[],"class_list":["post-12678","post","type-post","status-publish","format-standard","has-post-thumbnail","hentry","category-mercado","tag-desemprego","tag-jair-bolsonaro"],"yoast_head":"<!-- This site is optimized with the Yoast SEO plugin v24.4 - https:\/\/yoast.com\/wordpress\/plugins\/seo\/ -->\n<title>Governo quer facilitar acesso de empresas a curr\u00edculos de desempregados<\/title>\n<meta name=\"description\" content=\"A ideia \u00e9 abrir os dados cadastrados no Sistema Nacional de Emprego para empresas que procuram candidatos para suas vagas. Clique e saiba+\" \/>\n<meta name=\"robots\" content=\"index, follow, max-snippet:-1, max-image-preview:large, max-video-preview:-1\" \/>\n<link rel=\"canonical\" href=\"https:\/\/www.suno.com.br\/noticias\/governo-facilitar-acesso-empresas-curriculos\/\" \/>\n<meta property=\"og:locale\" content=\"pt_BR\" \/>\n<meta property=\"og:type\" content=\"article\" \/>\n<meta property=\"og:title\" content=\"Governo quer facilitar acesso de empresas a curr\u00edculos de desempregados\" \/>\n<meta property=\"og:description\" content=\"A ideia \u00e9 abrir os dados cadastrados no Sistema Nacional de Emprego para empresas que procuram candidatos para suas vagas. Clique e saiba+\" \/>\n<meta property=\"og:url\" content=\"https:\/\/www.suno.com.br\/noticias\/governo-facilitar-acesso-empresas-curriculos\/\" \/>\n<meta property=\"og:site_name\" content=\"Suno Not\u00edcias\" \/>\n<meta property=\"article:publisher\" content=\"https:\/\/facebook.com\/sunoresearch\" \/>\n<meta property=\"og:image\" content=\"https:\/\/files.sunoresearch.com.br\/n\/uploads\/2018\/11\/dca00798-vagasdeemprego.jpeg\" \/>\n\t<meta property=\"og:image:width\" content=\"4600\" \/>\n\t<meta property=\"og:image:height\" content=\"2995\" \/>\n\t<meta property=\"og:image:type\" content=\"image\/jpeg\" \/>\n<meta name=\"author\" content=\"Guilherme Caetano\" \/>\n<meta name=\"twitter:card\" content=\"summary_large_image\" \/>\n<meta name=\"twitter:creator\" content=\"@sunoresearch\" \/>\n<meta name=\"twitter:site\" content=\"@sunoresearch\" \/>\n<meta name=\"twitter:label1\" content=\"Escrito por\" \/>\n\t<meta name=\"twitter:data1\" content=\"Guilherme Caetano\" \/>\n\t<meta name=\"twitter:label2\" content=\"Est. tempo de leitura\" \/>\n\t<meta name=\"twitter:data2\" content=\"2 minutos\" \/>\n<script type=\"application\/ld+json\" class=\"yoast-schema-graph\">{\"@context\":\"https:\/\/schema.org\",\"@graph\":[{\"@type\":\"NewsArticle\",\"@id\":\"https:\/\/www.suno.com.br\/noticias\/governo-facilitar-acesso-empresas-curriculos\/#article\",\"isPartOf\":{\"@id\":\"https:\/\/www.suno.com.br\/noticias\/governo-facilitar-acesso-empresas-curriculos\/\"},\"author\":{\"name\":\"Guilherme Caetano\",\"@id\":\"https:\/\/www.suno.com.br\/noticias\/#\/schema\/person\/0d0c9687cd2f600c564f25980c140de9\"},\"headline\":\"Governo quer facilitar acesso de empresas a curr\u00edculos de desempregados\",\"datePublished\":\"2019-01-22T23:02:50+00:00\",\"dateModified\":\"2021-06-02T01:07:15+00:00\",\"mainEntityOfPage\":{\"@id\":\"https:\/\/www.suno.com.br\/noticias\/governo-facilitar-acesso-empresas-curriculos\/\"},\"wordCount\":344,\"publisher\":{\"@id\":\"https:\/\/www.suno.com.br\/noticias\/#organization\"},\"image\":{\"@id\":\"https:\/\/www.suno.com.br\/noticias\/governo-facilitar-acesso-empresas-curriculos\/#primaryimage\"},\"thumbnailUrl\":\"https:\/\/files.sunoresearch.com.br\/n\/uploads\/2018\/11\/dca00798-vagasdeemprego-scaled.webp\",\"keywords\":[\"Desemprego\",\"Jair Bolsonaro\"],\"articleSection\":[\"Mercado\"],\"inLanguage\":\"pt-BR\"},{\"@type\":\"WebPage\",\"@id\":\"https:\/\/www.suno.com.br\/noticias\/governo-facilitar-acesso-empresas-curriculos\/\",\"url\":\"https:\/\/www.suno.com.br\/noticias\/governo-facilitar-acesso-empresas-curriculos\/\",\"name\":\"Governo quer facilitar acesso de empresas a curr\u00edculos de desempregados\",\"isPartOf\":{\"@id\":\"https:\/\/www.suno.com.br\/noticias\/#website\"},\"primaryImageOfPage\":{\"@id\":\"https:\/\/www.suno.com.br\/noticias\/governo-facilitar-acesso-empresas-curriculos\/#primaryimage\"},\"image\":{\"@id\":\"https:\/\/www.suno.com.br\/noticias\/governo-facilitar-acesso-empresas-curriculos\/#primaryimage\"},\"thumbnailUrl\":\"https:\/\/files.sunoresearch.com.br\/n\/uploads\/2018\/11\/dca00798-vagasdeemprego-scaled.webp\",\"datePublished\":\"2019-01-22T23:02:50+00:00\",\"dateModified\":\"2021-06-02T01:07:15+00:00\",\"description\":\"A ideia \u00e9 abrir os dados cadastrados no Sistema Nacional de Emprego para empresas que procuram candidatos para suas vagas. Clique e saiba+\",\"breadcrumb\":{\"@id\":\"https:\/\/www.suno.com.br\/noticias\/governo-facilitar-acesso-empresas-curriculos\/#breadcrumb\"},\"inLanguage\":\"pt-BR\",\"potentialAction\":[{\"@type\":\"ReadAction\",\"target\":[\"https:\/\/www.suno.com.br\/noticias\/governo-facilitar-acesso-empresas-curriculos\/\"]}]},{\"@type\":\"ImageObject\",\"inLanguage\":\"pt-BR\",\"@id\":\"https:\/\/www.suno.com.br\/noticias\/governo-facilitar-acesso-empresas-curriculos\/#primaryimage\",\"url\":\"https:\/\/files.sunoresearch.com.br\/n\/uploads\/2018\/11\/dca00798-vagasdeemprego-scaled.webp\",\"contentUrl\":\"https:\/\/files.sunoresearch.com.br\/n\/uploads\/2018\/11\/dca00798-vagasdeemprego-scaled.webp\",\"width\":2560,\"height\":1667,\"caption\":\"processos trabalhistas\"},{\"@type\":\"BreadcrumbList\",\"@id\":\"https:\/\/www.suno.com.br\/noticias\/governo-facilitar-acesso-empresas-curriculos\/#breadcrumb\",\"itemListElement\":[{\"@type\":\"ListItem\",\"position\":1,\"name\":\"Not\u00edcias\",\"item\":\"https:\/\/www.suno.com.br\/noticias\/\"},{\"@type\":\"ListItem\",\"position\":2,\"name\":\"Mercado\",\"item\":\"https:\/\/www.suno.com.br\/noticias\/mercado\/\"},{\"@type\":\"ListItem\",\"position\":3,\"name\":\"Governo quer facilitar acesso de empresas a curr\u00edculos de desempregados\"}]},{\"@type\":\"WebSite\",\"@id\":\"https:\/\/www.suno.com.br\/noticias\/#website\",\"url\":\"https:\/\/www.suno.com.br\/noticias\/\",\"name\":\"Suno Not\u00edcias\",\"description\":\"Seu portal de informa\u00e7\u00e3o sobre o mundo dos investimentos\",\"publisher\":{\"@id\":\"https:\/\/www.suno.com.br\/noticias\/#organization\"},\"potentialAction\":[{\"@type\":\"SearchAction\",\"target\":{\"@type\":\"EntryPoint\",\"urlTemplate\":\"https:\/\/www.suno.com.br\/noticias\/?s={search_term_string}\"},\"query-input\":{\"@type\":\"PropertyValueSpecification\",\"valueRequired\":true,\"valueName\":\"search_term_string\"}}],\"inLanguage\":\"pt-BR\"},{\"@type\":\"Organization\",\"@id\":\"https:\/\/www.suno.com.br\/noticias\/#organization\",\"name\":\"Suno Not\u00edcias\",\"url\":\"https:\/\/www.suno.com.br\/noticias\/\",\"logo\":{\"@type\":\"ImageObject\",\"inLanguage\":\"pt-BR\",\"@id\":\"https:\/\/www.suno.com.br\/noticias\/#\/schema\/logo\/image\/\",\"url\":\"https:\/\/files.sunoresearch.com.br\/n\/uploads\/2021\/09\/suno-logo.png\",\"contentUrl\":\"https:\/\/files.sunoresearch.com.br\/n\/uploads\/2021\/09\/suno-logo.png\",\"width\":180,\"height\":180,\"caption\":\"Suno Not\u00edcias\"},\"image\":{\"@id\":\"https:\/\/www.suno.com.br\/noticias\/#\/schema\/logo\/image\/\"},\"sameAs\":[\"https:\/\/facebook.com\/sunoresearch\",\"https:\/\/x.com\/sunoresearch\",\"https:\/\/www.instagram.com\/suno\",\"https:\/\/www.linkedin.com\/company\/suno-research\/\",\"https:\/\/www.youtube.com\/c\/sunoresearch\"]},{\"@type\":\"Person\",\"@id\":\"https:\/\/www.suno.com.br\/noticias\/#\/schema\/person\/0d0c9687cd2f600c564f25980c140de9\",\"name\":\"Guilherme Caetano\",\"image\":{\"@type\":\"ImageObject\",\"inLanguage\":\"pt-BR\",\"@id\":\"https:\/\/www.suno.com.br\/noticias\/#\/schema\/person\/image\/\",\"url\":\"https:\/\/secure.gravatar.com\/avatar\/e48357351a01702a0d19307070e081bf?s=96&r=g\",\"contentUrl\":\"https:\/\/secure.gravatar.com\/avatar\/e48357351a01702a0d19307070e081bf?s=96&r=g\",\"caption\":\"Guilherme Caetano\"},\"description\":\"Formado em jornalismo pela Escola de Comunica\u00e7\u00f5es e Artes da USP, Guilherme Caetano escreve para o portal de not\u00edcias da Suno Research. Passou pelas reda\u00e7\u00f5es da Folha de S.Paulo e da revista \u00c9poca.\",\"url\":\"https:\/\/www.suno.com.br\/noticias\/author\/guilherme-caetano\/\"}]}<\/script>\n<!-- \/ Yoast SEO plugin. -->","yoast_head_json":{"title":"Governo quer facilitar acesso de empresas a curr\u00edculos de desempregados","description":"A ideia \u00e9 abrir os dados cadastrados no Sistema Nacional de Emprego para empresas que procuram candidatos para suas vagas. Clique e saiba+","robots":{"index":"index","follow":"follow","max-snippet":"max-snippet:-1","max-image-preview":"max-image-preview:large","max-video-preview":"max-video-preview:-1"},"canonical":"https:\/\/www.suno.com.br\/noticias\/governo-facilitar-acesso-empresas-curriculos\/","og_locale":"pt_BR","og_type":"article","og_title":"Governo quer facilitar acesso de empresas a curr\u00edculos de desempregados","og_description":"A ideia \u00e9 abrir os dados cadastrados no Sistema Nacional de Emprego para empresas que procuram candidatos para suas vagas. Clique e saiba+","og_url":"https:\/\/www.suno.com.br\/noticias\/governo-facilitar-acesso-empresas-curriculos\/","og_site_name":"Suno Not\u00edcias","article_publisher":"https:\/\/facebook.com\/sunoresearch","og_image":[{"width":4600,"height":2995,"url":"https:\/\/files.sunoresearch.com.br\/n\/uploads\/2018\/11\/dca00798-vagasdeemprego.jpeg","type":"image\/jpeg"}],"author":"Guilherme Caetano","twitter_card":"summary_large_image","twitter_creator":"@sunoresearch","twitter_site":"@sunoresearch","twitter_misc":{"Escrito por":"Guilherme Caetano","Est. tempo de leitura":"2 minutos"},"schema":{"@context":"https:\/\/schema.org","@graph":[{"@type":"NewsArticle","@id":"https:\/\/www.suno.com.br\/noticias\/governo-facilitar-acesso-empresas-curriculos\/#article","isPartOf":{"@id":"https:\/\/www.suno.com.br\/noticias\/governo-facilitar-acesso-empresas-curriculos\/"},"author":{"name":"Guilherme Caetano","@id":"https:\/\/www.suno.com.br\/noticias\/#\/schema\/person\/0d0c9687cd2f600c564f25980c140de9"},"headline":"Governo quer facilitar acesso de empresas a curr\u00edculos de desempregados","datePublished":"2019-01-22T23:02:50+00:00","dateModified":"2021-06-02T01:07:15+00:00","mainEntityOfPage":{"@id":"https:\/\/www.suno.com.br\/noticias\/governo-facilitar-acesso-empresas-curriculos\/"},"wordCount":344,"publisher":{"@id":"https:\/\/www.suno.com.br\/noticias\/#organization"},"image":{"@id":"https:\/\/www.suno.com.br\/noticias\/governo-facilitar-acesso-empresas-curriculos\/#primaryimage"},"thumbnailUrl":"https:\/\/files.sunoresearch.com.br\/n\/uploads\/2018\/11\/dca00798-vagasdeemprego-scaled.webp","keywords":["Desemprego","Jair Bolsonaro"],"articleSection":["Mercado"],"inLanguage":"pt-BR"},{"@type":"WebPage","@id":"https:\/\/www.suno.com.br\/noticias\/governo-facilitar-acesso-empresas-curriculos\/","url":"https:\/\/www.suno.com.br\/noticias\/governo-facilitar-acesso-empresas-curriculos\/","name":"Governo quer facilitar acesso de empresas a curr\u00edculos de desempregados","isPartOf":{"@id":"https:\/\/www.suno.com.br\/noticias\/#website"},"primaryImageOfPage":{"@id":"https:\/\/www.suno.com.br\/noticias\/governo-facilitar-acesso-empresas-curriculos\/#primaryimage"},"image":{"@id":"https:\/\/www.suno.com.br\/noticias\/governo-facilitar-acesso-empresas-curriculos\/#primaryimage"},"thumbnailUrl":"https:\/\/files.sunoresearch.com.br\/n\/uploads\/2018\/11\/dca00798-vagasdeemprego-scaled.webp","datePublished":"2019-01-22T23:02:50+00:00","dateModified":"2021-06-02T01:07:15+00:00","description":"A ideia \u00e9 abrir os dados cadastrados no Sistema Nacional de Emprego para empresas que procuram candidatos para suas vagas. Clique e saiba+","breadcrumb":{"@id":"https:\/\/www.suno.com.br\/noticias\/governo-facilitar-acesso-empresas-curriculos\/#breadcrumb"},"inLanguage":"pt-BR","potentialAction":[{"@type":"ReadAction","target":["https:\/\/www.suno.com.br\/noticias\/governo-facilitar-acesso-empresas-curriculos\/"]}]},{"@type":"ImageObject","inLanguage":"pt-BR","@id":"https:\/\/www.suno.com.br\/noticias\/governo-facilitar-acesso-empresas-curriculos\/#primaryimage","url":"https:\/\/files.sunoresearch.com.br\/n\/uploads\/2018\/11\/dca00798-vagasdeemprego-scaled.webp","contentUrl":"https:\/\/files.sunoresearch.com.br\/n\/uploads\/2018\/11\/dca00798-vagasdeemprego-scaled.webp","width":2560,"height":1667,"caption":"processos trabalhistas"},{"@type":"BreadcrumbList","@id":"https:\/\/www.suno.com.br\/noticias\/governo-facilitar-acesso-empresas-curriculos\/#breadcrumb","itemListElement":[{"@type":"ListItem","position":1,"name":"Not\u00edcias","item":"https:\/\/www.suno.com.br\/noticias\/"},{"@type":"ListItem","position":2,"name":"Mercado","item":"https:\/\/www.suno.com.br\/noticias\/mercado\/"},{"@type":"ListItem","position":3,"name":"Governo quer facilitar acesso de empresas a curr\u00edculos de desempregados"}]},{"@type":"WebSite","@id":"https:\/\/www.suno.com.br\/noticias\/#website","url":"https:\/\/www.suno.com.br\/noticias\/","name":"Suno Not\u00edcias","description":"Seu portal de informa\u00e7\u00e3o sobre o mundo dos investimentos","publisher":{"@id":"https:\/\/www.suno.com.br\/noticias\/#organization"},"potentialAction":[{"@type":"SearchAction","target":{"@type":"EntryPoint","urlTemplate":"https:\/\/www.suno.com.br\/noticias\/?s={search_term_string}"},"query-input":{"@type":"PropertyValueSpecification","valueRequired":true,"valueName":"search_term_string"}}],"inLanguage":"pt-BR"},{"@type":"Organization","@id":"https:\/\/www.suno.com.br\/noticias\/#organization","name":"Suno Not\u00edcias","url":"https:\/\/www.suno.com.br\/noticias\/","logo":{"@type":"ImageObject","inLanguage":"pt-BR","@id":"https:\/\/www.suno.com.br\/noticias\/#\/schema\/logo\/image\/","url":"https:\/\/files.sunoresearch.com.br\/n\/uploads\/2021\/09\/suno-logo.png","contentUrl":"https:\/\/files.sunoresearch.com.br\/n\/uploads\/2021\/09\/suno-logo.png","width":180,"height":180,"caption":"Suno Not\u00edcias"},"image":{"@id":"https:\/\/www.suno.com.br\/noticias\/#\/schema\/logo\/image\/"},"sameAs":["https:\/\/facebook.com\/sunoresearch","https:\/\/x.com\/sunoresearch","https:\/\/www.instagram.com\/suno","https:\/\/www.linkedin.com\/company\/suno-research\/","https:\/\/www.youtube.com\/c\/sunoresearch"]},{"@type":"Person","@id":"https:\/\/www.suno.com.br\/noticias\/#\/schema\/person\/0d0c9687cd2f600c564f25980c140de9","name":"Guilherme Caetano","image":{"@type":"ImageObject","inLanguage":"pt-BR","@id":"https:\/\/www.suno.com.br\/noticias\/#\/schema\/person\/image\/","url":"https:\/\/secure.gravatar.com\/avatar\/e48357351a01702a0d19307070e081bf?s=96&r=g","contentUrl":"https:\/\/secure.gravatar.com\/avatar\/e48357351a01702a0d19307070e081bf?s=96&r=g","caption":"Guilherme Caetano"},"description":"Formado em jornalismo pela Escola de Comunica\u00e7\u00f5es e Artes da USP, Guilherme Caetano escreve para o portal de not\u00edcias da Suno Research. Passou pelas reda\u00e7\u00f5es da Folha de S.Paulo e da revista \u00c9poca.","url":"https:\/\/www.suno.com.br\/noticias\/author\/guilherme-caetano\/"}]}},"default_loop_html":"<div class=\"cardsPage__listCard__boxs\"><div class=\"cardsPage__listCard__boxs__img\"><a href=\"https:\/\/www.suno.com.br\/noticias\/governo-facilitar-acesso-empresas-curriculos\/\"><img class=\"mask\" src=\"https:\/\/www.suno.com.br\/noticias\/wp-content\/themes\/suno\/resources\/images\/spotlight\/spotlight1img\/bg-mask.png\" alt=\"Image Mask\"\/><img src=\"https:\/\/files.sunoresearch.com.br\/n\/uploads\/2018\/11\/dca00798-vagasdeemprego-400x200.webp\" alt=\"Governo quer facilitar acesso de empresas a curr\u00edculos de desempregados\"\/><\/a><span class=\"spotlightCategory\"><a href=\"https:\/\/www.suno.com.br\/noticias\/mercado\/\">Mercado<\/a><\/span><\/div><div class=\"cardsPage__listCard__boxs__content\"><a href=\"https:\/\/www.suno.com.br\/noticias\/governo-facilitar-acesso-empresas-curriculos\/\"><h2 class=\"content__title\">Governo quer facilitar acesso de empresas a curr\u00edculos de desempregados<\/h2><\/a><div class=\"newsContent__article__meta\"><div class=\"newsContent__article__meta__authorBox\"><a href=\"https:\/\/www.suno.com.br\/noticias\/author\/guilherme-caetano\/\" class=\"authorBox__avatar noMobi\"><img src=\"https:\/\/secure.gravatar.com\/avatar\/e48357351a01702a0d19307070e081bf?s=96&#038;r=g\" alt=\"Guilherme Caetano\"><\/a><div class=\"authorBox__name\"><span>por\n\t\t\t<a href=\"https:\/\/www.suno.com.br\/noticias\/author\/guilherme-caetano\/\"><span itemprop=\"author\">Guilherme Caetano<\/span><\/a><\/span><time datetime=\"2019-01-22T21:02:50-02:00\" itemprop=\"datePublished\">22\/01\/2019 21:02<\/time><\/div><\/div><\/div><\/div><\/div>","single_layout":"posts","amp_enabled":true,"_links":{"self":[{"href":"https:\/\/www.suno.com.br\/noticias\/wp-json\/wp\/v2\/posts\/12678"}],"collection":[{"href":"https:\/\/www.suno.com.br\/noticias\/wp-json\/wp\/v2\/posts"}],"about":[{"href":"https:\/\/www.suno.com.br\/noticias\/wp-json\/wp\/v2\/types\/post"}],"author":[{"embeddable":true,"href":"https:\/\/www.suno.com.br\/noticias\/wp-json\/wp\/v2\/users\/13"}],"replies":[{"embeddable":true,"href":"https:\/\/www.suno.com.br\/noticias\/wp-json\/wp\/v2\/comments?post=12678"}],"version-history":[{"count":1,"href":"https:\/\/www.suno.com.br\/noticias\/wp-json\/wp\/v2\/posts\/12678\/revisions"}],"predecessor-version":[{"id":153954,"href":"https:\/\/www.suno.com.br\/noticias\/wp-json\/wp\/v2\/posts\/12678\/revisions\/153954"}],"wp:featuredmedia":[{"embeddable":true,"href":"https:\/\/www.suno.com.br\/noticias\/wp-json\/wp\/v2\/media\/6639"}],"wp:attachment":[{"href":"https:\/\/www.suno.com.br\/noticias\/wp-json\/wp\/v2\/media?parent=12678"}],"wp:term":[{"taxonomy":"category","embeddable":true,"href":"https:\/\/www.suno.com.br\/noticias\/wp-json\/wp\/v2\/categories?post=12678"},{"taxonomy":"post_tag","embeddable":true,"href":"https:\/\/www.suno.com.br\/noticias\/wp-json\/wp\/v2\/tags?post=12678"},{"taxonomy":"suno_strategy","embeddable":true,"href":"https:\/\/www.suno.com.br\/noticias\/wp-json\/wp\/v2\/suno_strategy?post=12678"}],"curies":[{"name":"wp","href":"https:\/\/api.w.org\/{rel}","templated":true}]}}