{"id":126710,"date":"2021-02-25T18:26:30","date_gmt":"2021-02-25T21:26:30","guid":{"rendered":"https:\/\/www.suno.com.br\/noticias\/?p=126710"},"modified":"2021-05-29T20:22:12","modified_gmt":"2021-05-29T23:22:12","slug":"ibovespa-fecha-queda-exterior-25022021","status":"publish","type":"post","link":"https:\/\/www.suno.com.br\/noticias\/ibovespa-fecha-queda-exterior-25022021\/","title":{"rendered":"Ibovespa acompanha exterior e fecha em queda de 2,95%"},"content":{"rendered":"<p>O <strong><a href=\"https:\/\/www.suno.com.br\/artigos\/ibovespa\/\">Ibovespa<\/a>\u00a0<\/strong>fechou o preg\u00e3o desta quinta-feira (25) em queda de 2,95%, a 112.256,36 pontos, acompanhando os \u00edndices internacionais.<\/p>\t<div class=\"wrapper-featured-image\">\n\t\t<figure class=\"spotlightImg\">\n\n\t\t\t<picture>\n\t\t\t\t<source media=\"(max-width: 768px)\" srcset=\"https:\/\/files.sunoresearch.com.br\/n\/uploads\/2021\/02\/c05e2f54-ibovespa-800x450-3-400x200.webp\">\n\t\t\t\t<img loading=\"lazy\" decoding=\"async\" class=\"newsContent__article__imgCapa lazyloadDisabled \" src=\"https:\/\/files.sunoresearch.com.br\/n\/uploads\/2021\/02\/c05e2f54-ibovespa-800x450-3-jpg.webp\" width=\"800\" height=\"450\" alt=\"Ibovespa acompanha exterior e fecha em queda de 2,95%\" fetchpriority=high \/>\n\t\t\t<\/picture>\n\n\t\t\t<figcaption class=\"wp-caption-text wp-caption-text--show\">Ibovespa (Foto: Reprodu\u00e7\u00e3o)<\/figcaption>\n\t\t<\/figure>\n\t<\/div>\n\n\n\t<p>\n\t\t<a href=\"https:\/\/lp.suno.com.br\/planilha-controle-gastos\/\" target=\"_blank\" data-element=\"shortcode-suno-banner\" title=\"Banner SUNO, clique e saiba mais\">\n\t\t\t<picture>\n\t\t\t\t<source media=\"(max-width: 500px)\" srcset=\"https:\/\/files.sunoresearch.com.br\/n\/uploads\/2023\/03\/400x300-Planilha-controle-de-gastos.png\">\n\t\t\t\t<img class=\"newsContent__article__imgCapa newsContent__article__imgCapa--banner\"\n\t\t\t\t\tsrc=\"https:\/\/files.sunoresearch.com.br\/n\/uploads\/2023\/03\/1420x240-Planilha-controle-de-gastos.png\"\n\t\t\t\t\tdata-promo-id=\"101751\"\t\t\t\t\t\t\t\t\t\twidth='1420' height='240'\t\t\t\t\talt=\"https:\/\/files.sunoresearch.com.br\/n\/uploads\/2023\/03\/1420x240-Planilha-controle-de-gastos.png\"\n\t\t\t\t>\n\t\t\t<\/picture>\n\t\t<\/a>\n\t<\/p>\n\n\n<p>O dia come\u00e7ou com o otimismo com o resultado da <strong>Petrobras<\/strong>, que surpreendeu com o lucro no quarto trimestre do ano passado. Contudo, as a\u00e7\u00f5es da petroleira inverteram para queda. Os pap\u00e9is ordin\u00e1rios e preferenciais da empresa representam cerca de 9% do \u00edndice. Por volta das 13h40, o Ibovespa ca\u00eda 0,76%, para 114.764 pontos.<\/p>\n<p>Al\u00e9m disso, o presidente Jair Bolsonaro declarou nesta quinta-feira que todas as <strong>estatais<\/strong> precisam ter uma &#8220;vis\u00e3o de social&#8221;. A afirma\u00e7\u00e3o foi feita em evento com seu indicado para assumir a presid\u00eancia da <a href=\"https:\/\/www.suno.com.br\/acoes\/petr4\/\"><strong>Petrobras<\/strong> (PETR4)<\/a> , o general da reserva Joaquim Silva e Luna.<\/p>\n<p>O mandat\u00e1rio ainda o trabalho de Silva e Luna \u00e0 frente da hidrel\u00e9trica, afirmando que espera que o general traga uma &#8220;nova din\u00e2mica&#8221; para a companhia.<\/p>\n<p><a href=\"https:\/\/lp.suno.com.br\/suno-one\/\">Suno One: acesse gratuitamente eBooks, Minicursos, Artigos e V\u00eddeo Aulas sobre investimentos com um \u00fanico cadastro. Clique para saber mais!<\/a><\/p>\n<p>Com disso, confira as principais not\u00edcias que mexeram com o mercado hoje:<\/p>\n<ul>\n<li>Petrobras (PETR4): \u00e9 surpreendente que ainda se discuta a paridade de pre\u00e7os, diz Castello Branco<\/li>\n<li>Ambev (ABEV3) tem alta de 63% no lucro, com maior Ebitda e cr\u00e9ditos tribut\u00e1rios<\/li>\n<li>Kepler Weber (KEPL3) obt\u00e9m lucro l\u00edquido de R$ 20,7 mi no 4\u00ba trimestre<\/li>\n<li>Marcopolo (POMO3) quase dobra o lucro no 4T20, atingindo R$ 136,1 milh\u00f5es<\/li>\n<\/ul>\n<h2>Petrobras<\/h2>\n<p>O presidente da <a href=\"https:\/\/www.suno.com.br\/acoes\/petr4\/\"><strong>Petrobras<\/strong> (PETR4)<\/a>, Roberto Castello Branco, disse que acha &#8220;surpreendente que ainda no s\u00e9culo XXI estejamos discutindo sobre a paridade de pre\u00e7os com o mercado internacional&#8221;.<\/p>\n<p>A fala do executivo vem \u00e0 tona em meio \u00e0 pol\u00eamica do <a href=\"https:\/\/www.suno.com.br\/noticias\/petrobras-petr4-novo-reajuste-gasolina-diesel\/#:~:text=A%20Petrobras%20(PETR4)%20confirmou%20nesta,%2C%20R%24%202%2C58.\">aumento dos pre\u00e7os dos combust\u00edveis<\/a> realizado na \u00faltima semana e que culminou em sua demiss\u00e3o.<\/p>\n<p>Na teleconfer\u00eancia sobre o <a href=\"https:\/\/www.suno.com.br\/noticias\/petrobras-petr4-tem-lucro-liquido-de-r-59890-bi-no-4t20\/\">resultado divulgado ontem<\/a>, <strong>Castello Branco<\/strong> relembrou que &#8220;o Brasil n\u00e3o tem os combust\u00edveis mais caros do mundo&#8221;. &#8220;N\u00e3o \u00e9 achismo, s\u00e3o estat\u00edsticas. Os pre\u00e7os de gasolina e diesel no Pa\u00eds est\u00e3o abaixo dos pre\u00e7os globais, mesmo corrigindo pela renda per capita&#8221;, afirmou. As a\u00e7\u00f5es da Petrobras <a href=\"https:\/\/www.suno.com.br\/noticias\/petrobras-petr4-xp-btg-goldman-sachs-cuidado-manchetes\/\">operam em alta<\/a> neste preg\u00e3o.<\/p>\n\t<div data-element=\"shortcode-read-more\" class=\"knowMore\">\n\t\t\t\t<span class=\"knowMore__title\">Veja<\/span>\n\t\t\t\t<a class=\"knowMore__link\" href=\"https:\/\/www.suno.com.br\/noticias\/petrobras-petr4-paridade-precos-castello-branco\/\">\n\t\t\tPetrobras (PETR4): \u00e9 surpreendente que ainda se discuta a paridade de pre\u00e7os, diz Castello Branco\t\t<\/a>\n\t<\/div>\n\n\n<h2>Ambev<\/h2>\n<p>A <a href=\"https:\/\/www.suno.com.br\/acoes\/abev3\/\"><strong> Ambev<\/strong> (ABEV3)<\/a> obteve lucro l\u00edquido de R$ 6,89 bilh\u00f5es no quarto trimestre de 2020. Esse valor \u00e9 equivalente a uma alta de 63,3% quando comparado com o mesmo per\u00edodo em 2019.<\/p>\n<p>Segundo a fabricante de cerveja, esse resultado \u00e9 devido ao maior Ebitda e aos cr\u00e9ditos tribut\u00e1rios no Brasil. J\u00e1 no acumulado do ano, o lucro apresentou queda de 3,6%, para R$ 11,7 bilh\u00f5es.<\/p>\n<p>De acordo com o documento do resultado operacional da Ambev, divulgado na madrugada desta quinta-feira (25), os dados do quarto trimestre foram positivamente impactados por R$ 4,3 bilh\u00f5es de <strong>cr\u00e9ditos tribut\u00e1rios<\/strong> decorrentes da decis\u00e3o do Supremo Tribunal Federal de 2017 que tornou inconstitucional a inclus\u00e3o do <strong>ICMS<\/strong> na base de c\u00e1lculo do <strong>PIS<\/strong> e da <strong>Confis<\/strong>.<\/p>\n\t<div data-element=\"shortcode-read-more\" class=\"knowMore\">\n\t\t\t\t<span class=\"knowMore__title\">Veja<\/span>\n\t\t\t\t<a class=\"knowMore__link\" href=\"https:\/\/www.suno.com.br\/noticias\/ambev-lucro-credito-abev-tributario-4t20\/\">\n\t\t\tAmbev (ABEV) tem alta de 63% no lucro, com maior Ebitda e cr\u00e9ditos tribut\u00e1rios\t\t<\/a>\n\t<\/div>\n\n\n<h2>Kepler Weber<\/h2>\n<p>A <a href=\"https:\/\/www.suno.com.br\/acoes\/kepl3\/\"><strong>Kepler Weber<\/strong> (KEPL3)<\/a>, l\u00edder no mercado de equipamentos para armazenagem de gr\u00e3os, registrou lucro l\u00edquido de R$ 20,7 milh\u00f5es no quarto trimestre de 2020, queda de 1,7% ante os R$ 21,1 milh\u00f5es apurados em igual per\u00edodo do ano anterior.<\/p>\n<p>O <a href=\"https:\/\/www.suno.com.br\/artigos\/ebitda\/\">Ebitda (lucro antes de juros, impostos, deprecia\u00e7\u00e3o e amortiza\u00e7\u00e3o)<\/a> somou R$ 30,5 milh\u00f5es, 1,5% abaixo do obtido em igual intervalo de 2019.<\/p>\n<p>A <a href=\"https:\/\/www.suno.com.br\/artigos\/o-que-receita-liquida\/\">receita l\u00edquida<\/a> da Kepler Weber atingiu R$ 248,1 milh\u00f5es no quarto trimestre de 2020, 38,3% a mais do que no per\u00edodo correspondente do ano anterior. A margem l\u00edquida atingiu 8,4%, queda de 3,4 pontos porcentuais na compara\u00e7\u00e3o anual.<\/p>\n\t<div data-element=\"shortcode-read-more\" class=\"knowMore\">\n\t\t\t\t<span class=\"knowMore__title\">Veja<\/span>\n\t\t\t\t<a class=\"knowMore__link\" href=\"https:\/\/www.suno.com.br\/noticias\/kepler-weber-balanco-resultados-4t2020\/\">\n\t\t\tKepler Weber (KEPL3) obt\u00e9m lucro l\u00edquido de R$ 20,7 mi no 4\u00ba trimestre\t\t<\/a>\n\t<\/div>\n\n\n<h2>Marcopolo<\/h2>\n<p>A <a href=\"https:\/\/www.suno.com.br\/acoes\/pomo3\/\"><strong>Marcopolo<\/strong> (POMO3)<\/a> teve um <a href=\"https:\/\/www.suno.com.br\/artigos\/lucro-liquido\/\">lucro l\u00edquido<\/a> de R$ 136,1 milh\u00f5es no quarto trimestre de 2020, uma alta de 90,9% sobre os R$ 71,3 milh\u00f5es reportados um ano antes. O saldo final do ano, contudo, ficou positivo em R$ 90,7 milh\u00f5es &#8212; pressionado pelos preju\u00edzos anteriores &#8211;, uma baixa de 57,2% sobre o lucro de 2019.<\/p>\n<p>A <strong>receita operacional l\u00edquida<\/strong> entre outubro e dezembro do ano passado da Marcopolo, no entanto, caiu 16,9%, para R$ 1,03 bilh\u00e3o, na compara\u00e7\u00e3o anualizada. No acumulado anual, a queda foi de 17,8%, para R$ 3,58 bilh\u00f5es em 2020.<\/p>\n\t<div data-element=\"shortcode-read-more\" class=\"knowMore\">\n\t\t\t\t<span class=\"knowMore__title\">Veja<\/span>\n\t\t\t\t<a class=\"knowMore__link\" href=\"https:\/\/www.suno.com.br\/noticias\/marcopolo-pomo3-lucro-liquido-4t20\/\">\n\t\t\tMarcopolo (POMO3) quase dobra o lucro no 4T20, atingindo R$ 136,1 milh\u00f5es\t\t<\/a>\n\t<\/div>\n\n\n<h2>Destaques do Ibovespa<\/h2>\n<p>Confira as maiores altas e as maiores baixas entre as empresas que fazem parte do Ibovespa:<\/p>\n<p>Altas:<\/p>\n<ul>\n<li>MULT3: +0,45% \/ R$ 19,96<\/li>\n<li>VIVT3: + 0,29%\/ R$ 44,52<\/li>\n<\/ul>\n<p>Baixas:<\/p>\n<ul>\n<li>WEGE3: -8,3% \/ R$ 79,50<\/li>\n<li>UGPA3: -7,52% \/ R$ 19,68<\/li>\n<li>CSNA3: -6,7% \/ R$ 34,66<\/li>\n<li>EMBR3: -6,34% \/ R$ 12,27<\/li>\n<li>PCAR3: -6,18% \/ R$ 84,75<\/li>\n<\/ul>\n<p>&nbsp;<\/p>\n<h2>Mercados internacionais<\/h2>\n<p>Veja o desempenho dos principais \u00edndices acion\u00e1rios no exterior, al\u00e9m do <strong>Ibovespa agora<\/strong>:<\/p>\n<ul>\n<li>Nova York (<a href=\"https:\/\/www.suno.com.br\/artigos\/sp-500\/\">S&amp;P 500<\/a>): -2,38%<\/li>\n<li>Londres (<a href=\"https:\/\/www.suno.com.br\/artigos\/ftse-100\/\">FTSE 100<\/a>): -0,11%<\/li>\n<li>Frankfurt (<a href=\"https:\/\/www.suno.com.br\/artigos\/dax-30\/\">DAX 30)<\/a>: -0,69%<\/li>\n<li>Paris (<a href=\"https:\/\/www.suno.com.br\/artigos\/cac-40\/\">CAC 40<\/a>): -0,24%<\/li>\n<li>Mil\u00e3o (FTSE\/MIB): -0,15%<\/li>\n<li>Hong Kong (<a href=\"https:\/\/www.suno.com.br\/artigos\/hang-seng\/\">Hang Seng<\/a>): +1,20%<\/li>\n<li>Xangai (SSE Composite): +0,59%<\/li>\n<li>T\u00f3quio (<a href=\"https:\/\/www.suno.com.br\/artigos\/nikkei-225\/\">Nikkei 225<\/a>): +1,67%<\/li>\n<\/ul>\n<h2>\u00daltima cota\u00e7\u00e3o do Ibovespa<\/h2>\n<p>O <strong>Ibovespa\u00a0<\/strong>encerrou as negocia\u00e7\u00f5es na \u00faltima quarta-feira (24) com uma alta de 0,38%, a 115.667,78 pontos.<\/p>\n\t<p>\n\t\t<a href=\"https:\/\/lp.suno.com.br\/planilha-de-controle-de-investimentos\/\" target=\"_blank\" data-element=\"shortcode-suno-banner\" title=\"Banner SUNO, clique e saiba mais\">\n\t\t\t<picture>\n\t\t\t\t<source media=\"(max-width: 500px)\" srcset=\"https:\/\/files.sunoresearch.com.br\/n\/uploads\/2023\/03\/400x300-Controle-de-Investimentos.png\">\n\t\t\t\t<img class=\"newsContent__article__imgCapa newsContent__article__imgCapa--banner\"\n\t\t\t\t\tsrc=\"https:\/\/files.sunoresearch.com.br\/n\/uploads\/2023\/03\/1420x240-Controle-de-Investimentos.png\"\n\t\t\t\t\tdata-promo-id=\"75934\"\t\t\t\t\t\t\t\t\t\twidth='1420' height='240'\t\t\t\t\talt=\"https:\/\/files.sunoresearch.com.br\/n\/uploads\/2023\/03\/1420x240-Controle-de-Investimentos.png\"\n\t\t\t\t>\n\t\t\t<\/picture>\n\t\t<\/a>\n\t<\/p>\n\n\n","protected":false},"excerpt":{"rendered":"<p>O Ibovespa\u00a0fechou o preg\u00e3o desta quinta-feira (25) em queda de 2,95%, a 112.256,36 pontos, acompanhando os \u00edndices internacionais. Ibovespa (Foto: Reprodu\u00e7\u00e3o) O dia come\u00e7ou com o otimismo com o resultado da Petrobras, que surpreendeu com o lucro no quarto trimestre do ano passado. Contudo, as a\u00e7\u00f5es da petroleira inverteram para queda. Os pap\u00e9is ordin\u00e1rios e [&hellip;]<\/p>\n","protected":false},"author":56,"featured_media":126760,"comment_status":"closed","ping_status":"closed","sticky":false,"template":"","format":"standard","meta":[],"categories":[60],"tags":[359,721,528,551,595],"suno_strategy":[],"class_list":["post-126710","post","type-post","status-publish","format-standard","has-post-thumbnail","hentry","category-mercado","tag-ambev-abev3","tag-ibovespa","tag-kepler-weber-kepl11-kepl3","tag-marcopolo-pomo3-pomo4","tag-petrobras-petr4"],"yoast_head":"<!-- This site is optimized with the Yoast SEO plugin v24.4 - https:\/\/yoast.com\/wordpress\/plugins\/seo\/ -->\n<title>Ibovespa acompanha exterior e fecha em queda de 2,95%<\/title>\n<meta name=\"description\" content=\"O Ibovespa\u00a0fechou o preg\u00e3o desta quinta-feira em queda de 2,95%, a 112,256,36 pontos. Clique aqui para saber mais.\" \/>\n<meta name=\"robots\" content=\"index, follow, max-snippet:-1, max-image-preview:large, max-video-preview:-1\" \/>\n<link rel=\"canonical\" href=\"https:\/\/www.suno.com.br\/noticias\/ibovespa-fecha-queda-exterior-25022021\/\" \/>\n<meta property=\"og:locale\" content=\"pt_BR\" \/>\n<meta property=\"og:type\" content=\"article\" \/>\n<meta property=\"og:title\" content=\"Ibovespa acompanha exterior e fecha em queda de 2,95%\" \/>\n<meta property=\"og:description\" content=\"O Ibovespa\u00a0fechou o preg\u00e3o desta quinta-feira em queda de 2,95%, a 112,256,36 pontos. Clique aqui para saber mais.\" \/>\n<meta property=\"og:url\" content=\"https:\/\/www.suno.com.br\/noticias\/ibovespa-fecha-queda-exterior-25022021\/\" \/>\n<meta property=\"og:site_name\" content=\"Suno Not\u00edcias\" \/>\n<meta property=\"article:publisher\" content=\"https:\/\/facebook.com\/sunoresearch\" \/>\n<meta property=\"og:image\" content=\"https:\/\/files.sunoresearch.com.br\/n\/uploads\/2021\/02\/c05e2f54-ibovespa-800x450-3.jpg\" \/>\n\t<meta property=\"og:image:width\" content=\"800\" \/>\n\t<meta property=\"og:image:height\" content=\"450\" \/>\n\t<meta property=\"og:image:type\" content=\"image\/jpeg\" \/>\n<meta name=\"author\" content=\"Rafaela La Regina\" \/>\n<meta name=\"twitter:card\" content=\"summary_large_image\" \/>\n<meta name=\"twitter:creator\" content=\"@sunoresearch\" \/>\n<meta name=\"twitter:site\" content=\"@sunoresearch\" \/>\n<meta name=\"twitter:label1\" content=\"Escrito por\" \/>\n\t<meta name=\"twitter:data1\" content=\"Rafaela La Regina\" \/>\n\t<meta name=\"twitter:label2\" content=\"Est. tempo de leitura\" \/>\n\t<meta name=\"twitter:data2\" content=\"4 minutos\" \/>\n<script type=\"application\/ld+json\" class=\"yoast-schema-graph\">{\"@context\":\"https:\/\/schema.org\",\"@graph\":[{\"@type\":\"NewsArticle\",\"@id\":\"https:\/\/www.suno.com.br\/noticias\/ibovespa-fecha-queda-exterior-25022021\/#article\",\"isPartOf\":{\"@id\":\"https:\/\/www.suno.com.br\/noticias\/ibovespa-fecha-queda-exterior-25022021\/\"},\"author\":{\"name\":\"Rafaela La Regina\",\"@id\":\"https:\/\/www.suno.com.br\/noticias\/#\/schema\/person\/e672ca8cea627fe715fa29bca7da95e0\"},\"headline\":\"Ibovespa acompanha exterior e fecha em queda de 2,95%\",\"datePublished\":\"2021-02-25T21:26:30+00:00\",\"dateModified\":\"2021-05-29T23:22:12+00:00\",\"mainEntityOfPage\":{\"@id\":\"https:\/\/www.suno.com.br\/noticias\/ibovespa-fecha-queda-exterior-25022021\/\"},\"wordCount\":830,\"publisher\":{\"@id\":\"https:\/\/www.suno.com.br\/noticias\/#organization\"},\"image\":{\"@id\":\"https:\/\/www.suno.com.br\/noticias\/ibovespa-fecha-queda-exterior-25022021\/#primaryimage\"},\"thumbnailUrl\":\"https:\/\/files.sunoresearch.com.br\/n\/uploads\/2021\/02\/c05e2f54-ibovespa-800x450-3-jpg.webp\",\"keywords\":[\"AMBEV (ABEV3)\",\"Ibovespa\",\"Kepler Weber (KEPL11\/KEPL3)\",\"Marcopolo (POMO3\/POMO4)\",\"Petrobras (PETR4)\"],\"articleSection\":[\"Mercado\"],\"inLanguage\":\"pt-BR\"},{\"@type\":\"WebPage\",\"@id\":\"https:\/\/www.suno.com.br\/noticias\/ibovespa-fecha-queda-exterior-25022021\/\",\"url\":\"https:\/\/www.suno.com.br\/noticias\/ibovespa-fecha-queda-exterior-25022021\/\",\"name\":\"Ibovespa acompanha exterior e fecha em queda de 2,95%\",\"isPartOf\":{\"@id\":\"https:\/\/www.suno.com.br\/noticias\/#website\"},\"primaryImageOfPage\":{\"@id\":\"https:\/\/www.suno.com.br\/noticias\/ibovespa-fecha-queda-exterior-25022021\/#primaryimage\"},\"image\":{\"@id\":\"https:\/\/www.suno.com.br\/noticias\/ibovespa-fecha-queda-exterior-25022021\/#primaryimage\"},\"thumbnailUrl\":\"https:\/\/files.sunoresearch.com.br\/n\/uploads\/2021\/02\/c05e2f54-ibovespa-800x450-3-jpg.webp\",\"datePublished\":\"2021-02-25T21:26:30+00:00\",\"dateModified\":\"2021-05-29T23:22:12+00:00\",\"description\":\"O Ibovespa\u00a0fechou o preg\u00e3o desta quinta-feira em queda de 2,95%, a 112,256,36 pontos. Clique aqui para saber mais.\",\"breadcrumb\":{\"@id\":\"https:\/\/www.suno.com.br\/noticias\/ibovespa-fecha-queda-exterior-25022021\/#breadcrumb\"},\"inLanguage\":\"pt-BR\",\"potentialAction\":[{\"@type\":\"ReadAction\",\"target\":[\"https:\/\/www.suno.com.br\/noticias\/ibovespa-fecha-queda-exterior-25022021\/\"]}]},{\"@type\":\"ImageObject\",\"inLanguage\":\"pt-BR\",\"@id\":\"https:\/\/www.suno.com.br\/noticias\/ibovespa-fecha-queda-exterior-25022021\/#primaryimage\",\"url\":\"https:\/\/files.sunoresearch.com.br\/n\/uploads\/2021\/02\/c05e2f54-ibovespa-800x450-3-jpg.webp\",\"contentUrl\":\"https:\/\/files.sunoresearch.com.br\/n\/uploads\/2021\/02\/c05e2f54-ibovespa-800x450-3-jpg.webp\",\"width\":800,\"height\":450,\"caption\":\"Ibovespa (Foto: Reprodu\u00e7\u00e3o)\"},{\"@type\":\"BreadcrumbList\",\"@id\":\"https:\/\/www.suno.com.br\/noticias\/ibovespa-fecha-queda-exterior-25022021\/#breadcrumb\",\"itemListElement\":[{\"@type\":\"ListItem\",\"position\":1,\"name\":\"Not\u00edcias\",\"item\":\"https:\/\/www.suno.com.br\/noticias\/\"},{\"@type\":\"ListItem\",\"position\":2,\"name\":\"Mercado\",\"item\":\"https:\/\/www.suno.com.br\/noticias\/mercado\/\"},{\"@type\":\"ListItem\",\"position\":3,\"name\":\"Ibovespa acompanha exterior e fecha em queda de 2,95%\"}]},{\"@type\":\"WebSite\",\"@id\":\"https:\/\/www.suno.com.br\/noticias\/#website\",\"url\":\"https:\/\/www.suno.com.br\/noticias\/\",\"name\":\"Suno Not\u00edcias\",\"description\":\"Seu portal de informa\u00e7\u00e3o sobre o mundo dos investimentos\",\"publisher\":{\"@id\":\"https:\/\/www.suno.com.br\/noticias\/#organization\"},\"potentialAction\":[{\"@type\":\"SearchAction\",\"target\":{\"@type\":\"EntryPoint\",\"urlTemplate\":\"https:\/\/www.suno.com.br\/noticias\/?s={search_term_string}\"},\"query-input\":{\"@type\":\"PropertyValueSpecification\",\"valueRequired\":true,\"valueName\":\"search_term_string\"}}],\"inLanguage\":\"pt-BR\"},{\"@type\":\"Organization\",\"@id\":\"https:\/\/www.suno.com.br\/noticias\/#organization\",\"name\":\"Suno Not\u00edcias\",\"url\":\"https:\/\/www.suno.com.br\/noticias\/\",\"logo\":{\"@type\":\"ImageObject\",\"inLanguage\":\"pt-BR\",\"@id\":\"https:\/\/www.suno.com.br\/noticias\/#\/schema\/logo\/image\/\",\"url\":\"https:\/\/files.sunoresearch.com.br\/n\/uploads\/2021\/09\/suno-logo.png\",\"contentUrl\":\"https:\/\/files.sunoresearch.com.br\/n\/uploads\/2021\/09\/suno-logo.png\",\"width\":180,\"height\":180,\"caption\":\"Suno Not\u00edcias\"},\"image\":{\"@id\":\"https:\/\/www.suno.com.br\/noticias\/#\/schema\/logo\/image\/\"},\"sameAs\":[\"https:\/\/facebook.com\/sunoresearch\",\"https:\/\/x.com\/sunoresearch\",\"https:\/\/www.instagram.com\/suno\",\"https:\/\/www.linkedin.com\/company\/suno-research\/\",\"https:\/\/www.youtube.com\/c\/sunoresearch\"]},{\"@type\":\"Person\",\"@id\":\"https:\/\/www.suno.com.br\/noticias\/#\/schema\/person\/e672ca8cea627fe715fa29bca7da95e0\",\"name\":\"Rafaela La Regina\",\"image\":{\"@type\":\"ImageObject\",\"inLanguage\":\"pt-BR\",\"@id\":\"https:\/\/www.suno.com.br\/noticias\/#\/schema\/person\/image\/\",\"url\":\"https:\/\/secure.gravatar.com\/avatar\/d2c75a52d243deb93d0465fdcb21bd37?s=96&r=g\",\"contentUrl\":\"https:\/\/secure.gravatar.com\/avatar\/d2c75a52d243deb93d0465fdcb21bd37?s=96&r=g\",\"caption\":\"Rafaela La Regina\"},\"description\":\"Estagi\u00e1ria no Suno Not\u00edcias. Escreve sobre economia, pol\u00edtica e neg\u00f3cios. Estuda Rela\u00e7\u00f5es Internacionais no IBMEC-SP.\",\"url\":\"https:\/\/www.suno.com.br\/noticias\/author\/rafaela-la-regina\/\"}]}<\/script>\n<!-- \/ Yoast SEO plugin. -->","yoast_head_json":{"title":"Ibovespa acompanha exterior e fecha em queda de 2,95%","description":"O Ibovespa\u00a0fechou o preg\u00e3o desta quinta-feira em queda de 2,95%, a 112,256,36 pontos. Clique aqui para saber mais.","robots":{"index":"index","follow":"follow","max-snippet":"max-snippet:-1","max-image-preview":"max-image-preview:large","max-video-preview":"max-video-preview:-1"},"canonical":"https:\/\/www.suno.com.br\/noticias\/ibovespa-fecha-queda-exterior-25022021\/","og_locale":"pt_BR","og_type":"article","og_title":"Ibovespa acompanha exterior e fecha em queda de 2,95%","og_description":"O Ibovespa\u00a0fechou o preg\u00e3o desta quinta-feira em queda de 2,95%, a 112,256,36 pontos. Clique aqui para saber mais.","og_url":"https:\/\/www.suno.com.br\/noticias\/ibovespa-fecha-queda-exterior-25022021\/","og_site_name":"Suno Not\u00edcias","article_publisher":"https:\/\/facebook.com\/sunoresearch","og_image":[{"width":800,"height":450,"url":"https:\/\/files.sunoresearch.com.br\/n\/uploads\/2021\/02\/c05e2f54-ibovespa-800x450-3.jpg","type":"image\/jpeg"}],"author":"Rafaela La Regina","twitter_card":"summary_large_image","twitter_creator":"@sunoresearch","twitter_site":"@sunoresearch","twitter_misc":{"Escrito por":"Rafaela La Regina","Est. tempo de leitura":"4 minutos"},"schema":{"@context":"https:\/\/schema.org","@graph":[{"@type":"NewsArticle","@id":"https:\/\/www.suno.com.br\/noticias\/ibovespa-fecha-queda-exterior-25022021\/#article","isPartOf":{"@id":"https:\/\/www.suno.com.br\/noticias\/ibovespa-fecha-queda-exterior-25022021\/"},"author":{"name":"Rafaela La Regina","@id":"https:\/\/www.suno.com.br\/noticias\/#\/schema\/person\/e672ca8cea627fe715fa29bca7da95e0"},"headline":"Ibovespa acompanha exterior e fecha em queda de 2,95%","datePublished":"2021-02-25T21:26:30+00:00","dateModified":"2021-05-29T23:22:12+00:00","mainEntityOfPage":{"@id":"https:\/\/www.suno.com.br\/noticias\/ibovespa-fecha-queda-exterior-25022021\/"},"wordCount":830,"publisher":{"@id":"https:\/\/www.suno.com.br\/noticias\/#organization"},"image":{"@id":"https:\/\/www.suno.com.br\/noticias\/ibovespa-fecha-queda-exterior-25022021\/#primaryimage"},"thumbnailUrl":"https:\/\/files.sunoresearch.com.br\/n\/uploads\/2021\/02\/c05e2f54-ibovespa-800x450-3-jpg.webp","keywords":["AMBEV (ABEV3)","Ibovespa","Kepler Weber (KEPL11\/KEPL3)","Marcopolo (POMO3\/POMO4)","Petrobras (PETR4)"],"articleSection":["Mercado"],"inLanguage":"pt-BR"},{"@type":"WebPage","@id":"https:\/\/www.suno.com.br\/noticias\/ibovespa-fecha-queda-exterior-25022021\/","url":"https:\/\/www.suno.com.br\/noticias\/ibovespa-fecha-queda-exterior-25022021\/","name":"Ibovespa acompanha exterior e fecha em queda de 2,95%","isPartOf":{"@id":"https:\/\/www.suno.com.br\/noticias\/#website"},"primaryImageOfPage":{"@id":"https:\/\/www.suno.com.br\/noticias\/ibovespa-fecha-queda-exterior-25022021\/#primaryimage"},"image":{"@id":"https:\/\/www.suno.com.br\/noticias\/ibovespa-fecha-queda-exterior-25022021\/#primaryimage"},"thumbnailUrl":"https:\/\/files.sunoresearch.com.br\/n\/uploads\/2021\/02\/c05e2f54-ibovespa-800x450-3-jpg.webp","datePublished":"2021-02-25T21:26:30+00:00","dateModified":"2021-05-29T23:22:12+00:00","description":"O Ibovespa\u00a0fechou o preg\u00e3o desta quinta-feira em queda de 2,95%, a 112,256,36 pontos. Clique aqui para saber mais.","breadcrumb":{"@id":"https:\/\/www.suno.com.br\/noticias\/ibovespa-fecha-queda-exterior-25022021\/#breadcrumb"},"inLanguage":"pt-BR","potentialAction":[{"@type":"ReadAction","target":["https:\/\/www.suno.com.br\/noticias\/ibovespa-fecha-queda-exterior-25022021\/"]}]},{"@type":"ImageObject","inLanguage":"pt-BR","@id":"https:\/\/www.suno.com.br\/noticias\/ibovespa-fecha-queda-exterior-25022021\/#primaryimage","url":"https:\/\/files.sunoresearch.com.br\/n\/uploads\/2021\/02\/c05e2f54-ibovespa-800x450-3-jpg.webp","contentUrl":"https:\/\/files.sunoresearch.com.br\/n\/uploads\/2021\/02\/c05e2f54-ibovespa-800x450-3-jpg.webp","width":800,"height":450,"caption":"Ibovespa (Foto: Reprodu\u00e7\u00e3o)"},{"@type":"BreadcrumbList","@id":"https:\/\/www.suno.com.br\/noticias\/ibovespa-fecha-queda-exterior-25022021\/#breadcrumb","itemListElement":[{"@type":"ListItem","position":1,"name":"Not\u00edcias","item":"https:\/\/www.suno.com.br\/noticias\/"},{"@type":"ListItem","position":2,"name":"Mercado","item":"https:\/\/www.suno.com.br\/noticias\/mercado\/"},{"@type":"ListItem","position":3,"name":"Ibovespa acompanha exterior e fecha em queda de 2,95%"}]},{"@type":"WebSite","@id":"https:\/\/www.suno.com.br\/noticias\/#website","url":"https:\/\/www.suno.com.br\/noticias\/","name":"Suno Not\u00edcias","description":"Seu portal de informa\u00e7\u00e3o sobre o mundo dos investimentos","publisher":{"@id":"https:\/\/www.suno.com.br\/noticias\/#organization"},"potentialAction":[{"@type":"SearchAction","target":{"@type":"EntryPoint","urlTemplate":"https:\/\/www.suno.com.br\/noticias\/?s={search_term_string}"},"query-input":{"@type":"PropertyValueSpecification","valueRequired":true,"valueName":"search_term_string"}}],"inLanguage":"pt-BR"},{"@type":"Organization","@id":"https:\/\/www.suno.com.br\/noticias\/#organization","name":"Suno Not\u00edcias","url":"https:\/\/www.suno.com.br\/noticias\/","logo":{"@type":"ImageObject","inLanguage":"pt-BR","@id":"https:\/\/www.suno.com.br\/noticias\/#\/schema\/logo\/image\/","url":"https:\/\/files.sunoresearch.com.br\/n\/uploads\/2021\/09\/suno-logo.png","contentUrl":"https:\/\/files.sunoresearch.com.br\/n\/uploads\/2021\/09\/suno-logo.png","width":180,"height":180,"caption":"Suno Not\u00edcias"},"image":{"@id":"https:\/\/www.suno.com.br\/noticias\/#\/schema\/logo\/image\/"},"sameAs":["https:\/\/facebook.com\/sunoresearch","https:\/\/x.com\/sunoresearch","https:\/\/www.instagram.com\/suno","https:\/\/www.linkedin.com\/company\/suno-research\/","https:\/\/www.youtube.com\/c\/sunoresearch"]},{"@type":"Person","@id":"https:\/\/www.suno.com.br\/noticias\/#\/schema\/person\/e672ca8cea627fe715fa29bca7da95e0","name":"Rafaela La Regina","image":{"@type":"ImageObject","inLanguage":"pt-BR","@id":"https:\/\/www.suno.com.br\/noticias\/#\/schema\/person\/image\/","url":"https:\/\/secure.gravatar.com\/avatar\/d2c75a52d243deb93d0465fdcb21bd37?s=96&r=g","contentUrl":"https:\/\/secure.gravatar.com\/avatar\/d2c75a52d243deb93d0465fdcb21bd37?s=96&r=g","caption":"Rafaela La Regina"},"description":"Estagi\u00e1ria no Suno Not\u00edcias. Escreve sobre economia, pol\u00edtica e neg\u00f3cios. Estuda Rela\u00e7\u00f5es Internacionais no IBMEC-SP.","url":"https:\/\/www.suno.com.br\/noticias\/author\/rafaela-la-regina\/"}]}},"default_loop_html":"<div class=\"cardsPage__listCard__boxs\"><div class=\"cardsPage__listCard__boxs__img\"><a href=\"https:\/\/www.suno.com.br\/noticias\/ibovespa-fecha-queda-exterior-25022021\/\"><img class=\"mask\" src=\"https:\/\/www.suno.com.br\/noticias\/wp-content\/themes\/suno\/resources\/images\/spotlight\/spotlight1img\/bg-mask.png\" alt=\"Image Mask\"\/><img src=\"https:\/\/files.sunoresearch.com.br\/n\/uploads\/2021\/02\/c05e2f54-ibovespa-800x450-3-400x200.webp\" alt=\"Ibovespa acompanha exterior e fecha em queda de 2,95%\"\/><\/a><span class=\"spotlightCategory\"><a href=\"https:\/\/www.suno.com.br\/noticias\/mercado\/\">Mercado<\/a><\/span><\/div><div class=\"cardsPage__listCard__boxs__content\"><a href=\"https:\/\/www.suno.com.br\/noticias\/ibovespa-fecha-queda-exterior-25022021\/\"><h2 class=\"content__title\">Ibovespa acompanha exterior e fecha em queda de 2,95%<\/h2><\/a><div class=\"newsContent__article__meta\"><div class=\"newsContent__article__meta__authorBox\"><a href=\"https:\/\/www.suno.com.br\/noticias\/author\/rafaela-la-regina\/\" class=\"authorBox__avatar noMobi\"><img src=\"https:\/\/secure.gravatar.com\/avatar\/d2c75a52d243deb93d0465fdcb21bd37?s=96&#038;r=g\" alt=\"Rafaela La Regina\"><\/a><div class=\"authorBox__name\"><span>por\n\t\t\t<a href=\"https:\/\/www.suno.com.br\/noticias\/author\/rafaela-la-regina\/\"><span itemprop=\"author\">Rafaela La Regina<\/span><\/a><\/span><time datetime=\"2021-02-25T18:26:30-03:00\" itemprop=\"datePublished\">25\/02\/2021 18:26<\/time><\/div><\/div><\/div><\/div><\/div>","single_layout":"posts","amp_enabled":true,"_links":{"self":[{"href":"https:\/\/www.suno.com.br\/noticias\/wp-json\/wp\/v2\/posts\/126710"}],"collection":[{"href":"https:\/\/www.suno.com.br\/noticias\/wp-json\/wp\/v2\/posts"}],"about":[{"href":"https:\/\/www.suno.com.br\/noticias\/wp-json\/wp\/v2\/types\/post"}],"author":[{"embeddable":true,"href":"https:\/\/www.suno.com.br\/noticias\/wp-json\/wp\/v2\/users\/56"}],"replies":[{"embeddable":true,"href":"https:\/\/www.suno.com.br\/noticias\/wp-json\/wp\/v2\/comments?post=126710"}],"version-history":[{"count":6,"href":"https:\/\/www.suno.com.br\/noticias\/wp-json\/wp\/v2\/posts\/126710\/revisions"}],"predecessor-version":[{"id":126774,"href":"https:\/\/www.suno.com.br\/noticias\/wp-json\/wp\/v2\/posts\/126710\/revisions\/126774"}],"wp:featuredmedia":[{"embeddable":true,"href":"https:\/\/www.suno.com.br\/noticias\/wp-json\/wp\/v2\/media\/126760"}],"wp:attachment":[{"href":"https:\/\/www.suno.com.br\/noticias\/wp-json\/wp\/v2\/media?parent=126710"}],"wp:term":[{"taxonomy":"category","embeddable":true,"href":"https:\/\/www.suno.com.br\/noticias\/wp-json\/wp\/v2\/categories?post=126710"},{"taxonomy":"post_tag","embeddable":true,"href":"https:\/\/www.suno.com.br\/noticias\/wp-json\/wp\/v2\/tags?post=126710"},{"taxonomy":"suno_strategy","embeddable":true,"href":"https:\/\/www.suno.com.br\/noticias\/wp-json\/wp\/v2\/suno_strategy?post=126710"}],"curies":[{"name":"wp","href":"https:\/\/api.w.org\/{rel}","templated":true}]}}