{"id":126649,"date":"2021-02-25T14:36:27","date_gmt":"2021-02-25T17:36:27","guid":{"rendered":"https:\/\/www.suno.com.br\/noticias\/?p=126649"},"modified":"2021-03-04T15:14:02","modified_gmt":"2021-03-04T18:14:02","slug":"kora-saude-protocola-registro-de-abertura-inicial-de-capital-na-cvm","status":"publish","type":"post","link":"https:\/\/www.suno.com.br\/noticias\/kora-saude-protocola-registro-de-abertura-inicial-de-capital-na-cvm\/","title":{"rendered":"Kora Sa\u00fade protocola registro de abertura inicial de capital na CVM"},"content":{"rendered":"<p>O grupo <strong>Kora Sa\u00fade<\/strong>, rede que conta com dez hospitais, protocolou um pedido para realizar sua <a href=\"https:\/\/www.suno.com.br\/artigos\/ipo\/\">oferta p\u00fablica inicial de a\u00e7\u00f5es (IPO)<\/a> na <a href=\"https:\/\/www.suno.com.br\/artigos\/cvm\/\">Comiss\u00e3o de Valores Mobili\u00e1rios (CVM<\/a>) nesta quinta-feira (25).<\/p>\t<div class=\"wrapper-featured-image\">\n\t\t<figure class=\"spotlightImg\">\n\n\t\t\t<picture>\n\t\t\t\t<source media=\"(max-width: 768px)\" srcset=\"https:\/\/files.sunoresearch.com.br\/n\/uploads\/2021\/02\/a171351a-korasaude-400x200.webp\">\n\t\t\t\t<img loading=\"lazy\" decoding=\"async\" class=\"newsContent__article__imgCapa lazyloadDisabled \" src=\"https:\/\/files.sunoresearch.com.br\/n\/uploads\/2021\/02\/a171351a-korasaude-jpg.webp\" width=\"800\" height=\"450\" alt=\"Kora Sa\u00fade protocola registro de abertura inicial de capital na CVM\" fetchpriority=high \/>\n\t\t\t<\/picture>\n\n\t\t\t<figcaption class=\"wp-caption-text wp-caption-text--show\">Kora Sa\u00fade tem dez hospitais<\/figcaption>\n\t\t<\/figure>\n\t<\/div>\n\n\n<p><span style=\"font-weight: 400;\">\t<p>\n\t\t<a href=\"https:\/\/lp.suno.com.br\/planilha-controle-gastos\/\" target=\"_blank\" data-element=\"shortcode-suno-banner\" title=\"Banner SUNO, clique e saiba mais\">\n\t\t\t<picture>\n\t\t\t\t<source media=\"(max-width: 500px)\" srcset=\"https:\/\/files.sunoresearch.com.br\/n\/uploads\/2023\/03\/400x300-Planilha-controle-de-gastos.png\">\n\t\t\t\t<img class=\"newsContent__article__imgCapa newsContent__article__imgCapa--banner\"\n\t\t\t\t\tsrc=\"https:\/\/files.sunoresearch.com.br\/n\/uploads\/2023\/03\/1420x240-Planilha-controle-de-gastos.png\"\n\t\t\t\t\tdata-promo-id=\"101751\"\t\t\t\t\t\t\t\t\t\twidth='1420' height='240'\t\t\t\t\talt=\"https:\/\/files.sunoresearch.com.br\/n\/uploads\/2023\/03\/1420x240-Planilha-controle-de-gastos.png\"\n\t\t\t\t>\n\t\t\t<\/picture>\n\t\t<\/a>\n\t<\/p>\n\n<\/span><\/p>\n<p>Segundo o prospecto preliminar, a Kora Sa\u00fade pretende colocar a\u00e7\u00f5es no <a href=\"https:\/\/www.suno.com.br\/artigos\/novo-mercado\/\">Novo Mercado<\/a> da B3 tanto atrav\u00e9s de uma oferta prim\u00e1ria, emitindo novos pap\u00e9is e aumentando o capital da empresa, quanto de forma secund\u00e1ria, com os acionistas vendendo partes de suas fatias. Fica em aberto ainda a possibilidade de ser oferecido um lote suplementar.<\/p>\n<p>A movimenta\u00e7\u00e3o ser\u00e1 liderada pelo Ita\u00fa BBA, que contar\u00e1 com aux\u00edlio do JPMorgan, do Bradesco BBI, do Santander (SANB11), da XP Investimentos e do UBS Brasil. O sindicato de bancos realizar\u00e1 esfor\u00e7os para ofertar pap\u00e9is tanto a investidores institucionais quanto a\u00a0pessoas f\u00edsicas.<\/p>\n<p><a href=\"https:\/\/lp.suno.com.br\/suno-one\/?ppp=noticias\/hospital-care-pedido-ipo-cvm\/\">Suno One: acesse gratuitamente eBooks, Minicursos, Artigos e V\u00eddeo Aulas sobre investimentos com um \u00fanico cadastro. Clique para saber mais!<\/a><\/p>\n<p>Segundo o documento, os recursos levantados atrav\u00e9s da emiss\u00e3o de a\u00e7\u00f5es prim\u00e1rias ser\u00e1 utilizado para:<\/p>\n<ul>\n<li>aquisi\u00e7\u00e3o de ativos<\/li>\n<li>amplia\u00e7\u00e3o dos ativos j\u00e1 existentes<\/li>\n<li>inaugura\u00e7\u00e3o de novos hospitais<\/li>\n<li>expans\u00e3o de outros segmentos hospitalares<\/li>\n<\/ul>\n<p>O foco da expans\u00e3o, entretanto, se dar\u00e1 fora do eixo Rio-S\u00e3o Paulo.<\/p>\n<p>Atualmente, o capital social da Kora Sa\u00fade contabiliza R$ 15 milh\u00f5es, dividido em quase 414 milh\u00f5es de a\u00e7\u00f5es ordin\u00e1rias. S\u00e3o, ao total, quatro acionistas, um acionista institucional, o Fundo Fuji Brasil Partners, e tr\u00eas pessoas f\u00edsicas. A participa\u00e7\u00e3o de cada um, entretanto, n\u00e3o \u00e9 divulgada.<\/p>\n<p><span style=\"font-weight: 400;\">\t<p>\n\t\t<a href=\"https:\/\/lp.suno.com.br\/planilha-da-vida-financeira\/\" target=\"_blank\" data-element=\"shortcode-suno-banner\" title=\"Banner SUNO, clique e saiba mais\">\n\t\t\t<picture>\n\t\t\t\t<source media=\"(max-width: 500px)\" srcset=\"https:\/\/files.sunoresearch.com.br\/n\/uploads\/2023\/04\/400x300-Planilha-vida-financeira-true.png\">\n\t\t\t\t<img class=\"newsContent__article__imgCapa newsContent__article__imgCapa--banner\"\n\t\t\t\t\tsrc=\"https:\/\/files.sunoresearch.com.br\/n\/uploads\/2023\/04\/1420x240-Planilha-vida-financeira-true.png\"\n\t\t\t\t\tdata-promo-id=\"106682\"\t\t\t\t\t\t\t\t\t\twidth='1420' height='240'\t\t\t\t\talt=\"https:\/\/files.sunoresearch.com.br\/n\/uploads\/2023\/04\/1420x240-Planilha-vida-financeira-true.png\"\n\t\t\t\t>\n\t\t\t<\/picture>\n\t\t<\/a>\n\t<\/p>\n\n<\/span><\/p>\n<h2>Sobre o Kora Sa\u00fade<\/h2>\n<p>Criado em 2010 com sede em Cariacica, no Esp\u00edrito Santo, a companhia tem sete hospitais em seu estado de origem, dois no Tocantins e um em Mato Grosso. Ao total, s\u00e3o mais de mil leitos, sendo cerca de 250 unidades de terapia intensiva.<\/p>\n<p>Em 2020, sua receita avan\u00e7ou 38% na compara\u00e7\u00e3o anual, impulsionada, em parte, pelas recentes aquisi\u00e7\u00f5es do grupo. Na quarta-feira, a Kora Sa\u00fade adquiriu o Hospital Anchieta, no Distrito Federal. Foram, nos \u00faltimos 30 meses, sete aquisi\u00e7\u00f5es.<\/p>\n<p>Desde 2018, segundo o prospecto, a empresa viu seu <a href=\"https:\/\/www.suno.com.br\/artigos\/ebitda-ajustado\/\">Ebitda ajustado<\/a> avan\u00e7ar em m\u00e9dia 105% ao ano. O caixa da <strong>Kora Sa\u00fade<\/strong> deixou de ser de R$ 20,2 milh\u00f5es em 2018 para ser de R$ 180,8 milh\u00f5es em 2020 e o \u00edndice de alavancagem estaria abaixo de duas vezes no \u00faltimo exerc\u00edcio.<\/p>\n<p><span style=\"font-weight: 400;\">\t<p>\n\t\t<a href=\"https:\/\/lp.suno.com.br\/planilha-de-controle-de-investimentos\/\" target=\"_blank\" data-element=\"shortcode-suno-banner\" title=\"Banner SUNO, clique e saiba mais\">\n\t\t\t<picture>\n\t\t\t\t<source media=\"(max-width: 500px)\" srcset=\"https:\/\/files.sunoresearch.com.br\/n\/uploads\/2023\/03\/400x300-Controle-de-Investimentos.png\">\n\t\t\t\t<img class=\"newsContent__article__imgCapa newsContent__article__imgCapa--banner\"\n\t\t\t\t\tsrc=\"https:\/\/files.sunoresearch.com.br\/n\/uploads\/2023\/03\/1420x240-Controle-de-Investimentos.png\"\n\t\t\t\t\tdata-promo-id=\"75934\"\t\t\t\t\t\t\t\t\t\twidth='1420' height='240'\t\t\t\t\talt=\"https:\/\/files.sunoresearch.com.br\/n\/uploads\/2023\/03\/1420x240-Controle-de-Investimentos.png\"\n\t\t\t\t>\n\t\t\t<\/picture>\n\t\t<\/a>\n\t<\/p>\n\n<\/span><\/p>\n","protected":false},"excerpt":{"rendered":"<p>O grupo Kora Sa\u00fade, rede que conta com dez hospitais, protocolou um pedido para realizar sua oferta p\u00fablica inicial de a\u00e7\u00f5es (IPO) na Comiss\u00e3o de Valores Mobili\u00e1rios (CVM) nesta quinta-feira (25). Kora Sa\u00fade tem dez hospitais Segundo o prospecto preliminar, a Kora Sa\u00fade pretende colocar a\u00e7\u00f5es no Novo Mercado da B3 tanto atrav\u00e9s de uma [&hellip;]<\/p>\n","protected":false},"author":59,"featured_media":126664,"comment_status":"closed","ping_status":"closed","sticky":false,"template":"","format":"standard","meta":[],"categories":[64],"tags":[2145,902,319,105852],"suno_strategy":[],"class_list":["post-126649","post","type-post","status-publish","format-standard","has-post-thumbnail","hentry","category-negocios","tag-abertura-de-capital","tag-comissao-de-valores-mobiliarios-cvm","tag-ipo-oferta-inicial-de-acoes","tag-kora-saude-krsa3"],"yoast_head":"<!-- This site is optimized with the Yoast SEO plugin v24.4 - https:\/\/yoast.com\/wordpress\/plugins\/seo\/ -->\n<title>Kora Sa\u00fade protocola registro de abertura inicial de capital na CVM<\/title>\n<meta name=\"description\" content=\"O grupo Kora Sa\u00fade, que possui dez hospitais, protocolou nesta quinta-feira seu registro de IPO. Clique aqui para saber mais.\" \/>\n<meta name=\"robots\" content=\"index, follow, max-snippet:-1, max-image-preview:large, max-video-preview:-1\" \/>\n<link rel=\"canonical\" href=\"https:\/\/www.suno.com.br\/noticias\/kora-saude-protocola-registro-de-abertura-inicial-de-capital-na-cvm\/\" \/>\n<meta property=\"og:locale\" content=\"pt_BR\" \/>\n<meta property=\"og:type\" content=\"article\" \/>\n<meta property=\"og:title\" content=\"Kora Sa\u00fade protocola registro de abertura inicial de capital na CVM\" \/>\n<meta property=\"og:description\" content=\"O grupo Kora Sa\u00fade, que possui dez hospitais, protocolou nesta quinta-feira seu registro de IPO. Clique aqui para saber mais.\" \/>\n<meta property=\"og:url\" content=\"https:\/\/www.suno.com.br\/noticias\/kora-saude-protocola-registro-de-abertura-inicial-de-capital-na-cvm\/\" \/>\n<meta property=\"og:site_name\" content=\"Suno Not\u00edcias\" \/>\n<meta property=\"article:publisher\" content=\"https:\/\/facebook.com\/sunoresearch\" \/>\n<meta property=\"og:image\" content=\"https:\/\/files.sunoresearch.com.br\/n\/uploads\/2021\/02\/a171351a-korasaude.jpg\" \/>\n\t<meta property=\"og:image:width\" content=\"768\" \/>\n\t<meta property=\"og:image:height\" content=\"450\" \/>\n\t<meta property=\"og:image:type\" content=\"image\/jpeg\" \/>\n<meta name=\"author\" content=\"Vitor Azevedo\" \/>\n<meta name=\"twitter:card\" content=\"summary_large_image\" \/>\n<meta name=\"twitter:creator\" content=\"@sunoresearch\" \/>\n<meta name=\"twitter:site\" content=\"@sunoresearch\" \/>\n<meta name=\"twitter:label1\" content=\"Escrito por\" \/>\n\t<meta name=\"twitter:data1\" content=\"Vitor Azevedo\" \/>\n\t<meta name=\"twitter:label2\" content=\"Est. tempo de leitura\" \/>\n\t<meta name=\"twitter:data2\" content=\"2 minutos\" \/>\n<script type=\"application\/ld+json\" class=\"yoast-schema-graph\">{\"@context\":\"https:\/\/schema.org\",\"@graph\":[{\"@type\":\"NewsArticle\",\"@id\":\"https:\/\/www.suno.com.br\/noticias\/kora-saude-protocola-registro-de-abertura-inicial-de-capital-na-cvm\/#article\",\"isPartOf\":{\"@id\":\"https:\/\/www.suno.com.br\/noticias\/kora-saude-protocola-registro-de-abertura-inicial-de-capital-na-cvm\/\"},\"author\":{\"name\":\"Vitor Azevedo\",\"@id\":\"https:\/\/www.suno.com.br\/noticias\/#\/schema\/person\/658d5fbc74d81f265f5df3562d0038ab\"},\"headline\":\"Kora Sa\u00fade protocola registro de abertura inicial de capital na CVM\",\"datePublished\":\"2021-02-25T17:36:27+00:00\",\"dateModified\":\"2021-03-04T18:14:02+00:00\",\"mainEntityOfPage\":{\"@id\":\"https:\/\/www.suno.com.br\/noticias\/kora-saude-protocola-registro-de-abertura-inicial-de-capital-na-cvm\/\"},\"wordCount\":429,\"publisher\":{\"@id\":\"https:\/\/www.suno.com.br\/noticias\/#organization\"},\"image\":{\"@id\":\"https:\/\/www.suno.com.br\/noticias\/kora-saude-protocola-registro-de-abertura-inicial-de-capital-na-cvm\/#primaryimage\"},\"thumbnailUrl\":\"https:\/\/files.sunoresearch.com.br\/n\/uploads\/2021\/02\/a171351a-korasaude-jpg.webp\",\"keywords\":[\"abertura de capital\",\"Comiss\u00e3o de Valores Mobili\u00e1rios (CVM)\",\"IPO (Oferta Inicial de A\u00e7\u00f5es)\",\"Kora Sa\u00fade (KRSA3)\"],\"articleSection\":[\"Neg\u00f3cios\"],\"inLanguage\":\"pt-BR\"},{\"@type\":\"WebPage\",\"@id\":\"https:\/\/www.suno.com.br\/noticias\/kora-saude-protocola-registro-de-abertura-inicial-de-capital-na-cvm\/\",\"url\":\"https:\/\/www.suno.com.br\/noticias\/kora-saude-protocola-registro-de-abertura-inicial-de-capital-na-cvm\/\",\"name\":\"Kora Sa\u00fade protocola registro de abertura inicial de capital na CVM\",\"isPartOf\":{\"@id\":\"https:\/\/www.suno.com.br\/noticias\/#website\"},\"primaryImageOfPage\":{\"@id\":\"https:\/\/www.suno.com.br\/noticias\/kora-saude-protocola-registro-de-abertura-inicial-de-capital-na-cvm\/#primaryimage\"},\"image\":{\"@id\":\"https:\/\/www.suno.com.br\/noticias\/kora-saude-protocola-registro-de-abertura-inicial-de-capital-na-cvm\/#primaryimage\"},\"thumbnailUrl\":\"https:\/\/files.sunoresearch.com.br\/n\/uploads\/2021\/02\/a171351a-korasaude-jpg.webp\",\"datePublished\":\"2021-02-25T17:36:27+00:00\",\"dateModified\":\"2021-03-04T18:14:02+00:00\",\"description\":\"O grupo Kora Sa\u00fade, que possui dez hospitais, protocolou nesta quinta-feira seu registro de IPO. Clique aqui para saber mais.\",\"breadcrumb\":{\"@id\":\"https:\/\/www.suno.com.br\/noticias\/kora-saude-protocola-registro-de-abertura-inicial-de-capital-na-cvm\/#breadcrumb\"},\"inLanguage\":\"pt-BR\",\"potentialAction\":[{\"@type\":\"ReadAction\",\"target\":[\"https:\/\/www.suno.com.br\/noticias\/kora-saude-protocola-registro-de-abertura-inicial-de-capital-na-cvm\/\"]}]},{\"@type\":\"ImageObject\",\"inLanguage\":\"pt-BR\",\"@id\":\"https:\/\/www.suno.com.br\/noticias\/kora-saude-protocola-registro-de-abertura-inicial-de-capital-na-cvm\/#primaryimage\",\"url\":\"https:\/\/files.sunoresearch.com.br\/n\/uploads\/2021\/02\/a171351a-korasaude-jpg.webp\",\"contentUrl\":\"https:\/\/files.sunoresearch.com.br\/n\/uploads\/2021\/02\/a171351a-korasaude-jpg.webp\",\"width\":768,\"height\":450,\"caption\":\"Kora Sa\u00fade tem dez hospitais\"},{\"@type\":\"BreadcrumbList\",\"@id\":\"https:\/\/www.suno.com.br\/noticias\/kora-saude-protocola-registro-de-abertura-inicial-de-capital-na-cvm\/#breadcrumb\",\"itemListElement\":[{\"@type\":\"ListItem\",\"position\":1,\"name\":\"Not\u00edcias\",\"item\":\"https:\/\/www.suno.com.br\/noticias\/\"},{\"@type\":\"ListItem\",\"position\":2,\"name\":\"Neg\u00f3cios\",\"item\":\"https:\/\/www.suno.com.br\/noticias\/negocios\/\"},{\"@type\":\"ListItem\",\"position\":3,\"name\":\"Kora Sa\u00fade protocola registro de abertura inicial de capital na CVM\"}]},{\"@type\":\"WebSite\",\"@id\":\"https:\/\/www.suno.com.br\/noticias\/#website\",\"url\":\"https:\/\/www.suno.com.br\/noticias\/\",\"name\":\"Suno Not\u00edcias\",\"description\":\"Seu portal de informa\u00e7\u00e3o sobre o mundo dos investimentos\",\"publisher\":{\"@id\":\"https:\/\/www.suno.com.br\/noticias\/#organization\"},\"potentialAction\":[{\"@type\":\"SearchAction\",\"target\":{\"@type\":\"EntryPoint\",\"urlTemplate\":\"https:\/\/www.suno.com.br\/noticias\/?s={search_term_string}\"},\"query-input\":{\"@type\":\"PropertyValueSpecification\",\"valueRequired\":true,\"valueName\":\"search_term_string\"}}],\"inLanguage\":\"pt-BR\"},{\"@type\":\"Organization\",\"@id\":\"https:\/\/www.suno.com.br\/noticias\/#organization\",\"name\":\"Suno Not\u00edcias\",\"url\":\"https:\/\/www.suno.com.br\/noticias\/\",\"logo\":{\"@type\":\"ImageObject\",\"inLanguage\":\"pt-BR\",\"@id\":\"https:\/\/www.suno.com.br\/noticias\/#\/schema\/logo\/image\/\",\"url\":\"https:\/\/files.sunoresearch.com.br\/n\/uploads\/2021\/09\/suno-logo.png\",\"contentUrl\":\"https:\/\/files.sunoresearch.com.br\/n\/uploads\/2021\/09\/suno-logo.png\",\"width\":180,\"height\":180,\"caption\":\"Suno Not\u00edcias\"},\"image\":{\"@id\":\"https:\/\/www.suno.com.br\/noticias\/#\/schema\/logo\/image\/\"},\"sameAs\":[\"https:\/\/facebook.com\/sunoresearch\",\"https:\/\/x.com\/sunoresearch\",\"https:\/\/www.instagram.com\/suno\",\"https:\/\/www.linkedin.com\/company\/suno-research\/\",\"https:\/\/www.youtube.com\/c\/sunoresearch\"]},{\"@type\":\"Person\",\"@id\":\"https:\/\/www.suno.com.br\/noticias\/#\/schema\/person\/658d5fbc74d81f265f5df3562d0038ab\",\"name\":\"Vitor Azevedo\",\"image\":{\"@type\":\"ImageObject\",\"inLanguage\":\"pt-BR\",\"@id\":\"https:\/\/www.suno.com.br\/noticias\/#\/schema\/person\/image\/\",\"url\":\"https:\/\/secure.gravatar.com\/avatar\/62b86195291b446fe380824eb28b99a5?s=96&r=g\",\"contentUrl\":\"https:\/\/secure.gravatar.com\/avatar\/62b86195291b446fe380824eb28b99a5?s=96&r=g\",\"caption\":\"Vitor Azevedo\"},\"description\":\"Formado em jornalismo pela Unesp, escreve sobre economia e neg\u00f3cios para a Suno Not\u00edcias.\",\"url\":\"https:\/\/www.suno.com.br\/noticias\/author\/vitor-azevedo\/\"}]}<\/script>\n<!-- \/ Yoast SEO plugin. -->","yoast_head_json":{"title":"Kora Sa\u00fade protocola registro de abertura inicial de capital na CVM","description":"O grupo Kora Sa\u00fade, que possui dez hospitais, protocolou nesta quinta-feira seu registro de IPO. Clique aqui para saber mais.","robots":{"index":"index","follow":"follow","max-snippet":"max-snippet:-1","max-image-preview":"max-image-preview:large","max-video-preview":"max-video-preview:-1"},"canonical":"https:\/\/www.suno.com.br\/noticias\/kora-saude-protocola-registro-de-abertura-inicial-de-capital-na-cvm\/","og_locale":"pt_BR","og_type":"article","og_title":"Kora Sa\u00fade protocola registro de abertura inicial de capital na CVM","og_description":"O grupo Kora Sa\u00fade, que possui dez hospitais, protocolou nesta quinta-feira seu registro de IPO. Clique aqui para saber mais.","og_url":"https:\/\/www.suno.com.br\/noticias\/kora-saude-protocola-registro-de-abertura-inicial-de-capital-na-cvm\/","og_site_name":"Suno Not\u00edcias","article_publisher":"https:\/\/facebook.com\/sunoresearch","og_image":[{"width":768,"height":450,"url":"https:\/\/files.sunoresearch.com.br\/n\/uploads\/2021\/02\/a171351a-korasaude.jpg","type":"image\/jpeg"}],"author":"Vitor Azevedo","twitter_card":"summary_large_image","twitter_creator":"@sunoresearch","twitter_site":"@sunoresearch","twitter_misc":{"Escrito por":"Vitor Azevedo","Est. tempo de leitura":"2 minutos"},"schema":{"@context":"https:\/\/schema.org","@graph":[{"@type":"NewsArticle","@id":"https:\/\/www.suno.com.br\/noticias\/kora-saude-protocola-registro-de-abertura-inicial-de-capital-na-cvm\/#article","isPartOf":{"@id":"https:\/\/www.suno.com.br\/noticias\/kora-saude-protocola-registro-de-abertura-inicial-de-capital-na-cvm\/"},"author":{"name":"Vitor Azevedo","@id":"https:\/\/www.suno.com.br\/noticias\/#\/schema\/person\/658d5fbc74d81f265f5df3562d0038ab"},"headline":"Kora Sa\u00fade protocola registro de abertura inicial de capital na CVM","datePublished":"2021-02-25T17:36:27+00:00","dateModified":"2021-03-04T18:14:02+00:00","mainEntityOfPage":{"@id":"https:\/\/www.suno.com.br\/noticias\/kora-saude-protocola-registro-de-abertura-inicial-de-capital-na-cvm\/"},"wordCount":429,"publisher":{"@id":"https:\/\/www.suno.com.br\/noticias\/#organization"},"image":{"@id":"https:\/\/www.suno.com.br\/noticias\/kora-saude-protocola-registro-de-abertura-inicial-de-capital-na-cvm\/#primaryimage"},"thumbnailUrl":"https:\/\/files.sunoresearch.com.br\/n\/uploads\/2021\/02\/a171351a-korasaude-jpg.webp","keywords":["abertura de capital","Comiss\u00e3o de Valores Mobili\u00e1rios (CVM)","IPO (Oferta Inicial de A\u00e7\u00f5es)","Kora Sa\u00fade (KRSA3)"],"articleSection":["Neg\u00f3cios"],"inLanguage":"pt-BR"},{"@type":"WebPage","@id":"https:\/\/www.suno.com.br\/noticias\/kora-saude-protocola-registro-de-abertura-inicial-de-capital-na-cvm\/","url":"https:\/\/www.suno.com.br\/noticias\/kora-saude-protocola-registro-de-abertura-inicial-de-capital-na-cvm\/","name":"Kora Sa\u00fade protocola registro de abertura inicial de capital na CVM","isPartOf":{"@id":"https:\/\/www.suno.com.br\/noticias\/#website"},"primaryImageOfPage":{"@id":"https:\/\/www.suno.com.br\/noticias\/kora-saude-protocola-registro-de-abertura-inicial-de-capital-na-cvm\/#primaryimage"},"image":{"@id":"https:\/\/www.suno.com.br\/noticias\/kora-saude-protocola-registro-de-abertura-inicial-de-capital-na-cvm\/#primaryimage"},"thumbnailUrl":"https:\/\/files.sunoresearch.com.br\/n\/uploads\/2021\/02\/a171351a-korasaude-jpg.webp","datePublished":"2021-02-25T17:36:27+00:00","dateModified":"2021-03-04T18:14:02+00:00","description":"O grupo Kora Sa\u00fade, que possui dez hospitais, protocolou nesta quinta-feira seu registro de IPO. Clique aqui para saber mais.","breadcrumb":{"@id":"https:\/\/www.suno.com.br\/noticias\/kora-saude-protocola-registro-de-abertura-inicial-de-capital-na-cvm\/#breadcrumb"},"inLanguage":"pt-BR","potentialAction":[{"@type":"ReadAction","target":["https:\/\/www.suno.com.br\/noticias\/kora-saude-protocola-registro-de-abertura-inicial-de-capital-na-cvm\/"]}]},{"@type":"ImageObject","inLanguage":"pt-BR","@id":"https:\/\/www.suno.com.br\/noticias\/kora-saude-protocola-registro-de-abertura-inicial-de-capital-na-cvm\/#primaryimage","url":"https:\/\/files.sunoresearch.com.br\/n\/uploads\/2021\/02\/a171351a-korasaude-jpg.webp","contentUrl":"https:\/\/files.sunoresearch.com.br\/n\/uploads\/2021\/02\/a171351a-korasaude-jpg.webp","width":768,"height":450,"caption":"Kora Sa\u00fade tem dez hospitais"},{"@type":"BreadcrumbList","@id":"https:\/\/www.suno.com.br\/noticias\/kora-saude-protocola-registro-de-abertura-inicial-de-capital-na-cvm\/#breadcrumb","itemListElement":[{"@type":"ListItem","position":1,"name":"Not\u00edcias","item":"https:\/\/www.suno.com.br\/noticias\/"},{"@type":"ListItem","position":2,"name":"Neg\u00f3cios","item":"https:\/\/www.suno.com.br\/noticias\/negocios\/"},{"@type":"ListItem","position":3,"name":"Kora Sa\u00fade protocola registro de abertura inicial de capital na CVM"}]},{"@type":"WebSite","@id":"https:\/\/www.suno.com.br\/noticias\/#website","url":"https:\/\/www.suno.com.br\/noticias\/","name":"Suno Not\u00edcias","description":"Seu portal de informa\u00e7\u00e3o sobre o mundo dos investimentos","publisher":{"@id":"https:\/\/www.suno.com.br\/noticias\/#organization"},"potentialAction":[{"@type":"SearchAction","target":{"@type":"EntryPoint","urlTemplate":"https:\/\/www.suno.com.br\/noticias\/?s={search_term_string}"},"query-input":{"@type":"PropertyValueSpecification","valueRequired":true,"valueName":"search_term_string"}}],"inLanguage":"pt-BR"},{"@type":"Organization","@id":"https:\/\/www.suno.com.br\/noticias\/#organization","name":"Suno Not\u00edcias","url":"https:\/\/www.suno.com.br\/noticias\/","logo":{"@type":"ImageObject","inLanguage":"pt-BR","@id":"https:\/\/www.suno.com.br\/noticias\/#\/schema\/logo\/image\/","url":"https:\/\/files.sunoresearch.com.br\/n\/uploads\/2021\/09\/suno-logo.png","contentUrl":"https:\/\/files.sunoresearch.com.br\/n\/uploads\/2021\/09\/suno-logo.png","width":180,"height":180,"caption":"Suno Not\u00edcias"},"image":{"@id":"https:\/\/www.suno.com.br\/noticias\/#\/schema\/logo\/image\/"},"sameAs":["https:\/\/facebook.com\/sunoresearch","https:\/\/x.com\/sunoresearch","https:\/\/www.instagram.com\/suno","https:\/\/www.linkedin.com\/company\/suno-research\/","https:\/\/www.youtube.com\/c\/sunoresearch"]},{"@type":"Person","@id":"https:\/\/www.suno.com.br\/noticias\/#\/schema\/person\/658d5fbc74d81f265f5df3562d0038ab","name":"Vitor Azevedo","image":{"@type":"ImageObject","inLanguage":"pt-BR","@id":"https:\/\/www.suno.com.br\/noticias\/#\/schema\/person\/image\/","url":"https:\/\/secure.gravatar.com\/avatar\/62b86195291b446fe380824eb28b99a5?s=96&r=g","contentUrl":"https:\/\/secure.gravatar.com\/avatar\/62b86195291b446fe380824eb28b99a5?s=96&r=g","caption":"Vitor Azevedo"},"description":"Formado em jornalismo pela Unesp, escreve sobre economia e neg\u00f3cios para a Suno Not\u00edcias.","url":"https:\/\/www.suno.com.br\/noticias\/author\/vitor-azevedo\/"}]}},"default_loop_html":"<div class=\"cardsPage__listCard__boxs\"><div class=\"cardsPage__listCard__boxs__img\"><a href=\"https:\/\/www.suno.com.br\/noticias\/kora-saude-protocola-registro-de-abertura-inicial-de-capital-na-cvm\/\"><img class=\"mask\" src=\"https:\/\/www.suno.com.br\/noticias\/wp-content\/themes\/suno\/resources\/images\/spotlight\/spotlight1img\/bg-mask.png\" alt=\"Image Mask\"\/><img src=\"https:\/\/files.sunoresearch.com.br\/n\/uploads\/2021\/02\/a171351a-korasaude-400x200.webp\" alt=\"Kora Sa\u00fade protocola registro de abertura inicial de capital na CVM\"\/><\/a><span class=\"spotlightCategory\"><a href=\"https:\/\/www.suno.com.br\/noticias\/negocios\/\">Neg\u00f3cios<\/a><\/span><\/div><div class=\"cardsPage__listCard__boxs__content\"><a href=\"https:\/\/www.suno.com.br\/noticias\/kora-saude-protocola-registro-de-abertura-inicial-de-capital-na-cvm\/\"><h2 class=\"content__title\">Kora Sa\u00fade protocola registro de abertura inicial de capital na CVM<\/h2><\/a><div class=\"newsContent__article__meta\"><div class=\"newsContent__article__meta__authorBox\"><a href=\"https:\/\/www.suno.com.br\/noticias\/author\/vitor-azevedo\/\" class=\"authorBox__avatar noMobi\"><img src=\"https:\/\/secure.gravatar.com\/avatar\/62b86195291b446fe380824eb28b99a5?s=96&#038;r=g\" alt=\"Vitor Azevedo\"><\/a><div class=\"authorBox__name\"><span>por\n\t\t\t<a href=\"https:\/\/www.suno.com.br\/noticias\/author\/vitor-azevedo\/\"><span itemprop=\"author\">Vitor Azevedo<\/span><\/a><\/span><time datetime=\"2021-02-25T14:36:27-03:00\" itemprop=\"datePublished\">25\/02\/2021 14:36<\/time><\/div><\/div><\/div><\/div><\/div>","single_layout":"posts","amp_enabled":true,"_links":{"self":[{"href":"https:\/\/www.suno.com.br\/noticias\/wp-json\/wp\/v2\/posts\/126649"}],"collection":[{"href":"https:\/\/www.suno.com.br\/noticias\/wp-json\/wp\/v2\/posts"}],"about":[{"href":"https:\/\/www.suno.com.br\/noticias\/wp-json\/wp\/v2\/types\/post"}],"author":[{"embeddable":true,"href":"https:\/\/www.suno.com.br\/noticias\/wp-json\/wp\/v2\/users\/59"}],"replies":[{"embeddable":true,"href":"https:\/\/www.suno.com.br\/noticias\/wp-json\/wp\/v2\/comments?post=126649"}],"version-history":[{"count":2,"href":"https:\/\/www.suno.com.br\/noticias\/wp-json\/wp\/v2\/posts\/126649\/revisions"}],"predecessor-version":[{"id":128880,"href":"https:\/\/www.suno.com.br\/noticias\/wp-json\/wp\/v2\/posts\/126649\/revisions\/128880"}],"wp:featuredmedia":[{"embeddable":true,"href":"https:\/\/www.suno.com.br\/noticias\/wp-json\/wp\/v2\/media\/126664"}],"wp:attachment":[{"href":"https:\/\/www.suno.com.br\/noticias\/wp-json\/wp\/v2\/media?parent=126649"}],"wp:term":[{"taxonomy":"category","embeddable":true,"href":"https:\/\/www.suno.com.br\/noticias\/wp-json\/wp\/v2\/categories?post=126649"},{"taxonomy":"post_tag","embeddable":true,"href":"https:\/\/www.suno.com.br\/noticias\/wp-json\/wp\/v2\/tags?post=126649"},{"taxonomy":"suno_strategy","embeddable":true,"href":"https:\/\/www.suno.com.br\/noticias\/wp-json\/wp\/v2\/suno_strategy?post=126649"}],"curies":[{"name":"wp","href":"https:\/\/api.w.org\/{rel}","templated":true}]}}