{"id":12658,"date":"2019-01-22T18:39:51","date_gmt":"2019-01-22T20:39:51","guid":{"rendered":"https:\/\/www.suno.com.br\/noticias\/?p=12658"},"modified":"2019-01-22T18:39:51","modified_gmt":"2019-01-22T20:39:51","slug":"davos-bolsonaro-brasil-acordo-paris","status":"publish","type":"post","link":"https:\/\/www.suno.com.br\/noticias\/davos-bolsonaro-brasil-acordo-paris\/","title":{"rendered":"Em Davos, Bolsonaro diz a executivos que Brasil ficar\u00e1 no Acordo de Paris"},"content":{"rendered":"<p>O presidente Jair Bolsonaro garantiu, em encontro com empres\u00e1rios em Davos, nesta ter\u00e7a (22), que o Brasil n\u00e3o deixar\u00e1 o Acordo do Clima de Paris. A informa\u00e7\u00e3o \u00e9 da Folha de S.Paulo.<\/p>\t<div class=\"wrapper-featured-image\">\n\t\t<figure class=\"spotlightImg\">\n\n\t\t\t<picture>\n\t\t\t\t<source media=\"(max-width: 768px)\" srcset=\"https:\/\/files.sunoresearch.com.br\/n\/uploads\/2018\/12\/06b2f54f-bolsonaro-400x200.webp\">\n\t\t\t\t<img loading=\"lazy\" decoding=\"async\" class=\"newsContent__article__imgCapa lazyloadDisabled newsContent__article__imgCapa--noCaption\" src=\"https:\/\/files.sunoresearch.com.br\/n\/uploads\/2018\/12\/06b2f54f-bolsonaro-800x450.webp\" width=\"800\" height=\"450\" alt=\"Em Davos, Bolsonaro diz a executivos que Brasil ficar\u00e1 no Acordo de Paris\" fetchpriority=high \/>\n\t\t\t<\/picture>\n\n\t\t\t<figcaption class=\"wp-caption-text wp-caption-text--hide\">Bolsonaro afirma que o Brasil n\u00e3o sediar\u00e1 confer\u00eancia clim\u00e1tica da ONU em 2019.<\/figcaption>\n\t\t<\/figure>\n\t<\/div>\n\n\n<p><strong>Bolsonaro<\/strong> se encontra no <a href=\"https:\/\/www.suno.com.br\/artigos\/direto-de-davos\/\"><strong>F\u00f3rum Econ\u00f4mico Mundial<\/strong><\/a>, evento anual que re\u00fane l\u00edderes e investidores do mundo todo. O presidente j\u00e1 havia acenado \u00e0 ideia quando discursou na plen\u00e1ria do F\u00f3rum, mais cedo. Segundo ele, o Brasil pretende estar alinhado aos outros pa\u00edses na busca da diminui\u00e7\u00e3o de C02 e na preserva\u00e7\u00e3o ambiental.<\/p>\n<p><a href=\"https:\/\/www.suno.com.br\/noticias\/bolsonaro-forum-economico-mundial-davos\/\">Saiba mais: F\u00f3rum Econ\u00f4mico Mundial: Confira na \u00edntegra o discurso de Bolsonaro<\/a><\/p>\n<p>&#8220;Somos o pa\u00eds que mais preserva o <strong>meio ambiente<\/strong>. Nenhum outro pa\u00eds do mundo tem tantas florestas como n\u00f3s&#8221;, declarou <strong>Bolsonaro<\/strong>. &#8220;Nossa miss\u00e3o agora \u00e9 avan\u00e7ar na compatibiliza\u00e7\u00e3o entre a preserva\u00e7\u00e3o do meio ambiente e da biodiversidade com o necess\u00e1rio desenvolvimento econ\u00f4mico, lembrando que s\u00e3o interdependentes e indissoci\u00e1veis.&#8221;<\/p>\n<p>Segundo executivo presente na reuni\u00e3o com <strong>Bolsonaro<\/strong>, segundo a Folha, o presidente foi questionado por representantes de multinacionais acerca de seus planos em rela\u00e7\u00e3o ao <strong>meio ambiente<\/strong> e \u00e0 quest\u00e3o ind\u00edgena.<\/p>\n<p><strong>Bolsonaro<\/strong> chegou a dizer que o Brasil poderia deixar o <strong>Acordo de Paris<\/strong>, tratado clim\u00e1tico assinado por quase todos os pa\u00edses do globo, fechado pela ONU em 2015. Os Estados Unidos, sob a presid\u00eancia de Donald Trump, deixaram o acordo.<\/p>\n<p>Em <strong>Davos<\/strong>, o presidente brasileiro esclareceu sua posi\u00e7\u00e3o, mas disse aos empres\u00e1rios que espera contrapartida pela manuten\u00e7\u00e3o do Brasil no acordo, pelo fato de ser um dos pa\u00edses que menos poluem no mundo.<\/p>\n<h2>Ministro j\u00e1 havia confirmado a manuten\u00e7\u00e3o do Brasil no Acordo de Paris<\/h2>\n<p>O ministro do Meio Ambiente, <strong>Ricardo Salles<\/strong>, j\u00e1 havia declarado neste m\u00eas que Bolsonaro concordou em manter o Pa\u00eds no tratado.<\/p>\n<p><a href=\"https:\/\/www.suno.com.br\/noticias\/meio-ambiente-brasil-acordo-paris\/\">Saiba mais: Ministro do Meio Ambiente diz que Brasil permanecer\u00e1 no Acordo de Paris<\/a><\/p>\n<p>\u201cPor ora, vamos manter a participa\u00e7\u00e3o\u201d, afirmou <strong>Salles<\/strong>. \u201cH\u00e1 pontos importantes, que podem trazer recursos para o pa\u00eds. O acordo est\u00e1 feito. \u00c9 um guarda-chuva com metas de redu\u00e7\u00e3o de emiss\u00e3o para o Brasil e outros pa\u00edses. O problema \u00e9 como internaliza na legisla\u00e7\u00e3o di\u00e1ria, de forma que n\u00e3o restrinja o empreendedorismo. Vamos olhar com cuidado\u201d.<\/p>\n","protected":false},"excerpt":{"rendered":"<p>O presidente Jair Bolsonaro garantiu, em encontro com empres\u00e1rios em Davos, nesta ter\u00e7a (22), que o Brasil n\u00e3o deixar\u00e1 o Acordo do Clima de Paris. A informa\u00e7\u00e3o \u00e9 da Folha de S.Paulo. Bolsonaro afirma que o Brasil n\u00e3o sediar\u00e1 confer\u00eancia clim\u00e1tica da ONU em 2019. Bolsonaro se encontra no F\u00f3rum Econ\u00f4mico Mundial, evento anual que [&hellip;]<\/p>\n","protected":false},"author":13,"featured_media":9072,"comment_status":"closed","ping_status":"closed","sticky":false,"template":"","format":"standard","meta":[],"categories":[63],"tags":[810,972,961,719],"suno_strategy":[],"class_list":["post-12658","post","type-post","status-publish","format-standard","has-post-thumbnail","hentry","category-internacional","tag-acordo-de-paris","tag-davos","tag-forum-economico-mundial","tag-jair-bolsonaro"],"yoast_head":"<!-- This site is optimized with the Yoast SEO plugin v24.4 - https:\/\/yoast.com\/wordpress\/plugins\/seo\/ -->\n<title>Em Davos, Bolsonaro diz a executivos que Brasil ficar\u00e1 no Acordo de Paris<\/title>\n<meta name=\"description\" content=\"Jair Bolsonaro garantiu, em encontro com empres\u00e1rios em Davos, que o Brasil n\u00e3o deixar\u00e1 o Acordo do Clima de Paris. Clique e saiba+\" \/>\n<meta name=\"robots\" content=\"index, follow, max-snippet:-1, max-image-preview:large, max-video-preview:-1\" \/>\n<link rel=\"canonical\" href=\"https:\/\/www.suno.com.br\/noticias\/davos-bolsonaro-brasil-acordo-paris\/\" \/>\n<meta property=\"og:locale\" content=\"pt_BR\" \/>\n<meta property=\"og:type\" content=\"article\" \/>\n<meta property=\"og:title\" content=\"Em Davos, Bolsonaro diz a executivos que Brasil ficar\u00e1 no Acordo de Paris\" \/>\n<meta property=\"og:description\" content=\"Jair Bolsonaro garantiu, em encontro com empres\u00e1rios em Davos, que o Brasil n\u00e3o deixar\u00e1 o Acordo do Clima de Paris. Clique e saiba+\" \/>\n<meta property=\"og:url\" content=\"https:\/\/www.suno.com.br\/noticias\/davos-bolsonaro-brasil-acordo-paris\/\" \/>\n<meta property=\"og:site_name\" content=\"Suno Not\u00edcias\" \/>\n<meta property=\"article:publisher\" content=\"https:\/\/facebook.com\/sunoresearch\" \/>\n<meta property=\"og:image\" content=\"https:\/\/files.sunoresearch.com.br\/n\/uploads\/2018\/12\/06b2f54f-bolsonaro.jpg\" \/>\n\t<meta property=\"og:image:width\" content=\"1140\" \/>\n\t<meta property=\"og:image:height\" content=\"760\" \/>\n\t<meta property=\"og:image:type\" content=\"image\/jpeg\" \/>\n<meta name=\"author\" content=\"Guilherme Caetano\" \/>\n<meta name=\"twitter:card\" content=\"summary_large_image\" \/>\n<meta name=\"twitter:creator\" content=\"@sunoresearch\" \/>\n<meta name=\"twitter:site\" content=\"@sunoresearch\" \/>\n<meta name=\"twitter:label1\" content=\"Escrito por\" \/>\n\t<meta name=\"twitter:data1\" content=\"Guilherme Caetano\" \/>\n\t<meta name=\"twitter:label2\" content=\"Est. tempo de leitura\" \/>\n\t<meta name=\"twitter:data2\" content=\"2 minutos\" \/>\n<script type=\"application\/ld+json\" class=\"yoast-schema-graph\">{\"@context\":\"https:\/\/schema.org\",\"@graph\":[{\"@type\":\"NewsArticle\",\"@id\":\"https:\/\/www.suno.com.br\/noticias\/davos-bolsonaro-brasil-acordo-paris\/#article\",\"isPartOf\":{\"@id\":\"https:\/\/www.suno.com.br\/noticias\/davos-bolsonaro-brasil-acordo-paris\/\"},\"author\":{\"name\":\"Guilherme Caetano\",\"@id\":\"https:\/\/www.suno.com.br\/noticias\/#\/schema\/person\/0d0c9687cd2f600c564f25980c140de9\"},\"headline\":\"Em Davos, Bolsonaro diz a executivos que Brasil ficar\u00e1 no Acordo de Paris\",\"datePublished\":\"2019-01-22T20:39:51+00:00\",\"mainEntityOfPage\":{\"@id\":\"https:\/\/www.suno.com.br\/noticias\/davos-bolsonaro-brasil-acordo-paris\/\"},\"wordCount\":405,\"publisher\":{\"@id\":\"https:\/\/www.suno.com.br\/noticias\/#organization\"},\"image\":{\"@id\":\"https:\/\/www.suno.com.br\/noticias\/davos-bolsonaro-brasil-acordo-paris\/#primaryimage\"},\"thumbnailUrl\":\"https:\/\/files.sunoresearch.com.br\/n\/uploads\/2018\/12\/06b2f54f-bolsonaro-jpg.webp\",\"keywords\":[\"Acordo de Paris\",\"Davos\",\"F\u00f3rum Econ\u00f4mico Mundial\",\"Jair Bolsonaro\"],\"articleSection\":[\"Internacional\"],\"inLanguage\":\"pt-BR\"},{\"@type\":\"WebPage\",\"@id\":\"https:\/\/www.suno.com.br\/noticias\/davos-bolsonaro-brasil-acordo-paris\/\",\"url\":\"https:\/\/www.suno.com.br\/noticias\/davos-bolsonaro-brasil-acordo-paris\/\",\"name\":\"Em Davos, Bolsonaro diz a executivos que Brasil ficar\u00e1 no Acordo de Paris\",\"isPartOf\":{\"@id\":\"https:\/\/www.suno.com.br\/noticias\/#website\"},\"primaryImageOfPage\":{\"@id\":\"https:\/\/www.suno.com.br\/noticias\/davos-bolsonaro-brasil-acordo-paris\/#primaryimage\"},\"image\":{\"@id\":\"https:\/\/www.suno.com.br\/noticias\/davos-bolsonaro-brasil-acordo-paris\/#primaryimage\"},\"thumbnailUrl\":\"https:\/\/files.sunoresearch.com.br\/n\/uploads\/2018\/12\/06b2f54f-bolsonaro-jpg.webp\",\"datePublished\":\"2019-01-22T20:39:51+00:00\",\"description\":\"Jair Bolsonaro garantiu, em encontro com empres\u00e1rios em Davos, que o Brasil n\u00e3o deixar\u00e1 o Acordo do Clima de Paris. Clique e saiba+\",\"breadcrumb\":{\"@id\":\"https:\/\/www.suno.com.br\/noticias\/davos-bolsonaro-brasil-acordo-paris\/#breadcrumb\"},\"inLanguage\":\"pt-BR\",\"potentialAction\":[{\"@type\":\"ReadAction\",\"target\":[\"https:\/\/www.suno.com.br\/noticias\/davos-bolsonaro-brasil-acordo-paris\/\"]}]},{\"@type\":\"ImageObject\",\"inLanguage\":\"pt-BR\",\"@id\":\"https:\/\/www.suno.com.br\/noticias\/davos-bolsonaro-brasil-acordo-paris\/#primaryimage\",\"url\":\"https:\/\/files.sunoresearch.com.br\/n\/uploads\/2018\/12\/06b2f54f-bolsonaro-jpg.webp\",\"contentUrl\":\"https:\/\/files.sunoresearch.com.br\/n\/uploads\/2018\/12\/06b2f54f-bolsonaro-jpg.webp\",\"width\":1140,\"height\":760,\"caption\":\"Bolsonaro afirma que o Brasil n\u00e3o sediar\u00e1 confer\u00eancia clim\u00e1tica da ONU em 2019.\"},{\"@type\":\"BreadcrumbList\",\"@id\":\"https:\/\/www.suno.com.br\/noticias\/davos-bolsonaro-brasil-acordo-paris\/#breadcrumb\",\"itemListElement\":[{\"@type\":\"ListItem\",\"position\":1,\"name\":\"Not\u00edcias\",\"item\":\"https:\/\/www.suno.com.br\/noticias\/\"},{\"@type\":\"ListItem\",\"position\":2,\"name\":\"Internacional\",\"item\":\"https:\/\/www.suno.com.br\/noticias\/internacional\/\"},{\"@type\":\"ListItem\",\"position\":3,\"name\":\"Em Davos, Bolsonaro diz a executivos que Brasil ficar\u00e1 no Acordo de Paris\"}]},{\"@type\":\"WebSite\",\"@id\":\"https:\/\/www.suno.com.br\/noticias\/#website\",\"url\":\"https:\/\/www.suno.com.br\/noticias\/\",\"name\":\"Suno Not\u00edcias\",\"description\":\"Seu portal de informa\u00e7\u00e3o sobre o mundo dos investimentos\",\"publisher\":{\"@id\":\"https:\/\/www.suno.com.br\/noticias\/#organization\"},\"potentialAction\":[{\"@type\":\"SearchAction\",\"target\":{\"@type\":\"EntryPoint\",\"urlTemplate\":\"https:\/\/www.suno.com.br\/noticias\/?s={search_term_string}\"},\"query-input\":{\"@type\":\"PropertyValueSpecification\",\"valueRequired\":true,\"valueName\":\"search_term_string\"}}],\"inLanguage\":\"pt-BR\"},{\"@type\":\"Organization\",\"@id\":\"https:\/\/www.suno.com.br\/noticias\/#organization\",\"name\":\"Suno Not\u00edcias\",\"url\":\"https:\/\/www.suno.com.br\/noticias\/\",\"logo\":{\"@type\":\"ImageObject\",\"inLanguage\":\"pt-BR\",\"@id\":\"https:\/\/www.suno.com.br\/noticias\/#\/schema\/logo\/image\/\",\"url\":\"https:\/\/files.sunoresearch.com.br\/n\/uploads\/2021\/09\/suno-logo.png\",\"contentUrl\":\"https:\/\/files.sunoresearch.com.br\/n\/uploads\/2021\/09\/suno-logo.png\",\"width\":180,\"height\":180,\"caption\":\"Suno Not\u00edcias\"},\"image\":{\"@id\":\"https:\/\/www.suno.com.br\/noticias\/#\/schema\/logo\/image\/\"},\"sameAs\":[\"https:\/\/facebook.com\/sunoresearch\",\"https:\/\/x.com\/sunoresearch\",\"https:\/\/www.instagram.com\/suno\",\"https:\/\/www.linkedin.com\/company\/suno-research\/\",\"https:\/\/www.youtube.com\/c\/sunoresearch\"]},{\"@type\":\"Person\",\"@id\":\"https:\/\/www.suno.com.br\/noticias\/#\/schema\/person\/0d0c9687cd2f600c564f25980c140de9\",\"name\":\"Guilherme Caetano\",\"image\":{\"@type\":\"ImageObject\",\"inLanguage\":\"pt-BR\",\"@id\":\"https:\/\/www.suno.com.br\/noticias\/#\/schema\/person\/image\/\",\"url\":\"https:\/\/secure.gravatar.com\/avatar\/e48357351a01702a0d19307070e081bf?s=96&r=g\",\"contentUrl\":\"https:\/\/secure.gravatar.com\/avatar\/e48357351a01702a0d19307070e081bf?s=96&r=g\",\"caption\":\"Guilherme Caetano\"},\"description\":\"Formado em jornalismo pela Escola de Comunica\u00e7\u00f5es e Artes da USP, Guilherme Caetano escreve para o portal de not\u00edcias da Suno Research. Passou pelas reda\u00e7\u00f5es da Folha de S.Paulo e da revista \u00c9poca.\",\"url\":\"https:\/\/www.suno.com.br\/noticias\/author\/guilherme-caetano\/\"}]}<\/script>\n<!-- \/ Yoast SEO plugin. -->","yoast_head_json":{"title":"Em Davos, Bolsonaro diz a executivos que Brasil ficar\u00e1 no Acordo de Paris","description":"Jair Bolsonaro garantiu, em encontro com empres\u00e1rios em Davos, que o Brasil n\u00e3o deixar\u00e1 o Acordo do Clima de Paris. Clique e saiba+","robots":{"index":"index","follow":"follow","max-snippet":"max-snippet:-1","max-image-preview":"max-image-preview:large","max-video-preview":"max-video-preview:-1"},"canonical":"https:\/\/www.suno.com.br\/noticias\/davos-bolsonaro-brasil-acordo-paris\/","og_locale":"pt_BR","og_type":"article","og_title":"Em Davos, Bolsonaro diz a executivos que Brasil ficar\u00e1 no Acordo de Paris","og_description":"Jair Bolsonaro garantiu, em encontro com empres\u00e1rios em Davos, que o Brasil n\u00e3o deixar\u00e1 o Acordo do Clima de Paris. Clique e saiba+","og_url":"https:\/\/www.suno.com.br\/noticias\/davos-bolsonaro-brasil-acordo-paris\/","og_site_name":"Suno Not\u00edcias","article_publisher":"https:\/\/facebook.com\/sunoresearch","og_image":[{"width":1140,"height":760,"url":"https:\/\/files.sunoresearch.com.br\/n\/uploads\/2018\/12\/06b2f54f-bolsonaro.jpg","type":"image\/jpeg"}],"author":"Guilherme Caetano","twitter_card":"summary_large_image","twitter_creator":"@sunoresearch","twitter_site":"@sunoresearch","twitter_misc":{"Escrito por":"Guilherme Caetano","Est. tempo de leitura":"2 minutos"},"schema":{"@context":"https:\/\/schema.org","@graph":[{"@type":"NewsArticle","@id":"https:\/\/www.suno.com.br\/noticias\/davos-bolsonaro-brasil-acordo-paris\/#article","isPartOf":{"@id":"https:\/\/www.suno.com.br\/noticias\/davos-bolsonaro-brasil-acordo-paris\/"},"author":{"name":"Guilherme Caetano","@id":"https:\/\/www.suno.com.br\/noticias\/#\/schema\/person\/0d0c9687cd2f600c564f25980c140de9"},"headline":"Em Davos, Bolsonaro diz a executivos que Brasil ficar\u00e1 no Acordo de Paris","datePublished":"2019-01-22T20:39:51+00:00","mainEntityOfPage":{"@id":"https:\/\/www.suno.com.br\/noticias\/davos-bolsonaro-brasil-acordo-paris\/"},"wordCount":405,"publisher":{"@id":"https:\/\/www.suno.com.br\/noticias\/#organization"},"image":{"@id":"https:\/\/www.suno.com.br\/noticias\/davos-bolsonaro-brasil-acordo-paris\/#primaryimage"},"thumbnailUrl":"https:\/\/files.sunoresearch.com.br\/n\/uploads\/2018\/12\/06b2f54f-bolsonaro-jpg.webp","keywords":["Acordo de Paris","Davos","F\u00f3rum Econ\u00f4mico Mundial","Jair Bolsonaro"],"articleSection":["Internacional"],"inLanguage":"pt-BR"},{"@type":"WebPage","@id":"https:\/\/www.suno.com.br\/noticias\/davos-bolsonaro-brasil-acordo-paris\/","url":"https:\/\/www.suno.com.br\/noticias\/davos-bolsonaro-brasil-acordo-paris\/","name":"Em Davos, Bolsonaro diz a executivos que Brasil ficar\u00e1 no Acordo de Paris","isPartOf":{"@id":"https:\/\/www.suno.com.br\/noticias\/#website"},"primaryImageOfPage":{"@id":"https:\/\/www.suno.com.br\/noticias\/davos-bolsonaro-brasil-acordo-paris\/#primaryimage"},"image":{"@id":"https:\/\/www.suno.com.br\/noticias\/davos-bolsonaro-brasil-acordo-paris\/#primaryimage"},"thumbnailUrl":"https:\/\/files.sunoresearch.com.br\/n\/uploads\/2018\/12\/06b2f54f-bolsonaro-jpg.webp","datePublished":"2019-01-22T20:39:51+00:00","description":"Jair Bolsonaro garantiu, em encontro com empres\u00e1rios em Davos, que o Brasil n\u00e3o deixar\u00e1 o Acordo do Clima de Paris. Clique e saiba+","breadcrumb":{"@id":"https:\/\/www.suno.com.br\/noticias\/davos-bolsonaro-brasil-acordo-paris\/#breadcrumb"},"inLanguage":"pt-BR","potentialAction":[{"@type":"ReadAction","target":["https:\/\/www.suno.com.br\/noticias\/davos-bolsonaro-brasil-acordo-paris\/"]}]},{"@type":"ImageObject","inLanguage":"pt-BR","@id":"https:\/\/www.suno.com.br\/noticias\/davos-bolsonaro-brasil-acordo-paris\/#primaryimage","url":"https:\/\/files.sunoresearch.com.br\/n\/uploads\/2018\/12\/06b2f54f-bolsonaro-jpg.webp","contentUrl":"https:\/\/files.sunoresearch.com.br\/n\/uploads\/2018\/12\/06b2f54f-bolsonaro-jpg.webp","width":1140,"height":760,"caption":"Bolsonaro afirma que o Brasil n\u00e3o sediar\u00e1 confer\u00eancia clim\u00e1tica da ONU em 2019."},{"@type":"BreadcrumbList","@id":"https:\/\/www.suno.com.br\/noticias\/davos-bolsonaro-brasil-acordo-paris\/#breadcrumb","itemListElement":[{"@type":"ListItem","position":1,"name":"Not\u00edcias","item":"https:\/\/www.suno.com.br\/noticias\/"},{"@type":"ListItem","position":2,"name":"Internacional","item":"https:\/\/www.suno.com.br\/noticias\/internacional\/"},{"@type":"ListItem","position":3,"name":"Em Davos, Bolsonaro diz a executivos que Brasil ficar\u00e1 no Acordo de Paris"}]},{"@type":"WebSite","@id":"https:\/\/www.suno.com.br\/noticias\/#website","url":"https:\/\/www.suno.com.br\/noticias\/","name":"Suno Not\u00edcias","description":"Seu portal de informa\u00e7\u00e3o sobre o mundo dos investimentos","publisher":{"@id":"https:\/\/www.suno.com.br\/noticias\/#organization"},"potentialAction":[{"@type":"SearchAction","target":{"@type":"EntryPoint","urlTemplate":"https:\/\/www.suno.com.br\/noticias\/?s={search_term_string}"},"query-input":{"@type":"PropertyValueSpecification","valueRequired":true,"valueName":"search_term_string"}}],"inLanguage":"pt-BR"},{"@type":"Organization","@id":"https:\/\/www.suno.com.br\/noticias\/#organization","name":"Suno Not\u00edcias","url":"https:\/\/www.suno.com.br\/noticias\/","logo":{"@type":"ImageObject","inLanguage":"pt-BR","@id":"https:\/\/www.suno.com.br\/noticias\/#\/schema\/logo\/image\/","url":"https:\/\/files.sunoresearch.com.br\/n\/uploads\/2021\/09\/suno-logo.png","contentUrl":"https:\/\/files.sunoresearch.com.br\/n\/uploads\/2021\/09\/suno-logo.png","width":180,"height":180,"caption":"Suno Not\u00edcias"},"image":{"@id":"https:\/\/www.suno.com.br\/noticias\/#\/schema\/logo\/image\/"},"sameAs":["https:\/\/facebook.com\/sunoresearch","https:\/\/x.com\/sunoresearch","https:\/\/www.instagram.com\/suno","https:\/\/www.linkedin.com\/company\/suno-research\/","https:\/\/www.youtube.com\/c\/sunoresearch"]},{"@type":"Person","@id":"https:\/\/www.suno.com.br\/noticias\/#\/schema\/person\/0d0c9687cd2f600c564f25980c140de9","name":"Guilherme Caetano","image":{"@type":"ImageObject","inLanguage":"pt-BR","@id":"https:\/\/www.suno.com.br\/noticias\/#\/schema\/person\/image\/","url":"https:\/\/secure.gravatar.com\/avatar\/e48357351a01702a0d19307070e081bf?s=96&r=g","contentUrl":"https:\/\/secure.gravatar.com\/avatar\/e48357351a01702a0d19307070e081bf?s=96&r=g","caption":"Guilherme Caetano"},"description":"Formado em jornalismo pela Escola de Comunica\u00e7\u00f5es e Artes da USP, Guilherme Caetano escreve para o portal de not\u00edcias da Suno Research. Passou pelas reda\u00e7\u00f5es da Folha de S.Paulo e da revista \u00c9poca.","url":"https:\/\/www.suno.com.br\/noticias\/author\/guilherme-caetano\/"}]}},"default_loop_html":"<div class=\"cardsPage__listCard__boxs\"><div class=\"cardsPage__listCard__boxs__img\"><a href=\"https:\/\/www.suno.com.br\/noticias\/davos-bolsonaro-brasil-acordo-paris\/\"><img class=\"mask\" src=\"https:\/\/www.suno.com.br\/noticias\/wp-content\/themes\/suno\/resources\/images\/spotlight\/spotlight1img\/bg-mask.png\" alt=\"Image Mask\"\/><img src=\"https:\/\/files.sunoresearch.com.br\/n\/uploads\/2018\/12\/06b2f54f-bolsonaro-400x200.webp\" alt=\"Em Davos, Bolsonaro diz a executivos que Brasil ficar\u00e1 no Acordo de Paris\"\/><\/a><span class=\"spotlightCategory\"><a href=\"https:\/\/www.suno.com.br\/noticias\/internacional\/\">Internacional<\/a><\/span><\/div><div class=\"cardsPage__listCard__boxs__content\"><a href=\"https:\/\/www.suno.com.br\/noticias\/davos-bolsonaro-brasil-acordo-paris\/\"><h2 class=\"content__title\">Em Davos, Bolsonaro diz a executivos que Brasil ficar\u00e1 no Acordo de Paris<\/h2><\/a><div class=\"newsContent__article__meta\"><div class=\"newsContent__article__meta__authorBox\"><a href=\"https:\/\/www.suno.com.br\/noticias\/author\/guilherme-caetano\/\" class=\"authorBox__avatar noMobi\"><img src=\"https:\/\/secure.gravatar.com\/avatar\/e48357351a01702a0d19307070e081bf?s=96&#038;r=g\" alt=\"Guilherme Caetano\"><\/a><div class=\"authorBox__name\"><span>por\n\t\t\t<a href=\"https:\/\/www.suno.com.br\/noticias\/author\/guilherme-caetano\/\"><span itemprop=\"author\">Guilherme Caetano<\/span><\/a><\/span><time datetime=\"2019-01-22T18:39:51-02:00\" itemprop=\"datePublished\">22\/01\/2019 18:39<\/time><\/div><\/div><\/div><\/div><\/div>","single_layout":"posts","amp_enabled":true,"_links":{"self":[{"href":"https:\/\/www.suno.com.br\/noticias\/wp-json\/wp\/v2\/posts\/12658"}],"collection":[{"href":"https:\/\/www.suno.com.br\/noticias\/wp-json\/wp\/v2\/posts"}],"about":[{"href":"https:\/\/www.suno.com.br\/noticias\/wp-json\/wp\/v2\/types\/post"}],"author":[{"embeddable":true,"href":"https:\/\/www.suno.com.br\/noticias\/wp-json\/wp\/v2\/users\/13"}],"replies":[{"embeddable":true,"href":"https:\/\/www.suno.com.br\/noticias\/wp-json\/wp\/v2\/comments?post=12658"}],"version-history":[{"count":0,"href":"https:\/\/www.suno.com.br\/noticias\/wp-json\/wp\/v2\/posts\/12658\/revisions"}],"wp:featuredmedia":[{"embeddable":true,"href":"https:\/\/www.suno.com.br\/noticias\/wp-json\/wp\/v2\/media\/9072"}],"wp:attachment":[{"href":"https:\/\/www.suno.com.br\/noticias\/wp-json\/wp\/v2\/media?parent=12658"}],"wp:term":[{"taxonomy":"category","embeddable":true,"href":"https:\/\/www.suno.com.br\/noticias\/wp-json\/wp\/v2\/categories?post=12658"},{"taxonomy":"post_tag","embeddable":true,"href":"https:\/\/www.suno.com.br\/noticias\/wp-json\/wp\/v2\/tags?post=12658"},{"taxonomy":"suno_strategy","embeddable":true,"href":"https:\/\/www.suno.com.br\/noticias\/wp-json\/wp\/v2\/suno_strategy?post=12658"}],"curies":[{"name":"wp","href":"https:\/\/api.w.org\/{rel}","templated":true}]}}