{"id":12631,"date":"2019-01-22T14:17:26","date_gmt":"2019-01-22T16:17:26","guid":{"rendered":"https:\/\/www.suno.com.br\/noticias\/?p=12631"},"modified":"2019-01-22T14:17:26","modified_gmt":"2019-01-22T16:17:26","slug":"flavio-bolsonaro-suspeito-comandar-milicia","status":"publish","type":"post","link":"https:\/\/www.suno.com.br\/noticias\/flavio-bolsonaro-suspeito-comandar-milicia\/","title":{"rendered":"Fl\u00e1vio Bolsonaro empregou familiares de suspeito de comandar mil\u00edcia"},"content":{"rendered":"<p>O senador eleito Fl\u00e1vio Bolsonaro empregou em seu gabinete na Assembleia Legislativa do Estado do Rio de Janeiro (Alerj) a m\u00e3e e a esposa do capit\u00e3o Adriano Magalh\u00e3es da N\u00f3brega. Ele \u00e9 suspeito de comandar mil\u00edcia no Rio de Janeiro.<\/p>\t<div class=\"wrapper-featured-image\">\n\t\t<figure class=\"spotlightImg\">\n\n\t\t\t<picture>\n\t\t\t\t<source media=\"(max-width: 768px)\" srcset=\"https:\/\/files.sunoresearch.com.br\/n\/uploads\/2018\/12\/23852f20-bolsonaro-400x200.webp\">\n\t\t\t\t<img loading=\"lazy\" decoding=\"async\" class=\"newsContent__article__imgCapa lazyloadDisabled newsContent__article__imgCapa--noCaption\" src=\"https:\/\/files.sunoresearch.com.br\/n\/uploads\/2018\/12\/23852f20-bolsonaro-800x450.webp\" width=\"800\" height=\"450\" alt=\"Fl\u00e1vio Bolsonaro empregou familiares de suspeito de comandar mil\u00edcia\" fetchpriority=high \/>\n\t\t\t<\/picture>\n\n\t\t\t<figcaption class=\"wp-caption-text wp-caption-text--hide\"><\/figcaption>\n\t\t<\/figure>\n\t<\/div>\n\n\n<p>Raimunda Veras Magalh\u00e3es e Danielle Mendon\u00e7a da Costa da N\u00f3brega ficaram empregadas at\u00e9 novembro de 2018 no gabinete de <strong>Fl\u00e1vio Bolsonaro<\/strong>. Elas ganhavam R$ 6.490,35.<\/p>\n<p>O nome de Raimunda consta no relat\u00f3rio do <a href=\"https:\/\/www.suno.com.br\/noticias\/flavio-bolsonaro-coaf\/\">Conselho de Controle de Atividades Financeiras (<strong>Coaf<\/strong>)<\/a> que identificou movimenta\u00e7\u00f5es suspeitas do ex-assessor de <strong>Fl\u00e1vio<\/strong>, <strong>Fabr\u00edcio Queiroz<\/strong>. Segundo o documento, ela repassou R$ 4.600 para a conta de <strong>Queiroz<\/strong>.<\/p>\n<p><strong>Fl\u00e1vio<\/strong> homenageou Adriano duas vezes na Alerj. &#8220;Dedica\u00e7\u00e3o, brilhantismo e galhardia&#8221; foram palavras usadas por ele para elogiar a atua\u00e7\u00e3o do policial militar<\/p>\n<p><a href=\"https:\/\/www.suno.com.br\/noticias\/comprador-dinheiro-vivo-flavio-bolsonaro\/\">Saiba mais: Comprador diz que pagou R$ 100 mil em dinheiro vivo a Fl\u00e1vio Bolsonaro<\/a><\/p>\n<h2>Fl\u00e1vio Bolsonaro se manifesta<\/h2>\n<p><strong>Fl\u00e1vio Bolsonaro<\/strong> se manifestou sobre o caso na tarde desta ter\u00e7a (22). Em seu Twitter, o senador eleito e filho do presidente <strong>Jair Bolsonaro<\/strong> disse que &#8220;continua a ser v\u00edtima de uma campanha difamat\u00f3ria&#8221; <a href=\"https:\/\/www.suno.com.br\/noticias\/flavio-bolsonaro-planalto-cautela\/\">contra o governo de seu pai<\/a>.<\/p>\n<p class=\"twitter-tweet\" data-lang=\"pt\">\n<p dir=\"ltr\" lang=\"pt\">Nota \u00e0 Imprensa <a href=\"https:\/\/t.co\/bIOsbpKeCM\">pic.twitter.com\/bIOsbpKeCM<\/a><\/p>\n<p>\u2014 Flavio Bolsonaro (@FlavioBolsonaro) <a href=\"https:\/\/twitter.com\/FlavioBolsonaro\/status\/1087712395475206147?ref_src=twsrc%5Etfw\">22 de janeiro de 2019<\/a><\/p>\n<p><script async src=\"https:\/\/platform.twitter.com\/widgets.js\" charset=\"utf-8\"><\/script><\/p>\n<p><em>&#8220;Nota \u00e0 imprensa<\/em><\/p>\n<p><em>Continuo a ser v\u00edtima de uma campanha difamat\u00f3ria com o objetivo de atingir o governo de <strong>Jair Bolsonaro<\/strong>. A funcion\u00e1ria que aparece no relat\u00f3rio do <strong>Coaf<\/strong> foi contratada por indica\u00e7\u00e3o do ex-assessor <strong>Fabr\u00edcio Queiroz<\/strong>, que era quem supervisionava seu trabalho. N\u00e3o posso ser responsabilizado por atos que desconhe\u00e7o, s\u00f3 agora revelados com informa\u00e7\u00f5es desse \u00f3rg\u00e3o.<\/em><\/p>\n<p><em>Tenho sido enf\u00e1tico para que tudo seja apurado e os respons\u00e1veis sejam julgados na forma da lei.<\/em><\/p>\n<p><em>Quanto ao parentesco constatado da funcion\u00e1ria, que \u00e9 m\u00e3e de um foragido, j\u00e1 condenado pela Justi\u00e7a, reafirmo que \u00e9 mais uma ila\u00e7\u00e3o irrespons\u00e1vel daqueles que pretendem me difamar.<\/em><\/p>\n<p><em>Quanto a homenagens prestadas a militares, sempre atuei na defesa de agentes de seguran\u00e7a p\u00fablica e j\u00e1 concedi centenas de outras homenagens.<\/em><\/p>\n<p><em>Aqueles que cometem erros devem responder por seus atos.&#8221;<\/em><\/p>\n<p>&nbsp;<\/p>\n","protected":false},"excerpt":{"rendered":"<p>O senador eleito Fl\u00e1vio Bolsonaro empregou em seu gabinete na Assembleia Legislativa do Estado do Rio de Janeiro (Alerj) a m\u00e3e e a esposa do capit\u00e3o Adriano Magalh\u00e3es da N\u00f3brega. Ele \u00e9 suspeito de comandar mil\u00edcia no Rio de Janeiro. Raimunda Veras Magalh\u00e3es e Danielle Mendon\u00e7a da Costa da N\u00f3brega ficaram empregadas at\u00e9 novembro de [&hellip;]<\/p>\n","protected":false},"author":13,"featured_media":8687,"comment_status":"closed","ping_status":"closed","sticky":false,"template":"","format":"standard","meta":[],"categories":[61],"tags":[836,719],"suno_strategy":[],"class_list":["post-12631","post","type-post","status-publish","format-standard","has-post-thumbnail","hentry","category-politica","tag-coaf","tag-jair-bolsonaro"],"yoast_head":"<!-- This site is optimized with the Yoast SEO plugin v24.4 - https:\/\/yoast.com\/wordpress\/plugins\/seo\/ -->\n<title>Fl\u00e1vio Bolsonaro empregou familiares de suspeito de comandar mil\u00edcia<\/title>\n<meta name=\"description\" content=\"O senador eleito Fl\u00e1vio Bolsonaro empregou em seu gabinete na Alerj a m\u00e3e e a esposa do capit\u00e3o Adriano Magalh\u00e3es da N\u00f3brega. Clique e saiba+\" \/>\n<meta name=\"robots\" content=\"index, follow, max-snippet:-1, max-image-preview:large, max-video-preview:-1\" \/>\n<link rel=\"canonical\" href=\"https:\/\/www.suno.com.br\/noticias\/flavio-bolsonaro-suspeito-comandar-milicia\/\" \/>\n<meta property=\"og:locale\" content=\"pt_BR\" \/>\n<meta property=\"og:type\" content=\"article\" \/>\n<meta property=\"og:title\" content=\"Fl\u00e1vio Bolsonaro empregou familiares de suspeito de comandar mil\u00edcia\" \/>\n<meta property=\"og:description\" content=\"O senador eleito Fl\u00e1vio Bolsonaro empregou em seu gabinete na Alerj a m\u00e3e e a esposa do capit\u00e3o Adriano Magalh\u00e3es da N\u00f3brega. Clique e saiba+\" \/>\n<meta property=\"og:url\" content=\"https:\/\/www.suno.com.br\/noticias\/flavio-bolsonaro-suspeito-comandar-milicia\/\" \/>\n<meta property=\"og:site_name\" content=\"Suno Not\u00edcias\" \/>\n<meta property=\"article:publisher\" content=\"https:\/\/facebook.com\/sunoresearch\" \/>\n<meta property=\"og:image\" content=\"https:\/\/files.sunoresearch.com.br\/n\/uploads\/2018\/12\/23852f20-bolsonaro.jpg\" \/>\n\t<meta property=\"og:image:width\" content=\"1140\" \/>\n\t<meta property=\"og:image:height\" content=\"760\" \/>\n\t<meta property=\"og:image:type\" content=\"image\/jpeg\" \/>\n<meta name=\"author\" content=\"Guilherme Caetano\" \/>\n<meta name=\"twitter:card\" content=\"summary_large_image\" \/>\n<meta name=\"twitter:creator\" content=\"@sunoresearch\" \/>\n<meta name=\"twitter:site\" content=\"@sunoresearch\" \/>\n<meta name=\"twitter:label1\" content=\"Escrito por\" \/>\n\t<meta name=\"twitter:data1\" content=\"Guilherme Caetano\" \/>\n\t<meta name=\"twitter:label2\" content=\"Est. tempo de leitura\" \/>\n\t<meta name=\"twitter:data2\" content=\"2 minutos\" \/>\n<script type=\"application\/ld+json\" class=\"yoast-schema-graph\">{\"@context\":\"https:\/\/schema.org\",\"@graph\":[{\"@type\":\"NewsArticle\",\"@id\":\"https:\/\/www.suno.com.br\/noticias\/flavio-bolsonaro-suspeito-comandar-milicia\/#article\",\"isPartOf\":{\"@id\":\"https:\/\/www.suno.com.br\/noticias\/flavio-bolsonaro-suspeito-comandar-milicia\/\"},\"author\":{\"name\":\"Guilherme Caetano\",\"@id\":\"https:\/\/www.suno.com.br\/noticias\/#\/schema\/person\/0d0c9687cd2f600c564f25980c140de9\"},\"headline\":\"Fl\u00e1vio Bolsonaro empregou familiares de suspeito de comandar mil\u00edcia\",\"datePublished\":\"2019-01-22T16:17:26+00:00\",\"mainEntityOfPage\":{\"@id\":\"https:\/\/www.suno.com.br\/noticias\/flavio-bolsonaro-suspeito-comandar-milicia\/\"},\"wordCount\":375,\"publisher\":{\"@id\":\"https:\/\/www.suno.com.br\/noticias\/#organization\"},\"image\":{\"@id\":\"https:\/\/www.suno.com.br\/noticias\/flavio-bolsonaro-suspeito-comandar-milicia\/#primaryimage\"},\"thumbnailUrl\":\"https:\/\/files.sunoresearch.com.br\/n\/uploads\/2018\/12\/23852f20-bolsonaro-jpg.webp\",\"keywords\":[\"COAF\",\"Jair Bolsonaro\"],\"articleSection\":[\"Pol\u00edtica\"],\"inLanguage\":\"pt-BR\"},{\"@type\":\"WebPage\",\"@id\":\"https:\/\/www.suno.com.br\/noticias\/flavio-bolsonaro-suspeito-comandar-milicia\/\",\"url\":\"https:\/\/www.suno.com.br\/noticias\/flavio-bolsonaro-suspeito-comandar-milicia\/\",\"name\":\"Fl\u00e1vio Bolsonaro empregou familiares de suspeito de comandar mil\u00edcia\",\"isPartOf\":{\"@id\":\"https:\/\/www.suno.com.br\/noticias\/#website\"},\"primaryImageOfPage\":{\"@id\":\"https:\/\/www.suno.com.br\/noticias\/flavio-bolsonaro-suspeito-comandar-milicia\/#primaryimage\"},\"image\":{\"@id\":\"https:\/\/www.suno.com.br\/noticias\/flavio-bolsonaro-suspeito-comandar-milicia\/#primaryimage\"},\"thumbnailUrl\":\"https:\/\/files.sunoresearch.com.br\/n\/uploads\/2018\/12\/23852f20-bolsonaro-jpg.webp\",\"datePublished\":\"2019-01-22T16:17:26+00:00\",\"description\":\"O senador eleito Fl\u00e1vio Bolsonaro empregou em seu gabinete na Alerj a m\u00e3e e a esposa do capit\u00e3o Adriano Magalh\u00e3es da N\u00f3brega. Clique e saiba+\",\"breadcrumb\":{\"@id\":\"https:\/\/www.suno.com.br\/noticias\/flavio-bolsonaro-suspeito-comandar-milicia\/#breadcrumb\"},\"inLanguage\":\"pt-BR\",\"potentialAction\":[{\"@type\":\"ReadAction\",\"target\":[\"https:\/\/www.suno.com.br\/noticias\/flavio-bolsonaro-suspeito-comandar-milicia\/\"]}]},{\"@type\":\"ImageObject\",\"inLanguage\":\"pt-BR\",\"@id\":\"https:\/\/www.suno.com.br\/noticias\/flavio-bolsonaro-suspeito-comandar-milicia\/#primaryimage\",\"url\":\"https:\/\/files.sunoresearch.com.br\/n\/uploads\/2018\/12\/23852f20-bolsonaro-jpg.webp\",\"contentUrl\":\"https:\/\/files.sunoresearch.com.br\/n\/uploads\/2018\/12\/23852f20-bolsonaro-jpg.webp\",\"width\":1140,\"height\":760,\"caption\":\"FGTS\"},{\"@type\":\"BreadcrumbList\",\"@id\":\"https:\/\/www.suno.com.br\/noticias\/flavio-bolsonaro-suspeito-comandar-milicia\/#breadcrumb\",\"itemListElement\":[{\"@type\":\"ListItem\",\"position\":1,\"name\":\"Not\u00edcias\",\"item\":\"https:\/\/www.suno.com.br\/noticias\/\"},{\"@type\":\"ListItem\",\"position\":2,\"name\":\"Pol\u00edtica\",\"item\":\"https:\/\/www.suno.com.br\/noticias\/politica\/\"},{\"@type\":\"ListItem\",\"position\":3,\"name\":\"Fl\u00e1vio Bolsonaro empregou familiares de suspeito de comandar mil\u00edcia\"}]},{\"@type\":\"WebSite\",\"@id\":\"https:\/\/www.suno.com.br\/noticias\/#website\",\"url\":\"https:\/\/www.suno.com.br\/noticias\/\",\"name\":\"Suno Not\u00edcias\",\"description\":\"Seu portal de informa\u00e7\u00e3o sobre o mundo dos investimentos\",\"publisher\":{\"@id\":\"https:\/\/www.suno.com.br\/noticias\/#organization\"},\"potentialAction\":[{\"@type\":\"SearchAction\",\"target\":{\"@type\":\"EntryPoint\",\"urlTemplate\":\"https:\/\/www.suno.com.br\/noticias\/?s={search_term_string}\"},\"query-input\":{\"@type\":\"PropertyValueSpecification\",\"valueRequired\":true,\"valueName\":\"search_term_string\"}}],\"inLanguage\":\"pt-BR\"},{\"@type\":\"Organization\",\"@id\":\"https:\/\/www.suno.com.br\/noticias\/#organization\",\"name\":\"Suno Not\u00edcias\",\"url\":\"https:\/\/www.suno.com.br\/noticias\/\",\"logo\":{\"@type\":\"ImageObject\",\"inLanguage\":\"pt-BR\",\"@id\":\"https:\/\/www.suno.com.br\/noticias\/#\/schema\/logo\/image\/\",\"url\":\"https:\/\/files.sunoresearch.com.br\/n\/uploads\/2021\/09\/suno-logo.png\",\"contentUrl\":\"https:\/\/files.sunoresearch.com.br\/n\/uploads\/2021\/09\/suno-logo.png\",\"width\":180,\"height\":180,\"caption\":\"Suno Not\u00edcias\"},\"image\":{\"@id\":\"https:\/\/www.suno.com.br\/noticias\/#\/schema\/logo\/image\/\"},\"sameAs\":[\"https:\/\/facebook.com\/sunoresearch\",\"https:\/\/x.com\/sunoresearch\",\"https:\/\/www.instagram.com\/suno\",\"https:\/\/www.linkedin.com\/company\/suno-research\/\",\"https:\/\/www.youtube.com\/c\/sunoresearch\"]},{\"@type\":\"Person\",\"@id\":\"https:\/\/www.suno.com.br\/noticias\/#\/schema\/person\/0d0c9687cd2f600c564f25980c140de9\",\"name\":\"Guilherme Caetano\",\"image\":{\"@type\":\"ImageObject\",\"inLanguage\":\"pt-BR\",\"@id\":\"https:\/\/www.suno.com.br\/noticias\/#\/schema\/person\/image\/\",\"url\":\"https:\/\/secure.gravatar.com\/avatar\/e48357351a01702a0d19307070e081bf?s=96&r=g\",\"contentUrl\":\"https:\/\/secure.gravatar.com\/avatar\/e48357351a01702a0d19307070e081bf?s=96&r=g\",\"caption\":\"Guilherme Caetano\"},\"description\":\"Formado em jornalismo pela Escola de Comunica\u00e7\u00f5es e Artes da USP, Guilherme Caetano escreve para o portal de not\u00edcias da Suno Research. Passou pelas reda\u00e7\u00f5es da Folha de S.Paulo e da revista \u00c9poca.\",\"url\":\"https:\/\/www.suno.com.br\/noticias\/author\/guilherme-caetano\/\"}]}<\/script>\n<!-- \/ Yoast SEO plugin. -->","yoast_head_json":{"title":"Fl\u00e1vio Bolsonaro empregou familiares de suspeito de comandar mil\u00edcia","description":"O senador eleito Fl\u00e1vio Bolsonaro empregou em seu gabinete na Alerj a m\u00e3e e a esposa do capit\u00e3o Adriano Magalh\u00e3es da N\u00f3brega. Clique e saiba+","robots":{"index":"index","follow":"follow","max-snippet":"max-snippet:-1","max-image-preview":"max-image-preview:large","max-video-preview":"max-video-preview:-1"},"canonical":"https:\/\/www.suno.com.br\/noticias\/flavio-bolsonaro-suspeito-comandar-milicia\/","og_locale":"pt_BR","og_type":"article","og_title":"Fl\u00e1vio Bolsonaro empregou familiares de suspeito de comandar mil\u00edcia","og_description":"O senador eleito Fl\u00e1vio Bolsonaro empregou em seu gabinete na Alerj a m\u00e3e e a esposa do capit\u00e3o Adriano Magalh\u00e3es da N\u00f3brega. Clique e saiba+","og_url":"https:\/\/www.suno.com.br\/noticias\/flavio-bolsonaro-suspeito-comandar-milicia\/","og_site_name":"Suno Not\u00edcias","article_publisher":"https:\/\/facebook.com\/sunoresearch","og_image":[{"width":1140,"height":760,"url":"https:\/\/files.sunoresearch.com.br\/n\/uploads\/2018\/12\/23852f20-bolsonaro.jpg","type":"image\/jpeg"}],"author":"Guilherme Caetano","twitter_card":"summary_large_image","twitter_creator":"@sunoresearch","twitter_site":"@sunoresearch","twitter_misc":{"Escrito por":"Guilherme Caetano","Est. tempo de leitura":"2 minutos"},"schema":{"@context":"https:\/\/schema.org","@graph":[{"@type":"NewsArticle","@id":"https:\/\/www.suno.com.br\/noticias\/flavio-bolsonaro-suspeito-comandar-milicia\/#article","isPartOf":{"@id":"https:\/\/www.suno.com.br\/noticias\/flavio-bolsonaro-suspeito-comandar-milicia\/"},"author":{"name":"Guilherme Caetano","@id":"https:\/\/www.suno.com.br\/noticias\/#\/schema\/person\/0d0c9687cd2f600c564f25980c140de9"},"headline":"Fl\u00e1vio Bolsonaro empregou familiares de suspeito de comandar mil\u00edcia","datePublished":"2019-01-22T16:17:26+00:00","mainEntityOfPage":{"@id":"https:\/\/www.suno.com.br\/noticias\/flavio-bolsonaro-suspeito-comandar-milicia\/"},"wordCount":375,"publisher":{"@id":"https:\/\/www.suno.com.br\/noticias\/#organization"},"image":{"@id":"https:\/\/www.suno.com.br\/noticias\/flavio-bolsonaro-suspeito-comandar-milicia\/#primaryimage"},"thumbnailUrl":"https:\/\/files.sunoresearch.com.br\/n\/uploads\/2018\/12\/23852f20-bolsonaro-jpg.webp","keywords":["COAF","Jair Bolsonaro"],"articleSection":["Pol\u00edtica"],"inLanguage":"pt-BR"},{"@type":"WebPage","@id":"https:\/\/www.suno.com.br\/noticias\/flavio-bolsonaro-suspeito-comandar-milicia\/","url":"https:\/\/www.suno.com.br\/noticias\/flavio-bolsonaro-suspeito-comandar-milicia\/","name":"Fl\u00e1vio Bolsonaro empregou familiares de suspeito de comandar mil\u00edcia","isPartOf":{"@id":"https:\/\/www.suno.com.br\/noticias\/#website"},"primaryImageOfPage":{"@id":"https:\/\/www.suno.com.br\/noticias\/flavio-bolsonaro-suspeito-comandar-milicia\/#primaryimage"},"image":{"@id":"https:\/\/www.suno.com.br\/noticias\/flavio-bolsonaro-suspeito-comandar-milicia\/#primaryimage"},"thumbnailUrl":"https:\/\/files.sunoresearch.com.br\/n\/uploads\/2018\/12\/23852f20-bolsonaro-jpg.webp","datePublished":"2019-01-22T16:17:26+00:00","description":"O senador eleito Fl\u00e1vio Bolsonaro empregou em seu gabinete na Alerj a m\u00e3e e a esposa do capit\u00e3o Adriano Magalh\u00e3es da N\u00f3brega. Clique e saiba+","breadcrumb":{"@id":"https:\/\/www.suno.com.br\/noticias\/flavio-bolsonaro-suspeito-comandar-milicia\/#breadcrumb"},"inLanguage":"pt-BR","potentialAction":[{"@type":"ReadAction","target":["https:\/\/www.suno.com.br\/noticias\/flavio-bolsonaro-suspeito-comandar-milicia\/"]}]},{"@type":"ImageObject","inLanguage":"pt-BR","@id":"https:\/\/www.suno.com.br\/noticias\/flavio-bolsonaro-suspeito-comandar-milicia\/#primaryimage","url":"https:\/\/files.sunoresearch.com.br\/n\/uploads\/2018\/12\/23852f20-bolsonaro-jpg.webp","contentUrl":"https:\/\/files.sunoresearch.com.br\/n\/uploads\/2018\/12\/23852f20-bolsonaro-jpg.webp","width":1140,"height":760,"caption":"FGTS"},{"@type":"BreadcrumbList","@id":"https:\/\/www.suno.com.br\/noticias\/flavio-bolsonaro-suspeito-comandar-milicia\/#breadcrumb","itemListElement":[{"@type":"ListItem","position":1,"name":"Not\u00edcias","item":"https:\/\/www.suno.com.br\/noticias\/"},{"@type":"ListItem","position":2,"name":"Pol\u00edtica","item":"https:\/\/www.suno.com.br\/noticias\/politica\/"},{"@type":"ListItem","position":3,"name":"Fl\u00e1vio Bolsonaro empregou familiares de suspeito de comandar mil\u00edcia"}]},{"@type":"WebSite","@id":"https:\/\/www.suno.com.br\/noticias\/#website","url":"https:\/\/www.suno.com.br\/noticias\/","name":"Suno Not\u00edcias","description":"Seu portal de informa\u00e7\u00e3o sobre o mundo dos investimentos","publisher":{"@id":"https:\/\/www.suno.com.br\/noticias\/#organization"},"potentialAction":[{"@type":"SearchAction","target":{"@type":"EntryPoint","urlTemplate":"https:\/\/www.suno.com.br\/noticias\/?s={search_term_string}"},"query-input":{"@type":"PropertyValueSpecification","valueRequired":true,"valueName":"search_term_string"}}],"inLanguage":"pt-BR"},{"@type":"Organization","@id":"https:\/\/www.suno.com.br\/noticias\/#organization","name":"Suno Not\u00edcias","url":"https:\/\/www.suno.com.br\/noticias\/","logo":{"@type":"ImageObject","inLanguage":"pt-BR","@id":"https:\/\/www.suno.com.br\/noticias\/#\/schema\/logo\/image\/","url":"https:\/\/files.sunoresearch.com.br\/n\/uploads\/2021\/09\/suno-logo.png","contentUrl":"https:\/\/files.sunoresearch.com.br\/n\/uploads\/2021\/09\/suno-logo.png","width":180,"height":180,"caption":"Suno Not\u00edcias"},"image":{"@id":"https:\/\/www.suno.com.br\/noticias\/#\/schema\/logo\/image\/"},"sameAs":["https:\/\/facebook.com\/sunoresearch","https:\/\/x.com\/sunoresearch","https:\/\/www.instagram.com\/suno","https:\/\/www.linkedin.com\/company\/suno-research\/","https:\/\/www.youtube.com\/c\/sunoresearch"]},{"@type":"Person","@id":"https:\/\/www.suno.com.br\/noticias\/#\/schema\/person\/0d0c9687cd2f600c564f25980c140de9","name":"Guilherme Caetano","image":{"@type":"ImageObject","inLanguage":"pt-BR","@id":"https:\/\/www.suno.com.br\/noticias\/#\/schema\/person\/image\/","url":"https:\/\/secure.gravatar.com\/avatar\/e48357351a01702a0d19307070e081bf?s=96&r=g","contentUrl":"https:\/\/secure.gravatar.com\/avatar\/e48357351a01702a0d19307070e081bf?s=96&r=g","caption":"Guilherme Caetano"},"description":"Formado em jornalismo pela Escola de Comunica\u00e7\u00f5es e Artes da USP, Guilherme Caetano escreve para o portal de not\u00edcias da Suno Research. Passou pelas reda\u00e7\u00f5es da Folha de S.Paulo e da revista \u00c9poca.","url":"https:\/\/www.suno.com.br\/noticias\/author\/guilherme-caetano\/"}]}},"default_loop_html":"<div class=\"cardsPage__listCard__boxs\"><div class=\"cardsPage__listCard__boxs__img\"><a href=\"https:\/\/www.suno.com.br\/noticias\/flavio-bolsonaro-suspeito-comandar-milicia\/\"><img class=\"mask\" src=\"https:\/\/www.suno.com.br\/noticias\/wp-content\/themes\/suno\/resources\/images\/spotlight\/spotlight1img\/bg-mask.png\" alt=\"Image Mask\"\/><img src=\"https:\/\/files.sunoresearch.com.br\/n\/uploads\/2018\/12\/23852f20-bolsonaro-400x200.webp\" alt=\"Fl\u00e1vio Bolsonaro empregou familiares de suspeito de comandar mil\u00edcia\"\/><\/a><span class=\"spotlightCategory\"><a href=\"https:\/\/www.suno.com.br\/noticias\/politica\/\">Pol\u00edtica<\/a><\/span><\/div><div class=\"cardsPage__listCard__boxs__content\"><a href=\"https:\/\/www.suno.com.br\/noticias\/flavio-bolsonaro-suspeito-comandar-milicia\/\"><h2 class=\"content__title\">Fl\u00e1vio Bolsonaro empregou familiares de suspeito de comandar mil\u00edcia<\/h2><\/a><div class=\"newsContent__article__meta\"><div class=\"newsContent__article__meta__authorBox\"><a href=\"https:\/\/www.suno.com.br\/noticias\/author\/guilherme-caetano\/\" class=\"authorBox__avatar noMobi\"><img src=\"https:\/\/secure.gravatar.com\/avatar\/e48357351a01702a0d19307070e081bf?s=96&#038;r=g\" alt=\"Guilherme Caetano\"><\/a><div class=\"authorBox__name\"><span>por\n\t\t\t<a href=\"https:\/\/www.suno.com.br\/noticias\/author\/guilherme-caetano\/\"><span itemprop=\"author\">Guilherme Caetano<\/span><\/a><\/span><time datetime=\"2019-01-22T14:17:26-02:00\" itemprop=\"datePublished\">22\/01\/2019 14:17<\/time><\/div><\/div><\/div><\/div><\/div>","single_layout":"posts","amp_enabled":true,"_links":{"self":[{"href":"https:\/\/www.suno.com.br\/noticias\/wp-json\/wp\/v2\/posts\/12631"}],"collection":[{"href":"https:\/\/www.suno.com.br\/noticias\/wp-json\/wp\/v2\/posts"}],"about":[{"href":"https:\/\/www.suno.com.br\/noticias\/wp-json\/wp\/v2\/types\/post"}],"author":[{"embeddable":true,"href":"https:\/\/www.suno.com.br\/noticias\/wp-json\/wp\/v2\/users\/13"}],"replies":[{"embeddable":true,"href":"https:\/\/www.suno.com.br\/noticias\/wp-json\/wp\/v2\/comments?post=12631"}],"version-history":[{"count":0,"href":"https:\/\/www.suno.com.br\/noticias\/wp-json\/wp\/v2\/posts\/12631\/revisions"}],"wp:featuredmedia":[{"embeddable":true,"href":"https:\/\/www.suno.com.br\/noticias\/wp-json\/wp\/v2\/media\/8687"}],"wp:attachment":[{"href":"https:\/\/www.suno.com.br\/noticias\/wp-json\/wp\/v2\/media?parent=12631"}],"wp:term":[{"taxonomy":"category","embeddable":true,"href":"https:\/\/www.suno.com.br\/noticias\/wp-json\/wp\/v2\/categories?post=12631"},{"taxonomy":"post_tag","embeddable":true,"href":"https:\/\/www.suno.com.br\/noticias\/wp-json\/wp\/v2\/tags?post=12631"},{"taxonomy":"suno_strategy","embeddable":true,"href":"https:\/\/www.suno.com.br\/noticias\/wp-json\/wp\/v2\/suno_strategy?post=12631"}],"curies":[{"name":"wp","href":"https:\/\/api.w.org\/{rel}","templated":true}]}}