{"id":12629,"date":"2019-01-22T14:26:38","date_gmt":"2019-01-22T16:26:38","guid":{"rendered":"https:\/\/www.suno.com.br\/noticias\/?p=12629"},"modified":"2019-01-22T15:09:13","modified_gmt":"2019-01-22T17:09:13","slug":"arabia-saudita-desabilita-exportadores-frango-brasil","status":"publish","type":"post","link":"https:\/\/www.suno.com.br\/noticias\/arabia-saudita-desabilita-exportadores-frango-brasil\/","title":{"rendered":"Ar\u00e1bia Saudita desabilita cinco exportadores de carne de frango do Brasil"},"content":{"rendered":"<p>A Ar\u00e1bia Saudita, desabilitou cinco frigor\u00edficos brasileiros exportadores de sua lista. O pa\u00eds \u00e1rabe \u00e9 o maior importador de carne de frango do Brasil.<\/p>\t<div class=\"wrapper-featured-image\">\n\t\t<figure class=\"spotlightImg\">\n\n\t\t\t<picture>\n\t\t\t\t<source media=\"(max-width: 768px)\" srcset=\"https:\/\/files.sunoresearch.com.br\/n\/uploads\/2019\/01\/a8052dae-arabia-saudita-400x200.webp\">\n\t\t\t\t<img loading=\"lazy\" decoding=\"async\" class=\"newsContent__article__imgCapa lazyloadDisabled newsContent__article__imgCapa--noCaption\" src=\"https:\/\/files.sunoresearch.com.br\/n\/uploads\/2019\/01\/a8052dae-arabia-saudita-jpg.webp\" width=\"800\" height=\"450\" alt=\"Ar\u00e1bia Saudita desabilita cinco exportadores de carne de frango do Brasil\" fetchpriority=high \/>\n\t\t\t<\/picture>\n\n\t\t\t<figcaption class=\"wp-caption-text wp-caption-text--hide\">Carne de Frango<\/figcaption>\n\t\t<\/figure>\n\t<\/div>\n\n\n<p>Atualmente, 67 <strong>frigor\u00edficos<\/strong> brasileiros est\u00e3o habilitados a realizar exporta\u00e7\u00f5es para a <strong>Ar\u00e1bia Saudita<\/strong>. No entanto, apenas 30 exportavam efetivamente.<\/p>\n<p>Ap\u00f3s a decis\u00e3o de desabilitar os <strong>frigor\u00edficos<\/strong>, restam 25 empresas devidamente habilitadas \u00e0 exportar.<\/p>\n<p>Entre as cinco empresas descredenciadas pelos \u00e1rabes, est\u00e3o unidades da BRF e da JBS.<\/p>\n<p>Conforme publicado pela Folha de S.Paulo, o governo brasileiro foi comunicado do descredenciamento por meio de uma mensagem dos \u00e1rabes.<\/p>\n<p>De acordo com pessoa do setor ouvidas pelo ve\u00edculo, a suspeita \u00e9 de que a a\u00e7\u00e3o da Ar\u00e1bia Saudita seja uma resposta \u00e0 <strong>transfer\u00eancia da embaixada<\/strong> de <strong>Tel Aviv<\/strong> para <strong>Jerusal\u00e9m<\/strong>, em Israel. Desta forma, o pa\u00eds \u00e1rabe estaria criando barreiras econ\u00f4micas contra o Brasil<\/p>\n<h2>Importa\u00e7\u00f5es para a Ar\u00e1bia Saudita<\/h2>\n<p>Embora seja o maior importador de frango brasileiro, as importa\u00e7\u00f5es para a Ar\u00e1bia Saudita j\u00e1 apresentam dificuldades.<\/p>\n<p>O pa\u00eds fechou 2018 com 14% das exporta\u00e7\u00f5es do Brasil no setor. No entanto, nos \u00faltimos dois anos a quantidade do produto que destina ao pa\u00eds tem ca\u00eddo de forma significativa.<\/p>\n<p>De acordo com o relat\u00f3rio do <strong>Minist\u00e9rio da Ind\u00fastria, Com\u00e9rcio Exterior e Servi\u00e7os (Mdic)<\/strong>, a exporta\u00e7\u00e3o do produto apresentou um recuo de 21% em 2018, quando comparado a 2017.<\/p>\n<p>Entretanto, a suposta causadora da queda \u00e9 a <strong>Opera\u00e7\u00e3o Carne Fraca<\/strong>, da <strong>Pol\u00edcia Federal<\/strong>, que teve in\u00edcio em mar\u00e7o de 2017 e investiga fraudes laboratoriais no Minist\u00e9rio da Agricultura, Pecu\u00e1ria e Abastecimento e irregularidade de frigor\u00edficos de grandes companhias.<\/p>\n<p><a href=\"https:\/\/www.suno.com.br\/noticias\/exportacoes-agronegocio-batem-recorde-ultrapassam\/\">Saiba mais:\u00a0Exporta\u00e7\u00f5es do agroneg\u00f3cio batem recorde e ultrapassam US$ 100 bi<\/a><\/p>\n<h2>Bolsonaro e transfer\u00eancia da embaixada<\/h2>\n<p>Em novembro de 2018, logo ap\u00f3s ser eleito, o presidente <strong>Jair Bolsonaro<\/strong> confirmou que ir\u00e1 transferir a embaixada de Tel Aviv para Jerus\u00e1lem, em entrevista ao jornal &#8220;Israel Hayom&#8221;.<\/p>\n<p>Al\u00e9m disso, Bolsonaro afirmou que n\u00e3o considera a Palestina um pa\u00eds.<\/p>\n<p>De acordo com o presidente, a ideia de mudar a embaixada brasileira de endere\u00e7o n\u00e3o \u00e9 apenas um promessa de campanha. Desta forma, o presidente seguiria os passos de Estados Unidos e Guatemala.<\/p>\n<div class=\"mc-column content-text active-extra-styles active-capital-letter\" data-block-type=\"unstyled\" data-block-weight=\"34\" data-block-id=\"2\">\n<p class=\"content-text__container theme-color-primary-first-letter\" data-track-category=\"Link no Texto\" data-track-links=\"\">Atualmente, a <strong>Ar\u00e1bia Saudita<\/strong> foi respons\u00e1vel por 14% das exporta\u00e7\u00f5es de <strong>carne de frango<\/strong> do Brasil em 2018. A segunda maior <strong>importadora<\/strong>, a <strong>China<\/strong> det\u00e9m 11%.<\/p>\n<h2 data-track-category=\"Link no Texto\">Produtores brasileiros se manifestam<\/h2>\n<p data-track-category=\"Link no Texto\" data-track-links=\"\">Em nota, a Associa\u00e7\u00e3o Brasileira de Prote\u00edna Animal (ABPA), entidade que re\u00fane empresas e produtores agroindustriais de aves, ovos e su\u00ednos do Brasil, respondeu \u00e0 decis\u00e3o da Ar\u00e1bia Saudita:<\/p>\n<p><em>&#8220;A Associa\u00e7\u00e3o Brasileira de Prote\u00edna Animal (ABPA) confirma que a Ar\u00e1bia Saudita mant\u00e9m a autoriza\u00e7\u00e3o de 25 plantas frigor\u00edficas de carne de frango, entre 58 habilitadas para exportar ao pa\u00eds \u00e1rabe. As empresas autorizadas constam em uma lista divulgada pelas autoridades sauditas. As raz\u00f5es informadas para a n\u00e3o autoriza\u00e7\u00e3o das demais plantas habilitadas decorrem de crit\u00e9rios t\u00e9cnicos. Planos de a\u00e7\u00e3o corretiva est\u00e3o em implementa\u00e7\u00e3o para a retomada das autoriza\u00e7\u00f5es. A ABPA est\u00e1 em contato com o Governo Brasileiro para que, em tratativa com o Reino da Ar\u00e1bia Saudita, sejam solvidos os eventuais questionamentos e inclu\u00eddas as demais plantas.&#8221;<\/em><\/p>\n<\/div>\n","protected":false},"excerpt":{"rendered":"<p>A Ar\u00e1bia Saudita, desabilitou cinco frigor\u00edficos brasileiros exportadores de sua lista. O pa\u00eds \u00e1rabe \u00e9 o maior importador de carne de frango do Brasil. Carne de Frango Atualmente, 67 frigor\u00edficos brasileiros est\u00e3o habilitados a realizar exporta\u00e7\u00f5es para a Ar\u00e1bia Saudita. No entanto, apenas 30 exportavam efetivamente. Ap\u00f3s a decis\u00e3o de desabilitar os frigor\u00edficos, restam 25 [&hellip;]<\/p>\n","protected":false},"author":11,"featured_media":12634,"comment_status":"closed","ping_status":"closed","sticky":false,"template":"","format":"standard","meta":[],"categories":[64],"tags":[960,711,719],"suno_strategy":[],"class_list":["post-12629","post","type-post","status-publish","format-standard","has-post-thumbnail","hentry","category-negocios","tag-arabia-saudita","tag-china","tag-jair-bolsonaro"],"yoast_head":"<!-- This site is optimized with the Yoast SEO plugin v24.4 - https:\/\/yoast.com\/wordpress\/plugins\/seo\/ -->\n<title>Ar\u00e1bia Saudita desabilita cinco exportadores de carne de frango do Brasil<\/title>\n<meta name=\"description\" content=\"A Ar\u00e1bia Saudita foi respons\u00e1vel por 14% da importa\u00e7\u00e3o do produto; A\u00e7\u00e3o pode ser uma reposta \u00e1rabe ao discurso de Bolsonaro. Clique para saber mais.\" \/>\n<meta name=\"robots\" content=\"index, follow, max-snippet:-1, max-image-preview:large, max-video-preview:-1\" \/>\n<link rel=\"canonical\" href=\"https:\/\/www.suno.com.br\/noticias\/arabia-saudita-desabilita-exportadores-frango-brasil\/\" \/>\n<meta property=\"og:locale\" content=\"pt_BR\" \/>\n<meta property=\"og:type\" content=\"article\" \/>\n<meta property=\"og:title\" content=\"Ar\u00e1bia Saudita desabilita cinco exportadores de carne de frango do Brasil\" \/>\n<meta property=\"og:description\" content=\"A Ar\u00e1bia Saudita foi respons\u00e1vel por 14% da importa\u00e7\u00e3o do produto; A\u00e7\u00e3o pode ser uma reposta \u00e1rabe ao discurso de Bolsonaro. Clique para saber mais.\" \/>\n<meta property=\"og:url\" content=\"https:\/\/www.suno.com.br\/noticias\/arabia-saudita-desabilita-exportadores-frango-brasil\/\" \/>\n<meta property=\"og:site_name\" content=\"Suno Not\u00edcias\" \/>\n<meta property=\"article:publisher\" content=\"https:\/\/facebook.com\/sunoresearch\" \/>\n<meta property=\"og:image\" content=\"https:\/\/files.sunoresearch.com.br\/n\/uploads\/2019\/01\/a8052dae-arabia-saudita.jpg\" \/>\n\t<meta property=\"og:image:width\" content=\"1100\" \/>\n\t<meta property=\"og:image:height\" content=\"370\" \/>\n\t<meta property=\"og:image:type\" content=\"image\/jpeg\" \/>\n<meta name=\"author\" content=\"Renan Bandeira\" \/>\n<meta name=\"twitter:card\" content=\"summary_large_image\" \/>\n<meta name=\"twitter:creator\" content=\"@sunoresearch\" \/>\n<meta name=\"twitter:site\" content=\"@sunoresearch\" \/>\n<meta name=\"twitter:label1\" content=\"Escrito por\" \/>\n\t<meta name=\"twitter:data1\" content=\"Renan Bandeira\" \/>\n\t<meta name=\"twitter:label2\" content=\"Est. tempo de leitura\" \/>\n\t<meta name=\"twitter:data2\" content=\"3 minutos\" \/>\n<script type=\"application\/ld+json\" class=\"yoast-schema-graph\">{\"@context\":\"https:\/\/schema.org\",\"@graph\":[{\"@type\":\"NewsArticle\",\"@id\":\"https:\/\/www.suno.com.br\/noticias\/arabia-saudita-desabilita-exportadores-frango-brasil\/#article\",\"isPartOf\":{\"@id\":\"https:\/\/www.suno.com.br\/noticias\/arabia-saudita-desabilita-exportadores-frango-brasil\/\"},\"author\":{\"name\":\"Renan Bandeira\",\"@id\":\"https:\/\/www.suno.com.br\/noticias\/#\/schema\/person\/fc144a1c6108bd1dcd43784e88a3c138\"},\"headline\":\"Ar\u00e1bia Saudita desabilita cinco exportadores de carne de frango do Brasil\",\"datePublished\":\"2019-01-22T16:26:38+00:00\",\"dateModified\":\"2019-01-22T17:09:13+00:00\",\"mainEntityOfPage\":{\"@id\":\"https:\/\/www.suno.com.br\/noticias\/arabia-saudita-desabilita-exportadores-frango-brasil\/\"},\"wordCount\":571,\"publisher\":{\"@id\":\"https:\/\/www.suno.com.br\/noticias\/#organization\"},\"image\":{\"@id\":\"https:\/\/www.suno.com.br\/noticias\/arabia-saudita-desabilita-exportadores-frango-brasil\/#primaryimage\"},\"thumbnailUrl\":\"https:\/\/files.sunoresearch.com.br\/n\/uploads\/2019\/01\/a8052dae-arabia-saudita-jpg.webp\",\"keywords\":[\"Ar\u00e1bia Saudita\",\"China\",\"Jair Bolsonaro\"],\"articleSection\":[\"Neg\u00f3cios\"],\"inLanguage\":\"pt-BR\"},{\"@type\":\"WebPage\",\"@id\":\"https:\/\/www.suno.com.br\/noticias\/arabia-saudita-desabilita-exportadores-frango-brasil\/\",\"url\":\"https:\/\/www.suno.com.br\/noticias\/arabia-saudita-desabilita-exportadores-frango-brasil\/\",\"name\":\"Ar\u00e1bia Saudita desabilita cinco exportadores de carne de frango do Brasil\",\"isPartOf\":{\"@id\":\"https:\/\/www.suno.com.br\/noticias\/#website\"},\"primaryImageOfPage\":{\"@id\":\"https:\/\/www.suno.com.br\/noticias\/arabia-saudita-desabilita-exportadores-frango-brasil\/#primaryimage\"},\"image\":{\"@id\":\"https:\/\/www.suno.com.br\/noticias\/arabia-saudita-desabilita-exportadores-frango-brasil\/#primaryimage\"},\"thumbnailUrl\":\"https:\/\/files.sunoresearch.com.br\/n\/uploads\/2019\/01\/a8052dae-arabia-saudita-jpg.webp\",\"datePublished\":\"2019-01-22T16:26:38+00:00\",\"dateModified\":\"2019-01-22T17:09:13+00:00\",\"description\":\"A Ar\u00e1bia Saudita foi respons\u00e1vel por 14% da importa\u00e7\u00e3o do produto; A\u00e7\u00e3o pode ser uma reposta \u00e1rabe ao discurso de Bolsonaro. Clique para saber mais.\",\"breadcrumb\":{\"@id\":\"https:\/\/www.suno.com.br\/noticias\/arabia-saudita-desabilita-exportadores-frango-brasil\/#breadcrumb\"},\"inLanguage\":\"pt-BR\",\"potentialAction\":[{\"@type\":\"ReadAction\",\"target\":[\"https:\/\/www.suno.com.br\/noticias\/arabia-saudita-desabilita-exportadores-frango-brasil\/\"]}]},{\"@type\":\"ImageObject\",\"inLanguage\":\"pt-BR\",\"@id\":\"https:\/\/www.suno.com.br\/noticias\/arabia-saudita-desabilita-exportadores-frango-brasil\/#primaryimage\",\"url\":\"https:\/\/files.sunoresearch.com.br\/n\/uploads\/2019\/01\/a8052dae-arabia-saudita-jpg.webp\",\"contentUrl\":\"https:\/\/files.sunoresearch.com.br\/n\/uploads\/2019\/01\/a8052dae-arabia-saudita-jpg.webp\",\"width\":1100,\"height\":370,\"caption\":\"Carne de Frango\"},{\"@type\":\"BreadcrumbList\",\"@id\":\"https:\/\/www.suno.com.br\/noticias\/arabia-saudita-desabilita-exportadores-frango-brasil\/#breadcrumb\",\"itemListElement\":[{\"@type\":\"ListItem\",\"position\":1,\"name\":\"Not\u00edcias\",\"item\":\"https:\/\/www.suno.com.br\/noticias\/\"},{\"@type\":\"ListItem\",\"position\":2,\"name\":\"Neg\u00f3cios\",\"item\":\"https:\/\/www.suno.com.br\/noticias\/negocios\/\"},{\"@type\":\"ListItem\",\"position\":3,\"name\":\"Ar\u00e1bia Saudita desabilita cinco exportadores de carne de frango do Brasil\"}]},{\"@type\":\"WebSite\",\"@id\":\"https:\/\/www.suno.com.br\/noticias\/#website\",\"url\":\"https:\/\/www.suno.com.br\/noticias\/\",\"name\":\"Suno Not\u00edcias\",\"description\":\"Seu portal de informa\u00e7\u00e3o sobre o mundo dos investimentos\",\"publisher\":{\"@id\":\"https:\/\/www.suno.com.br\/noticias\/#organization\"},\"potentialAction\":[{\"@type\":\"SearchAction\",\"target\":{\"@type\":\"EntryPoint\",\"urlTemplate\":\"https:\/\/www.suno.com.br\/noticias\/?s={search_term_string}\"},\"query-input\":{\"@type\":\"PropertyValueSpecification\",\"valueRequired\":true,\"valueName\":\"search_term_string\"}}],\"inLanguage\":\"pt-BR\"},{\"@type\":\"Organization\",\"@id\":\"https:\/\/www.suno.com.br\/noticias\/#organization\",\"name\":\"Suno Not\u00edcias\",\"url\":\"https:\/\/www.suno.com.br\/noticias\/\",\"logo\":{\"@type\":\"ImageObject\",\"inLanguage\":\"pt-BR\",\"@id\":\"https:\/\/www.suno.com.br\/noticias\/#\/schema\/logo\/image\/\",\"url\":\"https:\/\/files.sunoresearch.com.br\/n\/uploads\/2021\/09\/suno-logo.png\",\"contentUrl\":\"https:\/\/files.sunoresearch.com.br\/n\/uploads\/2021\/09\/suno-logo.png\",\"width\":180,\"height\":180,\"caption\":\"Suno Not\u00edcias\"},\"image\":{\"@id\":\"https:\/\/www.suno.com.br\/noticias\/#\/schema\/logo\/image\/\"},\"sameAs\":[\"https:\/\/facebook.com\/sunoresearch\",\"https:\/\/x.com\/sunoresearch\",\"https:\/\/www.instagram.com\/suno\",\"https:\/\/www.linkedin.com\/company\/suno-research\/\",\"https:\/\/www.youtube.com\/c\/sunoresearch\"]},{\"@type\":\"Person\",\"@id\":\"https:\/\/www.suno.com.br\/noticias\/#\/schema\/person\/fc144a1c6108bd1dcd43784e88a3c138\",\"name\":\"Renan Bandeira\",\"image\":{\"@type\":\"ImageObject\",\"inLanguage\":\"pt-BR\",\"@id\":\"https:\/\/www.suno.com.br\/noticias\/#\/schema\/person\/image\/\",\"url\":\"https:\/\/secure.gravatar.com\/avatar\/68359cdb608f14f11bbefcb78f3fc747?s=96&r=g\",\"contentUrl\":\"https:\/\/secure.gravatar.com\/avatar\/68359cdb608f14f11bbefcb78f3fc747?s=96&r=g\",\"caption\":\"Renan Bandeira\"},\"description\":\"Renan Bandeira escreve sobre pol\u00edtica e economia para o portal da Suno Research. Antes da Suno, trabalhou em uma rede de televis\u00e3o, onde fazia reportagens sobre os mesmos temas. Estuda na Universidade Metodista de S\u00e3o Paulo.\",\"url\":\"https:\/\/www.suno.com.br\/noticias\/author\/renan-bandeira\/\"}]}<\/script>\n<!-- \/ Yoast SEO plugin. -->","yoast_head_json":{"title":"Ar\u00e1bia Saudita desabilita cinco exportadores de carne de frango do Brasil","description":"A Ar\u00e1bia Saudita foi respons\u00e1vel por 14% da importa\u00e7\u00e3o do produto; A\u00e7\u00e3o pode ser uma reposta \u00e1rabe ao discurso de Bolsonaro. Clique para saber mais.","robots":{"index":"index","follow":"follow","max-snippet":"max-snippet:-1","max-image-preview":"max-image-preview:large","max-video-preview":"max-video-preview:-1"},"canonical":"https:\/\/www.suno.com.br\/noticias\/arabia-saudita-desabilita-exportadores-frango-brasil\/","og_locale":"pt_BR","og_type":"article","og_title":"Ar\u00e1bia Saudita desabilita cinco exportadores de carne de frango do Brasil","og_description":"A Ar\u00e1bia Saudita foi respons\u00e1vel por 14% da importa\u00e7\u00e3o do produto; A\u00e7\u00e3o pode ser uma reposta \u00e1rabe ao discurso de Bolsonaro. Clique para saber mais.","og_url":"https:\/\/www.suno.com.br\/noticias\/arabia-saudita-desabilita-exportadores-frango-brasil\/","og_site_name":"Suno Not\u00edcias","article_publisher":"https:\/\/facebook.com\/sunoresearch","og_image":[{"width":1100,"height":370,"url":"https:\/\/files.sunoresearch.com.br\/n\/uploads\/2019\/01\/a8052dae-arabia-saudita.jpg","type":"image\/jpeg"}],"author":"Renan Bandeira","twitter_card":"summary_large_image","twitter_creator":"@sunoresearch","twitter_site":"@sunoresearch","twitter_misc":{"Escrito por":"Renan Bandeira","Est. tempo de leitura":"3 minutos"},"schema":{"@context":"https:\/\/schema.org","@graph":[{"@type":"NewsArticle","@id":"https:\/\/www.suno.com.br\/noticias\/arabia-saudita-desabilita-exportadores-frango-brasil\/#article","isPartOf":{"@id":"https:\/\/www.suno.com.br\/noticias\/arabia-saudita-desabilita-exportadores-frango-brasil\/"},"author":{"name":"Renan Bandeira","@id":"https:\/\/www.suno.com.br\/noticias\/#\/schema\/person\/fc144a1c6108bd1dcd43784e88a3c138"},"headline":"Ar\u00e1bia Saudita desabilita cinco exportadores de carne de frango do Brasil","datePublished":"2019-01-22T16:26:38+00:00","dateModified":"2019-01-22T17:09:13+00:00","mainEntityOfPage":{"@id":"https:\/\/www.suno.com.br\/noticias\/arabia-saudita-desabilita-exportadores-frango-brasil\/"},"wordCount":571,"publisher":{"@id":"https:\/\/www.suno.com.br\/noticias\/#organization"},"image":{"@id":"https:\/\/www.suno.com.br\/noticias\/arabia-saudita-desabilita-exportadores-frango-brasil\/#primaryimage"},"thumbnailUrl":"https:\/\/files.sunoresearch.com.br\/n\/uploads\/2019\/01\/a8052dae-arabia-saudita-jpg.webp","keywords":["Ar\u00e1bia Saudita","China","Jair Bolsonaro"],"articleSection":["Neg\u00f3cios"],"inLanguage":"pt-BR"},{"@type":"WebPage","@id":"https:\/\/www.suno.com.br\/noticias\/arabia-saudita-desabilita-exportadores-frango-brasil\/","url":"https:\/\/www.suno.com.br\/noticias\/arabia-saudita-desabilita-exportadores-frango-brasil\/","name":"Ar\u00e1bia Saudita desabilita cinco exportadores de carne de frango do Brasil","isPartOf":{"@id":"https:\/\/www.suno.com.br\/noticias\/#website"},"primaryImageOfPage":{"@id":"https:\/\/www.suno.com.br\/noticias\/arabia-saudita-desabilita-exportadores-frango-brasil\/#primaryimage"},"image":{"@id":"https:\/\/www.suno.com.br\/noticias\/arabia-saudita-desabilita-exportadores-frango-brasil\/#primaryimage"},"thumbnailUrl":"https:\/\/files.sunoresearch.com.br\/n\/uploads\/2019\/01\/a8052dae-arabia-saudita-jpg.webp","datePublished":"2019-01-22T16:26:38+00:00","dateModified":"2019-01-22T17:09:13+00:00","description":"A Ar\u00e1bia Saudita foi respons\u00e1vel por 14% da importa\u00e7\u00e3o do produto; A\u00e7\u00e3o pode ser uma reposta \u00e1rabe ao discurso de Bolsonaro. Clique para saber mais.","breadcrumb":{"@id":"https:\/\/www.suno.com.br\/noticias\/arabia-saudita-desabilita-exportadores-frango-brasil\/#breadcrumb"},"inLanguage":"pt-BR","potentialAction":[{"@type":"ReadAction","target":["https:\/\/www.suno.com.br\/noticias\/arabia-saudita-desabilita-exportadores-frango-brasil\/"]}]},{"@type":"ImageObject","inLanguage":"pt-BR","@id":"https:\/\/www.suno.com.br\/noticias\/arabia-saudita-desabilita-exportadores-frango-brasil\/#primaryimage","url":"https:\/\/files.sunoresearch.com.br\/n\/uploads\/2019\/01\/a8052dae-arabia-saudita-jpg.webp","contentUrl":"https:\/\/files.sunoresearch.com.br\/n\/uploads\/2019\/01\/a8052dae-arabia-saudita-jpg.webp","width":1100,"height":370,"caption":"Carne de Frango"},{"@type":"BreadcrumbList","@id":"https:\/\/www.suno.com.br\/noticias\/arabia-saudita-desabilita-exportadores-frango-brasil\/#breadcrumb","itemListElement":[{"@type":"ListItem","position":1,"name":"Not\u00edcias","item":"https:\/\/www.suno.com.br\/noticias\/"},{"@type":"ListItem","position":2,"name":"Neg\u00f3cios","item":"https:\/\/www.suno.com.br\/noticias\/negocios\/"},{"@type":"ListItem","position":3,"name":"Ar\u00e1bia Saudita desabilita cinco exportadores de carne de frango do Brasil"}]},{"@type":"WebSite","@id":"https:\/\/www.suno.com.br\/noticias\/#website","url":"https:\/\/www.suno.com.br\/noticias\/","name":"Suno Not\u00edcias","description":"Seu portal de informa\u00e7\u00e3o sobre o mundo dos investimentos","publisher":{"@id":"https:\/\/www.suno.com.br\/noticias\/#organization"},"potentialAction":[{"@type":"SearchAction","target":{"@type":"EntryPoint","urlTemplate":"https:\/\/www.suno.com.br\/noticias\/?s={search_term_string}"},"query-input":{"@type":"PropertyValueSpecification","valueRequired":true,"valueName":"search_term_string"}}],"inLanguage":"pt-BR"},{"@type":"Organization","@id":"https:\/\/www.suno.com.br\/noticias\/#organization","name":"Suno Not\u00edcias","url":"https:\/\/www.suno.com.br\/noticias\/","logo":{"@type":"ImageObject","inLanguage":"pt-BR","@id":"https:\/\/www.suno.com.br\/noticias\/#\/schema\/logo\/image\/","url":"https:\/\/files.sunoresearch.com.br\/n\/uploads\/2021\/09\/suno-logo.png","contentUrl":"https:\/\/files.sunoresearch.com.br\/n\/uploads\/2021\/09\/suno-logo.png","width":180,"height":180,"caption":"Suno Not\u00edcias"},"image":{"@id":"https:\/\/www.suno.com.br\/noticias\/#\/schema\/logo\/image\/"},"sameAs":["https:\/\/facebook.com\/sunoresearch","https:\/\/x.com\/sunoresearch","https:\/\/www.instagram.com\/suno","https:\/\/www.linkedin.com\/company\/suno-research\/","https:\/\/www.youtube.com\/c\/sunoresearch"]},{"@type":"Person","@id":"https:\/\/www.suno.com.br\/noticias\/#\/schema\/person\/fc144a1c6108bd1dcd43784e88a3c138","name":"Renan Bandeira","image":{"@type":"ImageObject","inLanguage":"pt-BR","@id":"https:\/\/www.suno.com.br\/noticias\/#\/schema\/person\/image\/","url":"https:\/\/secure.gravatar.com\/avatar\/68359cdb608f14f11bbefcb78f3fc747?s=96&r=g","contentUrl":"https:\/\/secure.gravatar.com\/avatar\/68359cdb608f14f11bbefcb78f3fc747?s=96&r=g","caption":"Renan Bandeira"},"description":"Renan Bandeira escreve sobre pol\u00edtica e economia para o portal da Suno Research. Antes da Suno, trabalhou em uma rede de televis\u00e3o, onde fazia reportagens sobre os mesmos temas. Estuda na Universidade Metodista de S\u00e3o Paulo.","url":"https:\/\/www.suno.com.br\/noticias\/author\/renan-bandeira\/"}]}},"default_loop_html":"<div class=\"cardsPage__listCard__boxs\"><div class=\"cardsPage__listCard__boxs__img\"><a href=\"https:\/\/www.suno.com.br\/noticias\/arabia-saudita-desabilita-exportadores-frango-brasil\/\"><img class=\"mask\" src=\"https:\/\/www.suno.com.br\/noticias\/wp-content\/themes\/suno\/resources\/images\/spotlight\/spotlight1img\/bg-mask.png\" alt=\"Image Mask\"\/><img src=\"https:\/\/files.sunoresearch.com.br\/n\/uploads\/2019\/01\/a8052dae-arabia-saudita-400x200.webp\" alt=\"Ar\u00e1bia Saudita desabilita cinco exportadores de carne de frango do Brasil\"\/><\/a><span class=\"spotlightCategory\"><a href=\"https:\/\/www.suno.com.br\/noticias\/negocios\/\">Neg\u00f3cios<\/a><\/span><\/div><div class=\"cardsPage__listCard__boxs__content\"><a href=\"https:\/\/www.suno.com.br\/noticias\/arabia-saudita-desabilita-exportadores-frango-brasil\/\"><h2 class=\"content__title\">Ar\u00e1bia Saudita desabilita cinco exportadores de carne de frango do Brasil<\/h2><\/a><div class=\"newsContent__article__meta\"><div class=\"newsContent__article__meta__authorBox\"><a href=\"https:\/\/www.suno.com.br\/noticias\/author\/renan-bandeira\/\" class=\"authorBox__avatar noMobi\"><img src=\"https:\/\/secure.gravatar.com\/avatar\/68359cdb608f14f11bbefcb78f3fc747?s=96&#038;r=g\" alt=\"Renan Bandeira\"><\/a><div class=\"authorBox__name\"><span>por\n\t\t\t<a href=\"https:\/\/www.suno.com.br\/noticias\/author\/renan-bandeira\/\"><span itemprop=\"author\">Renan Bandeira<\/span><\/a><\/span><time datetime=\"2019-01-22T14:26:38-02:00\" itemprop=\"datePublished\">22\/01\/2019 14:26<\/time><\/div><\/div><\/div><\/div><\/div>","single_layout":"posts","amp_enabled":true,"_links":{"self":[{"href":"https:\/\/www.suno.com.br\/noticias\/wp-json\/wp\/v2\/posts\/12629"}],"collection":[{"href":"https:\/\/www.suno.com.br\/noticias\/wp-json\/wp\/v2\/posts"}],"about":[{"href":"https:\/\/www.suno.com.br\/noticias\/wp-json\/wp\/v2\/types\/post"}],"author":[{"embeddable":true,"href":"https:\/\/www.suno.com.br\/noticias\/wp-json\/wp\/v2\/users\/11"}],"replies":[{"embeddable":true,"href":"https:\/\/www.suno.com.br\/noticias\/wp-json\/wp\/v2\/comments?post=12629"}],"version-history":[{"count":0,"href":"https:\/\/www.suno.com.br\/noticias\/wp-json\/wp\/v2\/posts\/12629\/revisions"}],"wp:featuredmedia":[{"embeddable":true,"href":"https:\/\/www.suno.com.br\/noticias\/wp-json\/wp\/v2\/media\/12634"}],"wp:attachment":[{"href":"https:\/\/www.suno.com.br\/noticias\/wp-json\/wp\/v2\/media?parent=12629"}],"wp:term":[{"taxonomy":"category","embeddable":true,"href":"https:\/\/www.suno.com.br\/noticias\/wp-json\/wp\/v2\/categories?post=12629"},{"taxonomy":"post_tag","embeddable":true,"href":"https:\/\/www.suno.com.br\/noticias\/wp-json\/wp\/v2\/tags?post=12629"},{"taxonomy":"suno_strategy","embeddable":true,"href":"https:\/\/www.suno.com.br\/noticias\/wp-json\/wp\/v2\/suno_strategy?post=12629"}],"curies":[{"name":"wp","href":"https:\/\/api.w.org\/{rel}","templated":true}]}}