{"id":126274,"date":"2021-02-24T18:27:13","date_gmt":"2021-02-24T21:27:13","guid":{"rendered":"https:\/\/www.suno.com.br\/noticias\/?p=126274"},"modified":"2021-02-24T19:36:17","modified_gmt":"2021-02-24T22:36:17","slug":"requerimento-devolver-mp-eletrobras-elet6-planalto","status":"publish","type":"post","link":"https:\/\/www.suno.com.br\/noticias\/requerimento-devolver-mp-eletrobras-elet6-planalto\/","title":{"rendered":"Oposi\u00e7\u00e3o protocola requerimento para Pacheco devolver MP da Eletrobras (ELET3) ao Planalto"},"content":{"rendered":"<p>As lideran\u00e7as das bancadas do PT, PSB, PCdoB, PDT, PSOL e Rede protocolaram, hoje (24), um requerimento ao presidente do Congresso Nacional, Rodrigo Pacheco (DEM-MG), para que a Medida Provis\u00f3ria (MP) 1.031-2021, que inclui a <a href=\"https:\/\/www.suno.com.br\/acoes\/elet3\/\"><strong>Eletrobras<\/strong> (ELET3)<\/a> no Programa Nacional de Desestatiza\u00e7\u00e3o (PND) seja devolvida ao Executivo.<\/p>\t<div class=\"wrapper-featured-image\">\n\t\t<figure class=\"spotlightImg\">\n\n\t\t\t<picture>\n\t\t\t\t<source media=\"(max-width: 768px)\" srcset=\"https:\/\/files.sunoresearch.com.br\/n\/uploads\/2021\/02\/69786985-eletrobras-400x200.webp\">\n\t\t\t\t<img loading=\"lazy\" decoding=\"async\" class=\"newsContent__article__imgCapa lazyloadDisabled \" src=\"https:\/\/files.sunoresearch.com.br\/n\/uploads\/2021\/02\/69786985-eletrobras-jpg.webp\" width=\"800\" height=\"450\" alt=\"Oposi\u00e7\u00e3o protocola requerimento para Pacheco devolver MP da Eletrobras (ELET3) ao Planalto\" fetchpriority=high \/>\n\t\t\t<\/picture>\n\n\t\t\t<figcaption class=\"wp-caption-text wp-caption-text--show\"> Eletrobras (ELET3) <\/figcaption>\n\t\t<\/figure>\n\t<\/div>\n\n\n\t<p>\n\t\t<a href=\"https:\/\/lp.suno.com.br\/planilha-controle-gastos\/\" target=\"_blank\" data-element=\"shortcode-suno-banner\" title=\"Banner SUNO, clique e saiba mais\">\n\t\t\t<picture>\n\t\t\t\t<source media=\"(max-width: 500px)\" srcset=\"https:\/\/files.sunoresearch.com.br\/n\/uploads\/2023\/03\/400x300-Planilha-controle-de-gastos.png\">\n\t\t\t\t<img class=\"newsContent__article__imgCapa newsContent__article__imgCapa--banner\"\n\t\t\t\t\tsrc=\"https:\/\/files.sunoresearch.com.br\/n\/uploads\/2023\/03\/1420x240-Planilha-controle-de-gastos.png\"\n\t\t\t\t\tdata-promo-id=\"101751\"\t\t\t\t\t\t\t\t\t\twidth='1420' height='240'\t\t\t\t\talt=\"https:\/\/files.sunoresearch.com.br\/n\/uploads\/2023\/03\/1420x240-Planilha-controle-de-gastos.png\"\n\t\t\t\t>\n\t\t\t<\/picture>\n\t\t<\/a>\n\t<\/p>\n\n\n<p>Em nota, os l\u00edderes defendem que a MP que facilita a privatiza\u00e7\u00e3o Eletrobras &#8220;carece de urg\u00eancia, sobretudo no momento atual com a pandemia de covid-19&#8221;.<\/p>\n<p>Para os parlamentares, a cr\u00edtica situa\u00e7\u00e3o da sa\u00fade p\u00fablica evidencia que &#8220;n\u00e3o h\u00e1 relev\u00e2ncia nem urg\u00eancia no<a href=\"https:\/\/www.suno.com.br\/artigos\/privatizacao\/\"> tema da privatiza\u00e7\u00e3o<\/a>&#8220;.<\/p>\n<p><a href=\"https:\/\/lp.suno.com.br\/suno-one\/\"> Suno One: acesse gratuitamente eBooks, Minicursos, Artigos e V\u00eddeo Aulas sobre investimentos com um \u00fanico cadastro. Clique para saber mais!<\/a><\/p>\n<p>Al\u00e9m disso, o requerimento acusa o presidente da Rep\u00fablica, <strong>Jair Bolsonaro<\/strong> (sem partido), de incorrer em &#8220;inconstitucionalidade e ilegalidade flagrante, usurpando a compet\u00eancia do Congresso Nacional para discutir a medida, impondo preju\u00edzos grav\u00edssimos irrevers\u00edveis \u00e0 popula\u00e7\u00e3o brasileira, e mais especialmente \u00e0 Uni\u00e3o, acarretando pr\u00e1tica de improbidade administrativa&#8221;.<\/p>\n<p>Na noite de ontem (23), o pol\u00edtico, acompanhado de alguns de seus ministros, caminhou at\u00e9 o Congresso Nacional para entregar a MP que facilita a privatiza\u00e7\u00e3o da <strong>estatal<\/strong> nas m\u00e3os dos presidentes da C\u00e2mara, <strong>Arthur Lira<\/strong> (Progressistas-AL), e do Senado.<\/p>\n\t<p>\n\t\t<a href=\"https:\/\/lp.suno.com.br\/planilha-da-vida-financeira\/\" target=\"_blank\" data-element=\"shortcode-suno-banner\" title=\"Banner SUNO, clique e saiba mais\">\n\t\t\t<picture>\n\t\t\t\t<source media=\"(max-width: 500px)\" srcset=\"https:\/\/files.sunoresearch.com.br\/n\/uploads\/2023\/04\/400x300-Planilha-vida-financeira-true.png\">\n\t\t\t\t<img class=\"newsContent__article__imgCapa newsContent__article__imgCapa--banner\"\n\t\t\t\t\tsrc=\"https:\/\/files.sunoresearch.com.br\/n\/uploads\/2023\/04\/1420x240-Planilha-vida-financeira-true.png\"\n\t\t\t\t\tdata-promo-id=\"106682\"\t\t\t\t\t\t\t\t\t\twidth='1420' height='240'\t\t\t\t\talt=\"https:\/\/files.sunoresearch.com.br\/n\/uploads\/2023\/04\/1420x240-Planilha-vida-financeira-true.png\"\n\t\t\t\t>\n\t\t\t<\/picture>\n\t\t<\/a>\n\t<\/p>\n\n\n<p>Vale destacar que texto deve passar por vota\u00e7\u00e3o nas duas Casas, mas n\u00e3o ser\u00e1 analisado em Comiss\u00f5es.<\/p>\n<h2>MME edita MP que trata da privatiza\u00e7\u00e3o da estatal<\/h2>\n<p>Ontem, a Eletrobras recebeu um of\u00edcio do Minist\u00e9rio de Minas e Energia (MME) informando sobre a edi\u00e7\u00e3o da MP que trata do processo de <a href=\"https:\/\/www.suno.com.br\/artigos\/privatizacao\/\">privatiza\u00e7\u00e3o da estatal <\/a>do setor el\u00e9trico.<\/p>\n<p>A Medida Provis\u00f3ria possibilita o in\u00edcio dos estudos da modelagem da desestatiza\u00e7\u00e3o pelo <a href=\"https:\/\/www.suno.com.br\/artigos\/bndes\/\">Banco Nacional de Desenvolvimento Econ\u00f4mico e Social (BNDES)<\/a> e inclui algumas modifica\u00e7\u00f5es no texto do Projeto de Lei de desestatiza\u00e7\u00e3o da Eletrobras, que ainda n\u00e3o foi aprovado.<\/p>\n\t<div data-element=\"shortcode-read-more\" class=\"knowMore\">\n\t\t\t\t<span class=\"knowMore__title\">Saiba mais<\/span>\n\t\t\t\t<a class=\"knowMore__link\" href=\"https:\/\/www.suno.com.br\/noticias\/eletrobras-elet3-privatizacao-mp-mme\/\">\n\t\t\tEletrobras (ELET3): MME edita MP que trata da privatiza\u00e7\u00e3o da estatal e prev\u00ea Golden Shares\t\t<\/a>\n\t<\/div>\n\n\n<p>Dentre as mudan\u00e7as na MP, o documento a companhia aponta:<\/p>\n<ul>\n<li>previs\u00e3o da cria\u00e7\u00e3o de <a href=\"https:\/\/www.suno.com.br\/artigos\/golden-share\/\">Golden Shares,<\/a> de propriedade exclusiva da Uni\u00e3o<\/li>\n<li>a inclus\u00e3o da prorroga\u00e7\u00e3o, por trinta anos, da usina hidroel\u00e9trica de Tucuru\u00ed, da Eletronorte<\/li>\n<li>obriga\u00e7\u00e3o de aportes de recursos para revitaliza\u00e7\u00e3o dos recursos h\u00eddricos das bacias hidrogr\u00e1ficas na \u00e1rea de influ\u00eancia dos reservat\u00f3rios das usinas hidrel\u00e9tricas de Furnas Centrais El\u00e9tricas<\/li>\n<li>nova reparti\u00e7\u00e3o de receita\u00a0 entre a Uni\u00e3o e a Conta de Desenvolvimento Energ\u00e9tico (CDE), atrav\u00e9s do pagamento de cotas anuais em 30 anos<\/li>\n<\/ul>\n<h2>\u00daltima cota\u00e7\u00e3o da Eletrobras<\/h2>\n<p>A a\u00e7\u00e3o da <strong>Eletrobras (ELET3)<\/strong> encerrou hoje em alta de 15,40%, aos R$ 33,80.<\/p>\n<p><em>Com informa\u00e7\u00f5es do Estad\u00e3o Conte\u00fado<\/em><\/p>\n\t<p>\n\t\t<a href=\"https:\/\/lp.suno.com.br\/planilha-de-controle-de-investimentos\/\" target=\"_blank\" data-element=\"shortcode-suno-banner\" title=\"Banner SUNO, clique e saiba mais\">\n\t\t\t<picture>\n\t\t\t\t<source media=\"(max-width: 500px)\" srcset=\"https:\/\/files.sunoresearch.com.br\/n\/uploads\/2023\/03\/400x300-Controle-de-Investimentos.png\">\n\t\t\t\t<img class=\"newsContent__article__imgCapa newsContent__article__imgCapa--banner\"\n\t\t\t\t\tsrc=\"https:\/\/files.sunoresearch.com.br\/n\/uploads\/2023\/03\/1420x240-Controle-de-Investimentos.png\"\n\t\t\t\t\tdata-promo-id=\"75934\"\t\t\t\t\t\t\t\t\t\twidth='1420' height='240'\t\t\t\t\talt=\"https:\/\/files.sunoresearch.com.br\/n\/uploads\/2023\/03\/1420x240-Controle-de-Investimentos.png\"\n\t\t\t\t>\n\t\t\t<\/picture>\n\t\t<\/a>\n\t<\/p>\n\n\n","protected":false},"excerpt":{"rendered":"<p>As lideran\u00e7as das bancadas do PT, PSB, PCdoB, PDT, PSOL e Rede protocolaram, hoje (24), um requerimento ao presidente do Congresso Nacional, Rodrigo Pacheco (DEM-MG), para que a Medida Provis\u00f3ria (MP) 1.031-2021, que inclui a Eletrobras (ELET3) no Programa Nacional de Desestatiza\u00e7\u00e3o (PND) seja devolvida ao Executivo. Eletrobras (ELET3) Em nota, os l\u00edderes defendem que [&hellip;]<\/p>\n","protected":false},"author":39,"featured_media":126312,"comment_status":"closed","ping_status":"closed","sticky":false,"template":"","format":"standard","meta":[],"categories":[64],"tags":[455,104992],"suno_strategy":[],"class_list":["post-126274","post","type-post","status-publish","format-standard","has-post-thumbnail","hentry","category-negocios","tag-eletrobras-elet3-elet5-elet6","tag-privatizacao-da-eletrobras"],"yoast_head":"<!-- This site is optimized with the Yoast SEO plugin v24.4 - https:\/\/yoast.com\/wordpress\/plugins\/seo\/ -->\n<title>Oposi\u00e7\u00e3o faz requerimento para que MP da Eletrobras volte ao Planalto<\/title>\n<meta name=\"description\" content=\"Oposi\u00e7\u00e3o protocolou requerimento para que a MP que inclui a Eletrobras (ELET3) no PND seja devolvida ao Executivo. Clique aqui e saiba mais.\" \/>\n<meta name=\"robots\" content=\"index, follow, max-snippet:-1, max-image-preview:large, max-video-preview:-1\" \/>\n<link rel=\"canonical\" href=\"https:\/\/www.suno.com.br\/noticias\/requerimento-devolver-mp-eletrobras-elet6-planalto\/\" \/>\n<meta property=\"og:locale\" content=\"pt_BR\" \/>\n<meta property=\"og:type\" content=\"article\" \/>\n<meta property=\"og:title\" content=\"Oposi\u00e7\u00e3o faz requerimento para que MP da Eletrobras volte ao Planalto\" \/>\n<meta property=\"og:description\" content=\"Oposi\u00e7\u00e3o protocolou requerimento para que a MP que inclui a Eletrobras (ELET3) no PND seja devolvida ao Executivo. Clique aqui e saiba mais.\" \/>\n<meta property=\"og:url\" content=\"https:\/\/www.suno.com.br\/noticias\/requerimento-devolver-mp-eletrobras-elet6-planalto\/\" \/>\n<meta property=\"og:site_name\" content=\"Suno Not\u00edcias\" \/>\n<meta property=\"article:publisher\" content=\"https:\/\/facebook.com\/sunoresearch\" \/>\n<meta property=\"og:image\" content=\"https:\/\/files.sunoresearch.com.br\/n\/uploads\/2021\/02\/69786985-eletrobras.jpg\" \/>\n\t<meta property=\"og:image:width\" content=\"800\" \/>\n\t<meta property=\"og:image:height\" content=\"450\" \/>\n\t<meta property=\"og:image:type\" content=\"image\/jpeg\" \/>\n<meta name=\"author\" content=\"Laura Moutinho\" \/>\n<meta name=\"twitter:card\" content=\"summary_large_image\" \/>\n<meta name=\"twitter:creator\" content=\"@sunoresearch\" \/>\n<meta name=\"twitter:site\" content=\"@sunoresearch\" \/>\n<meta name=\"twitter:label1\" content=\"Escrito por\" \/>\n\t<meta name=\"twitter:data1\" content=\"Laura Moutinho\" \/>\n\t<meta name=\"twitter:label2\" content=\"Est. tempo de leitura\" \/>\n\t<meta name=\"twitter:data2\" content=\"2 minutos\" \/>\n<script type=\"application\/ld+json\" class=\"yoast-schema-graph\">{\"@context\":\"https:\/\/schema.org\",\"@graph\":[{\"@type\":\"NewsArticle\",\"@id\":\"https:\/\/www.suno.com.br\/noticias\/requerimento-devolver-mp-eletrobras-elet6-planalto\/#article\",\"isPartOf\":{\"@id\":\"https:\/\/www.suno.com.br\/noticias\/requerimento-devolver-mp-eletrobras-elet6-planalto\/\"},\"author\":{\"name\":\"Laura Moutinho\",\"@id\":\"https:\/\/www.suno.com.br\/noticias\/#\/schema\/person\/3df0d2808748b74496efe5dbeaef2c72\"},\"headline\":\"Oposi\u00e7\u00e3o protocola requerimento para Pacheco devolver MP da Eletrobras (ELET3) ao Planalto\",\"datePublished\":\"2021-02-24T21:27:13+00:00\",\"dateModified\":\"2021-02-24T22:36:17+00:00\",\"mainEntityOfPage\":{\"@id\":\"https:\/\/www.suno.com.br\/noticias\/requerimento-devolver-mp-eletrobras-elet6-planalto\/\"},\"wordCount\":492,\"publisher\":{\"@id\":\"https:\/\/www.suno.com.br\/noticias\/#organization\"},\"image\":{\"@id\":\"https:\/\/www.suno.com.br\/noticias\/requerimento-devolver-mp-eletrobras-elet6-planalto\/#primaryimage\"},\"thumbnailUrl\":\"https:\/\/files.sunoresearch.com.br\/n\/uploads\/2021\/02\/69786985-eletrobras-jpg.webp\",\"keywords\":[\"Eletrobras (ELET3\/ELET5\/ELET6)\",\"privatiza\u00e7\u00e3o da Eletrobras\"],\"articleSection\":[\"Neg\u00f3cios\"],\"inLanguage\":\"pt-BR\"},{\"@type\":\"WebPage\",\"@id\":\"https:\/\/www.suno.com.br\/noticias\/requerimento-devolver-mp-eletrobras-elet6-planalto\/\",\"url\":\"https:\/\/www.suno.com.br\/noticias\/requerimento-devolver-mp-eletrobras-elet6-planalto\/\",\"name\":\"Oposi\u00e7\u00e3o faz requerimento para que MP da Eletrobras volte ao Planalto\",\"isPartOf\":{\"@id\":\"https:\/\/www.suno.com.br\/noticias\/#website\"},\"primaryImageOfPage\":{\"@id\":\"https:\/\/www.suno.com.br\/noticias\/requerimento-devolver-mp-eletrobras-elet6-planalto\/#primaryimage\"},\"image\":{\"@id\":\"https:\/\/www.suno.com.br\/noticias\/requerimento-devolver-mp-eletrobras-elet6-planalto\/#primaryimage\"},\"thumbnailUrl\":\"https:\/\/files.sunoresearch.com.br\/n\/uploads\/2021\/02\/69786985-eletrobras-jpg.webp\",\"datePublished\":\"2021-02-24T21:27:13+00:00\",\"dateModified\":\"2021-02-24T22:36:17+00:00\",\"description\":\"Oposi\u00e7\u00e3o protocolou requerimento para que a MP que inclui a Eletrobras (ELET3) no PND seja devolvida ao Executivo. Clique aqui e saiba mais.\",\"breadcrumb\":{\"@id\":\"https:\/\/www.suno.com.br\/noticias\/requerimento-devolver-mp-eletrobras-elet6-planalto\/#breadcrumb\"},\"inLanguage\":\"pt-BR\",\"potentialAction\":[{\"@type\":\"ReadAction\",\"target\":[\"https:\/\/www.suno.com.br\/noticias\/requerimento-devolver-mp-eletrobras-elet6-planalto\/\"]}]},{\"@type\":\"ImageObject\",\"inLanguage\":\"pt-BR\",\"@id\":\"https:\/\/www.suno.com.br\/noticias\/requerimento-devolver-mp-eletrobras-elet6-planalto\/#primaryimage\",\"url\":\"https:\/\/files.sunoresearch.com.br\/n\/uploads\/2021\/02\/69786985-eletrobras-jpg.webp\",\"contentUrl\":\"https:\/\/files.sunoresearch.com.br\/n\/uploads\/2021\/02\/69786985-eletrobras-jpg.webp\",\"width\":800,\"height\":450,\"caption\":\"Eletrobras (ELET3)\"},{\"@type\":\"BreadcrumbList\",\"@id\":\"https:\/\/www.suno.com.br\/noticias\/requerimento-devolver-mp-eletrobras-elet6-planalto\/#breadcrumb\",\"itemListElement\":[{\"@type\":\"ListItem\",\"position\":1,\"name\":\"Not\u00edcias\",\"item\":\"https:\/\/www.suno.com.br\/noticias\/\"},{\"@type\":\"ListItem\",\"position\":2,\"name\":\"Neg\u00f3cios\",\"item\":\"https:\/\/www.suno.com.br\/noticias\/negocios\/\"},{\"@type\":\"ListItem\",\"position\":3,\"name\":\"Oposi\u00e7\u00e3o protocola requerimento para Pacheco devolver MP da Eletrobras (ELET3) ao Planalto\"}]},{\"@type\":\"WebSite\",\"@id\":\"https:\/\/www.suno.com.br\/noticias\/#website\",\"url\":\"https:\/\/www.suno.com.br\/noticias\/\",\"name\":\"Suno Not\u00edcias\",\"description\":\"Seu portal de informa\u00e7\u00e3o sobre o mundo dos investimentos\",\"publisher\":{\"@id\":\"https:\/\/www.suno.com.br\/noticias\/#organization\"},\"potentialAction\":[{\"@type\":\"SearchAction\",\"target\":{\"@type\":\"EntryPoint\",\"urlTemplate\":\"https:\/\/www.suno.com.br\/noticias\/?s={search_term_string}\"},\"query-input\":{\"@type\":\"PropertyValueSpecification\",\"valueRequired\":true,\"valueName\":\"search_term_string\"}}],\"inLanguage\":\"pt-BR\"},{\"@type\":\"Organization\",\"@id\":\"https:\/\/www.suno.com.br\/noticias\/#organization\",\"name\":\"Suno Not\u00edcias\",\"url\":\"https:\/\/www.suno.com.br\/noticias\/\",\"logo\":{\"@type\":\"ImageObject\",\"inLanguage\":\"pt-BR\",\"@id\":\"https:\/\/www.suno.com.br\/noticias\/#\/schema\/logo\/image\/\",\"url\":\"https:\/\/files.sunoresearch.com.br\/n\/uploads\/2021\/09\/suno-logo.png\",\"contentUrl\":\"https:\/\/files.sunoresearch.com.br\/n\/uploads\/2021\/09\/suno-logo.png\",\"width\":180,\"height\":180,\"caption\":\"Suno Not\u00edcias\"},\"image\":{\"@id\":\"https:\/\/www.suno.com.br\/noticias\/#\/schema\/logo\/image\/\"},\"sameAs\":[\"https:\/\/facebook.com\/sunoresearch\",\"https:\/\/x.com\/sunoresearch\",\"https:\/\/www.instagram.com\/suno\",\"https:\/\/www.linkedin.com\/company\/suno-research\/\",\"https:\/\/www.youtube.com\/c\/sunoresearch\"]},{\"@type\":\"Person\",\"@id\":\"https:\/\/www.suno.com.br\/noticias\/#\/schema\/person\/3df0d2808748b74496efe5dbeaef2c72\",\"name\":\"Laura Moutinho\",\"image\":{\"@type\":\"ImageObject\",\"inLanguage\":\"pt-BR\",\"@id\":\"https:\/\/www.suno.com.br\/noticias\/#\/schema\/person\/image\/\",\"url\":\"https:\/\/secure.gravatar.com\/avatar\/7571c7c8ca3a6fca5e41384ece5557ff?s=96&r=g\",\"contentUrl\":\"https:\/\/secure.gravatar.com\/avatar\/7571c7c8ca3a6fca5e41384ece5557ff?s=96&r=g\",\"caption\":\"Laura Moutinho\"},\"description\":\"Estagi\u00e1ria na Suno Not\u00edcias, escreve not\u00edcias que afetam o mercado financeiro. Estuda administra\u00e7\u00e3o na Universidade Presbiteriana Mackenzie.\",\"url\":\"https:\/\/www.suno.com.br\/noticias\/author\/laura-moutinho\/\"}]}<\/script>\n<!-- \/ Yoast SEO plugin. -->","yoast_head_json":{"title":"Oposi\u00e7\u00e3o faz requerimento para que MP da Eletrobras volte ao Planalto","description":"Oposi\u00e7\u00e3o protocolou requerimento para que a MP que inclui a Eletrobras (ELET3) no PND seja devolvida ao Executivo. Clique aqui e saiba mais.","robots":{"index":"index","follow":"follow","max-snippet":"max-snippet:-1","max-image-preview":"max-image-preview:large","max-video-preview":"max-video-preview:-1"},"canonical":"https:\/\/www.suno.com.br\/noticias\/requerimento-devolver-mp-eletrobras-elet6-planalto\/","og_locale":"pt_BR","og_type":"article","og_title":"Oposi\u00e7\u00e3o faz requerimento para que MP da Eletrobras volte ao Planalto","og_description":"Oposi\u00e7\u00e3o protocolou requerimento para que a MP que inclui a Eletrobras (ELET3) no PND seja devolvida ao Executivo. Clique aqui e saiba mais.","og_url":"https:\/\/www.suno.com.br\/noticias\/requerimento-devolver-mp-eletrobras-elet6-planalto\/","og_site_name":"Suno Not\u00edcias","article_publisher":"https:\/\/facebook.com\/sunoresearch","og_image":[{"width":800,"height":450,"url":"https:\/\/files.sunoresearch.com.br\/n\/uploads\/2021\/02\/69786985-eletrobras.jpg","type":"image\/jpeg"}],"author":"Laura Moutinho","twitter_card":"summary_large_image","twitter_creator":"@sunoresearch","twitter_site":"@sunoresearch","twitter_misc":{"Escrito por":"Laura Moutinho","Est. tempo de leitura":"2 minutos"},"schema":{"@context":"https:\/\/schema.org","@graph":[{"@type":"NewsArticle","@id":"https:\/\/www.suno.com.br\/noticias\/requerimento-devolver-mp-eletrobras-elet6-planalto\/#article","isPartOf":{"@id":"https:\/\/www.suno.com.br\/noticias\/requerimento-devolver-mp-eletrobras-elet6-planalto\/"},"author":{"name":"Laura Moutinho","@id":"https:\/\/www.suno.com.br\/noticias\/#\/schema\/person\/3df0d2808748b74496efe5dbeaef2c72"},"headline":"Oposi\u00e7\u00e3o protocola requerimento para Pacheco devolver MP da Eletrobras (ELET3) ao Planalto","datePublished":"2021-02-24T21:27:13+00:00","dateModified":"2021-02-24T22:36:17+00:00","mainEntityOfPage":{"@id":"https:\/\/www.suno.com.br\/noticias\/requerimento-devolver-mp-eletrobras-elet6-planalto\/"},"wordCount":492,"publisher":{"@id":"https:\/\/www.suno.com.br\/noticias\/#organization"},"image":{"@id":"https:\/\/www.suno.com.br\/noticias\/requerimento-devolver-mp-eletrobras-elet6-planalto\/#primaryimage"},"thumbnailUrl":"https:\/\/files.sunoresearch.com.br\/n\/uploads\/2021\/02\/69786985-eletrobras-jpg.webp","keywords":["Eletrobras (ELET3\/ELET5\/ELET6)","privatiza\u00e7\u00e3o da Eletrobras"],"articleSection":["Neg\u00f3cios"],"inLanguage":"pt-BR"},{"@type":"WebPage","@id":"https:\/\/www.suno.com.br\/noticias\/requerimento-devolver-mp-eletrobras-elet6-planalto\/","url":"https:\/\/www.suno.com.br\/noticias\/requerimento-devolver-mp-eletrobras-elet6-planalto\/","name":"Oposi\u00e7\u00e3o faz requerimento para que MP da Eletrobras volte ao Planalto","isPartOf":{"@id":"https:\/\/www.suno.com.br\/noticias\/#website"},"primaryImageOfPage":{"@id":"https:\/\/www.suno.com.br\/noticias\/requerimento-devolver-mp-eletrobras-elet6-planalto\/#primaryimage"},"image":{"@id":"https:\/\/www.suno.com.br\/noticias\/requerimento-devolver-mp-eletrobras-elet6-planalto\/#primaryimage"},"thumbnailUrl":"https:\/\/files.sunoresearch.com.br\/n\/uploads\/2021\/02\/69786985-eletrobras-jpg.webp","datePublished":"2021-02-24T21:27:13+00:00","dateModified":"2021-02-24T22:36:17+00:00","description":"Oposi\u00e7\u00e3o protocolou requerimento para que a MP que inclui a Eletrobras (ELET3) no PND seja devolvida ao Executivo. Clique aqui e saiba mais.","breadcrumb":{"@id":"https:\/\/www.suno.com.br\/noticias\/requerimento-devolver-mp-eletrobras-elet6-planalto\/#breadcrumb"},"inLanguage":"pt-BR","potentialAction":[{"@type":"ReadAction","target":["https:\/\/www.suno.com.br\/noticias\/requerimento-devolver-mp-eletrobras-elet6-planalto\/"]}]},{"@type":"ImageObject","inLanguage":"pt-BR","@id":"https:\/\/www.suno.com.br\/noticias\/requerimento-devolver-mp-eletrobras-elet6-planalto\/#primaryimage","url":"https:\/\/files.sunoresearch.com.br\/n\/uploads\/2021\/02\/69786985-eletrobras-jpg.webp","contentUrl":"https:\/\/files.sunoresearch.com.br\/n\/uploads\/2021\/02\/69786985-eletrobras-jpg.webp","width":800,"height":450,"caption":"Eletrobras (ELET3)"},{"@type":"BreadcrumbList","@id":"https:\/\/www.suno.com.br\/noticias\/requerimento-devolver-mp-eletrobras-elet6-planalto\/#breadcrumb","itemListElement":[{"@type":"ListItem","position":1,"name":"Not\u00edcias","item":"https:\/\/www.suno.com.br\/noticias\/"},{"@type":"ListItem","position":2,"name":"Neg\u00f3cios","item":"https:\/\/www.suno.com.br\/noticias\/negocios\/"},{"@type":"ListItem","position":3,"name":"Oposi\u00e7\u00e3o protocola requerimento para Pacheco devolver MP da Eletrobras (ELET3) ao Planalto"}]},{"@type":"WebSite","@id":"https:\/\/www.suno.com.br\/noticias\/#website","url":"https:\/\/www.suno.com.br\/noticias\/","name":"Suno Not\u00edcias","description":"Seu portal de informa\u00e7\u00e3o sobre o mundo dos investimentos","publisher":{"@id":"https:\/\/www.suno.com.br\/noticias\/#organization"},"potentialAction":[{"@type":"SearchAction","target":{"@type":"EntryPoint","urlTemplate":"https:\/\/www.suno.com.br\/noticias\/?s={search_term_string}"},"query-input":{"@type":"PropertyValueSpecification","valueRequired":true,"valueName":"search_term_string"}}],"inLanguage":"pt-BR"},{"@type":"Organization","@id":"https:\/\/www.suno.com.br\/noticias\/#organization","name":"Suno Not\u00edcias","url":"https:\/\/www.suno.com.br\/noticias\/","logo":{"@type":"ImageObject","inLanguage":"pt-BR","@id":"https:\/\/www.suno.com.br\/noticias\/#\/schema\/logo\/image\/","url":"https:\/\/files.sunoresearch.com.br\/n\/uploads\/2021\/09\/suno-logo.png","contentUrl":"https:\/\/files.sunoresearch.com.br\/n\/uploads\/2021\/09\/suno-logo.png","width":180,"height":180,"caption":"Suno Not\u00edcias"},"image":{"@id":"https:\/\/www.suno.com.br\/noticias\/#\/schema\/logo\/image\/"},"sameAs":["https:\/\/facebook.com\/sunoresearch","https:\/\/x.com\/sunoresearch","https:\/\/www.instagram.com\/suno","https:\/\/www.linkedin.com\/company\/suno-research\/","https:\/\/www.youtube.com\/c\/sunoresearch"]},{"@type":"Person","@id":"https:\/\/www.suno.com.br\/noticias\/#\/schema\/person\/3df0d2808748b74496efe5dbeaef2c72","name":"Laura Moutinho","image":{"@type":"ImageObject","inLanguage":"pt-BR","@id":"https:\/\/www.suno.com.br\/noticias\/#\/schema\/person\/image\/","url":"https:\/\/secure.gravatar.com\/avatar\/7571c7c8ca3a6fca5e41384ece5557ff?s=96&r=g","contentUrl":"https:\/\/secure.gravatar.com\/avatar\/7571c7c8ca3a6fca5e41384ece5557ff?s=96&r=g","caption":"Laura Moutinho"},"description":"Estagi\u00e1ria na Suno Not\u00edcias, escreve not\u00edcias que afetam o mercado financeiro. Estuda administra\u00e7\u00e3o na Universidade Presbiteriana Mackenzie.","url":"https:\/\/www.suno.com.br\/noticias\/author\/laura-moutinho\/"}]}},"default_loop_html":"<div class=\"cardsPage__listCard__boxs\"><div class=\"cardsPage__listCard__boxs__img\"><a href=\"https:\/\/www.suno.com.br\/noticias\/requerimento-devolver-mp-eletrobras-elet6-planalto\/\"><img class=\"mask\" src=\"https:\/\/www.suno.com.br\/noticias\/wp-content\/themes\/suno\/resources\/images\/spotlight\/spotlight1img\/bg-mask.png\" alt=\"Image Mask\"\/><img src=\"https:\/\/files.sunoresearch.com.br\/n\/uploads\/2021\/02\/69786985-eletrobras-400x200.webp\" alt=\"Oposi\u00e7\u00e3o protocola requerimento para Pacheco devolver MP da Eletrobras (ELET3) ao Planalto\"\/><\/a><span class=\"spotlightCategory\"><a href=\"https:\/\/www.suno.com.br\/noticias\/negocios\/\">Neg\u00f3cios<\/a><\/span><\/div><div class=\"cardsPage__listCard__boxs__content\"><a href=\"https:\/\/www.suno.com.br\/noticias\/requerimento-devolver-mp-eletrobras-elet6-planalto\/\"><h2 class=\"content__title\">Oposi\u00e7\u00e3o protocola requerimento para Pacheco devolver MP da Eletrobras (ELET3) ao Planalto<\/h2><\/a><div class=\"newsContent__article__meta\"><div class=\"newsContent__article__meta__authorBox\"><a href=\"https:\/\/www.suno.com.br\/noticias\/author\/laura-moutinho\/\" class=\"authorBox__avatar noMobi\"><img src=\"https:\/\/files.sunoresearch.com.br\/n\/uploads\/2020\/08\/531ff69d-whatsapp-image-2020-08-03-at-14.54.38-150x150.webp\" alt=\"Laura Moutinho\"><\/a><div class=\"authorBox__name\"><span>por\n\t\t\t<a href=\"https:\/\/www.suno.com.br\/noticias\/author\/laura-moutinho\/\"><span itemprop=\"author\">Laura Moutinho<\/span><\/a><\/span><time datetime=\"2021-02-24T18:27:13-03:00\" itemprop=\"datePublished\">24\/02\/2021 18:27<\/time><\/div><\/div><\/div><\/div><\/div>","single_layout":"posts","amp_enabled":true,"_links":{"self":[{"href":"https:\/\/www.suno.com.br\/noticias\/wp-json\/wp\/v2\/posts\/126274"}],"collection":[{"href":"https:\/\/www.suno.com.br\/noticias\/wp-json\/wp\/v2\/posts"}],"about":[{"href":"https:\/\/www.suno.com.br\/noticias\/wp-json\/wp\/v2\/types\/post"}],"author":[{"embeddable":true,"href":"https:\/\/www.suno.com.br\/noticias\/wp-json\/wp\/v2\/users\/39"}],"replies":[{"embeddable":true,"href":"https:\/\/www.suno.com.br\/noticias\/wp-json\/wp\/v2\/comments?post=126274"}],"version-history":[{"count":2,"href":"https:\/\/www.suno.com.br\/noticias\/wp-json\/wp\/v2\/posts\/126274\/revisions"}],"predecessor-version":[{"id":126325,"href":"https:\/\/www.suno.com.br\/noticias\/wp-json\/wp\/v2\/posts\/126274\/revisions\/126325"}],"wp:featuredmedia":[{"embeddable":true,"href":"https:\/\/www.suno.com.br\/noticias\/wp-json\/wp\/v2\/media\/126312"}],"wp:attachment":[{"href":"https:\/\/www.suno.com.br\/noticias\/wp-json\/wp\/v2\/media?parent=126274"}],"wp:term":[{"taxonomy":"category","embeddable":true,"href":"https:\/\/www.suno.com.br\/noticias\/wp-json\/wp\/v2\/categories?post=126274"},{"taxonomy":"post_tag","embeddable":true,"href":"https:\/\/www.suno.com.br\/noticias\/wp-json\/wp\/v2\/tags?post=126274"},{"taxonomy":"suno_strategy","embeddable":true,"href":"https:\/\/www.suno.com.br\/noticias\/wp-json\/wp\/v2\/suno_strategy?post=126274"}],"curies":[{"name":"wp","href":"https:\/\/api.w.org\/{rel}","templated":true}]}}