{"id":12610,"date":"2019-01-22T13:06:49","date_gmt":"2019-01-22T15:06:49","guid":{"rendered":"https:\/\/www.suno.com.br\/noticias\/?p=12610"},"modified":"2019-01-22T13:20:47","modified_gmt":"2019-01-22T15:20:47","slug":"volkswagen-recall-saveiro","status":"publish","type":"post","link":"https:\/\/www.suno.com.br\/noticias\/volkswagen-recall-saveiro\/","title":{"rendered":"Volkswagen faz recall de 185 mil unidades da Saveiro"},"content":{"rendered":"<p>A Volkswagen anunciou um poss\u00edvel defeito no conjunto de <strong>freio<\/strong> traseiro nas picapes Saveiro. Os propriet\u00e1rios do modelo de pick-up entre 2014 e 2018 devem entrar em contato com uma concession\u00e1ria da marca para o <strong>recall<\/strong> do ve\u00edculo. O chamado da montadora envolve 185.797 unidades.<\/p>\t<div class=\"wrapper-featured-image\">\n\t\t<figure class=\"spotlightImg\">\n\n\t\t\t<picture>\n\t\t\t\t<source media=\"(max-width: 768px)\" srcset=\"https:\/\/files.sunoresearch.com.br\/n\/uploads\/2019\/01\/985c176a-volkswagen-400x200.webp\">\n\t\t\t\t<img loading=\"lazy\" decoding=\"async\" class=\"newsContent__article__imgCapa lazyloadDisabled newsContent__article__imgCapa--noCaption\" src=\"https:\/\/files.sunoresearch.com.br\/n\/uploads\/2019\/01\/985c176a-volkswagen-800x450.webp\" width=\"800\" height=\"450\" alt=\"Volkswagen faz recall de 185 mil unidades da Saveiro\" fetchpriority=high \/>\n\t\t\t<\/picture>\n\n\t\t\t<figcaption class=\"wp-caption-text wp-caption-text--hide\">Volkswagen registra preju\u00edzo no 2T20 mas prev\u00ea recupera\u00e7\u00e3o do mercado<\/figcaption>\n\t\t<\/figure>\n\t<\/div>\n\n\n<p>O reparo gratuito ter\u00e1 in\u00edcio a partir de 28 de janeiro nas concession\u00e1rias da marca, anunciou a\u00a0<strong>Volkswagen<\/strong> tamb\u00e9mna segunda-feira (21).\u00a0O tempo de substitui\u00e7\u00e3o dos elementos de freio \u00e9 estimado em 40 minutos.<\/p>\n<p><a href=\"https:\/\/www.suno.com.br\/noticias\/volskwagen-recall-emissoes\/\">Saiba mais &#8211;\u00a0Volkswagen pode enfrentar recall de mais ve\u00edculos devido \u00e0s emiss\u00f5es\u00a0<\/a><\/p>\n<p><a href=\"https:\/\/www.suno.com.br\/noticias\/volkswagen-se-destaca-na-venda-de-veiculos-em-2018\/\">Saiba mais &#8211;\u00a0Volkswagen se destaca na venda de ve\u00edculos em 2018\u00a0<\/a><\/p>\n<p>As unidades que com suspeita de defeito seguem os padr\u00f5es abaixo:<\/p>\n<ul>\n<li>fabrica\u00e7\u00e3o entre 17 de junho de 2013 e 16 de agosto de 2017;<\/li>\n<li>com chassis de EP035775 a JP100759.<\/li>\n<\/ul>\n<p>Os propriet\u00e1rios de ve\u00edculos nesses padr\u00f5es ter\u00e3o de fazer agendamento em uma das concession\u00e1rias.<\/p>\n<p>De acordo com a <strong>Volkswagen<\/strong>, foi constatada uma falha na montagem dos elementos de fixa\u00e7\u00e3o do conjunto de pin\u00e7as dos freios traseiros. Tais elementos podem se soltar.<\/p>\n<p>Assim, o\u00a0defeito pode gerar ru\u00eddos nos <strong>freios<\/strong>, e danos \u00e0 roda. Nos casos mais extremos, h\u00e1 possibilidade de travamento da roda, com risco de graves acidentes com danos f\u00edsicos e materiais. O risco n\u00e3o se restringe aos ocupantes, e pode atingir terceiros.<\/p>\n<p><a href=\"https:\/\/www.suno.com.br\/noticias\/presidente-mundial-volkswagen-otimista-brasil\/\">Saiba mais &#8211;\u00a0Presidente mundial da Volkswagen diz estar otimista com o Brasil\u00a0<\/a><\/p>\n<p>A <strong>Volkswagen<\/strong> afirmou que enviar\u00e1 cartas aos propriet\u00e1rios de ve\u00edculos envolvidos no recall, informando acerca das circunst\u00e2ncias. O propriet\u00e1rio de modelo chamado no <strong>recall\u00a0<\/strong>ter\u00e1 de fazer agendamento em uma das concession\u00e1rias. O site http:\/\/www.vw.com.br e o telefone 0800 019 8866 est\u00e3o dispon\u00edveis para mais informa\u00e7\u00f5es.<\/p>\n","protected":false},"excerpt":{"rendered":"<p>A Volkswagen anunciou um poss\u00edvel defeito no conjunto de freio traseiro nas picapes Saveiro. Os propriet\u00e1rios do modelo de pick-up entre 2014 e 2018 devem entrar em contato com uma concession\u00e1ria da marca para o recall do ve\u00edculo. O chamado da montadora envolve 185.797 unidades. Volkswagen registra preju\u00edzo no 2T20 mas prev\u00ea recupera\u00e7\u00e3o do mercado [&hellip;]<\/p>\n","protected":false},"author":12,"featured_media":11466,"comment_status":"closed","ping_status":"closed","sticky":false,"template":"","format":"standard","meta":[],"categories":[64],"tags":[],"suno_strategy":[],"class_list":["post-12610","post","type-post","status-publish","format-standard","has-post-thumbnail","hentry","category-negocios"],"yoast_head":"<!-- This site is optimized with the Yoast SEO plugin v24.4 - https:\/\/yoast.com\/wordpress\/plugins\/seo\/ -->\n<title>Volkswagen faz recall de 185 mil unidades da Saveiro<\/title>\n<meta name=\"description\" content=\"A Volkswagen far\u00e1 recall de 185 mil unidades da pick-up Saveiro, devido \u00e0 uma poss\u00edvel falha nos freios. Clique para saber mais.\" \/>\n<meta name=\"robots\" content=\"index, follow, max-snippet:-1, max-image-preview:large, max-video-preview:-1\" \/>\n<link rel=\"canonical\" href=\"https:\/\/www.suno.com.br\/noticias\/volkswagen-recall-saveiro\/\" \/>\n<meta property=\"og:locale\" content=\"pt_BR\" \/>\n<meta property=\"og:type\" content=\"article\" \/>\n<meta property=\"og:title\" content=\"Volkswagen faz recall de 185 mil unidades da Saveiro\" \/>\n<meta property=\"og:description\" content=\"A Volkswagen far\u00e1 recall de 185 mil unidades da pick-up Saveiro, devido \u00e0 uma poss\u00edvel falha nos freios. Clique para saber mais.\" \/>\n<meta property=\"og:url\" content=\"https:\/\/www.suno.com.br\/noticias\/volkswagen-recall-saveiro\/\" \/>\n<meta property=\"og:site_name\" content=\"Suno Not\u00edcias\" \/>\n<meta property=\"article:publisher\" content=\"https:\/\/facebook.com\/sunoresearch\" \/>\n<meta property=\"og:image\" content=\"https:\/\/files.sunoresearch.com.br\/n\/uploads\/2019\/01\/985c176a-volkswagen.jpg\" \/>\n\t<meta property=\"og:image:width\" content=\"960\" \/>\n\t<meta property=\"og:image:height\" content=\"640\" \/>\n\t<meta property=\"og:image:type\" content=\"image\/jpeg\" \/>\n<meta name=\"author\" content=\"Amanda Gushiken\" \/>\n<meta name=\"twitter:card\" content=\"summary_large_image\" \/>\n<meta name=\"twitter:creator\" content=\"@sunoresearch\" \/>\n<meta name=\"twitter:site\" content=\"@sunoresearch\" \/>\n<meta name=\"twitter:label1\" content=\"Escrito por\" \/>\n\t<meta name=\"twitter:data1\" content=\"Amanda Gushiken\" \/>\n\t<meta name=\"twitter:label2\" content=\"Est. tempo de leitura\" \/>\n\t<meta name=\"twitter:data2\" content=\"1 minuto\" \/>\n<script type=\"application\/ld+json\" class=\"yoast-schema-graph\">{\"@context\":\"https:\/\/schema.org\",\"@graph\":[{\"@type\":\"NewsArticle\",\"@id\":\"https:\/\/www.suno.com.br\/noticias\/volkswagen-recall-saveiro\/#article\",\"isPartOf\":{\"@id\":\"https:\/\/www.suno.com.br\/noticias\/volkswagen-recall-saveiro\/\"},\"author\":{\"name\":\"Amanda Gushiken\",\"@id\":\"https:\/\/www.suno.com.br\/noticias\/#\/schema\/person\/a5b06fa4e879d8e8e119c6ed3cd630d1\"},\"headline\":\"Volkswagen faz recall de 185 mil unidades da Saveiro\",\"datePublished\":\"2019-01-22T15:06:49+00:00\",\"dateModified\":\"2019-01-22T15:20:47+00:00\",\"mainEntityOfPage\":{\"@id\":\"https:\/\/www.suno.com.br\/noticias\/volkswagen-recall-saveiro\/\"},\"wordCount\":304,\"publisher\":{\"@id\":\"https:\/\/www.suno.com.br\/noticias\/#organization\"},\"image\":{\"@id\":\"https:\/\/www.suno.com.br\/noticias\/volkswagen-recall-saveiro\/#primaryimage\"},\"thumbnailUrl\":\"https:\/\/files.sunoresearch.com.br\/n\/uploads\/2019\/01\/985c176a-volkswagen-jpg.webp\",\"articleSection\":[\"Neg\u00f3cios\"],\"inLanguage\":\"pt-BR\"},{\"@type\":\"WebPage\",\"@id\":\"https:\/\/www.suno.com.br\/noticias\/volkswagen-recall-saveiro\/\",\"url\":\"https:\/\/www.suno.com.br\/noticias\/volkswagen-recall-saveiro\/\",\"name\":\"Volkswagen faz recall de 185 mil unidades da Saveiro\",\"isPartOf\":{\"@id\":\"https:\/\/www.suno.com.br\/noticias\/#website\"},\"primaryImageOfPage\":{\"@id\":\"https:\/\/www.suno.com.br\/noticias\/volkswagen-recall-saveiro\/#primaryimage\"},\"image\":{\"@id\":\"https:\/\/www.suno.com.br\/noticias\/volkswagen-recall-saveiro\/#primaryimage\"},\"thumbnailUrl\":\"https:\/\/files.sunoresearch.com.br\/n\/uploads\/2019\/01\/985c176a-volkswagen-jpg.webp\",\"datePublished\":\"2019-01-22T15:06:49+00:00\",\"dateModified\":\"2019-01-22T15:20:47+00:00\",\"description\":\"A Volkswagen far\u00e1 recall de 185 mil unidades da pick-up Saveiro, devido \u00e0 uma poss\u00edvel falha nos freios. Clique para saber mais.\",\"breadcrumb\":{\"@id\":\"https:\/\/www.suno.com.br\/noticias\/volkswagen-recall-saveiro\/#breadcrumb\"},\"inLanguage\":\"pt-BR\",\"potentialAction\":[{\"@type\":\"ReadAction\",\"target\":[\"https:\/\/www.suno.com.br\/noticias\/volkswagen-recall-saveiro\/\"]}]},{\"@type\":\"ImageObject\",\"inLanguage\":\"pt-BR\",\"@id\":\"https:\/\/www.suno.com.br\/noticias\/volkswagen-recall-saveiro\/#primaryimage\",\"url\":\"https:\/\/files.sunoresearch.com.br\/n\/uploads\/2019\/01\/985c176a-volkswagen-jpg.webp\",\"contentUrl\":\"https:\/\/files.sunoresearch.com.br\/n\/uploads\/2019\/01\/985c176a-volkswagen-jpg.webp\",\"width\":960,\"height\":640,\"caption\":\"Volkswagen registra preju\u00edzo no 2T20 mas prev\u00ea recupera\u00e7\u00e3o do mercado\"},{\"@type\":\"BreadcrumbList\",\"@id\":\"https:\/\/www.suno.com.br\/noticias\/volkswagen-recall-saveiro\/#breadcrumb\",\"itemListElement\":[{\"@type\":\"ListItem\",\"position\":1,\"name\":\"Not\u00edcias\",\"item\":\"https:\/\/www.suno.com.br\/noticias\/\"},{\"@type\":\"ListItem\",\"position\":2,\"name\":\"Neg\u00f3cios\",\"item\":\"https:\/\/www.suno.com.br\/noticias\/negocios\/\"},{\"@type\":\"ListItem\",\"position\":3,\"name\":\"Volkswagen faz recall de 185 mil unidades da Saveiro\"}]},{\"@type\":\"WebSite\",\"@id\":\"https:\/\/www.suno.com.br\/noticias\/#website\",\"url\":\"https:\/\/www.suno.com.br\/noticias\/\",\"name\":\"Suno Not\u00edcias\",\"description\":\"Seu portal de informa\u00e7\u00e3o sobre o mundo dos investimentos\",\"publisher\":{\"@id\":\"https:\/\/www.suno.com.br\/noticias\/#organization\"},\"potentialAction\":[{\"@type\":\"SearchAction\",\"target\":{\"@type\":\"EntryPoint\",\"urlTemplate\":\"https:\/\/www.suno.com.br\/noticias\/?s={search_term_string}\"},\"query-input\":{\"@type\":\"PropertyValueSpecification\",\"valueRequired\":true,\"valueName\":\"search_term_string\"}}],\"inLanguage\":\"pt-BR\"},{\"@type\":\"Organization\",\"@id\":\"https:\/\/www.suno.com.br\/noticias\/#organization\",\"name\":\"Suno Not\u00edcias\",\"url\":\"https:\/\/www.suno.com.br\/noticias\/\",\"logo\":{\"@type\":\"ImageObject\",\"inLanguage\":\"pt-BR\",\"@id\":\"https:\/\/www.suno.com.br\/noticias\/#\/schema\/logo\/image\/\",\"url\":\"https:\/\/files.sunoresearch.com.br\/n\/uploads\/2021\/09\/suno-logo.png\",\"contentUrl\":\"https:\/\/files.sunoresearch.com.br\/n\/uploads\/2021\/09\/suno-logo.png\",\"width\":180,\"height\":180,\"caption\":\"Suno Not\u00edcias\"},\"image\":{\"@id\":\"https:\/\/www.suno.com.br\/noticias\/#\/schema\/logo\/image\/\"},\"sameAs\":[\"https:\/\/facebook.com\/sunoresearch\",\"https:\/\/x.com\/sunoresearch\",\"https:\/\/www.instagram.com\/suno\",\"https:\/\/www.linkedin.com\/company\/suno-research\/\",\"https:\/\/www.youtube.com\/c\/sunoresearch\"]},{\"@type\":\"Person\",\"@id\":\"https:\/\/www.suno.com.br\/noticias\/#\/schema\/person\/a5b06fa4e879d8e8e119c6ed3cd630d1\",\"name\":\"Amanda Gushiken\",\"image\":{\"@type\":\"ImageObject\",\"inLanguage\":\"pt-BR\",\"@id\":\"https:\/\/www.suno.com.br\/noticias\/#\/schema\/person\/image\/\",\"url\":\"https:\/\/secure.gravatar.com\/avatar\/ecd84705e6b65e3685ae80d725501fbe?s=96&r=g\",\"contentUrl\":\"https:\/\/secure.gravatar.com\/avatar\/ecd84705e6b65e3685ae80d725501fbe?s=96&r=g\",\"caption\":\"Amanda Gushiken\"},\"description\":\"Amanda Sayuri Gushiken escreve sobre finan\u00e7as e neg\u00f3cios para o portal Suno Not\u00edcias. Antes, trabalhou selecionando not\u00edcias da imprensa para clientes do mercado financeiro. Tamb\u00e9m desenvolveu pesquisa acad\u00eamica pela Universidade Anhembi Morumbi na \u00e1rea de Teorias da Comunica\u00e7\u00e3o e \u00e9 fot\u00f3grafa nas horas vagas.\",\"url\":\"https:\/\/www.suno.com.br\/noticias\/author\/amanda\/\"}]}<\/script>\n<!-- \/ Yoast SEO plugin. -->","yoast_head_json":{"title":"Volkswagen faz recall de 185 mil unidades da Saveiro","description":"A Volkswagen far\u00e1 recall de 185 mil unidades da pick-up Saveiro, devido \u00e0 uma poss\u00edvel falha nos freios. Clique para saber mais.","robots":{"index":"index","follow":"follow","max-snippet":"max-snippet:-1","max-image-preview":"max-image-preview:large","max-video-preview":"max-video-preview:-1"},"canonical":"https:\/\/www.suno.com.br\/noticias\/volkswagen-recall-saveiro\/","og_locale":"pt_BR","og_type":"article","og_title":"Volkswagen faz recall de 185 mil unidades da Saveiro","og_description":"A Volkswagen far\u00e1 recall de 185 mil unidades da pick-up Saveiro, devido \u00e0 uma poss\u00edvel falha nos freios. Clique para saber mais.","og_url":"https:\/\/www.suno.com.br\/noticias\/volkswagen-recall-saveiro\/","og_site_name":"Suno Not\u00edcias","article_publisher":"https:\/\/facebook.com\/sunoresearch","og_image":[{"width":960,"height":640,"url":"https:\/\/files.sunoresearch.com.br\/n\/uploads\/2019\/01\/985c176a-volkswagen.jpg","type":"image\/jpeg"}],"author":"Amanda Gushiken","twitter_card":"summary_large_image","twitter_creator":"@sunoresearch","twitter_site":"@sunoresearch","twitter_misc":{"Escrito por":"Amanda Gushiken","Est. tempo de leitura":"1 minuto"},"schema":{"@context":"https:\/\/schema.org","@graph":[{"@type":"NewsArticle","@id":"https:\/\/www.suno.com.br\/noticias\/volkswagen-recall-saveiro\/#article","isPartOf":{"@id":"https:\/\/www.suno.com.br\/noticias\/volkswagen-recall-saveiro\/"},"author":{"name":"Amanda Gushiken","@id":"https:\/\/www.suno.com.br\/noticias\/#\/schema\/person\/a5b06fa4e879d8e8e119c6ed3cd630d1"},"headline":"Volkswagen faz recall de 185 mil unidades da Saveiro","datePublished":"2019-01-22T15:06:49+00:00","dateModified":"2019-01-22T15:20:47+00:00","mainEntityOfPage":{"@id":"https:\/\/www.suno.com.br\/noticias\/volkswagen-recall-saveiro\/"},"wordCount":304,"publisher":{"@id":"https:\/\/www.suno.com.br\/noticias\/#organization"},"image":{"@id":"https:\/\/www.suno.com.br\/noticias\/volkswagen-recall-saveiro\/#primaryimage"},"thumbnailUrl":"https:\/\/files.sunoresearch.com.br\/n\/uploads\/2019\/01\/985c176a-volkswagen-jpg.webp","articleSection":["Neg\u00f3cios"],"inLanguage":"pt-BR"},{"@type":"WebPage","@id":"https:\/\/www.suno.com.br\/noticias\/volkswagen-recall-saveiro\/","url":"https:\/\/www.suno.com.br\/noticias\/volkswagen-recall-saveiro\/","name":"Volkswagen faz recall de 185 mil unidades da Saveiro","isPartOf":{"@id":"https:\/\/www.suno.com.br\/noticias\/#website"},"primaryImageOfPage":{"@id":"https:\/\/www.suno.com.br\/noticias\/volkswagen-recall-saveiro\/#primaryimage"},"image":{"@id":"https:\/\/www.suno.com.br\/noticias\/volkswagen-recall-saveiro\/#primaryimage"},"thumbnailUrl":"https:\/\/files.sunoresearch.com.br\/n\/uploads\/2019\/01\/985c176a-volkswagen-jpg.webp","datePublished":"2019-01-22T15:06:49+00:00","dateModified":"2019-01-22T15:20:47+00:00","description":"A Volkswagen far\u00e1 recall de 185 mil unidades da pick-up Saveiro, devido \u00e0 uma poss\u00edvel falha nos freios. Clique para saber mais.","breadcrumb":{"@id":"https:\/\/www.suno.com.br\/noticias\/volkswagen-recall-saveiro\/#breadcrumb"},"inLanguage":"pt-BR","potentialAction":[{"@type":"ReadAction","target":["https:\/\/www.suno.com.br\/noticias\/volkswagen-recall-saveiro\/"]}]},{"@type":"ImageObject","inLanguage":"pt-BR","@id":"https:\/\/www.suno.com.br\/noticias\/volkswagen-recall-saveiro\/#primaryimage","url":"https:\/\/files.sunoresearch.com.br\/n\/uploads\/2019\/01\/985c176a-volkswagen-jpg.webp","contentUrl":"https:\/\/files.sunoresearch.com.br\/n\/uploads\/2019\/01\/985c176a-volkswagen-jpg.webp","width":960,"height":640,"caption":"Volkswagen registra preju\u00edzo no 2T20 mas prev\u00ea recupera\u00e7\u00e3o do mercado"},{"@type":"BreadcrumbList","@id":"https:\/\/www.suno.com.br\/noticias\/volkswagen-recall-saveiro\/#breadcrumb","itemListElement":[{"@type":"ListItem","position":1,"name":"Not\u00edcias","item":"https:\/\/www.suno.com.br\/noticias\/"},{"@type":"ListItem","position":2,"name":"Neg\u00f3cios","item":"https:\/\/www.suno.com.br\/noticias\/negocios\/"},{"@type":"ListItem","position":3,"name":"Volkswagen faz recall de 185 mil unidades da Saveiro"}]},{"@type":"WebSite","@id":"https:\/\/www.suno.com.br\/noticias\/#website","url":"https:\/\/www.suno.com.br\/noticias\/","name":"Suno Not\u00edcias","description":"Seu portal de informa\u00e7\u00e3o sobre o mundo dos investimentos","publisher":{"@id":"https:\/\/www.suno.com.br\/noticias\/#organization"},"potentialAction":[{"@type":"SearchAction","target":{"@type":"EntryPoint","urlTemplate":"https:\/\/www.suno.com.br\/noticias\/?s={search_term_string}"},"query-input":{"@type":"PropertyValueSpecification","valueRequired":true,"valueName":"search_term_string"}}],"inLanguage":"pt-BR"},{"@type":"Organization","@id":"https:\/\/www.suno.com.br\/noticias\/#organization","name":"Suno Not\u00edcias","url":"https:\/\/www.suno.com.br\/noticias\/","logo":{"@type":"ImageObject","inLanguage":"pt-BR","@id":"https:\/\/www.suno.com.br\/noticias\/#\/schema\/logo\/image\/","url":"https:\/\/files.sunoresearch.com.br\/n\/uploads\/2021\/09\/suno-logo.png","contentUrl":"https:\/\/files.sunoresearch.com.br\/n\/uploads\/2021\/09\/suno-logo.png","width":180,"height":180,"caption":"Suno Not\u00edcias"},"image":{"@id":"https:\/\/www.suno.com.br\/noticias\/#\/schema\/logo\/image\/"},"sameAs":["https:\/\/facebook.com\/sunoresearch","https:\/\/x.com\/sunoresearch","https:\/\/www.instagram.com\/suno","https:\/\/www.linkedin.com\/company\/suno-research\/","https:\/\/www.youtube.com\/c\/sunoresearch"]},{"@type":"Person","@id":"https:\/\/www.suno.com.br\/noticias\/#\/schema\/person\/a5b06fa4e879d8e8e119c6ed3cd630d1","name":"Amanda Gushiken","image":{"@type":"ImageObject","inLanguage":"pt-BR","@id":"https:\/\/www.suno.com.br\/noticias\/#\/schema\/person\/image\/","url":"https:\/\/secure.gravatar.com\/avatar\/ecd84705e6b65e3685ae80d725501fbe?s=96&r=g","contentUrl":"https:\/\/secure.gravatar.com\/avatar\/ecd84705e6b65e3685ae80d725501fbe?s=96&r=g","caption":"Amanda Gushiken"},"description":"Amanda Sayuri Gushiken escreve sobre finan\u00e7as e neg\u00f3cios para o portal Suno Not\u00edcias. Antes, trabalhou selecionando not\u00edcias da imprensa para clientes do mercado financeiro. Tamb\u00e9m desenvolveu pesquisa acad\u00eamica pela Universidade Anhembi Morumbi na \u00e1rea de Teorias da Comunica\u00e7\u00e3o e \u00e9 fot\u00f3grafa nas horas vagas.","url":"https:\/\/www.suno.com.br\/noticias\/author\/amanda\/"}]}},"default_loop_html":"<div class=\"cardsPage__listCard__boxs\"><div class=\"cardsPage__listCard__boxs__img\"><a href=\"https:\/\/www.suno.com.br\/noticias\/volkswagen-recall-saveiro\/\"><img class=\"mask\" src=\"https:\/\/www.suno.com.br\/noticias\/wp-content\/themes\/suno\/resources\/images\/spotlight\/spotlight1img\/bg-mask.png\" alt=\"Image Mask\"\/><img src=\"https:\/\/files.sunoresearch.com.br\/n\/uploads\/2019\/01\/985c176a-volkswagen-400x200.webp\" alt=\"Volkswagen faz recall de 185 mil unidades da Saveiro\"\/><\/a><span class=\"spotlightCategory\"><a href=\"https:\/\/www.suno.com.br\/noticias\/negocios\/\">Neg\u00f3cios<\/a><\/span><\/div><div class=\"cardsPage__listCard__boxs__content\"><a href=\"https:\/\/www.suno.com.br\/noticias\/volkswagen-recall-saveiro\/\"><h2 class=\"content__title\">Volkswagen faz recall de 185 mil unidades da Saveiro<\/h2><\/a><div class=\"newsContent__article__meta\"><div class=\"newsContent__article__meta__authorBox\"><a href=\"https:\/\/www.suno.com.br\/noticias\/author\/amanda\/\" class=\"authorBox__avatar noMobi\"><img src=\"https:\/\/files.sunoresearch.com.br\/n\/uploads\/2018\/11\/c6ad30be-amanda-150x150.webp\" alt=\"Amanda Gushiken\"><\/a><div class=\"authorBox__name\"><span>por\n\t\t\t<a href=\"https:\/\/www.suno.com.br\/noticias\/author\/amanda\/\"><span itemprop=\"author\">Amanda Gushiken<\/span><\/a><\/span><time datetime=\"2019-01-22T13:06:49-02:00\" itemprop=\"datePublished\">22\/01\/2019 13:06<\/time><\/div><\/div><\/div><\/div><\/div>","single_layout":"posts","amp_enabled":true,"_links":{"self":[{"href":"https:\/\/www.suno.com.br\/noticias\/wp-json\/wp\/v2\/posts\/12610"}],"collection":[{"href":"https:\/\/www.suno.com.br\/noticias\/wp-json\/wp\/v2\/posts"}],"about":[{"href":"https:\/\/www.suno.com.br\/noticias\/wp-json\/wp\/v2\/types\/post"}],"author":[{"embeddable":true,"href":"https:\/\/www.suno.com.br\/noticias\/wp-json\/wp\/v2\/users\/12"}],"replies":[{"embeddable":true,"href":"https:\/\/www.suno.com.br\/noticias\/wp-json\/wp\/v2\/comments?post=12610"}],"version-history":[{"count":0,"href":"https:\/\/www.suno.com.br\/noticias\/wp-json\/wp\/v2\/posts\/12610\/revisions"}],"wp:featuredmedia":[{"embeddable":true,"href":"https:\/\/www.suno.com.br\/noticias\/wp-json\/wp\/v2\/media\/11466"}],"wp:attachment":[{"href":"https:\/\/www.suno.com.br\/noticias\/wp-json\/wp\/v2\/media?parent=12610"}],"wp:term":[{"taxonomy":"category","embeddable":true,"href":"https:\/\/www.suno.com.br\/noticias\/wp-json\/wp\/v2\/categories?post=12610"},{"taxonomy":"post_tag","embeddable":true,"href":"https:\/\/www.suno.com.br\/noticias\/wp-json\/wp\/v2\/tags?post=12610"},{"taxonomy":"suno_strategy","embeddable":true,"href":"https:\/\/www.suno.com.br\/noticias\/wp-json\/wp\/v2\/suno_strategy?post=12610"}],"curies":[{"name":"wp","href":"https:\/\/api.w.org\/{rel}","templated":true}]}}