{"id":12595,"date":"2019-01-22T12:47:41","date_gmt":"2019-01-22T14:47:41","guid":{"rendered":"https:\/\/www.suno.com.br\/noticias\/?p=12595"},"modified":"2019-01-22T13:22:17","modified_gmt":"2019-01-22T15:22:17","slug":"bolsonaro-forum-economico-mundial-davos","status":"publish","type":"post","link":"https:\/\/www.suno.com.br\/noticias\/bolsonaro-forum-economico-mundial-davos\/","title":{"rendered":"F\u00f3rum Econ\u00f4mico Mundial: Confira na \u00edntegra o discurso de Bolsonaro"},"content":{"rendered":"<p>O presidente Jair Bolsonaro discursou no <a href=\"https:\/\/www.suno.com.br\/artigos\/direto-de-davos\/\">F\u00f3rum Econ\u00f4mico Mundial<\/a>, em <a href=\"https:\/\/www.suno.com.br\/noticias\/alugueis-davos-sobem-forum-economico-mundial\/\">Davos, na Su\u00ed\u00e7a<\/a>, nesta ter\u00e7a (22).<\/p>\t<div class=\"wrapper-featured-image\">\n\t\t<figure class=\"spotlightImg\">\n\n\t\t\t<picture>\n\t\t\t\t<source media=\"(max-width: 768px)\" srcset=\"https:\/\/files.sunoresearch.com.br\/n\/uploads\/2019\/01\/e8b4f92f-reforma-da-previdencia-400x200.webp\">\n\t\t\t\t<img loading=\"lazy\" decoding=\"async\" class=\"newsContent__article__imgCapa lazyloadDisabled newsContent__article__imgCapa--noCaption\" src=\"https:\/\/files.sunoresearch.com.br\/n\/uploads\/2019\/01\/e8b4f92f-reforma-da-previdencia-800x450.webp\" width=\"800\" height=\"450\" alt=\"F\u00f3rum Econ\u00f4mico Mundial: Confira na \u00edntegra o discurso de Bolsonaro\" fetchpriority=high \/>\n\t\t\t<\/picture>\n\n\t\t\t<figcaption class=\"wp-caption-text wp-caption-text--hide\">Bolsonaro se encontrar\u00e1 com presidente da China antes do G20<\/figcaption>\n\t\t<\/figure>\n\t<\/div>\n\n\n<p>O Brasil abriu o <a href=\"https:\/\/www.suno.com.br\/noticias\/ibovespa-abre-queda-mercado-atento-forum\/\">encontro anual de l\u00edderes mundiais<\/a> e investidores, que come\u00e7ou nesta ter\u00e7a &#8211; \u00e9 a primeira vez que um brasileiro \u00e9 o primeiro a falar. O discurso do presidente <strong>Jair Bolsonaro<\/strong> se iniciou \u00e0s 12h30 (hor\u00e1rio de Bras\u00edlia).<\/p>\n<p><a href=\"https:\/\/www.suno.com.br\/noticias\/wp-admin\/post.php?post=12515&amp;action=edit\">Saiba mais: Brasil ser\u00e1 protagonista do primeiro dia do F\u00f3rum Econ\u00f4mico Mundial<\/a><\/p>\n<p><a href=\"https:\/\/www.suno.com.br\/noticias\/davos-disputa-potencias-risco-urgente\/\">Saiba mais: F\u00f3rum de Davos: tens\u00f5es pol\u00edticas e comerciais s\u00e3o maior risco global<\/a><\/p>\n<p>Confira na \u00edntegra as palavras de<strong>\u00a0Bolsonaro<\/strong>:<\/p>\n<p><em>&#8220;Boa tarde a todos!<\/em><\/p>\n<p><em>Muito obrigado, professor Schwab!<\/em><\/p>\n<p><em>Agrade\u00e7o, antes de mais nada, o convite para participar deste f\u00f3rum e a oportunidade de falar a um p\u00fablico t\u00e3o distinto.<\/em><\/p>\n<p><em>Agrade\u00e7o tamb\u00e9m a honra de me dirigir aos senhores j\u00e1 na abertura desta sess\u00e3o plen\u00e1ria.<\/em><\/p>\n<p><em>Esta \u00e9 a primeira viagem internacional que realizo ap\u00f3s minha elei\u00e7\u00e3o,\u00a0 prova da import\u00e2ncia que atribuo \u00e0s pautas que este f\u00f3rum tem promovido e\u00a0<\/em><em>priorizado.<\/em><\/p>\n<p><em>Esta viagem tamb\u00e9m \u00e9 para mim uma grande opor<\/em><em>tunidade de mostrar para o mundo o momento \u00fanico em que vivemos em meu pa\u00eds e para apresentar a todos o novo Brasil que estamos construindo.<\/em><\/p>\n<p><em>Nas elei\u00e7\u00f5es, gastando menos de 1 milh\u00e3o de d\u00f3lare<\/em><em>s e com 8 segundos de tempo de televis\u00e3o, sendo injustamente atacado a todo tempo, conseguimos a vit\u00f3ria.<\/em><\/p>\n<p><em>Assumi o Brasil em uma profunda crise \u00e9tica, moral e econ\u00f4mica.\u00a0<\/em><em>Temos o compromisso de mudar nossa hist\u00f3ria.<\/em><\/p>\n<p><em>Pela primeira vez no Brasil um presidente montou uma equipe de ministros qualificados.<\/em><\/p>\n<p><em>Honrando o compromisso de campanha, n\u00e3o aceitando inger\u00eancias pol\u00edtico-partid\u00e1rias que, no passado, apenas geraram inefici\u00eancia do Estado e\u00a0<\/em><em>corrup\u00e7\u00e3o.<\/em><\/p>\n<p><em>Gozamos de credibilidade para fazer as reformas de que precisamos e que o mundo espera de n\u00f3s.<\/em><\/p>\n<p><em>Aqui entre n\u00f3s, meu ministro da Justi\u00e7a e Seguran\u00e7a P\u00fablica, <a href=\"https:\/\/www.suno.com.br\/noticias\/moro-abre-trabalhos-do-forum-economico-mundial-de-davos\/\">Sergio Moro<\/a>, o homem certo para o combate \u00e0 corrup\u00e7\u00e3o e o combate \u00e0 lavagem<\/em><br \/>\n<em>de dinheiro.<\/em><\/p>\n<p><em>Vamos investir pesado na seguran\u00e7a para que voc\u00eas nos visitem com suas fam\u00edlias, pois somos um dos primeiros pa\u00edses em belezas naturais, mas n\u00e3o estamos entre os 40 destinos tur\u00edsticos mais visitados do mundo. Conhe\u00e7am a nossa Amaz\u00f4nia, nossas praias, nossas cidades e nosso Pantanal.<\/em><\/p>\n<p><em>O Brasil \u00e9 um para\u00edso, mas ainda \u00e9 pouco conhecido!<\/em><\/p>\n<p><em>Somos o pa\u00eds que mais preserva o meio ambiente. Nenhum outro pa\u00eds do mundo tem tantas florestas como n\u00f3s. A agricultura se faz presente em apenas 9% do nosso territ\u00f3rio e cresce gra\u00e7as a sua tecnologia e \u00e0 compet\u00eancia do produtor rural. Menos de 20% do nosso solo \u00e9 dedicado \u00e0 pecu\u00e1ria. Essas commodities, em grande parte, garantem super\u00e1vit em nossa balan\u00e7a comercial e alimentam boa parte do mundo.<\/em><\/p>\n<p><em>Nossa miss\u00e3o agora \u00e9 avan\u00e7ar na compatibiliza\u00e7\u00e3o entre a preserva\u00e7\u00e3o do meio ambiente e da biodiversidade com o necess\u00e1rio desenvolvimento econ\u00f4mico, lembrando que s\u00e3o interdependentes e indissoci\u00e1veis.<\/em><\/p>\n<p><em>Os setores que nos criticam t\u00eam, na verdade, muito o que aprender conosco.<\/em><br \/>\n<em>Queremos governar pelo exemplo e que o mundo restabele\u00e7a a confian\u00e7a que sempre teve em n\u00f3s.<\/em><\/p>\n<p><em>Vamos diminuir a carga tribut\u00e1ria, simplificar as normas, facilitando a vida de quem deseja produzir, empreender, investir e gerar empregos.<\/em><\/p>\n<p><em>Trabalharemos pela estabilidade macroecon\u00f4mica, respeitando os contratos, privatizando e equilibrando as contas p\u00fablicas.<\/em><\/p>\n<p><em>O Brasil ainda \u00e9 uma economia relativamente fechada ao com\u00e9rcio internacional, e mudar essa condi\u00e7\u00e3o \u00e9 um dos maiores compromissos deste Governo.<\/em><\/p>\n<p><em>Tenham certeza de que, at\u00e9 o final do meu mandato, nossa equipe econ\u00f4mica, liderada pelo ministro Paulo Guedes, nos colocar\u00e1 no ranking dos 50 melhores pa\u00edses para se fazer neg\u00f3cios.<\/em><\/p>\n<p><em>Nossas rela\u00e7\u00f5es internacionais ser\u00e3o dinamizadas pelo ministro Ernesto Ara\u00fajo, implementando uma pol\u00edtica na qual o vi\u00e9s ideol\u00f3gico deixar\u00e1 de existir. Para isso, buscaremos integrar o Brasil ao mundo, por meio da incorpora\u00e7\u00e3o das melhores pr\u00e1ticas internacionais, como aquelas que s\u00e3o\u00a0<\/em><em>adotadas e promovidas pela OCDE.<\/em><\/p>\n<p><em>Buscaremos integrar o Brasil ao mundo tamb\u00e9m por meio de uma defesa ativa da reforma da OMC, com a finalidade de eliminar pr\u00e1ticas desleais de com\u00e9rcio e garantir seguran\u00e7a jur\u00eddica das trocas comerciais\u00a0 internacionais.<\/em><\/p>\n<p><em>Vamos resgatar nossos valores e abrir nossa economia. Vamos defender a fam\u00edlia e os verdadeiros direitos humanos; proteger o direito \u00e0 vida e\u00a0 \u00e0 propriedade privada e promover uma educa\u00e7\u00e3o que prepare nossa juventude para os desafios da quarta revolu\u00e7\u00e3o industrial, buscando, pelo conhecimento, reduzir a pobreza e a mis\u00e9ria.<\/em><\/p>\n<p><em>Estamos aqui porque queremos, al\u00e9m de aprofundar nossos la\u00e7os de amizade, aprofundar nossas rela\u00e7\u00f5es comerciais.<\/em><\/p>\n<p><em>Temos a maior biodiversidade do mundo e nossas riquezas minerais s\u00e3o abundantes. Queremos parceiros com tecnologia para que esse casamento se traduza em progresso e desenvolvimento para todos.<\/em><\/p>\n<p><em>Nossas a\u00e7\u00f5es, tenham certeza, os atrair\u00e3o para grandes neg\u00f3cios, n\u00e3o s\u00f3 para o bem do Brasil, mas tamb\u00e9m para o de todo o mundo.<\/em><\/p>\n<p><em>Estamos de bra\u00e7os abertos. Quero mais que um Brasil grande, quero um mundo de paz, liberdade e democracia.<\/em><\/p>\n<p><em>Tendo como lema \u201cDeus acima de tudo\u201d, acredito que nossas rela\u00e7\u00f5es trar\u00e3o infind\u00e1veis progressos para todos.<\/em><\/p>\n<p><em>Muito obrigado.&#8221;<\/em><\/p>\n","protected":false},"excerpt":{"rendered":"<p>O presidente Jair Bolsonaro discursou no F\u00f3rum Econ\u00f4mico Mundial, em Davos, na Su\u00ed\u00e7a, nesta ter\u00e7a (22). Bolsonaro se encontrar\u00e1 com presidente da China antes do G20 O Brasil abriu o encontro anual de l\u00edderes mundiais e investidores, que come\u00e7ou nesta ter\u00e7a &#8211; \u00e9 a primeira vez que um brasileiro \u00e9 o primeiro a falar. O [&hellip;]<\/p>\n","protected":false},"author":11,"featured_media":10269,"comment_status":"closed","ping_status":"closed","sticky":false,"template":"","format":"standard","meta":[],"categories":[63],"tags":[972,961,719],"suno_strategy":[],"class_list":["post-12595","post","type-post","status-publish","format-standard","has-post-thumbnail","hentry","category-internacional","tag-davos","tag-forum-economico-mundial","tag-jair-bolsonaro"],"yoast_head":"<!-- This site is optimized with the Yoast SEO plugin v24.4 - https:\/\/yoast.com\/wordpress\/plugins\/seo\/ -->\n<title>F\u00f3rum Econ\u00f4mico Mundial: Confira na \u00edntegra o discurso de Bolsonaro<\/title>\n<meta name=\"description\" content=\"O presidente Jair Bolsonaro discursa no F\u00f3rum Econ\u00f4mico Mundial, em Davos. Confira o discurso na \u00edntegra. Clique e saiba mais.\" \/>\n<meta name=\"robots\" content=\"index, follow, max-snippet:-1, max-image-preview:large, max-video-preview:-1\" \/>\n<link rel=\"canonical\" href=\"https:\/\/www.suno.com.br\/noticias\/bolsonaro-forum-economico-mundial-davos\/\" \/>\n<meta property=\"og:locale\" content=\"pt_BR\" \/>\n<meta property=\"og:type\" content=\"article\" \/>\n<meta property=\"og:title\" content=\"F\u00f3rum Econ\u00f4mico Mundial: Confira na \u00edntegra o discurso de Bolsonaro\" \/>\n<meta property=\"og:description\" content=\"O presidente Jair Bolsonaro discursa no F\u00f3rum Econ\u00f4mico Mundial, em Davos. Confira o discurso na \u00edntegra. Clique e saiba mais.\" \/>\n<meta property=\"og:url\" content=\"https:\/\/www.suno.com.br\/noticias\/bolsonaro-forum-economico-mundial-davos\/\" \/>\n<meta property=\"og:site_name\" content=\"Suno Not\u00edcias\" \/>\n<meta property=\"article:publisher\" content=\"https:\/\/facebook.com\/sunoresearch\" \/>\n<meta property=\"og:image\" content=\"https:\/\/files.sunoresearch.com.br\/n\/uploads\/2019\/01\/e8b4f92f-reforma-da-previdencia.jpg\" \/>\n\t<meta property=\"og:image:width\" content=\"1140\" \/>\n\t<meta property=\"og:image:height\" content=\"760\" \/>\n\t<meta property=\"og:image:type\" content=\"image\/jpeg\" \/>\n<meta name=\"author\" content=\"Renan Bandeira\" \/>\n<meta name=\"twitter:card\" content=\"summary_large_image\" \/>\n<meta name=\"twitter:creator\" content=\"@sunoresearch\" \/>\n<meta name=\"twitter:site\" content=\"@sunoresearch\" \/>\n<meta name=\"twitter:label1\" content=\"Escrito por\" \/>\n\t<meta name=\"twitter:data1\" content=\"Renan Bandeira\" \/>\n\t<meta name=\"twitter:label2\" content=\"Est. tempo de leitura\" \/>\n\t<meta name=\"twitter:data2\" content=\"5 minutos\" \/>\n<script type=\"application\/ld+json\" class=\"yoast-schema-graph\">{\"@context\":\"https:\/\/schema.org\",\"@graph\":[{\"@type\":\"NewsArticle\",\"@id\":\"https:\/\/www.suno.com.br\/noticias\/bolsonaro-forum-economico-mundial-davos\/#article\",\"isPartOf\":{\"@id\":\"https:\/\/www.suno.com.br\/noticias\/bolsonaro-forum-economico-mundial-davos\/\"},\"author\":{\"name\":\"Renan Bandeira\",\"@id\":\"https:\/\/www.suno.com.br\/noticias\/#\/schema\/person\/fc144a1c6108bd1dcd43784e88a3c138\"},\"headline\":\"F\u00f3rum Econ\u00f4mico Mundial: Confira na \u00edntegra o discurso de Bolsonaro\",\"datePublished\":\"2019-01-22T14:47:41+00:00\",\"dateModified\":\"2019-01-22T15:22:17+00:00\",\"mainEntityOfPage\":{\"@id\":\"https:\/\/www.suno.com.br\/noticias\/bolsonaro-forum-economico-mundial-davos\/\"},\"wordCount\":917,\"publisher\":{\"@id\":\"https:\/\/www.suno.com.br\/noticias\/#organization\"},\"image\":{\"@id\":\"https:\/\/www.suno.com.br\/noticias\/bolsonaro-forum-economico-mundial-davos\/#primaryimage\"},\"thumbnailUrl\":\"https:\/\/files.sunoresearch.com.br\/n\/uploads\/2019\/01\/e8b4f92f-reforma-da-previdencia-jpg.webp\",\"keywords\":[\"Davos\",\"F\u00f3rum Econ\u00f4mico Mundial\",\"Jair Bolsonaro\"],\"articleSection\":[\"Internacional\"],\"inLanguage\":\"pt-BR\"},{\"@type\":\"WebPage\",\"@id\":\"https:\/\/www.suno.com.br\/noticias\/bolsonaro-forum-economico-mundial-davos\/\",\"url\":\"https:\/\/www.suno.com.br\/noticias\/bolsonaro-forum-economico-mundial-davos\/\",\"name\":\"F\u00f3rum Econ\u00f4mico Mundial: Confira na \u00edntegra o discurso de Bolsonaro\",\"isPartOf\":{\"@id\":\"https:\/\/www.suno.com.br\/noticias\/#website\"},\"primaryImageOfPage\":{\"@id\":\"https:\/\/www.suno.com.br\/noticias\/bolsonaro-forum-economico-mundial-davos\/#primaryimage\"},\"image\":{\"@id\":\"https:\/\/www.suno.com.br\/noticias\/bolsonaro-forum-economico-mundial-davos\/#primaryimage\"},\"thumbnailUrl\":\"https:\/\/files.sunoresearch.com.br\/n\/uploads\/2019\/01\/e8b4f92f-reforma-da-previdencia-jpg.webp\",\"datePublished\":\"2019-01-22T14:47:41+00:00\",\"dateModified\":\"2019-01-22T15:22:17+00:00\",\"description\":\"O presidente Jair Bolsonaro discursa no F\u00f3rum Econ\u00f4mico Mundial, em Davos. Confira o discurso na \u00edntegra. Clique e saiba mais.\",\"breadcrumb\":{\"@id\":\"https:\/\/www.suno.com.br\/noticias\/bolsonaro-forum-economico-mundial-davos\/#breadcrumb\"},\"inLanguage\":\"pt-BR\",\"potentialAction\":[{\"@type\":\"ReadAction\",\"target\":[\"https:\/\/www.suno.com.br\/noticias\/bolsonaro-forum-economico-mundial-davos\/\"]}]},{\"@type\":\"ImageObject\",\"inLanguage\":\"pt-BR\",\"@id\":\"https:\/\/www.suno.com.br\/noticias\/bolsonaro-forum-economico-mundial-davos\/#primaryimage\",\"url\":\"https:\/\/files.sunoresearch.com.br\/n\/uploads\/2019\/01\/e8b4f92f-reforma-da-previdencia-jpg.webp\",\"contentUrl\":\"https:\/\/files.sunoresearch.com.br\/n\/uploads\/2019\/01\/e8b4f92f-reforma-da-previdencia-jpg.webp\",\"width\":1140,\"height\":760,\"caption\":\"Bolsonaro se encontrar\u00e1 com presidente da China antes do G20\"},{\"@type\":\"BreadcrumbList\",\"@id\":\"https:\/\/www.suno.com.br\/noticias\/bolsonaro-forum-economico-mundial-davos\/#breadcrumb\",\"itemListElement\":[{\"@type\":\"ListItem\",\"position\":1,\"name\":\"Not\u00edcias\",\"item\":\"https:\/\/www.suno.com.br\/noticias\/\"},{\"@type\":\"ListItem\",\"position\":2,\"name\":\"Internacional\",\"item\":\"https:\/\/www.suno.com.br\/noticias\/internacional\/\"},{\"@type\":\"ListItem\",\"position\":3,\"name\":\"F\u00f3rum Econ\u00f4mico Mundial: Confira na \u00edntegra o discurso de Bolsonaro\"}]},{\"@type\":\"WebSite\",\"@id\":\"https:\/\/www.suno.com.br\/noticias\/#website\",\"url\":\"https:\/\/www.suno.com.br\/noticias\/\",\"name\":\"Suno Not\u00edcias\",\"description\":\"Seu portal de informa\u00e7\u00e3o sobre o mundo dos investimentos\",\"publisher\":{\"@id\":\"https:\/\/www.suno.com.br\/noticias\/#organization\"},\"potentialAction\":[{\"@type\":\"SearchAction\",\"target\":{\"@type\":\"EntryPoint\",\"urlTemplate\":\"https:\/\/www.suno.com.br\/noticias\/?s={search_term_string}\"},\"query-input\":{\"@type\":\"PropertyValueSpecification\",\"valueRequired\":true,\"valueName\":\"search_term_string\"}}],\"inLanguage\":\"pt-BR\"},{\"@type\":\"Organization\",\"@id\":\"https:\/\/www.suno.com.br\/noticias\/#organization\",\"name\":\"Suno Not\u00edcias\",\"url\":\"https:\/\/www.suno.com.br\/noticias\/\",\"logo\":{\"@type\":\"ImageObject\",\"inLanguage\":\"pt-BR\",\"@id\":\"https:\/\/www.suno.com.br\/noticias\/#\/schema\/logo\/image\/\",\"url\":\"https:\/\/files.sunoresearch.com.br\/n\/uploads\/2021\/09\/suno-logo.png\",\"contentUrl\":\"https:\/\/files.sunoresearch.com.br\/n\/uploads\/2021\/09\/suno-logo.png\",\"width\":180,\"height\":180,\"caption\":\"Suno Not\u00edcias\"},\"image\":{\"@id\":\"https:\/\/www.suno.com.br\/noticias\/#\/schema\/logo\/image\/\"},\"sameAs\":[\"https:\/\/facebook.com\/sunoresearch\",\"https:\/\/x.com\/sunoresearch\",\"https:\/\/www.instagram.com\/suno\",\"https:\/\/www.linkedin.com\/company\/suno-research\/\",\"https:\/\/www.youtube.com\/c\/sunoresearch\"]},{\"@type\":\"Person\",\"@id\":\"https:\/\/www.suno.com.br\/noticias\/#\/schema\/person\/fc144a1c6108bd1dcd43784e88a3c138\",\"name\":\"Renan Bandeira\",\"image\":{\"@type\":\"ImageObject\",\"inLanguage\":\"pt-BR\",\"@id\":\"https:\/\/www.suno.com.br\/noticias\/#\/schema\/person\/image\/\",\"url\":\"https:\/\/secure.gravatar.com\/avatar\/68359cdb608f14f11bbefcb78f3fc747?s=96&r=g\",\"contentUrl\":\"https:\/\/secure.gravatar.com\/avatar\/68359cdb608f14f11bbefcb78f3fc747?s=96&r=g\",\"caption\":\"Renan Bandeira\"},\"description\":\"Renan Bandeira escreve sobre pol\u00edtica e economia para o portal da Suno Research. Antes da Suno, trabalhou em uma rede de televis\u00e3o, onde fazia reportagens sobre os mesmos temas. Estuda na Universidade Metodista de S\u00e3o Paulo.\",\"url\":\"https:\/\/www.suno.com.br\/noticias\/author\/renan-bandeira\/\"}]}<\/script>\n<!-- \/ Yoast SEO plugin. -->","yoast_head_json":{"title":"F\u00f3rum Econ\u00f4mico Mundial: Confira na \u00edntegra o discurso de Bolsonaro","description":"O presidente Jair Bolsonaro discursa no F\u00f3rum Econ\u00f4mico Mundial, em Davos. Confira o discurso na \u00edntegra. Clique e saiba mais.","robots":{"index":"index","follow":"follow","max-snippet":"max-snippet:-1","max-image-preview":"max-image-preview:large","max-video-preview":"max-video-preview:-1"},"canonical":"https:\/\/www.suno.com.br\/noticias\/bolsonaro-forum-economico-mundial-davos\/","og_locale":"pt_BR","og_type":"article","og_title":"F\u00f3rum Econ\u00f4mico Mundial: Confira na \u00edntegra o discurso de Bolsonaro","og_description":"O presidente Jair Bolsonaro discursa no F\u00f3rum Econ\u00f4mico Mundial, em Davos. Confira o discurso na \u00edntegra. Clique e saiba mais.","og_url":"https:\/\/www.suno.com.br\/noticias\/bolsonaro-forum-economico-mundial-davos\/","og_site_name":"Suno Not\u00edcias","article_publisher":"https:\/\/facebook.com\/sunoresearch","og_image":[{"width":1140,"height":760,"url":"https:\/\/files.sunoresearch.com.br\/n\/uploads\/2019\/01\/e8b4f92f-reforma-da-previdencia.jpg","type":"image\/jpeg"}],"author":"Renan Bandeira","twitter_card":"summary_large_image","twitter_creator":"@sunoresearch","twitter_site":"@sunoresearch","twitter_misc":{"Escrito por":"Renan Bandeira","Est. tempo de leitura":"5 minutos"},"schema":{"@context":"https:\/\/schema.org","@graph":[{"@type":"NewsArticle","@id":"https:\/\/www.suno.com.br\/noticias\/bolsonaro-forum-economico-mundial-davos\/#article","isPartOf":{"@id":"https:\/\/www.suno.com.br\/noticias\/bolsonaro-forum-economico-mundial-davos\/"},"author":{"name":"Renan Bandeira","@id":"https:\/\/www.suno.com.br\/noticias\/#\/schema\/person\/fc144a1c6108bd1dcd43784e88a3c138"},"headline":"F\u00f3rum Econ\u00f4mico Mundial: Confira na \u00edntegra o discurso de Bolsonaro","datePublished":"2019-01-22T14:47:41+00:00","dateModified":"2019-01-22T15:22:17+00:00","mainEntityOfPage":{"@id":"https:\/\/www.suno.com.br\/noticias\/bolsonaro-forum-economico-mundial-davos\/"},"wordCount":917,"publisher":{"@id":"https:\/\/www.suno.com.br\/noticias\/#organization"},"image":{"@id":"https:\/\/www.suno.com.br\/noticias\/bolsonaro-forum-economico-mundial-davos\/#primaryimage"},"thumbnailUrl":"https:\/\/files.sunoresearch.com.br\/n\/uploads\/2019\/01\/e8b4f92f-reforma-da-previdencia-jpg.webp","keywords":["Davos","F\u00f3rum Econ\u00f4mico Mundial","Jair Bolsonaro"],"articleSection":["Internacional"],"inLanguage":"pt-BR"},{"@type":"WebPage","@id":"https:\/\/www.suno.com.br\/noticias\/bolsonaro-forum-economico-mundial-davos\/","url":"https:\/\/www.suno.com.br\/noticias\/bolsonaro-forum-economico-mundial-davos\/","name":"F\u00f3rum Econ\u00f4mico Mundial: Confira na \u00edntegra o discurso de Bolsonaro","isPartOf":{"@id":"https:\/\/www.suno.com.br\/noticias\/#website"},"primaryImageOfPage":{"@id":"https:\/\/www.suno.com.br\/noticias\/bolsonaro-forum-economico-mundial-davos\/#primaryimage"},"image":{"@id":"https:\/\/www.suno.com.br\/noticias\/bolsonaro-forum-economico-mundial-davos\/#primaryimage"},"thumbnailUrl":"https:\/\/files.sunoresearch.com.br\/n\/uploads\/2019\/01\/e8b4f92f-reforma-da-previdencia-jpg.webp","datePublished":"2019-01-22T14:47:41+00:00","dateModified":"2019-01-22T15:22:17+00:00","description":"O presidente Jair Bolsonaro discursa no F\u00f3rum Econ\u00f4mico Mundial, em Davos. Confira o discurso na \u00edntegra. Clique e saiba mais.","breadcrumb":{"@id":"https:\/\/www.suno.com.br\/noticias\/bolsonaro-forum-economico-mundial-davos\/#breadcrumb"},"inLanguage":"pt-BR","potentialAction":[{"@type":"ReadAction","target":["https:\/\/www.suno.com.br\/noticias\/bolsonaro-forum-economico-mundial-davos\/"]}]},{"@type":"ImageObject","inLanguage":"pt-BR","@id":"https:\/\/www.suno.com.br\/noticias\/bolsonaro-forum-economico-mundial-davos\/#primaryimage","url":"https:\/\/files.sunoresearch.com.br\/n\/uploads\/2019\/01\/e8b4f92f-reforma-da-previdencia-jpg.webp","contentUrl":"https:\/\/files.sunoresearch.com.br\/n\/uploads\/2019\/01\/e8b4f92f-reforma-da-previdencia-jpg.webp","width":1140,"height":760,"caption":"Bolsonaro se encontrar\u00e1 com presidente da China antes do G20"},{"@type":"BreadcrumbList","@id":"https:\/\/www.suno.com.br\/noticias\/bolsonaro-forum-economico-mundial-davos\/#breadcrumb","itemListElement":[{"@type":"ListItem","position":1,"name":"Not\u00edcias","item":"https:\/\/www.suno.com.br\/noticias\/"},{"@type":"ListItem","position":2,"name":"Internacional","item":"https:\/\/www.suno.com.br\/noticias\/internacional\/"},{"@type":"ListItem","position":3,"name":"F\u00f3rum Econ\u00f4mico Mundial: Confira na \u00edntegra o discurso de Bolsonaro"}]},{"@type":"WebSite","@id":"https:\/\/www.suno.com.br\/noticias\/#website","url":"https:\/\/www.suno.com.br\/noticias\/","name":"Suno Not\u00edcias","description":"Seu portal de informa\u00e7\u00e3o sobre o mundo dos investimentos","publisher":{"@id":"https:\/\/www.suno.com.br\/noticias\/#organization"},"potentialAction":[{"@type":"SearchAction","target":{"@type":"EntryPoint","urlTemplate":"https:\/\/www.suno.com.br\/noticias\/?s={search_term_string}"},"query-input":{"@type":"PropertyValueSpecification","valueRequired":true,"valueName":"search_term_string"}}],"inLanguage":"pt-BR"},{"@type":"Organization","@id":"https:\/\/www.suno.com.br\/noticias\/#organization","name":"Suno Not\u00edcias","url":"https:\/\/www.suno.com.br\/noticias\/","logo":{"@type":"ImageObject","inLanguage":"pt-BR","@id":"https:\/\/www.suno.com.br\/noticias\/#\/schema\/logo\/image\/","url":"https:\/\/files.sunoresearch.com.br\/n\/uploads\/2021\/09\/suno-logo.png","contentUrl":"https:\/\/files.sunoresearch.com.br\/n\/uploads\/2021\/09\/suno-logo.png","width":180,"height":180,"caption":"Suno Not\u00edcias"},"image":{"@id":"https:\/\/www.suno.com.br\/noticias\/#\/schema\/logo\/image\/"},"sameAs":["https:\/\/facebook.com\/sunoresearch","https:\/\/x.com\/sunoresearch","https:\/\/www.instagram.com\/suno","https:\/\/www.linkedin.com\/company\/suno-research\/","https:\/\/www.youtube.com\/c\/sunoresearch"]},{"@type":"Person","@id":"https:\/\/www.suno.com.br\/noticias\/#\/schema\/person\/fc144a1c6108bd1dcd43784e88a3c138","name":"Renan Bandeira","image":{"@type":"ImageObject","inLanguage":"pt-BR","@id":"https:\/\/www.suno.com.br\/noticias\/#\/schema\/person\/image\/","url":"https:\/\/secure.gravatar.com\/avatar\/68359cdb608f14f11bbefcb78f3fc747?s=96&r=g","contentUrl":"https:\/\/secure.gravatar.com\/avatar\/68359cdb608f14f11bbefcb78f3fc747?s=96&r=g","caption":"Renan Bandeira"},"description":"Renan Bandeira escreve sobre pol\u00edtica e economia para o portal da Suno Research. Antes da Suno, trabalhou em uma rede de televis\u00e3o, onde fazia reportagens sobre os mesmos temas. Estuda na Universidade Metodista de S\u00e3o Paulo.","url":"https:\/\/www.suno.com.br\/noticias\/author\/renan-bandeira\/"}]}},"default_loop_html":"<div class=\"cardsPage__listCard__boxs\"><div class=\"cardsPage__listCard__boxs__img\"><a href=\"https:\/\/www.suno.com.br\/noticias\/bolsonaro-forum-economico-mundial-davos\/\"><img class=\"mask\" src=\"https:\/\/www.suno.com.br\/noticias\/wp-content\/themes\/suno\/resources\/images\/spotlight\/spotlight1img\/bg-mask.png\" alt=\"Image Mask\"\/><img src=\"https:\/\/files.sunoresearch.com.br\/n\/uploads\/2019\/01\/e8b4f92f-reforma-da-previdencia-400x200.webp\" alt=\"F\u00f3rum Econ\u00f4mico Mundial: Confira na \u00edntegra o discurso de Bolsonaro\"\/><\/a><span class=\"spotlightCategory\"><a href=\"https:\/\/www.suno.com.br\/noticias\/internacional\/\">Internacional<\/a><\/span><\/div><div class=\"cardsPage__listCard__boxs__content\"><a href=\"https:\/\/www.suno.com.br\/noticias\/bolsonaro-forum-economico-mundial-davos\/\"><h2 class=\"content__title\">F\u00f3rum Econ\u00f4mico Mundial: Confira na \u00edntegra o discurso de Bolsonaro<\/h2><\/a><div class=\"newsContent__article__meta\"><div class=\"newsContent__article__meta__authorBox\"><a href=\"https:\/\/www.suno.com.br\/noticias\/author\/renan-bandeira\/\" class=\"authorBox__avatar noMobi\"><img src=\"https:\/\/secure.gravatar.com\/avatar\/68359cdb608f14f11bbefcb78f3fc747?s=96&#038;r=g\" alt=\"Renan Bandeira\"><\/a><div class=\"authorBox__name\"><span>por\n\t\t\t<a href=\"https:\/\/www.suno.com.br\/noticias\/author\/renan-bandeira\/\"><span itemprop=\"author\">Renan Bandeira<\/span><\/a><\/span><time datetime=\"2019-01-22T12:47:41-02:00\" itemprop=\"datePublished\">22\/01\/2019 12:47<\/time><\/div><\/div><\/div><\/div><\/div>","single_layout":"posts","amp_enabled":true,"_links":{"self":[{"href":"https:\/\/www.suno.com.br\/noticias\/wp-json\/wp\/v2\/posts\/12595"}],"collection":[{"href":"https:\/\/www.suno.com.br\/noticias\/wp-json\/wp\/v2\/posts"}],"about":[{"href":"https:\/\/www.suno.com.br\/noticias\/wp-json\/wp\/v2\/types\/post"}],"author":[{"embeddable":true,"href":"https:\/\/www.suno.com.br\/noticias\/wp-json\/wp\/v2\/users\/11"}],"replies":[{"embeddable":true,"href":"https:\/\/www.suno.com.br\/noticias\/wp-json\/wp\/v2\/comments?post=12595"}],"version-history":[{"count":0,"href":"https:\/\/www.suno.com.br\/noticias\/wp-json\/wp\/v2\/posts\/12595\/revisions"}],"wp:featuredmedia":[{"embeddable":true,"href":"https:\/\/www.suno.com.br\/noticias\/wp-json\/wp\/v2\/media\/10269"}],"wp:attachment":[{"href":"https:\/\/www.suno.com.br\/noticias\/wp-json\/wp\/v2\/media?parent=12595"}],"wp:term":[{"taxonomy":"category","embeddable":true,"href":"https:\/\/www.suno.com.br\/noticias\/wp-json\/wp\/v2\/categories?post=12595"},{"taxonomy":"post_tag","embeddable":true,"href":"https:\/\/www.suno.com.br\/noticias\/wp-json\/wp\/v2\/tags?post=12595"},{"taxonomy":"suno_strategy","embeddable":true,"href":"https:\/\/www.suno.com.br\/noticias\/wp-json\/wp\/v2\/suno_strategy?post=12595"}],"curies":[{"name":"wp","href":"https:\/\/api.w.org\/{rel}","templated":true}]}}