{"id":12565,"date":"2019-01-22T10:33:44","date_gmt":"2019-01-22T12:33:44","guid":{"rendered":"https:\/\/www.suno.com.br\/noticias\/?p=12565"},"modified":"2019-01-22T10:53:47","modified_gmt":"2019-01-22T12:53:47","slug":"amazon-b2w-magalu","status":"publish","type":"post","link":"https:\/\/www.suno.com.br\/noticias\/amazon-b2w-magalu\/","title":{"rendered":"BTG prev\u00ea salto da Amazon e consequente queda da B2W e MagaLu"},"content":{"rendered":"<p>Um relat\u00f3rio do Banco <strong>BTG Pactual<\/strong> prevendo maior crescimento da Amazon foi divulgado na segunda-feira (21).<\/p>\t<div class=\"wrapper-featured-image\">\n\t\t<figure class=\"spotlightImg\">\n\n\t\t\t<picture>\n\t\t\t\t<source media=\"(max-width: 768px)\" srcset=\"https:\/\/files.sunoresearch.com.br\/n\/uploads\/2018\/11\/437f495b-amazon-400x200.webp\">\n\t\t\t\t<img loading=\"lazy\" decoding=\"async\" class=\"newsContent__article__imgCapa lazyloadDisabled newsContent__article__imgCapa--noCaption\" src=\"https:\/\/files.sunoresearch.com.br\/n\/uploads\/2018\/11\/437f495b-amazon-800x450.webp\" width=\"800\" height=\"450\" alt=\"BTG prev\u00ea salto da Amazon e consequente queda da B2W e MagaLu\" fetchpriority=high \/>\n\t\t\t<\/picture>\n\n\t\t\t<figcaption class=\"wp-caption-text wp-caption-text--hide\">Amazon inaugura supermercado sem caixas registradoras nos EUA<\/figcaption>\n\t\t<\/figure>\n\t<\/div>\n\n\n<p>A publica\u00e7\u00e3o assustou o mercado e levou as a\u00e7\u00f5es das principais concorrentes da <strong>Amazon<\/strong> listadas na <a href=\"https:\/\/www.suno.com.br\/artigos\/b3\/\">B3<\/a> (<a href=\"https:\/\/www.suno.com.br\/artigos\/bmf\/\">BM&amp;F<\/a> <a href=\"https:\/\/www.suno.com.br\/artigos\/bovespa-precedente-b3\/\">Bovespa<\/a>) a ca\u00edrem.<\/p>\n<ul>\n<li><strong>Magazine Luiza<\/strong> (MGLU3) : 4,13%<\/li>\n<li><strong>B2W<\/strong> (BTOW3): 3,26%<\/li>\n<li><strong>Via Varejo<\/strong> (VVAR3): 1,64%<\/li>\n<\/ul>\n<p>O <strong>relat\u00f3rio<\/strong> mencionou o novo centro de distribui\u00e7\u00e3o da Amazon, ressaltando a log\u00edstica de entrega dos produtos similar \u00e0 norte-americana, segundo o portal da &#8220;Exame&#8221;.<\/p>\n<p>O BTG Pactual tamb\u00e9m relatou as novas categorias que a maior empresa mundial de e-commerce passar\u00e1 a ofertar no Brasil. Conforme o banco, os novos nichos devem ser eletr\u00f4nicos, brinquedos e equipamentos dom\u00e9sticos.<\/p>\n<p><a href=\"https:\/\/www.suno.com.br\/noticias\/amazon-categorias-produtos\/\">Saiba mais &#8211;\u00a0Amazon passa a vender outras 15 categorias al\u00e9m dos livros\u00a0<\/a><\/p>\n<p>Em agosto de 2018, o<strong> BTG Pactual<\/strong> lan\u00e7ou relat\u00f3rio afirmando que a <strong>Amazon<\/strong> estava pronta para um desenvolvimento mais aprofundado no Brasil. Entretanto, esse avan\u00e7o aconteceria lentamente.<\/p>\n<p>A Amazon faturou perto de R$ 410 milh\u00f5es em 2017, e R$ 600 milh\u00f5es em 2018. A norte-americana vem apostando em uma estrat\u00e9gia tradicional no e-commerce, o <strong>marketplace<\/strong>.<\/p>\n<p>Nesta modalidade, a Amazon cede sua plataforma digital como canal de comercializa\u00e7\u00e3o de empresas terceirizadas.<\/p>\n<p>Moda e esporte s\u00e3o os \u00fanicos segmentos exclusivos cujos fornecedores exclusivos s\u00e3o parceiros terceirizados.<\/p>\n<p><a href=\"https:\/\/www.suno.com.br\/noticias\/magazine-luiza-compra-startup-softbox\/\">Saiba mais &#8211;\u00a0Magazine Luiza anuncia compra da startup mineira Softbox\u00a0<\/a><\/p>\n<h2>Concorr\u00eancia acirrada no varejo<\/h2>\n<p>De acordo com o BTG, o avan\u00e7o em log\u00edstica deve desencadear\u00a0uma onda de volatilidade para o <strong>varejo<\/strong> online brasileiro.<\/p>\n<p>Desde 2016, as varejistas que exploram tal segmento vivem momentos de fortes altas. Tais valoriza\u00e7\u00f5es s\u00e3o beneficiadas por um mercado que deve triplicar de tamanho at\u00e9 2022, para 200 bilh\u00f5es de reais, segundo o banco.<\/p>\n<p>Ainda segundo o <strong>BTG Pactual<\/strong>, as\u00a0empresas de <strong>varejo<\/strong> mais bem preparadas para aproveitar esta expans\u00e3o s\u00e3o as concorrentes da <strong>Amazon<\/strong>,\u00a0<strong>B2W<\/strong> e <strong>Magazine Luiza<\/strong>. Ambas v\u00eam h\u00e1 investindo em suas pr\u00f3prias estruturas log\u00edsticas.<\/p>\n<p>O Mercado Livre tamb\u00e9m vem investindo pesado em sua pr\u00f3pria estrutura de distribui\u00e7\u00e3o.<\/p>\n<p>Por fim, apesar de aquecer a competi\u00e7\u00e3o no mercado,\u00a0a <strong>Amazon<\/strong> n\u00e3o deve ter, no <strong>Brasil<\/strong> o mesmo sucesso que alcan\u00e7ou em pa\u00edses como Alemanha, Reino Unido, Jap\u00e3o e \u00cdndia, conforme o relat\u00f3rio. O banco manteve a indica\u00e7\u00e3o de comprar a\u00e7\u00f5es da B2W e da Magazine Luiza, apesar das quedas.<\/p>\n","protected":false},"excerpt":{"rendered":"<p>Um relat\u00f3rio do Banco BTG Pactual prevendo maior crescimento da Amazon foi divulgado na segunda-feira (21). Amazon inaugura supermercado sem caixas registradoras nos EUA A publica\u00e7\u00e3o assustou o mercado e levou as a\u00e7\u00f5es das principais concorrentes da Amazon listadas na B3 (BM&amp;F Bovespa) a ca\u00edrem. Magazine Luiza (MGLU3) : 4,13% B2W (BTOW3): 3,26% Via Varejo [&hellip;]<\/p>\n","protected":false},"author":12,"featured_media":6770,"comment_status":"closed","ping_status":"closed","sticky":false,"template":"","format":"standard","meta":[],"categories":[64],"tags":[],"suno_strategy":[],"class_list":["post-12565","post","type-post","status-publish","format-standard","has-post-thumbnail","hentry","category-negocios"],"yoast_head":"<!-- This site is optimized with the Yoast SEO plugin v24.4 - https:\/\/yoast.com\/wordpress\/plugins\/seo\/ -->\n<title>BTG prev\u00ea salto da Amazon e consequente queda da B2W e MagaLu<\/title>\n<meta name=\"description\" content=\"Relat\u00f3rio do Banco BTG Pactual prev\u00ea ascens\u00e3o da Amazon e queda das a\u00e7\u00f5es da B2W e a da Magazine Luiza. (Clique para saber mais).\" \/>\n<meta name=\"robots\" content=\"index, follow, max-snippet:-1, max-image-preview:large, max-video-preview:-1\" \/>\n<link rel=\"canonical\" href=\"https:\/\/www.suno.com.br\/noticias\/amazon-b2w-magalu\/\" \/>\n<meta property=\"og:locale\" content=\"pt_BR\" \/>\n<meta property=\"og:type\" content=\"article\" \/>\n<meta property=\"og:title\" content=\"BTG prev\u00ea salto da Amazon e consequente queda da B2W e MagaLu\" \/>\n<meta property=\"og:description\" content=\"Relat\u00f3rio do Banco BTG Pactual prev\u00ea ascens\u00e3o da Amazon e queda das a\u00e7\u00f5es da B2W e a da Magazine Luiza. (Clique para saber mais).\" \/>\n<meta property=\"og:url\" content=\"https:\/\/www.suno.com.br\/noticias\/amazon-b2w-magalu\/\" \/>\n<meta property=\"og:site_name\" content=\"Suno Not\u00edcias\" \/>\n<meta property=\"article:publisher\" content=\"https:\/\/facebook.com\/sunoresearch\" \/>\n<meta property=\"og:image\" content=\"https:\/\/files.sunoresearch.com.br\/n\/uploads\/2018\/11\/437f495b-amazon.jpg\" \/>\n\t<meta property=\"og:image:width\" content=\"1200\" \/>\n\t<meta property=\"og:image:height\" content=\"800\" \/>\n\t<meta property=\"og:image:type\" content=\"image\/jpeg\" \/>\n<meta name=\"author\" content=\"Amanda Gushiken\" \/>\n<meta name=\"twitter:card\" content=\"summary_large_image\" \/>\n<meta name=\"twitter:creator\" content=\"@sunoresearch\" \/>\n<meta name=\"twitter:site\" content=\"@sunoresearch\" \/>\n<meta name=\"twitter:label1\" content=\"Escrito por\" \/>\n\t<meta name=\"twitter:data1\" content=\"Amanda Gushiken\" \/>\n\t<meta name=\"twitter:label2\" content=\"Est. tempo de leitura\" \/>\n\t<meta name=\"twitter:data2\" content=\"2 minutos\" \/>\n<script type=\"application\/ld+json\" class=\"yoast-schema-graph\">{\"@context\":\"https:\/\/schema.org\",\"@graph\":[{\"@type\":\"NewsArticle\",\"@id\":\"https:\/\/www.suno.com.br\/noticias\/amazon-b2w-magalu\/#article\",\"isPartOf\":{\"@id\":\"https:\/\/www.suno.com.br\/noticias\/amazon-b2w-magalu\/\"},\"author\":{\"name\":\"Amanda Gushiken\",\"@id\":\"https:\/\/www.suno.com.br\/noticias\/#\/schema\/person\/a5b06fa4e879d8e8e119c6ed3cd630d1\"},\"headline\":\"BTG prev\u00ea salto da Amazon e consequente queda da B2W e MagaLu\",\"datePublished\":\"2019-01-22T12:33:44+00:00\",\"dateModified\":\"2019-01-22T12:53:47+00:00\",\"mainEntityOfPage\":{\"@id\":\"https:\/\/www.suno.com.br\/noticias\/amazon-b2w-magalu\/\"},\"wordCount\":416,\"publisher\":{\"@id\":\"https:\/\/www.suno.com.br\/noticias\/#organization\"},\"image\":{\"@id\":\"https:\/\/www.suno.com.br\/noticias\/amazon-b2w-magalu\/#primaryimage\"},\"thumbnailUrl\":\"https:\/\/files.sunoresearch.com.br\/n\/uploads\/2018\/11\/437f495b-amazon-jpg.webp\",\"articleSection\":[\"Neg\u00f3cios\"],\"inLanguage\":\"pt-BR\"},{\"@type\":\"WebPage\",\"@id\":\"https:\/\/www.suno.com.br\/noticias\/amazon-b2w-magalu\/\",\"url\":\"https:\/\/www.suno.com.br\/noticias\/amazon-b2w-magalu\/\",\"name\":\"BTG prev\u00ea salto da Amazon e consequente queda da B2W e MagaLu\",\"isPartOf\":{\"@id\":\"https:\/\/www.suno.com.br\/noticias\/#website\"},\"primaryImageOfPage\":{\"@id\":\"https:\/\/www.suno.com.br\/noticias\/amazon-b2w-magalu\/#primaryimage\"},\"image\":{\"@id\":\"https:\/\/www.suno.com.br\/noticias\/amazon-b2w-magalu\/#primaryimage\"},\"thumbnailUrl\":\"https:\/\/files.sunoresearch.com.br\/n\/uploads\/2018\/11\/437f495b-amazon-jpg.webp\",\"datePublished\":\"2019-01-22T12:33:44+00:00\",\"dateModified\":\"2019-01-22T12:53:47+00:00\",\"description\":\"Relat\u00f3rio do Banco BTG Pactual prev\u00ea ascens\u00e3o da Amazon e queda das a\u00e7\u00f5es da B2W e a da Magazine Luiza. (Clique para saber mais).\",\"breadcrumb\":{\"@id\":\"https:\/\/www.suno.com.br\/noticias\/amazon-b2w-magalu\/#breadcrumb\"},\"inLanguage\":\"pt-BR\",\"potentialAction\":[{\"@type\":\"ReadAction\",\"target\":[\"https:\/\/www.suno.com.br\/noticias\/amazon-b2w-magalu\/\"]}]},{\"@type\":\"ImageObject\",\"inLanguage\":\"pt-BR\",\"@id\":\"https:\/\/www.suno.com.br\/noticias\/amazon-b2w-magalu\/#primaryimage\",\"url\":\"https:\/\/files.sunoresearch.com.br\/n\/uploads\/2018\/11\/437f495b-amazon-jpg.webp\",\"contentUrl\":\"https:\/\/files.sunoresearch.com.br\/n\/uploads\/2018\/11\/437f495b-amazon-jpg.webp\",\"width\":1200,\"height\":800,\"caption\":\"Amazon inaugura supermercado sem caixas registradoras nos EUA\"},{\"@type\":\"BreadcrumbList\",\"@id\":\"https:\/\/www.suno.com.br\/noticias\/amazon-b2w-magalu\/#breadcrumb\",\"itemListElement\":[{\"@type\":\"ListItem\",\"position\":1,\"name\":\"Not\u00edcias\",\"item\":\"https:\/\/www.suno.com.br\/noticias\/\"},{\"@type\":\"ListItem\",\"position\":2,\"name\":\"Neg\u00f3cios\",\"item\":\"https:\/\/www.suno.com.br\/noticias\/negocios\/\"},{\"@type\":\"ListItem\",\"position\":3,\"name\":\"BTG prev\u00ea salto da Amazon e consequente queda da B2W e MagaLu\"}]},{\"@type\":\"WebSite\",\"@id\":\"https:\/\/www.suno.com.br\/noticias\/#website\",\"url\":\"https:\/\/www.suno.com.br\/noticias\/\",\"name\":\"Suno Not\u00edcias\",\"description\":\"Seu portal de informa\u00e7\u00e3o sobre o mundo dos investimentos\",\"publisher\":{\"@id\":\"https:\/\/www.suno.com.br\/noticias\/#organization\"},\"potentialAction\":[{\"@type\":\"SearchAction\",\"target\":{\"@type\":\"EntryPoint\",\"urlTemplate\":\"https:\/\/www.suno.com.br\/noticias\/?s={search_term_string}\"},\"query-input\":{\"@type\":\"PropertyValueSpecification\",\"valueRequired\":true,\"valueName\":\"search_term_string\"}}],\"inLanguage\":\"pt-BR\"},{\"@type\":\"Organization\",\"@id\":\"https:\/\/www.suno.com.br\/noticias\/#organization\",\"name\":\"Suno Not\u00edcias\",\"url\":\"https:\/\/www.suno.com.br\/noticias\/\",\"logo\":{\"@type\":\"ImageObject\",\"inLanguage\":\"pt-BR\",\"@id\":\"https:\/\/www.suno.com.br\/noticias\/#\/schema\/logo\/image\/\",\"url\":\"https:\/\/files.sunoresearch.com.br\/n\/uploads\/2021\/09\/suno-logo.png\",\"contentUrl\":\"https:\/\/files.sunoresearch.com.br\/n\/uploads\/2021\/09\/suno-logo.png\",\"width\":180,\"height\":180,\"caption\":\"Suno Not\u00edcias\"},\"image\":{\"@id\":\"https:\/\/www.suno.com.br\/noticias\/#\/schema\/logo\/image\/\"},\"sameAs\":[\"https:\/\/facebook.com\/sunoresearch\",\"https:\/\/x.com\/sunoresearch\",\"https:\/\/www.instagram.com\/suno\",\"https:\/\/www.linkedin.com\/company\/suno-research\/\",\"https:\/\/www.youtube.com\/c\/sunoresearch\"]},{\"@type\":\"Person\",\"@id\":\"https:\/\/www.suno.com.br\/noticias\/#\/schema\/person\/a5b06fa4e879d8e8e119c6ed3cd630d1\",\"name\":\"Amanda Gushiken\",\"image\":{\"@type\":\"ImageObject\",\"inLanguage\":\"pt-BR\",\"@id\":\"https:\/\/www.suno.com.br\/noticias\/#\/schema\/person\/image\/\",\"url\":\"https:\/\/secure.gravatar.com\/avatar\/ecd84705e6b65e3685ae80d725501fbe?s=96&r=g\",\"contentUrl\":\"https:\/\/secure.gravatar.com\/avatar\/ecd84705e6b65e3685ae80d725501fbe?s=96&r=g\",\"caption\":\"Amanda Gushiken\"},\"description\":\"Amanda Sayuri Gushiken escreve sobre finan\u00e7as e neg\u00f3cios para o portal Suno Not\u00edcias. Antes, trabalhou selecionando not\u00edcias da imprensa para clientes do mercado financeiro. Tamb\u00e9m desenvolveu pesquisa acad\u00eamica pela Universidade Anhembi Morumbi na \u00e1rea de Teorias da Comunica\u00e7\u00e3o e \u00e9 fot\u00f3grafa nas horas vagas.\",\"url\":\"https:\/\/www.suno.com.br\/noticias\/author\/amanda\/\"}]}<\/script>\n<!-- \/ Yoast SEO plugin. -->","yoast_head_json":{"title":"BTG prev\u00ea salto da Amazon e consequente queda da B2W e MagaLu","description":"Relat\u00f3rio do Banco BTG Pactual prev\u00ea ascens\u00e3o da Amazon e queda das a\u00e7\u00f5es da B2W e a da Magazine Luiza. (Clique para saber mais).","robots":{"index":"index","follow":"follow","max-snippet":"max-snippet:-1","max-image-preview":"max-image-preview:large","max-video-preview":"max-video-preview:-1"},"canonical":"https:\/\/www.suno.com.br\/noticias\/amazon-b2w-magalu\/","og_locale":"pt_BR","og_type":"article","og_title":"BTG prev\u00ea salto da Amazon e consequente queda da B2W e MagaLu","og_description":"Relat\u00f3rio do Banco BTG Pactual prev\u00ea ascens\u00e3o da Amazon e queda das a\u00e7\u00f5es da B2W e a da Magazine Luiza. (Clique para saber mais).","og_url":"https:\/\/www.suno.com.br\/noticias\/amazon-b2w-magalu\/","og_site_name":"Suno Not\u00edcias","article_publisher":"https:\/\/facebook.com\/sunoresearch","og_image":[{"width":1200,"height":800,"url":"https:\/\/files.sunoresearch.com.br\/n\/uploads\/2018\/11\/437f495b-amazon.jpg","type":"image\/jpeg"}],"author":"Amanda Gushiken","twitter_card":"summary_large_image","twitter_creator":"@sunoresearch","twitter_site":"@sunoresearch","twitter_misc":{"Escrito por":"Amanda Gushiken","Est. tempo de leitura":"2 minutos"},"schema":{"@context":"https:\/\/schema.org","@graph":[{"@type":"NewsArticle","@id":"https:\/\/www.suno.com.br\/noticias\/amazon-b2w-magalu\/#article","isPartOf":{"@id":"https:\/\/www.suno.com.br\/noticias\/amazon-b2w-magalu\/"},"author":{"name":"Amanda Gushiken","@id":"https:\/\/www.suno.com.br\/noticias\/#\/schema\/person\/a5b06fa4e879d8e8e119c6ed3cd630d1"},"headline":"BTG prev\u00ea salto da Amazon e consequente queda da B2W e MagaLu","datePublished":"2019-01-22T12:33:44+00:00","dateModified":"2019-01-22T12:53:47+00:00","mainEntityOfPage":{"@id":"https:\/\/www.suno.com.br\/noticias\/amazon-b2w-magalu\/"},"wordCount":416,"publisher":{"@id":"https:\/\/www.suno.com.br\/noticias\/#organization"},"image":{"@id":"https:\/\/www.suno.com.br\/noticias\/amazon-b2w-magalu\/#primaryimage"},"thumbnailUrl":"https:\/\/files.sunoresearch.com.br\/n\/uploads\/2018\/11\/437f495b-amazon-jpg.webp","articleSection":["Neg\u00f3cios"],"inLanguage":"pt-BR"},{"@type":"WebPage","@id":"https:\/\/www.suno.com.br\/noticias\/amazon-b2w-magalu\/","url":"https:\/\/www.suno.com.br\/noticias\/amazon-b2w-magalu\/","name":"BTG prev\u00ea salto da Amazon e consequente queda da B2W e MagaLu","isPartOf":{"@id":"https:\/\/www.suno.com.br\/noticias\/#website"},"primaryImageOfPage":{"@id":"https:\/\/www.suno.com.br\/noticias\/amazon-b2w-magalu\/#primaryimage"},"image":{"@id":"https:\/\/www.suno.com.br\/noticias\/amazon-b2w-magalu\/#primaryimage"},"thumbnailUrl":"https:\/\/files.sunoresearch.com.br\/n\/uploads\/2018\/11\/437f495b-amazon-jpg.webp","datePublished":"2019-01-22T12:33:44+00:00","dateModified":"2019-01-22T12:53:47+00:00","description":"Relat\u00f3rio do Banco BTG Pactual prev\u00ea ascens\u00e3o da Amazon e queda das a\u00e7\u00f5es da B2W e a da Magazine Luiza. (Clique para saber mais).","breadcrumb":{"@id":"https:\/\/www.suno.com.br\/noticias\/amazon-b2w-magalu\/#breadcrumb"},"inLanguage":"pt-BR","potentialAction":[{"@type":"ReadAction","target":["https:\/\/www.suno.com.br\/noticias\/amazon-b2w-magalu\/"]}]},{"@type":"ImageObject","inLanguage":"pt-BR","@id":"https:\/\/www.suno.com.br\/noticias\/amazon-b2w-magalu\/#primaryimage","url":"https:\/\/files.sunoresearch.com.br\/n\/uploads\/2018\/11\/437f495b-amazon-jpg.webp","contentUrl":"https:\/\/files.sunoresearch.com.br\/n\/uploads\/2018\/11\/437f495b-amazon-jpg.webp","width":1200,"height":800,"caption":"Amazon inaugura supermercado sem caixas registradoras nos EUA"},{"@type":"BreadcrumbList","@id":"https:\/\/www.suno.com.br\/noticias\/amazon-b2w-magalu\/#breadcrumb","itemListElement":[{"@type":"ListItem","position":1,"name":"Not\u00edcias","item":"https:\/\/www.suno.com.br\/noticias\/"},{"@type":"ListItem","position":2,"name":"Neg\u00f3cios","item":"https:\/\/www.suno.com.br\/noticias\/negocios\/"},{"@type":"ListItem","position":3,"name":"BTG prev\u00ea salto da Amazon e consequente queda da B2W e MagaLu"}]},{"@type":"WebSite","@id":"https:\/\/www.suno.com.br\/noticias\/#website","url":"https:\/\/www.suno.com.br\/noticias\/","name":"Suno Not\u00edcias","description":"Seu portal de informa\u00e7\u00e3o sobre o mundo dos investimentos","publisher":{"@id":"https:\/\/www.suno.com.br\/noticias\/#organization"},"potentialAction":[{"@type":"SearchAction","target":{"@type":"EntryPoint","urlTemplate":"https:\/\/www.suno.com.br\/noticias\/?s={search_term_string}"},"query-input":{"@type":"PropertyValueSpecification","valueRequired":true,"valueName":"search_term_string"}}],"inLanguage":"pt-BR"},{"@type":"Organization","@id":"https:\/\/www.suno.com.br\/noticias\/#organization","name":"Suno Not\u00edcias","url":"https:\/\/www.suno.com.br\/noticias\/","logo":{"@type":"ImageObject","inLanguage":"pt-BR","@id":"https:\/\/www.suno.com.br\/noticias\/#\/schema\/logo\/image\/","url":"https:\/\/files.sunoresearch.com.br\/n\/uploads\/2021\/09\/suno-logo.png","contentUrl":"https:\/\/files.sunoresearch.com.br\/n\/uploads\/2021\/09\/suno-logo.png","width":180,"height":180,"caption":"Suno Not\u00edcias"},"image":{"@id":"https:\/\/www.suno.com.br\/noticias\/#\/schema\/logo\/image\/"},"sameAs":["https:\/\/facebook.com\/sunoresearch","https:\/\/x.com\/sunoresearch","https:\/\/www.instagram.com\/suno","https:\/\/www.linkedin.com\/company\/suno-research\/","https:\/\/www.youtube.com\/c\/sunoresearch"]},{"@type":"Person","@id":"https:\/\/www.suno.com.br\/noticias\/#\/schema\/person\/a5b06fa4e879d8e8e119c6ed3cd630d1","name":"Amanda Gushiken","image":{"@type":"ImageObject","inLanguage":"pt-BR","@id":"https:\/\/www.suno.com.br\/noticias\/#\/schema\/person\/image\/","url":"https:\/\/secure.gravatar.com\/avatar\/ecd84705e6b65e3685ae80d725501fbe?s=96&r=g","contentUrl":"https:\/\/secure.gravatar.com\/avatar\/ecd84705e6b65e3685ae80d725501fbe?s=96&r=g","caption":"Amanda Gushiken"},"description":"Amanda Sayuri Gushiken escreve sobre finan\u00e7as e neg\u00f3cios para o portal Suno Not\u00edcias. Antes, trabalhou selecionando not\u00edcias da imprensa para clientes do mercado financeiro. Tamb\u00e9m desenvolveu pesquisa acad\u00eamica pela Universidade Anhembi Morumbi na \u00e1rea de Teorias da Comunica\u00e7\u00e3o e \u00e9 fot\u00f3grafa nas horas vagas.","url":"https:\/\/www.suno.com.br\/noticias\/author\/amanda\/"}]}},"default_loop_html":"<div class=\"cardsPage__listCard__boxs\"><div class=\"cardsPage__listCard__boxs__img\"><a href=\"https:\/\/www.suno.com.br\/noticias\/amazon-b2w-magalu\/\"><img class=\"mask\" src=\"https:\/\/www.suno.com.br\/noticias\/wp-content\/themes\/suno\/resources\/images\/spotlight\/spotlight1img\/bg-mask.png\" alt=\"Image Mask\"\/><img src=\"https:\/\/files.sunoresearch.com.br\/n\/uploads\/2018\/11\/437f495b-amazon-400x200.webp\" alt=\"BTG prev\u00ea salto da Amazon e consequente queda da B2W e MagaLu\"\/><\/a><span class=\"spotlightCategory\"><a href=\"https:\/\/www.suno.com.br\/noticias\/negocios\/\">Neg\u00f3cios<\/a><\/span><\/div><div class=\"cardsPage__listCard__boxs__content\"><a href=\"https:\/\/www.suno.com.br\/noticias\/amazon-b2w-magalu\/\"><h2 class=\"content__title\">BTG prev\u00ea salto da Amazon e consequente queda da B2W e MagaLu<\/h2><\/a><div class=\"newsContent__article__meta\"><div class=\"newsContent__article__meta__authorBox\"><a href=\"https:\/\/www.suno.com.br\/noticias\/author\/amanda\/\" class=\"authorBox__avatar noMobi\"><img src=\"https:\/\/files.sunoresearch.com.br\/n\/uploads\/2018\/11\/c6ad30be-amanda-150x150.webp\" alt=\"Amanda Gushiken\"><\/a><div class=\"authorBox__name\"><span>por\n\t\t\t<a href=\"https:\/\/www.suno.com.br\/noticias\/author\/amanda\/\"><span itemprop=\"author\">Amanda Gushiken<\/span><\/a><\/span><time datetime=\"2019-01-22T10:33:44-02:00\" itemprop=\"datePublished\">22\/01\/2019 10:33<\/time><\/div><\/div><\/div><\/div><\/div>","single_layout":"posts","amp_enabled":true,"_links":{"self":[{"href":"https:\/\/www.suno.com.br\/noticias\/wp-json\/wp\/v2\/posts\/12565"}],"collection":[{"href":"https:\/\/www.suno.com.br\/noticias\/wp-json\/wp\/v2\/posts"}],"about":[{"href":"https:\/\/www.suno.com.br\/noticias\/wp-json\/wp\/v2\/types\/post"}],"author":[{"embeddable":true,"href":"https:\/\/www.suno.com.br\/noticias\/wp-json\/wp\/v2\/users\/12"}],"replies":[{"embeddable":true,"href":"https:\/\/www.suno.com.br\/noticias\/wp-json\/wp\/v2\/comments?post=12565"}],"version-history":[{"count":0,"href":"https:\/\/www.suno.com.br\/noticias\/wp-json\/wp\/v2\/posts\/12565\/revisions"}],"wp:featuredmedia":[{"embeddable":true,"href":"https:\/\/www.suno.com.br\/noticias\/wp-json\/wp\/v2\/media\/6770"}],"wp:attachment":[{"href":"https:\/\/www.suno.com.br\/noticias\/wp-json\/wp\/v2\/media?parent=12565"}],"wp:term":[{"taxonomy":"category","embeddable":true,"href":"https:\/\/www.suno.com.br\/noticias\/wp-json\/wp\/v2\/categories?post=12565"},{"taxonomy":"post_tag","embeddable":true,"href":"https:\/\/www.suno.com.br\/noticias\/wp-json\/wp\/v2\/tags?post=12565"},{"taxonomy":"suno_strategy","embeddable":true,"href":"https:\/\/www.suno.com.br\/noticias\/wp-json\/wp\/v2\/suno_strategy?post=12565"}],"curies":[{"name":"wp","href":"https:\/\/api.w.org\/{rel}","templated":true}]}}