{"id":125433,"date":"2021-02-22T16:49:49","date_gmt":"2021-02-22T19:49:49","guid":{"rendered":"https:\/\/www.suno.com.br\/noticias\/?p=125433"},"modified":"2021-05-29T20:50:49","modified_gmt":"2021-05-29T23:50:49","slug":"agenda-bolsonaro-economia-decepcao-mercado","status":"publish","type":"post","link":"https:\/\/www.suno.com.br\/noticias\/agenda-bolsonaro-economia-decepcao-mercado\/","title":{"rendered":"Agenda de Bolsonaro se sobrep\u00f5e \u00e0 promessa liberal e decepciona (de vez) o mercado"},"content":{"rendered":"<p>Embora o presidente Jair <strong>Bolsonaro<\/strong> j\u00e1 tenha se mostrado avesso a algumas mudan\u00e7as corporativas, a decis\u00e3o de demitir o presidente da <a href=\"https:\/\/www.suno.com.br\/acoes\/petr4\/\">Petrobras (PETR4)<\/a>, Roberto Castello Branco, na \u00faltima sexta-feira (19), pegou o mercado de surpresa. Agora, ao digerir a not\u00edcia, especialistas acreditam que o movimento pode ter enterrado para valer a cren\u00e7a que restava no mercado sobre um vi\u00e9s liberal do governo.<\/p>\t<div class=\"wrapper-featured-image\">\n\t\t<figure class=\"spotlightImg\">\n\n\t\t\t<picture>\n\t\t\t\t<source media=\"(max-width: 768px)\" srcset=\"https:\/\/files.sunoresearch.com.br\/n\/uploads\/2021\/02\/1100ce74-guedes-400x200.webp\">\n\t\t\t\t<img loading=\"lazy\" decoding=\"async\" class=\"newsContent__article__imgCapa lazyloadDisabled \" src=\"https:\/\/files.sunoresearch.com.br\/n\/uploads\/2021\/02\/1100ce74-guedes-800x450.webp\" width=\"800\" height=\"450\" alt=\"Agenda de Bolsonaro se sobrep\u00f5e \u00e0 promessa liberal e decepciona (de vez) o mercado\" fetchpriority=high \/>\n\t\t\t<\/picture>\n\n\t\t\t<figcaption class=\"wp-caption-text wp-caption-text--show\">Com risco fiscal no radar, Ibovespa despenca e teme furto do teto de gastos - Foto: Ag\u00eancia Brasil<\/figcaption>\n\t\t<\/figure>\n\t<\/div>\n\n\n\t<p>\n\t\t<a href=\"https:\/\/lp.suno.com.br\/planilha-controle-gastos\/\" target=\"_blank\" data-element=\"shortcode-suno-banner\" title=\"Banner SUNO, clique e saiba mais\">\n\t\t\t<picture>\n\t\t\t\t<source media=\"(max-width: 500px)\" srcset=\"https:\/\/files.sunoresearch.com.br\/n\/uploads\/2023\/03\/400x300-Planilha-controle-de-gastos.png\">\n\t\t\t\t<img class=\"newsContent__article__imgCapa newsContent__article__imgCapa--banner\"\n\t\t\t\t\tsrc=\"https:\/\/files.sunoresearch.com.br\/n\/uploads\/2023\/03\/1420x240-Planilha-controle-de-gastos.png\"\n\t\t\t\t\tdata-promo-id=\"101751\"\t\t\t\t\t\t\t\t\t\twidth='1420' height='240'\t\t\t\t\talt=\"https:\/\/files.sunoresearch.com.br\/n\/uploads\/2023\/03\/1420x240-Planilha-controle-de-gastos.png\"\n\t\t\t\t>\n\t\t\t<\/picture>\n\t\t<\/a>\n\t<\/p>\n\n\n<p>No in\u00edcio do ano, o presidente havia demonstrado\u00a0querer a demiss\u00e3o do presidente do <a href=\"https:\/\/www.suno.com.br\/acoes\/bbas3\/\"><strong>Banco do Brasil<\/strong> (BBAS3)<\/a>, Andr\u00e9 Brand\u00e3o, levando as a\u00e7\u00f5es do banco a uma sequ\u00eancia de nove preg\u00f5es consecutivos em baixa &#8212; uma queda de 17%.<\/p>\n<p>Agora, depois de mudar o comando da Petrobras, Bolsonaro afirmou neste final de semana que seria necess\u00e1rio &#8220;meter o dedo&#8221; na energia el\u00e9trica.<\/p>\n<p><a href=\"https:\/\/lp.suno.com.br\/suno-one\/\">Suno One: acesse gratuitamente eBooks, Minicursos, Artigos e V\u00eddeo Aulas sobre investimentos com um \u00fanico cadastro. Clique para saber mais!<\/a><\/p>\n<p>A rea\u00e7\u00e3o do mercado foi intensa.\u00a0Hoje, logo ap\u00f3s a abertura do preg\u00e3o, todas as empresas estatais do <strong>Ibovespa<\/strong> operavam em queda. Em especial, Petrobras, <a href=\"https:\/\/www.suno.com.br\/acoes\/elet3\/\"><strong>Eletrobras<\/strong> (ELET3)<\/a> e Banco do Brasil puxaram o \u00edndice para a maior queda dos \u00faltimos 10 meses.<\/p>\n<p>Para especialistas de mercado ouvidos pelo <strong>SUNO<\/strong> <strong>Not\u00edcias<\/strong>, a interfer\u00eancia na Petrobras \u00e9 um sinal de que Bolsonaro deu prioridade para sua pr\u00f3pria agenda, em vez de olhar para a economia, deixando para tr\u00e1s as promessas liberais feitas na \u00e9poca da elei\u00e7\u00e3o e no in\u00edcio do governo.<\/p>\n<h2>Bolsonaro d\u00e1 as cartas e rompe com o mercado<\/h2>\n<p>&#8220;O que vai valer a partir de agora \u00e9 a agenda do presidente, a agenda de Bolsonaro&#8221;, disse <strong>Paulo Silveira<\/strong>, economista da Nova Futura. &#8220;Claramente, as empresas estatais passar\u00e3o a ser, novamente, companhias dedicadas a fazer gest\u00e3o de pol\u00edticas p\u00fablicas. Isso muda o valor das empresas.&#8221;<\/p>\n<p>Segundo o economista, a partir de hoje o mercado passa a entender que o governo tem uma pol\u00edtica econ\u00f4mica diferente. &#8220;Antes, o governo apresentava um <strong>vi\u00e9s liberal<\/strong>, pretendendo privatiza\u00e7\u00f5es, reformas, mudan\u00e7as na gest\u00e3o da coisa p\u00fablica. Agora, a estrat\u00e9gica de <em>policy<\/em> mudou, e nem sabemos qual \u00e9 exatamente.&#8221;<\/p>\n\t<div data-element=\"shortcode-read-more\" class=\"knowMore\">\n\t\t\t\t<span class=\"knowMore__title\">Saiba mais<\/span>\n\t\t\t\t<a class=\"knowMore__link\" href=\"https:\/\/www.suno.com.br\/noticias\/estatais-setores-regulados-descontos-dilma\/\">\n\t\t\tEstatais e setores regulados podem voltar a n\u00edveis de pre\u00e7o da recess\u00e3o, alertam especialistas\t\t<\/a>\n\t<\/div>\n\n\n<p>Segundo ele, o governo tem atendido a demandas urgentes para si pr\u00f3prio, como a press\u00e3o dos caminhoneiros, o aumento do pre\u00e7o dos combust\u00edveis e do g\u00e1s de cozinha &#8212; por serem temas sens\u00edveis \u00e0 <strong>popularidade<\/strong> do presidente.<\/p>\n<p>De acordo com a Confedera\u00e7\u00e3o Nacional do Transporte do Brasil (CNT), o \u00edndice de aprova\u00e7\u00e3o de Bolsonaro caiu 8,3%, para 32,9% em fevereiro, ante aos 41,2% em outubro. A fatia que alega ser uma gest\u00e3o &#8220;ruim\/terr\u00edvel&#8221; saltou de 27,2% para 35,5%. A pesquisa, realizada entre quinta (18) e s\u00e1bado, foi divulgada nesta segunda.<\/p>\n<p>&#8220;O que vai prevalecer a partir de agora \u00e9 a agenda do presidente, que \u00e9 descolada da agenda inicial pensada pelo governo. O mercado ver\u00e1 o ambiente de neg\u00f3cios dessa forma a partir de agora&#8221;, salienta Silveira.<\/p>\n<h2>Decep\u00e7\u00e3o tamb\u00e9m passa pela atua\u00e7\u00e3o de Guedes<\/h2>\n<p>Bolsonaro, como pol\u00edtico de carreira h\u00e1 30 anos, ascendeu ao poder com um <a href=\"https:\/\/www.suno.com.br\/artigos\/estado-minimo\/#:~:text=A%20n%C3%A3o%2Dinterven%C3%A7%C3%A3o%20estatal%20na,pai%20da%20Economia%2C%20Adam%20Smith.&amp;text=Al%C3%A9m%20disso%2C%20a%20carga%20tribut%C3%A1ria,um%20regime%20econ%C3%B4mico%20bastante%20liberal.\">vi\u00e9s liberal<\/a>, oposicionista ao da ex-presidente <strong>Dilma Rousseff<\/strong>. No entanto, o tom de sua campanha foi alimentada pela figura de <a href=\"https:\/\/www.suno.com.br\/tudo-sobre\/paulo-guedes\/\"><strong>Paulo Guedes<\/strong><\/a>, que viria a ser o ministro da Economia.<\/p>\n<p>Com grande viabilidade entre empres\u00e1rios e no mercado financeiro, Guedes assumiu sua posi\u00e7\u00e3o cercado de expectativa, e a queda do mercado hoje reflete uma certa decep\u00e7\u00e3o com o ministro.<\/p>\n\t<p>\n\t\t<a href=\"https:\/\/lp.suno.com.br\/planilha-da-vida-financeira\/\" target=\"_blank\" data-element=\"shortcode-suno-banner\" title=\"Banner SUNO, clique e saiba mais\">\n\t\t\t<picture>\n\t\t\t\t<source media=\"(max-width: 500px)\" srcset=\"https:\/\/files.sunoresearch.com.br\/n\/uploads\/2023\/04\/400x300-Planilha-vida-financeira-true.png\">\n\t\t\t\t<img class=\"newsContent__article__imgCapa newsContent__article__imgCapa--banner\"\n\t\t\t\t\tsrc=\"https:\/\/files.sunoresearch.com.br\/n\/uploads\/2023\/04\/1420x240-Planilha-vida-financeira-true.png\"\n\t\t\t\t\tdata-promo-id=\"106682\"\t\t\t\t\t\t\t\t\t\twidth='1420' height='240'\t\t\t\t\talt=\"https:\/\/files.sunoresearch.com.br\/n\/uploads\/2023\/04\/1420x240-Planilha-vida-financeira-true.png\"\n\t\t\t\t>\n\t\t\t<\/picture>\n\t\t<\/a>\n\t<\/p>\n\n\n<p>&#8220;A grande verdade \u00e9 que existia uma expectativa muito grande, sobretudo em rela\u00e7\u00e3o ao Paulo Guedes, que trouxe uma equipe muito forte. Houve uma s\u00e9rie de decep\u00e7\u00f5es, tanto do lado do Guedes, com a falta de velocidade na implementa\u00e7\u00e3o das medidas liberais e <strong>reformas<\/strong>, como da condu\u00e7\u00e3o pol\u00edtica do governo&#8221;, afirma <strong>Priscila de Ara\u00fajo<\/strong>, gestora da Macro Capital.<\/p>\n<p>Um dos riscos que ficam aparentes hoje \u00e9 o da credibilidade do governo, diz Ara\u00fajo. Segundo ela, Bolsonaro tomou o caminho de clara oposi\u00e7\u00e3o ao Partido dos Trabalhadores (PT), que governou o Brasil por uma d\u00e9cada e meia, com um discurso liberal, mas mostra ser <strong>intervencionista<\/strong>.<\/p>\n<h2>Privatiza\u00e7\u00f5es e reformas tamb\u00e9m fustraram<\/h2>\n<p>A gestora lembra que o receio com o andamento do governo n\u00e3o se restringe somente \u00e0 interven\u00e7\u00e3o na Petrobras e a amea\u00e7a no Banco do Brasil. O rompimento do teto de gastos, como chegou a sugerir Bolsonaro, aflorou o risco fiscal do Pa\u00eds ainda no ano passado.<\/p>\n\t<div data-element=\"shortcode-read-more\" class=\"knowMore\">\n\t\t\t\t<span class=\"knowMore__title\">Leia tamb\u00e9m<\/span>\n\t\t\t\t<a class=\"knowMore__link\" href=\"https:\/\/www.suno.com.br\/noticias\/ibovespa-2\/\">\n\t\t\tIbovespa tomba 5,3%, maior queda desde a sa\u00edda de Sergio Moro do governo\t\t<\/a>\n\t<\/div>\n\n\n<p>&#8220;Essa guinada populista do governo nos traz uma perspectiva <a href=\"https:\/\/www.suno.com.br\/artigos\/privatizacao\/\">improv\u00e1vel para qualquer privatiza\u00e7\u00e3o<\/a>. At\u00e9 podemos observar a venda de alguma participa\u00e7\u00e3o na Eletrobras, mas n\u00e3o deve ser grande coisa&#8221;, diz <strong>Murilo Breder<\/strong>, da corretora Easynvest.<\/p>\n<p>Para ele, a interven\u00e7\u00e3o de forma mais acentuada vem \u00e0 tona em um p\u00e9ssimo momento para as estatais. Petrobras e Banco do Brasil, mas tamb\u00e9m Eletrobras, estavam passando por momentos de melhorias operacionais e desalavancagem. Com a paralisa\u00e7\u00e3o desse processo, a economia sente e reflete tamb\u00e9m nas empresas estaduais.<\/p>\n<p>&#8220;Hoje, o mercado enxerga que de fato privatiza\u00e7\u00f5es n\u00e3o s\u00e3o o foco do governo, e decidiu virar a m\u00e3o. Investidores institucionais, sobretudo, passaram a desfazer suas posi\u00e7\u00f5es, marcando o dia de hoje como o fim da cren\u00e7a no lema liberal de <strong>Bolsonaro<\/strong>&#8220;, afirma o especialista.<\/p>\n\t<p>\n\t\t<a href=\"https:\/\/lp.suno.com.br\/planilha-de-controle-de-investimentos\/\" target=\"_blank\" data-element=\"shortcode-suno-banner\" title=\"Banner SUNO, clique e saiba mais\">\n\t\t\t<picture>\n\t\t\t\t<source media=\"(max-width: 500px)\" srcset=\"https:\/\/files.sunoresearch.com.br\/n\/uploads\/2023\/03\/400x300-Controle-de-Investimentos.png\">\n\t\t\t\t<img class=\"newsContent__article__imgCapa newsContent__article__imgCapa--banner\"\n\t\t\t\t\tsrc=\"https:\/\/files.sunoresearch.com.br\/n\/uploads\/2023\/03\/1420x240-Controle-de-Investimentos.png\"\n\t\t\t\t\tdata-promo-id=\"75934\"\t\t\t\t\t\t\t\t\t\twidth='1420' height='240'\t\t\t\t\talt=\"https:\/\/files.sunoresearch.com.br\/n\/uploads\/2023\/03\/1420x240-Controle-de-Investimentos.png\"\n\t\t\t\t>\n\t\t\t<\/picture>\n\t\t<\/a>\n\t<\/p>\n\n\n","protected":false},"excerpt":{"rendered":"<p>Embora o presidente Jair Bolsonaro j\u00e1 tenha se mostrado avesso a algumas mudan\u00e7as corporativas, a decis\u00e3o de demitir o presidente da Petrobras (PETR4), Roberto Castello Branco, na \u00faltima sexta-feira (19), pegou o mercado de surpresa. Agora, ao digerir a not\u00edcia, especialistas acreditam que o movimento pode ter enterrado para valer a cren\u00e7a que restava no [&hellip;]<\/p>\n","protected":false},"author":24,"featured_media":125329,"comment_status":"closed","ping_status":"closed","sticky":false,"template":"","format":"standard","meta":[],"categories":[62],"tags":[1937,740,105815,719,1635,796,2426,595],"suno_strategy":[],"class_list":["post-125433","post","type-post","status-publish","format-standard","has-post-thumbnail","hentry","category-economia","tag-bolsa-de-valores-de-sao-paulo-b3","tag-economia","tag-especial","tag-jair-bolsonaro","tag-mercado-financeiro","tag-paulo-guedes","tag-petr3","tag-petrobras-petr4"],"yoast_head":"<!-- This site is optimized with the Yoast SEO plugin v24.4 - https:\/\/yoast.com\/wordpress\/plugins\/seo\/ -->\n<title>Agenda de Bolsonaro se sobrep\u00f5e \u00e0 econ\u00f4mica e decepciona mercado<\/title>\n<meta name=\"description\" content=\"O mercado foi pego de surpresa na noite da \u00faltima sexta-feira (19), com a demiss\u00e3o do presidente da Petrobras por Bolsonaro. Saiba mais.\" \/>\n<meta name=\"robots\" content=\"index, follow, max-snippet:-1, max-image-preview:large, max-video-preview:-1\" \/>\n<link rel=\"canonical\" href=\"https:\/\/www.suno.com.br\/noticias\/agenda-bolsonaro-economia-decepcao-mercado\/\" \/>\n<meta property=\"og:locale\" content=\"pt_BR\" \/>\n<meta property=\"og:type\" content=\"article\" \/>\n<meta property=\"og:title\" content=\"Agenda de Bolsonaro se sobrep\u00f5e \u00e0 econ\u00f4mica e decepciona mercado\" \/>\n<meta property=\"og:description\" content=\"O mercado foi pego de surpresa na noite da \u00faltima sexta-feira (19), com a demiss\u00e3o do presidente da Petrobras por Bolsonaro. Saiba mais.\" \/>\n<meta property=\"og:url\" content=\"https:\/\/www.suno.com.br\/noticias\/agenda-bolsonaro-economia-decepcao-mercado\/\" \/>\n<meta property=\"og:site_name\" content=\"Suno Not\u00edcias\" \/>\n<meta property=\"article:publisher\" content=\"https:\/\/facebook.com\/sunoresearch\" \/>\n<meta property=\"og:image\" content=\"https:\/\/files.sunoresearch.com.br\/n\/uploads\/2021\/02\/1100ce74-guedes.jpeg\" \/>\n\t<meta property=\"og:image:width\" content=\"1500\" \/>\n\t<meta property=\"og:image:height\" content=\"1000\" \/>\n\t<meta property=\"og:image:type\" content=\"image\/jpeg\" \/>\n<meta name=\"author\" content=\"Jader Lazarini\" \/>\n<meta name=\"twitter:card\" content=\"summary_large_image\" \/>\n<meta name=\"twitter:creator\" content=\"@sunoresearch\" \/>\n<meta name=\"twitter:site\" content=\"@sunoresearch\" \/>\n<meta name=\"twitter:label1\" content=\"Escrito por\" \/>\n\t<meta name=\"twitter:data1\" content=\"Jader Lazarini\" \/>\n\t<meta name=\"twitter:label2\" content=\"Est. tempo de leitura\" \/>\n\t<meta name=\"twitter:data2\" content=\"5 minutos\" \/>\n<script type=\"application\/ld+json\" class=\"yoast-schema-graph\">{\"@context\":\"https:\/\/schema.org\",\"@graph\":[{\"@type\":\"NewsArticle\",\"@id\":\"https:\/\/www.suno.com.br\/noticias\/agenda-bolsonaro-economia-decepcao-mercado\/#article\",\"isPartOf\":{\"@id\":\"https:\/\/www.suno.com.br\/noticias\/agenda-bolsonaro-economia-decepcao-mercado\/\"},\"author\":{\"name\":\"Jader Lazarini\",\"@id\":\"https:\/\/www.suno.com.br\/noticias\/#\/schema\/person\/918d79de1f0281f01599b93f9ea6e23f\"},\"headline\":\"Agenda de Bolsonaro se sobrep\u00f5e \u00e0 promessa liberal e decepciona (de vez) o mercado\",\"datePublished\":\"2021-02-22T19:49:49+00:00\",\"dateModified\":\"2021-05-29T23:50:49+00:00\",\"mainEntityOfPage\":{\"@id\":\"https:\/\/www.suno.com.br\/noticias\/agenda-bolsonaro-economia-decepcao-mercado\/\"},\"wordCount\":932,\"publisher\":{\"@id\":\"https:\/\/www.suno.com.br\/noticias\/#organization\"},\"image\":{\"@id\":\"https:\/\/www.suno.com.br\/noticias\/agenda-bolsonaro-economia-decepcao-mercado\/#primaryimage\"},\"thumbnailUrl\":\"https:\/\/files.sunoresearch.com.br\/n\/uploads\/2021\/02\/1100ce74-guedes-jpeg.webp\",\"keywords\":[\"Bolsa de Valores de S\u00e3o Paulo (B3)\",\"Economia\",\"Especiais\",\"Jair Bolsonaro\",\"mercado financeiro\",\"Paulo Guedes\",\"PETR3\",\"Petrobras (PETR4)\"],\"articleSection\":[\"Economia\"],\"inLanguage\":\"pt-BR\"},{\"@type\":\"WebPage\",\"@id\":\"https:\/\/www.suno.com.br\/noticias\/agenda-bolsonaro-economia-decepcao-mercado\/\",\"url\":\"https:\/\/www.suno.com.br\/noticias\/agenda-bolsonaro-economia-decepcao-mercado\/\",\"name\":\"Agenda de Bolsonaro se sobrep\u00f5e \u00e0 econ\u00f4mica e decepciona mercado\",\"isPartOf\":{\"@id\":\"https:\/\/www.suno.com.br\/noticias\/#website\"},\"primaryImageOfPage\":{\"@id\":\"https:\/\/www.suno.com.br\/noticias\/agenda-bolsonaro-economia-decepcao-mercado\/#primaryimage\"},\"image\":{\"@id\":\"https:\/\/www.suno.com.br\/noticias\/agenda-bolsonaro-economia-decepcao-mercado\/#primaryimage\"},\"thumbnailUrl\":\"https:\/\/files.sunoresearch.com.br\/n\/uploads\/2021\/02\/1100ce74-guedes-jpeg.webp\",\"datePublished\":\"2021-02-22T19:49:49+00:00\",\"dateModified\":\"2021-05-29T23:50:49+00:00\",\"description\":\"O mercado foi pego de surpresa na noite da \u00faltima sexta-feira (19), com a demiss\u00e3o do presidente da Petrobras por Bolsonaro. Saiba mais.\",\"breadcrumb\":{\"@id\":\"https:\/\/www.suno.com.br\/noticias\/agenda-bolsonaro-economia-decepcao-mercado\/#breadcrumb\"},\"inLanguage\":\"pt-BR\",\"potentialAction\":[{\"@type\":\"ReadAction\",\"target\":[\"https:\/\/www.suno.com.br\/noticias\/agenda-bolsonaro-economia-decepcao-mercado\/\"]}]},{\"@type\":\"ImageObject\",\"inLanguage\":\"pt-BR\",\"@id\":\"https:\/\/www.suno.com.br\/noticias\/agenda-bolsonaro-economia-decepcao-mercado\/#primaryimage\",\"url\":\"https:\/\/files.sunoresearch.com.br\/n\/uploads\/2021\/02\/1100ce74-guedes-jpeg.webp\",\"contentUrl\":\"https:\/\/files.sunoresearch.com.br\/n\/uploads\/2021\/02\/1100ce74-guedes-jpeg.webp\",\"width\":1500,\"height\":1000,\"caption\":\"Com risco fiscal no radar, Ibovespa despenca e teme furto do teto de gastos - Foto: Ag\u00eancia Brasil\"},{\"@type\":\"BreadcrumbList\",\"@id\":\"https:\/\/www.suno.com.br\/noticias\/agenda-bolsonaro-economia-decepcao-mercado\/#breadcrumb\",\"itemListElement\":[{\"@type\":\"ListItem\",\"position\":1,\"name\":\"Not\u00edcias\",\"item\":\"https:\/\/www.suno.com.br\/noticias\/\"},{\"@type\":\"ListItem\",\"position\":2,\"name\":\"Economia\",\"item\":\"https:\/\/www.suno.com.br\/noticias\/economia\/\"},{\"@type\":\"ListItem\",\"position\":3,\"name\":\"Agenda de Bolsonaro se sobrep\u00f5e \u00e0 promessa liberal e decepciona (de vez) o mercado\"}]},{\"@type\":\"WebSite\",\"@id\":\"https:\/\/www.suno.com.br\/noticias\/#website\",\"url\":\"https:\/\/www.suno.com.br\/noticias\/\",\"name\":\"Suno Not\u00edcias\",\"description\":\"Seu portal de informa\u00e7\u00e3o sobre o mundo dos investimentos\",\"publisher\":{\"@id\":\"https:\/\/www.suno.com.br\/noticias\/#organization\"},\"potentialAction\":[{\"@type\":\"SearchAction\",\"target\":{\"@type\":\"EntryPoint\",\"urlTemplate\":\"https:\/\/www.suno.com.br\/noticias\/?s={search_term_string}\"},\"query-input\":{\"@type\":\"PropertyValueSpecification\",\"valueRequired\":true,\"valueName\":\"search_term_string\"}}],\"inLanguage\":\"pt-BR\"},{\"@type\":\"Organization\",\"@id\":\"https:\/\/www.suno.com.br\/noticias\/#organization\",\"name\":\"Suno Not\u00edcias\",\"url\":\"https:\/\/www.suno.com.br\/noticias\/\",\"logo\":{\"@type\":\"ImageObject\",\"inLanguage\":\"pt-BR\",\"@id\":\"https:\/\/www.suno.com.br\/noticias\/#\/schema\/logo\/image\/\",\"url\":\"https:\/\/files.sunoresearch.com.br\/n\/uploads\/2021\/09\/suno-logo.png\",\"contentUrl\":\"https:\/\/files.sunoresearch.com.br\/n\/uploads\/2021\/09\/suno-logo.png\",\"width\":180,\"height\":180,\"caption\":\"Suno Not\u00edcias\"},\"image\":{\"@id\":\"https:\/\/www.suno.com.br\/noticias\/#\/schema\/logo\/image\/\"},\"sameAs\":[\"https:\/\/facebook.com\/sunoresearch\",\"https:\/\/x.com\/sunoresearch\",\"https:\/\/www.instagram.com\/suno\",\"https:\/\/www.linkedin.com\/company\/suno-research\/\",\"https:\/\/www.youtube.com\/c\/sunoresearch\"]},{\"@type\":\"Person\",\"@id\":\"https:\/\/www.suno.com.br\/noticias\/#\/schema\/person\/918d79de1f0281f01599b93f9ea6e23f\",\"name\":\"Jader Lazarini\",\"image\":{\"@type\":\"ImageObject\",\"inLanguage\":\"pt-BR\",\"@id\":\"https:\/\/www.suno.com.br\/noticias\/#\/schema\/person\/image\/\",\"url\":\"https:\/\/secure.gravatar.com\/avatar\/3c1ad8caa51589841baeb923fcddea97?s=96&r=g\",\"contentUrl\":\"https:\/\/secure.gravatar.com\/avatar\/3c1ad8caa51589841baeb923fcddea97?s=96&r=g\",\"caption\":\"Jader Lazarini\"},\"description\":\"Jader Lazarini escreve sobre investimentos, finan\u00e7as, economia e neg\u00f3cios. \u00c9 bacharel em Rela\u00e7\u00f5es Internacionais e analista CNPI (2619).\",\"url\":\"https:\/\/www.suno.com.br\/noticias\/author\/jader-lazarini\/\"}]}<\/script>\n<!-- \/ Yoast SEO plugin. -->","yoast_head_json":{"title":"Agenda de Bolsonaro se sobrep\u00f5e \u00e0 econ\u00f4mica e decepciona mercado","description":"O mercado foi pego de surpresa na noite da \u00faltima sexta-feira (19), com a demiss\u00e3o do presidente da Petrobras por Bolsonaro. Saiba mais.","robots":{"index":"index","follow":"follow","max-snippet":"max-snippet:-1","max-image-preview":"max-image-preview:large","max-video-preview":"max-video-preview:-1"},"canonical":"https:\/\/www.suno.com.br\/noticias\/agenda-bolsonaro-economia-decepcao-mercado\/","og_locale":"pt_BR","og_type":"article","og_title":"Agenda de Bolsonaro se sobrep\u00f5e \u00e0 econ\u00f4mica e decepciona mercado","og_description":"O mercado foi pego de surpresa na noite da \u00faltima sexta-feira (19), com a demiss\u00e3o do presidente da Petrobras por Bolsonaro. Saiba mais.","og_url":"https:\/\/www.suno.com.br\/noticias\/agenda-bolsonaro-economia-decepcao-mercado\/","og_site_name":"Suno Not\u00edcias","article_publisher":"https:\/\/facebook.com\/sunoresearch","og_image":[{"width":1500,"height":1000,"url":"https:\/\/files.sunoresearch.com.br\/n\/uploads\/2021\/02\/1100ce74-guedes.jpeg","type":"image\/jpeg"}],"author":"Jader Lazarini","twitter_card":"summary_large_image","twitter_creator":"@sunoresearch","twitter_site":"@sunoresearch","twitter_misc":{"Escrito por":"Jader Lazarini","Est. tempo de leitura":"5 minutos"},"schema":{"@context":"https:\/\/schema.org","@graph":[{"@type":"NewsArticle","@id":"https:\/\/www.suno.com.br\/noticias\/agenda-bolsonaro-economia-decepcao-mercado\/#article","isPartOf":{"@id":"https:\/\/www.suno.com.br\/noticias\/agenda-bolsonaro-economia-decepcao-mercado\/"},"author":{"name":"Jader Lazarini","@id":"https:\/\/www.suno.com.br\/noticias\/#\/schema\/person\/918d79de1f0281f01599b93f9ea6e23f"},"headline":"Agenda de Bolsonaro se sobrep\u00f5e \u00e0 promessa liberal e decepciona (de vez) o mercado","datePublished":"2021-02-22T19:49:49+00:00","dateModified":"2021-05-29T23:50:49+00:00","mainEntityOfPage":{"@id":"https:\/\/www.suno.com.br\/noticias\/agenda-bolsonaro-economia-decepcao-mercado\/"},"wordCount":932,"publisher":{"@id":"https:\/\/www.suno.com.br\/noticias\/#organization"},"image":{"@id":"https:\/\/www.suno.com.br\/noticias\/agenda-bolsonaro-economia-decepcao-mercado\/#primaryimage"},"thumbnailUrl":"https:\/\/files.sunoresearch.com.br\/n\/uploads\/2021\/02\/1100ce74-guedes-jpeg.webp","keywords":["Bolsa de Valores de S\u00e3o Paulo (B3)","Economia","Especiais","Jair Bolsonaro","mercado financeiro","Paulo Guedes","PETR3","Petrobras (PETR4)"],"articleSection":["Economia"],"inLanguage":"pt-BR"},{"@type":"WebPage","@id":"https:\/\/www.suno.com.br\/noticias\/agenda-bolsonaro-economia-decepcao-mercado\/","url":"https:\/\/www.suno.com.br\/noticias\/agenda-bolsonaro-economia-decepcao-mercado\/","name":"Agenda de Bolsonaro se sobrep\u00f5e \u00e0 econ\u00f4mica e decepciona mercado","isPartOf":{"@id":"https:\/\/www.suno.com.br\/noticias\/#website"},"primaryImageOfPage":{"@id":"https:\/\/www.suno.com.br\/noticias\/agenda-bolsonaro-economia-decepcao-mercado\/#primaryimage"},"image":{"@id":"https:\/\/www.suno.com.br\/noticias\/agenda-bolsonaro-economia-decepcao-mercado\/#primaryimage"},"thumbnailUrl":"https:\/\/files.sunoresearch.com.br\/n\/uploads\/2021\/02\/1100ce74-guedes-jpeg.webp","datePublished":"2021-02-22T19:49:49+00:00","dateModified":"2021-05-29T23:50:49+00:00","description":"O mercado foi pego de surpresa na noite da \u00faltima sexta-feira (19), com a demiss\u00e3o do presidente da Petrobras por Bolsonaro. Saiba mais.","breadcrumb":{"@id":"https:\/\/www.suno.com.br\/noticias\/agenda-bolsonaro-economia-decepcao-mercado\/#breadcrumb"},"inLanguage":"pt-BR","potentialAction":[{"@type":"ReadAction","target":["https:\/\/www.suno.com.br\/noticias\/agenda-bolsonaro-economia-decepcao-mercado\/"]}]},{"@type":"ImageObject","inLanguage":"pt-BR","@id":"https:\/\/www.suno.com.br\/noticias\/agenda-bolsonaro-economia-decepcao-mercado\/#primaryimage","url":"https:\/\/files.sunoresearch.com.br\/n\/uploads\/2021\/02\/1100ce74-guedes-jpeg.webp","contentUrl":"https:\/\/files.sunoresearch.com.br\/n\/uploads\/2021\/02\/1100ce74-guedes-jpeg.webp","width":1500,"height":1000,"caption":"Com risco fiscal no radar, Ibovespa despenca e teme furto do teto de gastos - Foto: Ag\u00eancia Brasil"},{"@type":"BreadcrumbList","@id":"https:\/\/www.suno.com.br\/noticias\/agenda-bolsonaro-economia-decepcao-mercado\/#breadcrumb","itemListElement":[{"@type":"ListItem","position":1,"name":"Not\u00edcias","item":"https:\/\/www.suno.com.br\/noticias\/"},{"@type":"ListItem","position":2,"name":"Economia","item":"https:\/\/www.suno.com.br\/noticias\/economia\/"},{"@type":"ListItem","position":3,"name":"Agenda de Bolsonaro se sobrep\u00f5e \u00e0 promessa liberal e decepciona (de vez) o mercado"}]},{"@type":"WebSite","@id":"https:\/\/www.suno.com.br\/noticias\/#website","url":"https:\/\/www.suno.com.br\/noticias\/","name":"Suno Not\u00edcias","description":"Seu portal de informa\u00e7\u00e3o sobre o mundo dos investimentos","publisher":{"@id":"https:\/\/www.suno.com.br\/noticias\/#organization"},"potentialAction":[{"@type":"SearchAction","target":{"@type":"EntryPoint","urlTemplate":"https:\/\/www.suno.com.br\/noticias\/?s={search_term_string}"},"query-input":{"@type":"PropertyValueSpecification","valueRequired":true,"valueName":"search_term_string"}}],"inLanguage":"pt-BR"},{"@type":"Organization","@id":"https:\/\/www.suno.com.br\/noticias\/#organization","name":"Suno Not\u00edcias","url":"https:\/\/www.suno.com.br\/noticias\/","logo":{"@type":"ImageObject","inLanguage":"pt-BR","@id":"https:\/\/www.suno.com.br\/noticias\/#\/schema\/logo\/image\/","url":"https:\/\/files.sunoresearch.com.br\/n\/uploads\/2021\/09\/suno-logo.png","contentUrl":"https:\/\/files.sunoresearch.com.br\/n\/uploads\/2021\/09\/suno-logo.png","width":180,"height":180,"caption":"Suno Not\u00edcias"},"image":{"@id":"https:\/\/www.suno.com.br\/noticias\/#\/schema\/logo\/image\/"},"sameAs":["https:\/\/facebook.com\/sunoresearch","https:\/\/x.com\/sunoresearch","https:\/\/www.instagram.com\/suno","https:\/\/www.linkedin.com\/company\/suno-research\/","https:\/\/www.youtube.com\/c\/sunoresearch"]},{"@type":"Person","@id":"https:\/\/www.suno.com.br\/noticias\/#\/schema\/person\/918d79de1f0281f01599b93f9ea6e23f","name":"Jader Lazarini","image":{"@type":"ImageObject","inLanguage":"pt-BR","@id":"https:\/\/www.suno.com.br\/noticias\/#\/schema\/person\/image\/","url":"https:\/\/secure.gravatar.com\/avatar\/3c1ad8caa51589841baeb923fcddea97?s=96&r=g","contentUrl":"https:\/\/secure.gravatar.com\/avatar\/3c1ad8caa51589841baeb923fcddea97?s=96&r=g","caption":"Jader Lazarini"},"description":"Jader Lazarini escreve sobre investimentos, finan\u00e7as, economia e neg\u00f3cios. \u00c9 bacharel em Rela\u00e7\u00f5es Internacionais e analista CNPI (2619).","url":"https:\/\/www.suno.com.br\/noticias\/author\/jader-lazarini\/"}]}},"default_loop_html":"<div class=\"cardsPage__listCard__boxs\"><div class=\"cardsPage__listCard__boxs__img\"><a href=\"https:\/\/www.suno.com.br\/noticias\/agenda-bolsonaro-economia-decepcao-mercado\/\"><img class=\"mask\" src=\"https:\/\/www.suno.com.br\/noticias\/wp-content\/themes\/suno\/resources\/images\/spotlight\/spotlight1img\/bg-mask.png\" alt=\"Image Mask\"\/><img src=\"https:\/\/files.sunoresearch.com.br\/n\/uploads\/2021\/02\/1100ce74-guedes-400x200.webp\" alt=\"Agenda de Bolsonaro se sobrep\u00f5e \u00e0 promessa liberal e decepciona (de vez) o mercado\"\/><\/a><span class=\"spotlightCategory\"><a href=\"https:\/\/www.suno.com.br\/noticias\/economia\/\">Economia<\/a><\/span><\/div><div class=\"cardsPage__listCard__boxs__content\"><a href=\"https:\/\/www.suno.com.br\/noticias\/agenda-bolsonaro-economia-decepcao-mercado\/\"><h2 class=\"content__title\">Agenda de Bolsonaro se sobrep\u00f5e \u00e0 promessa liberal e decepciona (de vez) o mercado<\/h2><\/a><div class=\"newsContent__article__meta\"><div class=\"newsContent__article__meta__authorBox\"><a href=\"https:\/\/www.suno.com.br\/noticias\/author\/jader-lazarini\/\" class=\"authorBox__avatar noMobi\"><img src=\"https:\/\/files.sunoresearch.com.br\/n\/uploads\/2021\/01\/178e6598-foto-perfil-2-150x150.jpg\" alt=\"Jader Lazarini\"><\/a><div class=\"authorBox__name\"><span>por\n\t\t\t<a href=\"https:\/\/www.suno.com.br\/noticias\/author\/jader-lazarini\/\"><span itemprop=\"author\">Jader Lazarini<\/span><\/a><\/span><time datetime=\"2021-02-22T16:49:49-03:00\" itemprop=\"datePublished\">22\/02\/2021 16:49<\/time><\/div><\/div><\/div><\/div><\/div>","single_layout":"posts","amp_enabled":true,"_links":{"self":[{"href":"https:\/\/www.suno.com.br\/noticias\/wp-json\/wp\/v2\/posts\/125433"}],"collection":[{"href":"https:\/\/www.suno.com.br\/noticias\/wp-json\/wp\/v2\/posts"}],"about":[{"href":"https:\/\/www.suno.com.br\/noticias\/wp-json\/wp\/v2\/types\/post"}],"author":[{"embeddable":true,"href":"https:\/\/www.suno.com.br\/noticias\/wp-json\/wp\/v2\/users\/24"}],"replies":[{"embeddable":true,"href":"https:\/\/www.suno.com.br\/noticias\/wp-json\/wp\/v2\/comments?post=125433"}],"version-history":[{"count":10,"href":"https:\/\/www.suno.com.br\/noticias\/wp-json\/wp\/v2\/posts\/125433\/revisions"}],"predecessor-version":[{"id":125629,"href":"https:\/\/www.suno.com.br\/noticias\/wp-json\/wp\/v2\/posts\/125433\/revisions\/125629"}],"wp:featuredmedia":[{"embeddable":true,"href":"https:\/\/www.suno.com.br\/noticias\/wp-json\/wp\/v2\/media\/125329"}],"wp:attachment":[{"href":"https:\/\/www.suno.com.br\/noticias\/wp-json\/wp\/v2\/media?parent=125433"}],"wp:term":[{"taxonomy":"category","embeddable":true,"href":"https:\/\/www.suno.com.br\/noticias\/wp-json\/wp\/v2\/categories?post=125433"},{"taxonomy":"post_tag","embeddable":true,"href":"https:\/\/www.suno.com.br\/noticias\/wp-json\/wp\/v2\/tags?post=125433"},{"taxonomy":"suno_strategy","embeddable":true,"href":"https:\/\/www.suno.com.br\/noticias\/wp-json\/wp\/v2\/suno_strategy?post=125433"}],"curies":[{"name":"wp","href":"https:\/\/api.w.org\/{rel}","templated":true}]}}