{"id":12536,"date":"2019-01-22T09:20:07","date_gmt":"2019-01-22T11:20:07","guid":{"rendered":"https:\/\/www.suno.com.br\/noticias\/?p=12536"},"modified":"2019-01-22T09:24:37","modified_gmt":"2019-01-22T11:24:37","slug":"fundacao-renova-mariana-samarco","status":"publish","type":"post","link":"https:\/\/www.suno.com.br\/noticias\/fundacao-renova-mariana-samarco\/","title":{"rendered":"BHP disponibilizar\u00e1 R$ 1,9 bilh\u00e3o \u00e0 Funda\u00e7\u00e3o Renova e Samarco"},"content":{"rendered":"<p>Em apoio financeiro adicional \u00e0 Funda\u00e7\u00e3o Renova e \u00e0 <strong>Samarco<\/strong>, a mineradora anglo-australiana <strong>BHP <\/strong>Billiton aceitou aportar US$ 515 milh\u00f5es (o equivalente a cerca de R$ 1,9 bilh\u00e3o). As informa\u00e7\u00f5es estavam expressas em documento\u00a0publicado ao mercado nesta segunda-feira (21).<\/p>\t<div class=\"wrapper-featured-image\">\n\t\t<figure class=\"spotlightImg\">\n\n\t\t\t<picture>\n\t\t\t\t<source media=\"(max-width: 768px)\" srcset=\"https:\/\/files.sunoresearch.com.br\/n\/uploads\/2019\/01\/20507006-funda\u00e7\u00e3o-renova-400x200.webp\">\n\t\t\t\t<img loading=\"lazy\" decoding=\"async\" class=\"newsContent__article__imgCapa lazyloadDisabled newsContent__article__imgCapa--noCaption\" src=\"https:\/\/files.sunoresearch.com.br\/n\/uploads\/2019\/01\/20507006-funda\u00e7\u00e3o-renova-800x450.webp\" width=\"800\" height=\"450\" alt=\"BHP disponibilizar\u00e1 R$ 1,9 bilh\u00e3o \u00e0 Funda\u00e7\u00e3o Renova e Samarco\" fetchpriority=high \/>\n\t\t\t<\/picture>\n\n\t\t\t<figcaption class=\"wp-caption-text wp-caption-text--hide\">Desastre ambiental da Vale\/Samarco em Mariana (MG).<\/figcaption>\n\t\t<\/figure>\n\t<\/div>\n\n\n<p>A ONG <strong>Funda\u00e7\u00e3o Renova<\/strong> foi criada em 2016 ap\u00f3s o colapso das barragens de rejeitos da mineradora Samarco, em 05 novembro de 2015.<\/p>\n<p>O acontecimento ficou popularmente conhecido como &#8220;<strong>desastre de Mariana<\/strong>&#8220;, nome da cidade de Minas Gerais onde o rompimento das <strong>barragens<\/strong> ocorreu.<\/p>\n<p>A mineradora <strong>Samarco<\/strong> \u00e9 uma <a href=\"https:\/\/www.suno.com.br\/artigos\/joint-venture\/\">joint venture<\/a>, ou seja, \u00e9 uma empresa criada \u00e0 partir da uni\u00e3o da <strong>BHP<\/strong> com a Vale (VALE3).<\/p>\n<p>A BHP informou que o subs\u00eddio se dividiria em:<\/p>\n<ul>\n<li>US$ 438 milh\u00f5es seriam para financiar a Funda\u00e7\u00e3o Renova at\u00e9 31 de dezembro deste ano;<\/li>\n<li>US$ 77 milh\u00f5es disponibilizados \u00e0 Samarco at\u00e9 junho.<\/li>\n<\/ul>\n<p><a href=\"https:\/\/www.suno.com.br\/noticias\/newmont-compra-goldcorp-por-us-10-bi\/\">Saiba mais &#8211;\u00a0Mineradora de ouro Newmont compra Goldcorp por US$ 10 bilh\u00f5es\u00a0<\/a><\/p>\n<h2>O desastre de Mariana<\/h2>\n<p>O <strong>desastre<\/strong> socioambiental de <strong>Mariana<\/strong> \u00e9 considerado o maior do Brasil. O rompimento da Barragem do Fund\u00e3o provocou a morte de 19 pessoas, al\u00e9m de deixar centenas de outros indiv\u00edduos desabrigados.<\/p>\n<p>O Rio Doce foi polu\u00eddo por consequ\u00eancia dos rejeitos dos 55 milh\u00f5es de metros c\u00fabicos de lama que a <strong>barragem<\/strong> segurava. Tal rio, com leito de 853 quil\u00f4metros (km), percorreu diversas cidades, at\u00e9 desaguar no mar do Esp\u00edrito Santo.<\/p>\n<p>No mar, a polui\u00e7\u00e3o atingiu um raio de 80 km. A popula\u00e7\u00e3o atingida, desde Mariana at\u00e9 o mar, soma 1,2 milh\u00e3o em 39 munic\u00edpios entre Minas Gerais e Esp\u00edrito Santos. Mais de dois mil hectares de terras foram inundadas, e, consequentemente, inutiliz\u00e1veis para plantio.<\/p>\n<p><a href=\"https:\/\/www.suno.com.br\/noticias\/samarco-acordo-indenizacao\/\">Saiba mais &#8211;\u00a0Samarco \u2013 Vale e BHP fecham acordo parcial sobre indeniza\u00e7\u00e3o\u00a0<\/a><\/p>\n<h2>Funda\u00e7\u00e3o Renova<\/h2>\n<p>No in\u00edcio de janeiro, a Funda\u00e7\u00e3o Renova recebeu cr\u00edticas dos moradores locais pelo valor destinado \u00e0s obras de restaura\u00e7\u00e3o. Conforme o G1, no \u00faltimo dia 07, o or\u00e7amento da ONG era de R$ 4,1 bilh\u00f5es.<\/p>\n<p>A constru\u00e7\u00e3o do centro de informa\u00e7\u00f5es referentes ao desastre de <strong>Mariana<\/strong>, uma esp\u00e9cie de memorial, tornou-se um ponto pol\u00eamico.<\/p>\n<div class=\"mc-column content-text active-extra-styles \" data-block-type=\"unstyled\" data-block-weight=\"41\" data-block-id=\"8\">\n<p class=\"content-text__container \" data-track-category=\"Link no Texto\" data-track-links=\"\">De acordo com a <strong>Prefeitura<\/strong> de Mariana, foram gastos<span style=\"font-size: 1.21429rem;\">\u00a0R$ 8 milh\u00f5es na reforma e na compra de tudo o que est\u00e1 exposto no casar\u00e3o.\u00a0<\/span>O im\u00f3vel \u00e9 privado e tem aluguel de R$ 20 mil mensal, que a <strong>Funda\u00e7\u00e3o Renova<\/strong> se encarrega de pagar.<\/p>\n<p data-track-category=\"Link no Texto\" data-track-links=\"\"><span style=\"font-size: 1.21429rem;\">O que desagrada aos moradores e a <strong>Prefeitura<\/strong> \u00e9 que a funda\u00e7\u00e3o quer incluir todas estas despesas como uma das medidas para compensar os preju\u00edzos causados pelo rompimento da barragem.<\/span><\/p>\n<\/div>\n<div class=\"mc-column content-text active-extra-styles \" data-block-type=\"unstyled\" data-block-weight=\"54\" data-block-id=\"10\">\n<p class=\"content-text__container \" data-track-category=\"Link no Texto\" data-track-links=\"\">O prefeito da cidade, Duarte J\u00fanior (PPS), explicou ao G1 que no in\u00edcio a conversa n\u00e3o era esta. O centro entraria como uma a\u00e7\u00e3o reparat\u00f3ria, que n\u00e3o tem limite para gastar.<\/p>\n<p class=\"content-text__container \" data-track-category=\"Link no Texto\" data-track-links=\"\">Assim, quando soube que a ONG planejava incluir os gastos como medidas compensat\u00f3rias, J\u00fanior chegou a oferecer dois pr\u00e9dios p\u00fablicos para o funcionamento do centro de informa\u00e7\u00f5es.<\/p>\n<\/div>\n<div class=\"mc-column content-text active-extra-styles \" data-block-type=\"unstyled\" data-block-weight=\"46\" data-block-id=\"11\">\n<p class=\"content-text__container \" data-track-category=\"Link no Texto\" data-track-links=\"\">\u201cN\u00e3o teria que pagar nenhum aluguel. Deixaria um legado em favor da popula\u00e7\u00e3o de <strong>Mariana<\/strong> porque a popula\u00e7\u00e3o teria esta casa \u00e0 disposi\u00e7\u00e3o para as futuras gera\u00e7\u00f5es. Infelizmente, se gastou R$ 8 milh\u00f5es para reformar a casa de um particular. \u00c9 um absurdo\u201d, disse ele.<\/p>\n<p data-track-category=\"Link no Texto\" data-track-links=\"\">A <strong>Funda\u00e7\u00e3o Renova<\/strong> tem dez anos para recuperar os estragos causados pelo rompimento da barragem da Samarco, joint venture controlada pela Vale e pela <strong>mineradora\u00a0BHP<\/strong>.<\/p>\n<\/div>\n","protected":false},"excerpt":{"rendered":"<p>Em apoio financeiro adicional \u00e0 Funda\u00e7\u00e3o Renova e \u00e0 Samarco, a mineradora anglo-australiana BHP Billiton aceitou aportar US$ 515 milh\u00f5es (o equivalente a cerca de R$ 1,9 bilh\u00e3o). As informa\u00e7\u00f5es estavam expressas em documento\u00a0publicado ao mercado nesta segunda-feira (21). Desastre ambiental da Vale\/Samarco em Mariana (MG). A ONG Funda\u00e7\u00e3o Renova foi criada em 2016 ap\u00f3s [&hellip;]<\/p>\n","protected":false},"author":12,"featured_media":12539,"comment_status":"closed","ping_status":"closed","sticky":false,"template":"","format":"standard","meta":[],"categories":[64],"tags":[],"suno_strategy":[],"class_list":["post-12536","post","type-post","status-publish","format-standard","has-post-thumbnail","hentry","category-negocios"],"yoast_head":"<!-- This site is optimized with the Yoast SEO plugin v24.4 - https:\/\/yoast.com\/wordpress\/plugins\/seo\/ -->\n<title>BHP disponibilizar\u00e1 R$ 1,9 bilh\u00e3o \u00e0 Funda\u00e7\u00e3o Renova e Samarco<\/title>\n<meta name=\"description\" content=\"A mineradora BHP aportar\u00e1 R$ 1,9 bilh\u00e3o \u00e0 Funda\u00e7\u00e3o Renova e \u00e0 Samarco, para reverter danos do desastre de Mariana. Clique para saber mais.\" \/>\n<meta name=\"robots\" content=\"index, follow, max-snippet:-1, max-image-preview:large, max-video-preview:-1\" \/>\n<link rel=\"canonical\" href=\"https:\/\/www.suno.com.br\/noticias\/fundacao-renova-mariana-samarco\/\" \/>\n<meta property=\"og:locale\" content=\"pt_BR\" \/>\n<meta property=\"og:type\" content=\"article\" \/>\n<meta property=\"og:title\" content=\"BHP disponibilizar\u00e1 R$ 1,9 bilh\u00e3o \u00e0 Funda\u00e7\u00e3o Renova e Samarco\" \/>\n<meta property=\"og:description\" content=\"A mineradora BHP aportar\u00e1 R$ 1,9 bilh\u00e3o \u00e0 Funda\u00e7\u00e3o Renova e \u00e0 Samarco, para reverter danos do desastre de Mariana. Clique para saber mais.\" \/>\n<meta property=\"og:url\" content=\"https:\/\/www.suno.com.br\/noticias\/fundacao-renova-mariana-samarco\/\" \/>\n<meta property=\"og:site_name\" content=\"Suno Not\u00edcias\" \/>\n<meta property=\"article:publisher\" content=\"https:\/\/facebook.com\/sunoresearch\" \/>\n<meta property=\"og:image\" content=\"https:\/\/files.sunoresearch.com.br\/n\/uploads\/2019\/01\/20507006-funda\u00e7\u00e3o-renova.jpg\" \/>\n\t<meta property=\"og:image:width\" content=\"1280\" \/>\n\t<meta property=\"og:image:height\" content=\"720\" \/>\n\t<meta property=\"og:image:type\" content=\"image\/jpeg\" \/>\n<meta name=\"author\" content=\"Amanda Gushiken\" \/>\n<meta name=\"twitter:card\" content=\"summary_large_image\" \/>\n<meta name=\"twitter:creator\" content=\"@sunoresearch\" \/>\n<meta name=\"twitter:site\" content=\"@sunoresearch\" \/>\n<meta name=\"twitter:label1\" content=\"Escrito por\" \/>\n\t<meta name=\"twitter:data1\" content=\"Amanda Gushiken\" \/>\n\t<meta name=\"twitter:label2\" content=\"Est. tempo de leitura\" \/>\n\t<meta name=\"twitter:data2\" content=\"3 minutos\" \/>\n<script type=\"application\/ld+json\" class=\"yoast-schema-graph\">{\"@context\":\"https:\/\/schema.org\",\"@graph\":[{\"@type\":\"NewsArticle\",\"@id\":\"https:\/\/www.suno.com.br\/noticias\/fundacao-renova-mariana-samarco\/#article\",\"isPartOf\":{\"@id\":\"https:\/\/www.suno.com.br\/noticias\/fundacao-renova-mariana-samarco\/\"},\"author\":{\"name\":\"Amanda Gushiken\",\"@id\":\"https:\/\/www.suno.com.br\/noticias\/#\/schema\/person\/a5b06fa4e879d8e8e119c6ed3cd630d1\"},\"headline\":\"BHP disponibilizar\u00e1 R$ 1,9 bilh\u00e3o \u00e0 Funda\u00e7\u00e3o Renova e Samarco\",\"datePublished\":\"2019-01-22T11:20:07+00:00\",\"dateModified\":\"2019-01-22T11:24:37+00:00\",\"mainEntityOfPage\":{\"@id\":\"https:\/\/www.suno.com.br\/noticias\/fundacao-renova-mariana-samarco\/\"},\"wordCount\":583,\"publisher\":{\"@id\":\"https:\/\/www.suno.com.br\/noticias\/#organization\"},\"image\":{\"@id\":\"https:\/\/www.suno.com.br\/noticias\/fundacao-renova-mariana-samarco\/#primaryimage\"},\"thumbnailUrl\":\"https:\/\/files.sunoresearch.com.br\/n\/uploads\/2019\/01\/20507006-funda\u00e7\u00e3o-renova-jpg.webp\",\"articleSection\":[\"Neg\u00f3cios\"],\"inLanguage\":\"pt-BR\"},{\"@type\":\"WebPage\",\"@id\":\"https:\/\/www.suno.com.br\/noticias\/fundacao-renova-mariana-samarco\/\",\"url\":\"https:\/\/www.suno.com.br\/noticias\/fundacao-renova-mariana-samarco\/\",\"name\":\"BHP disponibilizar\u00e1 R$ 1,9 bilh\u00e3o \u00e0 Funda\u00e7\u00e3o Renova e Samarco\",\"isPartOf\":{\"@id\":\"https:\/\/www.suno.com.br\/noticias\/#website\"},\"primaryImageOfPage\":{\"@id\":\"https:\/\/www.suno.com.br\/noticias\/fundacao-renova-mariana-samarco\/#primaryimage\"},\"image\":{\"@id\":\"https:\/\/www.suno.com.br\/noticias\/fundacao-renova-mariana-samarco\/#primaryimage\"},\"thumbnailUrl\":\"https:\/\/files.sunoresearch.com.br\/n\/uploads\/2019\/01\/20507006-funda\u00e7\u00e3o-renova-jpg.webp\",\"datePublished\":\"2019-01-22T11:20:07+00:00\",\"dateModified\":\"2019-01-22T11:24:37+00:00\",\"description\":\"A mineradora BHP aportar\u00e1 R$ 1,9 bilh\u00e3o \u00e0 Funda\u00e7\u00e3o Renova e \u00e0 Samarco, para reverter danos do desastre de Mariana. Clique para saber mais.\",\"breadcrumb\":{\"@id\":\"https:\/\/www.suno.com.br\/noticias\/fundacao-renova-mariana-samarco\/#breadcrumb\"},\"inLanguage\":\"pt-BR\",\"potentialAction\":[{\"@type\":\"ReadAction\",\"target\":[\"https:\/\/www.suno.com.br\/noticias\/fundacao-renova-mariana-samarco\/\"]}]},{\"@type\":\"ImageObject\",\"inLanguage\":\"pt-BR\",\"@id\":\"https:\/\/www.suno.com.br\/noticias\/fundacao-renova-mariana-samarco\/#primaryimage\",\"url\":\"https:\/\/files.sunoresearch.com.br\/n\/uploads\/2019\/01\/20507006-funda\u00e7\u00e3o-renova-jpg.webp\",\"contentUrl\":\"https:\/\/files.sunoresearch.com.br\/n\/uploads\/2019\/01\/20507006-funda\u00e7\u00e3o-renova-jpg.webp\",\"width\":1280,\"height\":720,\"caption\":\"Desastre ambiental da Vale\/Samarco em Mariana (MG).\"},{\"@type\":\"BreadcrumbList\",\"@id\":\"https:\/\/www.suno.com.br\/noticias\/fundacao-renova-mariana-samarco\/#breadcrumb\",\"itemListElement\":[{\"@type\":\"ListItem\",\"position\":1,\"name\":\"Not\u00edcias\",\"item\":\"https:\/\/www.suno.com.br\/noticias\/\"},{\"@type\":\"ListItem\",\"position\":2,\"name\":\"Neg\u00f3cios\",\"item\":\"https:\/\/www.suno.com.br\/noticias\/negocios\/\"},{\"@type\":\"ListItem\",\"position\":3,\"name\":\"BHP disponibilizar\u00e1 R$ 1,9 bilh\u00e3o \u00e0 Funda\u00e7\u00e3o Renova e Samarco\"}]},{\"@type\":\"WebSite\",\"@id\":\"https:\/\/www.suno.com.br\/noticias\/#website\",\"url\":\"https:\/\/www.suno.com.br\/noticias\/\",\"name\":\"Suno Not\u00edcias\",\"description\":\"Seu portal de informa\u00e7\u00e3o sobre o mundo dos investimentos\",\"publisher\":{\"@id\":\"https:\/\/www.suno.com.br\/noticias\/#organization\"},\"potentialAction\":[{\"@type\":\"SearchAction\",\"target\":{\"@type\":\"EntryPoint\",\"urlTemplate\":\"https:\/\/www.suno.com.br\/noticias\/?s={search_term_string}\"},\"query-input\":{\"@type\":\"PropertyValueSpecification\",\"valueRequired\":true,\"valueName\":\"search_term_string\"}}],\"inLanguage\":\"pt-BR\"},{\"@type\":\"Organization\",\"@id\":\"https:\/\/www.suno.com.br\/noticias\/#organization\",\"name\":\"Suno Not\u00edcias\",\"url\":\"https:\/\/www.suno.com.br\/noticias\/\",\"logo\":{\"@type\":\"ImageObject\",\"inLanguage\":\"pt-BR\",\"@id\":\"https:\/\/www.suno.com.br\/noticias\/#\/schema\/logo\/image\/\",\"url\":\"https:\/\/files.sunoresearch.com.br\/n\/uploads\/2021\/09\/suno-logo.png\",\"contentUrl\":\"https:\/\/files.sunoresearch.com.br\/n\/uploads\/2021\/09\/suno-logo.png\",\"width\":180,\"height\":180,\"caption\":\"Suno Not\u00edcias\"},\"image\":{\"@id\":\"https:\/\/www.suno.com.br\/noticias\/#\/schema\/logo\/image\/\"},\"sameAs\":[\"https:\/\/facebook.com\/sunoresearch\",\"https:\/\/x.com\/sunoresearch\",\"https:\/\/www.instagram.com\/suno\",\"https:\/\/www.linkedin.com\/company\/suno-research\/\",\"https:\/\/www.youtube.com\/c\/sunoresearch\"]},{\"@type\":\"Person\",\"@id\":\"https:\/\/www.suno.com.br\/noticias\/#\/schema\/person\/a5b06fa4e879d8e8e119c6ed3cd630d1\",\"name\":\"Amanda Gushiken\",\"image\":{\"@type\":\"ImageObject\",\"inLanguage\":\"pt-BR\",\"@id\":\"https:\/\/www.suno.com.br\/noticias\/#\/schema\/person\/image\/\",\"url\":\"https:\/\/secure.gravatar.com\/avatar\/ecd84705e6b65e3685ae80d725501fbe?s=96&r=g\",\"contentUrl\":\"https:\/\/secure.gravatar.com\/avatar\/ecd84705e6b65e3685ae80d725501fbe?s=96&r=g\",\"caption\":\"Amanda Gushiken\"},\"description\":\"Amanda Sayuri Gushiken escreve sobre finan\u00e7as e neg\u00f3cios para o portal Suno Not\u00edcias. Antes, trabalhou selecionando not\u00edcias da imprensa para clientes do mercado financeiro. Tamb\u00e9m desenvolveu pesquisa acad\u00eamica pela Universidade Anhembi Morumbi na \u00e1rea de Teorias da Comunica\u00e7\u00e3o e \u00e9 fot\u00f3grafa nas horas vagas.\",\"url\":\"https:\/\/www.suno.com.br\/noticias\/author\/amanda\/\"}]}<\/script>\n<!-- \/ Yoast SEO plugin. -->","yoast_head_json":{"title":"BHP disponibilizar\u00e1 R$ 1,9 bilh\u00e3o \u00e0 Funda\u00e7\u00e3o Renova e Samarco","description":"A mineradora BHP aportar\u00e1 R$ 1,9 bilh\u00e3o \u00e0 Funda\u00e7\u00e3o Renova e \u00e0 Samarco, para reverter danos do desastre de Mariana. Clique para saber mais.","robots":{"index":"index","follow":"follow","max-snippet":"max-snippet:-1","max-image-preview":"max-image-preview:large","max-video-preview":"max-video-preview:-1"},"canonical":"https:\/\/www.suno.com.br\/noticias\/fundacao-renova-mariana-samarco\/","og_locale":"pt_BR","og_type":"article","og_title":"BHP disponibilizar\u00e1 R$ 1,9 bilh\u00e3o \u00e0 Funda\u00e7\u00e3o Renova e Samarco","og_description":"A mineradora BHP aportar\u00e1 R$ 1,9 bilh\u00e3o \u00e0 Funda\u00e7\u00e3o Renova e \u00e0 Samarco, para reverter danos do desastre de Mariana. Clique para saber mais.","og_url":"https:\/\/www.suno.com.br\/noticias\/fundacao-renova-mariana-samarco\/","og_site_name":"Suno Not\u00edcias","article_publisher":"https:\/\/facebook.com\/sunoresearch","og_image":[{"width":1280,"height":720,"url":"https:\/\/files.sunoresearch.com.br\/n\/uploads\/2019\/01\/20507006-funda\u00e7\u00e3o-renova.jpg","type":"image\/jpeg"}],"author":"Amanda Gushiken","twitter_card":"summary_large_image","twitter_creator":"@sunoresearch","twitter_site":"@sunoresearch","twitter_misc":{"Escrito por":"Amanda Gushiken","Est. tempo de leitura":"3 minutos"},"schema":{"@context":"https:\/\/schema.org","@graph":[{"@type":"NewsArticle","@id":"https:\/\/www.suno.com.br\/noticias\/fundacao-renova-mariana-samarco\/#article","isPartOf":{"@id":"https:\/\/www.suno.com.br\/noticias\/fundacao-renova-mariana-samarco\/"},"author":{"name":"Amanda Gushiken","@id":"https:\/\/www.suno.com.br\/noticias\/#\/schema\/person\/a5b06fa4e879d8e8e119c6ed3cd630d1"},"headline":"BHP disponibilizar\u00e1 R$ 1,9 bilh\u00e3o \u00e0 Funda\u00e7\u00e3o Renova e Samarco","datePublished":"2019-01-22T11:20:07+00:00","dateModified":"2019-01-22T11:24:37+00:00","mainEntityOfPage":{"@id":"https:\/\/www.suno.com.br\/noticias\/fundacao-renova-mariana-samarco\/"},"wordCount":583,"publisher":{"@id":"https:\/\/www.suno.com.br\/noticias\/#organization"},"image":{"@id":"https:\/\/www.suno.com.br\/noticias\/fundacao-renova-mariana-samarco\/#primaryimage"},"thumbnailUrl":"https:\/\/files.sunoresearch.com.br\/n\/uploads\/2019\/01\/20507006-funda\u00e7\u00e3o-renova-jpg.webp","articleSection":["Neg\u00f3cios"],"inLanguage":"pt-BR"},{"@type":"WebPage","@id":"https:\/\/www.suno.com.br\/noticias\/fundacao-renova-mariana-samarco\/","url":"https:\/\/www.suno.com.br\/noticias\/fundacao-renova-mariana-samarco\/","name":"BHP disponibilizar\u00e1 R$ 1,9 bilh\u00e3o \u00e0 Funda\u00e7\u00e3o Renova e Samarco","isPartOf":{"@id":"https:\/\/www.suno.com.br\/noticias\/#website"},"primaryImageOfPage":{"@id":"https:\/\/www.suno.com.br\/noticias\/fundacao-renova-mariana-samarco\/#primaryimage"},"image":{"@id":"https:\/\/www.suno.com.br\/noticias\/fundacao-renova-mariana-samarco\/#primaryimage"},"thumbnailUrl":"https:\/\/files.sunoresearch.com.br\/n\/uploads\/2019\/01\/20507006-funda\u00e7\u00e3o-renova-jpg.webp","datePublished":"2019-01-22T11:20:07+00:00","dateModified":"2019-01-22T11:24:37+00:00","description":"A mineradora BHP aportar\u00e1 R$ 1,9 bilh\u00e3o \u00e0 Funda\u00e7\u00e3o Renova e \u00e0 Samarco, para reverter danos do desastre de Mariana. Clique para saber mais.","breadcrumb":{"@id":"https:\/\/www.suno.com.br\/noticias\/fundacao-renova-mariana-samarco\/#breadcrumb"},"inLanguage":"pt-BR","potentialAction":[{"@type":"ReadAction","target":["https:\/\/www.suno.com.br\/noticias\/fundacao-renova-mariana-samarco\/"]}]},{"@type":"ImageObject","inLanguage":"pt-BR","@id":"https:\/\/www.suno.com.br\/noticias\/fundacao-renova-mariana-samarco\/#primaryimage","url":"https:\/\/files.sunoresearch.com.br\/n\/uploads\/2019\/01\/20507006-funda\u00e7\u00e3o-renova-jpg.webp","contentUrl":"https:\/\/files.sunoresearch.com.br\/n\/uploads\/2019\/01\/20507006-funda\u00e7\u00e3o-renova-jpg.webp","width":1280,"height":720,"caption":"Desastre ambiental da Vale\/Samarco em Mariana (MG)."},{"@type":"BreadcrumbList","@id":"https:\/\/www.suno.com.br\/noticias\/fundacao-renova-mariana-samarco\/#breadcrumb","itemListElement":[{"@type":"ListItem","position":1,"name":"Not\u00edcias","item":"https:\/\/www.suno.com.br\/noticias\/"},{"@type":"ListItem","position":2,"name":"Neg\u00f3cios","item":"https:\/\/www.suno.com.br\/noticias\/negocios\/"},{"@type":"ListItem","position":3,"name":"BHP disponibilizar\u00e1 R$ 1,9 bilh\u00e3o \u00e0 Funda\u00e7\u00e3o Renova e Samarco"}]},{"@type":"WebSite","@id":"https:\/\/www.suno.com.br\/noticias\/#website","url":"https:\/\/www.suno.com.br\/noticias\/","name":"Suno Not\u00edcias","description":"Seu portal de informa\u00e7\u00e3o sobre o mundo dos investimentos","publisher":{"@id":"https:\/\/www.suno.com.br\/noticias\/#organization"},"potentialAction":[{"@type":"SearchAction","target":{"@type":"EntryPoint","urlTemplate":"https:\/\/www.suno.com.br\/noticias\/?s={search_term_string}"},"query-input":{"@type":"PropertyValueSpecification","valueRequired":true,"valueName":"search_term_string"}}],"inLanguage":"pt-BR"},{"@type":"Organization","@id":"https:\/\/www.suno.com.br\/noticias\/#organization","name":"Suno Not\u00edcias","url":"https:\/\/www.suno.com.br\/noticias\/","logo":{"@type":"ImageObject","inLanguage":"pt-BR","@id":"https:\/\/www.suno.com.br\/noticias\/#\/schema\/logo\/image\/","url":"https:\/\/files.sunoresearch.com.br\/n\/uploads\/2021\/09\/suno-logo.png","contentUrl":"https:\/\/files.sunoresearch.com.br\/n\/uploads\/2021\/09\/suno-logo.png","width":180,"height":180,"caption":"Suno Not\u00edcias"},"image":{"@id":"https:\/\/www.suno.com.br\/noticias\/#\/schema\/logo\/image\/"},"sameAs":["https:\/\/facebook.com\/sunoresearch","https:\/\/x.com\/sunoresearch","https:\/\/www.instagram.com\/suno","https:\/\/www.linkedin.com\/company\/suno-research\/","https:\/\/www.youtube.com\/c\/sunoresearch"]},{"@type":"Person","@id":"https:\/\/www.suno.com.br\/noticias\/#\/schema\/person\/a5b06fa4e879d8e8e119c6ed3cd630d1","name":"Amanda Gushiken","image":{"@type":"ImageObject","inLanguage":"pt-BR","@id":"https:\/\/www.suno.com.br\/noticias\/#\/schema\/person\/image\/","url":"https:\/\/secure.gravatar.com\/avatar\/ecd84705e6b65e3685ae80d725501fbe?s=96&r=g","contentUrl":"https:\/\/secure.gravatar.com\/avatar\/ecd84705e6b65e3685ae80d725501fbe?s=96&r=g","caption":"Amanda Gushiken"},"description":"Amanda Sayuri Gushiken escreve sobre finan\u00e7as e neg\u00f3cios para o portal Suno Not\u00edcias. Antes, trabalhou selecionando not\u00edcias da imprensa para clientes do mercado financeiro. Tamb\u00e9m desenvolveu pesquisa acad\u00eamica pela Universidade Anhembi Morumbi na \u00e1rea de Teorias da Comunica\u00e7\u00e3o e \u00e9 fot\u00f3grafa nas horas vagas.","url":"https:\/\/www.suno.com.br\/noticias\/author\/amanda\/"}]}},"default_loop_html":"<div class=\"cardsPage__listCard__boxs\"><div class=\"cardsPage__listCard__boxs__img\"><a href=\"https:\/\/www.suno.com.br\/noticias\/fundacao-renova-mariana-samarco\/\"><img class=\"mask\" src=\"https:\/\/www.suno.com.br\/noticias\/wp-content\/themes\/suno\/resources\/images\/spotlight\/spotlight1img\/bg-mask.png\" alt=\"Image Mask\"\/><img src=\"https:\/\/files.sunoresearch.com.br\/n\/uploads\/2019\/01\/20507006-funda\u00e7\u00e3o-renova-400x200.webp\" alt=\"BHP disponibilizar\u00e1 R$ 1,9 bilh\u00e3o \u00e0 Funda\u00e7\u00e3o Renova e Samarco\"\/><\/a><span class=\"spotlightCategory\"><a href=\"https:\/\/www.suno.com.br\/noticias\/negocios\/\">Neg\u00f3cios<\/a><\/span><\/div><div class=\"cardsPage__listCard__boxs__content\"><a href=\"https:\/\/www.suno.com.br\/noticias\/fundacao-renova-mariana-samarco\/\"><h2 class=\"content__title\">BHP disponibilizar\u00e1 R$ 1,9 bilh\u00e3o \u00e0 Funda\u00e7\u00e3o Renova e Samarco<\/h2><\/a><div class=\"newsContent__article__meta\"><div class=\"newsContent__article__meta__authorBox\"><a href=\"https:\/\/www.suno.com.br\/noticias\/author\/amanda\/\" class=\"authorBox__avatar noMobi\"><img src=\"https:\/\/files.sunoresearch.com.br\/n\/uploads\/2018\/11\/c6ad30be-amanda-150x150.webp\" alt=\"Amanda Gushiken\"><\/a><div class=\"authorBox__name\"><span>por\n\t\t\t<a href=\"https:\/\/www.suno.com.br\/noticias\/author\/amanda\/\"><span itemprop=\"author\">Amanda Gushiken<\/span><\/a><\/span><time datetime=\"2019-01-22T09:20:07-02:00\" itemprop=\"datePublished\">22\/01\/2019 09:20<\/time><\/div><\/div><\/div><\/div><\/div>","single_layout":"posts","amp_enabled":true,"_links":{"self":[{"href":"https:\/\/www.suno.com.br\/noticias\/wp-json\/wp\/v2\/posts\/12536"}],"collection":[{"href":"https:\/\/www.suno.com.br\/noticias\/wp-json\/wp\/v2\/posts"}],"about":[{"href":"https:\/\/www.suno.com.br\/noticias\/wp-json\/wp\/v2\/types\/post"}],"author":[{"embeddable":true,"href":"https:\/\/www.suno.com.br\/noticias\/wp-json\/wp\/v2\/users\/12"}],"replies":[{"embeddable":true,"href":"https:\/\/www.suno.com.br\/noticias\/wp-json\/wp\/v2\/comments?post=12536"}],"version-history":[{"count":0,"href":"https:\/\/www.suno.com.br\/noticias\/wp-json\/wp\/v2\/posts\/12536\/revisions"}],"wp:featuredmedia":[{"embeddable":true,"href":"https:\/\/www.suno.com.br\/noticias\/wp-json\/wp\/v2\/media\/12539"}],"wp:attachment":[{"href":"https:\/\/www.suno.com.br\/noticias\/wp-json\/wp\/v2\/media?parent=12536"}],"wp:term":[{"taxonomy":"category","embeddable":true,"href":"https:\/\/www.suno.com.br\/noticias\/wp-json\/wp\/v2\/categories?post=12536"},{"taxonomy":"post_tag","embeddable":true,"href":"https:\/\/www.suno.com.br\/noticias\/wp-json\/wp\/v2\/tags?post=12536"},{"taxonomy":"suno_strategy","embeddable":true,"href":"https:\/\/www.suno.com.br\/noticias\/wp-json\/wp\/v2\/suno_strategy?post=12536"}],"curies":[{"name":"wp","href":"https:\/\/api.w.org\/{rel}","templated":true}]}}