{"id":125298,"date":"2021-02-22T13:13:23","date_gmt":"2021-02-22T16:13:23","guid":{"rendered":"https:\/\/www.suno.com.br\/noticias\/?p=125298"},"modified":"2021-05-29T20:50:52","modified_gmt":"2021-05-29T23:50:52","slug":"estatais-setores-regulados-descontos-dilma","status":"publish","type":"post","link":"https:\/\/www.suno.com.br\/noticias\/estatais-setores-regulados-descontos-dilma\/","title":{"rendered":"Estatais e setores regulados podem voltar a n\u00edveis de pre\u00e7o da recess\u00e3o, alertam especialistas"},"content":{"rendered":"<p>O mercado j\u00e1 se mostrava receoso, mas o fim da \u00faltima semana foi a gota d&#8217;\u00e1gua. Ap\u00f3s a demiss\u00e3o do presidente da <a href=\"https:\/\/www.suno.com.br\/acoes\/petr4\/\">Petrobras (PETR4)<\/a> e a fala do presidente Jair Bolsonaro, dizendo que deve &#8220;meter o dedo na energia el\u00e9trica&#8221;, as empresas <strong>estatais<\/strong> e de setores regulados despencam na B3. Agora, especialistas alertam que as empresas podem voltar aos n\u00edveis de pre\u00e7o vistos em 2016.<\/p>\t<div class=\"wrapper-featured-image\">\n\t\t<figure class=\"spotlightImg\">\n\n\t\t\t<picture>\n\t\t\t\t<source media=\"(max-width: 768px)\" srcset=\"https:\/\/files.sunoresearch.com.br\/n\/uploads\/2021\/02\/69a97d5c-sede_petrobras3-400x200.webp\">\n\t\t\t\t<img loading=\"lazy\" decoding=\"async\" class=\"newsContent__article__imgCapa lazyloadDisabled \" src=\"https:\/\/files.sunoresearch.com.br\/n\/uploads\/2021\/02\/69a97d5c-sede_petrobras3-800x450.webp\" width=\"800\" height=\"450\" alt=\"Estatais e setores regulados podem voltar a n\u00edveis de pre\u00e7o da recess\u00e3o, alertam especialistas\" fetchpriority=high \/>\n\t\t\t<\/picture>\n\n\t\t\t<figcaption class=\"wp-caption-text wp-caption-text--show\">O mercado j\u00e1 se mostrava receoso, mas o fim da \u00faltima semana foi a gota d&#039;\u00e1gua. As estatais despencam no preg\u00e3o de hoje. <\/figcaption>\n\t\t<\/figure>\n\t<\/div>\n\n\n\t<p>\n\t\t<a href=\"https:\/\/lp.suno.com.br\/planilha-controle-gastos\/\" target=\"_blank\" data-element=\"shortcode-suno-banner\" title=\"Banner SUNO, clique e saiba mais\">\n\t\t\t<picture>\n\t\t\t\t<source media=\"(max-width: 500px)\" srcset=\"https:\/\/files.sunoresearch.com.br\/n\/uploads\/2023\/03\/400x300-Planilha-controle-de-gastos.png\">\n\t\t\t\t<img class=\"newsContent__article__imgCapa newsContent__article__imgCapa--banner\"\n\t\t\t\t\tsrc=\"https:\/\/files.sunoresearch.com.br\/n\/uploads\/2023\/03\/1420x240-Planilha-controle-de-gastos.png\"\n\t\t\t\t\tdata-promo-id=\"101751\"\t\t\t\t\t\t\t\t\t\twidth='1420' height='240'\t\t\t\t\talt=\"https:\/\/files.sunoresearch.com.br\/n\/uploads\/2023\/03\/1420x240-Planilha-controle-de-gastos.png\"\n\t\t\t\t>\n\t\t\t<\/picture>\n\t\t<\/a>\n\t<\/p>\n\n\n<p>O temor dos investidores remete aos solavancos que as estatais e empresas utilities passaram na \u00faltima d\u00e9cada, sobretudo com a <a href=\"https:\/\/www.suno.com.br\/artigos\/estado-minimo\/\">interfer\u00eancia estatal<\/a> do governo de <strong>Dilma Rousseff<\/strong> . Integrantes do mercado, inclusive, temem por uma escalada de Bolsonaro nesse sentido, o que pioraria ainda mais a situa\u00e7\u00e3o das companhias.<\/p>\n<p>Segundo <strong>Priscila de Ara\u00fajo<\/strong>, gestora de renda vari\u00e1vel da Macro Capital, est\u00e1 se desenhando uma situa\u00e7\u00e3o que seria o &#8220;pior dos mundos&#8221; para essas empresas, sobretudo por conta de uma queda de expectativa.<\/p>\n<p><a href=\"https:\/\/lp.suno.com.br\/suno-one\/\">Suno One: acesse gratuitamente eBooks, Minicursos, Artigos e V\u00eddeo Aulas sobre investimentos com um \u00fanico cadastro. Clique para saber mais!<\/a><\/p>\n<p>&#8220;Desde o mandato de Dilma, esses setores vinham muito pressionados, em fun\u00e7\u00e3o de toda a interven\u00e7\u00e3o que foi observada, e era esperada uma &#8216;virada de m\u00e3o&#8217; com Bolsonaro, com a tend\u00eancia de um <strong>governo liberal<\/strong> e com maior transpar\u00eancia. Isso vem se revertendo&#8221;, disse Ara\u00fajo.<\/p>\n<p>Para ela, a partir de hoje o mercado vai acentuar a inser\u00e7\u00e3o de maiores descontos no pre\u00e7o das a\u00e7\u00f5es estatais e de setores regulados, para patamares &#8220;muito mais parecidos com o da era Dilma&#8221;, quando havia uma interven\u00e7\u00e3o estatal ainda maior na economia.<\/p>\n<p>Vale lembrar que a <strong>Petrobras<\/strong>, que cai 20% do <strong>preg\u00e3o de hoje<\/strong>, a R$ 21,83, chegou a ser negociada a R$ 4 h\u00e1 cinco anos, no auge da <a href=\"https:\/\/www.suno.com.br\/artigos\/recessao-economica\/\">crise econ\u00f4mica<\/a>. No setor de energia el\u00e9trica, a estatal <a href=\"https:\/\/www.suno.com.br\/acoes\/elet3\/\"><strong>Eletrobras<\/strong> (ELET3)<\/a>, que tomba 5%, a R$ 27,73, era cotada na casa dos R$ 5 no mesmo per\u00edodo.<\/p>\n\t<div data-element=\"shortcode-read-more\" class=\"knowMore\">\n\t\t\t\t<span class=\"knowMore__title\">Saiba mais<\/span>\n\t\t\t\t<a class=\"knowMore__link\" href=\"https:\/\/www.suno.com.br\/noticias\/petrobras-petr4-despenca-ubs-btg\/\">\n\t\t\tPetrobras (PETR4) despenca 19%: UBS e BTG Pactual falam em &quot;perda de credibilidade&quot;\t\t<\/a>\n\t<\/div>\n\n\n<p>De acordo com a gestora, a abertura do mercado nesta segunda-feira exprime o sentimento negativo n\u00e3o s\u00f3 para com o mercado como um todo, mas principalmente essas empresas. &#8220;Os <em>valuations<\/em> n\u00e3o v\u00e3o voltar ao patamar de semana passada t\u00e3o cedo.&#8221;<\/p>\n<p>Um dos fundos com maior exposi\u00e7\u00e3o a Petrobras, o Moat Capital optou por n\u00e3o se desfazer da posi\u00e7\u00e3o na estatal. De acordo com\u00a0Adriano Leite, s\u00f3cio da gestora, apesar dos riscos citados, ainda h\u00e1 d\u00favidas se a companhia j\u00e1 n\u00e3o est\u00e1 descontada o suficiente no mercado.<\/p>\n<p>&#8220;[A Petrobras]\u00a0\u00e9 uma empresa que se desalavancou, cresceu, derrubou custos e ainda est\u00e1 muito barata. Ent\u00e3o, no momento, estamos parados&#8221;, disse. &#8220;Com o petr\u00f3leo a US$ 60, estamos falando de uma empresa com EBTIDA em tr\u00eas vezes, abaixo de pre\u00e7o da Dilma, ent\u00e3o, por ora, parece exagerado sair ou reduzir a posi\u00e7\u00e3o com esse pre\u00e7o&#8221;, completou.<\/p>\n<p>Para Leite, a gestora mant\u00e9m a posi\u00e7\u00e3o, mas tamb\u00e9m os olhos abertos em rela\u00e7\u00e3o aos pr\u00f3ximos passo do governo Bolsonaro.<\/p>\n<p>&#8220;D\u00e1 para piorar? D\u00e1. Se o novo presidente entrar e mudar completamente a diretoria, se come\u00e7ar a fazer aventuras a pol\u00edtica de pre\u00e7o, tem uma s\u00e9rie de possibilidades que podem fazer a empresa se tornar pior do que agora&#8221;, disse.<\/p>\n<h2>Reflexo nas estatais \u00e9 resultado de interven\u00e7\u00e3o em excesso<\/h2>\n<p>O <strong>Ibovespa<\/strong>, pesado em empresas estatais e utilities, opera em forte queda nesta segunda. O reflexo negativo ap\u00f3s as falas do presidente j\u00e1 era esperado desde a sexta-feira, quando o ETF brasileiro negociado em Nova York fechou em queda de mais de 3% no <em>after hours<\/em>.<\/p>\n<p>&#8220;A mudan\u00e7a radical na Petrobras gera incertezas e bate em todas as a\u00e7\u00f5es de estatais e gera, em um primeiro momento, avers\u00e3o ao risco. O que estamos vendo neste preg\u00e3o \u00e9 uma reprecifica\u00e7\u00e3o dos ativos ap\u00f3s o evento [falas de Bolsonaro]&#8221;, disse <strong>Pedro Galdi<\/strong>, analista da Mirae Asset.<\/p>\n<p>Com as poss\u00edveis (e prov\u00e1veis) interfer\u00eancias governamentais nas empresas, mesmo que essas sejam negociadas em Bolsa e tenham cartilhas de governan\u00e7a a serem seguidas, a modelagem de precifica\u00e7\u00e3o de ativos mudar\u00e1 &#8212; e n\u00e3o se sabe at\u00e9 quando.<\/p>\n\t<p>\n\t\t<a href=\"https:\/\/lp.suno.com.br\/planilha-da-vida-financeira\/\" target=\"_blank\" data-element=\"shortcode-suno-banner\" title=\"Banner SUNO, clique e saiba mais\">\n\t\t\t<picture>\n\t\t\t\t<source media=\"(max-width: 500px)\" srcset=\"https:\/\/files.sunoresearch.com.br\/n\/uploads\/2023\/04\/400x300-Planilha-vida-financeira-true.png\">\n\t\t\t\t<img class=\"newsContent__article__imgCapa newsContent__article__imgCapa--banner\"\n\t\t\t\t\tsrc=\"https:\/\/files.sunoresearch.com.br\/n\/uploads\/2023\/04\/1420x240-Planilha-vida-financeira-true.png\"\n\t\t\t\t\tdata-promo-id=\"106682\"\t\t\t\t\t\t\t\t\t\twidth='1420' height='240'\t\t\t\t\talt=\"https:\/\/files.sunoresearch.com.br\/n\/uploads\/2023\/04\/1420x240-Planilha-vida-financeira-true.png\"\n\t\t\t\t>\n\t\t\t<\/picture>\n\t\t<\/a>\n\t<\/p>\n\n\n<p>&#8220;Os pre\u00e7os-alvos dos analistas do mercado para essas empresas devem passar por forte revis\u00e3o e com estimativa de queda, o que impacta a Bolsa. O mercado espera por um balizador, e at\u00e9 l\u00e1 \u00e9 dif\u00edcil chegar a uma conclus\u00e3o&#8221;, diz <strong>Henrique Esteter<\/strong>, analista da Guide Corretora.<\/p>\n<p>Para ele, &#8220;as empresas em que o governo pode interferir se tornam alvos suscet\u00edveis de mudan\u00e7as nas perspectivas de gera\u00e7\u00e3o de caixa para o futuro. As companhias de energia el\u00e9trica ou seneamento, por exemplo, mesmo as privadas, podem ter seus ganhos minados futuramente por altera\u00e7\u00f5es tarif\u00e1rias&#8221;.<\/p>\n<h2>Interven\u00e7\u00f5es abrem precedente para outras inger\u00eancias<\/h2>\n<p>Segundo os especialistas, o grande problema das inteven\u00e7\u00f5es estatais \u00e9 que elas geram consequ\u00eancias imprevistas. Assim, novas interven\u00e7\u00f5es v\u00e3o ser necess\u00e1rias para corrigir a anterior e assim por diante, diz <strong>Leonardo Ramos<\/strong>, especialista em investimentos do escrit\u00f3rio DNAinvest. &#8220;Institui\u00e7\u00f5es fracas e excesso de interven\u00e7\u00e3o estatal causam isso: p\u00e2nico entre os investidores. Nosso Pa\u00eds n\u00e3o \u00e9 e nunca foi um lugar seguro e que trata bem o capital estrangeiro e local&#8221;.<\/p>\n\t<div data-element=\"shortcode-read-more\" class=\"knowMore\">\n\t\t\t\t<span class=\"knowMore__title\">Leia tamb\u00e9m<\/span>\n\t\t\t\t<a class=\"knowMore__link\" href=\"https:\/\/www.suno.com.br\/noticias\/dolar-dispara-petrobras-petr4-22022021\/\">\n\t\t\tCom maior avers\u00e3o ao risco, d\u00f3lar sobe mais de 2% e rompe a barreira dos R$ 5,50\t\t<\/a>\n\t<\/div>\n\n\n<p>Ramos comenta que al\u00e9m do recalibramento dos <strong>pr\u00eamios de risco<\/strong> no mercado, ou seja, quanto os investidores exigem receber para correr o risco de empresas com essas vari\u00e1veis, o c\u00e2mbio e a curva de juros disparam.<\/p>\n<p>Por volta das 12h40, o<a href=\"https:\/\/www.suno.com.br\/artigos\/dolar\/\"> d\u00f3lar operava com uma alta<\/a> de 2,18%, a R$ 5,49. Os contratos de <strong>juros futuros<\/strong>, por sua vez, disparam entre 3,60% e 4,50%, desde os mais curtos at\u00e9 os mais longos. A\u00a0<a href=\"https:\/\/www.suno.com.br\/artigos\/juros-futuros\/\">curva de juros<\/a> \u00e9 sens\u00edvel a epis\u00f3dios dessa magnitude. Com atritos entre o governo e o mercado, o pre\u00e7o e a disponibilidade de cr\u00e9dito na economia s\u00e3o influenciados.<\/p>\n<p>&#8220;O famoso populismo que muito mal j\u00e1 fez, volta a assombrar&#8221;, afirma o especialista, ao comentar o risco pol\u00edtico que <a href=\"https:\/\/www.suno.com.br\/noticias\/estatais-despencam-bb-bbas3-eletrobras-elet6-credit-suisse\/\" target=\"_blank\" rel=\"noopener noreferrer\">pesa sobre as <strong>estatais<\/strong><\/a>.<\/p>\n<p><em>Colaborou Vinicius Pereira<\/em><\/p>\n\t<p>\n\t\t<a href=\"https:\/\/lp.suno.com.br\/planilha-de-controle-de-investimentos\/\" target=\"_blank\" data-element=\"shortcode-suno-banner\" title=\"Banner SUNO, clique e saiba mais\">\n\t\t\t<picture>\n\t\t\t\t<source media=\"(max-width: 500px)\" srcset=\"https:\/\/files.sunoresearch.com.br\/n\/uploads\/2023\/03\/400x300-Controle-de-Investimentos.png\">\n\t\t\t\t<img class=\"newsContent__article__imgCapa newsContent__article__imgCapa--banner\"\n\t\t\t\t\tsrc=\"https:\/\/files.sunoresearch.com.br\/n\/uploads\/2023\/03\/1420x240-Controle-de-Investimentos.png\"\n\t\t\t\t\tdata-promo-id=\"75934\"\t\t\t\t\t\t\t\t\t\twidth='1420' height='240'\t\t\t\t\talt=\"https:\/\/files.sunoresearch.com.br\/n\/uploads\/2023\/03\/1420x240-Controle-de-Investimentos.png\"\n\t\t\t\t>\n\t\t\t<\/picture>\n\t\t<\/a>\n\t<\/p>\n\n\n","protected":false},"excerpt":{"rendered":"<p>O mercado j\u00e1 se mostrava receoso, mas o fim da \u00faltima semana foi a gota d&#8217;\u00e1gua. Ap\u00f3s a demiss\u00e3o do presidente da Petrobras (PETR4) e a fala do presidente Jair Bolsonaro, dizendo que deve &#8220;meter o dedo na energia el\u00e9trica&#8221;, as empresas estatais e de setores regulados despencam na B3. Agora, especialistas alertam que as [&hellip;]<\/p>\n","protected":false},"author":24,"featured_media":125338,"comment_status":"closed","ping_status":"closed","sticky":false,"template":"","format":"standard","meta":[],"categories":[60],"tags":[732,1937,455,1288,105815,719,2426,595],"suno_strategy":[],"class_list":["post-125298","post","type-post","status-publish","format-standard","has-post-thumbnail","hentry","category-mercado","tag-banco-do-brasil-bbas3","tag-bolsa-de-valores-de-sao-paulo-b3","tag-eletrobras-elet3-elet5-elet6","tag-empresas-estatais","tag-especial","tag-jair-bolsonaro","tag-petr3","tag-petrobras-petr4"],"yoast_head":"<!-- This site is optimized with the Yoast SEO plugin v24.4 - https:\/\/yoast.com\/wordpress\/plugins\/seo\/ -->\n<title>Estatais e setores regulados podem voltar a n\u00edveis de pre\u00e7o da recess\u00e3o<\/title>\n<meta name=\"description\" content=\"O mercado j\u00e1 se mostrava receoso, mas o fim da \u00faltima semana foi a gota d&#039;\u00e1gua. As estatais despencam no preg\u00e3o de hoje. Saiba mais.\" \/>\n<meta name=\"robots\" content=\"index, follow, max-snippet:-1, max-image-preview:large, max-video-preview:-1\" \/>\n<link rel=\"canonical\" href=\"https:\/\/www.suno.com.br\/noticias\/estatais-setores-regulados-descontos-dilma\/\" \/>\n<meta property=\"og:locale\" content=\"pt_BR\" \/>\n<meta property=\"og:type\" content=\"article\" \/>\n<meta property=\"og:title\" content=\"Estatais e setores regulados podem voltar a n\u00edveis de pre\u00e7o da recess\u00e3o\" \/>\n<meta property=\"og:description\" content=\"O mercado j\u00e1 se mostrava receoso, mas o fim da \u00faltima semana foi a gota d&#039;\u00e1gua. As estatais despencam no preg\u00e3o de hoje. Saiba mais.\" \/>\n<meta property=\"og:url\" content=\"https:\/\/www.suno.com.br\/noticias\/estatais-setores-regulados-descontos-dilma\/\" \/>\n<meta property=\"og:site_name\" content=\"Suno Not\u00edcias\" \/>\n<meta property=\"article:publisher\" content=\"https:\/\/facebook.com\/sunoresearch\" \/>\n<meta property=\"og:image\" content=\"https:\/\/files.sunoresearch.com.br\/n\/uploads\/2021\/02\/69a97d5c-sede_petrobras3.jpg\" \/>\n\t<meta property=\"og:image:width\" content=\"1170\" \/>\n\t<meta property=\"og:image:height\" content=\"700\" \/>\n\t<meta property=\"og:image:type\" content=\"image\/jpeg\" \/>\n<meta name=\"author\" content=\"Jader Lazarini\" \/>\n<meta name=\"twitter:card\" content=\"summary_large_image\" \/>\n<meta name=\"twitter:creator\" content=\"@sunoresearch\" \/>\n<meta name=\"twitter:site\" content=\"@sunoresearch\" \/>\n<meta name=\"twitter:label1\" content=\"Escrito por\" \/>\n\t<meta name=\"twitter:data1\" content=\"Jader Lazarini\" \/>\n\t<meta name=\"twitter:label2\" content=\"Est. tempo de leitura\" \/>\n\t<meta name=\"twitter:data2\" content=\"5 minutos\" \/>\n<script type=\"application\/ld+json\" class=\"yoast-schema-graph\">{\"@context\":\"https:\/\/schema.org\",\"@graph\":[{\"@type\":\"NewsArticle\",\"@id\":\"https:\/\/www.suno.com.br\/noticias\/estatais-setores-regulados-descontos-dilma\/#article\",\"isPartOf\":{\"@id\":\"https:\/\/www.suno.com.br\/noticias\/estatais-setores-regulados-descontos-dilma\/\"},\"author\":{\"name\":\"Jader Lazarini\",\"@id\":\"https:\/\/www.suno.com.br\/noticias\/#\/schema\/person\/918d79de1f0281f01599b93f9ea6e23f\"},\"headline\":\"Estatais e setores regulados podem voltar a n\u00edveis de pre\u00e7o da recess\u00e3o, alertam especialistas\",\"datePublished\":\"2021-02-22T16:13:23+00:00\",\"dateModified\":\"2021-05-29T23:50:52+00:00\",\"mainEntityOfPage\":{\"@id\":\"https:\/\/www.suno.com.br\/noticias\/estatais-setores-regulados-descontos-dilma\/\"},\"wordCount\":1071,\"publisher\":{\"@id\":\"https:\/\/www.suno.com.br\/noticias\/#organization\"},\"image\":{\"@id\":\"https:\/\/www.suno.com.br\/noticias\/estatais-setores-regulados-descontos-dilma\/#primaryimage\"},\"thumbnailUrl\":\"https:\/\/files.sunoresearch.com.br\/n\/uploads\/2021\/02\/69a97d5c-sede_petrobras3-jpg.webp\",\"keywords\":[\"Banco do Brasil (BBAS3)\",\"Bolsa de Valores de S\u00e3o Paulo (B3)\",\"Eletrobras (ELET3\/ELET5\/ELET6)\",\"empresas estatais\",\"Especiais\",\"Jair Bolsonaro\",\"PETR3\",\"Petrobras (PETR4)\"],\"articleSection\":[\"Mercado\"],\"inLanguage\":\"pt-BR\"},{\"@type\":\"WebPage\",\"@id\":\"https:\/\/www.suno.com.br\/noticias\/estatais-setores-regulados-descontos-dilma\/\",\"url\":\"https:\/\/www.suno.com.br\/noticias\/estatais-setores-regulados-descontos-dilma\/\",\"name\":\"Estatais e setores regulados podem voltar a n\u00edveis de pre\u00e7o da recess\u00e3o\",\"isPartOf\":{\"@id\":\"https:\/\/www.suno.com.br\/noticias\/#website\"},\"primaryImageOfPage\":{\"@id\":\"https:\/\/www.suno.com.br\/noticias\/estatais-setores-regulados-descontos-dilma\/#primaryimage\"},\"image\":{\"@id\":\"https:\/\/www.suno.com.br\/noticias\/estatais-setores-regulados-descontos-dilma\/#primaryimage\"},\"thumbnailUrl\":\"https:\/\/files.sunoresearch.com.br\/n\/uploads\/2021\/02\/69a97d5c-sede_petrobras3-jpg.webp\",\"datePublished\":\"2021-02-22T16:13:23+00:00\",\"dateModified\":\"2021-05-29T23:50:52+00:00\",\"description\":\"O mercado j\u00e1 se mostrava receoso, mas o fim da \u00faltima semana foi a gota d'\u00e1gua. As estatais despencam no preg\u00e3o de hoje. Saiba mais.\",\"breadcrumb\":{\"@id\":\"https:\/\/www.suno.com.br\/noticias\/estatais-setores-regulados-descontos-dilma\/#breadcrumb\"},\"inLanguage\":\"pt-BR\",\"potentialAction\":[{\"@type\":\"ReadAction\",\"target\":[\"https:\/\/www.suno.com.br\/noticias\/estatais-setores-regulados-descontos-dilma\/\"]}]},{\"@type\":\"ImageObject\",\"inLanguage\":\"pt-BR\",\"@id\":\"https:\/\/www.suno.com.br\/noticias\/estatais-setores-regulados-descontos-dilma\/#primaryimage\",\"url\":\"https:\/\/files.sunoresearch.com.br\/n\/uploads\/2021\/02\/69a97d5c-sede_petrobras3-jpg.webp\",\"contentUrl\":\"https:\/\/files.sunoresearch.com.br\/n\/uploads\/2021\/02\/69a97d5c-sede_petrobras3-jpg.webp\",\"width\":1170,\"height\":700,\"caption\":\"O mercado j\u00e1 se mostrava receoso, mas o fim da \u00faltima semana foi a gota d'\u00e1gua. As estatais despencam no preg\u00e3o de hoje.\"},{\"@type\":\"BreadcrumbList\",\"@id\":\"https:\/\/www.suno.com.br\/noticias\/estatais-setores-regulados-descontos-dilma\/#breadcrumb\",\"itemListElement\":[{\"@type\":\"ListItem\",\"position\":1,\"name\":\"Not\u00edcias\",\"item\":\"https:\/\/www.suno.com.br\/noticias\/\"},{\"@type\":\"ListItem\",\"position\":2,\"name\":\"Mercado\",\"item\":\"https:\/\/www.suno.com.br\/noticias\/mercado\/\"},{\"@type\":\"ListItem\",\"position\":3,\"name\":\"Estatais e setores regulados podem voltar a n\u00edveis de pre\u00e7o da recess\u00e3o, alertam especialistas\"}]},{\"@type\":\"WebSite\",\"@id\":\"https:\/\/www.suno.com.br\/noticias\/#website\",\"url\":\"https:\/\/www.suno.com.br\/noticias\/\",\"name\":\"Suno Not\u00edcias\",\"description\":\"Seu portal de informa\u00e7\u00e3o sobre o mundo dos investimentos\",\"publisher\":{\"@id\":\"https:\/\/www.suno.com.br\/noticias\/#organization\"},\"potentialAction\":[{\"@type\":\"SearchAction\",\"target\":{\"@type\":\"EntryPoint\",\"urlTemplate\":\"https:\/\/www.suno.com.br\/noticias\/?s={search_term_string}\"},\"query-input\":{\"@type\":\"PropertyValueSpecification\",\"valueRequired\":true,\"valueName\":\"search_term_string\"}}],\"inLanguage\":\"pt-BR\"},{\"@type\":\"Organization\",\"@id\":\"https:\/\/www.suno.com.br\/noticias\/#organization\",\"name\":\"Suno Not\u00edcias\",\"url\":\"https:\/\/www.suno.com.br\/noticias\/\",\"logo\":{\"@type\":\"ImageObject\",\"inLanguage\":\"pt-BR\",\"@id\":\"https:\/\/www.suno.com.br\/noticias\/#\/schema\/logo\/image\/\",\"url\":\"https:\/\/files.sunoresearch.com.br\/n\/uploads\/2021\/09\/suno-logo.png\",\"contentUrl\":\"https:\/\/files.sunoresearch.com.br\/n\/uploads\/2021\/09\/suno-logo.png\",\"width\":180,\"height\":180,\"caption\":\"Suno Not\u00edcias\"},\"image\":{\"@id\":\"https:\/\/www.suno.com.br\/noticias\/#\/schema\/logo\/image\/\"},\"sameAs\":[\"https:\/\/facebook.com\/sunoresearch\",\"https:\/\/x.com\/sunoresearch\",\"https:\/\/www.instagram.com\/suno\",\"https:\/\/www.linkedin.com\/company\/suno-research\/\",\"https:\/\/www.youtube.com\/c\/sunoresearch\"]},{\"@type\":\"Person\",\"@id\":\"https:\/\/www.suno.com.br\/noticias\/#\/schema\/person\/918d79de1f0281f01599b93f9ea6e23f\",\"name\":\"Jader Lazarini\",\"image\":{\"@type\":\"ImageObject\",\"inLanguage\":\"pt-BR\",\"@id\":\"https:\/\/www.suno.com.br\/noticias\/#\/schema\/person\/image\/\",\"url\":\"https:\/\/secure.gravatar.com\/avatar\/3c1ad8caa51589841baeb923fcddea97?s=96&r=g\",\"contentUrl\":\"https:\/\/secure.gravatar.com\/avatar\/3c1ad8caa51589841baeb923fcddea97?s=96&r=g\",\"caption\":\"Jader Lazarini\"},\"description\":\"Jader Lazarini escreve sobre investimentos, finan\u00e7as, economia e neg\u00f3cios. \u00c9 bacharel em Rela\u00e7\u00f5es Internacionais e analista CNPI (2619).\",\"url\":\"https:\/\/www.suno.com.br\/noticias\/author\/jader-lazarini\/\"}]}<\/script>\n<!-- \/ Yoast SEO plugin. -->","yoast_head_json":{"title":"Estatais e setores regulados podem voltar a n\u00edveis de pre\u00e7o da recess\u00e3o","description":"O mercado j\u00e1 se mostrava receoso, mas o fim da \u00faltima semana foi a gota d'\u00e1gua. As estatais despencam no preg\u00e3o de hoje. Saiba mais.","robots":{"index":"index","follow":"follow","max-snippet":"max-snippet:-1","max-image-preview":"max-image-preview:large","max-video-preview":"max-video-preview:-1"},"canonical":"https:\/\/www.suno.com.br\/noticias\/estatais-setores-regulados-descontos-dilma\/","og_locale":"pt_BR","og_type":"article","og_title":"Estatais e setores regulados podem voltar a n\u00edveis de pre\u00e7o da recess\u00e3o","og_description":"O mercado j\u00e1 se mostrava receoso, mas o fim da \u00faltima semana foi a gota d'\u00e1gua. As estatais despencam no preg\u00e3o de hoje. Saiba mais.","og_url":"https:\/\/www.suno.com.br\/noticias\/estatais-setores-regulados-descontos-dilma\/","og_site_name":"Suno Not\u00edcias","article_publisher":"https:\/\/facebook.com\/sunoresearch","og_image":[{"width":1170,"height":700,"url":"https:\/\/files.sunoresearch.com.br\/n\/uploads\/2021\/02\/69a97d5c-sede_petrobras3.jpg","type":"image\/jpeg"}],"author":"Jader Lazarini","twitter_card":"summary_large_image","twitter_creator":"@sunoresearch","twitter_site":"@sunoresearch","twitter_misc":{"Escrito por":"Jader Lazarini","Est. tempo de leitura":"5 minutos"},"schema":{"@context":"https:\/\/schema.org","@graph":[{"@type":"NewsArticle","@id":"https:\/\/www.suno.com.br\/noticias\/estatais-setores-regulados-descontos-dilma\/#article","isPartOf":{"@id":"https:\/\/www.suno.com.br\/noticias\/estatais-setores-regulados-descontos-dilma\/"},"author":{"name":"Jader Lazarini","@id":"https:\/\/www.suno.com.br\/noticias\/#\/schema\/person\/918d79de1f0281f01599b93f9ea6e23f"},"headline":"Estatais e setores regulados podem voltar a n\u00edveis de pre\u00e7o da recess\u00e3o, alertam especialistas","datePublished":"2021-02-22T16:13:23+00:00","dateModified":"2021-05-29T23:50:52+00:00","mainEntityOfPage":{"@id":"https:\/\/www.suno.com.br\/noticias\/estatais-setores-regulados-descontos-dilma\/"},"wordCount":1071,"publisher":{"@id":"https:\/\/www.suno.com.br\/noticias\/#organization"},"image":{"@id":"https:\/\/www.suno.com.br\/noticias\/estatais-setores-regulados-descontos-dilma\/#primaryimage"},"thumbnailUrl":"https:\/\/files.sunoresearch.com.br\/n\/uploads\/2021\/02\/69a97d5c-sede_petrobras3-jpg.webp","keywords":["Banco do Brasil (BBAS3)","Bolsa de Valores de S\u00e3o Paulo (B3)","Eletrobras (ELET3\/ELET5\/ELET6)","empresas estatais","Especiais","Jair Bolsonaro","PETR3","Petrobras (PETR4)"],"articleSection":["Mercado"],"inLanguage":"pt-BR"},{"@type":"WebPage","@id":"https:\/\/www.suno.com.br\/noticias\/estatais-setores-regulados-descontos-dilma\/","url":"https:\/\/www.suno.com.br\/noticias\/estatais-setores-regulados-descontos-dilma\/","name":"Estatais e setores regulados podem voltar a n\u00edveis de pre\u00e7o da recess\u00e3o","isPartOf":{"@id":"https:\/\/www.suno.com.br\/noticias\/#website"},"primaryImageOfPage":{"@id":"https:\/\/www.suno.com.br\/noticias\/estatais-setores-regulados-descontos-dilma\/#primaryimage"},"image":{"@id":"https:\/\/www.suno.com.br\/noticias\/estatais-setores-regulados-descontos-dilma\/#primaryimage"},"thumbnailUrl":"https:\/\/files.sunoresearch.com.br\/n\/uploads\/2021\/02\/69a97d5c-sede_petrobras3-jpg.webp","datePublished":"2021-02-22T16:13:23+00:00","dateModified":"2021-05-29T23:50:52+00:00","description":"O mercado j\u00e1 se mostrava receoso, mas o fim da \u00faltima semana foi a gota d'\u00e1gua. As estatais despencam no preg\u00e3o de hoje. Saiba mais.","breadcrumb":{"@id":"https:\/\/www.suno.com.br\/noticias\/estatais-setores-regulados-descontos-dilma\/#breadcrumb"},"inLanguage":"pt-BR","potentialAction":[{"@type":"ReadAction","target":["https:\/\/www.suno.com.br\/noticias\/estatais-setores-regulados-descontos-dilma\/"]}]},{"@type":"ImageObject","inLanguage":"pt-BR","@id":"https:\/\/www.suno.com.br\/noticias\/estatais-setores-regulados-descontos-dilma\/#primaryimage","url":"https:\/\/files.sunoresearch.com.br\/n\/uploads\/2021\/02\/69a97d5c-sede_petrobras3-jpg.webp","contentUrl":"https:\/\/files.sunoresearch.com.br\/n\/uploads\/2021\/02\/69a97d5c-sede_petrobras3-jpg.webp","width":1170,"height":700,"caption":"O mercado j\u00e1 se mostrava receoso, mas o fim da \u00faltima semana foi a gota d'\u00e1gua. As estatais despencam no preg\u00e3o de hoje."},{"@type":"BreadcrumbList","@id":"https:\/\/www.suno.com.br\/noticias\/estatais-setores-regulados-descontos-dilma\/#breadcrumb","itemListElement":[{"@type":"ListItem","position":1,"name":"Not\u00edcias","item":"https:\/\/www.suno.com.br\/noticias\/"},{"@type":"ListItem","position":2,"name":"Mercado","item":"https:\/\/www.suno.com.br\/noticias\/mercado\/"},{"@type":"ListItem","position":3,"name":"Estatais e setores regulados podem voltar a n\u00edveis de pre\u00e7o da recess\u00e3o, alertam especialistas"}]},{"@type":"WebSite","@id":"https:\/\/www.suno.com.br\/noticias\/#website","url":"https:\/\/www.suno.com.br\/noticias\/","name":"Suno Not\u00edcias","description":"Seu portal de informa\u00e7\u00e3o sobre o mundo dos investimentos","publisher":{"@id":"https:\/\/www.suno.com.br\/noticias\/#organization"},"potentialAction":[{"@type":"SearchAction","target":{"@type":"EntryPoint","urlTemplate":"https:\/\/www.suno.com.br\/noticias\/?s={search_term_string}"},"query-input":{"@type":"PropertyValueSpecification","valueRequired":true,"valueName":"search_term_string"}}],"inLanguage":"pt-BR"},{"@type":"Organization","@id":"https:\/\/www.suno.com.br\/noticias\/#organization","name":"Suno Not\u00edcias","url":"https:\/\/www.suno.com.br\/noticias\/","logo":{"@type":"ImageObject","inLanguage":"pt-BR","@id":"https:\/\/www.suno.com.br\/noticias\/#\/schema\/logo\/image\/","url":"https:\/\/files.sunoresearch.com.br\/n\/uploads\/2021\/09\/suno-logo.png","contentUrl":"https:\/\/files.sunoresearch.com.br\/n\/uploads\/2021\/09\/suno-logo.png","width":180,"height":180,"caption":"Suno Not\u00edcias"},"image":{"@id":"https:\/\/www.suno.com.br\/noticias\/#\/schema\/logo\/image\/"},"sameAs":["https:\/\/facebook.com\/sunoresearch","https:\/\/x.com\/sunoresearch","https:\/\/www.instagram.com\/suno","https:\/\/www.linkedin.com\/company\/suno-research\/","https:\/\/www.youtube.com\/c\/sunoresearch"]},{"@type":"Person","@id":"https:\/\/www.suno.com.br\/noticias\/#\/schema\/person\/918d79de1f0281f01599b93f9ea6e23f","name":"Jader Lazarini","image":{"@type":"ImageObject","inLanguage":"pt-BR","@id":"https:\/\/www.suno.com.br\/noticias\/#\/schema\/person\/image\/","url":"https:\/\/secure.gravatar.com\/avatar\/3c1ad8caa51589841baeb923fcddea97?s=96&r=g","contentUrl":"https:\/\/secure.gravatar.com\/avatar\/3c1ad8caa51589841baeb923fcddea97?s=96&r=g","caption":"Jader Lazarini"},"description":"Jader Lazarini escreve sobre investimentos, finan\u00e7as, economia e neg\u00f3cios. \u00c9 bacharel em Rela\u00e7\u00f5es Internacionais e analista CNPI (2619).","url":"https:\/\/www.suno.com.br\/noticias\/author\/jader-lazarini\/"}]}},"default_loop_html":"<div class=\"cardsPage__listCard__boxs\"><div class=\"cardsPage__listCard__boxs__img\"><a href=\"https:\/\/www.suno.com.br\/noticias\/estatais-setores-regulados-descontos-dilma\/\"><img class=\"mask\" src=\"https:\/\/www.suno.com.br\/noticias\/wp-content\/themes\/suno\/resources\/images\/spotlight\/spotlight1img\/bg-mask.png\" alt=\"Image Mask\"\/><img src=\"https:\/\/files.sunoresearch.com.br\/n\/uploads\/2021\/02\/69a97d5c-sede_petrobras3-400x200.webp\" alt=\"Estatais e setores regulados podem voltar a n\u00edveis de pre\u00e7o da recess\u00e3o, alertam especialistas\"\/><\/a><span class=\"spotlightCategory\"><a href=\"https:\/\/www.suno.com.br\/noticias\/mercado\/\">Mercado<\/a><\/span><\/div><div class=\"cardsPage__listCard__boxs__content\"><a href=\"https:\/\/www.suno.com.br\/noticias\/estatais-setores-regulados-descontos-dilma\/\"><h2 class=\"content__title\">Estatais e setores regulados podem voltar a n\u00edveis de pre\u00e7o da recess\u00e3o, alertam especialistas<\/h2><\/a><div class=\"newsContent__article__meta\"><div class=\"newsContent__article__meta__authorBox\"><a href=\"https:\/\/www.suno.com.br\/noticias\/author\/jader-lazarini\/\" class=\"authorBox__avatar noMobi\"><img src=\"https:\/\/files.sunoresearch.com.br\/n\/uploads\/2021\/01\/178e6598-foto-perfil-2-150x150.jpg\" alt=\"Jader Lazarini\"><\/a><div class=\"authorBox__name\"><span>por\n\t\t\t<a href=\"https:\/\/www.suno.com.br\/noticias\/author\/jader-lazarini\/\"><span itemprop=\"author\">Jader Lazarini<\/span><\/a><\/span><time datetime=\"2021-02-22T13:13:23-03:00\" itemprop=\"datePublished\">22\/02\/2021 13:13<\/time><\/div><\/div><\/div><\/div><\/div>","single_layout":"posts","amp_enabled":true,"_links":{"self":[{"href":"https:\/\/www.suno.com.br\/noticias\/wp-json\/wp\/v2\/posts\/125298"}],"collection":[{"href":"https:\/\/www.suno.com.br\/noticias\/wp-json\/wp\/v2\/posts"}],"about":[{"href":"https:\/\/www.suno.com.br\/noticias\/wp-json\/wp\/v2\/types\/post"}],"author":[{"embeddable":true,"href":"https:\/\/www.suno.com.br\/noticias\/wp-json\/wp\/v2\/users\/24"}],"replies":[{"embeddable":true,"href":"https:\/\/www.suno.com.br\/noticias\/wp-json\/wp\/v2\/comments?post=125298"}],"version-history":[{"count":11,"href":"https:\/\/www.suno.com.br\/noticias\/wp-json\/wp\/v2\/posts\/125298\/revisions"}],"predecessor-version":[{"id":125504,"href":"https:\/\/www.suno.com.br\/noticias\/wp-json\/wp\/v2\/posts\/125298\/revisions\/125504"}],"wp:featuredmedia":[{"embeddable":true,"href":"https:\/\/www.suno.com.br\/noticias\/wp-json\/wp\/v2\/media\/125338"}],"wp:attachment":[{"href":"https:\/\/www.suno.com.br\/noticias\/wp-json\/wp\/v2\/media?parent=125298"}],"wp:term":[{"taxonomy":"category","embeddable":true,"href":"https:\/\/www.suno.com.br\/noticias\/wp-json\/wp\/v2\/categories?post=125298"},{"taxonomy":"post_tag","embeddable":true,"href":"https:\/\/www.suno.com.br\/noticias\/wp-json\/wp\/v2\/tags?post=125298"},{"taxonomy":"suno_strategy","embeddable":true,"href":"https:\/\/www.suno.com.br\/noticias\/wp-json\/wp\/v2\/suno_strategy?post=125298"}],"curies":[{"name":"wp","href":"https:\/\/api.w.org\/{rel}","templated":true}]}}