{"id":12507,"date":"2019-01-21T20:38:41","date_gmt":"2019-01-21T22:38:41","guid":{"rendered":"https:\/\/www.suno.com.br\/noticias\/?p=12507"},"modified":"2019-01-21T22:26:52","modified_gmt":"2019-01-22T00:26:52","slug":"alugueis-davos-sobem-forum-economico-mundial","status":"publish","type":"post","link":"https:\/\/www.suno.com.br\/noticias\/alugueis-davos-sobem-forum-economico-mundial\/","title":{"rendered":"Alugueis em Davos disparam com chegada do F\u00f3rum Econ\u00f4mico Mundial"},"content":{"rendered":"<p>Os moradores da cidade de Davos, na Su\u00ed\u00e7a, est\u00e3o aproveitando o encontro de l\u00edderes globais para elevar os pre\u00e7os de alugues.<\/p>\t<div class=\"wrapper-featured-image\">\n\t\t<figure class=\"spotlightImg\">\n\n\t\t\t<picture>\n\t\t\t\t<source media=\"(max-width: 768px)\" srcset=\"https:\/\/files.sunoresearch.com.br\/n\/uploads\/2019\/01\/a595b082-davos-400x200.webp\">\n\t\t\t\t<img loading=\"lazy\" decoding=\"async\" class=\"newsContent__article__imgCapa lazyloadDisabled newsContent__article__imgCapa--noCaption\" src=\"https:\/\/files.sunoresearch.com.br\/n\/uploads\/2019\/01\/a595b082-davos-800x450.webp\" width=\"800\" height=\"450\" alt=\"Alugueis em Davos disparam com chegada do F\u00f3rum Econ\u00f4mico Mundial\" fetchpriority=high \/>\n\t\t\t<\/picture>\n\n\t\t\t<figcaption class=\"wp-caption-text wp-caption-text--hide\">Davos: confira a agenda para o o \u00faltimo dia do evento<\/figcaption>\n\t\t<\/figure>\n\t<\/div>\n\n\n<p>A cidade de <strong>Davos<\/strong> ser\u00e1 palco do F\u00f3rum Econ\u00f4mico Mundial, que reunir\u00e1 chefes de estado do mundo inteiro.<\/p>\n<p><a href=\"https:\/\/www.suno.com.br\/noticias\/fmi-reforma-previdencia-nao-passar\/\">Saiba mais: FMI diz que reforma da Previd\u00eancia pode n\u00e3o passar no Congresso<\/a><\/p>\n<p>Com o aumento de pre\u00e7os, l\u00edderes globais, celebridades e seus acompanhantes procuram reservar quartos e casas em lugares com f\u00e1cil acesso. No entanto, a oferta n\u00e3o \u00e9 suficiente e at\u00e9 estadias modestas ficam mais caras.<\/p>\n<p>Para se ter uma ideia, um apartamento de tr\u00eas quartos custa em torno de R$ 9245. Fora da temporada, o mesmo local pode ser alugado por R$ 1150. Os dados foram levantados pelo jornal &#8220;Financial Times&#8221; atrav\u00e9s do site de buscas Airbnb.<\/p>\n<p>Quinze dias antes da confer\u00eancia, o jornal levantou cinco op\u00e7\u00f5es dispon\u00edveis. A mais barata era um quarto individual com tr\u00eas camas espremidas a um custo de R$ 3800 por noite.<\/p>\n<p>Os hot\u00e9is cobram 20% a mais sobre a tarifa nas altas temporadas.<\/p>\n<p>Quem aproveita o aumento dos pre\u00e7os s\u00e3o os moradores, que veem no F\u00f3rum uma oportunidade de aumentar os seus lucros.<\/p>\n<h2>F\u00f3rum Econ\u00f4mico Mundial de Davos<\/h2>\n<p>O F\u00f3rum Econ\u00f4mico de <strong>Davos<\/strong> \u00e9 uma reuni\u00e3o anual entre presidentes de empresas, pol\u00edticos, artistas, acad\u00eamicos e ativistas de diversas organiza\u00e7\u00f5es n\u00e3o-governamentais que se re\u00fanem para discutir os rumos da economia global.<\/p>\n<p><a href=\"https:\/\/www.suno.com.br\/noticias\/davos-aumenta-pessimismo-ceo-crescimento-global\/\">Davos: aumenta pessimismo dos CEOs com crescimento global<\/a><\/p>\n<p>Neste ano, o encontro ter\u00e1 350 sess\u00f5es que debateram in\u00fameros temas, como democracia, autoritarismo, mudan\u00e7as tecnol\u00f3gicas entre outros assuntos.<\/p>\n<p>Com o cancelamento da ida de l\u00edderes como o presidente dos Estados Unidos, <strong>Donald Trump<\/strong> e <strong>Emanuel Macron<\/strong>, presidente da Fran\u00e7a, <strong>Jair Bolsonaro<\/strong> ganhar\u00e1 grande relev\u00e2ncia em <strong>Davos<\/strong>.<\/p>\n","protected":false},"excerpt":{"rendered":"<p>Os moradores da cidade de Davos, na Su\u00ed\u00e7a, est\u00e3o aproveitando o encontro de l\u00edderes globais para elevar os pre\u00e7os de alugues. Davos: confira a agenda para o o \u00faltimo dia do evento A cidade de Davos ser\u00e1 palco do F\u00f3rum Econ\u00f4mico Mundial, que reunir\u00e1 chefes de estado do mundo inteiro. Saiba mais: FMI diz que [&hellip;]<\/p>\n","protected":false},"author":14,"featured_media":12510,"comment_status":"closed","ping_status":"closed","sticky":false,"template":"","format":"standard","meta":[],"categories":[60],"tags":[972,961],"suno_strategy":[],"class_list":["post-12507","post","type-post","status-publish","format-standard","has-post-thumbnail","hentry","category-mercado","tag-davos","tag-forum-economico-mundial"],"yoast_head":"<!-- This site is optimized with the Yoast SEO plugin v24.4 - https:\/\/yoast.com\/wordpress\/plugins\/seo\/ -->\n<title>Alugueis em Davos disparam com chegada do F\u00f3rum Econ\u00f4mico Mundial<\/title>\n<meta name=\"description\" content=\"Os pre\u00e7os na cidade sui\u00e7a de Davos disparam com o in\u00edcio do F\u00f3rum Econ\u00f4mico Mundial. Em hot\u00e9is, os valores sobem 20% Clique para saber mais.\" \/>\n<meta name=\"robots\" content=\"index, follow, max-snippet:-1, max-image-preview:large, max-video-preview:-1\" \/>\n<link rel=\"canonical\" href=\"https:\/\/www.suno.com.br\/noticias\/alugueis-davos-sobem-forum-economico-mundial\/\" \/>\n<meta property=\"og:locale\" content=\"pt_BR\" \/>\n<meta property=\"og:type\" content=\"article\" \/>\n<meta property=\"og:title\" content=\"Alugueis em Davos disparam com chegada do F\u00f3rum Econ\u00f4mico Mundial\" \/>\n<meta property=\"og:description\" content=\"Os pre\u00e7os na cidade sui\u00e7a de Davos disparam com o in\u00edcio do F\u00f3rum Econ\u00f4mico Mundial. Em hot\u00e9is, os valores sobem 20% Clique para saber mais.\" \/>\n<meta property=\"og:url\" content=\"https:\/\/www.suno.com.br\/noticias\/alugueis-davos-sobem-forum-economico-mundial\/\" \/>\n<meta property=\"og:site_name\" content=\"Suno Not\u00edcias\" \/>\n<meta property=\"article:publisher\" content=\"https:\/\/facebook.com\/sunoresearch\" \/>\n<meta property=\"og:image\" content=\"https:\/\/files.sunoresearch.com.br\/n\/uploads\/2019\/01\/a595b082-davos.jpg\" \/>\n\t<meta property=\"og:image:width\" content=\"800\" \/>\n\t<meta property=\"og:image:height\" content=\"543\" \/>\n\t<meta property=\"og:image:type\" content=\"image\/jpeg\" \/>\n<meta name=\"author\" content=\"Renan Dantas\" \/>\n<meta name=\"twitter:card\" content=\"summary_large_image\" \/>\n<meta name=\"twitter:creator\" content=\"@sunoresearch\" \/>\n<meta name=\"twitter:site\" content=\"@sunoresearch\" \/>\n<meta name=\"twitter:label1\" content=\"Escrito por\" \/>\n\t<meta name=\"twitter:data1\" content=\"Renan Dantas\" \/>\n\t<meta name=\"twitter:label2\" content=\"Est. tempo de leitura\" \/>\n\t<meta name=\"twitter:data2\" content=\"2 minutos\" \/>\n<script type=\"application\/ld+json\" class=\"yoast-schema-graph\">{\"@context\":\"https:\/\/schema.org\",\"@graph\":[{\"@type\":\"NewsArticle\",\"@id\":\"https:\/\/www.suno.com.br\/noticias\/alugueis-davos-sobem-forum-economico-mundial\/#article\",\"isPartOf\":{\"@id\":\"https:\/\/www.suno.com.br\/noticias\/alugueis-davos-sobem-forum-economico-mundial\/\"},\"author\":{\"name\":\"Renan Dantas\",\"@id\":\"https:\/\/www.suno.com.br\/noticias\/#\/schema\/person\/3f7693d5795a3f6d5ce15309ee785699\"},\"headline\":\"Alugueis em Davos disparam com chegada do F\u00f3rum Econ\u00f4mico Mundial\",\"datePublished\":\"2019-01-21T22:38:41+00:00\",\"dateModified\":\"2019-01-22T00:26:52+00:00\",\"mainEntityOfPage\":{\"@id\":\"https:\/\/www.suno.com.br\/noticias\/alugueis-davos-sobem-forum-economico-mundial\/\"},\"wordCount\":327,\"publisher\":{\"@id\":\"https:\/\/www.suno.com.br\/noticias\/#organization\"},\"image\":{\"@id\":\"https:\/\/www.suno.com.br\/noticias\/alugueis-davos-sobem-forum-economico-mundial\/#primaryimage\"},\"thumbnailUrl\":\"https:\/\/files.sunoresearch.com.br\/n\/uploads\/2019\/01\/a595b082-davos-jpg.webp\",\"keywords\":[\"Davos\",\"F\u00f3rum Econ\u00f4mico Mundial\"],\"articleSection\":[\"Mercado\"],\"inLanguage\":\"pt-BR\"},{\"@type\":\"WebPage\",\"@id\":\"https:\/\/www.suno.com.br\/noticias\/alugueis-davos-sobem-forum-economico-mundial\/\",\"url\":\"https:\/\/www.suno.com.br\/noticias\/alugueis-davos-sobem-forum-economico-mundial\/\",\"name\":\"Alugueis em Davos disparam com chegada do F\u00f3rum Econ\u00f4mico Mundial\",\"isPartOf\":{\"@id\":\"https:\/\/www.suno.com.br\/noticias\/#website\"},\"primaryImageOfPage\":{\"@id\":\"https:\/\/www.suno.com.br\/noticias\/alugueis-davos-sobem-forum-economico-mundial\/#primaryimage\"},\"image\":{\"@id\":\"https:\/\/www.suno.com.br\/noticias\/alugueis-davos-sobem-forum-economico-mundial\/#primaryimage\"},\"thumbnailUrl\":\"https:\/\/files.sunoresearch.com.br\/n\/uploads\/2019\/01\/a595b082-davos-jpg.webp\",\"datePublished\":\"2019-01-21T22:38:41+00:00\",\"dateModified\":\"2019-01-22T00:26:52+00:00\",\"description\":\"Os pre\u00e7os na cidade sui\u00e7a de Davos disparam com o in\u00edcio do F\u00f3rum Econ\u00f4mico Mundial. Em hot\u00e9is, os valores sobem 20% Clique para saber mais.\",\"breadcrumb\":{\"@id\":\"https:\/\/www.suno.com.br\/noticias\/alugueis-davos-sobem-forum-economico-mundial\/#breadcrumb\"},\"inLanguage\":\"pt-BR\",\"potentialAction\":[{\"@type\":\"ReadAction\",\"target\":[\"https:\/\/www.suno.com.br\/noticias\/alugueis-davos-sobem-forum-economico-mundial\/\"]}]},{\"@type\":\"ImageObject\",\"inLanguage\":\"pt-BR\",\"@id\":\"https:\/\/www.suno.com.br\/noticias\/alugueis-davos-sobem-forum-economico-mundial\/#primaryimage\",\"url\":\"https:\/\/files.sunoresearch.com.br\/n\/uploads\/2019\/01\/a595b082-davos-jpg.webp\",\"contentUrl\":\"https:\/\/files.sunoresearch.com.br\/n\/uploads\/2019\/01\/a595b082-davos-jpg.webp\",\"width\":800,\"height\":543,\"caption\":\"Davos: confira a agenda para o o \u00faltimo dia do evento\"},{\"@type\":\"BreadcrumbList\",\"@id\":\"https:\/\/www.suno.com.br\/noticias\/alugueis-davos-sobem-forum-economico-mundial\/#breadcrumb\",\"itemListElement\":[{\"@type\":\"ListItem\",\"position\":1,\"name\":\"Not\u00edcias\",\"item\":\"https:\/\/www.suno.com.br\/noticias\/\"},{\"@type\":\"ListItem\",\"position\":2,\"name\":\"Mercado\",\"item\":\"https:\/\/www.suno.com.br\/noticias\/mercado\/\"},{\"@type\":\"ListItem\",\"position\":3,\"name\":\"Alugueis em Davos disparam com chegada do F\u00f3rum Econ\u00f4mico Mundial\"}]},{\"@type\":\"WebSite\",\"@id\":\"https:\/\/www.suno.com.br\/noticias\/#website\",\"url\":\"https:\/\/www.suno.com.br\/noticias\/\",\"name\":\"Suno Not\u00edcias\",\"description\":\"Seu portal de informa\u00e7\u00e3o sobre o mundo dos investimentos\",\"publisher\":{\"@id\":\"https:\/\/www.suno.com.br\/noticias\/#organization\"},\"potentialAction\":[{\"@type\":\"SearchAction\",\"target\":{\"@type\":\"EntryPoint\",\"urlTemplate\":\"https:\/\/www.suno.com.br\/noticias\/?s={search_term_string}\"},\"query-input\":{\"@type\":\"PropertyValueSpecification\",\"valueRequired\":true,\"valueName\":\"search_term_string\"}}],\"inLanguage\":\"pt-BR\"},{\"@type\":\"Organization\",\"@id\":\"https:\/\/www.suno.com.br\/noticias\/#organization\",\"name\":\"Suno Not\u00edcias\",\"url\":\"https:\/\/www.suno.com.br\/noticias\/\",\"logo\":{\"@type\":\"ImageObject\",\"inLanguage\":\"pt-BR\",\"@id\":\"https:\/\/www.suno.com.br\/noticias\/#\/schema\/logo\/image\/\",\"url\":\"https:\/\/files.sunoresearch.com.br\/n\/uploads\/2021\/09\/suno-logo.png\",\"contentUrl\":\"https:\/\/files.sunoresearch.com.br\/n\/uploads\/2021\/09\/suno-logo.png\",\"width\":180,\"height\":180,\"caption\":\"Suno Not\u00edcias\"},\"image\":{\"@id\":\"https:\/\/www.suno.com.br\/noticias\/#\/schema\/logo\/image\/\"},\"sameAs\":[\"https:\/\/facebook.com\/sunoresearch\",\"https:\/\/x.com\/sunoresearch\",\"https:\/\/www.instagram.com\/suno\",\"https:\/\/www.linkedin.com\/company\/suno-research\/\",\"https:\/\/www.youtube.com\/c\/sunoresearch\"]},{\"@type\":\"Person\",\"@id\":\"https:\/\/www.suno.com.br\/noticias\/#\/schema\/person\/3f7693d5795a3f6d5ce15309ee785699\",\"name\":\"Renan Dantas\",\"image\":{\"@type\":\"ImageObject\",\"inLanguage\":\"pt-BR\",\"@id\":\"https:\/\/www.suno.com.br\/noticias\/#\/schema\/person\/image\/\",\"url\":\"https:\/\/secure.gravatar.com\/avatar\/1787b83e7484a08e51d62ac8b41c8396?s=96&r=g\",\"contentUrl\":\"https:\/\/secure.gravatar.com\/avatar\/1787b83e7484a08e51d62ac8b41c8396?s=96&r=g\",\"caption\":\"Renan Dantas\"},\"description\":\"Escreve sobre pol\u00edtica e mercado financeiro para o portal Suno Not\u00edcias. Antes, atuou na assessoria de comunica\u00e7\u00e3o do Minist\u00e9rio P\u00fablico do Trabalho e na R\u00e1dio Mackenzie, onde apresentava e produzia um programa sobre artistas da m\u00fasica brasileira. \u00c9 estudante na Universidade Presbiteriana Mackenzie.\",\"url\":\"https:\/\/www.suno.com.br\/noticias\/author\/renan-dantas\/\"}]}<\/script>\n<!-- \/ Yoast SEO plugin. -->","yoast_head_json":{"title":"Alugueis em Davos disparam com chegada do F\u00f3rum Econ\u00f4mico Mundial","description":"Os pre\u00e7os na cidade sui\u00e7a de Davos disparam com o in\u00edcio do F\u00f3rum Econ\u00f4mico Mundial. Em hot\u00e9is, os valores sobem 20% Clique para saber mais.","robots":{"index":"index","follow":"follow","max-snippet":"max-snippet:-1","max-image-preview":"max-image-preview:large","max-video-preview":"max-video-preview:-1"},"canonical":"https:\/\/www.suno.com.br\/noticias\/alugueis-davos-sobem-forum-economico-mundial\/","og_locale":"pt_BR","og_type":"article","og_title":"Alugueis em Davos disparam com chegada do F\u00f3rum Econ\u00f4mico Mundial","og_description":"Os pre\u00e7os na cidade sui\u00e7a de Davos disparam com o in\u00edcio do F\u00f3rum Econ\u00f4mico Mundial. Em hot\u00e9is, os valores sobem 20% Clique para saber mais.","og_url":"https:\/\/www.suno.com.br\/noticias\/alugueis-davos-sobem-forum-economico-mundial\/","og_site_name":"Suno Not\u00edcias","article_publisher":"https:\/\/facebook.com\/sunoresearch","og_image":[{"width":800,"height":543,"url":"https:\/\/files.sunoresearch.com.br\/n\/uploads\/2019\/01\/a595b082-davos.jpg","type":"image\/jpeg"}],"author":"Renan Dantas","twitter_card":"summary_large_image","twitter_creator":"@sunoresearch","twitter_site":"@sunoresearch","twitter_misc":{"Escrito por":"Renan Dantas","Est. tempo de leitura":"2 minutos"},"schema":{"@context":"https:\/\/schema.org","@graph":[{"@type":"NewsArticle","@id":"https:\/\/www.suno.com.br\/noticias\/alugueis-davos-sobem-forum-economico-mundial\/#article","isPartOf":{"@id":"https:\/\/www.suno.com.br\/noticias\/alugueis-davos-sobem-forum-economico-mundial\/"},"author":{"name":"Renan Dantas","@id":"https:\/\/www.suno.com.br\/noticias\/#\/schema\/person\/3f7693d5795a3f6d5ce15309ee785699"},"headline":"Alugueis em Davos disparam com chegada do F\u00f3rum Econ\u00f4mico Mundial","datePublished":"2019-01-21T22:38:41+00:00","dateModified":"2019-01-22T00:26:52+00:00","mainEntityOfPage":{"@id":"https:\/\/www.suno.com.br\/noticias\/alugueis-davos-sobem-forum-economico-mundial\/"},"wordCount":327,"publisher":{"@id":"https:\/\/www.suno.com.br\/noticias\/#organization"},"image":{"@id":"https:\/\/www.suno.com.br\/noticias\/alugueis-davos-sobem-forum-economico-mundial\/#primaryimage"},"thumbnailUrl":"https:\/\/files.sunoresearch.com.br\/n\/uploads\/2019\/01\/a595b082-davos-jpg.webp","keywords":["Davos","F\u00f3rum Econ\u00f4mico Mundial"],"articleSection":["Mercado"],"inLanguage":"pt-BR"},{"@type":"WebPage","@id":"https:\/\/www.suno.com.br\/noticias\/alugueis-davos-sobem-forum-economico-mundial\/","url":"https:\/\/www.suno.com.br\/noticias\/alugueis-davos-sobem-forum-economico-mundial\/","name":"Alugueis em Davos disparam com chegada do F\u00f3rum Econ\u00f4mico Mundial","isPartOf":{"@id":"https:\/\/www.suno.com.br\/noticias\/#website"},"primaryImageOfPage":{"@id":"https:\/\/www.suno.com.br\/noticias\/alugueis-davos-sobem-forum-economico-mundial\/#primaryimage"},"image":{"@id":"https:\/\/www.suno.com.br\/noticias\/alugueis-davos-sobem-forum-economico-mundial\/#primaryimage"},"thumbnailUrl":"https:\/\/files.sunoresearch.com.br\/n\/uploads\/2019\/01\/a595b082-davos-jpg.webp","datePublished":"2019-01-21T22:38:41+00:00","dateModified":"2019-01-22T00:26:52+00:00","description":"Os pre\u00e7os na cidade sui\u00e7a de Davos disparam com o in\u00edcio do F\u00f3rum Econ\u00f4mico Mundial. Em hot\u00e9is, os valores sobem 20% Clique para saber mais.","breadcrumb":{"@id":"https:\/\/www.suno.com.br\/noticias\/alugueis-davos-sobem-forum-economico-mundial\/#breadcrumb"},"inLanguage":"pt-BR","potentialAction":[{"@type":"ReadAction","target":["https:\/\/www.suno.com.br\/noticias\/alugueis-davos-sobem-forum-economico-mundial\/"]}]},{"@type":"ImageObject","inLanguage":"pt-BR","@id":"https:\/\/www.suno.com.br\/noticias\/alugueis-davos-sobem-forum-economico-mundial\/#primaryimage","url":"https:\/\/files.sunoresearch.com.br\/n\/uploads\/2019\/01\/a595b082-davos-jpg.webp","contentUrl":"https:\/\/files.sunoresearch.com.br\/n\/uploads\/2019\/01\/a595b082-davos-jpg.webp","width":800,"height":543,"caption":"Davos: confira a agenda para o o \u00faltimo dia do evento"},{"@type":"BreadcrumbList","@id":"https:\/\/www.suno.com.br\/noticias\/alugueis-davos-sobem-forum-economico-mundial\/#breadcrumb","itemListElement":[{"@type":"ListItem","position":1,"name":"Not\u00edcias","item":"https:\/\/www.suno.com.br\/noticias\/"},{"@type":"ListItem","position":2,"name":"Mercado","item":"https:\/\/www.suno.com.br\/noticias\/mercado\/"},{"@type":"ListItem","position":3,"name":"Alugueis em Davos disparam com chegada do F\u00f3rum Econ\u00f4mico Mundial"}]},{"@type":"WebSite","@id":"https:\/\/www.suno.com.br\/noticias\/#website","url":"https:\/\/www.suno.com.br\/noticias\/","name":"Suno Not\u00edcias","description":"Seu portal de informa\u00e7\u00e3o sobre o mundo dos investimentos","publisher":{"@id":"https:\/\/www.suno.com.br\/noticias\/#organization"},"potentialAction":[{"@type":"SearchAction","target":{"@type":"EntryPoint","urlTemplate":"https:\/\/www.suno.com.br\/noticias\/?s={search_term_string}"},"query-input":{"@type":"PropertyValueSpecification","valueRequired":true,"valueName":"search_term_string"}}],"inLanguage":"pt-BR"},{"@type":"Organization","@id":"https:\/\/www.suno.com.br\/noticias\/#organization","name":"Suno Not\u00edcias","url":"https:\/\/www.suno.com.br\/noticias\/","logo":{"@type":"ImageObject","inLanguage":"pt-BR","@id":"https:\/\/www.suno.com.br\/noticias\/#\/schema\/logo\/image\/","url":"https:\/\/files.sunoresearch.com.br\/n\/uploads\/2021\/09\/suno-logo.png","contentUrl":"https:\/\/files.sunoresearch.com.br\/n\/uploads\/2021\/09\/suno-logo.png","width":180,"height":180,"caption":"Suno Not\u00edcias"},"image":{"@id":"https:\/\/www.suno.com.br\/noticias\/#\/schema\/logo\/image\/"},"sameAs":["https:\/\/facebook.com\/sunoresearch","https:\/\/x.com\/sunoresearch","https:\/\/www.instagram.com\/suno","https:\/\/www.linkedin.com\/company\/suno-research\/","https:\/\/www.youtube.com\/c\/sunoresearch"]},{"@type":"Person","@id":"https:\/\/www.suno.com.br\/noticias\/#\/schema\/person\/3f7693d5795a3f6d5ce15309ee785699","name":"Renan Dantas","image":{"@type":"ImageObject","inLanguage":"pt-BR","@id":"https:\/\/www.suno.com.br\/noticias\/#\/schema\/person\/image\/","url":"https:\/\/secure.gravatar.com\/avatar\/1787b83e7484a08e51d62ac8b41c8396?s=96&r=g","contentUrl":"https:\/\/secure.gravatar.com\/avatar\/1787b83e7484a08e51d62ac8b41c8396?s=96&r=g","caption":"Renan Dantas"},"description":"Escreve sobre pol\u00edtica e mercado financeiro para o portal Suno Not\u00edcias. Antes, atuou na assessoria de comunica\u00e7\u00e3o do Minist\u00e9rio P\u00fablico do Trabalho e na R\u00e1dio Mackenzie, onde apresentava e produzia um programa sobre artistas da m\u00fasica brasileira. \u00c9 estudante na Universidade Presbiteriana Mackenzie.","url":"https:\/\/www.suno.com.br\/noticias\/author\/renan-dantas\/"}]}},"default_loop_html":"<div class=\"cardsPage__listCard__boxs\"><div class=\"cardsPage__listCard__boxs__img\"><a href=\"https:\/\/www.suno.com.br\/noticias\/alugueis-davos-sobem-forum-economico-mundial\/\"><img class=\"mask\" src=\"https:\/\/www.suno.com.br\/noticias\/wp-content\/themes\/suno\/resources\/images\/spotlight\/spotlight1img\/bg-mask.png\" alt=\"Image Mask\"\/><img src=\"https:\/\/files.sunoresearch.com.br\/n\/uploads\/2019\/01\/a595b082-davos-400x200.webp\" alt=\"Alugueis em Davos disparam com chegada do F\u00f3rum Econ\u00f4mico Mundial\"\/><\/a><span class=\"spotlightCategory\"><a href=\"https:\/\/www.suno.com.br\/noticias\/mercado\/\">Mercado<\/a><\/span><\/div><div class=\"cardsPage__listCard__boxs__content\"><a href=\"https:\/\/www.suno.com.br\/noticias\/alugueis-davos-sobem-forum-economico-mundial\/\"><h2 class=\"content__title\">Alugueis em Davos disparam com chegada do F\u00f3rum Econ\u00f4mico Mundial<\/h2><\/a><div class=\"newsContent__article__meta\"><div class=\"newsContent__article__meta__authorBox\"><a href=\"https:\/\/www.suno.com.br\/noticias\/author\/renan-dantas\/\" class=\"authorBox__avatar noMobi\"><img src=\"https:\/\/secure.gravatar.com\/avatar\/1787b83e7484a08e51d62ac8b41c8396?s=96&#038;r=g\" alt=\"Renan Dantas\"><\/a><div class=\"authorBox__name\"><span>por\n\t\t\t<a href=\"https:\/\/www.suno.com.br\/noticias\/author\/renan-dantas\/\"><span itemprop=\"author\">Renan Dantas<\/span><\/a><\/span><time datetime=\"2019-01-21T20:38:41-02:00\" itemprop=\"datePublished\">21\/01\/2019 20:38<\/time><\/div><\/div><\/div><\/div><\/div>","single_layout":"posts","amp_enabled":true,"_links":{"self":[{"href":"https:\/\/www.suno.com.br\/noticias\/wp-json\/wp\/v2\/posts\/12507"}],"collection":[{"href":"https:\/\/www.suno.com.br\/noticias\/wp-json\/wp\/v2\/posts"}],"about":[{"href":"https:\/\/www.suno.com.br\/noticias\/wp-json\/wp\/v2\/types\/post"}],"author":[{"embeddable":true,"href":"https:\/\/www.suno.com.br\/noticias\/wp-json\/wp\/v2\/users\/14"}],"replies":[{"embeddable":true,"href":"https:\/\/www.suno.com.br\/noticias\/wp-json\/wp\/v2\/comments?post=12507"}],"version-history":[{"count":0,"href":"https:\/\/www.suno.com.br\/noticias\/wp-json\/wp\/v2\/posts\/12507\/revisions"}],"wp:featuredmedia":[{"embeddable":true,"href":"https:\/\/www.suno.com.br\/noticias\/wp-json\/wp\/v2\/media\/12510"}],"wp:attachment":[{"href":"https:\/\/www.suno.com.br\/noticias\/wp-json\/wp\/v2\/media?parent=12507"}],"wp:term":[{"taxonomy":"category","embeddable":true,"href":"https:\/\/www.suno.com.br\/noticias\/wp-json\/wp\/v2\/categories?post=12507"},{"taxonomy":"post_tag","embeddable":true,"href":"https:\/\/www.suno.com.br\/noticias\/wp-json\/wp\/v2\/tags?post=12507"},{"taxonomy":"suno_strategy","embeddable":true,"href":"https:\/\/www.suno.com.br\/noticias\/wp-json\/wp\/v2\/suno_strategy?post=12507"}],"curies":[{"name":"wp","href":"https:\/\/api.w.org\/{rel}","templated":true}]}}