{"id":12422,"date":"2019-01-21T13:17:42","date_gmt":"2019-01-21T15:17:42","guid":{"rendered":"https:\/\/www.suno.com.br\/noticias\/?p=12422"},"modified":"2019-01-21T13:17:42","modified_gmt":"2019-01-21T15:17:42","slug":"carlos-ghosn-ficara-japao-caso-libertado","status":"publish","type":"post","link":"https:\/\/www.suno.com.br\/noticias\/carlos-ghosn-ficara-japao-caso-libertado\/","title":{"rendered":"Carlos Ghosn diz que ficar\u00e1 no Jap\u00e3o caso seja libertado"},"content":{"rendered":"<p>O ex-presidente da Nissan, Carlos Ghosn, prometeu continuar no Jap\u00e3o e com uma pulseira eletr\u00f4nica, caso seja libertado.<\/p>\t<div class=\"wrapper-featured-image\">\n\t\t<figure class=\"spotlightImg\">\n\n\t\t\t<picture>\n\t\t\t\t<source media=\"(max-width: 768px)\" srcset=\"https:\/\/files.sunoresearch.com.br\/n\/uploads\/2018\/11\/44b458bf-carlos-ghosn-400x200.webp\">\n\t\t\t\t<img loading=\"lazy\" decoding=\"async\" class=\"newsContent__article__imgCapa lazyloadDisabled newsContent__article__imgCapa--noCaption\" src=\"https:\/\/files.sunoresearch.com.br\/n\/uploads\/2018\/11\/44b458bf-carlos-ghosn-800x450.webp\" width=\"800\" height=\"450\" alt=\"Carlos Ghosn diz que ficar\u00e1 no Jap\u00e3o caso seja libertado\" fetchpriority=high \/>\n\t\t\t<\/picture>\n\n\t\t\t<figcaption class=\"wp-caption-text wp-caption-text--hide\">Carlos Ghosn pedir\u00e1 ajuda \u00e0 Fran\u00e7a, Pa\u00eds no qual o ex-executivo possui nacionalidade. (divulga\u00e7\u00e3o)<\/figcaption>\n\t\t<\/figure>\n\t<\/div>\n\n\n<p>\u201cUma vez que o tribunal deve considerar meu pedido de liberdade sob fian\u00e7a, quero ressaltar que irei residir no Jap\u00e3o e que vou respeitar todas as condi\u00e7\u00f5es exigidas pelo tribunal\u201d, afirmou <strong>Carlos Ghosn<\/strong>.<\/p>\n<p>A fam\u00edlia de Ghosn encontrou um apartamento no Jap\u00e3o, onde o ex-presidente da <strong>Nissan<\/strong> poderia esperar o processo com uma <strong>pulseira eletr\u00f4nica<\/strong> (paga por ele).<\/p>\n<p>Entretanto, de acordo com o ministro da Justi\u00e7a do Jap\u00e3o, esse sistema n\u00e3o existe no pa\u00eds.<\/p>\n<p>Ghosn ressalta sua inoc\u00eancia em rela\u00e7\u00e3o \u00e0s acusa\u00e7\u00f5es de quebra de confian\u00e7a e outras pr\u00e1ticas ilegais e salientou a vontade de se defender. \u201cN\u00e3o sou culpado das acusa\u00e7\u00f5es contra mim e estou muito interessado em defender minha reputa\u00e7\u00e3o no tribunal\u201d.<\/p>\n<p>O tribunal de T\u00f3quio deve examinar o pedido de Ghosn nesta segunda-feira (21). No entanto, os outros pedidos realizados pelo ex-presidente da <strong>Nissan<\/strong>, foram rejeitados por conta do risco de fuga e de adultera\u00e7\u00e3o de provas.<\/p>\n<p>Desta vez, Ghosn se compromete a participar de todo o processo. De acordo com ele, est\u00e1 &#8220;ansioso para finalmente ter a oportunidade de me defender&#8221;.<\/p>\n<p>De acordo com\u00a0a declara\u00e7\u00e3o dos representantes da marca nos <strong>EUA<\/strong>, o\u00a0empres\u00e1rio, que est\u00e1 preso h\u00e1 64 dias, perder\u00e1 sua posi\u00e7\u00e3o de presidente da <strong>Renault<\/strong>.<\/p>\n<p><a href=\"https:\/\/www.suno.com.br\/noticias\/gm-prefeito-reunirao-manter-fabrica-aberta\/\">Saiba mais:\u00a0GM e prefeito de S\u00e3o Caetano se reunir\u00e3o para f\u00e1brica continuar aberta<\/a><\/p>\n<h2>Ghosn e o tribunal japon\u00eas<\/h2>\n<p>O empres\u00e1rio fez uma \u00fanica apari\u00e7\u00e3o p\u00fablica, desde sua pris\u00e3o em 19 de novembro. No entanto, em 8 de janeiro, Ghosn disse ao tribunal de T\u00f3quio que &#8220;sempre agiu com integridade&#8221;.<\/p>\n<p>A fam\u00edlia de Ghosn encontrou um apartamento, ap\u00f3s a Nissan romper o contrato de sua casa luxuosa, que custava US$ 12 mil por m\u00eas. Al\u00e9m disso, foi oferecido ao Jap\u00e3o que o empres\u00e1rio ficasse nesse apartamento at\u00e9 o final do processo com uma pulseira eletr\u00f4nica.<\/p>\n<p>O executivo ainda prometeu que n\u00e3o entraria em contato com pessoas ligadas ao caso e que seriam entregues os seus tr\u00eas passaportes: franc\u00eas, liban\u00eas e brasileiro.<\/p>\n<p>De acordo com o porta-voz do empres\u00e1rio, Devon Spurgeon, seriam contratados guardas de seguran\u00e7a (aprovados pelo governo) para monitorar todos as movimenta\u00e7\u00f5es.<\/p>\n<h2>As acusa\u00e7\u00f5es<\/h2>\n<p>Confira abaixo as acusa\u00e7\u00f5es que o executivo encara:<\/p>\n<p><strong>Sonega\u00e7\u00e3o de renda:<\/strong> <strong>Ghosn<\/strong> \u00e9 investigado por subestimar a sua renda entre 2010 e 2018.<\/p>\n<p><strong>Transfer\u00eancia de preju\u00edzos pessoais para a Nissan:<\/strong> durante a crise global de 2008, o ex-presidente transferiu parte da d\u00edvida de investimentos pessoais para a Nissan.<\/p>\n<p>Conforme Ghosn, a multinacional estaria consciente da movimenta\u00e7\u00e3o.<\/p>\n<p><strong>Uso pessoal de im\u00f3veis comprados pela Nissan:<\/strong> uma investiga\u00e7\u00e3o interna da fabricante de carros revelou que uma subsidi\u00e1ria montada na Holanda, que supostamente financiava investimentos de capital de risco, foi utilizada para comprar ou alugar im\u00f3veis corporativos, nos quais o executivo se hospedava quando viajava.<\/p>\n<p>Dos quatro im\u00f3veis identificados em quatro pa\u00edses diferentes, um fica no Rio de Janeiro.<\/p>\n<h2>\u00daltimo recurso<\/h2>\n<p>O \u00faltimo recurso apresentado pela defesa do executivo, foi negado pelo <strong>Tribunal Distrital de T\u00f3quio<\/strong>, na \u00faltima quinta-feira (17).<\/p>\n<p><a href=\"https:\/\/www.suno.com.br\/noticias\/carlos-ghosn-preso-japao-marco\/\">Saiba mais:\u00a0Carlos Ghosn deve permanecer preso no Jap\u00e3o pelo menos at\u00e9 mar\u00e7o\u00a0<\/a><\/p>\n<p>Desta forma, o empres\u00e1rio dever\u00e1 ficar preso at\u00e9 mar\u00e7o. Isso, porque existe uma lei no <strong>Jap\u00e3o<\/strong> que caso um pedido de liberdade sob fian\u00e7a seja rejeitado, o acusado deve ficar preso por pelo menos dois meses depois da decis\u00e3o.<\/p>\n<p>No entanto, para <strong>Carlos Ghosn<\/strong>, o prazo vai at\u00e9 10 de mar\u00e7o.<\/p>\n","protected":false},"excerpt":{"rendered":"<p>O ex-presidente da Nissan, Carlos Ghosn, prometeu continuar no Jap\u00e3o e com uma pulseira eletr\u00f4nica, caso seja libertado. Carlos Ghosn pedir\u00e1 ajuda \u00e0 Fran\u00e7a, Pa\u00eds no qual o ex-executivo possui nacionalidade. (divulga\u00e7\u00e3o) \u201cUma vez que o tribunal deve considerar meu pedido de liberdade sob fian\u00e7a, quero ressaltar que irei residir no Jap\u00e3o e que vou [&hellip;]<\/p>\n","protected":false},"author":11,"featured_media":6455,"comment_status":"closed","ping_status":"closed","sticky":false,"template":"","format":"standard","meta":[],"categories":[63],"tags":[876,877],"suno_strategy":[],"class_list":["post-12422","post","type-post","status-publish","format-standard","has-post-thumbnail","hentry","category-internacional","tag-carlos-ghosn","tag-nissan"],"yoast_head":"<!-- This site is optimized with the Yoast SEO plugin v24.4 - https:\/\/yoast.com\/wordpress\/plugins\/seo\/ -->\n<title>Carlos Ghosn diz que ficar\u00e1 no Jap\u00e3o caso seja libertado<\/title>\n<meta name=\"description\" content=\"Carlos Ghosn afirmou que ir\u00e1 respeitar todo o processo; o executivo prop\u00f4s o uso de uma pulseira eletr\u00f4nica. Clique para saber mais\" \/>\n<meta name=\"robots\" content=\"index, follow, max-snippet:-1, max-image-preview:large, max-video-preview:-1\" \/>\n<link rel=\"canonical\" href=\"https:\/\/www.suno.com.br\/noticias\/carlos-ghosn-ficara-japao-caso-libertado\/\" \/>\n<meta property=\"og:locale\" content=\"pt_BR\" \/>\n<meta property=\"og:type\" content=\"article\" \/>\n<meta property=\"og:title\" content=\"Carlos Ghosn diz que ficar\u00e1 no Jap\u00e3o caso seja libertado\" \/>\n<meta property=\"og:description\" content=\"Carlos Ghosn afirmou que ir\u00e1 respeitar todo o processo; o executivo prop\u00f4s o uso de uma pulseira eletr\u00f4nica. Clique para saber mais\" \/>\n<meta property=\"og:url\" content=\"https:\/\/www.suno.com.br\/noticias\/carlos-ghosn-ficara-japao-caso-libertado\/\" \/>\n<meta property=\"og:site_name\" content=\"Suno Not\u00edcias\" \/>\n<meta property=\"article:publisher\" content=\"https:\/\/facebook.com\/sunoresearch\" \/>\n<meta property=\"og:image\" content=\"https:\/\/files.sunoresearch.com.br\/n\/uploads\/2018\/11\/44b458bf-carlos-ghosn.jpg\" \/>\n\t<meta property=\"og:image:width\" content=\"800\" \/>\n\t<meta property=\"og:image:height\" content=\"452\" \/>\n\t<meta property=\"og:image:type\" content=\"image\/jpeg\" \/>\n<meta name=\"author\" content=\"Renan Bandeira\" \/>\n<meta name=\"twitter:card\" content=\"summary_large_image\" \/>\n<meta name=\"twitter:creator\" content=\"@sunoresearch\" \/>\n<meta name=\"twitter:site\" content=\"@sunoresearch\" \/>\n<meta name=\"twitter:label1\" content=\"Escrito por\" \/>\n\t<meta name=\"twitter:data1\" content=\"Renan Bandeira\" \/>\n\t<meta name=\"twitter:label2\" content=\"Est. tempo de leitura\" \/>\n\t<meta name=\"twitter:data2\" content=\"3 minutos\" \/>\n<script type=\"application\/ld+json\" class=\"yoast-schema-graph\">{\"@context\":\"https:\/\/schema.org\",\"@graph\":[{\"@type\":\"NewsArticle\",\"@id\":\"https:\/\/www.suno.com.br\/noticias\/carlos-ghosn-ficara-japao-caso-libertado\/#article\",\"isPartOf\":{\"@id\":\"https:\/\/www.suno.com.br\/noticias\/carlos-ghosn-ficara-japao-caso-libertado\/\"},\"author\":{\"name\":\"Renan Bandeira\",\"@id\":\"https:\/\/www.suno.com.br\/noticias\/#\/schema\/person\/fc144a1c6108bd1dcd43784e88a3c138\"},\"headline\":\"Carlos Ghosn diz que ficar\u00e1 no Jap\u00e3o caso seja libertado\",\"datePublished\":\"2019-01-21T15:17:42+00:00\",\"mainEntityOfPage\":{\"@id\":\"https:\/\/www.suno.com.br\/noticias\/carlos-ghosn-ficara-japao-caso-libertado\/\"},\"wordCount\":634,\"publisher\":{\"@id\":\"https:\/\/www.suno.com.br\/noticias\/#organization\"},\"image\":{\"@id\":\"https:\/\/www.suno.com.br\/noticias\/carlos-ghosn-ficara-japao-caso-libertado\/#primaryimage\"},\"thumbnailUrl\":\"https:\/\/files.sunoresearch.com.br\/n\/uploads\/2018\/11\/44b458bf-carlos-ghosn-jpg.webp\",\"keywords\":[\"Carlos Ghosn\",\"Nissan\"],\"articleSection\":[\"Internacional\"],\"inLanguage\":\"pt-BR\"},{\"@type\":\"WebPage\",\"@id\":\"https:\/\/www.suno.com.br\/noticias\/carlos-ghosn-ficara-japao-caso-libertado\/\",\"url\":\"https:\/\/www.suno.com.br\/noticias\/carlos-ghosn-ficara-japao-caso-libertado\/\",\"name\":\"Carlos Ghosn diz que ficar\u00e1 no Jap\u00e3o caso seja libertado\",\"isPartOf\":{\"@id\":\"https:\/\/www.suno.com.br\/noticias\/#website\"},\"primaryImageOfPage\":{\"@id\":\"https:\/\/www.suno.com.br\/noticias\/carlos-ghosn-ficara-japao-caso-libertado\/#primaryimage\"},\"image\":{\"@id\":\"https:\/\/www.suno.com.br\/noticias\/carlos-ghosn-ficara-japao-caso-libertado\/#primaryimage\"},\"thumbnailUrl\":\"https:\/\/files.sunoresearch.com.br\/n\/uploads\/2018\/11\/44b458bf-carlos-ghosn-jpg.webp\",\"datePublished\":\"2019-01-21T15:17:42+00:00\",\"description\":\"Carlos Ghosn afirmou que ir\u00e1 respeitar todo o processo; o executivo prop\u00f4s o uso de uma pulseira eletr\u00f4nica. Clique para saber mais\",\"breadcrumb\":{\"@id\":\"https:\/\/www.suno.com.br\/noticias\/carlos-ghosn-ficara-japao-caso-libertado\/#breadcrumb\"},\"inLanguage\":\"pt-BR\",\"potentialAction\":[{\"@type\":\"ReadAction\",\"target\":[\"https:\/\/www.suno.com.br\/noticias\/carlos-ghosn-ficara-japao-caso-libertado\/\"]}]},{\"@type\":\"ImageObject\",\"inLanguage\":\"pt-BR\",\"@id\":\"https:\/\/www.suno.com.br\/noticias\/carlos-ghosn-ficara-japao-caso-libertado\/#primaryimage\",\"url\":\"https:\/\/files.sunoresearch.com.br\/n\/uploads\/2018\/11\/44b458bf-carlos-ghosn-jpg.webp\",\"contentUrl\":\"https:\/\/files.sunoresearch.com.br\/n\/uploads\/2018\/11\/44b458bf-carlos-ghosn-jpg.webp\",\"width\":800,\"height\":452,\"caption\":\"Carlos Ghosn pedir\u00e1 ajuda \u00e0 Fran\u00e7a, Pa\u00eds no qual o ex-executivo possui nacionalidade. (divulga\u00e7\u00e3o)\"},{\"@type\":\"BreadcrumbList\",\"@id\":\"https:\/\/www.suno.com.br\/noticias\/carlos-ghosn-ficara-japao-caso-libertado\/#breadcrumb\",\"itemListElement\":[{\"@type\":\"ListItem\",\"position\":1,\"name\":\"Not\u00edcias\",\"item\":\"https:\/\/www.suno.com.br\/noticias\/\"},{\"@type\":\"ListItem\",\"position\":2,\"name\":\"Internacional\",\"item\":\"https:\/\/www.suno.com.br\/noticias\/internacional\/\"},{\"@type\":\"ListItem\",\"position\":3,\"name\":\"Carlos Ghosn diz que ficar\u00e1 no Jap\u00e3o caso seja libertado\"}]},{\"@type\":\"WebSite\",\"@id\":\"https:\/\/www.suno.com.br\/noticias\/#website\",\"url\":\"https:\/\/www.suno.com.br\/noticias\/\",\"name\":\"Suno Not\u00edcias\",\"description\":\"Seu portal de informa\u00e7\u00e3o sobre o mundo dos investimentos\",\"publisher\":{\"@id\":\"https:\/\/www.suno.com.br\/noticias\/#organization\"},\"potentialAction\":[{\"@type\":\"SearchAction\",\"target\":{\"@type\":\"EntryPoint\",\"urlTemplate\":\"https:\/\/www.suno.com.br\/noticias\/?s={search_term_string}\"},\"query-input\":{\"@type\":\"PropertyValueSpecification\",\"valueRequired\":true,\"valueName\":\"search_term_string\"}}],\"inLanguage\":\"pt-BR\"},{\"@type\":\"Organization\",\"@id\":\"https:\/\/www.suno.com.br\/noticias\/#organization\",\"name\":\"Suno Not\u00edcias\",\"url\":\"https:\/\/www.suno.com.br\/noticias\/\",\"logo\":{\"@type\":\"ImageObject\",\"inLanguage\":\"pt-BR\",\"@id\":\"https:\/\/www.suno.com.br\/noticias\/#\/schema\/logo\/image\/\",\"url\":\"https:\/\/files.sunoresearch.com.br\/n\/uploads\/2021\/09\/suno-logo.png\",\"contentUrl\":\"https:\/\/files.sunoresearch.com.br\/n\/uploads\/2021\/09\/suno-logo.png\",\"width\":180,\"height\":180,\"caption\":\"Suno Not\u00edcias\"},\"image\":{\"@id\":\"https:\/\/www.suno.com.br\/noticias\/#\/schema\/logo\/image\/\"},\"sameAs\":[\"https:\/\/facebook.com\/sunoresearch\",\"https:\/\/x.com\/sunoresearch\",\"https:\/\/www.instagram.com\/suno\",\"https:\/\/www.linkedin.com\/company\/suno-research\/\",\"https:\/\/www.youtube.com\/c\/sunoresearch\"]},{\"@type\":\"Person\",\"@id\":\"https:\/\/www.suno.com.br\/noticias\/#\/schema\/person\/fc144a1c6108bd1dcd43784e88a3c138\",\"name\":\"Renan Bandeira\",\"image\":{\"@type\":\"ImageObject\",\"inLanguage\":\"pt-BR\",\"@id\":\"https:\/\/www.suno.com.br\/noticias\/#\/schema\/person\/image\/\",\"url\":\"https:\/\/secure.gravatar.com\/avatar\/68359cdb608f14f11bbefcb78f3fc747?s=96&r=g\",\"contentUrl\":\"https:\/\/secure.gravatar.com\/avatar\/68359cdb608f14f11bbefcb78f3fc747?s=96&r=g\",\"caption\":\"Renan Bandeira\"},\"description\":\"Renan Bandeira escreve sobre pol\u00edtica e economia para o portal da Suno Research. Antes da Suno, trabalhou em uma rede de televis\u00e3o, onde fazia reportagens sobre os mesmos temas. Estuda na Universidade Metodista de S\u00e3o Paulo.\",\"url\":\"https:\/\/www.suno.com.br\/noticias\/author\/renan-bandeira\/\"}]}<\/script>\n<!-- \/ Yoast SEO plugin. -->","yoast_head_json":{"title":"Carlos Ghosn diz que ficar\u00e1 no Jap\u00e3o caso seja libertado","description":"Carlos Ghosn afirmou que ir\u00e1 respeitar todo o processo; o executivo prop\u00f4s o uso de uma pulseira eletr\u00f4nica. Clique para saber mais","robots":{"index":"index","follow":"follow","max-snippet":"max-snippet:-1","max-image-preview":"max-image-preview:large","max-video-preview":"max-video-preview:-1"},"canonical":"https:\/\/www.suno.com.br\/noticias\/carlos-ghosn-ficara-japao-caso-libertado\/","og_locale":"pt_BR","og_type":"article","og_title":"Carlos Ghosn diz que ficar\u00e1 no Jap\u00e3o caso seja libertado","og_description":"Carlos Ghosn afirmou que ir\u00e1 respeitar todo o processo; o executivo prop\u00f4s o uso de uma pulseira eletr\u00f4nica. Clique para saber mais","og_url":"https:\/\/www.suno.com.br\/noticias\/carlos-ghosn-ficara-japao-caso-libertado\/","og_site_name":"Suno Not\u00edcias","article_publisher":"https:\/\/facebook.com\/sunoresearch","og_image":[{"width":800,"height":452,"url":"https:\/\/files.sunoresearch.com.br\/n\/uploads\/2018\/11\/44b458bf-carlos-ghosn.jpg","type":"image\/jpeg"}],"author":"Renan Bandeira","twitter_card":"summary_large_image","twitter_creator":"@sunoresearch","twitter_site":"@sunoresearch","twitter_misc":{"Escrito por":"Renan Bandeira","Est. tempo de leitura":"3 minutos"},"schema":{"@context":"https:\/\/schema.org","@graph":[{"@type":"NewsArticle","@id":"https:\/\/www.suno.com.br\/noticias\/carlos-ghosn-ficara-japao-caso-libertado\/#article","isPartOf":{"@id":"https:\/\/www.suno.com.br\/noticias\/carlos-ghosn-ficara-japao-caso-libertado\/"},"author":{"name":"Renan Bandeira","@id":"https:\/\/www.suno.com.br\/noticias\/#\/schema\/person\/fc144a1c6108bd1dcd43784e88a3c138"},"headline":"Carlos Ghosn diz que ficar\u00e1 no Jap\u00e3o caso seja libertado","datePublished":"2019-01-21T15:17:42+00:00","mainEntityOfPage":{"@id":"https:\/\/www.suno.com.br\/noticias\/carlos-ghosn-ficara-japao-caso-libertado\/"},"wordCount":634,"publisher":{"@id":"https:\/\/www.suno.com.br\/noticias\/#organization"},"image":{"@id":"https:\/\/www.suno.com.br\/noticias\/carlos-ghosn-ficara-japao-caso-libertado\/#primaryimage"},"thumbnailUrl":"https:\/\/files.sunoresearch.com.br\/n\/uploads\/2018\/11\/44b458bf-carlos-ghosn-jpg.webp","keywords":["Carlos Ghosn","Nissan"],"articleSection":["Internacional"],"inLanguage":"pt-BR"},{"@type":"WebPage","@id":"https:\/\/www.suno.com.br\/noticias\/carlos-ghosn-ficara-japao-caso-libertado\/","url":"https:\/\/www.suno.com.br\/noticias\/carlos-ghosn-ficara-japao-caso-libertado\/","name":"Carlos Ghosn diz que ficar\u00e1 no Jap\u00e3o caso seja libertado","isPartOf":{"@id":"https:\/\/www.suno.com.br\/noticias\/#website"},"primaryImageOfPage":{"@id":"https:\/\/www.suno.com.br\/noticias\/carlos-ghosn-ficara-japao-caso-libertado\/#primaryimage"},"image":{"@id":"https:\/\/www.suno.com.br\/noticias\/carlos-ghosn-ficara-japao-caso-libertado\/#primaryimage"},"thumbnailUrl":"https:\/\/files.sunoresearch.com.br\/n\/uploads\/2018\/11\/44b458bf-carlos-ghosn-jpg.webp","datePublished":"2019-01-21T15:17:42+00:00","description":"Carlos Ghosn afirmou que ir\u00e1 respeitar todo o processo; o executivo prop\u00f4s o uso de uma pulseira eletr\u00f4nica. Clique para saber mais","breadcrumb":{"@id":"https:\/\/www.suno.com.br\/noticias\/carlos-ghosn-ficara-japao-caso-libertado\/#breadcrumb"},"inLanguage":"pt-BR","potentialAction":[{"@type":"ReadAction","target":["https:\/\/www.suno.com.br\/noticias\/carlos-ghosn-ficara-japao-caso-libertado\/"]}]},{"@type":"ImageObject","inLanguage":"pt-BR","@id":"https:\/\/www.suno.com.br\/noticias\/carlos-ghosn-ficara-japao-caso-libertado\/#primaryimage","url":"https:\/\/files.sunoresearch.com.br\/n\/uploads\/2018\/11\/44b458bf-carlos-ghosn-jpg.webp","contentUrl":"https:\/\/files.sunoresearch.com.br\/n\/uploads\/2018\/11\/44b458bf-carlos-ghosn-jpg.webp","width":800,"height":452,"caption":"Carlos Ghosn pedir\u00e1 ajuda \u00e0 Fran\u00e7a, Pa\u00eds no qual o ex-executivo possui nacionalidade. (divulga\u00e7\u00e3o)"},{"@type":"BreadcrumbList","@id":"https:\/\/www.suno.com.br\/noticias\/carlos-ghosn-ficara-japao-caso-libertado\/#breadcrumb","itemListElement":[{"@type":"ListItem","position":1,"name":"Not\u00edcias","item":"https:\/\/www.suno.com.br\/noticias\/"},{"@type":"ListItem","position":2,"name":"Internacional","item":"https:\/\/www.suno.com.br\/noticias\/internacional\/"},{"@type":"ListItem","position":3,"name":"Carlos Ghosn diz que ficar\u00e1 no Jap\u00e3o caso seja libertado"}]},{"@type":"WebSite","@id":"https:\/\/www.suno.com.br\/noticias\/#website","url":"https:\/\/www.suno.com.br\/noticias\/","name":"Suno Not\u00edcias","description":"Seu portal de informa\u00e7\u00e3o sobre o mundo dos investimentos","publisher":{"@id":"https:\/\/www.suno.com.br\/noticias\/#organization"},"potentialAction":[{"@type":"SearchAction","target":{"@type":"EntryPoint","urlTemplate":"https:\/\/www.suno.com.br\/noticias\/?s={search_term_string}"},"query-input":{"@type":"PropertyValueSpecification","valueRequired":true,"valueName":"search_term_string"}}],"inLanguage":"pt-BR"},{"@type":"Organization","@id":"https:\/\/www.suno.com.br\/noticias\/#organization","name":"Suno Not\u00edcias","url":"https:\/\/www.suno.com.br\/noticias\/","logo":{"@type":"ImageObject","inLanguage":"pt-BR","@id":"https:\/\/www.suno.com.br\/noticias\/#\/schema\/logo\/image\/","url":"https:\/\/files.sunoresearch.com.br\/n\/uploads\/2021\/09\/suno-logo.png","contentUrl":"https:\/\/files.sunoresearch.com.br\/n\/uploads\/2021\/09\/suno-logo.png","width":180,"height":180,"caption":"Suno Not\u00edcias"},"image":{"@id":"https:\/\/www.suno.com.br\/noticias\/#\/schema\/logo\/image\/"},"sameAs":["https:\/\/facebook.com\/sunoresearch","https:\/\/x.com\/sunoresearch","https:\/\/www.instagram.com\/suno","https:\/\/www.linkedin.com\/company\/suno-research\/","https:\/\/www.youtube.com\/c\/sunoresearch"]},{"@type":"Person","@id":"https:\/\/www.suno.com.br\/noticias\/#\/schema\/person\/fc144a1c6108bd1dcd43784e88a3c138","name":"Renan Bandeira","image":{"@type":"ImageObject","inLanguage":"pt-BR","@id":"https:\/\/www.suno.com.br\/noticias\/#\/schema\/person\/image\/","url":"https:\/\/secure.gravatar.com\/avatar\/68359cdb608f14f11bbefcb78f3fc747?s=96&r=g","contentUrl":"https:\/\/secure.gravatar.com\/avatar\/68359cdb608f14f11bbefcb78f3fc747?s=96&r=g","caption":"Renan Bandeira"},"description":"Renan Bandeira escreve sobre pol\u00edtica e economia para o portal da Suno Research. Antes da Suno, trabalhou em uma rede de televis\u00e3o, onde fazia reportagens sobre os mesmos temas. Estuda na Universidade Metodista de S\u00e3o Paulo.","url":"https:\/\/www.suno.com.br\/noticias\/author\/renan-bandeira\/"}]}},"default_loop_html":"<div class=\"cardsPage__listCard__boxs\"><div class=\"cardsPage__listCard__boxs__img\"><a href=\"https:\/\/www.suno.com.br\/noticias\/carlos-ghosn-ficara-japao-caso-libertado\/\"><img class=\"mask\" src=\"https:\/\/www.suno.com.br\/noticias\/wp-content\/themes\/suno\/resources\/images\/spotlight\/spotlight1img\/bg-mask.png\" alt=\"Image Mask\"\/><img src=\"https:\/\/files.sunoresearch.com.br\/n\/uploads\/2018\/11\/44b458bf-carlos-ghosn-400x200.webp\" alt=\"Carlos Ghosn diz que ficar\u00e1 no Jap\u00e3o caso seja libertado\"\/><\/a><span class=\"spotlightCategory\"><a href=\"https:\/\/www.suno.com.br\/noticias\/internacional\/\">Internacional<\/a><\/span><\/div><div class=\"cardsPage__listCard__boxs__content\"><a href=\"https:\/\/www.suno.com.br\/noticias\/carlos-ghosn-ficara-japao-caso-libertado\/\"><h2 class=\"content__title\">Carlos Ghosn diz que ficar\u00e1 no Jap\u00e3o caso seja libertado<\/h2><\/a><div class=\"newsContent__article__meta\"><div class=\"newsContent__article__meta__authorBox\"><a href=\"https:\/\/www.suno.com.br\/noticias\/author\/renan-bandeira\/\" class=\"authorBox__avatar noMobi\"><img src=\"https:\/\/secure.gravatar.com\/avatar\/68359cdb608f14f11bbefcb78f3fc747?s=96&#038;r=g\" alt=\"Renan Bandeira\"><\/a><div class=\"authorBox__name\"><span>por\n\t\t\t<a href=\"https:\/\/www.suno.com.br\/noticias\/author\/renan-bandeira\/\"><span itemprop=\"author\">Renan Bandeira<\/span><\/a><\/span><time datetime=\"2019-01-21T13:17:42-02:00\" itemprop=\"datePublished\">21\/01\/2019 13:17<\/time><\/div><\/div><\/div><\/div><\/div>","single_layout":"posts","amp_enabled":true,"_links":{"self":[{"href":"https:\/\/www.suno.com.br\/noticias\/wp-json\/wp\/v2\/posts\/12422"}],"collection":[{"href":"https:\/\/www.suno.com.br\/noticias\/wp-json\/wp\/v2\/posts"}],"about":[{"href":"https:\/\/www.suno.com.br\/noticias\/wp-json\/wp\/v2\/types\/post"}],"author":[{"embeddable":true,"href":"https:\/\/www.suno.com.br\/noticias\/wp-json\/wp\/v2\/users\/11"}],"replies":[{"embeddable":true,"href":"https:\/\/www.suno.com.br\/noticias\/wp-json\/wp\/v2\/comments?post=12422"}],"version-history":[{"count":0,"href":"https:\/\/www.suno.com.br\/noticias\/wp-json\/wp\/v2\/posts\/12422\/revisions"}],"wp:featuredmedia":[{"embeddable":true,"href":"https:\/\/www.suno.com.br\/noticias\/wp-json\/wp\/v2\/media\/6455"}],"wp:attachment":[{"href":"https:\/\/www.suno.com.br\/noticias\/wp-json\/wp\/v2\/media?parent=12422"}],"wp:term":[{"taxonomy":"category","embeddable":true,"href":"https:\/\/www.suno.com.br\/noticias\/wp-json\/wp\/v2\/categories?post=12422"},{"taxonomy":"post_tag","embeddable":true,"href":"https:\/\/www.suno.com.br\/noticias\/wp-json\/wp\/v2\/tags?post=12422"},{"taxonomy":"suno_strategy","embeddable":true,"href":"https:\/\/www.suno.com.br\/noticias\/wp-json\/wp\/v2\/suno_strategy?post=12422"}],"curies":[{"name":"wp","href":"https:\/\/api.w.org\/{rel}","templated":true}]}}