{"id":12389,"date":"2019-01-21T10:37:52","date_gmt":"2019-01-21T12:37:52","guid":{"rendered":"https:\/\/www.suno.com.br\/noticias\/?p=12389"},"modified":"2019-01-21T15:40:14","modified_gmt":"2019-01-21T17:40:14","slug":"michel-temer-refis","status":"publish","type":"post","link":"https:\/\/www.suno.com.br\/noticias\/michel-temer-refis\/","title":{"rendered":"\u00daltimo Refis de Michel Temer releva R$ 47,4 bi em d\u00edvidas de empresas"},"content":{"rendered":"<p>O \u00faltimo grande Programa Especial de Regulariza\u00e7\u00e3o Tribut\u00e1ria\u00a0(PERT\/<a href=\"https:\/\/www.suno.com.br\/artigos\/repactuacao\/\">Refis<\/a>) da gest\u00e3o do ex-presidente da Rep\u00fablica Michel Temer absolveu R$ 47,4 bilh\u00f5es em d\u00edvidas de 131 contribuintes.<\/p>\t<div class=\"wrapper-featured-image\">\n\t\t<figure class=\"spotlightImg\">\n\n\t\t\t<picture>\n\t\t\t\t<source media=\"(max-width: 768px)\" srcset=\"https:\/\/files.sunoresearch.com.br\/n\/uploads\/2019\/01\/5198d239-michel-temer-400x200.webp\">\n\t\t\t\t<img loading=\"lazy\" decoding=\"async\" class=\"newsContent__article__imgCapa lazyloadDisabled newsContent__article__imgCapa--noCaption\" src=\"https:\/\/files.sunoresearch.com.br\/n\/uploads\/2019\/01\/5198d239-michel-temer-800x450.webp\" width=\"800\" height=\"450\" alt=\"\u00daltimo Refis de Michel Temer releva R$ 47,4 bi em d\u00edvidas de empresas\" fetchpriority=high \/>\n\t\t\t<\/picture>\n\n\t\t\t<figcaption class=\"wp-caption-text wp-caption-text--hide\">O ex-presidente da Rep\u00fablica, Michel Temer. (Ag\u00eancia Brasil)<\/figcaption>\n\t\t<\/figure>\n\t<\/div>\n\n\n<p>Ainda no governo de <strong>Michel Temer<\/strong>, R$ 59,5 bilh\u00f5es (correspondente a pouco mais de 50% da d\u00edvida original) foi parcelado em at\u00e9 175 presta\u00e7\u00f5es. As informa\u00e7\u00f5es s\u00e3o do balan\u00e7o final do programa de parcelamento de d\u00e9bitos tribut\u00e1rios, ao qual o &#8220;Broadcast&#8221; obteve acesso.<\/p>\n<p><a href=\"https:\/\/www.suno.com.br\/noticias\/governo-reduzir-encargos-salarios-descarta-cpmf\/\">Saiba mais &#8211;\u00a0Governo estuda reduzir encargos sobre sal\u00e1rios e descarta CPMF\u00a0<\/a><\/p>\n<p>Os <strong>parcelamentos<\/strong> especiais consentem que companhias refinanciem as d\u00edvidas com descontos sobre juros, multas e encargos.<\/p>\n<p>Assim, o governo federal recebe uma parcela da d\u00edvida adiantada, por\u00e9m, sem a fra\u00e7\u00e3o do que receberia com juros e multas.<\/p>\n<p>Confira abaixo as op\u00e7\u00f5es de pagamento do Refis:<\/p>\n<ul>\n<li>Pagamento integral: juros de mora (cobrados pelo atraso) redu\u00e7\u00e3o de 90% e 70% das multas;<\/li>\n<li>Pagamento em 145 meses: 80% de redu\u00e7\u00e3o dos juros de mora e das multas 50%.<\/li>\n<li>Pagamento em 175 meses: diminui\u00e7\u00e3o de 50% dos juros de mora e das multas.<\/li>\n<\/ul>\n<p>Durante 2017, parlamentares pressionaram o governo do ex-presidente a melhorar as condi\u00e7\u00f5es dos <strong>Refis<\/strong>. Muitos desses congressistas possu\u00edam d\u00edvidas com o <strong>Fisco<\/strong>.<\/p>\n<p>Assim, <strong>Michel Temer<\/strong> aproveitou a oportunidade de ajustes no programa, para tentar conquistar votos para a principal pauta de seu governo: a reforma da Previd\u00eancia.\u00a0Contudo, a proposta da reforma foi engavetada.<\/p>\n<p>As novas condi\u00e7\u00f5es dos Refis foram lan\u00e7adas em janeiro de 2018 e tornaram-se lei apenas em outubro do mesmo ano.<\/p>\n<p>A ren\u00fancia dos <strong>Refis<\/strong> do ano passado foi inferior apenas que o perd\u00e3o de R$ 60,9 bilh\u00f5es do Refis da Crise, em 2008. Nesse momento, as empresas brasileiras eram impactadas pela<strong> crise financeira<\/strong> internacional, iniciada com a bolha imobili\u00e1ria nos Estados Unidos da Am\u00e9rica (EUA).<\/p>\n<p><a href=\"https:\/\/www.suno.com.br\/noticias\/paulo-guedes-aliquota-ir\/\">Saiba mais &#8211;\u00a0Equipe de Paulo Guedes estuda al\u00edquota de 25% para mais ricos no IR\u00a0<\/a><\/p>\n<h2>Marcos Cintra discorda dos parcelamentos especiais<\/h2>\n<p>O secret\u00e1rio especial da <strong>Receita Federal<\/strong>, Marcos Cintra, possui posi\u00e7\u00e3o contr\u00e1ria aos parcelamentos especiais. Cintra tomou a frente da elabora\u00e7\u00e3o de um programa de combate ao devedor de rotina.<\/p>\n<p>Para o secret\u00e1rio, os <strong>Refis<\/strong> s\u00e3o utilizados como ferramenta de posterga\u00e7\u00e3o por devedores &#8220;viciados&#8221; nessa categoria de programa.<\/p>\n<p>\u201cA principal mensagem e miss\u00e3o frente \u00e0 Receita \u00e9 fazer todos pagarem, pois assim os atuais contribuintes pagar\u00e3o menos, e a press\u00e3o fiscal poder\u00e1 diminuir\u201d, afirmou Cintra ao &#8220;Broadcast&#8221;.<\/p>\n<p>\u201cEm princ\u00edpio, defendo a proibi\u00e7\u00e3o de novos programas de parcelamentos incentivados\u201d, completou.<\/p>\n<p><a href=\"https:\/\/www.suno.com.br\/noticias\/nao-havera-mudanca-nem-aumento\/\">Saiba mais &#8211;\u00a0N\u00e3o haver\u00e1 mudan\u00e7a no IR e nem aumento no IOF, disse Marcos Cintra\u00a0<\/a><\/p>\n<p><a href=\"https:\/\/www.suno.com.br\/noticias\/reducao-imposto-renda\/\">Saiba mais &#8211;\u00a0Marcos Cintra defende redu\u00e7\u00e3o de al\u00edquotas do Imposto de Renda\u00a0<\/a><\/p>\n<h2>Refis e os procrastinadores<\/h2>\n<p>Os dados entregues a Cintra apontam que a concess\u00e3o constante de <strong>parcelamentos<\/strong> \u201ccriou acomoda\u00e7\u00e3o nos contribuintes, que n\u00e3o se preocupam mais em liquidar suas d\u00edvidas\u201d.<\/p>\n<p>Finalizado o balan\u00e7o dos parcelamentos, o <strong>Fisco<\/strong> identificou um grupo importante de contribuintes que participaram de tr\u00eas ou mais modalidades dos Refis.<\/p>\n<p>Segundo a<strong> Receita Federal<\/strong>, h\u00e1 uma clara estrat\u00e9gia dos devedores para a &#8220;rolagem&#8221; da d\u00edvida.<\/p>\n<p>De acordo com a apura\u00e7\u00e3o do &#8220;Broadcast&#8221;, o perfil do contribuinte que aderiu a tr\u00eas <strong>parcelamentos<\/strong> ou mais possui d\u00edvida superior a R$ 160 bilh\u00f5es.<\/p>\n<p>Do total, 70% s\u00e3o captados em empresas com faturamento anual superior a R$ 150 bilh\u00f5es, sujeitas a acompanhamento diferenciado pelo <strong>Fisco<\/strong>.<\/p>\n<p>Historicamente, cerca de 50% dos contribuintes torna-se inadimplente ap\u00f3s a ades\u00e3o dos <strong>Refis<\/strong>. Seja das obriga\u00e7\u00f5es com o pagamento dos impostos, seja das parcelas do programa.<\/p>\n<p>O <a href=\"https:\/\/www.suno.com.br\/artigos\/default\/\">default<\/a>, ou seja, o calote, exclui o contribuinte do programa e finaliza seus benef\u00edcios.<\/p>\n<p>O Congresso Nacional justifica a amplia\u00e7\u00e3o dos descontos do \u00faltimo programa como uma forma de compensar os empres\u00e1rios afetados pela <strong>crise financeira<\/strong>. Assim, tais empres\u00e1rios poderiam regularizar a situa\u00e7\u00e3o, voltar a ter capacidade de investir e poder pagar suas obriga\u00e7\u00f5es em dia.<\/p>\n<p>Todavia, de acordo com a Receita Federal, as empresas que aderiram aos Refis tiveram taxa de lucro crescente nos anos de <strong>parcelamento<\/strong>, e queda posteriormente.<\/p>\n<p>Em movimento contr\u00e1rio \u00e0s companhias que n\u00e3o aderiram ao programa.<\/p>\n<p>Portanto, a redu\u00e7\u00e3o de brechas para novos <strong>Refis<\/strong>, a simplifica\u00e7\u00e3o da legisla\u00e7\u00e3o e a elimina\u00e7\u00e3o de pontos de conflito, fontes de disputas judiciais com os contribuintes, s\u00e3o metas do novo governo para a reformula\u00e7\u00e3o do Refis do governo de <strong>Michel Temer<\/strong>.<\/p>\n","protected":false},"excerpt":{"rendered":"<p>O \u00faltimo grande Programa Especial de Regulariza\u00e7\u00e3o Tribut\u00e1ria\u00a0(PERT\/Refis) da gest\u00e3o do ex-presidente da Rep\u00fablica Michel Temer absolveu R$ 47,4 bilh\u00f5es em d\u00edvidas de 131 contribuintes. O ex-presidente da Rep\u00fablica, Michel Temer. (Ag\u00eancia Brasil) Ainda no governo de Michel Temer, R$ 59,5 bilh\u00f5es (correspondente a pouco mais de 50% da d\u00edvida original) foi parcelado em at\u00e9 [&hellip;]<\/p>\n","protected":false},"author":12,"featured_media":12391,"comment_status":"closed","ping_status":"closed","sticky":false,"template":"","format":"standard","meta":[],"categories":[62],"tags":[734],"suno_strategy":[],"class_list":["post-12389","post","type-post","status-publish","format-standard","has-post-thumbnail","hentry","category-economia","tag-michel-temer"],"yoast_head":"<!-- This site is optimized with the Yoast SEO plugin v24.4 - https:\/\/yoast.com\/wordpress\/plugins\/seo\/ -->\n<title>\u00daltimo Refis de Michel Temer releva R$ 47,4 bi em d\u00edvidas de empresas<\/title>\n<meta name=\"description\" content=\"O \u00faltimo grande Refis da gest\u00e3o do ex-presidente da Rep\u00fablica Michel Temer perdoou R$ 47,4 bi em d\u00edvidas de empresas. Clique para saber mais.\" \/>\n<meta name=\"robots\" content=\"index, follow, max-snippet:-1, max-image-preview:large, max-video-preview:-1\" \/>\n<link rel=\"canonical\" href=\"https:\/\/www.suno.com.br\/noticias\/michel-temer-refis\/\" \/>\n<meta property=\"og:locale\" content=\"pt_BR\" \/>\n<meta property=\"og:type\" content=\"article\" \/>\n<meta property=\"og:title\" content=\"\u00daltimo Refis de Michel Temer releva R$ 47,4 bi em d\u00edvidas de empresas\" \/>\n<meta property=\"og:description\" content=\"O \u00faltimo grande Refis da gest\u00e3o do ex-presidente da Rep\u00fablica Michel Temer perdoou R$ 47,4 bi em d\u00edvidas de empresas. Clique para saber mais.\" \/>\n<meta property=\"og:url\" content=\"https:\/\/www.suno.com.br\/noticias\/michel-temer-refis\/\" \/>\n<meta property=\"og:site_name\" content=\"Suno Not\u00edcias\" \/>\n<meta property=\"article:publisher\" content=\"https:\/\/facebook.com\/sunoresearch\" \/>\n<meta property=\"og:image\" content=\"https:\/\/files.sunoresearch.com.br\/n\/uploads\/2019\/01\/5198d239-michel-temer.jpg\" \/>\n\t<meta property=\"og:image:width\" content=\"1140\" \/>\n\t<meta property=\"og:image:height\" content=\"760\" \/>\n\t<meta property=\"og:image:type\" content=\"image\/jpeg\" \/>\n<meta name=\"author\" content=\"Amanda Gushiken\" \/>\n<meta name=\"twitter:card\" content=\"summary_large_image\" \/>\n<meta name=\"twitter:creator\" content=\"@sunoresearch\" \/>\n<meta name=\"twitter:site\" content=\"@sunoresearch\" \/>\n<meta name=\"twitter:label1\" content=\"Escrito por\" \/>\n\t<meta name=\"twitter:data1\" content=\"Amanda Gushiken\" \/>\n\t<meta name=\"twitter:label2\" content=\"Est. tempo de leitura\" \/>\n\t<meta name=\"twitter:data2\" content=\"4 minutos\" \/>\n<script type=\"application\/ld+json\" class=\"yoast-schema-graph\">{\"@context\":\"https:\/\/schema.org\",\"@graph\":[{\"@type\":\"NewsArticle\",\"@id\":\"https:\/\/www.suno.com.br\/noticias\/michel-temer-refis\/#article\",\"isPartOf\":{\"@id\":\"https:\/\/www.suno.com.br\/noticias\/michel-temer-refis\/\"},\"author\":{\"name\":\"Amanda Gushiken\",\"@id\":\"https:\/\/www.suno.com.br\/noticias\/#\/schema\/person\/a5b06fa4e879d8e8e119c6ed3cd630d1\"},\"headline\":\"\u00daltimo Refis de Michel Temer releva R$ 47,4 bi em d\u00edvidas de empresas\",\"datePublished\":\"2019-01-21T12:37:52+00:00\",\"dateModified\":\"2019-01-21T17:40:14+00:00\",\"mainEntityOfPage\":{\"@id\":\"https:\/\/www.suno.com.br\/noticias\/michel-temer-refis\/\"},\"wordCount\":772,\"publisher\":{\"@id\":\"https:\/\/www.suno.com.br\/noticias\/#organization\"},\"image\":{\"@id\":\"https:\/\/www.suno.com.br\/noticias\/michel-temer-refis\/#primaryimage\"},\"thumbnailUrl\":\"https:\/\/files.sunoresearch.com.br\/n\/uploads\/2019\/01\/5198d239-michel-temer-jpg.webp\",\"keywords\":[\"Michel Temer\"],\"articleSection\":[\"Economia\"],\"inLanguage\":\"pt-BR\"},{\"@type\":\"WebPage\",\"@id\":\"https:\/\/www.suno.com.br\/noticias\/michel-temer-refis\/\",\"url\":\"https:\/\/www.suno.com.br\/noticias\/michel-temer-refis\/\",\"name\":\"\u00daltimo Refis de Michel Temer releva R$ 47,4 bi em d\u00edvidas de empresas\",\"isPartOf\":{\"@id\":\"https:\/\/www.suno.com.br\/noticias\/#website\"},\"primaryImageOfPage\":{\"@id\":\"https:\/\/www.suno.com.br\/noticias\/michel-temer-refis\/#primaryimage\"},\"image\":{\"@id\":\"https:\/\/www.suno.com.br\/noticias\/michel-temer-refis\/#primaryimage\"},\"thumbnailUrl\":\"https:\/\/files.sunoresearch.com.br\/n\/uploads\/2019\/01\/5198d239-michel-temer-jpg.webp\",\"datePublished\":\"2019-01-21T12:37:52+00:00\",\"dateModified\":\"2019-01-21T17:40:14+00:00\",\"description\":\"O \u00faltimo grande Refis da gest\u00e3o do ex-presidente da Rep\u00fablica Michel Temer perdoou R$ 47,4 bi em d\u00edvidas de empresas. Clique para saber mais.\",\"breadcrumb\":{\"@id\":\"https:\/\/www.suno.com.br\/noticias\/michel-temer-refis\/#breadcrumb\"},\"inLanguage\":\"pt-BR\",\"potentialAction\":[{\"@type\":\"ReadAction\",\"target\":[\"https:\/\/www.suno.com.br\/noticias\/michel-temer-refis\/\"]}]},{\"@type\":\"ImageObject\",\"inLanguage\":\"pt-BR\",\"@id\":\"https:\/\/www.suno.com.br\/noticias\/michel-temer-refis\/#primaryimage\",\"url\":\"https:\/\/files.sunoresearch.com.br\/n\/uploads\/2019\/01\/5198d239-michel-temer-jpg.webp\",\"contentUrl\":\"https:\/\/files.sunoresearch.com.br\/n\/uploads\/2019\/01\/5198d239-michel-temer-jpg.webp\",\"width\":1140,\"height\":760,\"caption\":\"O ex-presidente da Rep\u00fablica, Michel Temer. (Ag\u00eancia Brasil)\"},{\"@type\":\"BreadcrumbList\",\"@id\":\"https:\/\/www.suno.com.br\/noticias\/michel-temer-refis\/#breadcrumb\",\"itemListElement\":[{\"@type\":\"ListItem\",\"position\":1,\"name\":\"Not\u00edcias\",\"item\":\"https:\/\/www.suno.com.br\/noticias\/\"},{\"@type\":\"ListItem\",\"position\":2,\"name\":\"Economia\",\"item\":\"https:\/\/www.suno.com.br\/noticias\/economia\/\"},{\"@type\":\"ListItem\",\"position\":3,\"name\":\"\u00daltimo Refis de Michel Temer releva R$ 47,4 bi em d\u00edvidas de empresas\"}]},{\"@type\":\"WebSite\",\"@id\":\"https:\/\/www.suno.com.br\/noticias\/#website\",\"url\":\"https:\/\/www.suno.com.br\/noticias\/\",\"name\":\"Suno Not\u00edcias\",\"description\":\"Seu portal de informa\u00e7\u00e3o sobre o mundo dos investimentos\",\"publisher\":{\"@id\":\"https:\/\/www.suno.com.br\/noticias\/#organization\"},\"potentialAction\":[{\"@type\":\"SearchAction\",\"target\":{\"@type\":\"EntryPoint\",\"urlTemplate\":\"https:\/\/www.suno.com.br\/noticias\/?s={search_term_string}\"},\"query-input\":{\"@type\":\"PropertyValueSpecification\",\"valueRequired\":true,\"valueName\":\"search_term_string\"}}],\"inLanguage\":\"pt-BR\"},{\"@type\":\"Organization\",\"@id\":\"https:\/\/www.suno.com.br\/noticias\/#organization\",\"name\":\"Suno Not\u00edcias\",\"url\":\"https:\/\/www.suno.com.br\/noticias\/\",\"logo\":{\"@type\":\"ImageObject\",\"inLanguage\":\"pt-BR\",\"@id\":\"https:\/\/www.suno.com.br\/noticias\/#\/schema\/logo\/image\/\",\"url\":\"https:\/\/files.sunoresearch.com.br\/n\/uploads\/2021\/09\/suno-logo.png\",\"contentUrl\":\"https:\/\/files.sunoresearch.com.br\/n\/uploads\/2021\/09\/suno-logo.png\",\"width\":180,\"height\":180,\"caption\":\"Suno Not\u00edcias\"},\"image\":{\"@id\":\"https:\/\/www.suno.com.br\/noticias\/#\/schema\/logo\/image\/\"},\"sameAs\":[\"https:\/\/facebook.com\/sunoresearch\",\"https:\/\/x.com\/sunoresearch\",\"https:\/\/www.instagram.com\/suno\",\"https:\/\/www.linkedin.com\/company\/suno-research\/\",\"https:\/\/www.youtube.com\/c\/sunoresearch\"]},{\"@type\":\"Person\",\"@id\":\"https:\/\/www.suno.com.br\/noticias\/#\/schema\/person\/a5b06fa4e879d8e8e119c6ed3cd630d1\",\"name\":\"Amanda Gushiken\",\"image\":{\"@type\":\"ImageObject\",\"inLanguage\":\"pt-BR\",\"@id\":\"https:\/\/www.suno.com.br\/noticias\/#\/schema\/person\/image\/\",\"url\":\"https:\/\/secure.gravatar.com\/avatar\/ecd84705e6b65e3685ae80d725501fbe?s=96&r=g\",\"contentUrl\":\"https:\/\/secure.gravatar.com\/avatar\/ecd84705e6b65e3685ae80d725501fbe?s=96&r=g\",\"caption\":\"Amanda Gushiken\"},\"description\":\"Amanda Sayuri Gushiken escreve sobre finan\u00e7as e neg\u00f3cios para o portal Suno Not\u00edcias. Antes, trabalhou selecionando not\u00edcias da imprensa para clientes do mercado financeiro. Tamb\u00e9m desenvolveu pesquisa acad\u00eamica pela Universidade Anhembi Morumbi na \u00e1rea de Teorias da Comunica\u00e7\u00e3o e \u00e9 fot\u00f3grafa nas horas vagas.\",\"url\":\"https:\/\/www.suno.com.br\/noticias\/author\/amanda\/\"}]}<\/script>\n<!-- \/ Yoast SEO plugin. -->","yoast_head_json":{"title":"\u00daltimo Refis de Michel Temer releva R$ 47,4 bi em d\u00edvidas de empresas","description":"O \u00faltimo grande Refis da gest\u00e3o do ex-presidente da Rep\u00fablica Michel Temer perdoou R$ 47,4 bi em d\u00edvidas de empresas. Clique para saber mais.","robots":{"index":"index","follow":"follow","max-snippet":"max-snippet:-1","max-image-preview":"max-image-preview:large","max-video-preview":"max-video-preview:-1"},"canonical":"https:\/\/www.suno.com.br\/noticias\/michel-temer-refis\/","og_locale":"pt_BR","og_type":"article","og_title":"\u00daltimo Refis de Michel Temer releva R$ 47,4 bi em d\u00edvidas de empresas","og_description":"O \u00faltimo grande Refis da gest\u00e3o do ex-presidente da Rep\u00fablica Michel Temer perdoou R$ 47,4 bi em d\u00edvidas de empresas. Clique para saber mais.","og_url":"https:\/\/www.suno.com.br\/noticias\/michel-temer-refis\/","og_site_name":"Suno Not\u00edcias","article_publisher":"https:\/\/facebook.com\/sunoresearch","og_image":[{"width":1140,"height":760,"url":"https:\/\/files.sunoresearch.com.br\/n\/uploads\/2019\/01\/5198d239-michel-temer.jpg","type":"image\/jpeg"}],"author":"Amanda Gushiken","twitter_card":"summary_large_image","twitter_creator":"@sunoresearch","twitter_site":"@sunoresearch","twitter_misc":{"Escrito por":"Amanda Gushiken","Est. tempo de leitura":"4 minutos"},"schema":{"@context":"https:\/\/schema.org","@graph":[{"@type":"NewsArticle","@id":"https:\/\/www.suno.com.br\/noticias\/michel-temer-refis\/#article","isPartOf":{"@id":"https:\/\/www.suno.com.br\/noticias\/michel-temer-refis\/"},"author":{"name":"Amanda Gushiken","@id":"https:\/\/www.suno.com.br\/noticias\/#\/schema\/person\/a5b06fa4e879d8e8e119c6ed3cd630d1"},"headline":"\u00daltimo Refis de Michel Temer releva R$ 47,4 bi em d\u00edvidas de empresas","datePublished":"2019-01-21T12:37:52+00:00","dateModified":"2019-01-21T17:40:14+00:00","mainEntityOfPage":{"@id":"https:\/\/www.suno.com.br\/noticias\/michel-temer-refis\/"},"wordCount":772,"publisher":{"@id":"https:\/\/www.suno.com.br\/noticias\/#organization"},"image":{"@id":"https:\/\/www.suno.com.br\/noticias\/michel-temer-refis\/#primaryimage"},"thumbnailUrl":"https:\/\/files.sunoresearch.com.br\/n\/uploads\/2019\/01\/5198d239-michel-temer-jpg.webp","keywords":["Michel Temer"],"articleSection":["Economia"],"inLanguage":"pt-BR"},{"@type":"WebPage","@id":"https:\/\/www.suno.com.br\/noticias\/michel-temer-refis\/","url":"https:\/\/www.suno.com.br\/noticias\/michel-temer-refis\/","name":"\u00daltimo Refis de Michel Temer releva R$ 47,4 bi em d\u00edvidas de empresas","isPartOf":{"@id":"https:\/\/www.suno.com.br\/noticias\/#website"},"primaryImageOfPage":{"@id":"https:\/\/www.suno.com.br\/noticias\/michel-temer-refis\/#primaryimage"},"image":{"@id":"https:\/\/www.suno.com.br\/noticias\/michel-temer-refis\/#primaryimage"},"thumbnailUrl":"https:\/\/files.sunoresearch.com.br\/n\/uploads\/2019\/01\/5198d239-michel-temer-jpg.webp","datePublished":"2019-01-21T12:37:52+00:00","dateModified":"2019-01-21T17:40:14+00:00","description":"O \u00faltimo grande Refis da gest\u00e3o do ex-presidente da Rep\u00fablica Michel Temer perdoou R$ 47,4 bi em d\u00edvidas de empresas. Clique para saber mais.","breadcrumb":{"@id":"https:\/\/www.suno.com.br\/noticias\/michel-temer-refis\/#breadcrumb"},"inLanguage":"pt-BR","potentialAction":[{"@type":"ReadAction","target":["https:\/\/www.suno.com.br\/noticias\/michel-temer-refis\/"]}]},{"@type":"ImageObject","inLanguage":"pt-BR","@id":"https:\/\/www.suno.com.br\/noticias\/michel-temer-refis\/#primaryimage","url":"https:\/\/files.sunoresearch.com.br\/n\/uploads\/2019\/01\/5198d239-michel-temer-jpg.webp","contentUrl":"https:\/\/files.sunoresearch.com.br\/n\/uploads\/2019\/01\/5198d239-michel-temer-jpg.webp","width":1140,"height":760,"caption":"O ex-presidente da Rep\u00fablica, Michel Temer. (Ag\u00eancia Brasil)"},{"@type":"BreadcrumbList","@id":"https:\/\/www.suno.com.br\/noticias\/michel-temer-refis\/#breadcrumb","itemListElement":[{"@type":"ListItem","position":1,"name":"Not\u00edcias","item":"https:\/\/www.suno.com.br\/noticias\/"},{"@type":"ListItem","position":2,"name":"Economia","item":"https:\/\/www.suno.com.br\/noticias\/economia\/"},{"@type":"ListItem","position":3,"name":"\u00daltimo Refis de Michel Temer releva R$ 47,4 bi em d\u00edvidas de empresas"}]},{"@type":"WebSite","@id":"https:\/\/www.suno.com.br\/noticias\/#website","url":"https:\/\/www.suno.com.br\/noticias\/","name":"Suno Not\u00edcias","description":"Seu portal de informa\u00e7\u00e3o sobre o mundo dos investimentos","publisher":{"@id":"https:\/\/www.suno.com.br\/noticias\/#organization"},"potentialAction":[{"@type":"SearchAction","target":{"@type":"EntryPoint","urlTemplate":"https:\/\/www.suno.com.br\/noticias\/?s={search_term_string}"},"query-input":{"@type":"PropertyValueSpecification","valueRequired":true,"valueName":"search_term_string"}}],"inLanguage":"pt-BR"},{"@type":"Organization","@id":"https:\/\/www.suno.com.br\/noticias\/#organization","name":"Suno Not\u00edcias","url":"https:\/\/www.suno.com.br\/noticias\/","logo":{"@type":"ImageObject","inLanguage":"pt-BR","@id":"https:\/\/www.suno.com.br\/noticias\/#\/schema\/logo\/image\/","url":"https:\/\/files.sunoresearch.com.br\/n\/uploads\/2021\/09\/suno-logo.png","contentUrl":"https:\/\/files.sunoresearch.com.br\/n\/uploads\/2021\/09\/suno-logo.png","width":180,"height":180,"caption":"Suno Not\u00edcias"},"image":{"@id":"https:\/\/www.suno.com.br\/noticias\/#\/schema\/logo\/image\/"},"sameAs":["https:\/\/facebook.com\/sunoresearch","https:\/\/x.com\/sunoresearch","https:\/\/www.instagram.com\/suno","https:\/\/www.linkedin.com\/company\/suno-research\/","https:\/\/www.youtube.com\/c\/sunoresearch"]},{"@type":"Person","@id":"https:\/\/www.suno.com.br\/noticias\/#\/schema\/person\/a5b06fa4e879d8e8e119c6ed3cd630d1","name":"Amanda Gushiken","image":{"@type":"ImageObject","inLanguage":"pt-BR","@id":"https:\/\/www.suno.com.br\/noticias\/#\/schema\/person\/image\/","url":"https:\/\/secure.gravatar.com\/avatar\/ecd84705e6b65e3685ae80d725501fbe?s=96&r=g","contentUrl":"https:\/\/secure.gravatar.com\/avatar\/ecd84705e6b65e3685ae80d725501fbe?s=96&r=g","caption":"Amanda Gushiken"},"description":"Amanda Sayuri Gushiken escreve sobre finan\u00e7as e neg\u00f3cios para o portal Suno Not\u00edcias. Antes, trabalhou selecionando not\u00edcias da imprensa para clientes do mercado financeiro. Tamb\u00e9m desenvolveu pesquisa acad\u00eamica pela Universidade Anhembi Morumbi na \u00e1rea de Teorias da Comunica\u00e7\u00e3o e \u00e9 fot\u00f3grafa nas horas vagas.","url":"https:\/\/www.suno.com.br\/noticias\/author\/amanda\/"}]}},"default_loop_html":"<div class=\"cardsPage__listCard__boxs\"><div class=\"cardsPage__listCard__boxs__img\"><a href=\"https:\/\/www.suno.com.br\/noticias\/michel-temer-refis\/\"><img class=\"mask\" src=\"https:\/\/www.suno.com.br\/noticias\/wp-content\/themes\/suno\/resources\/images\/spotlight\/spotlight1img\/bg-mask.png\" alt=\"Image Mask\"\/><img src=\"https:\/\/files.sunoresearch.com.br\/n\/uploads\/2019\/01\/5198d239-michel-temer-400x200.webp\" alt=\"\u00daltimo Refis de Michel Temer releva R$ 47,4 bi em d\u00edvidas de empresas\"\/><\/a><span class=\"spotlightCategory\"><a href=\"https:\/\/www.suno.com.br\/noticias\/economia\/\">Economia<\/a><\/span><\/div><div class=\"cardsPage__listCard__boxs__content\"><a href=\"https:\/\/www.suno.com.br\/noticias\/michel-temer-refis\/\"><h2 class=\"content__title\">\u00daltimo Refis de Michel Temer releva R$ 47,4 bi em d\u00edvidas de empresas<\/h2><\/a><div class=\"newsContent__article__meta\"><div class=\"newsContent__article__meta__authorBox\"><a href=\"https:\/\/www.suno.com.br\/noticias\/author\/amanda\/\" class=\"authorBox__avatar noMobi\"><img src=\"https:\/\/files.sunoresearch.com.br\/n\/uploads\/2018\/11\/c6ad30be-amanda-150x150.webp\" alt=\"Amanda Gushiken\"><\/a><div class=\"authorBox__name\"><span>por\n\t\t\t<a href=\"https:\/\/www.suno.com.br\/noticias\/author\/amanda\/\"><span itemprop=\"author\">Amanda Gushiken<\/span><\/a><\/span><time datetime=\"2019-01-21T10:37:52-02:00\" itemprop=\"datePublished\">21\/01\/2019 10:37<\/time><\/div><\/div><\/div><\/div><\/div>","single_layout":"posts","amp_enabled":true,"_links":{"self":[{"href":"https:\/\/www.suno.com.br\/noticias\/wp-json\/wp\/v2\/posts\/12389"}],"collection":[{"href":"https:\/\/www.suno.com.br\/noticias\/wp-json\/wp\/v2\/posts"}],"about":[{"href":"https:\/\/www.suno.com.br\/noticias\/wp-json\/wp\/v2\/types\/post"}],"author":[{"embeddable":true,"href":"https:\/\/www.suno.com.br\/noticias\/wp-json\/wp\/v2\/users\/12"}],"replies":[{"embeddable":true,"href":"https:\/\/www.suno.com.br\/noticias\/wp-json\/wp\/v2\/comments?post=12389"}],"version-history":[{"count":0,"href":"https:\/\/www.suno.com.br\/noticias\/wp-json\/wp\/v2\/posts\/12389\/revisions"}],"wp:featuredmedia":[{"embeddable":true,"href":"https:\/\/www.suno.com.br\/noticias\/wp-json\/wp\/v2\/media\/12391"}],"wp:attachment":[{"href":"https:\/\/www.suno.com.br\/noticias\/wp-json\/wp\/v2\/media?parent=12389"}],"wp:term":[{"taxonomy":"category","embeddable":true,"href":"https:\/\/www.suno.com.br\/noticias\/wp-json\/wp\/v2\/categories?post=12389"},{"taxonomy":"post_tag","embeddable":true,"href":"https:\/\/www.suno.com.br\/noticias\/wp-json\/wp\/v2\/tags?post=12389"},{"taxonomy":"suno_strategy","embeddable":true,"href":"https:\/\/www.suno.com.br\/noticias\/wp-json\/wp\/v2\/suno_strategy?post=12389"}],"curies":[{"name":"wp","href":"https:\/\/api.w.org\/{rel}","templated":true}]}}