{"id":12380,"date":"2019-01-21T10:16:11","date_gmt":"2019-01-21T12:16:11","guid":{"rendered":"https:\/\/www.suno.com.br\/noticias\/?p=12380"},"modified":"2021-02-18T17:54:17","modified_gmt":"2021-02-18T20:54:17","slug":"ibovespa-baixa-pontuacao-abaixo-marca-historica","status":"publish","type":"post","link":"https:\/\/www.suno.com.br\/noticias\/ibovespa-baixa-pontuacao-abaixo-marca-historica\/","title":{"rendered":"Ibovespa inicia a semana em baixa e pontua\u00e7\u00e3o abaixo da marca hist\u00f3rica"},"content":{"rendered":"<p>O Ibovespa iniciou esta semana com queda. Por volta das 10h15, o principal \u00edndice da bolsa de valores de S\u00e3o Paulo registrava uma baixa de -0,29% ficando 95.820,47 pontos.<\/p>\t<div class=\"wrapper-featured-image\">\n\t\t<figure class=\"spotlightImg\">\n\n\t\t\t<picture>\n\t\t\t\t<source media=\"(max-width: 768px)\" srcset=\"https:\/\/files.sunoresearch.com.br\/n\/uploads\/2018\/12\/529f1c44-ibovespa-400x200.webp\">\n\t\t\t\t<img loading=\"lazy\" decoding=\"async\" class=\"newsContent__article__imgCapa lazyloadDisabled newsContent__article__imgCapa--noCaption\" src=\"https:\/\/files.sunoresearch.com.br\/n\/uploads\/2018\/12\/529f1c44-ibovespa-jpg.webp\" width=\"800\" height=\"450\" alt=\"Ibovespa inicia a semana em baixa e pontua\u00e7\u00e3o abaixo da marca hist\u00f3rica\" fetchpriority=high \/>\n\t\t\t<\/picture>\n\n\t\t\t<figcaption class=\"wp-caption-text wp-caption-text--hide\">O Ibovespa abriu em leve alta nesta quinta-feira (24), de olho no relat\u00f3rio de infla\u00e7\u00e3o do Banco Central (BC). <\/figcaption>\n\t\t<\/figure>\n\t<\/div>\n\n\n<p>No \u00faltimo preg\u00e3o, o <strong>Ibovespa<\/strong> registrou uma nova marca hist\u00f3rica, quando ultrapassou os 96 mil pontos pela primeira vez. Na \u00faltima sexta-feira (18) o \u00edndice marcou 96.096 pontos, ap\u00f3s alta de 0,78%.<\/p>\n<p><a href=\"https:\/\/www.suno.com.br\/noticias\/dolar-01212019\/\">Saiba mais:\u00a0D\u00f3lar e euro operam em alta enquanto mercado aguarda F\u00f3rum (FEM)<\/a><\/p>\n<p>O que pode movimentar o mercado nesta segunda-feira (21):<\/p>\n<ul>\n<li><strong>Bolsonaro no F\u00f3rum Econ\u00f4mico Mundial<\/strong><\/li>\n<li><strong>Negocia\u00e7\u00f5es dos Estados Unidos<\/strong><\/li>\n<li><strong>May e o Brexit<\/strong><\/li>\n<li><strong>Caso Fl\u00e1vio Bolsonaro<\/strong><\/li>\n<\/ul>\n<h2>Bolsonaro no F\u00f3rum Econ\u00f4mico Mundial (FEM)<\/h2>\n<p>O evento acontecer\u00e1 entre esta ter\u00e7a-feira (22) e a pr\u00f3xima sexta-feira (25), reunindo a elite econ\u00f4mica e pol\u00edtica no planeta.<\/p>\n<p>No entanto, esta ser\u00e1 a principal oportunidade para o presidente <strong>Jair Bolsonaro\u00a0<\/strong>apresentar as propostas de seu governo.<\/p>\n<p>O presidente ter\u00e1 entre 30 e 45 minutos para discursar no FEM, sendo a principal lideran\u00e7a mundial do evento, que n\u00e3o contar\u00e1 com o presidente norte-americano, <strong>Donald Trump<\/strong>.<\/p>\n<p><a href=\"https:\/\/www.suno.com.br\/noticias\/reforma-previdencia-congresso\/\">Saiba mais:\u00a0Reforma da Previd\u00eancia vai ao Congresso em fevereiro, diz secret\u00e1rio<\/a><\/p>\n<p>O evento acontece em Davos, na Su\u00ed\u00e7a. Al\u00e9m de Bolsonaro, estar\u00e3o presentes os ministros <strong>Paulo Guedes<\/strong> (Economia), <strong>Sergio Moro<\/strong> (Justi\u00e7a), <strong>Augusto Heleno<\/strong> (GSI), <strong>Gustavo Bebianno<\/strong> (Secretaria-Geral da Presid\u00eancia) e <strong>Ernesto Ara\u00fajo<\/strong> (Rela\u00e7\u00f5es Exteriores).<\/p>\n<h2>Negocia\u00e7\u00f5es dos Estados Unidos<\/h2>\n<p>A paralisa\u00e7\u00e3o do governo norte-americano chega ao 30\u00ba dia, por n\u00e3o haver acordo entre <strong>Casa Branca<\/strong> e <strong>democratas<\/strong>, em rela\u00e7\u00e3o a constru\u00e7\u00e3o do muro entre o M\u00e9xico e os Estados Unidos.<\/p>\n<p>O impasse \u00e9 referente ao gasto previsto para a obra, onde a Casa Branca pediu US$ 5,7 bilh\u00f5es para erguer o muro na fronteira.<\/p>\n<p>No entanto, a paralisa\u00e7\u00e3o, que j\u00e1 e mais longa da hist\u00f3ria dos EUA, afeta os servidores e a economia do pa\u00eds.<\/p>\n<p>O servidores p\u00fablicos est\u00e3o sem receber seus sal\u00e1rios e a economia estadunidense perde US$ 1,2 bilh\u00e3o por semana.<\/p>\n<p>Al\u00e9m disso, os Estados Unidos seguem negocia\u00e7\u00e3o comercialmente com a <strong>China<\/strong>.<\/p>\n<p><a href=\"https:\/\/www.suno.com.br\/noticias\/pib-china-desaceleracao\/\">Saiba mais:\u00a0PIB da China cresce 6,6% em 2018 e confirma desacelera\u00e7\u00e3o econ\u00f4mica<\/a><\/p>\n<p>No \u00faltimo s\u00e1bado (19), os presidente dos EUA, <strong>Donald Trump<\/strong>, afirmou que as negocia\u00e7\u00f5es est\u00e3o em progresso para que seja feito um acordo comercial.<\/p>\n<p>De acordo com Trump, j\u00e1 ocorreram &#8220;um n\u00famero extraordin\u00e1rio de reuni\u00f5es e um acordo poderia muito bem acontecer com a China. Est\u00e1 indo bem. Eu diria o m\u00e1ximo poss\u00edvel.&#8221;<\/p>\n<p>No entanto, o presidente negou a suspens\u00e3o das tarifas sobre produtos chineses.<\/p>\n<p>&#8220;Se fizermos um acordo, certamente n\u00e3o teremos san\u00e7\u00f5es, e se n\u00e3o fizermos um acordo, faremos&#8221;, disse Trump.<\/p>\n<h2>May e o Brexit<\/h2>\n<p>Os olhos dos investidores est\u00e3o divididos entre as negocia\u00e7\u00f5es dos Estados Unidos, o <strong>FEM<\/strong> e tamb\u00e9m o <strong>Brexit<\/strong>.<\/p>\n<p>Entretanto, est\u00e1 previsto que a primeira-ministra brit\u00e2nica, <strong>Theresa May<\/strong>, apresente um plano B nesta segunda-feira (21). O objetivo \u00e9 que o novo plano seja aceiro pelo Parlamento, e que haja um acordo para o <strong>Reino Unido<\/strong> sair da <strong>Uni\u00e3o Europeia<\/strong>.<\/p>\n<h2>Caso Fl\u00e1vio Bolsonaro<\/h2>\n<p>O caso do senador Fl\u00e1vio Bolsonaro, filho do presidente Jair Bolsonaro, tem novo epis\u00f3dio e o Pal\u00e1cio do Planalto teme uma <strong>crise de governo<\/strong>.<\/p>\n<p>O senador foi mencionado em relat\u00f3rios do <strong>Conselho de Controle de Atividades Financeiras (COAF)<\/strong>, onde movimenta\u00e7\u00f5es banc\u00e1rias at\u00edpicas foram constatadas.<\/p>\n<p>Entre junho e julho de 2017, <strong>Fl\u00e1vio Bolsonaro<\/strong> recebeu R$ 96 mil, em dep\u00f3sitos de R$ 2 mil.<\/p>\n<p><a href=\"https:\/\/www.suno.com.br\/noticias\/flavio-bolsonaro-planalto-cautela\/\">Saiba mais:\u00a0Caso de Fl\u00e1vio Bolsonaro suscita cautela em Planalto<\/a><\/p>\n<p>Desta forma, a divis\u00e3o do valor total em v\u00e1rios dep\u00f3sitos levantou as suspesita dos Coaf.<\/p>\n<p>Al\u00e9m disso, o nome do ex-assessor de Fl\u00e1vio Bolsonaro, <strong>Fabr\u00edcio Queiroz<\/strong>, \u00e9 mencionado pelo Coaf por movimentar R$ 1,23 milh\u00e3o, sendo que seu rendimento era de R$ 23 mil.<\/p>\n<p>O <strong>Pal\u00e1cio do Planalto<\/strong> j\u00e1 toma medidas para evitar uma crise de governo. Entretanto, as suspeitas aumentam sobre o senador ap\u00f3s ele pedir que fosse suspensa a investiga\u00e7\u00e3o sobre seu Queiroz.<\/p>\n<h2>Cota\u00e7\u00f5es da \u00faltima semana<\/h2>\n<p>Pontua\u00e7\u00f5es do <strong>Ibovespa<\/strong> na \u00faltima semana:<\/p>\n<ul>\n<li><strong>Segunda- feira (14) &#8211; <\/strong>alta de 0,16% e 94.474 pontos;<\/li>\n<li><strong>Ter\u00e7a-feira (15) &#8211; <\/strong>queda de 0,44% e 94.055 pontos;<\/li>\n<li><strong>Quarta-feira (16) &#8211;\u00a0<\/strong>alta de 0,36% e\u00a094.393 pontos;<\/li>\n<li><strong>Quinta-feira (17)<\/strong> &#8211; alta de 1,01% e\u00a095.351 pontos;<\/li>\n<li><strong>Sexta-feira (18)<\/strong> &#8211; alta de 0,78% e 96.096 pontos<\/li>\n<\/ul>\n<p>&nbsp;<\/p>\n","protected":false},"excerpt":{"rendered":"<p>O Ibovespa iniciou esta semana com queda. Por volta das 10h15, o principal \u00edndice da bolsa de valores de S\u00e3o Paulo registrava uma baixa de -0,29% ficando 95.820,47 pontos. O Ibovespa abriu em leve alta nesta quinta-feira (24), de olho no relat\u00f3rio de infla\u00e7\u00e3o do Banco Central (BC). No \u00faltimo preg\u00e3o, o Ibovespa registrou uma [&hellip;]<\/p>\n","protected":false},"author":11,"featured_media":8076,"comment_status":"closed","ping_status":"closed","sticky":false,"template":"","format":"standard","meta":[],"categories":[60],"tags":[753,793,721,719],"suno_strategy":[],"class_list":["post-12380","post","type-post","status-publish","format-standard","has-post-thumbnail","hentry","category-mercado","tag-brexit","tag-estados-unidos-eua","tag-ibovespa","tag-jair-bolsonaro"],"yoast_head":"<!-- This site is optimized with the Yoast SEO plugin v24.4 - https:\/\/yoast.com\/wordpress\/plugins\/seo\/ -->\n<title>Ibovespa inicia a semana em baixa e pontua\u00e7\u00e3o abaixo da marca hist\u00f3rica<\/title>\n<meta name=\"description\" content=\"O Ibovespa ultrapassou os 96 mil pontos pela primeira vez na \u00faltima sexta (18); Nesta semana o \u00edndice registra baixa. Clique para saber mais.\" \/>\n<meta name=\"robots\" content=\"index, follow, max-snippet:-1, max-image-preview:large, max-video-preview:-1\" \/>\n<link rel=\"canonical\" href=\"https:\/\/www.suno.com.br\/noticias\/ibovespa-baixa-pontuacao-abaixo-marca-historica\/\" \/>\n<meta property=\"og:locale\" content=\"pt_BR\" \/>\n<meta property=\"og:type\" content=\"article\" \/>\n<meta property=\"og:title\" content=\"Ibovespa inicia a semana em baixa e pontua\u00e7\u00e3o abaixo da marca hist\u00f3rica\" \/>\n<meta property=\"og:description\" content=\"O Ibovespa ultrapassou os 96 mil pontos pela primeira vez na \u00faltima sexta (18); Nesta semana o \u00edndice registra baixa. Clique para saber mais.\" \/>\n<meta property=\"og:url\" content=\"https:\/\/www.suno.com.br\/noticias\/ibovespa-baixa-pontuacao-abaixo-marca-historica\/\" \/>\n<meta property=\"og:site_name\" content=\"Suno Not\u00edcias\" \/>\n<meta property=\"article:publisher\" content=\"https:\/\/facebook.com\/sunoresearch\" \/>\n<meta property=\"og:image\" content=\"https:\/\/files.sunoresearch.com.br\/n\/uploads\/2018\/12\/529f1c44-ibovespa.jpg\" \/>\n\t<meta property=\"og:image:width\" content=\"800\" \/>\n\t<meta property=\"og:image:height\" content=\"425\" \/>\n\t<meta property=\"og:image:type\" content=\"image\/jpeg\" \/>\n<meta name=\"author\" content=\"Renan Bandeira\" \/>\n<meta name=\"twitter:card\" content=\"summary_large_image\" \/>\n<meta name=\"twitter:creator\" content=\"@sunoresearch\" \/>\n<meta name=\"twitter:site\" content=\"@sunoresearch\" \/>\n<meta name=\"twitter:label1\" content=\"Escrito por\" \/>\n\t<meta name=\"twitter:data1\" content=\"Renan Bandeira\" \/>\n\t<meta name=\"twitter:label2\" content=\"Est. tempo de leitura\" \/>\n\t<meta name=\"twitter:data2\" content=\"4 minutos\" \/>\n<script type=\"application\/ld+json\" class=\"yoast-schema-graph\">{\"@context\":\"https:\/\/schema.org\",\"@graph\":[{\"@type\":\"NewsArticle\",\"@id\":\"https:\/\/www.suno.com.br\/noticias\/ibovespa-baixa-pontuacao-abaixo-marca-historica\/#article\",\"isPartOf\":{\"@id\":\"https:\/\/www.suno.com.br\/noticias\/ibovespa-baixa-pontuacao-abaixo-marca-historica\/\"},\"author\":{\"name\":\"Renan Bandeira\",\"@id\":\"https:\/\/www.suno.com.br\/noticias\/#\/schema\/person\/fc144a1c6108bd1dcd43784e88a3c138\"},\"headline\":\"Ibovespa inicia a semana em baixa e pontua\u00e7\u00e3o abaixo da marca hist\u00f3rica\",\"datePublished\":\"2019-01-21T12:16:11+00:00\",\"dateModified\":\"2021-02-18T20:54:17+00:00\",\"mainEntityOfPage\":{\"@id\":\"https:\/\/www.suno.com.br\/noticias\/ibovespa-baixa-pontuacao-abaixo-marca-historica\/\"},\"wordCount\":749,\"publisher\":{\"@id\":\"https:\/\/www.suno.com.br\/noticias\/#organization\"},\"image\":{\"@id\":\"https:\/\/www.suno.com.br\/noticias\/ibovespa-baixa-pontuacao-abaixo-marca-historica\/#primaryimage\"},\"thumbnailUrl\":\"https:\/\/files.sunoresearch.com.br\/n\/uploads\/2018\/12\/529f1c44-ibovespa-jpg.webp\",\"keywords\":[\"Brexit\",\"Estados Unidos (EUA)\",\"Ibovespa\",\"Jair Bolsonaro\"],\"articleSection\":[\"Mercado\"],\"inLanguage\":\"pt-BR\"},{\"@type\":\"WebPage\",\"@id\":\"https:\/\/www.suno.com.br\/noticias\/ibovespa-baixa-pontuacao-abaixo-marca-historica\/\",\"url\":\"https:\/\/www.suno.com.br\/noticias\/ibovespa-baixa-pontuacao-abaixo-marca-historica\/\",\"name\":\"Ibovespa inicia a semana em baixa e pontua\u00e7\u00e3o abaixo da marca hist\u00f3rica\",\"isPartOf\":{\"@id\":\"https:\/\/www.suno.com.br\/noticias\/#website\"},\"primaryImageOfPage\":{\"@id\":\"https:\/\/www.suno.com.br\/noticias\/ibovespa-baixa-pontuacao-abaixo-marca-historica\/#primaryimage\"},\"image\":{\"@id\":\"https:\/\/www.suno.com.br\/noticias\/ibovespa-baixa-pontuacao-abaixo-marca-historica\/#primaryimage\"},\"thumbnailUrl\":\"https:\/\/files.sunoresearch.com.br\/n\/uploads\/2018\/12\/529f1c44-ibovespa-jpg.webp\",\"datePublished\":\"2019-01-21T12:16:11+00:00\",\"dateModified\":\"2021-02-18T20:54:17+00:00\",\"description\":\"O Ibovespa ultrapassou os 96 mil pontos pela primeira vez na \u00faltima sexta (18); Nesta semana o \u00edndice registra baixa. Clique para saber mais.\",\"breadcrumb\":{\"@id\":\"https:\/\/www.suno.com.br\/noticias\/ibovespa-baixa-pontuacao-abaixo-marca-historica\/#breadcrumb\"},\"inLanguage\":\"pt-BR\",\"potentialAction\":[{\"@type\":\"ReadAction\",\"target\":[\"https:\/\/www.suno.com.br\/noticias\/ibovespa-baixa-pontuacao-abaixo-marca-historica\/\"]}]},{\"@type\":\"ImageObject\",\"inLanguage\":\"pt-BR\",\"@id\":\"https:\/\/www.suno.com.br\/noticias\/ibovespa-baixa-pontuacao-abaixo-marca-historica\/#primaryimage\",\"url\":\"https:\/\/files.sunoresearch.com.br\/n\/uploads\/2018\/12\/529f1c44-ibovespa-jpg.webp\",\"contentUrl\":\"https:\/\/files.sunoresearch.com.br\/n\/uploads\/2018\/12\/529f1c44-ibovespa-jpg.webp\",\"width\":800,\"height\":425,\"caption\":\"O Ibovespa abriu em leve alta nesta quinta-feira (24), de olho no relat\u00f3rio de infla\u00e7\u00e3o do Banco Central (BC).\"},{\"@type\":\"BreadcrumbList\",\"@id\":\"https:\/\/www.suno.com.br\/noticias\/ibovespa-baixa-pontuacao-abaixo-marca-historica\/#breadcrumb\",\"itemListElement\":[{\"@type\":\"ListItem\",\"position\":1,\"name\":\"Not\u00edcias\",\"item\":\"https:\/\/www.suno.com.br\/noticias\/\"},{\"@type\":\"ListItem\",\"position\":2,\"name\":\"Mercado\",\"item\":\"https:\/\/www.suno.com.br\/noticias\/mercado\/\"},{\"@type\":\"ListItem\",\"position\":3,\"name\":\"Ibovespa inicia a semana em baixa e pontua\u00e7\u00e3o abaixo da marca hist\u00f3rica\"}]},{\"@type\":\"WebSite\",\"@id\":\"https:\/\/www.suno.com.br\/noticias\/#website\",\"url\":\"https:\/\/www.suno.com.br\/noticias\/\",\"name\":\"Suno Not\u00edcias\",\"description\":\"Seu portal de informa\u00e7\u00e3o sobre o mundo dos investimentos\",\"publisher\":{\"@id\":\"https:\/\/www.suno.com.br\/noticias\/#organization\"},\"potentialAction\":[{\"@type\":\"SearchAction\",\"target\":{\"@type\":\"EntryPoint\",\"urlTemplate\":\"https:\/\/www.suno.com.br\/noticias\/?s={search_term_string}\"},\"query-input\":{\"@type\":\"PropertyValueSpecification\",\"valueRequired\":true,\"valueName\":\"search_term_string\"}}],\"inLanguage\":\"pt-BR\"},{\"@type\":\"Organization\",\"@id\":\"https:\/\/www.suno.com.br\/noticias\/#organization\",\"name\":\"Suno Not\u00edcias\",\"url\":\"https:\/\/www.suno.com.br\/noticias\/\",\"logo\":{\"@type\":\"ImageObject\",\"inLanguage\":\"pt-BR\",\"@id\":\"https:\/\/www.suno.com.br\/noticias\/#\/schema\/logo\/image\/\",\"url\":\"https:\/\/files.sunoresearch.com.br\/n\/uploads\/2021\/09\/suno-logo.png\",\"contentUrl\":\"https:\/\/files.sunoresearch.com.br\/n\/uploads\/2021\/09\/suno-logo.png\",\"width\":180,\"height\":180,\"caption\":\"Suno Not\u00edcias\"},\"image\":{\"@id\":\"https:\/\/www.suno.com.br\/noticias\/#\/schema\/logo\/image\/\"},\"sameAs\":[\"https:\/\/facebook.com\/sunoresearch\",\"https:\/\/x.com\/sunoresearch\",\"https:\/\/www.instagram.com\/suno\",\"https:\/\/www.linkedin.com\/company\/suno-research\/\",\"https:\/\/www.youtube.com\/c\/sunoresearch\"]},{\"@type\":\"Person\",\"@id\":\"https:\/\/www.suno.com.br\/noticias\/#\/schema\/person\/fc144a1c6108bd1dcd43784e88a3c138\",\"name\":\"Renan Bandeira\",\"image\":{\"@type\":\"ImageObject\",\"inLanguage\":\"pt-BR\",\"@id\":\"https:\/\/www.suno.com.br\/noticias\/#\/schema\/person\/image\/\",\"url\":\"https:\/\/secure.gravatar.com\/avatar\/68359cdb608f14f11bbefcb78f3fc747?s=96&r=g\",\"contentUrl\":\"https:\/\/secure.gravatar.com\/avatar\/68359cdb608f14f11bbefcb78f3fc747?s=96&r=g\",\"caption\":\"Renan Bandeira\"},\"description\":\"Renan Bandeira escreve sobre pol\u00edtica e economia para o portal da Suno Research. Antes da Suno, trabalhou em uma rede de televis\u00e3o, onde fazia reportagens sobre os mesmos temas. Estuda na Universidade Metodista de S\u00e3o Paulo.\",\"url\":\"https:\/\/www.suno.com.br\/noticias\/author\/renan-bandeira\/\"}]}<\/script>\n<!-- \/ Yoast SEO plugin. -->","yoast_head_json":{"title":"Ibovespa inicia a semana em baixa e pontua\u00e7\u00e3o abaixo da marca hist\u00f3rica","description":"O Ibovespa ultrapassou os 96 mil pontos pela primeira vez na \u00faltima sexta (18); Nesta semana o \u00edndice registra baixa. Clique para saber mais.","robots":{"index":"index","follow":"follow","max-snippet":"max-snippet:-1","max-image-preview":"max-image-preview:large","max-video-preview":"max-video-preview:-1"},"canonical":"https:\/\/www.suno.com.br\/noticias\/ibovespa-baixa-pontuacao-abaixo-marca-historica\/","og_locale":"pt_BR","og_type":"article","og_title":"Ibovespa inicia a semana em baixa e pontua\u00e7\u00e3o abaixo da marca hist\u00f3rica","og_description":"O Ibovespa ultrapassou os 96 mil pontos pela primeira vez na \u00faltima sexta (18); Nesta semana o \u00edndice registra baixa. Clique para saber mais.","og_url":"https:\/\/www.suno.com.br\/noticias\/ibovespa-baixa-pontuacao-abaixo-marca-historica\/","og_site_name":"Suno Not\u00edcias","article_publisher":"https:\/\/facebook.com\/sunoresearch","og_image":[{"width":800,"height":425,"url":"https:\/\/files.sunoresearch.com.br\/n\/uploads\/2018\/12\/529f1c44-ibovespa.jpg","type":"image\/jpeg"}],"author":"Renan Bandeira","twitter_card":"summary_large_image","twitter_creator":"@sunoresearch","twitter_site":"@sunoresearch","twitter_misc":{"Escrito por":"Renan Bandeira","Est. tempo de leitura":"4 minutos"},"schema":{"@context":"https:\/\/schema.org","@graph":[{"@type":"NewsArticle","@id":"https:\/\/www.suno.com.br\/noticias\/ibovespa-baixa-pontuacao-abaixo-marca-historica\/#article","isPartOf":{"@id":"https:\/\/www.suno.com.br\/noticias\/ibovespa-baixa-pontuacao-abaixo-marca-historica\/"},"author":{"name":"Renan Bandeira","@id":"https:\/\/www.suno.com.br\/noticias\/#\/schema\/person\/fc144a1c6108bd1dcd43784e88a3c138"},"headline":"Ibovespa inicia a semana em baixa e pontua\u00e7\u00e3o abaixo da marca hist\u00f3rica","datePublished":"2019-01-21T12:16:11+00:00","dateModified":"2021-02-18T20:54:17+00:00","mainEntityOfPage":{"@id":"https:\/\/www.suno.com.br\/noticias\/ibovespa-baixa-pontuacao-abaixo-marca-historica\/"},"wordCount":749,"publisher":{"@id":"https:\/\/www.suno.com.br\/noticias\/#organization"},"image":{"@id":"https:\/\/www.suno.com.br\/noticias\/ibovespa-baixa-pontuacao-abaixo-marca-historica\/#primaryimage"},"thumbnailUrl":"https:\/\/files.sunoresearch.com.br\/n\/uploads\/2018\/12\/529f1c44-ibovespa-jpg.webp","keywords":["Brexit","Estados Unidos (EUA)","Ibovespa","Jair Bolsonaro"],"articleSection":["Mercado"],"inLanguage":"pt-BR"},{"@type":"WebPage","@id":"https:\/\/www.suno.com.br\/noticias\/ibovespa-baixa-pontuacao-abaixo-marca-historica\/","url":"https:\/\/www.suno.com.br\/noticias\/ibovespa-baixa-pontuacao-abaixo-marca-historica\/","name":"Ibovespa inicia a semana em baixa e pontua\u00e7\u00e3o abaixo da marca hist\u00f3rica","isPartOf":{"@id":"https:\/\/www.suno.com.br\/noticias\/#website"},"primaryImageOfPage":{"@id":"https:\/\/www.suno.com.br\/noticias\/ibovespa-baixa-pontuacao-abaixo-marca-historica\/#primaryimage"},"image":{"@id":"https:\/\/www.suno.com.br\/noticias\/ibovespa-baixa-pontuacao-abaixo-marca-historica\/#primaryimage"},"thumbnailUrl":"https:\/\/files.sunoresearch.com.br\/n\/uploads\/2018\/12\/529f1c44-ibovespa-jpg.webp","datePublished":"2019-01-21T12:16:11+00:00","dateModified":"2021-02-18T20:54:17+00:00","description":"O Ibovespa ultrapassou os 96 mil pontos pela primeira vez na \u00faltima sexta (18); Nesta semana o \u00edndice registra baixa. Clique para saber mais.","breadcrumb":{"@id":"https:\/\/www.suno.com.br\/noticias\/ibovespa-baixa-pontuacao-abaixo-marca-historica\/#breadcrumb"},"inLanguage":"pt-BR","potentialAction":[{"@type":"ReadAction","target":["https:\/\/www.suno.com.br\/noticias\/ibovespa-baixa-pontuacao-abaixo-marca-historica\/"]}]},{"@type":"ImageObject","inLanguage":"pt-BR","@id":"https:\/\/www.suno.com.br\/noticias\/ibovespa-baixa-pontuacao-abaixo-marca-historica\/#primaryimage","url":"https:\/\/files.sunoresearch.com.br\/n\/uploads\/2018\/12\/529f1c44-ibovespa-jpg.webp","contentUrl":"https:\/\/files.sunoresearch.com.br\/n\/uploads\/2018\/12\/529f1c44-ibovespa-jpg.webp","width":800,"height":425,"caption":"O Ibovespa abriu em leve alta nesta quinta-feira (24), de olho no relat\u00f3rio de infla\u00e7\u00e3o do Banco Central (BC)."},{"@type":"BreadcrumbList","@id":"https:\/\/www.suno.com.br\/noticias\/ibovespa-baixa-pontuacao-abaixo-marca-historica\/#breadcrumb","itemListElement":[{"@type":"ListItem","position":1,"name":"Not\u00edcias","item":"https:\/\/www.suno.com.br\/noticias\/"},{"@type":"ListItem","position":2,"name":"Mercado","item":"https:\/\/www.suno.com.br\/noticias\/mercado\/"},{"@type":"ListItem","position":3,"name":"Ibovespa inicia a semana em baixa e pontua\u00e7\u00e3o abaixo da marca hist\u00f3rica"}]},{"@type":"WebSite","@id":"https:\/\/www.suno.com.br\/noticias\/#website","url":"https:\/\/www.suno.com.br\/noticias\/","name":"Suno Not\u00edcias","description":"Seu portal de informa\u00e7\u00e3o sobre o mundo dos investimentos","publisher":{"@id":"https:\/\/www.suno.com.br\/noticias\/#organization"},"potentialAction":[{"@type":"SearchAction","target":{"@type":"EntryPoint","urlTemplate":"https:\/\/www.suno.com.br\/noticias\/?s={search_term_string}"},"query-input":{"@type":"PropertyValueSpecification","valueRequired":true,"valueName":"search_term_string"}}],"inLanguage":"pt-BR"},{"@type":"Organization","@id":"https:\/\/www.suno.com.br\/noticias\/#organization","name":"Suno Not\u00edcias","url":"https:\/\/www.suno.com.br\/noticias\/","logo":{"@type":"ImageObject","inLanguage":"pt-BR","@id":"https:\/\/www.suno.com.br\/noticias\/#\/schema\/logo\/image\/","url":"https:\/\/files.sunoresearch.com.br\/n\/uploads\/2021\/09\/suno-logo.png","contentUrl":"https:\/\/files.sunoresearch.com.br\/n\/uploads\/2021\/09\/suno-logo.png","width":180,"height":180,"caption":"Suno Not\u00edcias"},"image":{"@id":"https:\/\/www.suno.com.br\/noticias\/#\/schema\/logo\/image\/"},"sameAs":["https:\/\/facebook.com\/sunoresearch","https:\/\/x.com\/sunoresearch","https:\/\/www.instagram.com\/suno","https:\/\/www.linkedin.com\/company\/suno-research\/","https:\/\/www.youtube.com\/c\/sunoresearch"]},{"@type":"Person","@id":"https:\/\/www.suno.com.br\/noticias\/#\/schema\/person\/fc144a1c6108bd1dcd43784e88a3c138","name":"Renan Bandeira","image":{"@type":"ImageObject","inLanguage":"pt-BR","@id":"https:\/\/www.suno.com.br\/noticias\/#\/schema\/person\/image\/","url":"https:\/\/secure.gravatar.com\/avatar\/68359cdb608f14f11bbefcb78f3fc747?s=96&r=g","contentUrl":"https:\/\/secure.gravatar.com\/avatar\/68359cdb608f14f11bbefcb78f3fc747?s=96&r=g","caption":"Renan Bandeira"},"description":"Renan Bandeira escreve sobre pol\u00edtica e economia para o portal da Suno Research. Antes da Suno, trabalhou em uma rede de televis\u00e3o, onde fazia reportagens sobre os mesmos temas. Estuda na Universidade Metodista de S\u00e3o Paulo.","url":"https:\/\/www.suno.com.br\/noticias\/author\/renan-bandeira\/"}]}},"default_loop_html":"<div class=\"cardsPage__listCard__boxs\"><div class=\"cardsPage__listCard__boxs__img\"><a href=\"https:\/\/www.suno.com.br\/noticias\/ibovespa-baixa-pontuacao-abaixo-marca-historica\/\"><img class=\"mask\" src=\"https:\/\/www.suno.com.br\/noticias\/wp-content\/themes\/suno\/resources\/images\/spotlight\/spotlight1img\/bg-mask.png\" alt=\"Image Mask\"\/><img src=\"https:\/\/files.sunoresearch.com.br\/n\/uploads\/2018\/12\/529f1c44-ibovespa-400x200.webp\" alt=\"Ibovespa inicia a semana em baixa e pontua\u00e7\u00e3o abaixo da marca hist\u00f3rica\"\/><\/a><span class=\"spotlightCategory\"><a href=\"https:\/\/www.suno.com.br\/noticias\/mercado\/\">Mercado<\/a><\/span><\/div><div class=\"cardsPage__listCard__boxs__content\"><a href=\"https:\/\/www.suno.com.br\/noticias\/ibovespa-baixa-pontuacao-abaixo-marca-historica\/\"><h2 class=\"content__title\">Ibovespa inicia a semana em baixa e pontua\u00e7\u00e3o abaixo da marca hist\u00f3rica<\/h2><\/a><div class=\"newsContent__article__meta\"><div class=\"newsContent__article__meta__authorBox\"><a href=\"https:\/\/www.suno.com.br\/noticias\/author\/renan-bandeira\/\" class=\"authorBox__avatar noMobi\"><img src=\"https:\/\/secure.gravatar.com\/avatar\/68359cdb608f14f11bbefcb78f3fc747?s=96&#038;r=g\" alt=\"Renan Bandeira\"><\/a><div class=\"authorBox__name\"><span>por\n\t\t\t<a href=\"https:\/\/www.suno.com.br\/noticias\/author\/renan-bandeira\/\"><span itemprop=\"author\">Renan Bandeira<\/span><\/a><\/span><time datetime=\"2019-01-21T10:16:11-02:00\" itemprop=\"datePublished\">21\/01\/2019 10:16<\/time><\/div><\/div><\/div><\/div><\/div>","single_layout":"posts","amp_enabled":true,"_links":{"self":[{"href":"https:\/\/www.suno.com.br\/noticias\/wp-json\/wp\/v2\/posts\/12380"}],"collection":[{"href":"https:\/\/www.suno.com.br\/noticias\/wp-json\/wp\/v2\/posts"}],"about":[{"href":"https:\/\/www.suno.com.br\/noticias\/wp-json\/wp\/v2\/types\/post"}],"author":[{"embeddable":true,"href":"https:\/\/www.suno.com.br\/noticias\/wp-json\/wp\/v2\/users\/11"}],"replies":[{"embeddable":true,"href":"https:\/\/www.suno.com.br\/noticias\/wp-json\/wp\/v2\/comments?post=12380"}],"version-history":[{"count":0,"href":"https:\/\/www.suno.com.br\/noticias\/wp-json\/wp\/v2\/posts\/12380\/revisions"}],"wp:featuredmedia":[{"embeddable":true,"href":"https:\/\/www.suno.com.br\/noticias\/wp-json\/wp\/v2\/media\/8076"}],"wp:attachment":[{"href":"https:\/\/www.suno.com.br\/noticias\/wp-json\/wp\/v2\/media?parent=12380"}],"wp:term":[{"taxonomy":"category","embeddable":true,"href":"https:\/\/www.suno.com.br\/noticias\/wp-json\/wp\/v2\/categories?post=12380"},{"taxonomy":"post_tag","embeddable":true,"href":"https:\/\/www.suno.com.br\/noticias\/wp-json\/wp\/v2\/tags?post=12380"},{"taxonomy":"suno_strategy","embeddable":true,"href":"https:\/\/www.suno.com.br\/noticias\/wp-json\/wp\/v2\/suno_strategy?post=12380"}],"curies":[{"name":"wp","href":"https:\/\/api.w.org\/{rel}","templated":true}]}}