{"id":12379,"date":"2019-01-21T10:15:45","date_gmt":"2019-01-21T12:15:45","guid":{"rendered":"https:\/\/www.suno.com.br\/noticias\/?p=12379"},"modified":"2019-01-21T16:04:52","modified_gmt":"2019-01-21T18:04:52","slug":"boletim-focus-01212019","status":"publish","type":"post","link":"https:\/\/www.suno.com.br\/noticias\/boletim-focus-01212019\/","title":{"rendered":"Boletim Focus reduz fechamento do d\u00f3lar em 2019 a R$ 3,75"},"content":{"rendered":"<p>O mercado reduziu as expectativas para o fechamento do <strong>d\u00f3lar<\/strong> em 2019. De R$ 3,80, a estimativa passou a R$ 3,75, de acordo com o\u00a0Boletim Focus desta segunda-feira (21).\u00a0De modo similar, a proje\u00e7\u00e3o para o <a href=\"https:\/\/www.suno.com.br\/artigos\/pib-produto-interno-bruto\/\">Produto Interno Bruto<\/a> (<strong>PIB<\/strong>) foi encolhida de 2,57% a 2,53%.<\/p>\t<div class=\"wrapper-featured-image\">\n\t\t<figure class=\"spotlightImg\">\n\n\t\t\t<picture>\n\t\t\t\t<source media=\"(max-width: 768px)\" srcset=\"https:\/\/files.sunoresearch.com.br\/n\/uploads\/2018\/12\/3f980828-boletim-focus-400x200.webp\">\n\t\t\t\t<img loading=\"lazy\" decoding=\"async\" class=\"newsContent__article__imgCapa lazyloadDisabled newsContent__article__imgCapa--noCaption\" src=\"https:\/\/files.sunoresearch.com.br\/n\/uploads\/2018\/12\/3f980828-boletim-focus-800x450.webp\" width=\"800\" height=\"450\" alt=\"Boletim Focus reduz fechamento do d\u00f3lar em 2019 a R$ 3,75\" fetchpriority=high \/>\n\t\t\t<\/picture>\n\n\t\t\t<figcaption class=\"wp-caption-text wp-caption-text--hide\">Confira o Boletim Focus desta segunda-feira (21). (divulga\u00e7\u00e3o)<\/figcaption>\n\t\t<\/figure>\n\t<\/div>\n\n\n<p>A queda na expectativa do fechamento do <strong>d\u00f3lar<\/strong> em 2019 ocorre na semana do <strong>F\u00f3rum Econ\u00f4mico Mundial<\/strong> em Davos, Su\u00ed\u00e7a.<\/p>\n<p>Jair Bolsonaro e sua equipe de ministros viajaram \u00e0 <strong>Davos<\/strong> para o evento que ocorrer\u00e1 entre 22 e 25 de janeiro.<\/p>\n<p>O principal objetivo do presidente \u00e9 beneficiar a imagem externa do Pa\u00eds, enfatizando o otimismo com a <strong>reforma da Previd\u00eancia<\/strong>. Por consequ\u00eancia, o F\u00f3rum \u00e9 uma oportunidade para a amplia\u00e7\u00e3o das exporta\u00e7\u00f5es brasileiras.<\/p>\n<p>Est\u00e3o com o presidente da Rep\u00fablica na Su\u00ed\u00e7a:<\/p>\n<ul>\n<li>Paulo Guedes (Economia);<\/li>\n<li>S\u00e9rgio Moro (Justi\u00e7a e Seguran\u00e7a P\u00fablica);<\/li>\n<li>Ernesto Ara\u00fajo (Rela\u00e7\u00f5es Exteriores);<\/li>\n<li>Augusto Heleno (GSI);<\/li>\n<li>e Gustavo Bebianno (Secretaria-Geral da Presid\u00eancia).<\/li>\n<\/ul>\n<p>Publica\u00e7\u00e3o on-line semanal, o<strong> Boletim Focus<\/strong> ou Relat\u00f3rio Focus \u00e9 divulgado todas as segundas-feiras pelo <a href=\"https:\/\/www.suno.com.br\/artigos\/bacen\/\">Banco Central<\/a> (BC).<\/p>\n<p>O relat\u00f3rio \u00e9 o resultado de um levantamento feito na semana passada com mais de 100 institui\u00e7\u00f5es financeiras.<\/p>\n<p><a href=\"https:\/\/www.suno.com.br\/noticias\/boletim-focus-diminui-expectativa-do-pib-de-2019-para-253\/\">Saiba mais &#8211; Boletim Focus diminui expectativa do PIB de 2019 para 2,53% <\/a><\/p>\n<p>Confira as previs\u00f5es do mercado financeiro para os indicadores de 2019 e 2020:<\/p>\n<h2>2019<\/h2>\n<ul>\n<li><strong>PIB:<\/strong>\u00a0proje\u00e7\u00e3o dos investidores recuou de 2,57% a 2,53% de crescimento.<\/li>\n<li><strong><a href=\"https:\/\/www.suno.com.br\/artigos\/ipca\/\">\u00cdndice Nacional de Pre\u00e7os ao Consumidor Amplo<\/a> (IPCA):<\/strong> mercado diminuiu estimativa de 4,02% para 4,01%.<\/li>\n<li><strong><a href=\"https:\/\/www.suno.com.br\/artigos\/taxa-selic\/\">Taxa Selic<\/a>:<\/strong>\u00a0novamente o mercado aposta em 7%.<\/li>\n<li><strong><a href=\"https:\/\/www.suno.com.br\/artigos\/dolar\/\">D\u00f3lar<\/a>:<\/strong>\u00a0previs\u00e3o cai R$ 3,80 para R$ 3,75.<\/li>\n<li><strong><a href=\"https:\/\/www.suno.com.br\/artigos\/balanca-comercial\/\">Balan\u00e7a Comercial<\/a>:<\/strong> o mercado reduziu de R$ 52,24 bilh\u00f5es a US$ 52 bilh\u00f5es a estimativa de\u00a0<a href=\"https:\/\/www.suno.com.br\/artigos\/superavit-comercial\/\">super\u00e1vit<\/a>.<\/li>\n<li><strong>Investimento estrangeiro direto:\u00a0<\/strong>as expectativas ca\u00edram de US$ 80 bilh\u00f5es para US$ 79,5 bilh\u00f5es.<\/li>\n<\/ul>\n<p>A proje\u00e7\u00e3o dos investidores para a <strong>infla\u00e7\u00e3o<\/strong> caiu de 4,02% para 4,01%. Portanto, o mercado aposta que a infla\u00e7\u00e3o estar\u00e1 pr\u00f3xima da meta central para 2019.<\/p>\n<p>Estipulada pelo <a href=\"https:\/\/www.suno.com.br\/artigos\/cmn-conselho-monetario-nacional\/\">Conselho Monet\u00e1rio Nacional<\/a> (CMN), a meta para o <strong>IPCA<\/strong> \u00e9 de 4,25% com intervalo de toler\u00e2ncia 2,75% a 5,75%.<\/p>\n<p>O IPCA \u00e9 o indicador oficial da <strong>infla\u00e7\u00e3o<\/strong> no Pa\u00eds, e \u00e9 divulgado pelo Instituto Brasileiro de Geografia e Estat\u00edstica (IBGE).<\/p>\n<h2>2020<\/h2>\n<ul>\n<li><strong>PIB:<\/strong> estimativa para o PIB subiu de 2,5% a 2,6%.<\/li>\n<li><strong>IPCA:\u00a0<\/strong>mercado mant\u00e9m proje\u00e7\u00e3o de 4%.<\/li>\n<li><strong>Taxa Selic:<\/strong>\u00a0previs\u00e3o em 8%.<\/li>\n<li><strong>D\u00f3lar:<\/strong>\u00a0mercado recua no fechamento a R$ 3,80, para R$ 3,78.<\/li>\n<li><strong>Balan\u00e7a Comercial:<\/strong> a expectativa para o super\u00e1vit subiu de US$ 46,5 bilh\u00f5es para US$ 49 bilh\u00f5es.<\/li>\n<li><strong>Investimento estrangeiro direto:\u00a0<\/strong>economistas reduziram proje\u00e7\u00e3o de US$ 85 bilh\u00f5es para US$ 82,44 bilh\u00f5es.<\/li>\n<\/ul>\n<p>O <strong>Boletim Focus\u00a0<\/strong>desta semana\u00a0n\u00e3o alterou a previs\u00e3o de expans\u00e3o da economia para 2021. O mercado estima que o PIB do pr\u00f3ximo ano feche em\u00a0 2,5%.<\/p>\n","protected":false},"excerpt":{"rendered":"<p>O mercado reduziu as expectativas para o fechamento do d\u00f3lar em 2019. De R$ 3,80, a estimativa passou a R$ 3,75, de acordo com o\u00a0Boletim Focus desta segunda-feira (21).\u00a0De modo similar, a proje\u00e7\u00e3o para o Produto Interno Bruto (PIB) foi encolhida de 2,57% a 2,53%. Confira o Boletim Focus desta segunda-feira (21). (divulga\u00e7\u00e3o) A queda [&hellip;]<\/p>\n","protected":false},"author":12,"featured_media":9109,"comment_status":"closed","ping_status":"closed","sticky":false,"template":"","format":"standard","meta":[],"categories":[60],"tags":[834,326,850,966,807,290],"suno_strategy":[],"class_list":["post-12379","post","type-post","status-publish","format-standard","has-post-thumbnail","hentry","category-mercado","tag-boletim-focus","tag-dolar","tag-inflacao","tag-ipca","tag-produto-interno-bruto-pib","tag-taxa-selic"],"yoast_head":"<!-- This site is optimized with the Yoast SEO plugin v24.4 - https:\/\/yoast.com\/wordpress\/plugins\/seo\/ -->\n<title>Boletim Focus reduz fechamento do d\u00f3lar em 2019 a R$ 3,75<\/title>\n<meta name=\"description\" content=\"O Boletim Focus divulgado nesta segunda-feira (21) reduziu o fechamento do d\u00f3lar em 2019 a R$ 3,75. Clique para saber mais.\" \/>\n<meta name=\"robots\" content=\"index, follow, max-snippet:-1, max-image-preview:large, max-video-preview:-1\" \/>\n<link rel=\"canonical\" href=\"https:\/\/www.suno.com.br\/noticias\/boletim-focus-01212019\/\" \/>\n<meta property=\"og:locale\" content=\"pt_BR\" \/>\n<meta property=\"og:type\" content=\"article\" \/>\n<meta property=\"og:title\" content=\"Boletim Focus reduz fechamento do d\u00f3lar em 2019 a R$ 3,75\" \/>\n<meta property=\"og:description\" content=\"O Boletim Focus divulgado nesta segunda-feira (21) reduziu o fechamento do d\u00f3lar em 2019 a R$ 3,75. Clique para saber mais.\" \/>\n<meta property=\"og:url\" content=\"https:\/\/www.suno.com.br\/noticias\/boletim-focus-01212019\/\" \/>\n<meta property=\"og:site_name\" content=\"Suno Not\u00edcias\" \/>\n<meta property=\"article:publisher\" content=\"https:\/\/facebook.com\/sunoresearch\" \/>\n<meta property=\"og:image\" content=\"https:\/\/files.sunoresearch.com.br\/n\/uploads\/2018\/12\/3f980828-boletim-focus.jpg\" \/>\n\t<meta property=\"og:image:width\" content=\"960\" \/>\n\t<meta property=\"og:image:height\" content=\"640\" \/>\n\t<meta property=\"og:image:type\" content=\"image\/jpeg\" \/>\n<meta name=\"author\" content=\"Amanda Gushiken\" \/>\n<meta name=\"twitter:card\" content=\"summary_large_image\" \/>\n<meta name=\"twitter:creator\" content=\"@sunoresearch\" \/>\n<meta name=\"twitter:site\" content=\"@sunoresearch\" \/>\n<meta name=\"twitter:label1\" content=\"Escrito por\" \/>\n\t<meta name=\"twitter:data1\" content=\"Amanda Gushiken\" \/>\n\t<meta name=\"twitter:label2\" content=\"Est. tempo de leitura\" \/>\n\t<meta name=\"twitter:data2\" content=\"2 minutos\" \/>\n<script type=\"application\/ld+json\" class=\"yoast-schema-graph\">{\"@context\":\"https:\/\/schema.org\",\"@graph\":[{\"@type\":\"NewsArticle\",\"@id\":\"https:\/\/www.suno.com.br\/noticias\/boletim-focus-01212019\/#article\",\"isPartOf\":{\"@id\":\"https:\/\/www.suno.com.br\/noticias\/boletim-focus-01212019\/\"},\"author\":{\"name\":\"Amanda Gushiken\",\"@id\":\"https:\/\/www.suno.com.br\/noticias\/#\/schema\/person\/a5b06fa4e879d8e8e119c6ed3cd630d1\"},\"headline\":\"Boletim Focus reduz fechamento do d\u00f3lar em 2019 a R$ 3,75\",\"datePublished\":\"2019-01-21T12:15:45+00:00\",\"dateModified\":\"2019-01-21T18:04:52+00:00\",\"mainEntityOfPage\":{\"@id\":\"https:\/\/www.suno.com.br\/noticias\/boletim-focus-01212019\/\"},\"wordCount\":464,\"publisher\":{\"@id\":\"https:\/\/www.suno.com.br\/noticias\/#organization\"},\"image\":{\"@id\":\"https:\/\/www.suno.com.br\/noticias\/boletim-focus-01212019\/#primaryimage\"},\"thumbnailUrl\":\"https:\/\/files.sunoresearch.com.br\/n\/uploads\/2018\/12\/3f980828-boletim-focus-jpg.webp\",\"keywords\":[\"Boletim Focus\",\"d\u00f3lar\",\"infla\u00e7\u00e3o\",\"IPCA\",\"Produto Interno Bruto (PIB)\",\"Taxa Selic\"],\"articleSection\":[\"Mercado\"],\"inLanguage\":\"pt-BR\"},{\"@type\":\"WebPage\",\"@id\":\"https:\/\/www.suno.com.br\/noticias\/boletim-focus-01212019\/\",\"url\":\"https:\/\/www.suno.com.br\/noticias\/boletim-focus-01212019\/\",\"name\":\"Boletim Focus reduz fechamento do d\u00f3lar em 2019 a R$ 3,75\",\"isPartOf\":{\"@id\":\"https:\/\/www.suno.com.br\/noticias\/#website\"},\"primaryImageOfPage\":{\"@id\":\"https:\/\/www.suno.com.br\/noticias\/boletim-focus-01212019\/#primaryimage\"},\"image\":{\"@id\":\"https:\/\/www.suno.com.br\/noticias\/boletim-focus-01212019\/#primaryimage\"},\"thumbnailUrl\":\"https:\/\/files.sunoresearch.com.br\/n\/uploads\/2018\/12\/3f980828-boletim-focus-jpg.webp\",\"datePublished\":\"2019-01-21T12:15:45+00:00\",\"dateModified\":\"2019-01-21T18:04:52+00:00\",\"description\":\"O Boletim Focus divulgado nesta segunda-feira (21) reduziu o fechamento do d\u00f3lar em 2019 a R$ 3,75. Clique para saber mais.\",\"breadcrumb\":{\"@id\":\"https:\/\/www.suno.com.br\/noticias\/boletim-focus-01212019\/#breadcrumb\"},\"inLanguage\":\"pt-BR\",\"potentialAction\":[{\"@type\":\"ReadAction\",\"target\":[\"https:\/\/www.suno.com.br\/noticias\/boletim-focus-01212019\/\"]}]},{\"@type\":\"ImageObject\",\"inLanguage\":\"pt-BR\",\"@id\":\"https:\/\/www.suno.com.br\/noticias\/boletim-focus-01212019\/#primaryimage\",\"url\":\"https:\/\/files.sunoresearch.com.br\/n\/uploads\/2018\/12\/3f980828-boletim-focus-jpg.webp\",\"contentUrl\":\"https:\/\/files.sunoresearch.com.br\/n\/uploads\/2018\/12\/3f980828-boletim-focus-jpg.webp\",\"width\":960,\"height\":640,\"caption\":\"Confira o Boletim Focus desta segunda-feira (21). (divulga\u00e7\u00e3o)\"},{\"@type\":\"BreadcrumbList\",\"@id\":\"https:\/\/www.suno.com.br\/noticias\/boletim-focus-01212019\/#breadcrumb\",\"itemListElement\":[{\"@type\":\"ListItem\",\"position\":1,\"name\":\"Not\u00edcias\",\"item\":\"https:\/\/www.suno.com.br\/noticias\/\"},{\"@type\":\"ListItem\",\"position\":2,\"name\":\"Mercado\",\"item\":\"https:\/\/www.suno.com.br\/noticias\/mercado\/\"},{\"@type\":\"ListItem\",\"position\":3,\"name\":\"Boletim Focus reduz fechamento do d\u00f3lar em 2019 a R$ 3,75\"}]},{\"@type\":\"WebSite\",\"@id\":\"https:\/\/www.suno.com.br\/noticias\/#website\",\"url\":\"https:\/\/www.suno.com.br\/noticias\/\",\"name\":\"Suno Not\u00edcias\",\"description\":\"Seu portal de informa\u00e7\u00e3o sobre o mundo dos investimentos\",\"publisher\":{\"@id\":\"https:\/\/www.suno.com.br\/noticias\/#organization\"},\"potentialAction\":[{\"@type\":\"SearchAction\",\"target\":{\"@type\":\"EntryPoint\",\"urlTemplate\":\"https:\/\/www.suno.com.br\/noticias\/?s={search_term_string}\"},\"query-input\":{\"@type\":\"PropertyValueSpecification\",\"valueRequired\":true,\"valueName\":\"search_term_string\"}}],\"inLanguage\":\"pt-BR\"},{\"@type\":\"Organization\",\"@id\":\"https:\/\/www.suno.com.br\/noticias\/#organization\",\"name\":\"Suno Not\u00edcias\",\"url\":\"https:\/\/www.suno.com.br\/noticias\/\",\"logo\":{\"@type\":\"ImageObject\",\"inLanguage\":\"pt-BR\",\"@id\":\"https:\/\/www.suno.com.br\/noticias\/#\/schema\/logo\/image\/\",\"url\":\"https:\/\/files.sunoresearch.com.br\/n\/uploads\/2021\/09\/suno-logo.png\",\"contentUrl\":\"https:\/\/files.sunoresearch.com.br\/n\/uploads\/2021\/09\/suno-logo.png\",\"width\":180,\"height\":180,\"caption\":\"Suno Not\u00edcias\"},\"image\":{\"@id\":\"https:\/\/www.suno.com.br\/noticias\/#\/schema\/logo\/image\/\"},\"sameAs\":[\"https:\/\/facebook.com\/sunoresearch\",\"https:\/\/x.com\/sunoresearch\",\"https:\/\/www.instagram.com\/suno\",\"https:\/\/www.linkedin.com\/company\/suno-research\/\",\"https:\/\/www.youtube.com\/c\/sunoresearch\"]},{\"@type\":\"Person\",\"@id\":\"https:\/\/www.suno.com.br\/noticias\/#\/schema\/person\/a5b06fa4e879d8e8e119c6ed3cd630d1\",\"name\":\"Amanda Gushiken\",\"image\":{\"@type\":\"ImageObject\",\"inLanguage\":\"pt-BR\",\"@id\":\"https:\/\/www.suno.com.br\/noticias\/#\/schema\/person\/image\/\",\"url\":\"https:\/\/secure.gravatar.com\/avatar\/ecd84705e6b65e3685ae80d725501fbe?s=96&r=g\",\"contentUrl\":\"https:\/\/secure.gravatar.com\/avatar\/ecd84705e6b65e3685ae80d725501fbe?s=96&r=g\",\"caption\":\"Amanda Gushiken\"},\"description\":\"Amanda Sayuri Gushiken escreve sobre finan\u00e7as e neg\u00f3cios para o portal Suno Not\u00edcias. Antes, trabalhou selecionando not\u00edcias da imprensa para clientes do mercado financeiro. Tamb\u00e9m desenvolveu pesquisa acad\u00eamica pela Universidade Anhembi Morumbi na \u00e1rea de Teorias da Comunica\u00e7\u00e3o e \u00e9 fot\u00f3grafa nas horas vagas.\",\"url\":\"https:\/\/www.suno.com.br\/noticias\/author\/amanda\/\"}]}<\/script>\n<!-- \/ Yoast SEO plugin. -->","yoast_head_json":{"title":"Boletim Focus reduz fechamento do d\u00f3lar em 2019 a R$ 3,75","description":"O Boletim Focus divulgado nesta segunda-feira (21) reduziu o fechamento do d\u00f3lar em 2019 a R$ 3,75. Clique para saber mais.","robots":{"index":"index","follow":"follow","max-snippet":"max-snippet:-1","max-image-preview":"max-image-preview:large","max-video-preview":"max-video-preview:-1"},"canonical":"https:\/\/www.suno.com.br\/noticias\/boletim-focus-01212019\/","og_locale":"pt_BR","og_type":"article","og_title":"Boletim Focus reduz fechamento do d\u00f3lar em 2019 a R$ 3,75","og_description":"O Boletim Focus divulgado nesta segunda-feira (21) reduziu o fechamento do d\u00f3lar em 2019 a R$ 3,75. Clique para saber mais.","og_url":"https:\/\/www.suno.com.br\/noticias\/boletim-focus-01212019\/","og_site_name":"Suno Not\u00edcias","article_publisher":"https:\/\/facebook.com\/sunoresearch","og_image":[{"width":960,"height":640,"url":"https:\/\/files.sunoresearch.com.br\/n\/uploads\/2018\/12\/3f980828-boletim-focus.jpg","type":"image\/jpeg"}],"author":"Amanda Gushiken","twitter_card":"summary_large_image","twitter_creator":"@sunoresearch","twitter_site":"@sunoresearch","twitter_misc":{"Escrito por":"Amanda Gushiken","Est. tempo de leitura":"2 minutos"},"schema":{"@context":"https:\/\/schema.org","@graph":[{"@type":"NewsArticle","@id":"https:\/\/www.suno.com.br\/noticias\/boletim-focus-01212019\/#article","isPartOf":{"@id":"https:\/\/www.suno.com.br\/noticias\/boletim-focus-01212019\/"},"author":{"name":"Amanda Gushiken","@id":"https:\/\/www.suno.com.br\/noticias\/#\/schema\/person\/a5b06fa4e879d8e8e119c6ed3cd630d1"},"headline":"Boletim Focus reduz fechamento do d\u00f3lar em 2019 a R$ 3,75","datePublished":"2019-01-21T12:15:45+00:00","dateModified":"2019-01-21T18:04:52+00:00","mainEntityOfPage":{"@id":"https:\/\/www.suno.com.br\/noticias\/boletim-focus-01212019\/"},"wordCount":464,"publisher":{"@id":"https:\/\/www.suno.com.br\/noticias\/#organization"},"image":{"@id":"https:\/\/www.suno.com.br\/noticias\/boletim-focus-01212019\/#primaryimage"},"thumbnailUrl":"https:\/\/files.sunoresearch.com.br\/n\/uploads\/2018\/12\/3f980828-boletim-focus-jpg.webp","keywords":["Boletim Focus","d\u00f3lar","infla\u00e7\u00e3o","IPCA","Produto Interno Bruto (PIB)","Taxa Selic"],"articleSection":["Mercado"],"inLanguage":"pt-BR"},{"@type":"WebPage","@id":"https:\/\/www.suno.com.br\/noticias\/boletim-focus-01212019\/","url":"https:\/\/www.suno.com.br\/noticias\/boletim-focus-01212019\/","name":"Boletim Focus reduz fechamento do d\u00f3lar em 2019 a R$ 3,75","isPartOf":{"@id":"https:\/\/www.suno.com.br\/noticias\/#website"},"primaryImageOfPage":{"@id":"https:\/\/www.suno.com.br\/noticias\/boletim-focus-01212019\/#primaryimage"},"image":{"@id":"https:\/\/www.suno.com.br\/noticias\/boletim-focus-01212019\/#primaryimage"},"thumbnailUrl":"https:\/\/files.sunoresearch.com.br\/n\/uploads\/2018\/12\/3f980828-boletim-focus-jpg.webp","datePublished":"2019-01-21T12:15:45+00:00","dateModified":"2019-01-21T18:04:52+00:00","description":"O Boletim Focus divulgado nesta segunda-feira (21) reduziu o fechamento do d\u00f3lar em 2019 a R$ 3,75. Clique para saber mais.","breadcrumb":{"@id":"https:\/\/www.suno.com.br\/noticias\/boletim-focus-01212019\/#breadcrumb"},"inLanguage":"pt-BR","potentialAction":[{"@type":"ReadAction","target":["https:\/\/www.suno.com.br\/noticias\/boletim-focus-01212019\/"]}]},{"@type":"ImageObject","inLanguage":"pt-BR","@id":"https:\/\/www.suno.com.br\/noticias\/boletim-focus-01212019\/#primaryimage","url":"https:\/\/files.sunoresearch.com.br\/n\/uploads\/2018\/12\/3f980828-boletim-focus-jpg.webp","contentUrl":"https:\/\/files.sunoresearch.com.br\/n\/uploads\/2018\/12\/3f980828-boletim-focus-jpg.webp","width":960,"height":640,"caption":"Confira o Boletim Focus desta segunda-feira (21). (divulga\u00e7\u00e3o)"},{"@type":"BreadcrumbList","@id":"https:\/\/www.suno.com.br\/noticias\/boletim-focus-01212019\/#breadcrumb","itemListElement":[{"@type":"ListItem","position":1,"name":"Not\u00edcias","item":"https:\/\/www.suno.com.br\/noticias\/"},{"@type":"ListItem","position":2,"name":"Mercado","item":"https:\/\/www.suno.com.br\/noticias\/mercado\/"},{"@type":"ListItem","position":3,"name":"Boletim Focus reduz fechamento do d\u00f3lar em 2019 a R$ 3,75"}]},{"@type":"WebSite","@id":"https:\/\/www.suno.com.br\/noticias\/#website","url":"https:\/\/www.suno.com.br\/noticias\/","name":"Suno Not\u00edcias","description":"Seu portal de informa\u00e7\u00e3o sobre o mundo dos investimentos","publisher":{"@id":"https:\/\/www.suno.com.br\/noticias\/#organization"},"potentialAction":[{"@type":"SearchAction","target":{"@type":"EntryPoint","urlTemplate":"https:\/\/www.suno.com.br\/noticias\/?s={search_term_string}"},"query-input":{"@type":"PropertyValueSpecification","valueRequired":true,"valueName":"search_term_string"}}],"inLanguage":"pt-BR"},{"@type":"Organization","@id":"https:\/\/www.suno.com.br\/noticias\/#organization","name":"Suno Not\u00edcias","url":"https:\/\/www.suno.com.br\/noticias\/","logo":{"@type":"ImageObject","inLanguage":"pt-BR","@id":"https:\/\/www.suno.com.br\/noticias\/#\/schema\/logo\/image\/","url":"https:\/\/files.sunoresearch.com.br\/n\/uploads\/2021\/09\/suno-logo.png","contentUrl":"https:\/\/files.sunoresearch.com.br\/n\/uploads\/2021\/09\/suno-logo.png","width":180,"height":180,"caption":"Suno Not\u00edcias"},"image":{"@id":"https:\/\/www.suno.com.br\/noticias\/#\/schema\/logo\/image\/"},"sameAs":["https:\/\/facebook.com\/sunoresearch","https:\/\/x.com\/sunoresearch","https:\/\/www.instagram.com\/suno","https:\/\/www.linkedin.com\/company\/suno-research\/","https:\/\/www.youtube.com\/c\/sunoresearch"]},{"@type":"Person","@id":"https:\/\/www.suno.com.br\/noticias\/#\/schema\/person\/a5b06fa4e879d8e8e119c6ed3cd630d1","name":"Amanda Gushiken","image":{"@type":"ImageObject","inLanguage":"pt-BR","@id":"https:\/\/www.suno.com.br\/noticias\/#\/schema\/person\/image\/","url":"https:\/\/secure.gravatar.com\/avatar\/ecd84705e6b65e3685ae80d725501fbe?s=96&r=g","contentUrl":"https:\/\/secure.gravatar.com\/avatar\/ecd84705e6b65e3685ae80d725501fbe?s=96&r=g","caption":"Amanda Gushiken"},"description":"Amanda Sayuri Gushiken escreve sobre finan\u00e7as e neg\u00f3cios para o portal Suno Not\u00edcias. Antes, trabalhou selecionando not\u00edcias da imprensa para clientes do mercado financeiro. Tamb\u00e9m desenvolveu pesquisa acad\u00eamica pela Universidade Anhembi Morumbi na \u00e1rea de Teorias da Comunica\u00e7\u00e3o e \u00e9 fot\u00f3grafa nas horas vagas.","url":"https:\/\/www.suno.com.br\/noticias\/author\/amanda\/"}]}},"default_loop_html":"<div class=\"cardsPage__listCard__boxs\"><div class=\"cardsPage__listCard__boxs__img\"><a href=\"https:\/\/www.suno.com.br\/noticias\/boletim-focus-01212019\/\"><img class=\"mask\" src=\"https:\/\/www.suno.com.br\/noticias\/wp-content\/themes\/suno\/resources\/images\/spotlight\/spotlight1img\/bg-mask.png\" alt=\"Image Mask\"\/><img src=\"https:\/\/files.sunoresearch.com.br\/n\/uploads\/2018\/12\/3f980828-boletim-focus-400x200.webp\" alt=\"Boletim Focus reduz fechamento do d\u00f3lar em 2019 a R$ 3,75\"\/><\/a><span class=\"spotlightCategory\"><a href=\"https:\/\/www.suno.com.br\/noticias\/mercado\/\">Mercado<\/a><\/span><\/div><div class=\"cardsPage__listCard__boxs__content\"><a href=\"https:\/\/www.suno.com.br\/noticias\/boletim-focus-01212019\/\"><h2 class=\"content__title\">Boletim Focus reduz fechamento do d\u00f3lar em 2019 a R$ 3,75<\/h2><\/a><div class=\"newsContent__article__meta\"><div class=\"newsContent__article__meta__authorBox\"><a href=\"https:\/\/www.suno.com.br\/noticias\/author\/amanda\/\" class=\"authorBox__avatar noMobi\"><img src=\"https:\/\/files.sunoresearch.com.br\/n\/uploads\/2018\/11\/c6ad30be-amanda-150x150.webp\" alt=\"Amanda Gushiken\"><\/a><div class=\"authorBox__name\"><span>por\n\t\t\t<a href=\"https:\/\/www.suno.com.br\/noticias\/author\/amanda\/\"><span itemprop=\"author\">Amanda Gushiken<\/span><\/a><\/span><time datetime=\"2019-01-21T10:15:45-02:00\" itemprop=\"datePublished\">21\/01\/2019 10:15<\/time><\/div><\/div><\/div><\/div><\/div>","single_layout":"posts","amp_enabled":true,"_links":{"self":[{"href":"https:\/\/www.suno.com.br\/noticias\/wp-json\/wp\/v2\/posts\/12379"}],"collection":[{"href":"https:\/\/www.suno.com.br\/noticias\/wp-json\/wp\/v2\/posts"}],"about":[{"href":"https:\/\/www.suno.com.br\/noticias\/wp-json\/wp\/v2\/types\/post"}],"author":[{"embeddable":true,"href":"https:\/\/www.suno.com.br\/noticias\/wp-json\/wp\/v2\/users\/12"}],"replies":[{"embeddable":true,"href":"https:\/\/www.suno.com.br\/noticias\/wp-json\/wp\/v2\/comments?post=12379"}],"version-history":[{"count":0,"href":"https:\/\/www.suno.com.br\/noticias\/wp-json\/wp\/v2\/posts\/12379\/revisions"}],"wp:featuredmedia":[{"embeddable":true,"href":"https:\/\/www.suno.com.br\/noticias\/wp-json\/wp\/v2\/media\/9109"}],"wp:attachment":[{"href":"https:\/\/www.suno.com.br\/noticias\/wp-json\/wp\/v2\/media?parent=12379"}],"wp:term":[{"taxonomy":"category","embeddable":true,"href":"https:\/\/www.suno.com.br\/noticias\/wp-json\/wp\/v2\/categories?post=12379"},{"taxonomy":"post_tag","embeddable":true,"href":"https:\/\/www.suno.com.br\/noticias\/wp-json\/wp\/v2\/tags?post=12379"},{"taxonomy":"suno_strategy","embeddable":true,"href":"https:\/\/www.suno.com.br\/noticias\/wp-json\/wp\/v2\/suno_strategy?post=12379"}],"curies":[{"name":"wp","href":"https:\/\/api.w.org\/{rel}","templated":true}]}}