{"id":123568,"date":"2021-02-18T10:39:42","date_gmt":"2021-02-18T13:39:42","guid":{"rendered":"https:\/\/www.suno.com.br\/noticias\/?p=123568"},"modified":"2021-02-18T13:28:25","modified_gmt":"2021-02-18T16:28:25","slug":"ibovespa-vacinacao-ipo-bolsas-mundiais-commodities-18022021","status":"publish","type":"post","link":"https:\/\/www.suno.com.br\/noticias\/ibovespa-vacinacao-ipo-bolsas-mundiais-commodities-18022021\/","title":{"rendered":"Ibovespa abre em leve alta; vacina\u00e7\u00e3o contra Covid-19 e IPO da CSN Minera\u00e7\u00e3o no radar"},"content":{"rendered":"<p>O <strong>Ibovespa<\/strong> abriu em leve alta na manh\u00e3 desta quinta-feira (18), atento aos movimentos no exterior e de olho na vacina\u00e7\u00e3o contra o <a href=\"https:\/\/www.suno.com.br\/noticias\/search\/coronav%C3%ADrus\">novo coronav\u00edrus (Covid-19)<\/a> no Brasil.<\/p>\t<div class=\"wrapper-featured-image\">\n\t\t<figure class=\"spotlightImg\">\n\n\t\t\t<picture>\n\t\t\t\t<source media=\"(max-width: 768px)\" srcset=\"https:\/\/files.sunoresearch.com.br\/n\/uploads\/2021\/01\/b691b249-pexels-pixabay-210607-400x200.webp\">\n\t\t\t\t<img loading=\"lazy\" decoding=\"async\" class=\"newsContent__article__imgCapa lazyloadDisabled \" src=\"https:\/\/files.sunoresearch.com.br\/n\/uploads\/2021\/01\/b691b249-pexels-pixabay-210607-800x450.webp\" width=\"800\" height=\"450\" alt=\"Ibovespa abre em leve alta; vacina\u00e7\u00e3o contra Covid-19 e IPO da CSN Minera\u00e7\u00e3o no radar\" fetchpriority=high \/>\n\t\t\t<\/picture>\n\n\t\t\t<figcaption class=\"wp-caption-text wp-caption-text--show\">O Ibovespa abriu em leve alta na manh\u00e3 desta quinta-feira (18), atento aos movimentos no exterior e de olho na vacina\u00e7\u00e3o.<\/figcaption>\n\t\t<\/figure>\n\t<\/div>\n\n\n\t<p>\n\t\t<a href=\"https:\/\/lp.suno.com.br\/planilha-controle-gastos\/\" target=\"_blank\" data-element=\"shortcode-suno-banner\" title=\"Banner SUNO, clique e saiba mais\">\n\t\t\t<picture>\n\t\t\t\t<source media=\"(max-width: 500px)\" srcset=\"https:\/\/files.sunoresearch.com.br\/n\/uploads\/2023\/03\/400x300-Planilha-controle-de-gastos.png\">\n\t\t\t\t<img class=\"newsContent__article__imgCapa newsContent__article__imgCapa--banner\"\n\t\t\t\t\tsrc=\"https:\/\/files.sunoresearch.com.br\/n\/uploads\/2023\/03\/1420x240-Planilha-controle-de-gastos.png\"\n\t\t\t\t\tdata-promo-id=\"101751\"\t\t\t\t\t\t\t\t\t\twidth='1420' height='240'\t\t\t\t\talt=\"https:\/\/files.sunoresearch.com.br\/n\/uploads\/2023\/03\/1420x240-Planilha-controle-de-gastos.png\"\n\t\t\t\t>\n\t\t\t<\/picture>\n\t\t<\/a>\n\t<\/p>\n\n\n<p>Por volta das 10h25, o <a href=\"https:\/\/www.suno.com.br\/artigos\/ibovespa\/\">Ibovespa<\/a> avan\u00e7ava 0,14%, pouco acima dos 120 mil pontos. L\u00e1 fora, os \u00edndices norte-americanos operam em queda mesmo com fortes resultados corporativos do quarto trimestre, temerosos com a <a href=\"https:\/\/www.suno.com.br\/noticias\/bolsas-mundiais-ny-europa-asia-18022021\/\">disparada dos t\u00edtulos do Tesouro de 10 anos<\/a>. As empresas de <strong>tecnologia<\/strong> s\u00e3o as que mais sofrem com o movimento.<\/p>\n<p>Ainda no <em>front<\/em> internacional, a poss\u00edvel chegada de um novo<strong> pacote de est\u00edmulos<\/strong> permanece sustentando o bom humor do mercado, que espera que o dinheiro farto possa impulsionar o movimento econ\u00f4mico.<\/p>\n<div>\n<div id=\"60141a969004bb2e956386a8\" class=\"op-interactive\" data-title=\"Quiz dos Investimentos\" data-url=\"https:\/\/sunoresearch289.outgrow.us\/60141a969004bb2e956386a8?vHeight=1\" data-width=\"100%\"><\/div>\n<p><script src='\/\/dyv6f9ner1ir9.cloudfront.net\/assets\/js\/nloader.js'><\/script><script>initIframe('60141a969004bb2e956386a8');<\/script><\/p>\n<\/div>\n<p>O tamanho desse novo pacote, entretanto, passou a ser questionado pelos investidores ap\u00f3s as <a href=\"https:\/\/www.suno.com.br\/noticias\/vendas-no-varejo-precos-produtor-alta-estados-unidos\/\">vendas no varejo estadunidense<\/a> reportarem fortes ganhos no m\u00eas passado, representando uma s\u00f3lida recupera\u00e7\u00e3o mesmo com est\u00edmulos em menor patamar &#8212; reascendendo o temor pela alta da <strong>infla\u00e7\u00e3o<\/strong>.<\/p>\n<p>J\u00e1 os investidores locais mostram-se preocupados com interrup\u00e7\u00f5es na vacina\u00e7\u00e3o do Pa\u00eds, ao passo que est\u00e3o faltando doses no territ\u00f3rio brasileiro. At\u00e9 o momento, Campo Grande, Cuiab\u00e1, Porto Alegre, Rio e Salvador j\u00e1 paralisaram suas campanhas.<\/p>\n<p>Especialistas dizem que o ritmo de <strong>vacina\u00e7\u00e3o<\/strong> deve ser um dos fatores para a velocidade da recupera\u00e7\u00e3o da atividade econ\u00f4mica neste ano. At\u00e9 hoje, cerca de 5,4 milh\u00f5es de pessoas receberam a primeira dose da vacina contra o v\u00edrus no Pa\u00eds, o equivalente a 2,55% da popula\u00e7\u00e3o. A segunda dose, contudo, foi aplicada em 667,4 mil pessoas, ou 0,32% da popula\u00e7\u00e3o.<\/p>\n<p>Aqui as aten\u00e7\u00f5es tamb\u00e9m s\u00e3o voltadas ao cancelamento da agenda de vota\u00e7\u00f5es no Congresso. L\u00edderes do Centr\u00e3o buscam uma sa\u00edda para o impasse criado entre os poderes Judici\u00e1rio e Legislativo ap\u00f3s a pris\u00e3o do deputado <a href=\"https:\/\/www.suno.com.br\/noticias\/prisao-daniel-silveira-agenda-economica\/\"><strong>Daniel Silveira<\/strong><\/a>.<\/p>\n\t<p>\n\t\t<a href=\"https:\/\/lp.suno.com.br\/planilha-da-vida-financeira\/\" target=\"_blank\" data-element=\"shortcode-suno-banner\" title=\"Banner SUNO, clique e saiba mais\">\n\t\t\t<picture>\n\t\t\t\t<source media=\"(max-width: 500px)\" srcset=\"https:\/\/files.sunoresearch.com.br\/n\/uploads\/2023\/04\/400x300-Planilha-vida-financeira-true.png\">\n\t\t\t\t<img class=\"newsContent__article__imgCapa newsContent__article__imgCapa--banner\"\n\t\t\t\t\tsrc=\"https:\/\/files.sunoresearch.com.br\/n\/uploads\/2023\/04\/1420x240-Planilha-vida-financeira-true.png\"\n\t\t\t\t\tdata-promo-id=\"106682\"\t\t\t\t\t\t\t\t\t\twidth='1420' height='240'\t\t\t\t\talt=\"https:\/\/files.sunoresearch.com.br\/n\/uploads\/2023\/04\/1420x240-Planilha-vida-financeira-true.png\"\n\t\t\t\t>\n\t\t\t<\/picture>\n\t\t<\/a>\n\t<\/p>\n\n\n<p>O parlamentar bolsonarista proferiu cr\u00edticas ao ministros do <strong>Supremo Tribunal Federal<\/strong> (STF), fazendo um apelo pela destitui\u00e7\u00e3o dos mesmos, al\u00e9m de apologia ao AI-5. O ministro Alexandre de Moraes determinou a pris\u00e3o de Silveira na noite da \u00faltima ter\u00e7a-feira (16).<\/p>\n<p>No mercado de commodities, o barril de <a href=\"https:\/\/www.suno.com.br\/artigos\/cotacao-do-petroleo\/\"><strong>petr\u00f3leo Brent<\/strong><\/a> segue em tend\u00eancia de alta, avan\u00e7ando 0,23% no mercado futuro, a US$ 64,47. Na abertura, o pre\u00e7o chegou a US$ 65, marca que n\u00e3o era alcan\u00e7ada desde o dia 21 de janeiro.<\/p>\n<p>Na Bolsa de Dalian, na China, o <strong>min\u00e9rio de ferro<\/strong> disparou 7% ap\u00f3s o fim do feriado chin\u00eas, chamando aten\u00e7\u00e3o das bolsas mundiais. <a href=\"https:\/\/www.suno.com.br\/noticias\/minerio-de-ferro-dispara-feriado-chines\/\">A tonelada \u00e9 negociada a US$ 174,80<\/a>, pr\u00f3ximo do maior patamar desde 2013. Em fevereiro do ano passado, estava custando US$ 70.<\/p>\n<p>O bom momento da commodity coincide com a <a href=\"https:\/\/www.suno.com.br\/artigos\/ipo\/\">oferta p\u00fablica inicial de a\u00e7\u00f5es (<strong>IPO<\/strong><\/a>, na sigla em ingl\u00eas) da<strong> CSN Minera\u00e7\u00e3o<\/strong> (CMIN3), <a href=\"https:\/\/www.suno.com.br\/noticias\/csn-mineracao-cmin3-estreia-ipo-b3\/\">que disparou na abertura<\/a>. A opera\u00e7\u00e3o movimentou R$ 5,2 bilh\u00f5es, fazendo com que a subsidi\u00e1ria da <a href=\"https:\/\/www.suno.com.br\/acoes\/csna3\/\"><strong>CSN<\/strong> (CSNA3)<\/a> chegasse \u00e0 Bolsa avaliada em R$ 47 bilh\u00f5es.<\/p>\n\t<div data-element=\"shortcode-read-more\" class=\"knowMore\">\n\t\t\t\t<span class=\"knowMore__title\">Saiba mais<\/span>\n\t\t\t\t<a class=\"knowMore__link\" href=\"https:\/\/www.suno.com.br\/noticias\/petrobras-petr4-petroleiros-greve-bahia-venda-rlam\/\">\n\t\t\tPetrobras (PETR4): Petroleiros anunciam greve na Bahia contra venda da RLAM\t\t<\/a>\n\t<\/div>\n\n\n<h2>Destaques do Ibovespa<\/h2>\n<p>Confira as maiores altas e as maiores baixas entre as empresas que fazem parte do Ibovespa, por volta das 10h40:<\/p>\n<ul>\n<li><a href=\"https:\/\/www.suno.com.br\/acoes\/csna3\/\">CSN (CSNA3)<\/a>: +4,71%<\/li>\n<li><a href=\"https:\/\/www.suno.com.br\/acoes\/prio3\/\">PetroRio (PRIO3)<\/a>: +4,04%<\/li>\n<li><a href=\"https:\/\/www.suno.com.br\/acoes\/petr4\/\">Petrobras PN (PETR4)<\/a>: +2,60%<\/li>\n<li><a href=\"https:\/\/www.suno.com.br\/acoes\/embr3\/\">Embraer (EMBR3)<\/a>: +2,52%<\/li>\n<li><a href=\"https:\/\/www.suno.com.br\/acoes\/petr3\/\">Petrobras ON (PETR3)<\/a>: +2,49%<\/li>\n<\/ul>\n<p>&nbsp;<\/p>\n<ul>\n<li><a href=\"https:\/\/www.suno.com.br\/acoes\/abev3\/\">Ambev (ABEV3)<\/a>: -1,70%<\/li>\n<li><a href=\"https:\/\/www.suno.com.br\/acoes\/rail3\/\">Rumo (RAIL3)<\/a>: -1,73%<\/li>\n<li><a href=\"https:\/\/www.suno.com.br\/acoes\/gndi3\/\">Interm\u00e9dica (GNDI3)<\/a>: -1,78%<\/li>\n<li><a href=\"https:\/\/www.suno.com.br\/acoes\/bpac11\/\">BTG Pactual (BPAC11)<\/a>: -1,78%<\/li>\n<li><a href=\"https:\/\/www.suno.com.br\/acoes\/flry3\/\">Fleury (FLRY3)<\/a>: -1,81%<\/li>\n<\/ul>\n<h2>Mercados internacionais<\/h2>\n<p>Veja o desempenho dos principais \u00edndices acion\u00e1rios no exterior, al\u00e9m do <strong>Ibovespa agora<\/strong>:<\/p>\n<ul>\n<li>Nova York (<a href=\"https:\/\/www.suno.com.br\/artigos\/sp-500\/\">S&amp;P 500<\/a>) futuro: -0,47%<\/li>\n<li>Londres (<a href=\"https:\/\/www.suno.com.br\/artigos\/ftse-100\/\">FTSE 100<\/a>): -0,93%<\/li>\n<li>Frankfurt (<a href=\"https:\/\/www.suno.com.br\/artigos\/dax-30\/\">DAX 30)<\/a>: +0,05%<\/li>\n<li>Paris (<a href=\"https:\/\/www.suno.com.br\/artigos\/cac-40\/\">CAC 40<\/a>): -0,33%<\/li>\n<li>Mil\u00e3o (FTSE\/MIB): -0,65%<\/li>\n<li>Hong Kong (<a href=\"https:\/\/www.suno.com.br\/artigos\/hang-seng\/\">Hang Seng<\/a>): -1,58%<\/li>\n<li>Xangai (SSE Composite): +0,55%<\/li>\n<li>T\u00f3quio (<a href=\"https:\/\/www.suno.com.br\/artigos\/nikkei-225\/\">Nikkei 225<\/a>): -0,19%<\/li>\n<\/ul>\n<h2>\u00daltima cota\u00e7\u00e3o do Ibovespa<\/h2>\n<p>Da mesma forma que o <strong>Ibovespa hoje<\/strong>, o \u00edndice acion\u00e1rio encerrou as negocia\u00e7\u00f5es na \u00faltima quarta-feira (17) com uma alta de 0,78%, a 120.355,79 pontos.<\/p>\n\t<p>\n\t\t<a href=\"https:\/\/lp.suno.com.br\/planilha-de-controle-de-investimentos\/\" target=\"_blank\" data-element=\"shortcode-suno-banner\" title=\"Banner SUNO, clique e saiba mais\">\n\t\t\t<picture>\n\t\t\t\t<source media=\"(max-width: 500px)\" srcset=\"https:\/\/files.sunoresearch.com.br\/n\/uploads\/2023\/03\/400x300-Controle-de-Investimentos.png\">\n\t\t\t\t<img class=\"newsContent__article__imgCapa newsContent__article__imgCapa--banner\"\n\t\t\t\t\tsrc=\"https:\/\/files.sunoresearch.com.br\/n\/uploads\/2023\/03\/1420x240-Controle-de-Investimentos.png\"\n\t\t\t\t\tdata-promo-id=\"75934\"\t\t\t\t\t\t\t\t\t\twidth='1420' height='240'\t\t\t\t\talt=\"https:\/\/files.sunoresearch.com.br\/n\/uploads\/2023\/03\/1420x240-Controle-de-Investimentos.png\"\n\t\t\t\t>\n\t\t\t<\/picture>\n\t\t<\/a>\n\t<\/p>\n\n\n","protected":false},"excerpt":{"rendered":"<p>O Ibovespa abriu em leve alta na manh\u00e3 desta quinta-feira (18), atento aos movimentos no exterior e de olho na vacina\u00e7\u00e3o contra o novo coronav\u00edrus (Covid-19) no Brasil. O Ibovespa abriu em leve alta na manh\u00e3 desta quinta-feira (18), atento aos movimentos no exterior e de olho na vacina\u00e7\u00e3o. Por volta das 10h25, o Ibovespa [&hellip;]<\/p>\n","protected":false},"author":24,"featured_media":116667,"comment_status":"closed","ping_status":"closed","sticky":false,"template":"","format":"standard","meta":[],"categories":[60],"tags":[2487,1388,721,319,825,25002],"suno_strategy":[],"class_list":["post-123568","post","type-post","status-publish","format-standard","has-post-thumbnail","hentry","category-mercado","tag-coronavirus","tag-csn-csna3","tag-ibovespa","tag-ipo-oferta-inicial-de-acoes","tag-minerio-de-ferro","tag-vacina"],"yoast_head":"<!-- This site is optimized with the Yoast SEO plugin v24.4 - https:\/\/yoast.com\/wordpress\/plugins\/seo\/ -->\n<title>Ibovespa abre em leve alta; vacina\u00e7\u00e3o contra Covid-19 no radar<\/title>\n<meta name=\"description\" content=\"O Ibovespa abriu em leve alta na manh\u00e3 desta quinta-feira (18), atento aos movimentos no exterior e de olho na vacina\u00e7\u00e3o. Saiba mais.\" \/>\n<meta name=\"robots\" content=\"index, follow, max-snippet:-1, max-image-preview:large, max-video-preview:-1\" \/>\n<link rel=\"canonical\" href=\"https:\/\/www.suno.com.br\/noticias\/ibovespa-vacinacao-ipo-bolsas-mundiais-commodities-18022021\/\" \/>\n<meta property=\"og:locale\" content=\"pt_BR\" \/>\n<meta property=\"og:type\" content=\"article\" \/>\n<meta property=\"og:title\" content=\"Ibovespa abre em leve alta; vacina\u00e7\u00e3o contra Covid-19 no radar\" \/>\n<meta property=\"og:description\" content=\"O Ibovespa abriu em leve alta na manh\u00e3 desta quinta-feira (18), atento aos movimentos no exterior e de olho na vacina\u00e7\u00e3o. Saiba mais.\" \/>\n<meta property=\"og:url\" content=\"https:\/\/www.suno.com.br\/noticias\/ibovespa-vacinacao-ipo-bolsas-mundiais-commodities-18022021\/\" \/>\n<meta property=\"og:site_name\" content=\"Suno Not\u00edcias\" \/>\n<meta property=\"article:publisher\" content=\"https:\/\/facebook.com\/sunoresearch\" \/>\n<meta property=\"og:image\" content=\"https:\/\/files.sunoresearch.com.br\/n\/uploads\/2021\/01\/b691b249-pexels-pixabay-210607.jpg\" \/>\n\t<meta property=\"og:image:width\" content=\"1440\" \/>\n\t<meta property=\"og:image:height\" content=\"960\" \/>\n\t<meta property=\"og:image:type\" content=\"image\/jpeg\" \/>\n<meta name=\"author\" content=\"Jader Lazarini\" \/>\n<meta name=\"twitter:card\" content=\"summary_large_image\" \/>\n<meta name=\"twitter:creator\" content=\"@sunoresearch\" \/>\n<meta name=\"twitter:site\" content=\"@sunoresearch\" \/>\n<meta name=\"twitter:label1\" content=\"Escrito por\" \/>\n\t<meta name=\"twitter:data1\" content=\"Jader Lazarini\" \/>\n\t<meta name=\"twitter:label2\" content=\"Est. tempo de leitura\" \/>\n\t<meta name=\"twitter:data2\" content=\"3 minutos\" \/>\n<script type=\"application\/ld+json\" class=\"yoast-schema-graph\">{\"@context\":\"https:\/\/schema.org\",\"@graph\":[{\"@type\":\"NewsArticle\",\"@id\":\"https:\/\/www.suno.com.br\/noticias\/ibovespa-vacinacao-ipo-bolsas-mundiais-commodities-18022021\/#article\",\"isPartOf\":{\"@id\":\"https:\/\/www.suno.com.br\/noticias\/ibovespa-vacinacao-ipo-bolsas-mundiais-commodities-18022021\/\"},\"author\":{\"name\":\"Jader Lazarini\",\"@id\":\"https:\/\/www.suno.com.br\/noticias\/#\/schema\/person\/918d79de1f0281f01599b93f9ea6e23f\"},\"headline\":\"Ibovespa abre em leve alta; vacina\u00e7\u00e3o contra Covid-19 e IPO da CSN Minera\u00e7\u00e3o no radar\",\"datePublished\":\"2021-02-18T13:39:42+00:00\",\"dateModified\":\"2021-02-18T16:28:25+00:00\",\"mainEntityOfPage\":{\"@id\":\"https:\/\/www.suno.com.br\/noticias\/ibovespa-vacinacao-ipo-bolsas-mundiais-commodities-18022021\/\"},\"wordCount\":666,\"publisher\":{\"@id\":\"https:\/\/www.suno.com.br\/noticias\/#organization\"},\"image\":{\"@id\":\"https:\/\/www.suno.com.br\/noticias\/ibovespa-vacinacao-ipo-bolsas-mundiais-commodities-18022021\/#primaryimage\"},\"thumbnailUrl\":\"https:\/\/files.sunoresearch.com.br\/n\/uploads\/2021\/01\/b691b249-pexels-pixabay-210607.jpg\",\"keywords\":[\"coronav\u00edrus\",\"CSN (CSNA3)\",\"Ibovespa\",\"IPO (Oferta Inicial de A\u00e7\u00f5es)\",\"min\u00e9rio de ferro\",\"vacina\"],\"articleSection\":[\"Mercado\"],\"inLanguage\":\"pt-BR\"},{\"@type\":\"WebPage\",\"@id\":\"https:\/\/www.suno.com.br\/noticias\/ibovespa-vacinacao-ipo-bolsas-mundiais-commodities-18022021\/\",\"url\":\"https:\/\/www.suno.com.br\/noticias\/ibovespa-vacinacao-ipo-bolsas-mundiais-commodities-18022021\/\",\"name\":\"Ibovespa abre em leve alta; vacina\u00e7\u00e3o contra Covid-19 no radar\",\"isPartOf\":{\"@id\":\"https:\/\/www.suno.com.br\/noticias\/#website\"},\"primaryImageOfPage\":{\"@id\":\"https:\/\/www.suno.com.br\/noticias\/ibovespa-vacinacao-ipo-bolsas-mundiais-commodities-18022021\/#primaryimage\"},\"image\":{\"@id\":\"https:\/\/www.suno.com.br\/noticias\/ibovespa-vacinacao-ipo-bolsas-mundiais-commodities-18022021\/#primaryimage\"},\"thumbnailUrl\":\"https:\/\/files.sunoresearch.com.br\/n\/uploads\/2021\/01\/b691b249-pexels-pixabay-210607.jpg\",\"datePublished\":\"2021-02-18T13:39:42+00:00\",\"dateModified\":\"2021-02-18T16:28:25+00:00\",\"description\":\"O Ibovespa abriu em leve alta na manh\u00e3 desta quinta-feira (18), atento aos movimentos no exterior e de olho na vacina\u00e7\u00e3o. Saiba mais.\",\"breadcrumb\":{\"@id\":\"https:\/\/www.suno.com.br\/noticias\/ibovespa-vacinacao-ipo-bolsas-mundiais-commodities-18022021\/#breadcrumb\"},\"inLanguage\":\"pt-BR\",\"potentialAction\":[{\"@type\":\"ReadAction\",\"target\":[\"https:\/\/www.suno.com.br\/noticias\/ibovespa-vacinacao-ipo-bolsas-mundiais-commodities-18022021\/\"]}]},{\"@type\":\"ImageObject\",\"inLanguage\":\"pt-BR\",\"@id\":\"https:\/\/www.suno.com.br\/noticias\/ibovespa-vacinacao-ipo-bolsas-mundiais-commodities-18022021\/#primaryimage\",\"url\":\"https:\/\/files.sunoresearch.com.br\/n\/uploads\/2021\/01\/b691b249-pexels-pixabay-210607.jpg\",\"contentUrl\":\"https:\/\/files.sunoresearch.com.br\/n\/uploads\/2021\/01\/b691b249-pexels-pixabay-210607.jpg\",\"width\":1440,\"height\":960,\"caption\":\"O Ibovespa abriu em leve alta na manh\u00e3 desta quinta-feira (18), atento aos movimentos no exterior e de olho na vacina\u00e7\u00e3o.\"},{\"@type\":\"BreadcrumbList\",\"@id\":\"https:\/\/www.suno.com.br\/noticias\/ibovespa-vacinacao-ipo-bolsas-mundiais-commodities-18022021\/#breadcrumb\",\"itemListElement\":[{\"@type\":\"ListItem\",\"position\":1,\"name\":\"Not\u00edcias\",\"item\":\"https:\/\/www.suno.com.br\/noticias\/\"},{\"@type\":\"ListItem\",\"position\":2,\"name\":\"Mercado\",\"item\":\"https:\/\/www.suno.com.br\/noticias\/mercado\/\"},{\"@type\":\"ListItem\",\"position\":3,\"name\":\"Ibovespa abre em leve alta; vacina\u00e7\u00e3o contra Covid-19 e IPO da CSN Minera\u00e7\u00e3o no radar\"}]},{\"@type\":\"WebSite\",\"@id\":\"https:\/\/www.suno.com.br\/noticias\/#website\",\"url\":\"https:\/\/www.suno.com.br\/noticias\/\",\"name\":\"Suno Not\u00edcias\",\"description\":\"Seu portal de informa\u00e7\u00e3o sobre o mundo dos investimentos\",\"publisher\":{\"@id\":\"https:\/\/www.suno.com.br\/noticias\/#organization\"},\"potentialAction\":[{\"@type\":\"SearchAction\",\"target\":{\"@type\":\"EntryPoint\",\"urlTemplate\":\"https:\/\/www.suno.com.br\/noticias\/?s={search_term_string}\"},\"query-input\":{\"@type\":\"PropertyValueSpecification\",\"valueRequired\":true,\"valueName\":\"search_term_string\"}}],\"inLanguage\":\"pt-BR\"},{\"@type\":\"Organization\",\"@id\":\"https:\/\/www.suno.com.br\/noticias\/#organization\",\"name\":\"Suno Not\u00edcias\",\"url\":\"https:\/\/www.suno.com.br\/noticias\/\",\"logo\":{\"@type\":\"ImageObject\",\"inLanguage\":\"pt-BR\",\"@id\":\"https:\/\/www.suno.com.br\/noticias\/#\/schema\/logo\/image\/\",\"url\":\"https:\/\/files.sunoresearch.com.br\/n\/uploads\/2021\/09\/suno-logo.png\",\"contentUrl\":\"https:\/\/files.sunoresearch.com.br\/n\/uploads\/2021\/09\/suno-logo.png\",\"width\":180,\"height\":180,\"caption\":\"Suno Not\u00edcias\"},\"image\":{\"@id\":\"https:\/\/www.suno.com.br\/noticias\/#\/schema\/logo\/image\/\"},\"sameAs\":[\"https:\/\/facebook.com\/sunoresearch\",\"https:\/\/x.com\/sunoresearch\",\"https:\/\/www.instagram.com\/suno\",\"https:\/\/www.linkedin.com\/company\/suno-research\/\",\"https:\/\/www.youtube.com\/c\/sunoresearch\"]},{\"@type\":\"Person\",\"@id\":\"https:\/\/www.suno.com.br\/noticias\/#\/schema\/person\/918d79de1f0281f01599b93f9ea6e23f\",\"name\":\"Jader Lazarini\",\"image\":{\"@type\":\"ImageObject\",\"inLanguage\":\"pt-BR\",\"@id\":\"https:\/\/www.suno.com.br\/noticias\/#\/schema\/person\/image\/\",\"url\":\"https:\/\/secure.gravatar.com\/avatar\/3c1ad8caa51589841baeb923fcddea97?s=96&r=g\",\"contentUrl\":\"https:\/\/secure.gravatar.com\/avatar\/3c1ad8caa51589841baeb923fcddea97?s=96&r=g\",\"caption\":\"Jader Lazarini\"},\"description\":\"Jader Lazarini escreve sobre investimentos, finan\u00e7as, economia e neg\u00f3cios. \u00c9 bacharel em Rela\u00e7\u00f5es Internacionais e analista CNPI (2619).\",\"url\":\"https:\/\/www.suno.com.br\/noticias\/author\/jader-lazarini\/\"}]}<\/script>\n<!-- \/ Yoast SEO plugin. -->","yoast_head_json":{"title":"Ibovespa abre em leve alta; vacina\u00e7\u00e3o contra Covid-19 no radar","description":"O Ibovespa abriu em leve alta na manh\u00e3 desta quinta-feira (18), atento aos movimentos no exterior e de olho na vacina\u00e7\u00e3o. Saiba mais.","robots":{"index":"index","follow":"follow","max-snippet":"max-snippet:-1","max-image-preview":"max-image-preview:large","max-video-preview":"max-video-preview:-1"},"canonical":"https:\/\/www.suno.com.br\/noticias\/ibovespa-vacinacao-ipo-bolsas-mundiais-commodities-18022021\/","og_locale":"pt_BR","og_type":"article","og_title":"Ibovespa abre em leve alta; vacina\u00e7\u00e3o contra Covid-19 no radar","og_description":"O Ibovespa abriu em leve alta na manh\u00e3 desta quinta-feira (18), atento aos movimentos no exterior e de olho na vacina\u00e7\u00e3o. Saiba mais.","og_url":"https:\/\/www.suno.com.br\/noticias\/ibovespa-vacinacao-ipo-bolsas-mundiais-commodities-18022021\/","og_site_name":"Suno Not\u00edcias","article_publisher":"https:\/\/facebook.com\/sunoresearch","og_image":[{"width":1440,"height":960,"url":"https:\/\/files.sunoresearch.com.br\/n\/uploads\/2021\/01\/b691b249-pexels-pixabay-210607.jpg","type":"image\/jpeg"}],"author":"Jader Lazarini","twitter_card":"summary_large_image","twitter_creator":"@sunoresearch","twitter_site":"@sunoresearch","twitter_misc":{"Escrito por":"Jader Lazarini","Est. tempo de leitura":"3 minutos"},"schema":{"@context":"https:\/\/schema.org","@graph":[{"@type":"NewsArticle","@id":"https:\/\/www.suno.com.br\/noticias\/ibovespa-vacinacao-ipo-bolsas-mundiais-commodities-18022021\/#article","isPartOf":{"@id":"https:\/\/www.suno.com.br\/noticias\/ibovespa-vacinacao-ipo-bolsas-mundiais-commodities-18022021\/"},"author":{"name":"Jader Lazarini","@id":"https:\/\/www.suno.com.br\/noticias\/#\/schema\/person\/918d79de1f0281f01599b93f9ea6e23f"},"headline":"Ibovespa abre em leve alta; vacina\u00e7\u00e3o contra Covid-19 e IPO da CSN Minera\u00e7\u00e3o no radar","datePublished":"2021-02-18T13:39:42+00:00","dateModified":"2021-02-18T16:28:25+00:00","mainEntityOfPage":{"@id":"https:\/\/www.suno.com.br\/noticias\/ibovespa-vacinacao-ipo-bolsas-mundiais-commodities-18022021\/"},"wordCount":666,"publisher":{"@id":"https:\/\/www.suno.com.br\/noticias\/#organization"},"image":{"@id":"https:\/\/www.suno.com.br\/noticias\/ibovespa-vacinacao-ipo-bolsas-mundiais-commodities-18022021\/#primaryimage"},"thumbnailUrl":"https:\/\/files.sunoresearch.com.br\/n\/uploads\/2021\/01\/b691b249-pexels-pixabay-210607.jpg","keywords":["coronav\u00edrus","CSN (CSNA3)","Ibovespa","IPO (Oferta Inicial de A\u00e7\u00f5es)","min\u00e9rio de ferro","vacina"],"articleSection":["Mercado"],"inLanguage":"pt-BR"},{"@type":"WebPage","@id":"https:\/\/www.suno.com.br\/noticias\/ibovespa-vacinacao-ipo-bolsas-mundiais-commodities-18022021\/","url":"https:\/\/www.suno.com.br\/noticias\/ibovespa-vacinacao-ipo-bolsas-mundiais-commodities-18022021\/","name":"Ibovespa abre em leve alta; vacina\u00e7\u00e3o contra Covid-19 no radar","isPartOf":{"@id":"https:\/\/www.suno.com.br\/noticias\/#website"},"primaryImageOfPage":{"@id":"https:\/\/www.suno.com.br\/noticias\/ibovespa-vacinacao-ipo-bolsas-mundiais-commodities-18022021\/#primaryimage"},"image":{"@id":"https:\/\/www.suno.com.br\/noticias\/ibovespa-vacinacao-ipo-bolsas-mundiais-commodities-18022021\/#primaryimage"},"thumbnailUrl":"https:\/\/files.sunoresearch.com.br\/n\/uploads\/2021\/01\/b691b249-pexels-pixabay-210607.jpg","datePublished":"2021-02-18T13:39:42+00:00","dateModified":"2021-02-18T16:28:25+00:00","description":"O Ibovespa abriu em leve alta na manh\u00e3 desta quinta-feira (18), atento aos movimentos no exterior e de olho na vacina\u00e7\u00e3o. Saiba mais.","breadcrumb":{"@id":"https:\/\/www.suno.com.br\/noticias\/ibovespa-vacinacao-ipo-bolsas-mundiais-commodities-18022021\/#breadcrumb"},"inLanguage":"pt-BR","potentialAction":[{"@type":"ReadAction","target":["https:\/\/www.suno.com.br\/noticias\/ibovespa-vacinacao-ipo-bolsas-mundiais-commodities-18022021\/"]}]},{"@type":"ImageObject","inLanguage":"pt-BR","@id":"https:\/\/www.suno.com.br\/noticias\/ibovespa-vacinacao-ipo-bolsas-mundiais-commodities-18022021\/#primaryimage","url":"https:\/\/files.sunoresearch.com.br\/n\/uploads\/2021\/01\/b691b249-pexels-pixabay-210607.jpg","contentUrl":"https:\/\/files.sunoresearch.com.br\/n\/uploads\/2021\/01\/b691b249-pexels-pixabay-210607.jpg","width":1440,"height":960,"caption":"O Ibovespa abriu em leve alta na manh\u00e3 desta quinta-feira (18), atento aos movimentos no exterior e de olho na vacina\u00e7\u00e3o."},{"@type":"BreadcrumbList","@id":"https:\/\/www.suno.com.br\/noticias\/ibovespa-vacinacao-ipo-bolsas-mundiais-commodities-18022021\/#breadcrumb","itemListElement":[{"@type":"ListItem","position":1,"name":"Not\u00edcias","item":"https:\/\/www.suno.com.br\/noticias\/"},{"@type":"ListItem","position":2,"name":"Mercado","item":"https:\/\/www.suno.com.br\/noticias\/mercado\/"},{"@type":"ListItem","position":3,"name":"Ibovespa abre em leve alta; vacina\u00e7\u00e3o contra Covid-19 e IPO da CSN Minera\u00e7\u00e3o no radar"}]},{"@type":"WebSite","@id":"https:\/\/www.suno.com.br\/noticias\/#website","url":"https:\/\/www.suno.com.br\/noticias\/","name":"Suno Not\u00edcias","description":"Seu portal de informa\u00e7\u00e3o sobre o mundo dos investimentos","publisher":{"@id":"https:\/\/www.suno.com.br\/noticias\/#organization"},"potentialAction":[{"@type":"SearchAction","target":{"@type":"EntryPoint","urlTemplate":"https:\/\/www.suno.com.br\/noticias\/?s={search_term_string}"},"query-input":{"@type":"PropertyValueSpecification","valueRequired":true,"valueName":"search_term_string"}}],"inLanguage":"pt-BR"},{"@type":"Organization","@id":"https:\/\/www.suno.com.br\/noticias\/#organization","name":"Suno Not\u00edcias","url":"https:\/\/www.suno.com.br\/noticias\/","logo":{"@type":"ImageObject","inLanguage":"pt-BR","@id":"https:\/\/www.suno.com.br\/noticias\/#\/schema\/logo\/image\/","url":"https:\/\/files.sunoresearch.com.br\/n\/uploads\/2021\/09\/suno-logo.png","contentUrl":"https:\/\/files.sunoresearch.com.br\/n\/uploads\/2021\/09\/suno-logo.png","width":180,"height":180,"caption":"Suno Not\u00edcias"},"image":{"@id":"https:\/\/www.suno.com.br\/noticias\/#\/schema\/logo\/image\/"},"sameAs":["https:\/\/facebook.com\/sunoresearch","https:\/\/x.com\/sunoresearch","https:\/\/www.instagram.com\/suno","https:\/\/www.linkedin.com\/company\/suno-research\/","https:\/\/www.youtube.com\/c\/sunoresearch"]},{"@type":"Person","@id":"https:\/\/www.suno.com.br\/noticias\/#\/schema\/person\/918d79de1f0281f01599b93f9ea6e23f","name":"Jader Lazarini","image":{"@type":"ImageObject","inLanguage":"pt-BR","@id":"https:\/\/www.suno.com.br\/noticias\/#\/schema\/person\/image\/","url":"https:\/\/secure.gravatar.com\/avatar\/3c1ad8caa51589841baeb923fcddea97?s=96&r=g","contentUrl":"https:\/\/secure.gravatar.com\/avatar\/3c1ad8caa51589841baeb923fcddea97?s=96&r=g","caption":"Jader Lazarini"},"description":"Jader Lazarini escreve sobre investimentos, finan\u00e7as, economia e neg\u00f3cios. \u00c9 bacharel em Rela\u00e7\u00f5es Internacionais e analista CNPI (2619).","url":"https:\/\/www.suno.com.br\/noticias\/author\/jader-lazarini\/"}]}},"default_loop_html":"<div class=\"cardsPage__listCard__boxs\"><div class=\"cardsPage__listCard__boxs__img\"><a href=\"https:\/\/www.suno.com.br\/noticias\/ibovespa-vacinacao-ipo-bolsas-mundiais-commodities-18022021\/\"><img class=\"mask\" src=\"https:\/\/www.suno.com.br\/noticias\/wp-content\/themes\/suno\/resources\/images\/spotlight\/spotlight1img\/bg-mask.png\" alt=\"Image Mask\"\/><img src=\"https:\/\/files.sunoresearch.com.br\/n\/uploads\/2021\/01\/b691b249-pexels-pixabay-210607-400x200.webp\" alt=\"Ibovespa abre em leve alta; vacina\u00e7\u00e3o contra Covid-19 e IPO da CSN Minera\u00e7\u00e3o no radar\"\/><\/a><span class=\"spotlightCategory\"><a href=\"https:\/\/www.suno.com.br\/noticias\/mercado\/\">Mercado<\/a><\/span><\/div><div class=\"cardsPage__listCard__boxs__content\"><a href=\"https:\/\/www.suno.com.br\/noticias\/ibovespa-vacinacao-ipo-bolsas-mundiais-commodities-18022021\/\"><h2 class=\"content__title\">Ibovespa abre em leve alta; vacina\u00e7\u00e3o contra Covid-19 e IPO da CSN Minera\u00e7\u00e3o no radar<\/h2><\/a><div class=\"newsContent__article__meta\"><div class=\"newsContent__article__meta__authorBox\"><a href=\"https:\/\/www.suno.com.br\/noticias\/author\/jader-lazarini\/\" class=\"authorBox__avatar noMobi\"><img src=\"https:\/\/files.sunoresearch.com.br\/n\/uploads\/2021\/01\/178e6598-foto-perfil-2-150x150.jpg\" alt=\"Jader Lazarini\"><\/a><div class=\"authorBox__name\"><span>por\n\t\t\t<a href=\"https:\/\/www.suno.com.br\/noticias\/author\/jader-lazarini\/\"><span itemprop=\"author\">Jader Lazarini<\/span><\/a><\/span><time datetime=\"2021-02-18T10:39:42-03:00\" itemprop=\"datePublished\">18\/02\/2021 10:39<\/time><\/div><\/div><\/div><\/div><\/div>","single_layout":"posts","amp_enabled":true,"_links":{"self":[{"href":"https:\/\/www.suno.com.br\/noticias\/wp-json\/wp\/v2\/posts\/123568"}],"collection":[{"href":"https:\/\/www.suno.com.br\/noticias\/wp-json\/wp\/v2\/posts"}],"about":[{"href":"https:\/\/www.suno.com.br\/noticias\/wp-json\/wp\/v2\/types\/post"}],"author":[{"embeddable":true,"href":"https:\/\/www.suno.com.br\/noticias\/wp-json\/wp\/v2\/users\/24"}],"replies":[{"embeddable":true,"href":"https:\/\/www.suno.com.br\/noticias\/wp-json\/wp\/v2\/comments?post=123568"}],"version-history":[{"count":0,"href":"https:\/\/www.suno.com.br\/noticias\/wp-json\/wp\/v2\/posts\/123568\/revisions"}],"wp:featuredmedia":[{"embeddable":true,"href":"https:\/\/www.suno.com.br\/noticias\/wp-json\/wp\/v2\/media\/116667"}],"wp:attachment":[{"href":"https:\/\/www.suno.com.br\/noticias\/wp-json\/wp\/v2\/media?parent=123568"}],"wp:term":[{"taxonomy":"category","embeddable":true,"href":"https:\/\/www.suno.com.br\/noticias\/wp-json\/wp\/v2\/categories?post=123568"},{"taxonomy":"post_tag","embeddable":true,"href":"https:\/\/www.suno.com.br\/noticias\/wp-json\/wp\/v2\/tags?post=123568"},{"taxonomy":"suno_strategy","embeddable":true,"href":"https:\/\/www.suno.com.br\/noticias\/wp-json\/wp\/v2\/suno_strategy?post=123568"}],"curies":[{"name":"wp","href":"https:\/\/api.w.org\/{rel}","templated":true}]}}