{"id":12337,"date":"2019-01-20T11:32:32","date_gmt":"2019-01-20T13:32:32","guid":{"rendered":"https:\/\/www.suno.com.br\/noticias\/?p=12337"},"modified":"2021-02-17T22:49:52","modified_gmt":"2021-02-18T01:49:52","slug":"a-seguir-polemicas-na-familia-bolsonaro-e-inicio-de-davos","status":"publish","type":"post","link":"https:\/\/www.suno.com.br\/noticias\/a-seguir-polemicas-na-familia-bolsonaro-e-inicio-de-davos\/","title":{"rendered":"A seguir: Pol\u00eamicas na Fam\u00edlia Bolsonaro e Inicio de Davos"},"content":{"rendered":"<h2>O que deve movimentar a semana no Brasil<\/h2>\n<p><strong>Fam\u00edlia Bolsonaro e desgaste pol\u00edtico<\/strong><\/p>\t<div class=\"wrapper-featured-image\">\n\t\t<figure class=\"spotlightImg\">\n\n\t\t\t<picture>\n\t\t\t\t<source media=\"(max-width: 768px)\" srcset=\"https:\/\/files.sunoresearch.com.br\/n\/uploads\/2018\/09\/315b51da-growth-number-line-green-money-market-795492-pxhere.com_-400x200.webp\">\n\t\t\t\t<img loading=\"lazy\" decoding=\"async\" class=\"newsContent__article__imgCapa lazyloadDisabled newsContent__article__imgCapa--noCaption\" src=\"https:\/\/files.sunoresearch.com.br\/n\/uploads\/2018\/09\/315b51da-growth-number-line-green-money-market-795492-pxhere.com_-800x450.webp\" width=\"800\" height=\"450\" alt=\"A seguir: Pol\u00eamicas na Fam\u00edlia Bolsonaro e Inicio de Davos\" fetchpriority=high \/>\n\t\t\t<\/picture>\n\n\t\t\t<figcaption class=\"wp-caption-text wp-caption-text--hide\">Tesouro Direto 08\/04\/2019<\/figcaption>\n\t\t<\/figure>\n\t<\/div>\n\n<h2>O que deve movimentar a semana no Brasil<\/h2>\n\n<p>No Brasil o cen\u00e1rio pol\u00edtico segue aquecido, em especial com casos envolvendo a fam\u00edlia Bolsonaro.<\/p>\n<p>Ap\u00f3s o pedido de Fl\u00e1vio Bolsonaro para que a investiga\u00e7\u00e3o sobre seu caso envolvendo o ex-assessor Queiroz fosse levado ao STF devido ao seu foro privilegiado uma onda de cr\u00edticas atingiu o senador eleito e inevitavelmente seu pai, o presidente Jair Bolsonaro.<\/p>\n<p><a href=\"https:\/\/www.suno.com.br\/noticias\/flavio-bolsonaro-planalto-cautela\/\">Veja mais sobre:\u00a0Caso de Fl\u00e1vio Bolsonaro suscita cautela em Planalto<\/a><\/p>\n<p>No passado Fl\u00e1vio criticou o uso do Foro Privilegiado como uma forma de pol\u00edticos corruptos se protegerem, e ao usar o mesmo artificio legal, passou a sofrer duras cr\u00edticas.<\/p>\n<p>\u00c9 importante notar que mesmo o caso n\u00e3o envolvendo diretamente o presidente, o comportamento de seu filho afeta a sua imagem, e pode minar a sua base de apoio para conseguir aprovar as reformas necess\u00e1rias ao pa\u00eds ao ter que gastar capital pol\u00edtico com o tema.<\/p>\n<p>Na semana passada, Paulo Guedes, ministro da economia, apresentou uma proposta de novo modelo de previd\u00eancia por meio do regime de capitaliza\u00e7\u00e3o, que agora precisa ser melhor desenhado para ser levado para vota\u00e7\u00e3o no plen\u00e1rio.<\/p>\n<p><a href=\"https:\/\/www.suno.com.br\/noticias\/reforma-previdencia-congresso\/\">Veja mais sobre:\u00a0Reforma da Previd\u00eancia vai ao Congresso em fevereiro, diz secret\u00e1rio<\/a><\/p>\n<hr \/>\n<p><strong>CAGED e FOCUS liberados na semana<\/strong><\/p>\n<p>Se por um lado o momento pol\u00edtico tende a ser movimentado a semana ser\u00e1 fraca do ponto de vista econ\u00f4mico, com poucos eventos relevantes.<\/p>\n<p>Os dois principais s\u00e3o a libera\u00e7\u00e3o do boletim Focus amanh\u00e3 e dados do CAGED sobre empregos no dia 24.<\/p>\n<hr \/>\n<p><strong>Confian\u00e7a do consumidor tamb\u00e9m \u00e9 destaque<\/strong><\/p>\n<p>Na sexta a FGV tamb\u00e9m libera dados sobre o indicador de confian\u00e7a do consumidor, que pode dar pistas sobre como os recentes acontecimentos pol\u00edticos est\u00e3o afetando a capacidade da popula\u00e7\u00e3o em acreditar em melhoras gerais no pa\u00eds.<\/p>\n<p>Vale ressaltar que considerando que quase 60% do PIB \u00e9 composto por consumo, a confian\u00e7a do consumidor \u00e9 um importante indicador sobre o que se esperar para esse indicador.<\/p>\n<hr \/>\n<h2>O que deve movimentar o mundo essa semana<\/h2>\n<p><strong>F\u00f3rum Econ\u00f4mico Mundial em DAVOS<\/strong><\/p>\n<p>Nessa semana ter\u00e1 inicio o F\u00f3rum Econ\u00f4mico Mundial em Davos onde Jair Bolsonaro deve ser um dos destaques do ano.<\/p>\n<p>Lideres pol\u00edticos e empresariais de todo o mundo se re\u00fanem para apresentar e discutir propostas e previs\u00f5es econ\u00f4micas, e a Suno estar\u00e1 cobrindo o evento com foco em tudo o que for relevante para o investidor Brasileiro.<\/p>\n<p><a href=\"https:\/\/www.suno.com.br\/noticias\/davos-aumenta-pessimismo-ceo-crescimento-global\/\">Veja mais:\u00a0Davos: aumenta pessimismo dos CEOs com crescimento global<\/a><\/p>\n<p><a href=\"https:\/\/www.instagram.com\/sunonoticias\/\">Acompanhe no Suno Noticias e no nosso Instagram para ter cobertura exclusiva de tudo o que acontecer.<\/a><\/p>\n<hr \/>\n<p><strong>Negocia\u00e7\u00f5es sobre a Guerra Comercial entre EUA e China<\/strong><\/p>\n<p>Mesmo n\u00e3o comparecendo a Davos esse ano, Trump permanece nos holofotes ap\u00f3s comunicar que houveram avan\u00e7os nas conversas a respeito de um acordo com a China para por fim \u00e0 guerra comercial entre os pa\u00edses.<\/p>\n<p><a href=\"https:\/\/www.suno.com.br\/noticias\/china-eua-nova-negociacao\/\">Veja mais sobre:\u00a0Nova negocia\u00e7\u00e3o entre China e EUA deve ocorrer no fim do m\u00eas<\/a><\/p>\n<p>Esperasse que o Vice Premier chin\u00eas Liu He visite Washington entre os dias 30 e 31 desse m\u00eas para dar sequ\u00eancia \u00e0s negocia\u00e7\u00f5es.<\/p>\n<hr \/>\n<p><strong>Temporada de resultados continua nos EUA<\/strong><\/p>\n<p>Enquanto isso a temporada de resultados das empresas americanas continua forte, com mais de 60 delas liberando os dados referentes ao 4T18 nessa semana.<\/p>\n<p>Entre as empresas que merecem destaque especial est\u00e3o: Johnson &amp; Johnson, P&amp;G, IBM, American Airlines e Starbucks.<\/p>\n<p>As expectativas s\u00e3o altas para os ganhos das empresas, especialmente ap\u00f3s uma leva de resultados abaixo do esperado na \u00faltima semana.<\/p>\n<hr \/>\n<p><strong>Crescimento da China em foco<\/strong><\/p>\n<p>Voltando \u00e0 China, o pa\u00eds deve liberar nessa semana dados sobre o crescimento do PIB.<\/p>\n<p>A expectativa \u00e9 de que o pa\u00eds aponte um crescimento de 6,4% no 4\u00ba trimestre de 2018, abaixo dos 6,5% visto no 3\u00ba trimestre.<\/p>\n<p>Apesar de ainda ser um crescimento consider\u00e1vel alto, a China tem visto o seu ritmo desacelerar, e o resultado esperado pelo 4\u00ba Tri foi visto pela \u00faltima vez em 2009, no meio de uma das maiores crises financeiras da hist\u00f3ria.<\/p>\n<hr \/>\n<p><strong>Encontros dos BCs da Europa e Jap\u00e3o<\/strong><\/p>\n<p>Por fim, nessa semana tamb\u00e9m teremos encontros nos bancos centrais da Europa e Jap\u00e3o para discutir a pol\u00edtica econ\u00f4mica e monet\u00e1ria.<\/p>\n<p>Para a Europa a expectativa \u00e9 para com o discurso de Mario Draghi que deve acontecer na ter\u00e7a-feira, cerca de 45 minutos ap\u00f3s a reuni\u00e3o do BC Europeu, onde investidores esperam ter novas pistas sobre quando o BCE pretende elevar a taxa de juros do bloco.<\/p>\n<p>J\u00e1 no Jap\u00e3o a expectativa \u00e9 de que as taxas de juros se mantenham nos atuais -0,1% para os bonds de curto prazo e a 0% para os t\u00edtulos de longos.<\/p>\n<p>Esperasse que tamb\u00e9m sejam feitos cortes na previs\u00e3o de infla\u00e7\u00e3o do Jap\u00e3o devido a queda nos pre\u00e7os do petr\u00f3leo, mas que o pa\u00eds mantenha a vis\u00e3o de crescimento moderado da economia.<\/p>\n","protected":false},"excerpt":{"rendered":"<p>O que deve movimentar a semana no Brasil Fam\u00edlia Bolsonaro e desgaste pol\u00edtico Tesouro Direto 08\/04\/2019 O que deve movimentar a semana no Brasil No Brasil o cen\u00e1rio pol\u00edtico segue aquecido, em especial com casos envolvendo a fam\u00edlia Bolsonaro. Ap\u00f3s o pedido de Fl\u00e1vio Bolsonaro para que a investiga\u00e7\u00e3o sobre seu caso envolvendo o ex-assessor [&hellip;]<\/p>\n","protected":false},"author":2,"featured_media":3564,"comment_status":"closed","ping_status":"closed","sticky":false,"template":"","format":"standard","meta":[],"categories":[60],"tags":[1842,309,711,724,740,719],"suno_strategy":[],"class_list":["post-12337","post","type-post","status-publish","format-standard","has-post-thumbnail","hentry","category-mercado","tag-banco-central-bc","tag-bolsa-de-valores","tag-china","tag-donald-trump","tag-economia","tag-jair-bolsonaro"],"yoast_head":"<!-- This site is optimized with the Yoast SEO plugin v24.4 - https:\/\/yoast.com\/wordpress\/plugins\/seo\/ -->\n<title>A seguir: Pol\u00eamicas na Fam\u00edlia Bolsonaro e Inicio de Davos<\/title>\n<meta name=\"robots\" content=\"index, follow, max-snippet:-1, max-image-preview:large, max-video-preview:-1\" \/>\n<link rel=\"canonical\" href=\"https:\/\/www.suno.com.br\/noticias\/a-seguir-polemicas-na-familia-bolsonaro-e-inicio-de-davos\/\" \/>\n<meta property=\"og:locale\" content=\"pt_BR\" \/>\n<meta property=\"og:type\" content=\"article\" \/>\n<meta property=\"og:title\" content=\"A seguir: Pol\u00eamicas na Fam\u00edlia Bolsonaro e Inicio de Davos\" \/>\n<meta property=\"og:description\" content=\"O que deve movimentar a semana no Brasil Fam\u00edlia Bolsonaro e desgaste pol\u00edtico Tesouro Direto 08\/04\/2019 O que deve movimentar a semana no Brasil No Brasil o cen\u00e1rio pol\u00edtico segue aquecido, em especial com casos envolvendo a fam\u00edlia Bolsonaro. Ap\u00f3s o pedido de Fl\u00e1vio Bolsonaro para que a investiga\u00e7\u00e3o sobre seu caso envolvendo o ex-assessor [&hellip;]\" \/>\n<meta property=\"og:url\" content=\"https:\/\/www.suno.com.br\/noticias\/a-seguir-polemicas-na-familia-bolsonaro-e-inicio-de-davos\/\" \/>\n<meta property=\"og:site_name\" content=\"Suno Not\u00edcias\" \/>\n<meta property=\"article:publisher\" content=\"https:\/\/facebook.com\/sunoresearch\" \/>\n<meta property=\"article:author\" content=\"https:\/\/www.facebook.com\/joaovitor2763\" \/>\n<meta property=\"og:image\" content=\"https:\/\/files.sunoresearch.com.br\/n\/uploads\/2018\/09\/315b51da-growth-number-line-green-money-market-795492-pxhere.com_.jpg\" \/>\n\t<meta property=\"og:image:width\" content=\"2560\" \/>\n\t<meta property=\"og:image:height\" content=\"1707\" \/>\n\t<meta property=\"og:image:type\" content=\"image\/jpeg\" \/>\n<meta name=\"author\" content=\"Jo\u00e3o Vitor Chaves Silva\" \/>\n<meta name=\"twitter:card\" content=\"summary_large_image\" \/>\n<meta name=\"twitter:creator\" content=\"@https:\/\/twitter.com\/joaovitor2763\" \/>\n<meta name=\"twitter:site\" content=\"@sunoresearch\" \/>\n<meta name=\"twitter:label1\" content=\"Escrito por\" \/>\n\t<meta name=\"twitter:data1\" content=\"Jo\u00e3o Vitor Chaves Silva\" \/>\n\t<meta name=\"twitter:label2\" content=\"Est. tempo de leitura\" \/>\n\t<meta name=\"twitter:data2\" content=\"4 minutos\" \/>\n<script type=\"application\/ld+json\" class=\"yoast-schema-graph\">{\"@context\":\"https:\/\/schema.org\",\"@graph\":[{\"@type\":\"NewsArticle\",\"@id\":\"https:\/\/www.suno.com.br\/noticias\/a-seguir-polemicas-na-familia-bolsonaro-e-inicio-de-davos\/#article\",\"isPartOf\":{\"@id\":\"https:\/\/www.suno.com.br\/noticias\/a-seguir-polemicas-na-familia-bolsonaro-e-inicio-de-davos\/\"},\"author\":{\"name\":\"Jo\u00e3o Vitor Chaves Silva\",\"@id\":\"https:\/\/www.suno.com.br\/noticias\/#\/schema\/person\/962c5e214a16b408badbd2e3e889decc\"},\"headline\":\"A seguir: Pol\u00eamicas na Fam\u00edlia Bolsonaro e Inicio de Davos\",\"datePublished\":\"2019-01-20T13:32:32+00:00\",\"dateModified\":\"2021-02-18T01:49:52+00:00\",\"mainEntityOfPage\":{\"@id\":\"https:\/\/www.suno.com.br\/noticias\/a-seguir-polemicas-na-familia-bolsonaro-e-inicio-de-davos\/\"},\"wordCount\":864,\"publisher\":{\"@id\":\"https:\/\/www.suno.com.br\/noticias\/#organization\"},\"image\":{\"@id\":\"https:\/\/www.suno.com.br\/noticias\/a-seguir-polemicas-na-familia-bolsonaro-e-inicio-de-davos\/#primaryimage\"},\"thumbnailUrl\":\"https:\/\/files.sunoresearch.com.br\/n\/uploads\/2018\/09\/315b51da-growth-number-line-green-money-market-795492-pxhere.com_-jpg.webp\",\"keywords\":[\"Banco Central (BC)\",\"Bolsa de Valores\",\"China\",\"Donald Trump\",\"Economia\",\"Jair Bolsonaro\"],\"articleSection\":[\"Mercado\"],\"inLanguage\":\"pt-BR\"},{\"@type\":\"WebPage\",\"@id\":\"https:\/\/www.suno.com.br\/noticias\/a-seguir-polemicas-na-familia-bolsonaro-e-inicio-de-davos\/\",\"url\":\"https:\/\/www.suno.com.br\/noticias\/a-seguir-polemicas-na-familia-bolsonaro-e-inicio-de-davos\/\",\"name\":\"A seguir: Pol\u00eamicas na Fam\u00edlia Bolsonaro e Inicio de Davos\",\"isPartOf\":{\"@id\":\"https:\/\/www.suno.com.br\/noticias\/#website\"},\"primaryImageOfPage\":{\"@id\":\"https:\/\/www.suno.com.br\/noticias\/a-seguir-polemicas-na-familia-bolsonaro-e-inicio-de-davos\/#primaryimage\"},\"image\":{\"@id\":\"https:\/\/www.suno.com.br\/noticias\/a-seguir-polemicas-na-familia-bolsonaro-e-inicio-de-davos\/#primaryimage\"},\"thumbnailUrl\":\"https:\/\/files.sunoresearch.com.br\/n\/uploads\/2018\/09\/315b51da-growth-number-line-green-money-market-795492-pxhere.com_-jpg.webp\",\"datePublished\":\"2019-01-20T13:32:32+00:00\",\"dateModified\":\"2021-02-18T01:49:52+00:00\",\"breadcrumb\":{\"@id\":\"https:\/\/www.suno.com.br\/noticias\/a-seguir-polemicas-na-familia-bolsonaro-e-inicio-de-davos\/#breadcrumb\"},\"inLanguage\":\"pt-BR\",\"potentialAction\":[{\"@type\":\"ReadAction\",\"target\":[\"https:\/\/www.suno.com.br\/noticias\/a-seguir-polemicas-na-familia-bolsonaro-e-inicio-de-davos\/\"]}]},{\"@type\":\"ImageObject\",\"inLanguage\":\"pt-BR\",\"@id\":\"https:\/\/www.suno.com.br\/noticias\/a-seguir-polemicas-na-familia-bolsonaro-e-inicio-de-davos\/#primaryimage\",\"url\":\"https:\/\/files.sunoresearch.com.br\/n\/uploads\/2018\/09\/315b51da-growth-number-line-green-money-market-795492-pxhere.com_-jpg.webp\",\"contentUrl\":\"https:\/\/files.sunoresearch.com.br\/n\/uploads\/2018\/09\/315b51da-growth-number-line-green-money-market-795492-pxhere.com_-jpg.webp\",\"width\":2560,\"height\":1707,\"caption\":\"Tesouro Direto 08\/04\/2019\"},{\"@type\":\"BreadcrumbList\",\"@id\":\"https:\/\/www.suno.com.br\/noticias\/a-seguir-polemicas-na-familia-bolsonaro-e-inicio-de-davos\/#breadcrumb\",\"itemListElement\":[{\"@type\":\"ListItem\",\"position\":1,\"name\":\"Not\u00edcias\",\"item\":\"https:\/\/www.suno.com.br\/noticias\/\"},{\"@type\":\"ListItem\",\"position\":2,\"name\":\"Mercado\",\"item\":\"https:\/\/www.suno.com.br\/noticias\/mercado\/\"},{\"@type\":\"ListItem\",\"position\":3,\"name\":\"A seguir: Pol\u00eamicas na Fam\u00edlia Bolsonaro e Inicio de Davos\"}]},{\"@type\":\"WebSite\",\"@id\":\"https:\/\/www.suno.com.br\/noticias\/#website\",\"url\":\"https:\/\/www.suno.com.br\/noticias\/\",\"name\":\"Suno Not\u00edcias\",\"description\":\"Seu portal de informa\u00e7\u00e3o sobre o mundo dos investimentos\",\"publisher\":{\"@id\":\"https:\/\/www.suno.com.br\/noticias\/#organization\"},\"potentialAction\":[{\"@type\":\"SearchAction\",\"target\":{\"@type\":\"EntryPoint\",\"urlTemplate\":\"https:\/\/www.suno.com.br\/noticias\/?s={search_term_string}\"},\"query-input\":{\"@type\":\"PropertyValueSpecification\",\"valueRequired\":true,\"valueName\":\"search_term_string\"}}],\"inLanguage\":\"pt-BR\"},{\"@type\":\"Organization\",\"@id\":\"https:\/\/www.suno.com.br\/noticias\/#organization\",\"name\":\"Suno Not\u00edcias\",\"url\":\"https:\/\/www.suno.com.br\/noticias\/\",\"logo\":{\"@type\":\"ImageObject\",\"inLanguage\":\"pt-BR\",\"@id\":\"https:\/\/www.suno.com.br\/noticias\/#\/schema\/logo\/image\/\",\"url\":\"https:\/\/files.sunoresearch.com.br\/n\/uploads\/2021\/09\/suno-logo.png\",\"contentUrl\":\"https:\/\/files.sunoresearch.com.br\/n\/uploads\/2021\/09\/suno-logo.png\",\"width\":180,\"height\":180,\"caption\":\"Suno Not\u00edcias\"},\"image\":{\"@id\":\"https:\/\/www.suno.com.br\/noticias\/#\/schema\/logo\/image\/\"},\"sameAs\":[\"https:\/\/facebook.com\/sunoresearch\",\"https:\/\/x.com\/sunoresearch\",\"https:\/\/www.instagram.com\/suno\",\"https:\/\/www.linkedin.com\/company\/suno-research\/\",\"https:\/\/www.youtube.com\/c\/sunoresearch\"]},{\"@type\":\"Person\",\"@id\":\"https:\/\/www.suno.com.br\/noticias\/#\/schema\/person\/962c5e214a16b408badbd2e3e889decc\",\"name\":\"Jo\u00e3o Vitor Chaves Silva\",\"image\":{\"@type\":\"ImageObject\",\"inLanguage\":\"pt-BR\",\"@id\":\"https:\/\/www.suno.com.br\/noticias\/#\/schema\/person\/image\/\",\"url\":\"https:\/\/secure.gravatar.com\/avatar\/e2e62d3d83007a9c98150149e35d1c78?s=96&r=g\",\"contentUrl\":\"https:\/\/secure.gravatar.com\/avatar\/e2e62d3d83007a9c98150149e35d1c78?s=96&r=g\",\"caption\":\"Jo\u00e3o Vitor Chaves Silva\"},\"description\":\"Fundador do Empreenda Junto, 2\u00ba\u00a0Maior comunidade online de empreendedores do Brasil, 1\u00ba\u00a0Brasileiro e Pessoa mais jovem a receber o t\u00edtulo de Teacher Of New Ventures And Leadership pelo MIT GEB, COO da Suno Research.\",\"sameAs\":[\"https:\/\/www.suno.com.br\",\"https:\/\/www.facebook.com\/joaovitor2763\",\"https:\/\/x.com\/https:\/\/twitter.com\/joaovitor2763\"],\"url\":\"https:\/\/www.suno.com.br\/noticias\/author\/joao-vitor\/\"}]}<\/script>\n<!-- \/ Yoast SEO plugin. -->","yoast_head_json":{"title":"A seguir: Pol\u00eamicas na Fam\u00edlia Bolsonaro e Inicio de Davos","robots":{"index":"index","follow":"follow","max-snippet":"max-snippet:-1","max-image-preview":"max-image-preview:large","max-video-preview":"max-video-preview:-1"},"canonical":"https:\/\/www.suno.com.br\/noticias\/a-seguir-polemicas-na-familia-bolsonaro-e-inicio-de-davos\/","og_locale":"pt_BR","og_type":"article","og_title":"A seguir: Pol\u00eamicas na Fam\u00edlia Bolsonaro e Inicio de Davos","og_description":"O que deve movimentar a semana no Brasil Fam\u00edlia Bolsonaro e desgaste pol\u00edtico Tesouro Direto 08\/04\/2019 O que deve movimentar a semana no Brasil No Brasil o cen\u00e1rio pol\u00edtico segue aquecido, em especial com casos envolvendo a fam\u00edlia Bolsonaro. Ap\u00f3s o pedido de Fl\u00e1vio Bolsonaro para que a investiga\u00e7\u00e3o sobre seu caso envolvendo o ex-assessor [&hellip;]","og_url":"https:\/\/www.suno.com.br\/noticias\/a-seguir-polemicas-na-familia-bolsonaro-e-inicio-de-davos\/","og_site_name":"Suno Not\u00edcias","article_publisher":"https:\/\/facebook.com\/sunoresearch","article_author":"https:\/\/www.facebook.com\/joaovitor2763","og_image":[{"width":2560,"height":1707,"url":"https:\/\/files.sunoresearch.com.br\/n\/uploads\/2018\/09\/315b51da-growth-number-line-green-money-market-795492-pxhere.com_.jpg","type":"image\/jpeg"}],"author":"Jo\u00e3o Vitor Chaves Silva","twitter_card":"summary_large_image","twitter_creator":"@https:\/\/twitter.com\/joaovitor2763","twitter_site":"@sunoresearch","twitter_misc":{"Escrito por":"Jo\u00e3o Vitor Chaves Silva","Est. tempo de leitura":"4 minutos"},"schema":{"@context":"https:\/\/schema.org","@graph":[{"@type":"NewsArticle","@id":"https:\/\/www.suno.com.br\/noticias\/a-seguir-polemicas-na-familia-bolsonaro-e-inicio-de-davos\/#article","isPartOf":{"@id":"https:\/\/www.suno.com.br\/noticias\/a-seguir-polemicas-na-familia-bolsonaro-e-inicio-de-davos\/"},"author":{"name":"Jo\u00e3o Vitor Chaves Silva","@id":"https:\/\/www.suno.com.br\/noticias\/#\/schema\/person\/962c5e214a16b408badbd2e3e889decc"},"headline":"A seguir: Pol\u00eamicas na Fam\u00edlia Bolsonaro e Inicio de Davos","datePublished":"2019-01-20T13:32:32+00:00","dateModified":"2021-02-18T01:49:52+00:00","mainEntityOfPage":{"@id":"https:\/\/www.suno.com.br\/noticias\/a-seguir-polemicas-na-familia-bolsonaro-e-inicio-de-davos\/"},"wordCount":864,"publisher":{"@id":"https:\/\/www.suno.com.br\/noticias\/#organization"},"image":{"@id":"https:\/\/www.suno.com.br\/noticias\/a-seguir-polemicas-na-familia-bolsonaro-e-inicio-de-davos\/#primaryimage"},"thumbnailUrl":"https:\/\/files.sunoresearch.com.br\/n\/uploads\/2018\/09\/315b51da-growth-number-line-green-money-market-795492-pxhere.com_-jpg.webp","keywords":["Banco Central (BC)","Bolsa de Valores","China","Donald Trump","Economia","Jair Bolsonaro"],"articleSection":["Mercado"],"inLanguage":"pt-BR"},{"@type":"WebPage","@id":"https:\/\/www.suno.com.br\/noticias\/a-seguir-polemicas-na-familia-bolsonaro-e-inicio-de-davos\/","url":"https:\/\/www.suno.com.br\/noticias\/a-seguir-polemicas-na-familia-bolsonaro-e-inicio-de-davos\/","name":"A seguir: Pol\u00eamicas na Fam\u00edlia Bolsonaro e Inicio de Davos","isPartOf":{"@id":"https:\/\/www.suno.com.br\/noticias\/#website"},"primaryImageOfPage":{"@id":"https:\/\/www.suno.com.br\/noticias\/a-seguir-polemicas-na-familia-bolsonaro-e-inicio-de-davos\/#primaryimage"},"image":{"@id":"https:\/\/www.suno.com.br\/noticias\/a-seguir-polemicas-na-familia-bolsonaro-e-inicio-de-davos\/#primaryimage"},"thumbnailUrl":"https:\/\/files.sunoresearch.com.br\/n\/uploads\/2018\/09\/315b51da-growth-number-line-green-money-market-795492-pxhere.com_-jpg.webp","datePublished":"2019-01-20T13:32:32+00:00","dateModified":"2021-02-18T01:49:52+00:00","breadcrumb":{"@id":"https:\/\/www.suno.com.br\/noticias\/a-seguir-polemicas-na-familia-bolsonaro-e-inicio-de-davos\/#breadcrumb"},"inLanguage":"pt-BR","potentialAction":[{"@type":"ReadAction","target":["https:\/\/www.suno.com.br\/noticias\/a-seguir-polemicas-na-familia-bolsonaro-e-inicio-de-davos\/"]}]},{"@type":"ImageObject","inLanguage":"pt-BR","@id":"https:\/\/www.suno.com.br\/noticias\/a-seguir-polemicas-na-familia-bolsonaro-e-inicio-de-davos\/#primaryimage","url":"https:\/\/files.sunoresearch.com.br\/n\/uploads\/2018\/09\/315b51da-growth-number-line-green-money-market-795492-pxhere.com_-jpg.webp","contentUrl":"https:\/\/files.sunoresearch.com.br\/n\/uploads\/2018\/09\/315b51da-growth-number-line-green-money-market-795492-pxhere.com_-jpg.webp","width":2560,"height":1707,"caption":"Tesouro Direto 08\/04\/2019"},{"@type":"BreadcrumbList","@id":"https:\/\/www.suno.com.br\/noticias\/a-seguir-polemicas-na-familia-bolsonaro-e-inicio-de-davos\/#breadcrumb","itemListElement":[{"@type":"ListItem","position":1,"name":"Not\u00edcias","item":"https:\/\/www.suno.com.br\/noticias\/"},{"@type":"ListItem","position":2,"name":"Mercado","item":"https:\/\/www.suno.com.br\/noticias\/mercado\/"},{"@type":"ListItem","position":3,"name":"A seguir: Pol\u00eamicas na Fam\u00edlia Bolsonaro e Inicio de Davos"}]},{"@type":"WebSite","@id":"https:\/\/www.suno.com.br\/noticias\/#website","url":"https:\/\/www.suno.com.br\/noticias\/","name":"Suno Not\u00edcias","description":"Seu portal de informa\u00e7\u00e3o sobre o mundo dos investimentos","publisher":{"@id":"https:\/\/www.suno.com.br\/noticias\/#organization"},"potentialAction":[{"@type":"SearchAction","target":{"@type":"EntryPoint","urlTemplate":"https:\/\/www.suno.com.br\/noticias\/?s={search_term_string}"},"query-input":{"@type":"PropertyValueSpecification","valueRequired":true,"valueName":"search_term_string"}}],"inLanguage":"pt-BR"},{"@type":"Organization","@id":"https:\/\/www.suno.com.br\/noticias\/#organization","name":"Suno Not\u00edcias","url":"https:\/\/www.suno.com.br\/noticias\/","logo":{"@type":"ImageObject","inLanguage":"pt-BR","@id":"https:\/\/www.suno.com.br\/noticias\/#\/schema\/logo\/image\/","url":"https:\/\/files.sunoresearch.com.br\/n\/uploads\/2021\/09\/suno-logo.png","contentUrl":"https:\/\/files.sunoresearch.com.br\/n\/uploads\/2021\/09\/suno-logo.png","width":180,"height":180,"caption":"Suno Not\u00edcias"},"image":{"@id":"https:\/\/www.suno.com.br\/noticias\/#\/schema\/logo\/image\/"},"sameAs":["https:\/\/facebook.com\/sunoresearch","https:\/\/x.com\/sunoresearch","https:\/\/www.instagram.com\/suno","https:\/\/www.linkedin.com\/company\/suno-research\/","https:\/\/www.youtube.com\/c\/sunoresearch"]},{"@type":"Person","@id":"https:\/\/www.suno.com.br\/noticias\/#\/schema\/person\/962c5e214a16b408badbd2e3e889decc","name":"Jo\u00e3o Vitor Chaves Silva","image":{"@type":"ImageObject","inLanguage":"pt-BR","@id":"https:\/\/www.suno.com.br\/noticias\/#\/schema\/person\/image\/","url":"https:\/\/secure.gravatar.com\/avatar\/e2e62d3d83007a9c98150149e35d1c78?s=96&r=g","contentUrl":"https:\/\/secure.gravatar.com\/avatar\/e2e62d3d83007a9c98150149e35d1c78?s=96&r=g","caption":"Jo\u00e3o Vitor Chaves Silva"},"description":"Fundador do Empreenda Junto, 2\u00ba\u00a0Maior comunidade online de empreendedores do Brasil, 1\u00ba\u00a0Brasileiro e Pessoa mais jovem a receber o t\u00edtulo de Teacher Of New Ventures And Leadership pelo MIT GEB, COO da Suno Research.","sameAs":["https:\/\/www.suno.com.br","https:\/\/www.facebook.com\/joaovitor2763","https:\/\/x.com\/https:\/\/twitter.com\/joaovitor2763"],"url":"https:\/\/www.suno.com.br\/noticias\/author\/joao-vitor\/"}]}},"default_loop_html":"<div class=\"cardsPage__listCard__boxs\"><div class=\"cardsPage__listCard__boxs__img\"><a href=\"https:\/\/www.suno.com.br\/noticias\/a-seguir-polemicas-na-familia-bolsonaro-e-inicio-de-davos\/\"><img class=\"mask\" src=\"https:\/\/www.suno.com.br\/noticias\/wp-content\/themes\/suno\/resources\/images\/spotlight\/spotlight1img\/bg-mask.png\" alt=\"Image Mask\"\/><img src=\"https:\/\/files.sunoresearch.com.br\/n\/uploads\/2018\/09\/315b51da-growth-number-line-green-money-market-795492-pxhere.com_-400x200.webp\" alt=\"A seguir: Pol\u00eamicas na Fam\u00edlia Bolsonaro e Inicio de Davos\"\/><\/a><span class=\"spotlightCategory\"><a href=\"https:\/\/www.suno.com.br\/noticias\/mercado\/\">Mercado<\/a><\/span><\/div><div class=\"cardsPage__listCard__boxs__content\"><a href=\"https:\/\/www.suno.com.br\/noticias\/a-seguir-polemicas-na-familia-bolsonaro-e-inicio-de-davos\/\"><h2 class=\"content__title\">A seguir: Pol\u00eamicas na Fam\u00edlia Bolsonaro e Inicio de Davos<\/h2><\/a><div class=\"newsContent__article__meta\"><div class=\"newsContent__article__meta__authorBox\"><a href=\"https:\/\/www.suno.com.br\/noticias\/author\/joao-vitor\/\" class=\"authorBox__avatar noMobi\"><img src=\"https:\/\/secure.gravatar.com\/avatar\/e2e62d3d83007a9c98150149e35d1c78?s=96&#038;r=g\" alt=\"Jo\u00e3o Vitor Chaves Silva\"><\/a><div class=\"authorBox__name\"><span>por\n\t\t\t<a href=\"https:\/\/www.suno.com.br\/noticias\/author\/joao-vitor\/\"><span itemprop=\"author\">Jo\u00e3o Vitor Chaves Silva<\/span><\/a><\/span><time datetime=\"2019-01-20T11:32:32-02:00\" itemprop=\"datePublished\">20\/01\/2019 11:32<\/time><\/div><\/div><\/div><\/div><\/div>","single_layout":"posts","amp_enabled":true,"_links":{"self":[{"href":"https:\/\/www.suno.com.br\/noticias\/wp-json\/wp\/v2\/posts\/12337"}],"collection":[{"href":"https:\/\/www.suno.com.br\/noticias\/wp-json\/wp\/v2\/posts"}],"about":[{"href":"https:\/\/www.suno.com.br\/noticias\/wp-json\/wp\/v2\/types\/post"}],"author":[{"embeddable":true,"href":"https:\/\/www.suno.com.br\/noticias\/wp-json\/wp\/v2\/users\/2"}],"replies":[{"embeddable":true,"href":"https:\/\/www.suno.com.br\/noticias\/wp-json\/wp\/v2\/comments?post=12337"}],"version-history":[{"count":0,"href":"https:\/\/www.suno.com.br\/noticias\/wp-json\/wp\/v2\/posts\/12337\/revisions"}],"wp:featuredmedia":[{"embeddable":true,"href":"https:\/\/www.suno.com.br\/noticias\/wp-json\/wp\/v2\/media\/3564"}],"wp:attachment":[{"href":"https:\/\/www.suno.com.br\/noticias\/wp-json\/wp\/v2\/media?parent=12337"}],"wp:term":[{"taxonomy":"category","embeddable":true,"href":"https:\/\/www.suno.com.br\/noticias\/wp-json\/wp\/v2\/categories?post=12337"},{"taxonomy":"post_tag","embeddable":true,"href":"https:\/\/www.suno.com.br\/noticias\/wp-json\/wp\/v2\/tags?post=12337"},{"taxonomy":"suno_strategy","embeddable":true,"href":"https:\/\/www.suno.com.br\/noticias\/wp-json\/wp\/v2\/suno_strategy?post=12337"}],"curies":[{"name":"wp","href":"https:\/\/api.w.org\/{rel}","templated":true}]}}