{"id":12336,"date":"2019-01-20T11:39:34","date_gmt":"2019-01-20T13:39:34","guid":{"rendered":"https:\/\/www.suno.com.br\/noticias\/?p=12336"},"modified":"2021-02-18T17:54:17","modified_gmt":"2021-02-18T20:54:17","slug":"trump-negocia-protecao-imigrantes-verbas-muro","status":"publish","type":"post","link":"https:\/\/www.suno.com.br\/noticias\/trump-negocia-protecao-imigrantes-verbas-muro\/","title":{"rendered":"Trump negocia estender prote\u00e7\u00e3o aos imigrantes em troca de verbas para muro"},"content":{"rendered":"<p>O presidente dos Estados Unidos, <a href=\"https:\/\/www.suno.com.br\/tudo-sobre\/donald-trump\/\">Donald Trump<\/a>, ofereceu estender a prote\u00e7\u00e3o aos imigrantes em troca de um poss\u00edvel acordo com democratas para a aprova\u00e7\u00e3o do or\u00e7amento na constru\u00e7\u00e3o do muro na fronteira com o M\u00e9xico.<\/p>\t<div class=\"wrapper-featured-image\">\n\t\t<figure class=\"spotlightImg\">\n\n\t\t\t<picture>\n\t\t\t\t<source media=\"(max-width: 768px)\" srcset=\"https:\/\/files.sunoresearch.com.br\/n\/uploads\/2018\/08\/1c814252-donald-trump-400x200.webp\">\n\t\t\t\t<img loading=\"lazy\" decoding=\"async\" class=\"newsContent__article__imgCapa lazyloadDisabled newsContent__article__imgCapa--noCaption\" src=\"https:\/\/files.sunoresearch.com.br\/n\/uploads\/2018\/08\/1c814252-donald-trump-800x450.webp\" width=\"800\" height=\"450\" alt=\"Trump negocia estender prote\u00e7\u00e3o aos imigrantes em troca de verbas para muro\" fetchpriority=high \/>\n\t\t\t<\/picture>\n\n\t\t\t<figcaption class=\"wp-caption-text wp-caption-text--hide\"><\/figcaption>\n\t\t<\/figure>\n\t<\/div>\n\n\n<p>A fala do presidente <strong>Donald Trump<\/strong> ocorreu no \u00faltimo s\u00e1bado (19). Democratas e o presidente americano vem travando uma batalha.\u00a0 <strong>Trump<\/strong> deseja que congressistas democratas aprovem U$ 5,7 bilh\u00f5es (R$ 21,3 bilh\u00f5es) no or\u00e7amento de 2019 para financiar o muro no <strong>M\u00e9xico<\/strong>. Enquanto isso, o governo segue paralisado a 29 dias, a mais longa paralisa\u00e7\u00e3o (<strong>shutdown<\/strong>) da hist\u00f3ria americana.<\/p>\n<p><a href=\"https:\/\/www.suno.com.br\/noticias\/trump-abandona-reuniao-democratas-paralisacao\/\">Saiba mais:\u00a0Trump abandona reuni\u00e3o com democratas sobre paralisa\u00e7\u00e3o do governo<\/a><\/p>\n<p>Em seu pacote de negocia\u00e7\u00f5es com democratas, <strong>Trump<\/strong> prop\u00f5e:<\/p>\n<ul>\n<li>apoiar uma legisla\u00e7\u00e3o que protege por tr\u00eas anos jovens imigrantes (dreamers);<\/li>\n<li>estender o prazo para portadores de status tempor\u00e1rios;<\/li>\n<li>US$ 800 milh\u00f5es para assist\u00eancia humanit\u00e1ria;<\/li>\n<li>US$ 805 milh\u00f5es para detec\u00e7\u00e3o de drogas;<\/li>\n<li>constru\u00e7\u00e3o de &#8220;uma barreira com 230 milhas, ao custo de US$ 5,7 bilh\u00f5es&#8221;;<\/li>\n<li>75 novos ju\u00edzes de imigra\u00e7\u00e3o;<\/li>\n<\/ul>\n<p>Em troca, o presidente americano quer que a bancada democrata aprove as verbas do muro.<\/p>\n<p>&#8220;Estou aqui para quebrar o impasse e fornecer ao Congresso um caminho para o fim do shutdown e resolver logo a crise ao longo da fronteira sul&#8221;, disse <strong>Trump<\/strong>, durante o pronunciamento.<\/p>\n<p>Al\u00e9m disso, o l\u00edder americano afirmou que estava oferecendo um &#8220;compromisso de bom senso&#8221; que deveria ser aceito por ambos os lados.<\/p>\n<h2>Democratas x Trump<\/h2>\n<p>Apesar do discurso otimista do presidente e da apresenta\u00e7\u00e3o do plano, os democratas seguem contr\u00e1rios a proposta da constru\u00e7\u00e3o do muro.<\/p>\n<p>A presidente da C\u00e2mara, Nancy Pelosi, informou em comunicado que, &#8220;infelizmente, os relatos iniciais deixam claro que sua proposta \u00e9 uma compila\u00e7\u00e3o de v\u00e1rias iniciativas anteriormente rejeitadas, cada uma das quais \u00e9 inaceit\u00e1vel e, no total, n\u00e3o representa um esfor\u00e7o de boa-f\u00e9 para restaurar a certeza na vida das pessoas. \u00c9 improv\u00e1vel que qualquer uma dessas disposi\u00e7\u00f5es passe sozinha pela C\u00e2mara e, em conjunto, elas s\u00e3o inaceit\u00e1veis&#8221;.<\/p>\n<p>O Partido Democrata tem a maioria da C\u00e2mara e se recusa a aprovar o or\u00e7amento para a constru\u00e7\u00e3o do muro por considerar a medida &#8220;cara demais, ineficaz e imoral&#8221;.<\/p>\n<p><a href=\"https:\/\/www.suno.com.br\/noticias\/eua-quer-exportar-mais\/\">Saiba mais: Estados Unidos querem exportar mais trigo e etanol<\/a><\/p>\n<p>Para a quest\u00e3o da seguran\u00e7a na fronteira, os democratas oferecem um investimento de US$ 1 bilh\u00e3o, por\u00e9m sem a constru\u00e7\u00e3o do muro.<\/p>\n<h2>Trump e a imigra\u00e7\u00e3o<\/h2>\n<p>O muro da fronteira com o <strong>M\u00e9xico<\/strong> era uma das principais promessas de campanha de <strong>Trump<\/strong>. Para o presidente americano, o sistema de imigra\u00e7\u00e3o esta falido e possui in\u00fameros problemas, como tr\u00e1fico de drogas e ataques violentos a mulheres e crian\u00e7as na fronteira.<\/p>\n<p>&#8220;Nosso sistema de imigra\u00e7\u00e3o deveria ser objeto de orgulho e n\u00e3o motivo de vergonha, como \u00e9 agora, vergonha perante o mundo todo&#8221;, afirmou <strong>Donald Trump<\/strong>.<\/p>\n","protected":false},"excerpt":{"rendered":"<p>O presidente dos Estados Unidos, Donald Trump, ofereceu estender a prote\u00e7\u00e3o aos imigrantes em troca de um poss\u00edvel acordo com democratas para a aprova\u00e7\u00e3o do or\u00e7amento na constru\u00e7\u00e3o do muro na fronteira com o M\u00e9xico. A fala do presidente Donald Trump ocorreu no \u00faltimo s\u00e1bado (19). Democratas e o presidente americano vem travando uma batalha.\u00a0 [&hellip;]<\/p>\n","protected":false},"author":14,"featured_media":2997,"comment_status":"closed","ping_status":"closed","sticky":false,"template":"","format":"standard","meta":[],"categories":[63],"tags":[724,793,729],"suno_strategy":[],"class_list":["post-12336","post","type-post","status-publish","format-standard","has-post-thumbnail","hentry","category-internacional","tag-donald-trump","tag-estados-unidos-eua","tag-mexico"],"yoast_head":"<!-- This site is optimized with the Yoast SEO plugin v24.4 - https:\/\/yoast.com\/wordpress\/plugins\/seo\/ -->\n<title>Trump negocia estender prote\u00e7\u00e3o aos imigrantes em troca de verbas para muro<\/title>\n<meta name=\"description\" content=\"Donald Trump apresentou uma s\u00e9rie de medidas para tentar aprovar a contru\u00e7\u00e3o do muro na fronteira com o M\u00e9xico. Clique para saber mais.\" \/>\n<meta name=\"robots\" content=\"index, follow, max-snippet:-1, max-image-preview:large, max-video-preview:-1\" \/>\n<link rel=\"canonical\" href=\"https:\/\/www.suno.com.br\/noticias\/trump-negocia-protecao-imigrantes-verbas-muro\/\" \/>\n<meta property=\"og:locale\" content=\"pt_BR\" \/>\n<meta property=\"og:type\" content=\"article\" \/>\n<meta property=\"og:title\" content=\"Trump negocia estender prote\u00e7\u00e3o aos imigrantes em troca de verbas para muro\" \/>\n<meta property=\"og:description\" content=\"Donald Trump apresentou uma s\u00e9rie de medidas para tentar aprovar a contru\u00e7\u00e3o do muro na fronteira com o M\u00e9xico. Clique para saber mais.\" \/>\n<meta property=\"og:url\" content=\"https:\/\/www.suno.com.br\/noticias\/trump-negocia-protecao-imigrantes-verbas-muro\/\" \/>\n<meta property=\"og:site_name\" content=\"Suno Not\u00edcias\" \/>\n<meta property=\"article:publisher\" content=\"https:\/\/facebook.com\/sunoresearch\" \/>\n<meta property=\"og:image\" content=\"https:\/\/files.sunoresearch.com.br\/n\/uploads\/2018\/08\/1c814252-donald-trump.png\" \/>\n\t<meta property=\"og:image:width\" content=\"1659\" \/>\n\t<meta property=\"og:image:height\" content=\"601\" \/>\n\t<meta property=\"og:image:type\" content=\"image\/png\" \/>\n<meta name=\"author\" content=\"Renan Dantas\" \/>\n<meta name=\"twitter:card\" content=\"summary_large_image\" \/>\n<meta name=\"twitter:creator\" content=\"@sunoresearch\" \/>\n<meta name=\"twitter:site\" content=\"@sunoresearch\" \/>\n<meta name=\"twitter:label1\" content=\"Escrito por\" \/>\n\t<meta name=\"twitter:data1\" content=\"Renan Dantas\" \/>\n\t<meta name=\"twitter:label2\" content=\"Est. tempo de leitura\" \/>\n\t<meta name=\"twitter:data2\" content=\"3 minutos\" \/>\n<script type=\"application\/ld+json\" class=\"yoast-schema-graph\">{\"@context\":\"https:\/\/schema.org\",\"@graph\":[{\"@type\":\"NewsArticle\",\"@id\":\"https:\/\/www.suno.com.br\/noticias\/trump-negocia-protecao-imigrantes-verbas-muro\/#article\",\"isPartOf\":{\"@id\":\"https:\/\/www.suno.com.br\/noticias\/trump-negocia-protecao-imigrantes-verbas-muro\/\"},\"author\":{\"name\":\"Renan Dantas\",\"@id\":\"https:\/\/www.suno.com.br\/noticias\/#\/schema\/person\/3f7693d5795a3f6d5ce15309ee785699\"},\"headline\":\"Trump negocia estender prote\u00e7\u00e3o aos imigrantes em troca de verbas para muro\",\"datePublished\":\"2019-01-20T13:39:34+00:00\",\"dateModified\":\"2021-02-18T20:54:17+00:00\",\"mainEntityOfPage\":{\"@id\":\"https:\/\/www.suno.com.br\/noticias\/trump-negocia-protecao-imigrantes-verbas-muro\/\"},\"wordCount\":516,\"publisher\":{\"@id\":\"https:\/\/www.suno.com.br\/noticias\/#organization\"},\"image\":{\"@id\":\"https:\/\/www.suno.com.br\/noticias\/trump-negocia-protecao-imigrantes-verbas-muro\/#primaryimage\"},\"thumbnailUrl\":\"https:\/\/files.sunoresearch.com.br\/n\/uploads\/2018\/08\/1c814252-donald-trump-png.webp\",\"keywords\":[\"Donald Trump\",\"Estados Unidos (EUA)\",\"M\u00e9xico\"],\"articleSection\":[\"Internacional\"],\"inLanguage\":\"pt-BR\"},{\"@type\":\"WebPage\",\"@id\":\"https:\/\/www.suno.com.br\/noticias\/trump-negocia-protecao-imigrantes-verbas-muro\/\",\"url\":\"https:\/\/www.suno.com.br\/noticias\/trump-negocia-protecao-imigrantes-verbas-muro\/\",\"name\":\"Trump negocia estender prote\u00e7\u00e3o aos imigrantes em troca de verbas para muro\",\"isPartOf\":{\"@id\":\"https:\/\/www.suno.com.br\/noticias\/#website\"},\"primaryImageOfPage\":{\"@id\":\"https:\/\/www.suno.com.br\/noticias\/trump-negocia-protecao-imigrantes-verbas-muro\/#primaryimage\"},\"image\":{\"@id\":\"https:\/\/www.suno.com.br\/noticias\/trump-negocia-protecao-imigrantes-verbas-muro\/#primaryimage\"},\"thumbnailUrl\":\"https:\/\/files.sunoresearch.com.br\/n\/uploads\/2018\/08\/1c814252-donald-trump-png.webp\",\"datePublished\":\"2019-01-20T13:39:34+00:00\",\"dateModified\":\"2021-02-18T20:54:17+00:00\",\"description\":\"Donald Trump apresentou uma s\u00e9rie de medidas para tentar aprovar a contru\u00e7\u00e3o do muro na fronteira com o M\u00e9xico. Clique para saber mais.\",\"breadcrumb\":{\"@id\":\"https:\/\/www.suno.com.br\/noticias\/trump-negocia-protecao-imigrantes-verbas-muro\/#breadcrumb\"},\"inLanguage\":\"pt-BR\",\"potentialAction\":[{\"@type\":\"ReadAction\",\"target\":[\"https:\/\/www.suno.com.br\/noticias\/trump-negocia-protecao-imigrantes-verbas-muro\/\"]}]},{\"@type\":\"ImageObject\",\"inLanguage\":\"pt-BR\",\"@id\":\"https:\/\/www.suno.com.br\/noticias\/trump-negocia-protecao-imigrantes-verbas-muro\/#primaryimage\",\"url\":\"https:\/\/files.sunoresearch.com.br\/n\/uploads\/2018\/08\/1c814252-donald-trump-png.webp\",\"contentUrl\":\"https:\/\/files.sunoresearch.com.br\/n\/uploads\/2018\/08\/1c814252-donald-trump-png.webp\",\"width\":1659,\"height\":601},{\"@type\":\"BreadcrumbList\",\"@id\":\"https:\/\/www.suno.com.br\/noticias\/trump-negocia-protecao-imigrantes-verbas-muro\/#breadcrumb\",\"itemListElement\":[{\"@type\":\"ListItem\",\"position\":1,\"name\":\"Not\u00edcias\",\"item\":\"https:\/\/www.suno.com.br\/noticias\/\"},{\"@type\":\"ListItem\",\"position\":2,\"name\":\"Internacional\",\"item\":\"https:\/\/www.suno.com.br\/noticias\/internacional\/\"},{\"@type\":\"ListItem\",\"position\":3,\"name\":\"Trump negocia estender prote\u00e7\u00e3o aos imigrantes em troca de verbas para muro\"}]},{\"@type\":\"WebSite\",\"@id\":\"https:\/\/www.suno.com.br\/noticias\/#website\",\"url\":\"https:\/\/www.suno.com.br\/noticias\/\",\"name\":\"Suno Not\u00edcias\",\"description\":\"Seu portal de informa\u00e7\u00e3o sobre o mundo dos investimentos\",\"publisher\":{\"@id\":\"https:\/\/www.suno.com.br\/noticias\/#organization\"},\"potentialAction\":[{\"@type\":\"SearchAction\",\"target\":{\"@type\":\"EntryPoint\",\"urlTemplate\":\"https:\/\/www.suno.com.br\/noticias\/?s={search_term_string}\"},\"query-input\":{\"@type\":\"PropertyValueSpecification\",\"valueRequired\":true,\"valueName\":\"search_term_string\"}}],\"inLanguage\":\"pt-BR\"},{\"@type\":\"Organization\",\"@id\":\"https:\/\/www.suno.com.br\/noticias\/#organization\",\"name\":\"Suno Not\u00edcias\",\"url\":\"https:\/\/www.suno.com.br\/noticias\/\",\"logo\":{\"@type\":\"ImageObject\",\"inLanguage\":\"pt-BR\",\"@id\":\"https:\/\/www.suno.com.br\/noticias\/#\/schema\/logo\/image\/\",\"url\":\"https:\/\/files.sunoresearch.com.br\/n\/uploads\/2021\/09\/suno-logo.png\",\"contentUrl\":\"https:\/\/files.sunoresearch.com.br\/n\/uploads\/2021\/09\/suno-logo.png\",\"width\":180,\"height\":180,\"caption\":\"Suno Not\u00edcias\"},\"image\":{\"@id\":\"https:\/\/www.suno.com.br\/noticias\/#\/schema\/logo\/image\/\"},\"sameAs\":[\"https:\/\/facebook.com\/sunoresearch\",\"https:\/\/x.com\/sunoresearch\",\"https:\/\/www.instagram.com\/suno\",\"https:\/\/www.linkedin.com\/company\/suno-research\/\",\"https:\/\/www.youtube.com\/c\/sunoresearch\"]},{\"@type\":\"Person\",\"@id\":\"https:\/\/www.suno.com.br\/noticias\/#\/schema\/person\/3f7693d5795a3f6d5ce15309ee785699\",\"name\":\"Renan Dantas\",\"image\":{\"@type\":\"ImageObject\",\"inLanguage\":\"pt-BR\",\"@id\":\"https:\/\/www.suno.com.br\/noticias\/#\/schema\/person\/image\/\",\"url\":\"https:\/\/secure.gravatar.com\/avatar\/1787b83e7484a08e51d62ac8b41c8396?s=96&r=g\",\"contentUrl\":\"https:\/\/secure.gravatar.com\/avatar\/1787b83e7484a08e51d62ac8b41c8396?s=96&r=g\",\"caption\":\"Renan Dantas\"},\"description\":\"Escreve sobre pol\u00edtica e mercado financeiro para o portal Suno Not\u00edcias. Antes, atuou na assessoria de comunica\u00e7\u00e3o do Minist\u00e9rio P\u00fablico do Trabalho e na R\u00e1dio Mackenzie, onde apresentava e produzia um programa sobre artistas da m\u00fasica brasileira. \u00c9 estudante na Universidade Presbiteriana Mackenzie.\",\"url\":\"https:\/\/www.suno.com.br\/noticias\/author\/renan-dantas\/\"}]}<\/script>\n<!-- \/ Yoast SEO plugin. -->","yoast_head_json":{"title":"Trump negocia estender prote\u00e7\u00e3o aos imigrantes em troca de verbas para muro","description":"Donald Trump apresentou uma s\u00e9rie de medidas para tentar aprovar a contru\u00e7\u00e3o do muro na fronteira com o M\u00e9xico. Clique para saber mais.","robots":{"index":"index","follow":"follow","max-snippet":"max-snippet:-1","max-image-preview":"max-image-preview:large","max-video-preview":"max-video-preview:-1"},"canonical":"https:\/\/www.suno.com.br\/noticias\/trump-negocia-protecao-imigrantes-verbas-muro\/","og_locale":"pt_BR","og_type":"article","og_title":"Trump negocia estender prote\u00e7\u00e3o aos imigrantes em troca de verbas para muro","og_description":"Donald Trump apresentou uma s\u00e9rie de medidas para tentar aprovar a contru\u00e7\u00e3o do muro na fronteira com o M\u00e9xico. Clique para saber mais.","og_url":"https:\/\/www.suno.com.br\/noticias\/trump-negocia-protecao-imigrantes-verbas-muro\/","og_site_name":"Suno Not\u00edcias","article_publisher":"https:\/\/facebook.com\/sunoresearch","og_image":[{"width":1659,"height":601,"url":"https:\/\/files.sunoresearch.com.br\/n\/uploads\/2018\/08\/1c814252-donald-trump.png","type":"image\/png"}],"author":"Renan Dantas","twitter_card":"summary_large_image","twitter_creator":"@sunoresearch","twitter_site":"@sunoresearch","twitter_misc":{"Escrito por":"Renan Dantas","Est. tempo de leitura":"3 minutos"},"schema":{"@context":"https:\/\/schema.org","@graph":[{"@type":"NewsArticle","@id":"https:\/\/www.suno.com.br\/noticias\/trump-negocia-protecao-imigrantes-verbas-muro\/#article","isPartOf":{"@id":"https:\/\/www.suno.com.br\/noticias\/trump-negocia-protecao-imigrantes-verbas-muro\/"},"author":{"name":"Renan Dantas","@id":"https:\/\/www.suno.com.br\/noticias\/#\/schema\/person\/3f7693d5795a3f6d5ce15309ee785699"},"headline":"Trump negocia estender prote\u00e7\u00e3o aos imigrantes em troca de verbas para muro","datePublished":"2019-01-20T13:39:34+00:00","dateModified":"2021-02-18T20:54:17+00:00","mainEntityOfPage":{"@id":"https:\/\/www.suno.com.br\/noticias\/trump-negocia-protecao-imigrantes-verbas-muro\/"},"wordCount":516,"publisher":{"@id":"https:\/\/www.suno.com.br\/noticias\/#organization"},"image":{"@id":"https:\/\/www.suno.com.br\/noticias\/trump-negocia-protecao-imigrantes-verbas-muro\/#primaryimage"},"thumbnailUrl":"https:\/\/files.sunoresearch.com.br\/n\/uploads\/2018\/08\/1c814252-donald-trump-png.webp","keywords":["Donald Trump","Estados Unidos (EUA)","M\u00e9xico"],"articleSection":["Internacional"],"inLanguage":"pt-BR"},{"@type":"WebPage","@id":"https:\/\/www.suno.com.br\/noticias\/trump-negocia-protecao-imigrantes-verbas-muro\/","url":"https:\/\/www.suno.com.br\/noticias\/trump-negocia-protecao-imigrantes-verbas-muro\/","name":"Trump negocia estender prote\u00e7\u00e3o aos imigrantes em troca de verbas para muro","isPartOf":{"@id":"https:\/\/www.suno.com.br\/noticias\/#website"},"primaryImageOfPage":{"@id":"https:\/\/www.suno.com.br\/noticias\/trump-negocia-protecao-imigrantes-verbas-muro\/#primaryimage"},"image":{"@id":"https:\/\/www.suno.com.br\/noticias\/trump-negocia-protecao-imigrantes-verbas-muro\/#primaryimage"},"thumbnailUrl":"https:\/\/files.sunoresearch.com.br\/n\/uploads\/2018\/08\/1c814252-donald-trump-png.webp","datePublished":"2019-01-20T13:39:34+00:00","dateModified":"2021-02-18T20:54:17+00:00","description":"Donald Trump apresentou uma s\u00e9rie de medidas para tentar aprovar a contru\u00e7\u00e3o do muro na fronteira com o M\u00e9xico. Clique para saber mais.","breadcrumb":{"@id":"https:\/\/www.suno.com.br\/noticias\/trump-negocia-protecao-imigrantes-verbas-muro\/#breadcrumb"},"inLanguage":"pt-BR","potentialAction":[{"@type":"ReadAction","target":["https:\/\/www.suno.com.br\/noticias\/trump-negocia-protecao-imigrantes-verbas-muro\/"]}]},{"@type":"ImageObject","inLanguage":"pt-BR","@id":"https:\/\/www.suno.com.br\/noticias\/trump-negocia-protecao-imigrantes-verbas-muro\/#primaryimage","url":"https:\/\/files.sunoresearch.com.br\/n\/uploads\/2018\/08\/1c814252-donald-trump-png.webp","contentUrl":"https:\/\/files.sunoresearch.com.br\/n\/uploads\/2018\/08\/1c814252-donald-trump-png.webp","width":1659,"height":601},{"@type":"BreadcrumbList","@id":"https:\/\/www.suno.com.br\/noticias\/trump-negocia-protecao-imigrantes-verbas-muro\/#breadcrumb","itemListElement":[{"@type":"ListItem","position":1,"name":"Not\u00edcias","item":"https:\/\/www.suno.com.br\/noticias\/"},{"@type":"ListItem","position":2,"name":"Internacional","item":"https:\/\/www.suno.com.br\/noticias\/internacional\/"},{"@type":"ListItem","position":3,"name":"Trump negocia estender prote\u00e7\u00e3o aos imigrantes em troca de verbas para muro"}]},{"@type":"WebSite","@id":"https:\/\/www.suno.com.br\/noticias\/#website","url":"https:\/\/www.suno.com.br\/noticias\/","name":"Suno Not\u00edcias","description":"Seu portal de informa\u00e7\u00e3o sobre o mundo dos investimentos","publisher":{"@id":"https:\/\/www.suno.com.br\/noticias\/#organization"},"potentialAction":[{"@type":"SearchAction","target":{"@type":"EntryPoint","urlTemplate":"https:\/\/www.suno.com.br\/noticias\/?s={search_term_string}"},"query-input":{"@type":"PropertyValueSpecification","valueRequired":true,"valueName":"search_term_string"}}],"inLanguage":"pt-BR"},{"@type":"Organization","@id":"https:\/\/www.suno.com.br\/noticias\/#organization","name":"Suno Not\u00edcias","url":"https:\/\/www.suno.com.br\/noticias\/","logo":{"@type":"ImageObject","inLanguage":"pt-BR","@id":"https:\/\/www.suno.com.br\/noticias\/#\/schema\/logo\/image\/","url":"https:\/\/files.sunoresearch.com.br\/n\/uploads\/2021\/09\/suno-logo.png","contentUrl":"https:\/\/files.sunoresearch.com.br\/n\/uploads\/2021\/09\/suno-logo.png","width":180,"height":180,"caption":"Suno Not\u00edcias"},"image":{"@id":"https:\/\/www.suno.com.br\/noticias\/#\/schema\/logo\/image\/"},"sameAs":["https:\/\/facebook.com\/sunoresearch","https:\/\/x.com\/sunoresearch","https:\/\/www.instagram.com\/suno","https:\/\/www.linkedin.com\/company\/suno-research\/","https:\/\/www.youtube.com\/c\/sunoresearch"]},{"@type":"Person","@id":"https:\/\/www.suno.com.br\/noticias\/#\/schema\/person\/3f7693d5795a3f6d5ce15309ee785699","name":"Renan Dantas","image":{"@type":"ImageObject","inLanguage":"pt-BR","@id":"https:\/\/www.suno.com.br\/noticias\/#\/schema\/person\/image\/","url":"https:\/\/secure.gravatar.com\/avatar\/1787b83e7484a08e51d62ac8b41c8396?s=96&r=g","contentUrl":"https:\/\/secure.gravatar.com\/avatar\/1787b83e7484a08e51d62ac8b41c8396?s=96&r=g","caption":"Renan Dantas"},"description":"Escreve sobre pol\u00edtica e mercado financeiro para o portal Suno Not\u00edcias. Antes, atuou na assessoria de comunica\u00e7\u00e3o do Minist\u00e9rio P\u00fablico do Trabalho e na R\u00e1dio Mackenzie, onde apresentava e produzia um programa sobre artistas da m\u00fasica brasileira. \u00c9 estudante na Universidade Presbiteriana Mackenzie.","url":"https:\/\/www.suno.com.br\/noticias\/author\/renan-dantas\/"}]}},"default_loop_html":"<div class=\"cardsPage__listCard__boxs\"><div class=\"cardsPage__listCard__boxs__img\"><a href=\"https:\/\/www.suno.com.br\/noticias\/trump-negocia-protecao-imigrantes-verbas-muro\/\"><img class=\"mask\" src=\"https:\/\/www.suno.com.br\/noticias\/wp-content\/themes\/suno\/resources\/images\/spotlight\/spotlight1img\/bg-mask.png\" alt=\"Image Mask\"\/><img src=\"https:\/\/files.sunoresearch.com.br\/n\/uploads\/2018\/08\/1c814252-donald-trump-400x200.webp\" alt=\"Trump negocia estender prote\u00e7\u00e3o aos imigrantes em troca de verbas para muro\"\/><\/a><span class=\"spotlightCategory\"><a href=\"https:\/\/www.suno.com.br\/noticias\/internacional\/\">Internacional<\/a><\/span><\/div><div class=\"cardsPage__listCard__boxs__content\"><a href=\"https:\/\/www.suno.com.br\/noticias\/trump-negocia-protecao-imigrantes-verbas-muro\/\"><h2 class=\"content__title\">Trump negocia estender prote\u00e7\u00e3o aos imigrantes em troca de verbas para muro<\/h2><\/a><div class=\"newsContent__article__meta\"><div class=\"newsContent__article__meta__authorBox\"><a href=\"https:\/\/www.suno.com.br\/noticias\/author\/renan-dantas\/\" class=\"authorBox__avatar noMobi\"><img src=\"https:\/\/secure.gravatar.com\/avatar\/1787b83e7484a08e51d62ac8b41c8396?s=96&#038;r=g\" alt=\"Renan Dantas\"><\/a><div class=\"authorBox__name\"><span>por\n\t\t\t<a href=\"https:\/\/www.suno.com.br\/noticias\/author\/renan-dantas\/\"><span itemprop=\"author\">Renan Dantas<\/span><\/a><\/span><time datetime=\"2019-01-20T11:39:34-02:00\" itemprop=\"datePublished\">20\/01\/2019 11:39<\/time><\/div><\/div><\/div><\/div><\/div>","single_layout":"posts","amp_enabled":true,"_links":{"self":[{"href":"https:\/\/www.suno.com.br\/noticias\/wp-json\/wp\/v2\/posts\/12336"}],"collection":[{"href":"https:\/\/www.suno.com.br\/noticias\/wp-json\/wp\/v2\/posts"}],"about":[{"href":"https:\/\/www.suno.com.br\/noticias\/wp-json\/wp\/v2\/types\/post"}],"author":[{"embeddable":true,"href":"https:\/\/www.suno.com.br\/noticias\/wp-json\/wp\/v2\/users\/14"}],"replies":[{"embeddable":true,"href":"https:\/\/www.suno.com.br\/noticias\/wp-json\/wp\/v2\/comments?post=12336"}],"version-history":[{"count":0,"href":"https:\/\/www.suno.com.br\/noticias\/wp-json\/wp\/v2\/posts\/12336\/revisions"}],"wp:featuredmedia":[{"embeddable":true,"href":"https:\/\/www.suno.com.br\/noticias\/wp-json\/wp\/v2\/media\/2997"}],"wp:attachment":[{"href":"https:\/\/www.suno.com.br\/noticias\/wp-json\/wp\/v2\/media?parent=12336"}],"wp:term":[{"taxonomy":"category","embeddable":true,"href":"https:\/\/www.suno.com.br\/noticias\/wp-json\/wp\/v2\/categories?post=12336"},{"taxonomy":"post_tag","embeddable":true,"href":"https:\/\/www.suno.com.br\/noticias\/wp-json\/wp\/v2\/tags?post=12336"},{"taxonomy":"suno_strategy","embeddable":true,"href":"https:\/\/www.suno.com.br\/noticias\/wp-json\/wp\/v2\/suno_strategy?post=12336"}],"curies":[{"name":"wp","href":"https:\/\/api.w.org\/{rel}","templated":true}]}}