{"id":12311,"date":"2019-01-19T14:40:35","date_gmt":"2019-01-19T16:40:35","guid":{"rendered":"https:\/\/www.suno.com.br\/noticias\/?p=12311"},"modified":"2019-01-19T15:38:48","modified_gmt":"2019-01-19T17:38:48","slug":"flavio-bolsonaro-planalto-cautela","status":"publish","type":"post","link":"https:\/\/www.suno.com.br\/noticias\/flavio-bolsonaro-planalto-cautela\/","title":{"rendered":"Caso de Fl\u00e1vio Bolsonaro suscita cautela em Planalto"},"content":{"rendered":"<p>O Pal\u00e1cio do Planalto iniciou estrat\u00e9gia para evitar que a intensifica\u00e7\u00e3o das <strong>suspeitas<\/strong> no caso do senador eleito Fl\u00e1vio Bolsonaro (PSL) torne-se uma <strong>crise de governo<\/strong>. O filho do presidente da Rep\u00fablica tem movimenta\u00e7\u00f5es at\u00edpicas no hist\u00f3rico de sua conta banc\u00e1ria.<\/p>\t<div class=\"wrapper-featured-image\">\n\t\t<figure class=\"spotlightImg\">\n\n\t\t\t<picture>\n\t\t\t\t<source media=\"(max-width: 768px)\" srcset=\"https:\/\/files.sunoresearch.com.br\/n\/uploads\/2019\/01\/8e1a7690-fl\u00e1vio-bolsonaro-400x200.webp\">\n\t\t\t\t<img loading=\"lazy\" decoding=\"async\" class=\"newsContent__article__imgCapa lazyloadDisabled newsContent__article__imgCapa--noCaption\" src=\"https:\/\/files.sunoresearch.com.br\/n\/uploads\/2019\/01\/8e1a7690-fl\u00e1vio-bolsonaro-800x450.webp\" width=\"800\" height=\"450\" alt=\"Caso de Fl\u00e1vio Bolsonaro suscita cautela em Planalto\" fetchpriority=high \/>\n\t\t\t<\/picture>\n\n\t\t\t<figcaption class=\"wp-caption-text wp-caption-text--hide\">Fl\u00e1vio Bolsonaro e sua companheira. (divulga\u00e7\u00e3o)<\/figcaption>\n\t\t<\/figure>\n\t<\/div>\n\n\n<p>A equipe ministerial recebeu orienta\u00e7\u00e3o para evitar comentar os eventos relacionados \u00e0 <strong>Fl\u00e1vio Bolsonaro<\/strong> em p\u00fablico, segundo o jornal &#8220;O Estado de S. Paulo&#8221;.<\/p>\n<p>Os ministros devem tratar o assunto como uma quest\u00e3o particular do filho do presidente da Rep\u00fablica, <strong>Jair Bolsonaro<\/strong>.<\/p>\n<p>Desta forma, o intuito da estrat\u00e9gia escolhida \u00e9 proteger a gest\u00e3o federal das <strong>suspeitas<\/strong>. Minimizando os risco da desconfian\u00e7a sobre <strong>Fl\u00e1vio Bolsonaro<\/strong> contaminar a imagem do presidente.<\/p>\n<p>A equipe do Planalto sugere que o senador eleito esteja aberto ao di\u00e1logo com a Imprensa, concedendo novas entrevistas. Nestas, o senador eleito teria oportunidade de explicar o epis\u00f3dio.<\/p>\n<p>Assim, os aliados do governo teriam repert\u00f3rio de argumentos para defender o<strong> filho do presidente<\/strong> a fim de evitar uma <strong>crise de governo<\/strong>.<\/p>\n<p><a href=\"https:\/\/www.suno.com.br\/noticias\/flavio-bolsonaro-coaf\/\">Saiba mais &#8211;\u00a0Fl\u00e1vio Bolsonaro obteve 48 dep\u00f3sitos suspeitos em sua conta, aponta COAF\u00a0<\/a><\/p>\n<h2>As suspeitas sobre Fl\u00e1vio Bolsonaro<\/h2>\n<p>Um fragmento do relat\u00f3rio do <a href=\"https:\/\/www.suno.com.br\/artigos\/o-que-e-coaf\/\">Conselho de Controle de Atividades Financeiras<\/a> (<strong>COAF<\/strong>) apontou movimenta\u00e7\u00e3o at\u00edpica na conta banc\u00e1ria de <strong>Fl\u00e1vio Bolsonaro<\/strong>.<\/p>\n<p>Sem identifica\u00e7\u00e3o da fonte, foram 48 dep\u00f3sitos feitos entre junho e julho de 2017. Cada um deles no valor de R$ 2 mil, totalizando R$ 96 mil.<\/p>\n<p>O documento afirma que o fato das transfer\u00eancia total ter sido fracionada levanta\u00a0suspeita de oculta\u00e7\u00e3o da origem do dinheiro.<\/p>\n<p>Confira abaixo as datas e as quantidades dos dep\u00f3sitos, \u00e0s quais o &#8220;Jornal Nacional&#8221; obteve acesso:<\/p>\n<ul>\n<li>10 dep\u00f3sitos no intervalo de 5 minutos, entre 11h02 e 11h07 do dia 9 de junho de 2017;<\/li>\n<li>5 dep\u00f3sitos, feitos em 2 minutos, das 16h58 \u00e0s 17h do dia 15 de junho de 2017;<\/li>\n<li>10 dep\u00f3sitos, em 3 minutos, das 12h21 \u00e0s 12h24 do dia 27 de junho de 2017;<\/li>\n<li>8 dep\u00f3sitos, em 4 minutos, entre 10h52 e 10h56 do dia 28 de junho de 2017;<\/li>\n<li>15 dep\u00f3sitos, em 6 minutos no dia 13 de julho de 2017.<\/li>\n<\/ul>\n<p>Os <strong>dep\u00f3sitos<\/strong> foram feitos\u00a0no autoatendimento da ag\u00eancia banc\u00e1ria que fica dentro da Assembleia Legislativa do Rio de Janeiro (ALERJ).<\/p>\n<h2>Opini\u00e3o dos parlamentares\u00a0no caso do filho do presidente<\/h2>\n<p>Luciano Bivar, o presidente do PSL defendeu Fl\u00e1vio neste s\u00e1bado (19). Bivar afirmou ter\u00a0&#8220;absoluta convic\u00e7\u00e3o&#8221; da integridade do senador eleito.<\/p>\n<p>&#8220;Pelo o que eu conhe\u00e7o, ele (Fl\u00e1vio) \u00e9 uma pessoa decente. O Jair teve sorte de ter tr\u00eas filhos que se fizeram pelas pr\u00f3prias compet\u00eancias&#8221;, alegou o presidente do partido.<\/p>\n<p>Todavia, a avalia\u00e7\u00e3o geral entre os parlamentares do partido \u00e9 de que o relat\u00f3rio do <strong>COAF<\/strong> apenas eleve o desgaste do epis\u00f3dio, segundo a &#8220;Folha de S. Paulo&#8221;.<\/p>\n<p>Somado \u00e0 isso, o relat\u00f3rio tamb\u00e9m enfraquece a argumenta\u00e7\u00e3o de Fl\u00e1vio. O principal recurso que o senador eleito possu\u00eda era o de que as movimenta\u00e7\u00f5es at\u00edpicas eram problemas restritos a seu ex-assessor, <strong>Fabr\u00edcio Queiroz<\/strong>, aos quais apenas Queiroz poderia dar explica\u00e7\u00f5es.<\/p>\n<p><a href=\"https:\/\/www.suno.com.br\/noticias\/stf-suspende-investigacao-fabricio-queiroz\/\">Saiba mais &#8211;\u00a0STF suspende investiga\u00e7\u00e3o sobre Fabr\u00edcio Queiroz\u00a0<\/a><\/p>\n<p><a href=\"https:\/\/www.suno.com.br\/noticias\/fabricio-queiroz-movimentacao-atipica-carros\/\">Saiba mais &#8211;\u00a0Fabr\u00edcio Queiroz diz que movimenta\u00e7\u00e3o at\u00edpica vem de com\u00e9rcio de carros\u00a0<\/a><\/p>\n<p>Reservadamente, parlamentares avaliam que a gest\u00e3o do caso de <strong>Fl\u00e1vio Bolsonaro<\/strong>, por ele mesmo, n\u00e3o estancou o preju\u00edzo para o governo.<\/p>\n<p>A avalia\u00e7\u00e3o, no curto prazo, \u00e9 de que o pol\u00edtico estar\u00e1 fragilizado para o in\u00edcio do seu mandato como senador.<\/p>\n<p>&#8220;Voc\u00ea tem um problema agora que j\u00e1 merece dele (Fl\u00e1vio) explica\u00e7\u00f5es claras. Ele vai ter que se explicar&#8221;, opinou o deputado S\u00f3stenes Cavalcante (DEM). Cavalcante faz parte de uma parcela de aliados que cobram explica\u00e7\u00f5es do <strong>filho do presidente<\/strong>.<\/p>\n<p>&#8220;Agora, tamb\u00e9m tem que ser justo. Se houver il\u00edcito, n\u00e3o \u00e9 nenhum il\u00edcito da pr\u00e1tica de senador [seria anterior ao mandato]. Ele vai ter que responder como deputado estadual no exerc\u00edcio da fun\u00e7\u00e3o&#8221;, acrescentou o deputado.<\/p>\n<p>Conforme Cavalcante, o caso deveria ser apurado pela Justi\u00e7a estadual.<\/p>\n<p>Todavia, o pol\u00edtico do DEM acredita que a intensifica\u00e7\u00e3o das suspeitas sobre o senador eleito n\u00e3o pode ser utilizada para atingir o presidente.<\/p>\n<p>&#8220;Tamb\u00e9m n\u00e3o acho justo imputar um erro do filho ao pai, ou vice-versa. Cada um responde por si, cada um tem o seu CPF&#8221;, declarou.<\/p>\n<p>Na \u00faltima sexta-feira (18), o ministro da Casa Civil, Onyx Lorenzoni, alegou que o epis\u00f3dio envolvendo <strong>Fl\u00e1vio Bolsonaro<\/strong> \u00e9 uma tentativa de minar\u00a0o governo federal por meio do que ele classifica como um terceiro turno das elei\u00e7\u00f5es presidenciais. A fala do ministro ocorreu antes do relat\u00f3rio do COAF vir a p\u00fablico.<\/p>\n","protected":false},"excerpt":{"rendered":"<p>O Pal\u00e1cio do Planalto iniciou estrat\u00e9gia para evitar que a intensifica\u00e7\u00e3o das suspeitas no caso do senador eleito Fl\u00e1vio Bolsonaro (PSL) torne-se uma crise de governo. O filho do presidente da Rep\u00fablica tem movimenta\u00e7\u00f5es at\u00edpicas no hist\u00f3rico de sua conta banc\u00e1ria. Fl\u00e1vio Bolsonaro e sua companheira. (divulga\u00e7\u00e3o) A equipe ministerial recebeu orienta\u00e7\u00e3o para evitar comentar [&hellip;]<\/p>\n","protected":false},"author":12,"featured_media":12291,"comment_status":"closed","ping_status":"closed","sticky":false,"template":"","format":"standard","meta":[],"categories":[61],"tags":[836,719,785],"suno_strategy":[],"class_list":["post-12311","post","type-post","status-publish","format-standard","has-post-thumbnail","hentry","category-politica","tag-coaf","tag-jair-bolsonaro","tag-supremo-tribunal-federal-stf"],"yoast_head":"<!-- This site is optimized with the Yoast SEO plugin v24.4 - https:\/\/yoast.com\/wordpress\/plugins\/seo\/ -->\n<title>Caso de Fl\u00e1vio Bolsonaro suscita cautela em Planalto<\/title>\n<meta name=\"description\" content=\"O Planalto iniciou uma estrat\u00e9gia para evitar que uma crise de governo se inicie com o caso de Fl\u00e1vio Bolsonaro. Clique para saber mais.\" \/>\n<meta name=\"robots\" content=\"index, follow, max-snippet:-1, max-image-preview:large, max-video-preview:-1\" \/>\n<link rel=\"canonical\" href=\"https:\/\/www.suno.com.br\/noticias\/flavio-bolsonaro-planalto-cautela\/\" \/>\n<meta property=\"og:locale\" content=\"pt_BR\" \/>\n<meta property=\"og:type\" content=\"article\" \/>\n<meta property=\"og:title\" content=\"Caso de Fl\u00e1vio Bolsonaro suscita cautela em Planalto\" \/>\n<meta property=\"og:description\" content=\"O Planalto iniciou uma estrat\u00e9gia para evitar que uma crise de governo se inicie com o caso de Fl\u00e1vio Bolsonaro. Clique para saber mais.\" \/>\n<meta property=\"og:url\" content=\"https:\/\/www.suno.com.br\/noticias\/flavio-bolsonaro-planalto-cautela\/\" \/>\n<meta property=\"og:site_name\" content=\"Suno Not\u00edcias\" \/>\n<meta property=\"article:publisher\" content=\"https:\/\/facebook.com\/sunoresearch\" \/>\n<meta property=\"og:image\" content=\"https:\/\/files.sunoresearch.com.br\/n\/uploads\/2019\/01\/8e1a7690-fl\u00e1vio-bolsonaro.jpg\" \/>\n\t<meta property=\"og:image:width\" content=\"1140\" \/>\n\t<meta property=\"og:image:height\" content=\"760\" \/>\n\t<meta property=\"og:image:type\" content=\"image\/jpeg\" \/>\n<meta name=\"author\" content=\"Amanda Gushiken\" \/>\n<meta name=\"twitter:card\" content=\"summary_large_image\" \/>\n<meta name=\"twitter:creator\" content=\"@sunoresearch\" \/>\n<meta name=\"twitter:site\" content=\"@sunoresearch\" \/>\n<meta name=\"twitter:label1\" content=\"Escrito por\" \/>\n\t<meta name=\"twitter:data1\" content=\"Amanda Gushiken\" \/>\n\t<meta name=\"twitter:label2\" content=\"Est. tempo de leitura\" \/>\n\t<meta name=\"twitter:data2\" content=\"4 minutos\" \/>\n<script type=\"application\/ld+json\" class=\"yoast-schema-graph\">{\"@context\":\"https:\/\/schema.org\",\"@graph\":[{\"@type\":\"NewsArticle\",\"@id\":\"https:\/\/www.suno.com.br\/noticias\/flavio-bolsonaro-planalto-cautela\/#article\",\"isPartOf\":{\"@id\":\"https:\/\/www.suno.com.br\/noticias\/flavio-bolsonaro-planalto-cautela\/\"},\"author\":{\"name\":\"Amanda Gushiken\",\"@id\":\"https:\/\/www.suno.com.br\/noticias\/#\/schema\/person\/a5b06fa4e879d8e8e119c6ed3cd630d1\"},\"headline\":\"Caso de Fl\u00e1vio Bolsonaro suscita cautela em Planalto\",\"datePublished\":\"2019-01-19T16:40:35+00:00\",\"dateModified\":\"2019-01-19T17:38:48+00:00\",\"mainEntityOfPage\":{\"@id\":\"https:\/\/www.suno.com.br\/noticias\/flavio-bolsonaro-planalto-cautela\/\"},\"wordCount\":814,\"publisher\":{\"@id\":\"https:\/\/www.suno.com.br\/noticias\/#organization\"},\"image\":{\"@id\":\"https:\/\/www.suno.com.br\/noticias\/flavio-bolsonaro-planalto-cautela\/#primaryimage\"},\"thumbnailUrl\":\"https:\/\/files.sunoresearch.com.br\/n\/uploads\/2019\/01\/8e1a7690-fl\u00e1vio-bolsonaro-jpg.webp\",\"keywords\":[\"COAF\",\"Jair Bolsonaro\",\"Supremo Tribunal Federal (STF)\"],\"articleSection\":[\"Pol\u00edtica\"],\"inLanguage\":\"pt-BR\"},{\"@type\":\"WebPage\",\"@id\":\"https:\/\/www.suno.com.br\/noticias\/flavio-bolsonaro-planalto-cautela\/\",\"url\":\"https:\/\/www.suno.com.br\/noticias\/flavio-bolsonaro-planalto-cautela\/\",\"name\":\"Caso de Fl\u00e1vio Bolsonaro suscita cautela em Planalto\",\"isPartOf\":{\"@id\":\"https:\/\/www.suno.com.br\/noticias\/#website\"},\"primaryImageOfPage\":{\"@id\":\"https:\/\/www.suno.com.br\/noticias\/flavio-bolsonaro-planalto-cautela\/#primaryimage\"},\"image\":{\"@id\":\"https:\/\/www.suno.com.br\/noticias\/flavio-bolsonaro-planalto-cautela\/#primaryimage\"},\"thumbnailUrl\":\"https:\/\/files.sunoresearch.com.br\/n\/uploads\/2019\/01\/8e1a7690-fl\u00e1vio-bolsonaro-jpg.webp\",\"datePublished\":\"2019-01-19T16:40:35+00:00\",\"dateModified\":\"2019-01-19T17:38:48+00:00\",\"description\":\"O Planalto iniciou uma estrat\u00e9gia para evitar que uma crise de governo se inicie com o caso de Fl\u00e1vio Bolsonaro. Clique para saber mais.\",\"breadcrumb\":{\"@id\":\"https:\/\/www.suno.com.br\/noticias\/flavio-bolsonaro-planalto-cautela\/#breadcrumb\"},\"inLanguage\":\"pt-BR\",\"potentialAction\":[{\"@type\":\"ReadAction\",\"target\":[\"https:\/\/www.suno.com.br\/noticias\/flavio-bolsonaro-planalto-cautela\/\"]}]},{\"@type\":\"ImageObject\",\"inLanguage\":\"pt-BR\",\"@id\":\"https:\/\/www.suno.com.br\/noticias\/flavio-bolsonaro-planalto-cautela\/#primaryimage\",\"url\":\"https:\/\/files.sunoresearch.com.br\/n\/uploads\/2019\/01\/8e1a7690-fl\u00e1vio-bolsonaro-jpg.webp\",\"contentUrl\":\"https:\/\/files.sunoresearch.com.br\/n\/uploads\/2019\/01\/8e1a7690-fl\u00e1vio-bolsonaro-jpg.webp\",\"width\":1140,\"height\":760,\"caption\":\"Fl\u00e1vio Bolsonaro e sua companheira. (divulga\u00e7\u00e3o)\"},{\"@type\":\"BreadcrumbList\",\"@id\":\"https:\/\/www.suno.com.br\/noticias\/flavio-bolsonaro-planalto-cautela\/#breadcrumb\",\"itemListElement\":[{\"@type\":\"ListItem\",\"position\":1,\"name\":\"Not\u00edcias\",\"item\":\"https:\/\/www.suno.com.br\/noticias\/\"},{\"@type\":\"ListItem\",\"position\":2,\"name\":\"Pol\u00edtica\",\"item\":\"https:\/\/www.suno.com.br\/noticias\/politica\/\"},{\"@type\":\"ListItem\",\"position\":3,\"name\":\"Caso de Fl\u00e1vio Bolsonaro suscita cautela em Planalto\"}]},{\"@type\":\"WebSite\",\"@id\":\"https:\/\/www.suno.com.br\/noticias\/#website\",\"url\":\"https:\/\/www.suno.com.br\/noticias\/\",\"name\":\"Suno Not\u00edcias\",\"description\":\"Seu portal de informa\u00e7\u00e3o sobre o mundo dos investimentos\",\"publisher\":{\"@id\":\"https:\/\/www.suno.com.br\/noticias\/#organization\"},\"potentialAction\":[{\"@type\":\"SearchAction\",\"target\":{\"@type\":\"EntryPoint\",\"urlTemplate\":\"https:\/\/www.suno.com.br\/noticias\/?s={search_term_string}\"},\"query-input\":{\"@type\":\"PropertyValueSpecification\",\"valueRequired\":true,\"valueName\":\"search_term_string\"}}],\"inLanguage\":\"pt-BR\"},{\"@type\":\"Organization\",\"@id\":\"https:\/\/www.suno.com.br\/noticias\/#organization\",\"name\":\"Suno Not\u00edcias\",\"url\":\"https:\/\/www.suno.com.br\/noticias\/\",\"logo\":{\"@type\":\"ImageObject\",\"inLanguage\":\"pt-BR\",\"@id\":\"https:\/\/www.suno.com.br\/noticias\/#\/schema\/logo\/image\/\",\"url\":\"https:\/\/files.sunoresearch.com.br\/n\/uploads\/2021\/09\/suno-logo.png\",\"contentUrl\":\"https:\/\/files.sunoresearch.com.br\/n\/uploads\/2021\/09\/suno-logo.png\",\"width\":180,\"height\":180,\"caption\":\"Suno Not\u00edcias\"},\"image\":{\"@id\":\"https:\/\/www.suno.com.br\/noticias\/#\/schema\/logo\/image\/\"},\"sameAs\":[\"https:\/\/facebook.com\/sunoresearch\",\"https:\/\/x.com\/sunoresearch\",\"https:\/\/www.instagram.com\/suno\",\"https:\/\/www.linkedin.com\/company\/suno-research\/\",\"https:\/\/www.youtube.com\/c\/sunoresearch\"]},{\"@type\":\"Person\",\"@id\":\"https:\/\/www.suno.com.br\/noticias\/#\/schema\/person\/a5b06fa4e879d8e8e119c6ed3cd630d1\",\"name\":\"Amanda Gushiken\",\"image\":{\"@type\":\"ImageObject\",\"inLanguage\":\"pt-BR\",\"@id\":\"https:\/\/www.suno.com.br\/noticias\/#\/schema\/person\/image\/\",\"url\":\"https:\/\/secure.gravatar.com\/avatar\/ecd84705e6b65e3685ae80d725501fbe?s=96&r=g\",\"contentUrl\":\"https:\/\/secure.gravatar.com\/avatar\/ecd84705e6b65e3685ae80d725501fbe?s=96&r=g\",\"caption\":\"Amanda Gushiken\"},\"description\":\"Amanda Sayuri Gushiken escreve sobre finan\u00e7as e neg\u00f3cios para o portal Suno Not\u00edcias. Antes, trabalhou selecionando not\u00edcias da imprensa para clientes do mercado financeiro. Tamb\u00e9m desenvolveu pesquisa acad\u00eamica pela Universidade Anhembi Morumbi na \u00e1rea de Teorias da Comunica\u00e7\u00e3o e \u00e9 fot\u00f3grafa nas horas vagas.\",\"url\":\"https:\/\/www.suno.com.br\/noticias\/author\/amanda\/\"}]}<\/script>\n<!-- \/ Yoast SEO plugin. -->","yoast_head_json":{"title":"Caso de Fl\u00e1vio Bolsonaro suscita cautela em Planalto","description":"O Planalto iniciou uma estrat\u00e9gia para evitar que uma crise de governo se inicie com o caso de Fl\u00e1vio Bolsonaro. Clique para saber mais.","robots":{"index":"index","follow":"follow","max-snippet":"max-snippet:-1","max-image-preview":"max-image-preview:large","max-video-preview":"max-video-preview:-1"},"canonical":"https:\/\/www.suno.com.br\/noticias\/flavio-bolsonaro-planalto-cautela\/","og_locale":"pt_BR","og_type":"article","og_title":"Caso de Fl\u00e1vio Bolsonaro suscita cautela em Planalto","og_description":"O Planalto iniciou uma estrat\u00e9gia para evitar que uma crise de governo se inicie com o caso de Fl\u00e1vio Bolsonaro. Clique para saber mais.","og_url":"https:\/\/www.suno.com.br\/noticias\/flavio-bolsonaro-planalto-cautela\/","og_site_name":"Suno Not\u00edcias","article_publisher":"https:\/\/facebook.com\/sunoresearch","og_image":[{"width":1140,"height":760,"url":"https:\/\/files.sunoresearch.com.br\/n\/uploads\/2019\/01\/8e1a7690-fl\u00e1vio-bolsonaro.jpg","type":"image\/jpeg"}],"author":"Amanda Gushiken","twitter_card":"summary_large_image","twitter_creator":"@sunoresearch","twitter_site":"@sunoresearch","twitter_misc":{"Escrito por":"Amanda Gushiken","Est. tempo de leitura":"4 minutos"},"schema":{"@context":"https:\/\/schema.org","@graph":[{"@type":"NewsArticle","@id":"https:\/\/www.suno.com.br\/noticias\/flavio-bolsonaro-planalto-cautela\/#article","isPartOf":{"@id":"https:\/\/www.suno.com.br\/noticias\/flavio-bolsonaro-planalto-cautela\/"},"author":{"name":"Amanda Gushiken","@id":"https:\/\/www.suno.com.br\/noticias\/#\/schema\/person\/a5b06fa4e879d8e8e119c6ed3cd630d1"},"headline":"Caso de Fl\u00e1vio Bolsonaro suscita cautela em Planalto","datePublished":"2019-01-19T16:40:35+00:00","dateModified":"2019-01-19T17:38:48+00:00","mainEntityOfPage":{"@id":"https:\/\/www.suno.com.br\/noticias\/flavio-bolsonaro-planalto-cautela\/"},"wordCount":814,"publisher":{"@id":"https:\/\/www.suno.com.br\/noticias\/#organization"},"image":{"@id":"https:\/\/www.suno.com.br\/noticias\/flavio-bolsonaro-planalto-cautela\/#primaryimage"},"thumbnailUrl":"https:\/\/files.sunoresearch.com.br\/n\/uploads\/2019\/01\/8e1a7690-fl\u00e1vio-bolsonaro-jpg.webp","keywords":["COAF","Jair Bolsonaro","Supremo Tribunal Federal (STF)"],"articleSection":["Pol\u00edtica"],"inLanguage":"pt-BR"},{"@type":"WebPage","@id":"https:\/\/www.suno.com.br\/noticias\/flavio-bolsonaro-planalto-cautela\/","url":"https:\/\/www.suno.com.br\/noticias\/flavio-bolsonaro-planalto-cautela\/","name":"Caso de Fl\u00e1vio Bolsonaro suscita cautela em Planalto","isPartOf":{"@id":"https:\/\/www.suno.com.br\/noticias\/#website"},"primaryImageOfPage":{"@id":"https:\/\/www.suno.com.br\/noticias\/flavio-bolsonaro-planalto-cautela\/#primaryimage"},"image":{"@id":"https:\/\/www.suno.com.br\/noticias\/flavio-bolsonaro-planalto-cautela\/#primaryimage"},"thumbnailUrl":"https:\/\/files.sunoresearch.com.br\/n\/uploads\/2019\/01\/8e1a7690-fl\u00e1vio-bolsonaro-jpg.webp","datePublished":"2019-01-19T16:40:35+00:00","dateModified":"2019-01-19T17:38:48+00:00","description":"O Planalto iniciou uma estrat\u00e9gia para evitar que uma crise de governo se inicie com o caso de Fl\u00e1vio Bolsonaro. Clique para saber mais.","breadcrumb":{"@id":"https:\/\/www.suno.com.br\/noticias\/flavio-bolsonaro-planalto-cautela\/#breadcrumb"},"inLanguage":"pt-BR","potentialAction":[{"@type":"ReadAction","target":["https:\/\/www.suno.com.br\/noticias\/flavio-bolsonaro-planalto-cautela\/"]}]},{"@type":"ImageObject","inLanguage":"pt-BR","@id":"https:\/\/www.suno.com.br\/noticias\/flavio-bolsonaro-planalto-cautela\/#primaryimage","url":"https:\/\/files.sunoresearch.com.br\/n\/uploads\/2019\/01\/8e1a7690-fl\u00e1vio-bolsonaro-jpg.webp","contentUrl":"https:\/\/files.sunoresearch.com.br\/n\/uploads\/2019\/01\/8e1a7690-fl\u00e1vio-bolsonaro-jpg.webp","width":1140,"height":760,"caption":"Fl\u00e1vio Bolsonaro e sua companheira. (divulga\u00e7\u00e3o)"},{"@type":"BreadcrumbList","@id":"https:\/\/www.suno.com.br\/noticias\/flavio-bolsonaro-planalto-cautela\/#breadcrumb","itemListElement":[{"@type":"ListItem","position":1,"name":"Not\u00edcias","item":"https:\/\/www.suno.com.br\/noticias\/"},{"@type":"ListItem","position":2,"name":"Pol\u00edtica","item":"https:\/\/www.suno.com.br\/noticias\/politica\/"},{"@type":"ListItem","position":3,"name":"Caso de Fl\u00e1vio Bolsonaro suscita cautela em Planalto"}]},{"@type":"WebSite","@id":"https:\/\/www.suno.com.br\/noticias\/#website","url":"https:\/\/www.suno.com.br\/noticias\/","name":"Suno Not\u00edcias","description":"Seu portal de informa\u00e7\u00e3o sobre o mundo dos investimentos","publisher":{"@id":"https:\/\/www.suno.com.br\/noticias\/#organization"},"potentialAction":[{"@type":"SearchAction","target":{"@type":"EntryPoint","urlTemplate":"https:\/\/www.suno.com.br\/noticias\/?s={search_term_string}"},"query-input":{"@type":"PropertyValueSpecification","valueRequired":true,"valueName":"search_term_string"}}],"inLanguage":"pt-BR"},{"@type":"Organization","@id":"https:\/\/www.suno.com.br\/noticias\/#organization","name":"Suno Not\u00edcias","url":"https:\/\/www.suno.com.br\/noticias\/","logo":{"@type":"ImageObject","inLanguage":"pt-BR","@id":"https:\/\/www.suno.com.br\/noticias\/#\/schema\/logo\/image\/","url":"https:\/\/files.sunoresearch.com.br\/n\/uploads\/2021\/09\/suno-logo.png","contentUrl":"https:\/\/files.sunoresearch.com.br\/n\/uploads\/2021\/09\/suno-logo.png","width":180,"height":180,"caption":"Suno Not\u00edcias"},"image":{"@id":"https:\/\/www.suno.com.br\/noticias\/#\/schema\/logo\/image\/"},"sameAs":["https:\/\/facebook.com\/sunoresearch","https:\/\/x.com\/sunoresearch","https:\/\/www.instagram.com\/suno","https:\/\/www.linkedin.com\/company\/suno-research\/","https:\/\/www.youtube.com\/c\/sunoresearch"]},{"@type":"Person","@id":"https:\/\/www.suno.com.br\/noticias\/#\/schema\/person\/a5b06fa4e879d8e8e119c6ed3cd630d1","name":"Amanda Gushiken","image":{"@type":"ImageObject","inLanguage":"pt-BR","@id":"https:\/\/www.suno.com.br\/noticias\/#\/schema\/person\/image\/","url":"https:\/\/secure.gravatar.com\/avatar\/ecd84705e6b65e3685ae80d725501fbe?s=96&r=g","contentUrl":"https:\/\/secure.gravatar.com\/avatar\/ecd84705e6b65e3685ae80d725501fbe?s=96&r=g","caption":"Amanda Gushiken"},"description":"Amanda Sayuri Gushiken escreve sobre finan\u00e7as e neg\u00f3cios para o portal Suno Not\u00edcias. Antes, trabalhou selecionando not\u00edcias da imprensa para clientes do mercado financeiro. Tamb\u00e9m desenvolveu pesquisa acad\u00eamica pela Universidade Anhembi Morumbi na \u00e1rea de Teorias da Comunica\u00e7\u00e3o e \u00e9 fot\u00f3grafa nas horas vagas.","url":"https:\/\/www.suno.com.br\/noticias\/author\/amanda\/"}]}},"default_loop_html":"<div class=\"cardsPage__listCard__boxs\"><div class=\"cardsPage__listCard__boxs__img\"><a href=\"https:\/\/www.suno.com.br\/noticias\/flavio-bolsonaro-planalto-cautela\/\"><img class=\"mask\" src=\"https:\/\/www.suno.com.br\/noticias\/wp-content\/themes\/suno\/resources\/images\/spotlight\/spotlight1img\/bg-mask.png\" alt=\"Image Mask\"\/><img src=\"https:\/\/files.sunoresearch.com.br\/n\/uploads\/2019\/01\/8e1a7690-fl\u00e1vio-bolsonaro-400x200.webp\" alt=\"Caso de Fl\u00e1vio Bolsonaro suscita cautela em Planalto\"\/><\/a><span class=\"spotlightCategory\"><a href=\"https:\/\/www.suno.com.br\/noticias\/politica\/\">Pol\u00edtica<\/a><\/span><\/div><div class=\"cardsPage__listCard__boxs__content\"><a href=\"https:\/\/www.suno.com.br\/noticias\/flavio-bolsonaro-planalto-cautela\/\"><h2 class=\"content__title\">Caso de Fl\u00e1vio Bolsonaro suscita cautela em Planalto<\/h2><\/a><div class=\"newsContent__article__meta\"><div class=\"newsContent__article__meta__authorBox\"><a href=\"https:\/\/www.suno.com.br\/noticias\/author\/amanda\/\" class=\"authorBox__avatar noMobi\"><img src=\"https:\/\/files.sunoresearch.com.br\/n\/uploads\/2018\/11\/c6ad30be-amanda-150x150.webp\" alt=\"Amanda Gushiken\"><\/a><div class=\"authorBox__name\"><span>por\n\t\t\t<a href=\"https:\/\/www.suno.com.br\/noticias\/author\/amanda\/\"><span itemprop=\"author\">Amanda Gushiken<\/span><\/a><\/span><time datetime=\"2019-01-19T14:40:35-02:00\" itemprop=\"datePublished\">19\/01\/2019 14:40<\/time><\/div><\/div><\/div><\/div><\/div>","single_layout":"posts","amp_enabled":true,"_links":{"self":[{"href":"https:\/\/www.suno.com.br\/noticias\/wp-json\/wp\/v2\/posts\/12311"}],"collection":[{"href":"https:\/\/www.suno.com.br\/noticias\/wp-json\/wp\/v2\/posts"}],"about":[{"href":"https:\/\/www.suno.com.br\/noticias\/wp-json\/wp\/v2\/types\/post"}],"author":[{"embeddable":true,"href":"https:\/\/www.suno.com.br\/noticias\/wp-json\/wp\/v2\/users\/12"}],"replies":[{"embeddable":true,"href":"https:\/\/www.suno.com.br\/noticias\/wp-json\/wp\/v2\/comments?post=12311"}],"version-history":[{"count":0,"href":"https:\/\/www.suno.com.br\/noticias\/wp-json\/wp\/v2\/posts\/12311\/revisions"}],"wp:featuredmedia":[{"embeddable":true,"href":"https:\/\/www.suno.com.br\/noticias\/wp-json\/wp\/v2\/media\/12291"}],"wp:attachment":[{"href":"https:\/\/www.suno.com.br\/noticias\/wp-json\/wp\/v2\/media?parent=12311"}],"wp:term":[{"taxonomy":"category","embeddable":true,"href":"https:\/\/www.suno.com.br\/noticias\/wp-json\/wp\/v2\/categories?post=12311"},{"taxonomy":"post_tag","embeddable":true,"href":"https:\/\/www.suno.com.br\/noticias\/wp-json\/wp\/v2\/tags?post=12311"},{"taxonomy":"suno_strategy","embeddable":true,"href":"https:\/\/www.suno.com.br\/noticias\/wp-json\/wp\/v2\/suno_strategy?post=12311"}],"curies":[{"name":"wp","href":"https:\/\/api.w.org\/{rel}","templated":true}]}}