{"id":12306,"date":"2019-01-19T13:58:27","date_gmt":"2019-01-19T15:58:27","guid":{"rendered":"https:\/\/www.suno.com.br\/noticias\/?p=12306"},"modified":"2019-01-19T13:58:27","modified_gmt":"2019-01-19T15:58:27","slug":"reforma-previdencia-congresso","status":"publish","type":"post","link":"https:\/\/www.suno.com.br\/noticias\/reforma-previdencia-congresso\/","title":{"rendered":"Reforma da Previd\u00eancia vai ao Congresso em fevereiro, diz secret\u00e1rio"},"content":{"rendered":"<p>O Congresso Nacional dever\u00e1 assistir a apresenta\u00e7\u00e3o da <strong>proposta<\/strong> de<strong> reforma da Previd\u00eancia<\/strong> na segunda semana de fevereiro.\u00a0Ser\u00e1 ent\u00e3o que o governo abrir\u00e1 a discuss\u00e3o acerca dos termos do texto, com a sociedade e a Imprensa. O an\u00fancio foi feito pelo\u00a0secret\u00e1rio de Previd\u00eancia e Trabalho do minist\u00e9rio da Economia, Rog\u00e9rio Marinho na sexta-feira (17)<\/p>\t<div class=\"wrapper-featured-image\">\n\t\t<figure class=\"spotlightImg\">\n\n\t\t\t<picture>\n\t\t\t\t<source media=\"(max-width: 768px)\" srcset=\"https:\/\/files.sunoresearch.com.br\/n\/uploads\/2019\/01\/b419d433-reforma-da-previd\u00eancia-400x200.webp\">\n\t\t\t\t<img loading=\"lazy\" decoding=\"async\" class=\"newsContent__article__imgCapa lazyloadDisabled newsContent__article__imgCapa--noCaption\" src=\"https:\/\/files.sunoresearch.com.br\/n\/uploads\/2019\/01\/b419d433-reforma-da-previd\u00eancia-800x450.webp\" width=\"800\" height=\"450\" alt=\"Reforma da Previd\u00eancia vai ao Congresso em fevereiro, diz secret\u00e1rio\" fetchpriority=high \/>\n\t\t\t<\/picture>\n\n\t\t\t<figcaption class=\"wp-caption-text wp-caption-text--hide\">Rog\u00e9rio Marinho, secret\u00e1rio especial da Previd\u00eancia. (divulga\u00e7\u00e3o)<\/figcaption>\n\t\t<\/figure>\n\t<\/div>\n\n\n<p>A proposta de reforma da Previd\u00eancia, que est\u00e1 sendo elaborada pela equipe do ministro da Economia <strong>Paulo Guedes<\/strong>, utilizar\u00e1 Proposta de Emenda \u00e0 Constitui\u00e7\u00e3o (<strong>PEC<\/strong>) do ex-presidente Michel Temer.<\/p>\n<p><a href=\"https:\/\/www.suno.com.br\/noticias\/proposta-reforma-previdencia-capitalizacao-guedes\/\">Saiba mais &#8211;\u00a0Proposta da reforma da Previd\u00eancia ter\u00e1 capitaliza\u00e7\u00e3o, diz Guedes\u00a0<\/a><\/p>\n<p>A PEC que ser\u00e1 utilizada na <strong>reforma da Previd\u00eancia<\/strong> trata de mudan\u00e7as previdenci\u00e1rias, e j\u00e1 est\u00e1 na C\u00e2mara dos Deputados, segundo informou Marinho.<\/p>\n<p>O secret\u00e1rio afirmou, em entrevista coletiva no Pal\u00e1cio do Planalto, que\u00a0 o governo deve apresentar emenda ao texto que est\u00e1 na C\u00e2mara. Tal emenda concentrar\u00e1 as mudan\u00e7as acordadas pelo governo do atual presidente da Rep\u00fablica,<strong> Jair Bolsonaro<\/strong>.<\/p>\n<p>O ministro da Casa Civil, Onyx Lorenzoni alegou na ter\u00e7a-feira (15) que Bolsonaro receberia a proposta final at\u00e9 domingo. A<span style=\"font-size: 1.21429rem;\">ntes de embarcar \u00e0 Davos, onde o presidente participar\u00e1 do F\u00f3rum Econ\u00f4mico Mundial.<\/span><\/p>\n<p>Questionado se a fala de Onyx poderia ser confirmada, Marinho respondeu que <strong>Bolsonaro<\/strong> vem recebendo as linhas gerais do projeto. Conforme o secret\u00e1rio, o texto segue sob constru\u00e7\u00e3o.<\/p>\n<p><a href=\"https:\/\/www.suno.com.br\/noticias\/onyx-bolsonaro-reforma-previdencia-davos\/\">Saiba mais &#8211;\u00a0Onyx diz que Bolsonaro decidir\u00e1 sobre reforma da Previd\u00eancia ap\u00f3s Davos\u00a0<\/a><\/p>\n<p><a href=\"https:\/\/www.suno.com.br\/noticias\/reforma-previdencia-confira-cenarios-2019\/\">Saiba mais &#8211;\u00a0Reforma da Previd\u00eancia: confira quais s\u00e3o os cen\u00e1rios para 2019\u00a0<\/a><\/p>\n<p>\u201cN\u00f3s estamos falando que Bolsonaro est\u00e1 recebendo as linhas gerais do projeto. Est\u00e1 sendo submetido a ele e ele vai dizer esse \u00e9 o caminho, aquele \u00e9 o caminho. Agora \u00e9 bom dizer que seria dif\u00edcil se mostrar uma reforma que deve ter dezenas de artigos e todas essas particularidades sem que haja justamente a defini\u00e7\u00e3o do rumo que n\u00f3s estamos seguindo\u201d, alertou Marinho.<\/p>\n<p>O grupo respons\u00e1vel pela formula\u00e7\u00e3o da <strong>proposta<\/strong> segue trabalhando com cen\u00e1rios, fazendo c\u00e1lculos atuariais e consultando outras pessoas.<\/p>\n<h2>As For\u00e7as Armadas e a reforma da Previd\u00eancia<\/h2>\n<p>Rog\u00e9rio Marinho preferiu n\u00e3o especificar se os militares tamb\u00e9m estar\u00e1 inclusos na <strong>reforma da Previd\u00eancia<\/strong> proposta pelo governo Bolsonaro.<\/p>\n<p>Ressalta-se que o presidente da Rep\u00fablica \u00e9 ex-capit\u00e3o do Ex\u00e9rcito, e est\u00e1 sendo pressionado para inserir os <strong>militares<\/strong> nas mudan\u00e7as previdenci\u00e1rias.<\/p>\n<p>\u201cOs militares t\u00eam suas especificidades. Eles n\u00e3o t\u00eam um regime previdenci\u00e1rio como os civis. Isso precisa ser respeitado. N\u00e3o posso garantir a voc\u00eas que estar\u00e3o ou n\u00e3o na reforma\u201d, disse o secret\u00e1rio.<\/p>\n<p>At\u00e9 a data presente, n\u00e3o h\u00e1 decis\u00e3o se a proposta da equipe econ\u00f4mica de Paulo Guedes abranger\u00e1 as<strong> For\u00e7as Armadas<\/strong>.<\/p>\n<p>Todavia, na quarta-feira (16), Paulo Guedes opinou que a reforma perde se n\u00e3o incluir os <strong>militares<\/strong>.<\/p>\n<p>A opini\u00e3o do ministro \u00e9\u00a0apoiada\u00a0pelo jornal \u201cO Globo\u201d, que apresentou dois argumentos para a inclus\u00e3o das <strong>For\u00e7as Armadas<\/strong>:<\/p>\n<ul>\n<li>Postura Corporativista: o presidente da Rep\u00fablica n\u00e3o pode favorecer uma parte da popula\u00e7\u00e3o mais do que outra.<\/li>\n<li>D\u00e9ficit or\u00e7ament\u00e1rio: dentre janeiro e novembro de 2018, o preju\u00edzo foi de R$ 40,5 bilh\u00f5es, com crescimento de 12,85% ante o ano anterior. No mesmo per\u00edodo de 2017, o d\u00e9ficit foi de R$ 35,9 bilh\u00f5es.<\/li>\n<\/ul>\n<p><a href=\"https:\/\/www.suno.com.br\/noticias\/mae-reforma-previdencia-mulheres\/\">Saiba mais &#8211; B\u00f4nus para m\u00e3es na reforma da Previd\u00eancia n\u00e3o diminui desigualdades, dizem especialistas\u00a0<\/a><\/p>\n<p><a href=\"https:\/\/www.suno.com.br\/noticias\/reforma-previdencia-gerar-economia-tri\/\">Saiba mais &#8211;\u00a0Reforma da Previd\u00eancia pode gerar economia de at\u00e9 R$ 1 tri em 10 anos\u00a0<\/a><\/p>\n<p>Tamb\u00e9m est\u00e1 em debate o b\u00f4nus para m\u00e3es na<strong> reforma da Previd\u00eancia<\/strong>. Uma medida que visa adiantar a aposentadoria para mulheres com filhos, funcionar\u00e1 da seguinte forma: para cada filho, a mulher poder\u00e1 antecipar a aposentadoria\u00a0em um ano. Por\u00e9m, h\u00e1 o limite de tr\u00eas filhos para a conta.<\/p>\n","protected":false},"excerpt":{"rendered":"<p>O Congresso Nacional dever\u00e1 assistir a apresenta\u00e7\u00e3o da proposta de reforma da Previd\u00eancia na segunda semana de fevereiro.\u00a0Ser\u00e1 ent\u00e3o que o governo abrir\u00e1 a discuss\u00e3o acerca dos termos do texto, com a sociedade e a Imprensa. O an\u00fancio foi feito pelo\u00a0secret\u00e1rio de Previd\u00eancia e Trabalho do minist\u00e9rio da Economia, Rog\u00e9rio Marinho na sexta-feira (17) Rog\u00e9rio [&hellip;]<\/p>\n","protected":false},"author":12,"featured_media":12308,"comment_status":"closed","ping_status":"closed","sticky":false,"template":"","format":"standard","meta":[],"categories":[61],"tags":[719,940],"suno_strategy":[],"class_list":["post-12306","post","type-post","status-publish","format-standard","has-post-thumbnail","hentry","category-politica","tag-jair-bolsonaro","tag-reforma-da-previdencia"],"yoast_head":"<!-- This site is optimized with the Yoast SEO plugin v24.4 - https:\/\/yoast.com\/wordpress\/plugins\/seo\/ -->\n<title>Reforma da Previd\u00eancia vai ao Congresso em fevereiro, diz secret\u00e1rio<\/title>\n<meta name=\"description\" content=\"A proposta de reforma da Previd\u00eancia do governo Bolsonaro dever\u00e1 ir a debate no Congresso Nacional em fevereiro. Clique para saber mais.\" \/>\n<meta name=\"robots\" content=\"index, follow, max-snippet:-1, max-image-preview:large, max-video-preview:-1\" \/>\n<link rel=\"canonical\" href=\"https:\/\/www.suno.com.br\/noticias\/reforma-previdencia-congresso\/\" \/>\n<meta property=\"og:locale\" content=\"pt_BR\" \/>\n<meta property=\"og:type\" content=\"article\" \/>\n<meta property=\"og:title\" content=\"Reforma da Previd\u00eancia vai ao Congresso em fevereiro, diz secret\u00e1rio\" \/>\n<meta property=\"og:description\" content=\"A proposta de reforma da Previd\u00eancia do governo Bolsonaro dever\u00e1 ir a debate no Congresso Nacional em fevereiro. Clique para saber mais.\" \/>\n<meta property=\"og:url\" content=\"https:\/\/www.suno.com.br\/noticias\/reforma-previdencia-congresso\/\" \/>\n<meta property=\"og:site_name\" content=\"Suno Not\u00edcias\" \/>\n<meta property=\"article:publisher\" content=\"https:\/\/facebook.com\/sunoresearch\" \/>\n<meta property=\"og:image\" content=\"https:\/\/files.sunoresearch.com.br\/n\/uploads\/2019\/01\/b419d433-reforma-da-previd\u00eancia.jpg\" \/>\n\t<meta property=\"og:image:width\" content=\"1024\" \/>\n\t<meta property=\"og:image:height\" content=\"683\" \/>\n\t<meta property=\"og:image:type\" content=\"image\/jpeg\" \/>\n<meta name=\"author\" content=\"Amanda Gushiken\" \/>\n<meta name=\"twitter:card\" content=\"summary_large_image\" \/>\n<meta name=\"twitter:creator\" content=\"@sunoresearch\" \/>\n<meta name=\"twitter:site\" content=\"@sunoresearch\" \/>\n<meta name=\"twitter:label1\" content=\"Escrito por\" \/>\n\t<meta name=\"twitter:data1\" content=\"Amanda Gushiken\" \/>\n\t<meta name=\"twitter:label2\" content=\"Est. tempo de leitura\" \/>\n\t<meta name=\"twitter:data2\" content=\"3 minutos\" \/>\n<script type=\"application\/ld+json\" class=\"yoast-schema-graph\">{\"@context\":\"https:\/\/schema.org\",\"@graph\":[{\"@type\":\"NewsArticle\",\"@id\":\"https:\/\/www.suno.com.br\/noticias\/reforma-previdencia-congresso\/#article\",\"isPartOf\":{\"@id\":\"https:\/\/www.suno.com.br\/noticias\/reforma-previdencia-congresso\/\"},\"author\":{\"name\":\"Amanda Gushiken\",\"@id\":\"https:\/\/www.suno.com.br\/noticias\/#\/schema\/person\/a5b06fa4e879d8e8e119c6ed3cd630d1\"},\"headline\":\"Reforma da Previd\u00eancia vai ao Congresso em fevereiro, diz secret\u00e1rio\",\"datePublished\":\"2019-01-19T15:58:27+00:00\",\"mainEntityOfPage\":{\"@id\":\"https:\/\/www.suno.com.br\/noticias\/reforma-previdencia-congresso\/\"},\"wordCount\":679,\"publisher\":{\"@id\":\"https:\/\/www.suno.com.br\/noticias\/#organization\"},\"image\":{\"@id\":\"https:\/\/www.suno.com.br\/noticias\/reforma-previdencia-congresso\/#primaryimage\"},\"thumbnailUrl\":\"https:\/\/files.sunoresearch.com.br\/n\/uploads\/2019\/01\/b419d433-reforma-da-previd\u00eancia-jpg.webp\",\"keywords\":[\"Jair Bolsonaro\",\"Reforma da Previd\u00eancia\"],\"articleSection\":[\"Pol\u00edtica\"],\"inLanguage\":\"pt-BR\"},{\"@type\":\"WebPage\",\"@id\":\"https:\/\/www.suno.com.br\/noticias\/reforma-previdencia-congresso\/\",\"url\":\"https:\/\/www.suno.com.br\/noticias\/reforma-previdencia-congresso\/\",\"name\":\"Reforma da Previd\u00eancia vai ao Congresso em fevereiro, diz secret\u00e1rio\",\"isPartOf\":{\"@id\":\"https:\/\/www.suno.com.br\/noticias\/#website\"},\"primaryImageOfPage\":{\"@id\":\"https:\/\/www.suno.com.br\/noticias\/reforma-previdencia-congresso\/#primaryimage\"},\"image\":{\"@id\":\"https:\/\/www.suno.com.br\/noticias\/reforma-previdencia-congresso\/#primaryimage\"},\"thumbnailUrl\":\"https:\/\/files.sunoresearch.com.br\/n\/uploads\/2019\/01\/b419d433-reforma-da-previd\u00eancia-jpg.webp\",\"datePublished\":\"2019-01-19T15:58:27+00:00\",\"description\":\"A proposta de reforma da Previd\u00eancia do governo Bolsonaro dever\u00e1 ir a debate no Congresso Nacional em fevereiro. Clique para saber mais.\",\"breadcrumb\":{\"@id\":\"https:\/\/www.suno.com.br\/noticias\/reforma-previdencia-congresso\/#breadcrumb\"},\"inLanguage\":\"pt-BR\",\"potentialAction\":[{\"@type\":\"ReadAction\",\"target\":[\"https:\/\/www.suno.com.br\/noticias\/reforma-previdencia-congresso\/\"]}]},{\"@type\":\"ImageObject\",\"inLanguage\":\"pt-BR\",\"@id\":\"https:\/\/www.suno.com.br\/noticias\/reforma-previdencia-congresso\/#primaryimage\",\"url\":\"https:\/\/files.sunoresearch.com.br\/n\/uploads\/2019\/01\/b419d433-reforma-da-previd\u00eancia-jpg.webp\",\"contentUrl\":\"https:\/\/files.sunoresearch.com.br\/n\/uploads\/2019\/01\/b419d433-reforma-da-previd\u00eancia-jpg.webp\",\"width\":1024,\"height\":683,\"caption\":\"Rog\u00e9rio Marinho, secret\u00e1rio especial da Previd\u00eancia. (divulga\u00e7\u00e3o)\"},{\"@type\":\"BreadcrumbList\",\"@id\":\"https:\/\/www.suno.com.br\/noticias\/reforma-previdencia-congresso\/#breadcrumb\",\"itemListElement\":[{\"@type\":\"ListItem\",\"position\":1,\"name\":\"Not\u00edcias\",\"item\":\"https:\/\/www.suno.com.br\/noticias\/\"},{\"@type\":\"ListItem\",\"position\":2,\"name\":\"Pol\u00edtica\",\"item\":\"https:\/\/www.suno.com.br\/noticias\/politica\/\"},{\"@type\":\"ListItem\",\"position\":3,\"name\":\"Reforma da Previd\u00eancia vai ao Congresso em fevereiro, diz secret\u00e1rio\"}]},{\"@type\":\"WebSite\",\"@id\":\"https:\/\/www.suno.com.br\/noticias\/#website\",\"url\":\"https:\/\/www.suno.com.br\/noticias\/\",\"name\":\"Suno Not\u00edcias\",\"description\":\"Seu portal de informa\u00e7\u00e3o sobre o mundo dos investimentos\",\"publisher\":{\"@id\":\"https:\/\/www.suno.com.br\/noticias\/#organization\"},\"potentialAction\":[{\"@type\":\"SearchAction\",\"target\":{\"@type\":\"EntryPoint\",\"urlTemplate\":\"https:\/\/www.suno.com.br\/noticias\/?s={search_term_string}\"},\"query-input\":{\"@type\":\"PropertyValueSpecification\",\"valueRequired\":true,\"valueName\":\"search_term_string\"}}],\"inLanguage\":\"pt-BR\"},{\"@type\":\"Organization\",\"@id\":\"https:\/\/www.suno.com.br\/noticias\/#organization\",\"name\":\"Suno Not\u00edcias\",\"url\":\"https:\/\/www.suno.com.br\/noticias\/\",\"logo\":{\"@type\":\"ImageObject\",\"inLanguage\":\"pt-BR\",\"@id\":\"https:\/\/www.suno.com.br\/noticias\/#\/schema\/logo\/image\/\",\"url\":\"https:\/\/files.sunoresearch.com.br\/n\/uploads\/2021\/09\/suno-logo.png\",\"contentUrl\":\"https:\/\/files.sunoresearch.com.br\/n\/uploads\/2021\/09\/suno-logo.png\",\"width\":180,\"height\":180,\"caption\":\"Suno Not\u00edcias\"},\"image\":{\"@id\":\"https:\/\/www.suno.com.br\/noticias\/#\/schema\/logo\/image\/\"},\"sameAs\":[\"https:\/\/facebook.com\/sunoresearch\",\"https:\/\/x.com\/sunoresearch\",\"https:\/\/www.instagram.com\/suno\",\"https:\/\/www.linkedin.com\/company\/suno-research\/\",\"https:\/\/www.youtube.com\/c\/sunoresearch\"]},{\"@type\":\"Person\",\"@id\":\"https:\/\/www.suno.com.br\/noticias\/#\/schema\/person\/a5b06fa4e879d8e8e119c6ed3cd630d1\",\"name\":\"Amanda Gushiken\",\"image\":{\"@type\":\"ImageObject\",\"inLanguage\":\"pt-BR\",\"@id\":\"https:\/\/www.suno.com.br\/noticias\/#\/schema\/person\/image\/\",\"url\":\"https:\/\/secure.gravatar.com\/avatar\/ecd84705e6b65e3685ae80d725501fbe?s=96&r=g\",\"contentUrl\":\"https:\/\/secure.gravatar.com\/avatar\/ecd84705e6b65e3685ae80d725501fbe?s=96&r=g\",\"caption\":\"Amanda Gushiken\"},\"description\":\"Amanda Sayuri Gushiken escreve sobre finan\u00e7as e neg\u00f3cios para o portal Suno Not\u00edcias. Antes, trabalhou selecionando not\u00edcias da imprensa para clientes do mercado financeiro. Tamb\u00e9m desenvolveu pesquisa acad\u00eamica pela Universidade Anhembi Morumbi na \u00e1rea de Teorias da Comunica\u00e7\u00e3o e \u00e9 fot\u00f3grafa nas horas vagas.\",\"url\":\"https:\/\/www.suno.com.br\/noticias\/author\/amanda\/\"}]}<\/script>\n<!-- \/ Yoast SEO plugin. -->","yoast_head_json":{"title":"Reforma da Previd\u00eancia vai ao Congresso em fevereiro, diz secret\u00e1rio","description":"A proposta de reforma da Previd\u00eancia do governo Bolsonaro dever\u00e1 ir a debate no Congresso Nacional em fevereiro. Clique para saber mais.","robots":{"index":"index","follow":"follow","max-snippet":"max-snippet:-1","max-image-preview":"max-image-preview:large","max-video-preview":"max-video-preview:-1"},"canonical":"https:\/\/www.suno.com.br\/noticias\/reforma-previdencia-congresso\/","og_locale":"pt_BR","og_type":"article","og_title":"Reforma da Previd\u00eancia vai ao Congresso em fevereiro, diz secret\u00e1rio","og_description":"A proposta de reforma da Previd\u00eancia do governo Bolsonaro dever\u00e1 ir a debate no Congresso Nacional em fevereiro. Clique para saber mais.","og_url":"https:\/\/www.suno.com.br\/noticias\/reforma-previdencia-congresso\/","og_site_name":"Suno Not\u00edcias","article_publisher":"https:\/\/facebook.com\/sunoresearch","og_image":[{"width":1024,"height":683,"url":"https:\/\/files.sunoresearch.com.br\/n\/uploads\/2019\/01\/b419d433-reforma-da-previd\u00eancia.jpg","type":"image\/jpeg"}],"author":"Amanda Gushiken","twitter_card":"summary_large_image","twitter_creator":"@sunoresearch","twitter_site":"@sunoresearch","twitter_misc":{"Escrito por":"Amanda Gushiken","Est. tempo de leitura":"3 minutos"},"schema":{"@context":"https:\/\/schema.org","@graph":[{"@type":"NewsArticle","@id":"https:\/\/www.suno.com.br\/noticias\/reforma-previdencia-congresso\/#article","isPartOf":{"@id":"https:\/\/www.suno.com.br\/noticias\/reforma-previdencia-congresso\/"},"author":{"name":"Amanda Gushiken","@id":"https:\/\/www.suno.com.br\/noticias\/#\/schema\/person\/a5b06fa4e879d8e8e119c6ed3cd630d1"},"headline":"Reforma da Previd\u00eancia vai ao Congresso em fevereiro, diz secret\u00e1rio","datePublished":"2019-01-19T15:58:27+00:00","mainEntityOfPage":{"@id":"https:\/\/www.suno.com.br\/noticias\/reforma-previdencia-congresso\/"},"wordCount":679,"publisher":{"@id":"https:\/\/www.suno.com.br\/noticias\/#organization"},"image":{"@id":"https:\/\/www.suno.com.br\/noticias\/reforma-previdencia-congresso\/#primaryimage"},"thumbnailUrl":"https:\/\/files.sunoresearch.com.br\/n\/uploads\/2019\/01\/b419d433-reforma-da-previd\u00eancia-jpg.webp","keywords":["Jair Bolsonaro","Reforma da Previd\u00eancia"],"articleSection":["Pol\u00edtica"],"inLanguage":"pt-BR"},{"@type":"WebPage","@id":"https:\/\/www.suno.com.br\/noticias\/reforma-previdencia-congresso\/","url":"https:\/\/www.suno.com.br\/noticias\/reforma-previdencia-congresso\/","name":"Reforma da Previd\u00eancia vai ao Congresso em fevereiro, diz secret\u00e1rio","isPartOf":{"@id":"https:\/\/www.suno.com.br\/noticias\/#website"},"primaryImageOfPage":{"@id":"https:\/\/www.suno.com.br\/noticias\/reforma-previdencia-congresso\/#primaryimage"},"image":{"@id":"https:\/\/www.suno.com.br\/noticias\/reforma-previdencia-congresso\/#primaryimage"},"thumbnailUrl":"https:\/\/files.sunoresearch.com.br\/n\/uploads\/2019\/01\/b419d433-reforma-da-previd\u00eancia-jpg.webp","datePublished":"2019-01-19T15:58:27+00:00","description":"A proposta de reforma da Previd\u00eancia do governo Bolsonaro dever\u00e1 ir a debate no Congresso Nacional em fevereiro. Clique para saber mais.","breadcrumb":{"@id":"https:\/\/www.suno.com.br\/noticias\/reforma-previdencia-congresso\/#breadcrumb"},"inLanguage":"pt-BR","potentialAction":[{"@type":"ReadAction","target":["https:\/\/www.suno.com.br\/noticias\/reforma-previdencia-congresso\/"]}]},{"@type":"ImageObject","inLanguage":"pt-BR","@id":"https:\/\/www.suno.com.br\/noticias\/reforma-previdencia-congresso\/#primaryimage","url":"https:\/\/files.sunoresearch.com.br\/n\/uploads\/2019\/01\/b419d433-reforma-da-previd\u00eancia-jpg.webp","contentUrl":"https:\/\/files.sunoresearch.com.br\/n\/uploads\/2019\/01\/b419d433-reforma-da-previd\u00eancia-jpg.webp","width":1024,"height":683,"caption":"Rog\u00e9rio Marinho, secret\u00e1rio especial da Previd\u00eancia. (divulga\u00e7\u00e3o)"},{"@type":"BreadcrumbList","@id":"https:\/\/www.suno.com.br\/noticias\/reforma-previdencia-congresso\/#breadcrumb","itemListElement":[{"@type":"ListItem","position":1,"name":"Not\u00edcias","item":"https:\/\/www.suno.com.br\/noticias\/"},{"@type":"ListItem","position":2,"name":"Pol\u00edtica","item":"https:\/\/www.suno.com.br\/noticias\/politica\/"},{"@type":"ListItem","position":3,"name":"Reforma da Previd\u00eancia vai ao Congresso em fevereiro, diz secret\u00e1rio"}]},{"@type":"WebSite","@id":"https:\/\/www.suno.com.br\/noticias\/#website","url":"https:\/\/www.suno.com.br\/noticias\/","name":"Suno Not\u00edcias","description":"Seu portal de informa\u00e7\u00e3o sobre o mundo dos investimentos","publisher":{"@id":"https:\/\/www.suno.com.br\/noticias\/#organization"},"potentialAction":[{"@type":"SearchAction","target":{"@type":"EntryPoint","urlTemplate":"https:\/\/www.suno.com.br\/noticias\/?s={search_term_string}"},"query-input":{"@type":"PropertyValueSpecification","valueRequired":true,"valueName":"search_term_string"}}],"inLanguage":"pt-BR"},{"@type":"Organization","@id":"https:\/\/www.suno.com.br\/noticias\/#organization","name":"Suno Not\u00edcias","url":"https:\/\/www.suno.com.br\/noticias\/","logo":{"@type":"ImageObject","inLanguage":"pt-BR","@id":"https:\/\/www.suno.com.br\/noticias\/#\/schema\/logo\/image\/","url":"https:\/\/files.sunoresearch.com.br\/n\/uploads\/2021\/09\/suno-logo.png","contentUrl":"https:\/\/files.sunoresearch.com.br\/n\/uploads\/2021\/09\/suno-logo.png","width":180,"height":180,"caption":"Suno Not\u00edcias"},"image":{"@id":"https:\/\/www.suno.com.br\/noticias\/#\/schema\/logo\/image\/"},"sameAs":["https:\/\/facebook.com\/sunoresearch","https:\/\/x.com\/sunoresearch","https:\/\/www.instagram.com\/suno","https:\/\/www.linkedin.com\/company\/suno-research\/","https:\/\/www.youtube.com\/c\/sunoresearch"]},{"@type":"Person","@id":"https:\/\/www.suno.com.br\/noticias\/#\/schema\/person\/a5b06fa4e879d8e8e119c6ed3cd630d1","name":"Amanda Gushiken","image":{"@type":"ImageObject","inLanguage":"pt-BR","@id":"https:\/\/www.suno.com.br\/noticias\/#\/schema\/person\/image\/","url":"https:\/\/secure.gravatar.com\/avatar\/ecd84705e6b65e3685ae80d725501fbe?s=96&r=g","contentUrl":"https:\/\/secure.gravatar.com\/avatar\/ecd84705e6b65e3685ae80d725501fbe?s=96&r=g","caption":"Amanda Gushiken"},"description":"Amanda Sayuri Gushiken escreve sobre finan\u00e7as e neg\u00f3cios para o portal Suno Not\u00edcias. Antes, trabalhou selecionando not\u00edcias da imprensa para clientes do mercado financeiro. Tamb\u00e9m desenvolveu pesquisa acad\u00eamica pela Universidade Anhembi Morumbi na \u00e1rea de Teorias da Comunica\u00e7\u00e3o e \u00e9 fot\u00f3grafa nas horas vagas.","url":"https:\/\/www.suno.com.br\/noticias\/author\/amanda\/"}]}},"default_loop_html":"<div class=\"cardsPage__listCard__boxs\"><div class=\"cardsPage__listCard__boxs__img\"><a href=\"https:\/\/www.suno.com.br\/noticias\/reforma-previdencia-congresso\/\"><img class=\"mask\" src=\"https:\/\/www.suno.com.br\/noticias\/wp-content\/themes\/suno\/resources\/images\/spotlight\/spotlight1img\/bg-mask.png\" alt=\"Image Mask\"\/><img src=\"https:\/\/files.sunoresearch.com.br\/n\/uploads\/2019\/01\/b419d433-reforma-da-previd\u00eancia-400x200.webp\" alt=\"Reforma da Previd\u00eancia vai ao Congresso em fevereiro, diz secret\u00e1rio\"\/><\/a><span class=\"spotlightCategory\"><a href=\"https:\/\/www.suno.com.br\/noticias\/politica\/\">Pol\u00edtica<\/a><\/span><\/div><div class=\"cardsPage__listCard__boxs__content\"><a href=\"https:\/\/www.suno.com.br\/noticias\/reforma-previdencia-congresso\/\"><h2 class=\"content__title\">Reforma da Previd\u00eancia vai ao Congresso em fevereiro, diz secret\u00e1rio<\/h2><\/a><div class=\"newsContent__article__meta\"><div class=\"newsContent__article__meta__authorBox\"><a href=\"https:\/\/www.suno.com.br\/noticias\/author\/amanda\/\" class=\"authorBox__avatar noMobi\"><img src=\"https:\/\/files.sunoresearch.com.br\/n\/uploads\/2018\/11\/c6ad30be-amanda-150x150.webp\" alt=\"Amanda Gushiken\"><\/a><div class=\"authorBox__name\"><span>por\n\t\t\t<a href=\"https:\/\/www.suno.com.br\/noticias\/author\/amanda\/\"><span itemprop=\"author\">Amanda Gushiken<\/span><\/a><\/span><time datetime=\"2019-01-19T13:58:27-02:00\" itemprop=\"datePublished\">19\/01\/2019 13:58<\/time><\/div><\/div><\/div><\/div><\/div>","single_layout":"posts","amp_enabled":true,"_links":{"self":[{"href":"https:\/\/www.suno.com.br\/noticias\/wp-json\/wp\/v2\/posts\/12306"}],"collection":[{"href":"https:\/\/www.suno.com.br\/noticias\/wp-json\/wp\/v2\/posts"}],"about":[{"href":"https:\/\/www.suno.com.br\/noticias\/wp-json\/wp\/v2\/types\/post"}],"author":[{"embeddable":true,"href":"https:\/\/www.suno.com.br\/noticias\/wp-json\/wp\/v2\/users\/12"}],"replies":[{"embeddable":true,"href":"https:\/\/www.suno.com.br\/noticias\/wp-json\/wp\/v2\/comments?post=12306"}],"version-history":[{"count":0,"href":"https:\/\/www.suno.com.br\/noticias\/wp-json\/wp\/v2\/posts\/12306\/revisions"}],"wp:featuredmedia":[{"embeddable":true,"href":"https:\/\/www.suno.com.br\/noticias\/wp-json\/wp\/v2\/media\/12308"}],"wp:attachment":[{"href":"https:\/\/www.suno.com.br\/noticias\/wp-json\/wp\/v2\/media?parent=12306"}],"wp:term":[{"taxonomy":"category","embeddable":true,"href":"https:\/\/www.suno.com.br\/noticias\/wp-json\/wp\/v2\/categories?post=12306"},{"taxonomy":"post_tag","embeddable":true,"href":"https:\/\/www.suno.com.br\/noticias\/wp-json\/wp\/v2\/tags?post=12306"},{"taxonomy":"suno_strategy","embeddable":true,"href":"https:\/\/www.suno.com.br\/noticias\/wp-json\/wp\/v2\/suno_strategy?post=12306"}],"curies":[{"name":"wp","href":"https:\/\/api.w.org\/{rel}","templated":true}]}}