{"id":12301,"date":"2019-01-19T12:57:49","date_gmt":"2019-01-19T14:57:49","guid":{"rendered":"https:\/\/www.suno.com.br\/noticias\/?p=12301"},"modified":"2019-01-19T18:18:01","modified_gmt":"2019-01-19T20:18:01","slug":"general-motors-america-sul","status":"publish","type":"post","link":"https:\/\/www.suno.com.br\/noticias\/general-motors-america-sul\/","title":{"rendered":"General Motors informa funcion\u00e1rios que pode deixar Am\u00e9rica do Sul"},"content":{"rendered":"<p>A diretoria da General Motors (GM), no <strong>Brasil<\/strong> informou seus funcion\u00e1rios via-email, na \u00faltima sexta-feira (18), acerca da possibilidade da multinacional encerrar sua opera\u00e7\u00f5es na <strong>Am\u00e9rica do Sul<\/strong>.<\/p>\t<div class=\"wrapper-featured-image\">\n\t\t<figure class=\"spotlightImg\">\n\n\t\t\t<picture>\n\t\t\t\t<source media=\"(max-width: 768px)\" srcset=\"https:\/\/files.sunoresearch.com.br\/n\/uploads\/2019\/01\/0c3929e6-general-motors-400x200.webp\">\n\t\t\t\t<img loading=\"lazy\" decoding=\"async\" class=\"newsContent__article__imgCapa lazyloadDisabled newsContent__article__imgCapa--noCaption\" src=\"https:\/\/files.sunoresearch.com.br\/n\/uploads\/2019\/01\/0c3929e6-general-motors-800x450.webp\" width=\"800\" height=\"450\" alt=\"General Motors informa funcion\u00e1rios que pode deixar Am\u00e9rica do Sul\" fetchpriority=high \/>\n\t\t\t<\/picture>\n\n\t\t\t<figcaption class=\"wp-caption-text wp-caption-text--hide\">General Motors come\u00e7a demiss\u00f5es de 4 mil funcion\u00e1rios na Am\u00e9rica do Norte. (divulga\u00e7\u00e3o)<\/figcaption>\n\t\t<\/figure>\n\t<\/div>\n\n\n<p>Com grande parte dos funcion\u00e1rios em f\u00e9rias coletivas, a pauta n\u00e3o monopolizou os corredores da empresa, de acordo com a apura\u00e7\u00e3o do portal &#8220;Terra&#8221; com fonte interna.<\/p>\n<p>Contudo, os funcion\u00e1rios da <strong>General Motors<\/strong> temem perder o emprego.\u00a0O comunicado \u00e9 uma surpresa, pois a companhia fez investimentos recentes no Pa\u00eds.<\/p>\n<p>O presidente da <strong>GM<\/strong> do <a href=\"https:\/\/www.suno.com.br\/artigos\/blocos-economicos\/\">bloco econ\u00f4mico<\/a> <strong>Mercosul<\/strong>, Carlos Zarlenga, afirmou aos empregados que a companhia tem se esfor\u00e7ado para uma reestrutura\u00e7\u00e3o.\u00a0Por\u00e9m, segundo Zarlenga, o movimento tem causado muitos rumores.<\/p>\n<p><a href=\"https:\/\/www.suno.com.br\/noticias\/ford-omite-informacoes-decepciona-investidores\/\">Saiba mais &#8211;\u00a0Ford omite informa\u00e7\u00f5es financeiras e decepciona investidores\u00a0<\/a><\/p>\n<p>Confira parte do texto ao qual o &#8220;Terra&#8221; obteve acesso:<\/p>\n<p>&#8220;A <strong>GM<\/strong> no Brasil teve um preju\u00edzo agregado significativo no per\u00edodo de 2016 a 2018, que N\u00c3O PODE SE REPETIR. 2019 ser\u00e1 um ano decisivo para nossa hist\u00f3ria. O Comit\u00ea Executivo do <strong>Mercosul<\/strong> est\u00e1 fortemente comprometido para reverter esta situa\u00e7\u00e3o de forma imediata e definitiva. Vivemos um momento cr\u00edtico que vai exigir importantes sacrif\u00edcios de TODOS. O Comit\u00ea Executivo do Mercosul desenvolveu um plano de viabilidade que foi apresentado para nossa lideran\u00e7a global em Detroit. Esse plano requer apoio do governo, concession\u00e1rios, empregados, sindicatos e fornecedores. Do sucesso deste plano dependem os investimentos da <strong>GM<\/strong> e o nosso futuro.&#8221;<\/p>\n<p>Evitando se alongar no assunto, o presidente disse que o <strong>Brasil<\/strong> vive um per\u00edodo &#8220;muito cr\u00edtico&#8221;.<\/p>\n<p>Posteriormente, Zarlenga citou a entrevista concedida pela presidenta global da montadora, Mary Barra, a um site de Detroit, na sexta-feira (11).<\/p>\n<p>Na passagem citada aos funcion\u00e1rios no Pa\u00eds, Barra alertou que a empresa considerava deixar a <strong>Am\u00e9rica do Sul<\/strong>. O Brasil e a Argentina, os maiores mercados sul-americanos, continuavam mostrando-se &#8220;desafiadores&#8221;.<\/p>\n<p>A presidente global completou que a <strong>General Motors Corporation<\/strong> estaria dialogando com figuras-chave dos mercados locais para tomar medidas a fim de melhorar os neg\u00f3cios, &#8220;ou considerar outras op\u00e7\u00f5es. N\u00e3o vamos continuar investindo para perder dinheiro\u201d.<\/p>\n<p><a href=\"https:\/\/www.suno.com.br\/noticias\/volkswagen-se-destaca-na-venda-de-veiculos-em-2018\/\">Saiba mais &#8211;\u00a0Volkswagen se destaca na venda de ve\u00edculos em 2018\u00a0<\/a><\/p>\n<p>O ex-presidente da Rep\u00fablica Michel Temer (MDB) sancionou o novo programa de incentivos para montadoras no Brasil no fim de 2018. O programa recebeu o nome de Rota 2030.<\/p>\n<p>No epis\u00f3dio, Temer vetou\u00a0artigos que concediam isen\u00e7\u00e3o do <a href=\"https:\/\/www.suno.com.br\/artigos\/ipi\/\">Imposto sobre Produtos Industrializados<\/a> (IPI) para componentes, chassis, partes e pe\u00e7as e outras mat\u00e9rias primas da ind\u00fastria automobil\u00edstica que fossem importados por terceiros sob encomenda das f\u00e1bricas.<\/p>\n<p>A <strong>General Motors<\/strong> Corporation \u00e9 uma multinacional norte-americana que alimenta o mercado de produ\u00e7\u00e3o de autom\u00f3veis. Dentre as marcas originais da GM est\u00e3o Buick, Cadillac, Chevrolet e Pontiac (desativa em 2010) e a GMC. O portif\u00f3lio tamb\u00e9m inclui outras marcas como\u00a0Daewoo, Holden, Hummer, Opel, Saturn e Vauxhall.<\/p>\n","protected":false},"excerpt":{"rendered":"<p>A diretoria da General Motors (GM), no Brasil informou seus funcion\u00e1rios via-email, na \u00faltima sexta-feira (18), acerca da possibilidade da multinacional encerrar sua opera\u00e7\u00f5es na Am\u00e9rica do Sul. General Motors come\u00e7a demiss\u00f5es de 4 mil funcion\u00e1rios na Am\u00e9rica do Norte. (divulga\u00e7\u00e3o) Com grande parte dos funcion\u00e1rios em f\u00e9rias coletivas, a pauta n\u00e3o monopolizou os corredores [&hellip;]<\/p>\n","protected":false},"author":12,"featured_media":12302,"comment_status":"closed","ping_status":"closed","sticky":false,"template":"","format":"standard","meta":[],"categories":[64],"tags":[],"suno_strategy":[],"class_list":["post-12301","post","type-post","status-publish","format-standard","has-post-thumbnail","hentry","category-negocios"],"yoast_head":"<!-- This site is optimized with the Yoast SEO plugin v24.4 - https:\/\/yoast.com\/wordpress\/plugins\/seo\/ -->\n<title>General Motors informa funcion\u00e1rios que pode deixar Am\u00e9rica do Sul<\/title>\n<meta name=\"description\" content=\"A General Motors informou seus funcion\u00e1rios via e-mail que considera encerrar as opera\u00e7\u00f5es na Am\u00e9rica do Sul. Clique para saber mais.\" \/>\n<meta name=\"robots\" content=\"index, follow, max-snippet:-1, max-image-preview:large, max-video-preview:-1\" \/>\n<link rel=\"canonical\" href=\"https:\/\/www.suno.com.br\/noticias\/general-motors-america-sul\/\" \/>\n<meta property=\"og:locale\" content=\"pt_BR\" \/>\n<meta property=\"og:type\" content=\"article\" \/>\n<meta property=\"og:title\" content=\"General Motors informa funcion\u00e1rios que pode deixar Am\u00e9rica do Sul\" \/>\n<meta property=\"og:description\" content=\"A General Motors informou seus funcion\u00e1rios via e-mail que considera encerrar as opera\u00e7\u00f5es na Am\u00e9rica do Sul. Clique para saber mais.\" \/>\n<meta property=\"og:url\" content=\"https:\/\/www.suno.com.br\/noticias\/general-motors-america-sul\/\" \/>\n<meta property=\"og:site_name\" content=\"Suno Not\u00edcias\" \/>\n<meta property=\"article:publisher\" content=\"https:\/\/facebook.com\/sunoresearch\" \/>\n<meta property=\"og:image\" content=\"https:\/\/files.sunoresearch.com.br\/n\/uploads\/2019\/01\/0c3929e6-general-motors.jpg\" \/>\n\t<meta property=\"og:image:width\" content=\"1280\" \/>\n\t<meta property=\"og:image:height\" content=\"836\" \/>\n\t<meta property=\"og:image:type\" content=\"image\/jpeg\" \/>\n<meta name=\"author\" content=\"Amanda Gushiken\" \/>\n<meta name=\"twitter:card\" content=\"summary_large_image\" \/>\n<meta name=\"twitter:creator\" content=\"@sunoresearch\" \/>\n<meta name=\"twitter:site\" content=\"@sunoresearch\" \/>\n<meta name=\"twitter:label1\" content=\"Escrito por\" \/>\n\t<meta name=\"twitter:data1\" content=\"Amanda Gushiken\" \/>\n\t<meta name=\"twitter:label2\" content=\"Est. tempo de leitura\" \/>\n\t<meta name=\"twitter:data2\" content=\"2 minutos\" \/>\n<script type=\"application\/ld+json\" class=\"yoast-schema-graph\">{\"@context\":\"https:\/\/schema.org\",\"@graph\":[{\"@type\":\"NewsArticle\",\"@id\":\"https:\/\/www.suno.com.br\/noticias\/general-motors-america-sul\/#article\",\"isPartOf\":{\"@id\":\"https:\/\/www.suno.com.br\/noticias\/general-motors-america-sul\/\"},\"author\":{\"name\":\"Amanda Gushiken\",\"@id\":\"https:\/\/www.suno.com.br\/noticias\/#\/schema\/person\/a5b06fa4e879d8e8e119c6ed3cd630d1\"},\"headline\":\"General Motors informa funcion\u00e1rios que pode deixar Am\u00e9rica do Sul\",\"datePublished\":\"2019-01-19T14:57:49+00:00\",\"dateModified\":\"2019-01-19T20:18:01+00:00\",\"mainEntityOfPage\":{\"@id\":\"https:\/\/www.suno.com.br\/noticias\/general-motors-america-sul\/\"},\"wordCount\":502,\"publisher\":{\"@id\":\"https:\/\/www.suno.com.br\/noticias\/#organization\"},\"image\":{\"@id\":\"https:\/\/www.suno.com.br\/noticias\/general-motors-america-sul\/#primaryimage\"},\"thumbnailUrl\":\"https:\/\/files.sunoresearch.com.br\/n\/uploads\/2019\/01\/0c3929e6-general-motors-jpg.webp\",\"articleSection\":[\"Neg\u00f3cios\"],\"inLanguage\":\"pt-BR\"},{\"@type\":\"WebPage\",\"@id\":\"https:\/\/www.suno.com.br\/noticias\/general-motors-america-sul\/\",\"url\":\"https:\/\/www.suno.com.br\/noticias\/general-motors-america-sul\/\",\"name\":\"General Motors informa funcion\u00e1rios que pode deixar Am\u00e9rica do Sul\",\"isPartOf\":{\"@id\":\"https:\/\/www.suno.com.br\/noticias\/#website\"},\"primaryImageOfPage\":{\"@id\":\"https:\/\/www.suno.com.br\/noticias\/general-motors-america-sul\/#primaryimage\"},\"image\":{\"@id\":\"https:\/\/www.suno.com.br\/noticias\/general-motors-america-sul\/#primaryimage\"},\"thumbnailUrl\":\"https:\/\/files.sunoresearch.com.br\/n\/uploads\/2019\/01\/0c3929e6-general-motors-jpg.webp\",\"datePublished\":\"2019-01-19T14:57:49+00:00\",\"dateModified\":\"2019-01-19T20:18:01+00:00\",\"description\":\"A General Motors informou seus funcion\u00e1rios via e-mail que considera encerrar as opera\u00e7\u00f5es na Am\u00e9rica do Sul. Clique para saber mais.\",\"breadcrumb\":{\"@id\":\"https:\/\/www.suno.com.br\/noticias\/general-motors-america-sul\/#breadcrumb\"},\"inLanguage\":\"pt-BR\",\"potentialAction\":[{\"@type\":\"ReadAction\",\"target\":[\"https:\/\/www.suno.com.br\/noticias\/general-motors-america-sul\/\"]}]},{\"@type\":\"ImageObject\",\"inLanguage\":\"pt-BR\",\"@id\":\"https:\/\/www.suno.com.br\/noticias\/general-motors-america-sul\/#primaryimage\",\"url\":\"https:\/\/files.sunoresearch.com.br\/n\/uploads\/2019\/01\/0c3929e6-general-motors-jpg.webp\",\"contentUrl\":\"https:\/\/files.sunoresearch.com.br\/n\/uploads\/2019\/01\/0c3929e6-general-motors-jpg.webp\",\"width\":1280,\"height\":836,\"caption\":\"General Motors come\u00e7a demiss\u00f5es de 4 mil funcion\u00e1rios na Am\u00e9rica do Norte. (divulga\u00e7\u00e3o)\"},{\"@type\":\"BreadcrumbList\",\"@id\":\"https:\/\/www.suno.com.br\/noticias\/general-motors-america-sul\/#breadcrumb\",\"itemListElement\":[{\"@type\":\"ListItem\",\"position\":1,\"name\":\"Not\u00edcias\",\"item\":\"https:\/\/www.suno.com.br\/noticias\/\"},{\"@type\":\"ListItem\",\"position\":2,\"name\":\"Neg\u00f3cios\",\"item\":\"https:\/\/www.suno.com.br\/noticias\/negocios\/\"},{\"@type\":\"ListItem\",\"position\":3,\"name\":\"General Motors informa funcion\u00e1rios que pode deixar Am\u00e9rica do Sul\"}]},{\"@type\":\"WebSite\",\"@id\":\"https:\/\/www.suno.com.br\/noticias\/#website\",\"url\":\"https:\/\/www.suno.com.br\/noticias\/\",\"name\":\"Suno Not\u00edcias\",\"description\":\"Seu portal de informa\u00e7\u00e3o sobre o mundo dos investimentos\",\"publisher\":{\"@id\":\"https:\/\/www.suno.com.br\/noticias\/#organization\"},\"potentialAction\":[{\"@type\":\"SearchAction\",\"target\":{\"@type\":\"EntryPoint\",\"urlTemplate\":\"https:\/\/www.suno.com.br\/noticias\/?s={search_term_string}\"},\"query-input\":{\"@type\":\"PropertyValueSpecification\",\"valueRequired\":true,\"valueName\":\"search_term_string\"}}],\"inLanguage\":\"pt-BR\"},{\"@type\":\"Organization\",\"@id\":\"https:\/\/www.suno.com.br\/noticias\/#organization\",\"name\":\"Suno Not\u00edcias\",\"url\":\"https:\/\/www.suno.com.br\/noticias\/\",\"logo\":{\"@type\":\"ImageObject\",\"inLanguage\":\"pt-BR\",\"@id\":\"https:\/\/www.suno.com.br\/noticias\/#\/schema\/logo\/image\/\",\"url\":\"https:\/\/files.sunoresearch.com.br\/n\/uploads\/2021\/09\/suno-logo.png\",\"contentUrl\":\"https:\/\/files.sunoresearch.com.br\/n\/uploads\/2021\/09\/suno-logo.png\",\"width\":180,\"height\":180,\"caption\":\"Suno Not\u00edcias\"},\"image\":{\"@id\":\"https:\/\/www.suno.com.br\/noticias\/#\/schema\/logo\/image\/\"},\"sameAs\":[\"https:\/\/facebook.com\/sunoresearch\",\"https:\/\/x.com\/sunoresearch\",\"https:\/\/www.instagram.com\/suno\",\"https:\/\/www.linkedin.com\/company\/suno-research\/\",\"https:\/\/www.youtube.com\/c\/sunoresearch\"]},{\"@type\":\"Person\",\"@id\":\"https:\/\/www.suno.com.br\/noticias\/#\/schema\/person\/a5b06fa4e879d8e8e119c6ed3cd630d1\",\"name\":\"Amanda Gushiken\",\"image\":{\"@type\":\"ImageObject\",\"inLanguage\":\"pt-BR\",\"@id\":\"https:\/\/www.suno.com.br\/noticias\/#\/schema\/person\/image\/\",\"url\":\"https:\/\/secure.gravatar.com\/avatar\/ecd84705e6b65e3685ae80d725501fbe?s=96&r=g\",\"contentUrl\":\"https:\/\/secure.gravatar.com\/avatar\/ecd84705e6b65e3685ae80d725501fbe?s=96&r=g\",\"caption\":\"Amanda Gushiken\"},\"description\":\"Amanda Sayuri Gushiken escreve sobre finan\u00e7as e neg\u00f3cios para o portal Suno Not\u00edcias. Antes, trabalhou selecionando not\u00edcias da imprensa para clientes do mercado financeiro. Tamb\u00e9m desenvolveu pesquisa acad\u00eamica pela Universidade Anhembi Morumbi na \u00e1rea de Teorias da Comunica\u00e7\u00e3o e \u00e9 fot\u00f3grafa nas horas vagas.\",\"url\":\"https:\/\/www.suno.com.br\/noticias\/author\/amanda\/\"}]}<\/script>\n<!-- \/ Yoast SEO plugin. -->","yoast_head_json":{"title":"General Motors informa funcion\u00e1rios que pode deixar Am\u00e9rica do Sul","description":"A General Motors informou seus funcion\u00e1rios via e-mail que considera encerrar as opera\u00e7\u00f5es na Am\u00e9rica do Sul. Clique para saber mais.","robots":{"index":"index","follow":"follow","max-snippet":"max-snippet:-1","max-image-preview":"max-image-preview:large","max-video-preview":"max-video-preview:-1"},"canonical":"https:\/\/www.suno.com.br\/noticias\/general-motors-america-sul\/","og_locale":"pt_BR","og_type":"article","og_title":"General Motors informa funcion\u00e1rios que pode deixar Am\u00e9rica do Sul","og_description":"A General Motors informou seus funcion\u00e1rios via e-mail que considera encerrar as opera\u00e7\u00f5es na Am\u00e9rica do Sul. Clique para saber mais.","og_url":"https:\/\/www.suno.com.br\/noticias\/general-motors-america-sul\/","og_site_name":"Suno Not\u00edcias","article_publisher":"https:\/\/facebook.com\/sunoresearch","og_image":[{"width":1280,"height":836,"url":"https:\/\/files.sunoresearch.com.br\/n\/uploads\/2019\/01\/0c3929e6-general-motors.jpg","type":"image\/jpeg"}],"author":"Amanda Gushiken","twitter_card":"summary_large_image","twitter_creator":"@sunoresearch","twitter_site":"@sunoresearch","twitter_misc":{"Escrito por":"Amanda Gushiken","Est. tempo de leitura":"2 minutos"},"schema":{"@context":"https:\/\/schema.org","@graph":[{"@type":"NewsArticle","@id":"https:\/\/www.suno.com.br\/noticias\/general-motors-america-sul\/#article","isPartOf":{"@id":"https:\/\/www.suno.com.br\/noticias\/general-motors-america-sul\/"},"author":{"name":"Amanda Gushiken","@id":"https:\/\/www.suno.com.br\/noticias\/#\/schema\/person\/a5b06fa4e879d8e8e119c6ed3cd630d1"},"headline":"General Motors informa funcion\u00e1rios que pode deixar Am\u00e9rica do Sul","datePublished":"2019-01-19T14:57:49+00:00","dateModified":"2019-01-19T20:18:01+00:00","mainEntityOfPage":{"@id":"https:\/\/www.suno.com.br\/noticias\/general-motors-america-sul\/"},"wordCount":502,"publisher":{"@id":"https:\/\/www.suno.com.br\/noticias\/#organization"},"image":{"@id":"https:\/\/www.suno.com.br\/noticias\/general-motors-america-sul\/#primaryimage"},"thumbnailUrl":"https:\/\/files.sunoresearch.com.br\/n\/uploads\/2019\/01\/0c3929e6-general-motors-jpg.webp","articleSection":["Neg\u00f3cios"],"inLanguage":"pt-BR"},{"@type":"WebPage","@id":"https:\/\/www.suno.com.br\/noticias\/general-motors-america-sul\/","url":"https:\/\/www.suno.com.br\/noticias\/general-motors-america-sul\/","name":"General Motors informa funcion\u00e1rios que pode deixar Am\u00e9rica do Sul","isPartOf":{"@id":"https:\/\/www.suno.com.br\/noticias\/#website"},"primaryImageOfPage":{"@id":"https:\/\/www.suno.com.br\/noticias\/general-motors-america-sul\/#primaryimage"},"image":{"@id":"https:\/\/www.suno.com.br\/noticias\/general-motors-america-sul\/#primaryimage"},"thumbnailUrl":"https:\/\/files.sunoresearch.com.br\/n\/uploads\/2019\/01\/0c3929e6-general-motors-jpg.webp","datePublished":"2019-01-19T14:57:49+00:00","dateModified":"2019-01-19T20:18:01+00:00","description":"A General Motors informou seus funcion\u00e1rios via e-mail que considera encerrar as opera\u00e7\u00f5es na Am\u00e9rica do Sul. Clique para saber mais.","breadcrumb":{"@id":"https:\/\/www.suno.com.br\/noticias\/general-motors-america-sul\/#breadcrumb"},"inLanguage":"pt-BR","potentialAction":[{"@type":"ReadAction","target":["https:\/\/www.suno.com.br\/noticias\/general-motors-america-sul\/"]}]},{"@type":"ImageObject","inLanguage":"pt-BR","@id":"https:\/\/www.suno.com.br\/noticias\/general-motors-america-sul\/#primaryimage","url":"https:\/\/files.sunoresearch.com.br\/n\/uploads\/2019\/01\/0c3929e6-general-motors-jpg.webp","contentUrl":"https:\/\/files.sunoresearch.com.br\/n\/uploads\/2019\/01\/0c3929e6-general-motors-jpg.webp","width":1280,"height":836,"caption":"General Motors come\u00e7a demiss\u00f5es de 4 mil funcion\u00e1rios na Am\u00e9rica do Norte. (divulga\u00e7\u00e3o)"},{"@type":"BreadcrumbList","@id":"https:\/\/www.suno.com.br\/noticias\/general-motors-america-sul\/#breadcrumb","itemListElement":[{"@type":"ListItem","position":1,"name":"Not\u00edcias","item":"https:\/\/www.suno.com.br\/noticias\/"},{"@type":"ListItem","position":2,"name":"Neg\u00f3cios","item":"https:\/\/www.suno.com.br\/noticias\/negocios\/"},{"@type":"ListItem","position":3,"name":"General Motors informa funcion\u00e1rios que pode deixar Am\u00e9rica do Sul"}]},{"@type":"WebSite","@id":"https:\/\/www.suno.com.br\/noticias\/#website","url":"https:\/\/www.suno.com.br\/noticias\/","name":"Suno Not\u00edcias","description":"Seu portal de informa\u00e7\u00e3o sobre o mundo dos investimentos","publisher":{"@id":"https:\/\/www.suno.com.br\/noticias\/#organization"},"potentialAction":[{"@type":"SearchAction","target":{"@type":"EntryPoint","urlTemplate":"https:\/\/www.suno.com.br\/noticias\/?s={search_term_string}"},"query-input":{"@type":"PropertyValueSpecification","valueRequired":true,"valueName":"search_term_string"}}],"inLanguage":"pt-BR"},{"@type":"Organization","@id":"https:\/\/www.suno.com.br\/noticias\/#organization","name":"Suno Not\u00edcias","url":"https:\/\/www.suno.com.br\/noticias\/","logo":{"@type":"ImageObject","inLanguage":"pt-BR","@id":"https:\/\/www.suno.com.br\/noticias\/#\/schema\/logo\/image\/","url":"https:\/\/files.sunoresearch.com.br\/n\/uploads\/2021\/09\/suno-logo.png","contentUrl":"https:\/\/files.sunoresearch.com.br\/n\/uploads\/2021\/09\/suno-logo.png","width":180,"height":180,"caption":"Suno Not\u00edcias"},"image":{"@id":"https:\/\/www.suno.com.br\/noticias\/#\/schema\/logo\/image\/"},"sameAs":["https:\/\/facebook.com\/sunoresearch","https:\/\/x.com\/sunoresearch","https:\/\/www.instagram.com\/suno","https:\/\/www.linkedin.com\/company\/suno-research\/","https:\/\/www.youtube.com\/c\/sunoresearch"]},{"@type":"Person","@id":"https:\/\/www.suno.com.br\/noticias\/#\/schema\/person\/a5b06fa4e879d8e8e119c6ed3cd630d1","name":"Amanda Gushiken","image":{"@type":"ImageObject","inLanguage":"pt-BR","@id":"https:\/\/www.suno.com.br\/noticias\/#\/schema\/person\/image\/","url":"https:\/\/secure.gravatar.com\/avatar\/ecd84705e6b65e3685ae80d725501fbe?s=96&r=g","contentUrl":"https:\/\/secure.gravatar.com\/avatar\/ecd84705e6b65e3685ae80d725501fbe?s=96&r=g","caption":"Amanda Gushiken"},"description":"Amanda Sayuri Gushiken escreve sobre finan\u00e7as e neg\u00f3cios para o portal Suno Not\u00edcias. Antes, trabalhou selecionando not\u00edcias da imprensa para clientes do mercado financeiro. Tamb\u00e9m desenvolveu pesquisa acad\u00eamica pela Universidade Anhembi Morumbi na \u00e1rea de Teorias da Comunica\u00e7\u00e3o e \u00e9 fot\u00f3grafa nas horas vagas.","url":"https:\/\/www.suno.com.br\/noticias\/author\/amanda\/"}]}},"default_loop_html":"<div class=\"cardsPage__listCard__boxs\"><div class=\"cardsPage__listCard__boxs__img\"><a href=\"https:\/\/www.suno.com.br\/noticias\/general-motors-america-sul\/\"><img class=\"mask\" src=\"https:\/\/www.suno.com.br\/noticias\/wp-content\/themes\/suno\/resources\/images\/spotlight\/spotlight1img\/bg-mask.png\" alt=\"Image Mask\"\/><img src=\"https:\/\/files.sunoresearch.com.br\/n\/uploads\/2019\/01\/0c3929e6-general-motors-400x200.webp\" alt=\"General Motors informa funcion\u00e1rios que pode deixar Am\u00e9rica do Sul\"\/><\/a><span class=\"spotlightCategory\"><a href=\"https:\/\/www.suno.com.br\/noticias\/negocios\/\">Neg\u00f3cios<\/a><\/span><\/div><div class=\"cardsPage__listCard__boxs__content\"><a href=\"https:\/\/www.suno.com.br\/noticias\/general-motors-america-sul\/\"><h2 class=\"content__title\">General Motors informa funcion\u00e1rios que pode deixar Am\u00e9rica do Sul<\/h2><\/a><div class=\"newsContent__article__meta\"><div class=\"newsContent__article__meta__authorBox\"><a href=\"https:\/\/www.suno.com.br\/noticias\/author\/amanda\/\" class=\"authorBox__avatar noMobi\"><img src=\"https:\/\/files.sunoresearch.com.br\/n\/uploads\/2018\/11\/c6ad30be-amanda-150x150.webp\" alt=\"Amanda Gushiken\"><\/a><div class=\"authorBox__name\"><span>por\n\t\t\t<a href=\"https:\/\/www.suno.com.br\/noticias\/author\/amanda\/\"><span itemprop=\"author\">Amanda Gushiken<\/span><\/a><\/span><time datetime=\"2019-01-19T12:57:49-02:00\" itemprop=\"datePublished\">19\/01\/2019 12:57<\/time><\/div><\/div><\/div><\/div><\/div>","single_layout":"posts","amp_enabled":true,"_links":{"self":[{"href":"https:\/\/www.suno.com.br\/noticias\/wp-json\/wp\/v2\/posts\/12301"}],"collection":[{"href":"https:\/\/www.suno.com.br\/noticias\/wp-json\/wp\/v2\/posts"}],"about":[{"href":"https:\/\/www.suno.com.br\/noticias\/wp-json\/wp\/v2\/types\/post"}],"author":[{"embeddable":true,"href":"https:\/\/www.suno.com.br\/noticias\/wp-json\/wp\/v2\/users\/12"}],"replies":[{"embeddable":true,"href":"https:\/\/www.suno.com.br\/noticias\/wp-json\/wp\/v2\/comments?post=12301"}],"version-history":[{"count":0,"href":"https:\/\/www.suno.com.br\/noticias\/wp-json\/wp\/v2\/posts\/12301\/revisions"}],"wp:featuredmedia":[{"embeddable":true,"href":"https:\/\/www.suno.com.br\/noticias\/wp-json\/wp\/v2\/media\/12302"}],"wp:attachment":[{"href":"https:\/\/www.suno.com.br\/noticias\/wp-json\/wp\/v2\/media?parent=12301"}],"wp:term":[{"taxonomy":"category","embeddable":true,"href":"https:\/\/www.suno.com.br\/noticias\/wp-json\/wp\/v2\/categories?post=12301"},{"taxonomy":"post_tag","embeddable":true,"href":"https:\/\/www.suno.com.br\/noticias\/wp-json\/wp\/v2\/tags?post=12301"},{"taxonomy":"suno_strategy","embeddable":true,"href":"https:\/\/www.suno.com.br\/noticias\/wp-json\/wp\/v2\/suno_strategy?post=12301"}],"curies":[{"name":"wp","href":"https:\/\/api.w.org\/{rel}","templated":true}]}}