{"id":12267,"date":"2019-01-18T17:20:19","date_gmt":"2019-01-18T19:20:19","guid":{"rendered":"https:\/\/www.suno.com.br\/noticias\/?p=12267"},"modified":"2019-01-18T17:57:38","modified_gmt":"2019-01-18T19:57:38","slug":"avianca-nao-devera-devolver-aeronaves","status":"publish","type":"post","link":"https:\/\/www.suno.com.br\/noticias\/avianca-nao-devera-devolver-aeronaves\/","title":{"rendered":"Avianca Brasil n\u00e3o deve mais devolver dez aeronaves"},"content":{"rendered":"<p>A Avianca n\u00e3o vai ter mais que devolver 10 aeronaves para a empresa de leasing que tinha pedido a restitui\u00e7\u00e3o.<\/p>\t<div class=\"wrapper-featured-image\">\n\t\t<figure class=\"spotlightImg\">\n\n\t\t\t<picture>\n\t\t\t\t<source media=\"(max-width: 768px)\" srcset=\"https:\/\/files.sunoresearch.com.br\/n\/uploads\/2018\/12\/8ecc3489-avianca-brasil-400x200.webp\">\n\t\t\t\t<img loading=\"lazy\" decoding=\"async\" class=\"newsContent__article__imgCapa lazyloadDisabled newsContent__article__imgCapa--noCaption\" src=\"https:\/\/files.sunoresearch.com.br\/n\/uploads\/2018\/12\/8ecc3489-avianca-brasil-800x450.webp\" width=\"800\" height=\"450\" alt=\"Avianca Brasil n\u00e3o deve mais devolver dez aeronaves\" fetchpriority=high \/>\n\t\t\t<\/picture>\n\n\t\t\t<figcaption class=\"wp-caption-text wp-caption-text--hide\">Voos cancelados podem chegar a oito mil com suspens\u00e3o de atividades da Avianca pela Anac. (divulga\u00e7\u00e3o)<\/figcaption>\n\t\t<\/figure>\n\t<\/div>\n\n\n<p>A GE Capital Aviation Services (Gecas) desistiu nesta sexta-feira (18) do pedido enviado \u00e0 <strong>Ag\u00eancia Nacional de Avia\u00e7\u00e3o Civil (Anac).<\/strong> A Gecas pedia para suspender o registro de dez <strong>aeronaves Airbus A320<\/strong> usadas pela <strong>Avianca Brasil<\/strong> em opera\u00e7\u00e3o de voos. A <strong>Gecas<\/strong> \u00e9 uma empresa de leasing dona das aeronaves, com a qual a companhia a\u00e9rea tinha um contrato para os 10 avi\u00f5es.<\/p>\n<p><a href=\"https:\/\/www.suno.com.br\/noticias\/avianca-pedido-recuperacao-judicial-aceito\/\">Saiba mais:\u00a0Justi\u00e7a aceita pedido de recupera\u00e7\u00e3o judicial da Avianca Brasil\u00a0<\/a><\/p>\n<p>A <strong>Avianca Brasil<\/strong> est\u00e1 desde dezembro em <a href=\"https:\/\/www.suno.com.br\/artigos\/recuperacao-judicial\/\"><strong>recupera\u00e7\u00e3o judicial<\/strong><\/a><strong>,<\/strong> A companhia a\u00e9rea tentou, com sucesso,\u00a0convencer a Gecas a retirar o pedido.\u00a0\u00a0O acordo entre as partes foi alcan\u00e7ado ap\u00f3s uma audi\u00eancia realizada na 1\u00aa Vara de Fal\u00eancias e Recupera\u00e7\u00f5es Judiciais de S\u00e3o Paulo.<\/p>\n<p><a href=\"https:\/\/www.suno.com.br\/noticias\/avianca-pode-perder-frota\/\">Saiba mais:\u00a0Avianca Brasil pode perder 20% da frota de avi\u00f5es\u00a0<\/a><\/p>\n<p>A retirada dos avi\u00f5es poderia acontecer em at\u00e9 cinco dias. Isso geraria uma s\u00e9rie problemas para os passageiros que j\u00e1 compraram seus bilhetes. Na \u00faltima quinta-feira (17), a <strong>Avianca Brasil<\/strong> anunciou o fim de seus voos internacionais mais importantes. <a href=\"https:\/\/www.suno.com.br\/noticias\/avianca-brasil-corta-voos-internacionais-para-nova-york-miami-e-santiago\/\">Foram canceladas as rotas de Guarulhos para Nova York, Miami e Santiago.<\/a> Al\u00e9m disso, foram devolvidas outras duas aeronaves <strong>A330<\/strong> a empresas de <strong>leasing.<\/strong> Atualmente, a\u00a0companhia a\u00e9rea tem 46 aeronaves em opera\u00e7\u00e3o.<\/p>\n<h2>Recupera\u00e7\u00e3o Judicial<\/h2>\n<p>A <strong>companhia a\u00e9rea<\/strong> apresentou o pedido de recupera\u00e7\u00e3o judicial em 11 de dezembro de 2018. A empresa controla 13% do mercado nacional e registrou um crescimento forte nos \u00faltimos anos. No entanto, acabou acumulando d\u00edvidas superiores a R$ 500 milh\u00f5es.<\/p>\n<p>Tr\u00eas empresas de <strong>leasing<\/strong> j\u00e1 pediram restitui\u00e7\u00e3o de avi\u00f5es por conta da falta de pagamento. No total, as empresas arrendaram 14 <strong>aeronaves<\/strong> para a companhia a\u00e9rea, equivalente a 30% da frota em opera\u00e7\u00e3o A companhia a\u00e9rea tinha assegurado que nenhuma das opera\u00e7\u00f5es seriam afetadas, mesmo com o processo de recupera\u00e7\u00e3o judicial. Entretanto, a <strong>Avianca Brasil<\/strong> demitiu 140 funcion\u00e1rios na \u00faltima semana.<\/p>\n<h2>Poss\u00edvel Venda da Avianca<\/h2>\n<p>Em 13 de dezembro de 2018, 0 ex-presidente da Rep\u00fablica <strong>Michel Temer<\/strong> assinou a Medida Provis\u00f3ria que permite as empresas estrangeiras a deter 100% do capital de companhias a\u00e9reas brasileiras. Portanto, a possibilidade de que tais empresas adquiram a <strong>Avianca<\/strong> existe, apesar da recupera\u00e7\u00e3o judicial. Caso a venda da companhia a\u00e9rea se concretizasse, a empresa compradora estaria obtendo apenas a \u201cparte boa\u201d, o que exclui as d\u00edvidas.<\/p>\n<p>&nbsp;<\/p>\n","protected":false},"excerpt":{"rendered":"<p>A Avianca n\u00e3o vai ter mais que devolver 10 aeronaves para a empresa de leasing que tinha pedido a restitui\u00e7\u00e3o. Voos cancelados podem chegar a oito mil com suspens\u00e3o de atividades da Avianca pela Anac. (divulga\u00e7\u00e3o) A GE Capital Aviation Services (Gecas) desistiu nesta sexta-feira (18) do pedido enviado \u00e0 Ag\u00eancia Nacional de Avia\u00e7\u00e3o Civil [&hellip;]<\/p>\n","protected":false},"author":9,"featured_media":8551,"comment_status":"closed","ping_status":"closed","sticky":false,"template":"","format":"standard","meta":[],"categories":[60],"tags":[1013,840],"suno_strategy":[],"class_list":["post-12267","post","type-post","status-publish","format-standard","has-post-thumbnail","hentry","category-mercado","tag-anac","tag-avianca"],"yoast_head":"<!-- This site is optimized with the Yoast SEO plugin v24.4 - https:\/\/yoast.com\/wordpress\/plugins\/seo\/ -->\n<title>Avianca Brasil n\u00e3o dever\u00e1 mais devolver dez aeronaves<\/title>\n<meta name=\"description\" content=\"A Avianca Brasil n\u00e3o vai ter mais que devolver 10 aeronaves para a empresa de leasing Gecas. Clique aqui para saber mais.\" \/>\n<meta name=\"robots\" content=\"index, follow, max-snippet:-1, max-image-preview:large, max-video-preview:-1\" \/>\n<link rel=\"canonical\" href=\"https:\/\/www.suno.com.br\/noticias\/avianca-nao-devera-devolver-aeronaves\/\" \/>\n<meta property=\"og:locale\" content=\"pt_BR\" \/>\n<meta property=\"og:type\" content=\"article\" \/>\n<meta property=\"og:title\" content=\"Avianca Brasil n\u00e3o dever\u00e1 mais devolver dez aeronaves\" \/>\n<meta property=\"og:description\" content=\"A Avianca Brasil n\u00e3o vai ter mais que devolver 10 aeronaves para a empresa de leasing Gecas. Clique aqui para saber mais.\" \/>\n<meta property=\"og:url\" content=\"https:\/\/www.suno.com.br\/noticias\/avianca-nao-devera-devolver-aeronaves\/\" \/>\n<meta property=\"og:site_name\" content=\"Suno Not\u00edcias\" \/>\n<meta property=\"article:publisher\" content=\"https:\/\/facebook.com\/sunoresearch\" \/>\n<meta property=\"og:image\" content=\"https:\/\/files.sunoresearch.com.br\/n\/uploads\/2018\/12\/8ecc3489-avianca-brasil.jpg\" \/>\n\t<meta property=\"og:image:width\" content=\"1200\" \/>\n\t<meta property=\"og:image:height\" content=\"627\" \/>\n\t<meta property=\"og:image:type\" content=\"image\/jpeg\" \/>\n<meta name=\"author\" content=\"Carlo Cauti\" \/>\n<meta name=\"twitter:card\" content=\"summary_large_image\" \/>\n<meta name=\"twitter:creator\" content=\"@sunoresearch\" \/>\n<meta name=\"twitter:site\" content=\"@sunoresearch\" \/>\n<meta name=\"twitter:label1\" content=\"Escrito por\" \/>\n\t<meta name=\"twitter:data1\" content=\"Carlo Cauti\" \/>\n\t<meta name=\"twitter:label2\" content=\"Est. tempo de leitura\" \/>\n\t<meta name=\"twitter:data2\" content=\"2 minutos\" \/>\n<script type=\"application\/ld+json\" class=\"yoast-schema-graph\">{\"@context\":\"https:\/\/schema.org\",\"@graph\":[{\"@type\":\"NewsArticle\",\"@id\":\"https:\/\/www.suno.com.br\/noticias\/avianca-nao-devera-devolver-aeronaves\/#article\",\"isPartOf\":{\"@id\":\"https:\/\/www.suno.com.br\/noticias\/avianca-nao-devera-devolver-aeronaves\/\"},\"author\":{\"name\":\"Carlo Cauti\",\"@id\":\"https:\/\/www.suno.com.br\/noticias\/#\/schema\/person\/e6e0f723cc177805027f4566c1d5e0c8\"},\"headline\":\"Avianca Brasil n\u00e3o deve mais devolver dez aeronaves\",\"datePublished\":\"2019-01-18T19:20:19+00:00\",\"dateModified\":\"2019-01-18T19:57:38+00:00\",\"mainEntityOfPage\":{\"@id\":\"https:\/\/www.suno.com.br\/noticias\/avianca-nao-devera-devolver-aeronaves\/\"},\"wordCount\":429,\"publisher\":{\"@id\":\"https:\/\/www.suno.com.br\/noticias\/#organization\"},\"image\":{\"@id\":\"https:\/\/www.suno.com.br\/noticias\/avianca-nao-devera-devolver-aeronaves\/#primaryimage\"},\"thumbnailUrl\":\"https:\/\/files.sunoresearch.com.br\/n\/uploads\/2018\/12\/8ecc3489-avianca-brasil-jpg.webp\",\"keywords\":[\"Anac\",\"Avianca\"],\"articleSection\":[\"Mercado\"],\"inLanguage\":\"pt-BR\"},{\"@type\":\"WebPage\",\"@id\":\"https:\/\/www.suno.com.br\/noticias\/avianca-nao-devera-devolver-aeronaves\/\",\"url\":\"https:\/\/www.suno.com.br\/noticias\/avianca-nao-devera-devolver-aeronaves\/\",\"name\":\"Avianca Brasil n\u00e3o dever\u00e1 mais devolver dez aeronaves\",\"isPartOf\":{\"@id\":\"https:\/\/www.suno.com.br\/noticias\/#website\"},\"primaryImageOfPage\":{\"@id\":\"https:\/\/www.suno.com.br\/noticias\/avianca-nao-devera-devolver-aeronaves\/#primaryimage\"},\"image\":{\"@id\":\"https:\/\/www.suno.com.br\/noticias\/avianca-nao-devera-devolver-aeronaves\/#primaryimage\"},\"thumbnailUrl\":\"https:\/\/files.sunoresearch.com.br\/n\/uploads\/2018\/12\/8ecc3489-avianca-brasil-jpg.webp\",\"datePublished\":\"2019-01-18T19:20:19+00:00\",\"dateModified\":\"2019-01-18T19:57:38+00:00\",\"description\":\"A Avianca Brasil n\u00e3o vai ter mais que devolver 10 aeronaves para a empresa de leasing Gecas. Clique aqui para saber mais.\",\"breadcrumb\":{\"@id\":\"https:\/\/www.suno.com.br\/noticias\/avianca-nao-devera-devolver-aeronaves\/#breadcrumb\"},\"inLanguage\":\"pt-BR\",\"potentialAction\":[{\"@type\":\"ReadAction\",\"target\":[\"https:\/\/www.suno.com.br\/noticias\/avianca-nao-devera-devolver-aeronaves\/\"]}]},{\"@type\":\"ImageObject\",\"inLanguage\":\"pt-BR\",\"@id\":\"https:\/\/www.suno.com.br\/noticias\/avianca-nao-devera-devolver-aeronaves\/#primaryimage\",\"url\":\"https:\/\/files.sunoresearch.com.br\/n\/uploads\/2018\/12\/8ecc3489-avianca-brasil-jpg.webp\",\"contentUrl\":\"https:\/\/files.sunoresearch.com.br\/n\/uploads\/2018\/12\/8ecc3489-avianca-brasil-jpg.webp\",\"width\":1200,\"height\":627,\"caption\":\"Voos cancelados podem chegar a oito mil com suspens\u00e3o de atividades da Avianca pela Anac. (divulga\u00e7\u00e3o)\"},{\"@type\":\"BreadcrumbList\",\"@id\":\"https:\/\/www.suno.com.br\/noticias\/avianca-nao-devera-devolver-aeronaves\/#breadcrumb\",\"itemListElement\":[{\"@type\":\"ListItem\",\"position\":1,\"name\":\"Not\u00edcias\",\"item\":\"https:\/\/www.suno.com.br\/noticias\/\"},{\"@type\":\"ListItem\",\"position\":2,\"name\":\"Mercado\",\"item\":\"https:\/\/www.suno.com.br\/noticias\/mercado\/\"},{\"@type\":\"ListItem\",\"position\":3,\"name\":\"Avianca Brasil n\u00e3o deve mais devolver dez aeronaves\"}]},{\"@type\":\"WebSite\",\"@id\":\"https:\/\/www.suno.com.br\/noticias\/#website\",\"url\":\"https:\/\/www.suno.com.br\/noticias\/\",\"name\":\"Suno Not\u00edcias\",\"description\":\"Seu portal de informa\u00e7\u00e3o sobre o mundo dos investimentos\",\"publisher\":{\"@id\":\"https:\/\/www.suno.com.br\/noticias\/#organization\"},\"potentialAction\":[{\"@type\":\"SearchAction\",\"target\":{\"@type\":\"EntryPoint\",\"urlTemplate\":\"https:\/\/www.suno.com.br\/noticias\/?s={search_term_string}\"},\"query-input\":{\"@type\":\"PropertyValueSpecification\",\"valueRequired\":true,\"valueName\":\"search_term_string\"}}],\"inLanguage\":\"pt-BR\"},{\"@type\":\"Organization\",\"@id\":\"https:\/\/www.suno.com.br\/noticias\/#organization\",\"name\":\"Suno Not\u00edcias\",\"url\":\"https:\/\/www.suno.com.br\/noticias\/\",\"logo\":{\"@type\":\"ImageObject\",\"inLanguage\":\"pt-BR\",\"@id\":\"https:\/\/www.suno.com.br\/noticias\/#\/schema\/logo\/image\/\",\"url\":\"https:\/\/files.sunoresearch.com.br\/n\/uploads\/2021\/09\/suno-logo.png\",\"contentUrl\":\"https:\/\/files.sunoresearch.com.br\/n\/uploads\/2021\/09\/suno-logo.png\",\"width\":180,\"height\":180,\"caption\":\"Suno Not\u00edcias\"},\"image\":{\"@id\":\"https:\/\/www.suno.com.br\/noticias\/#\/schema\/logo\/image\/\"},\"sameAs\":[\"https:\/\/facebook.com\/sunoresearch\",\"https:\/\/x.com\/sunoresearch\",\"https:\/\/www.instagram.com\/suno\",\"https:\/\/www.linkedin.com\/company\/suno-research\/\",\"https:\/\/www.youtube.com\/c\/sunoresearch\"]},{\"@type\":\"Person\",\"@id\":\"https:\/\/www.suno.com.br\/noticias\/#\/schema\/person\/e6e0f723cc177805027f4566c1d5e0c8\",\"name\":\"Carlo Cauti\",\"image\":{\"@type\":\"ImageObject\",\"inLanguage\":\"pt-BR\",\"@id\":\"https:\/\/www.suno.com.br\/noticias\/#\/schema\/person\/image\/\",\"url\":\"https:\/\/secure.gravatar.com\/avatar\/3ada9e0bd164c23abd4792a9606d583c?s=96&r=g\",\"contentUrl\":\"https:\/\/secure.gravatar.com\/avatar\/3ada9e0bd164c23abd4792a9606d583c?s=96&r=g\",\"caption\":\"Carlo Cauti\"},\"description\":\"Editor multim\u00eddia do SUNO Not\u00edcias. Italiano, formado em Ci\u00eancias Pol\u00edticas pela universidade LUISS G. Carli de Roma e mestre cum laude em Rela\u00e7\u00f5es Internacionais, Jornalismo Internacional e de Guerra e em Economia Internacional. Concluiu tamb\u00e9m um MBA em Finan\u00e7as na B3. No Brasil, teve passagem por ve\u00edculos como Estad\u00e3o, Globo, Veja e EXAME. e nas ag\u00eancias de not\u00edcias italianas ANSA e NOVA.\",\"url\":\"https:\/\/www.suno.com.br\/noticias\/author\/carlo-cauti\/\"}]}<\/script>\n<!-- \/ Yoast SEO plugin. -->","yoast_head_json":{"title":"Avianca Brasil n\u00e3o dever\u00e1 mais devolver dez aeronaves","description":"A Avianca Brasil n\u00e3o vai ter mais que devolver 10 aeronaves para a empresa de leasing Gecas. Clique aqui para saber mais.","robots":{"index":"index","follow":"follow","max-snippet":"max-snippet:-1","max-image-preview":"max-image-preview:large","max-video-preview":"max-video-preview:-1"},"canonical":"https:\/\/www.suno.com.br\/noticias\/avianca-nao-devera-devolver-aeronaves\/","og_locale":"pt_BR","og_type":"article","og_title":"Avianca Brasil n\u00e3o dever\u00e1 mais devolver dez aeronaves","og_description":"A Avianca Brasil n\u00e3o vai ter mais que devolver 10 aeronaves para a empresa de leasing Gecas. Clique aqui para saber mais.","og_url":"https:\/\/www.suno.com.br\/noticias\/avianca-nao-devera-devolver-aeronaves\/","og_site_name":"Suno Not\u00edcias","article_publisher":"https:\/\/facebook.com\/sunoresearch","og_image":[{"width":1200,"height":627,"url":"https:\/\/files.sunoresearch.com.br\/n\/uploads\/2018\/12\/8ecc3489-avianca-brasil.jpg","type":"image\/jpeg"}],"author":"Carlo Cauti","twitter_card":"summary_large_image","twitter_creator":"@sunoresearch","twitter_site":"@sunoresearch","twitter_misc":{"Escrito por":"Carlo Cauti","Est. tempo de leitura":"2 minutos"},"schema":{"@context":"https:\/\/schema.org","@graph":[{"@type":"NewsArticle","@id":"https:\/\/www.suno.com.br\/noticias\/avianca-nao-devera-devolver-aeronaves\/#article","isPartOf":{"@id":"https:\/\/www.suno.com.br\/noticias\/avianca-nao-devera-devolver-aeronaves\/"},"author":{"name":"Carlo Cauti","@id":"https:\/\/www.suno.com.br\/noticias\/#\/schema\/person\/e6e0f723cc177805027f4566c1d5e0c8"},"headline":"Avianca Brasil n\u00e3o deve mais devolver dez aeronaves","datePublished":"2019-01-18T19:20:19+00:00","dateModified":"2019-01-18T19:57:38+00:00","mainEntityOfPage":{"@id":"https:\/\/www.suno.com.br\/noticias\/avianca-nao-devera-devolver-aeronaves\/"},"wordCount":429,"publisher":{"@id":"https:\/\/www.suno.com.br\/noticias\/#organization"},"image":{"@id":"https:\/\/www.suno.com.br\/noticias\/avianca-nao-devera-devolver-aeronaves\/#primaryimage"},"thumbnailUrl":"https:\/\/files.sunoresearch.com.br\/n\/uploads\/2018\/12\/8ecc3489-avianca-brasil-jpg.webp","keywords":["Anac","Avianca"],"articleSection":["Mercado"],"inLanguage":"pt-BR"},{"@type":"WebPage","@id":"https:\/\/www.suno.com.br\/noticias\/avianca-nao-devera-devolver-aeronaves\/","url":"https:\/\/www.suno.com.br\/noticias\/avianca-nao-devera-devolver-aeronaves\/","name":"Avianca Brasil n\u00e3o dever\u00e1 mais devolver dez aeronaves","isPartOf":{"@id":"https:\/\/www.suno.com.br\/noticias\/#website"},"primaryImageOfPage":{"@id":"https:\/\/www.suno.com.br\/noticias\/avianca-nao-devera-devolver-aeronaves\/#primaryimage"},"image":{"@id":"https:\/\/www.suno.com.br\/noticias\/avianca-nao-devera-devolver-aeronaves\/#primaryimage"},"thumbnailUrl":"https:\/\/files.sunoresearch.com.br\/n\/uploads\/2018\/12\/8ecc3489-avianca-brasil-jpg.webp","datePublished":"2019-01-18T19:20:19+00:00","dateModified":"2019-01-18T19:57:38+00:00","description":"A Avianca Brasil n\u00e3o vai ter mais que devolver 10 aeronaves para a empresa de leasing Gecas. Clique aqui para saber mais.","breadcrumb":{"@id":"https:\/\/www.suno.com.br\/noticias\/avianca-nao-devera-devolver-aeronaves\/#breadcrumb"},"inLanguage":"pt-BR","potentialAction":[{"@type":"ReadAction","target":["https:\/\/www.suno.com.br\/noticias\/avianca-nao-devera-devolver-aeronaves\/"]}]},{"@type":"ImageObject","inLanguage":"pt-BR","@id":"https:\/\/www.suno.com.br\/noticias\/avianca-nao-devera-devolver-aeronaves\/#primaryimage","url":"https:\/\/files.sunoresearch.com.br\/n\/uploads\/2018\/12\/8ecc3489-avianca-brasil-jpg.webp","contentUrl":"https:\/\/files.sunoresearch.com.br\/n\/uploads\/2018\/12\/8ecc3489-avianca-brasil-jpg.webp","width":1200,"height":627,"caption":"Voos cancelados podem chegar a oito mil com suspens\u00e3o de atividades da Avianca pela Anac. (divulga\u00e7\u00e3o)"},{"@type":"BreadcrumbList","@id":"https:\/\/www.suno.com.br\/noticias\/avianca-nao-devera-devolver-aeronaves\/#breadcrumb","itemListElement":[{"@type":"ListItem","position":1,"name":"Not\u00edcias","item":"https:\/\/www.suno.com.br\/noticias\/"},{"@type":"ListItem","position":2,"name":"Mercado","item":"https:\/\/www.suno.com.br\/noticias\/mercado\/"},{"@type":"ListItem","position":3,"name":"Avianca Brasil n\u00e3o deve mais devolver dez aeronaves"}]},{"@type":"WebSite","@id":"https:\/\/www.suno.com.br\/noticias\/#website","url":"https:\/\/www.suno.com.br\/noticias\/","name":"Suno Not\u00edcias","description":"Seu portal de informa\u00e7\u00e3o sobre o mundo dos investimentos","publisher":{"@id":"https:\/\/www.suno.com.br\/noticias\/#organization"},"potentialAction":[{"@type":"SearchAction","target":{"@type":"EntryPoint","urlTemplate":"https:\/\/www.suno.com.br\/noticias\/?s={search_term_string}"},"query-input":{"@type":"PropertyValueSpecification","valueRequired":true,"valueName":"search_term_string"}}],"inLanguage":"pt-BR"},{"@type":"Organization","@id":"https:\/\/www.suno.com.br\/noticias\/#organization","name":"Suno Not\u00edcias","url":"https:\/\/www.suno.com.br\/noticias\/","logo":{"@type":"ImageObject","inLanguage":"pt-BR","@id":"https:\/\/www.suno.com.br\/noticias\/#\/schema\/logo\/image\/","url":"https:\/\/files.sunoresearch.com.br\/n\/uploads\/2021\/09\/suno-logo.png","contentUrl":"https:\/\/files.sunoresearch.com.br\/n\/uploads\/2021\/09\/suno-logo.png","width":180,"height":180,"caption":"Suno Not\u00edcias"},"image":{"@id":"https:\/\/www.suno.com.br\/noticias\/#\/schema\/logo\/image\/"},"sameAs":["https:\/\/facebook.com\/sunoresearch","https:\/\/x.com\/sunoresearch","https:\/\/www.instagram.com\/suno","https:\/\/www.linkedin.com\/company\/suno-research\/","https:\/\/www.youtube.com\/c\/sunoresearch"]},{"@type":"Person","@id":"https:\/\/www.suno.com.br\/noticias\/#\/schema\/person\/e6e0f723cc177805027f4566c1d5e0c8","name":"Carlo Cauti","image":{"@type":"ImageObject","inLanguage":"pt-BR","@id":"https:\/\/www.suno.com.br\/noticias\/#\/schema\/person\/image\/","url":"https:\/\/secure.gravatar.com\/avatar\/3ada9e0bd164c23abd4792a9606d583c?s=96&r=g","contentUrl":"https:\/\/secure.gravatar.com\/avatar\/3ada9e0bd164c23abd4792a9606d583c?s=96&r=g","caption":"Carlo Cauti"},"description":"Editor multim\u00eddia do SUNO Not\u00edcias. Italiano, formado em Ci\u00eancias Pol\u00edticas pela universidade LUISS G. Carli de Roma e mestre cum laude em Rela\u00e7\u00f5es Internacionais, Jornalismo Internacional e de Guerra e em Economia Internacional. Concluiu tamb\u00e9m um MBA em Finan\u00e7as na B3. No Brasil, teve passagem por ve\u00edculos como Estad\u00e3o, Globo, Veja e EXAME. e nas ag\u00eancias de not\u00edcias italianas ANSA e NOVA.","url":"https:\/\/www.suno.com.br\/noticias\/author\/carlo-cauti\/"}]}},"default_loop_html":"<div class=\"cardsPage__listCard__boxs\"><div class=\"cardsPage__listCard__boxs__img\"><a href=\"https:\/\/www.suno.com.br\/noticias\/avianca-nao-devera-devolver-aeronaves\/\"><img class=\"mask\" src=\"https:\/\/www.suno.com.br\/noticias\/wp-content\/themes\/suno\/resources\/images\/spotlight\/spotlight1img\/bg-mask.png\" alt=\"Image Mask\"\/><img src=\"https:\/\/files.sunoresearch.com.br\/n\/uploads\/2018\/12\/8ecc3489-avianca-brasil-400x200.webp\" alt=\"Avianca Brasil n\u00e3o deve mais devolver dez aeronaves\"\/><\/a><span class=\"spotlightCategory\"><a href=\"https:\/\/www.suno.com.br\/noticias\/mercado\/\">Mercado<\/a><\/span><\/div><div class=\"cardsPage__listCard__boxs__content\"><a href=\"https:\/\/www.suno.com.br\/noticias\/avianca-nao-devera-devolver-aeronaves\/\"><h2 class=\"content__title\">Avianca Brasil n\u00e3o deve mais devolver dez aeronaves<\/h2><\/a><div class=\"newsContent__article__meta\"><div class=\"newsContent__article__meta__authorBox\"><a href=\"https:\/\/www.suno.com.br\/noticias\/author\/carlo-cauti\/\" class=\"authorBox__avatar noMobi\"><img src=\"https:\/\/files.sunoresearch.com.br\/n\/uploads\/2020\/08\/e3745f9a-perfil-carlo-cauti-150x150.webp\" alt=\"Carlo Cauti\"><\/a><div class=\"authorBox__name\"><span>por\n\t\t\t<a href=\"https:\/\/www.suno.com.br\/noticias\/author\/carlo-cauti\/\"><span itemprop=\"author\">Carlo Cauti<\/span><\/a><\/span><time datetime=\"2019-01-18T17:20:19-02:00\" itemprop=\"datePublished\">18\/01\/2019 17:20<\/time><\/div><\/div><\/div><\/div><\/div>","single_layout":"posts","amp_enabled":true,"_links":{"self":[{"href":"https:\/\/www.suno.com.br\/noticias\/wp-json\/wp\/v2\/posts\/12267"}],"collection":[{"href":"https:\/\/www.suno.com.br\/noticias\/wp-json\/wp\/v2\/posts"}],"about":[{"href":"https:\/\/www.suno.com.br\/noticias\/wp-json\/wp\/v2\/types\/post"}],"author":[{"embeddable":true,"href":"https:\/\/www.suno.com.br\/noticias\/wp-json\/wp\/v2\/users\/9"}],"replies":[{"embeddable":true,"href":"https:\/\/www.suno.com.br\/noticias\/wp-json\/wp\/v2\/comments?post=12267"}],"version-history":[{"count":0,"href":"https:\/\/www.suno.com.br\/noticias\/wp-json\/wp\/v2\/posts\/12267\/revisions"}],"wp:featuredmedia":[{"embeddable":true,"href":"https:\/\/www.suno.com.br\/noticias\/wp-json\/wp\/v2\/media\/8551"}],"wp:attachment":[{"href":"https:\/\/www.suno.com.br\/noticias\/wp-json\/wp\/v2\/media?parent=12267"}],"wp:term":[{"taxonomy":"category","embeddable":true,"href":"https:\/\/www.suno.com.br\/noticias\/wp-json\/wp\/v2\/categories?post=12267"},{"taxonomy":"post_tag","embeddable":true,"href":"https:\/\/www.suno.com.br\/noticias\/wp-json\/wp\/v2\/tags?post=12267"},{"taxonomy":"suno_strategy","embeddable":true,"href":"https:\/\/www.suno.com.br\/noticias\/wp-json\/wp\/v2\/suno_strategy?post=12267"}],"curies":[{"name":"wp","href":"https:\/\/api.w.org\/{rel}","templated":true}]}}