{"id":12255,"date":"2019-01-18T15:20:06","date_gmt":"2019-01-18T17:20:06","guid":{"rendered":"https:\/\/www.suno.com.br\/noticias\/?p=12255"},"modified":"2019-01-18T15:20:06","modified_gmt":"2019-01-18T17:20:06","slug":"acoes-eletrobras-sobem-programa-demissao","status":"publish","type":"post","link":"https:\/\/www.suno.com.br\/noticias\/acoes-eletrobras-sobem-programa-demissao\/","title":{"rendered":"A\u00e7\u00f5es da Eletrobras sobem 5% com an\u00fancio de programa de demiss\u00e3o"},"content":{"rendered":"<p>As a\u00e7\u00f5es da Eletrobras foram destaque na Bolsa na tarde desta sexta (18), um dia ap\u00f3s o an\u00fancio do programa de demiss\u00e3o da companhia. As a\u00e7\u00f5es ordin\u00e1rias subiam 4,98% e as preferenciais, 4,51%.<\/p>\t<div class=\"wrapper-featured-image\">\n\t\t<figure class=\"spotlightImg\">\n\n\t\t\t<picture>\n\t\t\t\t<source media=\"(max-width: 768px)\" srcset=\"https:\/\/files.sunoresearch.com.br\/n\/uploads\/2018\/10\/8c9deccc-eletrobras-400x200.webp\">\n\t\t\t\t<img loading=\"lazy\" decoding=\"async\" class=\"newsContent__article__imgCapa lazyloadDisabled newsContent__article__imgCapa--noCaption\" src=\"https:\/\/files.sunoresearch.com.br\/n\/uploads\/2018\/10\/8c9deccc-eletrobras-800x450.webp\" width=\"800\" height=\"450\" alt=\"A\u00e7\u00f5es da Eletrobras sobem 5% com an\u00fancio de programa de demiss\u00e3o\" fetchpriority=high \/>\n\t\t\t<\/picture>\n\n\t\t\t<figcaption class=\"wp-caption-text wp-caption-text--hide\">eletrobras<\/figcaption>\n\t\t<\/figure>\n\t<\/div>\n\n\n<p>O <strong>programa de demiss\u00e3o<\/strong> ser\u00e1 implementado simultaneamente na Holding e nas empresas <strong>Eletrobras<\/strong> Cepel, CGTEE, Chesf, Eletronuclear, Eletronorte, Amazonas GT, Eletrosul e Furnas.<\/p>\n<h2>O programa de demiss\u00e3o da Eletrobras<\/h2>\n<p>A <strong>Eletrobras<\/strong> anunciou na \u00faltima quinta (17) que vai abrir uma nova etapa de seu programa de desligamento de funcion\u00e1rios. Ela ser\u00e1 focada nos empregados da \u00e1rea administrativa da empresa e come\u00e7ar\u00e1 no fim de janeiro. A informa\u00e7\u00e3o foi dada pelo presidente da estatal, Wilson Ferreira Jr, \u00e0 ag\u00eancia de not\u00edcias Reuters.<\/p>\n<p>O programa de <strong>desligamento<\/strong> dos funcion\u00e1rios da <strong>Eletrobras<\/strong> se chama <strong>Programa de Demiss\u00e3o<\/strong> Consensual (PDC). Ele ficar\u00e1 ativo at\u00e9 o fim de fevereiro.<\/p>\n<p>&#8220;A sa\u00edda ser\u00e1 consensual e ficar\u00e1 aberta um m\u00eas&#8221;, afirmou o executivo. Ele disse tamb\u00e9m que a sa\u00edda de funcion\u00e1rios n\u00e3o vai prejudicar o desempenho da companhia, pois haver\u00e1 a implementa\u00e7\u00e3o de um sistema de gest\u00e3o (SAP) e de um Centro de Servi\u00e7os Compartilhados (CSC) para melhorar o processo.<\/p>\n<p><a href=\"https:\/\/www.suno.com.br\/noticias\/eletrobras-paga-divida-brdistribuidora\/\">Saiba mais: Eletrobras paga cerca de R$ 1,6 bilh\u00e3o de d\u00edvida com a BR Distribuidora<\/a><\/p>\n<p>Ao assumir o comando da <strong>Eletrobras<\/strong>, <strong>Wilson Ferreira Jr<\/strong> iniciou um processo de enxugamento do quadro de funcion\u00e1rios. Ele implementou novas pr\u00e1ticas e conseguiu viabilizar a venda de seis distribuidoras deficit\u00e1rias da companhia. Ele diz que j\u00e1 tem as contas desse enxugamento.<\/p>\n<p>&#8220;Faltam algo entre 1.500 e 2.000 funcion\u00e1rios para [a <strong>Eletrobras<\/strong>] ficar eficiente&#8221;, declarou \u00e0 ag\u00eancia.<\/p>\n<h2>O enxugamento da Eletrobras<\/h2>\n<p>O programa de <strong>demiss\u00e3o<\/strong> consensual j\u00e1 estava previsto no Plano Diretor da <strong>Eletrobras<\/strong>, anunciado em dezembro do ano passado. Ele visava a sa\u00edda de 2.187 empregados da companhia. Com isso, estimava uma economia de R$ 574 milh\u00f5es ao ano. O custo inicial seria de R$ 731 milh\u00f5es.<\/p>\n<p>Se a estatal empregava 26 mil pessoas em 2016, ela deve chegar ao fim de 2019 com cerca de 14,5 mil. O presidente calcula uma redu\u00e7\u00e3o no custo da folha de pagamento de 43%, passando de R$ 6,5 bilh\u00f5es para R$ 3,75 bilh\u00f5es.<\/p>\n<p><strong>Wilson Ferreira Jr<\/strong> foi indicado pelo ex-presidente <strong>Michel Temer<\/strong> ao cargo, em 2016. <a href=\"https:\/\/www.suno.com.br\/noticias\/ceo-eletrobras-cargo\/\">Ele se manteve \u00e0 frente da Eletrobras<\/a> com a chegada de <a href=\"https:\/\/www.suno.com.br\/noticias\/jair-bolsonaro-confirma-demissao-apex\/\"><strong>Jair Bolsonaro<\/strong><\/a>, encarregado de liderar um processo de capitaliza\u00e7\u00e3o da companhia.<\/p>\n","protected":false},"excerpt":{"rendered":"<p>As a\u00e7\u00f5es da Eletrobras foram destaque na Bolsa na tarde desta sexta (18), um dia ap\u00f3s o an\u00fancio do programa de demiss\u00e3o da companhia. As a\u00e7\u00f5es ordin\u00e1rias subiam 4,98% e as preferenciais, 4,51%. eletrobras O programa de demiss\u00e3o ser\u00e1 implementado simultaneamente na Holding e nas empresas Eletrobras Cepel, CGTEE, Chesf, Eletronuclear, Eletronorte, Amazonas GT, Eletrosul [&hellip;]<\/p>\n","protected":false},"author":13,"featured_media":5140,"comment_status":"closed","ping_status":"closed","sticky":false,"template":"","format":"standard","meta":[],"categories":[64],"tags":[455,719,734],"suno_strategy":[],"class_list":["post-12255","post","type-post","status-publish","format-standard","has-post-thumbnail","hentry","category-negocios","tag-eletrobras-elet3-elet5-elet6","tag-jair-bolsonaro","tag-michel-temer"],"yoast_head":"<!-- This site is optimized with the Yoast SEO plugin v24.4 - https:\/\/yoast.com\/wordpress\/plugins\/seo\/ -->\n<title>A\u00e7\u00f5es da Eletrobras sobem 5% com an\u00fancio de programa de demiss\u00e3o<\/title>\n<meta name=\"description\" content=\"As a\u00e7\u00f5es da Eletrobras foram destaque na Bolsa na tarde desta sexta, ap\u00f3s o an\u00fancio do programa de demiss\u00e3o da companhia. Clique e saiba+\" \/>\n<meta name=\"robots\" content=\"index, follow, max-snippet:-1, max-image-preview:large, max-video-preview:-1\" \/>\n<link rel=\"canonical\" href=\"https:\/\/www.suno.com.br\/noticias\/acoes-eletrobras-sobem-programa-demissao\/\" \/>\n<meta property=\"og:locale\" content=\"pt_BR\" \/>\n<meta property=\"og:type\" content=\"article\" \/>\n<meta property=\"og:title\" content=\"A\u00e7\u00f5es da Eletrobras sobem 5% com an\u00fancio de programa de demiss\u00e3o\" \/>\n<meta property=\"og:description\" content=\"As a\u00e7\u00f5es da Eletrobras foram destaque na Bolsa na tarde desta sexta, ap\u00f3s o an\u00fancio do programa de demiss\u00e3o da companhia. Clique e saiba+\" \/>\n<meta property=\"og:url\" content=\"https:\/\/www.suno.com.br\/noticias\/acoes-eletrobras-sobem-programa-demissao\/\" \/>\n<meta property=\"og:site_name\" content=\"Suno Not\u00edcias\" \/>\n<meta property=\"article:publisher\" content=\"https:\/\/facebook.com\/sunoresearch\" \/>\n<meta property=\"og:image\" content=\"https:\/\/files.sunoresearch.com.br\/n\/uploads\/2018\/10\/8c9deccc-eletrobras.jpg\" \/>\n\t<meta property=\"og:image:width\" content=\"1920\" \/>\n\t<meta property=\"og:image:height\" content=\"960\" \/>\n\t<meta property=\"og:image:type\" content=\"image\/jpeg\" \/>\n<meta name=\"author\" content=\"Guilherme Caetano\" \/>\n<meta name=\"twitter:card\" content=\"summary_large_image\" \/>\n<meta name=\"twitter:creator\" content=\"@sunoresearch\" \/>\n<meta name=\"twitter:site\" content=\"@sunoresearch\" \/>\n<meta name=\"twitter:label1\" content=\"Escrito por\" \/>\n\t<meta name=\"twitter:data1\" content=\"Guilherme Caetano\" \/>\n\t<meta name=\"twitter:label2\" content=\"Est. tempo de leitura\" \/>\n\t<meta name=\"twitter:data2\" content=\"2 minutos\" \/>\n<script type=\"application\/ld+json\" class=\"yoast-schema-graph\">{\"@context\":\"https:\/\/schema.org\",\"@graph\":[{\"@type\":\"NewsArticle\",\"@id\":\"https:\/\/www.suno.com.br\/noticias\/acoes-eletrobras-sobem-programa-demissao\/#article\",\"isPartOf\":{\"@id\":\"https:\/\/www.suno.com.br\/noticias\/acoes-eletrobras-sobem-programa-demissao\/\"},\"author\":{\"name\":\"Guilherme Caetano\",\"@id\":\"https:\/\/www.suno.com.br\/noticias\/#\/schema\/person\/0d0c9687cd2f600c564f25980c140de9\"},\"headline\":\"A\u00e7\u00f5es da Eletrobras sobem 5% com an\u00fancio de programa de demiss\u00e3o\",\"datePublished\":\"2019-01-18T17:20:06+00:00\",\"mainEntityOfPage\":{\"@id\":\"https:\/\/www.suno.com.br\/noticias\/acoes-eletrobras-sobem-programa-demissao\/\"},\"wordCount\":418,\"publisher\":{\"@id\":\"https:\/\/www.suno.com.br\/noticias\/#organization\"},\"image\":{\"@id\":\"https:\/\/www.suno.com.br\/noticias\/acoes-eletrobras-sobem-programa-demissao\/#primaryimage\"},\"thumbnailUrl\":\"https:\/\/files.sunoresearch.com.br\/n\/uploads\/2018\/10\/8c9deccc-eletrobras-jpg.webp\",\"keywords\":[\"Eletrobras (ELET3\/ELET5\/ELET6)\",\"Jair Bolsonaro\",\"Michel Temer\"],\"articleSection\":[\"Neg\u00f3cios\"],\"inLanguage\":\"pt-BR\"},{\"@type\":\"WebPage\",\"@id\":\"https:\/\/www.suno.com.br\/noticias\/acoes-eletrobras-sobem-programa-demissao\/\",\"url\":\"https:\/\/www.suno.com.br\/noticias\/acoes-eletrobras-sobem-programa-demissao\/\",\"name\":\"A\u00e7\u00f5es da Eletrobras sobem 5% com an\u00fancio de programa de demiss\u00e3o\",\"isPartOf\":{\"@id\":\"https:\/\/www.suno.com.br\/noticias\/#website\"},\"primaryImageOfPage\":{\"@id\":\"https:\/\/www.suno.com.br\/noticias\/acoes-eletrobras-sobem-programa-demissao\/#primaryimage\"},\"image\":{\"@id\":\"https:\/\/www.suno.com.br\/noticias\/acoes-eletrobras-sobem-programa-demissao\/#primaryimage\"},\"thumbnailUrl\":\"https:\/\/files.sunoresearch.com.br\/n\/uploads\/2018\/10\/8c9deccc-eletrobras-jpg.webp\",\"datePublished\":\"2019-01-18T17:20:06+00:00\",\"description\":\"As a\u00e7\u00f5es da Eletrobras foram destaque na Bolsa na tarde desta sexta, ap\u00f3s o an\u00fancio do programa de demiss\u00e3o da companhia. Clique e saiba+\",\"breadcrumb\":{\"@id\":\"https:\/\/www.suno.com.br\/noticias\/acoes-eletrobras-sobem-programa-demissao\/#breadcrumb\"},\"inLanguage\":\"pt-BR\",\"potentialAction\":[{\"@type\":\"ReadAction\",\"target\":[\"https:\/\/www.suno.com.br\/noticias\/acoes-eletrobras-sobem-programa-demissao\/\"]}]},{\"@type\":\"ImageObject\",\"inLanguage\":\"pt-BR\",\"@id\":\"https:\/\/www.suno.com.br\/noticias\/acoes-eletrobras-sobem-programa-demissao\/#primaryimage\",\"url\":\"https:\/\/files.sunoresearch.com.br\/n\/uploads\/2018\/10\/8c9deccc-eletrobras-jpg.webp\",\"contentUrl\":\"https:\/\/files.sunoresearch.com.br\/n\/uploads\/2018\/10\/8c9deccc-eletrobras-jpg.webp\",\"width\":1920,\"height\":960,\"caption\":\"eletrobras\"},{\"@type\":\"BreadcrumbList\",\"@id\":\"https:\/\/www.suno.com.br\/noticias\/acoes-eletrobras-sobem-programa-demissao\/#breadcrumb\",\"itemListElement\":[{\"@type\":\"ListItem\",\"position\":1,\"name\":\"Not\u00edcias\",\"item\":\"https:\/\/www.suno.com.br\/noticias\/\"},{\"@type\":\"ListItem\",\"position\":2,\"name\":\"Neg\u00f3cios\",\"item\":\"https:\/\/www.suno.com.br\/noticias\/negocios\/\"},{\"@type\":\"ListItem\",\"position\":3,\"name\":\"A\u00e7\u00f5es da Eletrobras sobem 5% com an\u00fancio de programa de demiss\u00e3o\"}]},{\"@type\":\"WebSite\",\"@id\":\"https:\/\/www.suno.com.br\/noticias\/#website\",\"url\":\"https:\/\/www.suno.com.br\/noticias\/\",\"name\":\"Suno Not\u00edcias\",\"description\":\"Seu portal de informa\u00e7\u00e3o sobre o mundo dos investimentos\",\"publisher\":{\"@id\":\"https:\/\/www.suno.com.br\/noticias\/#organization\"},\"potentialAction\":[{\"@type\":\"SearchAction\",\"target\":{\"@type\":\"EntryPoint\",\"urlTemplate\":\"https:\/\/www.suno.com.br\/noticias\/?s={search_term_string}\"},\"query-input\":{\"@type\":\"PropertyValueSpecification\",\"valueRequired\":true,\"valueName\":\"search_term_string\"}}],\"inLanguage\":\"pt-BR\"},{\"@type\":\"Organization\",\"@id\":\"https:\/\/www.suno.com.br\/noticias\/#organization\",\"name\":\"Suno Not\u00edcias\",\"url\":\"https:\/\/www.suno.com.br\/noticias\/\",\"logo\":{\"@type\":\"ImageObject\",\"inLanguage\":\"pt-BR\",\"@id\":\"https:\/\/www.suno.com.br\/noticias\/#\/schema\/logo\/image\/\",\"url\":\"https:\/\/files.sunoresearch.com.br\/n\/uploads\/2021\/09\/suno-logo.png\",\"contentUrl\":\"https:\/\/files.sunoresearch.com.br\/n\/uploads\/2021\/09\/suno-logo.png\",\"width\":180,\"height\":180,\"caption\":\"Suno Not\u00edcias\"},\"image\":{\"@id\":\"https:\/\/www.suno.com.br\/noticias\/#\/schema\/logo\/image\/\"},\"sameAs\":[\"https:\/\/facebook.com\/sunoresearch\",\"https:\/\/x.com\/sunoresearch\",\"https:\/\/www.instagram.com\/suno\",\"https:\/\/www.linkedin.com\/company\/suno-research\/\",\"https:\/\/www.youtube.com\/c\/sunoresearch\"]},{\"@type\":\"Person\",\"@id\":\"https:\/\/www.suno.com.br\/noticias\/#\/schema\/person\/0d0c9687cd2f600c564f25980c140de9\",\"name\":\"Guilherme Caetano\",\"image\":{\"@type\":\"ImageObject\",\"inLanguage\":\"pt-BR\",\"@id\":\"https:\/\/www.suno.com.br\/noticias\/#\/schema\/person\/image\/\",\"url\":\"https:\/\/secure.gravatar.com\/avatar\/e48357351a01702a0d19307070e081bf?s=96&r=g\",\"contentUrl\":\"https:\/\/secure.gravatar.com\/avatar\/e48357351a01702a0d19307070e081bf?s=96&r=g\",\"caption\":\"Guilherme Caetano\"},\"description\":\"Formado em jornalismo pela Escola de Comunica\u00e7\u00f5es e Artes da USP, Guilherme Caetano escreve para o portal de not\u00edcias da Suno Research. Passou pelas reda\u00e7\u00f5es da Folha de S.Paulo e da revista \u00c9poca.\",\"url\":\"https:\/\/www.suno.com.br\/noticias\/author\/guilherme-caetano\/\"}]}<\/script>\n<!-- \/ Yoast SEO plugin. -->","yoast_head_json":{"title":"A\u00e7\u00f5es da Eletrobras sobem 5% com an\u00fancio de programa de demiss\u00e3o","description":"As a\u00e7\u00f5es da Eletrobras foram destaque na Bolsa na tarde desta sexta, ap\u00f3s o an\u00fancio do programa de demiss\u00e3o da companhia. Clique e saiba+","robots":{"index":"index","follow":"follow","max-snippet":"max-snippet:-1","max-image-preview":"max-image-preview:large","max-video-preview":"max-video-preview:-1"},"canonical":"https:\/\/www.suno.com.br\/noticias\/acoes-eletrobras-sobem-programa-demissao\/","og_locale":"pt_BR","og_type":"article","og_title":"A\u00e7\u00f5es da Eletrobras sobem 5% com an\u00fancio de programa de demiss\u00e3o","og_description":"As a\u00e7\u00f5es da Eletrobras foram destaque na Bolsa na tarde desta sexta, ap\u00f3s o an\u00fancio do programa de demiss\u00e3o da companhia. Clique e saiba+","og_url":"https:\/\/www.suno.com.br\/noticias\/acoes-eletrobras-sobem-programa-demissao\/","og_site_name":"Suno Not\u00edcias","article_publisher":"https:\/\/facebook.com\/sunoresearch","og_image":[{"width":1920,"height":960,"url":"https:\/\/files.sunoresearch.com.br\/n\/uploads\/2018\/10\/8c9deccc-eletrobras.jpg","type":"image\/jpeg"}],"author":"Guilherme Caetano","twitter_card":"summary_large_image","twitter_creator":"@sunoresearch","twitter_site":"@sunoresearch","twitter_misc":{"Escrito por":"Guilherme Caetano","Est. tempo de leitura":"2 minutos"},"schema":{"@context":"https:\/\/schema.org","@graph":[{"@type":"NewsArticle","@id":"https:\/\/www.suno.com.br\/noticias\/acoes-eletrobras-sobem-programa-demissao\/#article","isPartOf":{"@id":"https:\/\/www.suno.com.br\/noticias\/acoes-eletrobras-sobem-programa-demissao\/"},"author":{"name":"Guilherme Caetano","@id":"https:\/\/www.suno.com.br\/noticias\/#\/schema\/person\/0d0c9687cd2f600c564f25980c140de9"},"headline":"A\u00e7\u00f5es da Eletrobras sobem 5% com an\u00fancio de programa de demiss\u00e3o","datePublished":"2019-01-18T17:20:06+00:00","mainEntityOfPage":{"@id":"https:\/\/www.suno.com.br\/noticias\/acoes-eletrobras-sobem-programa-demissao\/"},"wordCount":418,"publisher":{"@id":"https:\/\/www.suno.com.br\/noticias\/#organization"},"image":{"@id":"https:\/\/www.suno.com.br\/noticias\/acoes-eletrobras-sobem-programa-demissao\/#primaryimage"},"thumbnailUrl":"https:\/\/files.sunoresearch.com.br\/n\/uploads\/2018\/10\/8c9deccc-eletrobras-jpg.webp","keywords":["Eletrobras (ELET3\/ELET5\/ELET6)","Jair Bolsonaro","Michel Temer"],"articleSection":["Neg\u00f3cios"],"inLanguage":"pt-BR"},{"@type":"WebPage","@id":"https:\/\/www.suno.com.br\/noticias\/acoes-eletrobras-sobem-programa-demissao\/","url":"https:\/\/www.suno.com.br\/noticias\/acoes-eletrobras-sobem-programa-demissao\/","name":"A\u00e7\u00f5es da Eletrobras sobem 5% com an\u00fancio de programa de demiss\u00e3o","isPartOf":{"@id":"https:\/\/www.suno.com.br\/noticias\/#website"},"primaryImageOfPage":{"@id":"https:\/\/www.suno.com.br\/noticias\/acoes-eletrobras-sobem-programa-demissao\/#primaryimage"},"image":{"@id":"https:\/\/www.suno.com.br\/noticias\/acoes-eletrobras-sobem-programa-demissao\/#primaryimage"},"thumbnailUrl":"https:\/\/files.sunoresearch.com.br\/n\/uploads\/2018\/10\/8c9deccc-eletrobras-jpg.webp","datePublished":"2019-01-18T17:20:06+00:00","description":"As a\u00e7\u00f5es da Eletrobras foram destaque na Bolsa na tarde desta sexta, ap\u00f3s o an\u00fancio do programa de demiss\u00e3o da companhia. Clique e saiba+","breadcrumb":{"@id":"https:\/\/www.suno.com.br\/noticias\/acoes-eletrobras-sobem-programa-demissao\/#breadcrumb"},"inLanguage":"pt-BR","potentialAction":[{"@type":"ReadAction","target":["https:\/\/www.suno.com.br\/noticias\/acoes-eletrobras-sobem-programa-demissao\/"]}]},{"@type":"ImageObject","inLanguage":"pt-BR","@id":"https:\/\/www.suno.com.br\/noticias\/acoes-eletrobras-sobem-programa-demissao\/#primaryimage","url":"https:\/\/files.sunoresearch.com.br\/n\/uploads\/2018\/10\/8c9deccc-eletrobras-jpg.webp","contentUrl":"https:\/\/files.sunoresearch.com.br\/n\/uploads\/2018\/10\/8c9deccc-eletrobras-jpg.webp","width":1920,"height":960,"caption":"eletrobras"},{"@type":"BreadcrumbList","@id":"https:\/\/www.suno.com.br\/noticias\/acoes-eletrobras-sobem-programa-demissao\/#breadcrumb","itemListElement":[{"@type":"ListItem","position":1,"name":"Not\u00edcias","item":"https:\/\/www.suno.com.br\/noticias\/"},{"@type":"ListItem","position":2,"name":"Neg\u00f3cios","item":"https:\/\/www.suno.com.br\/noticias\/negocios\/"},{"@type":"ListItem","position":3,"name":"A\u00e7\u00f5es da Eletrobras sobem 5% com an\u00fancio de programa de demiss\u00e3o"}]},{"@type":"WebSite","@id":"https:\/\/www.suno.com.br\/noticias\/#website","url":"https:\/\/www.suno.com.br\/noticias\/","name":"Suno Not\u00edcias","description":"Seu portal de informa\u00e7\u00e3o sobre o mundo dos investimentos","publisher":{"@id":"https:\/\/www.suno.com.br\/noticias\/#organization"},"potentialAction":[{"@type":"SearchAction","target":{"@type":"EntryPoint","urlTemplate":"https:\/\/www.suno.com.br\/noticias\/?s={search_term_string}"},"query-input":{"@type":"PropertyValueSpecification","valueRequired":true,"valueName":"search_term_string"}}],"inLanguage":"pt-BR"},{"@type":"Organization","@id":"https:\/\/www.suno.com.br\/noticias\/#organization","name":"Suno Not\u00edcias","url":"https:\/\/www.suno.com.br\/noticias\/","logo":{"@type":"ImageObject","inLanguage":"pt-BR","@id":"https:\/\/www.suno.com.br\/noticias\/#\/schema\/logo\/image\/","url":"https:\/\/files.sunoresearch.com.br\/n\/uploads\/2021\/09\/suno-logo.png","contentUrl":"https:\/\/files.sunoresearch.com.br\/n\/uploads\/2021\/09\/suno-logo.png","width":180,"height":180,"caption":"Suno Not\u00edcias"},"image":{"@id":"https:\/\/www.suno.com.br\/noticias\/#\/schema\/logo\/image\/"},"sameAs":["https:\/\/facebook.com\/sunoresearch","https:\/\/x.com\/sunoresearch","https:\/\/www.instagram.com\/suno","https:\/\/www.linkedin.com\/company\/suno-research\/","https:\/\/www.youtube.com\/c\/sunoresearch"]},{"@type":"Person","@id":"https:\/\/www.suno.com.br\/noticias\/#\/schema\/person\/0d0c9687cd2f600c564f25980c140de9","name":"Guilherme Caetano","image":{"@type":"ImageObject","inLanguage":"pt-BR","@id":"https:\/\/www.suno.com.br\/noticias\/#\/schema\/person\/image\/","url":"https:\/\/secure.gravatar.com\/avatar\/e48357351a01702a0d19307070e081bf?s=96&r=g","contentUrl":"https:\/\/secure.gravatar.com\/avatar\/e48357351a01702a0d19307070e081bf?s=96&r=g","caption":"Guilherme Caetano"},"description":"Formado em jornalismo pela Escola de Comunica\u00e7\u00f5es e Artes da USP, Guilherme Caetano escreve para o portal de not\u00edcias da Suno Research. Passou pelas reda\u00e7\u00f5es da Folha de S.Paulo e da revista \u00c9poca.","url":"https:\/\/www.suno.com.br\/noticias\/author\/guilherme-caetano\/"}]}},"default_loop_html":"<div class=\"cardsPage__listCard__boxs\"><div class=\"cardsPage__listCard__boxs__img\"><a href=\"https:\/\/www.suno.com.br\/noticias\/acoes-eletrobras-sobem-programa-demissao\/\"><img class=\"mask\" src=\"https:\/\/www.suno.com.br\/noticias\/wp-content\/themes\/suno\/resources\/images\/spotlight\/spotlight1img\/bg-mask.png\" alt=\"Image Mask\"\/><img src=\"https:\/\/files.sunoresearch.com.br\/n\/uploads\/2018\/10\/8c9deccc-eletrobras-400x200.webp\" alt=\"A\u00e7\u00f5es da Eletrobras sobem 5% com an\u00fancio de programa de demiss\u00e3o\"\/><\/a><span class=\"spotlightCategory\"><a href=\"https:\/\/www.suno.com.br\/noticias\/negocios\/\">Neg\u00f3cios<\/a><\/span><\/div><div class=\"cardsPage__listCard__boxs__content\"><a href=\"https:\/\/www.suno.com.br\/noticias\/acoes-eletrobras-sobem-programa-demissao\/\"><h2 class=\"content__title\">A\u00e7\u00f5es da Eletrobras sobem 5% com an\u00fancio de programa de demiss\u00e3o<\/h2><\/a><div class=\"newsContent__article__meta\"><div class=\"newsContent__article__meta__authorBox\"><a href=\"https:\/\/www.suno.com.br\/noticias\/author\/guilherme-caetano\/\" class=\"authorBox__avatar noMobi\"><img src=\"https:\/\/secure.gravatar.com\/avatar\/e48357351a01702a0d19307070e081bf?s=96&#038;r=g\" alt=\"Guilherme Caetano\"><\/a><div class=\"authorBox__name\"><span>por\n\t\t\t<a href=\"https:\/\/www.suno.com.br\/noticias\/author\/guilherme-caetano\/\"><span itemprop=\"author\">Guilherme Caetano<\/span><\/a><\/span><time datetime=\"2019-01-18T15:20:06-02:00\" itemprop=\"datePublished\">18\/01\/2019 15:20<\/time><\/div><\/div><\/div><\/div><\/div>","single_layout":"posts","amp_enabled":true,"_links":{"self":[{"href":"https:\/\/www.suno.com.br\/noticias\/wp-json\/wp\/v2\/posts\/12255"}],"collection":[{"href":"https:\/\/www.suno.com.br\/noticias\/wp-json\/wp\/v2\/posts"}],"about":[{"href":"https:\/\/www.suno.com.br\/noticias\/wp-json\/wp\/v2\/types\/post"}],"author":[{"embeddable":true,"href":"https:\/\/www.suno.com.br\/noticias\/wp-json\/wp\/v2\/users\/13"}],"replies":[{"embeddable":true,"href":"https:\/\/www.suno.com.br\/noticias\/wp-json\/wp\/v2\/comments?post=12255"}],"version-history":[{"count":0,"href":"https:\/\/www.suno.com.br\/noticias\/wp-json\/wp\/v2\/posts\/12255\/revisions"}],"wp:featuredmedia":[{"embeddable":true,"href":"https:\/\/www.suno.com.br\/noticias\/wp-json\/wp\/v2\/media\/5140"}],"wp:attachment":[{"href":"https:\/\/www.suno.com.br\/noticias\/wp-json\/wp\/v2\/media?parent=12255"}],"wp:term":[{"taxonomy":"category","embeddable":true,"href":"https:\/\/www.suno.com.br\/noticias\/wp-json\/wp\/v2\/categories?post=12255"},{"taxonomy":"post_tag","embeddable":true,"href":"https:\/\/www.suno.com.br\/noticias\/wp-json\/wp\/v2\/tags?post=12255"},{"taxonomy":"suno_strategy","embeddable":true,"href":"https:\/\/www.suno.com.br\/noticias\/wp-json\/wp\/v2\/suno_strategy?post=12255"}],"curies":[{"name":"wp","href":"https:\/\/api.w.org\/{rel}","templated":true}]}}