{"id":12232,"date":"2019-01-18T13:57:02","date_gmt":"2019-01-18T15:57:02","guid":{"rendered":"https:\/\/www.suno.com.br\/noticias\/?p=12232"},"modified":"2019-01-18T13:57:02","modified_gmt":"2019-01-18T15:57:02","slug":"governo-colombiano-vender-ecopetrol-ativos","status":"publish","type":"post","link":"https:\/\/www.suno.com.br\/noticias\/governo-colombiano-vender-ecopetrol-ativos\/","title":{"rendered":"Governo colombiano estuda vender parte da Ecopetrol e outros ativos"},"content":{"rendered":"<p>O governo da Col\u00f4mbia pode vender uma participa\u00e7\u00e3o da petroleira Ecopetrol e mais algumas empresas, de acordo com o ministro da Fazenda colombiana, Alberto Carrasquilla, na \u00faltima quinta-feira (17),.<\/p>\t<div class=\"wrapper-featured-image\">\n\t\t<figure class=\"spotlightImg\">\n\n\t\t\t<picture>\n\t\t\t\t<source media=\"(max-width: 768px)\" srcset=\"https:\/\/files.sunoresearch.com.br\/n\/uploads\/2019\/01\/a5eaf632-ecopetrol-400x200.webp\">\n\t\t\t\t<img loading=\"lazy\" decoding=\"async\" class=\"newsContent__article__imgCapa lazyloadDisabled newsContent__article__imgCapa--noCaption\" src=\"https:\/\/files.sunoresearch.com.br\/n\/uploads\/2019\/01\/a5eaf632-ecopetrol-jpg.webp\" width=\"800\" height=\"450\" alt=\"Governo colombiano estuda vender parte da Ecopetrol e outros ativos\" fetchpriority=high \/>\n\t\t\t<\/picture>\n\n\t\t\t<figcaption class=\"wp-caption-text wp-caption-text--hide\">Governo colombiano estuda vender parte da Ecopetrol e outros ativos<\/figcaption>\n\t\t<\/figure>\n\t<\/div>\n\n\n<p>De acordo com Carrasquilla, a <strong>venda das empresas<\/strong> e da <strong>Ecopetrol<\/strong>, tem por objetivo adquirir recursos suficientes para <strong>financiar<\/strong> as necessidades do governo neste ano.<\/p>\n<p>&#8220;O <strong>d\u00e9ficit<\/strong> \u00e9 de uma magnitude suficientemente importante&#8221;, afirmou Carrasquilla.<\/p>\n<p>Al\u00e9m disso, segundo Carrasquilla, o presidente da Col\u00f4mbia <strong>Iv\u00e1n Duque<\/strong> concordou com a venda da petroleita. Em contrapartida, durante a campanha presidencial no \u00faltimo ano, Duque mostrou ser contra a iniciativa.<\/p>\n<p>&#8220;Na Ecopetrol temos autoriza\u00e7\u00e3o para vender parte da fatia que o Estado tem na empresa, essa autoriza\u00e7\u00e3o vai at\u00e9 8,9 por cento e obviamente estamos discutindo de que maneira levar esse ativo ao mercado&#8221;, explicou o ministro.<\/p>\n<h2>Reforma na Col\u00f4mbia<\/h2>\n<p>O <strong>Legislativo da Col\u00f4mbia<\/strong> aprovou uma reforma tribut\u00e1ria em dezembro. Desta forma, o governo arrecadar\u00e1 7,8 trilh\u00f5es de pesos, cerca de US$ 2,5 bilh\u00f5es para o Or\u00e7amento deste ano.<\/p>\n<p>No entanto, o valor fica abaixo das necessidades do governo, estimadas em 14 trilh\u00f5es de pesos.<\/p>\n<div id=\"image_a1c71529c663a5c8cb296d0e0f3ff5edfutc9hqc\" class=\"expandedElement\"><\/div>\n<p>De acordo com Carrasquilla, ainda ser\u00e3o analisados outros poss\u00edveis cortes em despesas para aliviar o Or\u00e7amento. Al\u00e9m disso, outros gastos dever\u00e3o ser congelados at\u00e9 que seja realizada a venda de ativos pelo Estado.<\/p>\n<p><a href=\"https:\/\/www.suno.com.br\/noticias\/anp-libera-refinaria-petrobras-paulinia\/\">Saiba mais:\u00a0Refinaria da Petrobras em Paul\u00ednia \u00e9 liberada pela ANP ap\u00f3s inc\u00eandio<\/a><\/p>\n<p><a href=\"https:\/\/www.suno.com.br\/noticias\/petrobras-anuncia-retomada-venda-ativos\/\">Saiba mais:\u00a0Petrobras anuncia retomada de venda de ativos ap\u00f3s decis\u00e3o do STJ<\/a><\/p>\n<h2>Ecopetrol<\/h2>\n<p>A Empresa Colombiana de Petr\u00f3leos S.A. ou Ecopetrol, \u00e9 a maior petrol\u00edfera da Col\u00f4mbia. A empresa foi fundada em 1921, quando ainda era chamada de Tropical Oil Company.<\/p>\n<p>Entretanto, em 1951 seu nome foi alterado para <strong>Ecopetrol<\/strong>. Atualmente o governo possui\u00a088,49% da petroleira.<\/p>\n<h2>Petroleira no pr\u00e9-sal<\/h2>\n<p>Para expandir as \u00e1reas de atua\u00e7\u00e3o do <strong>pr\u00e9-sal<\/strong>, A Ecopetrol fechou acordo com os grupos Royal Dutch Shell e <strong>Chevron Corporation<\/strong>.<\/p>\n<p>No entanto, a empresa colombiana ter\u00e1 uma participa\u00e7\u00e3o de 10% no bloco de Saturno, na \u00e1rea central da bacia de Santos.<\/p>\n<p>A parte adquirida pela <strong>Ecopetrol<\/strong> havia sido destinada aos grupos Royal Dutch Shell e Chevron, na 5\u00aa Rodada do Pr\u00e9-Sal, realizada pelo Ag\u00eancia Nacional do petr\u00f3leo, G\u00e1s Natural e Biocombust\u00edveis (<strong>ANP<\/strong>).<\/p>\n","protected":false},"excerpt":{"rendered":"<p>O governo da Col\u00f4mbia pode vender uma participa\u00e7\u00e3o da petroleira Ecopetrol e mais algumas empresas, de acordo com o ministro da Fazenda colombiana, Alberto Carrasquilla, na \u00faltima quinta-feira (17),. Governo colombiano estuda vender parte da Ecopetrol e outros ativos De acordo com Carrasquilla, a venda das empresas e da Ecopetrol, tem por objetivo adquirir recursos [&hellip;]<\/p>\n","protected":false},"author":11,"featured_media":12243,"comment_status":"closed","ping_status":"closed","sticky":false,"template":"","format":"standard","meta":[],"categories":[64],"tags":[1010,766,818],"suno_strategy":[],"class_list":["post-12232","post","type-post","status-publish","format-standard","has-post-thumbnail","hentry","category-negocios","tag-ecopetrol","tag-petroleo","tag-pre-sal"],"yoast_head":"<!-- This site is optimized with the Yoast SEO plugin v24.4 - https:\/\/yoast.com\/wordpress\/plugins\/seo\/ -->\n<title>Governo colombiano estuda vender parte da Ecopetrol e outros ativos<\/title>\n<meta name=\"description\" content=\"Ecopetrol pode ser vendida para arrecadar recursos para o governo; Petroleira atua na bacia de Santos do pr\u00e9-sal. Clique para saber mais.\" \/>\n<meta name=\"robots\" content=\"index, follow, max-snippet:-1, max-image-preview:large, max-video-preview:-1\" \/>\n<link rel=\"canonical\" href=\"https:\/\/www.suno.com.br\/noticias\/governo-colombiano-vender-ecopetrol-ativos\/\" \/>\n<meta property=\"og:locale\" content=\"pt_BR\" \/>\n<meta property=\"og:type\" content=\"article\" \/>\n<meta property=\"og:title\" content=\"Governo colombiano estuda vender parte da Ecopetrol e outros ativos\" \/>\n<meta property=\"og:description\" content=\"Ecopetrol pode ser vendida para arrecadar recursos para o governo; Petroleira atua na bacia de Santos do pr\u00e9-sal. Clique para saber mais.\" \/>\n<meta property=\"og:url\" content=\"https:\/\/www.suno.com.br\/noticias\/governo-colombiano-vender-ecopetrol-ativos\/\" \/>\n<meta property=\"og:site_name\" content=\"Suno Not\u00edcias\" \/>\n<meta property=\"article:publisher\" content=\"https:\/\/facebook.com\/sunoresearch\" \/>\n<meta property=\"og:image\" content=\"https:\/\/files.sunoresearch.com.br\/n\/uploads\/2019\/01\/a5eaf632-ecopetrol.jpg\" \/>\n\t<meta property=\"og:image:width\" content=\"712\" \/>\n\t<meta property=\"og:image:height\" content=\"475\" \/>\n\t<meta property=\"og:image:type\" content=\"image\/jpeg\" \/>\n<meta name=\"author\" content=\"Renan Bandeira\" \/>\n<meta name=\"twitter:card\" content=\"summary_large_image\" \/>\n<meta name=\"twitter:creator\" content=\"@sunoresearch\" \/>\n<meta name=\"twitter:site\" content=\"@sunoresearch\" \/>\n<meta name=\"twitter:label1\" content=\"Escrito por\" \/>\n\t<meta name=\"twitter:data1\" content=\"Renan Bandeira\" \/>\n\t<meta name=\"twitter:label2\" content=\"Est. tempo de leitura\" \/>\n\t<meta name=\"twitter:data2\" content=\"2 minutos\" \/>\n<script type=\"application\/ld+json\" class=\"yoast-schema-graph\">{\"@context\":\"https:\/\/schema.org\",\"@graph\":[{\"@type\":\"NewsArticle\",\"@id\":\"https:\/\/www.suno.com.br\/noticias\/governo-colombiano-vender-ecopetrol-ativos\/#article\",\"isPartOf\":{\"@id\":\"https:\/\/www.suno.com.br\/noticias\/governo-colombiano-vender-ecopetrol-ativos\/\"},\"author\":{\"name\":\"Renan Bandeira\",\"@id\":\"https:\/\/www.suno.com.br\/noticias\/#\/schema\/person\/fc144a1c6108bd1dcd43784e88a3c138\"},\"headline\":\"Governo colombiano estuda vender parte da Ecopetrol e outros ativos\",\"datePublished\":\"2019-01-18T15:57:02+00:00\",\"mainEntityOfPage\":{\"@id\":\"https:\/\/www.suno.com.br\/noticias\/governo-colombiano-vender-ecopetrol-ativos\/\"},\"wordCount\":395,\"publisher\":{\"@id\":\"https:\/\/www.suno.com.br\/noticias\/#organization\"},\"image\":{\"@id\":\"https:\/\/www.suno.com.br\/noticias\/governo-colombiano-vender-ecopetrol-ativos\/#primaryimage\"},\"thumbnailUrl\":\"https:\/\/files.sunoresearch.com.br\/n\/uploads\/2019\/01\/a5eaf632-ecopetrol-jpg.webp\",\"keywords\":[\"Ecopetrol\",\"Petr\u00f3leo\",\"pr\u00e9-sal\"],\"articleSection\":[\"Neg\u00f3cios\"],\"inLanguage\":\"pt-BR\"},{\"@type\":\"WebPage\",\"@id\":\"https:\/\/www.suno.com.br\/noticias\/governo-colombiano-vender-ecopetrol-ativos\/\",\"url\":\"https:\/\/www.suno.com.br\/noticias\/governo-colombiano-vender-ecopetrol-ativos\/\",\"name\":\"Governo colombiano estuda vender parte da Ecopetrol e outros ativos\",\"isPartOf\":{\"@id\":\"https:\/\/www.suno.com.br\/noticias\/#website\"},\"primaryImageOfPage\":{\"@id\":\"https:\/\/www.suno.com.br\/noticias\/governo-colombiano-vender-ecopetrol-ativos\/#primaryimage\"},\"image\":{\"@id\":\"https:\/\/www.suno.com.br\/noticias\/governo-colombiano-vender-ecopetrol-ativos\/#primaryimage\"},\"thumbnailUrl\":\"https:\/\/files.sunoresearch.com.br\/n\/uploads\/2019\/01\/a5eaf632-ecopetrol-jpg.webp\",\"datePublished\":\"2019-01-18T15:57:02+00:00\",\"description\":\"Ecopetrol pode ser vendida para arrecadar recursos para o governo; Petroleira atua na bacia de Santos do pr\u00e9-sal. Clique para saber mais.\",\"breadcrumb\":{\"@id\":\"https:\/\/www.suno.com.br\/noticias\/governo-colombiano-vender-ecopetrol-ativos\/#breadcrumb\"},\"inLanguage\":\"pt-BR\",\"potentialAction\":[{\"@type\":\"ReadAction\",\"target\":[\"https:\/\/www.suno.com.br\/noticias\/governo-colombiano-vender-ecopetrol-ativos\/\"]}]},{\"@type\":\"ImageObject\",\"inLanguage\":\"pt-BR\",\"@id\":\"https:\/\/www.suno.com.br\/noticias\/governo-colombiano-vender-ecopetrol-ativos\/#primaryimage\",\"url\":\"https:\/\/files.sunoresearch.com.br\/n\/uploads\/2019\/01\/a5eaf632-ecopetrol-jpg.webp\",\"contentUrl\":\"https:\/\/files.sunoresearch.com.br\/n\/uploads\/2019\/01\/a5eaf632-ecopetrol-jpg.webp\",\"width\":712,\"height\":475,\"caption\":\"Governo colombiano estuda vender parte da Ecopetrol e outros ativos\"},{\"@type\":\"BreadcrumbList\",\"@id\":\"https:\/\/www.suno.com.br\/noticias\/governo-colombiano-vender-ecopetrol-ativos\/#breadcrumb\",\"itemListElement\":[{\"@type\":\"ListItem\",\"position\":1,\"name\":\"Not\u00edcias\",\"item\":\"https:\/\/www.suno.com.br\/noticias\/\"},{\"@type\":\"ListItem\",\"position\":2,\"name\":\"Neg\u00f3cios\",\"item\":\"https:\/\/www.suno.com.br\/noticias\/negocios\/\"},{\"@type\":\"ListItem\",\"position\":3,\"name\":\"Governo colombiano estuda vender parte da Ecopetrol e outros ativos\"}]},{\"@type\":\"WebSite\",\"@id\":\"https:\/\/www.suno.com.br\/noticias\/#website\",\"url\":\"https:\/\/www.suno.com.br\/noticias\/\",\"name\":\"Suno Not\u00edcias\",\"description\":\"Seu portal de informa\u00e7\u00e3o sobre o mundo dos investimentos\",\"publisher\":{\"@id\":\"https:\/\/www.suno.com.br\/noticias\/#organization\"},\"potentialAction\":[{\"@type\":\"SearchAction\",\"target\":{\"@type\":\"EntryPoint\",\"urlTemplate\":\"https:\/\/www.suno.com.br\/noticias\/?s={search_term_string}\"},\"query-input\":{\"@type\":\"PropertyValueSpecification\",\"valueRequired\":true,\"valueName\":\"search_term_string\"}}],\"inLanguage\":\"pt-BR\"},{\"@type\":\"Organization\",\"@id\":\"https:\/\/www.suno.com.br\/noticias\/#organization\",\"name\":\"Suno Not\u00edcias\",\"url\":\"https:\/\/www.suno.com.br\/noticias\/\",\"logo\":{\"@type\":\"ImageObject\",\"inLanguage\":\"pt-BR\",\"@id\":\"https:\/\/www.suno.com.br\/noticias\/#\/schema\/logo\/image\/\",\"url\":\"https:\/\/files.sunoresearch.com.br\/n\/uploads\/2021\/09\/suno-logo.png\",\"contentUrl\":\"https:\/\/files.sunoresearch.com.br\/n\/uploads\/2021\/09\/suno-logo.png\",\"width\":180,\"height\":180,\"caption\":\"Suno Not\u00edcias\"},\"image\":{\"@id\":\"https:\/\/www.suno.com.br\/noticias\/#\/schema\/logo\/image\/\"},\"sameAs\":[\"https:\/\/facebook.com\/sunoresearch\",\"https:\/\/x.com\/sunoresearch\",\"https:\/\/www.instagram.com\/suno\",\"https:\/\/www.linkedin.com\/company\/suno-research\/\",\"https:\/\/www.youtube.com\/c\/sunoresearch\"]},{\"@type\":\"Person\",\"@id\":\"https:\/\/www.suno.com.br\/noticias\/#\/schema\/person\/fc144a1c6108bd1dcd43784e88a3c138\",\"name\":\"Renan Bandeira\",\"image\":{\"@type\":\"ImageObject\",\"inLanguage\":\"pt-BR\",\"@id\":\"https:\/\/www.suno.com.br\/noticias\/#\/schema\/person\/image\/\",\"url\":\"https:\/\/secure.gravatar.com\/avatar\/68359cdb608f14f11bbefcb78f3fc747?s=96&r=g\",\"contentUrl\":\"https:\/\/secure.gravatar.com\/avatar\/68359cdb608f14f11bbefcb78f3fc747?s=96&r=g\",\"caption\":\"Renan Bandeira\"},\"description\":\"Renan Bandeira escreve sobre pol\u00edtica e economia para o portal da Suno Research. Antes da Suno, trabalhou em uma rede de televis\u00e3o, onde fazia reportagens sobre os mesmos temas. Estuda na Universidade Metodista de S\u00e3o Paulo.\",\"url\":\"https:\/\/www.suno.com.br\/noticias\/author\/renan-bandeira\/\"}]}<\/script>\n<!-- \/ Yoast SEO plugin. -->","yoast_head_json":{"title":"Governo colombiano estuda vender parte da Ecopetrol e outros ativos","description":"Ecopetrol pode ser vendida para arrecadar recursos para o governo; Petroleira atua na bacia de Santos do pr\u00e9-sal. Clique para saber mais.","robots":{"index":"index","follow":"follow","max-snippet":"max-snippet:-1","max-image-preview":"max-image-preview:large","max-video-preview":"max-video-preview:-1"},"canonical":"https:\/\/www.suno.com.br\/noticias\/governo-colombiano-vender-ecopetrol-ativos\/","og_locale":"pt_BR","og_type":"article","og_title":"Governo colombiano estuda vender parte da Ecopetrol e outros ativos","og_description":"Ecopetrol pode ser vendida para arrecadar recursos para o governo; Petroleira atua na bacia de Santos do pr\u00e9-sal. Clique para saber mais.","og_url":"https:\/\/www.suno.com.br\/noticias\/governo-colombiano-vender-ecopetrol-ativos\/","og_site_name":"Suno Not\u00edcias","article_publisher":"https:\/\/facebook.com\/sunoresearch","og_image":[{"width":712,"height":475,"url":"https:\/\/files.sunoresearch.com.br\/n\/uploads\/2019\/01\/a5eaf632-ecopetrol.jpg","type":"image\/jpeg"}],"author":"Renan Bandeira","twitter_card":"summary_large_image","twitter_creator":"@sunoresearch","twitter_site":"@sunoresearch","twitter_misc":{"Escrito por":"Renan Bandeira","Est. tempo de leitura":"2 minutos"},"schema":{"@context":"https:\/\/schema.org","@graph":[{"@type":"NewsArticle","@id":"https:\/\/www.suno.com.br\/noticias\/governo-colombiano-vender-ecopetrol-ativos\/#article","isPartOf":{"@id":"https:\/\/www.suno.com.br\/noticias\/governo-colombiano-vender-ecopetrol-ativos\/"},"author":{"name":"Renan Bandeira","@id":"https:\/\/www.suno.com.br\/noticias\/#\/schema\/person\/fc144a1c6108bd1dcd43784e88a3c138"},"headline":"Governo colombiano estuda vender parte da Ecopetrol e outros ativos","datePublished":"2019-01-18T15:57:02+00:00","mainEntityOfPage":{"@id":"https:\/\/www.suno.com.br\/noticias\/governo-colombiano-vender-ecopetrol-ativos\/"},"wordCount":395,"publisher":{"@id":"https:\/\/www.suno.com.br\/noticias\/#organization"},"image":{"@id":"https:\/\/www.suno.com.br\/noticias\/governo-colombiano-vender-ecopetrol-ativos\/#primaryimage"},"thumbnailUrl":"https:\/\/files.sunoresearch.com.br\/n\/uploads\/2019\/01\/a5eaf632-ecopetrol-jpg.webp","keywords":["Ecopetrol","Petr\u00f3leo","pr\u00e9-sal"],"articleSection":["Neg\u00f3cios"],"inLanguage":"pt-BR"},{"@type":"WebPage","@id":"https:\/\/www.suno.com.br\/noticias\/governo-colombiano-vender-ecopetrol-ativos\/","url":"https:\/\/www.suno.com.br\/noticias\/governo-colombiano-vender-ecopetrol-ativos\/","name":"Governo colombiano estuda vender parte da Ecopetrol e outros ativos","isPartOf":{"@id":"https:\/\/www.suno.com.br\/noticias\/#website"},"primaryImageOfPage":{"@id":"https:\/\/www.suno.com.br\/noticias\/governo-colombiano-vender-ecopetrol-ativos\/#primaryimage"},"image":{"@id":"https:\/\/www.suno.com.br\/noticias\/governo-colombiano-vender-ecopetrol-ativos\/#primaryimage"},"thumbnailUrl":"https:\/\/files.sunoresearch.com.br\/n\/uploads\/2019\/01\/a5eaf632-ecopetrol-jpg.webp","datePublished":"2019-01-18T15:57:02+00:00","description":"Ecopetrol pode ser vendida para arrecadar recursos para o governo; Petroleira atua na bacia de Santos do pr\u00e9-sal. Clique para saber mais.","breadcrumb":{"@id":"https:\/\/www.suno.com.br\/noticias\/governo-colombiano-vender-ecopetrol-ativos\/#breadcrumb"},"inLanguage":"pt-BR","potentialAction":[{"@type":"ReadAction","target":["https:\/\/www.suno.com.br\/noticias\/governo-colombiano-vender-ecopetrol-ativos\/"]}]},{"@type":"ImageObject","inLanguage":"pt-BR","@id":"https:\/\/www.suno.com.br\/noticias\/governo-colombiano-vender-ecopetrol-ativos\/#primaryimage","url":"https:\/\/files.sunoresearch.com.br\/n\/uploads\/2019\/01\/a5eaf632-ecopetrol-jpg.webp","contentUrl":"https:\/\/files.sunoresearch.com.br\/n\/uploads\/2019\/01\/a5eaf632-ecopetrol-jpg.webp","width":712,"height":475,"caption":"Governo colombiano estuda vender parte da Ecopetrol e outros ativos"},{"@type":"BreadcrumbList","@id":"https:\/\/www.suno.com.br\/noticias\/governo-colombiano-vender-ecopetrol-ativos\/#breadcrumb","itemListElement":[{"@type":"ListItem","position":1,"name":"Not\u00edcias","item":"https:\/\/www.suno.com.br\/noticias\/"},{"@type":"ListItem","position":2,"name":"Neg\u00f3cios","item":"https:\/\/www.suno.com.br\/noticias\/negocios\/"},{"@type":"ListItem","position":3,"name":"Governo colombiano estuda vender parte da Ecopetrol e outros ativos"}]},{"@type":"WebSite","@id":"https:\/\/www.suno.com.br\/noticias\/#website","url":"https:\/\/www.suno.com.br\/noticias\/","name":"Suno Not\u00edcias","description":"Seu portal de informa\u00e7\u00e3o sobre o mundo dos investimentos","publisher":{"@id":"https:\/\/www.suno.com.br\/noticias\/#organization"},"potentialAction":[{"@type":"SearchAction","target":{"@type":"EntryPoint","urlTemplate":"https:\/\/www.suno.com.br\/noticias\/?s={search_term_string}"},"query-input":{"@type":"PropertyValueSpecification","valueRequired":true,"valueName":"search_term_string"}}],"inLanguage":"pt-BR"},{"@type":"Organization","@id":"https:\/\/www.suno.com.br\/noticias\/#organization","name":"Suno Not\u00edcias","url":"https:\/\/www.suno.com.br\/noticias\/","logo":{"@type":"ImageObject","inLanguage":"pt-BR","@id":"https:\/\/www.suno.com.br\/noticias\/#\/schema\/logo\/image\/","url":"https:\/\/files.sunoresearch.com.br\/n\/uploads\/2021\/09\/suno-logo.png","contentUrl":"https:\/\/files.sunoresearch.com.br\/n\/uploads\/2021\/09\/suno-logo.png","width":180,"height":180,"caption":"Suno Not\u00edcias"},"image":{"@id":"https:\/\/www.suno.com.br\/noticias\/#\/schema\/logo\/image\/"},"sameAs":["https:\/\/facebook.com\/sunoresearch","https:\/\/x.com\/sunoresearch","https:\/\/www.instagram.com\/suno","https:\/\/www.linkedin.com\/company\/suno-research\/","https:\/\/www.youtube.com\/c\/sunoresearch"]},{"@type":"Person","@id":"https:\/\/www.suno.com.br\/noticias\/#\/schema\/person\/fc144a1c6108bd1dcd43784e88a3c138","name":"Renan Bandeira","image":{"@type":"ImageObject","inLanguage":"pt-BR","@id":"https:\/\/www.suno.com.br\/noticias\/#\/schema\/person\/image\/","url":"https:\/\/secure.gravatar.com\/avatar\/68359cdb608f14f11bbefcb78f3fc747?s=96&r=g","contentUrl":"https:\/\/secure.gravatar.com\/avatar\/68359cdb608f14f11bbefcb78f3fc747?s=96&r=g","caption":"Renan Bandeira"},"description":"Renan Bandeira escreve sobre pol\u00edtica e economia para o portal da Suno Research. Antes da Suno, trabalhou em uma rede de televis\u00e3o, onde fazia reportagens sobre os mesmos temas. Estuda na Universidade Metodista de S\u00e3o Paulo.","url":"https:\/\/www.suno.com.br\/noticias\/author\/renan-bandeira\/"}]}},"default_loop_html":"<div class=\"cardsPage__listCard__boxs\"><div class=\"cardsPage__listCard__boxs__img\"><a href=\"https:\/\/www.suno.com.br\/noticias\/governo-colombiano-vender-ecopetrol-ativos\/\"><img class=\"mask\" src=\"https:\/\/www.suno.com.br\/noticias\/wp-content\/themes\/suno\/resources\/images\/spotlight\/spotlight1img\/bg-mask.png\" alt=\"Image Mask\"\/><img src=\"https:\/\/files.sunoresearch.com.br\/n\/uploads\/2019\/01\/a5eaf632-ecopetrol-400x200.webp\" alt=\"Governo colombiano estuda vender parte da Ecopetrol e outros ativos\"\/><\/a><span class=\"spotlightCategory\"><a href=\"https:\/\/www.suno.com.br\/noticias\/negocios\/\">Neg\u00f3cios<\/a><\/span><\/div><div class=\"cardsPage__listCard__boxs__content\"><a href=\"https:\/\/www.suno.com.br\/noticias\/governo-colombiano-vender-ecopetrol-ativos\/\"><h2 class=\"content__title\">Governo colombiano estuda vender parte da Ecopetrol e outros ativos<\/h2><\/a><div class=\"newsContent__article__meta\"><div class=\"newsContent__article__meta__authorBox\"><a href=\"https:\/\/www.suno.com.br\/noticias\/author\/renan-bandeira\/\" class=\"authorBox__avatar noMobi\"><img src=\"https:\/\/secure.gravatar.com\/avatar\/68359cdb608f14f11bbefcb78f3fc747?s=96&#038;r=g\" alt=\"Renan Bandeira\"><\/a><div class=\"authorBox__name\"><span>por\n\t\t\t<a href=\"https:\/\/www.suno.com.br\/noticias\/author\/renan-bandeira\/\"><span itemprop=\"author\">Renan Bandeira<\/span><\/a><\/span><time datetime=\"2019-01-18T13:57:02-02:00\" itemprop=\"datePublished\">18\/01\/2019 13:57<\/time><\/div><\/div><\/div><\/div><\/div>","single_layout":"posts","amp_enabled":true,"_links":{"self":[{"href":"https:\/\/www.suno.com.br\/noticias\/wp-json\/wp\/v2\/posts\/12232"}],"collection":[{"href":"https:\/\/www.suno.com.br\/noticias\/wp-json\/wp\/v2\/posts"}],"about":[{"href":"https:\/\/www.suno.com.br\/noticias\/wp-json\/wp\/v2\/types\/post"}],"author":[{"embeddable":true,"href":"https:\/\/www.suno.com.br\/noticias\/wp-json\/wp\/v2\/users\/11"}],"replies":[{"embeddable":true,"href":"https:\/\/www.suno.com.br\/noticias\/wp-json\/wp\/v2\/comments?post=12232"}],"version-history":[{"count":0,"href":"https:\/\/www.suno.com.br\/noticias\/wp-json\/wp\/v2\/posts\/12232\/revisions"}],"wp:featuredmedia":[{"embeddable":true,"href":"https:\/\/www.suno.com.br\/noticias\/wp-json\/wp\/v2\/media\/12243"}],"wp:attachment":[{"href":"https:\/\/www.suno.com.br\/noticias\/wp-json\/wp\/v2\/media?parent=12232"}],"wp:term":[{"taxonomy":"category","embeddable":true,"href":"https:\/\/www.suno.com.br\/noticias\/wp-json\/wp\/v2\/categories?post=12232"},{"taxonomy":"post_tag","embeddable":true,"href":"https:\/\/www.suno.com.br\/noticias\/wp-json\/wp\/v2\/tags?post=12232"},{"taxonomy":"suno_strategy","embeddable":true,"href":"https:\/\/www.suno.com.br\/noticias\/wp-json\/wp\/v2\/suno_strategy?post=12232"}],"curies":[{"name":"wp","href":"https:\/\/api.w.org\/{rel}","templated":true}]}}