{"id":12203,"date":"2019-01-18T10:48:32","date_gmt":"2019-01-18T12:48:32","guid":{"rendered":"https:\/\/www.suno.com.br\/noticias\/?p=12203"},"modified":"2019-01-18T13:31:58","modified_gmt":"2019-01-18T15:31:58","slug":"china-eua-nova-negociacao","status":"publish","type":"post","link":"https:\/\/www.suno.com.br\/noticias\/china-eua-nova-negociacao\/","title":{"rendered":"Nova negocia\u00e7\u00e3o entre China e EUA deve ocorrer no fim do m\u00eas"},"content":{"rendered":"<p>O vice-primeiro-ministro da China, Liu He, viajar\u00e1 a Washington nos dias 30 e 31 de janeiro para dar prosseguimento \u00e0s negocia\u00e7\u00f5es comerciais.\u00a0As informa\u00e7\u00f5es, que j\u00e1 corriam na m\u00eddia, foram confirmadas pelo Minist\u00e9rio do Com\u00e9rcio chin\u00eas, na quinta-feira (17).<\/p>\t<div class=\"wrapper-featured-image\">\n\t\t<figure class=\"spotlightImg\">\n\n\t\t\t<picture>\n\t\t\t\t<source media=\"(max-width: 768px)\" srcset=\"https:\/\/files.sunoresearch.com.br\/n\/uploads\/2019\/01\/3b059b96-eua-e-china-celebram-os-40-anos-das-rela\u00e7\u00f5es-diplom\u00e1ticas-400x200.webp\">\n\t\t\t\t<img loading=\"lazy\" decoding=\"async\" class=\"newsContent__article__imgCapa lazyloadDisabled newsContent__article__imgCapa--noCaption\" src=\"https:\/\/files.sunoresearch.com.br\/n\/uploads\/2019\/01\/3b059b96-eua-e-china-celebram-os-40-anos-das-rela\u00e7\u00f5es-diplom\u00e1ticas-jpg.webp\" width=\"800\" height=\"450\" alt=\"Nova negocia\u00e7\u00e3o entre China e EUA deve ocorrer no fim do m\u00eas\" fetchpriority=high \/>\n\t\t\t<\/picture>\n\n\t\t\t<figcaption class=\"wp-caption-text wp-caption-text--hide\">China e Estados Unidos concordam em retomar negocia\u00e7\u00f5es<\/figcaption>\n\t\t<\/figure>\n\t<\/div>\n\n\n<p>Liu He se encontrar\u00e1 com o representante de Com\u00e9rcio dos EUA, Robert Lighthizer, e o secret\u00e1rio do Tesouro dos EUA, Steven Mnuchin.\u00a0Esse ser\u00e1 o segundo encontro presencial entre equipes dos pa\u00edses, desde que os presidentes Donald Trump (<strong>EUA<\/strong>) e Xi Jinping (<strong>China<\/strong>) encontraram-se na c\u00fapula do G20.<\/p>\n<p>Na c\u00fapula do G20, os presidentes concordaram em um tr\u00e9gua de 90 dias na <a href=\"https:\/\/www.suno.com.br\/artigos\/guerra-comercial\/\">guerra comercial<\/a>, o conflito tarif\u00e1rio que auxiliou na desacelera\u00e7\u00e3o econ\u00f4mica chinesa.<\/p>\n<p>Na semana passada, entre os dias 07 e 09 de janeiro, negocia\u00e7\u00f5es de n\u00edvel inferior ocorreram em Pequim.<\/p>\n<p><a href=\"https:\/\/www.suno.com.br\/noticias\/china-eua-negociacoes-acordo\/\">Saiba mais &#8211;\u00a0Negocia\u00e7\u00f5es entre EUA e China terminam com possibilidade de acordo<\/a><\/p>\n<h2>Atritos entre China e EUA<\/h2>\n<p>Na quinta-feira (17), o Minist\u00e9rio de Rela\u00e7\u00f5es Exteriores da China afirmou que uma proposta de legisla\u00e7\u00e3o dos EUA contra <strong>Huawei Technologies<\/strong>, ZTE e <a href=\"https:\/\/www.suno.com.br\/noticias\/china-proposta-legislacao-eua-histeria\/\">outras fabricantes chinesas de equipamentos para telecomunica\u00e7\u00f5es \u00e9 &#8220;histeria&#8221;<\/a>.<\/p>\n<p>A porta-voz do minist\u00e9rio, Hua Chunying, ainda pediu aos congressistas norte-americanos que levem adiante a ideia.<\/p>\n<p><a href=\"https:\/\/www.suno.com.br\/noticias\/fundador-huawei-primeira-entrevista-prisao\/\">Saiba mais &#8211;\u00a0Fundador da Huawei d\u00e1 primeira entrevista ap\u00f3s pris\u00e3o da filha\u00a0<\/a><\/p>\n<p>Um grupo bipartid\u00e1rio de parlamentares dos EUA prop\u00f4s leis que visam a proibi\u00e7\u00e3o das vendas de chips americanos ou outros componentes\u00a0para a Huawei Technologies, ZTE dentre outras companhias chinesas.<\/p>\n<p>Conforme o grupo, tais empresas violam san\u00e7\u00f5es dos <strong>EUA<\/strong> ou regras de controle de exporta\u00e7\u00f5es.<\/p>\n<p>Os projetos de lei citam especificamente a ZTE e a Huawei, companhias da <strong>China<\/strong>, que est\u00e3o sob suspeita nos EUA pelos temores de que os produtos s\u00e3o utilizados para espionagem.<\/p>\n","protected":false},"excerpt":{"rendered":"<p>O vice-primeiro-ministro da China, Liu He, viajar\u00e1 a Washington nos dias 30 e 31 de janeiro para dar prosseguimento \u00e0s negocia\u00e7\u00f5es comerciais.\u00a0As informa\u00e7\u00f5es, que j\u00e1 corriam na m\u00eddia, foram confirmadas pelo Minist\u00e9rio do Com\u00e9rcio chin\u00eas, na quinta-feira (17). China e Estados Unidos concordam em retomar negocia\u00e7\u00f5es Liu He se encontrar\u00e1 com o representante de Com\u00e9rcio [&hellip;]<\/p>\n","protected":false},"author":12,"featured_media":10067,"comment_status":"closed","ping_status":"closed","sticky":false,"template":"","format":"standard","meta":[],"categories":[63],"tags":[711,793],"suno_strategy":[],"class_list":["post-12203","post","type-post","status-publish","format-standard","has-post-thumbnail","hentry","category-internacional","tag-china","tag-estados-unidos-eua"],"yoast_head":"<!-- This site is optimized with the Yoast SEO plugin v24.4 - https:\/\/yoast.com\/wordpress\/plugins\/seo\/ -->\n<title>Nova negocia\u00e7\u00e3o entre China e EUA deve ocorrer no fim do m\u00eas<\/title>\n<meta name=\"description\" content=\"O vice-primeiro-ministro da China, Liu He, viajar\u00e1 a Washington em 30 e 31 de janeiro para negocia\u00e7\u00f5es comerciais. Clique para saber mais\" \/>\n<meta name=\"robots\" content=\"index, follow, max-snippet:-1, max-image-preview:large, max-video-preview:-1\" \/>\n<link rel=\"canonical\" href=\"https:\/\/www.suno.com.br\/noticias\/china-eua-nova-negociacao\/\" \/>\n<meta property=\"og:locale\" content=\"pt_BR\" \/>\n<meta property=\"og:type\" content=\"article\" \/>\n<meta property=\"og:title\" content=\"Nova negocia\u00e7\u00e3o entre China e EUA deve ocorrer no fim do m\u00eas\" \/>\n<meta property=\"og:description\" content=\"O vice-primeiro-ministro da China, Liu He, viajar\u00e1 a Washington em 30 e 31 de janeiro para negocia\u00e7\u00f5es comerciais. Clique para saber mais\" \/>\n<meta property=\"og:url\" content=\"https:\/\/www.suno.com.br\/noticias\/china-eua-nova-negociacao\/\" \/>\n<meta property=\"og:site_name\" content=\"Suno Not\u00edcias\" \/>\n<meta property=\"article:publisher\" content=\"https:\/\/facebook.com\/sunoresearch\" \/>\n<meta property=\"og:image\" content=\"https:\/\/files.sunoresearch.com.br\/n\/uploads\/2019\/01\/3b059b96-eua-e-china-celebram-os-40-anos-das-rela\u00e7\u00f5es-diplom\u00e1ticas.jpg\" \/>\n\t<meta property=\"og:image:width\" content=\"699\" \/>\n\t<meta property=\"og:image:height\" content=\"420\" \/>\n\t<meta property=\"og:image:type\" content=\"image\/jpeg\" \/>\n<meta name=\"author\" content=\"Amanda Gushiken\" \/>\n<meta name=\"twitter:card\" content=\"summary_large_image\" \/>\n<meta name=\"twitter:creator\" content=\"@sunoresearch\" \/>\n<meta name=\"twitter:site\" content=\"@sunoresearch\" \/>\n<meta name=\"twitter:label1\" content=\"Escrito por\" \/>\n\t<meta name=\"twitter:data1\" content=\"Amanda Gushiken\" \/>\n\t<meta name=\"twitter:label2\" content=\"Est. tempo de leitura\" \/>\n\t<meta name=\"twitter:data2\" content=\"2 minutos\" \/>\n<script type=\"application\/ld+json\" class=\"yoast-schema-graph\">{\"@context\":\"https:\/\/schema.org\",\"@graph\":[{\"@type\":\"NewsArticle\",\"@id\":\"https:\/\/www.suno.com.br\/noticias\/china-eua-nova-negociacao\/#article\",\"isPartOf\":{\"@id\":\"https:\/\/www.suno.com.br\/noticias\/china-eua-nova-negociacao\/\"},\"author\":{\"name\":\"Amanda Gushiken\",\"@id\":\"https:\/\/www.suno.com.br\/noticias\/#\/schema\/person\/a5b06fa4e879d8e8e119c6ed3cd630d1\"},\"headline\":\"Nova negocia\u00e7\u00e3o entre China e EUA deve ocorrer no fim do m\u00eas\",\"datePublished\":\"2019-01-18T12:48:32+00:00\",\"dateModified\":\"2019-01-18T15:31:58+00:00\",\"mainEntityOfPage\":{\"@id\":\"https:\/\/www.suno.com.br\/noticias\/china-eua-nova-negociacao\/\"},\"wordCount\":322,\"publisher\":{\"@id\":\"https:\/\/www.suno.com.br\/noticias\/#organization\"},\"image\":{\"@id\":\"https:\/\/www.suno.com.br\/noticias\/china-eua-nova-negociacao\/#primaryimage\"},\"thumbnailUrl\":\"https:\/\/files.sunoresearch.com.br\/n\/uploads\/2019\/01\/3b059b96-eua-e-china-celebram-os-40-anos-das-rela\u00e7\u00f5es-diplom\u00e1ticas-jpg.webp\",\"keywords\":[\"China\",\"Estados Unidos (EUA)\"],\"articleSection\":[\"Internacional\"],\"inLanguage\":\"pt-BR\"},{\"@type\":\"WebPage\",\"@id\":\"https:\/\/www.suno.com.br\/noticias\/china-eua-nova-negociacao\/\",\"url\":\"https:\/\/www.suno.com.br\/noticias\/china-eua-nova-negociacao\/\",\"name\":\"Nova negocia\u00e7\u00e3o entre China e EUA deve ocorrer no fim do m\u00eas\",\"isPartOf\":{\"@id\":\"https:\/\/www.suno.com.br\/noticias\/#website\"},\"primaryImageOfPage\":{\"@id\":\"https:\/\/www.suno.com.br\/noticias\/china-eua-nova-negociacao\/#primaryimage\"},\"image\":{\"@id\":\"https:\/\/www.suno.com.br\/noticias\/china-eua-nova-negociacao\/#primaryimage\"},\"thumbnailUrl\":\"https:\/\/files.sunoresearch.com.br\/n\/uploads\/2019\/01\/3b059b96-eua-e-china-celebram-os-40-anos-das-rela\u00e7\u00f5es-diplom\u00e1ticas-jpg.webp\",\"datePublished\":\"2019-01-18T12:48:32+00:00\",\"dateModified\":\"2019-01-18T15:31:58+00:00\",\"description\":\"O vice-primeiro-ministro da China, Liu He, viajar\u00e1 a Washington em 30 e 31 de janeiro para negocia\u00e7\u00f5es comerciais. Clique para saber mais\",\"breadcrumb\":{\"@id\":\"https:\/\/www.suno.com.br\/noticias\/china-eua-nova-negociacao\/#breadcrumb\"},\"inLanguage\":\"pt-BR\",\"potentialAction\":[{\"@type\":\"ReadAction\",\"target\":[\"https:\/\/www.suno.com.br\/noticias\/china-eua-nova-negociacao\/\"]}]},{\"@type\":\"ImageObject\",\"inLanguage\":\"pt-BR\",\"@id\":\"https:\/\/www.suno.com.br\/noticias\/china-eua-nova-negociacao\/#primaryimage\",\"url\":\"https:\/\/files.sunoresearch.com.br\/n\/uploads\/2019\/01\/3b059b96-eua-e-china-celebram-os-40-anos-das-rela\u00e7\u00f5es-diplom\u00e1ticas-jpg.webp\",\"contentUrl\":\"https:\/\/files.sunoresearch.com.br\/n\/uploads\/2019\/01\/3b059b96-eua-e-china-celebram-os-40-anos-das-rela\u00e7\u00f5es-diplom\u00e1ticas-jpg.webp\",\"width\":699,\"height\":420,\"caption\":\"China e Estados Unidos concordam em retomar negocia\u00e7\u00f5es\"},{\"@type\":\"BreadcrumbList\",\"@id\":\"https:\/\/www.suno.com.br\/noticias\/china-eua-nova-negociacao\/#breadcrumb\",\"itemListElement\":[{\"@type\":\"ListItem\",\"position\":1,\"name\":\"Not\u00edcias\",\"item\":\"https:\/\/www.suno.com.br\/noticias\/\"},{\"@type\":\"ListItem\",\"position\":2,\"name\":\"Internacional\",\"item\":\"https:\/\/www.suno.com.br\/noticias\/internacional\/\"},{\"@type\":\"ListItem\",\"position\":3,\"name\":\"Nova negocia\u00e7\u00e3o entre China e EUA deve ocorrer no fim do m\u00eas\"}]},{\"@type\":\"WebSite\",\"@id\":\"https:\/\/www.suno.com.br\/noticias\/#website\",\"url\":\"https:\/\/www.suno.com.br\/noticias\/\",\"name\":\"Suno Not\u00edcias\",\"description\":\"Seu portal de informa\u00e7\u00e3o sobre o mundo dos investimentos\",\"publisher\":{\"@id\":\"https:\/\/www.suno.com.br\/noticias\/#organization\"},\"potentialAction\":[{\"@type\":\"SearchAction\",\"target\":{\"@type\":\"EntryPoint\",\"urlTemplate\":\"https:\/\/www.suno.com.br\/noticias\/?s={search_term_string}\"},\"query-input\":{\"@type\":\"PropertyValueSpecification\",\"valueRequired\":true,\"valueName\":\"search_term_string\"}}],\"inLanguage\":\"pt-BR\"},{\"@type\":\"Organization\",\"@id\":\"https:\/\/www.suno.com.br\/noticias\/#organization\",\"name\":\"Suno Not\u00edcias\",\"url\":\"https:\/\/www.suno.com.br\/noticias\/\",\"logo\":{\"@type\":\"ImageObject\",\"inLanguage\":\"pt-BR\",\"@id\":\"https:\/\/www.suno.com.br\/noticias\/#\/schema\/logo\/image\/\",\"url\":\"https:\/\/files.sunoresearch.com.br\/n\/uploads\/2021\/09\/suno-logo.png\",\"contentUrl\":\"https:\/\/files.sunoresearch.com.br\/n\/uploads\/2021\/09\/suno-logo.png\",\"width\":180,\"height\":180,\"caption\":\"Suno Not\u00edcias\"},\"image\":{\"@id\":\"https:\/\/www.suno.com.br\/noticias\/#\/schema\/logo\/image\/\"},\"sameAs\":[\"https:\/\/facebook.com\/sunoresearch\",\"https:\/\/x.com\/sunoresearch\",\"https:\/\/www.instagram.com\/suno\",\"https:\/\/www.linkedin.com\/company\/suno-research\/\",\"https:\/\/www.youtube.com\/c\/sunoresearch\"]},{\"@type\":\"Person\",\"@id\":\"https:\/\/www.suno.com.br\/noticias\/#\/schema\/person\/a5b06fa4e879d8e8e119c6ed3cd630d1\",\"name\":\"Amanda Gushiken\",\"image\":{\"@type\":\"ImageObject\",\"inLanguage\":\"pt-BR\",\"@id\":\"https:\/\/www.suno.com.br\/noticias\/#\/schema\/person\/image\/\",\"url\":\"https:\/\/secure.gravatar.com\/avatar\/ecd84705e6b65e3685ae80d725501fbe?s=96&r=g\",\"contentUrl\":\"https:\/\/secure.gravatar.com\/avatar\/ecd84705e6b65e3685ae80d725501fbe?s=96&r=g\",\"caption\":\"Amanda Gushiken\"},\"description\":\"Amanda Sayuri Gushiken escreve sobre finan\u00e7as e neg\u00f3cios para o portal Suno Not\u00edcias. Antes, trabalhou selecionando not\u00edcias da imprensa para clientes do mercado financeiro. Tamb\u00e9m desenvolveu pesquisa acad\u00eamica pela Universidade Anhembi Morumbi na \u00e1rea de Teorias da Comunica\u00e7\u00e3o e \u00e9 fot\u00f3grafa nas horas vagas.\",\"url\":\"https:\/\/www.suno.com.br\/noticias\/author\/amanda\/\"}]}<\/script>\n<!-- \/ Yoast SEO plugin. -->","yoast_head_json":{"title":"Nova negocia\u00e7\u00e3o entre China e EUA deve ocorrer no fim do m\u00eas","description":"O vice-primeiro-ministro da China, Liu He, viajar\u00e1 a Washington em 30 e 31 de janeiro para negocia\u00e7\u00f5es comerciais. Clique para saber mais","robots":{"index":"index","follow":"follow","max-snippet":"max-snippet:-1","max-image-preview":"max-image-preview:large","max-video-preview":"max-video-preview:-1"},"canonical":"https:\/\/www.suno.com.br\/noticias\/china-eua-nova-negociacao\/","og_locale":"pt_BR","og_type":"article","og_title":"Nova negocia\u00e7\u00e3o entre China e EUA deve ocorrer no fim do m\u00eas","og_description":"O vice-primeiro-ministro da China, Liu He, viajar\u00e1 a Washington em 30 e 31 de janeiro para negocia\u00e7\u00f5es comerciais. Clique para saber mais","og_url":"https:\/\/www.suno.com.br\/noticias\/china-eua-nova-negociacao\/","og_site_name":"Suno Not\u00edcias","article_publisher":"https:\/\/facebook.com\/sunoresearch","og_image":[{"width":699,"height":420,"url":"https:\/\/files.sunoresearch.com.br\/n\/uploads\/2019\/01\/3b059b96-eua-e-china-celebram-os-40-anos-das-rela\u00e7\u00f5es-diplom\u00e1ticas.jpg","type":"image\/jpeg"}],"author":"Amanda Gushiken","twitter_card":"summary_large_image","twitter_creator":"@sunoresearch","twitter_site":"@sunoresearch","twitter_misc":{"Escrito por":"Amanda Gushiken","Est. tempo de leitura":"2 minutos"},"schema":{"@context":"https:\/\/schema.org","@graph":[{"@type":"NewsArticle","@id":"https:\/\/www.suno.com.br\/noticias\/china-eua-nova-negociacao\/#article","isPartOf":{"@id":"https:\/\/www.suno.com.br\/noticias\/china-eua-nova-negociacao\/"},"author":{"name":"Amanda Gushiken","@id":"https:\/\/www.suno.com.br\/noticias\/#\/schema\/person\/a5b06fa4e879d8e8e119c6ed3cd630d1"},"headline":"Nova negocia\u00e7\u00e3o entre China e EUA deve ocorrer no fim do m\u00eas","datePublished":"2019-01-18T12:48:32+00:00","dateModified":"2019-01-18T15:31:58+00:00","mainEntityOfPage":{"@id":"https:\/\/www.suno.com.br\/noticias\/china-eua-nova-negociacao\/"},"wordCount":322,"publisher":{"@id":"https:\/\/www.suno.com.br\/noticias\/#organization"},"image":{"@id":"https:\/\/www.suno.com.br\/noticias\/china-eua-nova-negociacao\/#primaryimage"},"thumbnailUrl":"https:\/\/files.sunoresearch.com.br\/n\/uploads\/2019\/01\/3b059b96-eua-e-china-celebram-os-40-anos-das-rela\u00e7\u00f5es-diplom\u00e1ticas-jpg.webp","keywords":["China","Estados Unidos (EUA)"],"articleSection":["Internacional"],"inLanguage":"pt-BR"},{"@type":"WebPage","@id":"https:\/\/www.suno.com.br\/noticias\/china-eua-nova-negociacao\/","url":"https:\/\/www.suno.com.br\/noticias\/china-eua-nova-negociacao\/","name":"Nova negocia\u00e7\u00e3o entre China e EUA deve ocorrer no fim do m\u00eas","isPartOf":{"@id":"https:\/\/www.suno.com.br\/noticias\/#website"},"primaryImageOfPage":{"@id":"https:\/\/www.suno.com.br\/noticias\/china-eua-nova-negociacao\/#primaryimage"},"image":{"@id":"https:\/\/www.suno.com.br\/noticias\/china-eua-nova-negociacao\/#primaryimage"},"thumbnailUrl":"https:\/\/files.sunoresearch.com.br\/n\/uploads\/2019\/01\/3b059b96-eua-e-china-celebram-os-40-anos-das-rela\u00e7\u00f5es-diplom\u00e1ticas-jpg.webp","datePublished":"2019-01-18T12:48:32+00:00","dateModified":"2019-01-18T15:31:58+00:00","description":"O vice-primeiro-ministro da China, Liu He, viajar\u00e1 a Washington em 30 e 31 de janeiro para negocia\u00e7\u00f5es comerciais. Clique para saber mais","breadcrumb":{"@id":"https:\/\/www.suno.com.br\/noticias\/china-eua-nova-negociacao\/#breadcrumb"},"inLanguage":"pt-BR","potentialAction":[{"@type":"ReadAction","target":["https:\/\/www.suno.com.br\/noticias\/china-eua-nova-negociacao\/"]}]},{"@type":"ImageObject","inLanguage":"pt-BR","@id":"https:\/\/www.suno.com.br\/noticias\/china-eua-nova-negociacao\/#primaryimage","url":"https:\/\/files.sunoresearch.com.br\/n\/uploads\/2019\/01\/3b059b96-eua-e-china-celebram-os-40-anos-das-rela\u00e7\u00f5es-diplom\u00e1ticas-jpg.webp","contentUrl":"https:\/\/files.sunoresearch.com.br\/n\/uploads\/2019\/01\/3b059b96-eua-e-china-celebram-os-40-anos-das-rela\u00e7\u00f5es-diplom\u00e1ticas-jpg.webp","width":699,"height":420,"caption":"China e Estados Unidos concordam em retomar negocia\u00e7\u00f5es"},{"@type":"BreadcrumbList","@id":"https:\/\/www.suno.com.br\/noticias\/china-eua-nova-negociacao\/#breadcrumb","itemListElement":[{"@type":"ListItem","position":1,"name":"Not\u00edcias","item":"https:\/\/www.suno.com.br\/noticias\/"},{"@type":"ListItem","position":2,"name":"Internacional","item":"https:\/\/www.suno.com.br\/noticias\/internacional\/"},{"@type":"ListItem","position":3,"name":"Nova negocia\u00e7\u00e3o entre China e EUA deve ocorrer no fim do m\u00eas"}]},{"@type":"WebSite","@id":"https:\/\/www.suno.com.br\/noticias\/#website","url":"https:\/\/www.suno.com.br\/noticias\/","name":"Suno Not\u00edcias","description":"Seu portal de informa\u00e7\u00e3o sobre o mundo dos investimentos","publisher":{"@id":"https:\/\/www.suno.com.br\/noticias\/#organization"},"potentialAction":[{"@type":"SearchAction","target":{"@type":"EntryPoint","urlTemplate":"https:\/\/www.suno.com.br\/noticias\/?s={search_term_string}"},"query-input":{"@type":"PropertyValueSpecification","valueRequired":true,"valueName":"search_term_string"}}],"inLanguage":"pt-BR"},{"@type":"Organization","@id":"https:\/\/www.suno.com.br\/noticias\/#organization","name":"Suno Not\u00edcias","url":"https:\/\/www.suno.com.br\/noticias\/","logo":{"@type":"ImageObject","inLanguage":"pt-BR","@id":"https:\/\/www.suno.com.br\/noticias\/#\/schema\/logo\/image\/","url":"https:\/\/files.sunoresearch.com.br\/n\/uploads\/2021\/09\/suno-logo.png","contentUrl":"https:\/\/files.sunoresearch.com.br\/n\/uploads\/2021\/09\/suno-logo.png","width":180,"height":180,"caption":"Suno Not\u00edcias"},"image":{"@id":"https:\/\/www.suno.com.br\/noticias\/#\/schema\/logo\/image\/"},"sameAs":["https:\/\/facebook.com\/sunoresearch","https:\/\/x.com\/sunoresearch","https:\/\/www.instagram.com\/suno","https:\/\/www.linkedin.com\/company\/suno-research\/","https:\/\/www.youtube.com\/c\/sunoresearch"]},{"@type":"Person","@id":"https:\/\/www.suno.com.br\/noticias\/#\/schema\/person\/a5b06fa4e879d8e8e119c6ed3cd630d1","name":"Amanda Gushiken","image":{"@type":"ImageObject","inLanguage":"pt-BR","@id":"https:\/\/www.suno.com.br\/noticias\/#\/schema\/person\/image\/","url":"https:\/\/secure.gravatar.com\/avatar\/ecd84705e6b65e3685ae80d725501fbe?s=96&r=g","contentUrl":"https:\/\/secure.gravatar.com\/avatar\/ecd84705e6b65e3685ae80d725501fbe?s=96&r=g","caption":"Amanda Gushiken"},"description":"Amanda Sayuri Gushiken escreve sobre finan\u00e7as e neg\u00f3cios para o portal Suno Not\u00edcias. Antes, trabalhou selecionando not\u00edcias da imprensa para clientes do mercado financeiro. Tamb\u00e9m desenvolveu pesquisa acad\u00eamica pela Universidade Anhembi Morumbi na \u00e1rea de Teorias da Comunica\u00e7\u00e3o e \u00e9 fot\u00f3grafa nas horas vagas.","url":"https:\/\/www.suno.com.br\/noticias\/author\/amanda\/"}]}},"default_loop_html":"<div class=\"cardsPage__listCard__boxs\"><div class=\"cardsPage__listCard__boxs__img\"><a href=\"https:\/\/www.suno.com.br\/noticias\/china-eua-nova-negociacao\/\"><img class=\"mask\" src=\"https:\/\/www.suno.com.br\/noticias\/wp-content\/themes\/suno\/resources\/images\/spotlight\/spotlight1img\/bg-mask.png\" alt=\"Image Mask\"\/><img src=\"https:\/\/files.sunoresearch.com.br\/n\/uploads\/2019\/01\/3b059b96-eua-e-china-celebram-os-40-anos-das-rela\u00e7\u00f5es-diplom\u00e1ticas-400x200.webp\" alt=\"Nova negocia\u00e7\u00e3o entre China e EUA deve ocorrer no fim do m\u00eas\"\/><\/a><span class=\"spotlightCategory\"><a href=\"https:\/\/www.suno.com.br\/noticias\/internacional\/\">Internacional<\/a><\/span><\/div><div class=\"cardsPage__listCard__boxs__content\"><a href=\"https:\/\/www.suno.com.br\/noticias\/china-eua-nova-negociacao\/\"><h2 class=\"content__title\">Nova negocia\u00e7\u00e3o entre China e EUA deve ocorrer no fim do m\u00eas<\/h2><\/a><div class=\"newsContent__article__meta\"><div class=\"newsContent__article__meta__authorBox\"><a href=\"https:\/\/www.suno.com.br\/noticias\/author\/amanda\/\" class=\"authorBox__avatar noMobi\"><img src=\"https:\/\/files.sunoresearch.com.br\/n\/uploads\/2018\/11\/c6ad30be-amanda-150x150.webp\" alt=\"Amanda Gushiken\"><\/a><div class=\"authorBox__name\"><span>por\n\t\t\t<a href=\"https:\/\/www.suno.com.br\/noticias\/author\/amanda\/\"><span itemprop=\"author\">Amanda Gushiken<\/span><\/a><\/span><time datetime=\"2019-01-18T10:48:32-02:00\" itemprop=\"datePublished\">18\/01\/2019 10:48<\/time><\/div><\/div><\/div><\/div><\/div>","single_layout":"posts","amp_enabled":true,"_links":{"self":[{"href":"https:\/\/www.suno.com.br\/noticias\/wp-json\/wp\/v2\/posts\/12203"}],"collection":[{"href":"https:\/\/www.suno.com.br\/noticias\/wp-json\/wp\/v2\/posts"}],"about":[{"href":"https:\/\/www.suno.com.br\/noticias\/wp-json\/wp\/v2\/types\/post"}],"author":[{"embeddable":true,"href":"https:\/\/www.suno.com.br\/noticias\/wp-json\/wp\/v2\/users\/12"}],"replies":[{"embeddable":true,"href":"https:\/\/www.suno.com.br\/noticias\/wp-json\/wp\/v2\/comments?post=12203"}],"version-history":[{"count":0,"href":"https:\/\/www.suno.com.br\/noticias\/wp-json\/wp\/v2\/posts\/12203\/revisions"}],"wp:featuredmedia":[{"embeddable":true,"href":"https:\/\/www.suno.com.br\/noticias\/wp-json\/wp\/v2\/media\/10067"}],"wp:attachment":[{"href":"https:\/\/www.suno.com.br\/noticias\/wp-json\/wp\/v2\/media?parent=12203"}],"wp:term":[{"taxonomy":"category","embeddable":true,"href":"https:\/\/www.suno.com.br\/noticias\/wp-json\/wp\/v2\/categories?post=12203"},{"taxonomy":"post_tag","embeddable":true,"href":"https:\/\/www.suno.com.br\/noticias\/wp-json\/wp\/v2\/tags?post=12203"},{"taxonomy":"suno_strategy","embeddable":true,"href":"https:\/\/www.suno.com.br\/noticias\/wp-json\/wp\/v2\/suno_strategy?post=12203"}],"curies":[{"name":"wp","href":"https:\/\/api.w.org\/{rel}","templated":true}]}}