{"id":121842,"date":"2021-02-17T16:51:23","date_gmt":"2021-02-17T19:51:23","guid":{"rendered":"https:\/\/www.suno.com.br\/noticias\/?p=121842"},"modified":"2021-02-18T11:37:46","modified_gmt":"2021-02-18T14:37:46","slug":"prisao-daniel-silveira-agenda-economica","status":"publish","type":"post","link":"https:\/\/www.suno.com.br\/noticias\/prisao-daniel-silveira-agenda-economica\/","title":{"rendered":"Pris\u00e3o de Daniel Silveira pode balan\u00e7ar agenda econ\u00f4mica"},"content":{"rendered":"<p>O deputado <strong>Daniel Silveira<\/strong> (PSL-RJ) foi preso na noite da \u00faltima ter\u00e7a-feira (16) ap\u00f3s divulgar um v\u00eddeo com ofensas aos ministro do Supremo Tribunal Federal (STF). A pris\u00e3o, ordenada pelo ministro Alexandre de Moraes, movimentou a C\u00e2mara dos Deputados e pode atrapalhar a <a href=\"https:\/\/www.suno.com.br\/artigos\/indicadores-macroeconomicos\/\">agenda econ\u00f4mica<\/a> do Pa\u00eds.<\/p>\t<div class=\"wrapper-featured-image\">\n\t\t<figure class=\"spotlightImg\">\n\n\t\t\t<picture>\n\t\t\t\t<source media=\"(max-width: 768px)\" srcset=\"https:\/\/files.sunoresearch.com.br\/n\/uploads\/2021\/02\/25257fbd-camara-deputados-suspensao-sigilo-documentos-2019-1100.jpg-400x200.webp\">\n\t\t\t\t<img loading=\"lazy\" decoding=\"async\" class=\"newsContent__article__imgCapa lazyloadDisabled \" src=\"https:\/\/files.sunoresearch.com.br\/n\/uploads\/2021\/02\/25257fbd-camara-deputados-suspensao-sigilo-documentos-2019-1100.jpg-800x450.webp\" width=\"800\" height=\"450\" alt=\"Pris\u00e3o de Daniel Silveira pode balan\u00e7ar agenda econ\u00f4mica\" fetchpriority=high \/>\n\t\t\t<\/picture>\n\n\t\t\t<figcaption class=\"wp-caption-text wp-caption-text--show\">Como o texto sobre o or\u00e7amento secreto \u00e9 uma resolu\u00e7\u00e3o do Congresso Nacional, o texto precisa ser aprovado pelas duas Casas em sess\u00e3o conjunta<\/figcaption>\n\t\t<\/figure>\n\t<\/div>\n\n\n\t<p>\n\t\t<a href=\"https:\/\/lp.suno.com.br\/planilha-controle-gastos\/\" target=\"_blank\" data-element=\"shortcode-suno-banner\" title=\"Banner SUNO, clique e saiba mais\">\n\t\t\t<picture>\n\t\t\t\t<source media=\"(max-width: 500px)\" srcset=\"https:\/\/files.sunoresearch.com.br\/n\/uploads\/2023\/03\/400x300-Planilha-controle-de-gastos.png\">\n\t\t\t\t<img class=\"newsContent__article__imgCapa newsContent__article__imgCapa--banner\"\n\t\t\t\t\tsrc=\"https:\/\/files.sunoresearch.com.br\/n\/uploads\/2023\/03\/1420x240-Planilha-controle-de-gastos.png\"\n\t\t\t\t\tdata-promo-id=\"101751\"\t\t\t\t\t\t\t\t\t\twidth='1420' height='240'\t\t\t\t\talt=\"https:\/\/files.sunoresearch.com.br\/n\/uploads\/2023\/03\/1420x240-Planilha-controle-de-gastos.png\"\n\t\t\t\t>\n\t\t\t<\/picture>\n\t\t<\/a>\n\t<\/p>\n\n\n<p>A crise instaurada pelo <strong>Poder Legislativo<\/strong> e o <strong>Judici\u00e1rio<\/strong> ocorre em um momento em que os congressistas avaliam renovar o aux\u00edlio emergencial. As discuss\u00f5es, nesta quarta-feira (17), foram paralisadas para discutir o futuro de Daniel Silveira, deputado bolsonarista.<\/p>\n<p>Em fala \u00e0 coluna <strong>Radar Econ\u00f4mico<\/strong>, da revista <em>Veja<\/em>, um importante membro da equipe econ\u00f4mica do presidente <strong>Jair Bolsonaro<\/strong> disse que &#8220;parece at\u00e9 sabotagem&#8221;. Segundo o colunista Machado da Costa, o entendimento dos parlamentares \u00e9 que a pris\u00e3o ocorreu na pior hora poss\u00edvel, e que pode representar uma tentativa de minar a continuidade do governo de Bolsonaro.<\/p>\n<div>\n<div id=\"60141a969004bb2e956386a8\" class=\"op-interactive\" data-title=\"Quiz dos Investimentos\" data-url=\"https:\/\/sunoresearch289.outgrow.us\/60141a969004bb2e956386a8?vHeight=1\" data-width=\"100%\"><\/div>\n<p><script src='\/\/dyv6f9ner1ir9.cloudfront.net\/assets\/js\/nloader.js'><\/script><script>initIframe('60141a969004bb2e956386a8');<\/script><\/p>\n<\/div>\n<p>E equipe econ\u00f4mica, no entanto, procura manter sua agenda intacta, mesmo em meio ao momento de tens\u00e3o em <strong>Bras\u00edlia<\/strong>. Nesta tarde, o ministro <a href=\"https:\/\/www.suno.com.br\/tudo-sobre\/paulo-guedes\/\"><strong>Paulo Guedes<\/strong><\/a> se encontrou com o senador Marcio Bittar (MDB-AC), relator da PEC do Pacto Federativo e respons\u00e1vel por incluir a cl\u00e1usula de calamidade, que restabelecer\u00e1 o aux\u00edlio emergencial.<\/p>\n<p>Segundo a coluna, Guedes recebeu com &#8220;produnda tristeza&#8221; a not\u00edcia da pris\u00e3o de Silveira, e que isso pode atrapalhar, novamente, a retomada da economia do Pa\u00eds.<\/p>\n\t<p>\n\t\t<a href=\"https:\/\/lp.suno.com.br\/planilha-da-vida-financeira\/\" target=\"_blank\" data-element=\"shortcode-suno-banner\" title=\"Banner SUNO, clique e saiba mais\">\n\t\t\t<picture>\n\t\t\t\t<source media=\"(max-width: 500px)\" srcset=\"https:\/\/files.sunoresearch.com.br\/n\/uploads\/2023\/04\/400x300-Planilha-vida-financeira-true.png\">\n\t\t\t\t<img class=\"newsContent__article__imgCapa newsContent__article__imgCapa--banner\"\n\t\t\t\t\tsrc=\"https:\/\/files.sunoresearch.com.br\/n\/uploads\/2023\/04\/1420x240-Planilha-vida-financeira-true.png\"\n\t\t\t\t\tdata-promo-id=\"106682\"\t\t\t\t\t\t\t\t\t\twidth='1420' height='240'\t\t\t\t\talt=\"https:\/\/files.sunoresearch.com.br\/n\/uploads\/2023\/04\/1420x240-Planilha-vida-financeira-true.png\"\n\t\t\t\t>\n\t\t\t<\/picture>\n\t\t<\/a>\n\t<\/p>\n\n\n<h2>Aux\u00edlio emergencial n\u00e3o deve ser afetado<\/h2>\n<p>Para <strong>Conrado Gamalh\u00e3es<\/strong>, especialista em <a href=\"https:\/\/www.suno.com.br\/artigos\/corretora-de-valores\/\">pol\u00edtica da corretora<\/a> Guide, consultado pelo <strong>SUNO Not\u00edcias<\/strong>, as discuss\u00f5es sobre o aux\u00edlio emergencial n\u00e3o devem ser impactados pelo novo assunto que corre os corredores do Congresso.<\/p>\n<p>Para ele, Arthur Lira, do Senado, e Rodrigo Pacheco, da C\u00e2mara, assumir a lideran\u00e7a das Casas com a prioridade de acertar a quest\u00e3o do coronavoucher e ressucitar essa pol\u00edtica assistencialista e fomento \u00e0 economia em meio \u00e0 pandemia do <a href=\"https:\/\/www.suno.com.br\/noticias\/search\/coronav%C3%ADrus\">novo <strong>coronav\u00edrus<\/strong> (Covid-19)<\/a>.<\/p>\n<p>Quanto \u00e0s reformas, o especialista disse que elas, por si s\u00f3, ainda carecem de um consenso entre os parlamentares, ent\u00e3o n\u00e3o \u00e9 a &#8220;chegada de um novo item em car\u00e1ter emergencial, que acaba furando a fila, que ir\u00e1 atrasar ainda mais as reformas&#8221;.<\/p>\n<p>Al\u00e9m disso, tamb\u00e9m deve ser mantido sob radar a manifesta\u00e7\u00e3o, ou n\u00e3o, de Bolsonaro sobre o caso. At\u00e9 o momento, o mandat\u00e1rio n\u00e3o tomou posi\u00e7\u00e3o sobre a pris\u00e3o de Silveira. Caso &#8220;entre na briga&#8221;, ser\u00e1 um teste para a estabilidade alcan\u00e7ada ap\u00f3s os apoiados Lira e Pacheco assumirem a presid\u00eancia das Casas Legislativas.<\/p>\n<h2>STF mant\u00e9m pris\u00e3o de Daniel Silveira<\/h2>\n<p>O STF decidiu por unanimidade, nesta tarde, manter a pris\u00e3o de Silveira. A pris\u00e3o foi feita em flagrante e \u00e9 inafian\u00e7\u00e1vel.<\/p>\n<p>A pris\u00e3o foi decretada ontem \u00e0 noite, ap\u00f3s Silveira divulgar um v\u00eddeo onde faz ofensas aos ministros do Supremo. Silveira, em determinado momento, diz que o STF \u00e9 o <strong>arcabou\u00e7o do crime<\/strong>, logo antes de fazer uma <strong>apologia ao AI-5<\/strong>, instrumento de repress\u00e3o da ditadura militar.<\/p>\n\t<div data-element=\"shortcode-read-more\" class=\"knowMore\">\n\t\t\t\t<span class=\"knowMore__title\">Saiba mais<\/span>\n\t\t\t\t<a class=\"knowMore__link\" href=\"https:\/\/www.suno.com.br\/noticias\/auxilio-emergencial-voltar-marco-4-meses-bolsonaro\/\">\n\t\t\tAux\u00edlio emergencial deve voltar em mar\u00e7o, por at\u00e9 4 meses, diz Bolsonaro\t\t<\/a>\n\t<\/div>\n\n\n<p>O v\u00eddeo de Silveira veio \u00e0 p\u00fablico em resposta a fala do ministro Edson Fachin, na \u00faltima segunda-feira (15). Fachin, ao comentar postagens do ex-comandante do Ex\u00e9rcito general Eduardo Villas B\u00f4as, disse que qualquer press\u00e3o fora da normalidade jur\u00eddica sobre o poder Judici\u00e1rio \u00e9 &#8220;intoler\u00e1vel&#8221; e &#8220;inaceit\u00e1vel&#8221;.<\/p>\n<p>Segundo o ministro <strong>Alexandre de Moraes<\/strong>, \u201catentar contra as institui\u00e7\u00f5es, contra o STF, contra o Poder Judici\u00e1rio, contra a democracia, contra o estado de direito n\u00e3o configura exerc\u00edcio da fun\u00e7\u00e3o parlamentar a invocar a imunidade constitucional\u201d.<\/p>\n<p>\u201cAs manifesta\u00e7\u00f5es de<strong> Daniel Silveira<\/strong> relevam-se grav\u00edssimas, n\u00e3o somente do ponto de vista pessoal, mas principalmente do ponto de vista institucional e do estado democr\u00e1tico de direito\u201d, afirmou o ministro \u00e0 <em>TV Justi\u00e7a<\/em>.<\/p>\n\t<p>\n\t\t<a href=\"https:\/\/lp.suno.com.br\/planilha-de-controle-de-investimentos\/\" target=\"_blank\" data-element=\"shortcode-suno-banner\" title=\"Banner SUNO, clique e saiba mais\">\n\t\t\t<picture>\n\t\t\t\t<source media=\"(max-width: 500px)\" srcset=\"https:\/\/files.sunoresearch.com.br\/n\/uploads\/2023\/03\/400x300-Controle-de-Investimentos.png\">\n\t\t\t\t<img class=\"newsContent__article__imgCapa newsContent__article__imgCapa--banner\"\n\t\t\t\t\tsrc=\"https:\/\/files.sunoresearch.com.br\/n\/uploads\/2023\/03\/1420x240-Controle-de-Investimentos.png\"\n\t\t\t\t\tdata-promo-id=\"75934\"\t\t\t\t\t\t\t\t\t\twidth='1420' height='240'\t\t\t\t\talt=\"https:\/\/files.sunoresearch.com.br\/n\/uploads\/2023\/03\/1420x240-Controle-de-Investimentos.png\"\n\t\t\t\t>\n\t\t\t<\/picture>\n\t\t<\/a>\n\t<\/p>\n\n\n","protected":false},"excerpt":{"rendered":"<p>O deputado Daniel Silveira (PSL-RJ) foi preso na noite da \u00faltima ter\u00e7a-feira (16) ap\u00f3s divulgar um v\u00eddeo com ofensas aos ministro do Supremo Tribunal Federal (STF). A pris\u00e3o, ordenada pelo ministro Alexandre de Moraes, movimentou a C\u00e2mara dos Deputados e pode atrapalhar a agenda econ\u00f4mica do Pa\u00eds. Como o texto sobre o or\u00e7amento secreto \u00e9 [&hellip;]<\/p>\n","protected":false},"author":24,"featured_media":121851,"comment_status":"closed","ping_status":"closed","sticky":false,"template":"","format":"standard","meta":[],"categories":[61],"tags":[17139,938,740,105816,719],"suno_strategy":[],"class_list":["post-121842","post","type-post","status-publish","format-standard","has-post-thumbnail","hentry","category-politica","tag-auxilio-emergencial","tag-camara-dos-deputados","tag-economia","tag-especialistas","tag-jair-bolsonaro"],"yoast_head":"<!-- This site is optimized with the Yoast SEO plugin v24.4 - https:\/\/yoast.com\/wordpress\/plugins\/seo\/ -->\n<title>Pris\u00e3o de Daniel Silveira pode balan\u00e7ar agenda econ\u00f4mica<\/title>\n<meta name=\"description\" content=\"O deputado Daniel Silveira (PSL-RJ) foi preso na noite da \u00faltima ter\u00e7a-feira (16) ap\u00f3s divulgar um v\u00eddeo com ofensas ao STF. Saiba mais.\" \/>\n<meta name=\"robots\" content=\"index, follow, max-snippet:-1, max-image-preview:large, max-video-preview:-1\" \/>\n<link rel=\"canonical\" href=\"https:\/\/www.suno.com.br\/noticias\/prisao-daniel-silveira-agenda-economica\/\" \/>\n<meta property=\"og:locale\" content=\"pt_BR\" \/>\n<meta property=\"og:type\" content=\"article\" \/>\n<meta property=\"og:title\" content=\"Pris\u00e3o de Daniel Silveira pode balan\u00e7ar agenda econ\u00f4mica\" \/>\n<meta property=\"og:description\" content=\"O deputado Daniel Silveira (PSL-RJ) foi preso na noite da \u00faltima ter\u00e7a-feira (16) ap\u00f3s divulgar um v\u00eddeo com ofensas ao STF. Saiba mais.\" \/>\n<meta property=\"og:url\" content=\"https:\/\/www.suno.com.br\/noticias\/prisao-daniel-silveira-agenda-economica\/\" \/>\n<meta property=\"og:site_name\" content=\"Suno Not\u00edcias\" \/>\n<meta property=\"article:publisher\" content=\"https:\/\/facebook.com\/sunoresearch\" \/>\n<meta property=\"og:image\" content=\"https:\/\/files.sunoresearch.com.br\/n\/uploads\/2021\/02\/25257fbd-camara-deputados-suspensao-sigilo-documentos-2019-1100.jpg-1024x683.jpg\" \/>\n\t<meta property=\"og:image:width\" content=\"1024\" \/>\n\t<meta property=\"og:image:height\" content=\"683\" \/>\n\t<meta property=\"og:image:type\" content=\"image\/jpeg\" \/>\n<meta name=\"author\" content=\"Jader Lazarini\" \/>\n<meta name=\"twitter:card\" content=\"summary_large_image\" \/>\n<meta name=\"twitter:creator\" content=\"@sunoresearch\" \/>\n<meta name=\"twitter:site\" content=\"@sunoresearch\" \/>\n<meta name=\"twitter:label1\" content=\"Escrito por\" \/>\n\t<meta name=\"twitter:data1\" content=\"Jader Lazarini\" \/>\n\t<meta name=\"twitter:label2\" content=\"Est. tempo de leitura\" \/>\n\t<meta name=\"twitter:data2\" content=\"3 minutos\" \/>\n<script type=\"application\/ld+json\" class=\"yoast-schema-graph\">{\"@context\":\"https:\/\/schema.org\",\"@graph\":[{\"@type\":\"NewsArticle\",\"@id\":\"https:\/\/www.suno.com.br\/noticias\/prisao-daniel-silveira-agenda-economica\/#article\",\"isPartOf\":{\"@id\":\"https:\/\/www.suno.com.br\/noticias\/prisao-daniel-silveira-agenda-economica\/\"},\"author\":{\"name\":\"Jader Lazarini\",\"@id\":\"https:\/\/www.suno.com.br\/noticias\/#\/schema\/person\/918d79de1f0281f01599b93f9ea6e23f\"},\"headline\":\"Pris\u00e3o de Daniel Silveira pode balan\u00e7ar agenda econ\u00f4mica\",\"datePublished\":\"2021-02-17T19:51:23+00:00\",\"dateModified\":\"2021-02-18T14:37:46+00:00\",\"mainEntityOfPage\":{\"@id\":\"https:\/\/www.suno.com.br\/noticias\/prisao-daniel-silveira-agenda-economica\/\"},\"wordCount\":677,\"publisher\":{\"@id\":\"https:\/\/www.suno.com.br\/noticias\/#organization\"},\"image\":{\"@id\":\"https:\/\/www.suno.com.br\/noticias\/prisao-daniel-silveira-agenda-economica\/#primaryimage\"},\"thumbnailUrl\":\"https:\/\/files.sunoresearch.com.br\/n\/uploads\/2021\/02\/25257fbd-camara-deputados-suspensao-sigilo-documentos-2019-1100.jpg-jpg.webp\",\"keywords\":[\"aux\u00edlio emergencial\",\"C\u00e2mara dos Deputados\",\"Economia\",\"Especialistas\",\"Jair Bolsonaro\"],\"articleSection\":[\"Pol\u00edtica\"],\"inLanguage\":\"pt-BR\"},{\"@type\":\"WebPage\",\"@id\":\"https:\/\/www.suno.com.br\/noticias\/prisao-daniel-silveira-agenda-economica\/\",\"url\":\"https:\/\/www.suno.com.br\/noticias\/prisao-daniel-silveira-agenda-economica\/\",\"name\":\"Pris\u00e3o de Daniel Silveira pode balan\u00e7ar agenda econ\u00f4mica\",\"isPartOf\":{\"@id\":\"https:\/\/www.suno.com.br\/noticias\/#website\"},\"primaryImageOfPage\":{\"@id\":\"https:\/\/www.suno.com.br\/noticias\/prisao-daniel-silveira-agenda-economica\/#primaryimage\"},\"image\":{\"@id\":\"https:\/\/www.suno.com.br\/noticias\/prisao-daniel-silveira-agenda-economica\/#primaryimage\"},\"thumbnailUrl\":\"https:\/\/files.sunoresearch.com.br\/n\/uploads\/2021\/02\/25257fbd-camara-deputados-suspensao-sigilo-documentos-2019-1100.jpg-jpg.webp\",\"datePublished\":\"2021-02-17T19:51:23+00:00\",\"dateModified\":\"2021-02-18T14:37:46+00:00\",\"description\":\"O deputado Daniel Silveira (PSL-RJ) foi preso na noite da \u00faltima ter\u00e7a-feira (16) ap\u00f3s divulgar um v\u00eddeo com ofensas ao STF. Saiba mais.\",\"breadcrumb\":{\"@id\":\"https:\/\/www.suno.com.br\/noticias\/prisao-daniel-silveira-agenda-economica\/#breadcrumb\"},\"inLanguage\":\"pt-BR\",\"potentialAction\":[{\"@type\":\"ReadAction\",\"target\":[\"https:\/\/www.suno.com.br\/noticias\/prisao-daniel-silveira-agenda-economica\/\"]}]},{\"@type\":\"ImageObject\",\"inLanguage\":\"pt-BR\",\"@id\":\"https:\/\/www.suno.com.br\/noticias\/prisao-daniel-silveira-agenda-economica\/#primaryimage\",\"url\":\"https:\/\/files.sunoresearch.com.br\/n\/uploads\/2021\/02\/25257fbd-camara-deputados-suspensao-sigilo-documentos-2019-1100.jpg-jpg.webp\",\"contentUrl\":\"https:\/\/files.sunoresearch.com.br\/n\/uploads\/2021\/02\/25257fbd-camara-deputados-suspensao-sigilo-documentos-2019-1100.jpg-jpg.webp\",\"width\":1500,\"height\":1000,\"caption\":\"Como o texto sobre o or\u00e7amento secreto \u00e9 uma resolu\u00e7\u00e3o do Congresso Nacional, o texto precisa ser aprovado pelas duas Casas em sess\u00e3o conjunta\"},{\"@type\":\"BreadcrumbList\",\"@id\":\"https:\/\/www.suno.com.br\/noticias\/prisao-daniel-silveira-agenda-economica\/#breadcrumb\",\"itemListElement\":[{\"@type\":\"ListItem\",\"position\":1,\"name\":\"Not\u00edcias\",\"item\":\"https:\/\/www.suno.com.br\/noticias\/\"},{\"@type\":\"ListItem\",\"position\":2,\"name\":\"Pol\u00edtica\",\"item\":\"https:\/\/www.suno.com.br\/noticias\/politica\/\"},{\"@type\":\"ListItem\",\"position\":3,\"name\":\"Pris\u00e3o de Daniel Silveira pode balan\u00e7ar agenda econ\u00f4mica\"}]},{\"@type\":\"WebSite\",\"@id\":\"https:\/\/www.suno.com.br\/noticias\/#website\",\"url\":\"https:\/\/www.suno.com.br\/noticias\/\",\"name\":\"Suno Not\u00edcias\",\"description\":\"Seu portal de informa\u00e7\u00e3o sobre o mundo dos investimentos\",\"publisher\":{\"@id\":\"https:\/\/www.suno.com.br\/noticias\/#organization\"},\"potentialAction\":[{\"@type\":\"SearchAction\",\"target\":{\"@type\":\"EntryPoint\",\"urlTemplate\":\"https:\/\/www.suno.com.br\/noticias\/?s={search_term_string}\"},\"query-input\":{\"@type\":\"PropertyValueSpecification\",\"valueRequired\":true,\"valueName\":\"search_term_string\"}}],\"inLanguage\":\"pt-BR\"},{\"@type\":\"Organization\",\"@id\":\"https:\/\/www.suno.com.br\/noticias\/#organization\",\"name\":\"Suno Not\u00edcias\",\"url\":\"https:\/\/www.suno.com.br\/noticias\/\",\"logo\":{\"@type\":\"ImageObject\",\"inLanguage\":\"pt-BR\",\"@id\":\"https:\/\/www.suno.com.br\/noticias\/#\/schema\/logo\/image\/\",\"url\":\"https:\/\/files.sunoresearch.com.br\/n\/uploads\/2021\/09\/suno-logo.png\",\"contentUrl\":\"https:\/\/files.sunoresearch.com.br\/n\/uploads\/2021\/09\/suno-logo.png\",\"width\":180,\"height\":180,\"caption\":\"Suno Not\u00edcias\"},\"image\":{\"@id\":\"https:\/\/www.suno.com.br\/noticias\/#\/schema\/logo\/image\/\"},\"sameAs\":[\"https:\/\/facebook.com\/sunoresearch\",\"https:\/\/x.com\/sunoresearch\",\"https:\/\/www.instagram.com\/suno\",\"https:\/\/www.linkedin.com\/company\/suno-research\/\",\"https:\/\/www.youtube.com\/c\/sunoresearch\"]},{\"@type\":\"Person\",\"@id\":\"https:\/\/www.suno.com.br\/noticias\/#\/schema\/person\/918d79de1f0281f01599b93f9ea6e23f\",\"name\":\"Jader Lazarini\",\"image\":{\"@type\":\"ImageObject\",\"inLanguage\":\"pt-BR\",\"@id\":\"https:\/\/www.suno.com.br\/noticias\/#\/schema\/person\/image\/\",\"url\":\"https:\/\/secure.gravatar.com\/avatar\/3c1ad8caa51589841baeb923fcddea97?s=96&r=g\",\"contentUrl\":\"https:\/\/secure.gravatar.com\/avatar\/3c1ad8caa51589841baeb923fcddea97?s=96&r=g\",\"caption\":\"Jader Lazarini\"},\"description\":\"Jader Lazarini escreve sobre investimentos, finan\u00e7as, economia e neg\u00f3cios. \u00c9 bacharel em Rela\u00e7\u00f5es Internacionais e analista CNPI (2619).\",\"url\":\"https:\/\/www.suno.com.br\/noticias\/author\/jader-lazarini\/\"}]}<\/script>\n<!-- \/ Yoast SEO plugin. -->","yoast_head_json":{"title":"Pris\u00e3o de Daniel Silveira pode balan\u00e7ar agenda econ\u00f4mica","description":"O deputado Daniel Silveira (PSL-RJ) foi preso na noite da \u00faltima ter\u00e7a-feira (16) ap\u00f3s divulgar um v\u00eddeo com ofensas ao STF. Saiba mais.","robots":{"index":"index","follow":"follow","max-snippet":"max-snippet:-1","max-image-preview":"max-image-preview:large","max-video-preview":"max-video-preview:-1"},"canonical":"https:\/\/www.suno.com.br\/noticias\/prisao-daniel-silveira-agenda-economica\/","og_locale":"pt_BR","og_type":"article","og_title":"Pris\u00e3o de Daniel Silveira pode balan\u00e7ar agenda econ\u00f4mica","og_description":"O deputado Daniel Silveira (PSL-RJ) foi preso na noite da \u00faltima ter\u00e7a-feira (16) ap\u00f3s divulgar um v\u00eddeo com ofensas ao STF. Saiba mais.","og_url":"https:\/\/www.suno.com.br\/noticias\/prisao-daniel-silveira-agenda-economica\/","og_site_name":"Suno Not\u00edcias","article_publisher":"https:\/\/facebook.com\/sunoresearch","og_image":[{"width":1024,"height":683,"url":"https:\/\/files.sunoresearch.com.br\/n\/uploads\/2021\/02\/25257fbd-camara-deputados-suspensao-sigilo-documentos-2019-1100.jpg-1024x683.jpg","type":"image\/jpeg"}],"author":"Jader Lazarini","twitter_card":"summary_large_image","twitter_creator":"@sunoresearch","twitter_site":"@sunoresearch","twitter_misc":{"Escrito por":"Jader Lazarini","Est. tempo de leitura":"3 minutos"},"schema":{"@context":"https:\/\/schema.org","@graph":[{"@type":"NewsArticle","@id":"https:\/\/www.suno.com.br\/noticias\/prisao-daniel-silveira-agenda-economica\/#article","isPartOf":{"@id":"https:\/\/www.suno.com.br\/noticias\/prisao-daniel-silveira-agenda-economica\/"},"author":{"name":"Jader Lazarini","@id":"https:\/\/www.suno.com.br\/noticias\/#\/schema\/person\/918d79de1f0281f01599b93f9ea6e23f"},"headline":"Pris\u00e3o de Daniel Silveira pode balan\u00e7ar agenda econ\u00f4mica","datePublished":"2021-02-17T19:51:23+00:00","dateModified":"2021-02-18T14:37:46+00:00","mainEntityOfPage":{"@id":"https:\/\/www.suno.com.br\/noticias\/prisao-daniel-silveira-agenda-economica\/"},"wordCount":677,"publisher":{"@id":"https:\/\/www.suno.com.br\/noticias\/#organization"},"image":{"@id":"https:\/\/www.suno.com.br\/noticias\/prisao-daniel-silveira-agenda-economica\/#primaryimage"},"thumbnailUrl":"https:\/\/files.sunoresearch.com.br\/n\/uploads\/2021\/02\/25257fbd-camara-deputados-suspensao-sigilo-documentos-2019-1100.jpg-jpg.webp","keywords":["aux\u00edlio emergencial","C\u00e2mara dos Deputados","Economia","Especialistas","Jair Bolsonaro"],"articleSection":["Pol\u00edtica"],"inLanguage":"pt-BR"},{"@type":"WebPage","@id":"https:\/\/www.suno.com.br\/noticias\/prisao-daniel-silveira-agenda-economica\/","url":"https:\/\/www.suno.com.br\/noticias\/prisao-daniel-silveira-agenda-economica\/","name":"Pris\u00e3o de Daniel Silveira pode balan\u00e7ar agenda econ\u00f4mica","isPartOf":{"@id":"https:\/\/www.suno.com.br\/noticias\/#website"},"primaryImageOfPage":{"@id":"https:\/\/www.suno.com.br\/noticias\/prisao-daniel-silveira-agenda-economica\/#primaryimage"},"image":{"@id":"https:\/\/www.suno.com.br\/noticias\/prisao-daniel-silveira-agenda-economica\/#primaryimage"},"thumbnailUrl":"https:\/\/files.sunoresearch.com.br\/n\/uploads\/2021\/02\/25257fbd-camara-deputados-suspensao-sigilo-documentos-2019-1100.jpg-jpg.webp","datePublished":"2021-02-17T19:51:23+00:00","dateModified":"2021-02-18T14:37:46+00:00","description":"O deputado Daniel Silveira (PSL-RJ) foi preso na noite da \u00faltima ter\u00e7a-feira (16) ap\u00f3s divulgar um v\u00eddeo com ofensas ao STF. Saiba mais.","breadcrumb":{"@id":"https:\/\/www.suno.com.br\/noticias\/prisao-daniel-silveira-agenda-economica\/#breadcrumb"},"inLanguage":"pt-BR","potentialAction":[{"@type":"ReadAction","target":["https:\/\/www.suno.com.br\/noticias\/prisao-daniel-silveira-agenda-economica\/"]}]},{"@type":"ImageObject","inLanguage":"pt-BR","@id":"https:\/\/www.suno.com.br\/noticias\/prisao-daniel-silveira-agenda-economica\/#primaryimage","url":"https:\/\/files.sunoresearch.com.br\/n\/uploads\/2021\/02\/25257fbd-camara-deputados-suspensao-sigilo-documentos-2019-1100.jpg-jpg.webp","contentUrl":"https:\/\/files.sunoresearch.com.br\/n\/uploads\/2021\/02\/25257fbd-camara-deputados-suspensao-sigilo-documentos-2019-1100.jpg-jpg.webp","width":1500,"height":1000,"caption":"Como o texto sobre o or\u00e7amento secreto \u00e9 uma resolu\u00e7\u00e3o do Congresso Nacional, o texto precisa ser aprovado pelas duas Casas em sess\u00e3o conjunta"},{"@type":"BreadcrumbList","@id":"https:\/\/www.suno.com.br\/noticias\/prisao-daniel-silveira-agenda-economica\/#breadcrumb","itemListElement":[{"@type":"ListItem","position":1,"name":"Not\u00edcias","item":"https:\/\/www.suno.com.br\/noticias\/"},{"@type":"ListItem","position":2,"name":"Pol\u00edtica","item":"https:\/\/www.suno.com.br\/noticias\/politica\/"},{"@type":"ListItem","position":3,"name":"Pris\u00e3o de Daniel Silveira pode balan\u00e7ar agenda econ\u00f4mica"}]},{"@type":"WebSite","@id":"https:\/\/www.suno.com.br\/noticias\/#website","url":"https:\/\/www.suno.com.br\/noticias\/","name":"Suno Not\u00edcias","description":"Seu portal de informa\u00e7\u00e3o sobre o mundo dos investimentos","publisher":{"@id":"https:\/\/www.suno.com.br\/noticias\/#organization"},"potentialAction":[{"@type":"SearchAction","target":{"@type":"EntryPoint","urlTemplate":"https:\/\/www.suno.com.br\/noticias\/?s={search_term_string}"},"query-input":{"@type":"PropertyValueSpecification","valueRequired":true,"valueName":"search_term_string"}}],"inLanguage":"pt-BR"},{"@type":"Organization","@id":"https:\/\/www.suno.com.br\/noticias\/#organization","name":"Suno Not\u00edcias","url":"https:\/\/www.suno.com.br\/noticias\/","logo":{"@type":"ImageObject","inLanguage":"pt-BR","@id":"https:\/\/www.suno.com.br\/noticias\/#\/schema\/logo\/image\/","url":"https:\/\/files.sunoresearch.com.br\/n\/uploads\/2021\/09\/suno-logo.png","contentUrl":"https:\/\/files.sunoresearch.com.br\/n\/uploads\/2021\/09\/suno-logo.png","width":180,"height":180,"caption":"Suno Not\u00edcias"},"image":{"@id":"https:\/\/www.suno.com.br\/noticias\/#\/schema\/logo\/image\/"},"sameAs":["https:\/\/facebook.com\/sunoresearch","https:\/\/x.com\/sunoresearch","https:\/\/www.instagram.com\/suno","https:\/\/www.linkedin.com\/company\/suno-research\/","https:\/\/www.youtube.com\/c\/sunoresearch"]},{"@type":"Person","@id":"https:\/\/www.suno.com.br\/noticias\/#\/schema\/person\/918d79de1f0281f01599b93f9ea6e23f","name":"Jader Lazarini","image":{"@type":"ImageObject","inLanguage":"pt-BR","@id":"https:\/\/www.suno.com.br\/noticias\/#\/schema\/person\/image\/","url":"https:\/\/secure.gravatar.com\/avatar\/3c1ad8caa51589841baeb923fcddea97?s=96&r=g","contentUrl":"https:\/\/secure.gravatar.com\/avatar\/3c1ad8caa51589841baeb923fcddea97?s=96&r=g","caption":"Jader Lazarini"},"description":"Jader Lazarini escreve sobre investimentos, finan\u00e7as, economia e neg\u00f3cios. \u00c9 bacharel em Rela\u00e7\u00f5es Internacionais e analista CNPI (2619).","url":"https:\/\/www.suno.com.br\/noticias\/author\/jader-lazarini\/"}]}},"default_loop_html":"<div class=\"cardsPage__listCard__boxs\"><div class=\"cardsPage__listCard__boxs__img\"><a href=\"https:\/\/www.suno.com.br\/noticias\/prisao-daniel-silveira-agenda-economica\/\"><img class=\"mask\" src=\"https:\/\/www.suno.com.br\/noticias\/wp-content\/themes\/suno\/resources\/images\/spotlight\/spotlight1img\/bg-mask.png\" alt=\"Image Mask\"\/><img src=\"https:\/\/files.sunoresearch.com.br\/n\/uploads\/2021\/02\/25257fbd-camara-deputados-suspensao-sigilo-documentos-2019-1100.jpg-400x200.webp\" alt=\"Pris\u00e3o de Daniel Silveira pode balan\u00e7ar agenda econ\u00f4mica\"\/><\/a><span class=\"spotlightCategory\"><a href=\"https:\/\/www.suno.com.br\/noticias\/politica\/\">Pol\u00edtica<\/a><\/span><\/div><div class=\"cardsPage__listCard__boxs__content\"><a href=\"https:\/\/www.suno.com.br\/noticias\/prisao-daniel-silveira-agenda-economica\/\"><h2 class=\"content__title\">Pris\u00e3o de Daniel Silveira pode balan\u00e7ar agenda econ\u00f4mica<\/h2><\/a><div class=\"newsContent__article__meta\"><div class=\"newsContent__article__meta__authorBox\"><a href=\"https:\/\/www.suno.com.br\/noticias\/author\/jader-lazarini\/\" class=\"authorBox__avatar noMobi\"><img src=\"https:\/\/files.sunoresearch.com.br\/n\/uploads\/2021\/01\/178e6598-foto-perfil-2-150x150.jpg\" alt=\"Jader Lazarini\"><\/a><div class=\"authorBox__name\"><span>por\n\t\t\t<a href=\"https:\/\/www.suno.com.br\/noticias\/author\/jader-lazarini\/\"><span itemprop=\"author\">Jader Lazarini<\/span><\/a><\/span><time datetime=\"2021-02-17T16:51:23-03:00\" itemprop=\"datePublished\">17\/02\/2021 16:51<\/time><\/div><\/div><\/div><\/div><\/div>","single_layout":"posts","amp_enabled":true,"_links":{"self":[{"href":"https:\/\/www.suno.com.br\/noticias\/wp-json\/wp\/v2\/posts\/121842"}],"collection":[{"href":"https:\/\/www.suno.com.br\/noticias\/wp-json\/wp\/v2\/posts"}],"about":[{"href":"https:\/\/www.suno.com.br\/noticias\/wp-json\/wp\/v2\/types\/post"}],"author":[{"embeddable":true,"href":"https:\/\/www.suno.com.br\/noticias\/wp-json\/wp\/v2\/users\/24"}],"replies":[{"embeddable":true,"href":"https:\/\/www.suno.com.br\/noticias\/wp-json\/wp\/v2\/comments?post=121842"}],"version-history":[{"count":0,"href":"https:\/\/www.suno.com.br\/noticias\/wp-json\/wp\/v2\/posts\/121842\/revisions"}],"wp:featuredmedia":[{"embeddable":true,"href":"https:\/\/www.suno.com.br\/noticias\/wp-json\/wp\/v2\/media\/121851"}],"wp:attachment":[{"href":"https:\/\/www.suno.com.br\/noticias\/wp-json\/wp\/v2\/media?parent=121842"}],"wp:term":[{"taxonomy":"category","embeddable":true,"href":"https:\/\/www.suno.com.br\/noticias\/wp-json\/wp\/v2\/categories?post=121842"},{"taxonomy":"post_tag","embeddable":true,"href":"https:\/\/www.suno.com.br\/noticias\/wp-json\/wp\/v2\/tags?post=121842"},{"taxonomy":"suno_strategy","embeddable":true,"href":"https:\/\/www.suno.com.br\/noticias\/wp-json\/wp\/v2\/suno_strategy?post=121842"}],"curies":[{"name":"wp","href":"https:\/\/api.w.org\/{rel}","templated":true}]}}