{"id":12184,"date":"2019-01-18T09:35:40","date_gmt":"2019-01-18T11:35:40","guid":{"rendered":"https:\/\/www.suno.com.br\/noticias\/?p=12184"},"modified":"2019-01-18T10:29:30","modified_gmt":"2019-01-18T12:29:30","slug":"dolar-01182019","status":"publish","type":"post","link":"https:\/\/www.suno.com.br\/noticias\/dolar-01182019\/","title":{"rendered":"D\u00f3lar e euro avan\u00e7am com mercado atento \u00e0s novidades da Previd\u00eancia"},"content":{"rendered":"<p>O d\u00f3lar e o <strong>euro<\/strong> abriram em alta nesta sexta-feira (18) na <a href=\"https:\/\/www.suno.com.br\/artigos\/b3\/\">B3<\/a> (<a href=\"https:\/\/www.suno.com.br\/artigos\/bmf\/\">BM&amp;F<\/a> <a href=\"https:\/\/www.suno.com.br\/artigos\/bovespa-precedente-b3\/\">Bovespa<\/a>).<\/p>\t<div class=\"wrapper-featured-image\">\n\t\t<figure class=\"spotlightImg\">\n\n\t\t\t<picture>\n\t\t\t\t<source media=\"(max-width: 768px)\" srcset=\"https:\/\/files.sunoresearch.com.br\/n\/uploads\/2018\/12\/4c245b01-d\u00f3lar-400x200.webp\">\n\t\t\t\t<img loading=\"lazy\" decoding=\"async\" class=\"newsContent__article__imgCapa lazyloadDisabled newsContent__article__imgCapa--noCaption\" src=\"https:\/\/files.sunoresearch.com.br\/n\/uploads\/2018\/12\/4c245b01-d\u00f3lar-800x450.webp\" width=\"800\" height=\"450\" alt=\"D\u00f3lar e euro avan\u00e7am com mercado atento \u00e0s novidades da Previd\u00eancia\" fetchpriority=high \/>\n\t\t\t<\/picture>\n\n\t\t\t<figcaption class=\"wp-caption-text wp-caption-text--hide\">D\u00f3lar encerra em alta de 0,58%, cotado em R$ 4,24<\/figcaption>\n\t\t<\/figure>\n\t<\/div>\n\n\n<p>Ap\u00f3s alcan\u00e7ar os R$ 3,68 na semana passada, menor n\u00edvel desde outubro de 2018, o\u00a0<strong>d\u00f3lar<\/strong> subiu nesta semana.<\/p>\n<p>O avan\u00e7o deve-se principalmente \u00e0<strong> reforma da Previd\u00eancia<\/strong>, que mant\u00e9m o mercado ansioso, enquanto o tema infla a m\u00eddia na conjuntura dom\u00e9stica.<\/p>\n<p>O conflito tarif\u00e1rio que centralizou as aten\u00e7\u00f5es do mercado em 2018, ter\u00e1 encontro de equipes da China e dos EUA, nos pr\u00f3ximos dias 30 e 31. A confirma\u00e7\u00e3o do encontro agradou os mercados.<\/p>\n<p>Em contrapartida, as tens\u00f5es externas tamb\u00e9m auxiliaram na eleva\u00e7\u00e3o da moeda, com a vota\u00e7\u00e3o do acordo do <strong>Brexit.<\/strong>\u00a0A proposta da primeira-ministra Theresa May foi rejeitada.<\/p>\n<p>\u00c0s 9h16, as moedas variavam:<\/p>\n<ul>\n<li><strong>D\u00f3lar:<\/strong> alta de 0,16% a R$\u00a03,7563.<\/li>\n<li><strong>Euro:<\/strong> alta de 0,27% a R$\u00a04,2841.<\/li>\n<li><strong>Libra Esterlina:<\/strong> baixa de 0,04% a R$\u00a04,8673.<\/li>\n<\/ul>\n<p>O <a href=\"https:\/\/www.suno.com.br\/artigos\/bacen\/\">Banco Central<\/a> (BC) realiza nesta sess\u00e3o leil\u00e3o de at\u00e9 13,4 mil <a href=\"https:\/\/www.suno.com.br\/artigos\/swap-cambial\/\">swaps cambiais<\/a> tradicionais, equivalentes \u00e0 venda futura de d\u00f3lares para rolagem do vencimento de fevereiro, no total de 13,398 bilh\u00f5es de d\u00f3lares.<\/p>\n<p><a href=\"https:\/\/www.suno.com.br\/noticias\/dolar-atinge-maior-valor-euro\/\">Saiba mais &#8211;\u00a0D\u00f3lar fecha a R$ 3,74 e atinge maior valor em duas semanas; Euro tamb\u00e9m sobe\u00a0<\/a><\/p>\n<h2>O d\u00f3lar e o cen\u00e1rio interno<\/h2>\n<p>A <strong>reforma da Previd\u00eancia<\/strong> recebe acentuada aten\u00e7\u00e3o da m\u00eddia, e detalhes da nova proposta foram divulgados.<\/p>\n<p>O novo texto da proposta est\u00e1 sendo desenvolvido pela equipe do ministro da Economia <strong>Paulo Guedes<\/strong>, com o aux\u00edlio do ministro da Casa Civil <strong>Onyx Lorenzoni<\/strong>.<\/p>\n<p>Ambos far\u00e3o uma apresenta\u00e7\u00e3o do texto a <strong>Jair Bolsonaro<\/strong>, antes que o presidente da Rep\u00fablica viaje \u00e0 Davos, Su\u00ed\u00e7a. Bolsonaro e Guedes participar\u00e3o do F\u00f3rum Econ\u00f4mico Mundial, onde discutir\u00e3o detalhes da proposta.<\/p>\n<p>Ao retornar de viagem, <a href=\"https:\/\/www.suno.com.br\/noticias\/onyx-bolsonaro-reforma-previdencia-davos\/\">Bolsonaro deve aprovar a proposta<\/a>, segundo Onyx.<\/p>\n<p>A Reuters apurou que o per\u00edodo estimado de <strong>transi\u00e7\u00e3o<\/strong> para a implanta\u00e7\u00e3o da <strong>reforma da Previd\u00eancia<\/strong>, ter\u00e1 mais de 12 anos e menos de 20 anos.<\/p>\n<p>A economia prevista pelo novo governo \u00e9 de R$ 1 trilh\u00e3o. Contra R$ 480 bilh\u00f5es estimados pela antiga gest\u00e3o, na \u00faltima vers\u00e3o enviada ao Congresso Nacional.<\/p>\n<p><a href=\"https:\/\/www.suno.com.br\/noticias\/reforma-previdencia-12-20\/\">Saiba mais &#8211;\u00a0Transi\u00e7\u00e3o da reforma da Previd\u00eancia ultrapassar\u00e1 12 anos, mas n\u00e3o 20<\/a><\/p>\n<p>O governo tamb\u00e9m estuda adicionar uma medida que antecipe a aposentadoria das <strong>mulheres<\/strong> com filhos, de acordo com o jornal &#8220;O Globo&#8221;.<\/p>\n<p>Nesse caso, as m\u00e3es teriam direito a se aposentar um ano mais cedo por filho, com o limite de tr\u00eas filhos.<\/p>\n<p>No entanto, especialistas j\u00e1 afirmam que tal medida n\u00e3o reduzir\u00e1 a <strong>desigualdade de g\u00eanero<\/strong>.<\/p>\n<p><a href=\"https:\/\/www.suno.com.br\/noticias\/mae-reforma-previdencia-mulheres\/\">Saiba mais &#8211;\u00a0B\u00f4nus para m\u00e3es na reforma da Previd\u00eancia n\u00e3o diminui desigualdades, dizem especialistas<\/a><\/p>\n<h2>O d\u00f3lar e o cen\u00e1rio externo<\/h2>\n<p>O vice-primeiro-ministro chin\u00eas, Liu He, viajar\u00e1 aos <strong>EUA<\/strong> em 30 e 31 de janeiro.<\/p>\n<p>He \u00e9 o principal negociador da <strong>China<\/strong> e participar\u00e1 da pr\u00f3xima rodada de negocia\u00e7\u00f5es, que visam encerrar a guerra comercial.<\/p>\n<p>A confirma\u00e7\u00e3o do pr\u00f3ximo encontro entre as equipes dos pa\u00edses ocorreu na v\u00e9spera.<\/p>\n<p>O <strong>d\u00f3lar<\/strong> fechou o preg\u00e3o da quinta-feira (17)\u00a0com valoriza\u00e7\u00e3o de 0,356% a\u00a0R$ 3,7475. O euro cresceu 0,195%, enquanto a libra ascendeu 0,776%. As moedas encerraram a\u00a0R$ 4,2698 e\u00a0R$ 4,8576, respectivamente.<\/p>\n","protected":false},"excerpt":{"rendered":"<p>O d\u00f3lar e o euro abriram em alta nesta sexta-feira (18) na B3 (BM&amp;F Bovespa). D\u00f3lar encerra em alta de 0,58%, cotado em R$ 4,24 Ap\u00f3s alcan\u00e7ar os R$ 3,68 na semana passada, menor n\u00edvel desde outubro de 2018, o\u00a0d\u00f3lar subiu nesta semana. O avan\u00e7o deve-se principalmente \u00e0 reforma da Previd\u00eancia, que mant\u00e9m o mercado [&hellip;]<\/p>\n","protected":false},"author":12,"featured_media":7933,"comment_status":"closed","ping_status":"closed","sticky":false,"template":"","format":"standard","meta":[],"categories":[60],"tags":[711,326,793,719,939,796,940],"suno_strategy":[],"class_list":["post-12184","post","type-post","status-publish","format-standard","has-post-thumbnail","hentry","category-mercado","tag-china","tag-dolar","tag-estados-unidos-eua","tag-jair-bolsonaro","tag-onyx-lorenzoni","tag-paulo-guedes","tag-reforma-da-previdencia"],"yoast_head":"<!-- This site is optimized with the Yoast SEO plugin v24.4 - https:\/\/yoast.com\/wordpress\/plugins\/seo\/ -->\n<title>D\u00f3lar e euro avan\u00e7am com mercado atento \u00e0s novidades da Previd\u00eancia<\/title>\n<meta name=\"description\" content=\"O d\u00f3lar e o euro subiam no in\u00edcio do preg\u00e3o desta sexta-feira (18). \u00c0s 9h16, o d\u00f3lar tinha alta de 0,16% a R$\u00a03,7563. Clique para saber mais.\" \/>\n<meta name=\"robots\" content=\"index, follow, max-snippet:-1, max-image-preview:large, max-video-preview:-1\" \/>\n<link rel=\"canonical\" href=\"https:\/\/www.suno.com.br\/noticias\/dolar-01182019\/\" \/>\n<meta property=\"og:locale\" content=\"pt_BR\" \/>\n<meta property=\"og:type\" content=\"article\" \/>\n<meta property=\"og:title\" content=\"D\u00f3lar e euro avan\u00e7am com mercado atento \u00e0s novidades da Previd\u00eancia\" \/>\n<meta property=\"og:description\" content=\"O d\u00f3lar e o euro subiam no in\u00edcio do preg\u00e3o desta sexta-feira (18). \u00c0s 9h16, o d\u00f3lar tinha alta de 0,16% a R$\u00a03,7563. Clique para saber mais.\" \/>\n<meta property=\"og:url\" content=\"https:\/\/www.suno.com.br\/noticias\/dolar-01182019\/\" \/>\n<meta property=\"og:site_name\" content=\"Suno Not\u00edcias\" \/>\n<meta property=\"article:publisher\" content=\"https:\/\/facebook.com\/sunoresearch\" \/>\n<meta property=\"og:image\" content=\"https:\/\/files.sunoresearch.com.br\/n\/uploads\/2018\/12\/4c245b01-d\u00f3lar.jpg\" \/>\n\t<meta property=\"og:image:width\" content=\"1140\" \/>\n\t<meta property=\"og:image:height\" content=\"760\" \/>\n\t<meta property=\"og:image:type\" content=\"image\/jpeg\" \/>\n<meta name=\"author\" content=\"Amanda Gushiken\" \/>\n<meta name=\"twitter:card\" content=\"summary_large_image\" \/>\n<meta name=\"twitter:creator\" content=\"@sunoresearch\" \/>\n<meta name=\"twitter:site\" content=\"@sunoresearch\" \/>\n<meta name=\"twitter:label1\" content=\"Escrito por\" \/>\n\t<meta name=\"twitter:data1\" content=\"Amanda Gushiken\" \/>\n\t<meta name=\"twitter:label2\" content=\"Est. tempo de leitura\" \/>\n\t<meta name=\"twitter:data2\" content=\"3 minutos\" \/>\n<script type=\"application\/ld+json\" class=\"yoast-schema-graph\">{\"@context\":\"https:\/\/schema.org\",\"@graph\":[{\"@type\":\"NewsArticle\",\"@id\":\"https:\/\/www.suno.com.br\/noticias\/dolar-01182019\/#article\",\"isPartOf\":{\"@id\":\"https:\/\/www.suno.com.br\/noticias\/dolar-01182019\/\"},\"author\":{\"name\":\"Amanda Gushiken\",\"@id\":\"https:\/\/www.suno.com.br\/noticias\/#\/schema\/person\/a5b06fa4e879d8e8e119c6ed3cd630d1\"},\"headline\":\"D\u00f3lar e euro avan\u00e7am com mercado atento \u00e0s novidades da Previd\u00eancia\",\"datePublished\":\"2019-01-18T11:35:40+00:00\",\"dateModified\":\"2019-01-18T12:29:30+00:00\",\"mainEntityOfPage\":{\"@id\":\"https:\/\/www.suno.com.br\/noticias\/dolar-01182019\/\"},\"wordCount\":563,\"publisher\":{\"@id\":\"https:\/\/www.suno.com.br\/noticias\/#organization\"},\"image\":{\"@id\":\"https:\/\/www.suno.com.br\/noticias\/dolar-01182019\/#primaryimage\"},\"thumbnailUrl\":\"https:\/\/files.sunoresearch.com.br\/n\/uploads\/2018\/12\/4c245b01-d\u00f3lar-jpg.webp\",\"keywords\":[\"China\",\"d\u00f3lar\",\"Estados Unidos (EUA)\",\"Jair Bolsonaro\",\"Onyx Lorenzoni\",\"Paulo Guedes\",\"Reforma da Previd\u00eancia\"],\"articleSection\":[\"Mercado\"],\"inLanguage\":\"pt-BR\"},{\"@type\":\"WebPage\",\"@id\":\"https:\/\/www.suno.com.br\/noticias\/dolar-01182019\/\",\"url\":\"https:\/\/www.suno.com.br\/noticias\/dolar-01182019\/\",\"name\":\"D\u00f3lar e euro avan\u00e7am com mercado atento \u00e0s novidades da Previd\u00eancia\",\"isPartOf\":{\"@id\":\"https:\/\/www.suno.com.br\/noticias\/#website\"},\"primaryImageOfPage\":{\"@id\":\"https:\/\/www.suno.com.br\/noticias\/dolar-01182019\/#primaryimage\"},\"image\":{\"@id\":\"https:\/\/www.suno.com.br\/noticias\/dolar-01182019\/#primaryimage\"},\"thumbnailUrl\":\"https:\/\/files.sunoresearch.com.br\/n\/uploads\/2018\/12\/4c245b01-d\u00f3lar-jpg.webp\",\"datePublished\":\"2019-01-18T11:35:40+00:00\",\"dateModified\":\"2019-01-18T12:29:30+00:00\",\"description\":\"O d\u00f3lar e o euro subiam no in\u00edcio do preg\u00e3o desta sexta-feira (18). \u00c0s 9h16, o d\u00f3lar tinha alta de 0,16% a R$\u00a03,7563. Clique para saber mais.\",\"breadcrumb\":{\"@id\":\"https:\/\/www.suno.com.br\/noticias\/dolar-01182019\/#breadcrumb\"},\"inLanguage\":\"pt-BR\",\"potentialAction\":[{\"@type\":\"ReadAction\",\"target\":[\"https:\/\/www.suno.com.br\/noticias\/dolar-01182019\/\"]}]},{\"@type\":\"ImageObject\",\"inLanguage\":\"pt-BR\",\"@id\":\"https:\/\/www.suno.com.br\/noticias\/dolar-01182019\/#primaryimage\",\"url\":\"https:\/\/files.sunoresearch.com.br\/n\/uploads\/2018\/12\/4c245b01-d\u00f3lar-jpg.webp\",\"contentUrl\":\"https:\/\/files.sunoresearch.com.br\/n\/uploads\/2018\/12\/4c245b01-d\u00f3lar-jpg.webp\",\"width\":1140,\"height\":760,\"caption\":\"D\u00f3lar encerra em alta de 0,58%, cotado em R$ 4,24\"},{\"@type\":\"BreadcrumbList\",\"@id\":\"https:\/\/www.suno.com.br\/noticias\/dolar-01182019\/#breadcrumb\",\"itemListElement\":[{\"@type\":\"ListItem\",\"position\":1,\"name\":\"Not\u00edcias\",\"item\":\"https:\/\/www.suno.com.br\/noticias\/\"},{\"@type\":\"ListItem\",\"position\":2,\"name\":\"Mercado\",\"item\":\"https:\/\/www.suno.com.br\/noticias\/mercado\/\"},{\"@type\":\"ListItem\",\"position\":3,\"name\":\"D\u00f3lar e euro avan\u00e7am com mercado atento \u00e0s novidades da Previd\u00eancia\"}]},{\"@type\":\"WebSite\",\"@id\":\"https:\/\/www.suno.com.br\/noticias\/#website\",\"url\":\"https:\/\/www.suno.com.br\/noticias\/\",\"name\":\"Suno Not\u00edcias\",\"description\":\"Seu portal de informa\u00e7\u00e3o sobre o mundo dos investimentos\",\"publisher\":{\"@id\":\"https:\/\/www.suno.com.br\/noticias\/#organization\"},\"potentialAction\":[{\"@type\":\"SearchAction\",\"target\":{\"@type\":\"EntryPoint\",\"urlTemplate\":\"https:\/\/www.suno.com.br\/noticias\/?s={search_term_string}\"},\"query-input\":{\"@type\":\"PropertyValueSpecification\",\"valueRequired\":true,\"valueName\":\"search_term_string\"}}],\"inLanguage\":\"pt-BR\"},{\"@type\":\"Organization\",\"@id\":\"https:\/\/www.suno.com.br\/noticias\/#organization\",\"name\":\"Suno Not\u00edcias\",\"url\":\"https:\/\/www.suno.com.br\/noticias\/\",\"logo\":{\"@type\":\"ImageObject\",\"inLanguage\":\"pt-BR\",\"@id\":\"https:\/\/www.suno.com.br\/noticias\/#\/schema\/logo\/image\/\",\"url\":\"https:\/\/files.sunoresearch.com.br\/n\/uploads\/2021\/09\/suno-logo.png\",\"contentUrl\":\"https:\/\/files.sunoresearch.com.br\/n\/uploads\/2021\/09\/suno-logo.png\",\"width\":180,\"height\":180,\"caption\":\"Suno Not\u00edcias\"},\"image\":{\"@id\":\"https:\/\/www.suno.com.br\/noticias\/#\/schema\/logo\/image\/\"},\"sameAs\":[\"https:\/\/facebook.com\/sunoresearch\",\"https:\/\/x.com\/sunoresearch\",\"https:\/\/www.instagram.com\/suno\",\"https:\/\/www.linkedin.com\/company\/suno-research\/\",\"https:\/\/www.youtube.com\/c\/sunoresearch\"]},{\"@type\":\"Person\",\"@id\":\"https:\/\/www.suno.com.br\/noticias\/#\/schema\/person\/a5b06fa4e879d8e8e119c6ed3cd630d1\",\"name\":\"Amanda Gushiken\",\"image\":{\"@type\":\"ImageObject\",\"inLanguage\":\"pt-BR\",\"@id\":\"https:\/\/www.suno.com.br\/noticias\/#\/schema\/person\/image\/\",\"url\":\"https:\/\/secure.gravatar.com\/avatar\/ecd84705e6b65e3685ae80d725501fbe?s=96&r=g\",\"contentUrl\":\"https:\/\/secure.gravatar.com\/avatar\/ecd84705e6b65e3685ae80d725501fbe?s=96&r=g\",\"caption\":\"Amanda Gushiken\"},\"description\":\"Amanda Sayuri Gushiken escreve sobre finan\u00e7as e neg\u00f3cios para o portal Suno Not\u00edcias. Antes, trabalhou selecionando not\u00edcias da imprensa para clientes do mercado financeiro. Tamb\u00e9m desenvolveu pesquisa acad\u00eamica pela Universidade Anhembi Morumbi na \u00e1rea de Teorias da Comunica\u00e7\u00e3o e \u00e9 fot\u00f3grafa nas horas vagas.\",\"url\":\"https:\/\/www.suno.com.br\/noticias\/author\/amanda\/\"}]}<\/script>\n<!-- \/ Yoast SEO plugin. -->","yoast_head_json":{"title":"D\u00f3lar e euro avan\u00e7am com mercado atento \u00e0s novidades da Previd\u00eancia","description":"O d\u00f3lar e o euro subiam no in\u00edcio do preg\u00e3o desta sexta-feira (18). \u00c0s 9h16, o d\u00f3lar tinha alta de 0,16% a R$\u00a03,7563. Clique para saber mais.","robots":{"index":"index","follow":"follow","max-snippet":"max-snippet:-1","max-image-preview":"max-image-preview:large","max-video-preview":"max-video-preview:-1"},"canonical":"https:\/\/www.suno.com.br\/noticias\/dolar-01182019\/","og_locale":"pt_BR","og_type":"article","og_title":"D\u00f3lar e euro avan\u00e7am com mercado atento \u00e0s novidades da Previd\u00eancia","og_description":"O d\u00f3lar e o euro subiam no in\u00edcio do preg\u00e3o desta sexta-feira (18). \u00c0s 9h16, o d\u00f3lar tinha alta de 0,16% a R$\u00a03,7563. Clique para saber mais.","og_url":"https:\/\/www.suno.com.br\/noticias\/dolar-01182019\/","og_site_name":"Suno Not\u00edcias","article_publisher":"https:\/\/facebook.com\/sunoresearch","og_image":[{"width":1140,"height":760,"url":"https:\/\/files.sunoresearch.com.br\/n\/uploads\/2018\/12\/4c245b01-d\u00f3lar.jpg","type":"image\/jpeg"}],"author":"Amanda Gushiken","twitter_card":"summary_large_image","twitter_creator":"@sunoresearch","twitter_site":"@sunoresearch","twitter_misc":{"Escrito por":"Amanda Gushiken","Est. tempo de leitura":"3 minutos"},"schema":{"@context":"https:\/\/schema.org","@graph":[{"@type":"NewsArticle","@id":"https:\/\/www.suno.com.br\/noticias\/dolar-01182019\/#article","isPartOf":{"@id":"https:\/\/www.suno.com.br\/noticias\/dolar-01182019\/"},"author":{"name":"Amanda Gushiken","@id":"https:\/\/www.suno.com.br\/noticias\/#\/schema\/person\/a5b06fa4e879d8e8e119c6ed3cd630d1"},"headline":"D\u00f3lar e euro avan\u00e7am com mercado atento \u00e0s novidades da Previd\u00eancia","datePublished":"2019-01-18T11:35:40+00:00","dateModified":"2019-01-18T12:29:30+00:00","mainEntityOfPage":{"@id":"https:\/\/www.suno.com.br\/noticias\/dolar-01182019\/"},"wordCount":563,"publisher":{"@id":"https:\/\/www.suno.com.br\/noticias\/#organization"},"image":{"@id":"https:\/\/www.suno.com.br\/noticias\/dolar-01182019\/#primaryimage"},"thumbnailUrl":"https:\/\/files.sunoresearch.com.br\/n\/uploads\/2018\/12\/4c245b01-d\u00f3lar-jpg.webp","keywords":["China","d\u00f3lar","Estados Unidos (EUA)","Jair Bolsonaro","Onyx Lorenzoni","Paulo Guedes","Reforma da Previd\u00eancia"],"articleSection":["Mercado"],"inLanguage":"pt-BR"},{"@type":"WebPage","@id":"https:\/\/www.suno.com.br\/noticias\/dolar-01182019\/","url":"https:\/\/www.suno.com.br\/noticias\/dolar-01182019\/","name":"D\u00f3lar e euro avan\u00e7am com mercado atento \u00e0s novidades da Previd\u00eancia","isPartOf":{"@id":"https:\/\/www.suno.com.br\/noticias\/#website"},"primaryImageOfPage":{"@id":"https:\/\/www.suno.com.br\/noticias\/dolar-01182019\/#primaryimage"},"image":{"@id":"https:\/\/www.suno.com.br\/noticias\/dolar-01182019\/#primaryimage"},"thumbnailUrl":"https:\/\/files.sunoresearch.com.br\/n\/uploads\/2018\/12\/4c245b01-d\u00f3lar-jpg.webp","datePublished":"2019-01-18T11:35:40+00:00","dateModified":"2019-01-18T12:29:30+00:00","description":"O d\u00f3lar e o euro subiam no in\u00edcio do preg\u00e3o desta sexta-feira (18). \u00c0s 9h16, o d\u00f3lar tinha alta de 0,16% a R$\u00a03,7563. Clique para saber mais.","breadcrumb":{"@id":"https:\/\/www.suno.com.br\/noticias\/dolar-01182019\/#breadcrumb"},"inLanguage":"pt-BR","potentialAction":[{"@type":"ReadAction","target":["https:\/\/www.suno.com.br\/noticias\/dolar-01182019\/"]}]},{"@type":"ImageObject","inLanguage":"pt-BR","@id":"https:\/\/www.suno.com.br\/noticias\/dolar-01182019\/#primaryimage","url":"https:\/\/files.sunoresearch.com.br\/n\/uploads\/2018\/12\/4c245b01-d\u00f3lar-jpg.webp","contentUrl":"https:\/\/files.sunoresearch.com.br\/n\/uploads\/2018\/12\/4c245b01-d\u00f3lar-jpg.webp","width":1140,"height":760,"caption":"D\u00f3lar encerra em alta de 0,58%, cotado em R$ 4,24"},{"@type":"BreadcrumbList","@id":"https:\/\/www.suno.com.br\/noticias\/dolar-01182019\/#breadcrumb","itemListElement":[{"@type":"ListItem","position":1,"name":"Not\u00edcias","item":"https:\/\/www.suno.com.br\/noticias\/"},{"@type":"ListItem","position":2,"name":"Mercado","item":"https:\/\/www.suno.com.br\/noticias\/mercado\/"},{"@type":"ListItem","position":3,"name":"D\u00f3lar e euro avan\u00e7am com mercado atento \u00e0s novidades da Previd\u00eancia"}]},{"@type":"WebSite","@id":"https:\/\/www.suno.com.br\/noticias\/#website","url":"https:\/\/www.suno.com.br\/noticias\/","name":"Suno Not\u00edcias","description":"Seu portal de informa\u00e7\u00e3o sobre o mundo dos investimentos","publisher":{"@id":"https:\/\/www.suno.com.br\/noticias\/#organization"},"potentialAction":[{"@type":"SearchAction","target":{"@type":"EntryPoint","urlTemplate":"https:\/\/www.suno.com.br\/noticias\/?s={search_term_string}"},"query-input":{"@type":"PropertyValueSpecification","valueRequired":true,"valueName":"search_term_string"}}],"inLanguage":"pt-BR"},{"@type":"Organization","@id":"https:\/\/www.suno.com.br\/noticias\/#organization","name":"Suno Not\u00edcias","url":"https:\/\/www.suno.com.br\/noticias\/","logo":{"@type":"ImageObject","inLanguage":"pt-BR","@id":"https:\/\/www.suno.com.br\/noticias\/#\/schema\/logo\/image\/","url":"https:\/\/files.sunoresearch.com.br\/n\/uploads\/2021\/09\/suno-logo.png","contentUrl":"https:\/\/files.sunoresearch.com.br\/n\/uploads\/2021\/09\/suno-logo.png","width":180,"height":180,"caption":"Suno Not\u00edcias"},"image":{"@id":"https:\/\/www.suno.com.br\/noticias\/#\/schema\/logo\/image\/"},"sameAs":["https:\/\/facebook.com\/sunoresearch","https:\/\/x.com\/sunoresearch","https:\/\/www.instagram.com\/suno","https:\/\/www.linkedin.com\/company\/suno-research\/","https:\/\/www.youtube.com\/c\/sunoresearch"]},{"@type":"Person","@id":"https:\/\/www.suno.com.br\/noticias\/#\/schema\/person\/a5b06fa4e879d8e8e119c6ed3cd630d1","name":"Amanda Gushiken","image":{"@type":"ImageObject","inLanguage":"pt-BR","@id":"https:\/\/www.suno.com.br\/noticias\/#\/schema\/person\/image\/","url":"https:\/\/secure.gravatar.com\/avatar\/ecd84705e6b65e3685ae80d725501fbe?s=96&r=g","contentUrl":"https:\/\/secure.gravatar.com\/avatar\/ecd84705e6b65e3685ae80d725501fbe?s=96&r=g","caption":"Amanda Gushiken"},"description":"Amanda Sayuri Gushiken escreve sobre finan\u00e7as e neg\u00f3cios para o portal Suno Not\u00edcias. Antes, trabalhou selecionando not\u00edcias da imprensa para clientes do mercado financeiro. Tamb\u00e9m desenvolveu pesquisa acad\u00eamica pela Universidade Anhembi Morumbi na \u00e1rea de Teorias da Comunica\u00e7\u00e3o e \u00e9 fot\u00f3grafa nas horas vagas.","url":"https:\/\/www.suno.com.br\/noticias\/author\/amanda\/"}]}},"default_loop_html":"<div class=\"cardsPage__listCard__boxs\"><div class=\"cardsPage__listCard__boxs__img\"><a href=\"https:\/\/www.suno.com.br\/noticias\/dolar-01182019\/\"><img class=\"mask\" src=\"https:\/\/www.suno.com.br\/noticias\/wp-content\/themes\/suno\/resources\/images\/spotlight\/spotlight1img\/bg-mask.png\" alt=\"Image Mask\"\/><img src=\"https:\/\/files.sunoresearch.com.br\/n\/uploads\/2018\/12\/4c245b01-d\u00f3lar-400x200.webp\" alt=\"D\u00f3lar e euro avan\u00e7am com mercado atento \u00e0s novidades da Previd\u00eancia\"\/><\/a><span class=\"spotlightCategory\"><a href=\"https:\/\/www.suno.com.br\/noticias\/mercado\/\">Mercado<\/a><\/span><\/div><div class=\"cardsPage__listCard__boxs__content\"><a href=\"https:\/\/www.suno.com.br\/noticias\/dolar-01182019\/\"><h2 class=\"content__title\">D\u00f3lar e euro avan\u00e7am com mercado atento \u00e0s novidades da Previd\u00eancia<\/h2><\/a><div class=\"newsContent__article__meta\"><div class=\"newsContent__article__meta__authorBox\"><a href=\"https:\/\/www.suno.com.br\/noticias\/author\/amanda\/\" class=\"authorBox__avatar noMobi\"><img src=\"https:\/\/files.sunoresearch.com.br\/n\/uploads\/2018\/11\/c6ad30be-amanda-150x150.webp\" alt=\"Amanda Gushiken\"><\/a><div class=\"authorBox__name\"><span>por\n\t\t\t<a href=\"https:\/\/www.suno.com.br\/noticias\/author\/amanda\/\"><span itemprop=\"author\">Amanda Gushiken<\/span><\/a><\/span><time datetime=\"2019-01-18T09:35:40-02:00\" itemprop=\"datePublished\">18\/01\/2019 09:35<\/time><\/div><\/div><\/div><\/div><\/div>","single_layout":"posts","amp_enabled":true,"_links":{"self":[{"href":"https:\/\/www.suno.com.br\/noticias\/wp-json\/wp\/v2\/posts\/12184"}],"collection":[{"href":"https:\/\/www.suno.com.br\/noticias\/wp-json\/wp\/v2\/posts"}],"about":[{"href":"https:\/\/www.suno.com.br\/noticias\/wp-json\/wp\/v2\/types\/post"}],"author":[{"embeddable":true,"href":"https:\/\/www.suno.com.br\/noticias\/wp-json\/wp\/v2\/users\/12"}],"replies":[{"embeddable":true,"href":"https:\/\/www.suno.com.br\/noticias\/wp-json\/wp\/v2\/comments?post=12184"}],"version-history":[{"count":0,"href":"https:\/\/www.suno.com.br\/noticias\/wp-json\/wp\/v2\/posts\/12184\/revisions"}],"wp:featuredmedia":[{"embeddable":true,"href":"https:\/\/www.suno.com.br\/noticias\/wp-json\/wp\/v2\/media\/7933"}],"wp:attachment":[{"href":"https:\/\/www.suno.com.br\/noticias\/wp-json\/wp\/v2\/media?parent=12184"}],"wp:term":[{"taxonomy":"category","embeddable":true,"href":"https:\/\/www.suno.com.br\/noticias\/wp-json\/wp\/v2\/categories?post=12184"},{"taxonomy":"post_tag","embeddable":true,"href":"https:\/\/www.suno.com.br\/noticias\/wp-json\/wp\/v2\/tags?post=12184"},{"taxonomy":"suno_strategy","embeddable":true,"href":"https:\/\/www.suno.com.br\/noticias\/wp-json\/wp\/v2\/suno_strategy?post=12184"}],"curies":[{"name":"wp","href":"https:\/\/api.w.org\/{rel}","templated":true}]}}