{"id":12174,"date":"2019-01-18T09:04:59","date_gmt":"2019-01-18T11:04:59","guid":{"rendered":"https:\/\/www.suno.com.br\/noticias\/?p=12174"},"modified":"2019-01-18T09:04:59","modified_gmt":"2019-01-18T11:04:59","slug":"mae-reforma-previdencia-mulheres","status":"publish","type":"post","link":"https:\/\/www.suno.com.br\/noticias\/mae-reforma-previdencia-mulheres\/","title":{"rendered":"B\u00f4nus para m\u00e3es na reforma da Previd\u00eancia n\u00e3o diminui desigualdades, dizem especialistas"},"content":{"rendered":"<p>A proposta da reforma da Previd\u00eancia do governo do presidente da Rep\u00fablica <strong>Jair Bolsonaro<\/strong> estuda permitir benef\u00edcio para <strong>mulheres<\/strong> com filhos. No entanto, a aposentadoria adiantada para m\u00e3es n\u00e3o diminuir\u00e1 a <strong>desigualdade de g\u00eanero<\/strong>. As informa\u00e7\u00f5es foram coletadas de especialistas pelo jornal &#8220;O Globo&#8221;.<\/p>\t<div class=\"wrapper-featured-image\">\n\t\t<figure class=\"spotlightImg\">\n\n\t\t\t<picture>\n\t\t\t\t<source media=\"(max-width: 768px)\" srcset=\"https:\/\/files.sunoresearch.com.br\/n\/uploads\/2019\/01\/71e9a2e9-reforma-da-previd\u00eancia-400x200.webp\">\n\t\t\t\t<img loading=\"lazy\" decoding=\"async\" class=\"newsContent__article__imgCapa lazyloadDisabled newsContent__article__imgCapa--noCaption\" src=\"https:\/\/files.sunoresearch.com.br\/n\/uploads\/2019\/01\/71e9a2e9-reforma-da-previd\u00eancia-800x450.webp\" width=\"800\" height=\"450\" alt=\"B\u00f4nus para m\u00e3es na reforma da Previd\u00eancia n\u00e3o diminui desigualdades, dizem especialistas\" fetchpriority=high \/>\n\t\t\t<\/picture>\n\n\t\t\t<figcaption class=\"wp-caption-text wp-caption-text--hide\">Governo estuda medida para antecipar aposentadoria das m\u00e3es. (divulga\u00e7\u00e3o)<\/figcaption>\n\t\t<\/figure>\n\t<\/div>\n\n\n<p>A medida da nova proposta da <strong>reforma da Previd\u00eancia<\/strong> estudada antecipar a aposentadoria em um ano para cada filho da <strong>m\u00e3e<\/strong> em quest\u00e3o. Contudo, h\u00e1 o limite de tr\u00eas filhos para a antecipa\u00e7\u00e3o.<\/p>\n<p>Segundo analistas, tal medida n\u00e3o compensa a dupla jornada enfrentada tamb\u00e9m pelas mulheres sem filhos.<\/p>\n<p>Dentre outros motivos, a desigualdade de g\u00eanero n\u00e3o ser\u00e1 amenizada com a medida pois:<\/p>\n<ul>\n<li><strong>Defasagem de contribui\u00e7\u00e3o previdenci\u00e1ria:<\/strong> em ocupa\u00e7\u00f5es mais prec\u00e1rias, a tend\u00eancia \u00e9 que as mulheres iniciem o plano previdenci\u00e1rio tardiamente em rela\u00e7\u00e3o aos homens.<\/li>\n<li><strong>Sal\u00e1rios menores:<\/strong> a m\u00e9dia salarial feminina \u00e9 25% mais baixa em rela\u00e7\u00e3o \u00e0 m\u00e9dia salarial masculina.<\/li>\n<li><strong>Desemprego:<\/strong> a falta de emprego atinge 13,6% das mulheres, enquanto nos homens o impacto \u00e9 de 10,5%.<\/li>\n<\/ul>\n<p><a href=\"https:\/\/www.suno.com.br\/noticias\/reforma-previdencia-12-20\/\">Saiba mais &#8211;\u00a0Transi\u00e7\u00e3o da reforma da Previd\u00eancia ultrapassar\u00e1 12 anos, mas n\u00e3o 20\u00a0<\/a><\/p>\n<p><a href=\"https:\/\/www.suno.com.br\/noticias\/onyx-bolsonaro-reforma-previdencia-davos\/\">Saiba mais &#8211;\u00a0Onyx diz que Bolsonaro decidir\u00e1 sobre reforma da Previd\u00eancia ap\u00f3s Davos\u00a0<\/a><\/p>\n<h2>A opini\u00e3o delas: idade m\u00ednima inferior para mulheres<\/h2>\n<p>&#8220;\u00c9 injusto com as <strong>mulheres<\/strong> que n\u00e3o t\u00eam filhos, porque sobre elas tamb\u00e9m recaem os afazeres dom\u00e9sticos e o cuidado com os idosos da fam\u00edlia. Na Europa, essa discuss\u00e3o \u00e9 a ordem do dia, porque o envelhecimento da popula\u00e7\u00e3o est\u00e1 pesando sobre as mulheres&#8221; opinou Lucilene Morandi, pesquisadora do N\u00facleo de Estudos de G\u00eanero e Economia da UFF.<\/p>\n<p>Morandi defende que o benef\u00edcio seria adequado se fosse um adicional a uma idade m\u00ednima menor para toda a popula\u00e7\u00e3o feminina.<\/p>\n<p>Por sua vez, Lena Lavinas, professora da UFRJ, observa que a\u00a0medida n\u00e3o tem efeito reparador porque a taxa de fecundidade das <strong>mulheres<\/strong> vem caindo desde o final dos anos 1960 no pa\u00eds.<\/p>\n<p>Na d\u00e9cada de 1950, a m\u00e9dia era de seis filhos, hoje \u00e9 de 1,7.<\/p>\n<p>&#8220;A taxa de fecundidade despencou. Qual o cr\u00e9dito de <strong>aposentadoria<\/strong> que ela vai conseguir? Um ano, dois no m\u00e1ximo. Eles acham que as mulheres v\u00e3o ter mais filhos? Claro que n\u00e3o. Essa conta n\u00e3o se sustenta&#8221;, disse Lavinas ao jornal &#8220;O Globo&#8221;.<\/p>\n<p>Lavinas tamb\u00e9m \u00e9 a favor da redu\u00e7\u00e3o da idade m\u00ednima de <strong>aposentadoria<\/strong> para mulheres. Os argumentos da professora envolvem as desigualdades no mercado de trabalho e na divis\u00e3o das tarefas dom\u00e9sticas.<\/p>\n<p>De acordo com Lavinas, a pol\u00edtica de dar b\u00f4nus \u00e0s <strong>m\u00e3es<\/strong> existe em pa\u00edses como Chile, Noruega, Su\u00ed\u00e7a e Su\u00e9cia. Todavia, tal pol\u00edtica \u00e9 acoplada a outras medidas, como a complementa\u00e7\u00e3o da contribui\u00e7\u00e3o.<\/p>\n<p><a href=\"https:\/\/www.suno.com.br\/noticias\/reforma-previdencia-gerar-economia-tri\/\">Saiba mais &#8211;\u00a0Reforma da Previd\u00eancia pode gerar economia de at\u00e9 R$ 1 tri em 10 anos\u00a0<\/a><\/p>\n<p><a href=\"https:\/\/www.suno.com.br\/noticias\/reforma-previdencia-confira-cenarios-2019\/\">Saiba mais &#8211;\u00a0Reforma da Previd\u00eancia: confira quais s\u00e3o os cen\u00e1rios para 2019<\/a><\/p>\n<h2>A opini\u00e3o delas: idade m\u00ednima igual para mulheres<\/h2>\n<p>Para a economista Ana Am\u00e9lia Camarano, do Instituto de Pesquisa Econ\u00f4mica Aplicada (IPEA), a desigualdade que as mulheres enfrentam deve ter sua solu\u00e7\u00e3o na fonte: o <strong>mercado de trabalho<\/strong>.<\/p>\n<p>Camarano defende idades iguais de <strong>aposentadoria<\/strong> para homens e mulheres, por\u00e9m concorda com o benef\u00edcio \u00e0s m\u00e3es por conta da quest\u00e3o biol\u00f3gica.<\/p>\n<p>&#8220;A maternidade gera um custo de oportunidade que \u00e9 maior para a mulher, mesmo com a licen\u00e7a compartilhada (quando tamb\u00e9m \u00e9 estendida ao pai). \u00c9 a <strong>mulher<\/strong> que tem filho, amamenta. Tem um custo na carreira profissional. \u00c9 uma quest\u00e3o biol\u00f3gica. Isso justifica ter uma compensa\u00e7\u00e3o. N\u00e3o pela dupla jornada. Assim, se d\u00e1 o incentivo errado. Tem que atacar a origem, a inser\u00e7\u00e3o no mercado de trabalho.<\/p>\n<p>A economista desenvolveu um estudo cujos resultados apontam que a mulher que tem filhos recebe uma aposentadoria menor do que a que n\u00e3o tem:<\/p>\n<ul>\n<li>M\u00e9dia da aposentadoria de mulheres com filhos: R$ 1.229,79,<\/li>\n<li>M\u00e9dia da aposentadoria de mulheres sem filhos:\u00a0 R$ 1.602,20.<\/li>\n<\/ul>\n<p>M\u00e3e de dois filhos, ativa no <strong>mercado de trabalho<\/strong> h\u00e1 20 anos e com dois empregos,\u00a0Alessandra Louback, apoia a idade m\u00ednima semelhante para ambos os g\u00eaneros.<\/p>\n<p>&#8220;Temos que rever o sistema previdenci\u00e1rio. Debater. Hoje passamos mais tempo produzindo, at\u00e9 as pessoas mais velhas. Eu e meu marido contribu\u00edmos da mesma forma na cria\u00e7\u00e3o dos nossos filhos&#8221;, declarou Louback ao jornal o &#8220;O Globo&#8221;.<\/p>\n<p>De modo similar, Joana Ferreira, que \u00e9 gerente de atendimento de uma empresa de comunica\u00e7\u00e3o, mora com o companheiro e n\u00e3o tem filhos, tamb\u00e9m acredita que as regras devem ser iguais:<\/p>\n<p>&#8220;Em casa, dividimos todas as tarefas. Estabelecer que <strong>mulheres<\/strong> com filhos devem se aposentar antes refor\u00e7a a ideia de que a responsabilidade com o filho \u00e9 s\u00f3 da mulher&#8221;, argumentou Ferreira acerca da medida de b\u00f4nus para <strong>m\u00e3es<\/strong> na <strong>reforma da Previd\u00eancia<\/strong>, analisada pela equipe econ\u00f4mica do atual governo.<\/p>\n","protected":false},"excerpt":{"rendered":"<p>A proposta da reforma da Previd\u00eancia do governo do presidente da Rep\u00fablica Jair Bolsonaro estuda permitir benef\u00edcio para mulheres com filhos. No entanto, a aposentadoria adiantada para m\u00e3es n\u00e3o diminuir\u00e1 a desigualdade de g\u00eanero. As informa\u00e7\u00f5es foram coletadas de especialistas pelo jornal &#8220;O Globo&#8221;. Governo estuda medida para antecipar aposentadoria das m\u00e3es. (divulga\u00e7\u00e3o) A medida [&hellip;]<\/p>\n","protected":false},"author":12,"featured_media":12179,"comment_status":"closed","ping_status":"closed","sticky":false,"template":"","format":"standard","meta":[],"categories":[61],"tags":[940],"suno_strategy":[],"class_list":["post-12174","post","type-post","status-publish","format-standard","has-post-thumbnail","hentry","category-politica","tag-reforma-da-previdencia"],"yoast_head":"<!-- This site is optimized with the Yoast SEO plugin v24.4 - https:\/\/yoast.com\/wordpress\/plugins\/seo\/ -->\n<title>B\u00f4nus para m\u00e3es na reforma da Previd\u00eancia n\u00e3o diminui desigualdades, dizem especialistas<\/title>\n<meta name=\"description\" content=\"Medida \u00e9 estudada na reforma da Previd\u00eancia para antecipar a aposentadoria das m\u00e3es. Clique para saber mais.\" \/>\n<meta name=\"robots\" content=\"index, follow, max-snippet:-1, max-image-preview:large, max-video-preview:-1\" \/>\n<link rel=\"canonical\" href=\"https:\/\/www.suno.com.br\/noticias\/mae-reforma-previdencia-mulheres\/\" \/>\n<meta property=\"og:locale\" content=\"pt_BR\" \/>\n<meta property=\"og:type\" content=\"article\" \/>\n<meta property=\"og:title\" content=\"B\u00f4nus para m\u00e3es na reforma da Previd\u00eancia n\u00e3o diminui desigualdades, dizem especialistas\" \/>\n<meta property=\"og:description\" content=\"Medida \u00e9 estudada na reforma da Previd\u00eancia para antecipar a aposentadoria das m\u00e3es. Clique para saber mais.\" \/>\n<meta property=\"og:url\" content=\"https:\/\/www.suno.com.br\/noticias\/mae-reforma-previdencia-mulheres\/\" \/>\n<meta property=\"og:site_name\" content=\"Suno Not\u00edcias\" \/>\n<meta property=\"article:publisher\" content=\"https:\/\/facebook.com\/sunoresearch\" \/>\n<meta property=\"og:image\" content=\"https:\/\/files.sunoresearch.com.br\/n\/uploads\/2019\/01\/71e9a2e9-reforma-da-previd\u00eancia.jpg\" \/>\n\t<meta property=\"og:image:width\" content=\"960\" \/>\n\t<meta property=\"og:image:height\" content=\"681\" \/>\n\t<meta property=\"og:image:type\" content=\"image\/jpeg\" \/>\n<meta name=\"author\" content=\"Amanda Gushiken\" \/>\n<meta name=\"twitter:card\" content=\"summary_large_image\" \/>\n<meta name=\"twitter:creator\" content=\"@sunoresearch\" \/>\n<meta name=\"twitter:site\" content=\"@sunoresearch\" \/>\n<meta name=\"twitter:label1\" content=\"Escrito por\" \/>\n\t<meta name=\"twitter:data1\" content=\"Amanda Gushiken\" \/>\n\t<meta name=\"twitter:label2\" content=\"Est. tempo de leitura\" \/>\n\t<meta name=\"twitter:data2\" content=\"4 minutos\" \/>\n<script type=\"application\/ld+json\" class=\"yoast-schema-graph\">{\"@context\":\"https:\/\/schema.org\",\"@graph\":[{\"@type\":\"NewsArticle\",\"@id\":\"https:\/\/www.suno.com.br\/noticias\/mae-reforma-previdencia-mulheres\/#article\",\"isPartOf\":{\"@id\":\"https:\/\/www.suno.com.br\/noticias\/mae-reforma-previdencia-mulheres\/\"},\"author\":{\"name\":\"Amanda Gushiken\",\"@id\":\"https:\/\/www.suno.com.br\/noticias\/#\/schema\/person\/a5b06fa4e879d8e8e119c6ed3cd630d1\"},\"headline\":\"B\u00f4nus para m\u00e3es na reforma da Previd\u00eancia n\u00e3o diminui desigualdades, dizem especialistas\",\"datePublished\":\"2019-01-18T11:04:59+00:00\",\"mainEntityOfPage\":{\"@id\":\"https:\/\/www.suno.com.br\/noticias\/mae-reforma-previdencia-mulheres\/\"},\"wordCount\":866,\"publisher\":{\"@id\":\"https:\/\/www.suno.com.br\/noticias\/#organization\"},\"image\":{\"@id\":\"https:\/\/www.suno.com.br\/noticias\/mae-reforma-previdencia-mulheres\/#primaryimage\"},\"thumbnailUrl\":\"https:\/\/files.sunoresearch.com.br\/n\/uploads\/2019\/01\/71e9a2e9-reforma-da-previd\u00eancia-jpg.webp\",\"keywords\":[\"Reforma da Previd\u00eancia\"],\"articleSection\":[\"Pol\u00edtica\"],\"inLanguage\":\"pt-BR\"},{\"@type\":\"WebPage\",\"@id\":\"https:\/\/www.suno.com.br\/noticias\/mae-reforma-previdencia-mulheres\/\",\"url\":\"https:\/\/www.suno.com.br\/noticias\/mae-reforma-previdencia-mulheres\/\",\"name\":\"B\u00f4nus para m\u00e3es na reforma da Previd\u00eancia n\u00e3o diminui desigualdades, dizem especialistas\",\"isPartOf\":{\"@id\":\"https:\/\/www.suno.com.br\/noticias\/#website\"},\"primaryImageOfPage\":{\"@id\":\"https:\/\/www.suno.com.br\/noticias\/mae-reforma-previdencia-mulheres\/#primaryimage\"},\"image\":{\"@id\":\"https:\/\/www.suno.com.br\/noticias\/mae-reforma-previdencia-mulheres\/#primaryimage\"},\"thumbnailUrl\":\"https:\/\/files.sunoresearch.com.br\/n\/uploads\/2019\/01\/71e9a2e9-reforma-da-previd\u00eancia-jpg.webp\",\"datePublished\":\"2019-01-18T11:04:59+00:00\",\"description\":\"Medida \u00e9 estudada na reforma da Previd\u00eancia para antecipar a aposentadoria das m\u00e3es. Clique para saber mais.\",\"breadcrumb\":{\"@id\":\"https:\/\/www.suno.com.br\/noticias\/mae-reforma-previdencia-mulheres\/#breadcrumb\"},\"inLanguage\":\"pt-BR\",\"potentialAction\":[{\"@type\":\"ReadAction\",\"target\":[\"https:\/\/www.suno.com.br\/noticias\/mae-reforma-previdencia-mulheres\/\"]}]},{\"@type\":\"ImageObject\",\"inLanguage\":\"pt-BR\",\"@id\":\"https:\/\/www.suno.com.br\/noticias\/mae-reforma-previdencia-mulheres\/#primaryimage\",\"url\":\"https:\/\/files.sunoresearch.com.br\/n\/uploads\/2019\/01\/71e9a2e9-reforma-da-previd\u00eancia-jpg.webp\",\"contentUrl\":\"https:\/\/files.sunoresearch.com.br\/n\/uploads\/2019\/01\/71e9a2e9-reforma-da-previd\u00eancia-jpg.webp\",\"width\":960,\"height\":681,\"caption\":\"Governo estuda medida para antecipar aposentadoria das m\u00e3es. (divulga\u00e7\u00e3o)\"},{\"@type\":\"BreadcrumbList\",\"@id\":\"https:\/\/www.suno.com.br\/noticias\/mae-reforma-previdencia-mulheres\/#breadcrumb\",\"itemListElement\":[{\"@type\":\"ListItem\",\"position\":1,\"name\":\"Not\u00edcias\",\"item\":\"https:\/\/www.suno.com.br\/noticias\/\"},{\"@type\":\"ListItem\",\"position\":2,\"name\":\"Pol\u00edtica\",\"item\":\"https:\/\/www.suno.com.br\/noticias\/politica\/\"},{\"@type\":\"ListItem\",\"position\":3,\"name\":\"B\u00f4nus para m\u00e3es na reforma da Previd\u00eancia n\u00e3o diminui desigualdades, dizem especialistas\"}]},{\"@type\":\"WebSite\",\"@id\":\"https:\/\/www.suno.com.br\/noticias\/#website\",\"url\":\"https:\/\/www.suno.com.br\/noticias\/\",\"name\":\"Suno Not\u00edcias\",\"description\":\"Seu portal de informa\u00e7\u00e3o sobre o mundo dos investimentos\",\"publisher\":{\"@id\":\"https:\/\/www.suno.com.br\/noticias\/#organization\"},\"potentialAction\":[{\"@type\":\"SearchAction\",\"target\":{\"@type\":\"EntryPoint\",\"urlTemplate\":\"https:\/\/www.suno.com.br\/noticias\/?s={search_term_string}\"},\"query-input\":{\"@type\":\"PropertyValueSpecification\",\"valueRequired\":true,\"valueName\":\"search_term_string\"}}],\"inLanguage\":\"pt-BR\"},{\"@type\":\"Organization\",\"@id\":\"https:\/\/www.suno.com.br\/noticias\/#organization\",\"name\":\"Suno Not\u00edcias\",\"url\":\"https:\/\/www.suno.com.br\/noticias\/\",\"logo\":{\"@type\":\"ImageObject\",\"inLanguage\":\"pt-BR\",\"@id\":\"https:\/\/www.suno.com.br\/noticias\/#\/schema\/logo\/image\/\",\"url\":\"https:\/\/files.sunoresearch.com.br\/n\/uploads\/2021\/09\/suno-logo.png\",\"contentUrl\":\"https:\/\/files.sunoresearch.com.br\/n\/uploads\/2021\/09\/suno-logo.png\",\"width\":180,\"height\":180,\"caption\":\"Suno Not\u00edcias\"},\"image\":{\"@id\":\"https:\/\/www.suno.com.br\/noticias\/#\/schema\/logo\/image\/\"},\"sameAs\":[\"https:\/\/facebook.com\/sunoresearch\",\"https:\/\/x.com\/sunoresearch\",\"https:\/\/www.instagram.com\/suno\",\"https:\/\/www.linkedin.com\/company\/suno-research\/\",\"https:\/\/www.youtube.com\/c\/sunoresearch\"]},{\"@type\":\"Person\",\"@id\":\"https:\/\/www.suno.com.br\/noticias\/#\/schema\/person\/a5b06fa4e879d8e8e119c6ed3cd630d1\",\"name\":\"Amanda Gushiken\",\"image\":{\"@type\":\"ImageObject\",\"inLanguage\":\"pt-BR\",\"@id\":\"https:\/\/www.suno.com.br\/noticias\/#\/schema\/person\/image\/\",\"url\":\"https:\/\/secure.gravatar.com\/avatar\/ecd84705e6b65e3685ae80d725501fbe?s=96&r=g\",\"contentUrl\":\"https:\/\/secure.gravatar.com\/avatar\/ecd84705e6b65e3685ae80d725501fbe?s=96&r=g\",\"caption\":\"Amanda Gushiken\"},\"description\":\"Amanda Sayuri Gushiken escreve sobre finan\u00e7as e neg\u00f3cios para o portal Suno Not\u00edcias. Antes, trabalhou selecionando not\u00edcias da imprensa para clientes do mercado financeiro. Tamb\u00e9m desenvolveu pesquisa acad\u00eamica pela Universidade Anhembi Morumbi na \u00e1rea de Teorias da Comunica\u00e7\u00e3o e \u00e9 fot\u00f3grafa nas horas vagas.\",\"url\":\"https:\/\/www.suno.com.br\/noticias\/author\/amanda\/\"}]}<\/script>\n<!-- \/ Yoast SEO plugin. -->","yoast_head_json":{"title":"B\u00f4nus para m\u00e3es na reforma da Previd\u00eancia n\u00e3o diminui desigualdades, dizem especialistas","description":"Medida \u00e9 estudada na reforma da Previd\u00eancia para antecipar a aposentadoria das m\u00e3es. Clique para saber mais.","robots":{"index":"index","follow":"follow","max-snippet":"max-snippet:-1","max-image-preview":"max-image-preview:large","max-video-preview":"max-video-preview:-1"},"canonical":"https:\/\/www.suno.com.br\/noticias\/mae-reforma-previdencia-mulheres\/","og_locale":"pt_BR","og_type":"article","og_title":"B\u00f4nus para m\u00e3es na reforma da Previd\u00eancia n\u00e3o diminui desigualdades, dizem especialistas","og_description":"Medida \u00e9 estudada na reforma da Previd\u00eancia para antecipar a aposentadoria das m\u00e3es. Clique para saber mais.","og_url":"https:\/\/www.suno.com.br\/noticias\/mae-reforma-previdencia-mulheres\/","og_site_name":"Suno Not\u00edcias","article_publisher":"https:\/\/facebook.com\/sunoresearch","og_image":[{"width":960,"height":681,"url":"https:\/\/files.sunoresearch.com.br\/n\/uploads\/2019\/01\/71e9a2e9-reforma-da-previd\u00eancia.jpg","type":"image\/jpeg"}],"author":"Amanda Gushiken","twitter_card":"summary_large_image","twitter_creator":"@sunoresearch","twitter_site":"@sunoresearch","twitter_misc":{"Escrito por":"Amanda Gushiken","Est. tempo de leitura":"4 minutos"},"schema":{"@context":"https:\/\/schema.org","@graph":[{"@type":"NewsArticle","@id":"https:\/\/www.suno.com.br\/noticias\/mae-reforma-previdencia-mulheres\/#article","isPartOf":{"@id":"https:\/\/www.suno.com.br\/noticias\/mae-reforma-previdencia-mulheres\/"},"author":{"name":"Amanda Gushiken","@id":"https:\/\/www.suno.com.br\/noticias\/#\/schema\/person\/a5b06fa4e879d8e8e119c6ed3cd630d1"},"headline":"B\u00f4nus para m\u00e3es na reforma da Previd\u00eancia n\u00e3o diminui desigualdades, dizem especialistas","datePublished":"2019-01-18T11:04:59+00:00","mainEntityOfPage":{"@id":"https:\/\/www.suno.com.br\/noticias\/mae-reforma-previdencia-mulheres\/"},"wordCount":866,"publisher":{"@id":"https:\/\/www.suno.com.br\/noticias\/#organization"},"image":{"@id":"https:\/\/www.suno.com.br\/noticias\/mae-reforma-previdencia-mulheres\/#primaryimage"},"thumbnailUrl":"https:\/\/files.sunoresearch.com.br\/n\/uploads\/2019\/01\/71e9a2e9-reforma-da-previd\u00eancia-jpg.webp","keywords":["Reforma da Previd\u00eancia"],"articleSection":["Pol\u00edtica"],"inLanguage":"pt-BR"},{"@type":"WebPage","@id":"https:\/\/www.suno.com.br\/noticias\/mae-reforma-previdencia-mulheres\/","url":"https:\/\/www.suno.com.br\/noticias\/mae-reforma-previdencia-mulheres\/","name":"B\u00f4nus para m\u00e3es na reforma da Previd\u00eancia n\u00e3o diminui desigualdades, dizem especialistas","isPartOf":{"@id":"https:\/\/www.suno.com.br\/noticias\/#website"},"primaryImageOfPage":{"@id":"https:\/\/www.suno.com.br\/noticias\/mae-reforma-previdencia-mulheres\/#primaryimage"},"image":{"@id":"https:\/\/www.suno.com.br\/noticias\/mae-reforma-previdencia-mulheres\/#primaryimage"},"thumbnailUrl":"https:\/\/files.sunoresearch.com.br\/n\/uploads\/2019\/01\/71e9a2e9-reforma-da-previd\u00eancia-jpg.webp","datePublished":"2019-01-18T11:04:59+00:00","description":"Medida \u00e9 estudada na reforma da Previd\u00eancia para antecipar a aposentadoria das m\u00e3es. Clique para saber mais.","breadcrumb":{"@id":"https:\/\/www.suno.com.br\/noticias\/mae-reforma-previdencia-mulheres\/#breadcrumb"},"inLanguage":"pt-BR","potentialAction":[{"@type":"ReadAction","target":["https:\/\/www.suno.com.br\/noticias\/mae-reforma-previdencia-mulheres\/"]}]},{"@type":"ImageObject","inLanguage":"pt-BR","@id":"https:\/\/www.suno.com.br\/noticias\/mae-reforma-previdencia-mulheres\/#primaryimage","url":"https:\/\/files.sunoresearch.com.br\/n\/uploads\/2019\/01\/71e9a2e9-reforma-da-previd\u00eancia-jpg.webp","contentUrl":"https:\/\/files.sunoresearch.com.br\/n\/uploads\/2019\/01\/71e9a2e9-reforma-da-previd\u00eancia-jpg.webp","width":960,"height":681,"caption":"Governo estuda medida para antecipar aposentadoria das m\u00e3es. (divulga\u00e7\u00e3o)"},{"@type":"BreadcrumbList","@id":"https:\/\/www.suno.com.br\/noticias\/mae-reforma-previdencia-mulheres\/#breadcrumb","itemListElement":[{"@type":"ListItem","position":1,"name":"Not\u00edcias","item":"https:\/\/www.suno.com.br\/noticias\/"},{"@type":"ListItem","position":2,"name":"Pol\u00edtica","item":"https:\/\/www.suno.com.br\/noticias\/politica\/"},{"@type":"ListItem","position":3,"name":"B\u00f4nus para m\u00e3es na reforma da Previd\u00eancia n\u00e3o diminui desigualdades, dizem especialistas"}]},{"@type":"WebSite","@id":"https:\/\/www.suno.com.br\/noticias\/#website","url":"https:\/\/www.suno.com.br\/noticias\/","name":"Suno Not\u00edcias","description":"Seu portal de informa\u00e7\u00e3o sobre o mundo dos investimentos","publisher":{"@id":"https:\/\/www.suno.com.br\/noticias\/#organization"},"potentialAction":[{"@type":"SearchAction","target":{"@type":"EntryPoint","urlTemplate":"https:\/\/www.suno.com.br\/noticias\/?s={search_term_string}"},"query-input":{"@type":"PropertyValueSpecification","valueRequired":true,"valueName":"search_term_string"}}],"inLanguage":"pt-BR"},{"@type":"Organization","@id":"https:\/\/www.suno.com.br\/noticias\/#organization","name":"Suno Not\u00edcias","url":"https:\/\/www.suno.com.br\/noticias\/","logo":{"@type":"ImageObject","inLanguage":"pt-BR","@id":"https:\/\/www.suno.com.br\/noticias\/#\/schema\/logo\/image\/","url":"https:\/\/files.sunoresearch.com.br\/n\/uploads\/2021\/09\/suno-logo.png","contentUrl":"https:\/\/files.sunoresearch.com.br\/n\/uploads\/2021\/09\/suno-logo.png","width":180,"height":180,"caption":"Suno Not\u00edcias"},"image":{"@id":"https:\/\/www.suno.com.br\/noticias\/#\/schema\/logo\/image\/"},"sameAs":["https:\/\/facebook.com\/sunoresearch","https:\/\/x.com\/sunoresearch","https:\/\/www.instagram.com\/suno","https:\/\/www.linkedin.com\/company\/suno-research\/","https:\/\/www.youtube.com\/c\/sunoresearch"]},{"@type":"Person","@id":"https:\/\/www.suno.com.br\/noticias\/#\/schema\/person\/a5b06fa4e879d8e8e119c6ed3cd630d1","name":"Amanda Gushiken","image":{"@type":"ImageObject","inLanguage":"pt-BR","@id":"https:\/\/www.suno.com.br\/noticias\/#\/schema\/person\/image\/","url":"https:\/\/secure.gravatar.com\/avatar\/ecd84705e6b65e3685ae80d725501fbe?s=96&r=g","contentUrl":"https:\/\/secure.gravatar.com\/avatar\/ecd84705e6b65e3685ae80d725501fbe?s=96&r=g","caption":"Amanda Gushiken"},"description":"Amanda Sayuri Gushiken escreve sobre finan\u00e7as e neg\u00f3cios para o portal Suno Not\u00edcias. Antes, trabalhou selecionando not\u00edcias da imprensa para clientes do mercado financeiro. Tamb\u00e9m desenvolveu pesquisa acad\u00eamica pela Universidade Anhembi Morumbi na \u00e1rea de Teorias da Comunica\u00e7\u00e3o e \u00e9 fot\u00f3grafa nas horas vagas.","url":"https:\/\/www.suno.com.br\/noticias\/author\/amanda\/"}]}},"default_loop_html":"<div class=\"cardsPage__listCard__boxs\"><div class=\"cardsPage__listCard__boxs__img\"><a href=\"https:\/\/www.suno.com.br\/noticias\/mae-reforma-previdencia-mulheres\/\"><img class=\"mask\" src=\"https:\/\/www.suno.com.br\/noticias\/wp-content\/themes\/suno\/resources\/images\/spotlight\/spotlight1img\/bg-mask.png\" alt=\"Image Mask\"\/><img src=\"https:\/\/files.sunoresearch.com.br\/n\/uploads\/2019\/01\/71e9a2e9-reforma-da-previd\u00eancia-400x200.webp\" alt=\"B\u00f4nus para m\u00e3es na reforma da Previd\u00eancia n\u00e3o diminui desigualdades, dizem especialistas\"\/><\/a><span class=\"spotlightCategory\"><a href=\"https:\/\/www.suno.com.br\/noticias\/politica\/\">Pol\u00edtica<\/a><\/span><\/div><div class=\"cardsPage__listCard__boxs__content\"><a href=\"https:\/\/www.suno.com.br\/noticias\/mae-reforma-previdencia-mulheres\/\"><h2 class=\"content__title\">B\u00f4nus para m\u00e3es na reforma da Previd\u00eancia n\u00e3o diminui desigualdades, dizem especialistas<\/h2><\/a><div class=\"newsContent__article__meta\"><div class=\"newsContent__article__meta__authorBox\"><a href=\"https:\/\/www.suno.com.br\/noticias\/author\/amanda\/\" class=\"authorBox__avatar noMobi\"><img src=\"https:\/\/files.sunoresearch.com.br\/n\/uploads\/2018\/11\/c6ad30be-amanda-150x150.webp\" alt=\"Amanda Gushiken\"><\/a><div class=\"authorBox__name\"><span>por\n\t\t\t<a href=\"https:\/\/www.suno.com.br\/noticias\/author\/amanda\/\"><span itemprop=\"author\">Amanda Gushiken<\/span><\/a><\/span><time datetime=\"2019-01-18T09:04:59-02:00\" itemprop=\"datePublished\">18\/01\/2019 09:04<\/time><\/div><\/div><\/div><\/div><\/div>","single_layout":"posts","amp_enabled":true,"_links":{"self":[{"href":"https:\/\/www.suno.com.br\/noticias\/wp-json\/wp\/v2\/posts\/12174"}],"collection":[{"href":"https:\/\/www.suno.com.br\/noticias\/wp-json\/wp\/v2\/posts"}],"about":[{"href":"https:\/\/www.suno.com.br\/noticias\/wp-json\/wp\/v2\/types\/post"}],"author":[{"embeddable":true,"href":"https:\/\/www.suno.com.br\/noticias\/wp-json\/wp\/v2\/users\/12"}],"replies":[{"embeddable":true,"href":"https:\/\/www.suno.com.br\/noticias\/wp-json\/wp\/v2\/comments?post=12174"}],"version-history":[{"count":0,"href":"https:\/\/www.suno.com.br\/noticias\/wp-json\/wp\/v2\/posts\/12174\/revisions"}],"wp:featuredmedia":[{"embeddable":true,"href":"https:\/\/www.suno.com.br\/noticias\/wp-json\/wp\/v2\/media\/12179"}],"wp:attachment":[{"href":"https:\/\/www.suno.com.br\/noticias\/wp-json\/wp\/v2\/media?parent=12174"}],"wp:term":[{"taxonomy":"category","embeddable":true,"href":"https:\/\/www.suno.com.br\/noticias\/wp-json\/wp\/v2\/categories?post=12174"},{"taxonomy":"post_tag","embeddable":true,"href":"https:\/\/www.suno.com.br\/noticias\/wp-json\/wp\/v2\/tags?post=12174"},{"taxonomy":"suno_strategy","embeddable":true,"href":"https:\/\/www.suno.com.br\/noticias\/wp-json\/wp\/v2\/suno_strategy?post=12174"}],"curies":[{"name":"wp","href":"https:\/\/api.w.org\/{rel}","templated":true}]}}