{"id":121428,"date":"2021-02-12T18:29:02","date_gmt":"2021-02-12T21:29:02","guid":{"rendered":"https:\/\/www.suno.com.br\/noticias\/?p=121428"},"modified":"2021-05-29T20:29:25","modified_gmt":"2021-05-29T23:29:25","slug":"ibovespa-fecha-em-alta12022021","status":"publish","type":"post","link":"https:\/\/www.suno.com.br\/noticias\/ibovespa-fecha-em-alta12022021\/","title":{"rendered":"Ibovespa fecha em alta de 0,11%, a 119.428,72 pontos"},"content":{"rendered":"<p>O\u00a0<span style=\"font-weight: 700 !important;\">Ibovespa\u00a0<\/span>encerrou o preg\u00e3o desta sexta-feira (12) em alta de 0,11%, a 119.428,72 pontos. Na semana o \u00edndice acumulou uma queda de 0,92%.<\/p>\t<div class=\"wrapper-featured-image\">\n\t\t<figure class=\"spotlightImg\">\n\n\t\t\t<picture>\n\t\t\t\t<source media=\"(max-width: 768px)\" srcset=\"https:\/\/files.sunoresearch.com.br\/n\/uploads\/2021\/02\/191b2a55-bolsa-800x450-2-400x200.webp\">\n\t\t\t\t<img loading=\"lazy\" decoding=\"async\" class=\"newsContent__article__imgCapa lazyloadDisabled \" src=\"https:\/\/files.sunoresearch.com.br\/n\/uploads\/2021\/02\/191b2a55-bolsa-800x450-2-jpg.webp\" width=\"800\" height=\"450\" alt=\"Ibovespa fecha em alta de 0,11%, a 119.428,72 pontos\" fetchpriority=high \/>\n\t\t\t<\/picture>\n\n\t\t\t<figcaption class=\"wp-caption-text wp-caption-text--show\">Na \u00faltima sess\u00e3o, quinta-feira (11), o Ibovespa encerrou o preg\u00e3o em alta de 0,73%, a 119.299,83 pontos.<\/figcaption>\n\t\t<\/figure>\n\t<\/div>\n\n\n\t<p>\n\t\t<a href=\"https:\/\/lp.suno.com.br\/planilha-controle-gastos\/\" target=\"_blank\" data-element=\"shortcode-suno-banner\" title=\"Banner SUNO, clique e saiba mais\">\n\t\t\t<picture>\n\t\t\t\t<source media=\"(max-width: 500px)\" srcset=\"https:\/\/files.sunoresearch.com.br\/n\/uploads\/2023\/03\/400x300-Planilha-controle-de-gastos.png\">\n\t\t\t\t<img class=\"newsContent__article__imgCapa newsContent__article__imgCapa--banner\"\n\t\t\t\t\tsrc=\"https:\/\/files.sunoresearch.com.br\/n\/uploads\/2023\/03\/1420x240-Planilha-controle-de-gastos.png\"\n\t\t\t\t\tdata-promo-id=\"101751\"\t\t\t\t\t\t\t\t\t\twidth='1420' height='240'\t\t\t\t\talt=\"https:\/\/files.sunoresearch.com.br\/n\/uploads\/2023\/03\/1420x240-Planilha-controle-de-gastos.png\"\n\t\t\t\t>\n\t\t\t<\/picture>\n\t\t<\/a>\n\t<\/p>\n\n\n<p>O <a href=\"https:\/\/www.suno.com.br\/artigos\/ibovespa\/\"><strong>Ibovespa hoje<\/strong><\/a> abriu em queda enquanto o mercado estava atento ao \u00cdndice de Atividade Econ\u00f4mica do Banco Central (<strong>IBC-Br<\/strong>), considerado a pr\u00e9via do PIB da\u00a0<strong>autoridade monet\u00e1ria<\/strong>, que teve alta de 0,64% em dezembro de 2020 na compara\u00e7\u00e3o com novembro.<\/p>\n<p>Esse resultado ficou acima do esperado do mercado que estimava uma alta de 0,4%, com a mesma base de compara\u00e7\u00e3o, segundo os economistas consultados pela Bloomberg. Em rela\u00e7\u00e3o a dezembro de 2019, a alta foi de 1,34%, muito acima da expectativa que era alta de 0,90%.<\/p>\n<div>\n<div id=\"60141a969004bb2e956386a8\" class=\"op-interactive\" data-title=\"Quiz dos Investimentos\" data-url=\"https:\/\/sunoresearch289.outgrow.us\/60141a969004bb2e956386a8?vHeight=1\" data-width=\"100%\"><\/div>\n<p><script src='\/\/dyv6f9ner1ir9.cloudfront.net\/assets\/js\/nloader.js'><\/script><script>initIframe('60141a969004bb2e956386a8');<\/script><\/p>\n<\/div>\n<p>Al\u00e9m disso, confira o fechamento do Ibovespa durante a semana:<\/p>\n<ul>\n<li>Segunda-feira (8) o \u00edndice encerrou o preg\u00e3o em queda de 0,45%, cotado a 119.696,36 pontos, conforme os investidores repercutiam a altera\u00e7\u00e3o na <a href=\"https:\/\/www.suno.com.br\/noticias\/petrobras-petr4-imprensa-politica-precos\/\">pol\u00edtica de pre\u00e7os da <strong>Petrobras<\/strong>,<\/a> companhia com grande peso no \u00edndice.<\/li>\n<li>Ter\u00e7a-feira (9) o Ibovespa fechou em queda de 0,19%, a 119.471,62 pontos. Durante o dia os mercado seguiu atento \u00e0 <a href=\"https:\/\/www.suno.com.br\/noticias\/vale-vale3-boston-metal-aco-co2\/\"><strong>Vale<\/strong> que concluiu um investimento de US$ 6 milh\u00f5es (cerca de R$ 32,46 milh\u00f5es) na<strong> Boston Metal<\/strong> <\/a>para adquirir uma participa\u00e7\u00e3o minorit\u00e1ria na empresa.<\/li>\n<li>Quarta-feira (10) encerrou em queda de 0,87%, a 118.435,33 pontos ap\u00f3s a <a href=\"https:\/\/www.suno.com.br\/noticias\/cvc-cvcb3-agentes-autonomos-turismo\/\">CVC apresentar um plano de recupera\u00e7\u00e3o de seu crescimento e lucratividade.<\/a><\/li>\n<li>Quinta-feira (11) o Ibovespa fechou em alta de 0,73%, a 119.299,83 pontos, desacelerando no final da sess\u00e3o ap\u00f3s as falas do presidente Jair Bolsonaro sobre a volta do aux\u00edlio emergencial.<\/li>\n<\/ul>\n<h2>Principais not\u00edcias que movimentaram o Ibovespa<\/h2>\n<p>Al\u00e9m disso, veja as principais not\u00edcias que movimentaram o mercado durante o dia:<\/p>\n<ul>\n<li>A\u00e7\u00e3o da Cielo (CIEL3) cai 6,38% ap\u00f3s fala do presidente do BB<\/li>\n<li>Gol (GOLL4) convoca assembleia para incorpora\u00e7\u00e3o da Smiles em 15 de mar\u00e7o<\/li>\n<li>Embraer (EMBR3) entrega 71 jatos no 4\u00ba tri e fecha ano com carteira firme de US$ 14,4 bi<\/li>\n<li>Bolsas no exterior<\/li>\n<li>\u00daltima\u00a0<strong>cota\u00e7\u00e3o do Ibovespa<\/strong><\/li>\n<\/ul>\n<h3>A\u00e7\u00e3o da Cielo (CIEL3) despenca<\/h3>\n<p>A a\u00e7\u00e3o da<a href=\"https:\/\/www.suno.com.br\/acoes\/ciel3\/\"> <strong>Cielo<\/strong> (CIEL3)<\/a> operava em queda de 6,38%, valendo R$ 3,67, por volta das 16h50 desta sexta-feira. Por sua vez, o <a href=\"https:\/\/www.suno.com.br\/artigos\/ibovespa\/\">Ibovespa ca\u00eda<\/a> a 0,16%, a 119.114,58 pontos.<\/p>\n<p>A queda da <strong>a\u00e7\u00e3o da Cielo<\/strong> acontece ap\u00f3s o presidente do <a href=\"https:\/\/www.suno.com.br\/acoes\/bbas3\/\">Banco do Brasil -BB (BBAS3)<\/a>, <strong>Andr\u00e9 Brand\u00e3o<\/strong>, afirmar em teleconfer\u00eancia com jornalistas que a companhia \u00e9 &#8220;core business&#8221; para o BB, e assim o banco estatal n\u00e3o pretende vender sua participa\u00e7\u00e3o na empresa de servi\u00e7os financeiros.<\/p>\n\t<div data-element=\"shortcode-read-more\" class=\"knowMore\">\n\t\t\t\t<span class=\"knowMore__title\">Saiba mais <\/span>\n\t\t\t\t<a class=\"knowMore__link\" href=\"https:\/\/www.suno.com.br\/noticias\/cielo-ciel3-acao-cai-brandao\/\">\n\t\t\tA\u00e7\u00e3o da Cielo (CIEL3) cai 6,38% ap\u00f3s fala do presidente do BB\t\t<\/a>\n\t<\/div>\n\n\n<p>&#8220;N\u00e3o vamos desinvestir neste momento, mas temos que pensar em como melhorar a experi\u00eancia do cliente&#8221;, disse Brand\u00e3o hoje mais cedo.<\/p>\n<h3>Gol (GOLL4)<\/h3>\n<p>A <a href=\"https:\/\/www.suno.com.br\/acoes\/goll4\/\"><strong>Gol<\/strong> (GOLL4)<\/a> comunicou ao mercado nesta sexta-feira\u00a0 que deve definir a incorpora\u00e7\u00e3o da<a href=\"https:\/\/www.suno.com.br\/acoes\/smls3\/\"> Smiles (SMLS3)<\/a> em 15 de mar\u00e7o durante a assembleia geral extraordin\u00e1ria (AGE).<\/p>\n<p>Segundo o fato relevante da companhia a\u00e9rea, a reorganiza\u00e7\u00e3o tem como objetivo migrar a base acion\u00e1ria da Smiles para <strong>Gol<\/strong>. Desse modo, os pap\u00e9is da empresa de milhagem ser\u00e3o incorporados pelo valor de mercado, com emiss\u00e3o da Gol Linhas A\u00e9reas (GLA) para os acionistas da Smiles.<\/p>\n\t<div data-element=\"shortcode-read-more\" class=\"knowMore\">\n\t\t\t\t<span class=\"knowMore__title\">Saiba mais <\/span>\n\t\t\t\t<a class=\"knowMore__link\" href=\"https:\/\/www.suno.com.br\/noticias\/gol-goll4-smiles-smls3-incorporacao\/\">\n\t\t\tGol (GOLL4) convoca assembleia para incorpora\u00e7\u00e3o da Smiles em 15 de mar\u00e7o\t\t<\/a>\n\t<\/div>\n\n\n<p>Dentre outros pontos, busca-se com a reorganiza\u00e7\u00e3o assegurar a competitividade de longo prazo do Grupo nos seus principais mercados (viagens a\u00e9reas e programas de fidelidade) e a unifica\u00e7\u00e3o das bases acion\u00e1rias da companhia a\u00e9rea e Smiles em uma \u00fanica companhia aberta, alinhando os interesses de todos os acionistas e aumentando a liquidez no mercado das a\u00e7\u00f5es negociadas.<\/p>\n<h3>Embraer (EMBR3)<\/h3>\n<p>A <a href=\"https:\/\/www.suno.com.br\/acoes\/embr3\/\"><strong>Embraer<\/strong> (EMBR3)<\/a> informou na manh\u00e3 desta sexta-feira que entregou 71 jatos no quarto trimestre de 2020, sendo 28 comerciais e 43 executivos (23 leves e 20 grandes), o que representa uma queda de 10 aeronaves entregues no trimestre em rela\u00e7\u00e3o ao mesmo per\u00edodo de 2019. Em 31 de dezembro, a carteira de pedidos firmes a entregar totalizava US$ 14,4 bilh\u00f5es.<\/p>\n<p>No ano de 2020 a companhia entregou um total de <strong>130 jatos<\/strong>, sendo 44 comerciais e 86 executivos (56 leves e 30 grandes), o que representa uma redu\u00e7\u00e3o de quase 35% em rela\u00e7\u00e3o a 2019, quando 198 jatos foram entregues.<\/p>\n\t<div data-element=\"shortcode-read-more\" class=\"knowMore\">\n\t\t\t\t<span class=\"knowMore__title\">Saiba mais <\/span>\n\t\t\t\t<a class=\"knowMore__link\" href=\"https:\/\/www.suno.com.br\/noticias\/embraer-entrega-71-jatos-fecha-ano-carteira-firme\/\">\n\t\t\tEmbraer (EMBR3) entrega 71 jatos no 4\u00ba tri e fecha ano com carteira firme de US$ 14,4 bi\t\t<\/a>\n\t<\/div>\n\n\n<p>Em comunicado enviado \u00e0 <a href=\"https:\/\/www.suno.com.br\/artigos\/cvm\/\"><strong>Comiss\u00e3o de Valores Mobili\u00e1rios<\/strong> (CVM)<\/a>, a empresa destaca que embora tenham acelerado durante o quarto trimestre de 2020 em rela\u00e7\u00e3o aos tr\u00eas trimestres anteriores, as entregas foram fortemente impactadas, principalmente na avia\u00e7\u00e3o comercial, pela pandemia da covid-19.<\/p>\n<h2>Bolsas no exterior<\/h2>\n<p>Confira tamb\u00e9m o desempenho dos principais \u00edndices acion\u00e1rios no exterior<\/p>\n<ul>\n<li>Nova York (<a href=\"https:\/\/www.suno.com.br\/artigos\/sp-500\/\"><strong>S&amp;P 500<\/strong><\/a>): +0,47% &#8211; 3.934,83<\/li>\n<li>Londres (<a href=\"https:\/\/www.suno.com.br\/artigos\/ftse-100\/\"><strong>FTSE 100<\/strong><\/a>): +0,94% &#8211; 6.589,79<\/li>\n<li>Frankfurt (<a href=\"https:\/\/www.suno.com.br\/artigos\/dax-30\/\"><strong>DAX 30<\/strong>)<\/a>: +0,064% &#8211; 14.049,89<\/li>\n<li>Paris (<a href=\"https:\/\/www.suno.com.br\/artigos\/cac-40\/\"><strong>CAC 40<\/strong><\/a>): +0,60% &#8211; 5.703,67<\/li>\n<li>Hong Kong (<a href=\"https:\/\/www.suno.com.br\/artigos\/hang-seng\/\"><strong>Hang Seng<\/strong><\/a>): +0,45% &#8211; 30.173,57<\/li>\n<li>Xangai (<strong>SSE Composite<\/strong>): +1,43% &#8211; 3.655,09<\/li>\n<li>T\u00f3quio (<a href=\"https:\/\/www.suno.com.br\/artigos\/nikkei-225\/\"><strong>Nikkei 225<\/strong><\/a>): -0,14% &#8211; 29.520,07<\/li>\n<\/ul>\n\t<p>\n\t\t<a href=\"https:\/\/lp.suno.com.br\/planilha-da-vida-financeira\/\" target=\"_blank\" data-element=\"shortcode-suno-banner\" title=\"Banner SUNO, clique e saiba mais\">\n\t\t\t<picture>\n\t\t\t\t<source media=\"(max-width: 500px)\" srcset=\"https:\/\/files.sunoresearch.com.br\/n\/uploads\/2023\/04\/400x300-Planilha-vida-financeira-true.png\">\n\t\t\t\t<img class=\"newsContent__article__imgCapa newsContent__article__imgCapa--banner\"\n\t\t\t\t\tsrc=\"https:\/\/files.sunoresearch.com.br\/n\/uploads\/2023\/04\/1420x240-Planilha-vida-financeira-true.png\"\n\t\t\t\t\tdata-promo-id=\"106682\"\t\t\t\t\t\t\t\t\t\twidth='1420' height='240'\t\t\t\t\talt=\"https:\/\/files.sunoresearch.com.br\/n\/uploads\/2023\/04\/1420x240-Planilha-vida-financeira-true.png\"\n\t\t\t\t>\n\t\t\t<\/picture>\n\t\t<\/a>\n\t<\/p>\n\n\n<h2>\u00daltima cota\u00e7\u00e3o do Ibovespa<\/h2>\n<p>Na \u00faltima sess\u00e3o, quinta-feira (11), o <strong>Ibovespa<\/strong> encerrou o preg\u00e3o em alta de 0,73%, a 119.299,83 pontos.<\/p>\n\t<p>\n\t\t<a href=\"https:\/\/lp.suno.com.br\/planilha-de-controle-de-investimentos\/\" target=\"_blank\" data-element=\"shortcode-suno-banner\" title=\"Banner SUNO, clique e saiba mais\">\n\t\t\t<picture>\n\t\t\t\t<source media=\"(max-width: 500px)\" srcset=\"https:\/\/files.sunoresearch.com.br\/n\/uploads\/2023\/03\/400x300-Controle-de-Investimentos.png\">\n\t\t\t\t<img class=\"newsContent__article__imgCapa newsContent__article__imgCapa--banner\"\n\t\t\t\t\tsrc=\"https:\/\/files.sunoresearch.com.br\/n\/uploads\/2023\/03\/1420x240-Controle-de-Investimentos.png\"\n\t\t\t\t\tdata-promo-id=\"75934\"\t\t\t\t\t\t\t\t\t\twidth='1420' height='240'\t\t\t\t\talt=\"https:\/\/files.sunoresearch.com.br\/n\/uploads\/2023\/03\/1420x240-Controle-de-Investimentos.png\"\n\t\t\t\t>\n\t\t\t<\/picture>\n\t\t<\/a>\n\t<\/p>\n\n\n","protected":false},"excerpt":{"rendered":"<p>O\u00a0Ibovespa\u00a0encerrou o preg\u00e3o desta sexta-feira (12) em alta de 0,11%, a 119.428,72 pontos. Na semana o \u00edndice acumulou uma queda de 0,92%. Na \u00faltima sess\u00e3o, quinta-feira (11), o Ibovespa encerrou o preg\u00e3o em alta de 0,73%, a 119.299,83 pontos. O Ibovespa hoje abriu em queda enquanto o mercado estava atento ao \u00cdndice de Atividade Econ\u00f4mica [&hellip;]<\/p>\n","protected":false},"author":39,"featured_media":121438,"comment_status":"closed","ping_status":"closed","sticky":false,"template":"","format":"standard","meta":[],"categories":[60],"tags":[104703,423,460,489,721],"suno_strategy":[],"class_list":["post-121428","post","type-post","status-publish","format-standard","has-post-thumbnail","hentry","category-mercado","tag-bolsas-mundiais","tag-cielo-ciel3","tag-embraer-embr3","tag-gol-linhas-aereas-goll11-goll4","tag-ibovespa"],"yoast_head":"<!-- This site is optimized with the Yoast SEO plugin v24.4 - https:\/\/yoast.com\/wordpress\/plugins\/seo\/ -->\n<title>Ibovespa fecha em alta de 0,11%, a 119.428,72 pontos<\/title>\n<meta name=\"description\" content=\"O\u00a0Ibovespa\u00a0encerrou o preg\u00e3o desta sexta-feira (12) em alta de 0,11%, a 119.428,72 pontos. Na semana o \u00edndice acumulou uma queda de 0,92%.\" \/>\n<meta name=\"robots\" content=\"index, follow, max-snippet:-1, max-image-preview:large, max-video-preview:-1\" \/>\n<link rel=\"canonical\" href=\"https:\/\/www.suno.com.br\/noticias\/ibovespa-fecha-em-alta12022021\/\" \/>\n<meta property=\"og:locale\" content=\"pt_BR\" \/>\n<meta property=\"og:type\" content=\"article\" \/>\n<meta property=\"og:title\" content=\"Ibovespa fecha em alta de 0,11%, a 119.428,72 pontos\" \/>\n<meta property=\"og:description\" content=\"O\u00a0Ibovespa\u00a0encerrou o preg\u00e3o desta sexta-feira (12) em alta de 0,11%, a 119.428,72 pontos. Na semana o \u00edndice acumulou uma queda de 0,92%.\" \/>\n<meta property=\"og:url\" content=\"https:\/\/www.suno.com.br\/noticias\/ibovespa-fecha-em-alta12022021\/\" \/>\n<meta property=\"og:site_name\" content=\"Suno Not\u00edcias\" \/>\n<meta property=\"article:publisher\" content=\"https:\/\/facebook.com\/sunoresearch\" \/>\n<meta property=\"og:image\" content=\"https:\/\/files.sunoresearch.com.br\/n\/uploads\/2021\/02\/191b2a55-bolsa-800x450-2.jpg\" \/>\n\t<meta property=\"og:image:width\" content=\"800\" \/>\n\t<meta property=\"og:image:height\" content=\"450\" \/>\n\t<meta property=\"og:image:type\" content=\"image\/jpeg\" \/>\n<meta name=\"author\" content=\"Laura Moutinho\" \/>\n<meta name=\"twitter:card\" content=\"summary_large_image\" \/>\n<meta name=\"twitter:creator\" content=\"@sunoresearch\" \/>\n<meta name=\"twitter:site\" content=\"@sunoresearch\" \/>\n<meta name=\"twitter:label1\" content=\"Escrito por\" \/>\n\t<meta name=\"twitter:data1\" content=\"Laura Moutinho\" \/>\n\t<meta name=\"twitter:label2\" content=\"Est. tempo de leitura\" \/>\n\t<meta name=\"twitter:data2\" content=\"4 minutos\" \/>\n<script type=\"application\/ld+json\" class=\"yoast-schema-graph\">{\"@context\":\"https:\/\/schema.org\",\"@graph\":[{\"@type\":\"NewsArticle\",\"@id\":\"https:\/\/www.suno.com.br\/noticias\/ibovespa-fecha-em-alta12022021\/#article\",\"isPartOf\":{\"@id\":\"https:\/\/www.suno.com.br\/noticias\/ibovespa-fecha-em-alta12022021\/\"},\"author\":{\"name\":\"Laura Moutinho\",\"@id\":\"https:\/\/www.suno.com.br\/noticias\/#\/schema\/person\/3df0d2808748b74496efe5dbeaef2c72\"},\"headline\":\"Ibovespa fecha em alta de 0,11%, a 119.428,72 pontos\",\"datePublished\":\"2021-02-12T21:29:02+00:00\",\"dateModified\":\"2021-05-29T23:29:25+00:00\",\"mainEntityOfPage\":{\"@id\":\"https:\/\/www.suno.com.br\/noticias\/ibovespa-fecha-em-alta12022021\/\"},\"wordCount\":811,\"publisher\":{\"@id\":\"https:\/\/www.suno.com.br\/noticias\/#organization\"},\"image\":{\"@id\":\"https:\/\/www.suno.com.br\/noticias\/ibovespa-fecha-em-alta12022021\/#primaryimage\"},\"thumbnailUrl\":\"https:\/\/files.sunoresearch.com.br\/n\/uploads\/2021\/02\/191b2a55-bolsa-800x450-2-jpg.webp\",\"keywords\":[\"Bolsas mundiais\",\"Cielo (CIEL3)\",\"Embraer (EMBR3)\",\"Gol Linhas A\u00e9reas (GOLL11\/GOLL4)\",\"Ibovespa\"],\"articleSection\":[\"Mercado\"],\"inLanguage\":\"pt-BR\"},{\"@type\":\"WebPage\",\"@id\":\"https:\/\/www.suno.com.br\/noticias\/ibovespa-fecha-em-alta12022021\/\",\"url\":\"https:\/\/www.suno.com.br\/noticias\/ibovespa-fecha-em-alta12022021\/\",\"name\":\"Ibovespa fecha em alta de 0,11%, a 119.428,72 pontos\",\"isPartOf\":{\"@id\":\"https:\/\/www.suno.com.br\/noticias\/#website\"},\"primaryImageOfPage\":{\"@id\":\"https:\/\/www.suno.com.br\/noticias\/ibovespa-fecha-em-alta12022021\/#primaryimage\"},\"image\":{\"@id\":\"https:\/\/www.suno.com.br\/noticias\/ibovespa-fecha-em-alta12022021\/#primaryimage\"},\"thumbnailUrl\":\"https:\/\/files.sunoresearch.com.br\/n\/uploads\/2021\/02\/191b2a55-bolsa-800x450-2-jpg.webp\",\"datePublished\":\"2021-02-12T21:29:02+00:00\",\"dateModified\":\"2021-05-29T23:29:25+00:00\",\"description\":\"O\u00a0Ibovespa\u00a0encerrou o preg\u00e3o desta sexta-feira (12) em alta de 0,11%, a 119.428,72 pontos. Na semana o \u00edndice acumulou uma queda de 0,92%.\",\"breadcrumb\":{\"@id\":\"https:\/\/www.suno.com.br\/noticias\/ibovespa-fecha-em-alta12022021\/#breadcrumb\"},\"inLanguage\":\"pt-BR\",\"potentialAction\":[{\"@type\":\"ReadAction\",\"target\":[\"https:\/\/www.suno.com.br\/noticias\/ibovespa-fecha-em-alta12022021\/\"]}]},{\"@type\":\"ImageObject\",\"inLanguage\":\"pt-BR\",\"@id\":\"https:\/\/www.suno.com.br\/noticias\/ibovespa-fecha-em-alta12022021\/#primaryimage\",\"url\":\"https:\/\/files.sunoresearch.com.br\/n\/uploads\/2021\/02\/191b2a55-bolsa-800x450-2-jpg.webp\",\"contentUrl\":\"https:\/\/files.sunoresearch.com.br\/n\/uploads\/2021\/02\/191b2a55-bolsa-800x450-2-jpg.webp\",\"width\":800,\"height\":450,\"caption\":\"Na \u00faltima sess\u00e3o, quinta-feira (11), o Ibovespa encerrou o preg\u00e3o em alta de 0,73%, a 119.299,83 pontos.\"},{\"@type\":\"BreadcrumbList\",\"@id\":\"https:\/\/www.suno.com.br\/noticias\/ibovespa-fecha-em-alta12022021\/#breadcrumb\",\"itemListElement\":[{\"@type\":\"ListItem\",\"position\":1,\"name\":\"Not\u00edcias\",\"item\":\"https:\/\/www.suno.com.br\/noticias\/\"},{\"@type\":\"ListItem\",\"position\":2,\"name\":\"Mercado\",\"item\":\"https:\/\/www.suno.com.br\/noticias\/mercado\/\"},{\"@type\":\"ListItem\",\"position\":3,\"name\":\"Ibovespa fecha em alta de 0,11%, a 119.428,72 pontos\"}]},{\"@type\":\"WebSite\",\"@id\":\"https:\/\/www.suno.com.br\/noticias\/#website\",\"url\":\"https:\/\/www.suno.com.br\/noticias\/\",\"name\":\"Suno Not\u00edcias\",\"description\":\"Seu portal de informa\u00e7\u00e3o sobre o mundo dos investimentos\",\"publisher\":{\"@id\":\"https:\/\/www.suno.com.br\/noticias\/#organization\"},\"potentialAction\":[{\"@type\":\"SearchAction\",\"target\":{\"@type\":\"EntryPoint\",\"urlTemplate\":\"https:\/\/www.suno.com.br\/noticias\/?s={search_term_string}\"},\"query-input\":{\"@type\":\"PropertyValueSpecification\",\"valueRequired\":true,\"valueName\":\"search_term_string\"}}],\"inLanguage\":\"pt-BR\"},{\"@type\":\"Organization\",\"@id\":\"https:\/\/www.suno.com.br\/noticias\/#organization\",\"name\":\"Suno Not\u00edcias\",\"url\":\"https:\/\/www.suno.com.br\/noticias\/\",\"logo\":{\"@type\":\"ImageObject\",\"inLanguage\":\"pt-BR\",\"@id\":\"https:\/\/www.suno.com.br\/noticias\/#\/schema\/logo\/image\/\",\"url\":\"https:\/\/files.sunoresearch.com.br\/n\/uploads\/2021\/09\/suno-logo.png\",\"contentUrl\":\"https:\/\/files.sunoresearch.com.br\/n\/uploads\/2021\/09\/suno-logo.png\",\"width\":180,\"height\":180,\"caption\":\"Suno Not\u00edcias\"},\"image\":{\"@id\":\"https:\/\/www.suno.com.br\/noticias\/#\/schema\/logo\/image\/\"},\"sameAs\":[\"https:\/\/facebook.com\/sunoresearch\",\"https:\/\/x.com\/sunoresearch\",\"https:\/\/www.instagram.com\/suno\",\"https:\/\/www.linkedin.com\/company\/suno-research\/\",\"https:\/\/www.youtube.com\/c\/sunoresearch\"]},{\"@type\":\"Person\",\"@id\":\"https:\/\/www.suno.com.br\/noticias\/#\/schema\/person\/3df0d2808748b74496efe5dbeaef2c72\",\"name\":\"Laura Moutinho\",\"image\":{\"@type\":\"ImageObject\",\"inLanguage\":\"pt-BR\",\"@id\":\"https:\/\/www.suno.com.br\/noticias\/#\/schema\/person\/image\/\",\"url\":\"https:\/\/secure.gravatar.com\/avatar\/7571c7c8ca3a6fca5e41384ece5557ff?s=96&r=g\",\"contentUrl\":\"https:\/\/secure.gravatar.com\/avatar\/7571c7c8ca3a6fca5e41384ece5557ff?s=96&r=g\",\"caption\":\"Laura Moutinho\"},\"description\":\"Estagi\u00e1ria na Suno Not\u00edcias, escreve not\u00edcias que afetam o mercado financeiro. Estuda administra\u00e7\u00e3o na Universidade Presbiteriana Mackenzie.\",\"url\":\"https:\/\/www.suno.com.br\/noticias\/author\/laura-moutinho\/\"}]}<\/script>\n<!-- \/ Yoast SEO plugin. -->","yoast_head_json":{"title":"Ibovespa fecha em alta de 0,11%, a 119.428,72 pontos","description":"O\u00a0Ibovespa\u00a0encerrou o preg\u00e3o desta sexta-feira (12) em alta de 0,11%, a 119.428,72 pontos. Na semana o \u00edndice acumulou uma queda de 0,92%.","robots":{"index":"index","follow":"follow","max-snippet":"max-snippet:-1","max-image-preview":"max-image-preview:large","max-video-preview":"max-video-preview:-1"},"canonical":"https:\/\/www.suno.com.br\/noticias\/ibovespa-fecha-em-alta12022021\/","og_locale":"pt_BR","og_type":"article","og_title":"Ibovespa fecha em alta de 0,11%, a 119.428,72 pontos","og_description":"O\u00a0Ibovespa\u00a0encerrou o preg\u00e3o desta sexta-feira (12) em alta de 0,11%, a 119.428,72 pontos. Na semana o \u00edndice acumulou uma queda de 0,92%.","og_url":"https:\/\/www.suno.com.br\/noticias\/ibovespa-fecha-em-alta12022021\/","og_site_name":"Suno Not\u00edcias","article_publisher":"https:\/\/facebook.com\/sunoresearch","og_image":[{"width":800,"height":450,"url":"https:\/\/files.sunoresearch.com.br\/n\/uploads\/2021\/02\/191b2a55-bolsa-800x450-2.jpg","type":"image\/jpeg"}],"author":"Laura Moutinho","twitter_card":"summary_large_image","twitter_creator":"@sunoresearch","twitter_site":"@sunoresearch","twitter_misc":{"Escrito por":"Laura Moutinho","Est. tempo de leitura":"4 minutos"},"schema":{"@context":"https:\/\/schema.org","@graph":[{"@type":"NewsArticle","@id":"https:\/\/www.suno.com.br\/noticias\/ibovespa-fecha-em-alta12022021\/#article","isPartOf":{"@id":"https:\/\/www.suno.com.br\/noticias\/ibovespa-fecha-em-alta12022021\/"},"author":{"name":"Laura Moutinho","@id":"https:\/\/www.suno.com.br\/noticias\/#\/schema\/person\/3df0d2808748b74496efe5dbeaef2c72"},"headline":"Ibovespa fecha em alta de 0,11%, a 119.428,72 pontos","datePublished":"2021-02-12T21:29:02+00:00","dateModified":"2021-05-29T23:29:25+00:00","mainEntityOfPage":{"@id":"https:\/\/www.suno.com.br\/noticias\/ibovespa-fecha-em-alta12022021\/"},"wordCount":811,"publisher":{"@id":"https:\/\/www.suno.com.br\/noticias\/#organization"},"image":{"@id":"https:\/\/www.suno.com.br\/noticias\/ibovespa-fecha-em-alta12022021\/#primaryimage"},"thumbnailUrl":"https:\/\/files.sunoresearch.com.br\/n\/uploads\/2021\/02\/191b2a55-bolsa-800x450-2-jpg.webp","keywords":["Bolsas mundiais","Cielo (CIEL3)","Embraer (EMBR3)","Gol Linhas A\u00e9reas (GOLL11\/GOLL4)","Ibovespa"],"articleSection":["Mercado"],"inLanguage":"pt-BR"},{"@type":"WebPage","@id":"https:\/\/www.suno.com.br\/noticias\/ibovespa-fecha-em-alta12022021\/","url":"https:\/\/www.suno.com.br\/noticias\/ibovespa-fecha-em-alta12022021\/","name":"Ibovespa fecha em alta de 0,11%, a 119.428,72 pontos","isPartOf":{"@id":"https:\/\/www.suno.com.br\/noticias\/#website"},"primaryImageOfPage":{"@id":"https:\/\/www.suno.com.br\/noticias\/ibovespa-fecha-em-alta12022021\/#primaryimage"},"image":{"@id":"https:\/\/www.suno.com.br\/noticias\/ibovespa-fecha-em-alta12022021\/#primaryimage"},"thumbnailUrl":"https:\/\/files.sunoresearch.com.br\/n\/uploads\/2021\/02\/191b2a55-bolsa-800x450-2-jpg.webp","datePublished":"2021-02-12T21:29:02+00:00","dateModified":"2021-05-29T23:29:25+00:00","description":"O\u00a0Ibovespa\u00a0encerrou o preg\u00e3o desta sexta-feira (12) em alta de 0,11%, a 119.428,72 pontos. Na semana o \u00edndice acumulou uma queda de 0,92%.","breadcrumb":{"@id":"https:\/\/www.suno.com.br\/noticias\/ibovespa-fecha-em-alta12022021\/#breadcrumb"},"inLanguage":"pt-BR","potentialAction":[{"@type":"ReadAction","target":["https:\/\/www.suno.com.br\/noticias\/ibovespa-fecha-em-alta12022021\/"]}]},{"@type":"ImageObject","inLanguage":"pt-BR","@id":"https:\/\/www.suno.com.br\/noticias\/ibovespa-fecha-em-alta12022021\/#primaryimage","url":"https:\/\/files.sunoresearch.com.br\/n\/uploads\/2021\/02\/191b2a55-bolsa-800x450-2-jpg.webp","contentUrl":"https:\/\/files.sunoresearch.com.br\/n\/uploads\/2021\/02\/191b2a55-bolsa-800x450-2-jpg.webp","width":800,"height":450,"caption":"Na \u00faltima sess\u00e3o, quinta-feira (11), o Ibovespa encerrou o preg\u00e3o em alta de 0,73%, a 119.299,83 pontos."},{"@type":"BreadcrumbList","@id":"https:\/\/www.suno.com.br\/noticias\/ibovespa-fecha-em-alta12022021\/#breadcrumb","itemListElement":[{"@type":"ListItem","position":1,"name":"Not\u00edcias","item":"https:\/\/www.suno.com.br\/noticias\/"},{"@type":"ListItem","position":2,"name":"Mercado","item":"https:\/\/www.suno.com.br\/noticias\/mercado\/"},{"@type":"ListItem","position":3,"name":"Ibovespa fecha em alta de 0,11%, a 119.428,72 pontos"}]},{"@type":"WebSite","@id":"https:\/\/www.suno.com.br\/noticias\/#website","url":"https:\/\/www.suno.com.br\/noticias\/","name":"Suno Not\u00edcias","description":"Seu portal de informa\u00e7\u00e3o sobre o mundo dos investimentos","publisher":{"@id":"https:\/\/www.suno.com.br\/noticias\/#organization"},"potentialAction":[{"@type":"SearchAction","target":{"@type":"EntryPoint","urlTemplate":"https:\/\/www.suno.com.br\/noticias\/?s={search_term_string}"},"query-input":{"@type":"PropertyValueSpecification","valueRequired":true,"valueName":"search_term_string"}}],"inLanguage":"pt-BR"},{"@type":"Organization","@id":"https:\/\/www.suno.com.br\/noticias\/#organization","name":"Suno Not\u00edcias","url":"https:\/\/www.suno.com.br\/noticias\/","logo":{"@type":"ImageObject","inLanguage":"pt-BR","@id":"https:\/\/www.suno.com.br\/noticias\/#\/schema\/logo\/image\/","url":"https:\/\/files.sunoresearch.com.br\/n\/uploads\/2021\/09\/suno-logo.png","contentUrl":"https:\/\/files.sunoresearch.com.br\/n\/uploads\/2021\/09\/suno-logo.png","width":180,"height":180,"caption":"Suno Not\u00edcias"},"image":{"@id":"https:\/\/www.suno.com.br\/noticias\/#\/schema\/logo\/image\/"},"sameAs":["https:\/\/facebook.com\/sunoresearch","https:\/\/x.com\/sunoresearch","https:\/\/www.instagram.com\/suno","https:\/\/www.linkedin.com\/company\/suno-research\/","https:\/\/www.youtube.com\/c\/sunoresearch"]},{"@type":"Person","@id":"https:\/\/www.suno.com.br\/noticias\/#\/schema\/person\/3df0d2808748b74496efe5dbeaef2c72","name":"Laura Moutinho","image":{"@type":"ImageObject","inLanguage":"pt-BR","@id":"https:\/\/www.suno.com.br\/noticias\/#\/schema\/person\/image\/","url":"https:\/\/secure.gravatar.com\/avatar\/7571c7c8ca3a6fca5e41384ece5557ff?s=96&r=g","contentUrl":"https:\/\/secure.gravatar.com\/avatar\/7571c7c8ca3a6fca5e41384ece5557ff?s=96&r=g","caption":"Laura Moutinho"},"description":"Estagi\u00e1ria na Suno Not\u00edcias, escreve not\u00edcias que afetam o mercado financeiro. Estuda administra\u00e7\u00e3o na Universidade Presbiteriana Mackenzie.","url":"https:\/\/www.suno.com.br\/noticias\/author\/laura-moutinho\/"}]}},"default_loop_html":"<div class=\"cardsPage__listCard__boxs\"><div class=\"cardsPage__listCard__boxs__img\"><a href=\"https:\/\/www.suno.com.br\/noticias\/ibovespa-fecha-em-alta12022021\/\"><img class=\"mask\" src=\"https:\/\/www.suno.com.br\/noticias\/wp-content\/themes\/suno\/resources\/images\/spotlight\/spotlight1img\/bg-mask.png\" alt=\"Image Mask\"\/><img src=\"https:\/\/files.sunoresearch.com.br\/n\/uploads\/2021\/02\/191b2a55-bolsa-800x450-2-400x200.webp\" alt=\"Ibovespa fecha em alta de 0,11%, a 119.428,72 pontos\"\/><\/a><span class=\"spotlightCategory\"><a href=\"https:\/\/www.suno.com.br\/noticias\/mercado\/\">Mercado<\/a><\/span><\/div><div class=\"cardsPage__listCard__boxs__content\"><a href=\"https:\/\/www.suno.com.br\/noticias\/ibovespa-fecha-em-alta12022021\/\"><h2 class=\"content__title\">Ibovespa fecha em alta de 0,11%, a 119.428,72 pontos<\/h2><\/a><div class=\"newsContent__article__meta\"><div class=\"newsContent__article__meta__authorBox\"><a href=\"https:\/\/www.suno.com.br\/noticias\/author\/laura-moutinho\/\" class=\"authorBox__avatar noMobi\"><img src=\"https:\/\/files.sunoresearch.com.br\/n\/uploads\/2020\/08\/531ff69d-whatsapp-image-2020-08-03-at-14.54.38-150x150.webp\" alt=\"Laura Moutinho\"><\/a><div class=\"authorBox__name\"><span>por\n\t\t\t<a href=\"https:\/\/www.suno.com.br\/noticias\/author\/laura-moutinho\/\"><span itemprop=\"author\">Laura Moutinho<\/span><\/a><\/span><time datetime=\"2021-02-12T18:29:02-03:00\" itemprop=\"datePublished\">12\/02\/2021 18:29<\/time><\/div><\/div><\/div><\/div><\/div>","single_layout":"posts","amp_enabled":true,"_links":{"self":[{"href":"https:\/\/www.suno.com.br\/noticias\/wp-json\/wp\/v2\/posts\/121428"}],"collection":[{"href":"https:\/\/www.suno.com.br\/noticias\/wp-json\/wp\/v2\/posts"}],"about":[{"href":"https:\/\/www.suno.com.br\/noticias\/wp-json\/wp\/v2\/types\/post"}],"author":[{"embeddable":true,"href":"https:\/\/www.suno.com.br\/noticias\/wp-json\/wp\/v2\/users\/39"}],"replies":[{"embeddable":true,"href":"https:\/\/www.suno.com.br\/noticias\/wp-json\/wp\/v2\/comments?post=121428"}],"version-history":[{"count":1,"href":"https:\/\/www.suno.com.br\/noticias\/wp-json\/wp\/v2\/posts\/121428\/revisions"}],"predecessor-version":[{"id":147202,"href":"https:\/\/www.suno.com.br\/noticias\/wp-json\/wp\/v2\/posts\/121428\/revisions\/147202"}],"wp:featuredmedia":[{"embeddable":true,"href":"https:\/\/www.suno.com.br\/noticias\/wp-json\/wp\/v2\/media\/121438"}],"wp:attachment":[{"href":"https:\/\/www.suno.com.br\/noticias\/wp-json\/wp\/v2\/media?parent=121428"}],"wp:term":[{"taxonomy":"category","embeddable":true,"href":"https:\/\/www.suno.com.br\/noticias\/wp-json\/wp\/v2\/categories?post=121428"},{"taxonomy":"post_tag","embeddable":true,"href":"https:\/\/www.suno.com.br\/noticias\/wp-json\/wp\/v2\/tags?post=121428"},{"taxonomy":"suno_strategy","embeddable":true,"href":"https:\/\/www.suno.com.br\/noticias\/wp-json\/wp\/v2\/suno_strategy?post=121428"}],"curies":[{"name":"wp","href":"https:\/\/api.w.org\/{rel}","templated":true}]}}