{"id":12132,"date":"2019-01-17T19:10:19","date_gmt":"2019-01-17T21:10:19","guid":{"rendered":"https:\/\/www.suno.com.br\/noticias\/?p=12132"},"modified":"2021-02-18T17:54:20","modified_gmt":"2021-02-18T20:54:20","slug":"ibovespa-sobe-1-e-ultrapassa-a-marca-dos-95-mil-pontos","status":"publish","type":"post","link":"https:\/\/www.suno.com.br\/noticias\/ibovespa-sobe-1-e-ultrapassa-a-marca-dos-95-mil-pontos\/","title":{"rendered":"Ibovespa sobe 1% e ultrapassa a marca dos 95 mil pontos"},"content":{"rendered":"<p>O\u00a0<a href=\"https:\/\/www.suno.com.br\/artigos\/ibovespa\/\">Ibovespa<\/a> fechou est\u00e1 quinta-feira (17) em alta de 1,01%, ultrapassando os 95 mil pontos.<\/p>\t<div class=\"wrapper-featured-image\">\n\t\t<figure class=\"spotlightImg\">\n\n\t\t\t<picture>\n\t\t\t\t<source media=\"(max-width: 768px)\" srcset=\"https:\/\/files.sunoresearch.com.br\/n\/uploads\/2018\/09\/f3a06453-ibovespa-dolar-2-400x200.webp\">\n\t\t\t\t<img loading=\"lazy\" decoding=\"async\" class=\"newsContent__article__imgCapa lazyloadDisabled newsContent__article__imgCapa--noCaption\" src=\"https:\/\/files.sunoresearch.com.br\/n\/uploads\/2018\/09\/f3a06453-ibovespa-dolar-2-800x450.webp\" width=\"800\" height=\"450\" alt=\"Ibovespa sobe 1% e ultrapassa a marca dos 95 mil pontos\" fetchpriority=high \/>\n\t\t\t<\/picture>\n\n\t\t\t<figcaption class=\"wp-caption-text wp-caption-text--hide\">Ibovespa fecha em alta de 4,25%, a 85.663,48 pontos<\/figcaption>\n\t\t<\/figure>\n\t<\/div>\n\n\n<p>Ap\u00f3s a m\u00ednima de\u00a093.950,41 pontos verificada \u00e0s 11 horas, o <strong>Ibovespa<\/strong> subiu de forma constante at\u00e9 atingir um pico de\u00a095.681,82 pontos perto do seu fechamento. Por\u00e9m, o \u00edndice n\u00e3o manteve o f\u00f4lego e fechou o dia com 95.351,09. Mesmo assim, o n\u00famero renova a marca hist\u00f3rica do \u00edndice.<\/p>\n<p><a href=\"https:\/\/www.suno.com.br\/noticias\/dolar-atinge-maior-valor-euro\/\">D\u00f3lar fecha a R$ 3,74 e atinge maior valor em duas semanas; Euro tamb\u00e9m sobe<\/a><\/p>\n<h2>Cen\u00e1rio interno para o Ibovespa<\/h2>\n<p>No cen\u00e1rio interno, as aten\u00e7\u00f5es continuam voltadas para a <strong>reforma da Previd\u00eancia<\/strong>. A proposta deve ser apresentada ainda neste fim de semana. Por\u00e9m, a decis\u00e3o final do presidente <strong>Jair Bolsonaro<\/strong> ficar\u00e1 para depois da viagem ao F\u00f3rum Econ\u00f4mico Mundial, em Davos, Su\u00ed\u00e7a.<\/p>\n<p>Al\u00e9m disso, o jornal Folha de S.Paulo noticiou nesta quinta-feira (17) que os militares pressionam o governo para ficarem fora das novas regras previdenci\u00e1rias.<\/p>\n<p>O ministro da Defesa, Fernando Azevedo e Silva, foi escalado para tentar negociar com a equipe econ\u00f4mica.<\/p>\n<p>Entre as medidas que v\u00e3o afetar o grupo, est\u00e3o:<\/p>\n<ul>\n<li>Aumento do tempo de servi\u00e7o m\u00ednimo, de 30 para 35 anos;<\/li>\n<li>Recolhimento da contribui\u00e7\u00e3o de 11% sobre as pens\u00f5es das vi\u00favas dos militares<\/li>\n<\/ul>\n<p>Os militares argumentam as propostas ser\u00e3o irrelevante para conter o rombo nas contas da previd\u00eancia.<\/p>\n<p>J\u00e1 o caso <strong>Queiroz<\/strong> voltou aos notici\u00e1rios.\u00a0 O <strong>Supremo Tribunal Federal (STF)<\/strong> suspendeu as investiga\u00e7\u00f5es sobre as movimenta\u00e7\u00f5es financeiras do ex-assessor e motorista do senador eleito, <strong>Fl\u00e1vio Bolsonaro<\/strong>.<\/p>\n<p>O <strong>STF<\/strong> informou que a suspens\u00e3o se dar\u00e1 \u201cat\u00e9 que o Relator da Reclama\u00e7\u00e3o se pronuncie\u201d.<\/p>\n<p><a href=\"https:\/\/www.suno.com.br\/noticias\/stf-suspende-investigacao-fabricio-queiroz\/\">Saiba mais: STF suspende investiga\u00e7\u00e3o sobre Fabr\u00edcio Queiroz<\/a><\/p>\n<h2>Cen\u00e1rio externo para o Ibovespa<\/h2>\n<p>No exterior, a desacelera\u00e7\u00e3o da <strong>China<\/strong> preocupa.\u00a0De acordo com analistas consultados pela ag\u00eancia Reuters, as previs\u00f5es s\u00e3o de que o pa\u00eds asi\u00e1tico possa cair\u00a0 6,3% em 2019.<\/p>\n<p>Para tentar reanimar a economia, o <strong>Banco Central chin\u00eas<\/strong> injetou na \u00faltima quarta-feira (16) 570 bilh\u00f5es de yuans (US$ 84 bilh\u00f5es) no mercado. Segundo o jornal ingl\u00eas Financial Times, a quantia \u00e9 um recorde.<\/p>\n<p>Outro assunto que causa temores, \u00e9 a proposta do Congresso de proibir o uso de equipamentos da chinesa <strong>Huawei<\/strong> no governo americano. O projeto pode afetar as negocia\u00e7\u00f5es do<a href=\"https:\/\/www.suno.com.br\/noticias\/china-avanco-questoes-negociacoes-eua\/\"> acordo comercial entre<strong> Estados Unidos<\/strong> e <strong>China<\/strong>.<\/a> Nesta quinta-feira (17), a a porta-voz do Minist\u00e9rio de Rela\u00e7\u00f5es Exteriores da China, Hua Chunying, classificou a medida como &#8220;histeria&#8221;.<\/p>\n<p><a href=\"https:\/\/www.suno.com.br\/noticias\/china-proposta-legislacao-eua-histeria\/\">Saiba mais: China: Proposta de legisla\u00e7\u00e3o dos EUA para Huawei \u00e9 &#8220;histeria&#8221;<\/a><\/p>\n<h2>Destaques do Ibovespa<\/h2>\n<ul>\n<li>PETR4 (Petrobras) &#8211; alta de 1,37% (R$ 25,16)<\/li>\n<li>VALE3 (Vale) &#8211; alta de 3% (R$ 54,23)<\/li>\n<li>ABEV (Ambev) &#8211; alta de 0,28% (R$ 17,85)<\/li>\n<li>ITAS4 (Itausa) &#8211; alta de 0,15% (R$ 12,94)<\/li>\n<\/ul>\n<h2>Maiores altas do Ibovespa<\/h2>\n<ul>\n<li>BRFS3 (BRF Foods) &#8211; alta de 6,48% (R$ 23,66)<\/li>\n<li>RENT3 (Localiza) &#8211; alta de 6,27% (R$ 30,86)<\/li>\n<li>QUL3 (Qualicorp) &#8211; alta de 6,04% (R$ 15,28)<\/li>\n<\/ul>\n<h2>Maiores baixas do Ibovespa<\/h2>\n<ul>\n<li>LOGG3.SA (Log com Prop) &#8211; queda de 5,21% (R$ 18,20)<\/li>\n<li>EMBR3 (Embraer) &#8211; queda 4,79% (R$ 20,47)<\/li>\n<li>SUZB3 (Suzano) &#8211; queda de 2,69% (R$ 42,97)<\/li>\n<\/ul>\n<h2>Bolsas Internacionais<\/h2>\n<ul>\n<li>Nasdaq (EUA) \u2013\u00a0 alta de 0,63%<\/li>\n<li>FTSE 100 (Reino Unido) \u2013 queda de 0,40%<\/li>\n<li>Nikkei (Jap\u00e3o) \u2013 queda de 0,20%<\/li>\n<li>CAC 40 (Fran\u00e7a) \u2013 queda de 0,34%<\/li>\n<li>FTSE MIB (It\u00e1lia) \u2013 queda de 0,38%;<\/li>\n<\/ul>\n<p>&nbsp;<\/p>\n<p>&nbsp;<\/p>\n","protected":false},"excerpt":{"rendered":"<p>O\u00a0Ibovespa fechou est\u00e1 quinta-feira (17) em alta de 1,01%, ultrapassando os 95 mil pontos. Ibovespa fecha em alta de 4,25%, a 85.663,48 pontos Ap\u00f3s a m\u00ednima de\u00a093.950,41 pontos verificada \u00e0s 11 horas, o Ibovespa subiu de forma constante at\u00e9 atingir um pico de\u00a095.681,82 pontos perto do seu fechamento. Por\u00e9m, o \u00edndice n\u00e3o manteve o f\u00f4lego [&hellip;]<\/p>\n","protected":false},"author":14,"featured_media":4273,"comment_status":"closed","ping_status":"closed","sticky":false,"template":"","format":"standard","meta":[],"categories":[60],"tags":[711,793,961,826,721,719,785],"suno_strategy":[],"class_list":["post-12132","post","type-post","status-publish","format-standard","has-post-thumbnail","hentry","category-mercado","tag-china","tag-estados-unidos-eua","tag-forum-economico-mundial","tag-huawei","tag-ibovespa","tag-jair-bolsonaro","tag-supremo-tribunal-federal-stf"],"yoast_head":"<!-- This site is optimized with the Yoast SEO plugin v24.4 - https:\/\/yoast.com\/wordpress\/plugins\/seo\/ -->\n<title>Ibovespa sobe 1% e ultrapassa a marca dos 95 mil pontos<\/title>\n<meta name=\"description\" content=\"O Ibovespa renovou a marca hist\u00f3rica que vem acumulando em 2019. O \u00edndice chegou a bater 95.681,82 pontos. Clique para saber mais.\" \/>\n<meta name=\"robots\" content=\"index, follow, max-snippet:-1, max-image-preview:large, max-video-preview:-1\" \/>\n<link rel=\"canonical\" href=\"https:\/\/www.suno.com.br\/noticias\/ibovespa-sobe-1-e-ultrapassa-a-marca-dos-95-mil-pontos\/\" \/>\n<meta property=\"og:locale\" content=\"pt_BR\" \/>\n<meta property=\"og:type\" content=\"article\" \/>\n<meta property=\"og:title\" content=\"Ibovespa sobe 1% e ultrapassa a marca dos 95 mil pontos\" \/>\n<meta property=\"og:description\" content=\"O Ibovespa renovou a marca hist\u00f3rica que vem acumulando em 2019. O \u00edndice chegou a bater 95.681,82 pontos. Clique para saber mais.\" \/>\n<meta property=\"og:url\" content=\"https:\/\/www.suno.com.br\/noticias\/ibovespa-sobe-1-e-ultrapassa-a-marca-dos-95-mil-pontos\/\" \/>\n<meta property=\"og:site_name\" content=\"Suno Not\u00edcias\" \/>\n<meta property=\"article:publisher\" content=\"https:\/\/facebook.com\/sunoresearch\" \/>\n<meta property=\"og:image\" content=\"https:\/\/files.sunoresearch.com.br\/n\/uploads\/2018\/09\/f3a06453-ibovespa-dolar-2.jpg\" \/>\n\t<meta property=\"og:image:width\" content=\"2560\" \/>\n\t<meta property=\"og:image:height\" content=\"1707\" \/>\n\t<meta property=\"og:image:type\" content=\"image\/jpeg\" \/>\n<meta name=\"author\" content=\"Renan Dantas\" \/>\n<meta name=\"twitter:card\" content=\"summary_large_image\" \/>\n<meta name=\"twitter:creator\" content=\"@sunoresearch\" \/>\n<meta name=\"twitter:site\" content=\"@sunoresearch\" \/>\n<meta name=\"twitter:label1\" content=\"Escrito por\" \/>\n\t<meta name=\"twitter:data1\" content=\"Renan Dantas\" \/>\n\t<meta name=\"twitter:label2\" content=\"Est. tempo de leitura\" \/>\n\t<meta name=\"twitter:data2\" content=\"3 minutos\" \/>\n<script type=\"application\/ld+json\" class=\"yoast-schema-graph\">{\"@context\":\"https:\/\/schema.org\",\"@graph\":[{\"@type\":\"NewsArticle\",\"@id\":\"https:\/\/www.suno.com.br\/noticias\/ibovespa-sobe-1-e-ultrapassa-a-marca-dos-95-mil-pontos\/#article\",\"isPartOf\":{\"@id\":\"https:\/\/www.suno.com.br\/noticias\/ibovespa-sobe-1-e-ultrapassa-a-marca-dos-95-mil-pontos\/\"},\"author\":{\"name\":\"Renan Dantas\",\"@id\":\"https:\/\/www.suno.com.br\/noticias\/#\/schema\/person\/3f7693d5795a3f6d5ce15309ee785699\"},\"headline\":\"Ibovespa sobe 1% e ultrapassa a marca dos 95 mil pontos\",\"datePublished\":\"2019-01-17T21:10:19+00:00\",\"dateModified\":\"2021-02-18T20:54:20+00:00\",\"mainEntityOfPage\":{\"@id\":\"https:\/\/www.suno.com.br\/noticias\/ibovespa-sobe-1-e-ultrapassa-a-marca-dos-95-mil-pontos\/\"},\"wordCount\":547,\"publisher\":{\"@id\":\"https:\/\/www.suno.com.br\/noticias\/#organization\"},\"image\":{\"@id\":\"https:\/\/www.suno.com.br\/noticias\/ibovespa-sobe-1-e-ultrapassa-a-marca-dos-95-mil-pontos\/#primaryimage\"},\"thumbnailUrl\":\"https:\/\/files.sunoresearch.com.br\/n\/uploads\/2018\/09\/f3a06453-ibovespa-dolar-2-jpg.webp\",\"keywords\":[\"China\",\"Estados Unidos (EUA)\",\"F\u00f3rum Econ\u00f4mico Mundial\",\"Huawei\",\"Ibovespa\",\"Jair Bolsonaro\",\"Supremo Tribunal Federal (STF)\"],\"articleSection\":[\"Mercado\"],\"inLanguage\":\"pt-BR\"},{\"@type\":\"WebPage\",\"@id\":\"https:\/\/www.suno.com.br\/noticias\/ibovespa-sobe-1-e-ultrapassa-a-marca-dos-95-mil-pontos\/\",\"url\":\"https:\/\/www.suno.com.br\/noticias\/ibovespa-sobe-1-e-ultrapassa-a-marca-dos-95-mil-pontos\/\",\"name\":\"Ibovespa sobe 1% e ultrapassa a marca dos 95 mil pontos\",\"isPartOf\":{\"@id\":\"https:\/\/www.suno.com.br\/noticias\/#website\"},\"primaryImageOfPage\":{\"@id\":\"https:\/\/www.suno.com.br\/noticias\/ibovespa-sobe-1-e-ultrapassa-a-marca-dos-95-mil-pontos\/#primaryimage\"},\"image\":{\"@id\":\"https:\/\/www.suno.com.br\/noticias\/ibovespa-sobe-1-e-ultrapassa-a-marca-dos-95-mil-pontos\/#primaryimage\"},\"thumbnailUrl\":\"https:\/\/files.sunoresearch.com.br\/n\/uploads\/2018\/09\/f3a06453-ibovespa-dolar-2-jpg.webp\",\"datePublished\":\"2019-01-17T21:10:19+00:00\",\"dateModified\":\"2021-02-18T20:54:20+00:00\",\"description\":\"O Ibovespa renovou a marca hist\u00f3rica que vem acumulando em 2019. O \u00edndice chegou a bater 95.681,82 pontos. Clique para saber mais.\",\"breadcrumb\":{\"@id\":\"https:\/\/www.suno.com.br\/noticias\/ibovespa-sobe-1-e-ultrapassa-a-marca-dos-95-mil-pontos\/#breadcrumb\"},\"inLanguage\":\"pt-BR\",\"potentialAction\":[{\"@type\":\"ReadAction\",\"target\":[\"https:\/\/www.suno.com.br\/noticias\/ibovespa-sobe-1-e-ultrapassa-a-marca-dos-95-mil-pontos\/\"]}]},{\"@type\":\"ImageObject\",\"inLanguage\":\"pt-BR\",\"@id\":\"https:\/\/www.suno.com.br\/noticias\/ibovespa-sobe-1-e-ultrapassa-a-marca-dos-95-mil-pontos\/#primaryimage\",\"url\":\"https:\/\/files.sunoresearch.com.br\/n\/uploads\/2018\/09\/f3a06453-ibovespa-dolar-2-jpg.webp\",\"contentUrl\":\"https:\/\/files.sunoresearch.com.br\/n\/uploads\/2018\/09\/f3a06453-ibovespa-dolar-2-jpg.webp\",\"width\":2560,\"height\":1707,\"caption\":\"Ibovespa fecha em alta de 4,25%, a 85.663,48 pontos\"},{\"@type\":\"BreadcrumbList\",\"@id\":\"https:\/\/www.suno.com.br\/noticias\/ibovespa-sobe-1-e-ultrapassa-a-marca-dos-95-mil-pontos\/#breadcrumb\",\"itemListElement\":[{\"@type\":\"ListItem\",\"position\":1,\"name\":\"Not\u00edcias\",\"item\":\"https:\/\/www.suno.com.br\/noticias\/\"},{\"@type\":\"ListItem\",\"position\":2,\"name\":\"Mercado\",\"item\":\"https:\/\/www.suno.com.br\/noticias\/mercado\/\"},{\"@type\":\"ListItem\",\"position\":3,\"name\":\"Ibovespa sobe 1% e ultrapassa a marca dos 95 mil pontos\"}]},{\"@type\":\"WebSite\",\"@id\":\"https:\/\/www.suno.com.br\/noticias\/#website\",\"url\":\"https:\/\/www.suno.com.br\/noticias\/\",\"name\":\"Suno Not\u00edcias\",\"description\":\"Seu portal de informa\u00e7\u00e3o sobre o mundo dos investimentos\",\"publisher\":{\"@id\":\"https:\/\/www.suno.com.br\/noticias\/#organization\"},\"potentialAction\":[{\"@type\":\"SearchAction\",\"target\":{\"@type\":\"EntryPoint\",\"urlTemplate\":\"https:\/\/www.suno.com.br\/noticias\/?s={search_term_string}\"},\"query-input\":{\"@type\":\"PropertyValueSpecification\",\"valueRequired\":true,\"valueName\":\"search_term_string\"}}],\"inLanguage\":\"pt-BR\"},{\"@type\":\"Organization\",\"@id\":\"https:\/\/www.suno.com.br\/noticias\/#organization\",\"name\":\"Suno Not\u00edcias\",\"url\":\"https:\/\/www.suno.com.br\/noticias\/\",\"logo\":{\"@type\":\"ImageObject\",\"inLanguage\":\"pt-BR\",\"@id\":\"https:\/\/www.suno.com.br\/noticias\/#\/schema\/logo\/image\/\",\"url\":\"https:\/\/files.sunoresearch.com.br\/n\/uploads\/2021\/09\/suno-logo.png\",\"contentUrl\":\"https:\/\/files.sunoresearch.com.br\/n\/uploads\/2021\/09\/suno-logo.png\",\"width\":180,\"height\":180,\"caption\":\"Suno Not\u00edcias\"},\"image\":{\"@id\":\"https:\/\/www.suno.com.br\/noticias\/#\/schema\/logo\/image\/\"},\"sameAs\":[\"https:\/\/facebook.com\/sunoresearch\",\"https:\/\/x.com\/sunoresearch\",\"https:\/\/www.instagram.com\/suno\",\"https:\/\/www.linkedin.com\/company\/suno-research\/\",\"https:\/\/www.youtube.com\/c\/sunoresearch\"]},{\"@type\":\"Person\",\"@id\":\"https:\/\/www.suno.com.br\/noticias\/#\/schema\/person\/3f7693d5795a3f6d5ce15309ee785699\",\"name\":\"Renan Dantas\",\"image\":{\"@type\":\"ImageObject\",\"inLanguage\":\"pt-BR\",\"@id\":\"https:\/\/www.suno.com.br\/noticias\/#\/schema\/person\/image\/\",\"url\":\"https:\/\/secure.gravatar.com\/avatar\/1787b83e7484a08e51d62ac8b41c8396?s=96&r=g\",\"contentUrl\":\"https:\/\/secure.gravatar.com\/avatar\/1787b83e7484a08e51d62ac8b41c8396?s=96&r=g\",\"caption\":\"Renan Dantas\"},\"description\":\"Escreve sobre pol\u00edtica e mercado financeiro para o portal Suno Not\u00edcias. Antes, atuou na assessoria de comunica\u00e7\u00e3o do Minist\u00e9rio P\u00fablico do Trabalho e na R\u00e1dio Mackenzie, onde apresentava e produzia um programa sobre artistas da m\u00fasica brasileira. \u00c9 estudante na Universidade Presbiteriana Mackenzie.\",\"url\":\"https:\/\/www.suno.com.br\/noticias\/author\/renan-dantas\/\"}]}<\/script>\n<!-- \/ Yoast SEO plugin. -->","yoast_head_json":{"title":"Ibovespa sobe 1% e ultrapassa a marca dos 95 mil pontos","description":"O Ibovespa renovou a marca hist\u00f3rica que vem acumulando em 2019. O \u00edndice chegou a bater 95.681,82 pontos. Clique para saber mais.","robots":{"index":"index","follow":"follow","max-snippet":"max-snippet:-1","max-image-preview":"max-image-preview:large","max-video-preview":"max-video-preview:-1"},"canonical":"https:\/\/www.suno.com.br\/noticias\/ibovespa-sobe-1-e-ultrapassa-a-marca-dos-95-mil-pontos\/","og_locale":"pt_BR","og_type":"article","og_title":"Ibovespa sobe 1% e ultrapassa a marca dos 95 mil pontos","og_description":"O Ibovespa renovou a marca hist\u00f3rica que vem acumulando em 2019. O \u00edndice chegou a bater 95.681,82 pontos. Clique para saber mais.","og_url":"https:\/\/www.suno.com.br\/noticias\/ibovespa-sobe-1-e-ultrapassa-a-marca-dos-95-mil-pontos\/","og_site_name":"Suno Not\u00edcias","article_publisher":"https:\/\/facebook.com\/sunoresearch","og_image":[{"width":2560,"height":1707,"url":"https:\/\/files.sunoresearch.com.br\/n\/uploads\/2018\/09\/f3a06453-ibovespa-dolar-2.jpg","type":"image\/jpeg"}],"author":"Renan Dantas","twitter_card":"summary_large_image","twitter_creator":"@sunoresearch","twitter_site":"@sunoresearch","twitter_misc":{"Escrito por":"Renan Dantas","Est. tempo de leitura":"3 minutos"},"schema":{"@context":"https:\/\/schema.org","@graph":[{"@type":"NewsArticle","@id":"https:\/\/www.suno.com.br\/noticias\/ibovespa-sobe-1-e-ultrapassa-a-marca-dos-95-mil-pontos\/#article","isPartOf":{"@id":"https:\/\/www.suno.com.br\/noticias\/ibovespa-sobe-1-e-ultrapassa-a-marca-dos-95-mil-pontos\/"},"author":{"name":"Renan Dantas","@id":"https:\/\/www.suno.com.br\/noticias\/#\/schema\/person\/3f7693d5795a3f6d5ce15309ee785699"},"headline":"Ibovespa sobe 1% e ultrapassa a marca dos 95 mil pontos","datePublished":"2019-01-17T21:10:19+00:00","dateModified":"2021-02-18T20:54:20+00:00","mainEntityOfPage":{"@id":"https:\/\/www.suno.com.br\/noticias\/ibovespa-sobe-1-e-ultrapassa-a-marca-dos-95-mil-pontos\/"},"wordCount":547,"publisher":{"@id":"https:\/\/www.suno.com.br\/noticias\/#organization"},"image":{"@id":"https:\/\/www.suno.com.br\/noticias\/ibovespa-sobe-1-e-ultrapassa-a-marca-dos-95-mil-pontos\/#primaryimage"},"thumbnailUrl":"https:\/\/files.sunoresearch.com.br\/n\/uploads\/2018\/09\/f3a06453-ibovespa-dolar-2-jpg.webp","keywords":["China","Estados Unidos (EUA)","F\u00f3rum Econ\u00f4mico Mundial","Huawei","Ibovespa","Jair Bolsonaro","Supremo Tribunal Federal (STF)"],"articleSection":["Mercado"],"inLanguage":"pt-BR"},{"@type":"WebPage","@id":"https:\/\/www.suno.com.br\/noticias\/ibovespa-sobe-1-e-ultrapassa-a-marca-dos-95-mil-pontos\/","url":"https:\/\/www.suno.com.br\/noticias\/ibovespa-sobe-1-e-ultrapassa-a-marca-dos-95-mil-pontos\/","name":"Ibovespa sobe 1% e ultrapassa a marca dos 95 mil pontos","isPartOf":{"@id":"https:\/\/www.suno.com.br\/noticias\/#website"},"primaryImageOfPage":{"@id":"https:\/\/www.suno.com.br\/noticias\/ibovespa-sobe-1-e-ultrapassa-a-marca-dos-95-mil-pontos\/#primaryimage"},"image":{"@id":"https:\/\/www.suno.com.br\/noticias\/ibovespa-sobe-1-e-ultrapassa-a-marca-dos-95-mil-pontos\/#primaryimage"},"thumbnailUrl":"https:\/\/files.sunoresearch.com.br\/n\/uploads\/2018\/09\/f3a06453-ibovespa-dolar-2-jpg.webp","datePublished":"2019-01-17T21:10:19+00:00","dateModified":"2021-02-18T20:54:20+00:00","description":"O Ibovespa renovou a marca hist\u00f3rica que vem acumulando em 2019. O \u00edndice chegou a bater 95.681,82 pontos. Clique para saber mais.","breadcrumb":{"@id":"https:\/\/www.suno.com.br\/noticias\/ibovespa-sobe-1-e-ultrapassa-a-marca-dos-95-mil-pontos\/#breadcrumb"},"inLanguage":"pt-BR","potentialAction":[{"@type":"ReadAction","target":["https:\/\/www.suno.com.br\/noticias\/ibovespa-sobe-1-e-ultrapassa-a-marca-dos-95-mil-pontos\/"]}]},{"@type":"ImageObject","inLanguage":"pt-BR","@id":"https:\/\/www.suno.com.br\/noticias\/ibovespa-sobe-1-e-ultrapassa-a-marca-dos-95-mil-pontos\/#primaryimage","url":"https:\/\/files.sunoresearch.com.br\/n\/uploads\/2018\/09\/f3a06453-ibovespa-dolar-2-jpg.webp","contentUrl":"https:\/\/files.sunoresearch.com.br\/n\/uploads\/2018\/09\/f3a06453-ibovespa-dolar-2-jpg.webp","width":2560,"height":1707,"caption":"Ibovespa fecha em alta de 4,25%, a 85.663,48 pontos"},{"@type":"BreadcrumbList","@id":"https:\/\/www.suno.com.br\/noticias\/ibovespa-sobe-1-e-ultrapassa-a-marca-dos-95-mil-pontos\/#breadcrumb","itemListElement":[{"@type":"ListItem","position":1,"name":"Not\u00edcias","item":"https:\/\/www.suno.com.br\/noticias\/"},{"@type":"ListItem","position":2,"name":"Mercado","item":"https:\/\/www.suno.com.br\/noticias\/mercado\/"},{"@type":"ListItem","position":3,"name":"Ibovespa sobe 1% e ultrapassa a marca dos 95 mil pontos"}]},{"@type":"WebSite","@id":"https:\/\/www.suno.com.br\/noticias\/#website","url":"https:\/\/www.suno.com.br\/noticias\/","name":"Suno Not\u00edcias","description":"Seu portal de informa\u00e7\u00e3o sobre o mundo dos investimentos","publisher":{"@id":"https:\/\/www.suno.com.br\/noticias\/#organization"},"potentialAction":[{"@type":"SearchAction","target":{"@type":"EntryPoint","urlTemplate":"https:\/\/www.suno.com.br\/noticias\/?s={search_term_string}"},"query-input":{"@type":"PropertyValueSpecification","valueRequired":true,"valueName":"search_term_string"}}],"inLanguage":"pt-BR"},{"@type":"Organization","@id":"https:\/\/www.suno.com.br\/noticias\/#organization","name":"Suno Not\u00edcias","url":"https:\/\/www.suno.com.br\/noticias\/","logo":{"@type":"ImageObject","inLanguage":"pt-BR","@id":"https:\/\/www.suno.com.br\/noticias\/#\/schema\/logo\/image\/","url":"https:\/\/files.sunoresearch.com.br\/n\/uploads\/2021\/09\/suno-logo.png","contentUrl":"https:\/\/files.sunoresearch.com.br\/n\/uploads\/2021\/09\/suno-logo.png","width":180,"height":180,"caption":"Suno Not\u00edcias"},"image":{"@id":"https:\/\/www.suno.com.br\/noticias\/#\/schema\/logo\/image\/"},"sameAs":["https:\/\/facebook.com\/sunoresearch","https:\/\/x.com\/sunoresearch","https:\/\/www.instagram.com\/suno","https:\/\/www.linkedin.com\/company\/suno-research\/","https:\/\/www.youtube.com\/c\/sunoresearch"]},{"@type":"Person","@id":"https:\/\/www.suno.com.br\/noticias\/#\/schema\/person\/3f7693d5795a3f6d5ce15309ee785699","name":"Renan Dantas","image":{"@type":"ImageObject","inLanguage":"pt-BR","@id":"https:\/\/www.suno.com.br\/noticias\/#\/schema\/person\/image\/","url":"https:\/\/secure.gravatar.com\/avatar\/1787b83e7484a08e51d62ac8b41c8396?s=96&r=g","contentUrl":"https:\/\/secure.gravatar.com\/avatar\/1787b83e7484a08e51d62ac8b41c8396?s=96&r=g","caption":"Renan Dantas"},"description":"Escreve sobre pol\u00edtica e mercado financeiro para o portal Suno Not\u00edcias. Antes, atuou na assessoria de comunica\u00e7\u00e3o do Minist\u00e9rio P\u00fablico do Trabalho e na R\u00e1dio Mackenzie, onde apresentava e produzia um programa sobre artistas da m\u00fasica brasileira. \u00c9 estudante na Universidade Presbiteriana Mackenzie.","url":"https:\/\/www.suno.com.br\/noticias\/author\/renan-dantas\/"}]}},"default_loop_html":"<div class=\"cardsPage__listCard__boxs\"><div class=\"cardsPage__listCard__boxs__img\"><a href=\"https:\/\/www.suno.com.br\/noticias\/ibovespa-sobe-1-e-ultrapassa-a-marca-dos-95-mil-pontos\/\"><img class=\"mask\" src=\"https:\/\/www.suno.com.br\/noticias\/wp-content\/themes\/suno\/resources\/images\/spotlight\/spotlight1img\/bg-mask.png\" alt=\"Image Mask\"\/><img src=\"https:\/\/files.sunoresearch.com.br\/n\/uploads\/2018\/09\/f3a06453-ibovespa-dolar-2-400x200.webp\" alt=\"Ibovespa sobe 1% e ultrapassa a marca dos 95 mil pontos\"\/><\/a><span class=\"spotlightCategory\"><a href=\"https:\/\/www.suno.com.br\/noticias\/mercado\/\">Mercado<\/a><\/span><\/div><div class=\"cardsPage__listCard__boxs__content\"><a href=\"https:\/\/www.suno.com.br\/noticias\/ibovespa-sobe-1-e-ultrapassa-a-marca-dos-95-mil-pontos\/\"><h2 class=\"content__title\">Ibovespa sobe 1% e ultrapassa a marca dos 95 mil pontos<\/h2><\/a><div class=\"newsContent__article__meta\"><div class=\"newsContent__article__meta__authorBox\"><a href=\"https:\/\/www.suno.com.br\/noticias\/author\/renan-dantas\/\" class=\"authorBox__avatar noMobi\"><img src=\"https:\/\/secure.gravatar.com\/avatar\/1787b83e7484a08e51d62ac8b41c8396?s=96&#038;r=g\" alt=\"Renan Dantas\"><\/a><div class=\"authorBox__name\"><span>por\n\t\t\t<a href=\"https:\/\/www.suno.com.br\/noticias\/author\/renan-dantas\/\"><span itemprop=\"author\">Renan Dantas<\/span><\/a><\/span><time datetime=\"2019-01-17T19:10:19-02:00\" itemprop=\"datePublished\">17\/01\/2019 19:10<\/time><\/div><\/div><\/div><\/div><\/div>","single_layout":"posts","amp_enabled":true,"_links":{"self":[{"href":"https:\/\/www.suno.com.br\/noticias\/wp-json\/wp\/v2\/posts\/12132"}],"collection":[{"href":"https:\/\/www.suno.com.br\/noticias\/wp-json\/wp\/v2\/posts"}],"about":[{"href":"https:\/\/www.suno.com.br\/noticias\/wp-json\/wp\/v2\/types\/post"}],"author":[{"embeddable":true,"href":"https:\/\/www.suno.com.br\/noticias\/wp-json\/wp\/v2\/users\/14"}],"replies":[{"embeddable":true,"href":"https:\/\/www.suno.com.br\/noticias\/wp-json\/wp\/v2\/comments?post=12132"}],"version-history":[{"count":0,"href":"https:\/\/www.suno.com.br\/noticias\/wp-json\/wp\/v2\/posts\/12132\/revisions"}],"wp:featuredmedia":[{"embeddable":true,"href":"https:\/\/www.suno.com.br\/noticias\/wp-json\/wp\/v2\/media\/4273"}],"wp:attachment":[{"href":"https:\/\/www.suno.com.br\/noticias\/wp-json\/wp\/v2\/media?parent=12132"}],"wp:term":[{"taxonomy":"category","embeddable":true,"href":"https:\/\/www.suno.com.br\/noticias\/wp-json\/wp\/v2\/categories?post=12132"},{"taxonomy":"post_tag","embeddable":true,"href":"https:\/\/www.suno.com.br\/noticias\/wp-json\/wp\/v2\/tags?post=12132"},{"taxonomy":"suno_strategy","embeddable":true,"href":"https:\/\/www.suno.com.br\/noticias\/wp-json\/wp\/v2\/suno_strategy?post=12132"}],"curies":[{"name":"wp","href":"https:\/\/api.w.org\/{rel}","templated":true}]}}