{"id":121281,"date":"2021-02-12T13:40:16","date_gmt":"2021-02-12T16:40:16","guid":{"rendered":"https:\/\/www.suno.com.br\/noticias\/?p=121281"},"modified":"2021-02-12T14:53:32","modified_gmt":"2021-02-12T17:53:32","slug":"gol-goll4-smiles-smls3-incorporacao","status":"publish","type":"post","link":"https:\/\/www.suno.com.br\/noticias\/gol-goll4-smiles-smls3-incorporacao\/","title":{"rendered":"Gol (GOLL4) convoca assembleia para incorpora\u00e7\u00e3o da Smiles em 15 de mar\u00e7o"},"content":{"rendered":"<p>A <a href=\"https:\/\/www.suno.com.br\/acoes\/goll4\/\"><strong>Gol<\/strong> (GOLL4)<\/a> comunicou ao mercado nesta sexta-feira (12) que deve definir a incorpora\u00e7\u00e3o da<a href=\"https:\/\/www.suno.com.br\/acoes\/smls3\/\"> Smiles (SMLS3)<\/a> em 15 de mar\u00e7o durante a assembleia geral extraordin\u00e1ria (AGE).<\/p>\t<div class=\"wrapper-featured-image\">\n\t\t<figure class=\"spotlightImg\">\n\n\t\t\t<picture>\n\t\t\t\t<source media=\"(max-width: 768px)\" srcset=\"https:\/\/files.sunoresearch.com.br\/n\/uploads\/2021\/02\/0a0da60f-gol-400x200.webp\">\n\t\t\t\t<img loading=\"lazy\" decoding=\"async\" class=\"newsContent__article__imgCapa lazyloadDisabled \" src=\"https:\/\/files.sunoresearch.com.br\/n\/uploads\/2021\/02\/0a0da60f-gol-800x450.webp\" width=\"800\" height=\"450\" alt=\"Gol (GOLL4) convoca assembleia para incorpora\u00e7\u00e3o da Smiles em 15 de mar\u00e7o\" fetchpriority=high \/>\n\t\t\t<\/picture>\n\n\t\t\t<figcaption class=\"wp-caption-text wp-caption-text--show\">Gol afirma que cerca de 25% dos minorit\u00e1rios da Smiles estariam de acordo com nova proposta<\/figcaption>\n\t\t<\/figure>\n\t<\/div>\n\n\n\t<p>\n\t\t<a href=\"https:\/\/lp.suno.com.br\/planilha-controle-gastos\/\" target=\"_blank\" data-element=\"shortcode-suno-banner\" title=\"Banner SUNO, clique e saiba mais\">\n\t\t\t<picture>\n\t\t\t\t<source media=\"(max-width: 500px)\" srcset=\"https:\/\/files.sunoresearch.com.br\/n\/uploads\/2023\/03\/400x300-Planilha-controle-de-gastos.png\">\n\t\t\t\t<img class=\"newsContent__article__imgCapa newsContent__article__imgCapa--banner\"\n\t\t\t\t\tsrc=\"https:\/\/files.sunoresearch.com.br\/n\/uploads\/2023\/03\/1420x240-Planilha-controle-de-gastos.png\"\n\t\t\t\t\tdata-promo-id=\"101751\"\t\t\t\t\t\t\t\t\t\twidth='1420' height='240'\t\t\t\t\talt=\"https:\/\/files.sunoresearch.com.br\/n\/uploads\/2023\/03\/1420x240-Planilha-controle-de-gastos.png\"\n\t\t\t\t>\n\t\t\t<\/picture>\n\t\t<\/a>\n\t<\/p>\n\n\n<p>Segundo o fato relevante da companhia a\u00e9rea, a reorganiza\u00e7\u00e3o tem como objetivo migrar a base acion\u00e1ria da Smiles para <strong>Gol<\/strong>. Desse modo, os pap\u00e9is da empresa de milhagem ser\u00e3o incorporados pelo valor de mercado, com emiss\u00e3o da Gol Linhas A\u00e9reas (GLA) para os acionistas da Smiles.<\/p>\n<div>\n<div id=\"60141a969004bb2e956386a8\" class=\"op-interactive\" data-title=\"Quiz dos Investimentos\" data-url=\"https:\/\/sunoresearch289.outgrow.us\/60141a969004bb2e956386a8?vHeight=1\" data-width=\"100%\"><\/div>\n<p><script src='\/\/dyv6f9ner1ir9.cloudfront.net\/assets\/js\/nloader.js'><\/script><script>initIframe('60141a969004bb2e956386a8');<\/script><\/p>\n<\/div>\n<p>Portanto, segundo o documento, busca-se com a reorganiza\u00e7\u00e3o:<\/p>\n<ul>\n<li>Assegurar a competitividade de longo prazo do Grupo nos seus principais mercados (viagens a\u00e9reas e programas de fidelidade);<\/li>\n<li>Unifica\u00e7\u00e3o das bases acion\u00e1rias da companhia a\u00e9rea e Smiles em uma \u00fanica companhia aberta, alinhando os interesses de todos os acionistas e aumentando a liquidez no mercado das a\u00e7\u00f5es negociadas;<\/li>\n<li>Integra\u00e7\u00e3o total dos resultados financeiros e operacionais, dos balan\u00e7os e<a href=\"https:\/\/www.suno.com.br\/artigos\/fluxo-de-caixa\/\"> fluxos de caixa<\/a> da Smiles, GLA e da GOL de forma a permitir ao Grupo otimizar sua estrutura de capital, custo de capital e recursos financeiros,;<\/li>\n<li>Refor\u00e7o da estrutura de capital da companhia a\u00e9rea;<\/li>\n<li>Realiza\u00e7\u00e3o de sinergias, incluindo gerenciamento de receitas mais din\u00e2mico e flex\u00edvel e a elimina\u00e7\u00e3o de inefici\u00eancias tribut\u00e1rias, resultantes da estrutura societ\u00e1ria atual, entre outras.<\/li>\n<\/ul>\n<p>Na determina\u00e7\u00e3o da rela\u00e7\u00e3o de troca proposta, a <strong>Gol<\/strong> e a <strong>GLA<\/strong> levaram em considera\u00e7\u00e3o o valor de R$ 27,05 por a\u00e7\u00e3o da Gol e um valor de R$ 22,32 por a\u00e7\u00e3o da Smiles.<\/p>\n<p>A companhia a\u00e9rea n\u00e3o vislumbra riscos relevante para a implementa\u00e7\u00e3o da reorganiza\u00e7\u00e3o e acrescenta que o sucesso da opera\u00e7\u00e3o depender\u00e1 das administra\u00e7\u00f5es das companhias.<\/p>\n<h2>Cota\u00e7\u00e3o da Gol<\/h2>\n<p>Ap\u00f3s a not\u00edcia, por volta das 13h30, as a\u00e7\u00f5es da <strong>Gol<\/strong> tinham queda de 0,21%, negociadas a R$ 24,06. Por sua vez, os pap\u00e9is da Smiles subiam a 0,13%, negociados a R$ 22,30. E, o Ibovespa operava em leve queda de 0,03%, a 119.266,82 pontos.<\/p>\n\t<p>\n\t\t<a href=\"https:\/\/lp.suno.com.br\/planilha-de-controle-de-investimentos\/\" target=\"_blank\" data-element=\"shortcode-suno-banner\" title=\"Banner SUNO, clique e saiba mais\">\n\t\t\t<picture>\n\t\t\t\t<source media=\"(max-width: 500px)\" srcset=\"https:\/\/files.sunoresearch.com.br\/n\/uploads\/2023\/03\/400x300-Controle-de-Investimentos.png\">\n\t\t\t\t<img class=\"newsContent__article__imgCapa newsContent__article__imgCapa--banner\"\n\t\t\t\t\tsrc=\"https:\/\/files.sunoresearch.com.br\/n\/uploads\/2023\/03\/1420x240-Controle-de-Investimentos.png\"\n\t\t\t\t\tdata-promo-id=\"75934\"\t\t\t\t\t\t\t\t\t\twidth='1420' height='240'\t\t\t\t\talt=\"https:\/\/files.sunoresearch.com.br\/n\/uploads\/2023\/03\/1420x240-Controle-de-Investimentos.png\"\n\t\t\t\t>\n\t\t\t<\/picture>\n\t\t<\/a>\n\t<\/p>\n\n\n","protected":false},"excerpt":{"rendered":"<p>A Gol (GOLL4) comunicou ao mercado nesta sexta-feira (12) que deve definir a incorpora\u00e7\u00e3o da Smiles (SMLS3) em 15 de mar\u00e7o durante a assembleia geral extraordin\u00e1ria (AGE). Gol afirma que cerca de 25% dos minorit\u00e1rios da Smiles estariam de acordo com nova proposta Segundo o fato relevante da companhia a\u00e9rea, a reorganiza\u00e7\u00e3o tem como objetivo [&hellip;]<\/p>\n","protected":false},"author":15,"featured_media":121301,"comment_status":"closed","ping_status":"closed","sticky":false,"template":"","format":"standard","meta":[],"categories":[64],"tags":[489,637],"suno_strategy":[],"class_list":["post-121281","post","type-post","status-publish","format-standard","has-post-thumbnail","hentry","category-negocios","tag-gol-linhas-aereas-goll11-goll4","tag-smiles-smls3"],"yoast_head":"<!-- This site is optimized with the Yoast SEO plugin v24.4 - https:\/\/yoast.com\/wordpress\/plugins\/seo\/ -->\n<title>Gol (GOLL4) define incorpora\u00e7\u00e3o da Smiles em 15 de mar\u00e7o<\/title>\n<meta name=\"description\" content=\"A Gol (GOLL4) deve definir a incorpora\u00e7\u00e3o da Smiles (SMLS3) em 15 de mar\u00e7o durante a assembleia geral extraordin\u00e1ria. Clique aqui\" \/>\n<meta name=\"robots\" content=\"index, follow, max-snippet:-1, max-image-preview:large, max-video-preview:-1\" \/>\n<link rel=\"canonical\" href=\"https:\/\/www.suno.com.br\/noticias\/gol-goll4-smiles-smls3-incorporacao\/\" \/>\n<meta property=\"og:locale\" content=\"pt_BR\" \/>\n<meta property=\"og:type\" content=\"article\" \/>\n<meta property=\"og:title\" content=\"Gol (GOLL4) define incorpora\u00e7\u00e3o da Smiles em 15 de mar\u00e7o\" \/>\n<meta property=\"og:description\" content=\"A Gol (GOLL4) deve definir a incorpora\u00e7\u00e3o da Smiles (SMLS3) em 15 de mar\u00e7o durante a assembleia geral extraordin\u00e1ria. Clique aqui\" \/>\n<meta property=\"og:url\" content=\"https:\/\/www.suno.com.br\/noticias\/gol-goll4-smiles-smls3-incorporacao\/\" \/>\n<meta property=\"og:site_name\" content=\"Suno Not\u00edcias\" \/>\n<meta property=\"article:publisher\" content=\"https:\/\/facebook.com\/sunoresearch\" \/>\n<meta property=\"og:image\" content=\"https:\/\/files.sunoresearch.com.br\/n\/uploads\/2021\/02\/0a0da60f-gol.jpg\" \/>\n\t<meta property=\"og:image:width\" content=\"1050\" \/>\n\t<meta property=\"og:image:height\" content=\"599\" \/>\n\t<meta property=\"og:image:type\" content=\"image\/jpeg\" \/>\n<meta name=\"author\" content=\"Poliana Santos\" \/>\n<meta name=\"twitter:card\" content=\"summary_large_image\" \/>\n<meta name=\"twitter:creator\" content=\"@sunoresearch\" \/>\n<meta name=\"twitter:site\" content=\"@sunoresearch\" \/>\n<meta name=\"twitter:label1\" content=\"Escrito por\" \/>\n\t<meta name=\"twitter:data1\" content=\"Poliana Santos\" \/>\n\t<meta name=\"twitter:label2\" content=\"Est. tempo de leitura\" \/>\n\t<meta name=\"twitter:data2\" content=\"2 minutos\" \/>\n<script type=\"application\/ld+json\" class=\"yoast-schema-graph\">{\"@context\":\"https:\/\/schema.org\",\"@graph\":[{\"@type\":\"NewsArticle\",\"@id\":\"https:\/\/www.suno.com.br\/noticias\/gol-goll4-smiles-smls3-incorporacao\/#article\",\"isPartOf\":{\"@id\":\"https:\/\/www.suno.com.br\/noticias\/gol-goll4-smiles-smls3-incorporacao\/\"},\"author\":{\"name\":\"Poliana Santos\",\"@id\":\"https:\/\/www.suno.com.br\/noticias\/#\/schema\/person\/02ec1f752758247878a2bf4abee1aeda\"},\"headline\":\"Gol (GOLL4) convoca assembleia para incorpora\u00e7\u00e3o da Smiles em 15 de mar\u00e7o\",\"datePublished\":\"2021-02-12T16:40:16+00:00\",\"dateModified\":\"2021-02-12T17:53:32+00:00\",\"mainEntityOfPage\":{\"@id\":\"https:\/\/www.suno.com.br\/noticias\/gol-goll4-smiles-smls3-incorporacao\/\"},\"wordCount\":355,\"publisher\":{\"@id\":\"https:\/\/www.suno.com.br\/noticias\/#organization\"},\"image\":{\"@id\":\"https:\/\/www.suno.com.br\/noticias\/gol-goll4-smiles-smls3-incorporacao\/#primaryimage\"},\"thumbnailUrl\":\"https:\/\/files.sunoresearch.com.br\/n\/uploads\/2021\/02\/0a0da60f-gol-jpg.webp\",\"keywords\":[\"Gol Linhas A\u00e9reas (GOLL11\/GOLL4)\",\"Smiles (SMLS3)\"],\"articleSection\":[\"Neg\u00f3cios\"],\"inLanguage\":\"pt-BR\"},{\"@type\":\"WebPage\",\"@id\":\"https:\/\/www.suno.com.br\/noticias\/gol-goll4-smiles-smls3-incorporacao\/\",\"url\":\"https:\/\/www.suno.com.br\/noticias\/gol-goll4-smiles-smls3-incorporacao\/\",\"name\":\"Gol (GOLL4) define incorpora\u00e7\u00e3o da Smiles em 15 de mar\u00e7o\",\"isPartOf\":{\"@id\":\"https:\/\/www.suno.com.br\/noticias\/#website\"},\"primaryImageOfPage\":{\"@id\":\"https:\/\/www.suno.com.br\/noticias\/gol-goll4-smiles-smls3-incorporacao\/#primaryimage\"},\"image\":{\"@id\":\"https:\/\/www.suno.com.br\/noticias\/gol-goll4-smiles-smls3-incorporacao\/#primaryimage\"},\"thumbnailUrl\":\"https:\/\/files.sunoresearch.com.br\/n\/uploads\/2021\/02\/0a0da60f-gol-jpg.webp\",\"datePublished\":\"2021-02-12T16:40:16+00:00\",\"dateModified\":\"2021-02-12T17:53:32+00:00\",\"description\":\"A Gol (GOLL4) deve definir a incorpora\u00e7\u00e3o da Smiles (SMLS3) em 15 de mar\u00e7o durante a assembleia geral extraordin\u00e1ria. Clique aqui\",\"breadcrumb\":{\"@id\":\"https:\/\/www.suno.com.br\/noticias\/gol-goll4-smiles-smls3-incorporacao\/#breadcrumb\"},\"inLanguage\":\"pt-BR\",\"potentialAction\":[{\"@type\":\"ReadAction\",\"target\":[\"https:\/\/www.suno.com.br\/noticias\/gol-goll4-smiles-smls3-incorporacao\/\"]}]},{\"@type\":\"ImageObject\",\"inLanguage\":\"pt-BR\",\"@id\":\"https:\/\/www.suno.com.br\/noticias\/gol-goll4-smiles-smls3-incorporacao\/#primaryimage\",\"url\":\"https:\/\/files.sunoresearch.com.br\/n\/uploads\/2021\/02\/0a0da60f-gol-jpg.webp\",\"contentUrl\":\"https:\/\/files.sunoresearch.com.br\/n\/uploads\/2021\/02\/0a0da60f-gol-jpg.webp\",\"width\":1050,\"height\":599,\"caption\":\"Gol afirma que cerca de 25% dos minorit\u00e1rios da Smiles estariam de acordo com nova proposta\"},{\"@type\":\"BreadcrumbList\",\"@id\":\"https:\/\/www.suno.com.br\/noticias\/gol-goll4-smiles-smls3-incorporacao\/#breadcrumb\",\"itemListElement\":[{\"@type\":\"ListItem\",\"position\":1,\"name\":\"Not\u00edcias\",\"item\":\"https:\/\/www.suno.com.br\/noticias\/\"},{\"@type\":\"ListItem\",\"position\":2,\"name\":\"Neg\u00f3cios\",\"item\":\"https:\/\/www.suno.com.br\/noticias\/negocios\/\"},{\"@type\":\"ListItem\",\"position\":3,\"name\":\"Gol (GOLL4) convoca assembleia para incorpora\u00e7\u00e3o da Smiles em 15 de mar\u00e7o\"}]},{\"@type\":\"WebSite\",\"@id\":\"https:\/\/www.suno.com.br\/noticias\/#website\",\"url\":\"https:\/\/www.suno.com.br\/noticias\/\",\"name\":\"Suno Not\u00edcias\",\"description\":\"Seu portal de informa\u00e7\u00e3o sobre o mundo dos investimentos\",\"publisher\":{\"@id\":\"https:\/\/www.suno.com.br\/noticias\/#organization\"},\"potentialAction\":[{\"@type\":\"SearchAction\",\"target\":{\"@type\":\"EntryPoint\",\"urlTemplate\":\"https:\/\/www.suno.com.br\/noticias\/?s={search_term_string}\"},\"query-input\":{\"@type\":\"PropertyValueSpecification\",\"valueRequired\":true,\"valueName\":\"search_term_string\"}}],\"inLanguage\":\"pt-BR\"},{\"@type\":\"Organization\",\"@id\":\"https:\/\/www.suno.com.br\/noticias\/#organization\",\"name\":\"Suno Not\u00edcias\",\"url\":\"https:\/\/www.suno.com.br\/noticias\/\",\"logo\":{\"@type\":\"ImageObject\",\"inLanguage\":\"pt-BR\",\"@id\":\"https:\/\/www.suno.com.br\/noticias\/#\/schema\/logo\/image\/\",\"url\":\"https:\/\/files.sunoresearch.com.br\/n\/uploads\/2021\/09\/suno-logo.png\",\"contentUrl\":\"https:\/\/files.sunoresearch.com.br\/n\/uploads\/2021\/09\/suno-logo.png\",\"width\":180,\"height\":180,\"caption\":\"Suno Not\u00edcias\"},\"image\":{\"@id\":\"https:\/\/www.suno.com.br\/noticias\/#\/schema\/logo\/image\/\"},\"sameAs\":[\"https:\/\/facebook.com\/sunoresearch\",\"https:\/\/x.com\/sunoresearch\",\"https:\/\/www.instagram.com\/suno\",\"https:\/\/www.linkedin.com\/company\/suno-research\/\",\"https:\/\/www.youtube.com\/c\/sunoresearch\"]},{\"@type\":\"Person\",\"@id\":\"https:\/\/www.suno.com.br\/noticias\/#\/schema\/person\/02ec1f752758247878a2bf4abee1aeda\",\"name\":\"Poliana Santos\",\"image\":{\"@type\":\"ImageObject\",\"inLanguage\":\"pt-BR\",\"@id\":\"https:\/\/www.suno.com.br\/noticias\/#\/schema\/person\/image\/\",\"url\":\"https:\/\/secure.gravatar.com\/avatar\/0645bd32f23d87b2130f2b2dff1d3f8d?s=96&r=g\",\"contentUrl\":\"https:\/\/secure.gravatar.com\/avatar\/0645bd32f23d87b2130f2b2dff1d3f8d?s=96&r=g\",\"caption\":\"Poliana Santos\"},\"description\":\"Rep\u00f3rter no Suno Not\u00edcias, com cobertura em mercado financeiro, economia, finan\u00e7as pessoais, renda fixa e varejo. Jornalista formada pela Faculdade C\u00e1sper L\u00edbero e possui passagem na R\u00e1dio Gazeta AM com a produ\u00e7\u00e3o de conte\u00fado sobre economia, pol\u00edtica, sa\u00fade, moda e m\u00fasica. Possui certificado de conclus\u00e3o do curso de An\u00e1lise de Balan\u00e7os pela Funda\u00e7\u00e3o Bradesco, Agenda Brasil pela FAAP, Educa\u00e7\u00e3o Pol\u00edtica por Alexandre Garcia e do Tesouro Direto e Mercado de A\u00e7\u00f5es pela B3.\",\"url\":\"https:\/\/www.suno.com.br\/noticias\/author\/poliana-santos\/\"}]}<\/script>\n<!-- \/ Yoast SEO plugin. -->","yoast_head_json":{"title":"Gol (GOLL4) define incorpora\u00e7\u00e3o da Smiles em 15 de mar\u00e7o","description":"A Gol (GOLL4) deve definir a incorpora\u00e7\u00e3o da Smiles (SMLS3) em 15 de mar\u00e7o durante a assembleia geral extraordin\u00e1ria. Clique aqui","robots":{"index":"index","follow":"follow","max-snippet":"max-snippet:-1","max-image-preview":"max-image-preview:large","max-video-preview":"max-video-preview:-1"},"canonical":"https:\/\/www.suno.com.br\/noticias\/gol-goll4-smiles-smls3-incorporacao\/","og_locale":"pt_BR","og_type":"article","og_title":"Gol (GOLL4) define incorpora\u00e7\u00e3o da Smiles em 15 de mar\u00e7o","og_description":"A Gol (GOLL4) deve definir a incorpora\u00e7\u00e3o da Smiles (SMLS3) em 15 de mar\u00e7o durante a assembleia geral extraordin\u00e1ria. Clique aqui","og_url":"https:\/\/www.suno.com.br\/noticias\/gol-goll4-smiles-smls3-incorporacao\/","og_site_name":"Suno Not\u00edcias","article_publisher":"https:\/\/facebook.com\/sunoresearch","og_image":[{"width":1050,"height":599,"url":"https:\/\/files.sunoresearch.com.br\/n\/uploads\/2021\/02\/0a0da60f-gol.jpg","type":"image\/jpeg"}],"author":"Poliana Santos","twitter_card":"summary_large_image","twitter_creator":"@sunoresearch","twitter_site":"@sunoresearch","twitter_misc":{"Escrito por":"Poliana Santos","Est. tempo de leitura":"2 minutos"},"schema":{"@context":"https:\/\/schema.org","@graph":[{"@type":"NewsArticle","@id":"https:\/\/www.suno.com.br\/noticias\/gol-goll4-smiles-smls3-incorporacao\/#article","isPartOf":{"@id":"https:\/\/www.suno.com.br\/noticias\/gol-goll4-smiles-smls3-incorporacao\/"},"author":{"name":"Poliana Santos","@id":"https:\/\/www.suno.com.br\/noticias\/#\/schema\/person\/02ec1f752758247878a2bf4abee1aeda"},"headline":"Gol (GOLL4) convoca assembleia para incorpora\u00e7\u00e3o da Smiles em 15 de mar\u00e7o","datePublished":"2021-02-12T16:40:16+00:00","dateModified":"2021-02-12T17:53:32+00:00","mainEntityOfPage":{"@id":"https:\/\/www.suno.com.br\/noticias\/gol-goll4-smiles-smls3-incorporacao\/"},"wordCount":355,"publisher":{"@id":"https:\/\/www.suno.com.br\/noticias\/#organization"},"image":{"@id":"https:\/\/www.suno.com.br\/noticias\/gol-goll4-smiles-smls3-incorporacao\/#primaryimage"},"thumbnailUrl":"https:\/\/files.sunoresearch.com.br\/n\/uploads\/2021\/02\/0a0da60f-gol-jpg.webp","keywords":["Gol Linhas A\u00e9reas (GOLL11\/GOLL4)","Smiles (SMLS3)"],"articleSection":["Neg\u00f3cios"],"inLanguage":"pt-BR"},{"@type":"WebPage","@id":"https:\/\/www.suno.com.br\/noticias\/gol-goll4-smiles-smls3-incorporacao\/","url":"https:\/\/www.suno.com.br\/noticias\/gol-goll4-smiles-smls3-incorporacao\/","name":"Gol (GOLL4) define incorpora\u00e7\u00e3o da Smiles em 15 de mar\u00e7o","isPartOf":{"@id":"https:\/\/www.suno.com.br\/noticias\/#website"},"primaryImageOfPage":{"@id":"https:\/\/www.suno.com.br\/noticias\/gol-goll4-smiles-smls3-incorporacao\/#primaryimage"},"image":{"@id":"https:\/\/www.suno.com.br\/noticias\/gol-goll4-smiles-smls3-incorporacao\/#primaryimage"},"thumbnailUrl":"https:\/\/files.sunoresearch.com.br\/n\/uploads\/2021\/02\/0a0da60f-gol-jpg.webp","datePublished":"2021-02-12T16:40:16+00:00","dateModified":"2021-02-12T17:53:32+00:00","description":"A Gol (GOLL4) deve definir a incorpora\u00e7\u00e3o da Smiles (SMLS3) em 15 de mar\u00e7o durante a assembleia geral extraordin\u00e1ria. Clique aqui","breadcrumb":{"@id":"https:\/\/www.suno.com.br\/noticias\/gol-goll4-smiles-smls3-incorporacao\/#breadcrumb"},"inLanguage":"pt-BR","potentialAction":[{"@type":"ReadAction","target":["https:\/\/www.suno.com.br\/noticias\/gol-goll4-smiles-smls3-incorporacao\/"]}]},{"@type":"ImageObject","inLanguage":"pt-BR","@id":"https:\/\/www.suno.com.br\/noticias\/gol-goll4-smiles-smls3-incorporacao\/#primaryimage","url":"https:\/\/files.sunoresearch.com.br\/n\/uploads\/2021\/02\/0a0da60f-gol-jpg.webp","contentUrl":"https:\/\/files.sunoresearch.com.br\/n\/uploads\/2021\/02\/0a0da60f-gol-jpg.webp","width":1050,"height":599,"caption":"Gol afirma que cerca de 25% dos minorit\u00e1rios da Smiles estariam de acordo com nova proposta"},{"@type":"BreadcrumbList","@id":"https:\/\/www.suno.com.br\/noticias\/gol-goll4-smiles-smls3-incorporacao\/#breadcrumb","itemListElement":[{"@type":"ListItem","position":1,"name":"Not\u00edcias","item":"https:\/\/www.suno.com.br\/noticias\/"},{"@type":"ListItem","position":2,"name":"Neg\u00f3cios","item":"https:\/\/www.suno.com.br\/noticias\/negocios\/"},{"@type":"ListItem","position":3,"name":"Gol (GOLL4) convoca assembleia para incorpora\u00e7\u00e3o da Smiles em 15 de mar\u00e7o"}]},{"@type":"WebSite","@id":"https:\/\/www.suno.com.br\/noticias\/#website","url":"https:\/\/www.suno.com.br\/noticias\/","name":"Suno Not\u00edcias","description":"Seu portal de informa\u00e7\u00e3o sobre o mundo dos investimentos","publisher":{"@id":"https:\/\/www.suno.com.br\/noticias\/#organization"},"potentialAction":[{"@type":"SearchAction","target":{"@type":"EntryPoint","urlTemplate":"https:\/\/www.suno.com.br\/noticias\/?s={search_term_string}"},"query-input":{"@type":"PropertyValueSpecification","valueRequired":true,"valueName":"search_term_string"}}],"inLanguage":"pt-BR"},{"@type":"Organization","@id":"https:\/\/www.suno.com.br\/noticias\/#organization","name":"Suno Not\u00edcias","url":"https:\/\/www.suno.com.br\/noticias\/","logo":{"@type":"ImageObject","inLanguage":"pt-BR","@id":"https:\/\/www.suno.com.br\/noticias\/#\/schema\/logo\/image\/","url":"https:\/\/files.sunoresearch.com.br\/n\/uploads\/2021\/09\/suno-logo.png","contentUrl":"https:\/\/files.sunoresearch.com.br\/n\/uploads\/2021\/09\/suno-logo.png","width":180,"height":180,"caption":"Suno Not\u00edcias"},"image":{"@id":"https:\/\/www.suno.com.br\/noticias\/#\/schema\/logo\/image\/"},"sameAs":["https:\/\/facebook.com\/sunoresearch","https:\/\/x.com\/sunoresearch","https:\/\/www.instagram.com\/suno","https:\/\/www.linkedin.com\/company\/suno-research\/","https:\/\/www.youtube.com\/c\/sunoresearch"]},{"@type":"Person","@id":"https:\/\/www.suno.com.br\/noticias\/#\/schema\/person\/02ec1f752758247878a2bf4abee1aeda","name":"Poliana Santos","image":{"@type":"ImageObject","inLanguage":"pt-BR","@id":"https:\/\/www.suno.com.br\/noticias\/#\/schema\/person\/image\/","url":"https:\/\/secure.gravatar.com\/avatar\/0645bd32f23d87b2130f2b2dff1d3f8d?s=96&r=g","contentUrl":"https:\/\/secure.gravatar.com\/avatar\/0645bd32f23d87b2130f2b2dff1d3f8d?s=96&r=g","caption":"Poliana Santos"},"description":"Rep\u00f3rter no Suno Not\u00edcias, com cobertura em mercado financeiro, economia, finan\u00e7as pessoais, renda fixa e varejo. Jornalista formada pela Faculdade C\u00e1sper L\u00edbero e possui passagem na R\u00e1dio Gazeta AM com a produ\u00e7\u00e3o de conte\u00fado sobre economia, pol\u00edtica, sa\u00fade, moda e m\u00fasica. Possui certificado de conclus\u00e3o do curso de An\u00e1lise de Balan\u00e7os pela Funda\u00e7\u00e3o Bradesco, Agenda Brasil pela FAAP, Educa\u00e7\u00e3o Pol\u00edtica por Alexandre Garcia e do Tesouro Direto e Mercado de A\u00e7\u00f5es pela B3.","url":"https:\/\/www.suno.com.br\/noticias\/author\/poliana-santos\/"}]}},"default_loop_html":"<div class=\"cardsPage__listCard__boxs\"><div class=\"cardsPage__listCard__boxs__img\"><a href=\"https:\/\/www.suno.com.br\/noticias\/gol-goll4-smiles-smls3-incorporacao\/\"><img class=\"mask\" src=\"https:\/\/www.suno.com.br\/noticias\/wp-content\/themes\/suno\/resources\/images\/spotlight\/spotlight1img\/bg-mask.png\" alt=\"Image Mask\"\/><img src=\"https:\/\/files.sunoresearch.com.br\/n\/uploads\/2021\/02\/0a0da60f-gol-400x200.webp\" alt=\"Gol (GOLL4) convoca assembleia para incorpora\u00e7\u00e3o da Smiles em 15 de mar\u00e7o\"\/><\/a><span class=\"spotlightCategory\"><a href=\"https:\/\/www.suno.com.br\/noticias\/negocios\/\">Neg\u00f3cios<\/a><\/span><\/div><div class=\"cardsPage__listCard__boxs__content\"><a href=\"https:\/\/www.suno.com.br\/noticias\/gol-goll4-smiles-smls3-incorporacao\/\"><h2 class=\"content__title\">Gol (GOLL4) convoca assembleia para incorpora\u00e7\u00e3o da Smiles em 15 de mar\u00e7o<\/h2><\/a><div class=\"newsContent__article__meta\"><div class=\"newsContent__article__meta__authorBox\"><a href=\"https:\/\/www.suno.com.br\/noticias\/author\/poliana-santos\/\" class=\"authorBox__avatar noMobi\"><img src=\"https:\/\/files.sunoresearch.com.br\/n\/uploads\/2020\/08\/7ef34026-whatsapp-image-2020-08-03-at-12.37.57-150x150.webp\" alt=\"Poliana Santos\"><\/a><div class=\"authorBox__name\"><span>por\n\t\t\t<a href=\"https:\/\/www.suno.com.br\/noticias\/author\/poliana-santos\/\"><span itemprop=\"author\">Poliana Santos<\/span><\/a><\/span><time datetime=\"2021-02-12T13:40:16-03:00\" itemprop=\"datePublished\">12\/02\/2021 13:40<\/time><\/div><\/div><\/div><\/div><\/div>","single_layout":"posts","amp_enabled":true,"_links":{"self":[{"href":"https:\/\/www.suno.com.br\/noticias\/wp-json\/wp\/v2\/posts\/121281"}],"collection":[{"href":"https:\/\/www.suno.com.br\/noticias\/wp-json\/wp\/v2\/posts"}],"about":[{"href":"https:\/\/www.suno.com.br\/noticias\/wp-json\/wp\/v2\/types\/post"}],"author":[{"embeddable":true,"href":"https:\/\/www.suno.com.br\/noticias\/wp-json\/wp\/v2\/users\/15"}],"replies":[{"embeddable":true,"href":"https:\/\/www.suno.com.br\/noticias\/wp-json\/wp\/v2\/comments?post=121281"}],"version-history":[{"count":0,"href":"https:\/\/www.suno.com.br\/noticias\/wp-json\/wp\/v2\/posts\/121281\/revisions"}],"wp:featuredmedia":[{"embeddable":true,"href":"https:\/\/www.suno.com.br\/noticias\/wp-json\/wp\/v2\/media\/121301"}],"wp:attachment":[{"href":"https:\/\/www.suno.com.br\/noticias\/wp-json\/wp\/v2\/media?parent=121281"}],"wp:term":[{"taxonomy":"category","embeddable":true,"href":"https:\/\/www.suno.com.br\/noticias\/wp-json\/wp\/v2\/categories?post=121281"},{"taxonomy":"post_tag","embeddable":true,"href":"https:\/\/www.suno.com.br\/noticias\/wp-json\/wp\/v2\/tags?post=121281"},{"taxonomy":"suno_strategy","embeddable":true,"href":"https:\/\/www.suno.com.br\/noticias\/wp-json\/wp\/v2\/suno_strategy?post=121281"}],"curies":[{"name":"wp","href":"https:\/\/api.w.org\/{rel}","templated":true}]}}