{"id":121249,"date":"2021-02-12T11:11:14","date_gmt":"2021-02-12T14:11:14","guid":{"rendered":"https:\/\/www.suno.com.br\/noticias\/?p=121249"},"modified":"2021-02-12T13:03:16","modified_gmt":"2021-02-12T16:03:16","slug":"auxilio-emergencial-quatro-parcelas-250-reais","status":"publish","type":"post","link":"https:\/\/www.suno.com.br\/noticias\/auxilio-emergencial-quatro-parcelas-250-reais\/","title":{"rendered":"Aux\u00edlio emergencial deve distribuir quatro parcelas de R$ 250, mas haver\u00e1 contrapartidas"},"content":{"rendered":"<p>Governo e lideran\u00e7as do Congresso Nacional avan\u00e7aram nas negocia\u00e7\u00f5es de uma nova rodada do <strong>aux\u00edlio emergencial<\/strong>. Segundo o jornal Estad\u00e3o, h\u00e1 um consenso na distribui\u00e7\u00e3o de quatro novas parcelas com valor de R$ 250, que custar\u00e3o R$ 30 bilh\u00f5es aos cofres p\u00fablicos. A rodada de pagamentos deve come\u00e7ar em mar\u00e7o e terminar em junho.<\/p>\t<div class=\"wrapper-featured-image\">\n\t\t<figure class=\"spotlightImg\">\n\n\t\t\t<picture>\n\t\t\t\t<source media=\"(max-width: 768px)\" srcset=\"https:\/\/files.sunoresearch.com.br\/n\/uploads\/2021\/02\/b8c2e943-auxilioemergencial-400x200.webp\">\n\t\t\t\t<img loading=\"lazy\" decoding=\"async\" class=\"newsContent__article__imgCapa lazyloadDisabled \" src=\"https:\/\/files.sunoresearch.com.br\/n\/uploads\/2021\/02\/b8c2e943-auxilioemergencial-800x450.webp\" width=\"800\" height=\"450\" alt=\"Aux\u00edlio emergencial deve distribuir quatro parcelas de R$ 250, mas haver\u00e1 contrapartidas\" fetchpriority=high \/>\n\t\t\t<\/picture>\n\n\t\t\t<figcaption class=\"wp-caption-text wp-caption-text--show\">Aux\u00edlio emergencial<\/figcaption>\n\t\t<\/figure>\n\t<\/div>\n\n\n<p><span style=\"font-weight: 400;\">\t<p>\n\t\t<a href=\"https:\/\/lp.suno.com.br\/planilha-controle-gastos\/\" target=\"_blank\" data-element=\"shortcode-suno-banner\" title=\"Banner SUNO, clique e saiba mais\">\n\t\t\t<picture>\n\t\t\t\t<source media=\"(max-width: 500px)\" srcset=\"https:\/\/files.sunoresearch.com.br\/n\/uploads\/2023\/03\/400x300-Planilha-controle-de-gastos.png\">\n\t\t\t\t<img class=\"newsContent__article__imgCapa newsContent__article__imgCapa--banner\"\n\t\t\t\t\tsrc=\"https:\/\/files.sunoresearch.com.br\/n\/uploads\/2023\/03\/1420x240-Planilha-controle-de-gastos.png\"\n\t\t\t\t\tdata-promo-id=\"101751\"\t\t\t\t\t\t\t\t\t\twidth='1420' height='240'\t\t\t\t\talt=\"https:\/\/files.sunoresearch.com.br\/n\/uploads\/2023\/03\/1420x240-Planilha-controle-de-gastos.png\"\n\t\t\t\t>\n\t\t\t<\/picture>\n\t\t<\/a>\n\t<\/p>\n\n<\/span><\/p>\n<p>H\u00e1 o consentimento entre as partes que a concess\u00e3o do aux\u00edlio emergencial ser\u00e1 feita por meio de uma nova Proposta de Emenda Constitucional (PEC) de <strong>or\u00e7amento de guerra<\/strong>, semelhante \u00e0 aprovada em 2020, que permitiu que o governo gastasse mais com a pandemia, fugindo das amarras fiscais.<\/p>\n<p>Como contrapartidas aos maiores gastos impostos pelo aux\u00edlio emergencial, como pedido pelo ministro da Economia <a href=\"https:\/\/www.suno.com.br\/tudo-sobre\/paulo-guedes\/\">Paulo Guedes<\/a>, haver\u00e1 cortes de despesas e ren\u00fancias fiscais.<\/p>\n<div>\n<p><script src='\/\/dyv6f9ner1ir9.cloudfront.net\/assets\/js\/nloader.js'><\/script><script>initIframe('60141a969004bb2e956386a8');<\/script><\/p>\n<\/div>\n<p>A nova PEC de guerra, que deve ser aprovada at\u00e9 o inicio de mar\u00e7o, ter\u00e1 uma vers\u00e3o mais compacta de medidas fiscais, seguindo o texto base do pacto federativo, que j\u00e1 esta no Senado.<\/p>\n<p>Ela ter\u00e1 uma cl\u00e1usula de calamidade e permitir\u00e1 que que os gatos com o aux\u00edlio emergencial n\u00e3o sejam inclu\u00eddos no espa\u00e7o do<strong> teto de gastos<\/strong>, que impede o crescimento de despesas acima da infla\u00e7\u00e3o, nem no or\u00e7amento para o ano.<\/p>\n<h2>Pagamento de auxilio emergencial ter\u00e1 contramedidas<\/h2>\n<p>A segunda PEC deve ser aprovada at\u00e9 junho e contar\u00e1 com medidas mais duras de corte de despesas e deve consolidar o que l\u00edderes do governo t\u00eam chamado de &#8220;fortalecimento das \u00e2ncoras fiscal e monet\u00e1ria&#8221;, tendo como objetivo a manuten\u00e7\u00e3o do teto de gastos at\u00e9 2026.<\/p>\n<p>Ontem, o presidente Jair Bolsonaro deu o tom da estrat\u00e9gia ao afirmar que &#8220;n\u00e3o basta conceder mais um per\u00edodo de aux\u00edlio, mas \u00e9 preciso tamb\u00e9m ter responsabilidade fiscal&#8221;.<\/p>\n<p><span style=\"font-weight: 400;\">\t<p>\n\t\t<a href=\"https:\/\/lp.suno.com.br\/planilha-controle-gastos\/\" target=\"_blank\" data-element=\"shortcode-suno-banner\" title=\"Banner SUNO, clique e saiba mais\">\n\t\t\t<picture>\n\t\t\t\t<source media=\"(max-width: 500px)\" srcset=\"https:\/\/files.sunoresearch.com.br\/n\/uploads\/2023\/03\/400x300-Planilha-controle-de-gastos.png\">\n\t\t\t\t<img class=\"newsContent__article__imgCapa newsContent__article__imgCapa--banner\"\n\t\t\t\t\tsrc=\"https:\/\/files.sunoresearch.com.br\/n\/uploads\/2023\/03\/1420x240-Planilha-controle-de-gastos.png\"\n\t\t\t\t\tdata-promo-id=\"101751\"\t\t\t\t\t\t\t\t\t\twidth='1420' height='240'\t\t\t\t\talt=\"https:\/\/files.sunoresearch.com.br\/n\/uploads\/2023\/03\/1420x240-Planilha-controle-de-gastos.png\"\n\t\t\t\t>\n\t\t\t<\/picture>\n\t\t<\/a>\n\t<\/p>\n\n<\/span><\/p>\n<p>O esperado \u00e9 que as duas medidas que visam permitir o pagamento do aux\u00edlio emergencial tenham suas divis\u00f5es bem definidas at\u00e9 a pr\u00f3xima semana.<\/p>\n<p>J\u00e1 \u00e9 consenso entre Congresso e Executivo que o pagamento ser\u00e1 feito pela PEC de Guerra. Quanto ao valor do <strong>aux\u00edlio emergencial<\/strong>, o mundo pol\u00edtico desejaria uma quantia de R$ 300 por seis meses e o ministro da Economia de R$ 200 por tr\u00eas meses. O valor de R$ 250 por quatro meses seria o meio termo e tamb\u00e9m estaria pr\u00f3ximo a ser acertado.<\/p>\n<p><span style=\"font-weight: 400;\">\t<p>\n\t\t<a href=\"https:\/\/lp.suno.com.br\/planilha-de-controle-de-investimentos\/\" target=\"_blank\" data-element=\"shortcode-suno-banner\" title=\"Banner SUNO, clique e saiba mais\">\n\t\t\t<picture>\n\t\t\t\t<source media=\"(max-width: 500px)\" srcset=\"https:\/\/files.sunoresearch.com.br\/n\/uploads\/2023\/03\/400x300-Controle-de-Investimentos.png\">\n\t\t\t\t<img class=\"newsContent__article__imgCapa newsContent__article__imgCapa--banner\"\n\t\t\t\t\tsrc=\"https:\/\/files.sunoresearch.com.br\/n\/uploads\/2023\/03\/1420x240-Controle-de-Investimentos.png\"\n\t\t\t\t\tdata-promo-id=\"75934\"\t\t\t\t\t\t\t\t\t\twidth='1420' height='240'\t\t\t\t\talt=\"https:\/\/files.sunoresearch.com.br\/n\/uploads\/2023\/03\/1420x240-Controle-de-Investimentos.png\"\n\t\t\t\t>\n\t\t\t<\/picture>\n\t\t<\/a>\n\t<\/p>\n\n<\/span><\/p>\n","protected":false},"excerpt":{"rendered":"<p>Governo e lideran\u00e7as do Congresso Nacional avan\u00e7aram nas negocia\u00e7\u00f5es de uma nova rodada do aux\u00edlio emergencial. Segundo o jornal Estad\u00e3o, h\u00e1 um consenso na distribui\u00e7\u00e3o de quatro novas parcelas com valor de R$ 250, que custar\u00e3o R$ 30 bilh\u00f5es aos cofres p\u00fablicos. A rodada de pagamentos deve come\u00e7ar em mar\u00e7o e terminar em junho. Aux\u00edlio [&hellip;]<\/p>\n","protected":false},"author":59,"featured_media":121255,"comment_status":"closed","ping_status":"closed","sticky":false,"template":"","format":"standard","meta":[],"categories":[61],"tags":[17139,901,12737,909,796],"suno_strategy":[],"class_list":["post-121249","post","type-post","status-publish","format-standard","has-post-thumbnail","hentry","category-politica","tag-auxilio-emergencial","tag-congresso-nacional","tag-coronavoucher","tag-ministerio-da-economia","tag-paulo-guedes"],"yoast_head":"<!-- This site is optimized with the Yoast SEO plugin v24.4 - https:\/\/yoast.com\/wordpress\/plugins\/seo\/ -->\n<title>Aux\u00edlio emergencial deve distribuir quatro parcelas de R$ 250<\/title>\n<meta name=\"description\" content=\"Governo e lideran\u00e7as do Congresso Nacional avan\u00e7aram nas negocia\u00e7\u00f5es de uma nova rodada do aux\u00edlio emergencial. Clique aqui para saber mais.\" \/>\n<meta name=\"robots\" content=\"index, follow, max-snippet:-1, max-image-preview:large, max-video-preview:-1\" \/>\n<link rel=\"canonical\" href=\"https:\/\/www.suno.com.br\/noticias\/auxilio-emergencial-quatro-parcelas-250-reais\/\" \/>\n<meta property=\"og:locale\" content=\"pt_BR\" \/>\n<meta property=\"og:type\" content=\"article\" \/>\n<meta property=\"og:title\" content=\"Aux\u00edlio emergencial deve distribuir quatro parcelas de R$ 250\" \/>\n<meta property=\"og:description\" content=\"Governo e lideran\u00e7as do Congresso Nacional avan\u00e7aram nas negocia\u00e7\u00f5es de uma nova rodada do aux\u00edlio emergencial. Clique aqui para saber mais.\" \/>\n<meta property=\"og:url\" content=\"https:\/\/www.suno.com.br\/noticias\/auxilio-emergencial-quatro-parcelas-250-reais\/\" \/>\n<meta property=\"og:site_name\" content=\"Suno Not\u00edcias\" \/>\n<meta property=\"article:publisher\" content=\"https:\/\/facebook.com\/sunoresearch\" \/>\n<meta property=\"og:image\" content=\"https:\/\/files.sunoresearch.com.br\/n\/uploads\/2021\/02\/b8c2e943-auxilioemergencial.jpg\" \/>\n\t<meta property=\"og:image:width\" content=\"1024\" \/>\n\t<meta property=\"og:image:height\" content=\"768\" \/>\n\t<meta property=\"og:image:type\" content=\"image\/jpeg\" \/>\n<meta name=\"author\" content=\"Vitor Azevedo\" \/>\n<meta name=\"twitter:card\" content=\"summary_large_image\" \/>\n<meta name=\"twitter:creator\" content=\"@sunoresearch\" \/>\n<meta name=\"twitter:site\" content=\"@sunoresearch\" \/>\n<meta name=\"twitter:label1\" content=\"Escrito por\" \/>\n\t<meta name=\"twitter:data1\" content=\"Vitor Azevedo\" \/>\n\t<meta name=\"twitter:label2\" content=\"Est. tempo de leitura\" \/>\n\t<meta name=\"twitter:data2\" content=\"2 minutos\" \/>\n<script type=\"application\/ld+json\" class=\"yoast-schema-graph\">{\"@context\":\"https:\/\/schema.org\",\"@graph\":[{\"@type\":\"NewsArticle\",\"@id\":\"https:\/\/www.suno.com.br\/noticias\/auxilio-emergencial-quatro-parcelas-250-reais\/#article\",\"isPartOf\":{\"@id\":\"https:\/\/www.suno.com.br\/noticias\/auxilio-emergencial-quatro-parcelas-250-reais\/\"},\"author\":{\"name\":\"Vitor Azevedo\",\"@id\":\"https:\/\/www.suno.com.br\/noticias\/#\/schema\/person\/658d5fbc74d81f265f5df3562d0038ab\"},\"headline\":\"Aux\u00edlio emergencial deve distribuir quatro parcelas de R$ 250, mas haver\u00e1 contrapartidas\",\"datePublished\":\"2021-02-12T14:11:14+00:00\",\"dateModified\":\"2021-02-12T16:03:16+00:00\",\"mainEntityOfPage\":{\"@id\":\"https:\/\/www.suno.com.br\/noticias\/auxilio-emergencial-quatro-parcelas-250-reais\/\"},\"wordCount\":419,\"publisher\":{\"@id\":\"https:\/\/www.suno.com.br\/noticias\/#organization\"},\"image\":{\"@id\":\"https:\/\/www.suno.com.br\/noticias\/auxilio-emergencial-quatro-parcelas-250-reais\/#primaryimage\"},\"thumbnailUrl\":\"https:\/\/files.sunoresearch.com.br\/n\/uploads\/2021\/02\/b8c2e943-auxilioemergencial-jpg.webp\",\"keywords\":[\"aux\u00edlio emergencial\",\"Congresso Nacional\",\"coronavoucher\",\"Minist\u00e9rio da Economia\",\"Paulo Guedes\"],\"articleSection\":[\"Pol\u00edtica\"],\"inLanguage\":\"pt-BR\"},{\"@type\":\"WebPage\",\"@id\":\"https:\/\/www.suno.com.br\/noticias\/auxilio-emergencial-quatro-parcelas-250-reais\/\",\"url\":\"https:\/\/www.suno.com.br\/noticias\/auxilio-emergencial-quatro-parcelas-250-reais\/\",\"name\":\"Aux\u00edlio emergencial deve distribuir quatro parcelas de R$ 250\",\"isPartOf\":{\"@id\":\"https:\/\/www.suno.com.br\/noticias\/#website\"},\"primaryImageOfPage\":{\"@id\":\"https:\/\/www.suno.com.br\/noticias\/auxilio-emergencial-quatro-parcelas-250-reais\/#primaryimage\"},\"image\":{\"@id\":\"https:\/\/www.suno.com.br\/noticias\/auxilio-emergencial-quatro-parcelas-250-reais\/#primaryimage\"},\"thumbnailUrl\":\"https:\/\/files.sunoresearch.com.br\/n\/uploads\/2021\/02\/b8c2e943-auxilioemergencial-jpg.webp\",\"datePublished\":\"2021-02-12T14:11:14+00:00\",\"dateModified\":\"2021-02-12T16:03:16+00:00\",\"description\":\"Governo e lideran\u00e7as do Congresso Nacional avan\u00e7aram nas negocia\u00e7\u00f5es de uma nova rodada do aux\u00edlio emergencial. Clique aqui para saber mais.\",\"breadcrumb\":{\"@id\":\"https:\/\/www.suno.com.br\/noticias\/auxilio-emergencial-quatro-parcelas-250-reais\/#breadcrumb\"},\"inLanguage\":\"pt-BR\",\"potentialAction\":[{\"@type\":\"ReadAction\",\"target\":[\"https:\/\/www.suno.com.br\/noticias\/auxilio-emergencial-quatro-parcelas-250-reais\/\"]}]},{\"@type\":\"ImageObject\",\"inLanguage\":\"pt-BR\",\"@id\":\"https:\/\/www.suno.com.br\/noticias\/auxilio-emergencial-quatro-parcelas-250-reais\/#primaryimage\",\"url\":\"https:\/\/files.sunoresearch.com.br\/n\/uploads\/2021\/02\/b8c2e943-auxilioemergencial-jpg.webp\",\"contentUrl\":\"https:\/\/files.sunoresearch.com.br\/n\/uploads\/2021\/02\/b8c2e943-auxilioemergencial-jpg.webp\",\"width\":1024,\"height\":768,\"caption\":\"Aux\u00edlio emergencial\"},{\"@type\":\"BreadcrumbList\",\"@id\":\"https:\/\/www.suno.com.br\/noticias\/auxilio-emergencial-quatro-parcelas-250-reais\/#breadcrumb\",\"itemListElement\":[{\"@type\":\"ListItem\",\"position\":1,\"name\":\"Not\u00edcias\",\"item\":\"https:\/\/www.suno.com.br\/noticias\/\"},{\"@type\":\"ListItem\",\"position\":2,\"name\":\"Pol\u00edtica\",\"item\":\"https:\/\/www.suno.com.br\/noticias\/politica\/\"},{\"@type\":\"ListItem\",\"position\":3,\"name\":\"Aux\u00edlio emergencial deve distribuir quatro parcelas de R$ 250, mas haver\u00e1 contrapartidas\"}]},{\"@type\":\"WebSite\",\"@id\":\"https:\/\/www.suno.com.br\/noticias\/#website\",\"url\":\"https:\/\/www.suno.com.br\/noticias\/\",\"name\":\"Suno Not\u00edcias\",\"description\":\"Seu portal de informa\u00e7\u00e3o sobre o mundo dos investimentos\",\"publisher\":{\"@id\":\"https:\/\/www.suno.com.br\/noticias\/#organization\"},\"potentialAction\":[{\"@type\":\"SearchAction\",\"target\":{\"@type\":\"EntryPoint\",\"urlTemplate\":\"https:\/\/www.suno.com.br\/noticias\/?s={search_term_string}\"},\"query-input\":{\"@type\":\"PropertyValueSpecification\",\"valueRequired\":true,\"valueName\":\"search_term_string\"}}],\"inLanguage\":\"pt-BR\"},{\"@type\":\"Organization\",\"@id\":\"https:\/\/www.suno.com.br\/noticias\/#organization\",\"name\":\"Suno Not\u00edcias\",\"url\":\"https:\/\/www.suno.com.br\/noticias\/\",\"logo\":{\"@type\":\"ImageObject\",\"inLanguage\":\"pt-BR\",\"@id\":\"https:\/\/www.suno.com.br\/noticias\/#\/schema\/logo\/image\/\",\"url\":\"https:\/\/files.sunoresearch.com.br\/n\/uploads\/2021\/09\/suno-logo.png\",\"contentUrl\":\"https:\/\/files.sunoresearch.com.br\/n\/uploads\/2021\/09\/suno-logo.png\",\"width\":180,\"height\":180,\"caption\":\"Suno Not\u00edcias\"},\"image\":{\"@id\":\"https:\/\/www.suno.com.br\/noticias\/#\/schema\/logo\/image\/\"},\"sameAs\":[\"https:\/\/facebook.com\/sunoresearch\",\"https:\/\/x.com\/sunoresearch\",\"https:\/\/www.instagram.com\/suno\",\"https:\/\/www.linkedin.com\/company\/suno-research\/\",\"https:\/\/www.youtube.com\/c\/sunoresearch\"]},{\"@type\":\"Person\",\"@id\":\"https:\/\/www.suno.com.br\/noticias\/#\/schema\/person\/658d5fbc74d81f265f5df3562d0038ab\",\"name\":\"Vitor Azevedo\",\"image\":{\"@type\":\"ImageObject\",\"inLanguage\":\"pt-BR\",\"@id\":\"https:\/\/www.suno.com.br\/noticias\/#\/schema\/person\/image\/\",\"url\":\"https:\/\/secure.gravatar.com\/avatar\/62b86195291b446fe380824eb28b99a5?s=96&r=g\",\"contentUrl\":\"https:\/\/secure.gravatar.com\/avatar\/62b86195291b446fe380824eb28b99a5?s=96&r=g\",\"caption\":\"Vitor Azevedo\"},\"description\":\"Formado em jornalismo pela Unesp, escreve sobre economia e neg\u00f3cios para a Suno Not\u00edcias.\",\"url\":\"https:\/\/www.suno.com.br\/noticias\/author\/vitor-azevedo\/\"}]}<\/script>\n<!-- \/ Yoast SEO plugin. -->","yoast_head_json":{"title":"Aux\u00edlio emergencial deve distribuir quatro parcelas de R$ 250","description":"Governo e lideran\u00e7as do Congresso Nacional avan\u00e7aram nas negocia\u00e7\u00f5es de uma nova rodada do aux\u00edlio emergencial. Clique aqui para saber mais.","robots":{"index":"index","follow":"follow","max-snippet":"max-snippet:-1","max-image-preview":"max-image-preview:large","max-video-preview":"max-video-preview:-1"},"canonical":"https:\/\/www.suno.com.br\/noticias\/auxilio-emergencial-quatro-parcelas-250-reais\/","og_locale":"pt_BR","og_type":"article","og_title":"Aux\u00edlio emergencial deve distribuir quatro parcelas de R$ 250","og_description":"Governo e lideran\u00e7as do Congresso Nacional avan\u00e7aram nas negocia\u00e7\u00f5es de uma nova rodada do aux\u00edlio emergencial. Clique aqui para saber mais.","og_url":"https:\/\/www.suno.com.br\/noticias\/auxilio-emergencial-quatro-parcelas-250-reais\/","og_site_name":"Suno Not\u00edcias","article_publisher":"https:\/\/facebook.com\/sunoresearch","og_image":[{"width":1024,"height":768,"url":"https:\/\/files.sunoresearch.com.br\/n\/uploads\/2021\/02\/b8c2e943-auxilioemergencial.jpg","type":"image\/jpeg"}],"author":"Vitor Azevedo","twitter_card":"summary_large_image","twitter_creator":"@sunoresearch","twitter_site":"@sunoresearch","twitter_misc":{"Escrito por":"Vitor Azevedo","Est. tempo de leitura":"2 minutos"},"schema":{"@context":"https:\/\/schema.org","@graph":[{"@type":"NewsArticle","@id":"https:\/\/www.suno.com.br\/noticias\/auxilio-emergencial-quatro-parcelas-250-reais\/#article","isPartOf":{"@id":"https:\/\/www.suno.com.br\/noticias\/auxilio-emergencial-quatro-parcelas-250-reais\/"},"author":{"name":"Vitor Azevedo","@id":"https:\/\/www.suno.com.br\/noticias\/#\/schema\/person\/658d5fbc74d81f265f5df3562d0038ab"},"headline":"Aux\u00edlio emergencial deve distribuir quatro parcelas de R$ 250, mas haver\u00e1 contrapartidas","datePublished":"2021-02-12T14:11:14+00:00","dateModified":"2021-02-12T16:03:16+00:00","mainEntityOfPage":{"@id":"https:\/\/www.suno.com.br\/noticias\/auxilio-emergencial-quatro-parcelas-250-reais\/"},"wordCount":419,"publisher":{"@id":"https:\/\/www.suno.com.br\/noticias\/#organization"},"image":{"@id":"https:\/\/www.suno.com.br\/noticias\/auxilio-emergencial-quatro-parcelas-250-reais\/#primaryimage"},"thumbnailUrl":"https:\/\/files.sunoresearch.com.br\/n\/uploads\/2021\/02\/b8c2e943-auxilioemergencial-jpg.webp","keywords":["aux\u00edlio emergencial","Congresso Nacional","coronavoucher","Minist\u00e9rio da Economia","Paulo Guedes"],"articleSection":["Pol\u00edtica"],"inLanguage":"pt-BR"},{"@type":"WebPage","@id":"https:\/\/www.suno.com.br\/noticias\/auxilio-emergencial-quatro-parcelas-250-reais\/","url":"https:\/\/www.suno.com.br\/noticias\/auxilio-emergencial-quatro-parcelas-250-reais\/","name":"Aux\u00edlio emergencial deve distribuir quatro parcelas de R$ 250","isPartOf":{"@id":"https:\/\/www.suno.com.br\/noticias\/#website"},"primaryImageOfPage":{"@id":"https:\/\/www.suno.com.br\/noticias\/auxilio-emergencial-quatro-parcelas-250-reais\/#primaryimage"},"image":{"@id":"https:\/\/www.suno.com.br\/noticias\/auxilio-emergencial-quatro-parcelas-250-reais\/#primaryimage"},"thumbnailUrl":"https:\/\/files.sunoresearch.com.br\/n\/uploads\/2021\/02\/b8c2e943-auxilioemergencial-jpg.webp","datePublished":"2021-02-12T14:11:14+00:00","dateModified":"2021-02-12T16:03:16+00:00","description":"Governo e lideran\u00e7as do Congresso Nacional avan\u00e7aram nas negocia\u00e7\u00f5es de uma nova rodada do aux\u00edlio emergencial. Clique aqui para saber mais.","breadcrumb":{"@id":"https:\/\/www.suno.com.br\/noticias\/auxilio-emergencial-quatro-parcelas-250-reais\/#breadcrumb"},"inLanguage":"pt-BR","potentialAction":[{"@type":"ReadAction","target":["https:\/\/www.suno.com.br\/noticias\/auxilio-emergencial-quatro-parcelas-250-reais\/"]}]},{"@type":"ImageObject","inLanguage":"pt-BR","@id":"https:\/\/www.suno.com.br\/noticias\/auxilio-emergencial-quatro-parcelas-250-reais\/#primaryimage","url":"https:\/\/files.sunoresearch.com.br\/n\/uploads\/2021\/02\/b8c2e943-auxilioemergencial-jpg.webp","contentUrl":"https:\/\/files.sunoresearch.com.br\/n\/uploads\/2021\/02\/b8c2e943-auxilioemergencial-jpg.webp","width":1024,"height":768,"caption":"Aux\u00edlio emergencial"},{"@type":"BreadcrumbList","@id":"https:\/\/www.suno.com.br\/noticias\/auxilio-emergencial-quatro-parcelas-250-reais\/#breadcrumb","itemListElement":[{"@type":"ListItem","position":1,"name":"Not\u00edcias","item":"https:\/\/www.suno.com.br\/noticias\/"},{"@type":"ListItem","position":2,"name":"Pol\u00edtica","item":"https:\/\/www.suno.com.br\/noticias\/politica\/"},{"@type":"ListItem","position":3,"name":"Aux\u00edlio emergencial deve distribuir quatro parcelas de R$ 250, mas haver\u00e1 contrapartidas"}]},{"@type":"WebSite","@id":"https:\/\/www.suno.com.br\/noticias\/#website","url":"https:\/\/www.suno.com.br\/noticias\/","name":"Suno Not\u00edcias","description":"Seu portal de informa\u00e7\u00e3o sobre o mundo dos investimentos","publisher":{"@id":"https:\/\/www.suno.com.br\/noticias\/#organization"},"potentialAction":[{"@type":"SearchAction","target":{"@type":"EntryPoint","urlTemplate":"https:\/\/www.suno.com.br\/noticias\/?s={search_term_string}"},"query-input":{"@type":"PropertyValueSpecification","valueRequired":true,"valueName":"search_term_string"}}],"inLanguage":"pt-BR"},{"@type":"Organization","@id":"https:\/\/www.suno.com.br\/noticias\/#organization","name":"Suno Not\u00edcias","url":"https:\/\/www.suno.com.br\/noticias\/","logo":{"@type":"ImageObject","inLanguage":"pt-BR","@id":"https:\/\/www.suno.com.br\/noticias\/#\/schema\/logo\/image\/","url":"https:\/\/files.sunoresearch.com.br\/n\/uploads\/2021\/09\/suno-logo.png","contentUrl":"https:\/\/files.sunoresearch.com.br\/n\/uploads\/2021\/09\/suno-logo.png","width":180,"height":180,"caption":"Suno Not\u00edcias"},"image":{"@id":"https:\/\/www.suno.com.br\/noticias\/#\/schema\/logo\/image\/"},"sameAs":["https:\/\/facebook.com\/sunoresearch","https:\/\/x.com\/sunoresearch","https:\/\/www.instagram.com\/suno","https:\/\/www.linkedin.com\/company\/suno-research\/","https:\/\/www.youtube.com\/c\/sunoresearch"]},{"@type":"Person","@id":"https:\/\/www.suno.com.br\/noticias\/#\/schema\/person\/658d5fbc74d81f265f5df3562d0038ab","name":"Vitor Azevedo","image":{"@type":"ImageObject","inLanguage":"pt-BR","@id":"https:\/\/www.suno.com.br\/noticias\/#\/schema\/person\/image\/","url":"https:\/\/secure.gravatar.com\/avatar\/62b86195291b446fe380824eb28b99a5?s=96&r=g","contentUrl":"https:\/\/secure.gravatar.com\/avatar\/62b86195291b446fe380824eb28b99a5?s=96&r=g","caption":"Vitor Azevedo"},"description":"Formado em jornalismo pela Unesp, escreve sobre economia e neg\u00f3cios para a Suno Not\u00edcias.","url":"https:\/\/www.suno.com.br\/noticias\/author\/vitor-azevedo\/"}]}},"default_loop_html":"<div class=\"cardsPage__listCard__boxs\"><div class=\"cardsPage__listCard__boxs__img\"><a href=\"https:\/\/www.suno.com.br\/noticias\/auxilio-emergencial-quatro-parcelas-250-reais\/\"><img class=\"mask\" src=\"https:\/\/www.suno.com.br\/noticias\/wp-content\/themes\/suno\/resources\/images\/spotlight\/spotlight1img\/bg-mask.png\" alt=\"Image Mask\"\/><img src=\"https:\/\/files.sunoresearch.com.br\/n\/uploads\/2021\/02\/b8c2e943-auxilioemergencial-400x200.webp\" alt=\"Aux\u00edlio emergencial deve distribuir quatro parcelas de R$ 250, mas haver\u00e1 contrapartidas\"\/><\/a><span class=\"spotlightCategory\"><a href=\"https:\/\/www.suno.com.br\/noticias\/politica\/\">Pol\u00edtica<\/a><\/span><\/div><div class=\"cardsPage__listCard__boxs__content\"><a href=\"https:\/\/www.suno.com.br\/noticias\/auxilio-emergencial-quatro-parcelas-250-reais\/\"><h2 class=\"content__title\">Aux\u00edlio emergencial deve distribuir quatro parcelas de R$ 250, mas haver\u00e1 contrapartidas<\/h2><\/a><div class=\"newsContent__article__meta\"><div class=\"newsContent__article__meta__authorBox\"><a href=\"https:\/\/www.suno.com.br\/noticias\/author\/vitor-azevedo\/\" class=\"authorBox__avatar noMobi\"><img src=\"https:\/\/secure.gravatar.com\/avatar\/62b86195291b446fe380824eb28b99a5?s=96&#038;r=g\" alt=\"Vitor Azevedo\"><\/a><div class=\"authorBox__name\"><span>por\n\t\t\t<a href=\"https:\/\/www.suno.com.br\/noticias\/author\/vitor-azevedo\/\"><span itemprop=\"author\">Vitor Azevedo<\/span><\/a><\/span><time datetime=\"2021-02-12T11:11:14-03:00\" itemprop=\"datePublished\">12\/02\/2021 11:11<\/time><\/div><\/div><\/div><\/div><\/div>","single_layout":"posts","amp_enabled":true,"_links":{"self":[{"href":"https:\/\/www.suno.com.br\/noticias\/wp-json\/wp\/v2\/posts\/121249"}],"collection":[{"href":"https:\/\/www.suno.com.br\/noticias\/wp-json\/wp\/v2\/posts"}],"about":[{"href":"https:\/\/www.suno.com.br\/noticias\/wp-json\/wp\/v2\/types\/post"}],"author":[{"embeddable":true,"href":"https:\/\/www.suno.com.br\/noticias\/wp-json\/wp\/v2\/users\/59"}],"replies":[{"embeddable":true,"href":"https:\/\/www.suno.com.br\/noticias\/wp-json\/wp\/v2\/comments?post=121249"}],"version-history":[{"count":0,"href":"https:\/\/www.suno.com.br\/noticias\/wp-json\/wp\/v2\/posts\/121249\/revisions"}],"wp:featuredmedia":[{"embeddable":true,"href":"https:\/\/www.suno.com.br\/noticias\/wp-json\/wp\/v2\/media\/121255"}],"wp:attachment":[{"href":"https:\/\/www.suno.com.br\/noticias\/wp-json\/wp\/v2\/media?parent=121249"}],"wp:term":[{"taxonomy":"category","embeddable":true,"href":"https:\/\/www.suno.com.br\/noticias\/wp-json\/wp\/v2\/categories?post=121249"},{"taxonomy":"post_tag","embeddable":true,"href":"https:\/\/www.suno.com.br\/noticias\/wp-json\/wp\/v2\/tags?post=121249"},{"taxonomy":"suno_strategy","embeddable":true,"href":"https:\/\/www.suno.com.br\/noticias\/wp-json\/wp\/v2\/suno_strategy?post=121249"}],"curies":[{"name":"wp","href":"https:\/\/api.w.org\/{rel}","templated":true}]}}