{"id":12121,"date":"2019-01-17T17:52:22","date_gmt":"2019-01-17T19:52:22","guid":{"rendered":"https:\/\/www.suno.com.br\/noticias\/?p=12121"},"modified":"2021-02-18T17:54:20","modified_gmt":"2021-02-18T20:54:20","slug":"dolar-atinge-maior-valor-euro","status":"publish","type":"post","link":"https:\/\/www.suno.com.br\/noticias\/dolar-atinge-maior-valor-euro\/","title":{"rendered":"D\u00f3lar fecha a R$ 3,74 e atinge maior valor em duas semanas; Euro tamb\u00e9m sobe"},"content":{"rendered":"<p>Envolvido em incertezas no cen\u00e1rio externo e de olho nas movimenta\u00e7\u00f5es sobre a reforma da Previd\u00eancia, o d\u00f3lar ficou cotado em R$ 3,7475, valoriza\u00e7\u00e3o de 0,356%.<\/p>\t<div class=\"wrapper-featured-image\">\n\t\t<figure class=\"spotlightImg\">\n\n\t\t\t<picture>\n\t\t\t\t<source media=\"(max-width: 768px)\" srcset=\"https:\/\/files.sunoresearch.com.br\/n\/uploads\/2019\/01\/372f7054-d\u00f3lar-euro-400x200.webp\">\n\t\t\t\t<img loading=\"lazy\" decoding=\"async\" class=\"newsContent__article__imgCapa lazyloadDisabled newsContent__article__imgCapa--noCaption\" src=\"https:\/\/files.sunoresearch.com.br\/n\/uploads\/2019\/01\/372f7054-d\u00f3lar-euro-800x450.webp\" width=\"800\" height=\"450\" alt=\"D\u00f3lar fecha a R$ 3,74 e atinge maior valor em duas semanas; Euro tamb\u00e9m sobe\" fetchpriority=high \/>\n\t\t\t<\/picture>\n\n\t\t\t<figcaption class=\"wp-caption-text wp-caption-text--hide\">Por volta das 9h20, o d\u00f3lar operava em leve queda de 0,65%, sendo negociado a R$ 5,2392.<\/figcaption>\n\t\t<\/figure>\n\t<\/div>\n\n\n<p>A m\u00e1xima da moeda americana foi registrada \u00e0s 13 horas, vendida a R$ 3,7699. Durante a maior parte do dia, o <strong>d\u00f3lar<\/strong> se manteve negociado acima dos R$ 3,75. Por\u00e9m, perto de seu fechamento, caiu para R$ 3,74.<\/p>\n<p>Logo na abertura, a moeda obteve sua m\u00ednima, sendo vendido a R$ 3,729.<\/p>\n<p>As outras moedas tamb\u00e9m se valorizaram ante o real. Confira:<\/p>\n<ul>\n<li>Euro: alta de 0,195% a R$ 4,2698<\/li>\n<li>Libra esterlina: alta de 0,776 % a R$ 4,8576<\/li>\n<\/ul>\n<p>A indefini\u00e7\u00e3o da sa\u00edda do <strong>Reino Unido<\/strong> da <strong>Uni\u00e3o Europeia<\/strong> afeta a moeda inglesa. Na \u00faltima ter\u00e7a-feira (15), o Parlamento recusou a proposta do <strong>Brexit<\/strong>, negociado pela primeira-ministra <strong>Theresa May<\/strong>.<\/p>\n<p>Na \u00faltima quarta-feira (16), <a href=\"https:\/\/www.suno.com.br\/noticias\/derrota-brexit-may-voto-desconfianca\/\"><strong>May<\/strong> sofreu uma mon\u00e7\u00e3o de desconfian\u00e7a<\/a>. No entanto, a primeira-ministra conseguiu o apoio do parlamento e continuar\u00e1 no cargo.<\/p>\n<h2>Atua\u00e7\u00e3o do Banco Central<\/h2>\n<p>O <strong>Banco Central<\/strong> (BC), realizou o leil\u00e3o\u00a0de 13,4 mil contratos de <a href=\"https:\/\/www.suno.com.br\/artigos\/swap-cambial\/\">swap cambial<\/a> tradicional. O swap equivale a venda futura de d\u00f3lares.<\/p>\n<p>Com isso, foram rolados\u00a0US$ 7,37 bilh\u00f5es de um total de US$ 13,398 bilh\u00f5es, com vencimento em fevereiro.<\/p>\n<h2>D\u00f3lar e o cen\u00e1rio interno<\/h2>\n<p>No cen\u00e1rio interno, a <strong>reforma da Previd\u00eancia<\/strong> domina a pauta dos investidores e do mercado. O presidente <strong>Jair Bolsonaro<\/strong> deve receber a proposta da reforma ainda neste fim de semana.<\/p>\n<p>No entanto, a palavra final do presidente em rela\u00e7\u00e3o ao projeto deve ficar para depois da viagem ao <strong>F\u00f3rum Econ\u00f4mico Mundial<\/strong> em Davos, que ocorre entre os dias 22 e 25 de janeiro.<\/p>\n<p><a href=\"https:\/\/www.suno.com.br\/noticias\/onyx-bolsonaro-reforma-previdencia-davos\/\">Saiba mais: Onyx diz que Bolsonaro decidir\u00e1 sobre reforma da Previd\u00eancia ap\u00f3s Davos<\/a><\/p>\n<p>Al\u00e9m disso, a &#8220;Folha de S.Paulo&#8221; noticiou nesta quinta (17) que os militares pressionam o governo para ficarem fora das novas<strong> regras da previd\u00eancia<\/strong>.<\/p>\n<p>Segundo o jornal, o ministro da Defesa, Fernando Azevedo da Silva, deve se encontrar com a equipe econ\u00f4mica a fim de negociar um acordo.<\/p>\n<p>Entre as medidas que preocupam os militares est\u00e3o:<\/p>\n<ul>\n<li>O aumento de servi\u00e7o m\u00ednimo, de 30 para 35 anos;<\/li>\n<li>Recolhimento da contribui\u00e7\u00e3o de 11% sobre pens\u00f5es de vi\u00favas dos militares;<\/li>\n<\/ul>\n<p>Diante de medidas protecionistas adotadas pela <strong>Uni\u00e3o Europeia<\/strong>, o minist\u00e9rio das <strong>Rela\u00e7\u00f5es Exteriores (Itamaraty)<\/strong> informou nesta quinta-feira que vai defender as exporta\u00e7\u00f5es de A\u00e7o do Brasil.<\/p>\n<p><a href=\"https:\/\/www.suno.com.br\/noticias\/itamaraty-defenderemos-as-exportadores-brasileiras-de-aco\/\">Saiba mais:\u00a0Itamaraty: defenderemos as exportadores brasileiras de a\u00e7o<\/a><\/p>\n<p>O bloco europeu ir\u00e1 restringir a entrada de a\u00e7o brasileiro no continente a partir do dia 2 de fevereiro com o objetivo de proteger os fabricantes locais.<\/p>\n<h2>D\u00f3lar e o cen\u00e1rio externo<\/h2>\n<p>A desacelera\u00e7\u00e3o da China preocupa o mercado. De acordo com analistas consultados pela ag\u00eancia Reuters, as previs\u00f5es s\u00e3o de que a economia chinesa possa cair\u00a0 6,3% em 2019.<\/p>\n<p>Na \u00faltima quarta-feira (17), a pot\u00eancia asi\u00e1tica<a href=\"https:\/\/www.suno.com.br\/noticias\/china-injecao-recorde\/\"> anunciou que injetar\u00e1\u00a0570 bilh\u00f5es de yuans (US$ 84 bilh\u00f5es) na economia<\/a> para conter o desaquecimento chin\u00eas.<\/p>\n<p>A proposta do Congresso de barrar o uso de equipamentos da chinesa Huawei no governo americano, pode comprometer as negocia\u00e7\u00f5es de um acordo entre os <strong>Estados Unidos<\/strong> e a <strong>China<\/strong>. Nesta quinta-feira (17), a a porta-voz do Minist\u00e9rio de Rela\u00e7\u00f5es Exteriores da China, Hua Chunying, classificou a medida como &#8220;histeria&#8221;.<\/p>\n<p><a href=\"https:\/\/www.suno.com.br\/noticias\/china-proposta-legislacao-eua-histeria\/\">Saiba mais: China: Proposta de legisla\u00e7\u00e3o dos EUA para Huawei \u00e9 &#8220;histeria&#8221;<\/a><\/p>\n<h2>\u00daltima cota\u00e7\u00e3o<\/h2>\n<p>O <strong>d\u00f3lar<\/strong> fechou a \u00faltima quarta-feira (17) em alta de 0,708% cotado a\u00a0R$3,7253 na venda.<\/p>\n","protected":false},"excerpt":{"rendered":"<p>Envolvido em incertezas no cen\u00e1rio externo e de olho nas movimenta\u00e7\u00f5es sobre a reforma da Previd\u00eancia, o d\u00f3lar ficou cotado em R$ 3,7475, valoriza\u00e7\u00e3o de 0,356%. Por volta das 9h20, o d\u00f3lar operava em leve queda de 0,65%, sendo negociado a R$ 5,2392. A m\u00e1xima da moeda americana foi registrada \u00e0s 13 horas, vendida a [&hellip;]<\/p>\n","protected":false},"author":14,"featured_media":11360,"comment_status":"closed","ping_status":"closed","sticky":false,"template":"","format":"standard","meta":[],"categories":[60],"tags":[753,711,326,793,958,940],"suno_strategy":[],"class_list":["post-12121","post","type-post","status-publish","format-standard","has-post-thumbnail","hentry","category-mercado","tag-brexit","tag-china","tag-dolar","tag-estados-unidos-eua","tag-euro","tag-reforma-da-previdencia"],"yoast_head":"<!-- This site is optimized with the Yoast SEO plugin v24.4 - https:\/\/yoast.com\/wordpress\/plugins\/seo\/ -->\n<title>D\u00f3lar fecha a R$ 3,74 e atinge maior valor em duas semanas; Euro tamb\u00e9m sobe<\/title>\n<meta name=\"description\" content=\"\u00c9 a terceira alta consecutiva do d\u00f3lar. No cen\u00e1rio externo, a desalera\u00e7\u00e3o da China preocupa. Clipe para saber mais.\" \/>\n<meta name=\"robots\" content=\"index, follow, max-snippet:-1, max-image-preview:large, max-video-preview:-1\" \/>\n<link rel=\"canonical\" href=\"https:\/\/www.suno.com.br\/noticias\/dolar-atinge-maior-valor-euro\/\" \/>\n<meta property=\"og:locale\" content=\"pt_BR\" \/>\n<meta property=\"og:type\" content=\"article\" \/>\n<meta property=\"og:title\" content=\"D\u00f3lar fecha a R$ 3,74 e atinge maior valor em duas semanas; Euro tamb\u00e9m sobe\" \/>\n<meta property=\"og:description\" content=\"\u00c9 a terceira alta consecutiva do d\u00f3lar. No cen\u00e1rio externo, a desalera\u00e7\u00e3o da China preocupa. Clipe para saber mais.\" \/>\n<meta property=\"og:url\" content=\"https:\/\/www.suno.com.br\/noticias\/dolar-atinge-maior-valor-euro\/\" \/>\n<meta property=\"og:site_name\" content=\"Suno Not\u00edcias\" \/>\n<meta property=\"article:publisher\" content=\"https:\/\/facebook.com\/sunoresearch\" \/>\n<meta property=\"og:image\" content=\"https:\/\/files.sunoresearch.com.br\/n\/uploads\/2019\/01\/372f7054-d\u00f3lar-euro.jpg\" \/>\n\t<meta property=\"og:image:width\" content=\"960\" \/>\n\t<meta property=\"og:image:height\" content=\"640\" \/>\n\t<meta property=\"og:image:type\" content=\"image\/jpeg\" \/>\n<meta name=\"author\" content=\"Renan Dantas\" \/>\n<meta name=\"twitter:card\" content=\"summary_large_image\" \/>\n<meta name=\"twitter:creator\" content=\"@sunoresearch\" \/>\n<meta name=\"twitter:site\" content=\"@sunoresearch\" \/>\n<meta name=\"twitter:label1\" content=\"Escrito por\" \/>\n\t<meta name=\"twitter:data1\" content=\"Renan Dantas\" \/>\n\t<meta name=\"twitter:label2\" content=\"Est. tempo de leitura\" \/>\n\t<meta name=\"twitter:data2\" content=\"3 minutos\" \/>\n<script type=\"application\/ld+json\" class=\"yoast-schema-graph\">{\"@context\":\"https:\/\/schema.org\",\"@graph\":[{\"@type\":\"NewsArticle\",\"@id\":\"https:\/\/www.suno.com.br\/noticias\/dolar-atinge-maior-valor-euro\/#article\",\"isPartOf\":{\"@id\":\"https:\/\/www.suno.com.br\/noticias\/dolar-atinge-maior-valor-euro\/\"},\"author\":{\"name\":\"Renan Dantas\",\"@id\":\"https:\/\/www.suno.com.br\/noticias\/#\/schema\/person\/3f7693d5795a3f6d5ce15309ee785699\"},\"headline\":\"D\u00f3lar fecha a R$ 3,74 e atinge maior valor em duas semanas; Euro tamb\u00e9m sobe\",\"datePublished\":\"2019-01-17T19:52:22+00:00\",\"dateModified\":\"2021-02-18T20:54:20+00:00\",\"mainEntityOfPage\":{\"@id\":\"https:\/\/www.suno.com.br\/noticias\/dolar-atinge-maior-valor-euro\/\"},\"wordCount\":605,\"publisher\":{\"@id\":\"https:\/\/www.suno.com.br\/noticias\/#organization\"},\"image\":{\"@id\":\"https:\/\/www.suno.com.br\/noticias\/dolar-atinge-maior-valor-euro\/#primaryimage\"},\"thumbnailUrl\":\"https:\/\/files.sunoresearch.com.br\/n\/uploads\/2019\/01\/372f7054-d\u00f3lar-euro-jpg.webp\",\"keywords\":[\"Brexit\",\"China\",\"d\u00f3lar\",\"Estados Unidos (EUA)\",\"Euro\",\"Reforma da Previd\u00eancia\"],\"articleSection\":[\"Mercado\"],\"inLanguage\":\"pt-BR\"},{\"@type\":\"WebPage\",\"@id\":\"https:\/\/www.suno.com.br\/noticias\/dolar-atinge-maior-valor-euro\/\",\"url\":\"https:\/\/www.suno.com.br\/noticias\/dolar-atinge-maior-valor-euro\/\",\"name\":\"D\u00f3lar fecha a R$ 3,74 e atinge maior valor em duas semanas; Euro tamb\u00e9m sobe\",\"isPartOf\":{\"@id\":\"https:\/\/www.suno.com.br\/noticias\/#website\"},\"primaryImageOfPage\":{\"@id\":\"https:\/\/www.suno.com.br\/noticias\/dolar-atinge-maior-valor-euro\/#primaryimage\"},\"image\":{\"@id\":\"https:\/\/www.suno.com.br\/noticias\/dolar-atinge-maior-valor-euro\/#primaryimage\"},\"thumbnailUrl\":\"https:\/\/files.sunoresearch.com.br\/n\/uploads\/2019\/01\/372f7054-d\u00f3lar-euro-jpg.webp\",\"datePublished\":\"2019-01-17T19:52:22+00:00\",\"dateModified\":\"2021-02-18T20:54:20+00:00\",\"description\":\"\u00c9 a terceira alta consecutiva do d\u00f3lar. No cen\u00e1rio externo, a desalera\u00e7\u00e3o da China preocupa. Clipe para saber mais.\",\"breadcrumb\":{\"@id\":\"https:\/\/www.suno.com.br\/noticias\/dolar-atinge-maior-valor-euro\/#breadcrumb\"},\"inLanguage\":\"pt-BR\",\"potentialAction\":[{\"@type\":\"ReadAction\",\"target\":[\"https:\/\/www.suno.com.br\/noticias\/dolar-atinge-maior-valor-euro\/\"]}]},{\"@type\":\"ImageObject\",\"inLanguage\":\"pt-BR\",\"@id\":\"https:\/\/www.suno.com.br\/noticias\/dolar-atinge-maior-valor-euro\/#primaryimage\",\"url\":\"https:\/\/files.sunoresearch.com.br\/n\/uploads\/2019\/01\/372f7054-d\u00f3lar-euro-jpg.webp\",\"contentUrl\":\"https:\/\/files.sunoresearch.com.br\/n\/uploads\/2019\/01\/372f7054-d\u00f3lar-euro-jpg.webp\",\"width\":960,\"height\":640,\"caption\":\"Por volta das 9h20, o d\u00f3lar operava em leve queda de 0,65%, sendo negociado a R$ 5,2392.\"},{\"@type\":\"BreadcrumbList\",\"@id\":\"https:\/\/www.suno.com.br\/noticias\/dolar-atinge-maior-valor-euro\/#breadcrumb\",\"itemListElement\":[{\"@type\":\"ListItem\",\"position\":1,\"name\":\"Not\u00edcias\",\"item\":\"https:\/\/www.suno.com.br\/noticias\/\"},{\"@type\":\"ListItem\",\"position\":2,\"name\":\"Mercado\",\"item\":\"https:\/\/www.suno.com.br\/noticias\/mercado\/\"},{\"@type\":\"ListItem\",\"position\":3,\"name\":\"D\u00f3lar fecha a R$ 3,74 e atinge maior valor em duas semanas; Euro tamb\u00e9m sobe\"}]},{\"@type\":\"WebSite\",\"@id\":\"https:\/\/www.suno.com.br\/noticias\/#website\",\"url\":\"https:\/\/www.suno.com.br\/noticias\/\",\"name\":\"Suno Not\u00edcias\",\"description\":\"Seu portal de informa\u00e7\u00e3o sobre o mundo dos investimentos\",\"publisher\":{\"@id\":\"https:\/\/www.suno.com.br\/noticias\/#organization\"},\"potentialAction\":[{\"@type\":\"SearchAction\",\"target\":{\"@type\":\"EntryPoint\",\"urlTemplate\":\"https:\/\/www.suno.com.br\/noticias\/?s={search_term_string}\"},\"query-input\":{\"@type\":\"PropertyValueSpecification\",\"valueRequired\":true,\"valueName\":\"search_term_string\"}}],\"inLanguage\":\"pt-BR\"},{\"@type\":\"Organization\",\"@id\":\"https:\/\/www.suno.com.br\/noticias\/#organization\",\"name\":\"Suno Not\u00edcias\",\"url\":\"https:\/\/www.suno.com.br\/noticias\/\",\"logo\":{\"@type\":\"ImageObject\",\"inLanguage\":\"pt-BR\",\"@id\":\"https:\/\/www.suno.com.br\/noticias\/#\/schema\/logo\/image\/\",\"url\":\"https:\/\/files.sunoresearch.com.br\/n\/uploads\/2021\/09\/suno-logo.png\",\"contentUrl\":\"https:\/\/files.sunoresearch.com.br\/n\/uploads\/2021\/09\/suno-logo.png\",\"width\":180,\"height\":180,\"caption\":\"Suno Not\u00edcias\"},\"image\":{\"@id\":\"https:\/\/www.suno.com.br\/noticias\/#\/schema\/logo\/image\/\"},\"sameAs\":[\"https:\/\/facebook.com\/sunoresearch\",\"https:\/\/x.com\/sunoresearch\",\"https:\/\/www.instagram.com\/suno\",\"https:\/\/www.linkedin.com\/company\/suno-research\/\",\"https:\/\/www.youtube.com\/c\/sunoresearch\"]},{\"@type\":\"Person\",\"@id\":\"https:\/\/www.suno.com.br\/noticias\/#\/schema\/person\/3f7693d5795a3f6d5ce15309ee785699\",\"name\":\"Renan Dantas\",\"image\":{\"@type\":\"ImageObject\",\"inLanguage\":\"pt-BR\",\"@id\":\"https:\/\/www.suno.com.br\/noticias\/#\/schema\/person\/image\/\",\"url\":\"https:\/\/secure.gravatar.com\/avatar\/1787b83e7484a08e51d62ac8b41c8396?s=96&r=g\",\"contentUrl\":\"https:\/\/secure.gravatar.com\/avatar\/1787b83e7484a08e51d62ac8b41c8396?s=96&r=g\",\"caption\":\"Renan Dantas\"},\"description\":\"Escreve sobre pol\u00edtica e mercado financeiro para o portal Suno Not\u00edcias. Antes, atuou na assessoria de comunica\u00e7\u00e3o do Minist\u00e9rio P\u00fablico do Trabalho e na R\u00e1dio Mackenzie, onde apresentava e produzia um programa sobre artistas da m\u00fasica brasileira. \u00c9 estudante na Universidade Presbiteriana Mackenzie.\",\"url\":\"https:\/\/www.suno.com.br\/noticias\/author\/renan-dantas\/\"}]}<\/script>\n<!-- \/ Yoast SEO plugin. -->","yoast_head_json":{"title":"D\u00f3lar fecha a R$ 3,74 e atinge maior valor em duas semanas; Euro tamb\u00e9m sobe","description":"\u00c9 a terceira alta consecutiva do d\u00f3lar. No cen\u00e1rio externo, a desalera\u00e7\u00e3o da China preocupa. Clipe para saber mais.","robots":{"index":"index","follow":"follow","max-snippet":"max-snippet:-1","max-image-preview":"max-image-preview:large","max-video-preview":"max-video-preview:-1"},"canonical":"https:\/\/www.suno.com.br\/noticias\/dolar-atinge-maior-valor-euro\/","og_locale":"pt_BR","og_type":"article","og_title":"D\u00f3lar fecha a R$ 3,74 e atinge maior valor em duas semanas; Euro tamb\u00e9m sobe","og_description":"\u00c9 a terceira alta consecutiva do d\u00f3lar. No cen\u00e1rio externo, a desalera\u00e7\u00e3o da China preocupa. Clipe para saber mais.","og_url":"https:\/\/www.suno.com.br\/noticias\/dolar-atinge-maior-valor-euro\/","og_site_name":"Suno Not\u00edcias","article_publisher":"https:\/\/facebook.com\/sunoresearch","og_image":[{"width":960,"height":640,"url":"https:\/\/files.sunoresearch.com.br\/n\/uploads\/2019\/01\/372f7054-d\u00f3lar-euro.jpg","type":"image\/jpeg"}],"author":"Renan Dantas","twitter_card":"summary_large_image","twitter_creator":"@sunoresearch","twitter_site":"@sunoresearch","twitter_misc":{"Escrito por":"Renan Dantas","Est. tempo de leitura":"3 minutos"},"schema":{"@context":"https:\/\/schema.org","@graph":[{"@type":"NewsArticle","@id":"https:\/\/www.suno.com.br\/noticias\/dolar-atinge-maior-valor-euro\/#article","isPartOf":{"@id":"https:\/\/www.suno.com.br\/noticias\/dolar-atinge-maior-valor-euro\/"},"author":{"name":"Renan Dantas","@id":"https:\/\/www.suno.com.br\/noticias\/#\/schema\/person\/3f7693d5795a3f6d5ce15309ee785699"},"headline":"D\u00f3lar fecha a R$ 3,74 e atinge maior valor em duas semanas; Euro tamb\u00e9m sobe","datePublished":"2019-01-17T19:52:22+00:00","dateModified":"2021-02-18T20:54:20+00:00","mainEntityOfPage":{"@id":"https:\/\/www.suno.com.br\/noticias\/dolar-atinge-maior-valor-euro\/"},"wordCount":605,"publisher":{"@id":"https:\/\/www.suno.com.br\/noticias\/#organization"},"image":{"@id":"https:\/\/www.suno.com.br\/noticias\/dolar-atinge-maior-valor-euro\/#primaryimage"},"thumbnailUrl":"https:\/\/files.sunoresearch.com.br\/n\/uploads\/2019\/01\/372f7054-d\u00f3lar-euro-jpg.webp","keywords":["Brexit","China","d\u00f3lar","Estados Unidos (EUA)","Euro","Reforma da Previd\u00eancia"],"articleSection":["Mercado"],"inLanguage":"pt-BR"},{"@type":"WebPage","@id":"https:\/\/www.suno.com.br\/noticias\/dolar-atinge-maior-valor-euro\/","url":"https:\/\/www.suno.com.br\/noticias\/dolar-atinge-maior-valor-euro\/","name":"D\u00f3lar fecha a R$ 3,74 e atinge maior valor em duas semanas; Euro tamb\u00e9m sobe","isPartOf":{"@id":"https:\/\/www.suno.com.br\/noticias\/#website"},"primaryImageOfPage":{"@id":"https:\/\/www.suno.com.br\/noticias\/dolar-atinge-maior-valor-euro\/#primaryimage"},"image":{"@id":"https:\/\/www.suno.com.br\/noticias\/dolar-atinge-maior-valor-euro\/#primaryimage"},"thumbnailUrl":"https:\/\/files.sunoresearch.com.br\/n\/uploads\/2019\/01\/372f7054-d\u00f3lar-euro-jpg.webp","datePublished":"2019-01-17T19:52:22+00:00","dateModified":"2021-02-18T20:54:20+00:00","description":"\u00c9 a terceira alta consecutiva do d\u00f3lar. No cen\u00e1rio externo, a desalera\u00e7\u00e3o da China preocupa. Clipe para saber mais.","breadcrumb":{"@id":"https:\/\/www.suno.com.br\/noticias\/dolar-atinge-maior-valor-euro\/#breadcrumb"},"inLanguage":"pt-BR","potentialAction":[{"@type":"ReadAction","target":["https:\/\/www.suno.com.br\/noticias\/dolar-atinge-maior-valor-euro\/"]}]},{"@type":"ImageObject","inLanguage":"pt-BR","@id":"https:\/\/www.suno.com.br\/noticias\/dolar-atinge-maior-valor-euro\/#primaryimage","url":"https:\/\/files.sunoresearch.com.br\/n\/uploads\/2019\/01\/372f7054-d\u00f3lar-euro-jpg.webp","contentUrl":"https:\/\/files.sunoresearch.com.br\/n\/uploads\/2019\/01\/372f7054-d\u00f3lar-euro-jpg.webp","width":960,"height":640,"caption":"Por volta das 9h20, o d\u00f3lar operava em leve queda de 0,65%, sendo negociado a R$ 5,2392."},{"@type":"BreadcrumbList","@id":"https:\/\/www.suno.com.br\/noticias\/dolar-atinge-maior-valor-euro\/#breadcrumb","itemListElement":[{"@type":"ListItem","position":1,"name":"Not\u00edcias","item":"https:\/\/www.suno.com.br\/noticias\/"},{"@type":"ListItem","position":2,"name":"Mercado","item":"https:\/\/www.suno.com.br\/noticias\/mercado\/"},{"@type":"ListItem","position":3,"name":"D\u00f3lar fecha a R$ 3,74 e atinge maior valor em duas semanas; Euro tamb\u00e9m sobe"}]},{"@type":"WebSite","@id":"https:\/\/www.suno.com.br\/noticias\/#website","url":"https:\/\/www.suno.com.br\/noticias\/","name":"Suno Not\u00edcias","description":"Seu portal de informa\u00e7\u00e3o sobre o mundo dos investimentos","publisher":{"@id":"https:\/\/www.suno.com.br\/noticias\/#organization"},"potentialAction":[{"@type":"SearchAction","target":{"@type":"EntryPoint","urlTemplate":"https:\/\/www.suno.com.br\/noticias\/?s={search_term_string}"},"query-input":{"@type":"PropertyValueSpecification","valueRequired":true,"valueName":"search_term_string"}}],"inLanguage":"pt-BR"},{"@type":"Organization","@id":"https:\/\/www.suno.com.br\/noticias\/#organization","name":"Suno Not\u00edcias","url":"https:\/\/www.suno.com.br\/noticias\/","logo":{"@type":"ImageObject","inLanguage":"pt-BR","@id":"https:\/\/www.suno.com.br\/noticias\/#\/schema\/logo\/image\/","url":"https:\/\/files.sunoresearch.com.br\/n\/uploads\/2021\/09\/suno-logo.png","contentUrl":"https:\/\/files.sunoresearch.com.br\/n\/uploads\/2021\/09\/suno-logo.png","width":180,"height":180,"caption":"Suno Not\u00edcias"},"image":{"@id":"https:\/\/www.suno.com.br\/noticias\/#\/schema\/logo\/image\/"},"sameAs":["https:\/\/facebook.com\/sunoresearch","https:\/\/x.com\/sunoresearch","https:\/\/www.instagram.com\/suno","https:\/\/www.linkedin.com\/company\/suno-research\/","https:\/\/www.youtube.com\/c\/sunoresearch"]},{"@type":"Person","@id":"https:\/\/www.suno.com.br\/noticias\/#\/schema\/person\/3f7693d5795a3f6d5ce15309ee785699","name":"Renan Dantas","image":{"@type":"ImageObject","inLanguage":"pt-BR","@id":"https:\/\/www.suno.com.br\/noticias\/#\/schema\/person\/image\/","url":"https:\/\/secure.gravatar.com\/avatar\/1787b83e7484a08e51d62ac8b41c8396?s=96&r=g","contentUrl":"https:\/\/secure.gravatar.com\/avatar\/1787b83e7484a08e51d62ac8b41c8396?s=96&r=g","caption":"Renan Dantas"},"description":"Escreve sobre pol\u00edtica e mercado financeiro para o portal Suno Not\u00edcias. Antes, atuou na assessoria de comunica\u00e7\u00e3o do Minist\u00e9rio P\u00fablico do Trabalho e na R\u00e1dio Mackenzie, onde apresentava e produzia um programa sobre artistas da m\u00fasica brasileira. \u00c9 estudante na Universidade Presbiteriana Mackenzie.","url":"https:\/\/www.suno.com.br\/noticias\/author\/renan-dantas\/"}]}},"default_loop_html":"<div class=\"cardsPage__listCard__boxs\"><div class=\"cardsPage__listCard__boxs__img\"><a href=\"https:\/\/www.suno.com.br\/noticias\/dolar-atinge-maior-valor-euro\/\"><img class=\"mask\" src=\"https:\/\/www.suno.com.br\/noticias\/wp-content\/themes\/suno\/resources\/images\/spotlight\/spotlight1img\/bg-mask.png\" alt=\"Image Mask\"\/><img src=\"https:\/\/files.sunoresearch.com.br\/n\/uploads\/2019\/01\/372f7054-d\u00f3lar-euro-400x200.webp\" alt=\"D\u00f3lar fecha a R$ 3,74 e atinge maior valor em duas semanas; Euro tamb\u00e9m sobe\"\/><\/a><span class=\"spotlightCategory\"><a href=\"https:\/\/www.suno.com.br\/noticias\/mercado\/\">Mercado<\/a><\/span><\/div><div class=\"cardsPage__listCard__boxs__content\"><a href=\"https:\/\/www.suno.com.br\/noticias\/dolar-atinge-maior-valor-euro\/\"><h2 class=\"content__title\">D\u00f3lar fecha a R$ 3,74 e atinge maior valor em duas semanas; Euro tamb\u00e9m sobe<\/h2><\/a><div class=\"newsContent__article__meta\"><div class=\"newsContent__article__meta__authorBox\"><a href=\"https:\/\/www.suno.com.br\/noticias\/author\/renan-dantas\/\" class=\"authorBox__avatar noMobi\"><img src=\"https:\/\/secure.gravatar.com\/avatar\/1787b83e7484a08e51d62ac8b41c8396?s=96&#038;r=g\" alt=\"Renan Dantas\"><\/a><div class=\"authorBox__name\"><span>por\n\t\t\t<a href=\"https:\/\/www.suno.com.br\/noticias\/author\/renan-dantas\/\"><span itemprop=\"author\">Renan Dantas<\/span><\/a><\/span><time datetime=\"2019-01-17T17:52:22-02:00\" itemprop=\"datePublished\">17\/01\/2019 17:52<\/time><\/div><\/div><\/div><\/div><\/div>","single_layout":"posts","amp_enabled":true,"_links":{"self":[{"href":"https:\/\/www.suno.com.br\/noticias\/wp-json\/wp\/v2\/posts\/12121"}],"collection":[{"href":"https:\/\/www.suno.com.br\/noticias\/wp-json\/wp\/v2\/posts"}],"about":[{"href":"https:\/\/www.suno.com.br\/noticias\/wp-json\/wp\/v2\/types\/post"}],"author":[{"embeddable":true,"href":"https:\/\/www.suno.com.br\/noticias\/wp-json\/wp\/v2\/users\/14"}],"replies":[{"embeddable":true,"href":"https:\/\/www.suno.com.br\/noticias\/wp-json\/wp\/v2\/comments?post=12121"}],"version-history":[{"count":0,"href":"https:\/\/www.suno.com.br\/noticias\/wp-json\/wp\/v2\/posts\/12121\/revisions"}],"wp:featuredmedia":[{"embeddable":true,"href":"https:\/\/www.suno.com.br\/noticias\/wp-json\/wp\/v2\/media\/11360"}],"wp:attachment":[{"href":"https:\/\/www.suno.com.br\/noticias\/wp-json\/wp\/v2\/media?parent=12121"}],"wp:term":[{"taxonomy":"category","embeddable":true,"href":"https:\/\/www.suno.com.br\/noticias\/wp-json\/wp\/v2\/categories?post=12121"},{"taxonomy":"post_tag","embeddable":true,"href":"https:\/\/www.suno.com.br\/noticias\/wp-json\/wp\/v2\/tags?post=12121"},{"taxonomy":"suno_strategy","embeddable":true,"href":"https:\/\/www.suno.com.br\/noticias\/wp-json\/wp\/v2\/suno_strategy?post=12121"}],"curies":[{"name":"wp","href":"https:\/\/api.w.org\/{rel}","templated":true}]}}