{"id":121191,"date":"2021-02-12T10:37:38","date_gmt":"2021-02-12T13:37:38","guid":{"rendered":"https:\/\/www.suno.com.br\/noticias\/?p=121191"},"modified":"2021-02-18T19:57:45","modified_gmt":"2021-02-18T22:57:45","slug":"oceanpact-opct3-estreia-b3-ipo","status":"publish","type":"post","link":"https:\/\/www.suno.com.br\/noticias\/oceanpact-opct3-estreia-b3-ipo\/","title":{"rendered":"OceanPact (OPCT3) estreia na B3 com leve alta de 0,63%, negociada a R$ 11,22"},"content":{"rendered":"<p>A<strong> OceanPact<\/strong> (OPCT3), empresa de servi\u00e7os mar\u00edtimos, estreou na <a href=\"https:\/\/www.suno.com.br\/artigos\/b3\/\">Bolsa de Valores de S\u00e3o Paulo (B3)<\/a> nesta sexta-feira (11) com leve alta de 0,63%, negociada a R$ 11,22. A companhia precificou sua <a href=\"https:\/\/www.suno.com.br\/artigos\/ipo\/\">oferta p\u00fablica de a\u00e7\u00f5es (IPO)<\/a>, na \u00faltima quarta-feira (10) e movimentou cerca de R$ 2,2 bilh\u00f5es.<\/p>\t<div class=\"wrapper-featured-image\">\n\t\t<figure class=\"spotlightImg\">\n\n\t\t\t<picture>\n\t\t\t\t<source media=\"(max-width: 768px)\" srcset=\"https:\/\/files.sunoresearch.com.br\/n\/uploads\/2021\/02\/dfa1fef2-oceanpact-400x200.webp\">\n\t\t\t\t<img loading=\"lazy\" decoding=\"async\" class=\"newsContent__article__imgCapa lazyloadDisabled \" src=\"https:\/\/files.sunoresearch.com.br\/n\/uploads\/2021\/02\/dfa1fef2-oceanpact-800x450.webp\" width=\"800\" height=\"450\" alt=\"OceanPact (OPCT3) estreia na B3 com leve alta de 0,63%, negociada a R$ 11,22\" fetchpriority=high \/>\n\t\t\t<\/picture>\n\n\t\t\t<figcaption class=\"wp-caption-text wp-caption-text--show\">A OceanPact (OCPT3) precificou seu IPO na \u00faltima quinta-feira (10) e movimentou cerca de R$ 2,2 bilh\u00f5es. <\/figcaption>\n\t\t<\/figure>\n\t<\/div>\n\n\n\t<p>\n\t\t<a href=\"https:\/\/lp.suno.com.br\/planilha-controle-gastos\/\" target=\"_blank\" data-element=\"shortcode-suno-banner\" title=\"Banner SUNO, clique e saiba mais\">\n\t\t\t<picture>\n\t\t\t\t<source media=\"(max-width: 500px)\" srcset=\"https:\/\/files.sunoresearch.com.br\/n\/uploads\/2023\/03\/400x300-Planilha-controle-de-gastos.png\">\n\t\t\t\t<img class=\"newsContent__article__imgCapa newsContent__article__imgCapa--banner\"\n\t\t\t\t\tsrc=\"https:\/\/files.sunoresearch.com.br\/n\/uploads\/2023\/03\/1420x240-Planilha-controle-de-gastos.png\"\n\t\t\t\t\tdata-promo-id=\"101751\"\t\t\t\t\t\t\t\t\t\twidth='1420' height='240'\t\t\t\t\talt=\"https:\/\/files.sunoresearch.com.br\/n\/uploads\/2023\/03\/1420x240-Planilha-controle-de-gastos.png\"\n\t\t\t\t>\n\t\t\t<\/picture>\n\t\t<\/a>\n\t<\/p>\n\n\n<p>A OceanPact precificou sua oferta em R$ 11,15 por a\u00e7\u00e3o, no piso da<strong> faixa indicativa<\/strong> de pre\u00e7o, cujo intervalo estava entre R$ 11,15 e R$ 13,85. No total, a opera\u00e7\u00e3o movimentou aproximadamente R$ 2,2 bilh\u00e3o. Desses, a empresa garantiu cerca de R$ 920 milh\u00f5es para seu caixa, recursos que vai destinar para a aquisi\u00e7\u00e3o e customiza\u00e7\u00e3o de embarca\u00e7\u00f5es, al\u00e9m de compra de m\u00e1quinas e equipamentos.<\/p>\n<p>A oferta tamb\u00e9m deu sa\u00edda parcial a <strong>Fl\u00e1vio de Andrade<\/strong>, atual presidente, que possu\u00eda 57,07% das a\u00e7\u00f5es, e \u00e0 <strong>gestora Dynamo<\/strong>, que detinha 25,36%, assim como outros acionistas da empresa. O neg\u00f3cio chegou a R$ 300 milh\u00f5es.<\/p>\n<div>\n<div id=\"60141a969004bb2e956386a8\" class=\"op-interactive\" data-title=\"Quiz dos Investimentos\" data-url=\"https:\/\/sunoresearch289.outgrow.us\/60141a969004bb2e956386a8?vHeight=1\" data-width=\"100%\"><\/div>\n<p><script src='\/\/dyv6f9ner1ir9.cloudfront.net\/assets\/js\/nloader.js'><\/script><script>initIframe('60141a969004bb2e956386a8');<\/script><\/p>\n<\/div>\n<p>De acordo com o <a href=\"https:\/\/www.suno.com.br\/artigos\/prospecto-preliminar\/\" target=\"_blank\" rel=\"noopener noreferrer\">prospecto preliminar<\/a>, 70% dos recursos da oferta prim\u00e1ria, quando os recursos v\u00e3o para o caixa da empresa, ser\u00e3o destinados para aquisi\u00e7\u00e3o e customiza\u00e7\u00e3o de embarca\u00e7\u00f5es. Os 30% restantes, da ir\u00e3o para compra de m\u00e1quinas e equipamentos.<\/p>\n<p>Os <strong>bancos coordenadores<\/strong> da oferta foram Ita\u00fa BBA, Bradesco BBI e JP Morgan.<\/p>\n<p>A empresa se descreve como uma das principais prestadoras de<strong> servi\u00e7os de suporte mar\u00edtimo<\/strong> no Brasil. A OceanPact tamb\u00e9m oferece servi\u00e7os para estudo, prote\u00e7\u00e3o, monitoramento e uso sustent\u00e1vel do mar, do litoral e dos recursos marinhos para clientes principalmente no setor de \u00f3leo e g\u00e1s.<\/p>\n<p>Al\u00e9m disso, atende outros setores da economia, como energia, minera\u00e7\u00e3o, telecomunica\u00e7\u00f5es, portu\u00e1rio, navega\u00e7\u00e3o, turismo, pesca e aquicultura.<\/p>\n<h2>Opera\u00e7\u00f5es da OceanPact<\/h2>\n<p>As<strong> opera\u00e7\u00f5es da OceanPact<\/strong> s\u00e3o divididas em dois segmentos: embarca\u00e7\u00f5es e servi\u00e7os.<\/p>\n\t<p>\n\t\t<a href=\"https:\/\/lp.suno.com.br\/planilha-da-vida-financeira\/\" target=\"_blank\" data-element=\"shortcode-suno-banner\" title=\"Banner SUNO, clique e saiba mais\">\n\t\t\t<picture>\n\t\t\t\t<source media=\"(max-width: 500px)\" srcset=\"https:\/\/files.sunoresearch.com.br\/n\/uploads\/2023\/04\/400x300-Planilha-vida-financeira-true.png\">\n\t\t\t\t<img class=\"newsContent__article__imgCapa newsContent__article__imgCapa--banner\"\n\t\t\t\t\tsrc=\"https:\/\/files.sunoresearch.com.br\/n\/uploads\/2023\/04\/1420x240-Planilha-vida-financeira-true.png\"\n\t\t\t\t\tdata-promo-id=\"106682\"\t\t\t\t\t\t\t\t\t\twidth='1420' height='240'\t\t\t\t\talt=\"https:\/\/files.sunoresearch.com.br\/n\/uploads\/2023\/04\/1420x240-Planilha-vida-financeira-true.png\"\n\t\t\t\t>\n\t\t\t<\/picture>\n\t\t<\/a>\n\t<\/p>\n\n\n<p>Estes segmentos operam em tr\u00eas \u00e1reas de atua\u00e7\u00e3o:<\/p>\n<ul>\n<li>Ambiental, que inclui <strong>servi\u00e7os de prote\u00e7\u00e3o ambiental<\/strong>, levantamentos oceanogr\u00e1ficos, licenciamentos e estudos ambientais, seguran\u00e7a operacional e remedia\u00e7\u00e3o ambiental.<\/li>\n<li>Subsea, que inclui servi\u00e7os de geof\u00edsica, geotecnia, inspe\u00e7\u00e3o, reparo e manuten\u00e7\u00e3o, posicionamento e suporte \u00e0 constru\u00e7\u00e3o e descomissionamento.<\/li>\n<li>Log\u00edstica e Engenharia, que inclui <strong>servi\u00e7os de log\u00edstica mar\u00edtima<\/strong>, bases de apoio offshore, engenharia portu\u00e1ria e costeira, obras e dragagens e facilities e limpeza industrial.<\/li>\n<\/ul>\n<p>Com uma frota de 23 embarca\u00e7\u00f5es, <strong>OceanPact<\/strong> a<a href=\"https:\/\/www.suno.com.br\/artigos\/o-que-receita-liquida\/\" target=\"_blank\" rel=\"noopener noreferrer\"> registrou receita l\u00edquida<\/a> consolidada de R$640 milh\u00f5es no per\u00edodo de 12 meses encerrado em 30 de setembro de 2020. No mesmo intervalo, o\u00a0<a href=\"https:\/\/www.suno.com.br\/artigos\/ebitda\/\" target=\"_blank\" rel=\"noopener noreferrer\">Ebitda<\/a> foi de de R$167 milh\u00f5es.<\/p>\n\t<p>\n\t\t<a href=\"https:\/\/lp.suno.com.br\/planilha-de-controle-de-investimentos\/\" target=\"_blank\" data-element=\"shortcode-suno-banner\" title=\"Banner SUNO, clique e saiba mais\">\n\t\t\t<picture>\n\t\t\t\t<source media=\"(max-width: 500px)\" srcset=\"https:\/\/files.sunoresearch.com.br\/n\/uploads\/2023\/03\/400x300-Controle-de-Investimentos.png\">\n\t\t\t\t<img class=\"newsContent__article__imgCapa newsContent__article__imgCapa--banner\"\n\t\t\t\t\tsrc=\"https:\/\/files.sunoresearch.com.br\/n\/uploads\/2023\/03\/1420x240-Controle-de-Investimentos.png\"\n\t\t\t\t\tdata-promo-id=\"75934\"\t\t\t\t\t\t\t\t\t\twidth='1420' height='240'\t\t\t\t\talt=\"https:\/\/files.sunoresearch.com.br\/n\/uploads\/2023\/03\/1420x240-Controle-de-Investimentos.png\"\n\t\t\t\t>\n\t\t\t<\/picture>\n\t\t<\/a>\n\t<\/p>\n\n\n","protected":false},"excerpt":{"rendered":"<p>A OceanPact (OPCT3), empresa de servi\u00e7os mar\u00edtimos, estreou na Bolsa de Valores de S\u00e3o Paulo (B3) nesta sexta-feira (11) com leve alta de 0,63%, negociada a R$ 11,22. A companhia precificou sua oferta p\u00fablica de a\u00e7\u00f5es (IPO), na \u00faltima quarta-feira (10) e movimentou cerca de R$ 2,2 bilh\u00f5es. A OceanPact (OCPT3) precificou seu IPO na [&hellip;]<\/p>\n","protected":false},"author":15,"featured_media":121205,"comment_status":"closed","ping_status":"closed","sticky":false,"template":"","format":"standard","meta":[],"categories":[64],"tags":[105479],"suno_strategy":[],"class_list":["post-121191","post","type-post","status-publish","format-standard","has-post-thumbnail","hentry","category-negocios","tag-oceanpact-opct3"],"yoast_head":"<!-- This site is optimized with the Yoast SEO plugin v24.4 - https:\/\/yoast.com\/wordpress\/plugins\/seo\/ -->\n<title>OceanPact (OPCT3) estreia na B3 com leve alta de 0,63%, a R$ 11,22<\/title>\n<meta name=\"description\" content=\"A OceanPact (OCPT3) precificou seu IPO na \u00faltima quinta-feira (10) e movimentou cerca de R$ 2,2 bilh\u00f5es. Clique aqui e saiba mais.\" \/>\n<meta name=\"robots\" content=\"index, follow, max-snippet:-1, max-image-preview:large, max-video-preview:-1\" \/>\n<link rel=\"canonical\" href=\"https:\/\/www.suno.com.br\/noticias\/oceanpact-opct3-estreia-b3-ipo\/\" \/>\n<meta property=\"og:locale\" content=\"pt_BR\" \/>\n<meta property=\"og:type\" content=\"article\" \/>\n<meta property=\"og:title\" content=\"OceanPact (OPCT3) estreia na B3 com leve alta de 0,63%, a R$ 11,22\" \/>\n<meta property=\"og:description\" content=\"A OceanPact (OCPT3) precificou seu IPO na \u00faltima quinta-feira (10) e movimentou cerca de R$ 2,2 bilh\u00f5es. Clique aqui e saiba mais.\" \/>\n<meta property=\"og:url\" content=\"https:\/\/www.suno.com.br\/noticias\/oceanpact-opct3-estreia-b3-ipo\/\" \/>\n<meta property=\"og:site_name\" content=\"Suno Not\u00edcias\" \/>\n<meta property=\"article:publisher\" content=\"https:\/\/facebook.com\/sunoresearch\" \/>\n<meta property=\"og:image\" content=\"https:\/\/files.sunoresearch.com.br\/n\/uploads\/2021\/02\/dfa1fef2-oceanpact.jpg\" \/>\n\t<meta property=\"og:image:width\" content=\"1920\" \/>\n\t<meta property=\"og:image:height\" content=\"1080\" \/>\n\t<meta property=\"og:image:type\" content=\"image\/jpeg\" \/>\n<meta name=\"author\" content=\"Poliana Santos\" \/>\n<meta name=\"twitter:card\" content=\"summary_large_image\" \/>\n<meta name=\"twitter:creator\" content=\"@sunoresearch\" \/>\n<meta name=\"twitter:site\" content=\"@sunoresearch\" \/>\n<meta name=\"twitter:label1\" content=\"Escrito por\" \/>\n\t<meta name=\"twitter:data1\" content=\"Poliana Santos\" \/>\n\t<meta name=\"twitter:label2\" content=\"Est. tempo de leitura\" \/>\n\t<meta name=\"twitter:data2\" content=\"2 minutos\" \/>\n<script type=\"application\/ld+json\" class=\"yoast-schema-graph\">{\"@context\":\"https:\/\/schema.org\",\"@graph\":[{\"@type\":\"NewsArticle\",\"@id\":\"https:\/\/www.suno.com.br\/noticias\/oceanpact-opct3-estreia-b3-ipo\/#article\",\"isPartOf\":{\"@id\":\"https:\/\/www.suno.com.br\/noticias\/oceanpact-opct3-estreia-b3-ipo\/\"},\"author\":{\"name\":\"Poliana Santos\",\"@id\":\"https:\/\/www.suno.com.br\/noticias\/#\/schema\/person\/02ec1f752758247878a2bf4abee1aeda\"},\"headline\":\"OceanPact (OPCT3) estreia na B3 com leve alta de 0,63%, negociada a R$ 11,22\",\"datePublished\":\"2021-02-12T13:37:38+00:00\",\"dateModified\":\"2021-02-18T22:57:45+00:00\",\"mainEntityOfPage\":{\"@id\":\"https:\/\/www.suno.com.br\/noticias\/oceanpact-opct3-estreia-b3-ipo\/\"},\"wordCount\":456,\"publisher\":{\"@id\":\"https:\/\/www.suno.com.br\/noticias\/#organization\"},\"image\":{\"@id\":\"https:\/\/www.suno.com.br\/noticias\/oceanpact-opct3-estreia-b3-ipo\/#primaryimage\"},\"thumbnailUrl\":\"https:\/\/files.sunoresearch.com.br\/n\/uploads\/2021\/02\/dfa1fef2-oceanpact-jpg.webp\",\"keywords\":[\"Oceanpact (OPCT3)\"],\"articleSection\":[\"Neg\u00f3cios\"],\"inLanguage\":\"pt-BR\"},{\"@type\":\"WebPage\",\"@id\":\"https:\/\/www.suno.com.br\/noticias\/oceanpact-opct3-estreia-b3-ipo\/\",\"url\":\"https:\/\/www.suno.com.br\/noticias\/oceanpact-opct3-estreia-b3-ipo\/\",\"name\":\"OceanPact (OPCT3) estreia na B3 com leve alta de 0,63%, a R$ 11,22\",\"isPartOf\":{\"@id\":\"https:\/\/www.suno.com.br\/noticias\/#website\"},\"primaryImageOfPage\":{\"@id\":\"https:\/\/www.suno.com.br\/noticias\/oceanpact-opct3-estreia-b3-ipo\/#primaryimage\"},\"image\":{\"@id\":\"https:\/\/www.suno.com.br\/noticias\/oceanpact-opct3-estreia-b3-ipo\/#primaryimage\"},\"thumbnailUrl\":\"https:\/\/files.sunoresearch.com.br\/n\/uploads\/2021\/02\/dfa1fef2-oceanpact-jpg.webp\",\"datePublished\":\"2021-02-12T13:37:38+00:00\",\"dateModified\":\"2021-02-18T22:57:45+00:00\",\"description\":\"A OceanPact (OCPT3) precificou seu IPO na \u00faltima quinta-feira (10) e movimentou cerca de R$ 2,2 bilh\u00f5es. Clique aqui e saiba mais.\",\"breadcrumb\":{\"@id\":\"https:\/\/www.suno.com.br\/noticias\/oceanpact-opct3-estreia-b3-ipo\/#breadcrumb\"},\"inLanguage\":\"pt-BR\",\"potentialAction\":[{\"@type\":\"ReadAction\",\"target\":[\"https:\/\/www.suno.com.br\/noticias\/oceanpact-opct3-estreia-b3-ipo\/\"]}]},{\"@type\":\"ImageObject\",\"inLanguage\":\"pt-BR\",\"@id\":\"https:\/\/www.suno.com.br\/noticias\/oceanpact-opct3-estreia-b3-ipo\/#primaryimage\",\"url\":\"https:\/\/files.sunoresearch.com.br\/n\/uploads\/2021\/02\/dfa1fef2-oceanpact-jpg.webp\",\"contentUrl\":\"https:\/\/files.sunoresearch.com.br\/n\/uploads\/2021\/02\/dfa1fef2-oceanpact-jpg.webp\",\"width\":1920,\"height\":1080,\"caption\":\"A OceanPact (OCPT3) precificou seu IPO na \u00faltima quinta-feira (10) e movimentou cerca de R$ 2,2 bilh\u00f5es.\"},{\"@type\":\"BreadcrumbList\",\"@id\":\"https:\/\/www.suno.com.br\/noticias\/oceanpact-opct3-estreia-b3-ipo\/#breadcrumb\",\"itemListElement\":[{\"@type\":\"ListItem\",\"position\":1,\"name\":\"Not\u00edcias\",\"item\":\"https:\/\/www.suno.com.br\/noticias\/\"},{\"@type\":\"ListItem\",\"position\":2,\"name\":\"Neg\u00f3cios\",\"item\":\"https:\/\/www.suno.com.br\/noticias\/negocios\/\"},{\"@type\":\"ListItem\",\"position\":3,\"name\":\"OceanPact (OPCT3) estreia na B3 com leve alta de 0,63%, negociada a R$ 11,22\"}]},{\"@type\":\"WebSite\",\"@id\":\"https:\/\/www.suno.com.br\/noticias\/#website\",\"url\":\"https:\/\/www.suno.com.br\/noticias\/\",\"name\":\"Suno Not\u00edcias\",\"description\":\"Seu portal de informa\u00e7\u00e3o sobre o mundo dos investimentos\",\"publisher\":{\"@id\":\"https:\/\/www.suno.com.br\/noticias\/#organization\"},\"potentialAction\":[{\"@type\":\"SearchAction\",\"target\":{\"@type\":\"EntryPoint\",\"urlTemplate\":\"https:\/\/www.suno.com.br\/noticias\/?s={search_term_string}\"},\"query-input\":{\"@type\":\"PropertyValueSpecification\",\"valueRequired\":true,\"valueName\":\"search_term_string\"}}],\"inLanguage\":\"pt-BR\"},{\"@type\":\"Organization\",\"@id\":\"https:\/\/www.suno.com.br\/noticias\/#organization\",\"name\":\"Suno Not\u00edcias\",\"url\":\"https:\/\/www.suno.com.br\/noticias\/\",\"logo\":{\"@type\":\"ImageObject\",\"inLanguage\":\"pt-BR\",\"@id\":\"https:\/\/www.suno.com.br\/noticias\/#\/schema\/logo\/image\/\",\"url\":\"https:\/\/files.sunoresearch.com.br\/n\/uploads\/2021\/09\/suno-logo.png\",\"contentUrl\":\"https:\/\/files.sunoresearch.com.br\/n\/uploads\/2021\/09\/suno-logo.png\",\"width\":180,\"height\":180,\"caption\":\"Suno Not\u00edcias\"},\"image\":{\"@id\":\"https:\/\/www.suno.com.br\/noticias\/#\/schema\/logo\/image\/\"},\"sameAs\":[\"https:\/\/facebook.com\/sunoresearch\",\"https:\/\/x.com\/sunoresearch\",\"https:\/\/www.instagram.com\/suno\",\"https:\/\/www.linkedin.com\/company\/suno-research\/\",\"https:\/\/www.youtube.com\/c\/sunoresearch\"]},{\"@type\":\"Person\",\"@id\":\"https:\/\/www.suno.com.br\/noticias\/#\/schema\/person\/02ec1f752758247878a2bf4abee1aeda\",\"name\":\"Poliana Santos\",\"image\":{\"@type\":\"ImageObject\",\"inLanguage\":\"pt-BR\",\"@id\":\"https:\/\/www.suno.com.br\/noticias\/#\/schema\/person\/image\/\",\"url\":\"https:\/\/secure.gravatar.com\/avatar\/0645bd32f23d87b2130f2b2dff1d3f8d?s=96&r=g\",\"contentUrl\":\"https:\/\/secure.gravatar.com\/avatar\/0645bd32f23d87b2130f2b2dff1d3f8d?s=96&r=g\",\"caption\":\"Poliana Santos\"},\"description\":\"Rep\u00f3rter no Suno Not\u00edcias, com cobertura em mercado financeiro, economia, finan\u00e7as pessoais, renda fixa e varejo. Jornalista formada pela Faculdade C\u00e1sper L\u00edbero e possui passagem na R\u00e1dio Gazeta AM com a produ\u00e7\u00e3o de conte\u00fado sobre economia, pol\u00edtica, sa\u00fade, moda e m\u00fasica. Possui certificado de conclus\u00e3o do curso de An\u00e1lise de Balan\u00e7os pela Funda\u00e7\u00e3o Bradesco, Agenda Brasil pela FAAP, Educa\u00e7\u00e3o Pol\u00edtica por Alexandre Garcia e do Tesouro Direto e Mercado de A\u00e7\u00f5es pela B3.\",\"url\":\"https:\/\/www.suno.com.br\/noticias\/author\/poliana-santos\/\"}]}<\/script>\n<!-- \/ Yoast SEO plugin. -->","yoast_head_json":{"title":"OceanPact (OPCT3) estreia na B3 com leve alta de 0,63%, a R$ 11,22","description":"A OceanPact (OCPT3) precificou seu IPO na \u00faltima quinta-feira (10) e movimentou cerca de R$ 2,2 bilh\u00f5es. Clique aqui e saiba mais.","robots":{"index":"index","follow":"follow","max-snippet":"max-snippet:-1","max-image-preview":"max-image-preview:large","max-video-preview":"max-video-preview:-1"},"canonical":"https:\/\/www.suno.com.br\/noticias\/oceanpact-opct3-estreia-b3-ipo\/","og_locale":"pt_BR","og_type":"article","og_title":"OceanPact (OPCT3) estreia na B3 com leve alta de 0,63%, a R$ 11,22","og_description":"A OceanPact (OCPT3) precificou seu IPO na \u00faltima quinta-feira (10) e movimentou cerca de R$ 2,2 bilh\u00f5es. Clique aqui e saiba mais.","og_url":"https:\/\/www.suno.com.br\/noticias\/oceanpact-opct3-estreia-b3-ipo\/","og_site_name":"Suno Not\u00edcias","article_publisher":"https:\/\/facebook.com\/sunoresearch","og_image":[{"width":1920,"height":1080,"url":"https:\/\/files.sunoresearch.com.br\/n\/uploads\/2021\/02\/dfa1fef2-oceanpact.jpg","type":"image\/jpeg"}],"author":"Poliana Santos","twitter_card":"summary_large_image","twitter_creator":"@sunoresearch","twitter_site":"@sunoresearch","twitter_misc":{"Escrito por":"Poliana Santos","Est. tempo de leitura":"2 minutos"},"schema":{"@context":"https:\/\/schema.org","@graph":[{"@type":"NewsArticle","@id":"https:\/\/www.suno.com.br\/noticias\/oceanpact-opct3-estreia-b3-ipo\/#article","isPartOf":{"@id":"https:\/\/www.suno.com.br\/noticias\/oceanpact-opct3-estreia-b3-ipo\/"},"author":{"name":"Poliana Santos","@id":"https:\/\/www.suno.com.br\/noticias\/#\/schema\/person\/02ec1f752758247878a2bf4abee1aeda"},"headline":"OceanPact (OPCT3) estreia na B3 com leve alta de 0,63%, negociada a R$ 11,22","datePublished":"2021-02-12T13:37:38+00:00","dateModified":"2021-02-18T22:57:45+00:00","mainEntityOfPage":{"@id":"https:\/\/www.suno.com.br\/noticias\/oceanpact-opct3-estreia-b3-ipo\/"},"wordCount":456,"publisher":{"@id":"https:\/\/www.suno.com.br\/noticias\/#organization"},"image":{"@id":"https:\/\/www.suno.com.br\/noticias\/oceanpact-opct3-estreia-b3-ipo\/#primaryimage"},"thumbnailUrl":"https:\/\/files.sunoresearch.com.br\/n\/uploads\/2021\/02\/dfa1fef2-oceanpact-jpg.webp","keywords":["Oceanpact (OPCT3)"],"articleSection":["Neg\u00f3cios"],"inLanguage":"pt-BR"},{"@type":"WebPage","@id":"https:\/\/www.suno.com.br\/noticias\/oceanpact-opct3-estreia-b3-ipo\/","url":"https:\/\/www.suno.com.br\/noticias\/oceanpact-opct3-estreia-b3-ipo\/","name":"OceanPact (OPCT3) estreia na B3 com leve alta de 0,63%, a R$ 11,22","isPartOf":{"@id":"https:\/\/www.suno.com.br\/noticias\/#website"},"primaryImageOfPage":{"@id":"https:\/\/www.suno.com.br\/noticias\/oceanpact-opct3-estreia-b3-ipo\/#primaryimage"},"image":{"@id":"https:\/\/www.suno.com.br\/noticias\/oceanpact-opct3-estreia-b3-ipo\/#primaryimage"},"thumbnailUrl":"https:\/\/files.sunoresearch.com.br\/n\/uploads\/2021\/02\/dfa1fef2-oceanpact-jpg.webp","datePublished":"2021-02-12T13:37:38+00:00","dateModified":"2021-02-18T22:57:45+00:00","description":"A OceanPact (OCPT3) precificou seu IPO na \u00faltima quinta-feira (10) e movimentou cerca de R$ 2,2 bilh\u00f5es. Clique aqui e saiba mais.","breadcrumb":{"@id":"https:\/\/www.suno.com.br\/noticias\/oceanpact-opct3-estreia-b3-ipo\/#breadcrumb"},"inLanguage":"pt-BR","potentialAction":[{"@type":"ReadAction","target":["https:\/\/www.suno.com.br\/noticias\/oceanpact-opct3-estreia-b3-ipo\/"]}]},{"@type":"ImageObject","inLanguage":"pt-BR","@id":"https:\/\/www.suno.com.br\/noticias\/oceanpact-opct3-estreia-b3-ipo\/#primaryimage","url":"https:\/\/files.sunoresearch.com.br\/n\/uploads\/2021\/02\/dfa1fef2-oceanpact-jpg.webp","contentUrl":"https:\/\/files.sunoresearch.com.br\/n\/uploads\/2021\/02\/dfa1fef2-oceanpact-jpg.webp","width":1920,"height":1080,"caption":"A OceanPact (OCPT3) precificou seu IPO na \u00faltima quinta-feira (10) e movimentou cerca de R$ 2,2 bilh\u00f5es."},{"@type":"BreadcrumbList","@id":"https:\/\/www.suno.com.br\/noticias\/oceanpact-opct3-estreia-b3-ipo\/#breadcrumb","itemListElement":[{"@type":"ListItem","position":1,"name":"Not\u00edcias","item":"https:\/\/www.suno.com.br\/noticias\/"},{"@type":"ListItem","position":2,"name":"Neg\u00f3cios","item":"https:\/\/www.suno.com.br\/noticias\/negocios\/"},{"@type":"ListItem","position":3,"name":"OceanPact (OPCT3) estreia na B3 com leve alta de 0,63%, negociada a R$ 11,22"}]},{"@type":"WebSite","@id":"https:\/\/www.suno.com.br\/noticias\/#website","url":"https:\/\/www.suno.com.br\/noticias\/","name":"Suno Not\u00edcias","description":"Seu portal de informa\u00e7\u00e3o sobre o mundo dos investimentos","publisher":{"@id":"https:\/\/www.suno.com.br\/noticias\/#organization"},"potentialAction":[{"@type":"SearchAction","target":{"@type":"EntryPoint","urlTemplate":"https:\/\/www.suno.com.br\/noticias\/?s={search_term_string}"},"query-input":{"@type":"PropertyValueSpecification","valueRequired":true,"valueName":"search_term_string"}}],"inLanguage":"pt-BR"},{"@type":"Organization","@id":"https:\/\/www.suno.com.br\/noticias\/#organization","name":"Suno Not\u00edcias","url":"https:\/\/www.suno.com.br\/noticias\/","logo":{"@type":"ImageObject","inLanguage":"pt-BR","@id":"https:\/\/www.suno.com.br\/noticias\/#\/schema\/logo\/image\/","url":"https:\/\/files.sunoresearch.com.br\/n\/uploads\/2021\/09\/suno-logo.png","contentUrl":"https:\/\/files.sunoresearch.com.br\/n\/uploads\/2021\/09\/suno-logo.png","width":180,"height":180,"caption":"Suno Not\u00edcias"},"image":{"@id":"https:\/\/www.suno.com.br\/noticias\/#\/schema\/logo\/image\/"},"sameAs":["https:\/\/facebook.com\/sunoresearch","https:\/\/x.com\/sunoresearch","https:\/\/www.instagram.com\/suno","https:\/\/www.linkedin.com\/company\/suno-research\/","https:\/\/www.youtube.com\/c\/sunoresearch"]},{"@type":"Person","@id":"https:\/\/www.suno.com.br\/noticias\/#\/schema\/person\/02ec1f752758247878a2bf4abee1aeda","name":"Poliana Santos","image":{"@type":"ImageObject","inLanguage":"pt-BR","@id":"https:\/\/www.suno.com.br\/noticias\/#\/schema\/person\/image\/","url":"https:\/\/secure.gravatar.com\/avatar\/0645bd32f23d87b2130f2b2dff1d3f8d?s=96&r=g","contentUrl":"https:\/\/secure.gravatar.com\/avatar\/0645bd32f23d87b2130f2b2dff1d3f8d?s=96&r=g","caption":"Poliana Santos"},"description":"Rep\u00f3rter no Suno Not\u00edcias, com cobertura em mercado financeiro, economia, finan\u00e7as pessoais, renda fixa e varejo. Jornalista formada pela Faculdade C\u00e1sper L\u00edbero e possui passagem na R\u00e1dio Gazeta AM com a produ\u00e7\u00e3o de conte\u00fado sobre economia, pol\u00edtica, sa\u00fade, moda e m\u00fasica. Possui certificado de conclus\u00e3o do curso de An\u00e1lise de Balan\u00e7os pela Funda\u00e7\u00e3o Bradesco, Agenda Brasil pela FAAP, Educa\u00e7\u00e3o Pol\u00edtica por Alexandre Garcia e do Tesouro Direto e Mercado de A\u00e7\u00f5es pela B3.","url":"https:\/\/www.suno.com.br\/noticias\/author\/poliana-santos\/"}]}},"default_loop_html":"<div class=\"cardsPage__listCard__boxs\"><div class=\"cardsPage__listCard__boxs__img\"><a href=\"https:\/\/www.suno.com.br\/noticias\/oceanpact-opct3-estreia-b3-ipo\/\"><img class=\"mask\" src=\"https:\/\/www.suno.com.br\/noticias\/wp-content\/themes\/suno\/resources\/images\/spotlight\/spotlight1img\/bg-mask.png\" alt=\"Image Mask\"\/><img src=\"https:\/\/files.sunoresearch.com.br\/n\/uploads\/2021\/02\/dfa1fef2-oceanpact-400x200.webp\" alt=\"OceanPact (OPCT3) estreia na B3 com leve alta de 0,63%, negociada a R$ 11,22\"\/><\/a><span class=\"spotlightCategory\"><a href=\"https:\/\/www.suno.com.br\/noticias\/negocios\/\">Neg\u00f3cios<\/a><\/span><\/div><div class=\"cardsPage__listCard__boxs__content\"><a href=\"https:\/\/www.suno.com.br\/noticias\/oceanpact-opct3-estreia-b3-ipo\/\"><h2 class=\"content__title\">OceanPact (OPCT3) estreia na B3 com leve alta de 0,63%, negociada a R$ 11,22<\/h2><\/a><div class=\"newsContent__article__meta\"><div class=\"newsContent__article__meta__authorBox\"><a href=\"https:\/\/www.suno.com.br\/noticias\/author\/poliana-santos\/\" class=\"authorBox__avatar noMobi\"><img src=\"https:\/\/files.sunoresearch.com.br\/n\/uploads\/2020\/08\/7ef34026-whatsapp-image-2020-08-03-at-12.37.57-150x150.webp\" alt=\"Poliana Santos\"><\/a><div class=\"authorBox__name\"><span>por\n\t\t\t<a href=\"https:\/\/www.suno.com.br\/noticias\/author\/poliana-santos\/\"><span itemprop=\"author\">Poliana Santos<\/span><\/a><\/span><time datetime=\"2021-02-12T10:37:38-03:00\" itemprop=\"datePublished\">12\/02\/2021 10:37<\/time><\/div><\/div><\/div><\/div><\/div>","single_layout":"posts","amp_enabled":true,"_links":{"self":[{"href":"https:\/\/www.suno.com.br\/noticias\/wp-json\/wp\/v2\/posts\/121191"}],"collection":[{"href":"https:\/\/www.suno.com.br\/noticias\/wp-json\/wp\/v2\/posts"}],"about":[{"href":"https:\/\/www.suno.com.br\/noticias\/wp-json\/wp\/v2\/types\/post"}],"author":[{"embeddable":true,"href":"https:\/\/www.suno.com.br\/noticias\/wp-json\/wp\/v2\/users\/15"}],"replies":[{"embeddable":true,"href":"https:\/\/www.suno.com.br\/noticias\/wp-json\/wp\/v2\/comments?post=121191"}],"version-history":[{"count":0,"href":"https:\/\/www.suno.com.br\/noticias\/wp-json\/wp\/v2\/posts\/121191\/revisions"}],"wp:featuredmedia":[{"embeddable":true,"href":"https:\/\/www.suno.com.br\/noticias\/wp-json\/wp\/v2\/media\/121205"}],"wp:attachment":[{"href":"https:\/\/www.suno.com.br\/noticias\/wp-json\/wp\/v2\/media?parent=121191"}],"wp:term":[{"taxonomy":"category","embeddable":true,"href":"https:\/\/www.suno.com.br\/noticias\/wp-json\/wp\/v2\/categories?post=121191"},{"taxonomy":"post_tag","embeddable":true,"href":"https:\/\/www.suno.com.br\/noticias\/wp-json\/wp\/v2\/tags?post=121191"},{"taxonomy":"suno_strategy","embeddable":true,"href":"https:\/\/www.suno.com.br\/noticias\/wp-json\/wp\/v2\/suno_strategy?post=121191"}],"curies":[{"name":"wp","href":"https:\/\/api.w.org\/{rel}","templated":true}]}}