{"id":12107,"date":"2019-01-17T15:33:42","date_gmt":"2019-01-17T17:33:42","guid":{"rendered":"https:\/\/www.suno.com.br\/noticias\/?p=12107"},"modified":"2019-01-18T01:50:36","modified_gmt":"2019-01-18T03:50:36","slug":"ericsson-deve-ampliar-fabrica-brasil","status":"publish","type":"post","link":"https:\/\/www.suno.com.br\/noticias\/ericsson-deve-ampliar-fabrica-brasil\/","title":{"rendered":"Ericsson deve ampliar f\u00e1brica no Brasil"},"content":{"rendered":"<p>A Ericsson estuda ampliar as instala\u00e7\u00f5es de sua f\u00e1brica no Brasil, localizada em S\u00e3o Jos\u00e9 dos Campos, interior de S\u00e3o Paulo.<\/p>\t<div class=\"wrapper-featured-image\">\n\t\t<figure class=\"spotlightImg\">\n\n\t\t\t<picture>\n\t\t\t\t<source media=\"(max-width: 768px)\" srcset=\"https:\/\/files.sunoresearch.com.br\/n\/uploads\/2019\/01\/0114ee14-ericsson-400x200.webp\">\n\t\t\t\t<img loading=\"lazy\" decoding=\"async\" class=\"newsContent__article__imgCapa lazyloadDisabled newsContent__article__imgCapa--noCaption\" src=\"https:\/\/files.sunoresearch.com.br\/n\/uploads\/2019\/01\/0114ee14-ericsson-800x450.webp\" width=\"800\" height=\"450\" alt=\"Ericsson deve ampliar f\u00e1brica no Brasil\" fetchpriority=high \/>\n\t\t\t<\/picture>\n\n\t\t\t<figcaption class=\"wp-caption-text wp-caption-text--hide\"><\/figcaption>\n\t\t<\/figure>\n\t<\/div>\n\n\n<p>O objetivo da expans\u00e3o da <strong>Ericsson<\/strong> no Pa\u00eds \u00e9 reunir as opera\u00e7\u00f5es de Argentina, Chile, Peru e Uruguai em uma mesma unidade de neg\u00f3cios.<\/p>\n<p><a href=\"https:\/\/www.suno.com.br\/noticias\/salario-minimo-ganho-real\/\">Saiba mais: Ap\u00f3s dois anos sal\u00e1rio m\u00ednimo volta a ter ganho real<\/a><\/p>\n<p>Recentemente, foi criada a <strong>Ericsson Latam Sul<\/strong>, assumida pelo brasileiro Eduardo Ricotta, que permaneceu na presid\u00eancia da <strong>Ericsson Brasil<\/strong> por 18 anos.<\/p>\n<p>De acordo com Ricotta, h\u00e1 um desejo de utilizar &#8220;em um contexto maior&#8221; n\u00e3o s\u00f3 a f\u00e1brica de S\u00e3o Jos\u00e9 dos Campos, mas tamb\u00e9m o <strong>Centro de Pesquisa e Desenvolvimento<\/strong> em Indaiatuba.<\/p>\n<p>As expans\u00f5es ocorrem em um momento de mudan\u00e7as nos sistemas, como o desenvolvimento do<strong> 5G<\/strong>. Rocha diz que a f\u00e1brica no interior paulista deve passar por adapta\u00e7\u00f5es para atender as demandas da nova tecnologia.<\/p>\n<p>&#8220;A f\u00e1brica brasileira j\u00e1 atendia os outros pa\u00edses [do Latam Sul], mas precisamos dessa investimento porque o <strong>5G<\/strong> est\u00e1 chegando, e queremos produzir <strong>5G<\/strong> em S\u00e3o Jos\u00e9 dos Campos. Ainda estamos em um per\u00edodo de planejamento, mas em breve devemos anunciar [detalhes da expans\u00e3o]. O <strong>5G<\/strong> provavelmente vai chegar primeiro no Chile que no Brasil, e a f\u00e1brica tem que estar apta&#8221;, afirmou Ricotta ao portal &#8220;Teletime&#8221;.<\/p>\n<p><a href=\"https:\/\/www.suno.com.br\/noticias\/alemanha-banir-huawei-redes-5g\/\">Saiba mais: Alemanha pode banir chinesa Huawei da constru\u00e7\u00e3o das redes m\u00f3veis 5G<\/a><\/p>\n<h2>Redesenho das estruturas da Ericsson<\/h2>\n<p>A multinacional passou por uma reestrutura\u00e7\u00e3o das opera\u00e7\u00f5es na <strong>Am\u00e9rica Latina<\/strong>. Com a finalidade de aproximar os mercados vizinhos, a estrutura de neg\u00f3cios foi redesenhada.<\/p>\n<p>&#8220;Antes eram tr\u00eas divis\u00f5es: <strong>M\u00e9xico<\/strong> e <strong>Am\u00e9rica Central<\/strong>, cone sul exceto <strong>Brasil<\/strong>. Agora, pegamos toda <strong>Am\u00e9rica Latina<\/strong> e dividimos em Norte e Sul&#8221;, explicou Ricotta ao portal &#8220;Teletime&#8221;.<\/p>\n<p>Assim, a <strong>Ericsson<\/strong> espera melhorar as interlocu\u00e7\u00f5es entre as operadoras que atuam em mais de um mercado da regi\u00e3o.<\/p>\n<p>&#8220;A Telef\u00f3nica tem grande import\u00e2ncia aqui e tamb\u00e9m na <strong>Argentina<\/strong>, onde ela tem hub para todos os pa\u00edses. [Ao unificar], a mesma pessoa que fala com eles no <strong>Brasil<\/strong> tamb\u00e9m vai falar com o presidente do <strong>Cone Sul<\/strong>&#8220;, explicou Ricotta.<\/p>\n<p>Ainda de acordo com Ricotta, a <strong>Ericsson<\/strong> pretende levar a boa opera\u00e7\u00e3o do Brasil a todos os pa\u00edses vizinhos. &#8220;Em 2017, o Brasil estava em 13\u00ba ou 14\u00ba lugar entre os maiores pa\u00edses em vendas para <strong>Ericsson<\/strong>. Hoje ele \u00e9 o quinto. Esse bom volume de vendas desde quando montamos o novo setup no Brasil ajuda&#8221;, disse Ricotta.<\/p>\n","protected":false},"excerpt":{"rendered":"<p>A Ericsson estuda ampliar as instala\u00e7\u00f5es de sua f\u00e1brica no Brasil, localizada em S\u00e3o Jos\u00e9 dos Campos, interior de S\u00e3o Paulo. O objetivo da expans\u00e3o da Ericsson no Pa\u00eds \u00e9 reunir as opera\u00e7\u00f5es de Argentina, Chile, Peru e Uruguai em uma mesma unidade de neg\u00f3cios. Saiba mais: Ap\u00f3s dois anos sal\u00e1rio m\u00ednimo volta a ter [&hellip;]<\/p>\n","protected":false},"author":14,"featured_media":12110,"comment_status":"closed","ping_status":"closed","sticky":false,"template":"","format":"standard","meta":[],"categories":[64],"tags":[986,1004],"suno_strategy":[],"class_list":["post-12107","post","type-post","status-publish","format-standard","has-post-thumbnail","hentry","category-negocios","tag-america-latina","tag-ericsson"],"yoast_head":"<!-- This site is optimized with the Yoast SEO plugin v24.4 - https:\/\/yoast.com\/wordpress\/plugins\/seo\/ -->\n<title>Ericsson deve ampliar f\u00e1brica no Brasil<\/title>\n<meta name=\"description\" content=\"O objetivo da amplia\u00e7\u00e3o \u00e9 reunir no Brasil as opera\u00e7\u00f5es da Ericsson na Am\u00e9rica do Sul e aumentar a produ\u00e7\u00e3o de 5g. Clique para saber mais.\" \/>\n<meta name=\"robots\" content=\"index, follow, max-snippet:-1, max-image-preview:large, max-video-preview:-1\" \/>\n<link rel=\"canonical\" href=\"https:\/\/www.suno.com.br\/noticias\/ericsson-deve-ampliar-fabrica-brasil\/\" \/>\n<meta property=\"og:locale\" content=\"pt_BR\" \/>\n<meta property=\"og:type\" content=\"article\" \/>\n<meta property=\"og:title\" content=\"Ericsson deve ampliar f\u00e1brica no Brasil\" \/>\n<meta property=\"og:description\" content=\"O objetivo da amplia\u00e7\u00e3o \u00e9 reunir no Brasil as opera\u00e7\u00f5es da Ericsson na Am\u00e9rica do Sul e aumentar a produ\u00e7\u00e3o de 5g. Clique para saber mais.\" \/>\n<meta property=\"og:url\" content=\"https:\/\/www.suno.com.br\/noticias\/ericsson-deve-ampliar-fabrica-brasil\/\" \/>\n<meta property=\"og:site_name\" content=\"Suno Not\u00edcias\" \/>\n<meta property=\"article:publisher\" content=\"https:\/\/facebook.com\/sunoresearch\" \/>\n<meta property=\"og:image\" content=\"https:\/\/files.sunoresearch.com.br\/n\/uploads\/2019\/01\/0114ee14-ericsson-1024x768.jpg\" \/>\n\t<meta property=\"og:image:width\" content=\"1024\" \/>\n\t<meta property=\"og:image:height\" content=\"768\" \/>\n\t<meta property=\"og:image:type\" content=\"image\/jpeg\" \/>\n<meta name=\"author\" content=\"Renan Dantas\" \/>\n<meta name=\"twitter:card\" content=\"summary_large_image\" \/>\n<meta name=\"twitter:creator\" content=\"@sunoresearch\" \/>\n<meta name=\"twitter:site\" content=\"@sunoresearch\" \/>\n<meta name=\"twitter:label1\" content=\"Escrito por\" \/>\n\t<meta name=\"twitter:data1\" content=\"Renan Dantas\" \/>\n\t<meta name=\"twitter:label2\" content=\"Est. tempo de leitura\" \/>\n\t<meta name=\"twitter:data2\" content=\"2 minutos\" \/>\n<script type=\"application\/ld+json\" class=\"yoast-schema-graph\">{\"@context\":\"https:\/\/schema.org\",\"@graph\":[{\"@type\":\"NewsArticle\",\"@id\":\"https:\/\/www.suno.com.br\/noticias\/ericsson-deve-ampliar-fabrica-brasil\/#article\",\"isPartOf\":{\"@id\":\"https:\/\/www.suno.com.br\/noticias\/ericsson-deve-ampliar-fabrica-brasil\/\"},\"author\":{\"name\":\"Renan Dantas\",\"@id\":\"https:\/\/www.suno.com.br\/noticias\/#\/schema\/person\/3f7693d5795a3f6d5ce15309ee785699\"},\"headline\":\"Ericsson deve ampliar f\u00e1brica no Brasil\",\"datePublished\":\"2019-01-17T17:33:42+00:00\",\"dateModified\":\"2019-01-18T03:50:36+00:00\",\"mainEntityOfPage\":{\"@id\":\"https:\/\/www.suno.com.br\/noticias\/ericsson-deve-ampliar-fabrica-brasil\/\"},\"wordCount\":448,\"publisher\":{\"@id\":\"https:\/\/www.suno.com.br\/noticias\/#organization\"},\"image\":{\"@id\":\"https:\/\/www.suno.com.br\/noticias\/ericsson-deve-ampliar-fabrica-brasil\/#primaryimage\"},\"thumbnailUrl\":\"https:\/\/files.sunoresearch.com.br\/n\/uploads\/2019\/01\/0114ee14-ericsson-scaled.webp\",\"keywords\":[\"Am\u00e9rica Latina\",\"Ericsson\"],\"articleSection\":[\"Neg\u00f3cios\"],\"inLanguage\":\"pt-BR\"},{\"@type\":\"WebPage\",\"@id\":\"https:\/\/www.suno.com.br\/noticias\/ericsson-deve-ampliar-fabrica-brasil\/\",\"url\":\"https:\/\/www.suno.com.br\/noticias\/ericsson-deve-ampliar-fabrica-brasil\/\",\"name\":\"Ericsson deve ampliar f\u00e1brica no Brasil\",\"isPartOf\":{\"@id\":\"https:\/\/www.suno.com.br\/noticias\/#website\"},\"primaryImageOfPage\":{\"@id\":\"https:\/\/www.suno.com.br\/noticias\/ericsson-deve-ampliar-fabrica-brasil\/#primaryimage\"},\"image\":{\"@id\":\"https:\/\/www.suno.com.br\/noticias\/ericsson-deve-ampliar-fabrica-brasil\/#primaryimage\"},\"thumbnailUrl\":\"https:\/\/files.sunoresearch.com.br\/n\/uploads\/2019\/01\/0114ee14-ericsson-scaled.webp\",\"datePublished\":\"2019-01-17T17:33:42+00:00\",\"dateModified\":\"2019-01-18T03:50:36+00:00\",\"description\":\"O objetivo da amplia\u00e7\u00e3o \u00e9 reunir no Brasil as opera\u00e7\u00f5es da Ericsson na Am\u00e9rica do Sul e aumentar a produ\u00e7\u00e3o de 5g. Clique para saber mais.\",\"breadcrumb\":{\"@id\":\"https:\/\/www.suno.com.br\/noticias\/ericsson-deve-ampliar-fabrica-brasil\/#breadcrumb\"},\"inLanguage\":\"pt-BR\",\"potentialAction\":[{\"@type\":\"ReadAction\",\"target\":[\"https:\/\/www.suno.com.br\/noticias\/ericsson-deve-ampliar-fabrica-brasil\/\"]}]},{\"@type\":\"ImageObject\",\"inLanguage\":\"pt-BR\",\"@id\":\"https:\/\/www.suno.com.br\/noticias\/ericsson-deve-ampliar-fabrica-brasil\/#primaryimage\",\"url\":\"https:\/\/files.sunoresearch.com.br\/n\/uploads\/2019\/01\/0114ee14-ericsson-scaled.webp\",\"contentUrl\":\"https:\/\/files.sunoresearch.com.br\/n\/uploads\/2019\/01\/0114ee14-ericsson-scaled.webp\",\"width\":2560,\"height\":1920},{\"@type\":\"BreadcrumbList\",\"@id\":\"https:\/\/www.suno.com.br\/noticias\/ericsson-deve-ampliar-fabrica-brasil\/#breadcrumb\",\"itemListElement\":[{\"@type\":\"ListItem\",\"position\":1,\"name\":\"Not\u00edcias\",\"item\":\"https:\/\/www.suno.com.br\/noticias\/\"},{\"@type\":\"ListItem\",\"position\":2,\"name\":\"Neg\u00f3cios\",\"item\":\"https:\/\/www.suno.com.br\/noticias\/negocios\/\"},{\"@type\":\"ListItem\",\"position\":3,\"name\":\"Ericsson deve ampliar f\u00e1brica no Brasil\"}]},{\"@type\":\"WebSite\",\"@id\":\"https:\/\/www.suno.com.br\/noticias\/#website\",\"url\":\"https:\/\/www.suno.com.br\/noticias\/\",\"name\":\"Suno Not\u00edcias\",\"description\":\"Seu portal de informa\u00e7\u00e3o sobre o mundo dos investimentos\",\"publisher\":{\"@id\":\"https:\/\/www.suno.com.br\/noticias\/#organization\"},\"potentialAction\":[{\"@type\":\"SearchAction\",\"target\":{\"@type\":\"EntryPoint\",\"urlTemplate\":\"https:\/\/www.suno.com.br\/noticias\/?s={search_term_string}\"},\"query-input\":{\"@type\":\"PropertyValueSpecification\",\"valueRequired\":true,\"valueName\":\"search_term_string\"}}],\"inLanguage\":\"pt-BR\"},{\"@type\":\"Organization\",\"@id\":\"https:\/\/www.suno.com.br\/noticias\/#organization\",\"name\":\"Suno Not\u00edcias\",\"url\":\"https:\/\/www.suno.com.br\/noticias\/\",\"logo\":{\"@type\":\"ImageObject\",\"inLanguage\":\"pt-BR\",\"@id\":\"https:\/\/www.suno.com.br\/noticias\/#\/schema\/logo\/image\/\",\"url\":\"https:\/\/files.sunoresearch.com.br\/n\/uploads\/2021\/09\/suno-logo.png\",\"contentUrl\":\"https:\/\/files.sunoresearch.com.br\/n\/uploads\/2021\/09\/suno-logo.png\",\"width\":180,\"height\":180,\"caption\":\"Suno Not\u00edcias\"},\"image\":{\"@id\":\"https:\/\/www.suno.com.br\/noticias\/#\/schema\/logo\/image\/\"},\"sameAs\":[\"https:\/\/facebook.com\/sunoresearch\",\"https:\/\/x.com\/sunoresearch\",\"https:\/\/www.instagram.com\/suno\",\"https:\/\/www.linkedin.com\/company\/suno-research\/\",\"https:\/\/www.youtube.com\/c\/sunoresearch\"]},{\"@type\":\"Person\",\"@id\":\"https:\/\/www.suno.com.br\/noticias\/#\/schema\/person\/3f7693d5795a3f6d5ce15309ee785699\",\"name\":\"Renan Dantas\",\"image\":{\"@type\":\"ImageObject\",\"inLanguage\":\"pt-BR\",\"@id\":\"https:\/\/www.suno.com.br\/noticias\/#\/schema\/person\/image\/\",\"url\":\"https:\/\/secure.gravatar.com\/avatar\/1787b83e7484a08e51d62ac8b41c8396?s=96&r=g\",\"contentUrl\":\"https:\/\/secure.gravatar.com\/avatar\/1787b83e7484a08e51d62ac8b41c8396?s=96&r=g\",\"caption\":\"Renan Dantas\"},\"description\":\"Escreve sobre pol\u00edtica e mercado financeiro para o portal Suno Not\u00edcias. Antes, atuou na assessoria de comunica\u00e7\u00e3o do Minist\u00e9rio P\u00fablico do Trabalho e na R\u00e1dio Mackenzie, onde apresentava e produzia um programa sobre artistas da m\u00fasica brasileira. \u00c9 estudante na Universidade Presbiteriana Mackenzie.\",\"url\":\"https:\/\/www.suno.com.br\/noticias\/author\/renan-dantas\/\"}]}<\/script>\n<!-- \/ Yoast SEO plugin. -->","yoast_head_json":{"title":"Ericsson deve ampliar f\u00e1brica no Brasil","description":"O objetivo da amplia\u00e7\u00e3o \u00e9 reunir no Brasil as opera\u00e7\u00f5es da Ericsson na Am\u00e9rica do Sul e aumentar a produ\u00e7\u00e3o de 5g. Clique para saber mais.","robots":{"index":"index","follow":"follow","max-snippet":"max-snippet:-1","max-image-preview":"max-image-preview:large","max-video-preview":"max-video-preview:-1"},"canonical":"https:\/\/www.suno.com.br\/noticias\/ericsson-deve-ampliar-fabrica-brasil\/","og_locale":"pt_BR","og_type":"article","og_title":"Ericsson deve ampliar f\u00e1brica no Brasil","og_description":"O objetivo da amplia\u00e7\u00e3o \u00e9 reunir no Brasil as opera\u00e7\u00f5es da Ericsson na Am\u00e9rica do Sul e aumentar a produ\u00e7\u00e3o de 5g. Clique para saber mais.","og_url":"https:\/\/www.suno.com.br\/noticias\/ericsson-deve-ampliar-fabrica-brasil\/","og_site_name":"Suno Not\u00edcias","article_publisher":"https:\/\/facebook.com\/sunoresearch","og_image":[{"width":1024,"height":768,"url":"https:\/\/files.sunoresearch.com.br\/n\/uploads\/2019\/01\/0114ee14-ericsson-1024x768.jpg","type":"image\/jpeg"}],"author":"Renan Dantas","twitter_card":"summary_large_image","twitter_creator":"@sunoresearch","twitter_site":"@sunoresearch","twitter_misc":{"Escrito por":"Renan Dantas","Est. tempo de leitura":"2 minutos"},"schema":{"@context":"https:\/\/schema.org","@graph":[{"@type":"NewsArticle","@id":"https:\/\/www.suno.com.br\/noticias\/ericsson-deve-ampliar-fabrica-brasil\/#article","isPartOf":{"@id":"https:\/\/www.suno.com.br\/noticias\/ericsson-deve-ampliar-fabrica-brasil\/"},"author":{"name":"Renan Dantas","@id":"https:\/\/www.suno.com.br\/noticias\/#\/schema\/person\/3f7693d5795a3f6d5ce15309ee785699"},"headline":"Ericsson deve ampliar f\u00e1brica no Brasil","datePublished":"2019-01-17T17:33:42+00:00","dateModified":"2019-01-18T03:50:36+00:00","mainEntityOfPage":{"@id":"https:\/\/www.suno.com.br\/noticias\/ericsson-deve-ampliar-fabrica-brasil\/"},"wordCount":448,"publisher":{"@id":"https:\/\/www.suno.com.br\/noticias\/#organization"},"image":{"@id":"https:\/\/www.suno.com.br\/noticias\/ericsson-deve-ampliar-fabrica-brasil\/#primaryimage"},"thumbnailUrl":"https:\/\/files.sunoresearch.com.br\/n\/uploads\/2019\/01\/0114ee14-ericsson-scaled.webp","keywords":["Am\u00e9rica Latina","Ericsson"],"articleSection":["Neg\u00f3cios"],"inLanguage":"pt-BR"},{"@type":"WebPage","@id":"https:\/\/www.suno.com.br\/noticias\/ericsson-deve-ampliar-fabrica-brasil\/","url":"https:\/\/www.suno.com.br\/noticias\/ericsson-deve-ampliar-fabrica-brasil\/","name":"Ericsson deve ampliar f\u00e1brica no Brasil","isPartOf":{"@id":"https:\/\/www.suno.com.br\/noticias\/#website"},"primaryImageOfPage":{"@id":"https:\/\/www.suno.com.br\/noticias\/ericsson-deve-ampliar-fabrica-brasil\/#primaryimage"},"image":{"@id":"https:\/\/www.suno.com.br\/noticias\/ericsson-deve-ampliar-fabrica-brasil\/#primaryimage"},"thumbnailUrl":"https:\/\/files.sunoresearch.com.br\/n\/uploads\/2019\/01\/0114ee14-ericsson-scaled.webp","datePublished":"2019-01-17T17:33:42+00:00","dateModified":"2019-01-18T03:50:36+00:00","description":"O objetivo da amplia\u00e7\u00e3o \u00e9 reunir no Brasil as opera\u00e7\u00f5es da Ericsson na Am\u00e9rica do Sul e aumentar a produ\u00e7\u00e3o de 5g. Clique para saber mais.","breadcrumb":{"@id":"https:\/\/www.suno.com.br\/noticias\/ericsson-deve-ampliar-fabrica-brasil\/#breadcrumb"},"inLanguage":"pt-BR","potentialAction":[{"@type":"ReadAction","target":["https:\/\/www.suno.com.br\/noticias\/ericsson-deve-ampliar-fabrica-brasil\/"]}]},{"@type":"ImageObject","inLanguage":"pt-BR","@id":"https:\/\/www.suno.com.br\/noticias\/ericsson-deve-ampliar-fabrica-brasil\/#primaryimage","url":"https:\/\/files.sunoresearch.com.br\/n\/uploads\/2019\/01\/0114ee14-ericsson-scaled.webp","contentUrl":"https:\/\/files.sunoresearch.com.br\/n\/uploads\/2019\/01\/0114ee14-ericsson-scaled.webp","width":2560,"height":1920},{"@type":"BreadcrumbList","@id":"https:\/\/www.suno.com.br\/noticias\/ericsson-deve-ampliar-fabrica-brasil\/#breadcrumb","itemListElement":[{"@type":"ListItem","position":1,"name":"Not\u00edcias","item":"https:\/\/www.suno.com.br\/noticias\/"},{"@type":"ListItem","position":2,"name":"Neg\u00f3cios","item":"https:\/\/www.suno.com.br\/noticias\/negocios\/"},{"@type":"ListItem","position":3,"name":"Ericsson deve ampliar f\u00e1brica no Brasil"}]},{"@type":"WebSite","@id":"https:\/\/www.suno.com.br\/noticias\/#website","url":"https:\/\/www.suno.com.br\/noticias\/","name":"Suno Not\u00edcias","description":"Seu portal de informa\u00e7\u00e3o sobre o mundo dos investimentos","publisher":{"@id":"https:\/\/www.suno.com.br\/noticias\/#organization"},"potentialAction":[{"@type":"SearchAction","target":{"@type":"EntryPoint","urlTemplate":"https:\/\/www.suno.com.br\/noticias\/?s={search_term_string}"},"query-input":{"@type":"PropertyValueSpecification","valueRequired":true,"valueName":"search_term_string"}}],"inLanguage":"pt-BR"},{"@type":"Organization","@id":"https:\/\/www.suno.com.br\/noticias\/#organization","name":"Suno Not\u00edcias","url":"https:\/\/www.suno.com.br\/noticias\/","logo":{"@type":"ImageObject","inLanguage":"pt-BR","@id":"https:\/\/www.suno.com.br\/noticias\/#\/schema\/logo\/image\/","url":"https:\/\/files.sunoresearch.com.br\/n\/uploads\/2021\/09\/suno-logo.png","contentUrl":"https:\/\/files.sunoresearch.com.br\/n\/uploads\/2021\/09\/suno-logo.png","width":180,"height":180,"caption":"Suno Not\u00edcias"},"image":{"@id":"https:\/\/www.suno.com.br\/noticias\/#\/schema\/logo\/image\/"},"sameAs":["https:\/\/facebook.com\/sunoresearch","https:\/\/x.com\/sunoresearch","https:\/\/www.instagram.com\/suno","https:\/\/www.linkedin.com\/company\/suno-research\/","https:\/\/www.youtube.com\/c\/sunoresearch"]},{"@type":"Person","@id":"https:\/\/www.suno.com.br\/noticias\/#\/schema\/person\/3f7693d5795a3f6d5ce15309ee785699","name":"Renan Dantas","image":{"@type":"ImageObject","inLanguage":"pt-BR","@id":"https:\/\/www.suno.com.br\/noticias\/#\/schema\/person\/image\/","url":"https:\/\/secure.gravatar.com\/avatar\/1787b83e7484a08e51d62ac8b41c8396?s=96&r=g","contentUrl":"https:\/\/secure.gravatar.com\/avatar\/1787b83e7484a08e51d62ac8b41c8396?s=96&r=g","caption":"Renan Dantas"},"description":"Escreve sobre pol\u00edtica e mercado financeiro para o portal Suno Not\u00edcias. Antes, atuou na assessoria de comunica\u00e7\u00e3o do Minist\u00e9rio P\u00fablico do Trabalho e na R\u00e1dio Mackenzie, onde apresentava e produzia um programa sobre artistas da m\u00fasica brasileira. \u00c9 estudante na Universidade Presbiteriana Mackenzie.","url":"https:\/\/www.suno.com.br\/noticias\/author\/renan-dantas\/"}]}},"default_loop_html":"<div class=\"cardsPage__listCard__boxs\"><div class=\"cardsPage__listCard__boxs__img\"><a href=\"https:\/\/www.suno.com.br\/noticias\/ericsson-deve-ampliar-fabrica-brasil\/\"><img class=\"mask\" src=\"https:\/\/www.suno.com.br\/noticias\/wp-content\/themes\/suno\/resources\/images\/spotlight\/spotlight1img\/bg-mask.png\" alt=\"Image Mask\"\/><img src=\"https:\/\/files.sunoresearch.com.br\/n\/uploads\/2019\/01\/0114ee14-ericsson-400x200.webp\" alt=\"Ericsson deve ampliar f\u00e1brica no Brasil\"\/><\/a><span class=\"spotlightCategory\"><a href=\"https:\/\/www.suno.com.br\/noticias\/negocios\/\">Neg\u00f3cios<\/a><\/span><\/div><div class=\"cardsPage__listCard__boxs__content\"><a href=\"https:\/\/www.suno.com.br\/noticias\/ericsson-deve-ampliar-fabrica-brasil\/\"><h2 class=\"content__title\">Ericsson deve ampliar f\u00e1brica no Brasil<\/h2><\/a><div class=\"newsContent__article__meta\"><div class=\"newsContent__article__meta__authorBox\"><a href=\"https:\/\/www.suno.com.br\/noticias\/author\/renan-dantas\/\" class=\"authorBox__avatar noMobi\"><img src=\"https:\/\/secure.gravatar.com\/avatar\/1787b83e7484a08e51d62ac8b41c8396?s=96&#038;r=g\" alt=\"Renan Dantas\"><\/a><div class=\"authorBox__name\"><span>por\n\t\t\t<a href=\"https:\/\/www.suno.com.br\/noticias\/author\/renan-dantas\/\"><span itemprop=\"author\">Renan Dantas<\/span><\/a><\/span><time datetime=\"2019-01-17T15:33:42-02:00\" itemprop=\"datePublished\">17\/01\/2019 15:33<\/time><\/div><\/div><\/div><\/div><\/div>","single_layout":"posts","amp_enabled":true,"_links":{"self":[{"href":"https:\/\/www.suno.com.br\/noticias\/wp-json\/wp\/v2\/posts\/12107"}],"collection":[{"href":"https:\/\/www.suno.com.br\/noticias\/wp-json\/wp\/v2\/posts"}],"about":[{"href":"https:\/\/www.suno.com.br\/noticias\/wp-json\/wp\/v2\/types\/post"}],"author":[{"embeddable":true,"href":"https:\/\/www.suno.com.br\/noticias\/wp-json\/wp\/v2\/users\/14"}],"replies":[{"embeddable":true,"href":"https:\/\/www.suno.com.br\/noticias\/wp-json\/wp\/v2\/comments?post=12107"}],"version-history":[{"count":0,"href":"https:\/\/www.suno.com.br\/noticias\/wp-json\/wp\/v2\/posts\/12107\/revisions"}],"wp:featuredmedia":[{"embeddable":true,"href":"https:\/\/www.suno.com.br\/noticias\/wp-json\/wp\/v2\/media\/12110"}],"wp:attachment":[{"href":"https:\/\/www.suno.com.br\/noticias\/wp-json\/wp\/v2\/media?parent=12107"}],"wp:term":[{"taxonomy":"category","embeddable":true,"href":"https:\/\/www.suno.com.br\/noticias\/wp-json\/wp\/v2\/categories?post=12107"},{"taxonomy":"post_tag","embeddable":true,"href":"https:\/\/www.suno.com.br\/noticias\/wp-json\/wp\/v2\/tags?post=12107"},{"taxonomy":"suno_strategy","embeddable":true,"href":"https:\/\/www.suno.com.br\/noticias\/wp-json\/wp\/v2\/suno_strategy?post=12107"}],"curies":[{"name":"wp","href":"https:\/\/api.w.org\/{rel}","templated":true}]}}