{"id":12104,"date":"2019-01-17T16:31:06","date_gmt":"2019-01-17T18:31:06","guid":{"rendered":"https:\/\/www.suno.com.br\/noticias\/?p=12104"},"modified":"2019-01-17T16:31:06","modified_gmt":"2019-01-17T18:31:06","slug":"fusao-entre-deutsche-bank-commerzbank","status":"publish","type":"post","link":"https:\/\/www.suno.com.br\/noticias\/fusao-entre-deutsche-bank-commerzbank\/","title":{"rendered":"Autoridades alem\u00e3es analisam fus\u00e3o entre Deutsche Bank e o Commerzbank"},"content":{"rendered":"<p>As autoridades alem\u00e3es est\u00e3o analisando a poss\u00edvel fus\u00e3o entre\u00a0Deutsche Bank e o Commerzbank.<\/p>\t<div class=\"wrapper-featured-image\">\n\t\t<figure class=\"spotlightImg\">\n\n\t\t\t<picture>\n\t\t\t\t<source media=\"(max-width: 768px)\" srcset=\"https:\/\/files.sunoresearch.com.br\/n\/uploads\/2018\/11\/66f289c2-deutsche-bank-400x200.webp\">\n\t\t\t\t<img loading=\"lazy\" decoding=\"async\" class=\"newsContent__article__imgCapa lazyloadDisabled newsContent__article__imgCapa--noCaption\" src=\"https:\/\/files.sunoresearch.com.br\/n\/uploads\/2018\/11\/66f289c2-deutsche-bank-800x450.webp\" width=\"800\" height=\"450\" alt=\"Autoridades alem\u00e3es analisam fus\u00e3o entre Deutsche Bank e o Commerzbank\" fetchpriority=high \/>\n\t\t\t<\/picture>\n\n\t\t\t<figcaption class=\"wp-caption-text wp-caption-text--hide\">Sede da Deutsche Bank<\/figcaption>\n\t\t<\/figure>\n\t<\/div>\n\n\n<p>O <strong>Minist\u00e9rio das Finan\u00e7as<\/strong> de Berlim solicitou ao regulador banc\u00e1rio alem\u00e3o <strong>(BaFin)<\/strong> de compartilhar a an\u00e1lise de uma poss\u00edvel fus\u00e3o entre o <strong>Deutsche Bank<\/strong> e o <strong>Commerzbank.<\/strong> Segundo o jornal brit\u00e2nico <strong>&#8220;Financial Times&#8221;,<\/strong>\u00a0minist\u00e9rio est\u00e1 avaliando o potencial de fus\u00e3o entre os dois bancos.\u00a0O objetivo dessa uni\u00e3o seria\u00a0criar um banco alem\u00e3o com capacidade de expans\u00e3o internacional.<\/p>\n<p>A situa\u00e7\u00e3o das contas do Deutsche Bank continua sendo analisada de perto pelos analistas. Relatos de problemas financeiros continuam a aparecer e em 2018 as a\u00e7\u00f5es do banco perderam 50%.\u00a0Isso tudo apesar doo gigante alem\u00e3o ter superado os testes europeus de resist\u00eancia do capital a cen\u00e1rios extremos com um ratio de 13,5%.\u00a0O <strong>Deutsche Bank<\/strong> tamb\u00e9m est\u00e1 sob investiga\u00e7\u00e3o por ter ajudado clientes a criar contas em para\u00edsos fiscais e por outras irregularidades financeiras. Entretanto, no final de 2018 o presidente do banco alem\u00e3o negou a necessidade do banco recorrer a \u201cajuda estatal\u201d ou de precisar de uma fus\u00e3o.<\/p>\n<p>Da fus\u00e3o entre <strong>Deutsche Bank<\/strong> e Commertzbank surgiria o terceiro maior banco da Europa. A nova institui\u00e7\u00e3o financeira teria quase 2 trilh\u00f5es de euros em ativos. Desse valor, 1,47 trilh\u00e3o de euros seriam do Deutsche Bank e 452,5 bilh\u00f5es do Commerzbank. Um valor que colocaria o novo banco atr\u00e1s apenas do brit\u00e2nico <strong>HSBC<\/strong> e do franc\u00eas <strong>BNP Paribas.<\/strong>\u00a0Hoje o Deutsche Bank \u00e9 o primeiro banco alem\u00e3o, mas est\u00e1 em quarto lugar na Europa em termos de ativos, depois do <strong>Cr\u00e9dit Agricole.<\/strong> O <strong>Commerzbank<\/strong> ocupa a 23\u00ba posi\u00e7\u00e3o.<\/p>\n<p>Essa \u00e9 a segunda vez que o Deutsche Bank tenta se fundir com o <strong>Commertzbank.<\/strong> As primeiras tentativas de fus\u00e3o, realizadas em setembro, falharam. Segundo o <strong>&#8220;Financial Times&#8221;,<\/strong>\u00a0 o ministro alem\u00e3o das Finan\u00e7as e vice-chanceler, <strong>Olaf Scholz,<\/strong> n\u00e3o exclui uma fus\u00e3o. O jornal informou que entre maio e dezembro do ano passado pol\u00edticos alem\u00e3es tiveram 23 reuni\u00f5es com a chefia do <strong>Deutsche Bank.<\/strong> Entre os executivos do banco presentes, estavam o presidente executivo e outros diretores de primeiro escal\u00e3o. Nessas reuni\u00f5es teriam sido discutidas \u201cop\u00e7\u00f5es estrat\u00e9gicas\u201d.<\/p>\n<p>Por outro lado, o\u00a0executivo-chefe do <strong>Deutsche Bank, Christian Sewing,<\/strong> tinha declarado em setembro que uma grande fus\u00e3o n\u00e3o estava no radar nos pr\u00f3ximos 18 meses. Isso por causa\u00a0dos esfor\u00e7os de reestrutura\u00e7\u00e3o do banco.<\/p>\n<p>Segundo o jornal alem\u00e3o &#8220;Handelsblatt&#8221;, o governo da chanceler <strong>Angela Merkel<\/strong> estaria favorecendo a fus\u00e3o.<\/p>\n<p>Entretanto, nem o <strong>Minist\u00e9rio das Finan\u00e7as,<\/strong> nem o <strong>BaFin,<\/strong> nem o <strong>Banco central alem\u00e3o (Bundesbank)<\/strong> nem o <strong>Banco Central Europeu (BCE)<\/strong>\u00a0quiseram comentar. O\u00a0<strong>Deutsche Bank<\/strong> e o\u00a0<strong>Commertzbank<\/strong> tamb\u00e9m n\u00e3o quiseram comentar.<\/p>\n<h2>Esc\u00e2ndalo dos Panama Papers<\/h2>\n<p>O maior banco alem\u00e3o est\u00e1 sendo investiga\u00e7\u00e3o por suspeitas de lavagem de dinheiro. As acusa\u00e7\u00f5es contra o <strong>Deutsche Bank<\/strong> surgiram depois da divulga\u00e7\u00e3o na imprensa dos <strong>Panama Papers.<\/strong> Os funcion\u00e1rios do banco ter\u00e3o ajudado clientes a criar contas em <strong>para\u00edsos fiscais<\/strong> para movimentar dinheiro de atividades criminais.\u00a0Segundo a Reuters, somente em 2016, mais de 900 clientes teriam sido atendidos por uma controlada do banco sediada nas <strong>Ilhas Virgens Brit\u00e2nicas.<\/strong> Nessas opera\u00e7\u00f5es teria sido movimentado um volume de 311 milh\u00f5es de euros.<\/p>\n<p>Em novembro, 170 agentes da pol\u00edcia alem\u00e3 entraram nos escrit\u00f3rios do <strong>Deutsche Bank<\/strong> em <strong>Frankfurt.<\/strong> A sede do banco foi alvo de busca e apreens\u00e3o.<\/p>\n<p><a href=\"https:\/\/www.suno.com.br\/noticias\/deutsche-bank-investigado\/\">Saiba mais: Sede central do Deutsche Bank \u00e9 alvo de opera\u00e7\u00e3o policial\u00a0<\/a><\/p>\n<p>Mas o caso dos <strong>Panama Papers<\/strong> n\u00e3o \u00e9 o \u00fanico inqu\u00e9rito que envolve o Deutsche Bank. Um outro caso apura o envolvimento da institui\u00e7\u00e3o no caso do dinamarqu\u00eas Danske Bank. Segundo os investigadores,\u00a0o Deutsche seria respons\u00e1vel por opera\u00e7\u00f5es de lavagem de dinheiro e viola\u00e7\u00e3o das regras de controle banc\u00e1rio naquele que \u00e9 o 22.\u00ba banco da Europa. Um posi\u00e7\u00e3o acima do <strong>Commertzbank,<\/strong> o banco ao qual o <strong>Deutsche Bank<\/strong> quer se unir.<\/p>\n<p>&nbsp;<\/p>\n<p>&nbsp;<\/p>\n","protected":false},"excerpt":{"rendered":"<p>As autoridades alem\u00e3es est\u00e3o analisando a poss\u00edvel fus\u00e3o entre\u00a0Deutsche Bank e o Commerzbank. Sede da Deutsche Bank O Minist\u00e9rio das Finan\u00e7as de Berlim solicitou ao regulador banc\u00e1rio alem\u00e3o (BaFin) de compartilhar a an\u00e1lise de uma poss\u00edvel fus\u00e3o entre o Deutsche Bank e o Commerzbank. Segundo o jornal brit\u00e2nico &#8220;Financial Times&#8221;,\u00a0minist\u00e9rio est\u00e1 avaliando o potencial de [&hellip;]<\/p>\n","protected":false},"author":9,"featured_media":7393,"comment_status":"closed","ping_status":"closed","sticky":false,"template":"","format":"standard","meta":[],"categories":[63],"tags":[856,863,1005],"suno_strategy":[],"class_list":["post-12104","post","type-post","status-publish","format-standard","has-post-thumbnail","hentry","category-internacional","tag-alemanha","tag-banco-central-europeu-bce","tag-deutsche-bank"],"yoast_head":"<!-- This site is optimized with the Yoast SEO plugin v24.4 - https:\/\/yoast.com\/wordpress\/plugins\/seo\/ -->\n<title>Alemanha analisa fus\u00e3o entre Deutsche Bank e o Commerzbank<\/title>\n<meta name=\"description\" content=\"As autoridades alem\u00e3es est\u00e3o analisando a poss\u00edvel fus\u00e3o entre\u00a0Deutsche Bank e o Commerzbank.Clique aqui para saber mais.\" \/>\n<meta name=\"robots\" content=\"index, follow, max-snippet:-1, max-image-preview:large, max-video-preview:-1\" \/>\n<link rel=\"canonical\" href=\"https:\/\/www.suno.com.br\/noticias\/fusao-entre-deutsche-bank-commerzbank\/\" \/>\n<meta property=\"og:locale\" content=\"pt_BR\" \/>\n<meta property=\"og:type\" content=\"article\" \/>\n<meta property=\"og:title\" content=\"Alemanha analisa fus\u00e3o entre Deutsche Bank e o Commerzbank\" \/>\n<meta property=\"og:description\" content=\"As autoridades alem\u00e3es est\u00e3o analisando a poss\u00edvel fus\u00e3o entre\u00a0Deutsche Bank e o Commerzbank.Clique aqui para saber mais.\" \/>\n<meta property=\"og:url\" content=\"https:\/\/www.suno.com.br\/noticias\/fusao-entre-deutsche-bank-commerzbank\/\" \/>\n<meta property=\"og:site_name\" content=\"Suno Not\u00edcias\" \/>\n<meta property=\"article:publisher\" content=\"https:\/\/facebook.com\/sunoresearch\" \/>\n<meta property=\"og:image\" content=\"https:\/\/files.sunoresearch.com.br\/n\/uploads\/2018\/11\/66f289c2-deutsche-bank.jpg\" \/>\n\t<meta property=\"og:image:width\" content=\"1280\" \/>\n\t<meta property=\"og:image:height\" content=\"960\" \/>\n\t<meta property=\"og:image:type\" content=\"image\/jpeg\" \/>\n<meta name=\"author\" content=\"Carlo Cauti\" \/>\n<meta name=\"twitter:card\" content=\"summary_large_image\" \/>\n<meta name=\"twitter:creator\" content=\"@sunoresearch\" \/>\n<meta name=\"twitter:site\" content=\"@sunoresearch\" \/>\n<meta name=\"twitter:label1\" content=\"Escrito por\" \/>\n\t<meta name=\"twitter:data1\" content=\"Carlo Cauti\" \/>\n\t<meta name=\"twitter:label2\" content=\"Est. tempo de leitura\" \/>\n\t<meta name=\"twitter:data2\" content=\"3 minutos\" \/>\n<script type=\"application\/ld+json\" class=\"yoast-schema-graph\">{\"@context\":\"https:\/\/schema.org\",\"@graph\":[{\"@type\":\"NewsArticle\",\"@id\":\"https:\/\/www.suno.com.br\/noticias\/fusao-entre-deutsche-bank-commerzbank\/#article\",\"isPartOf\":{\"@id\":\"https:\/\/www.suno.com.br\/noticias\/fusao-entre-deutsche-bank-commerzbank\/\"},\"author\":{\"name\":\"Carlo Cauti\",\"@id\":\"https:\/\/www.suno.com.br\/noticias\/#\/schema\/person\/e6e0f723cc177805027f4566c1d5e0c8\"},\"headline\":\"Autoridades alem\u00e3es analisam fus\u00e3o entre Deutsche Bank e o Commerzbank\",\"datePublished\":\"2019-01-17T18:31:06+00:00\",\"mainEntityOfPage\":{\"@id\":\"https:\/\/www.suno.com.br\/noticias\/fusao-entre-deutsche-bank-commerzbank\/\"},\"wordCount\":705,\"publisher\":{\"@id\":\"https:\/\/www.suno.com.br\/noticias\/#organization\"},\"image\":{\"@id\":\"https:\/\/www.suno.com.br\/noticias\/fusao-entre-deutsche-bank-commerzbank\/#primaryimage\"},\"thumbnailUrl\":\"https:\/\/files.sunoresearch.com.br\/n\/uploads\/2018\/11\/66f289c2-deutsche-bank-jpg.webp\",\"keywords\":[\"Alemanha\",\"Banco Central Europeu (BCE)\",\"Deutsche Bank\"],\"articleSection\":[\"Internacional\"],\"inLanguage\":\"pt-BR\"},{\"@type\":\"WebPage\",\"@id\":\"https:\/\/www.suno.com.br\/noticias\/fusao-entre-deutsche-bank-commerzbank\/\",\"url\":\"https:\/\/www.suno.com.br\/noticias\/fusao-entre-deutsche-bank-commerzbank\/\",\"name\":\"Alemanha analisa fus\u00e3o entre Deutsche Bank e o Commerzbank\",\"isPartOf\":{\"@id\":\"https:\/\/www.suno.com.br\/noticias\/#website\"},\"primaryImageOfPage\":{\"@id\":\"https:\/\/www.suno.com.br\/noticias\/fusao-entre-deutsche-bank-commerzbank\/#primaryimage\"},\"image\":{\"@id\":\"https:\/\/www.suno.com.br\/noticias\/fusao-entre-deutsche-bank-commerzbank\/#primaryimage\"},\"thumbnailUrl\":\"https:\/\/files.sunoresearch.com.br\/n\/uploads\/2018\/11\/66f289c2-deutsche-bank-jpg.webp\",\"datePublished\":\"2019-01-17T18:31:06+00:00\",\"description\":\"As autoridades alem\u00e3es est\u00e3o analisando a poss\u00edvel fus\u00e3o entre\u00a0Deutsche Bank e o Commerzbank.Clique aqui para saber mais.\",\"breadcrumb\":{\"@id\":\"https:\/\/www.suno.com.br\/noticias\/fusao-entre-deutsche-bank-commerzbank\/#breadcrumb\"},\"inLanguage\":\"pt-BR\",\"potentialAction\":[{\"@type\":\"ReadAction\",\"target\":[\"https:\/\/www.suno.com.br\/noticias\/fusao-entre-deutsche-bank-commerzbank\/\"]}]},{\"@type\":\"ImageObject\",\"inLanguage\":\"pt-BR\",\"@id\":\"https:\/\/www.suno.com.br\/noticias\/fusao-entre-deutsche-bank-commerzbank\/#primaryimage\",\"url\":\"https:\/\/files.sunoresearch.com.br\/n\/uploads\/2018\/11\/66f289c2-deutsche-bank-jpg.webp\",\"contentUrl\":\"https:\/\/files.sunoresearch.com.br\/n\/uploads\/2018\/11\/66f289c2-deutsche-bank-jpg.webp\",\"width\":1280,\"height\":960,\"caption\":\"Sede da Deutsche Bank\"},{\"@type\":\"BreadcrumbList\",\"@id\":\"https:\/\/www.suno.com.br\/noticias\/fusao-entre-deutsche-bank-commerzbank\/#breadcrumb\",\"itemListElement\":[{\"@type\":\"ListItem\",\"position\":1,\"name\":\"Not\u00edcias\",\"item\":\"https:\/\/www.suno.com.br\/noticias\/\"},{\"@type\":\"ListItem\",\"position\":2,\"name\":\"Internacional\",\"item\":\"https:\/\/www.suno.com.br\/noticias\/internacional\/\"},{\"@type\":\"ListItem\",\"position\":3,\"name\":\"Autoridades alem\u00e3es analisam fus\u00e3o entre Deutsche Bank e o Commerzbank\"}]},{\"@type\":\"WebSite\",\"@id\":\"https:\/\/www.suno.com.br\/noticias\/#website\",\"url\":\"https:\/\/www.suno.com.br\/noticias\/\",\"name\":\"Suno Not\u00edcias\",\"description\":\"Seu portal de informa\u00e7\u00e3o sobre o mundo dos investimentos\",\"publisher\":{\"@id\":\"https:\/\/www.suno.com.br\/noticias\/#organization\"},\"potentialAction\":[{\"@type\":\"SearchAction\",\"target\":{\"@type\":\"EntryPoint\",\"urlTemplate\":\"https:\/\/www.suno.com.br\/noticias\/?s={search_term_string}\"},\"query-input\":{\"@type\":\"PropertyValueSpecification\",\"valueRequired\":true,\"valueName\":\"search_term_string\"}}],\"inLanguage\":\"pt-BR\"},{\"@type\":\"Organization\",\"@id\":\"https:\/\/www.suno.com.br\/noticias\/#organization\",\"name\":\"Suno Not\u00edcias\",\"url\":\"https:\/\/www.suno.com.br\/noticias\/\",\"logo\":{\"@type\":\"ImageObject\",\"inLanguage\":\"pt-BR\",\"@id\":\"https:\/\/www.suno.com.br\/noticias\/#\/schema\/logo\/image\/\",\"url\":\"https:\/\/files.sunoresearch.com.br\/n\/uploads\/2021\/09\/suno-logo.png\",\"contentUrl\":\"https:\/\/files.sunoresearch.com.br\/n\/uploads\/2021\/09\/suno-logo.png\",\"width\":180,\"height\":180,\"caption\":\"Suno Not\u00edcias\"},\"image\":{\"@id\":\"https:\/\/www.suno.com.br\/noticias\/#\/schema\/logo\/image\/\"},\"sameAs\":[\"https:\/\/facebook.com\/sunoresearch\",\"https:\/\/x.com\/sunoresearch\",\"https:\/\/www.instagram.com\/suno\",\"https:\/\/www.linkedin.com\/company\/suno-research\/\",\"https:\/\/www.youtube.com\/c\/sunoresearch\"]},{\"@type\":\"Person\",\"@id\":\"https:\/\/www.suno.com.br\/noticias\/#\/schema\/person\/e6e0f723cc177805027f4566c1d5e0c8\",\"name\":\"Carlo Cauti\",\"image\":{\"@type\":\"ImageObject\",\"inLanguage\":\"pt-BR\",\"@id\":\"https:\/\/www.suno.com.br\/noticias\/#\/schema\/person\/image\/\",\"url\":\"https:\/\/secure.gravatar.com\/avatar\/3ada9e0bd164c23abd4792a9606d583c?s=96&r=g\",\"contentUrl\":\"https:\/\/secure.gravatar.com\/avatar\/3ada9e0bd164c23abd4792a9606d583c?s=96&r=g\",\"caption\":\"Carlo Cauti\"},\"description\":\"Editor multim\u00eddia do SUNO Not\u00edcias. Italiano, formado em Ci\u00eancias Pol\u00edticas pela universidade LUISS G. Carli de Roma e mestre cum laude em Rela\u00e7\u00f5es Internacionais, Jornalismo Internacional e de Guerra e em Economia Internacional. Concluiu tamb\u00e9m um MBA em Finan\u00e7as na B3. No Brasil, teve passagem por ve\u00edculos como Estad\u00e3o, Globo, Veja e EXAME. e nas ag\u00eancias de not\u00edcias italianas ANSA e NOVA.\",\"url\":\"https:\/\/www.suno.com.br\/noticias\/author\/carlo-cauti\/\"}]}<\/script>\n<!-- \/ Yoast SEO plugin. -->","yoast_head_json":{"title":"Alemanha analisa fus\u00e3o entre Deutsche Bank e o Commerzbank","description":"As autoridades alem\u00e3es est\u00e3o analisando a poss\u00edvel fus\u00e3o entre\u00a0Deutsche Bank e o Commerzbank.Clique aqui para saber mais.","robots":{"index":"index","follow":"follow","max-snippet":"max-snippet:-1","max-image-preview":"max-image-preview:large","max-video-preview":"max-video-preview:-1"},"canonical":"https:\/\/www.suno.com.br\/noticias\/fusao-entre-deutsche-bank-commerzbank\/","og_locale":"pt_BR","og_type":"article","og_title":"Alemanha analisa fus\u00e3o entre Deutsche Bank e o Commerzbank","og_description":"As autoridades alem\u00e3es est\u00e3o analisando a poss\u00edvel fus\u00e3o entre\u00a0Deutsche Bank e o Commerzbank.Clique aqui para saber mais.","og_url":"https:\/\/www.suno.com.br\/noticias\/fusao-entre-deutsche-bank-commerzbank\/","og_site_name":"Suno Not\u00edcias","article_publisher":"https:\/\/facebook.com\/sunoresearch","og_image":[{"width":1280,"height":960,"url":"https:\/\/files.sunoresearch.com.br\/n\/uploads\/2018\/11\/66f289c2-deutsche-bank.jpg","type":"image\/jpeg"}],"author":"Carlo Cauti","twitter_card":"summary_large_image","twitter_creator":"@sunoresearch","twitter_site":"@sunoresearch","twitter_misc":{"Escrito por":"Carlo Cauti","Est. tempo de leitura":"3 minutos"},"schema":{"@context":"https:\/\/schema.org","@graph":[{"@type":"NewsArticle","@id":"https:\/\/www.suno.com.br\/noticias\/fusao-entre-deutsche-bank-commerzbank\/#article","isPartOf":{"@id":"https:\/\/www.suno.com.br\/noticias\/fusao-entre-deutsche-bank-commerzbank\/"},"author":{"name":"Carlo Cauti","@id":"https:\/\/www.suno.com.br\/noticias\/#\/schema\/person\/e6e0f723cc177805027f4566c1d5e0c8"},"headline":"Autoridades alem\u00e3es analisam fus\u00e3o entre Deutsche Bank e o Commerzbank","datePublished":"2019-01-17T18:31:06+00:00","mainEntityOfPage":{"@id":"https:\/\/www.suno.com.br\/noticias\/fusao-entre-deutsche-bank-commerzbank\/"},"wordCount":705,"publisher":{"@id":"https:\/\/www.suno.com.br\/noticias\/#organization"},"image":{"@id":"https:\/\/www.suno.com.br\/noticias\/fusao-entre-deutsche-bank-commerzbank\/#primaryimage"},"thumbnailUrl":"https:\/\/files.sunoresearch.com.br\/n\/uploads\/2018\/11\/66f289c2-deutsche-bank-jpg.webp","keywords":["Alemanha","Banco Central Europeu (BCE)","Deutsche Bank"],"articleSection":["Internacional"],"inLanguage":"pt-BR"},{"@type":"WebPage","@id":"https:\/\/www.suno.com.br\/noticias\/fusao-entre-deutsche-bank-commerzbank\/","url":"https:\/\/www.suno.com.br\/noticias\/fusao-entre-deutsche-bank-commerzbank\/","name":"Alemanha analisa fus\u00e3o entre Deutsche Bank e o Commerzbank","isPartOf":{"@id":"https:\/\/www.suno.com.br\/noticias\/#website"},"primaryImageOfPage":{"@id":"https:\/\/www.suno.com.br\/noticias\/fusao-entre-deutsche-bank-commerzbank\/#primaryimage"},"image":{"@id":"https:\/\/www.suno.com.br\/noticias\/fusao-entre-deutsche-bank-commerzbank\/#primaryimage"},"thumbnailUrl":"https:\/\/files.sunoresearch.com.br\/n\/uploads\/2018\/11\/66f289c2-deutsche-bank-jpg.webp","datePublished":"2019-01-17T18:31:06+00:00","description":"As autoridades alem\u00e3es est\u00e3o analisando a poss\u00edvel fus\u00e3o entre\u00a0Deutsche Bank e o Commerzbank.Clique aqui para saber mais.","breadcrumb":{"@id":"https:\/\/www.suno.com.br\/noticias\/fusao-entre-deutsche-bank-commerzbank\/#breadcrumb"},"inLanguage":"pt-BR","potentialAction":[{"@type":"ReadAction","target":["https:\/\/www.suno.com.br\/noticias\/fusao-entre-deutsche-bank-commerzbank\/"]}]},{"@type":"ImageObject","inLanguage":"pt-BR","@id":"https:\/\/www.suno.com.br\/noticias\/fusao-entre-deutsche-bank-commerzbank\/#primaryimage","url":"https:\/\/files.sunoresearch.com.br\/n\/uploads\/2018\/11\/66f289c2-deutsche-bank-jpg.webp","contentUrl":"https:\/\/files.sunoresearch.com.br\/n\/uploads\/2018\/11\/66f289c2-deutsche-bank-jpg.webp","width":1280,"height":960,"caption":"Sede da Deutsche Bank"},{"@type":"BreadcrumbList","@id":"https:\/\/www.suno.com.br\/noticias\/fusao-entre-deutsche-bank-commerzbank\/#breadcrumb","itemListElement":[{"@type":"ListItem","position":1,"name":"Not\u00edcias","item":"https:\/\/www.suno.com.br\/noticias\/"},{"@type":"ListItem","position":2,"name":"Internacional","item":"https:\/\/www.suno.com.br\/noticias\/internacional\/"},{"@type":"ListItem","position":3,"name":"Autoridades alem\u00e3es analisam fus\u00e3o entre Deutsche Bank e o Commerzbank"}]},{"@type":"WebSite","@id":"https:\/\/www.suno.com.br\/noticias\/#website","url":"https:\/\/www.suno.com.br\/noticias\/","name":"Suno Not\u00edcias","description":"Seu portal de informa\u00e7\u00e3o sobre o mundo dos investimentos","publisher":{"@id":"https:\/\/www.suno.com.br\/noticias\/#organization"},"potentialAction":[{"@type":"SearchAction","target":{"@type":"EntryPoint","urlTemplate":"https:\/\/www.suno.com.br\/noticias\/?s={search_term_string}"},"query-input":{"@type":"PropertyValueSpecification","valueRequired":true,"valueName":"search_term_string"}}],"inLanguage":"pt-BR"},{"@type":"Organization","@id":"https:\/\/www.suno.com.br\/noticias\/#organization","name":"Suno Not\u00edcias","url":"https:\/\/www.suno.com.br\/noticias\/","logo":{"@type":"ImageObject","inLanguage":"pt-BR","@id":"https:\/\/www.suno.com.br\/noticias\/#\/schema\/logo\/image\/","url":"https:\/\/files.sunoresearch.com.br\/n\/uploads\/2021\/09\/suno-logo.png","contentUrl":"https:\/\/files.sunoresearch.com.br\/n\/uploads\/2021\/09\/suno-logo.png","width":180,"height":180,"caption":"Suno Not\u00edcias"},"image":{"@id":"https:\/\/www.suno.com.br\/noticias\/#\/schema\/logo\/image\/"},"sameAs":["https:\/\/facebook.com\/sunoresearch","https:\/\/x.com\/sunoresearch","https:\/\/www.instagram.com\/suno","https:\/\/www.linkedin.com\/company\/suno-research\/","https:\/\/www.youtube.com\/c\/sunoresearch"]},{"@type":"Person","@id":"https:\/\/www.suno.com.br\/noticias\/#\/schema\/person\/e6e0f723cc177805027f4566c1d5e0c8","name":"Carlo Cauti","image":{"@type":"ImageObject","inLanguage":"pt-BR","@id":"https:\/\/www.suno.com.br\/noticias\/#\/schema\/person\/image\/","url":"https:\/\/secure.gravatar.com\/avatar\/3ada9e0bd164c23abd4792a9606d583c?s=96&r=g","contentUrl":"https:\/\/secure.gravatar.com\/avatar\/3ada9e0bd164c23abd4792a9606d583c?s=96&r=g","caption":"Carlo Cauti"},"description":"Editor multim\u00eddia do SUNO Not\u00edcias. Italiano, formado em Ci\u00eancias Pol\u00edticas pela universidade LUISS G. Carli de Roma e mestre cum laude em Rela\u00e7\u00f5es Internacionais, Jornalismo Internacional e de Guerra e em Economia Internacional. Concluiu tamb\u00e9m um MBA em Finan\u00e7as na B3. No Brasil, teve passagem por ve\u00edculos como Estad\u00e3o, Globo, Veja e EXAME. e nas ag\u00eancias de not\u00edcias italianas ANSA e NOVA.","url":"https:\/\/www.suno.com.br\/noticias\/author\/carlo-cauti\/"}]}},"default_loop_html":"<div class=\"cardsPage__listCard__boxs\"><div class=\"cardsPage__listCard__boxs__img\"><a href=\"https:\/\/www.suno.com.br\/noticias\/fusao-entre-deutsche-bank-commerzbank\/\"><img class=\"mask\" src=\"https:\/\/www.suno.com.br\/noticias\/wp-content\/themes\/suno\/resources\/images\/spotlight\/spotlight1img\/bg-mask.png\" alt=\"Image Mask\"\/><img src=\"https:\/\/files.sunoresearch.com.br\/n\/uploads\/2018\/11\/66f289c2-deutsche-bank-400x200.webp\" alt=\"Autoridades alem\u00e3es analisam fus\u00e3o entre Deutsche Bank e o Commerzbank\"\/><\/a><span class=\"spotlightCategory\"><a href=\"https:\/\/www.suno.com.br\/noticias\/internacional\/\">Internacional<\/a><\/span><\/div><div class=\"cardsPage__listCard__boxs__content\"><a href=\"https:\/\/www.suno.com.br\/noticias\/fusao-entre-deutsche-bank-commerzbank\/\"><h2 class=\"content__title\">Autoridades alem\u00e3es analisam fus\u00e3o entre Deutsche Bank e o Commerzbank<\/h2><\/a><div class=\"newsContent__article__meta\"><div class=\"newsContent__article__meta__authorBox\"><a href=\"https:\/\/www.suno.com.br\/noticias\/author\/carlo-cauti\/\" class=\"authorBox__avatar noMobi\"><img src=\"https:\/\/files.sunoresearch.com.br\/n\/uploads\/2020\/08\/e3745f9a-perfil-carlo-cauti-150x150.webp\" alt=\"Carlo Cauti\"><\/a><div class=\"authorBox__name\"><span>por\n\t\t\t<a href=\"https:\/\/www.suno.com.br\/noticias\/author\/carlo-cauti\/\"><span itemprop=\"author\">Carlo Cauti<\/span><\/a><\/span><time datetime=\"2019-01-17T16:31:06-02:00\" itemprop=\"datePublished\">17\/01\/2019 16:31<\/time><\/div><\/div><\/div><\/div><\/div>","single_layout":"posts","amp_enabled":true,"_links":{"self":[{"href":"https:\/\/www.suno.com.br\/noticias\/wp-json\/wp\/v2\/posts\/12104"}],"collection":[{"href":"https:\/\/www.suno.com.br\/noticias\/wp-json\/wp\/v2\/posts"}],"about":[{"href":"https:\/\/www.suno.com.br\/noticias\/wp-json\/wp\/v2\/types\/post"}],"author":[{"embeddable":true,"href":"https:\/\/www.suno.com.br\/noticias\/wp-json\/wp\/v2\/users\/9"}],"replies":[{"embeddable":true,"href":"https:\/\/www.suno.com.br\/noticias\/wp-json\/wp\/v2\/comments?post=12104"}],"version-history":[{"count":0,"href":"https:\/\/www.suno.com.br\/noticias\/wp-json\/wp\/v2\/posts\/12104\/revisions"}],"wp:featuredmedia":[{"embeddable":true,"href":"https:\/\/www.suno.com.br\/noticias\/wp-json\/wp\/v2\/media\/7393"}],"wp:attachment":[{"href":"https:\/\/www.suno.com.br\/noticias\/wp-json\/wp\/v2\/media?parent=12104"}],"wp:term":[{"taxonomy":"category","embeddable":true,"href":"https:\/\/www.suno.com.br\/noticias\/wp-json\/wp\/v2\/categories?post=12104"},{"taxonomy":"post_tag","embeddable":true,"href":"https:\/\/www.suno.com.br\/noticias\/wp-json\/wp\/v2\/tags?post=12104"},{"taxonomy":"suno_strategy","embeddable":true,"href":"https:\/\/www.suno.com.br\/noticias\/wp-json\/wp\/v2\/suno_strategy?post=12104"}],"curies":[{"name":"wp","href":"https:\/\/api.w.org\/{rel}","templated":true}]}}