{"id":12097,"date":"2019-01-17T14:27:00","date_gmt":"2019-01-17T16:27:00","guid":{"rendered":"https:\/\/www.suno.com.br\/noticias\/?p=12097"},"modified":"2021-02-18T17:54:21","modified_gmt":"2021-02-18T20:54:21","slug":"alemanha-banir-huawei-redes-5g","status":"publish","type":"post","link":"https:\/\/www.suno.com.br\/noticias\/alemanha-banir-huawei-redes-5g\/","title":{"rendered":"Alemanha pode banir chinesa Huawei da constru\u00e7\u00e3o das redes m\u00f3veis 5G"},"content":{"rendered":"<p>A Alemanha pode proibir o uso de produtos da Huawei no desenvolvimento da rede m\u00f3veis 5G.<\/p>\t<div class=\"wrapper-featured-image\">\n\t\t<figure class=\"spotlightImg\">\n\n\t\t\t<picture>\n\t\t\t\t<source media=\"(max-width: 768px)\" srcset=\"https:\/\/files.sunoresearch.com.br\/n\/uploads\/2019\/01\/e46c01ed-huawei-400x200.webp\">\n\t\t\t\t<img loading=\"lazy\" decoding=\"async\" class=\"newsContent__article__imgCapa lazyloadDisabled newsContent__article__imgCapa--noCaption\" src=\"https:\/\/files.sunoresearch.com.br\/n\/uploads\/2019\/01\/e46c01ed-huawei-800x450.webp\" width=\"800\" height=\"450\" alt=\"Alemanha pode banir chinesa Huawei da constru\u00e7\u00e3o das redes m\u00f3veis 5G\" fetchpriority=high \/>\n\t\t\t<\/picture>\n\n\t\t\t<figcaption class=\"wp-caption-text wp-caption-text--hide\">Fundador da Huawei diz que pol\u00edticos americanos subestimam chinesa<\/figcaption>\n\t\t<\/figure>\n\t<\/div>\n\n\n<p>Desta forma, a <strong>Alemanha<\/strong> \u00e9 mais um pa\u00eds do Ocidente a se distanciar da <strong>Huawei<\/strong> por conta das preocupa\u00e7\u00f5es recentes, relacionadas a poss\u00edveis espionagens do grupo chin\u00eas por meio de produtos tecnol\u00f3gicos.<\/p>\n<p>De acordo com o The Wall Street Journal, o governo alem\u00e3o deve endurecer as exig\u00eancias relacionadas a seguran\u00e7a na constru\u00e7\u00e3o das redes. O objetivo \u00e9 deixar imposs\u00edvel o uso de equipamentos da <strong>fabricante chinesa<\/strong>.<\/p>\n<p>Conforme comunicado publicado pelo Minist\u00e9rio da Economia, a seguran\u00e7a da <strong>rede 5g<\/strong> \u00e9 de &#8220;alta relev\u00e2ncia&#8221; para o governo alem\u00e3o e isso \u00e9 o que vai guiar a constru\u00e7\u00e3o da rede.<\/p>\n<p>No entanto, nenhuma medida foi tomada para aumentar a seguran\u00e7a.<\/p>\n<p><a href=\"https:\/\/www.suno.com.br\/noticias\/china-proposta-legislacao-eua-histeria\/\">Saiba mais:\u00a0China: Proposta de legisla\u00e7\u00e3o dos EUA para Huawei \u00e9 \u201chisteria\u201d<\/a><\/p>\n<h2>Boicote Huawei<\/h2>\n<p>A decis\u00e3o da Alemanha acontece durante a press\u00e3o dos <strong>Estados Unidos<\/strong> em proibir a fabricante de desenvolver <strong>redes m\u00f3veis 5G<\/strong>. De acordo com os norte-americanos o governo chin\u00eas utiliza a tecnologia da empresa para <strong>espionar<\/strong> e realizar<strong> ataques cibern\u00e9ticos<\/strong>.<\/p>\n<p>A\u00a0<strong><em>Five Eyes<\/em><\/strong> (alian\u00e7a de intelig\u00eancia de pa\u00edses de l\u00edngua inglesa), composta por Austr\u00e1lia, Nova Zel\u00e2ndia, Canad\u00e1, Estados Unidos e Reino Unido, j\u00e1 impediu que operadoras locais fa\u00e7am parcerias com a empresa.<\/p>\n<p>Jap\u00e3o e Reino Unido n\u00e3o pretendem receber a tecnologia 5G da fabricante chinesa.<\/p>\n<h3>Huawei na Pol\u00f4nia<\/h3>\n<p>Al\u00e9m disso, a Pol\u00f4nia tamb\u00e9m pode proibir os uso dos produtos da chinesa em\u00a0\u00f3rg\u00e3os p\u00fablicos e limitar o uso dos aparelhos por cidad\u00e3os privados, por meio de uma poss\u00edvel legisla\u00e7\u00e3o.<\/p>\n<p><a href=\"https:\/\/www.suno.com.br\/noticias\/polonia-proibir-produtos-huawei\/\">Saiba mais:\u00a0Pol\u00f4nia estuda proibir o uso de produtos da Huawei por \u00f3rg\u00e3os p\u00fablicos<\/a><\/p>\n<p>As medidas adotadas pela <strong>Pol\u00f4nia\u00a0<\/strong>acontecem ap\u00f3s o funcion\u00e1rio Wang Weijing, da Huawei, ser preso na \u00faltima sexta-feira (11). Weijing \u00e9 acusado de\u00a0espionagem. Al\u00e9m disso, uma ex-autoridade de seguran\u00e7a polonesa tamb\u00e9m foi detida.<\/p>\n<h2>Pris\u00e3o da diretora financeira<\/h2>\n<p>A diretora financeira da fabricante de tecnologia chinesa Huawei, <strong>Wanzhou Meng<\/strong>, foi presa em Vancouver, no <strong>Canad\u00e1<\/strong>.<\/p>\n<p>No entanto, a diretora da empresa foi detida pelas autoridades canadenses a pedido da justi\u00e7a dos <strong>Estados Unidos<\/strong>. Ela \u00e9 acusada de violar\u00a0san\u00e7\u00f5es impostas pelo governo norte-americano contra o Ir\u00e3.<\/p>\n<p><a href=\"https:\/\/www.suno.com.br\/noticias\/diretora-da-huawei-e-presa-no-canada-e-gera-protestos-da-china\/\">Saiba mais:\u00a0Diretora da Huawei \u00e9 presa no Canad\u00e1 e gera protestos da China<\/a><\/p>\n<p>Meng \u00e9 filha do do fundador da fabricante chinesa,\u00a0Ren Zhengfei, e \u00e9 vice-presidente do conselho consultivo da empresa.<\/p>\n<p>A <strong>Huawei<\/strong> \u00e9 a maior fabricante de equipamentos de telecomunica\u00e7\u00f5es da China e a segunda maior fabricante de <strong>smartphones<\/strong> do mundo.<\/p>\n","protected":false},"excerpt":{"rendered":"<p>A Alemanha pode proibir o uso de produtos da Huawei no desenvolvimento da rede m\u00f3veis 5G. Fundador da Huawei diz que pol\u00edticos americanos subestimam chinesa Desta forma, a Alemanha \u00e9 mais um pa\u00eds do Ocidente a se distanciar da Huawei por conta das preocupa\u00e7\u00f5es recentes, relacionadas a poss\u00edveis espionagens do grupo chin\u00eas por meio de [&hellip;]<\/p>\n","protected":false},"author":11,"featured_media":11549,"comment_status":"closed","ping_status":"closed","sticky":false,"template":"","format":"standard","meta":[],"categories":[63],"tags":[711,793,826],"suno_strategy":[],"class_list":["post-12097","post","type-post","status-publish","format-standard","has-post-thumbnail","hentry","category-internacional","tag-china","tag-estados-unidos-eua","tag-huawei"],"yoast_head":"<!-- This site is optimized with the Yoast SEO plugin v24.4 - https:\/\/yoast.com\/wordpress\/plugins\/seo\/ -->\n<title>Alemanha pode banir chinesa Huawei da constru\u00e7\u00e3o das redes m\u00f3veis 5G<\/title>\n<meta name=\"description\" content=\"Huawei est\u00e1 sendo contestada no Ocidente por conta da suspeita de espionagem; Pa\u00edses param de negociar com a empresa. Clique para saber mais.\" \/>\n<meta name=\"robots\" content=\"index, follow, max-snippet:-1, max-image-preview:large, max-video-preview:-1\" \/>\n<link rel=\"canonical\" href=\"https:\/\/www.suno.com.br\/noticias\/alemanha-banir-huawei-redes-5g\/\" \/>\n<meta property=\"og:locale\" content=\"pt_BR\" \/>\n<meta property=\"og:type\" content=\"article\" \/>\n<meta property=\"og:title\" content=\"Alemanha pode banir chinesa Huawei da constru\u00e7\u00e3o das redes m\u00f3veis 5G\" \/>\n<meta property=\"og:description\" content=\"Huawei est\u00e1 sendo contestada no Ocidente por conta da suspeita de espionagem; Pa\u00edses param de negociar com a empresa. Clique para saber mais.\" \/>\n<meta property=\"og:url\" content=\"https:\/\/www.suno.com.br\/noticias\/alemanha-banir-huawei-redes-5g\/\" \/>\n<meta property=\"og:site_name\" content=\"Suno Not\u00edcias\" \/>\n<meta property=\"article:publisher\" content=\"https:\/\/facebook.com\/sunoresearch\" \/>\n<meta property=\"og:image\" content=\"https:\/\/files.sunoresearch.com.br\/n\/uploads\/2019\/01\/e46c01ed-huawei.jpg\" \/>\n\t<meta property=\"og:image:width\" content=\"800\" \/>\n\t<meta property=\"og:image:height\" content=\"641\" \/>\n\t<meta property=\"og:image:type\" content=\"image\/jpeg\" \/>\n<meta name=\"author\" content=\"Renan Bandeira\" \/>\n<meta name=\"twitter:card\" content=\"summary_large_image\" \/>\n<meta name=\"twitter:creator\" content=\"@sunoresearch\" \/>\n<meta name=\"twitter:site\" content=\"@sunoresearch\" \/>\n<meta name=\"twitter:label1\" content=\"Escrito por\" \/>\n\t<meta name=\"twitter:data1\" content=\"Renan Bandeira\" \/>\n\t<meta name=\"twitter:label2\" content=\"Est. tempo de leitura\" \/>\n\t<meta name=\"twitter:data2\" content=\"2 minutos\" \/>\n<script type=\"application\/ld+json\" class=\"yoast-schema-graph\">{\"@context\":\"https:\/\/schema.org\",\"@graph\":[{\"@type\":\"NewsArticle\",\"@id\":\"https:\/\/www.suno.com.br\/noticias\/alemanha-banir-huawei-redes-5g\/#article\",\"isPartOf\":{\"@id\":\"https:\/\/www.suno.com.br\/noticias\/alemanha-banir-huawei-redes-5g\/\"},\"author\":{\"name\":\"Renan Bandeira\",\"@id\":\"https:\/\/www.suno.com.br\/noticias\/#\/schema\/person\/fc144a1c6108bd1dcd43784e88a3c138\"},\"headline\":\"Alemanha pode banir chinesa Huawei da constru\u00e7\u00e3o das redes m\u00f3veis 5G\",\"datePublished\":\"2019-01-17T16:27:00+00:00\",\"dateModified\":\"2021-02-18T20:54:21+00:00\",\"mainEntityOfPage\":{\"@id\":\"https:\/\/www.suno.com.br\/noticias\/alemanha-banir-huawei-redes-5g\/\"},\"wordCount\":464,\"publisher\":{\"@id\":\"https:\/\/www.suno.com.br\/noticias\/#organization\"},\"image\":{\"@id\":\"https:\/\/www.suno.com.br\/noticias\/alemanha-banir-huawei-redes-5g\/#primaryimage\"},\"thumbnailUrl\":\"https:\/\/files.sunoresearch.com.br\/n\/uploads\/2019\/01\/e46c01ed-huawei-jpg.webp\",\"keywords\":[\"China\",\"Estados Unidos (EUA)\",\"Huawei\"],\"articleSection\":[\"Internacional\"],\"inLanguage\":\"pt-BR\"},{\"@type\":\"WebPage\",\"@id\":\"https:\/\/www.suno.com.br\/noticias\/alemanha-banir-huawei-redes-5g\/\",\"url\":\"https:\/\/www.suno.com.br\/noticias\/alemanha-banir-huawei-redes-5g\/\",\"name\":\"Alemanha pode banir chinesa Huawei da constru\u00e7\u00e3o das redes m\u00f3veis 5G\",\"isPartOf\":{\"@id\":\"https:\/\/www.suno.com.br\/noticias\/#website\"},\"primaryImageOfPage\":{\"@id\":\"https:\/\/www.suno.com.br\/noticias\/alemanha-banir-huawei-redes-5g\/#primaryimage\"},\"image\":{\"@id\":\"https:\/\/www.suno.com.br\/noticias\/alemanha-banir-huawei-redes-5g\/#primaryimage\"},\"thumbnailUrl\":\"https:\/\/files.sunoresearch.com.br\/n\/uploads\/2019\/01\/e46c01ed-huawei-jpg.webp\",\"datePublished\":\"2019-01-17T16:27:00+00:00\",\"dateModified\":\"2021-02-18T20:54:21+00:00\",\"description\":\"Huawei est\u00e1 sendo contestada no Ocidente por conta da suspeita de espionagem; Pa\u00edses param de negociar com a empresa. Clique para saber mais.\",\"breadcrumb\":{\"@id\":\"https:\/\/www.suno.com.br\/noticias\/alemanha-banir-huawei-redes-5g\/#breadcrumb\"},\"inLanguage\":\"pt-BR\",\"potentialAction\":[{\"@type\":\"ReadAction\",\"target\":[\"https:\/\/www.suno.com.br\/noticias\/alemanha-banir-huawei-redes-5g\/\"]}]},{\"@type\":\"ImageObject\",\"inLanguage\":\"pt-BR\",\"@id\":\"https:\/\/www.suno.com.br\/noticias\/alemanha-banir-huawei-redes-5g\/#primaryimage\",\"url\":\"https:\/\/files.sunoresearch.com.br\/n\/uploads\/2019\/01\/e46c01ed-huawei-jpg.webp\",\"contentUrl\":\"https:\/\/files.sunoresearch.com.br\/n\/uploads\/2019\/01\/e46c01ed-huawei-jpg.webp\",\"width\":800,\"height\":641,\"caption\":\"Fundador da Huawei diz que pol\u00edticos americanos subestimam chinesa\"},{\"@type\":\"BreadcrumbList\",\"@id\":\"https:\/\/www.suno.com.br\/noticias\/alemanha-banir-huawei-redes-5g\/#breadcrumb\",\"itemListElement\":[{\"@type\":\"ListItem\",\"position\":1,\"name\":\"Not\u00edcias\",\"item\":\"https:\/\/www.suno.com.br\/noticias\/\"},{\"@type\":\"ListItem\",\"position\":2,\"name\":\"Internacional\",\"item\":\"https:\/\/www.suno.com.br\/noticias\/internacional\/\"},{\"@type\":\"ListItem\",\"position\":3,\"name\":\"Alemanha pode banir chinesa Huawei da constru\u00e7\u00e3o das redes m\u00f3veis 5G\"}]},{\"@type\":\"WebSite\",\"@id\":\"https:\/\/www.suno.com.br\/noticias\/#website\",\"url\":\"https:\/\/www.suno.com.br\/noticias\/\",\"name\":\"Suno Not\u00edcias\",\"description\":\"Seu portal de informa\u00e7\u00e3o sobre o mundo dos investimentos\",\"publisher\":{\"@id\":\"https:\/\/www.suno.com.br\/noticias\/#organization\"},\"potentialAction\":[{\"@type\":\"SearchAction\",\"target\":{\"@type\":\"EntryPoint\",\"urlTemplate\":\"https:\/\/www.suno.com.br\/noticias\/?s={search_term_string}\"},\"query-input\":{\"@type\":\"PropertyValueSpecification\",\"valueRequired\":true,\"valueName\":\"search_term_string\"}}],\"inLanguage\":\"pt-BR\"},{\"@type\":\"Organization\",\"@id\":\"https:\/\/www.suno.com.br\/noticias\/#organization\",\"name\":\"Suno Not\u00edcias\",\"url\":\"https:\/\/www.suno.com.br\/noticias\/\",\"logo\":{\"@type\":\"ImageObject\",\"inLanguage\":\"pt-BR\",\"@id\":\"https:\/\/www.suno.com.br\/noticias\/#\/schema\/logo\/image\/\",\"url\":\"https:\/\/files.sunoresearch.com.br\/n\/uploads\/2021\/09\/suno-logo.png\",\"contentUrl\":\"https:\/\/files.sunoresearch.com.br\/n\/uploads\/2021\/09\/suno-logo.png\",\"width\":180,\"height\":180,\"caption\":\"Suno Not\u00edcias\"},\"image\":{\"@id\":\"https:\/\/www.suno.com.br\/noticias\/#\/schema\/logo\/image\/\"},\"sameAs\":[\"https:\/\/facebook.com\/sunoresearch\",\"https:\/\/x.com\/sunoresearch\",\"https:\/\/www.instagram.com\/suno\",\"https:\/\/www.linkedin.com\/company\/suno-research\/\",\"https:\/\/www.youtube.com\/c\/sunoresearch\"]},{\"@type\":\"Person\",\"@id\":\"https:\/\/www.suno.com.br\/noticias\/#\/schema\/person\/fc144a1c6108bd1dcd43784e88a3c138\",\"name\":\"Renan Bandeira\",\"image\":{\"@type\":\"ImageObject\",\"inLanguage\":\"pt-BR\",\"@id\":\"https:\/\/www.suno.com.br\/noticias\/#\/schema\/person\/image\/\",\"url\":\"https:\/\/secure.gravatar.com\/avatar\/68359cdb608f14f11bbefcb78f3fc747?s=96&r=g\",\"contentUrl\":\"https:\/\/secure.gravatar.com\/avatar\/68359cdb608f14f11bbefcb78f3fc747?s=96&r=g\",\"caption\":\"Renan Bandeira\"},\"description\":\"Renan Bandeira escreve sobre pol\u00edtica e economia para o portal da Suno Research. Antes da Suno, trabalhou em uma rede de televis\u00e3o, onde fazia reportagens sobre os mesmos temas. Estuda na Universidade Metodista de S\u00e3o Paulo.\",\"url\":\"https:\/\/www.suno.com.br\/noticias\/author\/renan-bandeira\/\"}]}<\/script>\n<!-- \/ Yoast SEO plugin. -->","yoast_head_json":{"title":"Alemanha pode banir chinesa Huawei da constru\u00e7\u00e3o das redes m\u00f3veis 5G","description":"Huawei est\u00e1 sendo contestada no Ocidente por conta da suspeita de espionagem; Pa\u00edses param de negociar com a empresa. Clique para saber mais.","robots":{"index":"index","follow":"follow","max-snippet":"max-snippet:-1","max-image-preview":"max-image-preview:large","max-video-preview":"max-video-preview:-1"},"canonical":"https:\/\/www.suno.com.br\/noticias\/alemanha-banir-huawei-redes-5g\/","og_locale":"pt_BR","og_type":"article","og_title":"Alemanha pode banir chinesa Huawei da constru\u00e7\u00e3o das redes m\u00f3veis 5G","og_description":"Huawei est\u00e1 sendo contestada no Ocidente por conta da suspeita de espionagem; Pa\u00edses param de negociar com a empresa. Clique para saber mais.","og_url":"https:\/\/www.suno.com.br\/noticias\/alemanha-banir-huawei-redes-5g\/","og_site_name":"Suno Not\u00edcias","article_publisher":"https:\/\/facebook.com\/sunoresearch","og_image":[{"width":800,"height":641,"url":"https:\/\/files.sunoresearch.com.br\/n\/uploads\/2019\/01\/e46c01ed-huawei.jpg","type":"image\/jpeg"}],"author":"Renan Bandeira","twitter_card":"summary_large_image","twitter_creator":"@sunoresearch","twitter_site":"@sunoresearch","twitter_misc":{"Escrito por":"Renan Bandeira","Est. tempo de leitura":"2 minutos"},"schema":{"@context":"https:\/\/schema.org","@graph":[{"@type":"NewsArticle","@id":"https:\/\/www.suno.com.br\/noticias\/alemanha-banir-huawei-redes-5g\/#article","isPartOf":{"@id":"https:\/\/www.suno.com.br\/noticias\/alemanha-banir-huawei-redes-5g\/"},"author":{"name":"Renan Bandeira","@id":"https:\/\/www.suno.com.br\/noticias\/#\/schema\/person\/fc144a1c6108bd1dcd43784e88a3c138"},"headline":"Alemanha pode banir chinesa Huawei da constru\u00e7\u00e3o das redes m\u00f3veis 5G","datePublished":"2019-01-17T16:27:00+00:00","dateModified":"2021-02-18T20:54:21+00:00","mainEntityOfPage":{"@id":"https:\/\/www.suno.com.br\/noticias\/alemanha-banir-huawei-redes-5g\/"},"wordCount":464,"publisher":{"@id":"https:\/\/www.suno.com.br\/noticias\/#organization"},"image":{"@id":"https:\/\/www.suno.com.br\/noticias\/alemanha-banir-huawei-redes-5g\/#primaryimage"},"thumbnailUrl":"https:\/\/files.sunoresearch.com.br\/n\/uploads\/2019\/01\/e46c01ed-huawei-jpg.webp","keywords":["China","Estados Unidos (EUA)","Huawei"],"articleSection":["Internacional"],"inLanguage":"pt-BR"},{"@type":"WebPage","@id":"https:\/\/www.suno.com.br\/noticias\/alemanha-banir-huawei-redes-5g\/","url":"https:\/\/www.suno.com.br\/noticias\/alemanha-banir-huawei-redes-5g\/","name":"Alemanha pode banir chinesa Huawei da constru\u00e7\u00e3o das redes m\u00f3veis 5G","isPartOf":{"@id":"https:\/\/www.suno.com.br\/noticias\/#website"},"primaryImageOfPage":{"@id":"https:\/\/www.suno.com.br\/noticias\/alemanha-banir-huawei-redes-5g\/#primaryimage"},"image":{"@id":"https:\/\/www.suno.com.br\/noticias\/alemanha-banir-huawei-redes-5g\/#primaryimage"},"thumbnailUrl":"https:\/\/files.sunoresearch.com.br\/n\/uploads\/2019\/01\/e46c01ed-huawei-jpg.webp","datePublished":"2019-01-17T16:27:00+00:00","dateModified":"2021-02-18T20:54:21+00:00","description":"Huawei est\u00e1 sendo contestada no Ocidente por conta da suspeita de espionagem; Pa\u00edses param de negociar com a empresa. Clique para saber mais.","breadcrumb":{"@id":"https:\/\/www.suno.com.br\/noticias\/alemanha-banir-huawei-redes-5g\/#breadcrumb"},"inLanguage":"pt-BR","potentialAction":[{"@type":"ReadAction","target":["https:\/\/www.suno.com.br\/noticias\/alemanha-banir-huawei-redes-5g\/"]}]},{"@type":"ImageObject","inLanguage":"pt-BR","@id":"https:\/\/www.suno.com.br\/noticias\/alemanha-banir-huawei-redes-5g\/#primaryimage","url":"https:\/\/files.sunoresearch.com.br\/n\/uploads\/2019\/01\/e46c01ed-huawei-jpg.webp","contentUrl":"https:\/\/files.sunoresearch.com.br\/n\/uploads\/2019\/01\/e46c01ed-huawei-jpg.webp","width":800,"height":641,"caption":"Fundador da Huawei diz que pol\u00edticos americanos subestimam chinesa"},{"@type":"BreadcrumbList","@id":"https:\/\/www.suno.com.br\/noticias\/alemanha-banir-huawei-redes-5g\/#breadcrumb","itemListElement":[{"@type":"ListItem","position":1,"name":"Not\u00edcias","item":"https:\/\/www.suno.com.br\/noticias\/"},{"@type":"ListItem","position":2,"name":"Internacional","item":"https:\/\/www.suno.com.br\/noticias\/internacional\/"},{"@type":"ListItem","position":3,"name":"Alemanha pode banir chinesa Huawei da constru\u00e7\u00e3o das redes m\u00f3veis 5G"}]},{"@type":"WebSite","@id":"https:\/\/www.suno.com.br\/noticias\/#website","url":"https:\/\/www.suno.com.br\/noticias\/","name":"Suno Not\u00edcias","description":"Seu portal de informa\u00e7\u00e3o sobre o mundo dos investimentos","publisher":{"@id":"https:\/\/www.suno.com.br\/noticias\/#organization"},"potentialAction":[{"@type":"SearchAction","target":{"@type":"EntryPoint","urlTemplate":"https:\/\/www.suno.com.br\/noticias\/?s={search_term_string}"},"query-input":{"@type":"PropertyValueSpecification","valueRequired":true,"valueName":"search_term_string"}}],"inLanguage":"pt-BR"},{"@type":"Organization","@id":"https:\/\/www.suno.com.br\/noticias\/#organization","name":"Suno Not\u00edcias","url":"https:\/\/www.suno.com.br\/noticias\/","logo":{"@type":"ImageObject","inLanguage":"pt-BR","@id":"https:\/\/www.suno.com.br\/noticias\/#\/schema\/logo\/image\/","url":"https:\/\/files.sunoresearch.com.br\/n\/uploads\/2021\/09\/suno-logo.png","contentUrl":"https:\/\/files.sunoresearch.com.br\/n\/uploads\/2021\/09\/suno-logo.png","width":180,"height":180,"caption":"Suno Not\u00edcias"},"image":{"@id":"https:\/\/www.suno.com.br\/noticias\/#\/schema\/logo\/image\/"},"sameAs":["https:\/\/facebook.com\/sunoresearch","https:\/\/x.com\/sunoresearch","https:\/\/www.instagram.com\/suno","https:\/\/www.linkedin.com\/company\/suno-research\/","https:\/\/www.youtube.com\/c\/sunoresearch"]},{"@type":"Person","@id":"https:\/\/www.suno.com.br\/noticias\/#\/schema\/person\/fc144a1c6108bd1dcd43784e88a3c138","name":"Renan Bandeira","image":{"@type":"ImageObject","inLanguage":"pt-BR","@id":"https:\/\/www.suno.com.br\/noticias\/#\/schema\/person\/image\/","url":"https:\/\/secure.gravatar.com\/avatar\/68359cdb608f14f11bbefcb78f3fc747?s=96&r=g","contentUrl":"https:\/\/secure.gravatar.com\/avatar\/68359cdb608f14f11bbefcb78f3fc747?s=96&r=g","caption":"Renan Bandeira"},"description":"Renan Bandeira escreve sobre pol\u00edtica e economia para o portal da Suno Research. Antes da Suno, trabalhou em uma rede de televis\u00e3o, onde fazia reportagens sobre os mesmos temas. Estuda na Universidade Metodista de S\u00e3o Paulo.","url":"https:\/\/www.suno.com.br\/noticias\/author\/renan-bandeira\/"}]}},"default_loop_html":"<div class=\"cardsPage__listCard__boxs\"><div class=\"cardsPage__listCard__boxs__img\"><a href=\"https:\/\/www.suno.com.br\/noticias\/alemanha-banir-huawei-redes-5g\/\"><img class=\"mask\" src=\"https:\/\/www.suno.com.br\/noticias\/wp-content\/themes\/suno\/resources\/images\/spotlight\/spotlight1img\/bg-mask.png\" alt=\"Image Mask\"\/><img src=\"https:\/\/files.sunoresearch.com.br\/n\/uploads\/2019\/01\/e46c01ed-huawei-400x200.webp\" alt=\"Alemanha pode banir chinesa Huawei da constru\u00e7\u00e3o das redes m\u00f3veis 5G\"\/><\/a><span class=\"spotlightCategory\"><a href=\"https:\/\/www.suno.com.br\/noticias\/internacional\/\">Internacional<\/a><\/span><\/div><div class=\"cardsPage__listCard__boxs__content\"><a href=\"https:\/\/www.suno.com.br\/noticias\/alemanha-banir-huawei-redes-5g\/\"><h2 class=\"content__title\">Alemanha pode banir chinesa Huawei da constru\u00e7\u00e3o das redes m\u00f3veis 5G<\/h2><\/a><div class=\"newsContent__article__meta\"><div class=\"newsContent__article__meta__authorBox\"><a href=\"https:\/\/www.suno.com.br\/noticias\/author\/renan-bandeira\/\" class=\"authorBox__avatar noMobi\"><img src=\"https:\/\/secure.gravatar.com\/avatar\/68359cdb608f14f11bbefcb78f3fc747?s=96&#038;r=g\" alt=\"Renan Bandeira\"><\/a><div class=\"authorBox__name\"><span>por\n\t\t\t<a href=\"https:\/\/www.suno.com.br\/noticias\/author\/renan-bandeira\/\"><span itemprop=\"author\">Renan Bandeira<\/span><\/a><\/span><time datetime=\"2019-01-17T14:27:00-02:00\" itemprop=\"datePublished\">17\/01\/2019 14:27<\/time><\/div><\/div><\/div><\/div><\/div>","single_layout":"posts","amp_enabled":true,"_links":{"self":[{"href":"https:\/\/www.suno.com.br\/noticias\/wp-json\/wp\/v2\/posts\/12097"}],"collection":[{"href":"https:\/\/www.suno.com.br\/noticias\/wp-json\/wp\/v2\/posts"}],"about":[{"href":"https:\/\/www.suno.com.br\/noticias\/wp-json\/wp\/v2\/types\/post"}],"author":[{"embeddable":true,"href":"https:\/\/www.suno.com.br\/noticias\/wp-json\/wp\/v2\/users\/11"}],"replies":[{"embeddable":true,"href":"https:\/\/www.suno.com.br\/noticias\/wp-json\/wp\/v2\/comments?post=12097"}],"version-history":[{"count":0,"href":"https:\/\/www.suno.com.br\/noticias\/wp-json\/wp\/v2\/posts\/12097\/revisions"}],"wp:featuredmedia":[{"embeddable":true,"href":"https:\/\/www.suno.com.br\/noticias\/wp-json\/wp\/v2\/media\/11549"}],"wp:attachment":[{"href":"https:\/\/www.suno.com.br\/noticias\/wp-json\/wp\/v2\/media?parent=12097"}],"wp:term":[{"taxonomy":"category","embeddable":true,"href":"https:\/\/www.suno.com.br\/noticias\/wp-json\/wp\/v2\/categories?post=12097"},{"taxonomy":"post_tag","embeddable":true,"href":"https:\/\/www.suno.com.br\/noticias\/wp-json\/wp\/v2\/tags?post=12097"},{"taxonomy":"suno_strategy","embeddable":true,"href":"https:\/\/www.suno.com.br\/noticias\/wp-json\/wp\/v2\/suno_strategy?post=12097"}],"curies":[{"name":"wp","href":"https:\/\/api.w.org\/{rel}","templated":true}]}}